{"id":19446,"date":"2024-03-20T10:00:28","date_gmt":"2024-03-20T09:00:28","guid":{"rendered":"https:\/\/blog.holyart.it\/it\/?p=19446"},"modified":"2026-03-26T10:08:43","modified_gmt":"2026-03-26T09:08:43","slug":"il-processo-di-gesu-dallarresto-alla-crocifissione","status":"publish","type":"post","link":"https:\/\/blog.holyart.it\/it\/articoli-religiosi\/il-processo-di-gesu-dallarresto-alla-crocifissione\/","title":{"rendered":"Il processo di Ges\u00f9: dall&#8217;arresto alla crocifissione"},"content":{"rendered":"<h4>Il processo di Ges\u00f9, come narrato nei Vangeli del Nuovo Testamento, \u00e8 uno degli eventi centrali della cristianit\u00e0<\/h4>\n\n<p>Il\u00a0<strong>Processo di Ges\u00f9<\/strong>\u00a0rappresenta uno dei primi, drammatici atti della Sua\u00a0<strong>Passione<\/strong>\u00a0e apre tragicamente l&#8217;ultima parte della Settimana Santa. La\u00a0<strong>Settimana Santa<\/strong>\u00a0\u00e8 un periodo di profonda riflessione e spiritualit\u00e0 per i cristiani di tutto il mondo, forse il pi\u00f9 importante dell&#8217;<strong><a href=\"https:\/\/www.holyart.it\/blog\/accessori-liturgia\/lanno-e-tempi-liturgici-facciamo-chiarezza\">Anno Liturgico<\/a><\/strong>. Commemora gli eventi culminanti della vita di Ges\u00f9 Cristo prima della Sua morte e resurrezione. In particolare il\u00a0<strong>Triduo pasquale<\/strong>, il tempo intercorso tra la sera del Gioved\u00ec Santo, quando venne celebrata l&#8217;<strong>Ultima Cena<\/strong>, e la\u00a0<strong>Domenica di Pasqua<\/strong>, sono concentrati i <strong><a href=\"https:\/\/www.holyart.it\/blog\/accessori-liturgia\/i-riti-della-settimana-santa\">riti pi\u00f9 importanti della Settimana Santa<\/a><\/strong>. Sono i giorni della\u00a0<strong>Passione di Ges\u00f9<\/strong>, gli ultimi giorni della Sua vita sulla Terra, considerata il cuore della cristianit\u00e0, perch\u00e9 rappresentano il sacrificio supremo da Lui compiuto per il perdono dei peccati e la salvezza dell&#8217;umanit\u00e0.<\/p>\n<div class=\"link-article\">\n<p><img loading=\"lazy\" decoding=\"async\" class=\"size-full wp-image-19449 alignleft\" src=\"https:\/\/blog.holyart.it\/it\/wp-content\/uploads\/sites\/17\/2024\/02\/riti-settimana-santa-1.jpg\" alt=\"riti settimana santa\" width=\"150\" height=\"99\" data-kale-share-title=\"Il processo di Ges\u00f9: dall\u2019arresto alla crocifissione\" data-kale-share-url=\"https:\/\/blog.holyart.it\/it\/?p=19446\" \/><\/p>\n<div class=\"leggi-anche\">Leggi anche:<\/div>\n<p><strong><a href=\"https:\/\/www.holyart.it\/blog\/accessori-liturgia\/i-riti-della-settimana-santa\/\">I riti della Settimana Santa<\/a><\/strong><br \/>\nLa Pasqua \u00e8 la festa pi\u00f9 importante per i cristiani e viene celebrata in tutto il mondo. I riti che la contraddistinguono sono distribuiti nell\u2019arco&#8230;<\/p>\n<\/div>\n<p>La sequenza degli eventi durante la Settimana Santa inizia con il\u00a0<strong>Gioved\u00ec Santo<\/strong>, che celebra l&#8217;<strong>Ultima Cena<\/strong>\u00a0di Ges\u00f9 con i suoi apostoli. Durante questa cena, Ges\u00f9 istituisce l&#8217;<strong>Eucaristia<\/strong>\u00a0e il Sacramento dell&#8217;Ordine, e predice il\u00a0<strong>tradimento di Giuda<\/strong>\u00a0e il suo stesso tradimento da parte degli altri apostoli. Questa \u00e8 anche l&#8217;occasione in cui Ges\u00f9 compie il gesto umile di<strong>\u00a0lavare i piedi dei Suoi discepoli<\/strong>, insegnando loro l&#8217;importanza del servizio e dell&#8217;umilt\u00e0.<br \/>\nSegue il\u00a0<strong>Venerd\u00ec Santo<\/strong>, il giorno della\u00a0<strong><a href=\"https:\/\/www.holyart.it\/blog\/articoli-religiosi\/gli-avvenimenti-della-passione-di-gesu-dallultima-cena-alla-sua-crocifissione\/\">Passione\u00a0e della\u00a0morte di Ges\u00f9<\/a><\/strong>\u00a0sulla Croce. Questo \u00e8 il giorno in cui\u00a0<strong>Ges\u00f9 viene arrestato\u00a0<\/strong>nel Getsemani, condotto davanti a vari tribunali e\u00a0<strong>condannato a morte<\/strong>\u00a0per crocifissione. Ges\u00f9 subisce\u00a0<strong>torture fisiche e umiliazioni<\/strong>\u00a0prima di essere\u00a0<strong>crocifisso sul Monte Calvario<\/strong>, dove offre la Sua vita in sacrificio per l&#8217;umanit\u00e0. La Sua morte sulla Croce \u00e8 considerata il culmine della Sua missione terrena, attraverso la quale si compie il\u00a0<strong>piano divino di Redenzione<\/strong>.<\/p>\n<div class=\"link-article\">\n<p><img loading=\"lazy\" decoding=\"async\" class=\"size-full wp-image-19450 alignleft\" src=\"https:\/\/blog.holyart.it\/it\/wp-content\/uploads\/sites\/17\/2024\/02\/passione-di-gesu-2.jpg\" alt=\"passione di ges\u00f9\" width=\"150\" height=\"99\" data-kale-share-title=\"Il processo di Ges\u00f9: dall\u2019arresto alla crocifissione\" data-kale-share-url=\"https:\/\/blog.holyart.it\/it\/?p=19446\" \/><\/p>\n<div class=\"leggi-anche\">Leggi anche:<\/div>\n<p><strong><a href=\"https:\/\/www.holyart.it\/blog\/articoli-religiosi\/gli-avvenimenti-della-passione-di-gesu-dallultima-cena-alla-sua-crocifissione\/\">Gli avvenimenti della Passione di Ges\u00f9: dall\u2019Ultima Cena alla Sua crocifissione<\/a><\/strong><br \/>\nLa Passione di Ges\u00f9 \u00e8 il momento pi\u00f9 alto e terribile della Sua parabola&#8230;<\/p>\n<\/div>\n<p>\u00c8 sul\u00a0<strong>processo di Ges\u00f9\u00a0<\/strong>che vogliamo soffermarci, che nella Passione di Ges\u00f9 come raccontata nei\u00a0<strong><a href=\"https:\/\/www.holyart.it\/it\/articoli-religiosi\/libri-e-testi-sacri\/vangeli\">quattro vangeli canonici<\/a>\u00a0<\/strong>appare sempre, seppur con alcune variazioni.<br \/>\nDobbiamo sempre considerare che i\u00a0<strong>resoconti degli Evangelisti<\/strong>\u00a0offrono prospettive diverse soprattutto sugli eventi che si sono svolti durante gli ultimi giorni della <a href=\"https:\/\/www.holyart.it\/blog\/articoli-religiosi\/la-storia-di-gesu-gli-eventi-piu-importanti-della-sua-vita\/\"><strong>vita terrena di Ges\u00f9<\/strong><\/a>. Si tratta delle uniche fonti storiche a nostra disposizione per ricostruire quei fatti, ma occorre filtrare le informazioni, per comprendere quali siano storicamente attendibili, quali da leggersi come interpretazioni teologiche successive. I primi cristiani, nella formulazione dei loro testi sacri, potrebbero infatti aver avuto interesse nell&#8217;<strong>attenuare le responsabilit\u00e0 di figure romane\u00a0<\/strong>come Pilato nella condanna di Cristo, in quanto l&#8217;Impero Romano deteneva il potere politico predominante dell&#8217;epoca. Allo stesso tempo, c&#8217;era una tendenza a\u00a0<strong>enfatizzare le responsabilit\u00e0 degli ebrei\u00a0<\/strong>nell&#8217;arresto e nella condanna, riflettendo le tensioni tra le prime <a href=\"https:\/\/www.holyart.it\/blog\/articoli-religiosi\/le-differenze-ebraismo-cristianesimo\/\"><strong>comunit\u00e0 cristiane e quelle ebraiche<\/strong><\/a>.<br \/>\nQueste tensioni hanno portato\u00a0<strong>all&#8217;antisemitismo e alle persecuzioni contro gli ebrei<\/strong>, considerati per secoli responsabili della morte di Ges\u00f9, e per questo bersaglio di discriminazioni e violenza.<br \/>\nSolo con il Concilio Vaticano II \u00e8 stata riconosciuta l&#8217;innocenza del popolo ebraico nella condanna di Ges\u00f9, voluta da Dio come tassello fondamentale nel suo piano di Redenzione.<\/p>\n<div class=\"link-article\">\n<p><img loading=\"lazy\" decoding=\"async\" class=\"size-full wp-image-19451 alignleft\" src=\"https:\/\/blog.holyart.it\/it\/wp-content\/uploads\/sites\/17\/2024\/02\/storia-di-gesu-ultima-cena-1.jpg\" alt=\"storia di ges\u00f9 scena ultima cena\" width=\"150\" height=\"99\" data-kale-share-title=\"Il processo di Ges\u00f9: dall\u2019arresto alla crocifissione\" data-kale-share-url=\"https:\/\/blog.holyart.it\/it\/?p=19446\" \/><\/p>\n<div class=\"leggi-anche\">Leggi anche:<\/div>\n<p><strong><a href=\"https:\/\/www.holyart.it\/blog\/articoli-religiosi\/la-storia-di-gesu-gli-eventi-piu-importanti-della-sua-vita\/\">La storia di Ges\u00f9: gli eventi pi\u00f9 importanti della Sua vita<\/a><\/strong><br \/>\nLa storia di Ges\u00f9, tra racconto evangelico, realt\u00e0 storica e leggenda devozionale. In vista della Pasqua ricostruiamo&#8230;<\/p>\n<\/div>\n<h2>Ultima Cena e arresto di Ges\u00f9<\/h2>\n<p>Ecco il riassunto degli accadimenti che portarono al processo pi\u00f9 determinante nella storia dell&#8217;umanit\u00e0.<\/p>\n<p>La sera del Gioved\u00ec Ges\u00f9 consum\u00f2 il Suo ultimo pasto in compagnia dei suoi amici pi\u00f9 intimi, gli Apostoli. Dopo quella che sarebbe passata alla storia come <a href=\"https:\/\/www.holyart.it\/it\/occasioni-speciali\/presepe-pasquale\/ultima-cena-scena-resina-statue-9-cm\"><strong>l&#8217;Ultima Cena<\/strong><\/a>, venne arrestato mentre pregava nell&#8217;<strong><a href=\"https:\/\/www.holyart.it\/blog\/articoli-religiosi\/il-monte-degli-ulivi-tra-i-luoghi-piu-cari-a-gesu\/\">orto del Getsemani<\/a><\/strong>, poco fuori Gerusalemme. A guidare da lui i soldati fu\u00a0<strong><a href=\"https:\/\/www.holyart.it\/blog\/articoli-religiosi\/la-vera-storia-di-giuda-iscariota-conosciuto-per-aver-tradito-il-messia\/\">Giuda Iscariota<\/a><\/strong>, uno dei Dodici Apostoli, che si era accordato con i gran sacerdoti del Sinedrio.<br \/>\nFu davanti a loro che Ges\u00f9 venne condotto inizialmente, per essere interrogato. Secondo\u00a0<strong>Matteo, Marco e Luca<\/strong>\u00a0(Matteo 26,57-68; Marco 14,53-65; Luca 22,63-65) Ges\u00f9 venne portato subito davanti al\u00a0<a href=\"https:\/\/www.holyart.it\/it\/occasioni-speciali\/presepe-pasquale\/scena-condanna-di-gesu-caifa-barabba-statue-9-cm\"><strong>sommo sacerdote Caifa<\/strong><\/a>, secondo\u00a0<strong>Giovanni<\/strong>\u00a0(Giovanni 18,12-13 e 18,19-23) prima lo portarono da Anna, che di Caifa era il suocero, e solo successivamente nella casa del gran sacerdote, che gi\u00e0 lo attendeva circondato dagli scribi e dagli anziani del\u00a0<strong>Sinedrio<\/strong>. Qui, con falsi testimoni, lo accusarono di\u00a0<strong>bestemmia e blasfemia<\/strong>, per essersi paragonato a Dio, e invocarono su di lui la pena di morte.<br \/>\nMa qual \u00e8 il significato di Sinedrio?<\/p>\n<div class=\"link-product\">\n<div class=\"blocco-immagine\"><img loading=\"lazy\" decoding=\"async\" class=\"size-full wp-image-19452 alignleft\" src=\"https:\/\/blog.holyart.it\/it\/wp-content\/uploads\/sites\/17\/2024\/02\/scena-condanna-di-gesu-caifa-barabba-statue-9-cm-2.jpg\" alt=\"scena condanna di ges\u00f9 caifa barabba statue 9 cm\" width=\"100\" height=\"100\" data-kale-share-title=\"Il processo di Ges\u00f9: dall\u2019arresto alla crocifissione\" data-kale-share-url=\"https:\/\/blog.holyart.it\/it\/?p=19446\" \/><\/div>\n<div class=\"blocco-contenuto\">\n<div class=\"blocco-acquista\">Acquista su Holyart:<\/div>\n<div class=\"blocco-titolo\"><a href=\"https:\/\/www.holyart.it\/it\/occasioni-speciali\/presepe-pasquale\/scena-condanna-di-gesu-caifa-barabba-statue-9-cm\">Scena condanna di Ges\u00f9 Caifa Barabba statue 9 cm<\/a><\/div>\n<div class=\"blocco-descrizione\">Statuine che rappresentano il momento in cui Ges\u00f9 viene condannato dopo il processo.<\/div>\n<\/div>\n<\/div>\n<h2>Al cospetto di Caifa e del Sinedrio<\/h2>\n<p>Il Sinedrio al tempo di Ges\u00f9 era l&#8217;<strong>organo giudiziario supremo<\/strong>\u00a0dell&#8217;antica Gerusalemme ebraica. Era composto da membri della classe sacerdotale, degli anziani e degli scribi, rappresentanti delle varie fazioni religiose ebraiche. Il Sinedrio aveva competenze sia religiose che civili, fungeva da consiglio legislativo e come tribunale supremo. Le funzioni del Sinedrio comprendevano l&#8217;interpretazione della legge ebraica (la\u00a0<em>Torah<\/em>), la supervisione del culto nel Tempio di Gerusalemme e la giurisdizione sui casi legali, inclusi quelli penali. Il Sinedrio aveva il potere di pronunciare sentenze, anche di morte, nei casi giudiziari pi\u00f9 gravi.<\/p>\n<p>Nel contesto del processo di Ges\u00f9, il Sinedrio svolse un ruolo significativo. Gli scribi e i capi religiosi che componevano il Sinedrio furono tra coloro che giudicarono Ges\u00f9 e lo condannarono per blasfemia. Essi interpretarono le dichiarazioni di Ges\u00f9, in cui si riferiva a S\u00e9 stesso in termini divini o messianici, come una forma di\u00a0<strong>bestemmia e blasfemia\u00a0<\/strong>contro Dio secondo la loro interpretazione della legge ebraica. Pertanto, lo considerarono colpevole di questi\u00a0<strong>crimini religiosi<\/strong>\u00a0e decisero di portare il caso davanti alle autorit\u00e0 romane per ottenere una\u00a0<a href=\"https:\/\/www.holyart.it\/it\/occasioni-speciali\/presepe-pasquale\/scena-popolo-condanna-gesu-statue-9-cm\"><strong>condanna a morte<\/strong><\/a>.<\/p>\n<div class=\"link-product\">\n<div class=\"blocco-immagine\"><img loading=\"lazy\" decoding=\"async\" class=\"size-full wp-image-19453 alignleft\" src=\"https:\/\/blog.holyart.it\/it\/wp-content\/uploads\/sites\/17\/2024\/02\/scena-popolo-condanna-gesu-statue-9-cm.jpg\" alt=\"scena popolo condanna ges\u00f9 statue 9 cm\" width=\"100\" height=\"100\" data-kale-share-title=\"Il processo di Ges\u00f9: dall\u2019arresto alla crocifissione\" data-kale-share-url=\"https:\/\/blog.holyart.it\/it\/?p=19446\" \/><\/div>\n<div class=\"blocco-contenuto\">\n<div class=\"blocco-acquista\">Acquista su Holyart:<\/div>\n<div class=\"blocco-titolo\"><a href=\"https:\/\/www.holyart.it\/it\/occasioni-speciali\/presepe-pasquale\/scena-popolo-condanna-gesu-statue-9-cm\">Scena popolo condanna Ges\u00f9 statue 9 cm<\/a><\/div>\n<div class=\"blocco-descrizione\">Statuine rappresentanti il popolo che assiste ad uno dei momenti cardine della vita di Cristo, quello della condanna.<\/div>\n<\/div>\n<\/div>\n<h2>Ponzio Pilato e Ges\u00f9<\/h2>\n<p>Poich\u00e9 n\u00e9 Caifa n\u00e9 il Sinedrio avevano la facolt\u00e0 di condannare un uomo a morte, dopo il primo processo Ges\u00f9 sub\u00ec svariati\u00a0<strong>maltrattamenti<\/strong>, per poi essere\u00a0<strong>condotto\u00a0in catene davanti a\u00a0<\/strong><a href=\"https:\/\/www.holyart.it\/blog\/articoli-religiosi\/la-storia-di-ponzio-pilato-e-il-suo-coinvolgimento-nella-condanna-di-gesu\/\"><strong>Ponzio Pilato<\/strong><\/a>, prefetto romano in Giudea (Matteo 27,1-2; Marco 15,1; Luca 23,1; Giovanni 18,28). Accompagnato il prigioniero nel Pretorio, la residenza ufficiale del governatore romano a Gerusalemme, i membri del Sinedrio lo accusarono di vari reati, tra cui sedizione, autoproclamazione a re e Messia, ma anche\u00a0<strong>istigazione a non pagare i tributi a Roma<\/strong>. Questo perch\u00e9 la semplice accusa di blasfemia non sarebbe stata sufficiente a Pilato per condannare a morte un uomo.<\/p>\n<div class=\"link-article\">\n<p><img loading=\"lazy\" decoding=\"async\" class=\"size-full wp-image-19454 alignleft\" src=\"https:\/\/blog.holyart.it\/it\/wp-content\/uploads\/sites\/17\/2024\/02\/ponzio-pilato.jpg\" alt=\"ponzio pilato\" width=\"150\" height=\"99\" data-kale-share-title=\"Il processo di Ges\u00f9: dall\u2019arresto alla crocifissione\" data-kale-share-url=\"https:\/\/blog.holyart.it\/it\/?p=19446\" \/><\/p>\n<div class=\"leggi-anche\">Leggi anche:<\/div>\n<p><strong><a href=\"https:\/\/www.holyart.it\/blog\/articoli-religiosi\/la-storia-di-ponzio-pilato-e-il-suo-coinvolgimento-nella-condanna-di-gesu\/\">La storia di Ponzio Pilato e il suo coinvolgimento nella condanna di Ges\u00f9<\/a><\/strong><br \/>\nFigura controversa e tragica, Ponzio Pilato \u00e8 passato alla storia come&#8230;<\/p>\n<\/div>\n<p>L<strong>&#8216;interrogatorio di Ges\u00f9 da parte di Pilato\u00a0<\/strong>(Matteo 27,1-2 e Marco 15,1) e la successiva\u00a0<strong>condanna a morte per Crocifissione<\/strong>\u00a0rappresentano uno degli eventi centrali della narrazione della Passione secondo la tradizione cristiana. Secondo i resoconti evangelici, Pilato, dopo aver interrogato Ges\u00f9, avrebbe trovato le accuse mosse contro di lui non cos\u00ec gravi da giustificarne la condanna a morte. Secondo\u00a0<strong>Luca e Giovanni\u00a0<\/strong>(Luca 23,2-5 e Giovanni 18,28-38)\u00a0<strong>Pilato giudic\u00f2 Ges\u00f9 innocente<\/strong>. Tuttavia, questa mitezza attribuita a Pilato pu\u00f2 sembrare in contrasto con la sua reputazione storica di fermezza e severit\u00e0 nell&#8217;applicare le leggi romane. Alcuni studiosi suggeriscono che questa rappresentazione mitigata di Pilato potrebbe essere stata influenzata dall&#8217;interesse delle comunit\u00e0 cristiane primitive nel distanziare l&#8217;<a href=\"https:\/\/www.holyart.it\/it\/occasioni-speciali\/presepe-pasquale\/soldati-romani-4-pz-presepe-9-cm\"><strong>autorit\u00e0 romana<\/strong><\/a> dalla responsabilit\u00e0 della morte di Ges\u00f9. In base alla narrazione evangelica di Luca (Luca 23,6-12), Pilato avrebbe tentato di evitare la responsabilit\u00e0 della condanna di Ges\u00f9 inviandolo al<strong>\u00a0tetrarca Erode Antipa<\/strong>, ma nemmeno lui avrebbe trovato motivi validi per condannarlo e lo rimand\u00f2 a Pilato. Tuttavia \u00e8 pi\u00f9 verosimile che Pilato avrebbe condannato Ges\u00f9 a morte immediatamente, considerandolo un\u00a0<strong>pericoloso agitatore politico<\/strong>, senza passare attraverso un processo cos\u00ec complesso e lungo come descritto nei vangeli.<\/p>\n<div class=\"link-product\">\n<div class=\"blocco-immagine\"><img loading=\"lazy\" decoding=\"async\" class=\"size-full wp-image-19456 alignleft\" src=\"https:\/\/blog.holyart.it\/it\/wp-content\/uploads\/sites\/17\/2024\/02\/soldati-romani-4-pz-presepe-9-cm.jpg\" alt=\"soldati romani 4 pz presepe 9 cm\" width=\"100\" height=\"100\" data-kale-share-title=\"Il processo di Ges\u00f9: dall\u2019arresto alla crocifissione\" data-kale-share-url=\"https:\/\/blog.holyart.it\/it\/?p=19446\" \/><\/div>\n<div class=\"blocco-contenuto\">\n<div class=\"blocco-acquista\">Acquista su Holyart:<\/div>\n<div class=\"blocco-titolo\"><a href=\"https:\/\/www.holyart.it\/it\/occasioni-speciali\/presepe-pasquale\/soldati-romani-4-pz-presepe-9-cm\">Soldati romani 4 pz presepe 9 cm<\/a><\/div>\n<div class=\"blocco-descrizione\">Statuine di quattro soldati romani diversi tra loro.<\/div>\n<\/div>\n<\/div>\n<h2>Crocifissione<\/h2>\n<p>E si arriva cos\u00ec all&#8217;ultimo, terribile atto di questa tragedia annunciata.\u00a0Le ultime fasi del processo differiscono poco tra i diversi Vangeli. Secondo Matteo,\u00a0<strong>Claudia<\/strong>, la moglie di Pilato, tent\u00f2 di intervenire in aiuto del marito, perch\u00e9 non condannasse un innocente, ma il Prefetto, sopraffatto dalla rabbia della folla, che invocava la crocifissione, prima tent\u00f2 di rabbonirli liberando il ladrone Barabba, com&#8217;era usanza in occasione della <a href=\"https:\/\/www.holyart.it\/blog\/occasioni-speciali\/come-si-calcola-la-pasqua-cristiana-ebraica-e-ortodossa\/#Come_si_stabilisce_la_Pasqua_ebraica\"><strong>Pasqua per gli ebrei<\/strong><\/a>, e facendo <a href=\"https:\/\/www.holyart.it\/it\/occasioni-speciali\/presepe-pasquale\/gesu-flagellato-alla-colonna-statue-9-cm\"><strong>flagellare Ges\u00f9<\/strong><\/a>, poi si arrese, lavandosi le mani e dichiarando di non voler avere pi\u00f9 nulla a che fare con la vicenda (Matteo 27,15-26).<br \/>\nAnche in Marco troviamo la liberazione di Barabba, la flagellazione e infine la resa di Pilato (Marco 15,6-15). In Luca e in Giovanni Pilato insiste, dichiarando Ges\u00f9 innocente, liberando Barabba e tentando di commutare la pena di morte con la fustigazione (Luca 23,13-25 e Giovanni 18,39-19,1). Dopo la flagellazione Matteo, Marco e Luca descrivono i maltrattamenti subiti da Ges\u00f9 nel Pretorio da parte della corte romana e l&#8217;incoronazione con la <strong><a href=\"https:\/\/www.holyart.it\/blog\/articoli-religiosi\/la-corona-di-spine-di-gesu-e-i-suoi-significati\/\">corona di spine<\/a><\/strong>.<\/p>\n<div class=\"link-article\">\n<p><img loading=\"lazy\" decoding=\"async\" class=\"size-full wp-image-19458 alignleft\" src=\"https:\/\/blog.holyart.it\/it\/wp-content\/uploads\/sites\/17\/2024\/02\/corona-di-spine.jpeg\" alt=\"corona di spine\" width=\"150\" height=\"99\" data-kale-share-title=\"Il processo di Ges\u00f9: dall\u2019arresto alla crocifissione\" data-kale-share-url=\"https:\/\/blog.holyart.it\/it\/?p=19446\" \/><\/p>\n<div class=\"leggi-anche\">Leggi anche:<\/div>\n<p><strong><a href=\"https:\/\/www.holyart.it\/blog\/articoli-religiosi\/la-corona-di-spine-di-gesu-e-i-suoi-significati\/\">La corona di spine di Ges\u00f9 e i suoi significati<\/a><\/strong><br \/>\nLa corona di spine di Ges\u00f9 \u00e8 uno dei simboli pi\u00f9 emblematici della Passione. Scopriamo perch\u00e9 e che fine ha fatto nel corso dei millenni&#8230;<\/p>\n<\/div>\n<p>La\u00a0<a href=\"https:\/\/www.holyart.it\/it\/occasioni-speciali\/pasqua-e-quaresima\/via-crucis-e-processione\"><strong><em>Via Crucis<\/em><\/strong><\/a> \u00e8 il percorso simbolico che commemora gli eventi della Passione di Cristo, inclusa la flagellazione, la condanna e la crocifissione. Questo racconto, celebrato in tutto il mondo durante il Venerd\u00ec Santo, offre una visione profonda del sacrificio di Ges\u00f9 e della sua sofferenza per l&#8217;umanit\u00e0.<br \/>\nDurante il cammino verso il Calvario, Ges\u00f9 fu sottoposto a\u00a0<strong>crudeli torture<\/strong>\u00a0dai soldati romani, torture che sono parte integrante del racconto della Passione.\u00a0<a href=\"https:\/\/www.holyart.it\/blog\/articoli-religiosi\/simone-di-cirene-luomo-che-aiuto-gesu-a-portare-la-croce\/\"><strong>Simone di Cirene<\/strong><\/a>\u00a0fu costretto dai soldati romani ad aiutare Ges\u00f9 a portare l&#8217;asse trasversale della croce, poich\u00e9 Egli era troppo debilitato per continuare da solo.<br \/>\nUna volta giunti al\u00a0<strong>Golgota<\/strong>, il luogo dell&#8217;esecuzione, Ges\u00f9 fu inchiodato alla croce.<br \/>\nIl Vangelo di Giovanni (Giovanni 19,28-30) ci offre la testimonianza pi\u00f9 toccante degli\u00a0<a href=\"https:\/\/www.holyart.it\/it\/occasioni-speciali\/presepe-pasquale\/scena-crocifissione-soldato-maria-statue-9-cm\"><strong>ultimi momenti di vita di Ges\u00f9 in croce<\/strong><\/a>, da quando viene dissetato dai soldati con l&#8217;aceto (o forse vino acido), alle sue ultime parole:\u00a0<em>&#8220;Tutto \u00e8 compiuto.&#8221;<\/em><br \/>\nCon la morte di Cristo in croce si compie la volont\u00e0 di Dio e inizia il cammino di Redenzione e speranza per tutta l&#8217;umanit\u00e0.<\/p>\n<div class=\"link-product\">\n<div class=\"blocco-immagine\"><img loading=\"lazy\" decoding=\"async\" class=\"size-full wp-image-19457 alignleft\" src=\"https:\/\/blog.holyart.it\/it\/wp-content\/uploads\/sites\/17\/2024\/02\/scena-crocifissione-soldato-maria-statue-9-cm-3.jpg\" alt=\"scena crocifissione soldato maria statue 9 cm\" width=\"100\" height=\"100\" data-kale-share-title=\"Il processo di Ges\u00f9: dall\u2019arresto alla crocifissione\" data-kale-share-url=\"https:\/\/blog.holyart.it\/it\/?p=19446\" \/><\/div>\n<div class=\"blocco-contenuto\">\n<div class=\"blocco-acquista\">Acquista su Holyart:<\/div>\n<div class=\"blocco-titolo\"><a href=\"https:\/\/www.holyart.it\/it\/occasioni-speciali\/presepe-pasquale\/scena-crocifissione-soldato-maria-statue-9-cm\">Scena Crocifissione soldato Maria statue 9 cm<\/a><\/div>\n<div class=\"blocco-descrizione\">Statuine rappresentanti il momento della crocifissione di Ges\u00f9.<\/div>\n<\/div>\n<\/div>\n","protected":false},"excerpt":{"rendered":"<p>Il processo di Ges\u00f9, come narrato nei Vangeli del Nuovo Testamento, \u00e8 uno degli eventi centrali della cristianit\u00e0 Il\u00a0Processo di Ges\u00f9\u00a0rappresenta uno dei primi, drammatici atti della Sua\u00a0Passione\u00a0e apre tragicamente l&#8217;ultima parte della Settimana Santa. La\u00a0Settimana Santa\u00a0\u00e8 un periodo di profonda riflessione e spiritualit\u00e0 per&hellip;<\/p>\n","protected":false},"author":1,"featured_media":19461,"comment_status":"closed","ping_status":"open","sticky":false,"template":"","format":"standard","meta":{"_acf_changed":false,"footnotes":""},"categories":[20,16],"tags":[],"class_list":["post-19446","post","type-post","status-publish","format-standard","has-post-thumbnail","hentry","category-occasioni-speciali","category-articoli-religiosi"],"acf":[],"yoast_head":"<!-- This site is optimized with the Yoast SEO plugin v26.6 - https:\/\/yoast.com\/wordpress\/plugins\/seo\/ -->\n<title>Il processo di Ges\u00f9: dall&#039;arresto alla crocifissione - Holyblog<\/title>\n<meta name=\"description\" content=\"Il processo di Ges\u00f9 \u00e8 uno degli eventi pi\u00f9 significatici della Passione, ed \u00e8 descritto nei Vangeli canonici che ne raccontano lo svolgimento\" \/>\n<meta name=\"robots\" content=\"index, follow, max-snippet:-1, max-image-preview:large, max-video-preview:-1\" \/>\n<link rel=\"canonical\" href=\"https:\/\/blog.holyart.it\/it\/articoli-religiosi\/il-processo-di-gesu-dallarresto-alla-crocifissione\/\" \/>\n<meta property=\"og:locale\" content=\"it_IT\" \/>\n<meta property=\"og:type\" content=\"article\" \/>\n<meta property=\"og:title\" content=\"Il processo di Ges\u00f9: dall&#039;arresto alla crocifissione - Holyblog\" \/>\n<meta property=\"og:description\" content=\"Il processo di Ges\u00f9 \u00e8 uno degli eventi pi\u00f9 significatici della Passione, ed \u00e8 descritto nei Vangeli canonici che ne raccontano lo svolgimento\" \/>\n<meta property=\"og:url\" content=\"https:\/\/blog.holyart.it\/it\/articoli-religiosi\/il-processo-di-gesu-dallarresto-alla-crocifissione\/\" \/>\n<meta property=\"og:site_name\" content=\"Holyblog\" \/>\n<meta property=\"article:published_time\" content=\"2024-03-20T09:00:28+00:00\" \/>\n<meta property=\"article:modified_time\" content=\"2026-03-26T09:08:43+00:00\" \/>\n<meta property=\"og:image\" content=\"https:\/\/blog.holyart.it\/it\/wp-content\/uploads\/sites\/17\/2024\/02\/processo-di-gesu.jpg\" \/>\n\t<meta property=\"og:image:width\" content=\"1000\" \/>\n\t<meta property=\"og:image:height\" content=\"666\" \/>\n\t<meta property=\"og:image:type\" content=\"image\/jpeg\" \/>\n<meta name=\"author\" content=\"Redazione\" \/>\n<meta name=\"twitter:card\" content=\"summary_large_image\" \/>\n<meta name=\"twitter:label1\" content=\"Scritto da\" \/>\n\t<meta name=\"twitter:data1\" content=\"Redazione\" \/>\n\t<meta name=\"twitter:label2\" content=\"Tempo di lettura stimato\" \/>\n\t<meta name=\"twitter:data2\" content=\"12 minuti\" \/>\n<script type=\"application\/ld+json\" class=\"yoast-schema-graph\">{\"@context\":\"https:\/\/schema.org\",\"@graph\":[{\"@type\":\"Article\",\"@id\":\"https:\/\/blog.holyart.it\/it\/articoli-religiosi\/il-processo-di-gesu-dallarresto-alla-crocifissione\/#article\",\"isPartOf\":{\"@id\":\"https:\/\/blog.holyart.it\/it\/articoli-religiosi\/il-processo-di-gesu-dallarresto-alla-crocifissione\/\"},\"author\":{\"name\":\"Redazione\",\"@id\":\"https:\/\/blog.holyart.it\/it\/#\/schema\/person\/0a7b686e5af0f856ec1e390dd0baecda\"},\"headline\":\"Il processo di Ges\u00f9: dall&#8217;arresto alla crocifissione\",\"datePublished\":\"2024-03-20T09:00:28+00:00\",\"dateModified\":\"2026-03-26T09:08:43+00:00\",\"mainEntityOfPage\":{\"@id\":\"https:\/\/blog.holyart.it\/it\/articoli-religiosi\/il-processo-di-gesu-dallarresto-alla-crocifissione\/\"},\"wordCount\":1751,\"publisher\":{\"@id\":\"https:\/\/blog.holyart.it\/it\/#organization\"},\"image\":{\"@id\":\"https:\/\/blog.holyart.it\/it\/articoli-religiosi\/il-processo-di-gesu-dallarresto-alla-crocifissione\/#primaryimage\"},\"thumbnailUrl\":\"https:\/\/blog.holyart.it\/it\/wp-content\/uploads\/sites\/17\/2024\/02\/processo-di-gesu.jpg\",\"articleSection\":[\"Occasioni speciali\",\"Religione\"],\"inLanguage\":\"it-IT\"},{\"@type\":\"WebPage\",\"@id\":\"https:\/\/blog.holyart.it\/it\/articoli-religiosi\/il-processo-di-gesu-dallarresto-alla-crocifissione\/\",\"url\":\"https:\/\/blog.holyart.it\/it\/articoli-religiosi\/il-processo-di-gesu-dallarresto-alla-crocifissione\/\",\"name\":\"Il processo di Ges\u00f9: dall'arresto alla crocifissione - Holyblog\",\"isPartOf\":{\"@id\":\"https:\/\/blog.holyart.it\/it\/#website\"},\"primaryImageOfPage\":{\"@id\":\"https:\/\/blog.holyart.it\/it\/articoli-religiosi\/il-processo-di-gesu-dallarresto-alla-crocifissione\/#primaryimage\"},\"image\":{\"@id\":\"https:\/\/blog.holyart.it\/it\/articoli-religiosi\/il-processo-di-gesu-dallarresto-alla-crocifissione\/#primaryimage\"},\"thumbnailUrl\":\"https:\/\/blog.holyart.it\/it\/wp-content\/uploads\/sites\/17\/2024\/02\/processo-di-gesu.jpg\",\"datePublished\":\"2024-03-20T09:00:28+00:00\",\"dateModified\":\"2026-03-26T09:08:43+00:00\",\"description\":\"Il processo di Ges\u00f9 \u00e8 uno degli eventi pi\u00f9 significatici della Passione, ed \u00e8 descritto nei Vangeli canonici che ne raccontano lo svolgimento\",\"breadcrumb\":{\"@id\":\"https:\/\/blog.holyart.it\/it\/articoli-religiosi\/il-processo-di-gesu-dallarresto-alla-crocifissione\/#breadcrumb\"},\"inLanguage\":\"it-IT\",\"potentialAction\":[{\"@type\":\"ReadAction\",\"target\":[\"https:\/\/blog.holyart.it\/it\/articoli-religiosi\/il-processo-di-gesu-dallarresto-alla-crocifissione\/\"]}]},{\"@type\":\"ImageObject\",\"inLanguage\":\"it-IT\",\"@id\":\"https:\/\/blog.holyart.it\/it\/articoli-religiosi\/il-processo-di-gesu-dallarresto-alla-crocifissione\/#primaryimage\",\"url\":\"https:\/\/blog.holyart.it\/it\/wp-content\/uploads\/sites\/17\/2024\/02\/processo-di-gesu.jpg\",\"contentUrl\":\"https:\/\/blog.holyart.it\/it\/wp-content\/uploads\/sites\/17\/2024\/02\/processo-di-gesu.jpg\",\"width\":1000,\"height\":666,\"caption\":\"processo di ges\u00f9\"},{\"@type\":\"BreadcrumbList\",\"@id\":\"https:\/\/blog.holyart.it\/it\/articoli-religiosi\/il-processo-di-gesu-dallarresto-alla-crocifissione\/#breadcrumb\",\"itemListElement\":[{\"@type\":\"ListItem\",\"position\":1,\"name\":\"Homepage\",\"item\":\"https:\/\/blog.holyart.it\/it\/\"},{\"@type\":\"ListItem\",\"position\":2,\"name\":\"Religione\",\"item\":\"https:\/\/blog.holyart.it\/it\/articoli-religiosi\/\"},{\"@type\":\"ListItem\",\"position\":3,\"name\":\"Il processo di Ges\u00f9: dall&#8217;arresto alla crocifissione\"}]},{\"@type\":\"WebSite\",\"@id\":\"https:\/\/blog.holyart.it\/it\/#website\",\"url\":\"https:\/\/blog.holyart.it\/it\/\",\"name\":\"Holyblog\",\"description\":\"Il Blog di Holyart.it\",\"publisher\":{\"@id\":\"https:\/\/blog.holyart.it\/it\/#organization\"},\"potentialAction\":[{\"@type\":\"SearchAction\",\"target\":{\"@type\":\"EntryPoint\",\"urlTemplate\":\"https:\/\/blog.holyart.it\/it\/?s={search_term_string}\"},\"query-input\":{\"@type\":\"PropertyValueSpecification\",\"valueRequired\":true,\"valueName\":\"search_term_string\"}}],\"inLanguage\":\"it-IT\"},{\"@type\":\"Organization\",\"@id\":\"https:\/\/blog.holyart.it\/it\/#organization\",\"name\":\"Holyblog\",\"url\":\"https:\/\/blog.holyart.it\/it\/\",\"logo\":{\"@type\":\"ImageObject\",\"inLanguage\":\"it-IT\",\"@id\":\"https:\/\/blog.holyart.it\/it\/#\/schema\/logo\/image\/\",\"url\":\"https:\/\/blog.holyart.it\/it\/wp-content\/uploads\/sites\/17\/2022\/12\/Holyart_Blog_Logo.jpg\",\"contentUrl\":\"https:\/\/blog.holyart.it\/it\/wp-content\/uploads\/sites\/17\/2022\/12\/Holyart_Blog_Logo.jpg\",\"width\":300,\"height\":50,\"caption\":\"Holyblog\"},\"image\":{\"@id\":\"https:\/\/blog.holyart.it\/it\/#\/schema\/logo\/image\/\"}},{\"@type\":\"Person\",\"@id\":\"https:\/\/blog.holyart.it\/it\/#\/schema\/person\/0a7b686e5af0f856ec1e390dd0baecda\",\"name\":\"Redazione\"}]}<\/script>\n<!-- \/ Yoast SEO plugin. -->","yoast_head_json":{"title":"Il processo di Ges\u00f9: dall'arresto alla crocifissione - Holyblog","description":"Il processo di Ges\u00f9 \u00e8 uno degli eventi pi\u00f9 significatici della Passione, ed \u00e8 descritto nei Vangeli canonici che ne raccontano lo svolgimento","robots":{"index":"index","follow":"follow","max-snippet":"max-snippet:-1","max-image-preview":"max-image-preview:large","max-video-preview":"max-video-preview:-1"},"canonical":"https:\/\/blog.holyart.it\/it\/articoli-religiosi\/il-processo-di-gesu-dallarresto-alla-crocifissione\/","og_locale":"it_IT","og_type":"article","og_title":"Il processo di Ges\u00f9: dall'arresto alla crocifissione - Holyblog","og_description":"Il processo di Ges\u00f9 \u00e8 uno degli eventi pi\u00f9 significatici della Passione, ed \u00e8 descritto nei Vangeli canonici che ne raccontano lo svolgimento","og_url":"https:\/\/blog.holyart.it\/it\/articoli-religiosi\/il-processo-di-gesu-dallarresto-alla-crocifissione\/","og_site_name":"Holyblog","article_published_time":"2024-03-20T09:00:28+00:00","article_modified_time":"2026-03-26T09:08:43+00:00","og_image":[{"width":1000,"height":666,"url":"https:\/\/blog.holyart.it\/it\/wp-content\/uploads\/sites\/17\/2024\/02\/processo-di-gesu.jpg","type":"image\/jpeg"}],"author":"Redazione","twitter_card":"summary_large_image","twitter_misc":{"Scritto da":"Redazione","Tempo di lettura stimato":"12 minuti"},"schema":{"@context":"https:\/\/schema.org","@graph":[{"@type":"Article","@id":"https:\/\/blog.holyart.it\/it\/articoli-religiosi\/il-processo-di-gesu-dallarresto-alla-crocifissione\/#article","isPartOf":{"@id":"https:\/\/blog.holyart.it\/it\/articoli-religiosi\/il-processo-di-gesu-dallarresto-alla-crocifissione\/"},"author":{"name":"Redazione","@id":"https:\/\/blog.holyart.it\/it\/#\/schema\/person\/0a7b686e5af0f856ec1e390dd0baecda"},"headline":"Il processo di Ges\u00f9: dall&#8217;arresto alla crocifissione","datePublished":"2024-03-20T09:00:28+00:00","dateModified":"2026-03-26T09:08:43+00:00","mainEntityOfPage":{"@id":"https:\/\/blog.holyart.it\/it\/articoli-religiosi\/il-processo-di-gesu-dallarresto-alla-crocifissione\/"},"wordCount":1751,"publisher":{"@id":"https:\/\/blog.holyart.it\/it\/#organization"},"image":{"@id":"https:\/\/blog.holyart.it\/it\/articoli-religiosi\/il-processo-di-gesu-dallarresto-alla-crocifissione\/#primaryimage"},"thumbnailUrl":"https:\/\/blog.holyart.it\/it\/wp-content\/uploads\/sites\/17\/2024\/02\/processo-di-gesu.jpg","articleSection":["Occasioni speciali","Religione"],"inLanguage":"it-IT"},{"@type":"WebPage","@id":"https:\/\/blog.holyart.it\/it\/articoli-religiosi\/il-processo-di-gesu-dallarresto-alla-crocifissione\/","url":"https:\/\/blog.holyart.it\/it\/articoli-religiosi\/il-processo-di-gesu-dallarresto-alla-crocifissione\/","name":"Il processo di Ges\u00f9: dall'arresto alla crocifissione - Holyblog","isPartOf":{"@id":"https:\/\/blog.holyart.it\/it\/#website"},"primaryImageOfPage":{"@id":"https:\/\/blog.holyart.it\/it\/articoli-religiosi\/il-processo-di-gesu-dallarresto-alla-crocifissione\/#primaryimage"},"image":{"@id":"https:\/\/blog.holyart.it\/it\/articoli-religiosi\/il-processo-di-gesu-dallarresto-alla-crocifissione\/#primaryimage"},"thumbnailUrl":"https:\/\/blog.holyart.it\/it\/wp-content\/uploads\/sites\/17\/2024\/02\/processo-di-gesu.jpg","datePublished":"2024-03-20T09:00:28+00:00","dateModified":"2026-03-26T09:08:43+00:00","description":"Il processo di Ges\u00f9 \u00e8 uno degli eventi pi\u00f9 significatici della Passione, ed \u00e8 descritto nei Vangeli canonici che ne raccontano lo svolgimento","breadcrumb":{"@id":"https:\/\/blog.holyart.it\/it\/articoli-religiosi\/il-processo-di-gesu-dallarresto-alla-crocifissione\/#breadcrumb"},"inLanguage":"it-IT","potentialAction":[{"@type":"ReadAction","target":["https:\/\/blog.holyart.it\/it\/articoli-religiosi\/il-processo-di-gesu-dallarresto-alla-crocifissione\/"]}]},{"@type":"ImageObject","inLanguage":"it-IT","@id":"https:\/\/blog.holyart.it\/it\/articoli-religiosi\/il-processo-di-gesu-dallarresto-alla-crocifissione\/#primaryimage","url":"https:\/\/blog.holyart.it\/it\/wp-content\/uploads\/sites\/17\/2024\/02\/processo-di-gesu.jpg","contentUrl":"https:\/\/blog.holyart.it\/it\/wp-content\/uploads\/sites\/17\/2024\/02\/processo-di-gesu.jpg","width":1000,"height":666,"caption":"processo di ges\u00f9"},{"@type":"BreadcrumbList","@id":"https:\/\/blog.holyart.it\/it\/articoli-religiosi\/il-processo-di-gesu-dallarresto-alla-crocifissione\/#breadcrumb","itemListElement":[{"@type":"ListItem","position":1,"name":"Homepage","item":"https:\/\/blog.holyart.it\/it\/"},{"@type":"ListItem","position":2,"name":"Religione","item":"https:\/\/blog.holyart.it\/it\/articoli-religiosi\/"},{"@type":"ListItem","position":3,"name":"Il processo di Ges\u00f9: dall&#8217;arresto alla crocifissione"}]},{"@type":"WebSite","@id":"https:\/\/blog.holyart.it\/it\/#website","url":"https:\/\/blog.holyart.it\/it\/","name":"Holyblog","description":"Il Blog di Holyart.it","publisher":{"@id":"https:\/\/blog.holyart.it\/it\/#organization"},"potentialAction":[{"@type":"SearchAction","target":{"@type":"EntryPoint","urlTemplate":"https:\/\/blog.holyart.it\/it\/?s={search_term_string}"},"query-input":{"@type":"PropertyValueSpecification","valueRequired":true,"valueName":"search_term_string"}}],"inLanguage":"it-IT"},{"@type":"Organization","@id":"https:\/\/blog.holyart.it\/it\/#organization","name":"Holyblog","url":"https:\/\/blog.holyart.it\/it\/","logo":{"@type":"ImageObject","inLanguage":"it-IT","@id":"https:\/\/blog.holyart.it\/it\/#\/schema\/logo\/image\/","url":"https:\/\/blog.holyart.it\/it\/wp-content\/uploads\/sites\/17\/2022\/12\/Holyart_Blog_Logo.jpg","contentUrl":"https:\/\/blog.holyart.it\/it\/wp-content\/uploads\/sites\/17\/2022\/12\/Holyart_Blog_Logo.jpg","width":300,"height":50,"caption":"Holyblog"},"image":{"@id":"https:\/\/blog.holyart.it\/it\/#\/schema\/logo\/image\/"}},{"@type":"Person","@id":"https:\/\/blog.holyart.it\/it\/#\/schema\/person\/0a7b686e5af0f856ec1e390dd0baecda","name":"Redazione"}]}},"_links":{"self":[{"href":"https:\/\/blog.holyart.it\/it\/wp-json\/wp\/v2\/posts\/19446","targetHints":{"allow":["GET"]}}],"collection":[{"href":"https:\/\/blog.holyart.it\/it\/wp-json\/wp\/v2\/posts"}],"about":[{"href":"https:\/\/blog.holyart.it\/it\/wp-json\/wp\/v2\/types\/post"}],"author":[{"embeddable":true,"href":"https:\/\/blog.holyart.it\/it\/wp-json\/wp\/v2\/users\/1"}],"replies":[{"embeddable":true,"href":"https:\/\/blog.holyart.it\/it\/wp-json\/wp\/v2\/comments?post=19446"}],"version-history":[{"count":5,"href":"https:\/\/blog.holyart.it\/it\/wp-json\/wp\/v2\/posts\/19446\/revisions"}],"predecessor-version":[{"id":19460,"href":"https:\/\/blog.holyart.it\/it\/wp-json\/wp\/v2\/posts\/19446\/revisions\/19460"}],"wp:featuredmedia":[{"embeddable":true,"href":"https:\/\/blog.holyart.it\/it\/wp-json\/wp\/v2\/media\/19461"}],"wp:attachment":[{"href":"https:\/\/blog.holyart.it\/it\/wp-json\/wp\/v2\/media?parent=19446"}],"wp:term":[{"taxonomy":"category","embeddable":true,"href":"https:\/\/blog.holyart.it\/it\/wp-json\/wp\/v2\/categories?post=19446"},{"taxonomy":"post_tag","embeddable":true,"href":"https:\/\/blog.holyart.it\/it\/wp-json\/wp\/v2\/tags?post=19446"}],"curies":[{"name":"wp","href":"https:\/\/api.w.org\/{rel}","templated":true}]}}