{"id":19373,"date":"2024-02-22T10:00:42","date_gmt":"2024-02-22T09:00:42","guid":{"rendered":"https:\/\/blog.holyart.it\/it\/?p=19373"},"modified":"2025-09-29T15:40:46","modified_gmt":"2025-09-29T13:40:46","slug":"il-calendario-degli-eventi-del-giubileo-2025","status":"publish","type":"post","link":"https:\/\/blog.holyart.it\/it\/articoli-religiosi\/il-calendario-degli-eventi-del-giubileo-2025\/","title":{"rendered":"Il calendario degli eventi del Giubileo 2025"},"content":{"rendered":"<h4>\u00c8 stato pubblicato il calendario degli eventi del Giubileo 2025, dodici mesi di eventi e occasioni per approfondire la fede, vivere la comunione fraterna e camminare insieme come &#8220;pellegrini di speranza&#8221;<\/h4>\n\n<p>Il Giubileo 2025 sar\u00e0 un&#8217;occasione per vivere un\u00a0<strong>tempo di grazia e di misericordia<\/strong>, per camminare insieme verso la\u00a0<strong>speranza<\/strong>. Promette di essere un momento straordinario di gioia, speranza e riconciliazione, grazie all&#8217;anticipata affluenza di <a href=\"https:\/\/www.holyart.it\/it\/giubileo-2025-pellegrini-di-speranza\/kit-del-pellegrino-e-gadget-giubileo-2025\/zaino-del-pellegrino-kit-completo-giubileo-2025\"><strong>pellegrini provenienti da tutto il mondo a Roma<\/strong><\/a>, che mai come in questa occasione si riconfermer\u00e0 come la\u00a0<strong><a href=\"https:\/\/www.holyart.it\/blog\/articoli-religiosi\/pellegrinaggio-a-roma-tra-le-mete-preferite-dei-cristiani\/\">m\u00e8ta di pellegrinaggio preferita dei cristiani<\/a><\/strong>. Questa affluenza cos\u00ec numerosa e variegata creer\u00e0 unit\u00e0 e solidariet\u00e0 tra le diverse comunit\u00e0 religiose, contribuendo a rafforzare i legami tra i fedeli di ogni parte del globo. Ma il Giubileo di Roma promette di offrire molto di pi\u00f9 di un&#8217;occasione di incontro e preghiera. Oltre alle celebrazioni religiose, saranno organizzati\u00a0<strong>eventi culturali, concerti e mostre<\/strong> per celebrare la ricca storia e l&#8217;arte di Roma. Questi eventi offriranno ai pellegrini un&#8217;esperienza completa che unir\u00e0 fede, cultura e spiritualit\u00e0. In questo modo il Giubileo non sar\u00e0 solo un momento di riflessione religiosa, ma anche un&#8217;opportunit\u00e0 per immergersi nella bellezza e nella diversit\u00e0 della citt\u00e0 eterna.<\/p>\n<div class=\"link-product\">\n<div class=\"blocco-immagine\"><img loading=\"lazy\" decoding=\"async\" class=\"size-full wp-image-20040 alignleft\" src=\"https:\/\/blog.holyart.it\/it\/wp-content\/uploads\/sites\/17\/2024\/02\/zaino-del-pellegrino-kit-completo-giubileo-2025-1.jpg\" alt=\"zaino del pellegrino kit completo giubileo 2025\" width=\"100\" height=\"100\" data-kale-share-title=\"Il calendario degli eventi del Giubileo 2025\" data-kale-share-url=\"https:\/\/blog.holyart.it\/it\/articoli-religiosi\/il-calendario-degli-eventi-del-giubileo-2025\/\" \/><\/div>\n<div class=\"blocco-contenuto\">\n<div class=\"blocco-acquista\">Acquista su Holyart:<\/div>\n<div class=\"blocco-titolo\"><a href=\"https:\/\/www.holyart.it\/it\/giubileo-2025-pellegrini-di-speranza\/kit-del-pellegrino-e-gadget-giubileo-2025\/zaino-del-pellegrino-kit-completo-giubileo-2025\">Zaino del pellegrino kit completo Giubileo 2025<\/a><\/div>\n<div class=\"blocco-descrizione\">Zaino del pellegrino kit completo Giubileo 2025 Pellegrini di Speranza ecocompatibile e impermeabile.<\/div>\n<\/div>\n<\/div>\n<p>Del resto il Giubileo, noto anche come\u00a0<strong>Anno Santo<\/strong>, si caratterizza da sempre non solo per i solenni riti sacri che lo contraddistinguono dall&#8217;inizio alla fine, ma anche per il suo intento di promuovere la santit\u00e0 di vita, di rafforzare la fede, incoraggiare opere di solidariet\u00e0 e favorire la fraterna comunione all&#8217;interno della Chiesa e nella societ\u00e0. Un momento significativo di rinnovamento spirituale e di impegno nella pratica della fede cristiana, dunque, ma anche di comunione di intenti e condivisione di esperienze che arricchiscono lo spirito e l&#8217;anima di chi vi prende parte.<\/p>\n<p>Il prossimo Anno Santo avr\u00e0 come tema centrale la\u00a0<strong>speranza<\/strong>, e il motto scelto per l&#8217;evento \u00e8\u00a0<a href=\"https:\/\/www.holyart.it\/it\/occasioni-speciali\/giubileo-2025-pellegrini-di-speranza?page=1&amp;params=%7B%22offset%22:0,%22limit%22:60,%22filters%22:%5B%5D,%22sorter%22:%22LATEST%22,%22categoryIds%22:%5B108480%5D%7D\"><strong>Pellegrini di speranza<\/strong><\/a>. In un gesto simbolico di grande importanza, in occasione dell&#8217;ultima\u00a0<strong><a href=\"https:\/\/www.holyart.it\/blog\/articoli-religiosi\/giornata-mondiale-della-gioventu-il-papa-riunisce-i-giovani-di-tutto-il-mondo\/\">Giornata Mondiale della Giovent\u00f9<\/a><\/strong>\u00a0Papa Francesco ha invitato tutti i giovani a Roma nel 2025, per\u00a0il prossimo Giubileo, affinch\u00e9 diventino veri e propri\u00a0<em>&#8220;Pellegrini di speranza&#8221;<\/em>.\u00a0Questa chiamata rivela un profondo desiderio di\u00a0<strong>coinvolgere i giovani nel cammino di fede<\/strong>, incoraggiandoli a essere protagonisti attivi di un mondo migliore. Attraverso il richiamo alla speranza, si vuole trasmettere un messaggio di fiducia nel futuro, di solidariet\u00e0 e di impegno nel costruire una societ\u00e0 pi\u00f9 giusta e fraterna.<\/p>\n<div class=\"link-product\">\n<div class=\"blocco-immagine\"><img loading=\"lazy\" decoding=\"async\" class=\"size-full wp-image-19389 alignleft\" src=\"https:\/\/blog.holyart.it\/it\/wp-content\/uploads\/sites\/17\/2024\/02\/casula-stampa-color-panna-logo-ufficiale-giubileo-2025-roma.jpg\" alt=\"casula stampa color panna logo ufficiale giubileo 2025 roma\" width=\"100\" height=\"100\" data-kale-share-title=\"Il calendario degli eventi del Giubileo 2025\" data-kale-share-url=\"https:\/\/blog.holyart.it\/it\/?p=19373\" \/><\/div>\n<div class=\"blocco-contenuto\">\n<div class=\"blocco-acquista\">Acquista su Holyart:<\/div>\n<div class=\"blocco-titolo\"><a href=\"https:\/\/www.holyart.it\/it\/occasioni-speciali\/giubileo-2025-pellegrini-di-speranza?page=1&amp;params=%7B%22offset%22:0,%22limit%22:60,%22filters%22:%5B%5D,%22sorter%22:%22LATEST%22,%22categoryIds%22:%5B108480%5D%7D\">Giubileo 2025 Pellegrini di Speranza<\/a><\/div>\n<div class=\"blocco-descrizione\">Articoli pensati per celebrare il prossimo Giubileo 2025 a Roma.<\/div>\n<\/div>\n<\/div>\n<p>In vista del prossimo <strong><a href=\"https:\/\/www.holyart.it\/it\/articoli\/stole-del-giubileo.php\">Giubileo<\/a><\/strong>, Papa Francesco ha delineato i suoi\u00a0<strong><a href=\"https:\/\/www.holyart.it\/blog\/occasioni-speciali\/papa-francesco-2024-anno-della-preghiera\/\">auspici per il nuovo anno<\/a><\/strong>, sottolineando l&#8217;importanza di un rinnovato impegno spirituale volto a comprendere pi\u00f9 profondamente il concetto di Misericordia. Egli ha invitato alla<strong>\u00a0preghiera e alla riflessione consapevole sulla volont\u00e0 di Dio<\/strong>, affinch\u00e9 possiamo incarnarla nella nostra vita quotidiana attraverso azioni concrete di compassione, perdono e solidariet\u00e0 nell&#8217;ambito dell&#8217;umanit\u00e0 contemporanea.<\/p>\n<div class=\"link-article\">\n<p><img loading=\"lazy\" decoding=\"async\" class=\"size-full wp-image-19376 alignleft\" src=\"https:\/\/blog.holyart.it\/it\/wp-content\/uploads\/sites\/17\/2024\/02\/anno-della-preghiera.jpg\" alt=\"anno della preghiera\" width=\"150\" height=\"99\" data-kale-share-title=\"Il calendario degli eventi del Giubileo 2025\" data-kale-share-url=\"https:\/\/blog.holyart.it\/it\/?p=19373\" \/><\/p>\n<div class=\"leggi-anche\">Leggi anche:<\/div>\n<p><strong><a href=\"https:\/\/www.holyart.it\/blog\/occasioni-speciali\/papa-francesco-2024-anno-della-preghiera\/\">I propositi per il nuovo anno di Papa Francesco: il 2024 \u00e8 l\u2019anno della preghiera<\/a><\/strong><br \/>\nIn vista del Giubileo del 2025, dedicato alla Misericordia&#8230;<\/p>\n<\/div>\n<p>I pellegrini attesi a Roma per partecipare alle tante iniziative del Giubileo sono\u00a0<strong>oltre 32 milioni<\/strong>.<\/p>\n<p><a href=\"https:\/\/www.holyart.it\/it\/articoli\/casule-del-giubileo.php\"><strong>I preparativi per il Giubileo 2025<\/strong><\/a> sono gi\u00e0 iniziati, con la realizzazione del\u00a0<a href=\"https:\/\/www.holyart.it\/blog\/articoli-religiosi\/il-significato-del-logo-del-giubileo-2025-pellegrini-di-speranza\/\"><strong>logo del Giubileo<\/strong><\/a>, una potente rappresentazione simbolica della speranza, con quattro figure stilizzate che rappresentano l&#8217;umanit\u00e0\u00a0abbracciate l&#8217;una dall&#8217;altra. La prima delle figure, alle quali le altre si allacciano, stringe la croce. Il messaggio \u00e8 chiaro: una speranza di solidariet\u00e0 e fratellanza tra tutti i popoli uniti nella fede in Cristo.<br \/>\nAnche l&#8217;<strong>Inno del Giubileo<\/strong>\u00a0\u00e8 gi\u00e0 stato fatto ascoltare in anteprima durante una conferenza stampa nella Cappella Musicale Sistina. \u00c8 stato scritto dal teologo Pierangelo Sequeri e il maestro Francesco Meneghello di Mantova, responsabile della composizione musicale, e scelto tra quasi trecento composizioni proposte da artisti provenienti da ogni parte del mondo.<\/p>\n<div class=\"link-product\">\n<p><img loading=\"lazy\" decoding=\"async\" class=\"size-full wp-image-20492 alignleft\" src=\"https:\/\/blog.holyart.it\/it\/wp-content\/uploads\/sites\/17\/2024\/02\/casula-giubileo-2025-ricamata-con-stola-logo-ufficiale.jpg\" alt=\"casula giubileo 2025 ricamata con stola logo ufficiale\" width=\"100\" height=\"100\" data-kale-share-title=\"Il calendario degli eventi del Giubileo 2025\" data-kale-share-url=\"https:\/\/blog.holyart.it\/it\/articoli-religiosi\/il-calendario-degli-eventi-del-giubileo-2025\/\" \/><\/p>\n<div class=\"blocco-contenuto\">\n<div class=\"blocco-acquista\">Acquista su Holyart:<\/div>\n<div class=\"blocco-titolo\"><a href=\"https:\/\/www.holyart.it\/it\/articoli\/casule-del-giubileo.php\">Casule del Giubileo 2025: Pellegrini di Speranza<\/a><\/div>\n<div class=\"blocco-descrizione\">I disegni delle casule presentano il logo ufficiale del Giubileo 2025.<\/div>\n<\/div>\n<\/div>\n<h2>Giubileo 2025: date<\/h2>\n<p><strong><a href=\"https:\/\/blog.holyart.it\/it\/wp-content\/uploads\/sites\/17\/2024\/02\/calendario-giubileo-2025-ita.pdf\">Clicca per scaricare il calendario generale del Giubileo 2025<\/a><\/strong><\/p>\n<p><strong>24 Dicembre 2024<\/strong>\u00a0&#8211;\u00a0<strong>Apertura della Porta Santa della Basilica di San Pietro<\/strong>.<\/p>\n<p><strong>GENNAIO-FEBBRAIO 2025<\/strong><br \/>\n24-26 Gennaio | Giubileo del Mondo della Comunicazione<\/p>\n<p>8-9 Febbraio | Giubileo delle Forze Armate, di Polizia e di Sicurezza<br \/>\n15-18 Febbraio | Giubileo degli Artisti<br \/>\n21-23 Febbraio | Giubileo dei Diaconi<\/p>\n<p><strong>MARZO-APRILE 2025<\/strong><br \/>\n8-9 Marzo | Giubileo del Mondo del Volontariato<br \/>\n28 Marzo | 24 Ore per il Signore<br \/>\n28-30 Marzo | Giubileo dei Missionari della Misericordia<\/p>\n<p>5-6 Aprile | Giubileo degli Ammalati e del Mondo della Sanit\u00e0<br \/>\n25-27 Aprile | Giubileo degli Adolescenti<br \/>\n28-29 Aprile | Giubileo delle Persone con Disabilit\u00e0<\/p>\n<p><strong>MAGGIO &#8211; LUGLIO 2025<\/strong><br \/>\n1-4 Maggio | Giubileo dei Lavoratori<br \/>\n4-5 Maggio | Giubileo degli Imprenditori<br \/>\n10-11 Maggio | Giubileo delle Bande Musicali<br \/>\n12-14 Maggio | Giubileo delle Chiese Orientali<br \/>\n16-18 Maggio | Giubileo delle Confraternite<br \/>\n30 Maggio &#8211; 1 Giugno | Giubileo delle Famiglie, dei Bambini, dei Nonni e degli Anziani<\/p>\n<p>7-8 Giugno | Giubileo dei Movimenti, delle Associazioni e delle nuove Comunit\u00e0<br \/>\n9 Giugno | Giubileo della Santa Sede<br \/>\n14-15 Giugno | Giubileo dello Sport<br \/>\n20-22 Giugno | Giubileo dei Governanti<br \/>\n23-24 Giugno | Giubileo dei Seminaristi<br \/>\n25 Giugno | Giubileo dei Vescovi<br \/>\n25-27 Giugno | Giubileo dei Sacerdoti<\/p>\n<p>28 Luglio &#8211; 3 Agosto | Giubileo dei Giovani<\/p>\n<p><strong>SETTEMBRE &#8211; DICEMBRE 2025<\/strong><br \/>\n15 Settembre | Giubileo della Consolazione<br \/>\n20 Settembre | Giubileo degli Operatori di Giustizia<br \/>\n26-28 Settembre | Giubileo dei Catechisti<\/p>\n<p>4-5 Ottobre | Giubileo dei Migranti<br \/>\n4-5 Ottobre | Giubileo del Mondo Missionario<br \/>\n8-9 Ottobre | Giubileo della Vita Consacrata<br \/>\n11-12 Ottobre | Giubileo della Spiritualit\u00e0 Mariana<br \/>\n31 Ottobre &#8211; 2 Novembre | Giubileo del Mondo Educativo<\/p>\n<p>16 Novembre | Giubileo dei Poveri<br \/>\n22-23 Novembre | Giubileo dei Cori e delle Corali<\/p>\n<p>14 Dicembre | Giubileo dei Detenuti<\/p>\n<p><strong>6 Gennaio 2026<\/strong>\u00a0&#8211;\u00a0<strong>Chiusura della Porta Santa della Basilica di San Pietro<\/strong>.<\/p>\n<h2>Apertura Porta Santa<\/h2>\n<p>L&#8217;Anno Santo inizia con l\u2019apertura della Porta Santa e si conclude con la sua chiusura. L&#8217;<a href=\"https:\/\/www.holyart.it\/blog\/articoli-religiosi\/porta-santa-cose-e-cosa-rappresenta-la-sua-apertura\/\"><strong>apertura della Porta Santa<\/strong><\/a> non rappresenta solo l&#8217;inizio ufficiale dell&#8217;evento, ma \u00e8 intrisa di significati simbolici per i fedeli. Il Giubileo 2025 inizier\u00e0 il 24 dicembre 2024, alle ore 16:30, con l&#8217;apertura della Porta Santa della Basilica di San Pietro. La solenne cerimonia di apertura sar\u00e0 presieduta da Papa Francesco.<br \/>\nL&#8217;Anno Santo si concluder\u00e0 il 6 gennaio 2026, con la chiusura della Porta Santa della Basilica di San Pietro.<\/p>\n<p>Oltre alla Porta Santa della Basilica di San Pietro, saranno aperte anche le altre Porte Sante di Roma: Basilica di San Paolo fuori le mura, Basilica di San Giovanni in Laterano, Basilica di Santa Maria Maggiore.<\/p>\n<div class=\"link-article\">\n<p><img loading=\"lazy\" decoding=\"async\" class=\"size-full wp-image-19379 alignleft\" src=\"https:\/\/blog.holyart.it\/it\/wp-content\/uploads\/sites\/17\/2024\/02\/porta-santa.jpeg\" alt=\"basilica di san pietro porta santa\" width=\"150\" height=\"104\" data-kale-share-title=\"Il calendario degli eventi del Giubileo 2025\" data-kale-share-url=\"https:\/\/blog.holyart.it\/it\/?p=19373\" \/><\/p>\n<div class=\"leggi-anche\">Leggi anche:<\/div>\n<p><strong><a href=\"https:\/\/www.holyart.it\/blog\/articoli-religiosi\/porta-santa-cose-e-cosa-rappresenta-la-sua-apertura\/\">Porta Santa: cos\u2019\u00e8 e cosa rappresenta la sua apertura<\/a><\/strong><br \/>\nL\u2019apertura della Porta Santa segno l\u2019inizio del Giubileo, ma rappresenta anche per i cristiani un simbolo spirituale di grande suggestione&#8230;<\/p>\n<\/div>\n<h2>Il calendario del Giubileo 2025<\/h2>\n<p>Ogni incontro giubilare sar\u00e0 un&#8217;occasione per approfondire la fede, vivere la comunione fraterna e discernere insieme le sfide del mondo contemporaneo. Un invito a tutti i fedeli a camminare insieme come &#8220;pellegrini di speranza&#8221;, portando la luce del Vangelo nel cuore della societ\u00e0.\u00a0I dodici mesi di incontri giubilari saranno come onde di speranza che si propagheranno dal cuore della Chiesa all&#8217;intera umanit\u00e0. Un invito a tutti a costruire un futuro migliore, basato sulla fraternit\u00e0, sulla solidariet\u00e0 e sull&#8217;amore.<\/p>\n<p>La prima data significativa del Giubileo 2025 sar\u00e0 il\u00a0<strong>24 Dicembre<\/strong>, quando avverr\u00e0 l&#8217;<strong>Apertura della Porta Santa della <a href=\"https:\/\/www.holyart.it\/blog\/articoli-religiosi\/san-pietro-in-vaticano-chiesa-simbolo-di-tutto-il-mondo-cristiano\/\">Basilica di San Pietro<\/a><\/strong>.<\/p>\n<div class=\"link-article\">\n<p><img loading=\"lazy\" decoding=\"async\" class=\"size-full wp-image-19381 alignleft\" src=\"https:\/\/blog.holyart.it\/it\/wp-content\/uploads\/sites\/17\/2024\/02\/san-pietro-basilica.jpeg\" alt=\"basilica di san pietro\" width=\"150\" height=\"100\" data-kale-share-title=\"Il calendario degli eventi del Giubileo 2025\" data-kale-share-url=\"https:\/\/blog.holyart.it\/it\/?p=19373\" \/><\/p>\n<div class=\"leggi-anche\">Leggi anche:<\/div>\n<p><strong><a href=\"https:\/\/www.holyart.it\/blog\/articoli-religiosi\/san-pietro-in-vaticano-chiesa-simbolo-di-tutto-il-mondo-cristiano\/\">San Pietro in Vaticano: Chiesa simbolo di tutto il mondo cristiano<\/a><\/strong><br \/>\nSan Pietro in Vaticano \u00e8 una basilica piena di significati, misteri e&#8230;<\/p>\n<\/div>\n<p>Il primo evento importante dell&#8217;Anno Santo sar\u00e0 il\u00a0<strong>Giubileo del Mondo della Comunicazione<\/strong>, che si terr\u00e0 a Roma\u00a0<strong>dal 24 al 26 gennaio 2025<\/strong>.\u00a0 Sar\u00e0 un&#8217;occasione preziosa per riflettere sul ruolo della comunicazione nel mondo contemporaneo, promuovere la diffusione di informazioni costruttive e pacifiche, incoraggiare tutti coloro che operano nel mondo della comunicazione a portare avanti un messaggio di verit\u00e0 e di speranza.<\/p>\n<p><strong>Dall&#8217;8 al 9 febbraio 2025<\/strong>\u00a0si terr\u00e0 sempre a Roma il<strong>\u00a0Giubileo delle Forze Armate, di Polizia e di Sicurezza<\/strong>, per riconoscere e celebrare il servizio prestato da chi opera quotidianamente per la sicurezza e la difesa del Paese. Oltre a riconoscere il valore del servizio svolto dalle Forze Armate, di Polizia e di Sicurezza, sar\u00e0 un&#8217;occasione per pregare per la pace e la sicurezza nel mondo e incoraggiare a vivere il servizio con fedelt\u00e0 e dedizione.<\/p>\n<p>Il\u00a0<strong>Giubileo degli Artisti<\/strong>\u00a0si terr\u00e0 a Roma\u00a0<strong>dal 16 al 18 febbraio 2025<\/strong>, rivolto a musicisti, pittori, scultori, scrittori, attori, registi e a tutti coloro che desiderano unirsi in preghiera per la bellezza e il bene. L&#8217;evento \u00e8 stato voluto da Papa Francesco per celebrare il dono della bellezza e il ruolo degli artisti nella societ\u00e0. L&#8217;obiettivo dell&#8217;iniziativa \u00e8 quello di riconoscere il valore dell&#8217;arte e il suo ruolo nella societ\u00e0, incoraggiare gli artisti a utilizzare il loro talento per la promozione della bellezza e del bene e favorire il dialogo tra arte e fede.<\/p>\n<p><strong>Dal 21 al 23 febbraio 2025<\/strong>\u00a0si terr\u00e0 il\u00a0<strong>Giubileo dei <a href=\"https:\/\/www.holyart.it\/blog\/articoli-religiosi\/come-diventare-diacono-mansioni-e-formazione\/\">Diaconi<\/a><\/strong>, per celebrare il ministero diaconale e il ruolo fondamentale dei diaconi nella Chiesa e il valore del ministero diaconale. Lo scopo dell&#8217;iniziativa sar\u00e0 incoraggiare i diaconi a vivere il loro servizio con fedelt\u00e0 e dedizione e favorire il dialogo tra diaconi e presbiteri.<\/p>\n<div class=\"link-article\">\n<p><img loading=\"lazy\" decoding=\"async\" class=\"size-full wp-image-19383 alignleft\" src=\"https:\/\/blog.holyart.it\/it\/wp-content\/uploads\/sites\/17\/2024\/02\/diacono-funzioni.jpg\" alt=\"diacono funzioni\" width=\"150\" height=\"99\" data-kale-share-title=\"Il calendario degli eventi del Giubileo 2025\" data-kale-share-url=\"https:\/\/blog.holyart.it\/it\/?p=19373\" \/><\/p>\n<div class=\"leggi-anche\">Leggi anche:<\/div>\n<p><strong><a href=\"https:\/\/www.holyart.it\/blog\/articoli-religiosi\/come-diventare-diacono-mansioni-e-formazione\/\">Come diventare diacono: mansioni e formazione<\/a><\/strong><br \/>\nChi \u00e8 il diacono e cosa fa? Come diventare diacono? Scopriamo di pi\u00f9 su questa figura da sempre presente nella chiesa cattolica&#8230;<\/p>\n<\/div>\n<p>Le giornate dell&#8217;<strong>8 e 9 marzo<\/strong>\u00a0saranno riservate al\u00a0<strong>Giubileo del Mondo del Volontariato<\/strong>, per celebrare il dono del servizio gratuito e amorevole, mentre il\u00a0<strong>28 marzo<\/strong>\u00a0sar\u00e0 celebrata l&#8217;iniziativa di preghiera<strong>\u00a024 ore per il Signore<\/strong>.<br \/>\nIl\u00a0<strong>29 e 30 marzo<\/strong>\u00a0verr\u00e0 celebrato il\u00a0<strong>Giubileo dei<\/strong>\u00a0<strong><a href=\"https:\/\/www.holyart.it\/blog\/articoli-religiosi\/giornata-mondiale-missionaria-donare-se-stessi-agli-altri\/\">Missionari<\/a> della Misericordia<\/strong>, per ravvivare l&#8217;ardore missionario e la solidariet\u00e0 con i popoli pi\u00f9 bisognosi.<\/p>\n<p>Aprile sar\u00e0 dedicato alla salute e ai giovani. Il <strong>5 e 6 aprile<\/strong>\u00a0sar\u00e0 celebrato il\u00a0<strong>Giubileo degli Ammalati e del Mondo della Sanit\u00e0<\/strong>, un momento di profonda riflessione e di intensa preghiera per quanti soffrono nella carne e nello spirito e per tutti coloro che si dedicano con amore e dedizione alla loro cura, seguito da quello degli\u00a0<strong>Adolescenti<\/strong>\u00a0(<strong>25-27 Aprile<\/strong>), un&#8217;entusiasmante avventura di fede e di gioia per tutti i ragazzi e le ragazze dai 13 ai 16 anni. Un&#8217;occasione unica per vivere un&#8217;esperienza di incontro con Dio, con la Chiesa e con i loro coetanei provenienti da tutto il mondo, e quello delle\u00a0<strong>Persone con Disabilit\u00e0<\/strong>\u00a0(<strong>28-30 Aprile<\/strong>), un&#8217;occasione unica per celebrare la dignit\u00e0 di ogni persona, a prescindere dalle sue condizioni fisiche o mentali, e per riaffermare il diritto di tutti a vivere una vita piena e partecipata.<\/p>\n<div class=\"link-article\">\n<p><img loading=\"lazy\" decoding=\"async\" class=\"size-full wp-image-19384 alignleft\" src=\"https:\/\/blog.holyart.it\/it\/wp-content\/uploads\/sites\/17\/2024\/02\/giornata-missionaria-mondiale.jpg\" alt=\"giornata missionaria mondiale\" width=\"150\" height=\"99\" data-kale-share-title=\"Il calendario degli eventi del Giubileo 2025\" data-kale-share-url=\"https:\/\/blog.holyart.it\/it\/?p=19373\" \/><\/p>\n<div class=\"leggi-anche\">Leggi anche:<\/div>\n<p><strong><a href=\"https:\/\/www.holyart.it\/blog\/articoli-religiosi\/giornata-mondiale-missionaria-donare-se-stessi-agli-altri\/\">Giornata missionaria mondiale: donare se stessi agli altri<\/a><\/strong><br \/>\nIl 24 ottobre si celebra la Giornata Missionaria Mondiale che consacra ottobre a mese missionario per eccellenza&#8230;<\/p>\n<\/div>\n<p>Maggio celebrer\u00e0 il\u00a0<strong>Giubileo dei Lavoratori\u00a0<\/strong>e quello degli<strong>\u00a0Imprenditori<\/strong>, rispettivamente il\u00a0<strong>1-4 Maggio<\/strong>\u00a0e il\u00a0<strong>4-5 Maggio<\/strong>. Saranno due occasioni per celebrare il valore inestimabile del lavoro e per riflettere sulle sfide e le opportunit\u00e0 del mondo del lavoro in un contesto sociale ed economico in continua evoluzione, ma anche un momento di incontro e di dialogo tra lavoratori, imprenditori, politici e rappresentanti delle diverse realt\u00e0 del mondo del lavoro, per confrontarsi sulle sfide comuni e per cercare insieme soluzioni per un futuro pi\u00f9 giusto e sostenibile. Seguir\u00e0 il\u00a0<strong>Giubileo delle bande musicali\u00a0<\/strong>(<strong>10-11 maggio<\/strong>), quello delle\u00a0<strong>Confraternite<\/strong>\u00a0(<strong>16-18 maggio<\/strong>), e infine il mese si concluder\u00e0 con il\u00a0<strong>Giubileo dei Bambini<\/strong>\u00a0il\u00a0<strong>24 e 25 Maggio, dedicato all&#8217;importanza dell&#8217;infanzia, per ascoltare la voce dei pi\u00f9 piccoli, spesso dimenticati e inascoltati,\u00a0<\/strong>e il\u00a0<strong>Giubileo delle Famiglie, dei Nonni e degli Anziani<\/strong>\u00a0dal\u00a0<strong>30 Maggio al 1 Giugno<\/strong>, per riscoprire la bellezza e la centralit\u00e0 della famiglia nella societ\u00e0.<\/p>\n<p>Giugno sar\u00e0 dedicato ai movimenti, alle associazioni e alle nuove comunit\u00e0, ma anche alla Curia Romana e ai Nunzi e allo sport. Dal\u00a0<strong>7-8 Giugno<\/strong>\u00a0si terr\u00e0 infatti il\u00a0<strong>Giubileo dei Movimenti, delle Associazioni e delle nuove Comunit\u00e0<\/strong>, mentre il<strong>\u00a09 Giugno<\/strong>\u00a0si celebrer\u00e0 il\u00a0<strong>Giubileo della Santa Sede<\/strong>. Il mese proseguir\u00e0 con il\u00a0<strong>Giubileo dello Sport<\/strong>\u00a0il\u00a0<strong>14 e 15 Giugno<\/strong>, quello dei\u00a0<strong>Governanti<\/strong>\u00a0<strong>dal 20 al 22 Giugno<\/strong>, un momento di riflessione e di impegno per il bene comune da parte di tutti coloro che ricoprono ruoli di responsabilit\u00e0 politica a livello nazionale e internazionale, e quello dei\u00a0<strong>Seminaristi<\/strong>\u00a0il\u00a0<strong>23 e il 24 Giugno, un&#8217;occasione di discernimento e di crescita vocazionale per tutti i seminaristi del mondo.<\/strong>\u00a0Le celebrazioni torneranno a concentrarsi sulla chiesa e i suoi ministri con il\u00a0<strong>Giubileo dei Vescovi<\/strong>\u00a0(<strong>25 Giugno<\/strong>), quello dei<strong>\u00a0Sacerdoti\u00a0<\/strong>(<strong>26-27 Giugno<\/strong>) e quello delle\u00a0<strong>Chiese Orientali<\/strong>\u00a0(<strong>28 Giugno<\/strong>).<\/p>\n<p>Il\u00a0<strong>13 luglio<\/strong>\u00a0si celebrer\u00e0 il\u00a0<strong>Giubileo dei Detenuti<\/strong>, mentre quello dei\u00a0<strong>Giovani<\/strong>\u00a0avr\u00e0 luogo\u00a0<strong>dal 28 luglio al 3 agosto<\/strong>. In particolare, il 28 luglio si terr\u00e0 la<a href=\"https:\/\/www.holyart.it\/blog\/occasioni-speciali\/gmg-lisbona-2023-papa-francesco-incontra-i-giovani\/\"><strong> Giornata mondiale della Giovent\u00f9<\/strong><\/a> a Tor Vergata, per alimentare la fede dei ragazzi e il loro protagonismo nella Chiesa e nel mondo.<\/p>\n<div class=\"link-article\">\n<p><img loading=\"lazy\" decoding=\"async\" class=\"size-full wp-image-19385 alignleft\" src=\"https:\/\/blog.holyart.it\/it\/wp-content\/uploads\/sites\/17\/2024\/02\/gmg-lisbona-2023.jpg\" alt=\"gmg lisbona 2023\" width=\"150\" height=\"99\" data-kale-share-title=\"Il calendario degli eventi del Giubileo 2025\" data-kale-share-url=\"https:\/\/blog.holyart.it\/it\/?p=19373\" \/><\/p>\n<div class=\"leggi-anche\">Leggi anche:<\/div>\n<p><strong><a href=\"https:\/\/www.holyart.it\/blog\/occasioni-speciali\/gmg-lisbona-2023-papa-francesco-incontra-i-giovani\/\">GMG Lisbona 2023: Papa Francesco incontra i giovani<\/a><\/strong><br \/>\nDal 1 al 6 agosto 2023 si terr\u00e0 a Lisbona la Giornata Mondiale della Giovent\u00f9. Scopriamo di pi\u00f9 su questo evento straordinario&#8230;<\/p>\n<\/div>\n<p>A settembre si svolger\u00e0 il\u00a0<strong>Giubileo della Consolazione (14 e 15 settembre)<\/strong>, mentre il\u00a0<strong>20 e 21<\/strong>\u00a0ci sar\u00e0 il\u00a0<strong>Giubileo degli Operatori di giustizia<\/strong>. Il\u00a0<strong>Giubileo dei Catechisti<\/strong>\u00a0avr\u00f2 luogo\u00a0<strong>dal 26 al 28 settembre,\u00a0<\/strong>per riconoscere il loro ruolo fondamentale nella trasmissione della fede.<\/p>\n<p>A ottobre, mese in cui tradizionalmente si tiene la\u00a0<strong><a href=\"https:\/\/www.holyart.it\/blog\/articoli-religiosi\/festa-dei-nonni-cosa-si-regala-forte-legame-gli-angeli-custodi\/\">Festa dei nonni<\/a><\/strong>, inizier\u00e0 con il\u00a0<strong>Giubileo dei Nonni<\/strong>\u00a0(<strong>4-5 ottobre<\/strong>), per valorizzare la saggezza e l&#8217;esperienza di chi ha tanto da donare.\u00a0<strong>L&#8217;8 e il 9 ottobre<\/strong>\u00a0ci sar\u00e0 il\u00a0<strong>Giubileo della <a href=\"https:\/\/www.holyart.it\/blog\/articoli-religiosi\/cose-la-giornata-mondiale-della-vita-consacrata\/\">Vita consacrata<\/a><\/strong>, l&#8217;<strong>11 e 12<\/strong>\u00a0quello della\u00a0<strong>Spiritualit\u00e0 mariana<\/strong>, il<strong>\u00a018 e 19\u00a0<\/strong>quello del\u00a0<strong>Mondo missionario<\/strong>. Ottobre si concluder\u00e0 dal<strong>\u00a028 ottobre al 2 novembre<\/strong>\u00a0con il\u00a0<strong>Giubileo del Mondo educativo<\/strong>, un&#8217;occasione unica per celebrare il ruolo fondamentale dell&#8217;educazione nella trasmissione dei valori e nella costruzione di un futuro migliore.<\/p>\n<p>Infine, a novembre avranno luogo ancora due grandi eventi giubilari: il\u00a0<strong>16 e 17<\/strong>\u00a0il\u00a0<strong>Giubileo dei poveri e delle persone socialmente escluse<\/strong>, mentre\u00a0<strong>dal 21 al 23<\/strong>\u00a0quello di\u00a0<strong>Cori e corali,\u00a0<\/strong>per celebrare la bellezza del canto corale e per vivere un&#8217;esperienza di comunione fraterna.<\/p>\n<p>Il\u00a0<strong>Giubileo dei Detenuti<\/strong>, che si terr\u00e0 il\u00a0<strong>14 dicembre 2025<\/strong>, sar\u00e0 l&#8217;ultimo degli eventi giubilari del Giubileo 2025, un&#8217;occasione di incontro e di speranza per tutti i detenuti del mondo, un momento per celebrare la dignit\u00e0 di ogni persona, anche di chi ha commesso errori, e per riaffermare il diritto alla speranza e alla redenzione.<\/p>\n<div class=\"link-article\">\n<p><img loading=\"lazy\" decoding=\"async\" class=\"size-full wp-image-19386 alignleft\" src=\"https:\/\/blog.holyart.it\/it\/wp-content\/uploads\/sites\/17\/2024\/02\/giornata-mondiale-della-vita-consacrata.jpg\" alt=\"giornata mondiale della vita consacrata\" width=\"150\" height=\"99\" data-kale-share-title=\"Il calendario degli eventi del Giubileo 2025\" data-kale-share-url=\"https:\/\/blog.holyart.it\/it\/?p=19373\" \/><\/p>\n<div class=\"leggi-anche\">Leggi anche:<\/div>\n<p><strong><a href=\"https:\/\/www.holyart.it\/blog\/articoli-religiosi\/cose-la-giornata-mondiale-della-vita-consacrata\/\">Cos\u2019\u00e8 la Giornata mondiale della vita consacrata<\/a><\/strong><br \/>\nLa Giornata della vita consacrata riconosce il prezioso contributo di uomini e donne che hanno scelto di consacrare la propria vita a Dio&#8230;<\/p>\n<\/div>\n","protected":false},"excerpt":{"rendered":"<p>\u00c8 stato pubblicato il calendario degli eventi del Giubileo 2025, dodici mesi di eventi e occasioni per approfondire la fede, vivere la comunione fraterna e camminare insieme come &#8220;pellegrini di speranza&#8221; Il Giubileo 2025 sar\u00e0 un&#8217;occasione per vivere un\u00a0tempo di grazia e di misericordia, per&hellip;<\/p>\n","protected":false},"author":1,"featured_media":19394,"comment_status":"closed","ping_status":"open","sticky":false,"template":"","format":"standard","meta":{"_acf_changed":false,"footnotes":""},"categories":[25,20,16],"tags":[],"class_list":["post-19373","post","type-post","status-publish","format-standard","has-post-thumbnail","hentry","category-giubileo-2025","category-occasioni-speciali","category-articoli-religiosi"],"acf":[],"yoast_head":"<!-- This site is optimized with the Yoast SEO plugin v26.6 - https:\/\/yoast.com\/wordpress\/plugins\/seo\/ -->\n<title>Il calendario degli eventi del Giubileo 2025 - Holyblog<\/title>\n<meta name=\"description\" content=\"Il calendario del Giubileo 2025 presenta 12 mesi di incontri finalizzati a costruire un futuro migliore, su fraternit\u00e0, solidariet\u00e0 e amore\" \/>\n<meta name=\"robots\" content=\"index, follow, max-snippet:-1, max-image-preview:large, max-video-preview:-1\" \/>\n<link rel=\"canonical\" href=\"https:\/\/blog.holyart.it\/it\/articoli-religiosi\/il-calendario-degli-eventi-del-giubileo-2025\/\" \/>\n<meta property=\"og:locale\" content=\"it_IT\" \/>\n<meta property=\"og:type\" content=\"article\" \/>\n<meta property=\"og:title\" content=\"Il calendario degli eventi del Giubileo 2025 - Holyblog\" \/>\n<meta property=\"og:description\" content=\"Il calendario del Giubileo 2025 presenta 12 mesi di incontri finalizzati a costruire un futuro migliore, su fraternit\u00e0, solidariet\u00e0 e amore\" \/>\n<meta property=\"og:url\" content=\"https:\/\/blog.holyart.it\/it\/articoli-religiosi\/il-calendario-degli-eventi-del-giubileo-2025\/\" \/>\n<meta property=\"og:site_name\" content=\"Holyblog\" \/>\n<meta property=\"article:published_time\" content=\"2024-02-22T09:00:42+00:00\" \/>\n<meta property=\"article:modified_time\" content=\"2025-09-29T13:40:46+00:00\" \/>\n<meta property=\"og:image\" content=\"https:\/\/blog.holyart.it\/it\/wp-content\/uploads\/sites\/17\/2024\/02\/giubileo-2025.jpg\" \/>\n\t<meta property=\"og:image:width\" content=\"1000\" \/>\n\t<meta property=\"og:image:height\" content=\"666\" \/>\n\t<meta property=\"og:image:type\" content=\"image\/jpeg\" \/>\n<meta name=\"author\" content=\"Redazione\" \/>\n<meta name=\"twitter:card\" content=\"summary_large_image\" \/>\n<meta name=\"twitter:label1\" content=\"Scritto da\" \/>\n\t<meta name=\"twitter:data1\" content=\"Redazione\" \/>\n\t<meta name=\"twitter:label2\" content=\"Tempo di lettura stimato\" \/>\n\t<meta name=\"twitter:data2\" content=\"16 minuti\" \/>\n<script type=\"application\/ld+json\" class=\"yoast-schema-graph\">{\"@context\":\"https:\/\/schema.org\",\"@graph\":[{\"@type\":\"Article\",\"@id\":\"https:\/\/blog.holyart.it\/it\/articoli-religiosi\/il-calendario-degli-eventi-del-giubileo-2025\/#article\",\"isPartOf\":{\"@id\":\"https:\/\/blog.holyart.it\/it\/articoli-religiosi\/il-calendario-degli-eventi-del-giubileo-2025\/\"},\"author\":{\"name\":\"Redazione\",\"@id\":\"https:\/\/blog.holyart.it\/it\/#\/schema\/person\/0a7b686e5af0f856ec1e390dd0baecda\"},\"headline\":\"Il calendario degli eventi del Giubileo 2025\",\"datePublished\":\"2024-02-22T09:00:42+00:00\",\"dateModified\":\"2025-09-29T13:40:46+00:00\",\"mainEntityOfPage\":{\"@id\":\"https:\/\/blog.holyart.it\/it\/articoli-religiosi\/il-calendario-degli-eventi-del-giubileo-2025\/\"},\"wordCount\":2354,\"publisher\":{\"@id\":\"https:\/\/blog.holyart.it\/it\/#organization\"},\"image\":{\"@id\":\"https:\/\/blog.holyart.it\/it\/articoli-religiosi\/il-calendario-degli-eventi-del-giubileo-2025\/#primaryimage\"},\"thumbnailUrl\":\"https:\/\/blog.holyart.it\/it\/wp-content\/uploads\/sites\/17\/2024\/02\/giubileo-2025.jpg\",\"articleSection\":[\"Giubileo 2025\",\"Occasioni speciali\",\"Religione\"],\"inLanguage\":\"it-IT\"},{\"@type\":\"WebPage\",\"@id\":\"https:\/\/blog.holyart.it\/it\/articoli-religiosi\/il-calendario-degli-eventi-del-giubileo-2025\/\",\"url\":\"https:\/\/blog.holyart.it\/it\/articoli-religiosi\/il-calendario-degli-eventi-del-giubileo-2025\/\",\"name\":\"Il calendario degli eventi del Giubileo 2025 - Holyblog\",\"isPartOf\":{\"@id\":\"https:\/\/blog.holyart.it\/it\/#website\"},\"primaryImageOfPage\":{\"@id\":\"https:\/\/blog.holyart.it\/it\/articoli-religiosi\/il-calendario-degli-eventi-del-giubileo-2025\/#primaryimage\"},\"image\":{\"@id\":\"https:\/\/blog.holyart.it\/it\/articoli-religiosi\/il-calendario-degli-eventi-del-giubileo-2025\/#primaryimage\"},\"thumbnailUrl\":\"https:\/\/blog.holyart.it\/it\/wp-content\/uploads\/sites\/17\/2024\/02\/giubileo-2025.jpg\",\"datePublished\":\"2024-02-22T09:00:42+00:00\",\"dateModified\":\"2025-09-29T13:40:46+00:00\",\"description\":\"Il calendario del Giubileo 2025 presenta 12 mesi di incontri finalizzati a costruire un futuro migliore, su fraternit\u00e0, solidariet\u00e0 e amore\",\"breadcrumb\":{\"@id\":\"https:\/\/blog.holyart.it\/it\/articoli-religiosi\/il-calendario-degli-eventi-del-giubileo-2025\/#breadcrumb\"},\"inLanguage\":\"it-IT\",\"potentialAction\":[{\"@type\":\"ReadAction\",\"target\":[\"https:\/\/blog.holyart.it\/it\/articoli-religiosi\/il-calendario-degli-eventi-del-giubileo-2025\/\"]}]},{\"@type\":\"ImageObject\",\"inLanguage\":\"it-IT\",\"@id\":\"https:\/\/blog.holyart.it\/it\/articoli-religiosi\/il-calendario-degli-eventi-del-giubileo-2025\/#primaryimage\",\"url\":\"https:\/\/blog.holyart.it\/it\/wp-content\/uploads\/sites\/17\/2024\/02\/giubileo-2025.jpg\",\"contentUrl\":\"https:\/\/blog.holyart.it\/it\/wp-content\/uploads\/sites\/17\/2024\/02\/giubileo-2025.jpg\",\"width\":1000,\"height\":666,\"caption\":\"giubileo\"},{\"@type\":\"BreadcrumbList\",\"@id\":\"https:\/\/blog.holyart.it\/it\/articoli-religiosi\/il-calendario-degli-eventi-del-giubileo-2025\/#breadcrumb\",\"itemListElement\":[{\"@type\":\"ListItem\",\"position\":1,\"name\":\"Homepage\",\"item\":\"https:\/\/blog.holyart.it\/it\/\"},{\"@type\":\"ListItem\",\"position\":2,\"name\":\"Religione\",\"item\":\"https:\/\/blog.holyart.it\/it\/articoli-religiosi\/\"},{\"@type\":\"ListItem\",\"position\":3,\"name\":\"Il calendario degli eventi del Giubileo 2025\"}]},{\"@type\":\"WebSite\",\"@id\":\"https:\/\/blog.holyart.it\/it\/#website\",\"url\":\"https:\/\/blog.holyart.it\/it\/\",\"name\":\"Holyblog\",\"description\":\"Il Blog di Holyart.it\",\"publisher\":{\"@id\":\"https:\/\/blog.holyart.it\/it\/#organization\"},\"potentialAction\":[{\"@type\":\"SearchAction\",\"target\":{\"@type\":\"EntryPoint\",\"urlTemplate\":\"https:\/\/blog.holyart.it\/it\/?s={search_term_string}\"},\"query-input\":{\"@type\":\"PropertyValueSpecification\",\"valueRequired\":true,\"valueName\":\"search_term_string\"}}],\"inLanguage\":\"it-IT\"},{\"@type\":\"Organization\",\"@id\":\"https:\/\/blog.holyart.it\/it\/#organization\",\"name\":\"Holyblog\",\"url\":\"https:\/\/blog.holyart.it\/it\/\",\"logo\":{\"@type\":\"ImageObject\",\"inLanguage\":\"it-IT\",\"@id\":\"https:\/\/blog.holyart.it\/it\/#\/schema\/logo\/image\/\",\"url\":\"https:\/\/blog.holyart.it\/it\/wp-content\/uploads\/sites\/17\/2022\/12\/Holyart_Blog_Logo.jpg\",\"contentUrl\":\"https:\/\/blog.holyart.it\/it\/wp-content\/uploads\/sites\/17\/2022\/12\/Holyart_Blog_Logo.jpg\",\"width\":300,\"height\":50,\"caption\":\"Holyblog\"},\"image\":{\"@id\":\"https:\/\/blog.holyart.it\/it\/#\/schema\/logo\/image\/\"}},{\"@type\":\"Person\",\"@id\":\"https:\/\/blog.holyart.it\/it\/#\/schema\/person\/0a7b686e5af0f856ec1e390dd0baecda\",\"name\":\"Redazione\"}]}<\/script>\n<!-- \/ Yoast SEO plugin. -->","yoast_head_json":{"title":"Il calendario degli eventi del Giubileo 2025 - Holyblog","description":"Il calendario del Giubileo 2025 presenta 12 mesi di incontri finalizzati a costruire un futuro migliore, su fraternit\u00e0, solidariet\u00e0 e amore","robots":{"index":"index","follow":"follow","max-snippet":"max-snippet:-1","max-image-preview":"max-image-preview:large","max-video-preview":"max-video-preview:-1"},"canonical":"https:\/\/blog.holyart.it\/it\/articoli-religiosi\/il-calendario-degli-eventi-del-giubileo-2025\/","og_locale":"it_IT","og_type":"article","og_title":"Il calendario degli eventi del Giubileo 2025 - Holyblog","og_description":"Il calendario del Giubileo 2025 presenta 12 mesi di incontri finalizzati a costruire un futuro migliore, su fraternit\u00e0, solidariet\u00e0 e amore","og_url":"https:\/\/blog.holyart.it\/it\/articoli-religiosi\/il-calendario-degli-eventi-del-giubileo-2025\/","og_site_name":"Holyblog","article_published_time":"2024-02-22T09:00:42+00:00","article_modified_time":"2025-09-29T13:40:46+00:00","og_image":[{"width":1000,"height":666,"url":"https:\/\/blog.holyart.it\/it\/wp-content\/uploads\/sites\/17\/2024\/02\/giubileo-2025.jpg","type":"image\/jpeg"}],"author":"Redazione","twitter_card":"summary_large_image","twitter_misc":{"Scritto da":"Redazione","Tempo di lettura stimato":"16 minuti"},"schema":{"@context":"https:\/\/schema.org","@graph":[{"@type":"Article","@id":"https:\/\/blog.holyart.it\/it\/articoli-religiosi\/il-calendario-degli-eventi-del-giubileo-2025\/#article","isPartOf":{"@id":"https:\/\/blog.holyart.it\/it\/articoli-religiosi\/il-calendario-degli-eventi-del-giubileo-2025\/"},"author":{"name":"Redazione","@id":"https:\/\/blog.holyart.it\/it\/#\/schema\/person\/0a7b686e5af0f856ec1e390dd0baecda"},"headline":"Il calendario degli eventi del Giubileo 2025","datePublished":"2024-02-22T09:00:42+00:00","dateModified":"2025-09-29T13:40:46+00:00","mainEntityOfPage":{"@id":"https:\/\/blog.holyart.it\/it\/articoli-religiosi\/il-calendario-degli-eventi-del-giubileo-2025\/"},"wordCount":2354,"publisher":{"@id":"https:\/\/blog.holyart.it\/it\/#organization"},"image":{"@id":"https:\/\/blog.holyart.it\/it\/articoli-religiosi\/il-calendario-degli-eventi-del-giubileo-2025\/#primaryimage"},"thumbnailUrl":"https:\/\/blog.holyart.it\/it\/wp-content\/uploads\/sites\/17\/2024\/02\/giubileo-2025.jpg","articleSection":["Giubileo 2025","Occasioni speciali","Religione"],"inLanguage":"it-IT"},{"@type":"WebPage","@id":"https:\/\/blog.holyart.it\/it\/articoli-religiosi\/il-calendario-degli-eventi-del-giubileo-2025\/","url":"https:\/\/blog.holyart.it\/it\/articoli-religiosi\/il-calendario-degli-eventi-del-giubileo-2025\/","name":"Il calendario degli eventi del Giubileo 2025 - Holyblog","isPartOf":{"@id":"https:\/\/blog.holyart.it\/it\/#website"},"primaryImageOfPage":{"@id":"https:\/\/blog.holyart.it\/it\/articoli-religiosi\/il-calendario-degli-eventi-del-giubileo-2025\/#primaryimage"},"image":{"@id":"https:\/\/blog.holyart.it\/it\/articoli-religiosi\/il-calendario-degli-eventi-del-giubileo-2025\/#primaryimage"},"thumbnailUrl":"https:\/\/blog.holyart.it\/it\/wp-content\/uploads\/sites\/17\/2024\/02\/giubileo-2025.jpg","datePublished":"2024-02-22T09:00:42+00:00","dateModified":"2025-09-29T13:40:46+00:00","description":"Il calendario del Giubileo 2025 presenta 12 mesi di incontri finalizzati a costruire un futuro migliore, su fraternit\u00e0, solidariet\u00e0 e amore","breadcrumb":{"@id":"https:\/\/blog.holyart.it\/it\/articoli-religiosi\/il-calendario-degli-eventi-del-giubileo-2025\/#breadcrumb"},"inLanguage":"it-IT","potentialAction":[{"@type":"ReadAction","target":["https:\/\/blog.holyart.it\/it\/articoli-religiosi\/il-calendario-degli-eventi-del-giubileo-2025\/"]}]},{"@type":"ImageObject","inLanguage":"it-IT","@id":"https:\/\/blog.holyart.it\/it\/articoli-religiosi\/il-calendario-degli-eventi-del-giubileo-2025\/#primaryimage","url":"https:\/\/blog.holyart.it\/it\/wp-content\/uploads\/sites\/17\/2024\/02\/giubileo-2025.jpg","contentUrl":"https:\/\/blog.holyart.it\/it\/wp-content\/uploads\/sites\/17\/2024\/02\/giubileo-2025.jpg","width":1000,"height":666,"caption":"giubileo"},{"@type":"BreadcrumbList","@id":"https:\/\/blog.holyart.it\/it\/articoli-religiosi\/il-calendario-degli-eventi-del-giubileo-2025\/#breadcrumb","itemListElement":[{"@type":"ListItem","position":1,"name":"Homepage","item":"https:\/\/blog.holyart.it\/it\/"},{"@type":"ListItem","position":2,"name":"Religione","item":"https:\/\/blog.holyart.it\/it\/articoli-religiosi\/"},{"@type":"ListItem","position":3,"name":"Il calendario degli eventi del Giubileo 2025"}]},{"@type":"WebSite","@id":"https:\/\/blog.holyart.it\/it\/#website","url":"https:\/\/blog.holyart.it\/it\/","name":"Holyblog","description":"Il Blog di Holyart.it","publisher":{"@id":"https:\/\/blog.holyart.it\/it\/#organization"},"potentialAction":[{"@type":"SearchAction","target":{"@type":"EntryPoint","urlTemplate":"https:\/\/blog.holyart.it\/it\/?s={search_term_string}"},"query-input":{"@type":"PropertyValueSpecification","valueRequired":true,"valueName":"search_term_string"}}],"inLanguage":"it-IT"},{"@type":"Organization","@id":"https:\/\/blog.holyart.it\/it\/#organization","name":"Holyblog","url":"https:\/\/blog.holyart.it\/it\/","logo":{"@type":"ImageObject","inLanguage":"it-IT","@id":"https:\/\/blog.holyart.it\/it\/#\/schema\/logo\/image\/","url":"https:\/\/blog.holyart.it\/it\/wp-content\/uploads\/sites\/17\/2022\/12\/Holyart_Blog_Logo.jpg","contentUrl":"https:\/\/blog.holyart.it\/it\/wp-content\/uploads\/sites\/17\/2022\/12\/Holyart_Blog_Logo.jpg","width":300,"height":50,"caption":"Holyblog"},"image":{"@id":"https:\/\/blog.holyart.it\/it\/#\/schema\/logo\/image\/"}},{"@type":"Person","@id":"https:\/\/blog.holyart.it\/it\/#\/schema\/person\/0a7b686e5af0f856ec1e390dd0baecda","name":"Redazione"}]}},"_links":{"self":[{"href":"https:\/\/blog.holyart.it\/it\/wp-json\/wp\/v2\/posts\/19373","targetHints":{"allow":["GET"]}}],"collection":[{"href":"https:\/\/blog.holyart.it\/it\/wp-json\/wp\/v2\/posts"}],"about":[{"href":"https:\/\/blog.holyart.it\/it\/wp-json\/wp\/v2\/types\/post"}],"author":[{"embeddable":true,"href":"https:\/\/blog.holyart.it\/it\/wp-json\/wp\/v2\/users\/1"}],"replies":[{"embeddable":true,"href":"https:\/\/blog.holyart.it\/it\/wp-json\/wp\/v2\/comments?post=19373"}],"version-history":[{"count":21,"href":"https:\/\/blog.holyart.it\/it\/wp-json\/wp\/v2\/posts\/19373\/revisions"}],"predecessor-version":[{"id":22669,"href":"https:\/\/blog.holyart.it\/it\/wp-json\/wp\/v2\/posts\/19373\/revisions\/22669"}],"wp:featuredmedia":[{"embeddable":true,"href":"https:\/\/blog.holyart.it\/it\/wp-json\/wp\/v2\/media\/19394"}],"wp:attachment":[{"href":"https:\/\/blog.holyart.it\/it\/wp-json\/wp\/v2\/media?parent=19373"}],"wp:term":[{"taxonomy":"category","embeddable":true,"href":"https:\/\/blog.holyart.it\/it\/wp-json\/wp\/v2\/categories?post=19373"},{"taxonomy":"post_tag","embeddable":true,"href":"https:\/\/blog.holyart.it\/it\/wp-json\/wp\/v2\/tags?post=19373"}],"curies":[{"name":"wp","href":"https:\/\/api.w.org\/{rel}","templated":true}]}}