{"id":19340,"date":"2024-03-27T10:00:00","date_gmt":"2024-03-27T09:00:00","guid":{"rendered":"https:\/\/blog.holyart.it\/it\/?p=19340"},"modified":"2026-03-26T10:52:33","modified_gmt":"2026-03-26T09:52:33","slug":"la-discesa-agli-inferi-di-cristo-e-la-sua-resurrezione","status":"publish","type":"post","link":"https:\/\/blog.holyart.it\/it\/articoli-religiosi\/la-discesa-agli-inferi-di-cristo-e-la-sua-resurrezione\/","title":{"rendered":"La discesa agli inferi di Cristo e la Sua Resurrezione"},"content":{"rendered":"<h4>Come la morte e Risurrezione anche la discesa agli Inferi di Cristo \u00e8 parte integrante della Sua glorificazione. Ges\u00f9 discende agli Inferi solo per risalirne con una gloria ancora maggiore, portando con S\u00e9 le anime dei giusti del passato<\/h4>\n\n<p>Parlare della discesa agli Inferi di Cristo in vista della Pasqua sembra solo all&#8217;apparenza una contraddizione in termini. La Pasqua, come sappiamo, celebra la <strong>Risurrezione di Ges\u00f9 Cristo<\/strong>, l&#8217;evento miracoloso grazie al quale Egli \u00e8 uscito dal sepolcro ed \u00e8 salito al Cielo per sedere alla destra del Padre, come impariamo fin da piccoli recitando il Credo, conosciuto anche come Simbolo degli Apostoli:<\/p>\n<p><em>Il terzo giorno \u00e8 risuscitato,<\/em><br \/>\n<em>secondo le Scritture, \u00e8 salito al cielo,<\/em><br \/>\n<em>siede alla destra del Padre.<\/em><br \/>\n<em>E di nuovo verr\u00e0, nella gloria,<\/em><br \/>\n<em>per giudicare i vivi e i morti,<\/em><br \/>\n<em>e il suo regno non avr\u00e0 fine.<\/em><\/p>\n<p>Tuttavia, prima di poter parlare di\u00a0<a href=\"https:\/\/www.holyart.it\/it\/occasioni-speciali\/pasqua-e-quaresima\/cristo-risorto-e-sacerdote-re\"><strong>Cristo risorto<\/strong><\/a>, dobbiamo considerare\u00a0<strong>la Sua morte<\/strong>. Ges\u00f9 ha scelto consapevolmente di morire, come muoiono tutti gli uomini. Il\u00a0<strong>Simbolo degli Apostoli\u00a0<\/strong>recita infatti cos\u00ec:<\/p>\n<p><em>[Ges\u00f9] pat\u00ec sotto Ponzio Pilato<\/em><br \/>\n<em>fu crocifisso, mor\u00ec e fu sepolto;<\/em><br \/>\n<em>discese agli inferi;<\/em><br \/>\n<em>il terzo giorno risuscit\u00f2 da morte<\/em><\/p>\n<div class=\"link-product\">\n<div class=\"blocco-immagine\"><img loading=\"lazy\" decoding=\"async\" class=\"size-full wp-image-19342 alignleft\" src=\"https:\/\/blog.holyart.it\/it\/wp-content\/uploads\/sites\/17\/2024\/02\/statuina-cristo-risorto-altezza-30-cm.jpg\" alt=\"statuina cristo risorto altezza 30 cm\" width=\"100\" height=\"100\" data-kale-share-title=\"La discesa agli inferi di Cristo e la Sua Resurrezione\" data-kale-share-url=\"https:\/\/blog.holyart.it\/it\/?p=19340\" \/><\/div>\n<div class=\"blocco-contenuto\">\n<div class=\"blocco-acquista\">Acquista su Holyart:<\/div>\n<div class=\"blocco-titolo\"><a href=\"https:\/\/www.holyart.it\/it\/occasioni-speciali\/pasqua-e-quaresima\/cristo-risorto-e-sacerdote-re\">Cristo risorto e sacerdote re<\/a><\/div>\n<div class=\"blocco-descrizione\">Categoria pasquale dedicata ai crocefissi con Cristo Risorto e crocifissi di Cristo Sacerdote Re.<\/div>\n<\/div>\n<\/div>\n<p>Ges\u00f9 ha dunque abbracciato il mistero della morte, l&#8217;orrore dell&#8217;anima che si distacca dal corpo, nel Suo caso con violenza, considerando le sofferenze a cui \u00e8 stato sottoposto. Ges\u00f9 \u00e8 morto, il corpo straziato e <a href=\"https:\/\/www.holyart.it\/it\/occasioni-speciali\/presepe-pasquale\/scena-crocifissione-soldato-maria-statue-9-cm\"><strong>inchiodato alla Croce<\/strong><\/a>, e\u00a0<strong>la Sua anima \u00e8 discesa nel regno dei morti<\/strong>, negli Inferi, come accade a tutti coloro che muoiono. Ma Ges\u00f9 non era un uomo comune. Lui\u00a0<strong>\u00e8 sceso negli Inferi come un Salvatore,<\/strong>\u00a0non per unire i Suoi gemiti a quelli delle altre ombre, ma per\u00a0<strong>portare speranza<\/strong>, per\u00a0<strong>portare luce<\/strong>, per\u00a0<strong>liberare con la Sua Parola le anime<\/strong>.<\/p>\n<p>Alla morte di Ges\u00f9 fa accenno\u00a0<strong>San Pietro Apostolo<\/strong>\u00a0in una delle sue lettere:\u00a0<em>\u201cperch\u00e9 anche Cristo ha sofferto una volta per i peccati, il giusto per gl\u2019ingiusti, per condurci a Dio. Fu messo a morte nella carne, ma vivificato dallo Spirito\u201d<\/em>\u00a0(1 Pietro 3,18-22). La discesa agli Inferi \u00e8 invece descritta nella\u00a0<em>Summa Teologica\u00a0<\/em>di\u00a0<strong>San Tommaso d\u2019Aquino<\/strong>.<\/p>\n<div class=\"link-product\">\n<div class=\"blocco-immagine\"><img loading=\"lazy\" decoding=\"async\" class=\"size-full wp-image-19343 alignleft\" src=\"https:\/\/blog.holyart.it\/it\/wp-content\/uploads\/sites\/17\/2024\/02\/scena-crocifissione-soldato-maria-statue-9-cm-2.jpg\" alt=\"scena crocifissione soldato maria statue 9 cm\" width=\"100\" height=\"100\" data-kale-share-title=\"La discesa agli inferi di Cristo e la Sua Resurrezione\" data-kale-share-url=\"https:\/\/blog.holyart.it\/it\/?p=19340\" \/><\/div>\n<div class=\"blocco-contenuto\">\n<div class=\"blocco-acquista\">Acquista su Holyart:<\/div>\n<div class=\"blocco-titolo\"><a href=\"https:\/\/www.holyart.it\/it\/occasioni-speciali\/presepe-pasquale\/scena-crocifissione-soldato-maria-statue-9-cm\">Scena Crocifissione soldato Maria statue 9 cm<\/a><\/div>\n<div class=\"blocco-descrizione\">Scena di Ges\u00f9 sulla croce con Maria ai suoi piedi.<\/div>\n<\/div>\n<\/div>\n<h2>Perch\u00e9 Ges\u00f9 discese agli Inferi<\/h2>\n<p>Prima di tutto dobbiamo considerare che gli &#8220;inferi&#8221; nei quali \u00e8 sceso Ges\u00f9 non hanno nulla a che vedere con l&#8217;<strong>Inferno<\/strong>\u00a0come lo intendiamo noi, luogo di dannazione e condanna eterna per i peccatori. Possiamo parlare di un pi\u00f9 generico\u00a0<strong>aldil\u00e0<\/strong>, dove tutti i morti si ritrovano, a prescindere dalla loro condotta terrena. Quello che i Greci e i Romani chiamavano Ade, gli ebrei Sh\u00e9ol, gli Egizi semplicemente Regno dei morti.<\/p>\n<p>\u00c8 dunque in un regno dei morti\u00a0<em>neutro<\/em>\u00a0che Ges\u00f9 discende, e la scelta del\u00a0<strong>verbo &#8220;discendere&#8221;<\/strong>\u00a0non \u00e8 casuale, esprime proprio la\u00a0<strong>volont\u00e0 di abbassarsi al livello dei comuni mortali<\/strong>, la scelta di un&#8217;umiliazione che ha come unico fine quello di far comprendere come\u00a0<strong>gli uomini non siano mai soli<\/strong>,\u00a0<strong>mai abbandonati da Dio<\/strong>, nemmeno nella morte. Ges\u00f9, che per tutto il tempo della sua breve vita mortale si \u00e8 dimostrato particolarmente\u00a0<strong>vicino agli umili, agli oppressi, ai peccatori, ai pi\u00f9 fragili e vulnerabili tra gli uomini<\/strong>, dimostra discendendo agli Inferi che\u00a0<strong>il Suo amore va oltre la morte<\/strong>, che \u00e8 venuto per salvare e affrancare non solo le anime che sono e saranno, ma anche quelle che sono gi\u00e0 state, dall&#8217;inizio dei tempi.<\/p>\n<p>A questi spiriti prigionieri Ges\u00f9 tende la mano, li\u00a0<strong>libera<\/strong>\u00a0da catene antiche come il tempo, e quella che all&#8217;inizio poteva sembrare una\u00a0<strong>disfatta<\/strong>, una discesa, diventa una\u00a0<strong>risalita gloriosa<\/strong>, perch\u00e9\u00a0<strong>Ges\u00f9 discende agli Inferi e poi ne risale nella Gloria<\/strong>, portando con S\u00e9 anime giubilanti, salvate, redente.\u00a0<a href=\"https:\/\/www.holyart.it\/it\/occasioni-speciali\/presepe-pasquale\/risurrezione-di-gesu-scena-4-pz-resina-dipinta-a-mano-10-cm\"><strong>Cristo sconfigge la morte<\/strong><\/a>\u00a0nel suo stesso regno, ne sovverte ogni regola, ne sconvolge il mistero stesso, facendone uno strumento e un proclama della Sua grandezza.<\/p>\n<div class=\"link-product\">\n<div class=\"blocco-immagine\"><img loading=\"lazy\" decoding=\"async\" class=\"size-full wp-image-19344 alignleft\" src=\"https:\/\/blog.holyart.it\/it\/wp-content\/uploads\/sites\/17\/2024\/02\/risurrezione-di-gesu-scena-4-pz-resina-dipinta-a-mano-10-cm.jpg\" alt=\"risurrezione di ges\u00f9 scena 4 pz resina dipinta a mano 10 cm\" width=\"100\" height=\"100\" data-kale-share-title=\"La discesa agli inferi di Cristo e la Sua Resurrezione\" data-kale-share-url=\"https:\/\/blog.holyart.it\/it\/?p=19340\" \/><\/div>\n<div class=\"blocco-contenuto\">\n<div class=\"blocco-acquista\">Acquista su Holyart:<\/div>\n<div class=\"blocco-titolo\"><a href=\"https:\/\/www.holyart.it\/it\/occasioni-speciali\/presepe-pasquale\/risurrezione-di-gesu-scena-4-pz-resina-dipinta-a-mano-10-cm\">Risurrezione di Ges\u00f9 scena 4 pz 10 cm<\/a><\/div>\n<div class=\"blocco-descrizione\">Composizione di 4 statuine che rappresentano il miracoloso momento della Passione di Cristo in cui Ges\u00f9 risorge.<\/div>\n<\/div>\n<\/div>\n<h2>La discesa agli Inferi nell\u2019opera di San Tommaso d\u2019Aquino<\/h2>\n<p>La\u00a0<strong>discesa agli Inferi<\/strong>, o\u00a0<em>catabasi<\/em>, \u00e8 un topos che ricorre nella letteratura e nella cultura di molte civilt\u00e0. Pensiamo a Orfeo che scende nell&#8217;Ade per cercare la sposa Euridice, a Ercole che, nell&#8217;ultima delle sue fatiche, deve discendere nel regno dei morti per catturare Cerbero, il cane a tre teste a guardia dell&#8217;Ade. Nella sua\u00a0<strong>Summa Theologiae<\/strong>\u00a0(<em>Summa teologica<\/em>)\u00a0<strong><a href=\"https:\/\/www.holyart.it\/blog\/santi-e-beati\/tommaso-daquino-e-la-gerarchia-degli-angeli\/\">San Tommaso d&#8217;Aquino<\/a><\/strong>, teologo, filosofo e Dottore della Chiesa, che ebbe il merito tra gli altri di saper riconciliare e coniugare la filosofia classica ed ellenistica con la teologia cristiana. Nella sua opera pi\u00f9 importante San Tommaso afferma che Ges\u00f9 discese agli Inferi per\u00a0<strong>quattro motivi fondamentali<\/strong>:<\/p>\n<ol>\n<li>Cristo discende negli Inferi per\u00a0<strong>prendere completamente su di S\u00e9 i peccati dell&#8217;umanit\u00e0 ed espiarli del tutto<\/strong>. Le anime degli uomini gi\u00e0 morti portavano ancora addosso il\u00a0<strong>Peccato originale<\/strong>, e solo andando di persona a liberarle Ges\u00f9 poteva garantire loro la salvezza. Per questo, per estinguere del tutto il peccato, Cristo ha voluto seguire il destino del genere umano in ogni aspetto, anche con la morte e la discesa negli Inferi;<\/li>\n<li><strong>Ges\u00f9 ha amato fino alla fine i Suoi amici<\/strong>\u00a0(<em>&#8220;Ges\u00f9, sapendo che era giunta la sua ora di passare da questo mondo al Padre, dopo aver amato i suoi che erano nel mondo, li am\u00f2 sino alla fine&#8221;<\/em>, Giovanni 13-1). Ma oltre agli Apostoli e ai discepoli vivi, Egli\u00a0<strong>aveva anche amici che erano gi\u00e0 passati nel regno dei morti<\/strong>, e insieme a loro tutti coloro i quali avevano\u00a0<strong>dedicato la propria esistenza all&#8217;attesa del Messia,\u00a0<\/strong>come i profeti dell&#8217;Antico Testamento:\u00a0Abramo, Isacco, Giacobbe, Mos\u00e8, David, e cos\u00ec via. Anche ad essi va il Suo amore e la Sua speranza di salvezza, a chi \u00e8 morto da tempo, ma nella fede della Sua venuta;<\/li>\n<li>Discendendo nell&#8217;oltretomba Ges\u00f9\u00a0<strong>dimostra la propria vittoria sul diavolo<\/strong>. Scardinando le porte del regno dei morti, sovvertendo le regole della morte stessa, pot\u00e9 strappare dalle grinfie del demonio le anime dei giusti;<\/li>\n<li>Morendo Ges\u00f9\u00a0<strong>libera tutti i santi che attendevano nel limbo<\/strong>, come profetizzato da Osea, profeta minore:\u00a0<em>&#8220;Li liberer\u00f2 dal sepolcro, li salver\u00f2 dal potere della morte. A cosa son servite le tue stragi, o morte, che valgono i tuoi micidiali flagelli, o inferno?&#8221;<\/em>\u00a0(Os 13, 14).<\/li>\n<\/ol>\n<div class=\"link-article\">\n<p><img loading=\"lazy\" decoding=\"async\" class=\"size-full wp-image-19345 alignleft\" src=\"https:\/\/blog.holyart.it\/it\/wp-content\/uploads\/sites\/17\/2024\/02\/tommaso-daquino.jpg\" alt=\"tommaso d'aquino\" width=\"150\" height=\"99\" data-kale-share-title=\"La discesa agli inferi di Cristo e la Sua Resurrezione\" data-kale-share-url=\"https:\/\/blog.holyart.it\/it\/?p=19340\" \/><\/p>\n<div class=\"leggi-anche\">Leggi anche:<\/div>\n<p><strong><a href=\"https:\/\/www.holyart.it\/blog\/santi-e-beati\/tommaso-daquino-e-la-gerarchia-degli-angeli\/\">Tommaso d\u2019Aquino e la gerarchia degli angeli<\/a><\/strong><br \/>\nIl 28 gennaio si festeggia la memoria liturgica di San Tommaso d\u2019Aquino, \u2018dottore angelico\u2019 e autore del pi\u00f9 famoso trattato di teologia medioevale&#8230;<\/p>\n<\/div>\n<h2>La Resurrezione di Cristo<\/h2>\n<p>Giungiamo cos\u00ec alla\u00a0<strong>Resurrezione di Cristo<\/strong>, all&#8217;ultimo atto della Sua vicenda nel mondo degli uomini, vivi e morti.<\/p>\n<p><em>Il terzo giorno \u00e8 risuscitato,<\/em><br \/>\n<em>secondo le Scritture, \u00e8 salito al cielo,<\/em><br \/>\n<em>siede alla destra del Padre.<\/em><\/p>\n<p>Torniamo al\u00a0<strong>Simbolo degli Apostoli<\/strong>, al\u00a0<em>Credo<\/em>, e in particolare al momento in cui, dopo aver enumerato le vicende della vita di\u00a0<strong>Ges\u00f9 come uomo<\/strong>\u00a0(si \u00e8 incarnato nel seno di Maria, si \u00e8 fatto uomo, fu crocifisso, mor\u00ec e fu sepolto) si riconosce la Sua\u00a0<strong>glorificazione come figlio di Dio<\/strong>\u00a0<strong>e Salvatore<\/strong>.\u00a0<strong>La morte di Ges\u00f9 \u00e8 stata solo un momento<\/strong>, un&#8217;interruzione momentanea dell&#8217;immenso flusso d&#8217;amore che da Lui scaturiva e si riversava su chi gli stava accanto. I Suoi amici, i Suoi discepoli hanno avvertito la Sua mancanza solo per un istante, e subito<strong>\u00a0lo hanno ritrovato, nella luce e nella gloria della Resurrezione<\/strong>, emblema di salvezza per tutti loro, speranza per ogni uomo che vive, vivr\u00e0 e che \u00e8 gi\u00e0 vissuto. Solo tre giorni, e nemmeno completi, tra la morte e la Resurrezione, tre giorni che\u00a0<strong>simboleggiano il dubbio<\/strong>, la paura di essere abbandonati da Dio, per poi poter riconoscere e apprezzare ancora di pi\u00f9 la Salvezza.<\/p>\n<p>Nella Resurrezione Ges\u00f9 non salva Se stesso, sfuggendo alla morte, ma\u00a0<strong>si riconferma come salvatore dell&#8217;umanit\u00e0 intera<\/strong>, riconferma tutto quello che \u00e8 stato il Suo messaggio, il Suo insegnamento fino al momento della morte. Per questo\u00a0<strong>consideriamo la <a href=\"https:\/\/www.holyart.it\/it\/occasioni-speciali\/presepe-pasquale\/statua-resurrezione-gesu-raggiera-resina-9-cm\">Resurrezione<\/a> il momento pi\u00f9 alto della storia della cristianit\u00e0<\/strong>, fondamento della Fede e punto di partenza per la speranza e la salvezza per gli uomini.<\/p>\n<div class=\"link-product\">\n<div class=\"blocco-immagine\"><img loading=\"lazy\" decoding=\"async\" class=\"size-full wp-image-19347 alignleft\" src=\"https:\/\/blog.holyart.it\/it\/wp-content\/uploads\/sites\/17\/2024\/02\/statua-resurrezione-gesu-raggiera-resina-9-cm-1.jpg\" alt=\"statua resurrezione ges\u00f9 raggiera resina 9 cm\" width=\"100\" height=\"100\" data-kale-share-title=\"La discesa agli inferi di Cristo e la Sua Resurrezione\" data-kale-share-url=\"https:\/\/blog.holyart.it\/it\/?p=19340\" \/><\/div>\n<div class=\"blocco-contenuto\">\n<div class=\"blocco-acquista\">Acquista su Holyart:<\/div>\n<div class=\"blocco-titolo\"><a href=\"https:\/\/www.holyart.it\/it\/occasioni-speciali\/presepe-pasquale\/statua-resurrezione-gesu-raggiera-resina-9-cm\">Statua Resurrezione Ges\u00f9 raggiera resina 9 cm<\/a><\/div>\n<div class=\"blocco-descrizione\">Statuina di Ges\u00f9 nel momento della risurrezione.<\/div>\n<\/div>\n<\/div>\n","protected":false},"excerpt":{"rendered":"<p>Come la morte e Risurrezione anche la discesa agli Inferi di Cristo \u00e8 parte integrante della Sua glorificazione. Ges\u00f9 discende agli Inferi solo per risalirne con una gloria ancora maggiore, portando con S\u00e9 le anime dei giusti del passato Parlare della discesa agli Inferi di&hellip;<\/p>\n","protected":false},"author":1,"featured_media":19351,"comment_status":"closed","ping_status":"open","sticky":false,"template":"","format":"standard","meta":{"_acf_changed":false,"footnotes":""},"categories":[20,26,16],"tags":[],"class_list":["post-19340","post","type-post","status-publish","format-standard","has-post-thumbnail","hentry","category-occasioni-speciali","category-pasqua","category-articoli-religiosi"],"acf":[],"yoast_head":"<!-- This site is optimized with the Yoast SEO plugin v26.6 - https:\/\/yoast.com\/wordpress\/plugins\/seo\/ -->\n<title>La discesa agli inferi di Cristo e la Sua Resurrezione - Holyblog<\/title>\n<meta name=\"description\" content=\"In vista della Pasqua ricordiamo la morte e Risurrezione di Cristo, ma anche la Sua discesa agli inferi, atto d\u2019amore e salvezza per le anime\" \/>\n<meta name=\"robots\" content=\"index, follow, max-snippet:-1, max-image-preview:large, max-video-preview:-1\" \/>\n<link rel=\"canonical\" href=\"https:\/\/blog.holyart.it\/it\/articoli-religiosi\/la-discesa-agli-inferi-di-cristo-e-la-sua-resurrezione\/\" \/>\n<meta property=\"og:locale\" content=\"it_IT\" \/>\n<meta property=\"og:type\" content=\"article\" \/>\n<meta property=\"og:title\" content=\"La discesa agli inferi di Cristo e la Sua Resurrezione - Holyblog\" \/>\n<meta property=\"og:description\" content=\"In vista della Pasqua ricordiamo la morte e Risurrezione di Cristo, ma anche la Sua discesa agli inferi, atto d\u2019amore e salvezza per le anime\" \/>\n<meta property=\"og:url\" content=\"https:\/\/blog.holyart.it\/it\/articoli-religiosi\/la-discesa-agli-inferi-di-cristo-e-la-sua-resurrezione\/\" \/>\n<meta property=\"og:site_name\" content=\"Holyblog\" \/>\n<meta property=\"article:published_time\" content=\"2024-03-27T09:00:00+00:00\" \/>\n<meta property=\"article:modified_time\" content=\"2026-03-26T09:52:33+00:00\" \/>\n<meta property=\"og:image\" content=\"https:\/\/blog.holyart.it\/it\/wp-content\/uploads\/sites\/17\/2024\/02\/discesa-agli-inferi-e-resurrezione-di-gesu.jpeg\" \/>\n\t<meta property=\"og:image:width\" content=\"1000\" \/>\n\t<meta property=\"og:image:height\" content=\"666\" \/>\n\t<meta property=\"og:image:type\" content=\"image\/jpeg\" \/>\n<meta name=\"author\" content=\"Redazione\" \/>\n<meta name=\"twitter:card\" content=\"summary_large_image\" \/>\n<meta name=\"twitter:label1\" content=\"Scritto da\" \/>\n\t<meta name=\"twitter:data1\" content=\"Redazione\" \/>\n\t<meta name=\"twitter:label2\" content=\"Tempo di lettura stimato\" \/>\n\t<meta name=\"twitter:data2\" content=\"9 minuti\" \/>\n<script type=\"application\/ld+json\" class=\"yoast-schema-graph\">{\"@context\":\"https:\/\/schema.org\",\"@graph\":[{\"@type\":\"Article\",\"@id\":\"https:\/\/blog.holyart.it\/it\/articoli-religiosi\/la-discesa-agli-inferi-di-cristo-e-la-sua-resurrezione\/#article\",\"isPartOf\":{\"@id\":\"https:\/\/blog.holyart.it\/it\/articoli-religiosi\/la-discesa-agli-inferi-di-cristo-e-la-sua-resurrezione\/\"},\"author\":{\"name\":\"Redazione\",\"@id\":\"https:\/\/blog.holyart.it\/it\/#\/schema\/person\/0a7b686e5af0f856ec1e390dd0baecda\"},\"headline\":\"La discesa agli inferi di Cristo e la Sua Resurrezione\",\"datePublished\":\"2024-03-27T09:00:00+00:00\",\"dateModified\":\"2026-03-26T09:52:33+00:00\",\"mainEntityOfPage\":{\"@id\":\"https:\/\/blog.holyart.it\/it\/articoli-religiosi\/la-discesa-agli-inferi-di-cristo-e-la-sua-resurrezione\/\"},\"wordCount\":1367,\"publisher\":{\"@id\":\"https:\/\/blog.holyart.it\/it\/#organization\"},\"image\":{\"@id\":\"https:\/\/blog.holyart.it\/it\/articoli-religiosi\/la-discesa-agli-inferi-di-cristo-e-la-sua-resurrezione\/#primaryimage\"},\"thumbnailUrl\":\"https:\/\/blog.holyart.it\/it\/wp-content\/uploads\/sites\/17\/2024\/02\/discesa-agli-inferi-e-resurrezione-di-gesu.jpeg\",\"articleSection\":[\"Occasioni speciali\",\"Pasqua\",\"Religione\"],\"inLanguage\":\"it-IT\"},{\"@type\":\"WebPage\",\"@id\":\"https:\/\/blog.holyart.it\/it\/articoli-religiosi\/la-discesa-agli-inferi-di-cristo-e-la-sua-resurrezione\/\",\"url\":\"https:\/\/blog.holyart.it\/it\/articoli-religiosi\/la-discesa-agli-inferi-di-cristo-e-la-sua-resurrezione\/\",\"name\":\"La discesa agli inferi di Cristo e la Sua Resurrezione - Holyblog\",\"isPartOf\":{\"@id\":\"https:\/\/blog.holyart.it\/it\/#website\"},\"primaryImageOfPage\":{\"@id\":\"https:\/\/blog.holyart.it\/it\/articoli-religiosi\/la-discesa-agli-inferi-di-cristo-e-la-sua-resurrezione\/#primaryimage\"},\"image\":{\"@id\":\"https:\/\/blog.holyart.it\/it\/articoli-religiosi\/la-discesa-agli-inferi-di-cristo-e-la-sua-resurrezione\/#primaryimage\"},\"thumbnailUrl\":\"https:\/\/blog.holyart.it\/it\/wp-content\/uploads\/sites\/17\/2024\/02\/discesa-agli-inferi-e-resurrezione-di-gesu.jpeg\",\"datePublished\":\"2024-03-27T09:00:00+00:00\",\"dateModified\":\"2026-03-26T09:52:33+00:00\",\"description\":\"In vista della Pasqua ricordiamo la morte e Risurrezione di Cristo, ma anche la Sua discesa agli inferi, atto d\u2019amore e salvezza per le anime\",\"breadcrumb\":{\"@id\":\"https:\/\/blog.holyart.it\/it\/articoli-religiosi\/la-discesa-agli-inferi-di-cristo-e-la-sua-resurrezione\/#breadcrumb\"},\"inLanguage\":\"it-IT\",\"potentialAction\":[{\"@type\":\"ReadAction\",\"target\":[\"https:\/\/blog.holyart.it\/it\/articoli-religiosi\/la-discesa-agli-inferi-di-cristo-e-la-sua-resurrezione\/\"]}]},{\"@type\":\"ImageObject\",\"inLanguage\":\"it-IT\",\"@id\":\"https:\/\/blog.holyart.it\/it\/articoli-religiosi\/la-discesa-agli-inferi-di-cristo-e-la-sua-resurrezione\/#primaryimage\",\"url\":\"https:\/\/blog.holyart.it\/it\/wp-content\/uploads\/sites\/17\/2024\/02\/discesa-agli-inferi-e-resurrezione-di-gesu.jpeg\",\"contentUrl\":\"https:\/\/blog.holyart.it\/it\/wp-content\/uploads\/sites\/17\/2024\/02\/discesa-agli-inferi-e-resurrezione-di-gesu.jpeg\",\"width\":1000,\"height\":666,\"caption\":\"discesa agli inferi e resurrezione di ges\u00f9\"},{\"@type\":\"BreadcrumbList\",\"@id\":\"https:\/\/blog.holyart.it\/it\/articoli-religiosi\/la-discesa-agli-inferi-di-cristo-e-la-sua-resurrezione\/#breadcrumb\",\"itemListElement\":[{\"@type\":\"ListItem\",\"position\":1,\"name\":\"Homepage\",\"item\":\"https:\/\/blog.holyart.it\/it\/\"},{\"@type\":\"ListItem\",\"position\":2,\"name\":\"Religione\",\"item\":\"https:\/\/blog.holyart.it\/it\/articoli-religiosi\/\"},{\"@type\":\"ListItem\",\"position\":3,\"name\":\"La discesa agli inferi di Cristo e la Sua Resurrezione\"}]},{\"@type\":\"WebSite\",\"@id\":\"https:\/\/blog.holyart.it\/it\/#website\",\"url\":\"https:\/\/blog.holyart.it\/it\/\",\"name\":\"Holyblog\",\"description\":\"Il Blog di Holyart.it\",\"publisher\":{\"@id\":\"https:\/\/blog.holyart.it\/it\/#organization\"},\"potentialAction\":[{\"@type\":\"SearchAction\",\"target\":{\"@type\":\"EntryPoint\",\"urlTemplate\":\"https:\/\/blog.holyart.it\/it\/?s={search_term_string}\"},\"query-input\":{\"@type\":\"PropertyValueSpecification\",\"valueRequired\":true,\"valueName\":\"search_term_string\"}}],\"inLanguage\":\"it-IT\"},{\"@type\":\"Organization\",\"@id\":\"https:\/\/blog.holyart.it\/it\/#organization\",\"name\":\"Holyblog\",\"url\":\"https:\/\/blog.holyart.it\/it\/\",\"logo\":{\"@type\":\"ImageObject\",\"inLanguage\":\"it-IT\",\"@id\":\"https:\/\/blog.holyart.it\/it\/#\/schema\/logo\/image\/\",\"url\":\"https:\/\/blog.holyart.it\/it\/wp-content\/uploads\/sites\/17\/2022\/12\/Holyart_Blog_Logo.jpg\",\"contentUrl\":\"https:\/\/blog.holyart.it\/it\/wp-content\/uploads\/sites\/17\/2022\/12\/Holyart_Blog_Logo.jpg\",\"width\":300,\"height\":50,\"caption\":\"Holyblog\"},\"image\":{\"@id\":\"https:\/\/blog.holyart.it\/it\/#\/schema\/logo\/image\/\"}},{\"@type\":\"Person\",\"@id\":\"https:\/\/blog.holyart.it\/it\/#\/schema\/person\/0a7b686e5af0f856ec1e390dd0baecda\",\"name\":\"Redazione\"}]}<\/script>\n<!-- \/ Yoast SEO plugin. -->","yoast_head_json":{"title":"La discesa agli inferi di Cristo e la Sua Resurrezione - Holyblog","description":"In vista della Pasqua ricordiamo la morte e Risurrezione di Cristo, ma anche la Sua discesa agli inferi, atto d\u2019amore e salvezza per le anime","robots":{"index":"index","follow":"follow","max-snippet":"max-snippet:-1","max-image-preview":"max-image-preview:large","max-video-preview":"max-video-preview:-1"},"canonical":"https:\/\/blog.holyart.it\/it\/articoli-religiosi\/la-discesa-agli-inferi-di-cristo-e-la-sua-resurrezione\/","og_locale":"it_IT","og_type":"article","og_title":"La discesa agli inferi di Cristo e la Sua Resurrezione - Holyblog","og_description":"In vista della Pasqua ricordiamo la morte e Risurrezione di Cristo, ma anche la Sua discesa agli inferi, atto d\u2019amore e salvezza per le anime","og_url":"https:\/\/blog.holyart.it\/it\/articoli-religiosi\/la-discesa-agli-inferi-di-cristo-e-la-sua-resurrezione\/","og_site_name":"Holyblog","article_published_time":"2024-03-27T09:00:00+00:00","article_modified_time":"2026-03-26T09:52:33+00:00","og_image":[{"width":1000,"height":666,"url":"https:\/\/blog.holyart.it\/it\/wp-content\/uploads\/sites\/17\/2024\/02\/discesa-agli-inferi-e-resurrezione-di-gesu.jpeg","type":"image\/jpeg"}],"author":"Redazione","twitter_card":"summary_large_image","twitter_misc":{"Scritto da":"Redazione","Tempo di lettura stimato":"9 minuti"},"schema":{"@context":"https:\/\/schema.org","@graph":[{"@type":"Article","@id":"https:\/\/blog.holyart.it\/it\/articoli-religiosi\/la-discesa-agli-inferi-di-cristo-e-la-sua-resurrezione\/#article","isPartOf":{"@id":"https:\/\/blog.holyart.it\/it\/articoli-religiosi\/la-discesa-agli-inferi-di-cristo-e-la-sua-resurrezione\/"},"author":{"name":"Redazione","@id":"https:\/\/blog.holyart.it\/it\/#\/schema\/person\/0a7b686e5af0f856ec1e390dd0baecda"},"headline":"La discesa agli inferi di Cristo e la Sua Resurrezione","datePublished":"2024-03-27T09:00:00+00:00","dateModified":"2026-03-26T09:52:33+00:00","mainEntityOfPage":{"@id":"https:\/\/blog.holyart.it\/it\/articoli-religiosi\/la-discesa-agli-inferi-di-cristo-e-la-sua-resurrezione\/"},"wordCount":1367,"publisher":{"@id":"https:\/\/blog.holyart.it\/it\/#organization"},"image":{"@id":"https:\/\/blog.holyart.it\/it\/articoli-religiosi\/la-discesa-agli-inferi-di-cristo-e-la-sua-resurrezione\/#primaryimage"},"thumbnailUrl":"https:\/\/blog.holyart.it\/it\/wp-content\/uploads\/sites\/17\/2024\/02\/discesa-agli-inferi-e-resurrezione-di-gesu.jpeg","articleSection":["Occasioni speciali","Pasqua","Religione"],"inLanguage":"it-IT"},{"@type":"WebPage","@id":"https:\/\/blog.holyart.it\/it\/articoli-religiosi\/la-discesa-agli-inferi-di-cristo-e-la-sua-resurrezione\/","url":"https:\/\/blog.holyart.it\/it\/articoli-religiosi\/la-discesa-agli-inferi-di-cristo-e-la-sua-resurrezione\/","name":"La discesa agli inferi di Cristo e la Sua Resurrezione - Holyblog","isPartOf":{"@id":"https:\/\/blog.holyart.it\/it\/#website"},"primaryImageOfPage":{"@id":"https:\/\/blog.holyart.it\/it\/articoli-religiosi\/la-discesa-agli-inferi-di-cristo-e-la-sua-resurrezione\/#primaryimage"},"image":{"@id":"https:\/\/blog.holyart.it\/it\/articoli-religiosi\/la-discesa-agli-inferi-di-cristo-e-la-sua-resurrezione\/#primaryimage"},"thumbnailUrl":"https:\/\/blog.holyart.it\/it\/wp-content\/uploads\/sites\/17\/2024\/02\/discesa-agli-inferi-e-resurrezione-di-gesu.jpeg","datePublished":"2024-03-27T09:00:00+00:00","dateModified":"2026-03-26T09:52:33+00:00","description":"In vista della Pasqua ricordiamo la morte e Risurrezione di Cristo, ma anche la Sua discesa agli inferi, atto d\u2019amore e salvezza per le anime","breadcrumb":{"@id":"https:\/\/blog.holyart.it\/it\/articoli-religiosi\/la-discesa-agli-inferi-di-cristo-e-la-sua-resurrezione\/#breadcrumb"},"inLanguage":"it-IT","potentialAction":[{"@type":"ReadAction","target":["https:\/\/blog.holyart.it\/it\/articoli-religiosi\/la-discesa-agli-inferi-di-cristo-e-la-sua-resurrezione\/"]}]},{"@type":"ImageObject","inLanguage":"it-IT","@id":"https:\/\/blog.holyart.it\/it\/articoli-religiosi\/la-discesa-agli-inferi-di-cristo-e-la-sua-resurrezione\/#primaryimage","url":"https:\/\/blog.holyart.it\/it\/wp-content\/uploads\/sites\/17\/2024\/02\/discesa-agli-inferi-e-resurrezione-di-gesu.jpeg","contentUrl":"https:\/\/blog.holyart.it\/it\/wp-content\/uploads\/sites\/17\/2024\/02\/discesa-agli-inferi-e-resurrezione-di-gesu.jpeg","width":1000,"height":666,"caption":"discesa agli inferi e resurrezione di ges\u00f9"},{"@type":"BreadcrumbList","@id":"https:\/\/blog.holyart.it\/it\/articoli-religiosi\/la-discesa-agli-inferi-di-cristo-e-la-sua-resurrezione\/#breadcrumb","itemListElement":[{"@type":"ListItem","position":1,"name":"Homepage","item":"https:\/\/blog.holyart.it\/it\/"},{"@type":"ListItem","position":2,"name":"Religione","item":"https:\/\/blog.holyart.it\/it\/articoli-religiosi\/"},{"@type":"ListItem","position":3,"name":"La discesa agli inferi di Cristo e la Sua Resurrezione"}]},{"@type":"WebSite","@id":"https:\/\/blog.holyart.it\/it\/#website","url":"https:\/\/blog.holyart.it\/it\/","name":"Holyblog","description":"Il Blog di Holyart.it","publisher":{"@id":"https:\/\/blog.holyart.it\/it\/#organization"},"potentialAction":[{"@type":"SearchAction","target":{"@type":"EntryPoint","urlTemplate":"https:\/\/blog.holyart.it\/it\/?s={search_term_string}"},"query-input":{"@type":"PropertyValueSpecification","valueRequired":true,"valueName":"search_term_string"}}],"inLanguage":"it-IT"},{"@type":"Organization","@id":"https:\/\/blog.holyart.it\/it\/#organization","name":"Holyblog","url":"https:\/\/blog.holyart.it\/it\/","logo":{"@type":"ImageObject","inLanguage":"it-IT","@id":"https:\/\/blog.holyart.it\/it\/#\/schema\/logo\/image\/","url":"https:\/\/blog.holyart.it\/it\/wp-content\/uploads\/sites\/17\/2022\/12\/Holyart_Blog_Logo.jpg","contentUrl":"https:\/\/blog.holyart.it\/it\/wp-content\/uploads\/sites\/17\/2022\/12\/Holyart_Blog_Logo.jpg","width":300,"height":50,"caption":"Holyblog"},"image":{"@id":"https:\/\/blog.holyart.it\/it\/#\/schema\/logo\/image\/"}},{"@type":"Person","@id":"https:\/\/blog.holyart.it\/it\/#\/schema\/person\/0a7b686e5af0f856ec1e390dd0baecda","name":"Redazione"}]}},"_links":{"self":[{"href":"https:\/\/blog.holyart.it\/it\/wp-json\/wp\/v2\/posts\/19340","targetHints":{"allow":["GET"]}}],"collection":[{"href":"https:\/\/blog.holyart.it\/it\/wp-json\/wp\/v2\/posts"}],"about":[{"href":"https:\/\/blog.holyart.it\/it\/wp-json\/wp\/v2\/types\/post"}],"author":[{"embeddable":true,"href":"https:\/\/blog.holyart.it\/it\/wp-json\/wp\/v2\/users\/1"}],"replies":[{"embeddable":true,"href":"https:\/\/blog.holyart.it\/it\/wp-json\/wp\/v2\/comments?post=19340"}],"version-history":[{"count":5,"href":"https:\/\/blog.holyart.it\/it\/wp-json\/wp\/v2\/posts\/19340\/revisions"}],"predecessor-version":[{"id":19350,"href":"https:\/\/blog.holyart.it\/it\/wp-json\/wp\/v2\/posts\/19340\/revisions\/19350"}],"wp:featuredmedia":[{"embeddable":true,"href":"https:\/\/blog.holyart.it\/it\/wp-json\/wp\/v2\/media\/19351"}],"wp:attachment":[{"href":"https:\/\/blog.holyart.it\/it\/wp-json\/wp\/v2\/media?parent=19340"}],"wp:term":[{"taxonomy":"category","embeddable":true,"href":"https:\/\/blog.holyart.it\/it\/wp-json\/wp\/v2\/categories?post=19340"},{"taxonomy":"post_tag","embeddable":true,"href":"https:\/\/blog.holyart.it\/it\/wp-json\/wp\/v2\/tags?post=19340"}],"curies":[{"name":"wp","href":"https:\/\/api.w.org\/{rel}","templated":true}]}}