{"id":19236,"date":"2024-02-26T10:00:12","date_gmt":"2024-02-26T09:00:12","guid":{"rendered":"https:\/\/blog.holyart.it\/it\/?p=19236"},"modified":"2026-03-09T10:06:45","modified_gmt":"2026-03-09T09:06:45","slug":"la-vita-pubblica-di-gesu-dal-battesimo-allultima-cena","status":"publish","type":"post","link":"https:\/\/blog.holyart.it\/it\/articoli-religiosi\/la-vita-pubblica-di-gesu-dal-battesimo-allultima-cena\/","title":{"rendered":"La vita pubblica di Ges\u00f9: dal Battesimo all&#8217;Ultima Cena"},"content":{"rendered":"<h4>Dal Battesimo nel Giordano all&#8217;ingresso trionfale a Gerusalemme. I tre anni della vita pubblica di Ges\u00f9 che hanno cambiato il destino del mondo<\/h4>\n\n<p>Tutti conosciamo\u00a0<a href=\"https:\/\/www.holyart.it\/blog\/articoli-religiosi\/la-storia-di-gesu-gli-eventi-piu-importanti-della-sua-vita\/\"><strong>la vita di Ges\u00f9 Cristo<\/strong><\/a>\u00a0come raccontata nei\u00a0<strong><a href=\"https:\/\/www.holyart.it\/it\/articoli-religiosi\/libri-e-testi-sacri\/vangeli\">Vangeli<\/a><\/strong>. Una parabola umana inevitabilmente intrecciata con le vicende storiche dell&#8217;epoca in cui Egli \u00e8 vissuto, e parimenti influenzata dalla portata immensa e rivoluzionaria del Suo messaggio spirituale. In particolare,<strong>\u00a0la vita pubblica di Ges\u00f9<\/strong>, gli anni nei quali Egli ha svolto il Suo ministero, insegnato, <a href=\"https:\/\/www.holyart.it\/blog\/articoli-religiosi\/i-miracoli-di-gesu-nei-quattro-vangeli\/\"><strong>compiuto miracoli<\/strong><\/a> e preparato i Suoi discepoli per il Suo sacrificio finale, risultano salienti per comprendere il senso stesso della religione di cui Lui \u00e8 stato ed \u00e8 simbolo, promotore e speranza. Per quanto riguarda i cosiddetti\u00a0<strong><a href=\"https:\/\/www.holyart.it\/blog\/articoli-religiosi\/gli-anni-perduti-della-vita-di-gesu\/\">anni perduti di Ges\u00f9<\/a><\/strong>, la Sua infanzia e in generale quelli precedenti al suo ingresso nella vita pubblica, le narrazioni presenti nei Vangeli canonici del Nuovo Testamento hanno lasciato molti vuoti narrativi e interrogativi. Per colmare queste lacune, sono emersi nel corso dei secoli i cosiddetti\u00a0<strong>Vangeli apocrifi<\/strong>, testi che tentano di gettare luce su aspetti poco conosciuti della vita di Ges\u00f9. Molti studiosi, nel loro impegno di comprendere meglio il messaggio e la storia di Ges\u00f9, si sono rivolti a una variet\u00e0 di fonti, soprattutto medievali, creando un ricco campo di ricerca e dibattito.<\/p>\n<div class=\"link-article\">\n<p><img loading=\"lazy\" decoding=\"async\" class=\"size-full wp-image-19238 alignleft\" src=\"https:\/\/blog.holyart.it\/it\/wp-content\/uploads\/sites\/17\/2024\/01\/storia-di-gesu-ultima-cena-2.jpg\" alt=\"storia di ges\u00f9 ultima cena\" width=\"150\" height=\"99\" data-kale-share-title=\"La vita pubblica di Ges\u00f9: dal Battesimo all\u2019Ultima Cena\" data-kale-share-url=\"https:\/\/blog.holyart.it\/it\/?p=19236\" \/><\/p>\n<div class=\"leggi-anche\">Leggi anche:<\/div>\n<p><strong><a href=\"https:\/\/www.holyart.it\/blog\/articoli-religiosi\/la-storia-di-gesu-gli-eventi-piu-importanti-della-sua-vita\/\">La storia di Ges\u00f9: gli eventi pi\u00f9 importanti della Sua vita<\/a><\/strong><br \/>\nLa storia di Ges\u00f9, tra racconto evangelico, realt\u00e0 storica e leggenda devozionale. In vista della Pasqua ricostruiamo la vicenda umana&#8230;<\/p>\n<\/div>\n<p>Tornando invece alla vita pubblica di Ges\u00f9,\u00a0<strong>dal Suo Battesimo all&#8217;Ultima Cena<\/strong>, si tratta di un periodo ricco di insegnamenti, miracoli e momenti che hanno profondamente influenzato la storia e la cultura occidentale. Le Sue parole e i suoi atti in vita hanno gettato le basi per il Cristianesimo. Vediamo gli episodi salienti della vita pubblica di Ges\u00f9.<\/p>\n<h2>Il primo episodio della vita pubblica di Ges\u00f9<\/h2>\n<p>La narrazione della vita pubblica di Ges\u00f9 inizia con il Suo Battesimo da parte di\u00a0<a href=\"https:\/\/www.holyart.it\/blog\/santi-e-beati\/24-giugno-san-giovanni-battista\/\"><strong>Giovanni il Battista<\/strong><\/a>. Secondo il Vangelo, Ges\u00f9 si rec\u00f2 al fiume Giordano per farsi battezzare da Giovanni, che sulle rive del fiume preparava la venuta del Messia promesso purificando e preparando le genti. Nonostante Giovanni esitasse inizialmente a battezzare Ges\u00f9, riconoscendo la Sua superiorit\u00e0 spirituale, Ges\u00f9 insistette affinch\u00e9 il battesimo avvenisse. Questo atto di umilt\u00e0 da parte di Ges\u00f9 mostra la\u00a0<strong>Sua identificazione con l&#8217;umanit\u00e0 e la Sua dedizione alla missione divina\u00a0<\/strong>che lo attende. Secondo il racconto evangelico mentre era immerso nell&#8217;acqua, lo Spirito Santo \u00e8 disceso su di Lui come una colomba, e una voce dal cielo ha dichiarato:\u00a0<em>&#8220;Questi \u00e8 il mio Figlio prediletto, nel quale mi sono compiaciuto&#8221;<\/em>\u00a0(Matteo 3:17). Un momento di trasformazione e identificazione, dunque, in occasione del quale, per la prima volta,\u00a0<strong>Ges\u00f9 \u00e8 riconosciuto come<\/strong>\u00a0<strong>Figlio di Dio<\/strong>. L&#8217;incontro tra <a href=\"https:\/\/www.holyart.it\/it\/occasioni-speciali\/presepe-pasquale\/scena-battesimo-di-gesu-nel-giordano-9-cm\"><strong>Ges\u00f9 e Giovanni Battista<\/strong><\/a> \u00e8 un momento di riconoscimento reciproco e simbolizza l<strong>&#8216;approvazione divina del ministero di Ges\u00f9<\/strong>.<br \/>\nIl Battesimo di Ges\u00f9 non \u00e8 solo un evento di importanza simbolica, ma<strong>\u00a0segna anche l&#8217;inizio formale della Sua vita pubblica e del Suo ministero<\/strong>, sottolineando la continuit\u00e0 tra la tradizione ebraica e il nuovo messaggio di amore, redenzione e speranza che Cristo porta a tutta l&#8217;umanit\u00e0.<\/p>\n<div class=\"link-product\">\n<div class=\"blocco-immagine\"><img loading=\"lazy\" decoding=\"async\" class=\"size-full wp-image-19239 alignleft\" src=\"https:\/\/blog.holyart.it\/it\/wp-content\/uploads\/sites\/17\/2024\/01\/scena-battesimo-di-gesu-nel-giordano-9-cm.jpg\" alt=\"scena battesimo di gesu nel giordano 9 cm\" width=\"100\" height=\"100\" data-kale-share-title=\"La vita pubblica di Ges\u00f9: dal Battesimo all\u2019Ultima Cena\" data-kale-share-url=\"https:\/\/blog.holyart.it\/it\/?p=19236\" \/><\/div>\n<div class=\"blocco-contenuto\">\n<div class=\"blocco-acquista\">Acquista su Holyart:<\/div>\n<div class=\"blocco-titolo\"><a href=\"https:\/\/www.holyart.it\/it\/occasioni-speciali\/presepe-pasquale\/scena-battesimo-di-gesu-nel-giordano-9-cm\">Scena Battesimo di Ges\u00f9 nel Giordano 9 cm<\/a><\/div>\n<div class=\"blocco-descrizione\">Le statuine riproducono la scena della vita di Ges\u00f9 in cui questi riceve il battesimo da parte di Giovanni Battista.<\/div>\n<\/div>\n<\/div>\n<h2>Ges\u00f9 nel deserto<\/h2>\n<p>Dopo il Battesimo e prima di iniziare la propria missione in Galilea, Ges\u00f9 si ritir\u00f2 per\u00a0<strong>40 giorni nel deserto<\/strong>, dove dovette affrontare le tentazioni del demonio. Si tratta per molti versi di una sorta di iniziazione, di ricerca intima e profonda della Sua missione divina. Questo periodo, narrato nei Vangeli del Nuovo Testamento, offre un&#8217;illuminante scorcio sulla\u00a0<strong>natura umana e divina di Ges\u00f9<\/strong>. Le tentazioni rappresentano una\u00a0<strong>sfida\u00a0<\/strong>di base che ciascun individuo pu\u00f2 affrontare:\u00a0<strong>la scelta tra seguire il percorso divino e resistere alle tentazioni del mondo materiale<\/strong>.<br \/>\nNei singoli vangeli sinottici &#8211; Matteo, Marco e Luca &#8211; le tentazioni di Ges\u00f9 nel deserto sono raccontate in modo dettagliato, mentre il Vangelo secondo Giovanni offre un approccio diverso, dando rilevanza ad altri aspetti del ministero di Ges\u00f9 tanto da non menzionare l&#8217;episodio nel deserto. Giovanni afferma che il giorno dopo il Battesimo, Ges\u00f9 si rec\u00f2 a Cana, in Galilea, dove avvenne il miracolo della\u00a0<strong><a href=\"https:\/\/www.holyart.it\/blog\/articoli-religiosi\/nozze-di-cana-spiegazione-miracolo\/\">trasformazione dell&#8217;acqua in vino<\/a><\/strong>, il primo dei miracoli del Suo ministero pubblico.<\/p>\n<div class=\"link-article\">\n<p><img loading=\"lazy\" decoding=\"async\" class=\"size-full wp-image-19240 alignleft\" src=\"https:\/\/blog.holyart.it\/it\/wp-content\/uploads\/sites\/17\/2024\/01\/nozze-di-cana.jpg\" alt=\"nozze di cana\" width=\"150\" height=\"99\" data-kale-share-title=\"La vita pubblica di Ges\u00f9: dal Battesimo all\u2019Ultima Cena\" data-kale-share-url=\"https:\/\/blog.holyart.it\/it\/?p=19236\" \/><\/p>\n<div class=\"leggi-anche\">Leggi anche:<\/div>\n<p><strong><a href=\"https:\/\/www.holyart.it\/blog\/articoli-religiosi\/nozze-di-cana-spiegazione-miracolo\/\">Le nozze di Cana: spiegazione, miracolo e il messaggio<\/a><\/strong><br \/>\nLe Nozze di Cana raccontano il primo miracolo compiuto da Ges\u00f9. Vediamo quale messaggio nasconde questa narrazione&#8230;<\/p>\n<\/div>\n<p>Per quanto riguarda le tre tentazioni\u00a0riportate nei Vangeli di Matteo, Marco e Luca, esse rappresentano i\u00a0<strong>conflitti interiori e le scelte<\/strong>\u00a0che Ges\u00f9 dovette affrontare come essere umano e divino.<br \/>\nLa\u00a0<strong>Tentazione del Pane<\/strong>, con la quale il Diavolo tenta di convincerlo a trasformare i sassi in pane per placare la fame, mette alla prova la Sua vulnerabilit\u00e0 e debolezza umana. Ma Ges\u00f9 rispose citando il Deuteronomio (Dt 8,3) e affermando che l&#8217;uomo non vive solo di pane, ma anche della Parola di Dio.<\/p>\n<p>La\u00a0<strong>Tentazione di Mettersi alla Prova di Dio<\/strong>\u00a0vede il Diavolo proporre a Ges\u00f9 di gettarsi gi\u00f9 dal tetto del tempio per dimostrare la Sua divinit\u00e0 e costringere Dio a intervenire. Ges\u00f9 rifiuta anche questa tentazione, sottolineando che non si dovrebbe mettere alla prova il Signore.<\/p>\n<p>Con la\u00a0<strong>Tentazione del Potere Mondano\u00a0<\/strong>infine il Diavolo porta Ges\u00f9 in cima a una montagna e gli mostra tutti i regni del mondo, promettendo di dargli potere e gloria se avesse adorato lui. In risposta, Ges\u00f9 respinge l&#8217;offerta, affermando che solo Dio dovrebbe essere adorato.<\/p>\n<p>Il periodo nel deserto \u00e8 fondamentale come preparazione alla Sua missione terrena di insegnamento, guarigione e sacrificio. Lo aiut\u00f2 a rafforzare la fede, a definire il rapporto con il Padre Celeste e a sviluppare la Sua risolutezza nell&#8217;affrontare le sfide a venire.<\/p>\n<h2>Il ministero di Ges\u00f9 in Galilea<\/h2>\n<p>Il ministero pubblico di Ges\u00f9 \u00e8 un periodo cruciale che si svilupp\u00f2 dopo il Suo Battesimo nel Giordano da parte di Giovanni Battista e il Suo confronto con il Demonio nel deserto. Esso rappresenta\u00a0<strong>la fase pi\u00f9 articolata e straordinaria nella Sua vita terrena<\/strong>, dall&#8217;inizio della Sua predicazione, fino alla tragica morte in Croce, sebbene abbracci un periodo di soli tre anni.<\/p>\n<p>Ges\u00f9 emerse dal deserto come un predicatore e un guaritore, pronto a condividere il Suo messaggio di amore e salvezza, animato da una consapevolezza ancora pi\u00f9 profonda del Suo ruolo e della Sua missione. Trascorre il Suo\u00a0<strong>Primo ministero in Galilea<\/strong>\u00a0predicando, pronunciando discorsi importanti che proclamano la Sua missione, come il\u00a0<a href=\"https:\/\/www.holyart.it\/it\/occasioni-speciali\/presepe-pasquale\/scena-discorso-della-montagna-gesu-statue-9-cm\"><strong>Discorso della montagna<\/strong><\/a>, reclutando i primi discepoli (Matteo 4.18-20), che poi diventeranno i\u00a0<strong><a href=\"https:\/\/www.holyart.it\/blog\/santi-e-beati\/chi-erano-i-12-apostoli-e-scopri-la-differenza-tra-apostoli-e-discepoli\/\">Dodici Apostoli<\/a><\/strong>, compiendo\u00a0<strong>miracoli, guarigioni ed esorcismi<\/strong> che contribuiscono alla Sua fama.\u00a0Egli si spost\u00f2 attraverso citt\u00e0 e villaggi, poich\u00e9 soprattutto dopo l&#8217;arresto di Giovanni Battista per ordine di Erode (Mt 14,1-12) , non era pi\u00f9 benvoluto a Nazaret, Sua citt\u00e0 natale.<\/p>\n<div class=\"link-product\">\n<div class=\"blocco-immagine\"><img loading=\"lazy\" decoding=\"async\" class=\"size-full wp-image-19241 alignleft\" src=\"https:\/\/blog.holyart.it\/it\/wp-content\/uploads\/sites\/17\/2024\/01\/scena-discorso-della-montagna-gesu-statue-9-cm.jpg\" alt=\"scena discorso della montagna gesu statue 9 cm\" width=\"100\" height=\"100\" data-kale-share-title=\"La vita pubblica di Ges\u00f9: dal Battesimo all\u2019Ultima Cena\" data-kale-share-url=\"https:\/\/blog.holyart.it\/it\/?p=19236\" \/><\/div>\n<div class=\"blocco-contenuto\">\n<div class=\"blocco-acquista\">Acquista su Holyart:<\/div>\n<div class=\"blocco-titolo\"><a href=\"https:\/\/www.holyart.it\/it\/occasioni-speciali\/presepe-pasquale\/scena-discorso-della-montagna-gesu-statue-9-cm\">Scena Discorso della Montagna Ges\u00f9 statue 9 cm<\/a><\/div>\n<div class=\"blocco-descrizione\">Scena che rappresenta il momento in cui Ges\u00f9 sal\u00ec su di un monte e si mise a insegnare a un gruppo di persone.<\/div>\n<\/div>\n<\/div>\n<p>Le\u00a0<a href=\"https:\/\/www.holyart.it\/it\/occasioni-speciali\/presepe-pasquale\/miracolo-nozze-di-cana-gesu-scena-9-cm\"><strong>Nozze di Cana<\/strong><\/a>\u00a0(Gv 2,1-11) sono considerate il primo miracolo di Ges\u00f9. Un altro miracolo fondamentale nell&#8217;ambito del Ministero di Ges\u00f9 fu la\u00a0<strong>prima Pesca miracolosa<\/strong>, che gli valse il reclutamento di Pietro, Giacomo e Giovanni.<\/p>\n<p>Nella parte finale del ministero di Ges\u00f9 in Galilea si pongono il\u00a0<strong>Miracolo della Moltiplicazione dei pani e dei pesci<\/strong>\u00a0(Matteo 14,13-21) e la\u00a0<strong>Camminata sull&#8217;acqua<\/strong>\u00a0(Matteo 14:22-36), ma anche la\u00a0<strong><a href=\"https:\/\/www.holyart.it\/blog\/articoli-religiosi\/le-tre-parabole-della-misericordia\">Parabola della Pecorella smarrita<\/a><\/strong>\u00a0(Mt 18,12-14) e la\u00a0<strong>Resurrezione di Lazzaro\u00a0<\/strong>(Gv 11.1-46). Tutti questi miracoli\u00a0<strong>confermano l&#8217;identit\u00e0 di Ges\u00f9 come Messia e Figlio di Dio<\/strong>.<\/p>\n<div class=\"link-product\">\n<div class=\"blocco-immagine\"><img loading=\"lazy\" decoding=\"async\" class=\"size-full wp-image-19242 alignleft\" src=\"https:\/\/blog.holyart.it\/it\/wp-content\/uploads\/sites\/17\/2024\/01\/miracolo-nozze-di-cana-gesu-scena-9-cm-1.jpg\" alt=\"miracolo nozze di cana gesu scena 9 cm\" width=\"100\" height=\"100\" data-kale-share-title=\"La vita pubblica di Ges\u00f9: dal Battesimo all\u2019Ultima Cena\" data-kale-share-url=\"https:\/\/blog.holyart.it\/it\/?p=19236\" \/><\/div>\n<div class=\"blocco-contenuto\">\n<div class=\"blocco-acquista\">Acquista su Holyart:<\/div>\n<div class=\"blocco-titolo\"><a href=\"https:\/\/www.holyart.it\/it\/occasioni-speciali\/presepe-pasquale\/miracolo-nozze-di-cana-gesu-scena-9-cm\">Miracolo nozze di Cana Ges\u00f9 scena 9 cm<\/a><\/div>\n<div class=\"blocco-descrizione\">Statuine rappresentanti il momento in cui avviene il primo miracolo di Ges\u00f9 avvenuto durante le nozze di Cana.<\/div>\n<\/div>\n<\/div>\n<h2>Il ministero finale a Gerusalemme<\/h2>\n<p>Ges\u00f9 prosegue il Suo viaggio verso Gerusalemme, dove incontrer\u00e0 il Suo terribile e glorioso destino. In Lui cresce la consapevolezza della fine prossima, tanto che spesso nei suoi discorsi\u00a0<strong>profetizza la propria morte<\/strong>, per preparare i discepoli.<br \/>\nHanno luogo in quest&#8217;ultima fase della vita pubblica di Ges\u00f9, prima dell&#8217;arresto e della Passione, la\u00a0<strong><em>Confessio Petri<\/em><\/strong>\u00a0(Confessione di fede di Pietro) e la\u00a0<a href=\"https:\/\/www.holyart.it\/blog\/articoli-religiosi\/la-trasfigurazione-gesu-cristo\/\"><strong>Trasfigurazione<\/strong><\/a>, entrambi importanti soprattutto perch\u00e9 definiscono la\u00a0<strong>presa di coscienza da parte di Pietro e degli altri Apostoli della vera identit\u00e0 del Maestro<\/strong>.<\/p>\n<p>Con l&#8217;<a href=\"https:\/\/www.holyart.it\/it\/occasioni-speciali\/presepe-pasquale\/scena-ingresso-a-gerusalemme-di-gesu-resina-9-cm\"><strong>ingresso trionfale a Gerusalemme<\/strong><\/a>\u00a0inizia il Ministero finale della vita pubblica di Ges\u00f9 a Gerusalemme, che coincide con la\u00a0<a href=\"https:\/\/www.holyart.it\/blog\/articoli-religiosi\/gli-avvenimenti-della-passione-di-gesu-dallultima-cena-alla-sua-crocifissione\/\"><strong>Settimana di Passione<\/strong><\/a>. Il ministero pubblico di Ges\u00f9 culmina infatti in un evento drammatico e profondo: la\u00a0<a href=\"https:\/\/www.holyart.it\/it\/occasioni-speciali\/presepe-pasquale\/scena-crocifissione-soldato-maria-statue-9-cm\"><strong>Sua morte in Croce<\/strong><\/a>. Questo atto sacrificale \u00e8 il punto focale della Sua missione terrena, in cui offre la vita per la redenzione dell&#8217;umanit\u00e0 e il perdono dei peccati. La Croce diventa il simbolo stesso del Suo amore incondizionato e del Suo impegno per l&#8217;umanit\u00e0.<\/p>\n<p>Nell&#8217;ambito di quest&#8217;ultima fase della vita pubblica di Ges\u00f9 ricordiamo episodi come la\u00a0<a href=\"https:\/\/www.holyart.it\/blog\/articoli-religiosi\/cacciata-dei-mercanti-dal-tempio-di-gerusalemme\/\"><strong>Cacciata dei mercanti dal Tempio<\/strong><\/a>\u00a0(Marco 11,15-19), il\u00a0<strong>discorso olivetano<\/strong>, o piccola Apocalisse, un sermone escatologico che Ges\u00f9 pronuncia mentre si trova sul monte degli Ulivi circa il destino ultimo dell&#8217;umanit\u00e0.<\/p>\n<p>Con l&#8217;<a href=\"https:\/\/www.holyart.it\/it\/occasioni-speciali\/presepe-pasquale\/ultima-cena-scena-resina-statue-9-cm\"><strong>Ultima Cena<\/strong><\/a>\u00a0e il\u00a0<strong>Discorso di commiato ai discepoli<\/strong>\u00a0si conclude la vita pubblica di Ges\u00f9. Quello che avverr\u00e0 dopo ha cambiato le sorti del mondo e degli uomini per sempre.<\/p>\n<div class=\"link-product\">\n<div class=\"blocco-immagine\"><img loading=\"lazy\" decoding=\"async\" class=\"size-full wp-image-19243 alignleft\" src=\"https:\/\/blog.holyart.it\/it\/wp-content\/uploads\/sites\/17\/2024\/01\/ultima-cena-scena-resina-statue-9-cm-1.jpg\" alt=\"ultima cena scena resina statue 9 cm\" width=\"100\" height=\"100\" data-kale-share-title=\"La vita pubblica di Ges\u00f9: dal Battesimo all\u2019Ultima Cena\" data-kale-share-url=\"https:\/\/blog.holyart.it\/it\/?p=19236\" \/><\/div>\n<div class=\"blocco-contenuto\">\n<div class=\"blocco-acquista\">Acquista su Holyart:<\/div>\n<div class=\"blocco-titolo\"><a href=\"https:\/\/www.holyart.it\/it\/occasioni-speciali\/presepe-pasquale\/ultima-cena-scena-resina-statue-9-cm\">Ultima Cena scena resina statue 9 cm<\/a><\/div>\n<div class=\"blocco-descrizione\">Statuine in resina che riproducono il momento dell&#8217;ultima cena.<\/div>\n<\/div>\n<\/div>\n","protected":false},"excerpt":{"rendered":"<p>Dal Battesimo nel Giordano all&#8217;ingresso trionfale a Gerusalemme. I tre anni della vita pubblica di Ges\u00f9 che hanno cambiato il destino del mondo Tutti conosciamo\u00a0la vita di Ges\u00f9 Cristo\u00a0come raccontata nei\u00a0Vangeli. Una parabola umana inevitabilmente intrecciata con le vicende storiche dell&#8217;epoca in cui Egli \u00e8&hellip;<\/p>\n","protected":false},"author":1,"featured_media":19439,"comment_status":"closed","ping_status":"open","sticky":false,"template":"","format":"standard","meta":{"_acf_changed":false,"footnotes":""},"categories":[20,16],"tags":[],"class_list":["post-19236","post","type-post","status-publish","format-standard","has-post-thumbnail","hentry","category-occasioni-speciali","category-articoli-religiosi"],"acf":[],"yoast_head":"<!-- This site is optimized with the Yoast SEO plugin v26.6 - https:\/\/yoast.com\/wordpress\/plugins\/seo\/ -->\n<title>La vita pubblica di Ges\u00f9: dal Battesimo all&#039;Ultima Cena - Holyblog<\/title>\n<meta name=\"description\" content=\"La vita pubblica di Ges\u00f9, tra racconto evangelico e verit\u00e0 di Fede: come un uomo ha cambiato le sorti dell\u2019umanit\u00e0 intera.\" \/>\n<meta name=\"robots\" content=\"index, follow, max-snippet:-1, max-image-preview:large, max-video-preview:-1\" \/>\n<link rel=\"canonical\" href=\"https:\/\/blog.holyart.it\/it\/articoli-religiosi\/la-vita-pubblica-di-gesu-dal-battesimo-allultima-cena\/\" \/>\n<meta property=\"og:locale\" content=\"it_IT\" \/>\n<meta property=\"og:type\" content=\"article\" \/>\n<meta property=\"og:title\" content=\"La vita pubblica di Ges\u00f9: dal Battesimo all&#039;Ultima Cena - Holyblog\" \/>\n<meta property=\"og:description\" content=\"La vita pubblica di Ges\u00f9, tra racconto evangelico e verit\u00e0 di Fede: come un uomo ha cambiato le sorti dell\u2019umanit\u00e0 intera.\" \/>\n<meta property=\"og:url\" content=\"https:\/\/blog.holyart.it\/it\/articoli-religiosi\/la-vita-pubblica-di-gesu-dal-battesimo-allultima-cena\/\" \/>\n<meta property=\"og:site_name\" content=\"Holyblog\" \/>\n<meta property=\"article:published_time\" content=\"2024-02-26T09:00:12+00:00\" \/>\n<meta property=\"article:modified_time\" content=\"2026-03-09T09:06:45+00:00\" \/>\n<meta property=\"og:image\" content=\"https:\/\/blog.holyart.it\/it\/wp-content\/uploads\/sites\/17\/2024\/01\/nozze_di_cana_blog.jpg\" \/>\n\t<meta property=\"og:image:width\" content=\"1000\" \/>\n\t<meta property=\"og:image:height\" content=\"666\" \/>\n\t<meta property=\"og:image:type\" content=\"image\/jpeg\" \/>\n<meta name=\"author\" content=\"Redazione\" \/>\n<meta name=\"twitter:card\" content=\"summary_large_image\" \/>\n<meta name=\"twitter:label1\" content=\"Scritto da\" \/>\n\t<meta name=\"twitter:data1\" content=\"Redazione\" \/>\n\t<meta name=\"twitter:label2\" content=\"Tempo di lettura stimato\" \/>\n\t<meta name=\"twitter:data2\" content=\"10 minuti\" \/>\n<script type=\"application\/ld+json\" class=\"yoast-schema-graph\">{\"@context\":\"https:\/\/schema.org\",\"@graph\":[{\"@type\":\"Article\",\"@id\":\"https:\/\/blog.holyart.it\/it\/articoli-religiosi\/la-vita-pubblica-di-gesu-dal-battesimo-allultima-cena\/#article\",\"isPartOf\":{\"@id\":\"https:\/\/blog.holyart.it\/it\/articoli-religiosi\/la-vita-pubblica-di-gesu-dal-battesimo-allultima-cena\/\"},\"author\":{\"name\":\"Redazione\",\"@id\":\"https:\/\/blog.holyart.it\/it\/#\/schema\/person\/0a7b686e5af0f856ec1e390dd0baecda\"},\"headline\":\"La vita pubblica di Ges\u00f9: dal Battesimo all&#8217;Ultima Cena\",\"datePublished\":\"2024-02-26T09:00:12+00:00\",\"dateModified\":\"2026-03-09T09:06:45+00:00\",\"mainEntityOfPage\":{\"@id\":\"https:\/\/blog.holyart.it\/it\/articoli-religiosi\/la-vita-pubblica-di-gesu-dal-battesimo-allultima-cena\/\"},\"wordCount\":1569,\"publisher\":{\"@id\":\"https:\/\/blog.holyart.it\/it\/#organization\"},\"image\":{\"@id\":\"https:\/\/blog.holyart.it\/it\/articoli-religiosi\/la-vita-pubblica-di-gesu-dal-battesimo-allultima-cena\/#primaryimage\"},\"thumbnailUrl\":\"https:\/\/blog.holyart.it\/it\/wp-content\/uploads\/sites\/17\/2024\/01\/nozze_di_cana_blog.jpg\",\"articleSection\":[\"Occasioni speciali\",\"Religione\"],\"inLanguage\":\"it-IT\"},{\"@type\":\"WebPage\",\"@id\":\"https:\/\/blog.holyart.it\/it\/articoli-religiosi\/la-vita-pubblica-di-gesu-dal-battesimo-allultima-cena\/\",\"url\":\"https:\/\/blog.holyart.it\/it\/articoli-religiosi\/la-vita-pubblica-di-gesu-dal-battesimo-allultima-cena\/\",\"name\":\"La vita pubblica di Ges\u00f9: dal Battesimo all'Ultima Cena - Holyblog\",\"isPartOf\":{\"@id\":\"https:\/\/blog.holyart.it\/it\/#website\"},\"primaryImageOfPage\":{\"@id\":\"https:\/\/blog.holyart.it\/it\/articoli-religiosi\/la-vita-pubblica-di-gesu-dal-battesimo-allultima-cena\/#primaryimage\"},\"image\":{\"@id\":\"https:\/\/blog.holyart.it\/it\/articoli-religiosi\/la-vita-pubblica-di-gesu-dal-battesimo-allultima-cena\/#primaryimage\"},\"thumbnailUrl\":\"https:\/\/blog.holyart.it\/it\/wp-content\/uploads\/sites\/17\/2024\/01\/nozze_di_cana_blog.jpg\",\"datePublished\":\"2024-02-26T09:00:12+00:00\",\"dateModified\":\"2026-03-09T09:06:45+00:00\",\"description\":\"La vita pubblica di Ges\u00f9, tra racconto evangelico e verit\u00e0 di Fede: come un uomo ha cambiato le sorti dell\u2019umanit\u00e0 intera.\",\"breadcrumb\":{\"@id\":\"https:\/\/blog.holyart.it\/it\/articoli-religiosi\/la-vita-pubblica-di-gesu-dal-battesimo-allultima-cena\/#breadcrumb\"},\"inLanguage\":\"it-IT\",\"potentialAction\":[{\"@type\":\"ReadAction\",\"target\":[\"https:\/\/blog.holyart.it\/it\/articoli-religiosi\/la-vita-pubblica-di-gesu-dal-battesimo-allultima-cena\/\"]}]},{\"@type\":\"ImageObject\",\"inLanguage\":\"it-IT\",\"@id\":\"https:\/\/blog.holyart.it\/it\/articoli-religiosi\/la-vita-pubblica-di-gesu-dal-battesimo-allultima-cena\/#primaryimage\",\"url\":\"https:\/\/blog.holyart.it\/it\/wp-content\/uploads\/sites\/17\/2024\/01\/nozze_di_cana_blog.jpg\",\"contentUrl\":\"https:\/\/blog.holyart.it\/it\/wp-content\/uploads\/sites\/17\/2024\/01\/nozze_di_cana_blog.jpg\",\"width\":1000,\"height\":666,\"caption\":\"vita pubblica di ges\u00f9\"},{\"@type\":\"BreadcrumbList\",\"@id\":\"https:\/\/blog.holyart.it\/it\/articoli-religiosi\/la-vita-pubblica-di-gesu-dal-battesimo-allultima-cena\/#breadcrumb\",\"itemListElement\":[{\"@type\":\"ListItem\",\"position\":1,\"name\":\"Homepage\",\"item\":\"https:\/\/blog.holyart.it\/it\/\"},{\"@type\":\"ListItem\",\"position\":2,\"name\":\"Religione\",\"item\":\"https:\/\/blog.holyart.it\/it\/articoli-religiosi\/\"},{\"@type\":\"ListItem\",\"position\":3,\"name\":\"La vita pubblica di Ges\u00f9: dal Battesimo all&#8217;Ultima Cena\"}]},{\"@type\":\"WebSite\",\"@id\":\"https:\/\/blog.holyart.it\/it\/#website\",\"url\":\"https:\/\/blog.holyart.it\/it\/\",\"name\":\"Holyblog\",\"description\":\"Il Blog di Holyart.it\",\"publisher\":{\"@id\":\"https:\/\/blog.holyart.it\/it\/#organization\"},\"potentialAction\":[{\"@type\":\"SearchAction\",\"target\":{\"@type\":\"EntryPoint\",\"urlTemplate\":\"https:\/\/blog.holyart.it\/it\/?s={search_term_string}\"},\"query-input\":{\"@type\":\"PropertyValueSpecification\",\"valueRequired\":true,\"valueName\":\"search_term_string\"}}],\"inLanguage\":\"it-IT\"},{\"@type\":\"Organization\",\"@id\":\"https:\/\/blog.holyart.it\/it\/#organization\",\"name\":\"Holyblog\",\"url\":\"https:\/\/blog.holyart.it\/it\/\",\"logo\":{\"@type\":\"ImageObject\",\"inLanguage\":\"it-IT\",\"@id\":\"https:\/\/blog.holyart.it\/it\/#\/schema\/logo\/image\/\",\"url\":\"https:\/\/blog.holyart.it\/it\/wp-content\/uploads\/sites\/17\/2022\/12\/Holyart_Blog_Logo.jpg\",\"contentUrl\":\"https:\/\/blog.holyart.it\/it\/wp-content\/uploads\/sites\/17\/2022\/12\/Holyart_Blog_Logo.jpg\",\"width\":300,\"height\":50,\"caption\":\"Holyblog\"},\"image\":{\"@id\":\"https:\/\/blog.holyart.it\/it\/#\/schema\/logo\/image\/\"}},{\"@type\":\"Person\",\"@id\":\"https:\/\/blog.holyart.it\/it\/#\/schema\/person\/0a7b686e5af0f856ec1e390dd0baecda\",\"name\":\"Redazione\"}]}<\/script>\n<!-- \/ Yoast SEO plugin. -->","yoast_head_json":{"title":"La vita pubblica di Ges\u00f9: dal Battesimo all'Ultima Cena - Holyblog","description":"La vita pubblica di Ges\u00f9, tra racconto evangelico e verit\u00e0 di Fede: come un uomo ha cambiato le sorti dell\u2019umanit\u00e0 intera.","robots":{"index":"index","follow":"follow","max-snippet":"max-snippet:-1","max-image-preview":"max-image-preview:large","max-video-preview":"max-video-preview:-1"},"canonical":"https:\/\/blog.holyart.it\/it\/articoli-religiosi\/la-vita-pubblica-di-gesu-dal-battesimo-allultima-cena\/","og_locale":"it_IT","og_type":"article","og_title":"La vita pubblica di Ges\u00f9: dal Battesimo all'Ultima Cena - Holyblog","og_description":"La vita pubblica di Ges\u00f9, tra racconto evangelico e verit\u00e0 di Fede: come un uomo ha cambiato le sorti dell\u2019umanit\u00e0 intera.","og_url":"https:\/\/blog.holyart.it\/it\/articoli-religiosi\/la-vita-pubblica-di-gesu-dal-battesimo-allultima-cena\/","og_site_name":"Holyblog","article_published_time":"2024-02-26T09:00:12+00:00","article_modified_time":"2026-03-09T09:06:45+00:00","og_image":[{"width":1000,"height":666,"url":"https:\/\/blog.holyart.it\/it\/wp-content\/uploads\/sites\/17\/2024\/01\/nozze_di_cana_blog.jpg","type":"image\/jpeg"}],"author":"Redazione","twitter_card":"summary_large_image","twitter_misc":{"Scritto da":"Redazione","Tempo di lettura stimato":"10 minuti"},"schema":{"@context":"https:\/\/schema.org","@graph":[{"@type":"Article","@id":"https:\/\/blog.holyart.it\/it\/articoli-religiosi\/la-vita-pubblica-di-gesu-dal-battesimo-allultima-cena\/#article","isPartOf":{"@id":"https:\/\/blog.holyart.it\/it\/articoli-religiosi\/la-vita-pubblica-di-gesu-dal-battesimo-allultima-cena\/"},"author":{"name":"Redazione","@id":"https:\/\/blog.holyart.it\/it\/#\/schema\/person\/0a7b686e5af0f856ec1e390dd0baecda"},"headline":"La vita pubblica di Ges\u00f9: dal Battesimo all&#8217;Ultima Cena","datePublished":"2024-02-26T09:00:12+00:00","dateModified":"2026-03-09T09:06:45+00:00","mainEntityOfPage":{"@id":"https:\/\/blog.holyart.it\/it\/articoli-religiosi\/la-vita-pubblica-di-gesu-dal-battesimo-allultima-cena\/"},"wordCount":1569,"publisher":{"@id":"https:\/\/blog.holyart.it\/it\/#organization"},"image":{"@id":"https:\/\/blog.holyart.it\/it\/articoli-religiosi\/la-vita-pubblica-di-gesu-dal-battesimo-allultima-cena\/#primaryimage"},"thumbnailUrl":"https:\/\/blog.holyart.it\/it\/wp-content\/uploads\/sites\/17\/2024\/01\/nozze_di_cana_blog.jpg","articleSection":["Occasioni speciali","Religione"],"inLanguage":"it-IT"},{"@type":"WebPage","@id":"https:\/\/blog.holyart.it\/it\/articoli-religiosi\/la-vita-pubblica-di-gesu-dal-battesimo-allultima-cena\/","url":"https:\/\/blog.holyart.it\/it\/articoli-religiosi\/la-vita-pubblica-di-gesu-dal-battesimo-allultima-cena\/","name":"La vita pubblica di Ges\u00f9: dal Battesimo all'Ultima Cena - Holyblog","isPartOf":{"@id":"https:\/\/blog.holyart.it\/it\/#website"},"primaryImageOfPage":{"@id":"https:\/\/blog.holyart.it\/it\/articoli-religiosi\/la-vita-pubblica-di-gesu-dal-battesimo-allultima-cena\/#primaryimage"},"image":{"@id":"https:\/\/blog.holyart.it\/it\/articoli-religiosi\/la-vita-pubblica-di-gesu-dal-battesimo-allultima-cena\/#primaryimage"},"thumbnailUrl":"https:\/\/blog.holyart.it\/it\/wp-content\/uploads\/sites\/17\/2024\/01\/nozze_di_cana_blog.jpg","datePublished":"2024-02-26T09:00:12+00:00","dateModified":"2026-03-09T09:06:45+00:00","description":"La vita pubblica di Ges\u00f9, tra racconto evangelico e verit\u00e0 di Fede: come un uomo ha cambiato le sorti dell\u2019umanit\u00e0 intera.","breadcrumb":{"@id":"https:\/\/blog.holyart.it\/it\/articoli-religiosi\/la-vita-pubblica-di-gesu-dal-battesimo-allultima-cena\/#breadcrumb"},"inLanguage":"it-IT","potentialAction":[{"@type":"ReadAction","target":["https:\/\/blog.holyart.it\/it\/articoli-religiosi\/la-vita-pubblica-di-gesu-dal-battesimo-allultima-cena\/"]}]},{"@type":"ImageObject","inLanguage":"it-IT","@id":"https:\/\/blog.holyart.it\/it\/articoli-religiosi\/la-vita-pubblica-di-gesu-dal-battesimo-allultima-cena\/#primaryimage","url":"https:\/\/blog.holyart.it\/it\/wp-content\/uploads\/sites\/17\/2024\/01\/nozze_di_cana_blog.jpg","contentUrl":"https:\/\/blog.holyart.it\/it\/wp-content\/uploads\/sites\/17\/2024\/01\/nozze_di_cana_blog.jpg","width":1000,"height":666,"caption":"vita pubblica di ges\u00f9"},{"@type":"BreadcrumbList","@id":"https:\/\/blog.holyart.it\/it\/articoli-religiosi\/la-vita-pubblica-di-gesu-dal-battesimo-allultima-cena\/#breadcrumb","itemListElement":[{"@type":"ListItem","position":1,"name":"Homepage","item":"https:\/\/blog.holyart.it\/it\/"},{"@type":"ListItem","position":2,"name":"Religione","item":"https:\/\/blog.holyart.it\/it\/articoli-religiosi\/"},{"@type":"ListItem","position":3,"name":"La vita pubblica di Ges\u00f9: dal Battesimo all&#8217;Ultima Cena"}]},{"@type":"WebSite","@id":"https:\/\/blog.holyart.it\/it\/#website","url":"https:\/\/blog.holyart.it\/it\/","name":"Holyblog","description":"Il Blog di Holyart.it","publisher":{"@id":"https:\/\/blog.holyart.it\/it\/#organization"},"potentialAction":[{"@type":"SearchAction","target":{"@type":"EntryPoint","urlTemplate":"https:\/\/blog.holyart.it\/it\/?s={search_term_string}"},"query-input":{"@type":"PropertyValueSpecification","valueRequired":true,"valueName":"search_term_string"}}],"inLanguage":"it-IT"},{"@type":"Organization","@id":"https:\/\/blog.holyart.it\/it\/#organization","name":"Holyblog","url":"https:\/\/blog.holyart.it\/it\/","logo":{"@type":"ImageObject","inLanguage":"it-IT","@id":"https:\/\/blog.holyart.it\/it\/#\/schema\/logo\/image\/","url":"https:\/\/blog.holyart.it\/it\/wp-content\/uploads\/sites\/17\/2022\/12\/Holyart_Blog_Logo.jpg","contentUrl":"https:\/\/blog.holyart.it\/it\/wp-content\/uploads\/sites\/17\/2022\/12\/Holyart_Blog_Logo.jpg","width":300,"height":50,"caption":"Holyblog"},"image":{"@id":"https:\/\/blog.holyart.it\/it\/#\/schema\/logo\/image\/"}},{"@type":"Person","@id":"https:\/\/blog.holyart.it\/it\/#\/schema\/person\/0a7b686e5af0f856ec1e390dd0baecda","name":"Redazione"}]}},"_links":{"self":[{"href":"https:\/\/blog.holyart.it\/it\/wp-json\/wp\/v2\/posts\/19236","targetHints":{"allow":["GET"]}}],"collection":[{"href":"https:\/\/blog.holyart.it\/it\/wp-json\/wp\/v2\/posts"}],"about":[{"href":"https:\/\/blog.holyart.it\/it\/wp-json\/wp\/v2\/types\/post"}],"author":[{"embeddable":true,"href":"https:\/\/blog.holyart.it\/it\/wp-json\/wp\/v2\/users\/1"}],"replies":[{"embeddable":true,"href":"https:\/\/blog.holyart.it\/it\/wp-json\/wp\/v2\/comments?post=19236"}],"version-history":[{"count":3,"href":"https:\/\/blog.holyart.it\/it\/wp-json\/wp\/v2\/posts\/19236\/revisions"}],"predecessor-version":[{"id":19245,"href":"https:\/\/blog.holyart.it\/it\/wp-json\/wp\/v2\/posts\/19236\/revisions\/19245"}],"wp:featuredmedia":[{"embeddable":true,"href":"https:\/\/blog.holyart.it\/it\/wp-json\/wp\/v2\/media\/19439"}],"wp:attachment":[{"href":"https:\/\/blog.holyart.it\/it\/wp-json\/wp\/v2\/media?parent=19236"}],"wp:term":[{"taxonomy":"category","embeddable":true,"href":"https:\/\/blog.holyart.it\/it\/wp-json\/wp\/v2\/categories?post=19236"},{"taxonomy":"post_tag","embeddable":true,"href":"https:\/\/blog.holyart.it\/it\/wp-json\/wp\/v2\/tags?post=19236"}],"curies":[{"name":"wp","href":"https:\/\/api.w.org\/{rel}","templated":true}]}}