{"id":19224,"date":"2024-02-07T10:00:14","date_gmt":"2024-02-07T09:00:14","guid":{"rendered":"https:\/\/blog.holyart.it\/it\/?p=19224"},"modified":"2025-03-05T12:50:40","modified_gmt":"2025-03-05T11:50:40","slug":"quanti-viaggi-ha-fatto-papa-francesco","status":"publish","type":"post","link":"https:\/\/blog.holyart.it\/it\/occasioni-speciali\/quanti-viaggi-ha-fatto-papa-francesco\/","title":{"rendered":"Quanti viaggi ha fatto Papa Francesco?"},"content":{"rendered":"<h4>I viaggi di Papa Francesco sono la dimostrazione del suo impegno di evangelizzazione, ma anche di riappacificazione e cura delle tante ferite che dilaniano l&#8217;umanit\u00e0<\/h4>\n\n<p>Papa Francesco, il 266\u00b0 Papa della Chiesa Cattolica, \u00e8 noto non solo per il suo carisma e la sua umilt\u00e0, ma anche per la sua propensione a viaggiare in tutto il mondo per portare il messaggio della fede, della pace e della giustizia sociale. Sorprendente, considerando che prima di assurgere al soglio pontificio, l&#8217;allora cardinale Bergoglio aveva dichiarato in pi\u00f9 di un&#8217;occasione che non amava viaggiare. Questo ci fa comprendere in modo ancora pi\u00f9 profondo quanto forte sia stato in questi anni l&#8217;impegno di Papa Francesco per dimostrare di essere un\u00a0<strong>Pontefice globale<\/strong>, pronto a raggiungere persone di diverse culture e tradizioni, abbracciando non solo la comunit\u00e0 cristiana, ma l&#8217;intera umanit\u00e0. La missione di Papa Francesco in questo senso pu\u00f2 essere considerata una <a href=\"https:\/\/www.holyart.it\/blog\/occasioni-speciali\/papa-francesco-2024-anno-della-preghiera\/\"><strong>missione evangelica<\/strong><\/a>, in quanto egli viaggia attraverso il globo portando l&#8217;annuncio del Vangelo, non solo come Parola ascoltata, meditata e annunciata, quanto come\u00a0<strong>Parola incarnata nei popoli<\/strong>. Papa Francesco ricerca e accoglie le persone e le storie pi\u00f9 diverse, alla ricerca continua e costante della\u00a0<strong>presenza di Cristo nella vita e nella realt\u00e0<\/strong>. Ricerca che abbraccia il mondo e le sue sfaccettature, per dare vita a\u00a0<strong>un cristianesimo concreto<\/strong>, vissuto e incarnato nelle esperienze e nei volti della comunit\u00e0 umana.<\/p>\n<div class=\"link-article\">\n<p><img loading=\"lazy\" decoding=\"async\" class=\"size-full wp-image-19225 alignleft\" src=\"https:\/\/blog.holyart.it\/it\/wp-content\/uploads\/sites\/17\/2024\/01\/anno-della-preghiera-2.jpg\" alt=\"anno della preghiera\" width=\"150\" height=\"99\" data-kale-share-title=\"Quanti viaggi ha fatto Papa Francesco?\" data-kale-share-url=\"https:\/\/blog.holyart.it\/it\/?p=19224\" \/><\/p>\n<div class=\"leggi-anche\">Leggi anche:<\/div>\n<p><strong><a href=\"https:\/\/www.holyart.it\/blog\/occasioni-speciali\/papa-francesco-2024-anno-della-preghiera\/\">I propositi per il nuovo anno di Papa Francesco: il 2024 \u00e8 l\u2019anno della preghiera<\/a><\/strong><br \/>\nIn vista del Giubileo del 2025, dedicato alla Misericordia, Papa&#8230;<\/p>\n<\/div>\n<p>Da quando \u00e8 stato eletto nel 2013 ha intrapreso un totale di 44 viaggi apostolici, visitando 60 diverse nazioni e compiendo altres\u00ec 36 visite pastorali in 41 citt\u00e0 o localit\u00e0 diverse in Italia. La dimensione globale di questi viaggi riflette il suo desiderio di essere un pontefice vicino alle persone, indipendentemente dalla loro provenienza geografica.<\/p>\n<h2>I viaggi apostolici di Papa Francesco all\u2019estero<\/h2>\n<p>Il primo viaggio apostolico di Papa Francesco \u00e8 stato in\u00a0<strong>Brasile nel luglio 2013<\/strong>, dove ha partecipato alla\u00a0<strong>XXVIII <a href=\"https:\/\/www.holyart.it\/blog\/occasioni-speciali\/gmg-lisbona-2023-papa-francesco-incontra-i-giovani\/\">Giornata Mondiale della Giovent\u00f9<\/a>\u00a0<\/strong>(22-29 luglio 2013). Questo viaggio ha stabilito un precedente per il suo stile informale e la sua vicinanza alle persone comuni. Papa Francesco ha dimostrato fin da subito la sua intenzione di percorrere il mondo per incontrare i fedeli e diffondere il suo messaggio di amore e compassione. Questo \u00e8 emerso chiaramente dal suo primo discorso a Rio:\u00a0<em>&#8220;Ho imparato che, per avere accesso al popolo brasiliano, bisogna entrare dal portale del suo immenso cuore; mi sia quindi permesso in questo momento di bussare delicatamente a questa porta per trascorrere questa settimana con voi. Io non ho n\u00e9 oro n\u00e9 argento, ma porto ci\u00f2 che di pi\u00f9 prezioso mi \u00e8 stato dato: Ges\u00f9 Cristo!&#8221;\u00a0<\/em><\/p>\n<p>In questo primo viaggio si \u00e8 anche potuto constatare\u00a0<strong>l&#8217;attenzione del Pontefice verso i giovani<\/strong>, depositari del futuro del Pianeta, ma anche di tutti gli errori compiuti da chi \u00e8 venuto prima di loro:\u00a0<em>\u201cLa giovent\u00f9 \u00e8 la finestra attraverso la quale il futuro entra nel mondo, e quindi impone grandi sfide. La nostra generazione sapr\u00e0 dare loro spazio?\u201d.<\/em><\/p>\n<div class=\"link-article\">\n<p><img loading=\"lazy\" decoding=\"async\" class=\"size-full wp-image-19226 alignleft\" src=\"https:\/\/blog.holyart.it\/it\/wp-content\/uploads\/sites\/17\/2024\/01\/gmg-lisbona-2023.jpg\" alt=\"gmg lisbona 2023\" width=\"150\" height=\"99\" data-kale-share-title=\"Quanti viaggi ha fatto Papa Francesco?\" data-kale-share-url=\"https:\/\/blog.holyart.it\/it\/?p=19224\" \/><\/p>\n<div class=\"leggi-anche\">Leggi anche:<\/div>\n<p><strong><a href=\"https:\/\/www.holyart.it\/blog\/occasioni-speciali\/gmg-lisbona-2023-papa-francesco-incontra-i-giovani\/\">GMG Lisbona 2023: Papa Francesco incontra i giovani<\/a><\/strong><br \/>\nDal 1 al 6 agosto 2023 si terr\u00e0 a Lisbona la Giornata Mondiale della Giovent\u00f9. Scopriamo di pi\u00f9 su questo evento straordinario&#8230;<\/p>\n<\/div>\n<p>Papa Francesco ha compiuto anche numerosi viaggi in Europa, visitando paesi come Turchia, Bosnia ed Erzegovina, Albania, Grecia, Armenia, Georgia e Azerbaigian. Durante questi viaggi, ha affrontato questioni cruciali come la\u00a0<strong>tolleranza religiosa, i rifugiati e la promozione della pace<\/strong>.<\/p>\n<p>Un altro aspetto importante dei viaggi di Papa Francesco \u00e8 il suo\u00a0<strong>impegno attivo per il dialogo ecumenico<\/strong>\u00a0e la sua volont\u00e0 di\u00a0<strong>rafforzare i legami con altre confessioni cristiane e religioni<\/strong>. Nel corso del suo diciassettesimo Viaggio apostolico internazionale nel 2016, Papa Francesco ha visitato la Svezia con l&#8217;obiettivo di commemorare i\u00a0<strong>500 anni della Riforma luterana<\/strong>\u00a0e di incontrare la comunit\u00e0 cattolica locale. Questa significativa visita ha sottolineato l&#8217;impegno del Papa nel promuovere il dialogo ecumenico e l&#8217;unit\u00e0 tra le chiese.<\/p>\n<p>Papa Francesco ha compiuto anche molti viaggi coraggiosi in aree segnate da conflitti e catastrofi naturali, dimostrando la sua determinazione a\u00a0<strong>portare speranza e conforto a chi soffre<\/strong>. Nel 2015, ha visitato il Kenya, l&#8217;Uganda e la Repubblica Centrafricana, tutti paesi dilaniati dalla\u00a0<strong>violenza interreligiosa<\/strong>, presentandosi come\u00a0<a href=\"https:\/\/www.holyart.it\/blog\/articoli-religiosi\/le-piu-belle-frasi-sulla-pace-di-papa-francesco\/\"><strong>Pontefice della pace<\/strong><\/a>. Ma nello stesso anno era stato anche in visita nelle Filippine devastate dal tifone.<\/p>\n<div class=\"link-article\">\n<p><img loading=\"lazy\" decoding=\"async\" class=\"size-full wp-image-19227 alignleft\" src=\"https:\/\/blog.holyart.it\/it\/wp-content\/uploads\/sites\/17\/2024\/01\/pace-1.jpg\" alt=\"pace\" width=\"150\" height=\"99\" data-kale-share-title=\"Quanti viaggi ha fatto Papa Francesco?\" data-kale-share-url=\"https:\/\/blog.holyart.it\/it\/?p=19224\" \/><\/p>\n<div class=\"leggi-anche\">Leggi anche:<\/div>\n<p><strong><a href=\"https:\/\/www.holyart.it\/blog\/articoli-religiosi\/le-piu-belle-frasi-sulla-pace-di-papa-francesco\/\">Le pi\u00f9 belle frasi sulla Pace di Papa Francesco<\/a><\/strong><br \/>\nIn questo particolare e drammatico momento storico le frasi sulla Pace di Papa Francesco rappresentano un faro di speranza per tutta&#8230;<\/p>\n<\/div>\n<p>Oltre alla volont\u00e0 di collaborazione e armonia tra le diverse religioni e professioni di fede i viaggi del Papa sono anche stati un suo tentativo di avvicinarsi fisicamente ai muri, alle\u00a0<strong>tante barriere che dividono gli uomini in tutto il mondo<\/strong>, e che spesso costituiscono ferite aperte. Questa dinamica si \u00e8 manifestata in modo simbolico anche durante il primo viaggio apostolico di Papa Francesco in Asia in occasione della VI Giornata della Giovent\u00f9 Asiatica in\u00a0<strong>Corea del Sud<\/strong>. In quel contesto, Papa Francesco ha evitato di parlare di Corea del Nord e Corea del Sud, preferendo rivolgersi a un&#8217;unica nazione unita dalla lingua madre. Lo stesso fece a Sarajevo, durante il viaggio in\u00a0<strong>Bosnia ed Erzegovina<\/strong>\u00a0nel giugno 2015, soffermandosi sulle ferite e le divisioni lasciate dalla guerra ancora recente.<br \/>\nL&#8217;aspetto affascinante di questi viaggi \u00e8 che il Papa non sceglie come meta dei propri viaggi solo luoghi che ospitano le comunit\u00e0 cattoliche pi\u00f9 numerose, ma sceglie spesso di recarsi dove c&#8217;\u00e8 pi\u00f9 bisogno di lui, dove le ferite sono aperte, e proprio come faceva Ges\u00f9 quando guariva i malati con l&#8217;imposizione delle mani, anche Papa Francesco cerca di lenire quelle sofferenze con la sua presenza. Da questo punto di vista \u00e8 stato emblematico anche il suo viaggio a Cuba nel 2015, un tentativo di sanare i contrasti e<strong>\u00a0gettare un ponte tra Est e Ovest<\/strong>, tentativo reso ancora pi\u00f9 significativo qualche mese dopo dalla firma della dichiarazione congiunta con il patriarca di Mosca.<\/p>\n<h2>Le visite pastorali in Italia<\/h2>\n<p>Per quanto riguarda le visite pastorali in Italia, la sua prima visita ufficiale come Pontefice \u00e8 stata sull&#8217;<strong>isola di Lampedusa<\/strong>, dove, oltre agli eventi ufficiali, ha voluto incontrare un gruppo di migranti extracomunitari e deporre una corona di fiori in mare presso la statua della Madonna del Mare, a 14 metri di profondit\u00e0, per ricordare le vittime dei tanti naufragi avvenuti durante le traversate nel canale di Sicilia. Il Papa ha poi sottolineato la necessit\u00e0\u00a0<strong>di coltivare empatia e compassione nelle relazioni umane<\/strong>, richiamando l&#8217;attenzione sulla crisi umanitaria legata alle migrazioni e richiamando alla solidariet\u00e0, per prevenire ulteriori tragedie in mare:\u00a0<em>&#8220;Siamo una societ\u00e0 che ha dimenticato l&#8217;esperienza del piangere, del soffrire con gli altri: la globalizzazione dell&#8217;indifferenza ci ha privato della capacit\u00e0 di versare lacrime!&#8221;.<\/em><\/p>\n<p><a href=\"https:\/\/www.holyart.it\/it\/accessori-per-la-liturgia\/articoli-vescovili\/croce-pettorale-buon-pastore-metallo-10x7-cm\"><strong>Papa Francesco<\/strong><\/a> ha dimostrato anche il suo impegno nella<strong>\u00a0lotta contro la &#8216;ndrangheta<\/strong>\u00a0durante la sua visita pastorale in Calabria nel 2014, quando ha condannato la mafia come adorazione del male e disprezzo del bene comune.<br \/>\nNel 2016 si \u00e8 recato nel\u00a0<strong>centro Italia devastato dal terremoto<\/strong>, e ha portato conforto alle popolazioni di Amatrice, Accumoli, Arquata del Tronto e Norcia.<\/p>\n<div class=\"link-product\">\n<div class=\"blocco-immagine\"><img loading=\"lazy\" decoding=\"async\" class=\"size-full wp-image-19228 alignleft\" src=\"https:\/\/blog.holyart.it\/it\/wp-content\/uploads\/sites\/17\/2024\/01\/croce-pettorale-buon-pastore-metallo-10x7-cm.jpg\" alt=\"croce pettorale buon pastore metallo 10x7 cm\" width=\"100\" height=\"100\" data-kale-share-title=\"Quanti viaggi ha fatto Papa Francesco?\" data-kale-share-url=\"https:\/\/blog.holyart.it\/it\/?p=19224\" \/><\/div>\n<div class=\"blocco-contenuto\">\n<div class=\"blocco-acquista\">Acquista su Holyart:<\/div>\n<div class=\"blocco-titolo\"><a href=\"https:\/\/www.holyart.it\/it\/accessori-per-la-liturgia\/articoli-vescovili\/croce-pettorale-buon-pastore-metallo-10x7-cm\">Croce pettorale Buon pastore metallo 10&#215;7 cm<\/a><\/div>\n<div class=\"blocco-descrizione\">L&#8217;immagine rappresenta &#8220;Il Buon Pastore&#8221; che conduce il gregge all&#8217;ovile e porta la pecora smarrita sulle spalle.<\/div>\n<\/div>\n<\/div>\n<h2>Il Papa pi\u00f9 anziano a viaggiare<\/h2>\n<p>A quasi 88 anni Papa Francesco si conferma come il Papa che ha viaggiato di pi\u00f9 in assoluto e, nonostante i tanti problemi di salute, non sembra intenzionato a smettere. \u00c8 forte in lui la consapevolezza che c&#8217;\u00e8 ancora tanto lavoro da fare. Quale sar\u00e0 il prossimo viaggio del Papa?\u00a0Papa Francesco ha auspicato che il 2024 sia un momento di preparazione all&#8217;<a href=\"https:\/\/www.holyart.it\/it\/occasioni-speciali\/giubileo-2025-pellegrini-di-speranza\"><strong>anno giubilare del 2025<\/strong><\/a>. Un&#8217;analisi della sua agenda per il 2024 rivela che non ha alcuna intenzione di rallentare o ridurre i suoi impegni. Al contrario.<\/p>\n<p>In una recente intervista ha dichiarato di voler proseguire nei suoi viaggi internazionali, citando tre destinazioni significative: il\u00a0<strong>Belgio<\/strong>, l&#8217;<strong>Argentina<\/strong>\u00a0e la\u00a0<strong>Papua Nuova Guinea<\/strong>. In particolare, il Papa ha manifestato il suo interesse a recarsi in Belgio, paese che aveva gi\u00e0 visitato in qualit\u00e0 di gesuita provinciale.\u00a0Questi prossimi viaggi rivelano la costante dedizione di Papa Francesco nel portare il suo messaggio di pace, speranza e solidariet\u00e0 in diverse parti del mondo. La scelta di destinazioni significative, legate alla sua storia personale e a importanti celebrazioni, sottolinea il desiderio del Papa di instillare valori spirituali e di unit\u00e0 tra le comunit\u00e0 cattoliche globali.<\/p>\n<div class=\"link-product\">\n<div class=\"blocco-immagine\"><img loading=\"lazy\" decoding=\"async\" class=\"size-full wp-image-19232 alignleft\" src=\"https:\/\/blog.holyart.it\/it\/wp-content\/uploads\/sites\/17\/2024\/01\/rosario-missionario-con-grani-in-legno-5-mm.jpg\" alt=\"rosario missionario con grani in legno 5 mm\" width=\"100\" height=\"100\" data-kale-share-title=\"Quanti viaggi ha fatto Papa Francesco?\" data-kale-share-url=\"https:\/\/blog.holyart.it\/it\/?p=19224\" \/><\/div>\n<div class=\"blocco-contenuto\">\n<div class=\"blocco-acquista\">Acquista su Holyart:<\/div>\n<div class=\"blocco-titolo\"><a href=\"https:\/\/www.holyart.it\/it\/occasioni-speciali\/giubileo-2025-pellegrini-di-speranza\">Giubileo 2025 Pellegrini di Speranza<\/a><\/div>\n<div class=\"blocco-descrizione\">Articoli pensati per celebrare il prossimo Giubileo 2025 a Roma.<\/div>\n<\/div>\n<\/div>\n","protected":false},"excerpt":{"rendered":"<p>I viaggi di Papa Francesco sono la dimostrazione del suo impegno di evangelizzazione, ma anche di riappacificazione e cura delle tante ferite che dilaniano l&#8217;umanit\u00e0 Papa Francesco, il 266\u00b0 Papa della Chiesa Cattolica, \u00e8 noto non solo per il suo carisma e la sua umilt\u00e0,&hellip;<\/p>\n","protected":false},"author":1,"featured_media":19234,"comment_status":"closed","ping_status":"open","sticky":false,"template":"","format":"standard","meta":{"_acf_changed":false,"footnotes":""},"categories":[20],"tags":[],"class_list":["post-19224","post","type-post","status-publish","format-standard","has-post-thumbnail","hentry","category-occasioni-speciali"],"acf":[],"yoast_head":"<!-- This site is optimized with the Yoast SEO plugin v26.6 - https:\/\/yoast.com\/wordpress\/plugins\/seo\/ -->\n<title>Quanti viaggi ha fatto Papa Francesco? - Holyblog<\/title>\n<meta name=\"description\" content=\"I viaggi di Papa Francesco sono un elemento determinante della sua missione evangelica, la sua ricerca della presenza di Cristo nel mondo.\" \/>\n<meta name=\"robots\" content=\"index, follow, max-snippet:-1, max-image-preview:large, max-video-preview:-1\" \/>\n<link rel=\"canonical\" href=\"https:\/\/blog.holyart.it\/it\/occasioni-speciali\/quanti-viaggi-ha-fatto-papa-francesco\/\" \/>\n<meta property=\"og:locale\" content=\"it_IT\" \/>\n<meta property=\"og:type\" content=\"article\" \/>\n<meta property=\"og:title\" content=\"Quanti viaggi ha fatto Papa Francesco? - Holyblog\" \/>\n<meta property=\"og:description\" content=\"I viaggi di Papa Francesco sono un elemento determinante della sua missione evangelica, la sua ricerca della presenza di Cristo nel mondo.\" \/>\n<meta property=\"og:url\" content=\"https:\/\/blog.holyart.it\/it\/occasioni-speciali\/quanti-viaggi-ha-fatto-papa-francesco\/\" \/>\n<meta property=\"og:site_name\" content=\"Holyblog\" \/>\n<meta property=\"article:published_time\" content=\"2024-02-07T09:00:14+00:00\" \/>\n<meta property=\"article:modified_time\" content=\"2025-03-05T11:50:40+00:00\" \/>\n<meta property=\"og:image\" content=\"https:\/\/blog.holyart.it\/it\/wp-content\/uploads\/sites\/17\/2024\/01\/viaggi-papa-francesco.jpg\" \/>\n\t<meta property=\"og:image:width\" content=\"1000\" \/>\n\t<meta property=\"og:image:height\" content=\"666\" \/>\n\t<meta property=\"og:image:type\" content=\"image\/jpeg\" \/>\n<meta name=\"author\" content=\"Redazione\" \/>\n<meta name=\"twitter:card\" content=\"summary_large_image\" \/>\n<meta name=\"twitter:label1\" content=\"Scritto da\" \/>\n\t<meta name=\"twitter:data1\" content=\"Redazione\" \/>\n\t<meta name=\"twitter:label2\" content=\"Tempo di lettura stimato\" \/>\n\t<meta name=\"twitter:data2\" content=\"9 minuti\" \/>\n<script type=\"application\/ld+json\" class=\"yoast-schema-graph\">{\"@context\":\"https:\/\/schema.org\",\"@graph\":[{\"@type\":\"Article\",\"@id\":\"https:\/\/blog.holyart.it\/it\/occasioni-speciali\/quanti-viaggi-ha-fatto-papa-francesco\/#article\",\"isPartOf\":{\"@id\":\"https:\/\/blog.holyart.it\/it\/occasioni-speciali\/quanti-viaggi-ha-fatto-papa-francesco\/\"},\"author\":{\"name\":\"Redazione\",\"@id\":\"https:\/\/blog.holyart.it\/it\/#\/schema\/person\/0a7b686e5af0f856ec1e390dd0baecda\"},\"headline\":\"Quanti viaggi ha fatto Papa Francesco?\",\"datePublished\":\"2024-02-07T09:00:14+00:00\",\"dateModified\":\"2025-03-05T11:50:40+00:00\",\"mainEntityOfPage\":{\"@id\":\"https:\/\/blog.holyart.it\/it\/occasioni-speciali\/quanti-viaggi-ha-fatto-papa-francesco\/\"},\"wordCount\":1409,\"publisher\":{\"@id\":\"https:\/\/blog.holyart.it\/it\/#organization\"},\"image\":{\"@id\":\"https:\/\/blog.holyart.it\/it\/occasioni-speciali\/quanti-viaggi-ha-fatto-papa-francesco\/#primaryimage\"},\"thumbnailUrl\":\"https:\/\/blog.holyart.it\/it\/wp-content\/uploads\/sites\/17\/2024\/01\/viaggi-papa-francesco.jpg\",\"articleSection\":[\"Occasioni speciali\"],\"inLanguage\":\"it-IT\"},{\"@type\":\"WebPage\",\"@id\":\"https:\/\/blog.holyart.it\/it\/occasioni-speciali\/quanti-viaggi-ha-fatto-papa-francesco\/\",\"url\":\"https:\/\/blog.holyart.it\/it\/occasioni-speciali\/quanti-viaggi-ha-fatto-papa-francesco\/\",\"name\":\"Quanti viaggi ha fatto Papa Francesco? - Holyblog\",\"isPartOf\":{\"@id\":\"https:\/\/blog.holyart.it\/it\/#website\"},\"primaryImageOfPage\":{\"@id\":\"https:\/\/blog.holyart.it\/it\/occasioni-speciali\/quanti-viaggi-ha-fatto-papa-francesco\/#primaryimage\"},\"image\":{\"@id\":\"https:\/\/blog.holyart.it\/it\/occasioni-speciali\/quanti-viaggi-ha-fatto-papa-francesco\/#primaryimage\"},\"thumbnailUrl\":\"https:\/\/blog.holyart.it\/it\/wp-content\/uploads\/sites\/17\/2024\/01\/viaggi-papa-francesco.jpg\",\"datePublished\":\"2024-02-07T09:00:14+00:00\",\"dateModified\":\"2025-03-05T11:50:40+00:00\",\"description\":\"I viaggi di Papa Francesco sono un elemento determinante della sua missione evangelica, la sua ricerca della presenza di Cristo nel mondo.\",\"breadcrumb\":{\"@id\":\"https:\/\/blog.holyart.it\/it\/occasioni-speciali\/quanti-viaggi-ha-fatto-papa-francesco\/#breadcrumb\"},\"inLanguage\":\"it-IT\",\"potentialAction\":[{\"@type\":\"ReadAction\",\"target\":[\"https:\/\/blog.holyart.it\/it\/occasioni-speciali\/quanti-viaggi-ha-fatto-papa-francesco\/\"]}]},{\"@type\":\"ImageObject\",\"inLanguage\":\"it-IT\",\"@id\":\"https:\/\/blog.holyart.it\/it\/occasioni-speciali\/quanti-viaggi-ha-fatto-papa-francesco\/#primaryimage\",\"url\":\"https:\/\/blog.holyart.it\/it\/wp-content\/uploads\/sites\/17\/2024\/01\/viaggi-papa-francesco.jpg\",\"contentUrl\":\"https:\/\/blog.holyart.it\/it\/wp-content\/uploads\/sites\/17\/2024\/01\/viaggi-papa-francesco.jpg\",\"width\":1000,\"height\":666,\"caption\":\"viaggi papa francesco\"},{\"@type\":\"BreadcrumbList\",\"@id\":\"https:\/\/blog.holyart.it\/it\/occasioni-speciali\/quanti-viaggi-ha-fatto-papa-francesco\/#breadcrumb\",\"itemListElement\":[{\"@type\":\"ListItem\",\"position\":1,\"name\":\"Homepage\",\"item\":\"https:\/\/blog.holyart.it\/it\/\"},{\"@type\":\"ListItem\",\"position\":2,\"name\":\"Occasioni speciali\",\"item\":\"https:\/\/blog.holyart.it\/it\/occasioni-speciali\/\"},{\"@type\":\"ListItem\",\"position\":3,\"name\":\"Quanti viaggi ha fatto Papa Francesco?\"}]},{\"@type\":\"WebSite\",\"@id\":\"https:\/\/blog.holyart.it\/it\/#website\",\"url\":\"https:\/\/blog.holyart.it\/it\/\",\"name\":\"Holyblog\",\"description\":\"Il Blog di Holyart.it\",\"publisher\":{\"@id\":\"https:\/\/blog.holyart.it\/it\/#organization\"},\"potentialAction\":[{\"@type\":\"SearchAction\",\"target\":{\"@type\":\"EntryPoint\",\"urlTemplate\":\"https:\/\/blog.holyart.it\/it\/?s={search_term_string}\"},\"query-input\":{\"@type\":\"PropertyValueSpecification\",\"valueRequired\":true,\"valueName\":\"search_term_string\"}}],\"inLanguage\":\"it-IT\"},{\"@type\":\"Organization\",\"@id\":\"https:\/\/blog.holyart.it\/it\/#organization\",\"name\":\"Holyblog\",\"url\":\"https:\/\/blog.holyart.it\/it\/\",\"logo\":{\"@type\":\"ImageObject\",\"inLanguage\":\"it-IT\",\"@id\":\"https:\/\/blog.holyart.it\/it\/#\/schema\/logo\/image\/\",\"url\":\"https:\/\/blog.holyart.it\/it\/wp-content\/uploads\/sites\/17\/2022\/12\/Holyart_Blog_Logo.jpg\",\"contentUrl\":\"https:\/\/blog.holyart.it\/it\/wp-content\/uploads\/sites\/17\/2022\/12\/Holyart_Blog_Logo.jpg\",\"width\":300,\"height\":50,\"caption\":\"Holyblog\"},\"image\":{\"@id\":\"https:\/\/blog.holyart.it\/it\/#\/schema\/logo\/image\/\"}},{\"@type\":\"Person\",\"@id\":\"https:\/\/blog.holyart.it\/it\/#\/schema\/person\/0a7b686e5af0f856ec1e390dd0baecda\",\"name\":\"Redazione\"}]}<\/script>\n<!-- \/ Yoast SEO plugin. -->","yoast_head_json":{"title":"Quanti viaggi ha fatto Papa Francesco? - Holyblog","description":"I viaggi di Papa Francesco sono un elemento determinante della sua missione evangelica, la sua ricerca della presenza di Cristo nel mondo.","robots":{"index":"index","follow":"follow","max-snippet":"max-snippet:-1","max-image-preview":"max-image-preview:large","max-video-preview":"max-video-preview:-1"},"canonical":"https:\/\/blog.holyart.it\/it\/occasioni-speciali\/quanti-viaggi-ha-fatto-papa-francesco\/","og_locale":"it_IT","og_type":"article","og_title":"Quanti viaggi ha fatto Papa Francesco? - Holyblog","og_description":"I viaggi di Papa Francesco sono un elemento determinante della sua missione evangelica, la sua ricerca della presenza di Cristo nel mondo.","og_url":"https:\/\/blog.holyart.it\/it\/occasioni-speciali\/quanti-viaggi-ha-fatto-papa-francesco\/","og_site_name":"Holyblog","article_published_time":"2024-02-07T09:00:14+00:00","article_modified_time":"2025-03-05T11:50:40+00:00","og_image":[{"width":1000,"height":666,"url":"https:\/\/blog.holyart.it\/it\/wp-content\/uploads\/sites\/17\/2024\/01\/viaggi-papa-francesco.jpg","type":"image\/jpeg"}],"author":"Redazione","twitter_card":"summary_large_image","twitter_misc":{"Scritto da":"Redazione","Tempo di lettura stimato":"9 minuti"},"schema":{"@context":"https:\/\/schema.org","@graph":[{"@type":"Article","@id":"https:\/\/blog.holyart.it\/it\/occasioni-speciali\/quanti-viaggi-ha-fatto-papa-francesco\/#article","isPartOf":{"@id":"https:\/\/blog.holyart.it\/it\/occasioni-speciali\/quanti-viaggi-ha-fatto-papa-francesco\/"},"author":{"name":"Redazione","@id":"https:\/\/blog.holyart.it\/it\/#\/schema\/person\/0a7b686e5af0f856ec1e390dd0baecda"},"headline":"Quanti viaggi ha fatto Papa Francesco?","datePublished":"2024-02-07T09:00:14+00:00","dateModified":"2025-03-05T11:50:40+00:00","mainEntityOfPage":{"@id":"https:\/\/blog.holyart.it\/it\/occasioni-speciali\/quanti-viaggi-ha-fatto-papa-francesco\/"},"wordCount":1409,"publisher":{"@id":"https:\/\/blog.holyart.it\/it\/#organization"},"image":{"@id":"https:\/\/blog.holyart.it\/it\/occasioni-speciali\/quanti-viaggi-ha-fatto-papa-francesco\/#primaryimage"},"thumbnailUrl":"https:\/\/blog.holyart.it\/it\/wp-content\/uploads\/sites\/17\/2024\/01\/viaggi-papa-francesco.jpg","articleSection":["Occasioni speciali"],"inLanguage":"it-IT"},{"@type":"WebPage","@id":"https:\/\/blog.holyart.it\/it\/occasioni-speciali\/quanti-viaggi-ha-fatto-papa-francesco\/","url":"https:\/\/blog.holyart.it\/it\/occasioni-speciali\/quanti-viaggi-ha-fatto-papa-francesco\/","name":"Quanti viaggi ha fatto Papa Francesco? - Holyblog","isPartOf":{"@id":"https:\/\/blog.holyart.it\/it\/#website"},"primaryImageOfPage":{"@id":"https:\/\/blog.holyart.it\/it\/occasioni-speciali\/quanti-viaggi-ha-fatto-papa-francesco\/#primaryimage"},"image":{"@id":"https:\/\/blog.holyart.it\/it\/occasioni-speciali\/quanti-viaggi-ha-fatto-papa-francesco\/#primaryimage"},"thumbnailUrl":"https:\/\/blog.holyart.it\/it\/wp-content\/uploads\/sites\/17\/2024\/01\/viaggi-papa-francesco.jpg","datePublished":"2024-02-07T09:00:14+00:00","dateModified":"2025-03-05T11:50:40+00:00","description":"I viaggi di Papa Francesco sono un elemento determinante della sua missione evangelica, la sua ricerca della presenza di Cristo nel mondo.","breadcrumb":{"@id":"https:\/\/blog.holyart.it\/it\/occasioni-speciali\/quanti-viaggi-ha-fatto-papa-francesco\/#breadcrumb"},"inLanguage":"it-IT","potentialAction":[{"@type":"ReadAction","target":["https:\/\/blog.holyart.it\/it\/occasioni-speciali\/quanti-viaggi-ha-fatto-papa-francesco\/"]}]},{"@type":"ImageObject","inLanguage":"it-IT","@id":"https:\/\/blog.holyart.it\/it\/occasioni-speciali\/quanti-viaggi-ha-fatto-papa-francesco\/#primaryimage","url":"https:\/\/blog.holyart.it\/it\/wp-content\/uploads\/sites\/17\/2024\/01\/viaggi-papa-francesco.jpg","contentUrl":"https:\/\/blog.holyart.it\/it\/wp-content\/uploads\/sites\/17\/2024\/01\/viaggi-papa-francesco.jpg","width":1000,"height":666,"caption":"viaggi papa francesco"},{"@type":"BreadcrumbList","@id":"https:\/\/blog.holyart.it\/it\/occasioni-speciali\/quanti-viaggi-ha-fatto-papa-francesco\/#breadcrumb","itemListElement":[{"@type":"ListItem","position":1,"name":"Homepage","item":"https:\/\/blog.holyart.it\/it\/"},{"@type":"ListItem","position":2,"name":"Occasioni speciali","item":"https:\/\/blog.holyart.it\/it\/occasioni-speciali\/"},{"@type":"ListItem","position":3,"name":"Quanti viaggi ha fatto Papa Francesco?"}]},{"@type":"WebSite","@id":"https:\/\/blog.holyart.it\/it\/#website","url":"https:\/\/blog.holyart.it\/it\/","name":"Holyblog","description":"Il Blog di Holyart.it","publisher":{"@id":"https:\/\/blog.holyart.it\/it\/#organization"},"potentialAction":[{"@type":"SearchAction","target":{"@type":"EntryPoint","urlTemplate":"https:\/\/blog.holyart.it\/it\/?s={search_term_string}"},"query-input":{"@type":"PropertyValueSpecification","valueRequired":true,"valueName":"search_term_string"}}],"inLanguage":"it-IT"},{"@type":"Organization","@id":"https:\/\/blog.holyart.it\/it\/#organization","name":"Holyblog","url":"https:\/\/blog.holyart.it\/it\/","logo":{"@type":"ImageObject","inLanguage":"it-IT","@id":"https:\/\/blog.holyart.it\/it\/#\/schema\/logo\/image\/","url":"https:\/\/blog.holyart.it\/it\/wp-content\/uploads\/sites\/17\/2022\/12\/Holyart_Blog_Logo.jpg","contentUrl":"https:\/\/blog.holyart.it\/it\/wp-content\/uploads\/sites\/17\/2022\/12\/Holyart_Blog_Logo.jpg","width":300,"height":50,"caption":"Holyblog"},"image":{"@id":"https:\/\/blog.holyart.it\/it\/#\/schema\/logo\/image\/"}},{"@type":"Person","@id":"https:\/\/blog.holyart.it\/it\/#\/schema\/person\/0a7b686e5af0f856ec1e390dd0baecda","name":"Redazione"}]}},"_links":{"self":[{"href":"https:\/\/blog.holyart.it\/it\/wp-json\/wp\/v2\/posts\/19224","targetHints":{"allow":["GET"]}}],"collection":[{"href":"https:\/\/blog.holyart.it\/it\/wp-json\/wp\/v2\/posts"}],"about":[{"href":"https:\/\/blog.holyart.it\/it\/wp-json\/wp\/v2\/types\/post"}],"author":[{"embeddable":true,"href":"https:\/\/blog.holyart.it\/it\/wp-json\/wp\/v2\/users\/1"}],"replies":[{"embeddable":true,"href":"https:\/\/blog.holyart.it\/it\/wp-json\/wp\/v2\/comments?post=19224"}],"version-history":[{"count":4,"href":"https:\/\/blog.holyart.it\/it\/wp-json\/wp\/v2\/posts\/19224\/revisions"}],"predecessor-version":[{"id":19233,"href":"https:\/\/blog.holyart.it\/it\/wp-json\/wp\/v2\/posts\/19224\/revisions\/19233"}],"wp:featuredmedia":[{"embeddable":true,"href":"https:\/\/blog.holyart.it\/it\/wp-json\/wp\/v2\/media\/19234"}],"wp:attachment":[{"href":"https:\/\/blog.holyart.it\/it\/wp-json\/wp\/v2\/media?parent=19224"}],"wp:term":[{"taxonomy":"category","embeddable":true,"href":"https:\/\/blog.holyart.it\/it\/wp-json\/wp\/v2\/categories?post=19224"},{"taxonomy":"post_tag","embeddable":true,"href":"https:\/\/blog.holyart.it\/it\/wp-json\/wp\/v2\/tags?post=19224"}],"curies":[{"name":"wp","href":"https:\/\/api.w.org\/{rel}","templated":true}]}}