{"id":19025,"date":"2024-01-08T10:00:47","date_gmt":"2024-01-08T09:00:47","guid":{"rendered":"https:\/\/blog.holyart.it\/it\/?p=19025"},"modified":"2026-01-09T15:44:46","modified_gmt":"2026-01-09T14:44:46","slug":"preghiera-per-la-pace-preghiamo-insieme-per-un-mondo-migliore","status":"publish","type":"post","link":"https:\/\/blog.holyart.it\/it\/articoli-religiosi\/preghiera-per-la-pace-preghiamo-insieme-per-un-mondo-migliore\/","title":{"rendered":"Preghiera per la pace: preghiamo insieme per un mondo migliore"},"content":{"rendered":"<h4>Da sempre l&#8217;umanit\u00e0 ricerca nella preghiera per la pace le parole per diffondere la speranza in un futuro migliore per tutti gli uomini, fratelli nell&#8217;amore<\/h4>\n\n<p>La<strong>\u00a0preghiera per la pace\u00a0<\/strong>rappresenta un potente\u00a0<strong>atto di amore, speranza e unione<\/strong>\u00a0che attraversa le barriere delle differenze umane e connette le anime in un desiderio comune di armonia e serenit\u00e0 nel mondo. \u00c8 un&#8217;<strong>espressione universale di fede<\/strong>,\u00a0un desiderio condiviso da molte tradizioni religiose. Nel\u00a0<strong>cristianesimo<\/strong>, in particolare, il concetto di\u00a0<strong>vivere come fratelli<\/strong>\u00a0\u00e8 profondamente radicato.\u00a0La preghiera per la pace, per i cristiani, rappresenta il\u00a0<strong>desiderio di seguire gli <a href=\"https:\/\/www.holyart.it\/blog\/articoli-religiosi\/la-storia-di-gesu-gli-eventi-piu-importanti-della-sua-vita\/\">insegnamenti di Ges\u00f9 Cristo<\/a><\/strong>, che ha predicato l&#8217;amore per il prossimo, la compassione e la comprensione. Essi pregano affinch\u00e9 tutti possano vivere in armonia, come membri di una grande famiglia umana, seguendo l&#8217;esempio di amore e perdono lasciato da Ges\u00f9.<\/p>\n<div class=\"link-article\">\n<p><img loading=\"lazy\" decoding=\"async\" class=\"size-full wp-image-19032 alignleft\" src=\"https:\/\/blog.holyart.it\/it\/wp-content\/uploads\/sites\/17\/2024\/01\/storia-di-gesu-ultima-cena.jpg\" alt=\"storia di ges\u00f9 ultima cena\" width=\"150\" height=\"99\" data-kale-share-title=\"Preghiera per la pace: preghiamo insieme per un mondo migliore\" data-kale-share-url=\"https:\/\/blog.holyart.it\/it\/?p=19025\" \/><\/p>\n<div class=\"leggi-anche\">Leggi anche:<\/div>\n<p><strong><a href=\"https:\/\/www.holyart.it\/blog\/articoli-religiosi\/la-storia-di-gesu-gli-eventi-piu-importanti-della-sua-vita\/\">La storia di Ges\u00f9: gli eventi pi\u00f9 importanti della Sua vita<\/a><\/strong><br \/>\nLa storia di Ges\u00f9, tra racconto evangelico, realt\u00e0 storica e leggenda devozionale. In vista della Pasqua ricostruiamo la vicenda&#8230;<\/p>\n<\/div>\n<p>Anche nelle\u00a0<a href=\"https:\/\/www.holyart.it\/it\/articoli-religiosi\/libri-e-testi-sacri\/bibbie\"><strong>Sacre Scritture<\/strong><\/a>, in particolare nei <a href=\"https:\/\/www.holyart.it\/it\/articoli-religiosi\/libri-e-testi-sacri\/vangeli\"><strong>Vangeli<\/strong><\/a>, ricorre sovente il richiamo alla pace e all&#8217;unit\u00e0. Leggiamo per esempio:\u00a0<em>&#8220;Beati gli operatori di pace, perch\u00e9 saranno chiamati figli di Dio.&#8221;<\/em>\u00a0(Matteo 5:9). Questo passaggio sottolinea l&#8217;importanza di cercare la pace e di essere promotori attivi di armonia e unit\u00e0 tra gli esseri umani.\u00a0Nella Bibbia, il concetto di pace, &#8220;Shalom&#8221; in ebraico, va oltre l&#8217;assenza di conflitto esterno. \u00c8 la condizione di\u00a0<strong>armonia interiore con se stessi<\/strong>,\u00a0<strong>con il divino<\/strong>\u00a0e\u00a0<strong>con il creato<\/strong>. In quanto tale, la pace \u00e8 considerata un dono di Dio, ma richiede anche il nostro\u00a0<strong>impegno personale<\/strong>.<br \/>\nMa come si diventa operatori di pace? Ecco che l&#8217;invocazione alla pace contiene un invito implicito a\u00a0<strong>superare l&#8217;indifferenza<\/strong>, a impegnarsi quotidianamente come fautori di armonia e concordia, con un costante lavoro su noi stessi, che ci permetta di\u00a0<strong>diffondere questa armonia nel mondo<\/strong>. I sentimenti, le emozioni, le azioni divengono cos\u00ec strumenti con cui in buon cristiano si prende cura degli altri, lotta contro l&#8217;egoismo e le ferite che esso procura all&#8217;umanit\u00e0 e si fa fautore di una coesione che guarda alla fraternit\u00e0 invocata da Ges\u00f9. Al Suo esempio si rif\u00e0 chi si impegna attivamente per la pace, seguendo la via da Lui tracciata, una via d&#8217;amore e riconciliazione.<\/p>\n<div class=\"link-product\">\n<div class=\"blocco-immagine\"><img loading=\"lazy\" decoding=\"async\" class=\"size-full wp-image-19031 alignleft\" src=\"https:\/\/blog.holyart.it\/it\/wp-content\/uploads\/sites\/17\/2024\/01\/portavangelo-mani-olivo-con-vangelo.jpg\" alt=\"portavangelo mani olivo con vangelo\" width=\"100\" height=\"100\" data-kale-share-title=\"Preghiera per la pace: preghiamo insieme per un mondo migliore\" data-kale-share-url=\"https:\/\/blog.holyart.it\/it\/?p=19025\" \/><\/div>\n<div class=\"blocco-contenuto\">\n<div class=\"blocco-acquista\">Acquista su Holyart:<\/div>\n<div class=\"blocco-titolo\"><a href=\"https:\/\/www.holyart.it\/it\/articoli-religiosi\/libri-e-testi-sacri\/vangeli\/portavangelo-mani-olivo-con-vangelo\">Portavangelo mani olivo con Vangelo<\/a><\/div>\n<div class=\"blocco-descrizione\">Composizione realizzata da artigiani della Terrasanta.<\/div>\n<\/div>\n<\/div>\n<p>La preghiera della pace \u00e8 dunque un&#8217;espressione del desiderio di vivere come fratelli e sorelle, in sintonia con i\u00a0<strong>valori cristiani di amore, compassione e solidariet\u00e0 universale<\/strong>. \u00c8 un appello alla pace interiore e al mantenimento di relazioni pacifiche e rispettose con tutti, seguendo il modello di amore universale proposto da Ges\u00f9 Cristo. La\u00a0<strong>ricerca della pace<\/strong>\u00a0ha sempre attraversato la storia umana, spingendo le persone a cercare modi per superare i conflitti, le divisioni e le sofferenze. La preghiera per la pace rappresenta un veicolo per canalizzare questa energia positiva e costruttiva verso il raggiungimento di un mondo pi\u00f9 armonioso.<\/p>\n<p>Le preghiere per la pace\u00a0<strong>non conoscono confini culturali o religiosi<\/strong>. Sono parole di speranza, compassione e desiderio di unire gli esseri umani al di l\u00e0 delle differenze. Queste preghiere possono essere recitate\u00a0<strong>singolarmente<\/strong>\u00a0o\u00a0<strong>collettivamente<\/strong>, in luoghi di culto, comunit\u00e0 o semplicemente nel silenzio del proprio cuore. Inoltre, la preghiera per la pace<strong>\u00a0non \u00e8 limitata alle tradizioni religiose<\/strong>. Anche coloro che non seguono una pratica spirituale specifica possono partecipare ad atti di contemplazione, meditazione o riflessione che promuovono la pace interiore e collettiva.<\/p>\n<p>La preghiera per la pace va oltre le parole. \u00c8 un\u00a0<strong>atto di contemplazione<\/strong>,<strong>\u00a0riflessione<\/strong>\u00a0e\u00a0<strong>connessione con Dio<\/strong>, ma anche con l&#8217;essenza pi\u00f9 profonda dell&#8217;umanit\u00e0, un modo potente per influenzare positivamente gli eventi, le menti e i cuori delle persone in tutto il mondo. La preghiera della pace pu\u00f2\u00a0<a href=\"https:\/\/www.holyart.it\/blog\/occasioni-speciali\/giornata-mondiale-della-pace-e-santissima-madre-di-dio-due-ricorrenze-nello-stesso-giorno\/\"><strong>ispirare nei cuori azioni concrete<\/strong><\/a>\u00a0volte a promuovere la comprensione, la tolleranza e la risoluzione pacifica dei conflitti. Nelle situazioni di conflitto e tensione, la preghiera per la pace assume un ruolo significativo nella\u00a0<strong>guarigione e nella riconciliazione<\/strong>. Offre uno spazio di raccoglimento dove le persone possono\u00a0<strong>mettere da parte le differenze e concentrarsi sulle similitudini umane.<\/strong><\/p>\n<div class=\"link-article\">\n<p><img loading=\"lazy\" decoding=\"async\" class=\"size-full wp-image-19035 alignleft\" src=\"https:\/\/blog.holyart.it\/it\/wp-content\/uploads\/sites\/17\/2024\/01\/giornata-mondiale-della-pace.jpg\" alt=\"giornata mondiale della pace\" width=\"150\" height=\"99\" data-kale-share-title=\"Preghiera per la pace: preghiamo insieme per un mondo migliore\" data-kale-share-url=\"https:\/\/blog.holyart.it\/it\/?p=19025\" \/><\/p>\n<div class=\"leggi-anche\">Leggi anche:<\/div>\n<p><strong><a href=\"https:\/\/www.holyart.it\/blog\/occasioni-speciali\/giornata-mondiale-della-pace-e-santissima-madre-di-dio-due-ricorrenze-nello-stesso-giorno\/\">Giornata mondiale della pace e Santissima Madre di Dio: due ricorrenze nello stesso giorno<\/a><\/strong><br \/>\nIn occasione della Giornata Mondiale della Pace, che si terr\u00e0 il&#8230;<\/p>\n<\/div>\n<p>Le preghiere per la pace possono essere un\u00a0<strong>catalizzatore per il perdono e la comprensione reciproca.<\/strong>\u00a0Attraverso questa pratica, le comunit\u00e0 possono iniziare il processo di guarigione dalle ferite del passato, aprendo la strada a un futuro basato sulla collaborazione e sulla coesistenza pacifica.<\/p>\n<p>Nell&#8217;era moderna, caratterizzata da una\u00a0<strong>crescente interconnessione globale<\/strong>\u00a0e da sfide senza precedenti, la preghiera per la pace assume un ruolo ancora pi\u00f9 cruciale. Attraverso le tecnologie moderne, le persone possono unirsi virtualmente in preghiera, superando le distanze fisiche e culturali per promuovere un mondo pi\u00f9 pacifico e solidale.\u00a0In un mondo in cui la pace pu\u00f2 sembrare a volte un obiettivo distante, la preghiera per la pace ci ricorda il\u00a0<strong>potere intrinseco che risiede nell&#8217;unione delle nostre intenzioni, azioni e speranze<\/strong>\u00a0per costruire un mondo in cui la pace sia una realt\u00e0 per tutti.<\/p>\n<h2>Preghiera per la pace di Papa Francesco<\/h2>\n<p><em>&#8220;Per fare la pace ci vuole coraggio, molto di pi\u00f9 che per fare la guerra. Ci vuole coraggio per dire s\u00ec all\u2019incontro e no allo scontro; s\u00ec al dialogo e no alla violenza; s\u00ec al negoziato e no alle ostilit\u00e0; s\u00ec al rispetto dei patti e no alle provocazioni; s\u00ec alla sincerit\u00e0 e no alla doppiezza. Per tutto questo ci vuole coraggio, grande forza d\u2019animo.&#8221;<\/em><\/p>\n<p>Cos\u00ec si rivolgeva\u00a0<strong><a href=\"https:\/\/www.holyart.it\/blog\/articoli-religiosi\/le-piu-belle-frasi-sulla-pace-di-papa-francesco\/\">Papa Francesco<\/a>\u00a0<\/strong>la sera dell&#8217;8 giugno del 2014 nei Giardini Vaticani al Presidente dell&#8217;Autorit\u00e0 palestinese Abu Mazen e al Presidente israeliano Shimon Peres. Il Pontefice aveva fortemente voluto questo incontro con i due leader dopo la sua recente visita in Giordania, Israele e nei Territori occupati palestinesi.<br \/>\nAll&#8217;incontro aveva preso parte anche il Patriarca di Costantinopoli, Bartolomeo I, e il custode della Terra Santa, padre Pierbattista Pizzaballa.<\/p>\n<div class=\"link-article\">\n<p><img loading=\"lazy\" decoding=\"async\" class=\"size-full wp-image-19033 alignleft\" src=\"https:\/\/blog.holyart.it\/it\/wp-content\/uploads\/sites\/17\/2024\/01\/pace.jpg\" alt=\"pace\" width=\"150\" height=\"99\" data-kale-share-title=\"Preghiera per la pace: preghiamo insieme per un mondo migliore\" data-kale-share-url=\"https:\/\/blog.holyart.it\/it\/?p=19025\" \/><\/p>\n<div class=\"leggi-anche\">Leggi anche:<\/div>\n<p><strong><a href=\"https:\/\/www.holyart.it\/blog\/articoli-religiosi\/le-piu-belle-frasi-sulla-pace-di-papa-francesco\/\">Le pi\u00f9 belle frasi sulla Pace di Papa Francesco<\/a><\/strong><br \/>\nIn questo particolare e drammatico momento storico le frasi sulla Pace di Papa Francesco rappresentano un faro di speranza per&#8230;<\/p>\n<\/div>\n<p>In questo momento storico pi\u00f9 che mai ci sembra doveroso ricordare quelle parole, quell&#8217;appello che il Santo Padre accompagn\u00f2 con una speciale preghiera per la pace, scrivendo una pagina storica senza precedenti. Ecco la preghiera di Papa Francesco in quella data memorabile.<\/p>\n<p><em>Signore Dio di pace, ascolta la nostra supplica!<\/em><\/p>\n<p><em>Abbiamo provato tante volte e per tanti anni a risolvere i nostri conflitti con le nostre forze e anche con le nostre armi; tanti momenti di ostilit\u00e0 e di oscurit\u00e0; tanto sangue versato; tante vite spezzate; tante speranze seppellite\u2026 Ma i nostri sforzi sono stati vani. Ora, Signore, aiutaci Tu! Donaci Tu la pace, insegnaci Tu la pace, guidaci Tu verso la pace. Apri i nostri occhi e i nostri cuori e donaci il coraggio di dire: \u201cmai pi\u00f9 la guerra!\u201d; \u201ccon la guerra tutto \u00e8 distrutto!\u201d. Infondi in noi il coraggio di compiere gesti concreti per costruire la pace<\/em>.\u00a0<em>Signore, Dio di Abramo e dei Profeti, Dio Amore che ci hai creati e ci chiami a vivere da fratelli, donaci la forza per essere ogni giorno artigiani della pace; donaci la capacit\u00e0 di guardare con benevolenza tutti i fratelli che incontriamo sul nostro cammino. Rendici disponibili ad ascoltare il grido dei nostri cittadini che ci chiedono di trasformare le nostre armi in strumenti di pace, le nostre paure in fiducia e le nostre tensioni in perdono. Tieni accesa in noi la fiamma della speranza per compiere con paziente perseveranza scelte di dialogo e di riconciliazione, perch\u00e9 vinca finalmente la pace. E che dal cuore di ogni uomo siano bandite queste parole: divisione, odio, guerra! Signore, disarma la lingua e le mani, rinnova i cuori e le menti, perch\u00e9 la parola che ci fa incontrare sia sempre \u201cfratello\u201d, e lo stile della nostra vita diventi: shalom, pace, salam! Amen.<\/em><\/p>\n<h2>Preghiera per la pace di Madre Teresa di Calcutta<\/h2>\n<p>Le preghiere per la pace di\u00a0<strong>Madre Teresa di Calcutta<\/strong>,\u00a0<strong><a href=\"https:\/\/www.holyart.it\/blog\/santi-e-beati\/quella-volta-in-cui-una-santa-cristiana-ricevette-il-premio-nobel-per-la-pace\/\">Premio Nobel per la Pace nel 1979<\/a><\/strong>, sono un riflesso del suo impegno totale per alleviare le sofferenze umane e diffondere l&#8217;amore incondizionato nel mondo. La sua vita stessa \u00e8 stata un&#8217;<strong>espressione vivente di preghiera<\/strong>, ma la Santa ha anche condiviso molte preghiere che rappresentavano un&#8217;appassionata richiesta a Dio di portare pace, consolazione e speranza in un mondo afflitto dalla povert\u00e0, dalla malattia, dalla guerra e dall&#8217;isolamento sociale. Il suo messaggio fondamentale era quello di\u00a0<strong>portare la pace attraverso l&#8217;amore e il servizio agli altri<\/strong>, specialmente ai pi\u00f9 bisognosi e dimenticati della societ\u00e0.<\/p>\n<div class=\"link-article\">\n<p><img loading=\"lazy\" decoding=\"async\" class=\"size-full wp-image-19026 alignleft\" src=\"https:\/\/blog.holyart.it\/it\/wp-content\/uploads\/sites\/17\/2024\/01\/madre-teresa.jpg\" alt=\"madre teresa\" width=\"150\" height=\"99\" data-kale-share-title=\"Preghiera per la pace: preghiamo insieme per un mondo migliore\" data-kale-share-url=\"https:\/\/blog.holyart.it\/it\/?p=19025\" \/><\/p>\n<div class=\"leggi-anche\">Leggi anche:<\/div>\n<p><strong><a href=\"https:\/\/www.holyart.it\/blog\/santi-e-beati\/quella-volta-in-cui-una-santa-cristiana-ricevette-il-premio-nobel-per-la-pace\/\">Quella volta in cui una santa cristiana ricevette il Premio Nobel per la Pace<\/a><\/strong><br \/>\nMadre Teresa di Calcutta Premio Nobel per la Pace \u00e8 tra i Santi moderni&#8230;<\/p>\n<\/div>\n<p>Madre Teresa ha insegnato che la pace inizia con\u00a0<strong>piccoli gesti di gentilezza<\/strong>, compassione e condivisione. Le sue preghiere per la pace non erano solo un richiamo a Dio, ma anche un invito a tutti noi a diventare strumenti di pace, a partire dalle nostre azioni quotidiane.<\/p>\n<p><em>Le opere dell\u2019amore<\/em><br \/>\n<em>sono sempre opere di pace.<\/em><br \/>\n<em>Ogni volta che dividerai<\/em><br \/>\n<em>il tuo amore con gli altri,<\/em><br \/>\n<em>ti accorgerai della pace<\/em><br \/>\n<em>che giunge a te e a loro.<\/em><br \/>\n<em>Dove c\u2019\u00e8 pace c\u2019\u00e8 Dio,<\/em><br \/>\n<em>\u00e8 cos\u00ec che Dio riversa pace<\/em><br \/>\n<em>e gioia nei nostri cuori.<\/em><\/p>\n<p>Un&#8217;altra preghiera di Madre Teresa si ricollega all&#8217;invocazione alla pace di\u00a0<a href=\"https:\/\/www.holyart.it\/blog\/articoli-religiosi\/il-cantico-delle-creature-di-san-francesco\/\"><strong>San Francesco d&#8217;Assisi<\/strong><\/a>:<\/p>\n<p><em>Oh, Signore,<\/em><br \/>\n<em>fa\u2019 di me lo strumento della Tua Pace;<\/em><br \/>\n<em>L\u00e0, dove \u00e8 l\u2019odio che io porti l\u2019amore.<\/em><br \/>\n<em>L\u00e0, dove \u00e8 l\u2019offesa che io porti il Perdono.<\/em><br \/>\n<em>L\u00e0, dove \u00e8 la discordia che io porti l\u2019unione.<\/em><br \/>\n<em>L\u00e0, dove \u00e8 il dubbio che io porti la Fede.<\/em><br \/>\n<em>L\u00e0, dove \u00e8 l\u2019errore che io porti la Verit\u00e0.<\/em><br \/>\n<em>L\u00e0, dove \u00e8 la disperazione che io porti la speranza.<\/em><br \/>\n<em>L\u00e0, dove \u00e8 la tristezza, che io porti la Gioia.<\/em><br \/>\n<em>L\u00e0, dove sono le tenebre che io porti la Luce.<\/em><\/p>\n<p><em>Oh Maestro,<\/em><br \/>\n<em>fa\u2019 ch\u2019io non cerchi tanto d\u2019essere consolato, ma di consolare.<\/em><br \/>\n<em>Di essere compreso, ma di comprendere.<\/em><br \/>\n<em>Di essere amato, ma di amare.<\/em><\/p>\n<div class=\"link-article\">\n<p><img loading=\"lazy\" decoding=\"async\" class=\"size-full wp-image-19027 alignleft\" src=\"https:\/\/blog.holyart.it\/it\/wp-content\/uploads\/sites\/17\/2024\/01\/san-francesco.jpg\" alt=\"san francesco\" width=\"150\" height=\"99\" data-kale-share-title=\"Preghiera per la pace: preghiamo insieme per un mondo migliore\" data-kale-share-url=\"https:\/\/blog.holyart.it\/it\/?p=19025\" \/><\/p>\n<div class=\"leggi-anche\">Leggi anche:<\/div>\n<p><strong><a href=\"https:\/\/www.holyart.it\/blog\/articoli-religiosi\/il-cantico-delle-creature-di-san-francesco\/\">Il cantico delle creature di San Francesco<\/a><\/strong><br \/>\nSan Francesco d\u2019Assisi \u00e8 uno dei santi pi\u00f9 amati e venerati dalla Chiesa cattolica. Vicino ai poveri, fratello degli ultimi, fece dell\u2019amore per tutte&#8230;<\/p>\n<\/div>\n<p>Eccola rivivere nelle parole di Santa Teresa di Calcutta:<\/p>\n<p><em>O Signore,<\/em><br \/>\n<em>c\u2019\u00e8 una guerra<\/em><br \/>\n<em>e io non possiedo parole.<\/em><br \/>\n<em>Tutto quello che posso fare<\/em><br \/>\n<em>\u00e8 usare le parole<\/em><br \/>\n<em>di Francesco d\u2019Assisi.<\/em><br \/>\n<em>E mentre prego<\/em><br \/>\n<em>questa antica preghiera<\/em><br \/>\n<em>io so che, ancora una volta,<\/em><br \/>\n<em>tu trasformerai la guerra in pace<\/em><br \/>\n<em>e l\u2019odio in amore.<\/em><br \/>\n<em>Dacci la pace,<\/em><br \/>\n<em>o Signore,<\/em><br \/>\n<em>e fa\u2019 che le armi siano inutili<\/em><br \/>\n<em>in questo mondo meraviglioso.<\/em><br \/>\n<em>Amen.<\/em><\/p>\n<p>Ancora un&#8217;invocazione di <a href=\"https:\/\/www.holyart.it\/it\/articoli-religiosi\/statue\/statue-in-legno-dipinto\/statua-santa-madre-teresa-di-calcutta-legno-dipinto-val-gardena\"><strong>Madre Teresa di Calcutta<\/strong><\/a> a Dio perch\u00e9 faccia di lei uno strumento di pace e amore:<\/p>\n<p><em>Conducimi dalla morte alla vita dalla menzogna alla verit\u00e0.<\/em><br \/>\n<em>Conducimi dalla disperazione alla speranza,<\/em><br \/>\n<em>dalla paura alla verit\u00e0.<\/em><br \/>\n<em>Conducimi dall\u2019odio all\u2019amore,<\/em><br \/>\n<em>dalla guerra alla pace.<\/em><br \/>\n<em>Fa\u2019 si che la pace riempia i nostri cuori,<\/em><br \/>\n<em>il nostro mondo, il nostro universo.<\/em><\/p>\n<div class=\"link-product\">\n<div class=\"blocco-immagine\"><img loading=\"lazy\" decoding=\"async\" class=\"size-full wp-image-19028 alignleft\" src=\"https:\/\/blog.holyart.it\/it\/wp-content\/uploads\/sites\/17\/2024\/01\/statua-santa-madre-teresa-di-calcutta-legno-dipinto-val-gardena.jpg\" alt=\"statua santa madre teresa di calcutta legno dipinto val gardena\" width=\"100\" height=\"100\" data-kale-share-title=\"Preghiera per la pace: preghiamo insieme per un mondo migliore\" data-kale-share-url=\"https:\/\/blog.holyart.it\/it\/?p=19025\" \/><\/div>\n<div class=\"blocco-contenuto\">\n<div class=\"blocco-acquista\">Acquista su Holyart:<\/div>\n<div class=\"blocco-titolo\"><a href=\"https:\/\/www.holyart.it\/it\/articoli-religiosi\/statue\/statue-in-legno-dipinto\/statua-santa-madre-teresa-di-calcutta-legno-dipinto-val-gardena\">Statua Santa Madre Teresa di Calcutta legno dipinto<\/a><\/div>\n<div class=\"blocco-descrizione\">La statua, scolpita in Val Gardena, raffigura Santa Madre Teresa con le mani giunte in cui stringe un rosario.<\/div>\n<\/div>\n<\/div>\n","protected":false},"excerpt":{"rendered":"<p>Da sempre l&#8217;umanit\u00e0 ricerca nella preghiera per la pace le parole per diffondere la speranza in un futuro migliore per tutti gli uomini, fratelli nell&#8217;amore La\u00a0preghiera per la pace\u00a0rappresenta un potente\u00a0atto di amore, speranza e unione\u00a0che attraversa le barriere delle differenze umane e connette le&hellip;<\/p>\n","protected":false},"author":1,"featured_media":19038,"comment_status":"closed","ping_status":"open","sticky":false,"template":"","format":"standard","meta":{"_acf_changed":false,"footnotes":""},"categories":[16,15],"tags":[],"class_list":["post-19025","post","type-post","status-publish","format-standard","has-post-thumbnail","hentry","category-articoli-religiosi","category-santi-e-beati"],"acf":[],"yoast_head":"<!-- This site is optimized with the Yoast SEO plugin v26.6 - https:\/\/yoast.com\/wordpress\/plugins\/seo\/ -->\n<title>Preghiera per la pace: preghiamo insieme per un mondo migliore - Holyblog<\/title>\n<meta name=\"description\" content=\"La preghiera per la pace recitata in privato o in comunione con tutti \u00e8 uno strumento di crescita spirituale e impegno.\" \/>\n<meta name=\"robots\" content=\"index, follow, max-snippet:-1, max-image-preview:large, max-video-preview:-1\" \/>\n<link rel=\"canonical\" href=\"https:\/\/blog.holyart.it\/it\/articoli-religiosi\/preghiera-per-la-pace-preghiamo-insieme-per-un-mondo-migliore\/\" \/>\n<meta property=\"og:locale\" content=\"it_IT\" \/>\n<meta property=\"og:type\" content=\"article\" \/>\n<meta property=\"og:title\" content=\"Preghiera per la pace: preghiamo insieme per un mondo migliore - Holyblog\" \/>\n<meta property=\"og:description\" content=\"La preghiera per la pace recitata in privato o in comunione con tutti \u00e8 uno strumento di crescita spirituale e impegno.\" \/>\n<meta property=\"og:url\" content=\"https:\/\/blog.holyart.it\/it\/articoli-religiosi\/preghiera-per-la-pace-preghiamo-insieme-per-un-mondo-migliore\/\" \/>\n<meta property=\"og:site_name\" content=\"Holyblog\" \/>\n<meta property=\"article:published_time\" content=\"2024-01-08T09:00:47+00:00\" \/>\n<meta property=\"article:modified_time\" content=\"2026-01-09T14:44:46+00:00\" \/>\n<meta property=\"og:image\" content=\"https:\/\/blog.holyart.it\/it\/wp-content\/uploads\/sites\/17\/2024\/01\/preghiera-per-la-pace.jpeg\" \/>\n\t<meta property=\"og:image:width\" content=\"1000\" \/>\n\t<meta property=\"og:image:height\" content=\"666\" \/>\n\t<meta property=\"og:image:type\" content=\"image\/jpeg\" \/>\n<meta name=\"author\" content=\"Redazione\" \/>\n<meta name=\"twitter:card\" content=\"summary_large_image\" \/>\n<meta name=\"twitter:label1\" content=\"Scritto da\" \/>\n\t<meta name=\"twitter:data1\" content=\"Redazione\" \/>\n\t<meta name=\"twitter:label2\" content=\"Tempo di lettura stimato\" \/>\n\t<meta name=\"twitter:data2\" content=\"12 minuti\" \/>\n<script type=\"application\/ld+json\" class=\"yoast-schema-graph\">{\"@context\":\"https:\/\/schema.org\",\"@graph\":[{\"@type\":\"Article\",\"@id\":\"https:\/\/blog.holyart.it\/it\/articoli-religiosi\/preghiera-per-la-pace-preghiamo-insieme-per-un-mondo-migliore\/#article\",\"isPartOf\":{\"@id\":\"https:\/\/blog.holyart.it\/it\/articoli-religiosi\/preghiera-per-la-pace-preghiamo-insieme-per-un-mondo-migliore\/\"},\"author\":{\"name\":\"Redazione\",\"@id\":\"https:\/\/blog.holyart.it\/it\/#\/schema\/person\/0a7b686e5af0f856ec1e390dd0baecda\"},\"headline\":\"Preghiera per la pace: preghiamo insieme per un mondo migliore\",\"datePublished\":\"2024-01-08T09:00:47+00:00\",\"dateModified\":\"2026-01-09T14:44:46+00:00\",\"mainEntityOfPage\":{\"@id\":\"https:\/\/blog.holyart.it\/it\/articoli-religiosi\/preghiera-per-la-pace-preghiamo-insieme-per-un-mondo-migliore\/\"},\"wordCount\":1880,\"publisher\":{\"@id\":\"https:\/\/blog.holyart.it\/it\/#organization\"},\"image\":{\"@id\":\"https:\/\/blog.holyart.it\/it\/articoli-religiosi\/preghiera-per-la-pace-preghiamo-insieme-per-un-mondo-migliore\/#primaryimage\"},\"thumbnailUrl\":\"https:\/\/blog.holyart.it\/it\/wp-content\/uploads\/sites\/17\/2024\/01\/preghiera-per-la-pace.jpeg\",\"articleSection\":[\"Religione\",\"Santi e beati\"],\"inLanguage\":\"it-IT\"},{\"@type\":\"WebPage\",\"@id\":\"https:\/\/blog.holyart.it\/it\/articoli-religiosi\/preghiera-per-la-pace-preghiamo-insieme-per-un-mondo-migliore\/\",\"url\":\"https:\/\/blog.holyart.it\/it\/articoli-religiosi\/preghiera-per-la-pace-preghiamo-insieme-per-un-mondo-migliore\/\",\"name\":\"Preghiera per la pace: preghiamo insieme per un mondo migliore - Holyblog\",\"isPartOf\":{\"@id\":\"https:\/\/blog.holyart.it\/it\/#website\"},\"primaryImageOfPage\":{\"@id\":\"https:\/\/blog.holyart.it\/it\/articoli-religiosi\/preghiera-per-la-pace-preghiamo-insieme-per-un-mondo-migliore\/#primaryimage\"},\"image\":{\"@id\":\"https:\/\/blog.holyart.it\/it\/articoli-religiosi\/preghiera-per-la-pace-preghiamo-insieme-per-un-mondo-migliore\/#primaryimage\"},\"thumbnailUrl\":\"https:\/\/blog.holyart.it\/it\/wp-content\/uploads\/sites\/17\/2024\/01\/preghiera-per-la-pace.jpeg\",\"datePublished\":\"2024-01-08T09:00:47+00:00\",\"dateModified\":\"2026-01-09T14:44:46+00:00\",\"description\":\"La preghiera per la pace recitata in privato o in comunione con tutti \u00e8 uno strumento di crescita spirituale e impegno.\",\"breadcrumb\":{\"@id\":\"https:\/\/blog.holyart.it\/it\/articoli-religiosi\/preghiera-per-la-pace-preghiamo-insieme-per-un-mondo-migliore\/#breadcrumb\"},\"inLanguage\":\"it-IT\",\"potentialAction\":[{\"@type\":\"ReadAction\",\"target\":[\"https:\/\/blog.holyart.it\/it\/articoli-religiosi\/preghiera-per-la-pace-preghiamo-insieme-per-un-mondo-migliore\/\"]}]},{\"@type\":\"ImageObject\",\"inLanguage\":\"it-IT\",\"@id\":\"https:\/\/blog.holyart.it\/it\/articoli-religiosi\/preghiera-per-la-pace-preghiamo-insieme-per-un-mondo-migliore\/#primaryimage\",\"url\":\"https:\/\/blog.holyart.it\/it\/wp-content\/uploads\/sites\/17\/2024\/01\/preghiera-per-la-pace.jpeg\",\"contentUrl\":\"https:\/\/blog.holyart.it\/it\/wp-content\/uploads\/sites\/17\/2024\/01\/preghiera-per-la-pace.jpeg\",\"width\":1000,\"height\":666,\"caption\":\"preghiera per la pace\"},{\"@type\":\"BreadcrumbList\",\"@id\":\"https:\/\/blog.holyart.it\/it\/articoli-religiosi\/preghiera-per-la-pace-preghiamo-insieme-per-un-mondo-migliore\/#breadcrumb\",\"itemListElement\":[{\"@type\":\"ListItem\",\"position\":1,\"name\":\"Homepage\",\"item\":\"https:\/\/blog.holyart.it\/it\/\"},{\"@type\":\"ListItem\",\"position\":2,\"name\":\"Religione\",\"item\":\"https:\/\/blog.holyart.it\/it\/articoli-religiosi\/\"},{\"@type\":\"ListItem\",\"position\":3,\"name\":\"Preghiera per la pace: preghiamo insieme per un mondo migliore\"}]},{\"@type\":\"WebSite\",\"@id\":\"https:\/\/blog.holyart.it\/it\/#website\",\"url\":\"https:\/\/blog.holyart.it\/it\/\",\"name\":\"Holyblog\",\"description\":\"Il Blog di Holyart.it\",\"publisher\":{\"@id\":\"https:\/\/blog.holyart.it\/it\/#organization\"},\"potentialAction\":[{\"@type\":\"SearchAction\",\"target\":{\"@type\":\"EntryPoint\",\"urlTemplate\":\"https:\/\/blog.holyart.it\/it\/?s={search_term_string}\"},\"query-input\":{\"@type\":\"PropertyValueSpecification\",\"valueRequired\":true,\"valueName\":\"search_term_string\"}}],\"inLanguage\":\"it-IT\"},{\"@type\":\"Organization\",\"@id\":\"https:\/\/blog.holyart.it\/it\/#organization\",\"name\":\"Holyblog\",\"url\":\"https:\/\/blog.holyart.it\/it\/\",\"logo\":{\"@type\":\"ImageObject\",\"inLanguage\":\"it-IT\",\"@id\":\"https:\/\/blog.holyart.it\/it\/#\/schema\/logo\/image\/\",\"url\":\"https:\/\/blog.holyart.it\/it\/wp-content\/uploads\/sites\/17\/2022\/12\/Holyart_Blog_Logo.jpg\",\"contentUrl\":\"https:\/\/blog.holyart.it\/it\/wp-content\/uploads\/sites\/17\/2022\/12\/Holyart_Blog_Logo.jpg\",\"width\":300,\"height\":50,\"caption\":\"Holyblog\"},\"image\":{\"@id\":\"https:\/\/blog.holyart.it\/it\/#\/schema\/logo\/image\/\"}},{\"@type\":\"Person\",\"@id\":\"https:\/\/blog.holyart.it\/it\/#\/schema\/person\/0a7b686e5af0f856ec1e390dd0baecda\",\"name\":\"Redazione\"}]}<\/script>\n<!-- \/ Yoast SEO plugin. -->","yoast_head_json":{"title":"Preghiera per la pace: preghiamo insieme per un mondo migliore - Holyblog","description":"La preghiera per la pace recitata in privato o in comunione con tutti \u00e8 uno strumento di crescita spirituale e impegno.","robots":{"index":"index","follow":"follow","max-snippet":"max-snippet:-1","max-image-preview":"max-image-preview:large","max-video-preview":"max-video-preview:-1"},"canonical":"https:\/\/blog.holyart.it\/it\/articoli-religiosi\/preghiera-per-la-pace-preghiamo-insieme-per-un-mondo-migliore\/","og_locale":"it_IT","og_type":"article","og_title":"Preghiera per la pace: preghiamo insieme per un mondo migliore - Holyblog","og_description":"La preghiera per la pace recitata in privato o in comunione con tutti \u00e8 uno strumento di crescita spirituale e impegno.","og_url":"https:\/\/blog.holyart.it\/it\/articoli-religiosi\/preghiera-per-la-pace-preghiamo-insieme-per-un-mondo-migliore\/","og_site_name":"Holyblog","article_published_time":"2024-01-08T09:00:47+00:00","article_modified_time":"2026-01-09T14:44:46+00:00","og_image":[{"width":1000,"height":666,"url":"https:\/\/blog.holyart.it\/it\/wp-content\/uploads\/sites\/17\/2024\/01\/preghiera-per-la-pace.jpeg","type":"image\/jpeg"}],"author":"Redazione","twitter_card":"summary_large_image","twitter_misc":{"Scritto da":"Redazione","Tempo di lettura stimato":"12 minuti"},"schema":{"@context":"https:\/\/schema.org","@graph":[{"@type":"Article","@id":"https:\/\/blog.holyart.it\/it\/articoli-religiosi\/preghiera-per-la-pace-preghiamo-insieme-per-un-mondo-migliore\/#article","isPartOf":{"@id":"https:\/\/blog.holyart.it\/it\/articoli-religiosi\/preghiera-per-la-pace-preghiamo-insieme-per-un-mondo-migliore\/"},"author":{"name":"Redazione","@id":"https:\/\/blog.holyart.it\/it\/#\/schema\/person\/0a7b686e5af0f856ec1e390dd0baecda"},"headline":"Preghiera per la pace: preghiamo insieme per un mondo migliore","datePublished":"2024-01-08T09:00:47+00:00","dateModified":"2026-01-09T14:44:46+00:00","mainEntityOfPage":{"@id":"https:\/\/blog.holyart.it\/it\/articoli-religiosi\/preghiera-per-la-pace-preghiamo-insieme-per-un-mondo-migliore\/"},"wordCount":1880,"publisher":{"@id":"https:\/\/blog.holyart.it\/it\/#organization"},"image":{"@id":"https:\/\/blog.holyart.it\/it\/articoli-religiosi\/preghiera-per-la-pace-preghiamo-insieme-per-un-mondo-migliore\/#primaryimage"},"thumbnailUrl":"https:\/\/blog.holyart.it\/it\/wp-content\/uploads\/sites\/17\/2024\/01\/preghiera-per-la-pace.jpeg","articleSection":["Religione","Santi e beati"],"inLanguage":"it-IT"},{"@type":"WebPage","@id":"https:\/\/blog.holyart.it\/it\/articoli-religiosi\/preghiera-per-la-pace-preghiamo-insieme-per-un-mondo-migliore\/","url":"https:\/\/blog.holyart.it\/it\/articoli-religiosi\/preghiera-per-la-pace-preghiamo-insieme-per-un-mondo-migliore\/","name":"Preghiera per la pace: preghiamo insieme per un mondo migliore - Holyblog","isPartOf":{"@id":"https:\/\/blog.holyart.it\/it\/#website"},"primaryImageOfPage":{"@id":"https:\/\/blog.holyart.it\/it\/articoli-religiosi\/preghiera-per-la-pace-preghiamo-insieme-per-un-mondo-migliore\/#primaryimage"},"image":{"@id":"https:\/\/blog.holyart.it\/it\/articoli-religiosi\/preghiera-per-la-pace-preghiamo-insieme-per-un-mondo-migliore\/#primaryimage"},"thumbnailUrl":"https:\/\/blog.holyart.it\/it\/wp-content\/uploads\/sites\/17\/2024\/01\/preghiera-per-la-pace.jpeg","datePublished":"2024-01-08T09:00:47+00:00","dateModified":"2026-01-09T14:44:46+00:00","description":"La preghiera per la pace recitata in privato o in comunione con tutti \u00e8 uno strumento di crescita spirituale e impegno.","breadcrumb":{"@id":"https:\/\/blog.holyart.it\/it\/articoli-religiosi\/preghiera-per-la-pace-preghiamo-insieme-per-un-mondo-migliore\/#breadcrumb"},"inLanguage":"it-IT","potentialAction":[{"@type":"ReadAction","target":["https:\/\/blog.holyart.it\/it\/articoli-religiosi\/preghiera-per-la-pace-preghiamo-insieme-per-un-mondo-migliore\/"]}]},{"@type":"ImageObject","inLanguage":"it-IT","@id":"https:\/\/blog.holyart.it\/it\/articoli-religiosi\/preghiera-per-la-pace-preghiamo-insieme-per-un-mondo-migliore\/#primaryimage","url":"https:\/\/blog.holyart.it\/it\/wp-content\/uploads\/sites\/17\/2024\/01\/preghiera-per-la-pace.jpeg","contentUrl":"https:\/\/blog.holyart.it\/it\/wp-content\/uploads\/sites\/17\/2024\/01\/preghiera-per-la-pace.jpeg","width":1000,"height":666,"caption":"preghiera per la pace"},{"@type":"BreadcrumbList","@id":"https:\/\/blog.holyart.it\/it\/articoli-religiosi\/preghiera-per-la-pace-preghiamo-insieme-per-un-mondo-migliore\/#breadcrumb","itemListElement":[{"@type":"ListItem","position":1,"name":"Homepage","item":"https:\/\/blog.holyart.it\/it\/"},{"@type":"ListItem","position":2,"name":"Religione","item":"https:\/\/blog.holyart.it\/it\/articoli-religiosi\/"},{"@type":"ListItem","position":3,"name":"Preghiera per la pace: preghiamo insieme per un mondo migliore"}]},{"@type":"WebSite","@id":"https:\/\/blog.holyart.it\/it\/#website","url":"https:\/\/blog.holyart.it\/it\/","name":"Holyblog","description":"Il Blog di Holyart.it","publisher":{"@id":"https:\/\/blog.holyart.it\/it\/#organization"},"potentialAction":[{"@type":"SearchAction","target":{"@type":"EntryPoint","urlTemplate":"https:\/\/blog.holyart.it\/it\/?s={search_term_string}"},"query-input":{"@type":"PropertyValueSpecification","valueRequired":true,"valueName":"search_term_string"}}],"inLanguage":"it-IT"},{"@type":"Organization","@id":"https:\/\/blog.holyart.it\/it\/#organization","name":"Holyblog","url":"https:\/\/blog.holyart.it\/it\/","logo":{"@type":"ImageObject","inLanguage":"it-IT","@id":"https:\/\/blog.holyart.it\/it\/#\/schema\/logo\/image\/","url":"https:\/\/blog.holyart.it\/it\/wp-content\/uploads\/sites\/17\/2022\/12\/Holyart_Blog_Logo.jpg","contentUrl":"https:\/\/blog.holyart.it\/it\/wp-content\/uploads\/sites\/17\/2022\/12\/Holyart_Blog_Logo.jpg","width":300,"height":50,"caption":"Holyblog"},"image":{"@id":"https:\/\/blog.holyart.it\/it\/#\/schema\/logo\/image\/"}},{"@type":"Person","@id":"https:\/\/blog.holyart.it\/it\/#\/schema\/person\/0a7b686e5af0f856ec1e390dd0baecda","name":"Redazione"}]}},"_links":{"self":[{"href":"https:\/\/blog.holyart.it\/it\/wp-json\/wp\/v2\/posts\/19025","targetHints":{"allow":["GET"]}}],"collection":[{"href":"https:\/\/blog.holyart.it\/it\/wp-json\/wp\/v2\/posts"}],"about":[{"href":"https:\/\/blog.holyart.it\/it\/wp-json\/wp\/v2\/types\/post"}],"author":[{"embeddable":true,"href":"https:\/\/blog.holyart.it\/it\/wp-json\/wp\/v2\/users\/1"}],"replies":[{"embeddable":true,"href":"https:\/\/blog.holyart.it\/it\/wp-json\/wp\/v2\/comments?post=19025"}],"version-history":[{"count":4,"href":"https:\/\/blog.holyart.it\/it\/wp-json\/wp\/v2\/posts\/19025\/revisions"}],"predecessor-version":[{"id":19037,"href":"https:\/\/blog.holyart.it\/it\/wp-json\/wp\/v2\/posts\/19025\/revisions\/19037"}],"wp:featuredmedia":[{"embeddable":true,"href":"https:\/\/blog.holyart.it\/it\/wp-json\/wp\/v2\/media\/19038"}],"wp:attachment":[{"href":"https:\/\/blog.holyart.it\/it\/wp-json\/wp\/v2\/media?parent=19025"}],"wp:term":[{"taxonomy":"category","embeddable":true,"href":"https:\/\/blog.holyart.it\/it\/wp-json\/wp\/v2\/categories?post=19025"},{"taxonomy":"post_tag","embeddable":true,"href":"https:\/\/blog.holyart.it\/it\/wp-json\/wp\/v2\/tags?post=19025"}],"curies":[{"name":"wp","href":"https:\/\/api.w.org\/{rel}","templated":true}]}}