{"id":19011,"date":"2024-01-01T10:08:52","date_gmt":"2024-01-01T09:08:52","guid":{"rendered":"https:\/\/blog.holyart.it\/it\/?p=19011"},"modified":"2023-12-22T12:11:44","modified_gmt":"2023-12-22T11:11:44","slug":"giornata-mondiale-della-pace-e-santissima-madre-di-dio-due-ricorrenze-nello-stesso-giorno","status":"publish","type":"post","link":"https:\/\/blog.holyart.it\/it\/occasioni-speciali\/giornata-mondiale-della-pace-e-santissima-madre-di-dio-due-ricorrenze-nello-stesso-giorno\/","title":{"rendered":"Giornata mondiale della pace e Santissima Madre di Dio: due ricorrenze nello stesso giorno"},"content":{"rendered":"<h4>In occasione della Giornata Mondiale della Pace, che si terr\u00e0 il 1 gennaio 2024, la Santa Sede richiama l&#8217;attenzione sui rischi, ma anche le immense potenzialit\u00e0, dell&#8217;Intelligenza Artificiale.<\/h4>\n<p>Il 1\u00b0 gennaio 2024 si celebrer\u00e0 la 57\u00aa Giornata Mondiale della Pace. Istituita da Papa Paolo VI nel 1967 e celebrata per la prima volta il 1 gennaio dell&#8217;anno successivo, la<strong>\u00a0Giornata Mondiale della Pace<\/strong>\u00a0\u00e8 stata in seguito riconosciuta anche dall&#8217;<strong>Assemblea generale delle Nazioni Unite<\/strong>, che la celebra il 21 settembre. In entrambi i casi questa Giornata rappresenta un momento importante di riflessione comune sul <a href=\"https:\/\/www.holyart.it\/it\/articoli-religiosi\/pendenti-croci-tau-medaglie\/pendenti-vari\/medaglia-colomba-ulivo\"><strong>valore della pace<\/strong><\/a> e per pregare affinch\u00e9 possa diffondersi in tutto il mondo. Quello che tanto la Chiesa cattolica quanto le Nazioni unite richiedono \u00e8 di sospendere tutte le ostilit\u00e0 e la violenza in quel giorno, come segno tangibile di buona volont\u00e0 e desiderio di cooperazione, per lavorare insieme e raggiungere un mondo pi\u00f9 pacifico.<\/p>\n<div class=\"link-product\">\n<div class=\"blocco-immagine\"><img loading=\"lazy\" decoding=\"async\" class=\"size-full wp-image-19013 alignleft\" src=\"https:\/\/blog.holyart.it\/it\/wp-content\/uploads\/sites\/17\/2023\/12\/medaglia-colomba-ulivo.jpg\" alt=\"medaglia colomba ulivo\" width=\"100\" height=\"100\" data-kale-share-title=\"Giornata mondiale della pace e Santissima Madre di Dio: due ricorrenze nello stesso giorno\" data-kale-share-url=\"https:\/\/blog.holyart.it\/it\/?p=19011\" \/><\/div>\n<div class=\"blocco-contenuto\">\n<div class=\"blocco-acquista\">Acquista su Holyart:<\/div>\n<div class=\"blocco-titolo\"><a href=\"https:\/\/www.holyart.it\/it\/articoli-religiosi\/pendenti-croci-tau-medaglie\/pendenti-vari\/medaglia-colomba-ulivo\">Medaglia colomba ulivo<\/a><\/div>\n<div class=\"blocco-descrizione\">Grazioso pendente realizzato con lavorazione artigianale in legno d&#8217;ulivo a forma di colomba.<\/div>\n<\/div>\n<\/div>\n<p>Paolo VI istitu\u00ec l&#8217;istituzione della Giornata Mondiale della Pace richiamando alla memoria i valori della\u00a0<em>Pax Romana<\/em>, promossa in tutti gli stati dell&#8217;Impero romano dopo la presa del potere da parte di Augusto. Proprio come la Pax Augustea, anche la pace invocata dal Papa si basava sull&#8217;eguaglianza dei diritti dei cittadini e di tutti gli uomini. Nella fattispecie, Paolo VI tentava di placare gli animi cercando un dialogo per sventare l&#8217;escalation del conflitto in corso nel Vietnam, ma il suo discorso sulla pace abbracciava una visione pi\u00f9 ampia, auspicando un mondo dove la discussione e la tregua potessero prevalere sulle ostilit\u00e0. Il discorso di Paolo VI fu coronato dalla prima, toccante <a href=\"https:\/\/www.holyart.it\/blog\/articoli-religiosi\/le-piu-belle-frasi-sulla-pace-di-papa-francesco\/\"><strong>Preghiera per la Pace nel Mondo<\/strong><\/a>, che sottolineava l&#8217;importanza della spiritualit\u00e0 e della riflessione profonda come fondamenta per la pace globale, e invitava le persone di tutte le fedi e convinzioni a unirsi in questo desiderio comune di pace.<\/p>\n<div class=\"link-article\">\n<p><img loading=\"lazy\" decoding=\"async\" class=\"size-full wp-image-19015 alignleft\" src=\"https:\/\/blog.holyart.it\/it\/wp-content\/uploads\/sites\/17\/2023\/12\/pace.jpg\" alt=\"pace\" width=\"150\" height=\"99\" data-kale-share-title=\"Giornata mondiale della pace e Santissima Madre di Dio: due ricorrenze nello stesso giorno\" data-kale-share-url=\"https:\/\/blog.holyart.it\/it\/?p=19011\" \/><\/p>\n<div class=\"leggi-anche\">Leggi anche:<\/div>\n<p><strong><a href=\"https:\/\/www.holyart.it\/blog\/articoli-religiosi\/le-piu-belle-frasi-sulla-pace-di-papa-francesco\/\">Le pi\u00f9 belle frasi sulla Pace di Papa Francesco<\/a><\/strong><br \/>\nIn questo particolare e drammatico momento storico le frasi sulla Pace di Papa Francesco rappresentano un faro di speranza per tutta la&#8230;<\/p>\n<\/div>\n<p><em>\u00abGiunga ora il Nostro saluto fraterno e paterno ed il Nostro augurio di pace, con quanto la pace deve recare con s\u00e9: l&#8217;ordine, la serenit\u00e0, la letizia, la fraternit\u00e0, la libert\u00e0, la speranza, l\u2019energia e la sicurezza del buon lavoro, il proposito di ricominciare e di progredire, il benessere sano e comune, e quella misteriosa capacit\u00e0 di godere la vita scoprendone i rapporti con il suo intimo principio e con il suo fine supremo: il Dio della pace.\u00bb<\/em><\/p>\n<p>Il 1 gennaio coincide anche con un&#8217;altra, fondamentale festivit\u00e0 religiosa: la\u00a0<a href=\"https:\/\/www.holyart.it\/blog\/santi-e-beati\/1-gennaio-maria-santissima-madre-dio\/#Giornata_Mondiale_della_Pace_e_Festa_di_Maria_Santissima\"><strong>festa dedicata a Maria Vergine, la Santissima Madre di Dio<\/strong><\/a>.\u00a0Questa celebrazione avviene subito dopo il <a href=\"https:\/\/www.holyart.it\/it\/natale\"><strong>Natale<\/strong><\/a>, un momento cruciale per i cristiani in cui si onora la doppia natura di Ges\u00f9 come Dio e uomo, oltre alla sua miracolosa incarnazione <a href=\"https:\/\/www.holyart.it\/it\/natale\/presepi\/presepe-napoletano\/giuseppe-e-maria-incinta-su-asino-30-cm-presepe-napoletano\"><strong>nel grembo di\u00a0Maria<\/strong><\/a>, una donna mortale. Una festa incentrata su Ges\u00f9, dunque, ma che ha come figura centrale\u00a0<strong>Maria Santissima Madre di Dio<\/strong>, una donna straordinaria eppure umile, una madre tra tante, eppure unica. La sua decisione di aderire al piano divino, di accettare il peso di portare in grembo il Figlio di Dio, incarnando il ruolo di Madre di Dio sulla Terra, rappresenta il pi\u00f9 alto esempio di amore e devozione cristiana. Maria emerge come l&#8217;<strong>archetipo femminile per eccellenza<\/strong>, un modello irraggiungibile, ma, al contempo, di riferimento per tutte le donne. La sua \u00e8 anche una luce inesauribile di amore per gli uomini, quella figura materna desiderata da coloro che cercano protezione e cura, anche nei momenti pi\u00f9 bui della vita. La sua presenza diviene un faro di affetto e consolazione per chiunque senta il bisogno di una\u00a0<strong>figura materna<\/strong>\u00a0che vegli su di loro.<\/p>\n<div class=\"link-product\">\n<div class=\"blocco-immagine\"><img loading=\"lazy\" decoding=\"async\" class=\"size-full wp-image-19016 alignleft\" src=\"https:\/\/blog.holyart.it\/it\/wp-content\/uploads\/sites\/17\/2023\/12\/giuseppe-e-maria-incinta-su-asino-30-cm.jpg\" alt=\"giuseppe e maria incinta su asino 30 cm\" width=\"100\" height=\"100\" data-kale-share-title=\"Giornata mondiale della pace e Santissima Madre di Dio: due ricorrenze nello stesso giorno\" data-kale-share-url=\"https:\/\/blog.holyart.it\/it\/?p=19011\" \/><\/div>\n<div class=\"blocco-contenuto\">\n<div class=\"blocco-acquista\">Acquista su Holyart:<\/div>\n<div class=\"blocco-titolo\"><a href=\"https:\/\/www.holyart.it\/it\/natale\/presepi\/presepe-napoletano\/giuseppe-e-maria-incinta-su-asino-30-cm-presepe-napoletano\">Giuseppe e Maria incinta presepe napoletano<\/a><\/div>\n<div class=\"blocco-descrizione\">Statuette del presepe napoletano in terracotta raffiguranti la Madonna incinta sull&#8217;asinello con San Giuseppe.<\/div>\n<\/div>\n<\/div>\n<h2>La Giornata della Pace 2024<\/h2>\n<p>Mentre la Giornata Mondiale della Pace nel 2023 era dedicata a\u00a0<em>Nessuno pu\u00f2 salvarsi da solo. Ripartire dal Covid-19 per tracciare insieme sentieri di pace<\/em>, la Giornata Mondiale della Pace 2024 affronta un tema di grande rilevanza:<strong>\u00a0Intelligenze artificiali e pace<\/strong>. Questo tema riflette l&#8217;impatto sempre pi\u00f9 profondo delle tecnologie avanzate, in particolare dell&#8217;intelligenza artificiale, sulla vita umana, sul piano personale e sociale, ma anche le possibili ripercussioni nei vari ambiti politici ed economici.<\/p>\n<p>Nel suo messaggio per la Giornata Mondiale della Pace 2024\u00a0<a href=\"https:\/\/www.holyart.it\/it\/occasioni-speciali\/papa-francesco\"><strong>Papa Francesco<\/strong><\/a>\u00a0promuove lo studio e un dialogo aperto e profondo riguardo al significato e agli effetti di queste nuove tecnologie. Il loro potenziale \u00e8 innegabile, ma il Pontefice sottolinea anche gli aspetti negativi che possono portare. Proprio a causa di questa ambivalenza, il Santo Padre sottolinea la necessit\u00e0 di<strong>\u00a0vigilare attentamente<\/strong>\u00a0affinch\u00e9 l&#8217;uso di tali strumenti non dia origine a dinamiche di violenza e discriminazione, soprattutto a discapito dei pi\u00f9 vulnerabili e degli emarginati, alimentando ingiustizia e disuguaglianze, tensioni e conflitti. Lo sviluppo e l&#8217;utilizzo delle intelligenze artificiali dovrebbero progredire in\u00a0<strong>modo responsabile<\/strong>, affinch\u00e9 possano essere strumenti al servizio dell&#8217;umanit\u00e0 e della protezione del nostro pianeta. La\u00a0<strong>riflessione etica<\/strong>\u00a0non pu\u00f2 non andare di pari passo al dibattito scientifico e sociale, nell&#8217;ambito dell&#8217;istruzione e della legge, proprio perch\u00e9 in ballo non ci sono solo interessi economici e politici, ma la tutela della\u00a0<strong>dignit\u00e0 umana<\/strong>. Ecco allora che nelle parole del Papa emerge la speranza che le nuove tecnologie possano rivelarsi strumenti preziosi per la creazione di una\u00a0<strong>fraternit\u00e0 inclusiva<\/strong>, basata proprio su un loro utilizzo etico e costruttivo, con particolare riguardo alla preservazione della dignit\u00e0 individuale. La speranza di Papa Francesco \u00e8 che l&#8217;intelligenza artificiale non porti a nuove disuguaglianze, in un momento storico in cui abbiamo pi\u00f9 che mai bisogno di superare quelli che gi\u00e0 affliggono l&#8217;umanit\u00e0.<\/p>\n<div class=\"link-product\">\n<div class=\"blocco-immagine\"><img loading=\"lazy\" decoding=\"async\" class=\"size-full wp-image-19017 alignleft\" src=\"https:\/\/blog.holyart.it\/it\/wp-content\/uploads\/sites\/17\/2023\/12\/rosario-profumato-al-gelsomino-bianco-papa-francesco.jpg\" alt=\"rosario profumato al gelsomino bianco papa francesco\" width=\"100\" height=\"100\" data-kale-share-title=\"Giornata mondiale della pace e Santissima Madre di Dio: due ricorrenze nello stesso giorno\" data-kale-share-url=\"https:\/\/blog.holyart.it\/it\/?p=19011\" \/><\/div>\n<div class=\"blocco-contenuto\">\n<div class=\"blocco-acquista\">Acquista su Holyart:<\/div>\n<div class=\"blocco-titolo\"><a href=\"https:\/\/www.holyart.it\/it\/occasioni-speciali\/papa-francesco\">Papa Francesco<\/a><\/div>\n<div class=\"blocco-descrizione\">Categoria dedicata a Papa Jorge Mario Bergoglio.<\/div>\n<\/div>\n<\/div>\n<p><em>&#8220;La vita non pu\u00f2 deciderla un algoritmo, servono etica e rispetto&#8221;<\/em>, aveva detto gi\u00e0 in passato Papa Francesco, sottolineando un concetto fondamentale: l&#8217;importanza di un approccio etico nell&#8217;uso degli\u00a0<strong>algoritmi nell&#8217;ambito dell&#8217;intelligenza artificiale<\/strong>. Questo concetto, noto come\u00a0<strong><em>algoretica<\/em><\/strong>, rappresenta una componente significativa nella riflessione della Santa Sede riguardo l&#8217;uso responsabile delle nuove tecnologie. \u00c8 fondamentale riconoscere che la vita umana, con le sue sfumature e complessit\u00e0, non pu\u00f2 essere ridotta o decisa da semplici algoritmi. Ci\u00f2 che serve, al contrario, \u00e8 un approccio guidato da valori etici e rispetto per la dignit\u00e0 umana.<br \/>\nLa riflessione della Santa Sede su questa algoretica \u00e8 importante perch\u00e9 sottolinea la necessit\u00e0 di considerare attentamente l&#8217;impatto sociale, etico e morale delle decisioni basate sugli algoritmi. Questo panorama di pensiero rafforza il richiamo a un utilizzo consapevole e responsabile delle tecnologie emergenti, ponendo al centro il valore della vita umana e della dignit\u00e0 individuale.<\/p>\n","protected":false},"excerpt":{"rendered":"<p>In occasione della Giornata Mondiale della Pace, che si terr\u00e0 il 1 gennaio 2024, la Santa Sede richiama l&#8217;attenzione sui rischi, ma anche le immense potenzialit\u00e0, dell&#8217;Intelligenza Artificiale. Il 1\u00b0 gennaio 2024 si celebrer\u00e0 la 57\u00aa Giornata Mondiale della Pace. Istituita da Papa Paolo VI&hellip;<\/p>\n","protected":false},"author":1,"featured_media":19021,"comment_status":"closed","ping_status":"open","sticky":false,"template":"","format":"standard","meta":{"_acf_changed":false,"footnotes":""},"categories":[20,15],"tags":[],"class_list":["post-19011","post","type-post","status-publish","format-standard","has-post-thumbnail","hentry","category-occasioni-speciali","category-santi-e-beati"],"acf":[],"yoast_head":"<!-- This site is optimized with the Yoast SEO plugin v26.6 - https:\/\/yoast.com\/wordpress\/plugins\/seo\/ -->\n<title>Giornata mondiale della pace e Santissima Madre di Dio: due ricorrenze nello stesso giorno - Holyblog<\/title>\n<meta name=\"description\" content=\"Il 1 Gennaio 2024 si celebra la Giornata Mondiale della Pace, quest\u2019anno dedicata alle intelligenze artificiali e al loro impatto etico\" \/>\n<meta name=\"robots\" content=\"index, follow, max-snippet:-1, max-image-preview:large, max-video-preview:-1\" \/>\n<link rel=\"canonical\" href=\"https:\/\/blog.holyart.it\/it\/occasioni-speciali\/giornata-mondiale-della-pace-e-santissima-madre-di-dio-due-ricorrenze-nello-stesso-giorno\/\" \/>\n<meta property=\"og:locale\" content=\"it_IT\" \/>\n<meta property=\"og:type\" content=\"article\" \/>\n<meta property=\"og:title\" content=\"Giornata mondiale della pace e Santissima Madre di Dio: due ricorrenze nello stesso giorno - Holyblog\" \/>\n<meta property=\"og:description\" content=\"Il 1 Gennaio 2024 si celebra la Giornata Mondiale della Pace, quest\u2019anno dedicata alle intelligenze artificiali e al loro impatto etico\" \/>\n<meta property=\"og:url\" content=\"https:\/\/blog.holyart.it\/it\/occasioni-speciali\/giornata-mondiale-della-pace-e-santissima-madre-di-dio-due-ricorrenze-nello-stesso-giorno\/\" \/>\n<meta property=\"og:site_name\" content=\"Holyblog\" \/>\n<meta property=\"article:published_time\" content=\"2024-01-01T09:08:52+00:00\" \/>\n<meta property=\"og:image\" content=\"https:\/\/blog.holyart.it\/it\/wp-content\/uploads\/sites\/17\/2023\/12\/giornata-mondiale-della-pace.jpg\" \/>\n\t<meta property=\"og:image:width\" content=\"1000\" \/>\n\t<meta property=\"og:image:height\" content=\"666\" \/>\n\t<meta property=\"og:image:type\" content=\"image\/jpeg\" \/>\n<meta name=\"author\" content=\"Redazione\" \/>\n<meta name=\"twitter:card\" content=\"summary_large_image\" \/>\n<meta name=\"twitter:label1\" content=\"Scritto da\" \/>\n\t<meta name=\"twitter:data1\" content=\"Redazione\" \/>\n\t<meta name=\"twitter:label2\" content=\"Tempo di lettura stimato\" \/>\n\t<meta name=\"twitter:data2\" content=\"7 minuti\" \/>\n<script type=\"application\/ld+json\" class=\"yoast-schema-graph\">{\"@context\":\"https:\/\/schema.org\",\"@graph\":[{\"@type\":\"Article\",\"@id\":\"https:\/\/blog.holyart.it\/it\/occasioni-speciali\/giornata-mondiale-della-pace-e-santissima-madre-di-dio-due-ricorrenze-nello-stesso-giorno\/#article\",\"isPartOf\":{\"@id\":\"https:\/\/blog.holyart.it\/it\/occasioni-speciali\/giornata-mondiale-della-pace-e-santissima-madre-di-dio-due-ricorrenze-nello-stesso-giorno\/\"},\"author\":{\"name\":\"Redazione\",\"@id\":\"https:\/\/blog.holyart.it\/it\/#\/schema\/person\/0a7b686e5af0f856ec1e390dd0baecda\"},\"headline\":\"Giornata mondiale della pace e Santissima Madre di Dio: due ricorrenze nello stesso giorno\",\"datePublished\":\"2024-01-01T09:08:52+00:00\",\"mainEntityOfPage\":{\"@id\":\"https:\/\/blog.holyart.it\/it\/occasioni-speciali\/giornata-mondiale-della-pace-e-santissima-madre-di-dio-due-ricorrenze-nello-stesso-giorno\/\"},\"wordCount\":1113,\"publisher\":{\"@id\":\"https:\/\/blog.holyart.it\/it\/#organization\"},\"image\":{\"@id\":\"https:\/\/blog.holyart.it\/it\/occasioni-speciali\/giornata-mondiale-della-pace-e-santissima-madre-di-dio-due-ricorrenze-nello-stesso-giorno\/#primaryimage\"},\"thumbnailUrl\":\"https:\/\/blog.holyart.it\/it\/wp-content\/uploads\/sites\/17\/2023\/12\/giornata-mondiale-della-pace.jpg\",\"articleSection\":[\"Occasioni speciali\",\"Santi e beati\"],\"inLanguage\":\"it-IT\"},{\"@type\":\"WebPage\",\"@id\":\"https:\/\/blog.holyart.it\/it\/occasioni-speciali\/giornata-mondiale-della-pace-e-santissima-madre-di-dio-due-ricorrenze-nello-stesso-giorno\/\",\"url\":\"https:\/\/blog.holyart.it\/it\/occasioni-speciali\/giornata-mondiale-della-pace-e-santissima-madre-di-dio-due-ricorrenze-nello-stesso-giorno\/\",\"name\":\"Giornata mondiale della pace e Santissima Madre di Dio: due ricorrenze nello stesso giorno - Holyblog\",\"isPartOf\":{\"@id\":\"https:\/\/blog.holyart.it\/it\/#website\"},\"primaryImageOfPage\":{\"@id\":\"https:\/\/blog.holyart.it\/it\/occasioni-speciali\/giornata-mondiale-della-pace-e-santissima-madre-di-dio-due-ricorrenze-nello-stesso-giorno\/#primaryimage\"},\"image\":{\"@id\":\"https:\/\/blog.holyart.it\/it\/occasioni-speciali\/giornata-mondiale-della-pace-e-santissima-madre-di-dio-due-ricorrenze-nello-stesso-giorno\/#primaryimage\"},\"thumbnailUrl\":\"https:\/\/blog.holyart.it\/it\/wp-content\/uploads\/sites\/17\/2023\/12\/giornata-mondiale-della-pace.jpg\",\"datePublished\":\"2024-01-01T09:08:52+00:00\",\"description\":\"Il 1 Gennaio 2024 si celebra la Giornata Mondiale della Pace, quest\u2019anno dedicata alle intelligenze artificiali e al loro impatto etico\",\"breadcrumb\":{\"@id\":\"https:\/\/blog.holyart.it\/it\/occasioni-speciali\/giornata-mondiale-della-pace-e-santissima-madre-di-dio-due-ricorrenze-nello-stesso-giorno\/#breadcrumb\"},\"inLanguage\":\"it-IT\",\"potentialAction\":[{\"@type\":\"ReadAction\",\"target\":[\"https:\/\/blog.holyart.it\/it\/occasioni-speciali\/giornata-mondiale-della-pace-e-santissima-madre-di-dio-due-ricorrenze-nello-stesso-giorno\/\"]}]},{\"@type\":\"ImageObject\",\"inLanguage\":\"it-IT\",\"@id\":\"https:\/\/blog.holyart.it\/it\/occasioni-speciali\/giornata-mondiale-della-pace-e-santissima-madre-di-dio-due-ricorrenze-nello-stesso-giorno\/#primaryimage\",\"url\":\"https:\/\/blog.holyart.it\/it\/wp-content\/uploads\/sites\/17\/2023\/12\/giornata-mondiale-della-pace.jpg\",\"contentUrl\":\"https:\/\/blog.holyart.it\/it\/wp-content\/uploads\/sites\/17\/2023\/12\/giornata-mondiale-della-pace.jpg\",\"width\":1000,\"height\":666,\"caption\":\"giornata mondiale della pace\"},{\"@type\":\"BreadcrumbList\",\"@id\":\"https:\/\/blog.holyart.it\/it\/occasioni-speciali\/giornata-mondiale-della-pace-e-santissima-madre-di-dio-due-ricorrenze-nello-stesso-giorno\/#breadcrumb\",\"itemListElement\":[{\"@type\":\"ListItem\",\"position\":1,\"name\":\"Homepage\",\"item\":\"https:\/\/blog.holyart.it\/it\/\"},{\"@type\":\"ListItem\",\"position\":2,\"name\":\"Occasioni speciali\",\"item\":\"https:\/\/blog.holyart.it\/it\/occasioni-speciali\/\"},{\"@type\":\"ListItem\",\"position\":3,\"name\":\"Giornata mondiale della pace e Santissima Madre di Dio: due ricorrenze nello stesso giorno\"}]},{\"@type\":\"WebSite\",\"@id\":\"https:\/\/blog.holyart.it\/it\/#website\",\"url\":\"https:\/\/blog.holyart.it\/it\/\",\"name\":\"Holyblog\",\"description\":\"Il Blog di Holyart.it\",\"publisher\":{\"@id\":\"https:\/\/blog.holyart.it\/it\/#organization\"},\"potentialAction\":[{\"@type\":\"SearchAction\",\"target\":{\"@type\":\"EntryPoint\",\"urlTemplate\":\"https:\/\/blog.holyart.it\/it\/?s={search_term_string}\"},\"query-input\":{\"@type\":\"PropertyValueSpecification\",\"valueRequired\":true,\"valueName\":\"search_term_string\"}}],\"inLanguage\":\"it-IT\"},{\"@type\":\"Organization\",\"@id\":\"https:\/\/blog.holyart.it\/it\/#organization\",\"name\":\"Holyblog\",\"url\":\"https:\/\/blog.holyart.it\/it\/\",\"logo\":{\"@type\":\"ImageObject\",\"inLanguage\":\"it-IT\",\"@id\":\"https:\/\/blog.holyart.it\/it\/#\/schema\/logo\/image\/\",\"url\":\"https:\/\/blog.holyart.it\/it\/wp-content\/uploads\/sites\/17\/2022\/12\/Holyart_Blog_Logo.jpg\",\"contentUrl\":\"https:\/\/blog.holyart.it\/it\/wp-content\/uploads\/sites\/17\/2022\/12\/Holyart_Blog_Logo.jpg\",\"width\":300,\"height\":50,\"caption\":\"Holyblog\"},\"image\":{\"@id\":\"https:\/\/blog.holyart.it\/it\/#\/schema\/logo\/image\/\"}},{\"@type\":\"Person\",\"@id\":\"https:\/\/blog.holyart.it\/it\/#\/schema\/person\/0a7b686e5af0f856ec1e390dd0baecda\",\"name\":\"Redazione\"}]}<\/script>\n<!-- \/ Yoast SEO plugin. -->","yoast_head_json":{"title":"Giornata mondiale della pace e Santissima Madre di Dio: due ricorrenze nello stesso giorno - Holyblog","description":"Il 1 Gennaio 2024 si celebra la Giornata Mondiale della Pace, quest\u2019anno dedicata alle intelligenze artificiali e al loro impatto etico","robots":{"index":"index","follow":"follow","max-snippet":"max-snippet:-1","max-image-preview":"max-image-preview:large","max-video-preview":"max-video-preview:-1"},"canonical":"https:\/\/blog.holyart.it\/it\/occasioni-speciali\/giornata-mondiale-della-pace-e-santissima-madre-di-dio-due-ricorrenze-nello-stesso-giorno\/","og_locale":"it_IT","og_type":"article","og_title":"Giornata mondiale della pace e Santissima Madre di Dio: due ricorrenze nello stesso giorno - Holyblog","og_description":"Il 1 Gennaio 2024 si celebra la Giornata Mondiale della Pace, quest\u2019anno dedicata alle intelligenze artificiali e al loro impatto etico","og_url":"https:\/\/blog.holyart.it\/it\/occasioni-speciali\/giornata-mondiale-della-pace-e-santissima-madre-di-dio-due-ricorrenze-nello-stesso-giorno\/","og_site_name":"Holyblog","article_published_time":"2024-01-01T09:08:52+00:00","og_image":[{"width":1000,"height":666,"url":"https:\/\/blog.holyart.it\/it\/wp-content\/uploads\/sites\/17\/2023\/12\/giornata-mondiale-della-pace.jpg","type":"image\/jpeg"}],"author":"Redazione","twitter_card":"summary_large_image","twitter_misc":{"Scritto da":"Redazione","Tempo di lettura stimato":"7 minuti"},"schema":{"@context":"https:\/\/schema.org","@graph":[{"@type":"Article","@id":"https:\/\/blog.holyart.it\/it\/occasioni-speciali\/giornata-mondiale-della-pace-e-santissima-madre-di-dio-due-ricorrenze-nello-stesso-giorno\/#article","isPartOf":{"@id":"https:\/\/blog.holyart.it\/it\/occasioni-speciali\/giornata-mondiale-della-pace-e-santissima-madre-di-dio-due-ricorrenze-nello-stesso-giorno\/"},"author":{"name":"Redazione","@id":"https:\/\/blog.holyart.it\/it\/#\/schema\/person\/0a7b686e5af0f856ec1e390dd0baecda"},"headline":"Giornata mondiale della pace e Santissima Madre di Dio: due ricorrenze nello stesso giorno","datePublished":"2024-01-01T09:08:52+00:00","mainEntityOfPage":{"@id":"https:\/\/blog.holyart.it\/it\/occasioni-speciali\/giornata-mondiale-della-pace-e-santissima-madre-di-dio-due-ricorrenze-nello-stesso-giorno\/"},"wordCount":1113,"publisher":{"@id":"https:\/\/blog.holyart.it\/it\/#organization"},"image":{"@id":"https:\/\/blog.holyart.it\/it\/occasioni-speciali\/giornata-mondiale-della-pace-e-santissima-madre-di-dio-due-ricorrenze-nello-stesso-giorno\/#primaryimage"},"thumbnailUrl":"https:\/\/blog.holyart.it\/it\/wp-content\/uploads\/sites\/17\/2023\/12\/giornata-mondiale-della-pace.jpg","articleSection":["Occasioni speciali","Santi e beati"],"inLanguage":"it-IT"},{"@type":"WebPage","@id":"https:\/\/blog.holyart.it\/it\/occasioni-speciali\/giornata-mondiale-della-pace-e-santissima-madre-di-dio-due-ricorrenze-nello-stesso-giorno\/","url":"https:\/\/blog.holyart.it\/it\/occasioni-speciali\/giornata-mondiale-della-pace-e-santissima-madre-di-dio-due-ricorrenze-nello-stesso-giorno\/","name":"Giornata mondiale della pace e Santissima Madre di Dio: due ricorrenze nello stesso giorno - Holyblog","isPartOf":{"@id":"https:\/\/blog.holyart.it\/it\/#website"},"primaryImageOfPage":{"@id":"https:\/\/blog.holyart.it\/it\/occasioni-speciali\/giornata-mondiale-della-pace-e-santissima-madre-di-dio-due-ricorrenze-nello-stesso-giorno\/#primaryimage"},"image":{"@id":"https:\/\/blog.holyart.it\/it\/occasioni-speciali\/giornata-mondiale-della-pace-e-santissima-madre-di-dio-due-ricorrenze-nello-stesso-giorno\/#primaryimage"},"thumbnailUrl":"https:\/\/blog.holyart.it\/it\/wp-content\/uploads\/sites\/17\/2023\/12\/giornata-mondiale-della-pace.jpg","datePublished":"2024-01-01T09:08:52+00:00","description":"Il 1 Gennaio 2024 si celebra la Giornata Mondiale della Pace, quest\u2019anno dedicata alle intelligenze artificiali e al loro impatto etico","breadcrumb":{"@id":"https:\/\/blog.holyart.it\/it\/occasioni-speciali\/giornata-mondiale-della-pace-e-santissima-madre-di-dio-due-ricorrenze-nello-stesso-giorno\/#breadcrumb"},"inLanguage":"it-IT","potentialAction":[{"@type":"ReadAction","target":["https:\/\/blog.holyart.it\/it\/occasioni-speciali\/giornata-mondiale-della-pace-e-santissima-madre-di-dio-due-ricorrenze-nello-stesso-giorno\/"]}]},{"@type":"ImageObject","inLanguage":"it-IT","@id":"https:\/\/blog.holyart.it\/it\/occasioni-speciali\/giornata-mondiale-della-pace-e-santissima-madre-di-dio-due-ricorrenze-nello-stesso-giorno\/#primaryimage","url":"https:\/\/blog.holyart.it\/it\/wp-content\/uploads\/sites\/17\/2023\/12\/giornata-mondiale-della-pace.jpg","contentUrl":"https:\/\/blog.holyart.it\/it\/wp-content\/uploads\/sites\/17\/2023\/12\/giornata-mondiale-della-pace.jpg","width":1000,"height":666,"caption":"giornata mondiale della pace"},{"@type":"BreadcrumbList","@id":"https:\/\/blog.holyart.it\/it\/occasioni-speciali\/giornata-mondiale-della-pace-e-santissima-madre-di-dio-due-ricorrenze-nello-stesso-giorno\/#breadcrumb","itemListElement":[{"@type":"ListItem","position":1,"name":"Homepage","item":"https:\/\/blog.holyart.it\/it\/"},{"@type":"ListItem","position":2,"name":"Occasioni speciali","item":"https:\/\/blog.holyart.it\/it\/occasioni-speciali\/"},{"@type":"ListItem","position":3,"name":"Giornata mondiale della pace e Santissima Madre di Dio: due ricorrenze nello stesso giorno"}]},{"@type":"WebSite","@id":"https:\/\/blog.holyart.it\/it\/#website","url":"https:\/\/blog.holyart.it\/it\/","name":"Holyblog","description":"Il Blog di Holyart.it","publisher":{"@id":"https:\/\/blog.holyart.it\/it\/#organization"},"potentialAction":[{"@type":"SearchAction","target":{"@type":"EntryPoint","urlTemplate":"https:\/\/blog.holyart.it\/it\/?s={search_term_string}"},"query-input":{"@type":"PropertyValueSpecification","valueRequired":true,"valueName":"search_term_string"}}],"inLanguage":"it-IT"},{"@type":"Organization","@id":"https:\/\/blog.holyart.it\/it\/#organization","name":"Holyblog","url":"https:\/\/blog.holyart.it\/it\/","logo":{"@type":"ImageObject","inLanguage":"it-IT","@id":"https:\/\/blog.holyart.it\/it\/#\/schema\/logo\/image\/","url":"https:\/\/blog.holyart.it\/it\/wp-content\/uploads\/sites\/17\/2022\/12\/Holyart_Blog_Logo.jpg","contentUrl":"https:\/\/blog.holyart.it\/it\/wp-content\/uploads\/sites\/17\/2022\/12\/Holyart_Blog_Logo.jpg","width":300,"height":50,"caption":"Holyblog"},"image":{"@id":"https:\/\/blog.holyart.it\/it\/#\/schema\/logo\/image\/"}},{"@type":"Person","@id":"https:\/\/blog.holyart.it\/it\/#\/schema\/person\/0a7b686e5af0f856ec1e390dd0baecda","name":"Redazione"}]}},"_links":{"self":[{"href":"https:\/\/blog.holyart.it\/it\/wp-json\/wp\/v2\/posts\/19011","targetHints":{"allow":["GET"]}}],"collection":[{"href":"https:\/\/blog.holyart.it\/it\/wp-json\/wp\/v2\/posts"}],"about":[{"href":"https:\/\/blog.holyart.it\/it\/wp-json\/wp\/v2\/types\/post"}],"author":[{"embeddable":true,"href":"https:\/\/blog.holyart.it\/it\/wp-json\/wp\/v2\/users\/1"}],"replies":[{"embeddable":true,"href":"https:\/\/blog.holyart.it\/it\/wp-json\/wp\/v2\/comments?post=19011"}],"version-history":[{"count":5,"href":"https:\/\/blog.holyart.it\/it\/wp-json\/wp\/v2\/posts\/19011\/revisions"}],"predecessor-version":[{"id":19020,"href":"https:\/\/blog.holyart.it\/it\/wp-json\/wp\/v2\/posts\/19011\/revisions\/19020"}],"wp:featuredmedia":[{"embeddable":true,"href":"https:\/\/blog.holyart.it\/it\/wp-json\/wp\/v2\/media\/19021"}],"wp:attachment":[{"href":"https:\/\/blog.holyart.it\/it\/wp-json\/wp\/v2\/media?parent=19011"}],"wp:term":[{"taxonomy":"category","embeddable":true,"href":"https:\/\/blog.holyart.it\/it\/wp-json\/wp\/v2\/categories?post=19011"},{"taxonomy":"post_tag","embeddable":true,"href":"https:\/\/blog.holyart.it\/it\/wp-json\/wp\/v2\/tags?post=19011"}],"curies":[{"name":"wp","href":"https:\/\/api.w.org\/{rel}","templated":true}]}}