{"id":18996,"date":"2023-12-20T14:08:10","date_gmt":"2023-12-20T13:08:10","guid":{"rendered":"https:\/\/blog.holyart.it\/it\/?p=18996"},"modified":"2025-12-11T12:09:56","modified_gmt":"2025-12-11T11:09:56","slug":"il-presepe-in-cui-maria-riposa-la-nativita-che-commuove-papa-francesco","status":"publish","type":"post","link":"https:\/\/blog.holyart.it\/it\/natale\/il-presepe-in-cui-maria-riposa-la-nativita-che-commuove-papa-francesco\/","title":{"rendered":"Il Presepe in cui Maria riposa: la nativit\u00e0 che commuove Papa Francesco"},"content":{"rendered":"<h4>Nel Presepe Maria riposa e San Giuseppe veglia. Ecco l&#8217;originale raffigurazione della Nativit\u00e0 che ha commosso Papa Francesco e che ci mostra un volto nuovo della Sacra Famiglia<\/h4>\n<p>Ogni anno la <a href=\"https:\/\/www.holyart.it\/it\/natale\/nativita\"><strong>scena della Nativit\u00e0<\/strong><\/a>, con Maria che tiene tra le braccia Ges\u00f9 Bambino o veglia amorevole su di lui disteso nella mangiatoia, mentre San Giuseppe un po&#8217; in disparte, vigila su di loro, nutre la spiritualit\u00e0 e la devozione di milioni di persone in tutto il mondo durante il periodo natalizio e oltre. Ma che succede se nel Presepe Maria riposa ed \u00e8 invece San Giuseppe a occuparsi del piccolo Ges\u00f9?<\/p>\n<div class=\"link-product\">\n<div class=\"blocco-immagine\"><img loading=\"lazy\" decoding=\"async\" class=\"size-full wp-image-19004 alignleft\" src=\"https:\/\/blog.holyart.it\/it\/wp-content\/uploads\/sites\/17\/2023\/12\/nativita-60-cm-resina-dipinta1.jpg\" alt=\"nativit\u00e0 60 cm resina dipinta1\" width=\"100\" height=\"100\" data-kale-share-title=\"Il Presepe in cui Maria riposa: la nativit\u00e0 che commuove Papa Francesco\" data-kale-share-url=\"https:\/\/blog.holyart.it\/it\/?p=18996\" \/><\/div>\n<div class=\"blocco-contenuto\">\n<div class=\"blocco-acquista\">Acquista su Holyart:<\/div>\n<div class=\"blocco-titolo\"><a href=\"https:\/\/www.holyart.it\/it\/natale\/nativita\">Nativit\u00e0<\/a><\/div>\n<div class=\"blocco-descrizione\">Nativit\u00e0 in legno, pietra, cotone, porcellana.<\/div>\n<\/div>\n<\/div>\n<p>Qualche anno fa <a href=\"https:\/\/www.holyart.it\/it\/occasioni-speciali\/papa-francesco\"><strong>Papa Francesco<\/strong><\/a> ha raccontato di aver ricevuto come regalo di compleanno un&#8217;originale riproduzione della Nativit\u00e0 denominata\u00a0<a href=\"https:\/\/www.holyart.it\/it\/natale\/nativita\/nativita-sdraiata-20-cm-composizione-in-resina-dipinta\"><strong><em>Facciamo riposare mamma<\/em><\/strong><\/a>. In questo particolare Presepe, unico nel suo genere, la Madonna \u00e8 placidamente addormentata, con il capo appoggiato a un sacco che le fa da cuscino, mentre poco lontano Giuseppe culla Ges\u00f9 Bambino che si stiracchia assonnato, allungando le manine in aria. Insomma, in questo Presepe Maria riposa e Giuseppe fa la mamma!<\/p>\n<p>Il Papa \u00e8 rimasto molto colpito e commosso da questo presepe alternativo e ne ha voluto parlare anche durante la sua catechesi. In particolare si \u00e8 soffermato sulla\u00a0<strong>semplicit\u00e0 e umanit\u00e0<\/strong>\u00a0di questa rappresentazione, che quanto e pi\u00f9 di molte rappresentazioni della Nativit\u00e0 ha saputo esprimere la tenerezza, ma anche i problemi quotidiani all&#8217;interno di una famiglia e di un matrimonio. Chi, tra coloro che hanno figli, non ricorda quanto sia faticoso occuparsi di un neonato la notte, quando mamma e pap\u00e0 sono costretti a darsi il cambio per tentare di calmarlo e riposare un po&#8217; a turno?<\/p>\n<div class=\"link-product\">\n<div class=\"blocco-immagine\"><img loading=\"lazy\" decoding=\"async\" class=\"size-full wp-image-19005 alignleft\" src=\"https:\/\/blog.holyart.it\/it\/wp-content\/uploads\/sites\/17\/2023\/12\/calamita-resina-papa-francesco.jpg\" alt=\"calamita resina papa francesco\" width=\"100\" height=\"100\" data-kale-share-title=\"Il Presepe in cui Maria riposa: la nativit\u00e0 che commuove Papa Francesco\" data-kale-share-url=\"https:\/\/blog.holyart.it\/it\/?p=18996\" \/><\/div>\n<div class=\"blocco-contenuto\">\n<div class=\"blocco-acquista\">Acquista su Holyart:<\/div>\n<div class=\"blocco-titolo\"><a href=\"https:\/\/www.holyart.it\/it\/occasioni-speciali\/papa-francesco\">Papa Francesco<\/a><\/div>\n<div class=\"blocco-descrizione\">Papa Francesco: categoria dedicata a Papa Jorge Mario Bergoglio.<\/div>\n<\/div>\n<\/div>\n<p>Ecco cos\u00ec che\u00a0<em>Facciamo riposare mamma<\/em>\u00a0mostra non solo una Nativit\u00e0 alternativa, ma un modo nuovo di concepire la\u00a0<strong><a href=\"https:\/\/www.holyart.it\/it\/articoli-religiosi\/icone-sacre\/icone-romania-dipinte\/icona-sacra-famiglia-greca-rilievo\">Sacra Famiglia<\/a><\/strong>, non come cristallizzata in ruoli definiti e codificati nei secoli, ma per quello che era ed \u00e8 veramente: una famiglia, la famiglia di tutte le famiglie.<br \/>\nFatta di ruoli, certo, ma ruoli che possono essere invertiti, e fatta di dolcezza e armonia domestiche. Quelle stesse dolcezza e armonia che il Papa ha augurato a tutti di portare nella propria casa, durante le Feste e non solo. Per Papa Francesco il Presepe \u00e8 un\u00a0<strong>Vangelo domestico<\/strong>, un&#8217;ispirazione, un invito ad accogliere\u00a0<a href=\"https:\/\/www.holyart.it\/it\/natale\/nativita\/sacra-famiglia-porcellana-navel-colorata-18-cm\"><strong>l&#8217;esempio della Sacra Famiglia<\/strong><\/a>\u00a0e portare nella propria casa gioia, vicinanza, condivisione delle preoccupazioni quotidiane, un&#8217;unione profonda e amorevole nella quotidianit\u00e0.<\/p>\n<div class=\"link-product\">\n<div class=\"blocco-immagine\"><img loading=\"lazy\" decoding=\"async\" class=\"size-full wp-image-19006 alignleft\" src=\"https:\/\/blog.holyart.it\/it\/wp-content\/uploads\/sites\/17\/2023\/12\/icona-sacra-famiglia-greca-rilievo.jpg\" alt=\"icona sacra famiglia greca rilievo\" width=\"100\" height=\"100\" data-kale-share-title=\"Il Presepe in cui Maria riposa: la nativit\u00e0 che commuove Papa Francesco\" data-kale-share-url=\"https:\/\/blog.holyart.it\/it\/?p=18996\" \/><\/div>\n<div class=\"blocco-contenuto\">\n<div class=\"blocco-acquista\">Acquista su Holyart:<\/div>\n<div class=\"blocco-titolo\"><a href=\"https:\/\/www.holyart.it\/it\/articoli-religiosi\/icone-sacre\/icone-romania-dipinte\/icona-sacra-famiglia-greca-rilievo\">Icona Sacra Famiglia greca rilievo<\/a><\/div>\n<div class=\"blocco-descrizione\">Corredata di certificato di origine.<\/div>\n<\/div>\n<\/div>\n<p>Il <strong><a href=\"https:\/\/www.holyart.it\/it\/natale\/presepi\">Presepe<\/a><\/strong> \u00e8 pi\u00f9 che mai importante oggi, nella <strong>vita frenetica di ogni giorno<\/strong>, nella difficolt\u00e0 di trovare tempo da dedicare alla spiritualit\u00e0 e a ci\u00f2 che \u00e8 davvero importante, essenziale. Ecco allora che allestire il Presepe nella propria casa \u00e8 un modo per aprire la porta a Ges\u00f9, per farlo entrare nelle nostre vite.<\/p>\n<p>La Madonna che riposa mentre Giuseppe accudisce Ges\u00f9 ci rimanda <a href=\"https:\/\/www.holyart.it\/it\/natale\/presepi\/presepe-resina-e-stoffa\/nativita-madonna-dormiente-resina-dipinta-a-mano-10x15x10-cm\"><strong>un&#8217;immagine straordinariamente\u00a0moderna<\/strong><\/a>, per quanto insolita. Se in questo particolare Presepe Maria riposa, questo non significa che il suo pensiero, il suo cuore non siano interamente protesi verso il Bambino a cui ha appena dato la vita. Anzi, \u00e8 stata proprio quell&#8217;assiduit\u00e0 di pensiero, quello sforzo d&#8217;amore a esaurire le sue energie, a costringerla a cercare riposo. Ed \u00e8 bello immaginare San Giuseppe che le toglie delicatamente il piccolo Ges\u00f9 dalle braccia, e sorridendole con tenerezza le dice: <em>&#8220;Vai, riposa un po&#8217;, penso a tutto io.&#8221;<\/em><br \/>\nUn uomo e una donna, un marito e una moglie che condividono l&#8217;esperienza della <a href=\"https:\/\/www.holyart.it\/blog\/articoli-religiosi\/nomi-biblici-maschili-quali-e-significato\/\"><strong>nascita del loro primo figlio<\/strong><\/a>, e con essa il mistero immenso, ineffabile, del quale Dio ha voluto renderli protagonisti. Dopotutto dobbiamo pensare che Giuseppe e Maria non potevano sapere nulla di quello che sarebbe venuto in seguito, delle prediche, dei miracoli, delle folle osannanti che avrebbero seguito Ges\u00f9 attraverso la Giudea. Loro vivevano una vita normale, una quotidianit\u00e0 fatta di duro lavoro, di momenti belli e momenti brutti, ma sempre condivisa, un giorno dopo l&#8217;altro, un passo dopo l&#8217;altro. Una quotidianit\u00e0 che attendeva solo un bambino per essere completa.<\/p>\n<div class=\"link-article\">\n<p><img loading=\"lazy\" decoding=\"async\" class=\"size-full wp-image-19007 alignleft\" src=\"https:\/\/blog.holyart.it\/it\/wp-content\/uploads\/sites\/17\/2023\/12\/nomi-biblici-maschili.jpg\" alt=\"nomi biblici maschili\" width=\"150\" height=\"99\" data-kale-share-title=\"Il Presepe in cui Maria riposa: la nativit\u00e0 che commuove Papa Francesco\" data-kale-share-url=\"https:\/\/blog.holyart.it\/it\/?p=18996\" \/><\/p>\n<div class=\"leggi-anche\">Leggi anche:<\/div>\n<p><strong><a href=\"https:\/\/www.holyart.it\/blog\/articoli-religiosi\/nomi-biblici-maschili-quali-e-significato\/\">Nomi biblici maschili: quali sono e il loro significato<\/a><\/strong><br \/>\nI nomi della Bibbia forniscono da sempre uno spunto per i genitori che devono scegliere come chiamare il figlio che sta per nascere&#8230;<\/p>\n<\/div>\n<p>In questo coppia di sposi che sceglie di invertire i propri ruoli, di scambiarsi le responsabilit\u00e0, il Papa e noi con lui non possiamo fare a meno di riconoscere un&#8217;interpretazione contemporanea e umana del significato pi\u00f9 profondo del Presepe.<\/p>\n<p>Nel nostro store on line sono disponibili alcuni modelli di questo splendido Presepe alternativo, con Maria che riposa e San Giuseppe che veglia su Ges\u00f9.<\/p>\n<div class=\"sp-styles-warning\" style=\"width: 450px; background-color: #FFF; color: #F00; border: 1px solid #F00; padding: 10px; font-size: 14px;\">\n\t\t\t<span style=\"font-weight: bold;\">Warning: The stylesheets were not loaded!<\/span> \n\t\t\tYou will need to change the <i>Load stylesheets<\/i> setting from <i>Automatically<\/i> to <i>On homepage<\/i> or <i>On all pages<\/i>. \n\t\t\tYou can set that <a style=\"text-decoration: underline; color: #F00;\" href=\"https:\/\/blog.holyart.it\/it\/wp-admin\/admin.php?page=sliderpro-settings\">here<\/a>.\n\t\t\t<\/div>\r\n<div id=\"slider-pro-194\" class=\"slider-pro sp-no-js\" style=\"width: 500px; height: 500px;\">\r\n\t<div class=\"sp-slides\">\r\n\t\t\r\n\t\t<div class=\"sp-slide\">\r\n\t\t\t<img loading=\"lazy\" decoding=\"async\" class=\"sp-image\" src=\"https:\/\/blog.holyart.it\/it\/wp-content\/uploads\/sites\/17\/2023\/12\/nativita-sdraiata-20-cm-composizione-in-resina-dipinta.jpg\" alt=\"nativit\u00e0 sdraiata 20 cm composizione in resina dipinta\" width=\"500\" height=\"500\" \/>\r\n\t\t\t<div class=\"sp-thumbnail\"><a class=\"\" href=\"https:\/\/www.holyart.it\/it\/natale\/nativita\/nativita-sdraiata-20-cm-composizione-in-resina-dipinta\">\r\n\t\t\t\t<img decoding=\"async\" src=\"https:\/\/blog.holyart.it\/it\/wp-content\/uploads\/sites\/17\/2023\/12\/nativita-sdraiata-20-cm-composizione-in-resina-dipinta-150x150-1.jpg\" alt=\"nativit\u00e0 sdraiata 20 cm composizione in resina dipinta\" \/>\r\n\t\t\t<\/a>\r\n\t\t\t<\/div>\r\n\t\t\t<div class=\"sp-caption\">Nativit\u00e0 sdraiata 20 cm composizione in resina dipinta.<br \/>Particolare scena della Nativit\u00e0 con Maria sdraiata e Giuseppe col bambino in braccio.<br \/><strong><a href=\"https:\/\/www.holyart.it\/it\/natale\/nativita\/nativita-sdraiata-20-cm-composizione-in-resina-dipinta\">Acquista su Holyart<\/a><\/strong><\/div>\r\n\t\t<\/div>\r\n\t\t<div class=\"sp-slide\">\r\n\t\t\t<img loading=\"lazy\" decoding=\"async\" class=\"sp-image\" src=\"https:\/\/blog.holyart.it\/it\/wp-content\/uploads\/sites\/17\/2023\/12\/sacra-famiglia-porcellana-navel-colorata-18-cm.jpg\" alt=\"sacra famiglia porcellana navel colorata 18 cm\" width=\"500\" height=\"500\" \/>\r\n\t\t\t<div class=\"sp-thumbnail\"><a class=\"\" href=\"https:\/\/www.holyart.it\/it\/natale\/nativita\/sacra-famiglia-porcellana-navel-colorata-18-cm\">\r\n\t\t\t\t<img decoding=\"async\" src=\"https:\/\/blog.holyart.it\/it\/wp-content\/uploads\/sites\/17\/2023\/12\/sacra-famiglia-porcellana-navel-colorata-18-cm-150x150-1.jpg\" alt=\"sacra famiglia porcellana navel colorata 18 cm\" \/>\r\n\t\t\t<\/a>\r\n\t\t\t<\/div>\r\n\t\t\t<div class=\"sp-caption\">Sacra Famiglia porcellana Navel colorata 18 cm.<br \/>Questo scenografia raffigura la Sacra Famiglia. \u00c8 realizzata interamente in finissima porcellana e viene dipinta a mano con grande cura del dettaglio.<br \/><strong><a href=\"https:\/\/www.holyart.it\/it\/natale\/nativita\/sacra-famiglia-porcellana-navel-colorata-18-cm\">Acquista su Holyart<\/a><\/strong><\/div>\r\n\t\t<\/div>\r\n\t\t<div class=\"sp-slide\">\r\n\t\t\t<img loading=\"lazy\" decoding=\"async\" class=\"sp-image\" src=\"https:\/\/blog.holyart.it\/it\/wp-content\/uploads\/sites\/17\/2023\/12\/nativita-madonna-dormiente-resina-dipinta-a-mano-10x15x10-cm.jpg\" alt=\"nativit\u00e0 madonna dormiente resina dipinta a mano 10x15x10 cm\" width=\"500\" height=\"500\" \/>\r\n\t\t\t<div class=\"sp-thumbnail\"><a class=\"\" href=\"https:\/\/www.holyart.it\/it\/natale\/presepi\/presepe-resina-e-stoffa\/nativita-madonna-dormiente-resina-dipinta-a-mano-10x15x10-cm\">\r\n\t\t\t\t<img decoding=\"async\" src=\"https:\/\/blog.holyart.it\/it\/wp-content\/uploads\/sites\/17\/2023\/12\/nativita-madonna-dormiente-resina-dipinta-a-mano-10x15x10-cm-150x150-1.jpg\" alt=\"nativit\u00e0 madonna dormiente resina dipinta a mano 10x15x10 cm\" \/>\r\n\t\t\t<\/a>\r\n\t\t\t<\/div>\r\n\t\t\t<div class=\"sp-caption\">Nativit\u00e0 Madonna dormiente resina dipinta a mano 12x13x8 cm.<br \/>Nativit\u00e0 su base in resina dipinta a mano, raffigurante la Sacra Famiglia. Qui la Madonna \u00e8 sdraiata, mentre Giuseppe abbraccia amorevolmente il Bambino.<br \/><strong><a href=\"https:\/\/www.holyart.it\/it\/natale\/presepi\/presepe-resina-e-stoffa\/nativita-madonna-dormiente-resina-dipinta-a-mano-10x15x10-cm\">Acquista su Holyart<\/a><\/strong><\/div>\r\n\t\t<\/div>\r\n\t<\/div>\r\n<\/div>\n","protected":false},"excerpt":{"rendered":"<p>Nel Presepe Maria riposa e San Giuseppe veglia. Ecco l&#8217;originale raffigurazione della Nativit\u00e0 che ha commosso Papa Francesco e che ci mostra un volto nuovo della Sacra Famiglia Ogni anno la scena della Nativit\u00e0, con Maria che tiene tra le braccia Ges\u00f9 Bambino o veglia&hellip;<\/p>\n","protected":false},"author":1,"featured_media":19009,"comment_status":"closed","ping_status":"open","sticky":false,"template":"","format":"standard","meta":{"_acf_changed":false,"footnotes":""},"categories":[18],"tags":[],"class_list":["post-18996","post","type-post","status-publish","format-standard","has-post-thumbnail","hentry","category-natale"],"acf":[],"yoast_head":"<!-- This site is optimized with the Yoast SEO plugin v26.6 - https:\/\/yoast.com\/wordpress\/plugins\/seo\/ -->\n<title>Il Presepe in cui Maria riposa: la nativit\u00e0 che commuove Papa Francesco - Holyblog<\/title>\n<meta name=\"description\" content=\"Nel Presepe Maria riposa e Giuseppe accudisce Ges\u00f9 Bambino tra le braccia. La Sacra Famiglia in tutta la sua struggente modernit\u00e0.\" \/>\n<meta name=\"robots\" content=\"index, follow, max-snippet:-1, max-image-preview:large, max-video-preview:-1\" \/>\n<link rel=\"canonical\" href=\"https:\/\/blog.holyart.it\/it\/natale\/il-presepe-in-cui-maria-riposa-la-nativita-che-commuove-papa-francesco\/\" \/>\n<meta property=\"og:locale\" content=\"it_IT\" \/>\n<meta property=\"og:type\" content=\"article\" \/>\n<meta property=\"og:title\" content=\"Il Presepe in cui Maria riposa: la nativit\u00e0 che commuove Papa Francesco - Holyblog\" \/>\n<meta property=\"og:description\" content=\"Nel Presepe Maria riposa e Giuseppe accudisce Ges\u00f9 Bambino tra le braccia. La Sacra Famiglia in tutta la sua struggente modernit\u00e0.\" \/>\n<meta property=\"og:url\" content=\"https:\/\/blog.holyart.it\/it\/natale\/il-presepe-in-cui-maria-riposa-la-nativita-che-commuove-papa-francesco\/\" \/>\n<meta property=\"og:site_name\" content=\"Holyblog\" \/>\n<meta property=\"article:published_time\" content=\"2023-12-20T13:08:10+00:00\" \/>\n<meta property=\"article:modified_time\" content=\"2025-12-11T11:09:56+00:00\" \/>\n<meta property=\"og:image\" content=\"https:\/\/blog.holyart.it\/it\/wp-content\/uploads\/sites\/17\/2023\/12\/presepe-maria-riposa.jpg\" \/>\n\t<meta property=\"og:image:width\" content=\"1000\" \/>\n\t<meta property=\"og:image:height\" content=\"666\" \/>\n\t<meta property=\"og:image:type\" content=\"image\/jpeg\" \/>\n<meta name=\"author\" content=\"Redazione\" \/>\n<meta name=\"twitter:card\" content=\"summary_large_image\" \/>\n<meta name=\"twitter:label1\" content=\"Scritto da\" \/>\n\t<meta name=\"twitter:data1\" content=\"Redazione\" \/>\n\t<meta name=\"twitter:label2\" content=\"Tempo di lettura stimato\" \/>\n\t<meta name=\"twitter:data2\" content=\"6 minuti\" \/>\n<script type=\"application\/ld+json\" class=\"yoast-schema-graph\">{\"@context\":\"https:\/\/schema.org\",\"@graph\":[{\"@type\":\"Article\",\"@id\":\"https:\/\/blog.holyart.it\/it\/natale\/il-presepe-in-cui-maria-riposa-la-nativita-che-commuove-papa-francesco\/#article\",\"isPartOf\":{\"@id\":\"https:\/\/blog.holyart.it\/it\/natale\/il-presepe-in-cui-maria-riposa-la-nativita-che-commuove-papa-francesco\/\"},\"author\":{\"name\":\"Redazione\",\"@id\":\"https:\/\/blog.holyart.it\/it\/#\/schema\/person\/0a7b686e5af0f856ec1e390dd0baecda\"},\"headline\":\"Il Presepe in cui Maria riposa: la nativit\u00e0 che commuove Papa Francesco\",\"datePublished\":\"2023-12-20T13:08:10+00:00\",\"dateModified\":\"2025-12-11T11:09:56+00:00\",\"mainEntityOfPage\":{\"@id\":\"https:\/\/blog.holyart.it\/it\/natale\/il-presepe-in-cui-maria-riposa-la-nativita-che-commuove-papa-francesco\/\"},\"wordCount\":787,\"publisher\":{\"@id\":\"https:\/\/blog.holyart.it\/it\/#organization\"},\"image\":{\"@id\":\"https:\/\/blog.holyart.it\/it\/natale\/il-presepe-in-cui-maria-riposa-la-nativita-che-commuove-papa-francesco\/#primaryimage\"},\"thumbnailUrl\":\"https:\/\/blog.holyart.it\/it\/wp-content\/uploads\/sites\/17\/2023\/12\/presepe-maria-riposa.jpg\",\"articleSection\":[\"Natale\"],\"inLanguage\":\"it-IT\"},{\"@type\":\"WebPage\",\"@id\":\"https:\/\/blog.holyart.it\/it\/natale\/il-presepe-in-cui-maria-riposa-la-nativita-che-commuove-papa-francesco\/\",\"url\":\"https:\/\/blog.holyart.it\/it\/natale\/il-presepe-in-cui-maria-riposa-la-nativita-che-commuove-papa-francesco\/\",\"name\":\"Il Presepe in cui Maria riposa: la nativit\u00e0 che commuove Papa Francesco - Holyblog\",\"isPartOf\":{\"@id\":\"https:\/\/blog.holyart.it\/it\/#website\"},\"primaryImageOfPage\":{\"@id\":\"https:\/\/blog.holyart.it\/it\/natale\/il-presepe-in-cui-maria-riposa-la-nativita-che-commuove-papa-francesco\/#primaryimage\"},\"image\":{\"@id\":\"https:\/\/blog.holyart.it\/it\/natale\/il-presepe-in-cui-maria-riposa-la-nativita-che-commuove-papa-francesco\/#primaryimage\"},\"thumbnailUrl\":\"https:\/\/blog.holyart.it\/it\/wp-content\/uploads\/sites\/17\/2023\/12\/presepe-maria-riposa.jpg\",\"datePublished\":\"2023-12-20T13:08:10+00:00\",\"dateModified\":\"2025-12-11T11:09:56+00:00\",\"description\":\"Nel Presepe Maria riposa e Giuseppe accudisce Ges\u00f9 Bambino tra le braccia. La Sacra Famiglia in tutta la sua struggente modernit\u00e0.\",\"breadcrumb\":{\"@id\":\"https:\/\/blog.holyart.it\/it\/natale\/il-presepe-in-cui-maria-riposa-la-nativita-che-commuove-papa-francesco\/#breadcrumb\"},\"inLanguage\":\"it-IT\",\"potentialAction\":[{\"@type\":\"ReadAction\",\"target\":[\"https:\/\/blog.holyart.it\/it\/natale\/il-presepe-in-cui-maria-riposa-la-nativita-che-commuove-papa-francesco\/\"]}]},{\"@type\":\"ImageObject\",\"inLanguage\":\"it-IT\",\"@id\":\"https:\/\/blog.holyart.it\/it\/natale\/il-presepe-in-cui-maria-riposa-la-nativita-che-commuove-papa-francesco\/#primaryimage\",\"url\":\"https:\/\/blog.holyart.it\/it\/wp-content\/uploads\/sites\/17\/2023\/12\/presepe-maria-riposa.jpg\",\"contentUrl\":\"https:\/\/blog.holyart.it\/it\/wp-content\/uploads\/sites\/17\/2023\/12\/presepe-maria-riposa.jpg\",\"width\":1000,\"height\":666,\"caption\":\"presepe maria riposa\"},{\"@type\":\"BreadcrumbList\",\"@id\":\"https:\/\/blog.holyart.it\/it\/natale\/il-presepe-in-cui-maria-riposa-la-nativita-che-commuove-papa-francesco\/#breadcrumb\",\"itemListElement\":[{\"@type\":\"ListItem\",\"position\":1,\"name\":\"Homepage\",\"item\":\"https:\/\/blog.holyart.it\/it\/\"},{\"@type\":\"ListItem\",\"position\":2,\"name\":\"Natale\",\"item\":\"https:\/\/blog.holyart.it\/it\/natale\/\"},{\"@type\":\"ListItem\",\"position\":3,\"name\":\"Il Presepe in cui Maria riposa: la nativit\u00e0 che commuove Papa Francesco\"}]},{\"@type\":\"WebSite\",\"@id\":\"https:\/\/blog.holyart.it\/it\/#website\",\"url\":\"https:\/\/blog.holyart.it\/it\/\",\"name\":\"Holyblog\",\"description\":\"Il Blog di Holyart.it\",\"publisher\":{\"@id\":\"https:\/\/blog.holyart.it\/it\/#organization\"},\"potentialAction\":[{\"@type\":\"SearchAction\",\"target\":{\"@type\":\"EntryPoint\",\"urlTemplate\":\"https:\/\/blog.holyart.it\/it\/?s={search_term_string}\"},\"query-input\":{\"@type\":\"PropertyValueSpecification\",\"valueRequired\":true,\"valueName\":\"search_term_string\"}}],\"inLanguage\":\"it-IT\"},{\"@type\":\"Organization\",\"@id\":\"https:\/\/blog.holyart.it\/it\/#organization\",\"name\":\"Holyblog\",\"url\":\"https:\/\/blog.holyart.it\/it\/\",\"logo\":{\"@type\":\"ImageObject\",\"inLanguage\":\"it-IT\",\"@id\":\"https:\/\/blog.holyart.it\/it\/#\/schema\/logo\/image\/\",\"url\":\"https:\/\/blog.holyart.it\/it\/wp-content\/uploads\/sites\/17\/2022\/12\/Holyart_Blog_Logo.jpg\",\"contentUrl\":\"https:\/\/blog.holyart.it\/it\/wp-content\/uploads\/sites\/17\/2022\/12\/Holyart_Blog_Logo.jpg\",\"width\":300,\"height\":50,\"caption\":\"Holyblog\"},\"image\":{\"@id\":\"https:\/\/blog.holyart.it\/it\/#\/schema\/logo\/image\/\"}},{\"@type\":\"Person\",\"@id\":\"https:\/\/blog.holyart.it\/it\/#\/schema\/person\/0a7b686e5af0f856ec1e390dd0baecda\",\"name\":\"Redazione\"}]}<\/script>\n<!-- \/ Yoast SEO plugin. -->","yoast_head_json":{"title":"Il Presepe in cui Maria riposa: la nativit\u00e0 che commuove Papa Francesco - Holyblog","description":"Nel Presepe Maria riposa e Giuseppe accudisce Ges\u00f9 Bambino tra le braccia. La Sacra Famiglia in tutta la sua struggente modernit\u00e0.","robots":{"index":"index","follow":"follow","max-snippet":"max-snippet:-1","max-image-preview":"max-image-preview:large","max-video-preview":"max-video-preview:-1"},"canonical":"https:\/\/blog.holyart.it\/it\/natale\/il-presepe-in-cui-maria-riposa-la-nativita-che-commuove-papa-francesco\/","og_locale":"it_IT","og_type":"article","og_title":"Il Presepe in cui Maria riposa: la nativit\u00e0 che commuove Papa Francesco - Holyblog","og_description":"Nel Presepe Maria riposa e Giuseppe accudisce Ges\u00f9 Bambino tra le braccia. La Sacra Famiglia in tutta la sua struggente modernit\u00e0.","og_url":"https:\/\/blog.holyart.it\/it\/natale\/il-presepe-in-cui-maria-riposa-la-nativita-che-commuove-papa-francesco\/","og_site_name":"Holyblog","article_published_time":"2023-12-20T13:08:10+00:00","article_modified_time":"2025-12-11T11:09:56+00:00","og_image":[{"width":1000,"height":666,"url":"https:\/\/blog.holyart.it\/it\/wp-content\/uploads\/sites\/17\/2023\/12\/presepe-maria-riposa.jpg","type":"image\/jpeg"}],"author":"Redazione","twitter_card":"summary_large_image","twitter_misc":{"Scritto da":"Redazione","Tempo di lettura stimato":"6 minuti"},"schema":{"@context":"https:\/\/schema.org","@graph":[{"@type":"Article","@id":"https:\/\/blog.holyart.it\/it\/natale\/il-presepe-in-cui-maria-riposa-la-nativita-che-commuove-papa-francesco\/#article","isPartOf":{"@id":"https:\/\/blog.holyart.it\/it\/natale\/il-presepe-in-cui-maria-riposa-la-nativita-che-commuove-papa-francesco\/"},"author":{"name":"Redazione","@id":"https:\/\/blog.holyart.it\/it\/#\/schema\/person\/0a7b686e5af0f856ec1e390dd0baecda"},"headline":"Il Presepe in cui Maria riposa: la nativit\u00e0 che commuove Papa Francesco","datePublished":"2023-12-20T13:08:10+00:00","dateModified":"2025-12-11T11:09:56+00:00","mainEntityOfPage":{"@id":"https:\/\/blog.holyart.it\/it\/natale\/il-presepe-in-cui-maria-riposa-la-nativita-che-commuove-papa-francesco\/"},"wordCount":787,"publisher":{"@id":"https:\/\/blog.holyart.it\/it\/#organization"},"image":{"@id":"https:\/\/blog.holyart.it\/it\/natale\/il-presepe-in-cui-maria-riposa-la-nativita-che-commuove-papa-francesco\/#primaryimage"},"thumbnailUrl":"https:\/\/blog.holyart.it\/it\/wp-content\/uploads\/sites\/17\/2023\/12\/presepe-maria-riposa.jpg","articleSection":["Natale"],"inLanguage":"it-IT"},{"@type":"WebPage","@id":"https:\/\/blog.holyart.it\/it\/natale\/il-presepe-in-cui-maria-riposa-la-nativita-che-commuove-papa-francesco\/","url":"https:\/\/blog.holyart.it\/it\/natale\/il-presepe-in-cui-maria-riposa-la-nativita-che-commuove-papa-francesco\/","name":"Il Presepe in cui Maria riposa: la nativit\u00e0 che commuove Papa Francesco - Holyblog","isPartOf":{"@id":"https:\/\/blog.holyart.it\/it\/#website"},"primaryImageOfPage":{"@id":"https:\/\/blog.holyart.it\/it\/natale\/il-presepe-in-cui-maria-riposa-la-nativita-che-commuove-papa-francesco\/#primaryimage"},"image":{"@id":"https:\/\/blog.holyart.it\/it\/natale\/il-presepe-in-cui-maria-riposa-la-nativita-che-commuove-papa-francesco\/#primaryimage"},"thumbnailUrl":"https:\/\/blog.holyart.it\/it\/wp-content\/uploads\/sites\/17\/2023\/12\/presepe-maria-riposa.jpg","datePublished":"2023-12-20T13:08:10+00:00","dateModified":"2025-12-11T11:09:56+00:00","description":"Nel Presepe Maria riposa e Giuseppe accudisce Ges\u00f9 Bambino tra le braccia. La Sacra Famiglia in tutta la sua struggente modernit\u00e0.","breadcrumb":{"@id":"https:\/\/blog.holyart.it\/it\/natale\/il-presepe-in-cui-maria-riposa-la-nativita-che-commuove-papa-francesco\/#breadcrumb"},"inLanguage":"it-IT","potentialAction":[{"@type":"ReadAction","target":["https:\/\/blog.holyart.it\/it\/natale\/il-presepe-in-cui-maria-riposa-la-nativita-che-commuove-papa-francesco\/"]}]},{"@type":"ImageObject","inLanguage":"it-IT","@id":"https:\/\/blog.holyart.it\/it\/natale\/il-presepe-in-cui-maria-riposa-la-nativita-che-commuove-papa-francesco\/#primaryimage","url":"https:\/\/blog.holyart.it\/it\/wp-content\/uploads\/sites\/17\/2023\/12\/presepe-maria-riposa.jpg","contentUrl":"https:\/\/blog.holyart.it\/it\/wp-content\/uploads\/sites\/17\/2023\/12\/presepe-maria-riposa.jpg","width":1000,"height":666,"caption":"presepe maria riposa"},{"@type":"BreadcrumbList","@id":"https:\/\/blog.holyart.it\/it\/natale\/il-presepe-in-cui-maria-riposa-la-nativita-che-commuove-papa-francesco\/#breadcrumb","itemListElement":[{"@type":"ListItem","position":1,"name":"Homepage","item":"https:\/\/blog.holyart.it\/it\/"},{"@type":"ListItem","position":2,"name":"Natale","item":"https:\/\/blog.holyart.it\/it\/natale\/"},{"@type":"ListItem","position":3,"name":"Il Presepe in cui Maria riposa: la nativit\u00e0 che commuove Papa Francesco"}]},{"@type":"WebSite","@id":"https:\/\/blog.holyart.it\/it\/#website","url":"https:\/\/blog.holyart.it\/it\/","name":"Holyblog","description":"Il Blog di Holyart.it","publisher":{"@id":"https:\/\/blog.holyart.it\/it\/#organization"},"potentialAction":[{"@type":"SearchAction","target":{"@type":"EntryPoint","urlTemplate":"https:\/\/blog.holyart.it\/it\/?s={search_term_string}"},"query-input":{"@type":"PropertyValueSpecification","valueRequired":true,"valueName":"search_term_string"}}],"inLanguage":"it-IT"},{"@type":"Organization","@id":"https:\/\/blog.holyart.it\/it\/#organization","name":"Holyblog","url":"https:\/\/blog.holyart.it\/it\/","logo":{"@type":"ImageObject","inLanguage":"it-IT","@id":"https:\/\/blog.holyart.it\/it\/#\/schema\/logo\/image\/","url":"https:\/\/blog.holyart.it\/it\/wp-content\/uploads\/sites\/17\/2022\/12\/Holyart_Blog_Logo.jpg","contentUrl":"https:\/\/blog.holyart.it\/it\/wp-content\/uploads\/sites\/17\/2022\/12\/Holyart_Blog_Logo.jpg","width":300,"height":50,"caption":"Holyblog"},"image":{"@id":"https:\/\/blog.holyart.it\/it\/#\/schema\/logo\/image\/"}},{"@type":"Person","@id":"https:\/\/blog.holyart.it\/it\/#\/schema\/person\/0a7b686e5af0f856ec1e390dd0baecda","name":"Redazione"}]}},"_links":{"self":[{"href":"https:\/\/blog.holyart.it\/it\/wp-json\/wp\/v2\/posts\/18996","targetHints":{"allow":["GET"]}}],"collection":[{"href":"https:\/\/blog.holyart.it\/it\/wp-json\/wp\/v2\/posts"}],"about":[{"href":"https:\/\/blog.holyart.it\/it\/wp-json\/wp\/v2\/types\/post"}],"author":[{"embeddable":true,"href":"https:\/\/blog.holyart.it\/it\/wp-json\/wp\/v2\/users\/1"}],"replies":[{"embeddable":true,"href":"https:\/\/blog.holyart.it\/it\/wp-json\/wp\/v2\/comments?post=18996"}],"version-history":[{"count":2,"href":"https:\/\/blog.holyart.it\/it\/wp-json\/wp\/v2\/posts\/18996\/revisions"}],"predecessor-version":[{"id":19008,"href":"https:\/\/blog.holyart.it\/it\/wp-json\/wp\/v2\/posts\/18996\/revisions\/19008"}],"wp:featuredmedia":[{"embeddable":true,"href":"https:\/\/blog.holyart.it\/it\/wp-json\/wp\/v2\/media\/19009"}],"wp:attachment":[{"href":"https:\/\/blog.holyart.it\/it\/wp-json\/wp\/v2\/media?parent=18996"}],"wp:term":[{"taxonomy":"category","embeddable":true,"href":"https:\/\/blog.holyart.it\/it\/wp-json\/wp\/v2\/categories?post=18996"},{"taxonomy":"post_tag","embeddable":true,"href":"https:\/\/blog.holyart.it\/it\/wp-json\/wp\/v2\/tags?post=18996"}],"curies":[{"name":"wp","href":"https:\/\/api.w.org\/{rel}","templated":true}]}}