{"id":18979,"date":"2023-12-27T10:12:42","date_gmt":"2023-12-27T09:12:42","guid":{"rendered":"https:\/\/blog.holyart.it\/it\/?p=18979"},"modified":"2024-03-28T10:17:45","modified_gmt":"2024-03-28T09:17:45","slug":"papa-francesco-2024-anno-della-preghiera","status":"publish","type":"post","link":"https:\/\/blog.holyart.it\/it\/occasioni-speciali\/papa-francesco-2024-anno-della-preghiera\/","title":{"rendered":"I propositi per il nuovo anno di Papa Francesco: il 2024 \u00e8 l&#8217;anno della preghiera"},"content":{"rendered":"<h4>In vista del Giubileo del 2025, dedicato alla Misericordia, Papa Francesco ha formulato i suoi propositi per il nuovo anno invocando l&#8217;importanza della preghiera come mezzo per riaccostarsi a Dio e alla propria sfera spirituale<\/h4>\n\n<p>L&#8217;inizio di un nuovo anno porta con s\u00e9 un senso di rinascita, di possibilit\u00e0 e di speranza. Per molti, questo momento \u00e8 caratterizzato dai tradizionali propositi: impegni presi con noi stessi per migliorare, crescere e contribuire positivamente al mondo che ci circonda. Ma quali sono i propositi per il nuovo anno di Papa Francesco? In vista dell&#8217;anno cha sta per iniziare, <a href=\"https:\/\/www.holyart.it\/it\/occasioni-speciali\/papa-francesco\"><strong>Papa Francesco<\/strong><\/a> ha enfatizzato l&#8217;<strong>importanza della preghiera<\/strong>\u00a0<strong>come un pilastro fondamentale per affrontare le sfide personali e globali<\/strong>. I suoi <a href=\"https:\/\/www.holyart.it\/blog\/articoli-religiosi\/come-ritrovare-la-fede-ecco-un-buon-proposito-per-il-nuovo-anno\/\"><strong>propositi per il nuovo anno<\/strong><\/a> si concentrano sull&#8217;<strong>approfondire la pratica della preghiera<\/strong>\u00a0e sulla consapevolezza dell&#8217;importanza di questo atto spirituale nelle nostre vite. Dunque, se il 2023 \u00e8 stato un anno dedicato all&#8217;esame dei documenti e all&#8217;analisi dei risultati del Concilio Vaticano II, il 2024 si annuncia come\u00a0<strong>l&#8217;anno della Preghiera<\/strong>, un periodo proposto e incoraggiato da Papa Francesco, anche in vista del <strong><a href=\"https:\/\/www.holyart.it\/blog\/articoli-religiosi\/pellegrinaggio-a-roma-tra-le-mete-preferite-dei-cristiani\/\">Giubileo del 2025<\/a>.<\/strong>\u00a0L&#8217;invito del Pontefice alle Diocesi \u00e8 di abbracciare e promuovere l&#8217;importanza della preghiera sia individualmente che in comunit\u00e0.<\/p>\n<div class=\"link-article\">\n<p><img loading=\"lazy\" decoding=\"async\" class=\"size-full wp-image-18981 alignleft\" src=\"https:\/\/blog.holyart.it\/it\/wp-content\/uploads\/sites\/17\/2023\/12\/pellegrinaggio-a-roma.jpg\" alt=\"pellegrinaggio a roma\" width=\"150\" height=\"99\" data-kale-share-title=\"I propositi per il nuovo anno di Papa Francesco: il 2024 \u00e8 l\u2019anno della preghiera\" data-kale-share-url=\"https:\/\/blog.holyart.it\/it\/?p=18979\" \/><\/p>\n<div class=\"leggi-anche\">Leggi anche:<\/div>\n<p><strong><a href=\"https:\/\/www.holyart.it\/blog\/articoli-religiosi\/pellegrinaggio-a-roma-tra-le-mete-preferite-dei-cristiani\/\">Pellegrinaggio a Roma: tra le mete preferite dei cristiani<\/a><\/strong><br \/>\nUn pellegrinaggio a Roma \u00e8 da sempre una delle esperienze spirituali pi\u00f9 significative per i cristiani provenienti da tutto il mondo&#8230;<\/p>\n<\/div>\n<p>In sintesi, i propositi di Papa Francesco per il nuovo anno nell&#8217;<strong>Anno della Preghiera<\/strong>\u00a0riflettono un appello all&#8217;<strong>approfondimento della dimensione spirituale<\/strong>,\u00a0<strong>all&#8217;azione ispirata dalla preghiera<\/strong>\u00a0e alla\u00a0<strong>costruzione di un mondo pi\u00f9 compassionevole e solidale<\/strong>. Che il 2024 sia un anno in cui la preghiera diventi non solo un atto individuale, ma un\u00a0<strong>legame che unisce le persone nel perseguire il bene comune<\/strong>.<\/p>\n<p><em>\u201c[pregare] anzitutto per recuperare il\u00a0<strong>desiderio di stare alla presenza del Signore<\/strong>, ascoltarlo e adorarlo. Preghiera, inoltre,\u00a0<strong>per ringraziare Dio dei tanti doni<\/strong>\u00a0del suo amore per noi e lodare la sua opera nella creazione, che impegna tutti al rispetto e all\u2019azione concreta e responsabile per la sua salvaguardia. Preghiera come voce \u2018del cuore solo e dell\u2019anima sola\u2019 (cfr At 4,32), che si traduce nella\u00a0<strong>solidariet\u00e0 e nella condivisione del pane quotidiano<\/strong>. Preghiera che permette ad ogni uomo e donna di questo mondo di rivolgersi all\u2019unico Dio, per esprimergli quanto \u00e8 riposto nel segreto del cuore. Preghiera come\u00a0<strong>via maestra verso la santit\u00e0<\/strong>, che conduce a vivere la contemplazione anche in mezzo all\u2019azione. Insomma, un intenso anno di preghiera, in cui i cuori si aprano a ricevere l\u2019abbondanza della grazia, facendo del Padre nostro, l\u2019orazione che Ges\u00f9 ci ha insegnato, il programma di vita di ogni suo discepolo\u201d <\/em>(dalla lettera del Papa a mons. Rino Fisichella, presidente del Pontificio Consiglio per la promozione della nuova evangelizzazione).<\/p>\n<p>Papa Francesco ha sottolineato l&#8217;importanza di non vedere la preghiera come un semplice elenco di richieste o desideri, ma come un\u00a0<strong>dialogo intimo e profondo con il divino<\/strong>. Invita i fedeli a dedicare del tempo per riflettere, meditare e connettersi con la dimensione spirituale, trovando <a href=\"https:\/\/www.holyart.it\/it\/articoli-religiosi\/rosari-e-portarosari\/rosari-profumati\/rosario-profumato-al-gelsomino-rosso-papa-francesco\"><strong>quiete nella preghiera<\/strong><\/a>.<\/p>\n<div class=\"link-product\">\n<div class=\"blocco-immagine\"><img loading=\"lazy\" decoding=\"async\" class=\"size-full wp-image-18982 alignleft\" src=\"https:\/\/blog.holyart.it\/it\/wp-content\/uploads\/sites\/17\/2023\/12\/rosario-profumato-al-gelsomino-rosso-papa-francesco.jpg\" alt=\"rosario profumato al gelsomino rosso papa francesco\" width=\"100\" height=\"100\" data-kale-share-title=\"I propositi per il nuovo anno di Papa Francesco: il 2024 \u00e8 l\u2019anno della preghiera\" data-kale-share-url=\"https:\/\/blog.holyart.it\/it\/?p=18979\" \/><\/div>\n<div class=\"blocco-contenuto\">\n<div class=\"blocco-acquista\">Acquista su Holyart:<\/div>\n<div class=\"blocco-titolo\"><a href=\"https:\/\/www.holyart.it\/it\/articoli-religiosi\/rosari-e-portarosari\/rosari-profumati\/rosario-profumato-al-gelsomino-rosso-papa-francesco\">Rosario profumato Papa Francesco<\/a><\/div>\n<div class=\"blocco-descrizione\">Rosario con grani di 7 mm in pvc profumato, con croce del Buon Pastore di Papa Francesco.<\/div>\n<\/div>\n<\/div>\n<p>Nei suoi propositi per il nuovo anno, Papa Francesco promuove<strong>\u00a0l&#8217;empatia e la solidariet\u00e0\u00a0<\/strong>attraverso la preghiera. Invita a non limitare le preghiere solo a se stessi o ai propri cari, ma a estendere il pensiero verso coloro che soffrono, verso le comunit\u00e0 emarginate e verso l&#8217;intero pianeta, ponendo un focus sull&#8217;universalit\u00e0 delle richieste e delle speranze.<\/p>\n<p>Per Papa Francesco,<strong>\u00a0la preghiera autentica spinge all&#8217;azione<\/strong>. Nel 2024, incoraggia i fedeli a tradurre le loro preghiere in azioni concrete di amore, compassione e giustizia. Questa connessione tra preghiera e azione \u00e8 vista come fondamentale per creare un mondo migliore e pi\u00f9 inclusivo.<\/p>\n<p>Infine, il Pontefice sottolinea<strong>\u00a0l&#8217;importanza dell&#8217;accoglienza e dell&#8217;apertura mentale<\/strong>\u00a0che dovrebbero essere legate al momento della preghiera. Invita a non chiudersi in preconcetti, ma a essere aperti alla presenza divina in ogni forma e in ogni persona, accogliendo le differenze con amore e rispetto.<\/p>\n<p>Tra le iniziative previste per il 2024 e fortemente volute da Papa Francesco, i\u00a0<strong><a href=\"https:\/\/www.holyart.it\/blog\/articoli-religiosi\/5-luoghi-di-pellegrinaggio-dove-andare-almeno-una-volta-nella-vita\/\">pellegrinaggi<\/a> di preghiera<\/strong>\u00a0in vista dell&#8217;Anno Santo, con tappe mensili o settimanali presiedute dai Vescovi, momenti di preghiera e riflessione che dovrebbero coinvolgere l&#8217;intera comunit\u00e0 cattolica nel rafforzare il legame con la preghiera individuale e collettiva.<\/p>\n<div class=\"link-article\">\n<p><img loading=\"lazy\" decoding=\"async\" class=\"size-full wp-image-18983 alignleft\" src=\"https:\/\/blog.holyart.it\/it\/wp-content\/uploads\/sites\/17\/2023\/12\/Pellegrini.jpeg\" alt=\"pellegrinaggi\" width=\"150\" height=\"99\" data-kale-share-title=\"I propositi per il nuovo anno di Papa Francesco: il 2024 \u00e8 l\u2019anno della preghiera\" data-kale-share-url=\"https:\/\/blog.holyart.it\/it\/?p=18979\" \/><\/p>\n<div class=\"leggi-anche\">Leggi anche:<\/div>\n<p><strong><a href=\"https:\/\/www.holyart.it\/blog\/articoli-religiosi\/5-luoghi-di-pellegrinaggio-dove-andare-almeno-una-volta-nella-vita\/\">5 luoghi di pellegrinaggio dove andare almeno una volta nella vita<\/a><\/strong><br \/>\nL\u2019azione di Dio su questa Terra lascia un segno forte e che ci attrae&#8230;<\/p>\n<\/div>\n<p>\u00c8 anche prevista una collana di\u00a0<strong>Appunti sulla preghiera<\/strong>, stilati dal Dicastero per l&#8217;Evangelizzazione proprio al fine di riaffermare il valore della relazione profonda con il Signore partendo dalle tante e ricche forme di preghiera della tradizione. Questa iniziativa non solo sottolinea l&#8217;importanza della preghiera come pilastro della fede, ma offre anche strumenti pratici e supporto spirituale per arricchire e approfondire la vita spirituale di tutti i fedeli. La centralit\u00e0 della preghiera diventa quindi il fulcro per accogliere il Giubileo con cuori aperti e animi rinnovati, preparandosi ad abbracciare questo momento speciale con una connessione pi\u00f9 intima con il divino.<\/p>\n<h2>Anno della preghiera: verso il Giubileo 2025<\/h2>\n<p>In preparazione del nuovo Giubileo, il cui motto sar\u00e0\u00a0<strong>Pellegrini di Speranza<\/strong>, Papa Francesco ha formulato i suoi buoni propositi per l\u2019anno nuovo, invocando la necessit\u00e0 di una maggiore e pi\u00f9\u00a0<strong>consapevole riflessione spirituale sulla Misericordia\u00a0<\/strong>attraverso la preghiera e una consapevolezza pi\u00f9 profonda della volont\u00e0 di Dio che noi la mettiamo ogni giorno nella nostra vita quotidiana, con azioni concrete di compassione, perdono e solidariet\u00e0 nell&#8217;umanit\u00e0 di oggi.<\/p>\n<p><em>\u201cIn questo tempo di preparazione, fin da ora mi rallegra pensare che si potr\u00e0 dedicare l\u2019anno precedente l\u2019evento giubilare, il 2024, a una grande \u2018sinfonia\u2019 di preghiera.\u201d<\/em><\/p>\n<p>Cos\u00ec Papa Francesco\u00a0ha scritto ancora nella lettera indirizzata a mons. Rino Fisichella. Il Pontefice ha voluto cos\u00ec introdurre la sua intenzione di fare del\u00a0<a href=\"https:\/\/www.holyart.it\/it\/occasioni-speciali\/giubileo-2025-pellegrini-di-speranza\"><strong>Giubileo della Misericordia\u00a0del 2025<\/strong><\/a> un momento di riflessione profonda sulla\u00a0<strong>misericordia di Dio Padre<\/strong>, ma anche sul nostro dovere di esserne testimoni a fautori attivi nel mondo in cui viviamo. In questo modo riprende le intenzioni espresse da San Giovanni Paolo II in vista del <strong>Grande Giubileo dell&#8217;anno 2000<\/strong>, riguardo la speranza che l&#8217;umanit\u00e0, affacciandosi sul nuovo millennio, fosse capace di superare le proprie divisioni storiche riunendosi sotto l&#8217;egida di Ges\u00f9 Salvatore, duemila anni dopo la Sua nascita.<\/p>\n<div class=\"link-product\">\n<div class=\"blocco-immagine\"><img loading=\"lazy\" decoding=\"async\" class=\"size-full wp-image-18984 alignleft\" src=\"https:\/\/blog.holyart.it\/it\/wp-content\/uploads\/sites\/17\/2023\/12\/rosario-missionario-con-grani-in-legno-5-mm.jpg\" alt=\"rosario missionario con grani in legno 5 mm\" width=\"100\" height=\"100\" data-kale-share-title=\"I propositi per il nuovo anno di Papa Francesco: il 2024 \u00e8 l\u2019anno della preghiera\" data-kale-share-url=\"https:\/\/blog.holyart.it\/it\/?p=18979\" \/><\/div>\n<div class=\"blocco-contenuto\">\n<div class=\"blocco-acquista\">Acquista su Holyart:<\/div>\n<div class=\"blocco-titolo\"><a href=\"https:\/\/www.holyart.it\/it\/occasioni-speciali\/giubileo-2025-pellegrini-di-speranza\">Giubileo 2025 Pellegrini di Speranza<\/a><\/div>\n<div class=\"blocco-descrizione\">Articoli pensati per celebrare il prossimo Giubileo 2025 a Roma.<\/div>\n<\/div>\n<\/div>\n<p>Proprio in vista del nuovo Anno Santo, il Papa esprime il suo forte desiderio che esso sia preceduto, nel 2024, da un periodo intenso di preghiera. Per farlo il Papa invita tutti i fedeli a recuperare il\u00a0<strong>desiderio di immergersi nella presenza del Signore<\/strong>, di ascoltarlo e di lodarlo, con un atteggiamento che va in netto contrasto con la cultura contemporanea fatta di\u00a0<strong>egocentrismo ed esclusione degli altri<\/strong>, Dio compreso. \u00c8 fondamentale riscoprire e rafforzare il legame con la\u00a0<strong>sfera spirituale<\/strong>, promuovere la propria crescita interiore, cambiando prospettiva e cercando nella preghiera intensa e consapevole la chiave per strapparci dalla frenesia quotidiana che ci distoglie da Dio e da ci\u00f2 che \u00e8 davvero essenziale.<\/p>\n<h2>Le intenzioni di preghiera del Papa per il 2024<\/h2>\n<p>Ecco le intenzioni affidate dal Papa alla sua Rete mondiale di preghiera per l\u2019anno 2024. [Dal Vaticano, 31 dicembre 2022 &#8211; Francesco]<\/p>\n<h3>Gennaio<\/h3>\n<p><em>Per il dono della diversit\u00e0 nella Chiesa<\/em><br \/>\nPreghiamo perch\u00e9 lo Spirito aiuti a riconoscere il dono dei diversi carismi dentro le comunit\u00e0 cristiane e a scoprire la ricchezza delle differenti tradizioni rituali in seno alla Chiesa Cattolica.<\/p>\n<h3>Febbraio<\/h3>\n<p><em>Per i malati terminali<\/em><br \/>\n<a href=\"https:\/\/www.holyart.it\/blog\/articoli-religiosi\/preghiera-per-i-malati-pregare-per-una-persona-cara-o-per-se-stessi\/\"><strong>Preghiamo perch\u00e9 i malati<\/strong><\/a> nella fase terminale della propria vita, e le loro famiglie, ricevano sempre la cura e l\u2019accompagnamento necessari, sia dal punto di vista sanitario che da quello umano.<\/p>\n<div class=\"link-article\">\n<p><img loading=\"lazy\" decoding=\"async\" class=\"size-full wp-image-18987 alignleft\" src=\"https:\/\/blog.holyart.it\/it\/wp-content\/uploads\/sites\/17\/2023\/12\/preghiera-per-i-malati.jpg\" alt=\"preghiera per i malati\" width=\"150\" height=\"99\" data-kale-share-title=\"I propositi per il nuovo anno di Papa Francesco: il 2024 \u00e8 l\u2019anno della preghiera\" data-kale-share-url=\"https:\/\/blog.holyart.it\/it\/?p=18979\" \/><\/p>\n<div class=\"leggi-anche\">Leggi anche:<\/div>\n<p><strong><a href=\"https:\/\/www.holyart.it\/blog\/articoli-religiosi\/preghiera-per-i-malati-pregare-per-una-persona-cara-o-per-se-stessi\/\">Preghiera per i malati: pregare per una persona cara o per se stessi<\/a><\/strong><br \/>\nEcco la preghiera per i malati da rivolgere a Ges\u00f9 o alla Madonna&#8230;<\/p>\n<\/div>\n<h3>Marzo<\/h3>\n<p><em>Per i nuovi martiri<\/em><br \/>\nPreghiamo perch\u00e9 coloro che in varie parti del mondo <a href=\"https:\/\/www.holyart.it\/blog\/santi-e-beati\/santi-martiri-sacrificare-la-propria-vita-in-nome-di-dio\/\"><strong>rischiano la vita per il Vangelo<\/strong><\/a> contagino la Chiesa con il proprio coraggio e la propria spinta missionaria.<\/p>\n<div class=\"link-article\">\n<p><img loading=\"lazy\" decoding=\"async\" class=\"size-full wp-image-18988 alignleft\" src=\"https:\/\/blog.holyart.it\/it\/wp-content\/uploads\/sites\/17\/2023\/12\/Santi-martiri-1.jpg\" alt=\"Santi martiri\" width=\"150\" height=\"99\" data-kale-share-title=\"I propositi per il nuovo anno di Papa Francesco: il 2024 \u00e8 l\u2019anno della preghiera\" data-kale-share-url=\"https:\/\/blog.holyart.it\/it\/?p=18979\" \/><\/p>\n<div class=\"leggi-anche\">Leggi anche:<\/div>\n<p><strong><a href=\"https:\/\/www.holyart.it\/blog\/santi-e-beati\/santi-martiri-sacrificare-la-propria-vita-in-nome-di-dio\/\">Santi Martiri: sacrificare la propria vita in nome di Dio<\/a><\/strong><br \/>\nI Santi Martiri sono uomini e donne, spesso molto giovani, che hanno sacrificato la propria vita per amore di Dio&#8230;<\/p>\n<\/div>\n<h3>Aprile<\/h3>\n<p><em>Per il ruolo delle donne<\/em><br \/>\nPreghiamo perch\u00e9 vengano riconosciute in ogni cultura la<strong><a href=\"https:\/\/www.holyart.it\/blog\/articoli-religiosi\/simboli-di-forza-e-amore-ecco-i-santi-protettori-delle-donne\/\"> dignit\u00e0 delle donne e la loro ricchezza<\/a><\/strong>, e cessino le discriminazioni di cui esse sono vittime in varie parti del mondo.<\/p>\n<div class=\"link-article\">\n<p><img loading=\"lazy\" decoding=\"async\" class=\"size-full wp-image-18989 alignleft\" src=\"https:\/\/blog.holyart.it\/it\/wp-content\/uploads\/sites\/17\/2023\/12\/festa-delle-donne.jpg\" alt=\"festa delle donne\" width=\"150\" height=\"99\" data-kale-share-title=\"I propositi per il nuovo anno di Papa Francesco: il 2024 \u00e8 l\u2019anno della preghiera\" data-kale-share-url=\"https:\/\/blog.holyart.it\/it\/?p=18979\" \/><\/p>\n<div class=\"leggi-anche\">Leggi anche:<\/div>\n<p><strong><a href=\"https:\/\/www.holyart.it\/blog\/articoli-religiosi\/simboli-di-forza-e-amore-ecco-i-santi-protettori-delle-donne\/\">Simboli di forza e amore, ecco i Santi protettori delle donne<\/a><\/strong><br \/>\nI santi protettori delle donne. In occasione della Festa dell\u20198 marzo, ma ricordati ogni giorno come esempi, simboli e custodi&#8230;<\/p>\n<\/div>\n<h3>Maggio<\/h3>\n<p><em>Per la formazione di religiose, religiosi e seminaristi<\/em><br \/>\nPreghiamo perch\u00e9 le religiose, i religiosi e i seminaristi crescano nel proprio cammino vocazionale attraverso una formazione umana, pastorale, spirituale e comunitaria, che li porti a essere testimoni credibili del Vangelo.<\/p>\n<h3>Giugno<\/h3>\n<p><em>Per quanti fuggono dal proprio Paese<\/em><br \/>\nPreghiamo perch\u00e9 i migranti in fuga dalle guerre o dalla fame, costretti a viaggi pieni di pericoli e violenze, trovino accoglienza e nuove opportunit\u00e0 di vita nei Paesi che li ospitano.<\/p>\n<h3>Luglio<\/h3>\n<p><em>Per la pastorale degli infermi<\/em><br \/>\nPreghiamo perch\u00e9 il sacramento dell\u2019<a href=\"https:\/\/www.holyart.it\/blog\/articoli-religiosi\/unzione-degli-infermi-che-cose-e-come-si-svolge\/\"><strong>unzione degli infermi<\/strong><\/a> doni alle persone che lo ricevono e ai loro cari la forza del Signore, e diventi sempre pi\u00f9 per tutti un segno visibile di compassione e di speranza.<\/p>\n<div class=\"link-article\">\n<p><img loading=\"lazy\" decoding=\"async\" class=\"size-full wp-image-18990 alignleft\" src=\"https:\/\/blog.holyart.it\/it\/wp-content\/uploads\/sites\/17\/2023\/12\/unzione-degli-infermi.jpg\" alt=\"unzione degli infermi\" width=\"150\" height=\"99\" data-kale-share-title=\"I propositi per il nuovo anno di Papa Francesco: il 2024 \u00e8 l\u2019anno della preghiera\" data-kale-share-url=\"https:\/\/blog.holyart.it\/it\/?p=18979\" \/><\/p>\n<div class=\"leggi-anche\">Leggi anche:<\/div>\n<p><strong><a href=\"https:\/\/www.holyart.it\/blog\/articoli-religiosi\/unzione-degli-infermi-che-cose-e-come-si-svolge\/\">Unzione degli Infermi: che cos\u2019\u00e8 e come si svolge<\/a><\/strong><br \/>\nL\u2019unzione degli infermi \u00e8 una pratica che deriva da Ges\u00f9 stesso. Ecco come si \u00e8 evoluta nel tempo&#8230;<\/p>\n<\/div>\n<h3>Agosto<\/h3>\n<p><em>Per i leader politici<\/em><br \/>\nPreghiamo perch\u00e9 i leader politici siano al servizio della propria gente, lavorando per lo sviluppo umano integrale e per il bene comune, prendendosi cura di chi ha perso il lavoro e privilegiando i pi\u00f9 poveri.<\/p>\n<h3>Settembre<\/h3>\n<p><em>Per il grido della terra<\/em><br \/>\nPreghiamo perch\u00e9 ciascuno di noi ascolti con il cuore il grido della Terra e delle vittime dei disastri naturali e dei cambiamenti climatici, impegnandosi in prima persona a custodire il mondo che abitiamo.<\/p>\n<h3>Ottobre<\/h3>\n<p><em>Per una missione condivisa<\/em><br \/>\nPreghiamo perch\u00e9 la Chiesa continui a sostenere in ogni modo uno stile di vita sinodale, nel segno della corresponsabilit\u00e0, promuovendo la partecipazione, la comunione e la missione condivisa tra sacerdoti, religiosi e laici.<\/p>\n<h3>Novembre<\/h3>\n<p><em>Per chi ha perso un figlio<\/em><br \/>\nPreghiamo perch\u00e9 tutti i genitori che piangono la morte di un figlio o una figlia trovino sostegno nella comunit\u00e0 e ottengano dallo Spirito consolatore la pace del cuore.<\/p>\n<h3>Dicembre<\/h3>\n<p><em>Per i pellegrini di speranza<\/em><br \/>\nPreghiamo perch\u00e9 questo Giubileo ci rafforzi nella fede, aiutandoci a riconoscere Cristo risorto in mezzo alle nostre vite, e ci trasformi in pellegrini della speranza cristiana.<\/p>\n<h2>La preghiera del Giubileo 2025<\/h2>\n<p>Ecco infine una delle preghiere di Papa Francesco in vista del Giubileo 2025, con cui il Pontefice ci invita tutti a essere <strong>Pellegrini di speranza<\/strong>:<\/p>\n<p><em>Padre che sei nei cieli,<\/em><br \/>\n<em>la fede che ci hai donato nel<\/em><br \/>\n<em>tuo figlio Ges\u00f9 Cristo, nostro fratello,<\/em><br \/>\n<em>e la fiamma di carit\u00e0<\/em><br \/>\n<em>effusa nei nostri cuori dallo Spirito Santo,<\/em><br \/>\n<em>ridestino in noi, la beata speranza<\/em><br \/>\n<em>per l\u2019avvento del tuo Regno.<\/em><\/p>\n<p><em>La tua grazia ci trasformi<\/em><br \/>\n<em>in coltivatori operosi dei semi evangelici<\/em><br \/>\n<em>che lievitino l\u2019umanit\u00e0 e il cosmo,<\/em><br \/>\n<em>nell\u2019attesa fiduciosa<\/em><br \/>\n<em>dei cieli nuovi e della terra nuova,<\/em><br \/>\n<em>quando vinte le potenze del Male,<\/em><br \/>\n<em>si manifester\u00e0 per sempre la tua gloria.<\/em><\/p>\n<p><em>La grazia del Giubileo<\/em><br \/>\n<em>ravvivi in noi Pellegrini di Speranza,<\/em><br \/>\n<em>l\u2019anelito verso i beni celesti<\/em><br \/>\n<em>e riversi sul mondo intero<\/em><br \/>\n<em>la gioia e la pace<\/em><br \/>\n<em>del nostro Redentore.<\/em><br \/>\n<em>A te Dio benedetto in eterno<\/em><br \/>\n<em>sia lode e gloria nei secoli.<\/em><\/p>\n<p><em>Amen<\/em><\/p>\n","protected":false},"excerpt":{"rendered":"<p>In vista del Giubileo del 2025, dedicato alla Misericordia, Papa Francesco ha formulato i suoi propositi per il nuovo anno invocando l&#8217;importanza della preghiera come mezzo per riaccostarsi a Dio e alla propria sfera spirituale L&#8217;inizio di un nuovo anno porta con s\u00e9 un senso&hellip;<\/p>\n","protected":false},"author":1,"featured_media":18993,"comment_status":"closed","ping_status":"open","sticky":false,"template":"","format":"standard","meta":{"_acf_changed":false,"footnotes":""},"categories":[25,20,16],"tags":[],"class_list":["post-18979","post","type-post","status-publish","format-standard","has-post-thumbnail","hentry","category-giubileo-2025","category-occasioni-speciali","category-articoli-religiosi"],"acf":[],"yoast_head":"<!-- This site is optimized with the Yoast SEO plugin v26.6 - https:\/\/yoast.com\/wordpress\/plugins\/seo\/ -->\n<title>I propositi per il nuovo anno di Papa Francesco: il 2024 \u00e8 l&#039;anno della preghiera - Holyblog<\/title>\n<meta name=\"description\" content=\"Papa Francesco annuncia il 2024 come l&#039;anno della preghiera perch\u00e9 diventi il proposito di ogni cristiano in vista del Giubileo 2025.\" \/>\n<meta name=\"robots\" content=\"index, follow, max-snippet:-1, max-image-preview:large, max-video-preview:-1\" \/>\n<link rel=\"canonical\" href=\"https:\/\/blog.holyart.it\/it\/occasioni-speciali\/papa-francesco-2024-anno-della-preghiera\/\" \/>\n<meta property=\"og:locale\" content=\"it_IT\" \/>\n<meta property=\"og:type\" content=\"article\" \/>\n<meta property=\"og:title\" content=\"I propositi per il nuovo anno di Papa Francesco: il 2024 \u00e8 l&#039;anno della preghiera - Holyblog\" \/>\n<meta property=\"og:description\" content=\"Papa Francesco annuncia il 2024 come l&#039;anno della preghiera perch\u00e9 diventi il proposito di ogni cristiano in vista del Giubileo 2025.\" \/>\n<meta property=\"og:url\" content=\"https:\/\/blog.holyart.it\/it\/occasioni-speciali\/papa-francesco-2024-anno-della-preghiera\/\" \/>\n<meta property=\"og:site_name\" content=\"Holyblog\" \/>\n<meta property=\"article:published_time\" content=\"2023-12-27T09:12:42+00:00\" \/>\n<meta property=\"article:modified_time\" content=\"2024-03-28T09:17:45+00:00\" \/>\n<meta property=\"og:image\" content=\"https:\/\/blog.holyart.it\/it\/wp-content\/uploads\/sites\/17\/2023\/12\/anno-della-preghiera.jpg\" \/>\n\t<meta property=\"og:image:width\" content=\"1000\" \/>\n\t<meta property=\"og:image:height\" content=\"666\" \/>\n\t<meta property=\"og:image:type\" content=\"image\/jpeg\" \/>\n<meta name=\"author\" content=\"Redazione\" \/>\n<meta name=\"twitter:card\" content=\"summary_large_image\" \/>\n<meta name=\"twitter:label1\" content=\"Scritto da\" \/>\n\t<meta name=\"twitter:data1\" content=\"Redazione\" \/>\n\t<meta name=\"twitter:label2\" content=\"Tempo di lettura stimato\" \/>\n\t<meta name=\"twitter:data2\" content=\"12 minuti\" \/>\n<script type=\"application\/ld+json\" class=\"yoast-schema-graph\">{\"@context\":\"https:\/\/schema.org\",\"@graph\":[{\"@type\":\"Article\",\"@id\":\"https:\/\/blog.holyart.it\/it\/occasioni-speciali\/papa-francesco-2024-anno-della-preghiera\/#article\",\"isPartOf\":{\"@id\":\"https:\/\/blog.holyart.it\/it\/occasioni-speciali\/papa-francesco-2024-anno-della-preghiera\/\"},\"author\":{\"name\":\"Redazione\",\"@id\":\"https:\/\/blog.holyart.it\/it\/#\/schema\/person\/0a7b686e5af0f856ec1e390dd0baecda\"},\"headline\":\"I propositi per il nuovo anno di Papa Francesco: il 2024 \u00e8 l&#8217;anno della preghiera\",\"datePublished\":\"2023-12-27T09:12:42+00:00\",\"dateModified\":\"2024-03-28T09:17:45+00:00\",\"mainEntityOfPage\":{\"@id\":\"https:\/\/blog.holyart.it\/it\/occasioni-speciali\/papa-francesco-2024-anno-della-preghiera\/\"},\"wordCount\":1940,\"publisher\":{\"@id\":\"https:\/\/blog.holyart.it\/it\/#organization\"},\"image\":{\"@id\":\"https:\/\/blog.holyart.it\/it\/occasioni-speciali\/papa-francesco-2024-anno-della-preghiera\/#primaryimage\"},\"thumbnailUrl\":\"https:\/\/blog.holyart.it\/it\/wp-content\/uploads\/sites\/17\/2023\/12\/anno-della-preghiera.jpg\",\"articleSection\":[\"Giubileo 2025\",\"Occasioni speciali\",\"Religione\"],\"inLanguage\":\"it-IT\"},{\"@type\":\"WebPage\",\"@id\":\"https:\/\/blog.holyart.it\/it\/occasioni-speciali\/papa-francesco-2024-anno-della-preghiera\/\",\"url\":\"https:\/\/blog.holyart.it\/it\/occasioni-speciali\/papa-francesco-2024-anno-della-preghiera\/\",\"name\":\"I propositi per il nuovo anno di Papa Francesco: il 2024 \u00e8 l'anno della preghiera - Holyblog\",\"isPartOf\":{\"@id\":\"https:\/\/blog.holyart.it\/it\/#website\"},\"primaryImageOfPage\":{\"@id\":\"https:\/\/blog.holyart.it\/it\/occasioni-speciali\/papa-francesco-2024-anno-della-preghiera\/#primaryimage\"},\"image\":{\"@id\":\"https:\/\/blog.holyart.it\/it\/occasioni-speciali\/papa-francesco-2024-anno-della-preghiera\/#primaryimage\"},\"thumbnailUrl\":\"https:\/\/blog.holyart.it\/it\/wp-content\/uploads\/sites\/17\/2023\/12\/anno-della-preghiera.jpg\",\"datePublished\":\"2023-12-27T09:12:42+00:00\",\"dateModified\":\"2024-03-28T09:17:45+00:00\",\"description\":\"Papa Francesco annuncia il 2024 come l'anno della preghiera perch\u00e9 diventi il proposito di ogni cristiano in vista del Giubileo 2025.\",\"breadcrumb\":{\"@id\":\"https:\/\/blog.holyart.it\/it\/occasioni-speciali\/papa-francesco-2024-anno-della-preghiera\/#breadcrumb\"},\"inLanguage\":\"it-IT\",\"potentialAction\":[{\"@type\":\"ReadAction\",\"target\":[\"https:\/\/blog.holyart.it\/it\/occasioni-speciali\/papa-francesco-2024-anno-della-preghiera\/\"]}]},{\"@type\":\"ImageObject\",\"inLanguage\":\"it-IT\",\"@id\":\"https:\/\/blog.holyart.it\/it\/occasioni-speciali\/papa-francesco-2024-anno-della-preghiera\/#primaryimage\",\"url\":\"https:\/\/blog.holyart.it\/it\/wp-content\/uploads\/sites\/17\/2023\/12\/anno-della-preghiera.jpg\",\"contentUrl\":\"https:\/\/blog.holyart.it\/it\/wp-content\/uploads\/sites\/17\/2023\/12\/anno-della-preghiera.jpg\",\"width\":1000,\"height\":666,\"caption\":\"anno della preghiera\"},{\"@type\":\"BreadcrumbList\",\"@id\":\"https:\/\/blog.holyart.it\/it\/occasioni-speciali\/papa-francesco-2024-anno-della-preghiera\/#breadcrumb\",\"itemListElement\":[{\"@type\":\"ListItem\",\"position\":1,\"name\":\"Homepage\",\"item\":\"https:\/\/blog.holyart.it\/it\/\"},{\"@type\":\"ListItem\",\"position\":2,\"name\":\"Occasioni speciali\",\"item\":\"https:\/\/blog.holyart.it\/it\/occasioni-speciali\/\"},{\"@type\":\"ListItem\",\"position\":3,\"name\":\"I propositi per il nuovo anno di Papa Francesco: il 2024 \u00e8 l&#8217;anno della preghiera\"}]},{\"@type\":\"WebSite\",\"@id\":\"https:\/\/blog.holyart.it\/it\/#website\",\"url\":\"https:\/\/blog.holyart.it\/it\/\",\"name\":\"Holyblog\",\"description\":\"Il Blog di Holyart.it\",\"publisher\":{\"@id\":\"https:\/\/blog.holyart.it\/it\/#organization\"},\"potentialAction\":[{\"@type\":\"SearchAction\",\"target\":{\"@type\":\"EntryPoint\",\"urlTemplate\":\"https:\/\/blog.holyart.it\/it\/?s={search_term_string}\"},\"query-input\":{\"@type\":\"PropertyValueSpecification\",\"valueRequired\":true,\"valueName\":\"search_term_string\"}}],\"inLanguage\":\"it-IT\"},{\"@type\":\"Organization\",\"@id\":\"https:\/\/blog.holyart.it\/it\/#organization\",\"name\":\"Holyblog\",\"url\":\"https:\/\/blog.holyart.it\/it\/\",\"logo\":{\"@type\":\"ImageObject\",\"inLanguage\":\"it-IT\",\"@id\":\"https:\/\/blog.holyart.it\/it\/#\/schema\/logo\/image\/\",\"url\":\"https:\/\/blog.holyart.it\/it\/wp-content\/uploads\/sites\/17\/2022\/12\/Holyart_Blog_Logo.jpg\",\"contentUrl\":\"https:\/\/blog.holyart.it\/it\/wp-content\/uploads\/sites\/17\/2022\/12\/Holyart_Blog_Logo.jpg\",\"width\":300,\"height\":50,\"caption\":\"Holyblog\"},\"image\":{\"@id\":\"https:\/\/blog.holyart.it\/it\/#\/schema\/logo\/image\/\"}},{\"@type\":\"Person\",\"@id\":\"https:\/\/blog.holyart.it\/it\/#\/schema\/person\/0a7b686e5af0f856ec1e390dd0baecda\",\"name\":\"Redazione\"}]}<\/script>\n<!-- \/ Yoast SEO plugin. -->","yoast_head_json":{"title":"I propositi per il nuovo anno di Papa Francesco: il 2024 \u00e8 l'anno della preghiera - Holyblog","description":"Papa Francesco annuncia il 2024 come l'anno della preghiera perch\u00e9 diventi il proposito di ogni cristiano in vista del Giubileo 2025.","robots":{"index":"index","follow":"follow","max-snippet":"max-snippet:-1","max-image-preview":"max-image-preview:large","max-video-preview":"max-video-preview:-1"},"canonical":"https:\/\/blog.holyart.it\/it\/occasioni-speciali\/papa-francesco-2024-anno-della-preghiera\/","og_locale":"it_IT","og_type":"article","og_title":"I propositi per il nuovo anno di Papa Francesco: il 2024 \u00e8 l'anno della preghiera - Holyblog","og_description":"Papa Francesco annuncia il 2024 come l'anno della preghiera perch\u00e9 diventi il proposito di ogni cristiano in vista del Giubileo 2025.","og_url":"https:\/\/blog.holyart.it\/it\/occasioni-speciali\/papa-francesco-2024-anno-della-preghiera\/","og_site_name":"Holyblog","article_published_time":"2023-12-27T09:12:42+00:00","article_modified_time":"2024-03-28T09:17:45+00:00","og_image":[{"width":1000,"height":666,"url":"https:\/\/blog.holyart.it\/it\/wp-content\/uploads\/sites\/17\/2023\/12\/anno-della-preghiera.jpg","type":"image\/jpeg"}],"author":"Redazione","twitter_card":"summary_large_image","twitter_misc":{"Scritto da":"Redazione","Tempo di lettura stimato":"12 minuti"},"schema":{"@context":"https:\/\/schema.org","@graph":[{"@type":"Article","@id":"https:\/\/blog.holyart.it\/it\/occasioni-speciali\/papa-francesco-2024-anno-della-preghiera\/#article","isPartOf":{"@id":"https:\/\/blog.holyart.it\/it\/occasioni-speciali\/papa-francesco-2024-anno-della-preghiera\/"},"author":{"name":"Redazione","@id":"https:\/\/blog.holyart.it\/it\/#\/schema\/person\/0a7b686e5af0f856ec1e390dd0baecda"},"headline":"I propositi per il nuovo anno di Papa Francesco: il 2024 \u00e8 l&#8217;anno della preghiera","datePublished":"2023-12-27T09:12:42+00:00","dateModified":"2024-03-28T09:17:45+00:00","mainEntityOfPage":{"@id":"https:\/\/blog.holyart.it\/it\/occasioni-speciali\/papa-francesco-2024-anno-della-preghiera\/"},"wordCount":1940,"publisher":{"@id":"https:\/\/blog.holyart.it\/it\/#organization"},"image":{"@id":"https:\/\/blog.holyart.it\/it\/occasioni-speciali\/papa-francesco-2024-anno-della-preghiera\/#primaryimage"},"thumbnailUrl":"https:\/\/blog.holyart.it\/it\/wp-content\/uploads\/sites\/17\/2023\/12\/anno-della-preghiera.jpg","articleSection":["Giubileo 2025","Occasioni speciali","Religione"],"inLanguage":"it-IT"},{"@type":"WebPage","@id":"https:\/\/blog.holyart.it\/it\/occasioni-speciali\/papa-francesco-2024-anno-della-preghiera\/","url":"https:\/\/blog.holyart.it\/it\/occasioni-speciali\/papa-francesco-2024-anno-della-preghiera\/","name":"I propositi per il nuovo anno di Papa Francesco: il 2024 \u00e8 l'anno della preghiera - Holyblog","isPartOf":{"@id":"https:\/\/blog.holyart.it\/it\/#website"},"primaryImageOfPage":{"@id":"https:\/\/blog.holyart.it\/it\/occasioni-speciali\/papa-francesco-2024-anno-della-preghiera\/#primaryimage"},"image":{"@id":"https:\/\/blog.holyart.it\/it\/occasioni-speciali\/papa-francesco-2024-anno-della-preghiera\/#primaryimage"},"thumbnailUrl":"https:\/\/blog.holyart.it\/it\/wp-content\/uploads\/sites\/17\/2023\/12\/anno-della-preghiera.jpg","datePublished":"2023-12-27T09:12:42+00:00","dateModified":"2024-03-28T09:17:45+00:00","description":"Papa Francesco annuncia il 2024 come l'anno della preghiera perch\u00e9 diventi il proposito di ogni cristiano in vista del Giubileo 2025.","breadcrumb":{"@id":"https:\/\/blog.holyart.it\/it\/occasioni-speciali\/papa-francesco-2024-anno-della-preghiera\/#breadcrumb"},"inLanguage":"it-IT","potentialAction":[{"@type":"ReadAction","target":["https:\/\/blog.holyart.it\/it\/occasioni-speciali\/papa-francesco-2024-anno-della-preghiera\/"]}]},{"@type":"ImageObject","inLanguage":"it-IT","@id":"https:\/\/blog.holyart.it\/it\/occasioni-speciali\/papa-francesco-2024-anno-della-preghiera\/#primaryimage","url":"https:\/\/blog.holyart.it\/it\/wp-content\/uploads\/sites\/17\/2023\/12\/anno-della-preghiera.jpg","contentUrl":"https:\/\/blog.holyart.it\/it\/wp-content\/uploads\/sites\/17\/2023\/12\/anno-della-preghiera.jpg","width":1000,"height":666,"caption":"anno della preghiera"},{"@type":"BreadcrumbList","@id":"https:\/\/blog.holyart.it\/it\/occasioni-speciali\/papa-francesco-2024-anno-della-preghiera\/#breadcrumb","itemListElement":[{"@type":"ListItem","position":1,"name":"Homepage","item":"https:\/\/blog.holyart.it\/it\/"},{"@type":"ListItem","position":2,"name":"Occasioni speciali","item":"https:\/\/blog.holyart.it\/it\/occasioni-speciali\/"},{"@type":"ListItem","position":3,"name":"I propositi per il nuovo anno di Papa Francesco: il 2024 \u00e8 l&#8217;anno della preghiera"}]},{"@type":"WebSite","@id":"https:\/\/blog.holyart.it\/it\/#website","url":"https:\/\/blog.holyart.it\/it\/","name":"Holyblog","description":"Il Blog di Holyart.it","publisher":{"@id":"https:\/\/blog.holyart.it\/it\/#organization"},"potentialAction":[{"@type":"SearchAction","target":{"@type":"EntryPoint","urlTemplate":"https:\/\/blog.holyart.it\/it\/?s={search_term_string}"},"query-input":{"@type":"PropertyValueSpecification","valueRequired":true,"valueName":"search_term_string"}}],"inLanguage":"it-IT"},{"@type":"Organization","@id":"https:\/\/blog.holyart.it\/it\/#organization","name":"Holyblog","url":"https:\/\/blog.holyart.it\/it\/","logo":{"@type":"ImageObject","inLanguage":"it-IT","@id":"https:\/\/blog.holyart.it\/it\/#\/schema\/logo\/image\/","url":"https:\/\/blog.holyart.it\/it\/wp-content\/uploads\/sites\/17\/2022\/12\/Holyart_Blog_Logo.jpg","contentUrl":"https:\/\/blog.holyart.it\/it\/wp-content\/uploads\/sites\/17\/2022\/12\/Holyart_Blog_Logo.jpg","width":300,"height":50,"caption":"Holyblog"},"image":{"@id":"https:\/\/blog.holyart.it\/it\/#\/schema\/logo\/image\/"}},{"@type":"Person","@id":"https:\/\/blog.holyart.it\/it\/#\/schema\/person\/0a7b686e5af0f856ec1e390dd0baecda","name":"Redazione"}]}},"_links":{"self":[{"href":"https:\/\/blog.holyart.it\/it\/wp-json\/wp\/v2\/posts\/18979","targetHints":{"allow":["GET"]}}],"collection":[{"href":"https:\/\/blog.holyart.it\/it\/wp-json\/wp\/v2\/posts"}],"about":[{"href":"https:\/\/blog.holyart.it\/it\/wp-json\/wp\/v2\/types\/post"}],"author":[{"embeddable":true,"href":"https:\/\/blog.holyart.it\/it\/wp-json\/wp\/v2\/users\/1"}],"replies":[{"embeddable":true,"href":"https:\/\/blog.holyart.it\/it\/wp-json\/wp\/v2\/comments?post=18979"}],"version-history":[{"count":6,"href":"https:\/\/blog.holyart.it\/it\/wp-json\/wp\/v2\/posts\/18979\/revisions"}],"predecessor-version":[{"id":18994,"href":"https:\/\/blog.holyart.it\/it\/wp-json\/wp\/v2\/posts\/18979\/revisions\/18994"}],"wp:featuredmedia":[{"embeddable":true,"href":"https:\/\/blog.holyart.it\/it\/wp-json\/wp\/v2\/media\/18993"}],"wp:attachment":[{"href":"https:\/\/blog.holyart.it\/it\/wp-json\/wp\/v2\/media?parent=18979"}],"wp:term":[{"taxonomy":"category","embeddable":true,"href":"https:\/\/blog.holyart.it\/it\/wp-json\/wp\/v2\/categories?post=18979"},{"taxonomy":"post_tag","embeddable":true,"href":"https:\/\/blog.holyart.it\/it\/wp-json\/wp\/v2\/tags?post=18979"}],"curies":[{"name":"wp","href":"https:\/\/api.w.org\/{rel}","templated":true}]}}