{"id":18912,"date":"2024-01-03T08:00:37","date_gmt":"2024-01-03T07:00:37","guid":{"rendered":"https:\/\/blog.holyart.it\/it\/?p=18912"},"modified":"2025-12-31T12:02:19","modified_gmt":"2025-12-31T11:02:19","slug":"festa-dei-re-magi-le-tradizioni-in-italia-e-in-europa","status":"publish","type":"post","link":"https:\/\/blog.holyart.it\/it\/articoli-religiosi\/festa-dei-re-magi-le-tradizioni-in-italia-e-in-europa\/","title":{"rendered":"Festa dei Re Magi: le tradizioni in Italia e in Europa"},"content":{"rendered":"<p><strong>In Italia e in tutta Europa il 6 gennaio si celebra l&#8217;Epifania, la Dodicesima notte. Ecco come viene celebrata e perch\u00e9 viene chiamata anche la Festa dei Re Magi<\/strong><\/p>\n\n<p>Quella del 6 gennaio \u00e8 la\u00a0<strong>Dodicesima notte<\/strong>\u00a0dopo la nascita di Ges\u00f9. In Italia e in altri paesi \u00e8 anche la data in cui si festeggia la Befana, la vecchia col naso adunco che cavalca una scopa e porta doni ai bambini buoni (e carbone a quelli meno buoni&#8230;). Ma in questo giorno\u00a0<strong><a href=\"https:\/\/www.holyart.it\/blog\/articoli-religiosi\/perche-si-festeggia-lepifania\/\">si celebra soprattutto l&#8217;Epifania<\/a><\/strong>, ovvero la\u00a0<strong>manifestazione della divinit\u00e0 di Ges\u00f9<\/strong>\u00a0<strong>ai tre Re Magi<\/strong>. Infatti, secondo la tradizione questo giorno coincide con la fine del lungo viaggio compiuto dai Re Magi seguendo la scia della\u00a0<a href=\"https:\/\/www.holyart.it\/blog\/natale\/la-stella-cometa-presepe-le-origini-utilizzarla-nel-presepe\/\"><strong>stella cometa<\/strong><\/a>\u00a0fino alla capanna di Betlemme in cui era nato Ges\u00f9 dodici giorni prima. I\u00a0<strong><a href=\"https:\/\/www.holyart.it\/blog\/natale\/re-magi-nomi\/\">tre saggi uomini<\/a><\/strong>\u00a0sapevano che nella capanna avrebbero trovato un Re, e per questo portavano con loro\u00a0<a href=\"https:\/\/www.holyart.it\/blog\/natale\/oro-incenso-e-mirra-perche-proprio-questi-doni-a-gesu-bambino\/\"><strong>oro, incenso e mirra<\/strong><\/a>, doni solitamente riservati ai Re e alle divinit\u00e0. E cos\u00ec fu, vedendo il piccolo Ges\u00f9 Bambino lo riconobbero come Re. Il nome completo dell&#8217;Epifania \u00e8 infatti\u00a0<strong>Epifania del Signore<\/strong>, o\u00a0<em>Teofania<\/em>\u00a0nelle tradizioni cristiane orientali, ovvero la\u00a0<strong>rivelazione di Dio incarnato<\/strong>. La stessa parola Epifania viene dalla parola greca \u1f10\u03c0\u03b9\u03c6\u03ac\u03bd\u03b5\u03b9\u03b1,\u00a0<em>Epif\u00e0neia<\/em>, ovvero &#8220;manifestazione, apparizione&#8221;.<\/p>\n<div class=\"link-article\">\n<p><img loading=\"lazy\" decoding=\"async\" class=\"size-full wp-image-18913 alignleft\" src=\"https:\/\/blog.holyart.it\/it\/wp-content\/uploads\/sites\/17\/2023\/12\/re-magi.jpg\" alt=\"re magi\" width=\"150\" height=\"99\" data-kale-share-title=\"Festa dei Re Magi: le tradizioni in Italia e in Europa\" data-kale-share-url=\"https:\/\/blog.holyart.it\/it\/?p=18912\" \/><\/p>\n<div class=\"leggi-anche\">Leggi anche:<\/div>\n<p><strong><a href=\"https:\/\/www.holyart.it\/blog\/natale\/re-magi-nomi\/\">Chi erano i Re magi e i loro nomi<\/a><\/strong><br \/>\nTutti conosciamo i Re Magi come i tre uomini che affrontarono un lungo viaggio inseguendo una stella con l\u2019unico scopo di rendere omaggio&#8230;<\/p>\n<\/div>\n<p><strong>Ma chi erano i Re Magi?<\/strong>\u00a0Nel\u00a0<strong>Vangelo di Matteo<\/strong>, l&#8217;unico a citarli, si parla solo di tre Magi giunti da Oriente a Gerusalemme seguendo la scia di una stella attraverso il cielo. Ospitati da Erode vennero da lui invitati con l&#8217;inganno a tradire la posizione di Ges\u00f9, ma riuscirono a far perdere le proprie tracce al crudele tetrarca.\u00a0<strong>La tradizione orale cristiana<\/strong>\u00a0e la\u00a0<strong>storia dell&#8217;arte<\/strong>\u00a0li hanno fatti diventare tre dei personaggi principali del\u00a0<strong>Presepe<\/strong>, l&#8217;arrivo dei quali sancisce la fine delle festivit\u00e0 natalizie. Si trattava con ogni probabilit\u00e0 di\u00a0<strong>uomini saggi<\/strong>, conoscitori della natura, astrologi o astronomi. Riguardo a\u00a0<strong>quanti erano i Re Magi<\/strong>, la tradizione ne indica tre,\u00a0<strong>Gaspare, Melchiorre e Baldassarre<\/strong>, ma \u00e8 probabile che, cos\u00ec come le loro figure sono dense di significati simbolici, lo sia anche il numero scelto. Alcune leggende parlano di un\u00a0<strong><a href=\"https:\/\/www.holyart.it\/blog\/natale\/il-quarto-re-magio-che-fine-ha-fatto\/\">quarto Re Magio<\/a><\/strong>,\u00a0<strong>Artaban<\/strong>, che portava tre perle per Ges\u00f9, grandi come uova di piccione e bianche come la luna. Il quarto Re Magio si sarebbe attardato lungo il cammino e avrebbe ceduto le sue perle per aiutare i bisognosi, non arrivando in tempo all&#8217;appuntamento con gli altri Re Magi.<\/p>\n<div class=\"link-article\">\n<p><img loading=\"lazy\" decoding=\"async\" class=\"size-full wp-image-18914 alignleft\" src=\"https:\/\/blog.holyart.it\/it\/wp-content\/uploads\/sites\/17\/2023\/12\/il-quarto-magio.jpeg\" alt=\"re magi\" width=\"150\" height=\"87\" data-kale-share-title=\"Festa dei Re Magi: le tradizioni in Italia e in Europa\" data-kale-share-url=\"https:\/\/blog.holyart.it\/it\/?p=18912\" \/><\/p>\n<div class=\"leggi-anche\">Leggi anche:<\/div>\n<p><strong><a href=\"https:\/\/www.holyart.it\/blog\/natale\/il-quarto-re-magio-che-fine-ha-fatto\/\">Il quarto re magio che fine ha fatto?<\/a><\/strong><br \/>\nI Re Magi esercitano da sempre un grande fascino, sebbene di loro non si sappia nulla di certo. Oggi vogliamo raccontarvi di un personaggio&#8230;<\/p>\n<\/div>\n<p>Per queste ragioni l&#8217;Epifania viene chiamata anche\u00a0<strong>il Giorno dei Re Magi, o Festa dei Re Magi,<\/strong>\u00a0o ancora &#8220;Piccolo Natale&#8221;. Quella della\u00a0<strong>Befana<\/strong>\u00a0\u00e8 una tradizione del tutto profana venuta in seguito. Il nome Epifania si \u00e8 corrotto in\u00a0<em>bifan\u00eca<\/em>\u00a0e\u00a0<em>befan\u00eca<\/em>, ed \u00e8 stato associato alla figura folcloristica della vecchina diffusa in molte zone dell&#8217;Italia.<\/p>\n<p>Sono molte le tradizioni legate all&#8217;epifania e ai <a href=\"https:\/\/www.holyart.it\/it\/natale\/statue-per-presepi?page=1&amp;params=%7B%22offset%22:0,%22limit%22:60,%22filters%22:%5B%5D,%22sorter%22:%22HIGHER_DISCOUNT%22,%22categoryIds%22:%5B113%5D,%22filtersByIds%22:%5B%7B%22key%22:83,%22values%22:%5B2350%5D%7D%5D%7D\"><strong>tre Re Magi<\/strong><\/a> diffuse in Italia e nel resto d&#8217;Europa.<\/p>\n<div class=\"link-product\">\n<div class=\"blocco-immagine\"><img loading=\"lazy\" decoding=\"async\" class=\"size-full wp-image-18915 alignleft\" src=\"https:\/\/blog.holyart.it\/it\/wp-content\/uploads\/sites\/17\/2023\/12\/re-magi-120-cm-resina-e-tessuto-viola-bordo-verde.jpg\" alt=\"re magi 120 cm resina e tessuto viola bordo verde\" width=\"100\" height=\"100\" data-kale-share-title=\"Festa dei Re Magi: le tradizioni in Italia e in Europa\" data-kale-share-url=\"https:\/\/blog.holyart.it\/it\/?p=18912\" \/><\/div>\n<div class=\"blocco-contenuto\">\n<div class=\"blocco-acquista\">Acquista su Holyart:<\/div>\n<div class=\"blocco-titolo\"><a href=\"https:\/\/www.holyart.it\/it\/natale\/statue-per-presepi?page=1&amp;params=%7B%22offset%22:0,%22limit%22:60,%22filters%22:%5B%5D,%22sorter%22:%22HIGHER_DISCOUNT%22,%22categoryIds%22:%5B113%5D,%22filtersByIds%22:%5B%7B%22key%22:83,%22values%22:%5B2350%5D%7D%5D%7D\">Re Magi<\/a><\/div>\n<div class=\"blocco-descrizione\">Statue per presepi di vari formati, dimensioni e materiali, da poter aggiungere al tuo presepe.<\/div>\n<\/div>\n<\/div>\n<h2>Le tradizioni dell\u2019Epifania in Italia<\/h2>\n<p>A\u00a0<strong>Parcines<\/strong>\u00a0(Partschins), un piccolo comune della provincia autonoma di Bolzano in Trentino-Alto Adige, \u00e8 ancora molto diffusa la tradizione della\u00a0<strong><em>Kiniweihe<\/em>, La Festa dei Tre Re Magi<\/strong>, che si celebra il 6 gennaio. Sui portoni delle case vengono segnate le iniziali dei nomi dei tre Re Magi e le ultime due cifre dell\u2019anno con un gessetto benedetto: C+M+B (Gasparre, Melchiorre, Baldassarre), o anche l&#8217;abbreviazione di\u00a0<strong>Christus Mansionem Benedicat<\/strong>, cio\u00e8 &#8220;Cristo benedica questa casa&#8221;, mentre all&#8217;interno dell&#8217;abitazione si accende un fuoco dentro un contenitore e vi si <a href=\"https:\/\/www.holyart.it\/it\/prodotti-consumabili\/incensi\"><strong>brucia incenso<\/strong><\/a>. Viene sparsa acqua santa nella casa e sui membri della famiglia, e anche sui campi, per allontanare il male. Alla fine si recita tutti insieme il Rosario.<\/p>\n<div class=\"link-product\">\n<div class=\"blocco-immagine\"><img loading=\"lazy\" decoding=\"async\" class=\"size-full wp-image-18916 alignleft\" src=\"https:\/\/blog.holyart.it\/it\/wp-content\/uploads\/sites\/17\/2023\/12\/mirra-granello.jpg\" alt=\"mirra granello\" width=\"100\" height=\"100\" data-kale-share-title=\"Festa dei Re Magi: le tradizioni in Italia e in Europa\" data-kale-share-url=\"https:\/\/blog.holyart.it\/it\/?p=18912\" \/><\/div>\n<div class=\"blocco-contenuto\">\n<div class=\"blocco-acquista\">Acquista su Holyart:<\/div>\n<div class=\"blocco-titolo\"><a href=\"https:\/\/www.holyart.it\/it\/prodotti-consumabili\/incensi\/mirra-granello\">Mirra Granello<\/a><\/div>\n<div class=\"blocco-descrizione\">Si pu\u00f2 usare pura o miscelata all&#8217;incenso.<\/div>\n<\/div>\n<\/div>\n<p>In generale in tutta la zona delle Dolomiti sono diffuse molte usanze legate ai Re Magi, oltre che tradizioni natalizie estremamente suggestive. Gi\u00e0 i primi giorni dell&#8217;anno bambini e adulti vestiti da Re Magi vanno di casa in casa e cantano <a href=\"https:\/\/www.holyart.it\/blog\/natale\/i-7-canti-natalizi-religiosi-piu-famosi-al-mondo\/\"><strong>canzoni natalizie<\/strong><\/a> chiedendo un&#8217;offerta per qualche opera caritatevole. Si chiamano\u00a0<strong>Sternsinger<\/strong>\u00a0o\u00a0<em>Cantori della Stella\u00a0<\/em>e portano<em>\u00a0<\/em>il carbone e l&#8217;incenso da bruciare in casa e il gessetto per scrivere sulla porta i nomi dei Re Magi.<\/p>\n<div class=\"link-article\">\n<p><img loading=\"lazy\" decoding=\"async\" class=\"size-full wp-image-18917 alignleft\" src=\"https:\/\/blog.holyart.it\/it\/wp-content\/uploads\/sites\/17\/2023\/12\/canti-natalizi-religiosi.jpg\" alt=\"canti natalizi religiosi\" width=\"150\" height=\"99\" data-kale-share-title=\"Festa dei Re Magi: le tradizioni in Italia e in Europa\" data-kale-share-url=\"https:\/\/blog.holyart.it\/it\/?p=18912\" \/><\/p>\n<div class=\"leggi-anche\">Leggi anche:<\/div>\n<p><strong><a href=\"https:\/\/www.holyart.it\/blog\/natale\/i-7-canti-natalizi-religiosi-piu-famosi-al-mondo\/\">I 7 canti natalizi religiosi pi\u00f9 famosi al mondo<\/a><\/strong><br \/>\nDai canti natalizi tradizionali inglesi, tedeschi e francesi, ai canti gospel natalizi, ai canti natalizi italiani. Per secoli i cristiani hanno cantato la&#8230;<\/p>\n<\/div>\n<h2>La festa dei Re Magi in Spagna<\/h2>\n<p>In Spagna si festeggia\u00a0<strong><em>El dia de\u00a0Los Reyes Magos<\/em><\/strong>, l\u2019antica festa dei Re Magi. In vista della\u00a0notte tra il 5 e il 6 gennaio, nella quale per tradizione in tutte le case arrivano i Re Magi a portare doni ai bambini, i piccoli di casa scrivono loro delle\u00a0<strong>letterine<\/strong> e le consegnano ai paggi dei Re Magi inviati come emissari. Nelle grandi citt\u00e0 viene organizzata la <strong><em>Cabalgata de Los Reyes Magos<\/em><\/strong>, una parata in costume con carri allegorici coloratissimi e carichi di regali, musica e balli, capitanata da <a href=\"https:\/\/www.holyart.it\/it\/natale\/statue-per-presepi\/tre-re-magi-stile-orientale-resina-colorata-30-cm\"><strong>Gasparre, Melchiorre e Baldassarre<\/strong><\/a> che sui loro cammelli dispensano dolci e piccoli doni. La\u00a0<strong><em>Cabalgata de Barcelona<\/em><\/strong>\u00a0\u00e8 una delle pi\u00f9 spettacolari e richiama ogni anno pi\u00f9 di mezzo milione di persone tra spagnoli e turisti da tutto il mondo.<\/p>\n<div class=\"link-product\">\n<div class=\"blocco-immagine\"><img loading=\"lazy\" decoding=\"async\" class=\"size-full wp-image-18920 alignleft\" src=\"https:\/\/blog.holyart.it\/it\/wp-content\/uploads\/sites\/17\/2023\/12\/tre-re-magi-stile-orientale-resina-colorata-30-cm.jpg\" alt=\"tre re magi stile orientale resina colorata 30 cm\" width=\"100\" height=\"100\" data-kale-share-title=\"Festa dei Re Magi: le tradizioni in Italia e in Europa\" data-kale-share-url=\"https:\/\/blog.holyart.it\/it\/?p=18912\" \/><\/div>\n<div class=\"blocco-contenuto\">\n<div class=\"blocco-acquista\">Acquista su Holyart:<\/div>\n<div class=\"blocco-titolo\"><a href=\"https:\/\/www.holyart.it\/it\/natale\/statue-per-presepi\/tre-re-magi-stile-orientale-resina-colorata-30-cm\">Tre Re magi stile orientale resina colorata 30 cm<\/a><\/div>\n<div class=\"blocco-descrizione\">Le statue dei Re magi sono dipinte a mano e sono adatte per un presepe di 30 cm.<\/div>\n<\/div>\n<\/div>\n<p>A Tenerife e nel resto della Spagna si prepara anche il\u00a0<strong>Rosc\u00f3n de Reyes<\/strong>, il dolce tipico dell\u2019Epifania, a forma di ciambella e decorato con frutta candita, granella di mandorle e granella di zucchero. All\u2019interno dell\u2019impasto nasconde una \u201csorpresa\u201d: una fava secca. Anticamente chi trovava la fava veniva nominato re per un giorno e poteva dare ordini a tutti.<\/p>\n<h2>Le tradizioni dell\u2019Epifania in Europa<\/h2>\n<h3>Epifania in Francia<\/h3>\n<p>In Francia fin dal Medioevo, il 6 gennaio si prepara la\u00a0<strong><em>Galette des Rois<\/em><\/strong>, una torta che ha origini antichissime, risale addirittura all&#8217;Impero Romano. Come nel Rosc\u00f3n de Reyes spagnolo in questo dolce veniva nascosta una fava, oggi sostituita con una statuetta di ceramica. Chi trovava la fava diventava il Re della Festa. Quando la\u00a0<em>Galette<\/em>\u00a0viene portata a tavola se ne tagliano tante fette quanti sono gli invitati, pi\u00f9 una chiamata \u201cla parte del Buon Dio\u201d. Anticamente la si teneva da parte nel caso una persona povera si fosse presentata alla porta.<img loading=\"lazy\" decoding=\"async\" class=\"size-full wp-image-18921 aligncenter\" src=\"https:\/\/blog.holyart.it\/it\/wp-content\/uploads\/sites\/17\/2023\/12\/galette-des-rois.jpg\" alt=\"galette des rois\" width=\"1000\" height=\"666\" data-kale-share-title=\"Festa dei Re Magi: le tradizioni in Italia e in Europa\" data-kale-share-url=\"https:\/\/blog.holyart.it\/it\/?p=18912\" \/><\/p>\n<h3>Epifania in Portogallo<\/h3>\n<p>In Portogallo il<strong>\u00a0fal\u00f2 di Natale<\/strong>, acceso come da tradizione secolare la sera della Vigilia, continua ad ardere fino al giorno dell\u2019Epifania, per tenere lontani gli spiriti cattivi e portare fortuna e prosperit\u00e0 a chi vive nella casa.<\/p>\n<h3>Epifania in Polonia<\/h3>\n<p>L&#8217;Epifania in Polonia \u00e8 molto sentita. La\u00a0<strong><em>Dzien Trzech Kroli<\/em><\/strong>, o\u00a0<strong><em>Trzej Kr\u00f3lowie<\/em><\/strong>\u00a0(la festa dei Re Magi) \u00e8 una delle maggiori celebrazioni. Tuttavia, quando la Polonia era sotto il comunismo russo, l&#8217;Epifania non svolgeva ruolo di festa nazionale. Solo dal 2011 si \u00e8 tornati a festeggiarla con cantori che vanno per le strade e di casa in casa intonando melodie natalizie. Anche qui, come in Trentino, si fa benedire in chiesa un pezzetto di gesso bianco, con cui si scrivono sulla porta di casa le iniziali dei Re Magi (K, M, B, rispettivamente in polacco Kacper, Melchior e Baltazar), come forma di protezione per tutta la famiglia.<\/p>\n<h3>Epifania in Germania<\/h3>\n<p>Oltre alla gi\u00e0 citata usanza dei\u00a0<strong>Sternsinger<\/strong>\u00a0o\u00a0<em>Cantori della Stella<\/em>, e alla cerimonia di benedizione delle case con l\u2019iscrizione delle iniziali,<em>\u00a0<strong>das Dreik\u00f6nigsfest\u00a0<\/strong><\/em>(il festival dei tre re) l&#8217;Epifania viene festeggiata in molte zone della Germania con tradizioni antiche. I bambini vestiti da <strong><a href=\"https:\/\/www.holyart.it\/it\/natale\/presepi\/presepe-resina-e-stoffa\/re-magi-con-cammello-seduto-28-cm-resina-e-garza\">Re Magi con abiti cuciti<\/a><\/strong> dalle mamme e dalle donne della parrocchia vanno di porta a porta a raccogliere offerte e a cantare. Alla fine si celebra la Messa solenne e si mangia tutti assieme.<\/p>\n<div class=\"link-product\">\n<div class=\"blocco-immagine\"><img loading=\"lazy\" decoding=\"async\" class=\"size-full wp-image-18923 alignleft\" src=\"https:\/\/blog.holyart.it\/it\/wp-content\/uploads\/sites\/17\/2023\/12\/re-magi-con-cammello-seduto-28-cm-resina-e-garza.jpg\" alt=\"re magi con cammello seduto 28 cm resina e garza\" width=\"100\" height=\"100\" data-kale-share-title=\"Festa dei Re Magi: le tradizioni in Italia e in Europa\" data-kale-share-url=\"https:\/\/blog.holyart.it\/it\/?p=18912\" \/><\/div>\n<div class=\"blocco-contenuto\">\n<div class=\"blocco-acquista\">Acquista su Holyart:<\/div>\n<div class=\"blocco-titolo\"><a href=\"https:\/\/www.holyart.it\/it\/natale\/presepi\/presepe-resina-e-stoffa\/re-magi-con-cammello-seduto-28-cm-resina-e-garza\">Re Magi con cammello seduto 28 cm resina e garza<\/a><\/div>\n<div class=\"blocco-descrizione\">Statue in resina per presepe rappresentanti i Re Magi con cammello.<\/div>\n<\/div>\n<\/div>\n<h2>Poesie sui Re Magi per bambini<\/h2>\n<p>Per festeggiare l&#8217;Epifania non possono mancare le poesie e le filastrocche. Alcune sono state scritte da grandi autori del passato, altre tramandate dalla tradizione popolare.<\/p>\n<h3>Oh Magi d\u2019oriente<\/h3>\n<p><em>Oh magi d\u2019oriente, che siete s\u00ec belli<\/em><br \/>\n<em>nello splendore dei vostri mantelli<\/em><br \/>\n<em>chi vi ha insegnato la via di Betlemme?<\/em><br \/>\n<em>Ce l\u2019ha insegnata una stella splendente<\/em><br \/>\n<em>nata improvvisa nel cielo d\u2019oriente.<\/em><br \/>\n<em>Vedi? La stella che ancora, lass\u00f9,<\/em><br \/>\n<em>guida la gente al cuor di Ges\u00f9.<\/em><\/p>\n<h3>Perdettero un giorno la stella,\u00a0di Edmond Rostand<\/h3>\n<p><em>Perdettero la stella un giorno.<\/em><br \/>\n<em>Come si fa a perdere<\/em><br \/>\n<em>la stella? Per averla troppo a lungo fissata\u2026<\/em><br \/>\n<em>I due re bianchi,<\/em><br \/>\n<em>ch\u2019erano due sapienti di Caldea,<\/em><br \/>\n<em>tracciarono al suolo dei cerchi, col bastone.<\/em><\/p>\n<p><em>Si misero a calcolare, si grattarono il mento\u2026<\/em><br \/>\n<em>Ma la stella era svanita come svanisce un\u2019idea,<\/em><br \/>\n<em>e quegli uomini, la cui anima<\/em><br \/>\n<em>aveva sete d\u2019essere guidata,<\/em><br \/>\n<em>piansero innalzando le tende di cotone.<\/em><\/p>\n<p><em>Ma il povero re nero, disprezzato dagli altri,<\/em><br \/>\n<em>si disse: \u201cPensiamo alla sete che non \u00e8 la nostra.<\/em><br \/>\n<em>Bisogna dar da bere, lo stesso, agli animali\u201d<\/em><\/p>\n<p><em>E mentre sosteneva il suo secchio per l\u2019ansa,<\/em><br \/>\n<em>nello specchio di cielo<\/em><br \/>\n<em>in cui bevevano i cammelli<\/em><br \/>\n<em>egli vide la stella d\u2019oro che danzava in silenzio.<\/em><\/p>\n<h3>I Tre Santi Magi, di Heinrich Heine<\/h3>\n<p><em>I tre santi Re Magi dall\u2019Oriente<\/em><br \/>\n<em>Chiedono in ogni piccola citt\u00e0:<\/em><br \/>\n<em>\u201cCari ragazzi e giovinette, dite,<\/em><br \/>\n<em>la strada per Betlemme \u00e8 per di qua? \u201d<\/em><\/p>\n<p><em>Ma i giovani ed i vecchi non lo sanno<\/em><br \/>\n<em>E i tre Re Magi sempre avanti vanno;<\/em><br \/>\n<em>ma una cometa d\u2019oro li conduce<\/em><br \/>\n<em>che lass\u00f9 chiara e amabile riluce.<\/em><\/p>\n<p><em>La stella sulla casa di Giuseppe<\/em><br \/>\n<em>Ecco s\u2019arresta: l\u00e0 devono entrare.<\/em><br \/>\n<em>Il bovetto muggisce, il bimbo strilla,<\/em><br \/>\n<em>e i tre Re Magi prendono a cantare.<\/em><\/p>\n<h3>Quanto manca a Betlemme? di\u00a0Frances Chersteron<\/h3>\n<p><em>Quanto manca a Betlemme?<\/em><br \/>\n<em>Siete quasi alla meta.<\/em><br \/>\n<em>Troveremo una stalla<\/em><br \/>\n<em>sotto una stella cometa?<\/em><br \/>\n<em>Il bimbo appena nato<\/em><br \/>\n<em>potremo visitare?<\/em><br \/>\n<em>Levando il chiavistello<\/em><br \/>\n<em>ci lasceranno entrare?<\/em><br \/>\n<em>L\u2019asino, il bue, le pecore potremo accarezzare?<\/em><br \/>\n<em>Ges\u00f9 Bambino che dorme potremo contemplare?<\/em><br \/>\n<em>Se lo accarezzeremo si sveglier\u00e0?<\/em><br \/>\n<em>Sapr\u00e0 che siam venuti apposta fino qua?<\/em><br \/>\n<em>I Re ricchi doni<\/em><br \/>\n<em>e noi invece nulla,<\/em><br \/>\n<em>solo sorrisi e lacrime offriamo alla tua culla.<\/em><br \/>\n<em>Per tutti i bimbi stanchi pianger Maria dovr\u00e0.<\/em><br \/>\n<em>Disteso sulla paglia il bimbo dorme gi\u00e0.<\/em><br \/>\n<em>Dio in braccio alla madre,<\/em><br \/>\n<em>bambini nel capanno<\/em><br \/>\n<em>dormono come dorme chi ha il cuore senza affanno!<\/em><\/p>\n","protected":false},"excerpt":{"rendered":"<p>In Italia e in tutta Europa il 6 gennaio si celebra l&#8217;Epifania, la Dodicesima notte. Ecco come viene celebrata e perch\u00e9 viene chiamata anche la Festa dei Re Magi Quella del 6 gennaio \u00e8 la\u00a0Dodicesima notte\u00a0dopo la nascita di Ges\u00f9. In Italia e in altri&hellip;<\/p>\n","protected":false},"author":1,"featured_media":18925,"comment_status":"closed","ping_status":"open","sticky":false,"template":"","format":"standard","meta":{"_acf_changed":false,"footnotes":""},"categories":[18,16],"tags":[],"class_list":["post-18912","post","type-post","status-publish","format-standard","has-post-thumbnail","hentry","category-natale","category-articoli-religiosi"],"acf":[],"yoast_head":"<!-- This site is optimized with the Yoast SEO plugin v26.6 - https:\/\/yoast.com\/wordpress\/plugins\/seo\/ -->\n<title>Festa dei Re Magi: le tradizioni in Italia e in Europa - Holyblog<\/title>\n<meta name=\"description\" content=\"In Italia e in tutta Europa il 6 gennaio si celebra l&#039;Epifania. Ecco come viene celebrata e perch\u00e9 viene chiamata anche la Festa dei Re Magi.\" \/>\n<meta name=\"robots\" content=\"index, follow, max-snippet:-1, max-image-preview:large, max-video-preview:-1\" \/>\n<link rel=\"canonical\" href=\"https:\/\/blog.holyart.it\/it\/articoli-religiosi\/festa-dei-re-magi-le-tradizioni-in-italia-e-in-europa\/\" \/>\n<meta property=\"og:locale\" content=\"it_IT\" \/>\n<meta property=\"og:type\" content=\"article\" \/>\n<meta property=\"og:title\" content=\"Festa dei Re Magi: le tradizioni in Italia e in Europa - Holyblog\" \/>\n<meta property=\"og:description\" content=\"In Italia e in tutta Europa il 6 gennaio si celebra l&#039;Epifania. Ecco come viene celebrata e perch\u00e9 viene chiamata anche la Festa dei Re Magi.\" \/>\n<meta property=\"og:url\" content=\"https:\/\/blog.holyart.it\/it\/articoli-religiosi\/festa-dei-re-magi-le-tradizioni-in-italia-e-in-europa\/\" \/>\n<meta property=\"og:site_name\" content=\"Holyblog\" \/>\n<meta property=\"article:published_time\" content=\"2024-01-03T07:00:37+00:00\" \/>\n<meta property=\"article:modified_time\" content=\"2025-12-31T11:02:19+00:00\" \/>\n<meta property=\"og:image\" content=\"https:\/\/blog.holyart.it\/it\/wp-content\/uploads\/sites\/17\/2023\/12\/festa-dei-re-magi.jpg\" \/>\n\t<meta property=\"og:image:width\" content=\"1000\" \/>\n\t<meta property=\"og:image:height\" content=\"666\" \/>\n\t<meta property=\"og:image:type\" content=\"image\/jpeg\" \/>\n<meta name=\"author\" content=\"Redazione\" \/>\n<meta name=\"twitter:card\" content=\"summary_large_image\" \/>\n<meta name=\"twitter:label1\" content=\"Scritto da\" \/>\n\t<meta name=\"twitter:data1\" content=\"Redazione\" \/>\n\t<meta name=\"twitter:label2\" content=\"Tempo di lettura stimato\" \/>\n\t<meta name=\"twitter:data2\" content=\"12 minuti\" \/>\n<script type=\"application\/ld+json\" class=\"yoast-schema-graph\">{\"@context\":\"https:\/\/schema.org\",\"@graph\":[{\"@type\":\"Article\",\"@id\":\"https:\/\/blog.holyart.it\/it\/articoli-religiosi\/festa-dei-re-magi-le-tradizioni-in-italia-e-in-europa\/#article\",\"isPartOf\":{\"@id\":\"https:\/\/blog.holyart.it\/it\/articoli-religiosi\/festa-dei-re-magi-le-tradizioni-in-italia-e-in-europa\/\"},\"author\":{\"name\":\"Redazione\",\"@id\":\"https:\/\/blog.holyart.it\/it\/#\/schema\/person\/0a7b686e5af0f856ec1e390dd0baecda\"},\"headline\":\"Festa dei Re Magi: le tradizioni in Italia e in Europa\",\"datePublished\":\"2024-01-03T07:00:37+00:00\",\"dateModified\":\"2025-12-31T11:02:19+00:00\",\"mainEntityOfPage\":{\"@id\":\"https:\/\/blog.holyart.it\/it\/articoli-religiosi\/festa-dei-re-magi-le-tradizioni-in-italia-e-in-europa\/\"},\"wordCount\":1808,\"publisher\":{\"@id\":\"https:\/\/blog.holyart.it\/it\/#organization\"},\"image\":{\"@id\":\"https:\/\/blog.holyart.it\/it\/articoli-religiosi\/festa-dei-re-magi-le-tradizioni-in-italia-e-in-europa\/#primaryimage\"},\"thumbnailUrl\":\"https:\/\/blog.holyart.it\/it\/wp-content\/uploads\/sites\/17\/2023\/12\/festa-dei-re-magi.jpg\",\"articleSection\":[\"Natale\",\"Religione\"],\"inLanguage\":\"it-IT\"},{\"@type\":\"WebPage\",\"@id\":\"https:\/\/blog.holyart.it\/it\/articoli-religiosi\/festa-dei-re-magi-le-tradizioni-in-italia-e-in-europa\/\",\"url\":\"https:\/\/blog.holyart.it\/it\/articoli-religiosi\/festa-dei-re-magi-le-tradizioni-in-italia-e-in-europa\/\",\"name\":\"Festa dei Re Magi: le tradizioni in Italia e in Europa - Holyblog\",\"isPartOf\":{\"@id\":\"https:\/\/blog.holyart.it\/it\/#website\"},\"primaryImageOfPage\":{\"@id\":\"https:\/\/blog.holyart.it\/it\/articoli-religiosi\/festa-dei-re-magi-le-tradizioni-in-italia-e-in-europa\/#primaryimage\"},\"image\":{\"@id\":\"https:\/\/blog.holyart.it\/it\/articoli-religiosi\/festa-dei-re-magi-le-tradizioni-in-italia-e-in-europa\/#primaryimage\"},\"thumbnailUrl\":\"https:\/\/blog.holyart.it\/it\/wp-content\/uploads\/sites\/17\/2023\/12\/festa-dei-re-magi.jpg\",\"datePublished\":\"2024-01-03T07:00:37+00:00\",\"dateModified\":\"2025-12-31T11:02:19+00:00\",\"description\":\"In Italia e in tutta Europa il 6 gennaio si celebra l'Epifania. Ecco come viene celebrata e perch\u00e9 viene chiamata anche la Festa dei Re Magi.\",\"breadcrumb\":{\"@id\":\"https:\/\/blog.holyart.it\/it\/articoli-religiosi\/festa-dei-re-magi-le-tradizioni-in-italia-e-in-europa\/#breadcrumb\"},\"inLanguage\":\"it-IT\",\"potentialAction\":[{\"@type\":\"ReadAction\",\"target\":[\"https:\/\/blog.holyart.it\/it\/articoli-religiosi\/festa-dei-re-magi-le-tradizioni-in-italia-e-in-europa\/\"]}]},{\"@type\":\"ImageObject\",\"inLanguage\":\"it-IT\",\"@id\":\"https:\/\/blog.holyart.it\/it\/articoli-religiosi\/festa-dei-re-magi-le-tradizioni-in-italia-e-in-europa\/#primaryimage\",\"url\":\"https:\/\/blog.holyart.it\/it\/wp-content\/uploads\/sites\/17\/2023\/12\/festa-dei-re-magi.jpg\",\"contentUrl\":\"https:\/\/blog.holyart.it\/it\/wp-content\/uploads\/sites\/17\/2023\/12\/festa-dei-re-magi.jpg\",\"width\":1000,\"height\":666,\"caption\":\"festa dei re magi\"},{\"@type\":\"BreadcrumbList\",\"@id\":\"https:\/\/blog.holyart.it\/it\/articoli-religiosi\/festa-dei-re-magi-le-tradizioni-in-italia-e-in-europa\/#breadcrumb\",\"itemListElement\":[{\"@type\":\"ListItem\",\"position\":1,\"name\":\"Homepage\",\"item\":\"https:\/\/blog.holyart.it\/it\/\"},{\"@type\":\"ListItem\",\"position\":2,\"name\":\"Religione\",\"item\":\"https:\/\/blog.holyart.it\/it\/articoli-religiosi\/\"},{\"@type\":\"ListItem\",\"position\":3,\"name\":\"Festa dei Re Magi: le tradizioni in Italia e in Europa\"}]},{\"@type\":\"WebSite\",\"@id\":\"https:\/\/blog.holyart.it\/it\/#website\",\"url\":\"https:\/\/blog.holyart.it\/it\/\",\"name\":\"Holyblog\",\"description\":\"Il Blog di Holyart.it\",\"publisher\":{\"@id\":\"https:\/\/blog.holyart.it\/it\/#organization\"},\"potentialAction\":[{\"@type\":\"SearchAction\",\"target\":{\"@type\":\"EntryPoint\",\"urlTemplate\":\"https:\/\/blog.holyart.it\/it\/?s={search_term_string}\"},\"query-input\":{\"@type\":\"PropertyValueSpecification\",\"valueRequired\":true,\"valueName\":\"search_term_string\"}}],\"inLanguage\":\"it-IT\"},{\"@type\":\"Organization\",\"@id\":\"https:\/\/blog.holyart.it\/it\/#organization\",\"name\":\"Holyblog\",\"url\":\"https:\/\/blog.holyart.it\/it\/\",\"logo\":{\"@type\":\"ImageObject\",\"inLanguage\":\"it-IT\",\"@id\":\"https:\/\/blog.holyart.it\/it\/#\/schema\/logo\/image\/\",\"url\":\"https:\/\/blog.holyart.it\/it\/wp-content\/uploads\/sites\/17\/2022\/12\/Holyart_Blog_Logo.jpg\",\"contentUrl\":\"https:\/\/blog.holyart.it\/it\/wp-content\/uploads\/sites\/17\/2022\/12\/Holyart_Blog_Logo.jpg\",\"width\":300,\"height\":50,\"caption\":\"Holyblog\"},\"image\":{\"@id\":\"https:\/\/blog.holyart.it\/it\/#\/schema\/logo\/image\/\"}},{\"@type\":\"Person\",\"@id\":\"https:\/\/blog.holyart.it\/it\/#\/schema\/person\/0a7b686e5af0f856ec1e390dd0baecda\",\"name\":\"Redazione\"}]}<\/script>\n<!-- \/ Yoast SEO plugin. -->","yoast_head_json":{"title":"Festa dei Re Magi: le tradizioni in Italia e in Europa - Holyblog","description":"In Italia e in tutta Europa il 6 gennaio si celebra l'Epifania. Ecco come viene celebrata e perch\u00e9 viene chiamata anche la Festa dei Re Magi.","robots":{"index":"index","follow":"follow","max-snippet":"max-snippet:-1","max-image-preview":"max-image-preview:large","max-video-preview":"max-video-preview:-1"},"canonical":"https:\/\/blog.holyart.it\/it\/articoli-religiosi\/festa-dei-re-magi-le-tradizioni-in-italia-e-in-europa\/","og_locale":"it_IT","og_type":"article","og_title":"Festa dei Re Magi: le tradizioni in Italia e in Europa - Holyblog","og_description":"In Italia e in tutta Europa il 6 gennaio si celebra l'Epifania. Ecco come viene celebrata e perch\u00e9 viene chiamata anche la Festa dei Re Magi.","og_url":"https:\/\/blog.holyart.it\/it\/articoli-religiosi\/festa-dei-re-magi-le-tradizioni-in-italia-e-in-europa\/","og_site_name":"Holyblog","article_published_time":"2024-01-03T07:00:37+00:00","article_modified_time":"2025-12-31T11:02:19+00:00","og_image":[{"width":1000,"height":666,"url":"https:\/\/blog.holyart.it\/it\/wp-content\/uploads\/sites\/17\/2023\/12\/festa-dei-re-magi.jpg","type":"image\/jpeg"}],"author":"Redazione","twitter_card":"summary_large_image","twitter_misc":{"Scritto da":"Redazione","Tempo di lettura stimato":"12 minuti"},"schema":{"@context":"https:\/\/schema.org","@graph":[{"@type":"Article","@id":"https:\/\/blog.holyart.it\/it\/articoli-religiosi\/festa-dei-re-magi-le-tradizioni-in-italia-e-in-europa\/#article","isPartOf":{"@id":"https:\/\/blog.holyart.it\/it\/articoli-religiosi\/festa-dei-re-magi-le-tradizioni-in-italia-e-in-europa\/"},"author":{"name":"Redazione","@id":"https:\/\/blog.holyart.it\/it\/#\/schema\/person\/0a7b686e5af0f856ec1e390dd0baecda"},"headline":"Festa dei Re Magi: le tradizioni in Italia e in Europa","datePublished":"2024-01-03T07:00:37+00:00","dateModified":"2025-12-31T11:02:19+00:00","mainEntityOfPage":{"@id":"https:\/\/blog.holyart.it\/it\/articoli-religiosi\/festa-dei-re-magi-le-tradizioni-in-italia-e-in-europa\/"},"wordCount":1808,"publisher":{"@id":"https:\/\/blog.holyart.it\/it\/#organization"},"image":{"@id":"https:\/\/blog.holyart.it\/it\/articoli-religiosi\/festa-dei-re-magi-le-tradizioni-in-italia-e-in-europa\/#primaryimage"},"thumbnailUrl":"https:\/\/blog.holyart.it\/it\/wp-content\/uploads\/sites\/17\/2023\/12\/festa-dei-re-magi.jpg","articleSection":["Natale","Religione"],"inLanguage":"it-IT"},{"@type":"WebPage","@id":"https:\/\/blog.holyart.it\/it\/articoli-religiosi\/festa-dei-re-magi-le-tradizioni-in-italia-e-in-europa\/","url":"https:\/\/blog.holyart.it\/it\/articoli-religiosi\/festa-dei-re-magi-le-tradizioni-in-italia-e-in-europa\/","name":"Festa dei Re Magi: le tradizioni in Italia e in Europa - Holyblog","isPartOf":{"@id":"https:\/\/blog.holyart.it\/it\/#website"},"primaryImageOfPage":{"@id":"https:\/\/blog.holyart.it\/it\/articoli-religiosi\/festa-dei-re-magi-le-tradizioni-in-italia-e-in-europa\/#primaryimage"},"image":{"@id":"https:\/\/blog.holyart.it\/it\/articoli-religiosi\/festa-dei-re-magi-le-tradizioni-in-italia-e-in-europa\/#primaryimage"},"thumbnailUrl":"https:\/\/blog.holyart.it\/it\/wp-content\/uploads\/sites\/17\/2023\/12\/festa-dei-re-magi.jpg","datePublished":"2024-01-03T07:00:37+00:00","dateModified":"2025-12-31T11:02:19+00:00","description":"In Italia e in tutta Europa il 6 gennaio si celebra l'Epifania. Ecco come viene celebrata e perch\u00e9 viene chiamata anche la Festa dei Re Magi.","breadcrumb":{"@id":"https:\/\/blog.holyart.it\/it\/articoli-religiosi\/festa-dei-re-magi-le-tradizioni-in-italia-e-in-europa\/#breadcrumb"},"inLanguage":"it-IT","potentialAction":[{"@type":"ReadAction","target":["https:\/\/blog.holyart.it\/it\/articoli-religiosi\/festa-dei-re-magi-le-tradizioni-in-italia-e-in-europa\/"]}]},{"@type":"ImageObject","inLanguage":"it-IT","@id":"https:\/\/blog.holyart.it\/it\/articoli-religiosi\/festa-dei-re-magi-le-tradizioni-in-italia-e-in-europa\/#primaryimage","url":"https:\/\/blog.holyart.it\/it\/wp-content\/uploads\/sites\/17\/2023\/12\/festa-dei-re-magi.jpg","contentUrl":"https:\/\/blog.holyart.it\/it\/wp-content\/uploads\/sites\/17\/2023\/12\/festa-dei-re-magi.jpg","width":1000,"height":666,"caption":"festa dei re magi"},{"@type":"BreadcrumbList","@id":"https:\/\/blog.holyart.it\/it\/articoli-religiosi\/festa-dei-re-magi-le-tradizioni-in-italia-e-in-europa\/#breadcrumb","itemListElement":[{"@type":"ListItem","position":1,"name":"Homepage","item":"https:\/\/blog.holyart.it\/it\/"},{"@type":"ListItem","position":2,"name":"Religione","item":"https:\/\/blog.holyart.it\/it\/articoli-religiosi\/"},{"@type":"ListItem","position":3,"name":"Festa dei Re Magi: le tradizioni in Italia e in Europa"}]},{"@type":"WebSite","@id":"https:\/\/blog.holyart.it\/it\/#website","url":"https:\/\/blog.holyart.it\/it\/","name":"Holyblog","description":"Il Blog di Holyart.it","publisher":{"@id":"https:\/\/blog.holyart.it\/it\/#organization"},"potentialAction":[{"@type":"SearchAction","target":{"@type":"EntryPoint","urlTemplate":"https:\/\/blog.holyart.it\/it\/?s={search_term_string}"},"query-input":{"@type":"PropertyValueSpecification","valueRequired":true,"valueName":"search_term_string"}}],"inLanguage":"it-IT"},{"@type":"Organization","@id":"https:\/\/blog.holyart.it\/it\/#organization","name":"Holyblog","url":"https:\/\/blog.holyart.it\/it\/","logo":{"@type":"ImageObject","inLanguage":"it-IT","@id":"https:\/\/blog.holyart.it\/it\/#\/schema\/logo\/image\/","url":"https:\/\/blog.holyart.it\/it\/wp-content\/uploads\/sites\/17\/2022\/12\/Holyart_Blog_Logo.jpg","contentUrl":"https:\/\/blog.holyart.it\/it\/wp-content\/uploads\/sites\/17\/2022\/12\/Holyart_Blog_Logo.jpg","width":300,"height":50,"caption":"Holyblog"},"image":{"@id":"https:\/\/blog.holyart.it\/it\/#\/schema\/logo\/image\/"}},{"@type":"Person","@id":"https:\/\/blog.holyart.it\/it\/#\/schema\/person\/0a7b686e5af0f856ec1e390dd0baecda","name":"Redazione"}]}},"_links":{"self":[{"href":"https:\/\/blog.holyart.it\/it\/wp-json\/wp\/v2\/posts\/18912","targetHints":{"allow":["GET"]}}],"collection":[{"href":"https:\/\/blog.holyart.it\/it\/wp-json\/wp\/v2\/posts"}],"about":[{"href":"https:\/\/blog.holyart.it\/it\/wp-json\/wp\/v2\/types\/post"}],"author":[{"embeddable":true,"href":"https:\/\/blog.holyart.it\/it\/wp-json\/wp\/v2\/users\/1"}],"replies":[{"embeddable":true,"href":"https:\/\/blog.holyart.it\/it\/wp-json\/wp\/v2\/comments?post=18912"}],"version-history":[{"count":3,"href":"https:\/\/blog.holyart.it\/it\/wp-json\/wp\/v2\/posts\/18912\/revisions"}],"predecessor-version":[{"id":18924,"href":"https:\/\/blog.holyart.it\/it\/wp-json\/wp\/v2\/posts\/18912\/revisions\/18924"}],"wp:featuredmedia":[{"embeddable":true,"href":"https:\/\/blog.holyart.it\/it\/wp-json\/wp\/v2\/media\/18925"}],"wp:attachment":[{"href":"https:\/\/blog.holyart.it\/it\/wp-json\/wp\/v2\/media?parent=18912"}],"wp:term":[{"taxonomy":"category","embeddable":true,"href":"https:\/\/blog.holyart.it\/it\/wp-json\/wp\/v2\/categories?post=18912"},{"taxonomy":"post_tag","embeddable":true,"href":"https:\/\/blog.holyart.it\/it\/wp-json\/wp\/v2\/tags?post=18912"}],"curies":[{"name":"wp","href":"https:\/\/api.w.org\/{rel}","templated":true}]}}