{"id":18885,"date":"2023-12-25T10:16:52","date_gmt":"2023-12-25T09:16:52","guid":{"rendered":"https:\/\/blog.holyart.it\/it\/?p=18885"},"modified":"2025-12-22T10:45:32","modified_gmt":"2025-12-22T09:45:32","slug":"messa-di-natale-tutte-le-curiosita-sul-rito","status":"publish","type":"post","link":"https:\/\/blog.holyart.it\/it\/articoli-religiosi\/messa-di-natale-tutte-le-curiosita-sul-rito\/","title":{"rendered":"Messa di Natale: tutte le curiosit\u00e0 sul rito"},"content":{"rendered":"<h4>La Messa di Natale \u00e8 una tradizione antica, che affonda le sue radici nelle Sacre Scritture, ma anche in antiche feste pagane. Ecco cosa simboleggia e come si svolge<\/h4>\n\n<p>Una delle tradizioni pi\u00f9 note associate al Natale \u00e8 la\u00a0<strong>Messa di Natale<\/strong>. Questa speciale celebrazione liturgica viene svolta tradizionalmente nella notte tra il 24 dicembre, la Vigilia di Natale, e il 25 dicembre. Poich\u00e9 per convenzione viene celebrata solitamente a mezzanotte o poco dopo questa cerimonia \u00e8 nota anche come\u00a0<strong>Messa di Mezzanotte<\/strong>, o\u00a0<strong>Messa Notturna<\/strong>, o ancora\u00a0<strong>Messa dell&#8217;Angelo<\/strong>.<\/p>\n<p>Il\u00a0<a href=\"https:\/\/www.holyart.it\/it\/natale\"><strong>Natale<\/strong><\/a>\u00a0\u00e8, insieme alla Pasqua, la festa pi\u00f9 importante per i cristiani, perch\u00e9 celebra\u00a0<strong>l&#8217;Incarnazione del Verbo di Dio<\/strong>, il momento in cui\u00a0<strong>Dio si \u00e8 fatto uomo<\/strong>\u00a0attraverso Ges\u00f9 Cristo. Questo \u00e8 un punto fondamentale della teologia cristiana. La <a href=\"https:\/\/www.holyart.it\/it\/natale\/nativita\"><strong>nascita di Ges\u00f9<\/strong><\/a>, la Sua venuta sulla terra, segna l&#8217;adempimento della Promessa,\u00a0<strong>l&#8217;inizio della Redenzione dell&#8217;umanit\u00e0<\/strong>, il primo passo verso la Salvezza. In questo senso l&#8217;incarnazione di Ges\u00f9 rappresenta il\u00a0<strong>punto di contatto per eccellenza tra il divino e l&#8217;umano<\/strong>, la Nuova Alleanza che trover\u00e0 la sua piena consacrazione nell&#8217; Ultima Cena, nella morte di Cristo in Croce e nella Sua resurrezione. Il Natale non \u00e8 dunque solo la celebrazione della nascita di un bambino speciale, ma l&#8217;inizio di un evento straordinario che cambier\u00e0 il corso della storia e offrir\u00e0 a tutti gli uomini la possibilit\u00e0 di una relazione pi\u00f9 profonda con Dio.<\/p>\n<div class=\"link-product\">\n<div class=\"blocco-immagine\"><img loading=\"lazy\" decoding=\"async\" class=\"size-full wp-image-18888 alignleft\" src=\"https:\/\/blog.holyart.it\/it\/wp-content\/uploads\/sites\/17\/2023\/11\/nativita-60-cm-resina-dipinta.jpg\" alt=\"nativit\u00e0 60 cm resina dipinta\" width=\"100\" height=\"100\" data-kale-share-title=\"Messa di Natale: tutte le curiosit\u00e0 sul rito\" data-kale-share-url=\"https:\/\/blog.holyart.it\/it\/?p=18885\" \/><\/div>\n<div class=\"blocco-contenuto\">\n<div class=\"blocco-acquista\">Acquista su Holyart:<\/div>\n<div class=\"blocco-titolo\"><a href=\"https:\/\/www.holyart.it\/it\/natale\/nativita\">Nativit\u00e0<\/a><\/div>\n<div class=\"blocco-descrizione\">Tantissime tipologie di Nativit\u00e0, opere originali di manifattura non soltanto italiana.<\/div>\n<\/div>\n<\/div>\n<h2>Perch\u00e9 si festeggia il Natale il 25 dicembre?<\/h2>\n<p>Dal momento che la data precisa della nascita di Ges\u00f9 \u00e8 ancora oggetto di dibattito tra gli studiosi, il\u00a0<strong>25 dicembre<\/strong>\u00a0\u00e8 stato scelto come data di celebrazione del Natale per una combinazione di motivi storici, teologici e simbolici. In epoca romana il 25 dicembre si celebrava la\u00a0<strong>festa pagana del solstizio d&#8217;inverno<\/strong>, il periodo pi\u00f9 oscuro dell&#8217;anno, perch\u00e9 il sole sorge tardi e tramonta prima, conosciuta come\u00a0<strong><em>Natalis Solis Invicti<\/em><\/strong>,\u00a0<em>Nascita del nuovo sole<\/em><em>, e\u00a0<\/em>dedicata alla nascita del Dio Sole Mitra. \u00c8 inevitabile immaginare come, con l&#8217;avvento del Cristianesimo, si volle far coincidere la figura di Ges\u00f9, Luce del mondo, con il Nuovo Sole, conferendo un significato nuovo al rito pagano e trasformando l&#8217;antica tradizione nella\u00a0<strong><a href=\"https:\/\/www.holyart.it\/blog\/natale\/la-nativita-storia-della-nascita-gesu\/\">celebrazione della Nativit\u00e0<\/a><\/strong>.<\/p>\n<div class=\"link-article\">\n<p><img loading=\"lazy\" decoding=\"async\" class=\"size-full wp-image-18889 alignleft\" src=\"https:\/\/blog.holyart.it\/it\/wp-content\/uploads\/sites\/17\/2023\/11\/La-nativita-di-Gesu.jpg\" alt=\"La nativit\u00e0 di Ges\u00f9\" width=\"150\" height=\"99\" data-kale-share-title=\"Messa di Natale: tutte le curiosit\u00e0 sul rito\" data-kale-share-url=\"https:\/\/blog.holyart.it\/it\/?p=18885\" \/><\/p>\n<div class=\"leggi-anche\">Leggi anche:<\/div>\n<p><strong><a href=\"https:\/\/www.holyart.it\/blog\/natale\/la-nativita-storia-della-nascita-gesu\/\">La nativit\u00e0: storia della nascita di Ges\u00f9<\/a><\/strong><br \/>\nLa nascita di Ges\u00f9 \u00e8 un evento cardine per i cristiani, uno dei misteri pi\u00f9 solenni per l\u2019umanit\u00e0&#8230;<\/p>\n<\/div>\n<p>Sempre in epoca romana tra il 17 e il 23 dicembre si celebravano i\u00a0<strong>Saturnali<\/strong>, feste pagane in onore di Saturno, dio dei campi e del raccolto. Poich\u00e9 in questo periodo i lavori nei campi venivano interrotti, i contadini potevano riposare e approfittare del tempo libero per partecipare a banchetti pubblici e fare visita a familiari e amici. In questa occasione\u00a0ci si scambiava anche doni, e perfino gli schiavi godevano di maggiori libert\u00e0, al punto che in alcuni casi veniva concesso loro di sedere alla tavola dei padroni, in una celebrazione di\u00a0<strong>generosit\u00e0 e condivisione<\/strong>.<\/p>\n<p>Festa della luce, dunque, e della bont\u00e0, tutti elementi che ritroviamo ancora oggi nella tradizione del Natale del Signore.<\/p>\n<h2>La Messa di Mezzanotte<\/h2>\n<p>La Messa di Mezzanotte, celebrazione della luce nel cuore della notte, si ricollega a questo particolare significato spirituale del Natale per i cristiani di tutto il mondo. Questo\u00a0<strong>passaggio dal buio alla luce\u00a0<\/strong>viene rappresentato anche realisticamente in molte chiese, in cui si attende la mezzanotte per accendere le luci, proprio quando il <a href=\"https:\/\/www.holyart.it\/it\/natale\/statue-gesu-bambino\/statua-bambinello-39-5-cm-resina\"><strong>Bambino<\/strong><\/a> viene posto nella mangiatoia e ha luogo la Processione solenne che celebra la Sua nascita.<\/p>\n<div class=\"link-product\">\n<div class=\"blocco-immagine\"><img loading=\"lazy\" decoding=\"async\" class=\"size-full wp-image-18890 alignleft\" src=\"https:\/\/blog.holyart.it\/it\/wp-content\/uploads\/sites\/17\/2023\/11\/statua-bambinello-39-5-cm-resina.jpg\" alt=\"statua bambinello 39 5 cm resina\" width=\"100\" height=\"100\" data-kale-share-title=\"Messa di Natale: tutte le curiosit\u00e0 sul rito\" data-kale-share-url=\"https:\/\/blog.holyart.it\/it\/?p=18885\" \/><\/div>\n<div class=\"blocco-contenuto\">\n<div class=\"blocco-acquista\">Acquista su Holyart:<\/div>\n<div class=\"blocco-titolo\"><a href=\"https:\/\/www.holyart.it\/it\/natale\/statue-gesu-bambino\/statua-bambinello-39-5-cm-resina\">Statua Bambinello 39,5 cm resina<\/a><\/div>\n<div class=\"blocco-descrizione\">Statua di Ges\u00f9 bambino realizzata in resina.<\/div>\n<\/div>\n<\/div>\n<p>La struttura di questa Messa della notte di Natale segue il rito della Messa cristiana e presenta diverse parti che sono tipiche di una celebrazione liturgica. Ecco come si compone generalmente la liturgia di Natale.<\/p>\n<p><strong>Riti d&#8217;Ingresso:<\/strong>\u00a0La Messa inizia con i riti d&#8217;ingresso, che includono l&#8217;entrata del sacerdote, dei ministri e dei fedeli nella chiesa. Spesso ha luogo una processione solenne. Solitamente, durante questo momento, vengono cantati inni natalizi appropriati, e l&#8217;assemblea canta con gioia per celebrare la venuta di Ges\u00f9.<\/p>\n<p><strong>Atto Penitenziale:<\/strong>\u00a0Questa parte della Messa offre un momento di riflessione e di pentimento per i peccati commessi. I fedeli si confessano e chiedono perdono a Dio.<\/p>\n<p><strong>Liturgia della Parola:\u00a0<\/strong>Durante questa fase, vengono letti brani delle Sacre Scritture e dal Vangelo di Natale, in particolare i passaggi evangelici che narrano la nascita di Ges\u00f9 a Betlemme. Spesso, vengono letti brani da Luca sul racconto tradizionale della nascita di Ges\u00f9 e sull&#8217;annuncio degli angeli ai pastori. Questi passi biblici sono seguiti da una omelia o un sermone del sacerdote, che offre riflessioni e insegnamenti sulla nascita di Cristo e il suo significato.<\/p>\n<p><strong>Credo:\u00a0<\/strong>Durante la Messa di Mezzanotte, i fedeli recitano o cantano il Credo Niceno-Costantinopolitano di fede che espone le dottrine fondamentali del Cristianesimo.<\/p>\n<p><strong>Preghiera Universale:<\/strong>\u00a0I fedeli pregano per le esigenze del mondo, della Chiesa e delle persone bisognose. Questa \u00e8 una preghiera di intercessione che copre una serie di intenzioni.<\/p>\n<p><strong>Liturgia Eucaristica:<\/strong>\u00a0Questa \u00e8 la parte centrale della Messa, in cui avviene la <a href=\"https:\/\/www.holyart.it\/it\/prodotti-consumabili\"><strong>consacrazione del pane e del vino<\/strong><\/a>, che diventano il Corpo e il Sangue di Cristo secondo la fede cattolica. Durante questa fase, i fedeli partecipano all&#8217;Eucaristia, ricevendo la Comunione. Tuttavia nella messa di Natale l&#8217;Eucarestia non \u00e8 sempre inclusa.<\/p>\n<p><strong>Riti di Conclusione:<\/strong>\u00a0La Messa di Mezzanotte si conclude con i riti finali, che includono la benedizione finale e la recita dell&#8217;inno\u00a0<em><a href=\"https:\/\/www.holyart.it\/it\/accessori-per-la-liturgia\/paramenti-liturgici-servizi-altare-coprileggii\/servizi-da-messa-e-conopei\/servizio-da-messa-100-lino-con-sacra-famiglia\"><strong>Gloria in excelsis Deo<\/strong><\/a>,<\/em>\u00a0che proclama la gloria di Dio e l&#8217;annuncio della nascita di Ges\u00f9.<\/p>\n<p><strong>Canto Natalizio Finale:<\/strong>\u00a0La Messa di Mezzanotte spesso si conclude con un canto natalizio festoso, che esprime gioia e celebrazione per la nascita di Ges\u00f9.<\/p>\n<div class=\"link-product\">\n<div class=\"blocco-immagine\"><img loading=\"lazy\" decoding=\"async\" class=\"size-full wp-image-18891 alignleft\" src=\"https:\/\/blog.holyart.it\/it\/wp-content\/uploads\/sites\/17\/2023\/11\/servizio-da-messa-100-lino-con-sacra-famiglia.jpg\" alt=\"servizio da messa 100 lino con sacra famiglia\" width=\"100\" height=\"100\" data-kale-share-title=\"Messa di Natale: tutte le curiosit\u00e0 sul rito\" data-kale-share-url=\"https:\/\/blog.holyart.it\/it\/?p=18885\" \/><\/div>\n<div class=\"blocco-contenuto\">\n<div class=\"blocco-acquista\">Acquista su Holyart:<\/div>\n<div class=\"blocco-titolo\"><a href=\"https:\/\/www.holyart.it\/it\/accessori-per-la-liturgia\/paramenti-liturgici-servizi-altare-coprileggii\/servizi-da-messa-e-conopei\/servizio-da-messa-100-lino-con-sacra-famiglia\">Servizio da messa 100% lino con Sacra Famiglia<\/a><\/div>\n<div class=\"blocco-descrizione\">Servizio da messa in lino con raffigurata la Sacra Famiglia con rifiniture in oro e scritta : &#8221; Gloria in excelsis Deo &#8220;.<\/div>\n<\/div>\n<\/div>\n<h3>Perch\u00e9 la messa di Natale si fa a mezzanotte?<\/h3>\n<p>Esistono riferimenti nelle\u00a0<a href=\"https:\/\/www.holyart.it\/it\/articoli-religiosi\/libri-e-testi-sacri\"><strong>Sacre Scritture<\/strong><\/a>, che giustificano la scelta della mezzanotte come orario per celebrare la <a href=\"https:\/\/www.holyart.it\/it\/accessori-per-la-liturgia\/paramenti-liturgici-servizi-altare-coprileggii\/casule\/casula-liturgica-ricamo-dorato\"><strong>Santa Messa di Natale<\/strong><\/a>. Nel\u00a0<strong>Vangelo di\u00a0Luca<\/strong>\u00a0si legge:\u00a0<em>&#8220;C&#8217;era nella stessa regione dei pastori che stavano nei campi e facevano la veglia nella notte per custodire il loro gregge&#8221;<\/em>\u00a0(Luca 2:8). Non \u00e8 specificato che fosse mezzanotte, ma un momento nel cuore della notte.<\/p>\n<p>Nel Libro della Sapienza leggiamo:\u00a0<em>&#8220;Mentre un profondo silenzio avvolgeva tutte le cose, e la notte era a met\u00e0 del suo corso, la tua parola onnipotente dal cielo, dal tuo trono regale, guerriero implacabile, si lanci\u00f2 in mezzo a quella terra di sterminio&#8221;\u00a0<\/em>(Sap 18,14-16)<\/p>\n<div class=\"link-product\">\n<div class=\"blocco-immagine\"><img loading=\"lazy\" decoding=\"async\" class=\"size-full wp-image-18895 alignleft\" src=\"https:\/\/blog.holyart.it\/it\/wp-content\/uploads\/sites\/17\/2023\/11\/casula-liturgica-ricamo-dorato.jpg\" alt=\"casula liturgica ricamo dorato\" width=\"100\" height=\"100\" data-kale-share-title=\"Messa di Natale: tutte le curiosit\u00e0 sul rito\" data-kale-share-url=\"https:\/\/blog.holyart.it\/it\/?p=18885\" \/><\/div>\n<div class=\"blocco-contenuto\">\n<div class=\"blocco-acquista\">Acquista su Holyart:<\/div>\n<div class=\"blocco-titolo\"><a href=\"https:\/\/www.holyart.it\/it\/accessori-per-la-liturgia\/paramenti-liturgici-servizi-altare-coprileggii\/casule\/casula-liturgica-ricamo-dorato\">Casula liturgica ricamo dorato<\/a><\/div>\n<div class=\"blocco-descrizione\">La casula \u00e8 realizzata al 100% in poliestere, presenta decorazioni dorate sul fronte.<\/div>\n<\/div>\n<\/div>\n<p>In realt\u00e0\u00a0<strong>la scelta della mezzanotte \u00e8 simbolica<\/strong>, rappresenta la transizione dalla notte al giorno, dalla luce alla tenebra, rappresentata dalla venuta di Ges\u00f9.<\/p>\n<p>La Messa di Natale non \u00e8 costituita da una sola celebrazione, ma da quattro importanti liturgie che iniziano con i\u00a0<strong>Vespri del 24 dicembre<\/strong>\u00a0e terminano con la\u00a0<strong>Messa in Die<\/strong>\u00a0<strong>del 25 dicembre<\/strong>. Le quattro celebrazioni principali della Messa di Natale sono:<\/p>\n<ul>\n<li><strong>La Messa Vespertina della Vigilia<\/strong>: Questa Messa si svolge la sera del 24 dicembre, e segna l&#8217;inizio delle celebrazioni natalizie. I fedeli si riuniscono per anticipare la nascita di Ges\u00f9 e riflettere sul significato spirituale di questo evento.<\/li>\n<li><strong>La Messa\u00a0<\/strong><em><strong>Ad Noctem<\/strong><\/em><strong>\u00a0(della Notte)<\/strong>: La Messa di Mezzanotte \u00e8 forse la pi\u00f9 iconica tra le celebrazioni di Natale e si tiene poco dopo la mezzanotte, simboleggiando la venuta di\u00a0<strong>Ges\u00f9 come luce del mondo<\/strong>\u00a0nella notte pi\u00f9 lunga dell&#8217;anno.<\/li>\n<li><strong>La Messa dell&#8217;Aurora<\/strong>: Questa Messa si celebra all&#8217;alba del 25 dicembre, rappresentando il sorgere della<strong>\u00a0luce di giustizia<\/strong>\u00a0e la speranza che Ges\u00f9 porta al mondo.<\/li>\n<li><strong>La Messa\u00a0<\/strong><em><strong>in Die<\/strong><\/em><strong>\u00a0(nel Giorno)<\/strong>: Questa \u00e8 la Messa principale del giorno di Natale e si svolge il 25 dicembre. Rappresenta la\u00a0<strong>celebrazione ufficiale della nascita di Ges\u00f9 Cristo<\/strong>.<\/li>\n<\/ul>\n<h3>Da quando si celebra la messa di Mezzanotte a Natale?<\/h3>\n<p>La pratica della\u00a0<strong>Veglia di Natale<\/strong>, conosciuta come la Messa di Mezzanotte, inizi\u00f2 in Oriente e fu osservata per la prima volta alla fine del IV secolo a Gerusalemme. Venne poi introdotta in Occidente nel 430 d.C. da Papa Sisto III, nella Basilica di Santa Maria Maggiore, e nel XII secolo si era gi\u00e0 diffusa ampiamente. In quest&#8217;epoca ai sacerdoti veniva data facolt\u00e0\u00a0di celebrare\u00a0<strong>tre messe nel giorno di Natale<\/strong>, in orari appropriati: la\u00a0<strong>Messa Notturna<\/strong>, celebrata a mezzanotte, per festeggiare la nascita della luce in mezzo alle tenebre; la\u00a0<strong>Messa dell&#8217;Alba<\/strong>, che celebrava Ges\u00f9 come il Nuovo Sole, speranza e redenzione del mondo; la\u00a0<strong>Messa del Giorno<\/strong>, commemorazione della nascita di Ges\u00f9 e della salvezza.<\/p>\n<h2>Quando \u00e8 nato Ges\u00f9<\/h2>\n<p>La data esatta della nascita di Ges\u00f9 Cristo\u00a0<strong>non \u00e8 specificata nella Bibbia\u00a0<\/strong>e rimane oggetto di dibattito tra gli studiosi e gli storici. La tradizione cristiana ha fissato il<strong>\u00a025 dicembre<\/strong>\u00a0come la data della festa del Natale, ma questa scelta non \u00e8 basata su prove storiche dirette o precise.<\/p>\n<p>La scelta del 25 dicembre potrebbe essere stata influenzata da diverse considerazioni, tra cui il desiderio di sovrapporre la celebrazione del Natale alle\u00a0<strong>festivit\u00e0 pagane invernali<\/strong>, come il solstizio d&#8217;inverno, al fine di promuovere la conversione al Cristianesimo tra le popolazioni pagane dell&#8217;epoca. Inoltre il termine\u00a0<strong><em>Natalis<\/em><\/strong>\u00a0era utilizzato nell&#8217;antico calendario romano per molte festivit\u00e0, tra cui il\u00a0<em>Natalis Invicti<\/em>\u00a0che celebrava il solstizio d&#8217;inverno.<\/p>\n<p>L&#8217;istituzione formale della<strong>\u00a0<a href=\"https:\/\/www.holyart.it\/blog\/natale\/kalenda-di-natale-che-cose-e-quando-si-svolge\/\">festa liturgica del Natale<\/a><\/strong>, in cui si celebra la nascita di Ges\u00f9 Cristo, al 25 dicembre \u00e8 documentata a Roma a partire dal 336 d.C., come risulta dal\u00a0<strong>Cronografo<\/strong>\u00a0redatto nel 353 d.C. dal calligrafo romano Furio Dionisio Filocalo. Questa data fu scelta per commemorare la nascita di Ges\u00f9, ma la sua specifica origine storica rimane oggetto di dibattito.<\/p>\n<div class=\"link-article\">\n<p><img loading=\"lazy\" decoding=\"async\" class=\"size-full wp-image-18894 alignleft\" src=\"https:\/\/blog.holyart.it\/it\/wp-content\/uploads\/sites\/17\/2023\/11\/kalenda-di-natale.jpg\" alt=\"kalenda di natale\" width=\"150\" height=\"99\" data-kale-share-title=\"Messa di Natale: tutte le curiosit\u00e0 sul rito\" data-kale-share-url=\"https:\/\/blog.holyart.it\/it\/?p=18885\" \/><\/p>\n<div class=\"leggi-anche\">Leggi anche:<\/div>\n<p><strong><a href=\"https:\/\/www.holyart.it\/blog\/natale\/kalenda-di-natale-che-cose-e-quando-si-svolge\/\">Kalenda di Natale: che cos\u2019\u00e8 e quando si svolge<\/a><\/strong><br \/>\nLa messa di Natale \u00e8 uno dei momenti pi\u00f9 alti dell\u2019anno per la spiritualit\u00e0 di ogni cristiano&#8230;<\/p>\n<\/div>\n<p>I testi dei\u00a0<strong>Vangeli di Matteo e Luca<\/strong>\u00a0concordano in alcuni eventi centrali riguardo alla nascita di Ges\u00f9: la nascita a Betlemme (come previsto in Michea 5:1) e il concepimento da parte di una vergine (come annunciato in Isaia 7:14) attraverso l&#8217;opera dello Spirito Santo. Ma non si accenna a date.<\/p>\n<p>La tradizionale datazione al 1 a.C. potrebbe essere stata influenzata da un errore compiuto nel VI secolo dal monaco Dionigi il Piccolo. La maggior parte degli studiosi attualmente colloca la nascita di Ges\u00f9<strong>\u00a0tra il 7 e il 6 a.C.<\/strong>\u00a0a partire da dati storici e calcoli basati sulle informazioni contenute nei Vangeli e nelle fonti storiche dell&#8217;epoca.<\/p>\n<p>In sintesi, la data del 25 dicembre per il Natale e le narrazioni evangeliche sulla nascita di Ges\u00f9 sono temi complessi e affascinanti che hanno generato molte discussioni e ricerche nel corso dei secoli. La centralit\u00e0 di questa festa per i cristiani, tuttavia, va oltre le questioni storiche, riflettendo il significato spirituale della nascita di Ges\u00f9 come il Redentore del mondo.<\/p>\n","protected":false},"excerpt":{"rendered":"<p>La Messa di Natale \u00e8 una tradizione antica, che affonda le sue radici nelle Sacre Scritture, ma anche in antiche feste pagane. Ecco cosa simboleggia e come si svolge Una delle tradizioni pi\u00f9 note associate al Natale \u00e8 la\u00a0Messa di Natale. Questa speciale celebrazione liturgica&hellip;<\/p>\n","protected":false},"author":1,"featured_media":18893,"comment_status":"closed","ping_status":"open","sticky":false,"template":"","format":"standard","meta":{"_acf_changed":false,"footnotes":""},"categories":[18,16],"tags":[],"class_list":["post-18885","post","type-post","status-publish","format-standard","has-post-thumbnail","hentry","category-natale","category-articoli-religiosi"],"acf":[],"yoast_head":"<!-- This site is optimized with the Yoast SEO plugin v26.6 - https:\/\/yoast.com\/wordpress\/plugins\/seo\/ -->\n<title>Messa di Natale: tutte le curiosit\u00e0 sul rito - Holyblog<\/title>\n<meta name=\"description\" content=\"Fra tradizione, storia e significato spirituale, la Messa di Natale resta uno di momenti pi\u00f9 importanti del calendario liturgico cristiano.\" \/>\n<meta name=\"robots\" content=\"index, follow, max-snippet:-1, max-image-preview:large, max-video-preview:-1\" \/>\n<link rel=\"canonical\" href=\"https:\/\/blog.holyart.it\/it\/articoli-religiosi\/messa-di-natale-tutte-le-curiosita-sul-rito\/\" \/>\n<meta property=\"og:locale\" content=\"it_IT\" \/>\n<meta property=\"og:type\" content=\"article\" \/>\n<meta property=\"og:title\" content=\"Messa di Natale: tutte le curiosit\u00e0 sul rito - Holyblog\" \/>\n<meta property=\"og:description\" content=\"Fra tradizione, storia e significato spirituale, la Messa di Natale resta uno di momenti pi\u00f9 importanti del calendario liturgico cristiano.\" \/>\n<meta property=\"og:url\" content=\"https:\/\/blog.holyart.it\/it\/articoli-religiosi\/messa-di-natale-tutte-le-curiosita-sul-rito\/\" \/>\n<meta property=\"og:site_name\" content=\"Holyblog\" \/>\n<meta property=\"article:published_time\" content=\"2023-12-25T09:16:52+00:00\" \/>\n<meta property=\"article:modified_time\" content=\"2025-12-22T09:45:32+00:00\" \/>\n<meta property=\"og:image\" content=\"https:\/\/blog.holyart.it\/it\/wp-content\/uploads\/sites\/17\/2023\/11\/messa-di-natale.jpg\" \/>\n\t<meta property=\"og:image:width\" content=\"1000\" \/>\n\t<meta property=\"og:image:height\" content=\"666\" \/>\n\t<meta property=\"og:image:type\" content=\"image\/jpeg\" \/>\n<meta name=\"author\" content=\"Redazione\" \/>\n<meta name=\"twitter:card\" content=\"summary_large_image\" \/>\n<meta name=\"twitter:label1\" content=\"Scritto da\" \/>\n\t<meta name=\"twitter:data1\" content=\"Redazione\" \/>\n\t<meta name=\"twitter:label2\" content=\"Tempo di lettura stimato\" \/>\n\t<meta name=\"twitter:data2\" content=\"12 minuti\" \/>\n<script type=\"application\/ld+json\" class=\"yoast-schema-graph\">{\"@context\":\"https:\/\/schema.org\",\"@graph\":[{\"@type\":\"Article\",\"@id\":\"https:\/\/blog.holyart.it\/it\/articoli-religiosi\/messa-di-natale-tutte-le-curiosita-sul-rito\/#article\",\"isPartOf\":{\"@id\":\"https:\/\/blog.holyart.it\/it\/articoli-religiosi\/messa-di-natale-tutte-le-curiosita-sul-rito\/\"},\"author\":{\"name\":\"Redazione\",\"@id\":\"https:\/\/blog.holyart.it\/it\/#\/schema\/person\/0a7b686e5af0f856ec1e390dd0baecda\"},\"headline\":\"Messa di Natale: tutte le curiosit\u00e0 sul rito\",\"datePublished\":\"2023-12-25T09:16:52+00:00\",\"dateModified\":\"2025-12-22T09:45:32+00:00\",\"mainEntityOfPage\":{\"@id\":\"https:\/\/blog.holyart.it\/it\/articoli-religiosi\/messa-di-natale-tutte-le-curiosita-sul-rito\/\"},\"wordCount\":1797,\"publisher\":{\"@id\":\"https:\/\/blog.holyart.it\/it\/#organization\"},\"image\":{\"@id\":\"https:\/\/blog.holyart.it\/it\/articoli-religiosi\/messa-di-natale-tutte-le-curiosita-sul-rito\/#primaryimage\"},\"thumbnailUrl\":\"https:\/\/blog.holyart.it\/it\/wp-content\/uploads\/sites\/17\/2023\/11\/messa-di-natale.jpg\",\"articleSection\":[\"Natale\",\"Religione\"],\"inLanguage\":\"it-IT\"},{\"@type\":\"WebPage\",\"@id\":\"https:\/\/blog.holyart.it\/it\/articoli-religiosi\/messa-di-natale-tutte-le-curiosita-sul-rito\/\",\"url\":\"https:\/\/blog.holyart.it\/it\/articoli-religiosi\/messa-di-natale-tutte-le-curiosita-sul-rito\/\",\"name\":\"Messa di Natale: tutte le curiosit\u00e0 sul rito - Holyblog\",\"isPartOf\":{\"@id\":\"https:\/\/blog.holyart.it\/it\/#website\"},\"primaryImageOfPage\":{\"@id\":\"https:\/\/blog.holyart.it\/it\/articoli-religiosi\/messa-di-natale-tutte-le-curiosita-sul-rito\/#primaryimage\"},\"image\":{\"@id\":\"https:\/\/blog.holyart.it\/it\/articoli-religiosi\/messa-di-natale-tutte-le-curiosita-sul-rito\/#primaryimage\"},\"thumbnailUrl\":\"https:\/\/blog.holyart.it\/it\/wp-content\/uploads\/sites\/17\/2023\/11\/messa-di-natale.jpg\",\"datePublished\":\"2023-12-25T09:16:52+00:00\",\"dateModified\":\"2025-12-22T09:45:32+00:00\",\"description\":\"Fra tradizione, storia e significato spirituale, la Messa di Natale resta uno di momenti pi\u00f9 importanti del calendario liturgico cristiano.\",\"breadcrumb\":{\"@id\":\"https:\/\/blog.holyart.it\/it\/articoli-religiosi\/messa-di-natale-tutte-le-curiosita-sul-rito\/#breadcrumb\"},\"inLanguage\":\"it-IT\",\"potentialAction\":[{\"@type\":\"ReadAction\",\"target\":[\"https:\/\/blog.holyart.it\/it\/articoli-religiosi\/messa-di-natale-tutte-le-curiosita-sul-rito\/\"]}]},{\"@type\":\"ImageObject\",\"inLanguage\":\"it-IT\",\"@id\":\"https:\/\/blog.holyart.it\/it\/articoli-religiosi\/messa-di-natale-tutte-le-curiosita-sul-rito\/#primaryimage\",\"url\":\"https:\/\/blog.holyart.it\/it\/wp-content\/uploads\/sites\/17\/2023\/11\/messa-di-natale.jpg\",\"contentUrl\":\"https:\/\/blog.holyart.it\/it\/wp-content\/uploads\/sites\/17\/2023\/11\/messa-di-natale.jpg\",\"width\":1000,\"height\":666,\"caption\":\"messa di natale\"},{\"@type\":\"BreadcrumbList\",\"@id\":\"https:\/\/blog.holyart.it\/it\/articoli-religiosi\/messa-di-natale-tutte-le-curiosita-sul-rito\/#breadcrumb\",\"itemListElement\":[{\"@type\":\"ListItem\",\"position\":1,\"name\":\"Homepage\",\"item\":\"https:\/\/blog.holyart.it\/it\/\"},{\"@type\":\"ListItem\",\"position\":2,\"name\":\"Religione\",\"item\":\"https:\/\/blog.holyart.it\/it\/articoli-religiosi\/\"},{\"@type\":\"ListItem\",\"position\":3,\"name\":\"Messa di Natale: tutte le curiosit\u00e0 sul rito\"}]},{\"@type\":\"WebSite\",\"@id\":\"https:\/\/blog.holyart.it\/it\/#website\",\"url\":\"https:\/\/blog.holyart.it\/it\/\",\"name\":\"Holyblog\",\"description\":\"Il Blog di Holyart.it\",\"publisher\":{\"@id\":\"https:\/\/blog.holyart.it\/it\/#organization\"},\"potentialAction\":[{\"@type\":\"SearchAction\",\"target\":{\"@type\":\"EntryPoint\",\"urlTemplate\":\"https:\/\/blog.holyart.it\/it\/?s={search_term_string}\"},\"query-input\":{\"@type\":\"PropertyValueSpecification\",\"valueRequired\":true,\"valueName\":\"search_term_string\"}}],\"inLanguage\":\"it-IT\"},{\"@type\":\"Organization\",\"@id\":\"https:\/\/blog.holyart.it\/it\/#organization\",\"name\":\"Holyblog\",\"url\":\"https:\/\/blog.holyart.it\/it\/\",\"logo\":{\"@type\":\"ImageObject\",\"inLanguage\":\"it-IT\",\"@id\":\"https:\/\/blog.holyart.it\/it\/#\/schema\/logo\/image\/\",\"url\":\"https:\/\/blog.holyart.it\/it\/wp-content\/uploads\/sites\/17\/2022\/12\/Holyart_Blog_Logo.jpg\",\"contentUrl\":\"https:\/\/blog.holyart.it\/it\/wp-content\/uploads\/sites\/17\/2022\/12\/Holyart_Blog_Logo.jpg\",\"width\":300,\"height\":50,\"caption\":\"Holyblog\"},\"image\":{\"@id\":\"https:\/\/blog.holyart.it\/it\/#\/schema\/logo\/image\/\"}},{\"@type\":\"Person\",\"@id\":\"https:\/\/blog.holyart.it\/it\/#\/schema\/person\/0a7b686e5af0f856ec1e390dd0baecda\",\"name\":\"Redazione\"}]}<\/script>\n<!-- \/ Yoast SEO plugin. -->","yoast_head_json":{"title":"Messa di Natale: tutte le curiosit\u00e0 sul rito - Holyblog","description":"Fra tradizione, storia e significato spirituale, la Messa di Natale resta uno di momenti pi\u00f9 importanti del calendario liturgico cristiano.","robots":{"index":"index","follow":"follow","max-snippet":"max-snippet:-1","max-image-preview":"max-image-preview:large","max-video-preview":"max-video-preview:-1"},"canonical":"https:\/\/blog.holyart.it\/it\/articoli-religiosi\/messa-di-natale-tutte-le-curiosita-sul-rito\/","og_locale":"it_IT","og_type":"article","og_title":"Messa di Natale: tutte le curiosit\u00e0 sul rito - Holyblog","og_description":"Fra tradizione, storia e significato spirituale, la Messa di Natale resta uno di momenti pi\u00f9 importanti del calendario liturgico cristiano.","og_url":"https:\/\/blog.holyart.it\/it\/articoli-religiosi\/messa-di-natale-tutte-le-curiosita-sul-rito\/","og_site_name":"Holyblog","article_published_time":"2023-12-25T09:16:52+00:00","article_modified_time":"2025-12-22T09:45:32+00:00","og_image":[{"width":1000,"height":666,"url":"https:\/\/blog.holyart.it\/it\/wp-content\/uploads\/sites\/17\/2023\/11\/messa-di-natale.jpg","type":"image\/jpeg"}],"author":"Redazione","twitter_card":"summary_large_image","twitter_misc":{"Scritto da":"Redazione","Tempo di lettura stimato":"12 minuti"},"schema":{"@context":"https:\/\/schema.org","@graph":[{"@type":"Article","@id":"https:\/\/blog.holyart.it\/it\/articoli-religiosi\/messa-di-natale-tutte-le-curiosita-sul-rito\/#article","isPartOf":{"@id":"https:\/\/blog.holyart.it\/it\/articoli-religiosi\/messa-di-natale-tutte-le-curiosita-sul-rito\/"},"author":{"name":"Redazione","@id":"https:\/\/blog.holyart.it\/it\/#\/schema\/person\/0a7b686e5af0f856ec1e390dd0baecda"},"headline":"Messa di Natale: tutte le curiosit\u00e0 sul rito","datePublished":"2023-12-25T09:16:52+00:00","dateModified":"2025-12-22T09:45:32+00:00","mainEntityOfPage":{"@id":"https:\/\/blog.holyart.it\/it\/articoli-religiosi\/messa-di-natale-tutte-le-curiosita-sul-rito\/"},"wordCount":1797,"publisher":{"@id":"https:\/\/blog.holyart.it\/it\/#organization"},"image":{"@id":"https:\/\/blog.holyart.it\/it\/articoli-religiosi\/messa-di-natale-tutte-le-curiosita-sul-rito\/#primaryimage"},"thumbnailUrl":"https:\/\/blog.holyart.it\/it\/wp-content\/uploads\/sites\/17\/2023\/11\/messa-di-natale.jpg","articleSection":["Natale","Religione"],"inLanguage":"it-IT"},{"@type":"WebPage","@id":"https:\/\/blog.holyart.it\/it\/articoli-religiosi\/messa-di-natale-tutte-le-curiosita-sul-rito\/","url":"https:\/\/blog.holyart.it\/it\/articoli-religiosi\/messa-di-natale-tutte-le-curiosita-sul-rito\/","name":"Messa di Natale: tutte le curiosit\u00e0 sul rito - Holyblog","isPartOf":{"@id":"https:\/\/blog.holyart.it\/it\/#website"},"primaryImageOfPage":{"@id":"https:\/\/blog.holyart.it\/it\/articoli-religiosi\/messa-di-natale-tutte-le-curiosita-sul-rito\/#primaryimage"},"image":{"@id":"https:\/\/blog.holyart.it\/it\/articoli-religiosi\/messa-di-natale-tutte-le-curiosita-sul-rito\/#primaryimage"},"thumbnailUrl":"https:\/\/blog.holyart.it\/it\/wp-content\/uploads\/sites\/17\/2023\/11\/messa-di-natale.jpg","datePublished":"2023-12-25T09:16:52+00:00","dateModified":"2025-12-22T09:45:32+00:00","description":"Fra tradizione, storia e significato spirituale, la Messa di Natale resta uno di momenti pi\u00f9 importanti del calendario liturgico cristiano.","breadcrumb":{"@id":"https:\/\/blog.holyart.it\/it\/articoli-religiosi\/messa-di-natale-tutte-le-curiosita-sul-rito\/#breadcrumb"},"inLanguage":"it-IT","potentialAction":[{"@type":"ReadAction","target":["https:\/\/blog.holyart.it\/it\/articoli-religiosi\/messa-di-natale-tutte-le-curiosita-sul-rito\/"]}]},{"@type":"ImageObject","inLanguage":"it-IT","@id":"https:\/\/blog.holyart.it\/it\/articoli-religiosi\/messa-di-natale-tutte-le-curiosita-sul-rito\/#primaryimage","url":"https:\/\/blog.holyart.it\/it\/wp-content\/uploads\/sites\/17\/2023\/11\/messa-di-natale.jpg","contentUrl":"https:\/\/blog.holyart.it\/it\/wp-content\/uploads\/sites\/17\/2023\/11\/messa-di-natale.jpg","width":1000,"height":666,"caption":"messa di natale"},{"@type":"BreadcrumbList","@id":"https:\/\/blog.holyart.it\/it\/articoli-religiosi\/messa-di-natale-tutte-le-curiosita-sul-rito\/#breadcrumb","itemListElement":[{"@type":"ListItem","position":1,"name":"Homepage","item":"https:\/\/blog.holyart.it\/it\/"},{"@type":"ListItem","position":2,"name":"Religione","item":"https:\/\/blog.holyart.it\/it\/articoli-religiosi\/"},{"@type":"ListItem","position":3,"name":"Messa di Natale: tutte le curiosit\u00e0 sul rito"}]},{"@type":"WebSite","@id":"https:\/\/blog.holyart.it\/it\/#website","url":"https:\/\/blog.holyart.it\/it\/","name":"Holyblog","description":"Il Blog di Holyart.it","publisher":{"@id":"https:\/\/blog.holyart.it\/it\/#organization"},"potentialAction":[{"@type":"SearchAction","target":{"@type":"EntryPoint","urlTemplate":"https:\/\/blog.holyart.it\/it\/?s={search_term_string}"},"query-input":{"@type":"PropertyValueSpecification","valueRequired":true,"valueName":"search_term_string"}}],"inLanguage":"it-IT"},{"@type":"Organization","@id":"https:\/\/blog.holyart.it\/it\/#organization","name":"Holyblog","url":"https:\/\/blog.holyart.it\/it\/","logo":{"@type":"ImageObject","inLanguage":"it-IT","@id":"https:\/\/blog.holyart.it\/it\/#\/schema\/logo\/image\/","url":"https:\/\/blog.holyart.it\/it\/wp-content\/uploads\/sites\/17\/2022\/12\/Holyart_Blog_Logo.jpg","contentUrl":"https:\/\/blog.holyart.it\/it\/wp-content\/uploads\/sites\/17\/2022\/12\/Holyart_Blog_Logo.jpg","width":300,"height":50,"caption":"Holyblog"},"image":{"@id":"https:\/\/blog.holyart.it\/it\/#\/schema\/logo\/image\/"}},{"@type":"Person","@id":"https:\/\/blog.holyart.it\/it\/#\/schema\/person\/0a7b686e5af0f856ec1e390dd0baecda","name":"Redazione"}]}},"_links":{"self":[{"href":"https:\/\/blog.holyart.it\/it\/wp-json\/wp\/v2\/posts\/18885","targetHints":{"allow":["GET"]}}],"collection":[{"href":"https:\/\/blog.holyart.it\/it\/wp-json\/wp\/v2\/posts"}],"about":[{"href":"https:\/\/blog.holyart.it\/it\/wp-json\/wp\/v2\/types\/post"}],"author":[{"embeddable":true,"href":"https:\/\/blog.holyart.it\/it\/wp-json\/wp\/v2\/users\/1"}],"replies":[{"embeddable":true,"href":"https:\/\/blog.holyart.it\/it\/wp-json\/wp\/v2\/comments?post=18885"}],"version-history":[{"count":4,"href":"https:\/\/blog.holyart.it\/it\/wp-json\/wp\/v2\/posts\/18885\/revisions"}],"predecessor-version":[{"id":18896,"href":"https:\/\/blog.holyart.it\/it\/wp-json\/wp\/v2\/posts\/18885\/revisions\/18896"}],"wp:featuredmedia":[{"embeddable":true,"href":"https:\/\/blog.holyart.it\/it\/wp-json\/wp\/v2\/media\/18893"}],"wp:attachment":[{"href":"https:\/\/blog.holyart.it\/it\/wp-json\/wp\/v2\/media?parent=18885"}],"wp:term":[{"taxonomy":"category","embeddable":true,"href":"https:\/\/blog.holyart.it\/it\/wp-json\/wp\/v2\/categories?post=18885"},{"taxonomy":"post_tag","embeddable":true,"href":"https:\/\/blog.holyart.it\/it\/wp-json\/wp\/v2\/tags?post=18885"}],"curies":[{"name":"wp","href":"https:\/\/api.w.org\/{rel}","templated":true}]}}