{"id":18836,"date":"2023-12-18T10:35:15","date_gmt":"2023-12-18T09:35:15","guid":{"rendered":"https:\/\/blog.holyart.it\/it\/?p=18836"},"modified":"2025-11-19T12:44:19","modified_gmt":"2025-11-19T11:44:19","slug":"lettera-apostolica-admirabile-signum-di-papa-francesco-sul-natale","status":"publish","type":"post","link":"https:\/\/blog.holyart.it\/it\/articoli-religiosi\/lettera-apostolica-admirabile-signum-di-papa-francesco-sul-natale\/","title":{"rendered":"Lettera Apostolica &#8220;Admirabile Signum&#8221; di Papa Francesco sul Natale"},"content":{"rendered":"<h4>La Lettera Apostolica\u00a0<em>Admirabile Signum\u00a0<\/em>di Papa Francesco \u00e8 un invito a vivere il Natale con stupore, gioia, umilt\u00e0 e fede. Ecco come<\/h4>\n\n<p>In occasione della sua visita nel Santuario del\u00a0<a href=\"https:\/\/www.holyart.it\/blog\/natale\/il-presepe-di-greccio-il-presepe-di-san-francesco\/\"><strong>Presepe di Greccio<\/strong><\/a>, il 1\u00b0 dicembre 2019, Papa Francesco pubblic\u00f2 la Lettera Apostolica\u00a0<strong><em>Admirabile Signum<\/em><\/strong>, il suo speciale messaggio sul Natale.<\/p>\n<p>Il <a href=\"https:\/\/www.holyart.it\/it\/natale\"><strong>Natale<\/strong><\/a> \u00e8 un periodo di festa e gioia per milioni di persone in tutto il mondo. Ma nel mezzo di tutte le luci scintillanti, i regali e le decorazioni, \u00e8 importante ricordare il\u00a0<strong>vero significato di questa festa<\/strong>\u00a0cristiana: la\u00a0<a href=\"https:\/\/www.holyart.it\/blog\/natale\/la-nativita-storia-della-nascita-gesu\/\"><strong>nascita di Ges\u00f9 Cristo<\/strong><\/a>. Con la sua Lettera Apostolica Papa Francesco ha voluto rafforzare questa idea, celebrando la bellezza e la profondit\u00e0 del Natale.<\/p>\n<p>Non a caso per farlo ha scelto Greccio, dove nel 1223\u00a0<strong><a href=\"https:\/\/www.holyart.it\/blog\/articoli-religiosi\/la-serie-di-celebrazioni-per-lottavo-centenario-della-morte-di-san-francesco-dassisi\/\">San Francesco D&#8217;Assisi<\/a><\/strong>, il Santo da cui il Pontefice ha preso il proprio nome, volle rievocare la Nativit\u00e0 allestendo il\u00a0<strong>primo Presepe della storia.<\/strong><\/p>\n<div class=\"link-article\">\n<p><img loading=\"lazy\" decoding=\"async\" class=\"size-full wp-image-18840 alignleft\" src=\"https:\/\/blog.holyart.it\/it\/wp-content\/uploads\/sites\/17\/2023\/11\/Il-presepe-di-Greccio.jpg\" alt=\"Il presepe di Greccio\" width=\"150\" height=\"97\" data-kale-share-title=\"Lettera Apostolica \u201cAdmirabile Signum\u201d di Papa Francesco sul Natale\" data-kale-share-url=\"https:\/\/blog.holyart.it\/it\/?p=18836\" \/><\/p>\n<div class=\"leggi-anche\">Leggi anche:<\/div>\n<p><strong><a href=\"https:\/\/www.holyart.it\/blog\/natale\/il-presepe-di-greccio-il-presepe-di-san-francesco\/\">Il presepe di Greccio: il presepe di San Francesco<\/a><\/strong><br \/>\nQual \u00e8 la storia del presepe? Da dove viene questa tradizione che ogni anno viviamo? Ecco la storia del primo presepe&#8230;<\/p>\n<\/div>\n<p>Il Presepe rappresenta l&#8217;immagine della\u00a0<a href=\"https:\/\/www.holyart.it\/it\/natale\/presepi\/presepe-ulivo-gerusalemme\/capanna-sacra-famiglia-legno-ulivo-betlemme-stilizzato-15x20x10-cm\"><strong>Sacra Famiglia a Betlemme<\/strong><\/a>, ed \u00e8 un modo tangibile di raccontare la\u00a0<strong>storia della nascita di Ges\u00f9 Cristo<\/strong>. Esso ci invita a riflettere sulla bellezza e sulla semplicit\u00e0 di quel momento straordinario in cui il Figlio di Dio \u00e8 venuto al mondo per portare la\u00a0<strong>luce e la speranza<\/strong>. La tradizione del Presepe, che ha radici antiche, ci unisce al cuore della storia della salvezza e ci ricorda che il Natale \u00e8 molto pi\u00f9 di luci scintillanti e regali; \u00e8 la celebrazione della\u00a0<strong>nascita di Colui che ha portato la redenzione al mondo intero<\/strong>.<\/p>\n<p><a href=\"https:\/\/www.holyart.it\/it\/occasioni-speciali\/papa-francesco\"><strong>Papa Francesco<\/strong><\/a> ci incoraggia a fare del Presepe non solo un\u00a0<strong>elemento decorativo<\/strong>, ma una\u00a0<strong>manifestazione della nostra fede<\/strong>. Questa rappresentazione vivente del Natale ci offre l&#8217;opportunit\u00e0 di\u00a0<strong>meditare sulla venuta di Ges\u00f9<\/strong>, sulla sua umilt\u00e0 e sull&#8217;amore infinito di Dio per l&#8217;umanit\u00e0. Il Presepe, pertanto, diventa un potente\u00a0<strong>strumento di evangelizzazione<\/strong>\u00a0che pu\u00f2 contribuire a ravvivare la fede e l&#8217;entusiasmo cristiano in ognuno di noi. Con la Lettera Apostolica\u00a0<strong><em>Admirabile Signum<\/em><\/strong>\u00a0Papa Francesco ci invita a riflettere sul\u00a0<strong>vero significato del Natale<\/strong>\u00a0attraverso il\u00a0<strong>simbolismo del\u00a0Presepe<\/strong>, sul suo profondo\u00a0<strong>senso spirituale<\/strong>, invitando i fedeli a ricordare l&#8217;importanza di questo evento nella storia dell&#8217;umanit\u00e0. Lo ha fatto con un viaggio alla scoperta della\u00a0<strong>bellezza del Presepe<\/strong>, elemento centrale della tradizione natalizia, icona visiva in cui la<strong>\u00a0Sacra Famiglia<\/strong>\u00a0composta da Maria, Giuseppe e <a href=\"https:\/\/www.holyart.it\/it\/natale\/statue-gesu-bambino\"><strong>Ges\u00f9 Bambino<\/strong><\/a> \u00e8 raffigurata all&#8217;interno di una grotta o di una stalla a ricordare la notte pi\u00f9 importante della storia dell&#8217;umanit\u00e0.<\/p>\n<div class=\"link-product\">\n<div class=\"blocco-immagine\"><img loading=\"lazy\" decoding=\"async\" class=\"size-full wp-image-18841 alignleft\" src=\"https:\/\/blog.holyart.it\/it\/wp-content\/uploads\/sites\/17\/2023\/11\/rosario-legno-papa-francesco.jpg\" alt=\"rosario legno papa francesco\" width=\"100\" height=\"100\" data-kale-share-title=\"Lettera Apostolica \u201cAdmirabile Signum\u201d di Papa Francesco sul Natale\" data-kale-share-url=\"https:\/\/blog.holyart.it\/it\/?p=18836\" \/><\/div>\n<div class=\"blocco-contenuto\">\n<div class=\"blocco-acquista\">Acquista su Holyart:<\/div>\n<div class=\"blocco-titolo\"><a href=\"https:\/\/www.holyart.it\/it\/occasioni-speciali\/papa-francesco\">Papa Francesco<\/a><\/div>\n<div class=\"blocco-descrizione\">Categoria dedicata a Papa Jorge Mario Bergoglio.<\/div>\n<\/div>\n<\/div>\n<p>Per questo Papa Francesco definisce il\u00a0<strong>Presepe un &#8220;segno ammirabile&#8221;<\/strong>\u00a0che ci aiuta a comprendere la profondit\u00e0 della venuta di Ges\u00f9 nel mondo, e\u00a0<strong>incoraggia i fedeli a creare presepi\u00a0<\/strong>nelle case, nelle comunit\u00e0 e nei luoghi di lavoro, non solo come atto di devozione, ma anche come\u00a0<strong>testimonianza di fede<\/strong>\u00a0da condividere con gli altri, per ricordare che Ges\u00f9 \u00e8 venuto nel mondo per tutti, non solo per alcune persone privilegiate.<\/p>\n<p>Nella Lettera Apostolica, Papa Francesco offre anche alcune considerazioni pratiche su\u00a0<a href=\"https:\/\/www.holyart.it\/blog\/natale\/il-presepe-fai-da-te-illustrato-in-10-semplici-passaggi\/\"><strong>come allestire un\u00a0Presepe<\/strong><\/a>. Egli suggerisce l&#8217;uso di vari\u00a0<strong><a href=\"https:\/\/www.holyart.it\/it\/natale\/statue-per-presepi\">personaggi<\/a>\u00a0e\u00a0<a href=\"https:\/\/www.holyart.it\/it\/natale\/animali-presepe\">animali<\/a><\/strong>, ciascuno con il suo significato nel racconto della nascita di Ges\u00f9. Questi elementi, insieme alla\u00a0<a href=\"https:\/\/www.holyart.it\/it\/natale\/presepi\/presepe-val-gardena\/stella-cometa-presepe-original-legno-dipinto-valgardena-12-cm\"><strong>Stella<\/strong><\/a>\u00a0e alla luce, sono fondamentali per rappresentare i diversi aspetti simbolici del Natale.<\/p>\n<div class=\"link-article\">\n<p><img loading=\"lazy\" decoding=\"async\" class=\"size-full wp-image-18842 alignleft\" src=\"https:\/\/blog.holyart.it\/it\/wp-content\/uploads\/sites\/17\/2023\/11\/presepe-fai-da-te-1.jpg\" alt=\"presepe fai da te\" width=\"150\" height=\"99\" data-kale-share-title=\"Lettera Apostolica \u201cAdmirabile Signum\u201d di Papa Francesco sul Natale\" data-kale-share-url=\"https:\/\/blog.holyart.it\/it\/?p=18836\" \/><\/p>\n<div class=\"leggi-anche\">Leggi anche:<\/div>\n<p><strong><a href=\"https:\/\/www.holyart.it\/blog\/natale\/il-presepe-fai-da-te-illustrato-in-10-semplici-passaggi\/\">Il presepe fai da te illustrato in 10 semplici passaggi<\/a><\/strong><br \/>\nSi avvicina il momento di organizzare il nostro Presepe di Natale fai da te. Ecco un\u2019agile guida per pianificare al meglio il lavoro&#8230;<\/p>\n<\/div>\n<p>Un altro aspetto importante della Lettera Apostolica \u00e8 l&#8217;attenzione di Papa Francesco alla\u00a0<a href=\"https:\/\/www.holyart.it\/blog\/articoli-religiosi\/papa-francesco-e-lambiente-ecco-cosa-lo-accomuna-al-santo-da-cui-ha-preso-il-nome\/\"><strong>natura e all&#8217;ambiente<\/strong><\/a>. Egli ci ricorda che il Presepe ci invita a riflettere sulla\u00a0<strong>relazione tra l&#8217;umanit\u00e0 e la creazione di Dio<\/strong>. In questo senso, il Presepe diventa anche un richiamo all&#8217;importanza della cura dell&#8217;ambiente e della creazione di Dio.<\/p>\n<p>Papa Francesco scrive\u00a0ancora:\u00a0<em>&#8220;Guardando il Presepe, pensiamo a quando noi, come Dio, creiamo un ambiente in cui ciascuno possa trovare un posto.&#8221;<\/em>\u00a0Questo \u00e8 un\u00a0<strong>richiamo alla solidariet\u00e0 e all&#8217;accoglienza<\/strong>, valori chiave del cristianesimo. Il Presepe ci ricorda che, come cristiani, siamo chiamati ad accogliere gli altri e a creare un ambiente di amore e pace.<\/p>\n<div class=\"link-article\">\n<p><img loading=\"lazy\" decoding=\"async\" class=\"size-full wp-image-18839 alignleft\" src=\"https:\/\/blog.holyart.it\/it\/wp-content\/uploads\/sites\/17\/2023\/11\/papa-francesco-e-san-francesco.jpg\" alt=\"papa francesco e san francesco\" width=\"150\" height=\"99\" data-kale-share-title=\"Lettera Apostolica \u201cAdmirabile Signum\u201d di Papa Francesco sul Natale\" data-kale-share-url=\"https:\/\/blog.holyart.it\/it\/?p=18836\" \/><\/p>\n<div class=\"leggi-anche\">Leggi anche:<\/div>\n<p><strong><a href=\"https:\/\/www.holyart.it\/blog\/articoli-religiosi\/papa-francesco-e-lambiente-ecco-cosa-lo-accomuna-al-santo-da-cui-ha-preso-il-nome\/\">Papa Francesco e l\u2019ambiente: ecco cosa lo accomuna al santo da cui ha preso il nome<\/a><\/strong><br \/>\nIn occasione della Giornata mondiale di preghiera per la cura del creato&#8230;<\/p>\n<\/div>\n<p>Vediamo nel dettaglio i vari punti della Lettera Apostolica di Papa Francesco.<\/p>\n<h2>Il Presepe: segno ammirabile e simbolo di Fede<\/h2>\n<p><em>&#8220;Rappresentare l\u2019evento della nascita di Ges\u00f9 equivale ad annunciare\u00a0<strong>il mistero dell\u2019Incarnazione del Figlio di Dio<\/strong>\u00a0con semplicit\u00e0 e gioia. Il Presepe, infatti, \u00e8 come un<strong>\u00a0Vangelo vivo<\/strong>, che trabocca dalle pagine della Sacra Scrittura. Mentre contempliamo la scena del Natale,\u00a0<strong>siamo invitati a metterci spiritualmente in cammino<\/strong>, attratti dall\u2019umilt\u00e0 di Colui che si \u00e8 fatto uomo per incontrare ogni uomo. E scopriamo che Egli ci ama a tal punto da unirsi a noi, perch\u00e9 anche noi possiamo unirci a Lui. [&#8230;] \u00c8 davvero un\u00a0<strong>esercizio di fantasia creativa<\/strong>, che impiega i materiali pi\u00f9 disparati per dare vita a piccoli capolavori di bellezza. Si impara da bambini: quando pap\u00e0 e mamma, insieme ai nonni, trasmettono questa gioiosa abitudine, che racchiude in s\u00e9 una<strong>\u00a0ricca spiritualit\u00e0 popolare<\/strong>.&#8221;<\/em><\/p>\n<p>Nelle parole di Papa Francesco il\u00a0<strong>Presepe diventa un&#8217;esperienza spirituale che ci avvicina a Cristo<\/strong>, quanto e pi\u00f9 delle Sacre Scritture, perch\u00e9 la sua stessa essenza \u00e8 la semplicit\u00e0 e l&#8217;umilt\u00e0 di chi desidera rievocare un evento immenso con mezzi semplici, umani, comprensibili a tutti, proprio come volle fare San Francesco in quella fredda notte d&#8217;inverno a Greccio.<\/p>\n<div class=\"link-product\">\n<div class=\"blocco-immagine\"><img loading=\"lazy\" decoding=\"async\" class=\"size-full wp-image-18844 alignleft\" src=\"https:\/\/blog.holyart.it\/it\/wp-content\/uploads\/sites\/17\/2023\/11\/nativita-50-cm-presepe-resina-colorata-set-5-pz.jpg\" alt=\"nativit\u00e0 50 cm presepe resina colorata set 5 pz\" width=\"100\" height=\"100\" data-kale-share-title=\"Lettera Apostolica \u201cAdmirabile Signum\u201d di Papa Francesco sul Natale\" data-kale-share-url=\"https:\/\/blog.holyart.it\/it\/?p=18836\" \/><\/div>\n<div class=\"blocco-contenuto\">\n<div class=\"blocco-acquista\">Acquista su Holyart:<\/div>\n<div class=\"blocco-titolo\"><a href=\"https:\/\/www.holyart.it\/it\/natale\/nativita\/nativita-50-cm-presepe-resina-colorata-set-5-pz\">Nativit\u00e0 50 cm presepe resina colorata set 5 pz<\/a><\/div>\n<div class=\"blocco-descrizione\">Statue curate in ogni minimo dettaglio, dalle espressioni facciali alle pieghe dei vestiti.<\/div>\n<\/div>\n<\/div>\n<h2>Origine del Presepe: il Presepe di San Francesco<\/h2>\n<p><em>&#8220;L\u2019origine del Presepe trova riscontro anzitutto in alcuni\u00a0<strong>dettagli evangelici\u00a0<\/strong>della nascita di Ges\u00f9 a Betlemme. [&#8230;] In realt\u00e0, il Presepe contiene diversi misteri della vita di Ges\u00f9 e li fa sentire vicini alla nostra vita quotidiana. [&#8230;] Quindici giorni prima di Natale,\u00a0<strong>Francesco\u00a0<\/strong>chiam\u00f2 un uomo del posto, di nome Giovanni, e lo preg\u00f2 di aiutarlo nell\u2019attuare un desiderio: \u00abVorrei rappresentare il Bambino nato a Betlemme, e in qualche modo\u00a0<strong>vedere con gli occhi del corpo i disagi\u00a0<\/strong>in cui si \u00e8 trovato per la mancanza delle cose necessarie a un neonato, come fu adagiato in una greppia e come giaceva sul fieno tra il bue e l\u2019asinello\u00bb&#8221;<\/em><\/p>\n<p>Papa Francesco rievoca il\u00a0<strong>primo\u00a0Presepe<\/strong>, realizzato da San Francesco a Greccio nel 1223, e ricorda come ci\u00f2 che sappiamo della nascita di Ges\u00f9 \u00e8\u00a0<a href=\"https:\/\/www.holyart.it\/it\/articoli-religiosi\/libri-e-testi-sacri\/vangeli\"><strong>materia dei Vangeli<\/strong><\/a>.<\/p>\n<p><em>&#8220;San Francesco, con la semplicit\u00e0 di quel segno, realizz\u00f2\u00a0<strong>una grande opera di evangelizzazione.<\/strong>\u00a0Il suo insegnamento \u00e8 penetrato nel cuore dei cristiani e permane fino ai nostri giorni come una genuina forma per riproporre la bellezza della nostra fede con semplicit\u00e0. [&#8230;]\u00a0Perch\u00e9 il Presepe suscita tanto stupore e ci commuove? Anzitutto perch\u00e9\u00a0<strong>manifesta la tenerezza di Dio<\/strong>. [&#8230;] In Ges\u00f9, il Padre ci ha dato un\u00a0<strong>fratello che viene a cercarci<\/strong>\u00a0quando siamo disorientati e perdiamo la direzione; un amico fedele che ci sta sempre vicino; ci ha dato il suo Figlio che ci perdona e ci risolleva dal peccato.<\/em><br \/>\n<em>Comporre il Presepe nelle nostre case ci aiuta a rivivere la storia che si \u00e8 vissuta a Betlemme. [&#8230;] In modo particolare, fin dall\u2019origine francescana il Presepe \u00e8\u00a0<strong>un invito a \u201csentire\u201d, a \u201ctoccare\u201d la povert\u00e0\u00a0<\/strong>che il Figlio di Dio ha scelto per s\u00e9 nella sua Incarnazione. E cos\u00ec, implicitamente, \u00e8 un\u00a0<strong>appello a seguirlo sulla via dell\u2019umilt\u00e0, della povert\u00e0, della spogliazione<\/strong>, che dalla mangiatoia di Betlemme conduce alla Croce. \u00c8 un appello a incontrarlo e servirlo con misericordia nei fratelli e nelle sorelle pi\u00f9 bisognosi (cfr\u00a0Mt 25,31-46).&#8221;<\/em><\/p>\n<p>Ancora, il Papa indica nel Presepe la volont\u00e0 di Dio di mostrarci la\u00a0<strong>Sua tenerezza<\/strong>, scegliendo di manifestarsi tra noi in umilt\u00e0 e povert\u00e0, solo un <a href=\"https:\/\/www.holyart.it\/it\/natale\/statue-gesu-bambino\/gesu-nella-culla-presepe-30-cm\"><strong>bambino intirizzito in una mangiatoia<\/strong><\/a>, ultimo tra gli ultimi, eppure Re del Cielo e della Terra.<\/p>\n<div class=\"link-product\">\n<div class=\"blocco-immagine\"><img loading=\"lazy\" decoding=\"async\" class=\"size-full wp-image-18845 alignleft\" src=\"https:\/\/blog.holyart.it\/it\/wp-content\/uploads\/sites\/17\/2023\/11\/gesu-nella-culla-presepe-30-cm.jpg\" alt=\"ges\u00f9 nella culla presepe 30 cm\" width=\"100\" height=\"100\" data-kale-share-title=\"Lettera Apostolica \u201cAdmirabile Signum\u201d di Papa Francesco sul Natale\" data-kale-share-url=\"https:\/\/blog.holyart.it\/it\/?p=18836\" \/><\/div>\n<div class=\"blocco-contenuto\">\n<div class=\"blocco-acquista\">Acquista su Holyart:<\/div>\n<div class=\"blocco-titolo\"><a href=\"https:\/\/www.holyart.it\/it\/natale\/statue-gesu-bambino\/gesu-nella-culla-presepe-30-cm\">Ges\u00f9 nella culla presepe 30 cm<\/a><\/div>\n<div class=\"blocco-descrizione\">Il kit comprende la statua di Ges\u00f9 Bambino in resina colorata, la culla in legno e la paglia.<\/div>\n<\/div>\n<\/div>\n<h2>Simboli del Presepe, espressioni di Fede<\/h2>\n<p><em>&#8220;Mi piace ora passare in rassegna i vari segni del Presepe per cogliere il senso che portano in s\u00e9. In primo luogo, rappresentiamo il contesto del\u00a0<strong>cielo stellato nel buio<\/strong>\u00a0e nel silenzio della notte. Non \u00e8 solo per fedelt\u00e0 ai racconti evangelici che lo facciamo cos\u00ec, ma anche per il significato che possiede. Pensiamo a\u00a0<strong>quante volte la notte circonda la nostra vita<\/strong>. Ebbene, anche in quei momenti,\u00a0<strong>Dio non ci lascia soli\u00a0<\/strong>[&#8230;]\u00a0La sua vicinanza porta luce dove c\u2019\u00e8 il buio e rischiara quanti attraversano le tenebre della sofferenza (cfr Lc 1,79).\u00a0Una parola meritano anche i\u00a0<strong>paesaggi<\/strong>\u00a0che fanno parte del Presepe e che spesso rappresentano le rovine di case e palazzi antichi [&#8230;] Quelle rovine sono soprattutto il\u00a0<strong>segno visibile dell\u2019umanit\u00e0 decaduta<\/strong>, di tutto ci\u00f2 che va in rovina, che \u00e8 corrotto e intristito. Questo scenario dice che\u00a0<strong>Ges\u00f9 \u00e8 la novit\u00e0 in mezzo a un mondo vecchio<\/strong>, ed \u00e8 venuto a guarire e ricostruire, a riportare la nostra vita e il mondo al loro splendore originario.&#8221;<\/em><\/p>\n<p>La\u00a0<a href=\"https:\/\/www.holyart.it\/it\/natale\/presepe-fai-da-te-e-miniature\/sfondi-presepe-paesaggi-e-pannelli\/cielo-luminoso-led-e-fibra-ottica-40x60-cm\"><strong>presenza delle stelle nel cielo notturno<\/strong><\/a>\u00a0del Presepe ci ricorda che Dio \u00e8 sempre con noi, indipendentemente da quanto profonda sia l&#8217;oscurit\u00e0 che ci circonda. La sua vicinanza illumina le tenebre della nostra esistenza e porta speranza a coloro che attraversano le notti oscure della sofferenza. \u00c8 un richiamo potente alla luce divina che guida il nostro cammino, anche nei momenti pi\u00f9 difficili.<\/p>\n<p>Un altro elemento da considerare sono i\u00a0<a href=\"https:\/\/www.holyart.it\/it\/natale\/scenografie-presepe\/ambientazioni-botteghe-case-pozzi\"><strong>paesaggi rappresentati nel Presepe<\/strong><\/a>, spesso raffiguranti rovine di antiche case e palazzi. Questo scenario ci insegna che Ges\u00f9 \u00e8 la speranza e la rinascita in un mondo segnato da decadenza e disfacimento. Egli \u00e8 giunto per guarire, ricostruire e ricondurre la nostra vita e il mondo alla loro originaria bellezza. Le rovine nel Presepe diventano il simbolo della necessit\u00e0 di rinnovamento e redenzione, ricordandoci che in Cristo troviamo la forza di ricostruire ci\u00f2 che \u00e8 stato distrutto e restaurare il nostro mondo al suo splendore originario.<\/p>\n<div class=\"link-product\">\n<div class=\"blocco-immagine\"><img loading=\"lazy\" decoding=\"async\" class=\"size-full wp-image-18848 alignleft\" src=\"https:\/\/blog.holyart.it\/it\/wp-content\/uploads\/sites\/17\/2023\/11\/facciata-per-casa-presepe-4-6-cm-moranduzzo-resina.jpg\" alt=\"facciata per casa presepe 4 6 cm moranduzzo resina\" width=\"100\" height=\"100\" data-kale-share-title=\"Lettera Apostolica \u201cAdmirabile Signum\u201d di Papa Francesco sul Natale\" data-kale-share-url=\"https:\/\/blog.holyart.it\/it\/?p=18836\" \/><\/div>\n<div class=\"blocco-contenuto\">\n<div class=\"blocco-acquista\">Acquista su Holyart:<\/div>\n<div class=\"blocco-titolo\"><a href=\"https:\/\/www.holyart.it\/it\/natale\/scenografie-presepe\/ambientazioni-botteghe-case-pozzi\">Ambientazioni, botteghe, case, pozzi<\/a><\/div>\n<div class=\"blocco-descrizione\">In questa categoria puoi trovare vari tipi di case e ambientazioni per il presepe.<\/div>\n<\/div>\n<\/div>\n<h2>Tutta la Creazione celebra la venuta di Cristo<\/h2>\n<p><em>&#8220;Quanta emozione dovrebbe accompagnarci mentre collochiamo nel Presepe le montagne, i ruscelli, le pecore e i pastori! In questo modo ricordiamo, come avevano preannunciato i profeti, che tutto il creato partecipa alla festa della venuta del Messia. Gli angeli e la stella cometa sono il segno che noi pure siamo chiamati a metterci in cammino per raggiungere la grotta e adorare il Signore.[&#8230;]\u00a0A differenza di tanta gente intenta a fare mille altre cose,\u00a0<strong>i pastori diventano i primi testimoni dell\u2019essenziale<\/strong>, cio\u00e8 della salvezza che viene donata. Sono\u00a0<strong>i pi\u00f9 umili e i pi\u00f9 poveri<\/strong>\u00a0che sanno accogliere l\u2019avvenimento dell\u2019Incarnazione. A Dio che ci viene incontro nel Bambino Ges\u00f9, i pastori rispondono\u00a0<strong>mettendosi in cammino verso di Lui<\/strong>&#8220;<\/em><\/p>\n<p>Mentre la presenza di rocce, fiumi, animali, ci ricorda che\u00a0<strong>tutto il creato partecipa del miracolo della Nativit\u00e0<\/strong>, i\u00a0<a href=\"https:\/\/www.holyart.it\/blog\/natale\/ladorazione-dei-pastori-quando-langelo-annuncio-la-nascita-di-gesu\/\"><strong>Pastori<\/strong><\/a> sono i primi ad accogliere la notizia, i primi a recarsi presso la capanna di Betlemme a testimoniare la venuta del Salvatore, loro che sono umili, poveri, e tuttavia pronti a credere all&#8217;annuncio dell&#8217;Angelo, allo splendore della Stella.<\/p>\n<div class=\"link-article\">\n<p><img loading=\"lazy\" decoding=\"async\" class=\"size-full wp-image-18849 alignleft\" src=\"https:\/\/blog.holyart.it\/it\/wp-content\/uploads\/sites\/17\/2023\/11\/adorazione-dei-pastori.jpg\" alt=\"adorazione dei pastori\" width=\"150\" height=\"99\" data-kale-share-title=\"Lettera Apostolica \u201cAdmirabile Signum\u201d di Papa Francesco sul Natale\" data-kale-share-url=\"https:\/\/blog.holyart.it\/it\/?p=18836\" \/><\/p>\n<div class=\"leggi-anche\">Leggi anche:<\/div>\n<p><strong><a href=\"https:\/\/www.holyart.it\/blog\/natale\/ladorazione-dei-pastori-quando-langelo-annuncio-la-nascita-di-gesu\/\">L\u2019adorazione dei pastori: quando l\u2019Angelo annunci\u00f2 la nascita di Ges\u00f9<\/a><\/strong><br \/>\nL\u2019adorazione dei pastori: dal Vangelo di Luca al Presepe una storia&#8230;<\/p>\n<\/div>\n<h2>Personaggi del Presepe e loro simbolismo<\/h2>\n<p><em>&#8220;Nei nostri presepi siamo soliti mettere tante statuine simboliche. Anzitutto, quelle di\u00a0<strong>mendicanti<\/strong>\u00a0e di gente che non conosce altra abbondanza se non quella del cuore. Anche loro stanno vicine a Ges\u00f9 Bambino a pieno titolo, senza che nessuno possa sfrattarle o allontanarle da una culla talmente improvvisata che i poveri attorno ad essa non stonano affatto.\u00a0<strong>I poveri, anzi, sono i privilegiati\u00a0<\/strong>di questo mistero e, spesso, coloro che maggiormente riescono a riconoscere la presenza di Dio in mezzo a noi. [&#8230;]\u00a0Spesso i bambini \u2013 ma anche gli adulti! \u2013 amano aggiungere al Presepe altre statuine che sembrano non avere alcuna relazione con i racconti evangelici. Eppure, questa immaginazione intende esprimere che in questo\u00a0<strong>nuovo mondo inaugurato da Ges\u00f9<\/strong>\u00a0c\u2019\u00e8 spazio per tutto ci\u00f2 che \u00e8 umano e per ogni creatura. Dal pastore al fabbro, dal fornaio ai musicisti, dalle donne che portano le brocche d\u2019acqua ai bambini che giocano\u2026: tutto ci\u00f2 rappresenta la\u00a0<strong>santit\u00e0 quotidiana<\/strong>, la gioia di fare in modo straordinario le cose di tutti i giorni, quando Ges\u00f9 condivide con noi la sua vita divina.&#8221;<\/em><\/p>\n<p>Nel Presepe nulla \u00e8 casuale, ogni scenario,\u00a0<strong><a href=\"https:\/\/www.holyart.it\/blog\/natale\/personaggi-del-presepe-napoletano-significato\/\">ogni personaggio simboleggia qualcosa<\/a><\/strong>. Ancora il Papa pone l&#8217;attenzione su come siano\u00a0<strong>i poveri i veri protagonisti<\/strong>, coloro i quali non erano mai stati presi in considerazione, e che trovano nella nascita di Ges\u00f9 la propria dimensione, il luogo e il tempo giusto per essere importanti, i primi ad accogliere questo mondo nuovo, dove nulla potr\u00e0 pi\u00f9 essere come prima.<\/p>\n<div class=\"link-article\">\n<p><img loading=\"lazy\" decoding=\"async\" class=\"size-full wp-image-18850 alignleft\" src=\"https:\/\/blog.holyart.it\/it\/wp-content\/uploads\/sites\/17\/2023\/11\/I-personaggi-del-Presepe-Napoletano.jpg\" alt=\"I personaggi del Presepe Napoletano\" width=\"150\" height=\"99\" data-kale-share-title=\"Lettera Apostolica \u201cAdmirabile Signum\u201d di Papa Francesco sul Natale\" data-kale-share-url=\"https:\/\/blog.holyart.it\/it\/?p=18836\" \/><\/p>\n<div class=\"leggi-anche\">Leggi anche:<\/div>\n<p><strong><a href=\"https:\/\/www.holyart.it\/blog\/natale\/personaggi-del-presepe-napoletano-significato\/\">I personaggi del Presepe Napoletano e il loro significato<\/a><\/strong><br \/>\nIl Presepe napoletano \u00e8 molto pi\u00f9 di una semplice ricostruzione della Nativit\u00e0. Ogni personaggio, ogni scena&#8230;<\/p>\n<\/div>\n<h2>Tutto il potere di un Bambino<\/h2>\n<p><em>&#8220;Il cuore del Presepe comincia a palpitare quando, a Natale, vi deponiamo la statuina di Ges\u00f9 Bambino. Dio si presenta cos\u00ec, in un bambino, per farsi accogliere tra le nostre braccia.\u00a0<strong>Nella debolezza e nella fragilit\u00e0 nasconde la sua potenza<\/strong>\u00a0che tutto crea e trasforma. Sembra impossibile, eppure \u00e8 cos\u00ec: in Ges\u00f9 Dio \u00e8 stato bambino e in questa condizione ha voluto rivelare\u00a0<strong>la grandezza del suo amore<\/strong>, che si manifesta in un sorriso e nel tendere le sue mani verso chiunque.&#8221;<\/em><\/p>\n<p>La portata rivoluzionaria della venuta di Cristo \u00e8 questa: per la prima volta un Dio sceglie di manifestarsi al mondo non nel fulgore della sua potenza, non incarnandosi in un Re o un condottiero, ma in un\u00a0<strong>piccolo bambino indifeso<\/strong>, nel freddo di una notte d&#8217;inverno, figlio di una donna, Maria, e di un uomo, Giuseppe, poveri, smarriti davanti a un miracolo che solo in parte comprendono, ma al quale si affidano con fede e umilt\u00e0. Nessuna ostentazione, nessuna gloria: solo un bambino, uguale a migliaia di altri bambini, fragile, indifeso, affamato e infreddolito, e proprio per questo miracoloso.<\/p>\n<h2>I Magi e la missione di evangelizzazione<\/h2>\n<p><em>&#8220;Quando si avvicina la festa dell\u2019Epifania, si collocano nel Presepe le tre statuine dei Re Magi. Osservando la stella, quei saggi e ricchi signori dell\u2019Oriente si erano messi in cammino verso Betlemme per conoscere Ges\u00f9, e offrirgli in dono <a href=\"https:\/\/www.holyart.it\/blog\/natale\/oro-incenso-e-mirra-perche-proprio-questi-doni-a-gesu-bambino\/\"><strong>oro, incenso e mirra<\/strong><\/a>. Anche questi regali hanno un significato allegorico: l\u2019oro onora la regalit\u00e0 di Ges\u00f9; l\u2019incenso la sua divinit\u00e0; la mirra la sua santa umanit\u00e0 che conoscer\u00e0 la morte e la sepoltura. Guardando questa scena nel Presepe siamo chiamati a riflettere sulla<strong>\u00a0responsabilit\u00e0 che ogni cristiano ha di essere evangelizzatore<\/strong>. Ognuno di noi si fa portatore della Bella Notizia presso quanti incontra, testimoniando la gioia di aver incontrato Ges\u00f9 e il suo amore con concrete azioni di misericordia.&#8221;<\/em><\/p>\n<p>Il Presepe manifesta la nostra volont\u00e0 di rendere omaggio a Ges\u00f9, ma anche il\u00a0<strong>nostro impegno a diffondere la Sua Parola<\/strong>, a portare la Buona Novella non solo a Natale, ma ogni giorno, con le parole, con i nostri comportamenti, col nostro modo di porci verso gli altri.<\/p>\n<div class=\"link-article\">\n<p><img loading=\"lazy\" decoding=\"async\" class=\"alignleft wp-image-18851 size-full\" src=\"https:\/\/blog.holyart.it\/it\/wp-content\/uploads\/sites\/17\/2023\/11\/oro-incenso-e-mirra.jpeg\" alt=\"oro incenso e mirra\" width=\"150\" height=\"99\" data-kale-share-title=\"Lettera Apostolica \u201cAdmirabile Signum\u201d di Papa Francesco sul Natale\" data-kale-share-url=\"https:\/\/blog.holyart.it\/it\/?p=18836\" \/><\/p>\n<div class=\"leggi-anche\">Leggi anche:<\/div>\n<p><strong><a href=\"https:\/\/www.holyart.it\/blog\/natale\/oro-incenso-e-mirra-perche-proprio-questi-doni-a-gesu-bambino\/\">Oro incenso e mirra: perch\u00e9 proprio questi doni a Ges\u00f9 Bambino<\/a><\/strong><br \/>\nI Re Magi, figure affascinanti e suggestive della tradizione di Natale&#8230;<\/p>\n<\/div>\n<p>Cos\u00ec Papa Francesco conclude la sua Lettera Apostolica\u00a0<strong><em>Admirabile Signum<\/em><\/strong><em>,\u00a0con un&#8217;esortazione a\u00a0<strong>vivere il Natale come figli di Dio<\/strong>, accogliendo la gioia che deriva dal ricordare la venuta di Ges\u00f9, nella semplicit\u00e0 e umilt\u00e0 che il Presepe vi suggerisce da sempre:<\/em><\/p>\n<p><em>&#8220;Cari fratelli e sorelle, il Presepe fa parte del dolce ed esigente processo di trasmissione della fede. A partire dall\u2019infanzia e poi in ogni et\u00e0 della vita, ci educa a contemplare Ges\u00f9, a sentire l\u2019amore di Dio per noi, a sentire e credere che Dio \u00e8 con noi e noi siamo con Lui, tutti figli e fratelli grazie a quel Bambino Figlio di Dio e della Vergine Maria. E a sentire che in questo sta la felicit\u00e0. Alla scuola di San Francesco, apriamo il cuore a questa grazia semplice, lasciamo che dallo stupore nasca una preghiera umile: il nostro \u201cgrazie\u201d a Dio che ha voluto condividere con noi tutto per non lasciarci mai soli.&#8221;<\/em><\/p>\n","protected":false},"excerpt":{"rendered":"<p>La Lettera Apostolica\u00a0Admirabile Signum\u00a0di Papa Francesco \u00e8 un invito a vivere il Natale con stupore, gioia, umilt\u00e0 e fede. Ecco come In occasione della sua visita nel Santuario del\u00a0Presepe di Greccio, il 1\u00b0 dicembre 2019, Papa Francesco pubblic\u00f2 la Lettera Apostolica\u00a0Admirabile Signum, il suo speciale&hellip;<\/p>\n","protected":false},"author":1,"featured_media":18854,"comment_status":"closed","ping_status":"open","sticky":false,"template":"","format":"standard","meta":{"_acf_changed":false,"footnotes":""},"categories":[18,16],"tags":[],"class_list":["post-18836","post","type-post","status-publish","format-standard","has-post-thumbnail","hentry","category-natale","category-articoli-religiosi"],"acf":[],"yoast_head":"<!-- This site is optimized with the Yoast SEO plugin v26.6 - https:\/\/yoast.com\/wordpress\/plugins\/seo\/ -->\n<title>Lettera Apostolica &quot;Admirabile Signum&quot; di Papa Francesco sul Natale - Holyblog<\/title>\n<meta name=\"description\" content=\"Con la Lettera Apostolica Admirabile Signum Papa Francesco ha voluto esprimere il valore simbolico e spirituale del Presepe\" \/>\n<meta name=\"robots\" content=\"index, follow, max-snippet:-1, max-image-preview:large, max-video-preview:-1\" \/>\n<link rel=\"canonical\" href=\"https:\/\/blog.holyart.it\/it\/articoli-religiosi\/lettera-apostolica-admirabile-signum-di-papa-francesco-sul-natale\/\" \/>\n<meta property=\"og:locale\" content=\"it_IT\" \/>\n<meta property=\"og:type\" content=\"article\" \/>\n<meta property=\"og:title\" content=\"Lettera Apostolica &quot;Admirabile Signum&quot; di Papa Francesco sul Natale - Holyblog\" \/>\n<meta property=\"og:description\" content=\"Con la Lettera Apostolica Admirabile Signum Papa Francesco ha voluto esprimere il valore simbolico e spirituale del Presepe\" \/>\n<meta property=\"og:url\" content=\"https:\/\/blog.holyart.it\/it\/articoli-religiosi\/lettera-apostolica-admirabile-signum-di-papa-francesco-sul-natale\/\" \/>\n<meta property=\"og:site_name\" content=\"Holyblog\" \/>\n<meta property=\"article:published_time\" content=\"2023-12-18T09:35:15+00:00\" \/>\n<meta property=\"article:modified_time\" content=\"2025-11-19T11:44:19+00:00\" \/>\n<meta property=\"og:image\" content=\"https:\/\/blog.holyart.it\/it\/wp-content\/uploads\/sites\/17\/2023\/11\/lettera-apostolica-admirabile-signum-presepe.jpg\" \/>\n\t<meta property=\"og:image:width\" content=\"1000\" \/>\n\t<meta property=\"og:image:height\" content=\"666\" \/>\n\t<meta property=\"og:image:type\" content=\"image\/jpeg\" \/>\n<meta name=\"author\" content=\"Redazione\" \/>\n<meta name=\"twitter:card\" content=\"summary_large_image\" \/>\n<meta name=\"twitter:label1\" content=\"Scritto da\" \/>\n\t<meta name=\"twitter:data1\" content=\"Redazione\" \/>\n\t<meta name=\"twitter:label2\" content=\"Tempo di lettura stimato\" \/>\n\t<meta name=\"twitter:data2\" content=\"17 minuti\" \/>\n<script type=\"application\/ld+json\" class=\"yoast-schema-graph\">{\"@context\":\"https:\/\/schema.org\",\"@graph\":[{\"@type\":\"Article\",\"@id\":\"https:\/\/blog.holyart.it\/it\/articoli-religiosi\/lettera-apostolica-admirabile-signum-di-papa-francesco-sul-natale\/#article\",\"isPartOf\":{\"@id\":\"https:\/\/blog.holyart.it\/it\/articoli-religiosi\/lettera-apostolica-admirabile-signum-di-papa-francesco-sul-natale\/\"},\"author\":{\"name\":\"Redazione\",\"@id\":\"https:\/\/blog.holyart.it\/it\/#\/schema\/person\/0a7b686e5af0f856ec1e390dd0baecda\"},\"headline\":\"Lettera Apostolica &#8220;Admirabile Signum&#8221; di Papa Francesco sul Natale\",\"datePublished\":\"2023-12-18T09:35:15+00:00\",\"dateModified\":\"2025-11-19T11:44:19+00:00\",\"mainEntityOfPage\":{\"@id\":\"https:\/\/blog.holyart.it\/it\/articoli-religiosi\/lettera-apostolica-admirabile-signum-di-papa-francesco-sul-natale\/\"},\"wordCount\":2743,\"publisher\":{\"@id\":\"https:\/\/blog.holyart.it\/it\/#organization\"},\"image\":{\"@id\":\"https:\/\/blog.holyart.it\/it\/articoli-religiosi\/lettera-apostolica-admirabile-signum-di-papa-francesco-sul-natale\/#primaryimage\"},\"thumbnailUrl\":\"https:\/\/blog.holyart.it\/it\/wp-content\/uploads\/sites\/17\/2023\/11\/lettera-apostolica-admirabile-signum-presepe.jpg\",\"articleSection\":[\"Natale\",\"Religione\"],\"inLanguage\":\"it-IT\"},{\"@type\":\"WebPage\",\"@id\":\"https:\/\/blog.holyart.it\/it\/articoli-religiosi\/lettera-apostolica-admirabile-signum-di-papa-francesco-sul-natale\/\",\"url\":\"https:\/\/blog.holyart.it\/it\/articoli-religiosi\/lettera-apostolica-admirabile-signum-di-papa-francesco-sul-natale\/\",\"name\":\"Lettera Apostolica \\\"Admirabile Signum\\\" di Papa Francesco sul Natale - Holyblog\",\"isPartOf\":{\"@id\":\"https:\/\/blog.holyart.it\/it\/#website\"},\"primaryImageOfPage\":{\"@id\":\"https:\/\/blog.holyart.it\/it\/articoli-religiosi\/lettera-apostolica-admirabile-signum-di-papa-francesco-sul-natale\/#primaryimage\"},\"image\":{\"@id\":\"https:\/\/blog.holyart.it\/it\/articoli-religiosi\/lettera-apostolica-admirabile-signum-di-papa-francesco-sul-natale\/#primaryimage\"},\"thumbnailUrl\":\"https:\/\/blog.holyart.it\/it\/wp-content\/uploads\/sites\/17\/2023\/11\/lettera-apostolica-admirabile-signum-presepe.jpg\",\"datePublished\":\"2023-12-18T09:35:15+00:00\",\"dateModified\":\"2025-11-19T11:44:19+00:00\",\"description\":\"Con la Lettera Apostolica Admirabile Signum Papa Francesco ha voluto esprimere il valore simbolico e spirituale del Presepe\",\"breadcrumb\":{\"@id\":\"https:\/\/blog.holyart.it\/it\/articoli-religiosi\/lettera-apostolica-admirabile-signum-di-papa-francesco-sul-natale\/#breadcrumb\"},\"inLanguage\":\"it-IT\",\"potentialAction\":[{\"@type\":\"ReadAction\",\"target\":[\"https:\/\/blog.holyart.it\/it\/articoli-religiosi\/lettera-apostolica-admirabile-signum-di-papa-francesco-sul-natale\/\"]}]},{\"@type\":\"ImageObject\",\"inLanguage\":\"it-IT\",\"@id\":\"https:\/\/blog.holyart.it\/it\/articoli-religiosi\/lettera-apostolica-admirabile-signum-di-papa-francesco-sul-natale\/#primaryimage\",\"url\":\"https:\/\/blog.holyart.it\/it\/wp-content\/uploads\/sites\/17\/2023\/11\/lettera-apostolica-admirabile-signum-presepe.jpg\",\"contentUrl\":\"https:\/\/blog.holyart.it\/it\/wp-content\/uploads\/sites\/17\/2023\/11\/lettera-apostolica-admirabile-signum-presepe.jpg\",\"width\":1000,\"height\":666,\"caption\":\"lettera apostolica admirabile signum presepe\"},{\"@type\":\"BreadcrumbList\",\"@id\":\"https:\/\/blog.holyart.it\/it\/articoli-religiosi\/lettera-apostolica-admirabile-signum-di-papa-francesco-sul-natale\/#breadcrumb\",\"itemListElement\":[{\"@type\":\"ListItem\",\"position\":1,\"name\":\"Homepage\",\"item\":\"https:\/\/blog.holyart.it\/it\/\"},{\"@type\":\"ListItem\",\"position\":2,\"name\":\"Religione\",\"item\":\"https:\/\/blog.holyart.it\/it\/articoli-religiosi\/\"},{\"@type\":\"ListItem\",\"position\":3,\"name\":\"Lettera Apostolica &#8220;Admirabile Signum&#8221; di Papa Francesco sul Natale\"}]},{\"@type\":\"WebSite\",\"@id\":\"https:\/\/blog.holyart.it\/it\/#website\",\"url\":\"https:\/\/blog.holyart.it\/it\/\",\"name\":\"Holyblog\",\"description\":\"Il Blog di Holyart.it\",\"publisher\":{\"@id\":\"https:\/\/blog.holyart.it\/it\/#organization\"},\"potentialAction\":[{\"@type\":\"SearchAction\",\"target\":{\"@type\":\"EntryPoint\",\"urlTemplate\":\"https:\/\/blog.holyart.it\/it\/?s={search_term_string}\"},\"query-input\":{\"@type\":\"PropertyValueSpecification\",\"valueRequired\":true,\"valueName\":\"search_term_string\"}}],\"inLanguage\":\"it-IT\"},{\"@type\":\"Organization\",\"@id\":\"https:\/\/blog.holyart.it\/it\/#organization\",\"name\":\"Holyblog\",\"url\":\"https:\/\/blog.holyart.it\/it\/\",\"logo\":{\"@type\":\"ImageObject\",\"inLanguage\":\"it-IT\",\"@id\":\"https:\/\/blog.holyart.it\/it\/#\/schema\/logo\/image\/\",\"url\":\"https:\/\/blog.holyart.it\/it\/wp-content\/uploads\/sites\/17\/2022\/12\/Holyart_Blog_Logo.jpg\",\"contentUrl\":\"https:\/\/blog.holyart.it\/it\/wp-content\/uploads\/sites\/17\/2022\/12\/Holyart_Blog_Logo.jpg\",\"width\":300,\"height\":50,\"caption\":\"Holyblog\"},\"image\":{\"@id\":\"https:\/\/blog.holyart.it\/it\/#\/schema\/logo\/image\/\"}},{\"@type\":\"Person\",\"@id\":\"https:\/\/blog.holyart.it\/it\/#\/schema\/person\/0a7b686e5af0f856ec1e390dd0baecda\",\"name\":\"Redazione\"}]}<\/script>\n<!-- \/ Yoast SEO plugin. -->","yoast_head_json":{"title":"Lettera Apostolica \"Admirabile Signum\" di Papa Francesco sul Natale - Holyblog","description":"Con la Lettera Apostolica Admirabile Signum Papa Francesco ha voluto esprimere il valore simbolico e spirituale del Presepe","robots":{"index":"index","follow":"follow","max-snippet":"max-snippet:-1","max-image-preview":"max-image-preview:large","max-video-preview":"max-video-preview:-1"},"canonical":"https:\/\/blog.holyart.it\/it\/articoli-religiosi\/lettera-apostolica-admirabile-signum-di-papa-francesco-sul-natale\/","og_locale":"it_IT","og_type":"article","og_title":"Lettera Apostolica \"Admirabile Signum\" di Papa Francesco sul Natale - Holyblog","og_description":"Con la Lettera Apostolica Admirabile Signum Papa Francesco ha voluto esprimere il valore simbolico e spirituale del Presepe","og_url":"https:\/\/blog.holyart.it\/it\/articoli-religiosi\/lettera-apostolica-admirabile-signum-di-papa-francesco-sul-natale\/","og_site_name":"Holyblog","article_published_time":"2023-12-18T09:35:15+00:00","article_modified_time":"2025-11-19T11:44:19+00:00","og_image":[{"width":1000,"height":666,"url":"https:\/\/blog.holyart.it\/it\/wp-content\/uploads\/sites\/17\/2023\/11\/lettera-apostolica-admirabile-signum-presepe.jpg","type":"image\/jpeg"}],"author":"Redazione","twitter_card":"summary_large_image","twitter_misc":{"Scritto da":"Redazione","Tempo di lettura stimato":"17 minuti"},"schema":{"@context":"https:\/\/schema.org","@graph":[{"@type":"Article","@id":"https:\/\/blog.holyart.it\/it\/articoli-religiosi\/lettera-apostolica-admirabile-signum-di-papa-francesco-sul-natale\/#article","isPartOf":{"@id":"https:\/\/blog.holyart.it\/it\/articoli-religiosi\/lettera-apostolica-admirabile-signum-di-papa-francesco-sul-natale\/"},"author":{"name":"Redazione","@id":"https:\/\/blog.holyart.it\/it\/#\/schema\/person\/0a7b686e5af0f856ec1e390dd0baecda"},"headline":"Lettera Apostolica &#8220;Admirabile Signum&#8221; di Papa Francesco sul Natale","datePublished":"2023-12-18T09:35:15+00:00","dateModified":"2025-11-19T11:44:19+00:00","mainEntityOfPage":{"@id":"https:\/\/blog.holyart.it\/it\/articoli-religiosi\/lettera-apostolica-admirabile-signum-di-papa-francesco-sul-natale\/"},"wordCount":2743,"publisher":{"@id":"https:\/\/blog.holyart.it\/it\/#organization"},"image":{"@id":"https:\/\/blog.holyart.it\/it\/articoli-religiosi\/lettera-apostolica-admirabile-signum-di-papa-francesco-sul-natale\/#primaryimage"},"thumbnailUrl":"https:\/\/blog.holyart.it\/it\/wp-content\/uploads\/sites\/17\/2023\/11\/lettera-apostolica-admirabile-signum-presepe.jpg","articleSection":["Natale","Religione"],"inLanguage":"it-IT"},{"@type":"WebPage","@id":"https:\/\/blog.holyart.it\/it\/articoli-religiosi\/lettera-apostolica-admirabile-signum-di-papa-francesco-sul-natale\/","url":"https:\/\/blog.holyart.it\/it\/articoli-religiosi\/lettera-apostolica-admirabile-signum-di-papa-francesco-sul-natale\/","name":"Lettera Apostolica \"Admirabile Signum\" di Papa Francesco sul Natale - Holyblog","isPartOf":{"@id":"https:\/\/blog.holyart.it\/it\/#website"},"primaryImageOfPage":{"@id":"https:\/\/blog.holyart.it\/it\/articoli-religiosi\/lettera-apostolica-admirabile-signum-di-papa-francesco-sul-natale\/#primaryimage"},"image":{"@id":"https:\/\/blog.holyart.it\/it\/articoli-religiosi\/lettera-apostolica-admirabile-signum-di-papa-francesco-sul-natale\/#primaryimage"},"thumbnailUrl":"https:\/\/blog.holyart.it\/it\/wp-content\/uploads\/sites\/17\/2023\/11\/lettera-apostolica-admirabile-signum-presepe.jpg","datePublished":"2023-12-18T09:35:15+00:00","dateModified":"2025-11-19T11:44:19+00:00","description":"Con la Lettera Apostolica Admirabile Signum Papa Francesco ha voluto esprimere il valore simbolico e spirituale del Presepe","breadcrumb":{"@id":"https:\/\/blog.holyart.it\/it\/articoli-religiosi\/lettera-apostolica-admirabile-signum-di-papa-francesco-sul-natale\/#breadcrumb"},"inLanguage":"it-IT","potentialAction":[{"@type":"ReadAction","target":["https:\/\/blog.holyart.it\/it\/articoli-religiosi\/lettera-apostolica-admirabile-signum-di-papa-francesco-sul-natale\/"]}]},{"@type":"ImageObject","inLanguage":"it-IT","@id":"https:\/\/blog.holyart.it\/it\/articoli-religiosi\/lettera-apostolica-admirabile-signum-di-papa-francesco-sul-natale\/#primaryimage","url":"https:\/\/blog.holyart.it\/it\/wp-content\/uploads\/sites\/17\/2023\/11\/lettera-apostolica-admirabile-signum-presepe.jpg","contentUrl":"https:\/\/blog.holyart.it\/it\/wp-content\/uploads\/sites\/17\/2023\/11\/lettera-apostolica-admirabile-signum-presepe.jpg","width":1000,"height":666,"caption":"lettera apostolica admirabile signum presepe"},{"@type":"BreadcrumbList","@id":"https:\/\/blog.holyart.it\/it\/articoli-religiosi\/lettera-apostolica-admirabile-signum-di-papa-francesco-sul-natale\/#breadcrumb","itemListElement":[{"@type":"ListItem","position":1,"name":"Homepage","item":"https:\/\/blog.holyart.it\/it\/"},{"@type":"ListItem","position":2,"name":"Religione","item":"https:\/\/blog.holyart.it\/it\/articoli-religiosi\/"},{"@type":"ListItem","position":3,"name":"Lettera Apostolica &#8220;Admirabile Signum&#8221; di Papa Francesco sul Natale"}]},{"@type":"WebSite","@id":"https:\/\/blog.holyart.it\/it\/#website","url":"https:\/\/blog.holyart.it\/it\/","name":"Holyblog","description":"Il Blog di Holyart.it","publisher":{"@id":"https:\/\/blog.holyart.it\/it\/#organization"},"potentialAction":[{"@type":"SearchAction","target":{"@type":"EntryPoint","urlTemplate":"https:\/\/blog.holyart.it\/it\/?s={search_term_string}"},"query-input":{"@type":"PropertyValueSpecification","valueRequired":true,"valueName":"search_term_string"}}],"inLanguage":"it-IT"},{"@type":"Organization","@id":"https:\/\/blog.holyart.it\/it\/#organization","name":"Holyblog","url":"https:\/\/blog.holyart.it\/it\/","logo":{"@type":"ImageObject","inLanguage":"it-IT","@id":"https:\/\/blog.holyart.it\/it\/#\/schema\/logo\/image\/","url":"https:\/\/blog.holyart.it\/it\/wp-content\/uploads\/sites\/17\/2022\/12\/Holyart_Blog_Logo.jpg","contentUrl":"https:\/\/blog.holyart.it\/it\/wp-content\/uploads\/sites\/17\/2022\/12\/Holyart_Blog_Logo.jpg","width":300,"height":50,"caption":"Holyblog"},"image":{"@id":"https:\/\/blog.holyart.it\/it\/#\/schema\/logo\/image\/"}},{"@type":"Person","@id":"https:\/\/blog.holyart.it\/it\/#\/schema\/person\/0a7b686e5af0f856ec1e390dd0baecda","name":"Redazione"}]}},"_links":{"self":[{"href":"https:\/\/blog.holyart.it\/it\/wp-json\/wp\/v2\/posts\/18836","targetHints":{"allow":["GET"]}}],"collection":[{"href":"https:\/\/blog.holyart.it\/it\/wp-json\/wp\/v2\/posts"}],"about":[{"href":"https:\/\/blog.holyart.it\/it\/wp-json\/wp\/v2\/types\/post"}],"author":[{"embeddable":true,"href":"https:\/\/blog.holyart.it\/it\/wp-json\/wp\/v2\/users\/1"}],"replies":[{"embeddable":true,"href":"https:\/\/blog.holyart.it\/it\/wp-json\/wp\/v2\/comments?post=18836"}],"version-history":[{"count":8,"href":"https:\/\/blog.holyart.it\/it\/wp-json\/wp\/v2\/posts\/18836\/revisions"}],"predecessor-version":[{"id":18855,"href":"https:\/\/blog.holyart.it\/it\/wp-json\/wp\/v2\/posts\/18836\/revisions\/18855"}],"wp:featuredmedia":[{"embeddable":true,"href":"https:\/\/blog.holyart.it\/it\/wp-json\/wp\/v2\/media\/18854"}],"wp:attachment":[{"href":"https:\/\/blog.holyart.it\/it\/wp-json\/wp\/v2\/media?parent=18836"}],"wp:term":[{"taxonomy":"category","embeddable":true,"href":"https:\/\/blog.holyart.it\/it\/wp-json\/wp\/v2\/categories?post=18836"},{"taxonomy":"post_tag","embeddable":true,"href":"https:\/\/blog.holyart.it\/it\/wp-json\/wp\/v2\/tags?post=18836"}],"curies":[{"name":"wp","href":"https:\/\/api.w.org\/{rel}","templated":true}]}}