{"id":18783,"date":"2023-12-04T09:51:55","date_gmt":"2023-12-04T08:51:55","guid":{"rendered":"https:\/\/blog.holyart.it\/it\/?p=18783"},"modified":"2025-11-14T17:27:47","modified_gmt":"2025-11-14T16:27:47","slug":"la-storia-di-santa-barbara-la-protettrice-di-vigili-del-fuoco-e-marinai","status":"publish","type":"post","link":"https:\/\/blog.holyart.it\/it\/santi-e-beati\/la-storia-di-santa-barbara-la-protettrice-di-vigili-del-fuoco-e-marinai\/","title":{"rendered":"La storia di Santa Barbara, la protettrice di vigili del fuoco e marinai"},"content":{"rendered":"<h4>Santa Barbara, patrona dei pompieri, dei marinai e dei minatori, protegge chi rischia la vita ogni giorno nell&#8217;adempimento del proprio lavoro<\/h4>\n\n<p>Il\u00a0<strong>4 dicembre\u00a0<\/strong>si celebra la memoria liturgica di\u00a0<strong>Santa Barbara<\/strong>, riconosciuta come protettrice dei vigili del fuoco, dei marinai e dei minatori. Originaria della\u00a0<strong>Turchia<\/strong>, fu martirizzata nel III secolo d.C. in nome della fede per mano del suo stesso padre, Dioscuro, collaboratore dell&#8217;imperatore Massimiano Erculeo.<br \/>\nIn occasione della\u00a0<a href=\"https:\/\/www.holyart.it\/it\/accessori-per-la-liturgia\/paramenti-liturgici-servizi-altare-coprileggii\/stole-sacerdotali\/stola-santa-barbara-poggiata-sulla-torre-avorio\"><strong>festa di Santa Barbara<\/strong><\/a>\u00a0il 4 dicembre, giorno in cui i devoti commemorano il suo martirio, hanno luogo processioni, preghiere e in molte comunit\u00e0, si accendono\u00a0<strong>fuochi d&#8217;artificio<\/strong>\u00a0per onorare la santa, patrona anche degli artificieri. In particolare a\u00a0<strong>Patern\u00f2<\/strong>, in provincia di Catania, di cui la Santa \u00e8 patrona, ogni anno si tengono solenni festeggiamenti che durano dal 3 all&#8217;11 di dicembre, oltre che il 27 maggio, data del patrocinio di Santa Barbara, dopo che ella ebbe fermato l&#8217;eruzione dell&#8217;Etna nel 1780, e il 27 luglio, giorno della traslazione delle sue reliquie.<\/p>\n<div class=\"link-product\">\n<div class=\"blocco-immagine\"><img loading=\"lazy\" decoding=\"async\" class=\"size-full wp-image-18788 alignleft\" src=\"https:\/\/blog.holyart.it\/it\/wp-content\/uploads\/sites\/17\/2023\/11\/stola-santa-barbara-poggiata-sulla-torre-avorio.jpg\" alt=\"stola santa barbara poggiata sulla torre avorio\" width=\"100\" height=\"100\" data-kale-share-title=\"La storia di Santa Barbara, la protettrice di vigili del fuoco e marinai\" data-kale-share-url=\"https:\/\/blog.holyart.it\/it\/?p=18783\" \/><\/div>\n<div class=\"blocco-contenuto\">\n<div class=\"blocco-acquista\">Acquista su Holyart:<\/div>\n<div class=\"blocco-titolo\"><a href=\"https:\/\/www.holyart.it\/it\/accessori-per-la-liturgia\/paramenti-liturgici-servizi-altare-coprileggii\/stole-sacerdotali\/stola-santa-barbara-poggiata-sulla-torre-avorio\">Stola Santa Barbara poggiata sulla torre avorio<\/a><\/div>\n<div class=\"blocco-descrizione\">Santa Barbara ricamata su una stola color avorio e raffigurata con un ramo di palma tra le braccia.<\/div>\n<\/div>\n<\/div>\n<p>Il\u00a0<strong>Cammino Minerario di Santa Barbara<\/strong>\u00a0\u00e8 tra i percorsi pi\u00f9 suggestivi d&#8217;Italia. Si estende in forma di anello per circa 500 chilometri nell&#8217;area occidentale del Sud della Sardegna, abbracciando le regioni di Sulcis, Iglesiente e Guspinese, e segue gli antichi sentieri dei minatori, le vie che collegavano le miniere tra loro e agli insediamenti. Un viaggio attraverso paesaggi mozzafiato e sentieri storici, ma anche attraverso altre epoche, scoprendo le storie di innumerevoli uomini che a quelle miniere hanno consacrato la propria vita, contribuendo a plasmare la loro terra.<\/p>\n<p>All&#8217;interno della miniera di San Giovanni di Bindua, vicino a Iglesias, si apre la\u00a0<strong>Grotta di Santa Barbara<\/strong>, scoperta per caso solo nel 1952. Ad essa si accede con un trenino, che percorre un labirinto di gallerie sotterranee per oltre 700 metri. La grotta non \u00e8 solo un affascinante complesso sotterraneo, ma anche una testimonianza del passato geologico e dell&#8217;opera millenaria della natura, con le sue pareti rivestite da cristalli tabulari di barite bruno scuro, e le stalattiti e stalagmiti che formano colonne che possono raggiungere anche i 25 metri di altezza.<\/p>\n<p>A Roma, vicino a Campo de&#8217; Fiori, sorge la chiesa di\u00a0<strong>Santa Barbara de&#8217; Librari<\/strong>, detta Santa Barbara alla Regola, una piccola chiesa che risale all&#8217;inizio del 1300, affidata alla confraternita de&#8217; Librari fino allo scioglimento di quest&#8217;ultima e arricchita nei secoli di decori barocchi e splendidi affreschi.<\/p>\n<h2>La storia di Santa Barbara e il suo martirio<\/h2>\n<p>Originaria dell&#8217;attuale\u00a0<strong>Turchia<\/strong>, Santa Barbara era figlia di un ricco pagano di nome Dioscoro, che lavorava per l&#8217;imperatore di Roma. Geloso della sua bellezza, il padre volle crescerla in assoluto isolamento, in\u00a0<a href=\"https:\/\/www.holyart.it\/it\/articoli-religiosi\/statue\/statue-in-resina-e-pvc\/santa-barbara-torre-statua-resina-15-cm\"><strong>un&#8217;alta torre inaccessibile<\/strong><\/a>\u00a0dalle influenze esterne. Tuttavia, la giovane donna coltivava una fede fervente nel Cristianesimo, e, contravvenendo alla volont\u00e0 paterna, abbracci\u00f2 segretamente la fede cristiana. La sua bellezza e intelligenza attirarono molti pretendenti, ma lei rifiut\u00f2 tutti, ferma nella volont\u00e0 di consacrarsi interamente a Dio. Quando suo padre scopr\u00ec la sua conversione, dapprima tent\u00f2 di convincerla ad abiurare la sua fede, ma Barbara bruci\u00f2 gli idoli pagani e fugg\u00ec nel bosco. Allora Dioscuro invoc\u00f2 l&#8217;intervento delle autorit\u00e0 romane contro la figlia ribelle. Barbara fu trascinata davanti al prefetto Marciano e sottoposta a\u00a0<strong>torture spaventose<\/strong>. Il suo corpo venne straziato con panni ruvidi e urticanti fino a esserne scorticato, poi la sua carne venne bruciata con metallo rovente, ma da ogni tormento lei usciva miracolosamente risanata e sempre pi\u00f9 forte nella fede. Alla fine fu Dioscuro stesso ad alzare la spada e\u00a0<strong>decapitare la figlia<\/strong>, ma un attimo dopo, secondo la leggenda, il cielo si squarci\u00f2 e un fulmine lo colp\u00ec in pieno, uccidendolo.<\/p>\n<div class=\"link-product\">\n<div class=\"blocco-immagine\"><img loading=\"lazy\" decoding=\"async\" class=\"size-full wp-image-18787 alignleft\" src=\"https:\/\/blog.holyart.it\/it\/wp-content\/uploads\/sites\/17\/2023\/11\/santa-barbara-torre-statua-resina-15-cm.jpg\" alt=\"santa barbara torre statua resina 15 cm\" width=\"100\" height=\"100\" data-kale-share-title=\"La storia di Santa Barbara, la protettrice di vigili del fuoco e marinai\" data-kale-share-url=\"https:\/\/blog.holyart.it\/it\/?p=18783\" \/><\/div>\n<div class=\"blocco-contenuto\">\n<div class=\"blocco-acquista\">Acquista su Holyart:<\/div>\n<div class=\"blocco-titolo\"><a href=\"https:\/\/www.holyart.it\/it\/articoli-religiosi\/statue\/statue-in-resina-e-pvc\/santa-barbara-torre-statua-resina-15-cm\">Santa Barbara torre statua resina 15 cm<\/a><\/div>\n<div class=\"blocco-descrizione\">Santa Barbara con il calice della Comunione e la spada e di fianco a lei la torre in cui fu rinchiusa.<\/div>\n<\/div>\n<\/div>\n<p>Nel VI secolo\u00a0<strong>le reliquie della martire<\/strong>\u00a0vennero trasferite dall&#8217;Egitto a Costantinopoli, e successivamente a Venezia, nella chiesa di San Giovanni Evangelista a Torcello nel 1009. Il culto di questa martire si diffuse ampiamente tra Oriente e Occidente, acquisendo col passare dei secoli un profondo significato simbolico, diventando un faro di protezione e coraggio per coloro che lavorano in condizioni pericolose e affrontano rischi repentini e situazioni di pericolo imminente.<\/p>\n<h2>Di chi \u00e8 la protettrice Santa Barbara<\/h2>\n<p>Santa Barbara non \u00e8 ricordata solo tra i\u00a0<strong><a href=\"https:\/\/www.holyart.it\/blog\/santi-e-beati\/santi-martiri-sacrificare-la-propria-vita-in-nome-di-dio\">Santi Martiri<\/a><\/strong>, uomini e donne che hanno sacrificato la propria vita, spesso giovani, in nome della fede. Santa Barbara \u00e8 anche uno dei quattordici\u00a0<strong>santi soccorritori o ausiliatori<\/strong>\u00a0ai quali anticamente erano associati i rimedi di una serie di malattie e problemi di salute vari e la festa collettiva dei quali, poi soppressa, cadeva l&#8217;<strong>8 agosto<\/strong>. Tra di essi ricordiamo per esempio\u00a0<strong><a href=\"https:\/\/www.holyart.it\/blog\/prodotti-monasteri\/san-biagio-il-santo-da-invocare-per-il-mal-di-gola\/\">San Biagio di Sebaste<\/a><\/strong>, protettore contro il mal di gola, <a href=\"https:\/\/www.holyart.it\/blog\/santi-e-beati\/san-cristoforo-il-santo-protettore-dei-pellegrini\/\"><strong>San Cristoforo<\/strong><\/a>, che proteggeva contro peste, uragani, incidenti di viaggio, e anche Santa Barbara, appunto, che offriva protezione contro la febbre, i fulmini e la morte improvvisa. \u00c8 probabile che il patronato contro la morte improvvisa sia legata alla morte leggendaria del padre, ma nel tempo Santa Barbara \u00e8 diventata la santa invocata a protezione di tutti coloro i quali, per lavoro o scelta di vita, affrontano il pericolo di una morte istantanea ogni giorno, come gli artificieri, i vigili del fuoco, gli artiglieri, i carpentieri e i minatori. I depositi di munizioni sulle navi da guerra vengono chiamati &#8220;Santa Barbara&#8221; in suo onore.<\/p>\n<div class=\"link-article\">\n<p><img loading=\"lazy\" decoding=\"async\" class=\"size-full wp-image-18786 alignleft\" src=\"https:\/\/blog.holyart.it\/it\/wp-content\/uploads\/sites\/17\/2023\/11\/san-biagio.jpg\" alt=\"san biagio\" width=\"150\" height=\"99\" data-kale-share-title=\"La storia di Santa Barbara, la protettrice di vigili del fuoco e marinai\" data-kale-share-url=\"https:\/\/blog.holyart.it\/it\/?p=18783\" \/><\/p>\n<div class=\"leggi-anche\">Leggi anche:<\/div>\n<p><strong><a href=\"https:\/\/www.holyart.it\/blog\/prodotti-monasteri\/san-biagio-il-santo-da-invocare-per-il-mal-di-gola\/\">San Biagio: il santo da invocare per il mal di gola<\/a><\/strong><br \/>\nLa devozione a San Biagio di Sebaste, medico e patrono degli otorinolaringoiatri, che cura le malattie della gola. I santi ausiliatori&#8230;<\/p>\n<\/div>\n<h2>I simboli di Santa Barbara<\/h2>\n<p>Le raffigurazioni comuni della santa la mostrano come una\u00a0<strong>bella giovane<\/strong>\u00a0vestita elegantemente, spesso immortalata nel momento della decapitazione, l&#8217;atto finale del suo lungo percorso di martirio.<\/p>\n<p>Santa Barbara viene spesso raffigurata con i\u00a0<strong>simboli del suo martirio<\/strong>, una torcia o la\u00a0<strong><a href=\"https:\/\/www.holyart.it\/it\/articoli-religiosi\/statue\/statue-in-gesso\/santa-barbara-35-cm-gesso-madreperlato\">spada<\/a><\/strong>, con cui il padre la decapit\u00f2. In molte statue e dipinti impugna solo la palma del martirio e porta una\u00a0<strong>corona<\/strong>\u00a0sul capo, o il\u00a0<strong>calice e l&#8217;ostia<\/strong>, simboli della sua fede incrollabile.<br \/>\nAltre volte viene rappresentata mentre regge tra le braccia\u00a0<strong><a href=\"https:\/\/www.holyart.it\/it\/articoli-religiosi\/statue\/statue-in-legno-dipinto\/santa-barbara\">la torre in cui suo padre l&#8217;aveva rinchiusa<\/a><\/strong>, una\u00a0<strong>torre a tre finestre<\/strong>, come lei stessa pretese che fosse, una per ogni Persona della Santissima Trinit\u00e0.<\/p>\n<div class=\"link-product\">\n<div class=\"blocco-immagine\"><img loading=\"lazy\" decoding=\"async\" class=\"size-full wp-image-18785 alignleft\" src=\"https:\/\/blog.holyart.it\/it\/wp-content\/uploads\/sites\/17\/2023\/11\/santa-barbara.jpg\" alt=\"santa barbara\" width=\"100\" height=\"100\" data-kale-share-title=\"La storia di Santa Barbara, la protettrice di vigili del fuoco e marinai\" data-kale-share-url=\"https:\/\/blog.holyart.it\/it\/?p=18783\" \/><\/div>\n<div class=\"blocco-contenuto\">\n<div class=\"blocco-acquista\">Acquista su Holyart:<\/div>\n<div class=\"blocco-titolo\"><a href=\"https:\/\/www.holyart.it\/it\/articoli-religiosi\/statue\/statue-in-legno-dipinto\/santa-barbara\">Statua Santa Barbara<\/a><\/div>\n<div class=\"blocco-descrizione\">Santa Barbara \u00e8 qui raffigurata con una torre tra le mani, come vuole la tradizione.<\/div>\n<\/div>\n<\/div>\n<p>Un altro dei simboli pi\u00f9 antichi associati alla Santa \u00e8 la <strong>penna di pavone<\/strong>, che evoca l&#8217;immortalit\u00e0 e l&#8217;apoteosi, ma anche la bellezza. Alcune versioni della leggenda narrano che, durante la sua tortura, le verghe usate dai carnefici si trasformarono in piume di pavone.\u00a0Altri simboli ricorrenti legati a Santa Barbara includono<strong>\u00a0i cannoni e le catapulte<\/strong>, che richiamano il suo patronato sull&#8217;artiglieria, e il\u00a0<strong>libro<\/strong>, rappresentativo della sua vita studiosa.<\/p>\n","protected":false},"excerpt":{"rendered":"<p>Santa Barbara, patrona dei pompieri, dei marinai e dei minatori, protegge chi rischia la vita ogni giorno nell&#8217;adempimento del proprio lavoro Il\u00a04 dicembre\u00a0si celebra la memoria liturgica di\u00a0Santa Barbara, riconosciuta come protettrice dei vigili del fuoco, dei marinai e dei minatori. Originaria della\u00a0Turchia, fu martirizzata&hellip;<\/p>\n","protected":false},"author":1,"featured_media":18792,"comment_status":"closed","ping_status":"open","sticky":false,"template":"","format":"standard","meta":{"_acf_changed":false,"footnotes":""},"categories":[15],"tags":[],"class_list":["post-18783","post","type-post","status-publish","format-standard","has-post-thumbnail","hentry","category-santi-e-beati"],"acf":[],"yoast_head":"<!-- This site is optimized with the Yoast SEO plugin v26.6 - https:\/\/yoast.com\/wordpress\/plugins\/seo\/ -->\n<title>La storia di Santa Barbara, la protettrice di vigili del fuoco e marinai - Holyblog<\/title>\n<meta name=\"description\" content=\"Patrona di pompieri, marinai e minatori, Santa Barbara era una bella fanciulla che scelse il martirio per non abiurare la fede\" \/>\n<meta name=\"robots\" content=\"index, follow, max-snippet:-1, max-image-preview:large, max-video-preview:-1\" \/>\n<link rel=\"canonical\" href=\"https:\/\/blog.holyart.it\/it\/santi-e-beati\/la-storia-di-santa-barbara-la-protettrice-di-vigili-del-fuoco-e-marinai\/\" \/>\n<meta property=\"og:locale\" content=\"it_IT\" \/>\n<meta property=\"og:type\" content=\"article\" \/>\n<meta property=\"og:title\" content=\"La storia di Santa Barbara, la protettrice di vigili del fuoco e marinai - Holyblog\" \/>\n<meta property=\"og:description\" content=\"Patrona di pompieri, marinai e minatori, Santa Barbara era una bella fanciulla che scelse il martirio per non abiurare la fede\" \/>\n<meta property=\"og:url\" content=\"https:\/\/blog.holyart.it\/it\/santi-e-beati\/la-storia-di-santa-barbara-la-protettrice-di-vigili-del-fuoco-e-marinai\/\" \/>\n<meta property=\"og:site_name\" content=\"Holyblog\" \/>\n<meta property=\"article:published_time\" content=\"2023-12-04T08:51:55+00:00\" \/>\n<meta property=\"article:modified_time\" content=\"2025-11-14T16:27:47+00:00\" \/>\n<meta property=\"og:image\" content=\"https:\/\/blog.holyart.it\/it\/wp-content\/uploads\/sites\/17\/2023\/11\/santa-barbara-con-la-torre.jpg\" \/>\n\t<meta property=\"og:image:width\" content=\"1000\" \/>\n\t<meta property=\"og:image:height\" content=\"666\" \/>\n\t<meta property=\"og:image:type\" content=\"image\/jpeg\" \/>\n<meta name=\"author\" content=\"Redazione\" \/>\n<meta name=\"twitter:card\" content=\"summary_large_image\" \/>\n<meta name=\"twitter:label1\" content=\"Scritto da\" \/>\n\t<meta name=\"twitter:data1\" content=\"Redazione\" \/>\n\t<meta name=\"twitter:label2\" content=\"Tempo di lettura stimato\" \/>\n\t<meta name=\"twitter:data2\" content=\"8 minuti\" \/>\n<script type=\"application\/ld+json\" class=\"yoast-schema-graph\">{\"@context\":\"https:\/\/schema.org\",\"@graph\":[{\"@type\":\"Article\",\"@id\":\"https:\/\/blog.holyart.it\/it\/santi-e-beati\/la-storia-di-santa-barbara-la-protettrice-di-vigili-del-fuoco-e-marinai\/#article\",\"isPartOf\":{\"@id\":\"https:\/\/blog.holyart.it\/it\/santi-e-beati\/la-storia-di-santa-barbara-la-protettrice-di-vigili-del-fuoco-e-marinai\/\"},\"author\":{\"name\":\"Redazione\",\"@id\":\"https:\/\/blog.holyart.it\/it\/#\/schema\/person\/0a7b686e5af0f856ec1e390dd0baecda\"},\"headline\":\"La storia di Santa Barbara, la protettrice di vigili del fuoco e marinai\",\"datePublished\":\"2023-12-04T08:51:55+00:00\",\"dateModified\":\"2025-11-14T16:27:47+00:00\",\"mainEntityOfPage\":{\"@id\":\"https:\/\/blog.holyart.it\/it\/santi-e-beati\/la-storia-di-santa-barbara-la-protettrice-di-vigili-del-fuoco-e-marinai\/\"},\"wordCount\":1152,\"publisher\":{\"@id\":\"https:\/\/blog.holyart.it\/it\/#organization\"},\"image\":{\"@id\":\"https:\/\/blog.holyart.it\/it\/santi-e-beati\/la-storia-di-santa-barbara-la-protettrice-di-vigili-del-fuoco-e-marinai\/#primaryimage\"},\"thumbnailUrl\":\"https:\/\/blog.holyart.it\/it\/wp-content\/uploads\/sites\/17\/2023\/11\/santa-barbara-con-la-torre.jpg\",\"articleSection\":[\"Santi e beati\"],\"inLanguage\":\"it-IT\"},{\"@type\":\"WebPage\",\"@id\":\"https:\/\/blog.holyart.it\/it\/santi-e-beati\/la-storia-di-santa-barbara-la-protettrice-di-vigili-del-fuoco-e-marinai\/\",\"url\":\"https:\/\/blog.holyart.it\/it\/santi-e-beati\/la-storia-di-santa-barbara-la-protettrice-di-vigili-del-fuoco-e-marinai\/\",\"name\":\"La storia di Santa Barbara, la protettrice di vigili del fuoco e marinai - Holyblog\",\"isPartOf\":{\"@id\":\"https:\/\/blog.holyart.it\/it\/#website\"},\"primaryImageOfPage\":{\"@id\":\"https:\/\/blog.holyart.it\/it\/santi-e-beati\/la-storia-di-santa-barbara-la-protettrice-di-vigili-del-fuoco-e-marinai\/#primaryimage\"},\"image\":{\"@id\":\"https:\/\/blog.holyart.it\/it\/santi-e-beati\/la-storia-di-santa-barbara-la-protettrice-di-vigili-del-fuoco-e-marinai\/#primaryimage\"},\"thumbnailUrl\":\"https:\/\/blog.holyart.it\/it\/wp-content\/uploads\/sites\/17\/2023\/11\/santa-barbara-con-la-torre.jpg\",\"datePublished\":\"2023-12-04T08:51:55+00:00\",\"dateModified\":\"2025-11-14T16:27:47+00:00\",\"description\":\"Patrona di pompieri, marinai e minatori, Santa Barbara era una bella fanciulla che scelse il martirio per non abiurare la fede\",\"breadcrumb\":{\"@id\":\"https:\/\/blog.holyart.it\/it\/santi-e-beati\/la-storia-di-santa-barbara-la-protettrice-di-vigili-del-fuoco-e-marinai\/#breadcrumb\"},\"inLanguage\":\"it-IT\",\"potentialAction\":[{\"@type\":\"ReadAction\",\"target\":[\"https:\/\/blog.holyart.it\/it\/santi-e-beati\/la-storia-di-santa-barbara-la-protettrice-di-vigili-del-fuoco-e-marinai\/\"]}]},{\"@type\":\"ImageObject\",\"inLanguage\":\"it-IT\",\"@id\":\"https:\/\/blog.holyart.it\/it\/santi-e-beati\/la-storia-di-santa-barbara-la-protettrice-di-vigili-del-fuoco-e-marinai\/#primaryimage\",\"url\":\"https:\/\/blog.holyart.it\/it\/wp-content\/uploads\/sites\/17\/2023\/11\/santa-barbara-con-la-torre.jpg\",\"contentUrl\":\"https:\/\/blog.holyart.it\/it\/wp-content\/uploads\/sites\/17\/2023\/11\/santa-barbara-con-la-torre.jpg\",\"width\":1000,\"height\":666,\"caption\":\"santa barbara con la torre\"},{\"@type\":\"BreadcrumbList\",\"@id\":\"https:\/\/blog.holyart.it\/it\/santi-e-beati\/la-storia-di-santa-barbara-la-protettrice-di-vigili-del-fuoco-e-marinai\/#breadcrumb\",\"itemListElement\":[{\"@type\":\"ListItem\",\"position\":1,\"name\":\"Homepage\",\"item\":\"https:\/\/blog.holyart.it\/it\/\"},{\"@type\":\"ListItem\",\"position\":2,\"name\":\"Santi e beati\",\"item\":\"https:\/\/blog.holyart.it\/it\/santi-e-beati\/\"},{\"@type\":\"ListItem\",\"position\":3,\"name\":\"La storia di Santa Barbara, la protettrice di vigili del fuoco e marinai\"}]},{\"@type\":\"WebSite\",\"@id\":\"https:\/\/blog.holyart.it\/it\/#website\",\"url\":\"https:\/\/blog.holyart.it\/it\/\",\"name\":\"Holyblog\",\"description\":\"Il Blog di Holyart.it\",\"publisher\":{\"@id\":\"https:\/\/blog.holyart.it\/it\/#organization\"},\"potentialAction\":[{\"@type\":\"SearchAction\",\"target\":{\"@type\":\"EntryPoint\",\"urlTemplate\":\"https:\/\/blog.holyart.it\/it\/?s={search_term_string}\"},\"query-input\":{\"@type\":\"PropertyValueSpecification\",\"valueRequired\":true,\"valueName\":\"search_term_string\"}}],\"inLanguage\":\"it-IT\"},{\"@type\":\"Organization\",\"@id\":\"https:\/\/blog.holyart.it\/it\/#organization\",\"name\":\"Holyblog\",\"url\":\"https:\/\/blog.holyart.it\/it\/\",\"logo\":{\"@type\":\"ImageObject\",\"inLanguage\":\"it-IT\",\"@id\":\"https:\/\/blog.holyart.it\/it\/#\/schema\/logo\/image\/\",\"url\":\"https:\/\/blog.holyart.it\/it\/wp-content\/uploads\/sites\/17\/2022\/12\/Holyart_Blog_Logo.jpg\",\"contentUrl\":\"https:\/\/blog.holyart.it\/it\/wp-content\/uploads\/sites\/17\/2022\/12\/Holyart_Blog_Logo.jpg\",\"width\":300,\"height\":50,\"caption\":\"Holyblog\"},\"image\":{\"@id\":\"https:\/\/blog.holyart.it\/it\/#\/schema\/logo\/image\/\"}},{\"@type\":\"Person\",\"@id\":\"https:\/\/blog.holyart.it\/it\/#\/schema\/person\/0a7b686e5af0f856ec1e390dd0baecda\",\"name\":\"Redazione\"}]}<\/script>\n<!-- \/ Yoast SEO plugin. -->","yoast_head_json":{"title":"La storia di Santa Barbara, la protettrice di vigili del fuoco e marinai - Holyblog","description":"Patrona di pompieri, marinai e minatori, Santa Barbara era una bella fanciulla che scelse il martirio per non abiurare la fede","robots":{"index":"index","follow":"follow","max-snippet":"max-snippet:-1","max-image-preview":"max-image-preview:large","max-video-preview":"max-video-preview:-1"},"canonical":"https:\/\/blog.holyart.it\/it\/santi-e-beati\/la-storia-di-santa-barbara-la-protettrice-di-vigili-del-fuoco-e-marinai\/","og_locale":"it_IT","og_type":"article","og_title":"La storia di Santa Barbara, la protettrice di vigili del fuoco e marinai - Holyblog","og_description":"Patrona di pompieri, marinai e minatori, Santa Barbara era una bella fanciulla che scelse il martirio per non abiurare la fede","og_url":"https:\/\/blog.holyart.it\/it\/santi-e-beati\/la-storia-di-santa-barbara-la-protettrice-di-vigili-del-fuoco-e-marinai\/","og_site_name":"Holyblog","article_published_time":"2023-12-04T08:51:55+00:00","article_modified_time":"2025-11-14T16:27:47+00:00","og_image":[{"width":1000,"height":666,"url":"https:\/\/blog.holyart.it\/it\/wp-content\/uploads\/sites\/17\/2023\/11\/santa-barbara-con-la-torre.jpg","type":"image\/jpeg"}],"author":"Redazione","twitter_card":"summary_large_image","twitter_misc":{"Scritto da":"Redazione","Tempo di lettura stimato":"8 minuti"},"schema":{"@context":"https:\/\/schema.org","@graph":[{"@type":"Article","@id":"https:\/\/blog.holyart.it\/it\/santi-e-beati\/la-storia-di-santa-barbara-la-protettrice-di-vigili-del-fuoco-e-marinai\/#article","isPartOf":{"@id":"https:\/\/blog.holyart.it\/it\/santi-e-beati\/la-storia-di-santa-barbara-la-protettrice-di-vigili-del-fuoco-e-marinai\/"},"author":{"name":"Redazione","@id":"https:\/\/blog.holyart.it\/it\/#\/schema\/person\/0a7b686e5af0f856ec1e390dd0baecda"},"headline":"La storia di Santa Barbara, la protettrice di vigili del fuoco e marinai","datePublished":"2023-12-04T08:51:55+00:00","dateModified":"2025-11-14T16:27:47+00:00","mainEntityOfPage":{"@id":"https:\/\/blog.holyart.it\/it\/santi-e-beati\/la-storia-di-santa-barbara-la-protettrice-di-vigili-del-fuoco-e-marinai\/"},"wordCount":1152,"publisher":{"@id":"https:\/\/blog.holyart.it\/it\/#organization"},"image":{"@id":"https:\/\/blog.holyart.it\/it\/santi-e-beati\/la-storia-di-santa-barbara-la-protettrice-di-vigili-del-fuoco-e-marinai\/#primaryimage"},"thumbnailUrl":"https:\/\/blog.holyart.it\/it\/wp-content\/uploads\/sites\/17\/2023\/11\/santa-barbara-con-la-torre.jpg","articleSection":["Santi e beati"],"inLanguage":"it-IT"},{"@type":"WebPage","@id":"https:\/\/blog.holyart.it\/it\/santi-e-beati\/la-storia-di-santa-barbara-la-protettrice-di-vigili-del-fuoco-e-marinai\/","url":"https:\/\/blog.holyart.it\/it\/santi-e-beati\/la-storia-di-santa-barbara-la-protettrice-di-vigili-del-fuoco-e-marinai\/","name":"La storia di Santa Barbara, la protettrice di vigili del fuoco e marinai - Holyblog","isPartOf":{"@id":"https:\/\/blog.holyart.it\/it\/#website"},"primaryImageOfPage":{"@id":"https:\/\/blog.holyart.it\/it\/santi-e-beati\/la-storia-di-santa-barbara-la-protettrice-di-vigili-del-fuoco-e-marinai\/#primaryimage"},"image":{"@id":"https:\/\/blog.holyart.it\/it\/santi-e-beati\/la-storia-di-santa-barbara-la-protettrice-di-vigili-del-fuoco-e-marinai\/#primaryimage"},"thumbnailUrl":"https:\/\/blog.holyart.it\/it\/wp-content\/uploads\/sites\/17\/2023\/11\/santa-barbara-con-la-torre.jpg","datePublished":"2023-12-04T08:51:55+00:00","dateModified":"2025-11-14T16:27:47+00:00","description":"Patrona di pompieri, marinai e minatori, Santa Barbara era una bella fanciulla che scelse il martirio per non abiurare la fede","breadcrumb":{"@id":"https:\/\/blog.holyart.it\/it\/santi-e-beati\/la-storia-di-santa-barbara-la-protettrice-di-vigili-del-fuoco-e-marinai\/#breadcrumb"},"inLanguage":"it-IT","potentialAction":[{"@type":"ReadAction","target":["https:\/\/blog.holyart.it\/it\/santi-e-beati\/la-storia-di-santa-barbara-la-protettrice-di-vigili-del-fuoco-e-marinai\/"]}]},{"@type":"ImageObject","inLanguage":"it-IT","@id":"https:\/\/blog.holyart.it\/it\/santi-e-beati\/la-storia-di-santa-barbara-la-protettrice-di-vigili-del-fuoco-e-marinai\/#primaryimage","url":"https:\/\/blog.holyart.it\/it\/wp-content\/uploads\/sites\/17\/2023\/11\/santa-barbara-con-la-torre.jpg","contentUrl":"https:\/\/blog.holyart.it\/it\/wp-content\/uploads\/sites\/17\/2023\/11\/santa-barbara-con-la-torre.jpg","width":1000,"height":666,"caption":"santa barbara con la torre"},{"@type":"BreadcrumbList","@id":"https:\/\/blog.holyart.it\/it\/santi-e-beati\/la-storia-di-santa-barbara-la-protettrice-di-vigili-del-fuoco-e-marinai\/#breadcrumb","itemListElement":[{"@type":"ListItem","position":1,"name":"Homepage","item":"https:\/\/blog.holyart.it\/it\/"},{"@type":"ListItem","position":2,"name":"Santi e beati","item":"https:\/\/blog.holyart.it\/it\/santi-e-beati\/"},{"@type":"ListItem","position":3,"name":"La storia di Santa Barbara, la protettrice di vigili del fuoco e marinai"}]},{"@type":"WebSite","@id":"https:\/\/blog.holyart.it\/it\/#website","url":"https:\/\/blog.holyart.it\/it\/","name":"Holyblog","description":"Il Blog di Holyart.it","publisher":{"@id":"https:\/\/blog.holyart.it\/it\/#organization"},"potentialAction":[{"@type":"SearchAction","target":{"@type":"EntryPoint","urlTemplate":"https:\/\/blog.holyart.it\/it\/?s={search_term_string}"},"query-input":{"@type":"PropertyValueSpecification","valueRequired":true,"valueName":"search_term_string"}}],"inLanguage":"it-IT"},{"@type":"Organization","@id":"https:\/\/blog.holyart.it\/it\/#organization","name":"Holyblog","url":"https:\/\/blog.holyart.it\/it\/","logo":{"@type":"ImageObject","inLanguage":"it-IT","@id":"https:\/\/blog.holyart.it\/it\/#\/schema\/logo\/image\/","url":"https:\/\/blog.holyart.it\/it\/wp-content\/uploads\/sites\/17\/2022\/12\/Holyart_Blog_Logo.jpg","contentUrl":"https:\/\/blog.holyart.it\/it\/wp-content\/uploads\/sites\/17\/2022\/12\/Holyart_Blog_Logo.jpg","width":300,"height":50,"caption":"Holyblog"},"image":{"@id":"https:\/\/blog.holyart.it\/it\/#\/schema\/logo\/image\/"}},{"@type":"Person","@id":"https:\/\/blog.holyart.it\/it\/#\/schema\/person\/0a7b686e5af0f856ec1e390dd0baecda","name":"Redazione"}]}},"_links":{"self":[{"href":"https:\/\/blog.holyart.it\/it\/wp-json\/wp\/v2\/posts\/18783","targetHints":{"allow":["GET"]}}],"collection":[{"href":"https:\/\/blog.holyart.it\/it\/wp-json\/wp\/v2\/posts"}],"about":[{"href":"https:\/\/blog.holyart.it\/it\/wp-json\/wp\/v2\/types\/post"}],"author":[{"embeddable":true,"href":"https:\/\/blog.holyart.it\/it\/wp-json\/wp\/v2\/users\/1"}],"replies":[{"embeddable":true,"href":"https:\/\/blog.holyart.it\/it\/wp-json\/wp\/v2\/comments?post=18783"}],"version-history":[{"count":6,"href":"https:\/\/blog.holyart.it\/it\/wp-json\/wp\/v2\/posts\/18783\/revisions"}],"predecessor-version":[{"id":18794,"href":"https:\/\/blog.holyart.it\/it\/wp-json\/wp\/v2\/posts\/18783\/revisions\/18794"}],"wp:featuredmedia":[{"embeddable":true,"href":"https:\/\/blog.holyart.it\/it\/wp-json\/wp\/v2\/media\/18792"}],"wp:attachment":[{"href":"https:\/\/blog.holyart.it\/it\/wp-json\/wp\/v2\/media?parent=18783"}],"wp:term":[{"taxonomy":"category","embeddable":true,"href":"https:\/\/blog.holyart.it\/it\/wp-json\/wp\/v2\/categories?post=18783"},{"taxonomy":"post_tag","embeddable":true,"href":"https:\/\/blog.holyart.it\/it\/wp-json\/wp\/v2\/tags?post=18783"}],"curies":[{"name":"wp","href":"https:\/\/api.w.org\/{rel}","templated":true}]}}