{"id":18624,"date":"2023-10-30T10:00:03","date_gmt":"2023-10-30T09:00:03","guid":{"rendered":"https:\/\/blog.holyart.it\/it\/?p=18624"},"modified":"2024-10-22T09:10:37","modified_gmt":"2024-10-22T07:10:37","slug":"pan-dei-morti-la-ricetta-originale","status":"publish","type":"post","link":"https:\/\/blog.holyart.it\/it\/articoli-religiosi\/pan-dei-morti-la-ricetta-originale\/","title":{"rendered":"Pan dei morti: la ricetta originale"},"content":{"rendered":"<h4>Il Pan dei Morti \u00e8 un dolce tradizionale legato alla Festa di Tutti i Santi e alla commemorazione dei defunti. Un modo goloso e affettuoso per ricordare con dolcezza chi non c&#8217;\u00e8 pi\u00f9<\/h4>\n<p>Il Pan dei Morti \u00e8 un dolce tradizionale italiano che viene preparato e consumato durante le festivit\u00e0 legate al ricordo dei defunti, ovvero\u00a0<strong>Ognissanti<\/strong>, o Tutti i Santi, il 1\u00b0 novembre, e la\u00a0<strong><a href=\"https:\/\/www.holyart.it\/blog\/articoli-religiosi\/2-novembre-giorno-della-commemorazione-dei-defunti\/\">festa dei defunti<\/a>\u00a0<\/strong>il 2 novembre. Questo dolce \u00e8 particolarmente diffuso in alcune regioni del nord Italia, come la\u00a0<strong>Lombardia, il Piemonte e la Liguria<\/strong>. Il Pan dei Morti \u00e8 solo un esempio di come la tradizione e la cultura italiana abbiano sviluppato usi e simboli legati al ricordo dei defunti durante le festivit\u00e0 di Tutti i Santi e dei defunti.<\/p>\n<p>La <a href=\"https:\/\/www.holyart.it\/blog\/articoli-religiosi\/festa-tutti-santi-1-novembre\/\"><strong>festa di Tutti i Santi<\/strong><\/a>, conosciuta anche come Ognissanti, \u00e8 una delle festivit\u00e0 pi\u00f9 importanti nella tradizione cattolica. Viene celebrata il\u00a0<strong>1\u00b0 novembre\u00a0<\/strong>di ogni anno per onorare tutti i santi, noti e sconosciuti, venerati nella Chiesa cattolica. La festa ha radici antiche ed \u00e8 stata istituita soprattutto per celebrare i santi che non hanno una festa dedicata specificamente a loro.<\/p>\n<div class=\"link-article\">\n<p><img loading=\"lazy\" decoding=\"async\" class=\"size-full wp-image-18625 alignleft\" src=\"https:\/\/blog.holyart.it\/it\/wp-content\/uploads\/sites\/17\/2023\/10\/festa-di-tutti-i-santi.jpg\" alt=\"festa di tutti i santi\" width=\"150\" height=\"99\" data-kale-share-title=\"Pan dei morti: la ricetta originale\" data-kale-share-url=\"https:\/\/blog.holyart.it\/it\/?p=18624\" \/><\/p>\n<div class=\"leggi-anche\">Leggi anche:<\/div>\n<p><strong><a href=\"https:\/\/www.holyart.it\/blog\/articoli-religiosi\/festa-tutti-santi-1-novembre\/\">Festa di tutti i santi: 1 Novembre<\/a><\/strong><br \/>\nIl 1 novembre la Chiesa cattolica celebra la festa di tutti i santi. Una festa antica, della quale forse oggi si \u00e8 un po\u2019 perso di vista il giusto spirito&#8230;<\/p>\n<\/div>\n<p>La sua origine pu\u00f2 essere fatta risalire ai\u00a0<strong>primi secoli dell&#8217;era cristiana<\/strong>. Il primo atto ufficiale per\u00a0<strong>dedicare un giorno alla commemorazione dei santi e dei martiri<\/strong>\u00a0fu promulgato da\u00a0<strong>Papa Bonifacio IV<\/strong>\u00a0nell&#8217;anno 610 d.C. Inizialmente, questa celebrazione aveva luogo il\u00a0<strong>13 maggio<\/strong>\u00a0e onorava coloro che avevano sofferto il\u00a0<strong><a href=\"https:\/\/www.holyart.it\/blog\/santi-e-beati\/santi-martiri-sacrificare-la-propria-vita-in-nome-di-dio\/\">martirio<\/a>\u00a0<\/strong>nei secoli precedenti.<br \/>\nTuttavia, fu\u00a0<strong>Papa Gregorio IV<\/strong>\u00a0nel 840 d.C. a chiedere espressamente a re Luigi il Pio di\u00a0<strong>spostare la data della festa al 1\u00b0 novembre<\/strong>. Questa mossa trasform\u00f2 la festa dei martiri in una festa dedicata a tutti i santi. La scelta di questa nuova data non fu casuale. Si dice che il Papa volesse stabilire un collegamento tra la festa cristiana e una<strong>\u00a0festivit\u00e0 pagana romana\u00a0<\/strong>che si svolgeva nello stesso periodo, dedicata a Pomona, la dea dei semi e dei frutti. Questa decisione potrebbe essere stata intesa come un modo per favorire una transizione dalla tradizione pagana alla celebrazione cristiana.<\/p>\n<div class=\"link-article\">\n<p><img loading=\"lazy\" decoding=\"async\" class=\"size-full wp-image-18626 alignleft\" src=\"https:\/\/blog.holyart.it\/it\/wp-content\/uploads\/sites\/17\/2023\/10\/Santi-martiri-1.jpg\" alt=\"Santi martiri\" width=\"150\" height=\"99\" data-kale-share-title=\"Pan dei morti: la ricetta originale\" data-kale-share-url=\"https:\/\/blog.holyart.it\/it\/?p=18624\" \/><\/p>\n<div class=\"leggi-anche\">Leggi anche:<\/div>\n<p><strong><a href=\"https:\/\/www.holyart.it\/blog\/santi-e-beati\/santi-martiri-sacrificare-la-propria-vita-in-nome-di-dio\/\">Santi Martiri: sacrificare la propria vita in nome di Dio<\/a><\/strong><br \/>\nI Santi Martiri sono uomini e donne, spesso molto giovani, che hanno sacrificato la propria vita per amore di Dio, e per questo hanno meritato&#8230;<\/p>\n<\/div>\n<p>In questo modo, la festa di Tutti i Santi ha assunto una nuova identit\u00e0, diventando un giorno in cui la Chiesa cattolica onora e celebra la santit\u00e0 di tutti i santi conosciuti e sconosciuti, unendo cos\u00ec le tradizioni religiose cristiane alle radici storiche e culturali dell&#8217;antica Roma. \u00c8 una\u00a0<strong>celebrazione della santit\u00e0 e della vita eterna<\/strong>, dal momento che i cattolici credono che\u00a0santi e beati, pi\u00f9 vicini a Dio rispetto agli uomini e alle donne comuni, siano esempi di virt\u00f9 e devozione da seguire. La festa \u00e8 un&#8217;occasione per onorare la memoria di questi santi e cercare di emularne l&#8217;esempio nella propria vita. \u00c8 anche un momento per ricordare i propri\u00a0<a href=\"https:\/\/www.holyart.it\/blog\/articoli-religiosi\/leterno-riposo-la-preghiera-in-onore-dei-defunti\/\"><strong>cari defunti<\/strong><\/a>\u00a0e pregare per le loro anime in preparazione per la festa dei defunti, il 2 novembre.<\/p>\n<div class=\"link-article\">\n<p><img loading=\"lazy\" decoding=\"async\" class=\"size-full wp-image-18627 alignleft\" src=\"https:\/\/blog.holyart.it\/it\/wp-content\/uploads\/sites\/17\/2023\/10\/preghiera-eterno-riposo.jpg\" alt=\"preghiera eterno riposo\" width=\"150\" height=\"99\" data-kale-share-title=\"Pan dei morti: la ricetta originale\" data-kale-share-url=\"https:\/\/blog.holyart.it\/it\/?p=18624\" \/><\/p>\n<div class=\"leggi-anche\">Leggi anche:<\/div>\n<p><strong><a href=\"https:\/\/www.holyart.it\/blog\/articoli-religiosi\/leterno-riposo-la-preghiera-in-onore-dei-defunti\/\">L\u2019eterno riposo: la preghiera in onore dei defunti<\/a><\/strong><br \/>\nL\u2019Eterno Riposo \u00e8 la preghiera dei defunti per eccellenza. Con essa i cristiani invocano la luce e la pace di Dio sui loro morti, ed esprimono la&#8230;<\/p>\n<\/div>\n<p>Come la\u00a0<strong>Festa dei morti<\/strong>, anche la festa di Tutti i Santi \u00e8 associata a molte<strong>\u00a0tradizioni popolari<\/strong>. In Italia, ma anche in altri paesi con culture diverse, le persone visitano le tombe dei propri cari per rendere omaggio ai defunti e decorare le sepolture con fiori e <a href=\"https:\/\/www.holyart.it\/it\/prodotti-consumabili\/lumini-votivi\"><strong>lumini votivi<\/strong><\/a>. Altre tradizioni includono il\u00a0<strong>consumo di cibi tradizionali o dolci\u00a0<\/strong>preparati appositamente per l&#8217;occasione.<\/p>\n<p>Il pane dei morti fa parte di questa tradizione culinaria.<\/p>\n<div class=\"link-product\">\n<div class=\"blocco-immagine\"><img loading=\"lazy\" decoding=\"async\" class=\"size-full wp-image-18628 alignleft\" src=\"https:\/\/blog.holyart.it\/it\/wp-content\/uploads\/sites\/17\/2023\/10\/lumino-votivo-con-parapioggia.jpg\" alt=\"lumino votivo con parapioggia\" width=\"100\" height=\"100\" data-kale-share-title=\"Pan dei morti: la ricetta originale\" data-kale-share-url=\"https:\/\/blog.holyart.it\/it\/?p=18624\" \/><\/div>\n<div class=\"blocco-contenuto\">\n<div class=\"blocco-acquista\">Acquista su Holyart:<\/div>\n<div class=\"blocco-titolo\"><a href=\"https:\/\/www.holyart.it\/it\/prodotti-consumabili\/lumini-votivi\">Lumini votivi<\/a><\/div>\n<div class=\"blocco-descrizione\">Lumini votivi, lumini elettrici, lumini a led e di vario genere.<\/div>\n<\/div>\n<\/div>\n<h2>Pan dei Morti<\/h2>\n<p>Il\u00a0<strong>Pan dei Morti<\/strong>\u00a0\u00e8 un tipo di\u00a0<strong>pane dolce\u00a0<\/strong>che ha la forma di una piccola pagnotta o biscotto. \u00c8 realizzato con ingredienti come mandorle, noci, zucchero, farina, uvetta, <a href=\"https:\/\/www.holyart.it\/it\/prodotti-dei-monasteri\/cioccolato-trappisti\/cacao-amaro-in-polvere-250-g-trappisti-frattocchie\"><strong>cacao in polvere<\/strong><\/a> e aromi come la vaniglia o il limone. Gli ingredienti possono variare leggermente a seconda della regione e delle tradizioni locali. Infatti il Pan dei Morti \u00e8 diffuso in Lombardia e Liguria.<\/p>\n<p>Se in passato il Pan dei Morti era\u00a0<strong>povero<\/strong>, anche se molto nutriente, fatto con biscotti avanzati e frutta secca, nel tempo la ricetta si \u00e8 arricchita con cacao e <a href=\"https:\/\/www.holyart.it\/blog\/articoli-religiosi\/vino-da-messa-e-vin-santo-coshanno-in-comune\/\"><strong>vino liquoroso<\/strong><\/a>, trasformandolo in una vera specialit\u00e0 culinaria.<\/p>\n<p>La forma del Pan dei Morti \u00e8 spesso\u00a0<strong>rotonda, ovale o di rombo<\/strong>, e la sua superficie \u00e8 decorata con uno strato di zucchero a velo, che pu\u00f2 rappresentare il manto dei defunti. Alcuni dolci possono anche avere una\u00a0<strong>croce di zucchero<\/strong>\u00a0o una candela al centro, simboli che rappresentano la spiritualit\u00e0 e la memoria dei defunti.<\/p>\n<div class=\"link-article\">\n<p><img loading=\"lazy\" decoding=\"async\" class=\"size-full wp-image-18629 alignleft\" src=\"https:\/\/blog.holyart.it\/it\/wp-content\/uploads\/sites\/17\/2023\/10\/vino-da-messa-e-vin-santo.jpg\" alt=\"vino da messa e vin santo\" width=\"150\" height=\"99\" data-kale-share-title=\"Pan dei morti: la ricetta originale\" data-kale-share-url=\"https:\/\/blog.holyart.it\/it\/?p=18624\" \/><\/p>\n<div class=\"leggi-anche\">Leggi anche:<\/div>\n<p><strong><a href=\"https:\/\/www.holyart.it\/blog\/articoli-religiosi\/vino-da-messa-e-vin-santo-coshanno-in-comune\/\">Vino da messa e vin santo: cos\u2019hanno in comune<\/a><\/strong><br \/>\nIl vino da messa in virt\u00f9 della transustanziazione si trasforma nel Sangue di Cristo. Vediamo quali caratteristiche deve avere e scopriamo cos\u2019\u00e8&#8230;<\/p>\n<\/div>\n<p>Questo dolce \u00e8 considerato un<strong>\u00a0gesto di affetto e ricordo verso i cari defunti<\/strong>. Le famiglie spesso si riuniscono per preparare il Pan dei Morti e poi lo portano sulle tombe dei propri cari nei cimiteri, dove lo consumano come parte di una piccola celebrazione in memoria dei defunti.\u00a0 Dal momento che si pensa che le anime dei defunti si rechino a trovare i parenti rimasti in vita e tornino nelle proprie case, molte famiglie allestiscono la tavola con questi dolci tradizionali, per dare loro il benvenuto.\u00a0Le radici del Pane dei Morti affondano in tempi antichissimi. Sembra che gi\u00e0 nell&#8217;antica Grecia ci fosse un dolce simile, fatto con acqua, farina e uva passa, che veniva offerto alla dea Demetra per ottenere un buon raccolto. Il Pane dei Morti \u00e8 sempre stato un dolce povero, legato alla\u00a0<strong>tradizione contadina<\/strong>, cos\u00ec come anche le <strong><a href=\"https:\/\/www.holyart.it\/blog\/articoli-religiosi\/2-novembre-giorno-della-commemorazione-dei-defunti\/#Le_celebrazioni_della_festa_dei_morti_in_Italia\">Fave dei morti o le Ossa dei morti<\/a><\/strong>. Tutti questi dolci sono accumunati dal fatto che vengono offerti dai vivi ai loro defunti durante la notte tra l&#8217;1 e il 2 novembre.<\/p>\n<div class=\"link-article\">\n<p><img loading=\"lazy\" decoding=\"async\" class=\"size-full wp-image-18630 alignleft\" src=\"https:\/\/blog.holyart.it\/it\/wp-content\/uploads\/sites\/17\/2023\/10\/commemorazione-dei-defunti.jpg\" alt=\"commemorazione dei defunti\" width=\"150\" height=\"99\" data-kale-share-title=\"Pan dei morti: la ricetta originale\" data-kale-share-url=\"https:\/\/blog.holyart.it\/it\/?p=18624\" \/><\/p>\n<div class=\"leggi-anche\">Leggi anche:<\/div>\n<p><strong><a href=\"https:\/\/www.holyart.it\/blog\/articoli-religiosi\/2-novembre-giorno-della-commemorazione-dei-defunti\/\">2 novembre: giorno della commemorazione dei defunti<\/a><\/strong><br \/>\nTavole imbandite nella notte e dolci dei morti. Preghiere, crisantemi e visite al cimitero. Ecco come si festeggia la commemorazione dei&#8230;<\/p>\n<\/div>\n<h2>Ricetta Pan dei Morti<\/h2>\n<p>Come molti dolci tradizionali, il Pan dei Morti \u00e8 un dolce con molte varianti. Ogni citt\u00e0, paese, ma anche ciascuna famiglia ha una sua ricetta e se la tramanda di generazione in generazione. Per esempio, variano i\u00a0<strong>biscotti<\/strong>\u00a0da utilizzare nell&#8217;impasto. Se in passato si utilizzavano biscotti avanzati generici, oggi si scelgono determinati biscotti in base ai gusti personali. Noi vi suggeriamo un misto di biscotti secchi e savoiardi, ai quali potrete eventualmente aggiungere anche degli amaretti, per un tocco pi\u00f9 aromatico.<\/p>\n<p>Nonostante i molti ingredienti \u00e8 una ricetta semplice, che potrete preparare tranquillamente a casa, magari facendovi aiutare dai pi\u00f9 piccini.<img loading=\"lazy\" decoding=\"async\" class=\"size-full wp-image-18631 aligncenter\" src=\"https:\/\/blog.holyart.it\/it\/wp-content\/uploads\/sites\/17\/2023\/10\/pan-dei-morti-ricetta.jpg\" alt=\"pan dei morti ricetta\" width=\"1000\" height=\"666\" data-kale-share-title=\"Pan dei morti: la ricetta originale\" data-kale-share-url=\"https:\/\/blog.holyart.it\/it\/?p=18624\" \/><\/p>\n<h3>Ingredienti per 20 biscotti Pane dei morti:<\/h3>\n<p><em>200 g di biscotti secchi<br \/>\n200 g di savoiardi<br \/>\n100 g di amaretti (facoltativi)<br \/>\n200 g di zucchero semolato<br \/>\n250 g di farina 00<br \/>\n10 g di lievito per dolci<br \/>\n120 g di frutta secca mista (mandorle, noci, nocciole)<br \/>\n100 g di uva passa<br \/>\n120 g di fichi secchi<br \/>\n100 ml di marsala, moscato o\u00a0vin santo<br \/>\n6 albumi d&#8217;uomo<br \/>\n50 g di cacao amaro<br \/>\n5 g di cannella in polvere<br \/>\n1 pizzico di noce moscata<br \/>\n2 fogli di ostia alimentare<br \/>\n10 g di burro<br \/>\nzucchero a velo per guarnire<\/em><\/p>\n<h3>Procedimento<\/h3>\n<p>Mettiamo in ammollo l&#8217;<strong>uvetta<\/strong>\u00a0nel\u00a0<strong>vino liquoroso<\/strong>\u00a0per almeno 10 minuti. Intanto che rinviene, tritiamo i\u00a0<strong>biscotti<\/strong>\u00a0con un tritatutto, fino a ridurli in polvere. Anche la\u00a0<strong>frutta secca<\/strong>\u00a0e i\u00a0<strong>fichi<\/strong>\u00a0andranno tritati, ma senza esagerare, per non ridurli in poltiglia: dovranno restare a pezzetti piccoli.<\/p>\n<p>Mescoliamo biscotti tritati, frutta secca e fichi sminuzzati e l&#8217;uvetta col suo liquido. In una seconda ciotola sbattiamo gli\u00a0<strong>albumi<\/strong>\u00a0con una forchetta, poi uniamo gli ingredienti secchi con<strong>\u00a0farina e zucchero<\/strong>, e per ultimi aggiungiamo gli albumi.<\/p>\n<p>Nella ciotola mettiamo anche il\u00a0<strong>cacao<\/strong>\u00a0setacciato, il\u00a0<strong>lievito<\/strong>, la\u00a0<strong>cannella\u00a0<\/strong>e la\u00a0<strong>noce moscata\u00a0<\/strong>e mescoliamo fino ad ottenere un impasto morbido e umido, ma ben amalgamato.<\/p>\n<div class=\"link-product\">\n<div class=\"blocco-immagine\"><img loading=\"lazy\" decoding=\"async\" class=\"size-full wp-image-18632 alignleft\" src=\"https:\/\/blog.holyart.it\/it\/wp-content\/uploads\/sites\/17\/2023\/10\/cacao-amaro-in-polvere-250-g-trappisti-frattocchie.jpg\" alt=\"cacao amaro in polvere 250 g trappisti frattocchie\" width=\"100\" height=\"100\" data-kale-share-title=\"Pan dei morti: la ricetta originale\" data-kale-share-url=\"https:\/\/blog.holyart.it\/it\/?p=18624\" \/><\/div>\n<div class=\"blocco-contenuto\">\n<div class=\"blocco-acquista\">Acquista su Holyart:<\/div>\n<div class=\"blocco-titolo\"><a href=\"https:\/\/www.holyart.it\/it\/prodotti-dei-monasteri\/cioccolato-trappisti\/cacao-amaro-in-polvere-250-g-trappisti-frattocchie\">Cacao amaro in polvere 250 g Trappisti Frattocchie<\/a><\/div>\n<div class=\"blocco-descrizione\">Cacao amaro in polvere prodotto nel Monastero di Frattocchie a Roma, fin dal 1880.<\/div>\n<\/div>\n<\/div>\n<p>Accendiamo il forno statico a 180\u00b0 per farlo scaldare e stendiamo su una teglia un foglio di carta da forno sulla quale formeremo con l&#8217;impasto un rotolo largo 12-15 centimetri. Tagliamo il rotolo a fette spesse un centimetro circa e allunghiamone le due estremit\u00e0 formando delle losanghe. Meglio maneggiare l&#8217;impasto sempre con le mani umide. Appoggiamo i biscotti sull&#8217;<strong>ostia alimentare<\/strong>\u00a0spennellata col\u00a0<strong>burro<\/strong>\u00a0e poi ritagliamola. Mettiamo la teglia in forno e cuociamo per 20 minuti.<\/p>\n<p>Una volta che i Pan dei Morti saranno cotti lasciamoli raffreddare, decoriamoli con lo\u00a0<strong>zucchero a velo<\/strong>\u00a0e gustiamoli con la nostra famiglia, in onore di chi non c&#8217;\u00e8 pi\u00f9.<\/p>\n","protected":false},"excerpt":{"rendered":"<p>Il Pan dei Morti \u00e8 un dolce tradizionale legato alla Festa di Tutti i Santi e alla commemorazione dei defunti. Un modo goloso e affettuoso per ricordare con dolcezza chi non c&#8217;\u00e8 pi\u00f9 Il Pan dei Morti \u00e8 un dolce tradizionale italiano che viene preparato&hellip;<\/p>\n","protected":false},"author":1,"featured_media":18636,"comment_status":"closed","ping_status":"open","sticky":false,"template":"","format":"standard","meta":{"_acf_changed":false,"footnotes":""},"categories":[16],"tags":[],"class_list":["post-18624","post","type-post","status-publish","format-standard","has-post-thumbnail","hentry","category-articoli-religiosi"],"acf":[],"yoast_head":"<!-- This site is optimized with the Yoast SEO plugin v26.6 - https:\/\/yoast.com\/wordpress\/plugins\/seo\/ -->\n<title>Pan dei morti: la ricetta originale - Holyblog<\/title>\n<meta name=\"description\" content=\"Dolce della tradizione contadina, il Pan dei Morti viene preparato in occasione della festa di Tutti i Santi in onore di chi non c\u2019\u00e8 pi\u00f9.\" \/>\n<meta name=\"robots\" content=\"index, follow, max-snippet:-1, max-image-preview:large, max-video-preview:-1\" \/>\n<link rel=\"canonical\" href=\"https:\/\/blog.holyart.it\/it\/articoli-religiosi\/pan-dei-morti-la-ricetta-originale\/\" \/>\n<meta property=\"og:locale\" content=\"it_IT\" \/>\n<meta property=\"og:type\" content=\"article\" \/>\n<meta property=\"og:title\" content=\"Pan dei morti: la ricetta originale - Holyblog\" \/>\n<meta property=\"og:description\" content=\"Dolce della tradizione contadina, il Pan dei Morti viene preparato in occasione della festa di Tutti i Santi in onore di chi non c\u2019\u00e8 pi\u00f9.\" \/>\n<meta property=\"og:url\" content=\"https:\/\/blog.holyart.it\/it\/articoli-religiosi\/pan-dei-morti-la-ricetta-originale\/\" \/>\n<meta property=\"og:site_name\" content=\"Holyblog\" \/>\n<meta property=\"article:published_time\" content=\"2023-10-30T09:00:03+00:00\" \/>\n<meta property=\"article:modified_time\" content=\"2024-10-22T07:10:37+00:00\" \/>\n<meta property=\"og:image\" content=\"https:\/\/blog.holyart.it\/it\/wp-content\/uploads\/sites\/17\/2023\/10\/pan-dei-morti.jpg\" \/>\n\t<meta property=\"og:image:width\" content=\"1000\" \/>\n\t<meta property=\"og:image:height\" content=\"666\" \/>\n\t<meta property=\"og:image:type\" content=\"image\/jpeg\" \/>\n<meta name=\"author\" content=\"Redazione\" \/>\n<meta name=\"twitter:card\" content=\"summary_large_image\" \/>\n<meta name=\"twitter:label1\" content=\"Scritto da\" \/>\n\t<meta name=\"twitter:data1\" content=\"Redazione\" \/>\n\t<meta name=\"twitter:label2\" content=\"Tempo di lettura stimato\" \/>\n\t<meta name=\"twitter:data2\" content=\"10 minuti\" \/>\n<script type=\"application\/ld+json\" class=\"yoast-schema-graph\">{\"@context\":\"https:\/\/schema.org\",\"@graph\":[{\"@type\":\"Article\",\"@id\":\"https:\/\/blog.holyart.it\/it\/articoli-religiosi\/pan-dei-morti-la-ricetta-originale\/#article\",\"isPartOf\":{\"@id\":\"https:\/\/blog.holyart.it\/it\/articoli-religiosi\/pan-dei-morti-la-ricetta-originale\/\"},\"author\":{\"name\":\"Redazione\",\"@id\":\"https:\/\/blog.holyart.it\/it\/#\/schema\/person\/0a7b686e5af0f856ec1e390dd0baecda\"},\"headline\":\"Pan dei morti: la ricetta originale\",\"datePublished\":\"2023-10-30T09:00:03+00:00\",\"dateModified\":\"2024-10-22T07:10:37+00:00\",\"mainEntityOfPage\":{\"@id\":\"https:\/\/blog.holyart.it\/it\/articoli-religiosi\/pan-dei-morti-la-ricetta-originale\/\"},\"wordCount\":1482,\"publisher\":{\"@id\":\"https:\/\/blog.holyart.it\/it\/#organization\"},\"image\":{\"@id\":\"https:\/\/blog.holyart.it\/it\/articoli-religiosi\/pan-dei-morti-la-ricetta-originale\/#primaryimage\"},\"thumbnailUrl\":\"https:\/\/blog.holyart.it\/it\/wp-content\/uploads\/sites\/17\/2023\/10\/pan-dei-morti.jpg\",\"articleSection\":[\"Religione\"],\"inLanguage\":\"it-IT\"},{\"@type\":\"WebPage\",\"@id\":\"https:\/\/blog.holyart.it\/it\/articoli-religiosi\/pan-dei-morti-la-ricetta-originale\/\",\"url\":\"https:\/\/blog.holyart.it\/it\/articoli-religiosi\/pan-dei-morti-la-ricetta-originale\/\",\"name\":\"Pan dei morti: la ricetta originale - Holyblog\",\"isPartOf\":{\"@id\":\"https:\/\/blog.holyart.it\/it\/#website\"},\"primaryImageOfPage\":{\"@id\":\"https:\/\/blog.holyart.it\/it\/articoli-religiosi\/pan-dei-morti-la-ricetta-originale\/#primaryimage\"},\"image\":{\"@id\":\"https:\/\/blog.holyart.it\/it\/articoli-religiosi\/pan-dei-morti-la-ricetta-originale\/#primaryimage\"},\"thumbnailUrl\":\"https:\/\/blog.holyart.it\/it\/wp-content\/uploads\/sites\/17\/2023\/10\/pan-dei-morti.jpg\",\"datePublished\":\"2023-10-30T09:00:03+00:00\",\"dateModified\":\"2024-10-22T07:10:37+00:00\",\"description\":\"Dolce della tradizione contadina, il Pan dei Morti viene preparato in occasione della festa di Tutti i Santi in onore di chi non c\u2019\u00e8 pi\u00f9.\",\"breadcrumb\":{\"@id\":\"https:\/\/blog.holyart.it\/it\/articoli-religiosi\/pan-dei-morti-la-ricetta-originale\/#breadcrumb\"},\"inLanguage\":\"it-IT\",\"potentialAction\":[{\"@type\":\"ReadAction\",\"target\":[\"https:\/\/blog.holyart.it\/it\/articoli-religiosi\/pan-dei-morti-la-ricetta-originale\/\"]}]},{\"@type\":\"ImageObject\",\"inLanguage\":\"it-IT\",\"@id\":\"https:\/\/blog.holyart.it\/it\/articoli-religiosi\/pan-dei-morti-la-ricetta-originale\/#primaryimage\",\"url\":\"https:\/\/blog.holyart.it\/it\/wp-content\/uploads\/sites\/17\/2023\/10\/pan-dei-morti.jpg\",\"contentUrl\":\"https:\/\/blog.holyart.it\/it\/wp-content\/uploads\/sites\/17\/2023\/10\/pan-dei-morti.jpg\",\"width\":1000,\"height\":666,\"caption\":\"pan dei morti\"},{\"@type\":\"BreadcrumbList\",\"@id\":\"https:\/\/blog.holyart.it\/it\/articoli-religiosi\/pan-dei-morti-la-ricetta-originale\/#breadcrumb\",\"itemListElement\":[{\"@type\":\"ListItem\",\"position\":1,\"name\":\"Homepage\",\"item\":\"https:\/\/blog.holyart.it\/it\/\"},{\"@type\":\"ListItem\",\"position\":2,\"name\":\"Religione\",\"item\":\"https:\/\/blog.holyart.it\/it\/articoli-religiosi\/\"},{\"@type\":\"ListItem\",\"position\":3,\"name\":\"Pan dei morti: la ricetta originale\"}]},{\"@type\":\"WebSite\",\"@id\":\"https:\/\/blog.holyart.it\/it\/#website\",\"url\":\"https:\/\/blog.holyart.it\/it\/\",\"name\":\"Holyblog\",\"description\":\"Il Blog di Holyart.it\",\"publisher\":{\"@id\":\"https:\/\/blog.holyart.it\/it\/#organization\"},\"potentialAction\":[{\"@type\":\"SearchAction\",\"target\":{\"@type\":\"EntryPoint\",\"urlTemplate\":\"https:\/\/blog.holyart.it\/it\/?s={search_term_string}\"},\"query-input\":{\"@type\":\"PropertyValueSpecification\",\"valueRequired\":true,\"valueName\":\"search_term_string\"}}],\"inLanguage\":\"it-IT\"},{\"@type\":\"Organization\",\"@id\":\"https:\/\/blog.holyart.it\/it\/#organization\",\"name\":\"Holyblog\",\"url\":\"https:\/\/blog.holyart.it\/it\/\",\"logo\":{\"@type\":\"ImageObject\",\"inLanguage\":\"it-IT\",\"@id\":\"https:\/\/blog.holyart.it\/it\/#\/schema\/logo\/image\/\",\"url\":\"https:\/\/blog.holyart.it\/it\/wp-content\/uploads\/sites\/17\/2022\/12\/Holyart_Blog_Logo.jpg\",\"contentUrl\":\"https:\/\/blog.holyart.it\/it\/wp-content\/uploads\/sites\/17\/2022\/12\/Holyart_Blog_Logo.jpg\",\"width\":300,\"height\":50,\"caption\":\"Holyblog\"},\"image\":{\"@id\":\"https:\/\/blog.holyart.it\/it\/#\/schema\/logo\/image\/\"}},{\"@type\":\"Person\",\"@id\":\"https:\/\/blog.holyart.it\/it\/#\/schema\/person\/0a7b686e5af0f856ec1e390dd0baecda\",\"name\":\"Redazione\"}]}<\/script>\n<!-- \/ Yoast SEO plugin. -->","yoast_head_json":{"title":"Pan dei morti: la ricetta originale - Holyblog","description":"Dolce della tradizione contadina, il Pan dei Morti viene preparato in occasione della festa di Tutti i Santi in onore di chi non c\u2019\u00e8 pi\u00f9.","robots":{"index":"index","follow":"follow","max-snippet":"max-snippet:-1","max-image-preview":"max-image-preview:large","max-video-preview":"max-video-preview:-1"},"canonical":"https:\/\/blog.holyart.it\/it\/articoli-religiosi\/pan-dei-morti-la-ricetta-originale\/","og_locale":"it_IT","og_type":"article","og_title":"Pan dei morti: la ricetta originale - Holyblog","og_description":"Dolce della tradizione contadina, il Pan dei Morti viene preparato in occasione della festa di Tutti i Santi in onore di chi non c\u2019\u00e8 pi\u00f9.","og_url":"https:\/\/blog.holyart.it\/it\/articoli-religiosi\/pan-dei-morti-la-ricetta-originale\/","og_site_name":"Holyblog","article_published_time":"2023-10-30T09:00:03+00:00","article_modified_time":"2024-10-22T07:10:37+00:00","og_image":[{"width":1000,"height":666,"url":"https:\/\/blog.holyart.it\/it\/wp-content\/uploads\/sites\/17\/2023\/10\/pan-dei-morti.jpg","type":"image\/jpeg"}],"author":"Redazione","twitter_card":"summary_large_image","twitter_misc":{"Scritto da":"Redazione","Tempo di lettura stimato":"10 minuti"},"schema":{"@context":"https:\/\/schema.org","@graph":[{"@type":"Article","@id":"https:\/\/blog.holyart.it\/it\/articoli-religiosi\/pan-dei-morti-la-ricetta-originale\/#article","isPartOf":{"@id":"https:\/\/blog.holyart.it\/it\/articoli-religiosi\/pan-dei-morti-la-ricetta-originale\/"},"author":{"name":"Redazione","@id":"https:\/\/blog.holyart.it\/it\/#\/schema\/person\/0a7b686e5af0f856ec1e390dd0baecda"},"headline":"Pan dei morti: la ricetta originale","datePublished":"2023-10-30T09:00:03+00:00","dateModified":"2024-10-22T07:10:37+00:00","mainEntityOfPage":{"@id":"https:\/\/blog.holyart.it\/it\/articoli-religiosi\/pan-dei-morti-la-ricetta-originale\/"},"wordCount":1482,"publisher":{"@id":"https:\/\/blog.holyart.it\/it\/#organization"},"image":{"@id":"https:\/\/blog.holyart.it\/it\/articoli-religiosi\/pan-dei-morti-la-ricetta-originale\/#primaryimage"},"thumbnailUrl":"https:\/\/blog.holyart.it\/it\/wp-content\/uploads\/sites\/17\/2023\/10\/pan-dei-morti.jpg","articleSection":["Religione"],"inLanguage":"it-IT"},{"@type":"WebPage","@id":"https:\/\/blog.holyart.it\/it\/articoli-religiosi\/pan-dei-morti-la-ricetta-originale\/","url":"https:\/\/blog.holyart.it\/it\/articoli-religiosi\/pan-dei-morti-la-ricetta-originale\/","name":"Pan dei morti: la ricetta originale - Holyblog","isPartOf":{"@id":"https:\/\/blog.holyart.it\/it\/#website"},"primaryImageOfPage":{"@id":"https:\/\/blog.holyart.it\/it\/articoli-religiosi\/pan-dei-morti-la-ricetta-originale\/#primaryimage"},"image":{"@id":"https:\/\/blog.holyart.it\/it\/articoli-religiosi\/pan-dei-morti-la-ricetta-originale\/#primaryimage"},"thumbnailUrl":"https:\/\/blog.holyart.it\/it\/wp-content\/uploads\/sites\/17\/2023\/10\/pan-dei-morti.jpg","datePublished":"2023-10-30T09:00:03+00:00","dateModified":"2024-10-22T07:10:37+00:00","description":"Dolce della tradizione contadina, il Pan dei Morti viene preparato in occasione della festa di Tutti i Santi in onore di chi non c\u2019\u00e8 pi\u00f9.","breadcrumb":{"@id":"https:\/\/blog.holyart.it\/it\/articoli-religiosi\/pan-dei-morti-la-ricetta-originale\/#breadcrumb"},"inLanguage":"it-IT","potentialAction":[{"@type":"ReadAction","target":["https:\/\/blog.holyart.it\/it\/articoli-religiosi\/pan-dei-morti-la-ricetta-originale\/"]}]},{"@type":"ImageObject","inLanguage":"it-IT","@id":"https:\/\/blog.holyart.it\/it\/articoli-religiosi\/pan-dei-morti-la-ricetta-originale\/#primaryimage","url":"https:\/\/blog.holyart.it\/it\/wp-content\/uploads\/sites\/17\/2023\/10\/pan-dei-morti.jpg","contentUrl":"https:\/\/blog.holyart.it\/it\/wp-content\/uploads\/sites\/17\/2023\/10\/pan-dei-morti.jpg","width":1000,"height":666,"caption":"pan dei morti"},{"@type":"BreadcrumbList","@id":"https:\/\/blog.holyart.it\/it\/articoli-religiosi\/pan-dei-morti-la-ricetta-originale\/#breadcrumb","itemListElement":[{"@type":"ListItem","position":1,"name":"Homepage","item":"https:\/\/blog.holyart.it\/it\/"},{"@type":"ListItem","position":2,"name":"Religione","item":"https:\/\/blog.holyart.it\/it\/articoli-religiosi\/"},{"@type":"ListItem","position":3,"name":"Pan dei morti: la ricetta originale"}]},{"@type":"WebSite","@id":"https:\/\/blog.holyart.it\/it\/#website","url":"https:\/\/blog.holyart.it\/it\/","name":"Holyblog","description":"Il Blog di Holyart.it","publisher":{"@id":"https:\/\/blog.holyart.it\/it\/#organization"},"potentialAction":[{"@type":"SearchAction","target":{"@type":"EntryPoint","urlTemplate":"https:\/\/blog.holyart.it\/it\/?s={search_term_string}"},"query-input":{"@type":"PropertyValueSpecification","valueRequired":true,"valueName":"search_term_string"}}],"inLanguage":"it-IT"},{"@type":"Organization","@id":"https:\/\/blog.holyart.it\/it\/#organization","name":"Holyblog","url":"https:\/\/blog.holyart.it\/it\/","logo":{"@type":"ImageObject","inLanguage":"it-IT","@id":"https:\/\/blog.holyart.it\/it\/#\/schema\/logo\/image\/","url":"https:\/\/blog.holyart.it\/it\/wp-content\/uploads\/sites\/17\/2022\/12\/Holyart_Blog_Logo.jpg","contentUrl":"https:\/\/blog.holyart.it\/it\/wp-content\/uploads\/sites\/17\/2022\/12\/Holyart_Blog_Logo.jpg","width":300,"height":50,"caption":"Holyblog"},"image":{"@id":"https:\/\/blog.holyart.it\/it\/#\/schema\/logo\/image\/"}},{"@type":"Person","@id":"https:\/\/blog.holyart.it\/it\/#\/schema\/person\/0a7b686e5af0f856ec1e390dd0baecda","name":"Redazione"}]}},"_links":{"self":[{"href":"https:\/\/blog.holyart.it\/it\/wp-json\/wp\/v2\/posts\/18624","targetHints":{"allow":["GET"]}}],"collection":[{"href":"https:\/\/blog.holyart.it\/it\/wp-json\/wp\/v2\/posts"}],"about":[{"href":"https:\/\/blog.holyart.it\/it\/wp-json\/wp\/v2\/types\/post"}],"author":[{"embeddable":true,"href":"https:\/\/blog.holyart.it\/it\/wp-json\/wp\/v2\/users\/1"}],"replies":[{"embeddable":true,"href":"https:\/\/blog.holyart.it\/it\/wp-json\/wp\/v2\/comments?post=18624"}],"version-history":[{"count":3,"href":"https:\/\/blog.holyart.it\/it\/wp-json\/wp\/v2\/posts\/18624\/revisions"}],"predecessor-version":[{"id":18635,"href":"https:\/\/blog.holyart.it\/it\/wp-json\/wp\/v2\/posts\/18624\/revisions\/18635"}],"wp:featuredmedia":[{"embeddable":true,"href":"https:\/\/blog.holyart.it\/it\/wp-json\/wp\/v2\/media\/18636"}],"wp:attachment":[{"href":"https:\/\/blog.holyart.it\/it\/wp-json\/wp\/v2\/media?parent=18624"}],"wp:term":[{"taxonomy":"category","embeddable":true,"href":"https:\/\/blog.holyart.it\/it\/wp-json\/wp\/v2\/categories?post=18624"},{"taxonomy":"post_tag","embeddable":true,"href":"https:\/\/blog.holyart.it\/it\/wp-json\/wp\/v2\/tags?post=18624"}],"curies":[{"name":"wp","href":"https:\/\/api.w.org\/{rel}","templated":true}]}}