{"id":18511,"date":"2023-10-25T10:00:37","date_gmt":"2023-10-25T08:00:37","guid":{"rendered":"https:\/\/blog.holyart.it\/it\/?p=18511"},"modified":"2025-10-28T11:48:28","modified_gmt":"2025-10-28T10:48:28","slug":"2-novembre-giorno-della-commemorazione-dei-defunti","status":"publish","type":"post","link":"https:\/\/blog.holyart.it\/it\/articoli-religiosi\/2-novembre-giorno-della-commemorazione-dei-defunti\/","title":{"rendered":"2 novembre: giorno della commemorazione dei defunti"},"content":{"rendered":"<h4>Tavole imbandite nella notte e dolci dei morti. Preghiere, crisantemi e visite al cimitero. Ecco come si festeggia la commemorazione dei defunti in Italia e nel mondo<\/h4>\n\n<p>Ciascuno di noi conosce sicuramente la tradizionale commemorazione dei defunti celebrata ogni anno il 2 novembre, il giorno dopo <a href=\"https:\/\/www.holyart.it\/blog\/articoli-religiosi\/festa-tutti-santi-1-novembre\/\"><strong>Tutti i Santi<\/strong><\/a>. \u00c8 probabile che fin da bambini abbiamo visto i nostri famigliari affaccendarsi tra crisantemi e momenti di preghiera, ed \u00e8 quasi certo che siamo stati portati al cimitero, mai cos\u00ec affollato come nel freddo inaspettato dei primissimi giorni di novembre. Alla nostra domanda del perch\u00e9 dovessimo farlo, la risposta, che risuonava misteriosa e un po&#8217; sinistra alle nostre orecchie di bambini, era: <em>&#8220;\u00c8 il giorno dei morti.&#8221;<\/em><\/p>\n<div class=\"link-article\">\n<p><img loading=\"lazy\" decoding=\"async\" class=\"size-full wp-image-18541 alignleft\" src=\"https:\/\/blog.holyart.it\/it\/wp-content\/uploads\/sites\/17\/2023\/09\/festa-di-tutti-i-santi.jpg\" alt=\"festa di tutti i santi\" width=\"150\" height=\"99\" data-kale-share-title=\"2 novembre: giorno della commemorazione dei defunti\" data-kale-share-url=\"https:\/\/blog.holyart.it\/it\/?p=18511\" \/><\/p>\n<div class=\"leggi-anche\">Leggi anche:<\/div>\n<p><strong><a href=\"https:\/\/www.holyart.it\/blog\/articoli-religiosi\/festa-tutti-santi-1-novembre\/\">Festa di tutti i santi: 1 Novembre<\/a><\/strong><br \/>\nIl 1 novembre la Chiesa cattolica celebra la festa di tutti i santi. Una festa antica, della quale forse oggi&#8230;<\/p>\n<\/div>\n<p>In realt\u00e0 la <em>Commemoratio Omnium Fidelium Defunctorum<\/em> \u00e8 una ricorrenza molto importante per la Chiesa cattolica, che la annovera tra le sue <strong>Solennit\u00e0<\/strong>, dunque una delle celebrazioni di maggior importanza liturgica, almeno dopo la Riforma liturgica del rito romano avviata dal Concilio Vaticano II. In precedenza, se il 2 novembre cadeva di domenica, la Commemorazione dei defunti veniva spostata al giorno successivo, perch\u00e9 la domenica manteneva comunque la sua precedenza.<\/p>\n<p>Come \u00e8 facile immaginare dal nome, la <strong>Commemorazione dei morti<\/strong>, o <strong>Giornata dei <a href=\"https:\/\/www.holyart.it\/it\/articoli-religiosi\/articoli-funerari\">defunti<\/a><\/strong>, serve proprio per commemorare i defunti, non solo quelli a noi cari, i parenti o gli amici perduti. In questo giorno, che \u00e8 un giorno di festa, nonostante possa apparire triste, si prega in suffragio delle anime di tutti i morti, per aiutare il loro eventuale passaggio dal Purgatorio. Si tratta infatti di una Solennit\u00e0 di <strong>origine bizantina<\/strong>, che affonda le sue radici nella verit\u00e0 di fede nel <strong>Credo Apostolico<\/strong>, e in particolare nella <strong>comunione dei santi<\/strong>, secondo la quale i cristiani non sono da considerarsi entit\u00e0 singole, ma parte integrante del corpo mistico di Ges\u00f9 Cristo risorto, nella <strong>remissione dei peccati<\/strong>, che permette di accedere o meno al Regno dei Cieli, e nella <strong>Resurrezione della carne<\/strong>, secondo la quale alla fine dei tempi tutti i defunti risusciteranno e anime e corpi si ricongiungeranno. Infatti l&#8217;ultima parte del Credo recita:<\/p>\n<p><em>Credo nello Spirito Santo,<\/em><br \/>\n<em>la santa Chiesa cattolica, la <\/em><strong><em>Comunione dei Santi<\/em><\/strong><em>,<\/em><br \/>\n<em>la <\/em><strong><em>remissione dei peccati<\/em><\/strong><em>,<\/em><br \/>\n<em>la <\/em><strong><em>risurrezione della carne<\/em><\/strong><em>,<\/em><br \/>\n<em>la vita eterna. Amen.<\/em><\/p>\n<p>Ma alla base della Commemorazione dei defunti c&#8217;\u00e8 anche la speranza e il desiderio tutto umano di <strong>poter abbracciare nuovamente i propri morti<\/strong>, un giorno. Per chi crede, la morte non \u00e8 che un passaggio, l&#8217;inizio dell&#8217;attesa d&#8217;amore e fede che ci porter\u00e0 a ritrovarci nell&#8217;incontro definitivo con coloro che amiamo.<\/p>\n<div class=\"link-product\">\n<div class=\"blocco-immagine\"><img loading=\"lazy\" decoding=\"async\" class=\"size-full wp-image-18542 alignleft\" src=\"https:\/\/blog.holyart.it\/it\/wp-content\/uploads\/sites\/17\/2023\/09\/portafiamma-applicazione-per-cimitero.jpg\" alt=\"portafiamma applicazione per cimitero\" width=\"100\" height=\"100\" data-kale-share-title=\"2 novembre: giorno della commemorazione dei defunti\" data-kale-share-url=\"https:\/\/blog.holyart.it\/it\/?p=18511\" \/><\/div>\n<div class=\"blocco-contenuto\">\n<div class=\"blocco-acquista\">Acquista su Holyart:<\/div>\n<div class=\"blocco-titolo\"><a href=\"https:\/\/www.holyart.it\/it\/articoli-religiosi\/articoli-funerari\">Articoli funerari<\/a><\/div>\n<div class=\"blocco-descrizione\">Urne cinerarie realizzate a mano, targhe e applicazioni per cimiteri.<\/div>\n<\/div>\n<\/div>\n<p>I <a href=\"https:\/\/www.holyart.it\/blog\/accessori-liturgia\/colori-nella-liturgia-cattolica-significato\/\"><strong>colori liturgici<\/strong><\/a> che caratterizzano questa celebrazione sono <a href=\"https:\/\/www.holyart.it\/it\/accessori-per-la-liturgia\/paramenti-liturgici-servizi-altare-coprileggii\/casule\/casula-lana-vergine-con-doppio-ritorto-tasmania\"><strong>il viola<\/strong><\/a> e il nero.<\/p>\n<p>Dal momento che la Ricorrenza dei defunti richiede una preparazione di preghiera, dal 24 ottobre si pu\u00f2 iniziare a recitare la <strong>Novena dei morti<\/strong>.<\/p>\n<p>E il <strong>Crisantemo<\/strong>? Conosciuto in altri paesi come la margherita a sedici petali, questo fiore particolarissimo fiorisce proprio in questo periodo dell&#8217;anno. Infatti \u00e8 una pianta brevidiurna, cio\u00e8 fiorisce quando le giornate si accorciano e il periodo di buio supera le nove ore al giorno.<\/p>\n<p>\u00c8 tuttavia anche interessante notare come nel corso dei secoli la Festa dei defunti abbia assunto caratteristiche diverse, mescolandosi spesso con <strong>tradizioni pagane e folklorike<\/strong> dei diversi paesi raggiunti dalla Fede Cattolica. Esistono tradizioni nel mondo diversissime tra loro, come il pittoresco <strong>D\u00eda de Muertos<\/strong>, il Giorno dei Morti tipico della cultura messicana, che prevede che le tombe siano addobbate con fiori e che si depositino su di esse doni, cibo, giocattoli, perfino alcolici, mentre in ogni casa viene allestito un altare dei morti e si attende che i defunti vengano a fare visita ai parenti rimasti in vita.<\/p>\n<div class=\"link-product\">\n<div class=\"blocco-immagine\"><img loading=\"lazy\" decoding=\"async\" class=\"size-full wp-image-18543 alignleft\" src=\"https:\/\/blog.holyart.it\/it\/wp-content\/uploads\/sites\/17\/2023\/09\/casula-lana-vergine.jpg\" alt=\"casula lana vergine\" width=\"100\" height=\"100\" data-kale-share-title=\"2 novembre: giorno della commemorazione dei defunti\" data-kale-share-url=\"https:\/\/blog.holyart.it\/it\/?p=18511\" \/><\/div>\n<div class=\"blocco-contenuto\">\n<div class=\"blocco-acquista\">Acquista su Holyart:<\/div>\n<div class=\"blocco-titolo\"><a href=\"https:\/\/www.holyart.it\/it\/accessori-per-la-liturgia\/paramenti-liturgici-servizi-altare-coprileggii\/casule\/casula-lana-vergine-con-doppio-ritorto-tasmania\">Casula lana vergine <\/a><\/div>\n<div class=\"blocco-descrizione\">La casula \u00e8 prodotta interamente in Italia da un laboratorio artigianale con un&#8217;esperienza consolidata negli anni.<\/div>\n<\/div>\n<\/div>\n<h2>La storia del giorno dei morti<\/h2>\n<p>Quando si \u00e8 iniziato a festeggiare il 2 novembre giorno dei morti in Italia?<\/p>\n<p>Gli ultimi giorni di ottobre e i primi di novembre sono da sempre considerati propizi ai defunti e per questo destinati alle celebrazioni in loro onore. Le ragioni di questa preferenza nascono dalla credenza che il\u00a0<strong>Diluvio Universale<\/strong> fosse stato scatenato proprio in questo momento dell&#8217;anno.<\/p>\n<p>Secondo i <strong>bizantini<\/strong>, invece, la commemorazione dei defunti doveva aver luogo tra la fine di gennaio e gli inizi di febbraio, il sabato prima della domenica di Sessagesima, due settimane prima dell&#8217;inizio della Quaresima, circa sessanta giorni prima di Pasqua.<br \/>\nGi\u00e0 <a href=\"https:\/\/www.holyart.it\/blog\/santi-e-beati\/le-confessioni-di-sant-agostino-come-cambiare-la-propria-vita\/\"><strong>Sant\u2019Agostino<\/strong><\/a> esortava i fedeli a pregare per i defunti non solo in occasione del loro anniversario di morte, ma anche in altri giorni dedicati.<\/p>\n<div class=\"link-article\">\n<p><img loading=\"lazy\" decoding=\"async\" class=\"size-full wp-image-18544 alignleft\" src=\"https:\/\/blog.holyart.it\/it\/wp-content\/uploads\/sites\/17\/2023\/09\/santagostino-da-ippona.jpeg\" alt=\"santagostino da ippona\" width=\"150\" height=\"99\" data-kale-share-title=\"2 novembre: giorno della commemorazione dei defunti\" data-kale-share-url=\"https:\/\/blog.holyart.it\/it\/?p=18511\" \/><\/p>\n<div class=\"leggi-anche\">Leggi anche:<\/div>\n<p><strong><a href=\"https:\/\/www.holyart.it\/blog\/santi-e-beati\/le-confessioni-di-sant-agostino-come-cambiare-la-propria-vita\/\">Le confessioni di sant\u2019Agostino: come cambiare la propria vita<\/a><\/strong><br \/>\nLe Confessioni di Sant\u2019Agostino sono la testimonianza di un cammino di fede e di presa di coscienza&#8230;<\/p>\n<\/div>\n<p>Nel 998 l\u2019abate<strong> sant\u2019Odilone di Cluny<\/strong>, fautore della <strong>riforma cluniacense<\/strong> al vertice dell&#8217;ordine benedettino, stabil\u00ec, tra le varie innovazioni, che dopo i Vespri del\u00a01\u00ba novembre le campane dell\u2019Abbazia di Cluny suonassero a morto, per onorare i defunti, e il giorno seguente celebr\u00f2 la messa offrendo l&#8217;Eucarestia <em>\u201cpro requie omnium defunctorum\u201d<\/em> , ovvero per le anime di tutti i defunti. Da allora la Ricorrenza dei morti \u00e8 stata fissata il <strong>2 novembre<\/strong>.<\/p>\n<h2>Le celebrazioni della festa dei morti in Italia<\/h2>\n<p>Sono molte le tradizioni italiane legate alla commemorazione dei morti. In <strong>Sicilia<\/strong> la festa dei morti affonda le sue origini nei riti precristiani e nel il culto dei <strong>Lari romani, <\/strong>gli spiriti protettori degli antenati che vegliavano e proteggevano la <em>gens<\/em> e la <em>familia<\/em>. La notte di Ognissanti i morti passano nelle case dei parenti e lasciano doni per i bambini e i tipici dolci dei morti: la frutta di Martorana, fatta con la pasta di mandorla, i pupi di zucchero, i biscotti chiamati &#8220;ossa dei morti&#8221;.<\/p>\n<p>In <strong>Puglia<\/strong>, come in Messico, si crede che la notte di Ognissanti i defunti tornino a fare visita a parenti e amici. Per questo si lascia la tavola apparecchiata per loro con pane, acqua e vino. E in certe zone si intagliano le zucche, come per la tradizione di Halloween, e i bambini ricevono in dono dolci e regali lasciati per loro dai parenti defunti in calze appositamente appese in casa. La tavola imbandita per i morti si trova anche in certe zone del <strong>Trentino<\/strong>, <strong>Piemonte<\/strong> e <strong>Valle d&#8217;Aosta<\/strong>. Nella provincia di <strong>Cremona <\/strong>si preparano invece i letti per i morti.<\/p>\n<p>Anche in alcune zone della <strong>Lombardia<\/strong> ci si preoccupa che i morti che tornano nelle case possano rifocillarsi, e si lascia per loro acqua fresca, mentre in <strong>Friuli<\/strong> si lascia acqua, pane e un <a href=\"https:\/\/www.holyart.it\/it\/prodotti-consumabili\/lumini-votivi\/lumino-led-rosso-luce-rossa-tremolante\"><strong>lumino acceso<\/strong><\/a>.<\/p>\n<div class=\"link-product\">\n<div class=\"blocco-immagine\"><img loading=\"lazy\" decoding=\"async\" class=\"size-full wp-image-18545 alignleft\" src=\"https:\/\/blog.holyart.it\/it\/wp-content\/uploads\/sites\/17\/2023\/09\/lumino-led-rosso-luce-rossa-tremolante.jpg\" alt=\"lumino led rosso luce rossa tremolante\" width=\"100\" height=\"100\" data-kale-share-title=\"2 novembre: giorno della commemorazione dei defunti\" data-kale-share-url=\"https:\/\/blog.holyart.it\/it\/?p=18511\" \/><\/div>\n<div class=\"blocco-contenuto\">\n<div class=\"blocco-acquista\">Acquista su Holyart:<\/div>\n<div class=\"blocco-titolo\"><a href=\"https:\/\/www.holyart.it\/it\/prodotti-consumabili\/lumini-votivi\/lumino-led-rosso-luce-rossa-tremolante\">Lumino Led rosso luce rossa <\/a><\/div>\n<div class=\"blocco-descrizione\">Ha una durata di 60 giorni grazie alla tecnologia LED di ultima generazione.<\/div>\n<\/div>\n<\/div>\n<p>In <strong>Toscana <\/strong>c&#8217;\u00e8 la tradizione del <em>Ben d\u2019i morti<\/em>: chi ha perso un congiunto regala cibo ai pi\u00f9 bisognosi. I bambini pi\u00f9 piccoli indossano la <em>sfilza<\/em>, una collana di castagne bollite e mele. Ma in passato il <em>ben dei morti<\/em> era anche il misto di fave, castagne e fichi secchi che veniva donato ai bambini che nella notte del 1 novembre passavano di porta in porta, proprio come quelli che oggi girano per le case reclamando <em>dolcetto o scherzetto<\/em>. Ricordiamo che i bambini vestiti da fantasmi rappresentano\u00a0oggi come allora le anime dei defunti che chiedono doni e un buon ricordo. In <strong>Sardegna<\/strong> i bambini vanno in giro col volto sporco di carbone chiedendo dolci e frutta secca e recitando la formula &#8220;Seus benius po is animeddas&#8221; <em>siamo venuti per le anime<\/em>, oppure &#8220;mi das fait po praxeri is animeddas?&#8221; <em>mi date qualcosa per il bene delle anime?<\/em><\/p>\n<p>In alcune regioni c&#8217;\u00e8 la tradizione di andare al cimitero non solo per portare crisantemi e pregare, ma anche per mangiare, proprio come si fa in Messico. In particolare si mangiano le <strong>fave<\/strong>, considerate da sempre un cibo sacro e dunque molto adatto per le cerimonie e i banchetti funebri. Anche in <strong>Liguria<\/strong> si preparano le fave secche, che si chiamano <em>bacilli<\/em> insieme ai <em>balletti (<\/em>castagne bollite). Ci sono anche molti dolci a forma di fave, come gli <em>stinchetti dei morti<\/em> in <strong>Umbria.<img loading=\"lazy\" decoding=\"async\" class=\"size-full wp-image-18513 aligncenter\" src=\"https:\/\/blog.holyart.it\/it\/wp-content\/uploads\/sites\/17\/2023\/09\/fave.jpg\" alt=\"fave\" width=\"1000\" height=\"666\" data-kale-share-title=\"2 novembre: giorno della commemorazione dei defunti\" data-kale-share-url=\"https:\/\/blog.holyart.it\/it\/?p=18511\" \/><\/strong><\/p>\n<h2>Il giorno dei defunti nel mondo<\/h2>\n<p>Oltre agli usi e costumi italiani ci sono molte tradizioni affascinanti per il giorno dei morti in giro per il mondo. Oltre al gi\u00e0 citato <strong>D\u00eda de los Muertos<\/strong> messicano, talmente caratteristica da essere stata inserita dall\u2019UNESCO nel Patrimonio Culturale Immateriale dell\u2019Umanit\u00e0, c&#8217;\u00e8 il sontuoso carnevale creolo di <strong>New Orleans<\/strong>,\u00a0la citt\u00e0 pi\u00f9 stregata d\u2019America, in virt\u00f9 della sua antica tradizione di stregoneria e <em>voodo<\/em>. In <strong>Irlanda<\/strong>\u00a0\u00e8 ancora molto sentito lo<em> Samhain<\/em> celtico, che si \u00e8 trasformato in <strong>Halloween<\/strong> ed \u00e8 stato esportato da qui in America. Si accendono grandi fal\u00f2 per allontanare la sfortuna e gli spiriti maligni, ci si traveste da mostri, si intagliano le zucche (un tempo erano rape), e si onorano i morti, ma anche gli spiriti.<\/p>\n<p>Molto diverse le celebrazioni che hanno luogo in <strong>Oriente<\/strong>, come la <em>Boon Para Wate\u00a0<\/em>in <strong>Thailandia<\/strong>, che si celebra tra giugno e luglio, dove per tre giorni si sfila con fiaccole accese, si suona musica e si danza, ma non mancano momenti di preghiera, meditazione e raccoglimento. In <strong>Cina<\/strong> dal 4 al 6 aprile si celebra il <em>Qingming<\/em>, \u201cIl Giorno della Pulizia delle tombe\u201d, in cui tutta la famiglia si riunisce per pulire le tombe degli antenati, consumando solo cibo freddo perch\u00e9 c&#8217;\u00e8 il divieto di accendere fuochi.<\/p>\n<p>Ancora, in <strong>Guatemala <\/strong>si festeggiano i Santi e i defunti costruendo giganteschi aquiloni, con il <em>Festival de Barriletes Gigantes. <\/em><\/p>\n","protected":false},"excerpt":{"rendered":"<p>Tavole imbandite nella notte e dolci dei morti. Preghiere, crisantemi e visite al cimitero. Ecco come si festeggia la commemorazione dei defunti in Italia e nel mondo Ciascuno di noi conosce sicuramente la tradizionale commemorazione dei defunti celebrata ogni anno il 2 novembre, il giorno&hellip;<\/p>\n","protected":false},"author":1,"featured_media":18515,"comment_status":"closed","ping_status":"open","sticky":false,"template":"","format":"standard","meta":{"_acf_changed":false,"footnotes":""},"categories":[16],"tags":[],"class_list":["post-18511","post","type-post","status-publish","format-standard","has-post-thumbnail","hentry","category-articoli-religiosi"],"acf":[],"yoast_head":"<!-- This site is optimized with the Yoast SEO plugin v26.6 - https:\/\/yoast.com\/wordpress\/plugins\/seo\/ -->\n<title>2 novembre: giorno della commemorazione dei defunti - Holyblog<\/title>\n<meta name=\"description\" content=\"La Commemorazione dei defunti \u00e8 una solennit\u00e0 importante per la religione cattolica, ma anche una tradizione ben pi\u00f9 antica\" \/>\n<meta name=\"robots\" content=\"index, follow, max-snippet:-1, max-image-preview:large, max-video-preview:-1\" \/>\n<link rel=\"canonical\" href=\"https:\/\/blog.holyart.it\/it\/articoli-religiosi\/2-novembre-giorno-della-commemorazione-dei-defunti\/\" \/>\n<meta property=\"og:locale\" content=\"it_IT\" \/>\n<meta property=\"og:type\" content=\"article\" \/>\n<meta property=\"og:title\" content=\"2 novembre: giorno della commemorazione dei defunti - Holyblog\" \/>\n<meta property=\"og:description\" content=\"La Commemorazione dei defunti \u00e8 una solennit\u00e0 importante per la religione cattolica, ma anche una tradizione ben pi\u00f9 antica\" \/>\n<meta property=\"og:url\" content=\"https:\/\/blog.holyart.it\/it\/articoli-religiosi\/2-novembre-giorno-della-commemorazione-dei-defunti\/\" \/>\n<meta property=\"og:site_name\" content=\"Holyblog\" \/>\n<meta property=\"article:published_time\" content=\"2023-10-25T08:00:37+00:00\" \/>\n<meta property=\"article:modified_time\" content=\"2025-10-28T10:48:28+00:00\" \/>\n<meta property=\"og:image\" content=\"https:\/\/blog.holyart.it\/it\/wp-content\/uploads\/sites\/17\/2023\/09\/commemorazione-dei-defunti.jpg\" \/>\n\t<meta property=\"og:image:width\" content=\"1000\" \/>\n\t<meta property=\"og:image:height\" content=\"666\" \/>\n\t<meta property=\"og:image:type\" content=\"image\/jpeg\" \/>\n<meta name=\"author\" content=\"Redazione\" \/>\n<meta name=\"twitter:card\" content=\"summary_large_image\" \/>\n<meta name=\"twitter:label1\" content=\"Scritto da\" \/>\n\t<meta name=\"twitter:data1\" content=\"Redazione\" \/>\n\t<meta name=\"twitter:label2\" content=\"Tempo di lettura stimato\" \/>\n\t<meta name=\"twitter:data2\" content=\"10 minuti\" \/>\n<script type=\"application\/ld+json\" class=\"yoast-schema-graph\">{\"@context\":\"https:\/\/schema.org\",\"@graph\":[{\"@type\":\"Article\",\"@id\":\"https:\/\/blog.holyart.it\/it\/articoli-religiosi\/2-novembre-giorno-della-commemorazione-dei-defunti\/#article\",\"isPartOf\":{\"@id\":\"https:\/\/blog.holyart.it\/it\/articoli-religiosi\/2-novembre-giorno-della-commemorazione-dei-defunti\/\"},\"author\":{\"name\":\"Redazione\",\"@id\":\"https:\/\/blog.holyart.it\/it\/#\/schema\/person\/0a7b686e5af0f856ec1e390dd0baecda\"},\"headline\":\"2 novembre: giorno della commemorazione dei defunti\",\"datePublished\":\"2023-10-25T08:00:37+00:00\",\"dateModified\":\"2025-10-28T10:48:28+00:00\",\"mainEntityOfPage\":{\"@id\":\"https:\/\/blog.holyart.it\/it\/articoli-religiosi\/2-novembre-giorno-della-commemorazione-dei-defunti\/\"},\"wordCount\":1602,\"publisher\":{\"@id\":\"https:\/\/blog.holyart.it\/it\/#organization\"},\"image\":{\"@id\":\"https:\/\/blog.holyart.it\/it\/articoli-religiosi\/2-novembre-giorno-della-commemorazione-dei-defunti\/#primaryimage\"},\"thumbnailUrl\":\"https:\/\/blog.holyart.it\/it\/wp-content\/uploads\/sites\/17\/2023\/09\/commemorazione-dei-defunti.jpg\",\"articleSection\":[\"Religione\"],\"inLanguage\":\"it-IT\"},{\"@type\":\"WebPage\",\"@id\":\"https:\/\/blog.holyart.it\/it\/articoli-religiosi\/2-novembre-giorno-della-commemorazione-dei-defunti\/\",\"url\":\"https:\/\/blog.holyart.it\/it\/articoli-religiosi\/2-novembre-giorno-della-commemorazione-dei-defunti\/\",\"name\":\"2 novembre: giorno della commemorazione dei defunti - Holyblog\",\"isPartOf\":{\"@id\":\"https:\/\/blog.holyart.it\/it\/#website\"},\"primaryImageOfPage\":{\"@id\":\"https:\/\/blog.holyart.it\/it\/articoli-religiosi\/2-novembre-giorno-della-commemorazione-dei-defunti\/#primaryimage\"},\"image\":{\"@id\":\"https:\/\/blog.holyart.it\/it\/articoli-religiosi\/2-novembre-giorno-della-commemorazione-dei-defunti\/#primaryimage\"},\"thumbnailUrl\":\"https:\/\/blog.holyart.it\/it\/wp-content\/uploads\/sites\/17\/2023\/09\/commemorazione-dei-defunti.jpg\",\"datePublished\":\"2023-10-25T08:00:37+00:00\",\"dateModified\":\"2025-10-28T10:48:28+00:00\",\"description\":\"La Commemorazione dei defunti \u00e8 una solennit\u00e0 importante per la religione cattolica, ma anche una tradizione ben pi\u00f9 antica\",\"breadcrumb\":{\"@id\":\"https:\/\/blog.holyart.it\/it\/articoli-religiosi\/2-novembre-giorno-della-commemorazione-dei-defunti\/#breadcrumb\"},\"inLanguage\":\"it-IT\",\"potentialAction\":[{\"@type\":\"ReadAction\",\"target\":[\"https:\/\/blog.holyart.it\/it\/articoli-religiosi\/2-novembre-giorno-della-commemorazione-dei-defunti\/\"]}]},{\"@type\":\"ImageObject\",\"inLanguage\":\"it-IT\",\"@id\":\"https:\/\/blog.holyart.it\/it\/articoli-religiosi\/2-novembre-giorno-della-commemorazione-dei-defunti\/#primaryimage\",\"url\":\"https:\/\/blog.holyart.it\/it\/wp-content\/uploads\/sites\/17\/2023\/09\/commemorazione-dei-defunti.jpg\",\"contentUrl\":\"https:\/\/blog.holyart.it\/it\/wp-content\/uploads\/sites\/17\/2023\/09\/commemorazione-dei-defunti.jpg\",\"width\":1000,\"height\":666,\"caption\":\"commemorazione dei defunti\"},{\"@type\":\"BreadcrumbList\",\"@id\":\"https:\/\/blog.holyart.it\/it\/articoli-religiosi\/2-novembre-giorno-della-commemorazione-dei-defunti\/#breadcrumb\",\"itemListElement\":[{\"@type\":\"ListItem\",\"position\":1,\"name\":\"Homepage\",\"item\":\"https:\/\/blog.holyart.it\/it\/\"},{\"@type\":\"ListItem\",\"position\":2,\"name\":\"Religione\",\"item\":\"https:\/\/blog.holyart.it\/it\/articoli-religiosi\/\"},{\"@type\":\"ListItem\",\"position\":3,\"name\":\"2 novembre: giorno della commemorazione dei defunti\"}]},{\"@type\":\"WebSite\",\"@id\":\"https:\/\/blog.holyart.it\/it\/#website\",\"url\":\"https:\/\/blog.holyart.it\/it\/\",\"name\":\"Holyblog\",\"description\":\"Il Blog di Holyart.it\",\"publisher\":{\"@id\":\"https:\/\/blog.holyart.it\/it\/#organization\"},\"potentialAction\":[{\"@type\":\"SearchAction\",\"target\":{\"@type\":\"EntryPoint\",\"urlTemplate\":\"https:\/\/blog.holyart.it\/it\/?s={search_term_string}\"},\"query-input\":{\"@type\":\"PropertyValueSpecification\",\"valueRequired\":true,\"valueName\":\"search_term_string\"}}],\"inLanguage\":\"it-IT\"},{\"@type\":\"Organization\",\"@id\":\"https:\/\/blog.holyart.it\/it\/#organization\",\"name\":\"Holyblog\",\"url\":\"https:\/\/blog.holyart.it\/it\/\",\"logo\":{\"@type\":\"ImageObject\",\"inLanguage\":\"it-IT\",\"@id\":\"https:\/\/blog.holyart.it\/it\/#\/schema\/logo\/image\/\",\"url\":\"https:\/\/blog.holyart.it\/it\/wp-content\/uploads\/sites\/17\/2022\/12\/Holyart_Blog_Logo.jpg\",\"contentUrl\":\"https:\/\/blog.holyart.it\/it\/wp-content\/uploads\/sites\/17\/2022\/12\/Holyart_Blog_Logo.jpg\",\"width\":300,\"height\":50,\"caption\":\"Holyblog\"},\"image\":{\"@id\":\"https:\/\/blog.holyart.it\/it\/#\/schema\/logo\/image\/\"}},{\"@type\":\"Person\",\"@id\":\"https:\/\/blog.holyart.it\/it\/#\/schema\/person\/0a7b686e5af0f856ec1e390dd0baecda\",\"name\":\"Redazione\"}]}<\/script>\n<!-- \/ Yoast SEO plugin. -->","yoast_head_json":{"title":"2 novembre: giorno della commemorazione dei defunti - Holyblog","description":"La Commemorazione dei defunti \u00e8 una solennit\u00e0 importante per la religione cattolica, ma anche una tradizione ben pi\u00f9 antica","robots":{"index":"index","follow":"follow","max-snippet":"max-snippet:-1","max-image-preview":"max-image-preview:large","max-video-preview":"max-video-preview:-1"},"canonical":"https:\/\/blog.holyart.it\/it\/articoli-religiosi\/2-novembre-giorno-della-commemorazione-dei-defunti\/","og_locale":"it_IT","og_type":"article","og_title":"2 novembre: giorno della commemorazione dei defunti - Holyblog","og_description":"La Commemorazione dei defunti \u00e8 una solennit\u00e0 importante per la religione cattolica, ma anche una tradizione ben pi\u00f9 antica","og_url":"https:\/\/blog.holyart.it\/it\/articoli-religiosi\/2-novembre-giorno-della-commemorazione-dei-defunti\/","og_site_name":"Holyblog","article_published_time":"2023-10-25T08:00:37+00:00","article_modified_time":"2025-10-28T10:48:28+00:00","og_image":[{"width":1000,"height":666,"url":"https:\/\/blog.holyart.it\/it\/wp-content\/uploads\/sites\/17\/2023\/09\/commemorazione-dei-defunti.jpg","type":"image\/jpeg"}],"author":"Redazione","twitter_card":"summary_large_image","twitter_misc":{"Scritto da":"Redazione","Tempo di lettura stimato":"10 minuti"},"schema":{"@context":"https:\/\/schema.org","@graph":[{"@type":"Article","@id":"https:\/\/blog.holyart.it\/it\/articoli-religiosi\/2-novembre-giorno-della-commemorazione-dei-defunti\/#article","isPartOf":{"@id":"https:\/\/blog.holyart.it\/it\/articoli-religiosi\/2-novembre-giorno-della-commemorazione-dei-defunti\/"},"author":{"name":"Redazione","@id":"https:\/\/blog.holyart.it\/it\/#\/schema\/person\/0a7b686e5af0f856ec1e390dd0baecda"},"headline":"2 novembre: giorno della commemorazione dei defunti","datePublished":"2023-10-25T08:00:37+00:00","dateModified":"2025-10-28T10:48:28+00:00","mainEntityOfPage":{"@id":"https:\/\/blog.holyart.it\/it\/articoli-religiosi\/2-novembre-giorno-della-commemorazione-dei-defunti\/"},"wordCount":1602,"publisher":{"@id":"https:\/\/blog.holyart.it\/it\/#organization"},"image":{"@id":"https:\/\/blog.holyart.it\/it\/articoli-religiosi\/2-novembre-giorno-della-commemorazione-dei-defunti\/#primaryimage"},"thumbnailUrl":"https:\/\/blog.holyart.it\/it\/wp-content\/uploads\/sites\/17\/2023\/09\/commemorazione-dei-defunti.jpg","articleSection":["Religione"],"inLanguage":"it-IT"},{"@type":"WebPage","@id":"https:\/\/blog.holyart.it\/it\/articoli-religiosi\/2-novembre-giorno-della-commemorazione-dei-defunti\/","url":"https:\/\/blog.holyart.it\/it\/articoli-religiosi\/2-novembre-giorno-della-commemorazione-dei-defunti\/","name":"2 novembre: giorno della commemorazione dei defunti - Holyblog","isPartOf":{"@id":"https:\/\/blog.holyart.it\/it\/#website"},"primaryImageOfPage":{"@id":"https:\/\/blog.holyart.it\/it\/articoli-religiosi\/2-novembre-giorno-della-commemorazione-dei-defunti\/#primaryimage"},"image":{"@id":"https:\/\/blog.holyart.it\/it\/articoli-religiosi\/2-novembre-giorno-della-commemorazione-dei-defunti\/#primaryimage"},"thumbnailUrl":"https:\/\/blog.holyart.it\/it\/wp-content\/uploads\/sites\/17\/2023\/09\/commemorazione-dei-defunti.jpg","datePublished":"2023-10-25T08:00:37+00:00","dateModified":"2025-10-28T10:48:28+00:00","description":"La Commemorazione dei defunti \u00e8 una solennit\u00e0 importante per la religione cattolica, ma anche una tradizione ben pi\u00f9 antica","breadcrumb":{"@id":"https:\/\/blog.holyart.it\/it\/articoli-religiosi\/2-novembre-giorno-della-commemorazione-dei-defunti\/#breadcrumb"},"inLanguage":"it-IT","potentialAction":[{"@type":"ReadAction","target":["https:\/\/blog.holyart.it\/it\/articoli-religiosi\/2-novembre-giorno-della-commemorazione-dei-defunti\/"]}]},{"@type":"ImageObject","inLanguage":"it-IT","@id":"https:\/\/blog.holyart.it\/it\/articoli-religiosi\/2-novembre-giorno-della-commemorazione-dei-defunti\/#primaryimage","url":"https:\/\/blog.holyart.it\/it\/wp-content\/uploads\/sites\/17\/2023\/09\/commemorazione-dei-defunti.jpg","contentUrl":"https:\/\/blog.holyart.it\/it\/wp-content\/uploads\/sites\/17\/2023\/09\/commemorazione-dei-defunti.jpg","width":1000,"height":666,"caption":"commemorazione dei defunti"},{"@type":"BreadcrumbList","@id":"https:\/\/blog.holyart.it\/it\/articoli-religiosi\/2-novembre-giorno-della-commemorazione-dei-defunti\/#breadcrumb","itemListElement":[{"@type":"ListItem","position":1,"name":"Homepage","item":"https:\/\/blog.holyart.it\/it\/"},{"@type":"ListItem","position":2,"name":"Religione","item":"https:\/\/blog.holyart.it\/it\/articoli-religiosi\/"},{"@type":"ListItem","position":3,"name":"2 novembre: giorno della commemorazione dei defunti"}]},{"@type":"WebSite","@id":"https:\/\/blog.holyart.it\/it\/#website","url":"https:\/\/blog.holyart.it\/it\/","name":"Holyblog","description":"Il Blog di Holyart.it","publisher":{"@id":"https:\/\/blog.holyart.it\/it\/#organization"},"potentialAction":[{"@type":"SearchAction","target":{"@type":"EntryPoint","urlTemplate":"https:\/\/blog.holyart.it\/it\/?s={search_term_string}"},"query-input":{"@type":"PropertyValueSpecification","valueRequired":true,"valueName":"search_term_string"}}],"inLanguage":"it-IT"},{"@type":"Organization","@id":"https:\/\/blog.holyart.it\/it\/#organization","name":"Holyblog","url":"https:\/\/blog.holyart.it\/it\/","logo":{"@type":"ImageObject","inLanguage":"it-IT","@id":"https:\/\/blog.holyart.it\/it\/#\/schema\/logo\/image\/","url":"https:\/\/blog.holyart.it\/it\/wp-content\/uploads\/sites\/17\/2022\/12\/Holyart_Blog_Logo.jpg","contentUrl":"https:\/\/blog.holyart.it\/it\/wp-content\/uploads\/sites\/17\/2022\/12\/Holyart_Blog_Logo.jpg","width":300,"height":50,"caption":"Holyblog"},"image":{"@id":"https:\/\/blog.holyart.it\/it\/#\/schema\/logo\/image\/"}},{"@type":"Person","@id":"https:\/\/blog.holyart.it\/it\/#\/schema\/person\/0a7b686e5af0f856ec1e390dd0baecda","name":"Redazione"}]}},"_links":{"self":[{"href":"https:\/\/blog.holyart.it\/it\/wp-json\/wp\/v2\/posts\/18511","targetHints":{"allow":["GET"]}}],"collection":[{"href":"https:\/\/blog.holyart.it\/it\/wp-json\/wp\/v2\/posts"}],"about":[{"href":"https:\/\/blog.holyart.it\/it\/wp-json\/wp\/v2\/types\/post"}],"author":[{"embeddable":true,"href":"https:\/\/blog.holyart.it\/it\/wp-json\/wp\/v2\/users\/1"}],"replies":[{"embeddable":true,"href":"https:\/\/blog.holyart.it\/it\/wp-json\/wp\/v2\/comments?post=18511"}],"version-history":[{"count":2,"href":"https:\/\/blog.holyart.it\/it\/wp-json\/wp\/v2\/posts\/18511\/revisions"}],"predecessor-version":[{"id":18546,"href":"https:\/\/blog.holyart.it\/it\/wp-json\/wp\/v2\/posts\/18511\/revisions\/18546"}],"wp:featuredmedia":[{"embeddable":true,"href":"https:\/\/blog.holyart.it\/it\/wp-json\/wp\/v2\/media\/18515"}],"wp:attachment":[{"href":"https:\/\/blog.holyart.it\/it\/wp-json\/wp\/v2\/media?parent=18511"}],"wp:term":[{"taxonomy":"category","embeddable":true,"href":"https:\/\/blog.holyart.it\/it\/wp-json\/wp\/v2\/categories?post=18511"},{"taxonomy":"post_tag","embeddable":true,"href":"https:\/\/blog.holyart.it\/it\/wp-json\/wp\/v2\/tags?post=18511"}],"curies":[{"name":"wp","href":"https:\/\/api.w.org\/{rel}","templated":true}]}}