{"id":18505,"date":"2023-10-23T10:00:03","date_gmt":"2023-10-23T08:00:03","guid":{"rendered":"https:\/\/blog.holyart.it\/it\/?p=18505"},"modified":"2023-09-22T10:18:06","modified_gmt":"2023-09-22T08:18:06","slug":"san-simone-e-san-giuda-taddeo-gli-apostoli-martiri-festeggiati-insieme","status":"publish","type":"post","link":"https:\/\/blog.holyart.it\/it\/articoli-religiosi\/san-simone-e-san-giuda-taddeo-gli-apostoli-martiri-festeggiati-insieme\/","title":{"rendered":"San Simone e San Giuda Taddeo: gli apostoli martiri festeggiati insieme"},"content":{"rendered":"<h4>Il 28 ottobre la chiesa festeggia la memoria liturgica congiunta di San Simone lo Zelota e San Giuda Taddeo. Ecco perch\u00e9 questi due apostoli martiri sono ricordati insieme<\/h4>\n\n<p>Il calendario dei <a href=\"https:\/\/www.holyart.it\/blog\/articoli-religiosi\/come-si-fa-a-diventare-santi-spieghiamo-il-processo-di-santificazione\/\"><strong>Santi cattolici<\/strong><\/a> \u00e8 ricco di occasioni per celebrare la vita e il sacrificio di individui eccezionali, che hanno dedicato la loro esistenza alla fede e al servizio di Dio. Tra questi santi, due figure emergono come esempi di devozione incondizionata e dedizione a Cristo: <strong>San Simone<\/strong> e <a href=\"https:\/\/www.holyart.it\/it\/articoli-religiosi\/statue\/statue-in-legno-dipinto\/statua-in-legno-san-giuda-taddeo-dipinta-val-gardena\"><strong>San Giuda Taddeo<\/strong><\/a>. Questi due <strong>apostoli martiri <\/strong>sono commemorati insieme, e la loro festa liturgica \u00e8 un&#8217;occasione per riflettere sulla forza della fede.<br \/>\nIl <strong>28 ottobre<\/strong> la Chiesa li onora e commemora entrambi. Questo perch\u00e9 i due sono accomunati da molti elementi, che li rendono simili e vicini, pur nelle loro diversit\u00e0. Intanto <strong>entrambi furono <a href=\"https:\/\/www.holyart.it\/blog\/santi-e-beati\/chi-erano-i-12-apostoli-e-scopri-la-differenza-tra-apostoli-e-discepoli\/\">apostoli<\/a><\/strong>, e come tali <strong>amici di Ges\u00f9<\/strong>, forse perfino parenti, vicini a lui nel breve tempo della Sua vita e negli ultimi tragici avvenimenti che accompagnarono la Sua morte. Come apostoli sono stati <strong>testimoni diretti degli insegnamenti di Ges\u00f9<\/strong> e della Sua <strong>Resurrezione<\/strong>, e hanno potuto giocare un ruolo fondamentale nella <strong>diffusione del Vangelo<\/strong>.<br \/>\nInsieme San Simone Apostolo e San Giuda apostolo <strong>predicarono in Egitto e in Mesopotamia<\/strong>, portando il messaggio di Cristo tra genti diverse e distanti.<\/p>\n<div class=\"link-product\">\n<div class=\"blocco-immagine\"><img loading=\"lazy\" decoding=\"async\" class=\"size-full wp-image-18532 alignleft\" src=\"https:\/\/blog.holyart.it\/it\/wp-content\/uploads\/sites\/17\/2023\/09\/statua-in-legno-san-giuda-taddeo.jpg\" alt=\"statua in legno san giuda taddeo\" width=\"100\" height=\"100\" data-kale-share-title=\"San Simone e San Giuda Taddeo: gli apostoli martiri festeggiati insieme\" data-kale-share-url=\"https:\/\/blog.holyart.it\/it\/?p=18505\" \/><\/div>\n<div class=\"blocco-contenuto\">\n<div class=\"blocco-acquista\">Acquista su Holyart:<\/div>\n<div class=\"blocco-titolo\"><a href=\"https:\/\/www.holyart.it\/it\/articoli-religiosi\/statue\/statue-in-legno-dipinto\/statua-in-legno-san-giuda-taddeo-dipinta-val-gardena\">Statua in legno San Giuda Taddeo <\/a><\/div>\n<div class=\"blocco-descrizione\">Statua in legno di acero della Val Gardena, viene scolpita e dipinta a mano dagli artigiani della Val Gardena.<\/div>\n<\/div>\n<\/div>\n<p>Oltre al ruolo di apostoli e alla missione evangelica, San Simone e San Giuda condivisero anche lo stesso destino: il <strong>martirio<\/strong>. Il primo fu sottoposto a una morte particolarmente atroce: il suo corpo fu fatto a pezzi con una sega. Questo crudele atto di martirio \u00e8 rimasto nella memoria collettiva e si riflette nell&#8217;iconografia che lo raffigura con questo attrezzo. Per questo motivo San Simone \u00e8 diventato il patrono dei boscaioli e dei taglialegna. Quanto a San Giuda, i sacerdoti pagani aizzarono contro di lui il popolo, che lo trucid\u00f2 a sassate, mazzate e colpi di lancia.<\/p>\n<p>San Simone e <a href=\"https:\/\/www.holyart.it\/it\/articoli-religiosi\/rosari-e-portarosari\/rosari-metallo\/rosario-metallo-30-cm-san-giuda-taddeo-grani-turchesi-ovali-10x7-mm\"><strong>San Taddeo<\/strong><\/a> ci insegnano che non importa quanto difficili possano essere le sfide che affrontiamo nella diffusione del Vangelo, la nostra fede in Cristo pu\u00f2 darci la forza di perseverare. Inoltre, la loro comunione nell&#8217;esperienza del martirio ci ricorda l&#8217;importanza dell&#8217;unit\u00e0 nella Chiesa, un&#8217;unit\u00e0 basata sulla fede comune in Ges\u00f9.<\/p>\n<div class=\"link-product\">\n<div class=\"blocco-immagine\"><img loading=\"lazy\" decoding=\"async\" class=\"size-full wp-image-18533 alignleft\" src=\"https:\/\/blog.holyart.it\/it\/wp-content\/uploads\/sites\/17\/2023\/09\/rosario-metallo-san-giuda-taddeo.jpg\" alt=\"rosario metallo san giuda taddeo\" width=\"100\" height=\"100\" data-kale-share-title=\"San Simone e San Giuda Taddeo: gli apostoli martiri festeggiati insieme\" data-kale-share-url=\"https:\/\/blog.holyart.it\/it\/?p=18505\" \/><\/div>\n<div class=\"blocco-contenuto\">\n<div class=\"blocco-acquista\">Acquista su Holyart:<\/div>\n<div class=\"blocco-titolo\"><a href=\"https:\/\/www.holyart.it\/it\/articoli-religiosi\/rosari-e-portarosari\/rosari-metallo\/rosario-metallo-30-cm-san-giuda-taddeo-grani-turchesi-ovali-10x7-mm\">Rosario metallo 30 cm San Giuda Taddeo<\/a><\/div>\n<div class=\"blocco-descrizione\">Il ciondolo misura 3 cm e la croce 3&#215;2 cm. Lo spazio tra un grano e l&#8217;altro \u00e8 di 0,5-1 cm.<\/div>\n<\/div>\n<\/div>\n<h2>San Simone il Cananeo<\/h2>\n<p>San Simone \u00e8 noto anche come <a href=\"https:\/\/www.holyart.it\/it\/articoli-religiosi\/arazzi\/arazzo-san-simone-apostolo-40x30-cm\"><strong>Simone il Cananeo<\/strong><\/a> (nei vangeli di Matteo e Marco) o <strong>Simone lo Zelota <\/strong>(cos\u00ec lo chiama Luca). Entrambi i soprannomi posso essere interpretati come <em>zelante<\/em>, ma forse egli fu anche membro degli Zeloti, conosciuti per il loro fervore religioso e fieri oppositori dell&#8217;occupazione romana. Non si sa molto della sua vita, oltre al fatto che fu un apostolo. Nel tempo gli sono stati attribuiti molti soprannomi e la sua identit\u00e0 \u00e8 stata confusa con quella di altri uomini. Secondo alcune tradizioni egli fu addirittura <strong>uno dei fratelli di Ges\u00f9<\/strong>. Altre tradizioni vedono in lui il <strong>primo vescovo di Gerusalemme.<br \/>\n<\/strong>Il suo martirio viene di solito associato a quello di San Giuda Taddeo e ambientato in Persia<strong>, <\/strong>o in Samaria.<\/p>\n<div class=\"link-product\">\n<div class=\"blocco-immagine\"><img loading=\"lazy\" decoding=\"async\" class=\"size-full wp-image-18534 alignleft\" src=\"https:\/\/blog.holyart.it\/it\/wp-content\/uploads\/sites\/17\/2023\/09\/arazzo-san-simone-apostolo.jpg\" alt=\"arazzo san simone apostolo\" width=\"100\" height=\"100\" data-kale-share-title=\"San Simone e San Giuda Taddeo: gli apostoli martiri festeggiati insieme\" data-kale-share-url=\"https:\/\/blog.holyart.it\/it\/?p=18505\" \/><\/div>\n<div class=\"blocco-contenuto\">\n<div class=\"blocco-acquista\">Acquista su Holyart:<\/div>\n<div class=\"blocco-titolo\"><a href=\"https:\/\/www.holyart.it\/it\/articoli-religiosi\/arazzi\/arazzo-san-simone-apostolo-40x30-cm\">Arazzo San Simone Apostolo<\/a><\/div>\n<div class=\"blocco-descrizione\">Arazzo in tessuto jacquard rifinito a mano, interamente in Italia.<\/div>\n<\/div>\n<\/div>\n<p>Questa complessit\u00e0 e confusione riguardo la figura di San Simone Zelota ci fa comprendere quanto poco conti la storia personale, soprattutto nell&#8217;ambiente dei primi cristiani, rispetto alla fede, all&#8217;impegno e alla testimonianza in Cristo sostenuta da questi uomini che hanno gettato le basi della Chiesa.<\/p>\n<h2>San Giuda Taddeo Apostolo<\/h2>\n<p><strong><a href=\"https:\/\/www.holyart.it\/blog\/santi-e-beati\/san-giuda-taddeo-il-santo-protettore-dei-casi-disperati\">San Giuda Taddeo<\/a>,<\/strong> come viene definito nei Vangeli di Marco e Matteo, \u00e8 noto anche come Giuda Lebbeo o Giuda di Giacomo (cos\u00ec lo chiama Luca). Non va confuso con <a href=\"https:\/\/www.holyart.it\/blog\/articoli-religiosi\/la-vera-storia-di-giuda-iscariota-conosciuto-per-aver-tradito-il-messia\/\"><strong>Giuda Iscariota<\/strong><\/a>, l&#8217;apostolo che trad\u00ec Ges\u00f9. Anche San Giuda Taddeo era uno dei dodici apostoli, spesso identificato come il figlio di Giuseppe e <strong><a href=\"https:\/\/www.holyart.it\/blog\/santi-e-beati\/pie-donne-le-tre-marie-presenti-sotto-la-croce-di-gesu\/\">Maria Cleofa<\/a><\/strong>, una delle tre Marie, le tre pie donne che assistettero ai piedi della croce all&#8217;agonia di Ges\u00f9, nonch\u00e9 cugina della Vergine Maria. Dunque San Giuda potrebbe essere stato <strong>cugino di Ges\u00f9 <\/strong>e fratello di Giacomo il Minore. Secondo un&#8217;antica tradizione egli era stato lo sposo delle <a href=\"https:\/\/www.holyart.it\/blog\/articoli-religiosi\/nozze-di-cana-spiegazione-miracolo\/\"><strong>nozze di Cana<\/strong><\/a>, prima di conoscere Ges\u00f9. Nel Nuovo Testamento c&#8217;\u00e8 un&#8217;<strong>epistola<\/strong> a lui attribuita, composta da 25 versetti, il primo dei quali recita: <em>\u201cGiuda, servo di Ges\u00f9 Cristo, fratello di Giacomo\u201d.<\/em><br \/>\nAnche la sua vita \u00e8 dunque avvolta nel mistero, ma la tradizione cristiana lo considera prima di tutto un predicatore instancabile del Vangelo.<\/p>\n<div class=\"link-article\">\n<p><img loading=\"lazy\" decoding=\"async\" class=\"size-full wp-image-18535 alignleft\" src=\"https:\/\/blog.holyart.it\/it\/wp-content\/uploads\/sites\/17\/2023\/09\/bacio-di-giuda.jpeg\" alt=\"bacio di giuda\" width=\"150\" height=\"100\" data-kale-share-title=\"San Simone e San Giuda Taddeo: gli apostoli martiri festeggiati insieme\" data-kale-share-url=\"https:\/\/blog.holyart.it\/it\/?p=18505\" \/><\/p>\n<div class=\"leggi-anche\">Leggi anche:<\/div>\n<p><strong><a href=\"https:\/\/www.holyart.it\/blog\/articoli-religiosi\/la-vera-storia-di-giuda-iscariota-conosciuto-per-aver-tradito-il-messia\/\">La vera storia di Giuda Iscariota: conosciuto per aver tradito il Messia<\/a><\/strong><br \/>\nIl nome di Giuda \u00e8 legato alla triste storia dell\u2019apostolo che trad\u00ec Ges\u00f9&#8230;<\/p>\n<\/div>\n<p>San Simone e San Giuda Taddeo portarono il Cristianesimo anche in <strong>Armenia<\/strong> e quest&#8217;ultimo fu il primo Catholicos (patriarca) della chiesa armena. In una zona montagnosa dell\u2019Azarbaijan, nel luogo in cui San Giuda Taddeo sarebbe morto, sorge il monastero di San Taddeo, chiamato anche Kara Kilise o Qareh Kalisa, &#8220;la Chiesa nera&#8221;, un luogo di pellegrinaggi visitato ogni anno da migliaia di devoti da tutto il mondo.<\/p>\n<p>Insieme a Santa Rita, Santa Filomena e San Giorgio Taumaturgo, San Giuda Taddeo \u00e8 considerato <strong>patrono delle cause perse<\/strong> e protettore di chi \u00e8 senza speranza.<\/p>\n<div class=\"link-article\">\n<p><img loading=\"lazy\" decoding=\"async\" class=\"size-full wp-image-18536 alignleft\" src=\"https:\/\/blog.holyart.it\/it\/wp-content\/uploads\/sites\/17\/2023\/09\/san-giuda-taddeo.jpg\" alt=\"san giuda taddeo\" width=\"150\" height=\"99\" data-kale-share-title=\"San Simone e San Giuda Taddeo: gli apostoli martiri festeggiati insieme\" data-kale-share-url=\"https:\/\/blog.holyart.it\/it\/?p=18505\" \/><\/p>\n<div class=\"leggi-anche\">Leggi anche:<\/div>\n<p><strong><a href=\"https:\/\/www.holyart.it\/blog\/santi-e-beati\/san-giuda-taddeo-il-santo-protettore-dei-casi-disperati\/\">San Giuda Taddeo, il santo protettore dei casi disperati<\/a><\/strong><br \/>\nIl 28 ottobre si festeggia la memoria di San Giuda Taddeo Apostolo, patrono dei casi disperati&#8230;<\/p>\n<\/div>\n<h2>Simone e Giuda: perch\u00e9 si festeggiano insieme<\/h2>\n<p>La festa di San Simone e San Giuda Taddeo si celebra il 28 ottobre per ricordare <a href=\"https:\/\/www.holyart.it\/blog\/santi-e-beati\/santi-martiri-sacrificare-la-propria-vita-in-nome-di-dio\/\"><strong>il loro comune martirio<\/strong><\/a>. Dopo esseri uniti per portare il messaggio di Cristo in Persia, nella loro opera di evangelizzazione San Taddeo e San Simone dovettero scontrarsi con ostilit\u00e0 diffusa, e soprattutto con due maghi locali, Zaroes e Arfaxat, indispettiti dai loro successi. Giunti nella citt\u00e0 di Suanir, nella Colchide, dietro suggerimento dei due maghi vennero fatti arrestare dai sacerdoti e venne intimato loro di elevare sacrifici agli dei nel Tempio del Sole.<br \/>\nI due Santi non solo rifiutarono, ma scacciarono i demoni che albergavano nel tempio, causando ululati e bestemmie terrificanti, e scatenando l&#8217;ira dei sacerdoti, che aizzarono il popolo contro di loro. I due furono aggrediti con sassate, lance e colpi di mazza, e alla fine San Taddeo venne ucciso da un colpo d&#8217;ascia o di mazza alla testa, Simone con una sega.<\/p>\n<div class=\"link-article\">\n<p><img loading=\"lazy\" decoding=\"async\" class=\"size-full wp-image-18537 alignleft\" src=\"https:\/\/blog.holyart.it\/it\/wp-content\/uploads\/sites\/17\/2023\/09\/Santi-martiri.jpg\" alt=\"Santi martiri\" width=\"150\" height=\"99\" data-kale-share-title=\"San Simone e San Giuda Taddeo: gli apostoli martiri festeggiati insieme\" data-kale-share-url=\"https:\/\/blog.holyart.it\/it\/?p=18505\" \/><\/p>\n<div class=\"leggi-anche\">Leggi anche:<\/div>\n<p><strong><a href=\"https:\/\/www.holyart.it\/blog\/santi-e-beati\/santi-martiri-sacrificare-la-propria-vita-in-nome-di-dio\/\">Santi Martiri: sacrificare la propria vita in nome di Dio<\/a><\/strong><br \/>\nI Santi Martiri sono uomini e donne, spesso molto giovani, che hanno sacrificato la propria vita&#8230;<\/p>\n<\/div>\n","protected":false},"excerpt":{"rendered":"<p>Il 28 ottobre la chiesa festeggia la memoria liturgica congiunta di San Simone lo Zelota e San Giuda Taddeo. Ecco perch\u00e9 questi due apostoli martiri sono ricordati insieme Il calendario dei Santi cattolici \u00e8 ricco di occasioni per celebrare la vita e il sacrificio di&hellip;<\/p>\n","protected":false},"author":1,"featured_media":18509,"comment_status":"closed","ping_status":"open","sticky":false,"template":"","format":"standard","meta":{"_acf_changed":false,"footnotes":""},"categories":[16,15],"tags":[],"class_list":["post-18505","post","type-post","status-publish","format-standard","has-post-thumbnail","hentry","category-articoli-religiosi","category-santi-e-beati"],"acf":[],"yoast_head":"<!-- This site is optimized with the Yoast SEO plugin v26.6 - https:\/\/yoast.com\/wordpress\/plugins\/seo\/ -->\n<title>San Simone e San Giuda Taddeo: gli apostoli martiri festeggiati insieme - Holyblog<\/title>\n<meta name=\"description\" content=\"San Simone e San Giuda Taddeo furono apostoli e amici di Cristo. Insieme si impegnarono a evangelizzare e per questo conobbero il martirio\" \/>\n<meta name=\"robots\" content=\"index, follow, max-snippet:-1, max-image-preview:large, max-video-preview:-1\" \/>\n<link rel=\"canonical\" href=\"https:\/\/blog.holyart.it\/it\/articoli-religiosi\/san-simone-e-san-giuda-taddeo-gli-apostoli-martiri-festeggiati-insieme\/\" \/>\n<meta property=\"og:locale\" content=\"it_IT\" \/>\n<meta property=\"og:type\" content=\"article\" \/>\n<meta property=\"og:title\" content=\"San Simone e San Giuda Taddeo: gli apostoli martiri festeggiati insieme - Holyblog\" \/>\n<meta property=\"og:description\" content=\"San Simone e San Giuda Taddeo furono apostoli e amici di Cristo. Insieme si impegnarono a evangelizzare e per questo conobbero il martirio\" \/>\n<meta property=\"og:url\" content=\"https:\/\/blog.holyart.it\/it\/articoli-religiosi\/san-simone-e-san-giuda-taddeo-gli-apostoli-martiri-festeggiati-insieme\/\" \/>\n<meta property=\"og:site_name\" content=\"Holyblog\" \/>\n<meta property=\"article:published_time\" content=\"2023-10-23T08:00:03+00:00\" \/>\n<meta property=\"og:image\" content=\"https:\/\/blog.holyart.it\/it\/wp-content\/uploads\/sites\/17\/2023\/09\/san-simone-e-san-giuda-taddeo.jpg\" \/>\n\t<meta property=\"og:image:width\" content=\"1000\" \/>\n\t<meta property=\"og:image:height\" content=\"666\" \/>\n\t<meta property=\"og:image:type\" content=\"image\/jpeg\" \/>\n<meta name=\"author\" content=\"Redazione\" \/>\n<meta name=\"twitter:card\" content=\"summary_large_image\" \/>\n<meta name=\"twitter:label1\" content=\"Scritto da\" \/>\n\t<meta name=\"twitter:data1\" content=\"Redazione\" \/>\n\t<meta name=\"twitter:label2\" content=\"Tempo di lettura stimato\" \/>\n\t<meta name=\"twitter:data2\" content=\"8 minuti\" \/>\n<script type=\"application\/ld+json\" class=\"yoast-schema-graph\">{\"@context\":\"https:\/\/schema.org\",\"@graph\":[{\"@type\":\"Article\",\"@id\":\"https:\/\/blog.holyart.it\/it\/articoli-religiosi\/san-simone-e-san-giuda-taddeo-gli-apostoli-martiri-festeggiati-insieme\/#article\",\"isPartOf\":{\"@id\":\"https:\/\/blog.holyart.it\/it\/articoli-religiosi\/san-simone-e-san-giuda-taddeo-gli-apostoli-martiri-festeggiati-insieme\/\"},\"author\":{\"name\":\"Redazione\",\"@id\":\"https:\/\/blog.holyart.it\/it\/#\/schema\/person\/0a7b686e5af0f856ec1e390dd0baecda\"},\"headline\":\"San Simone e San Giuda Taddeo: gli apostoli martiri festeggiati insieme\",\"datePublished\":\"2023-10-23T08:00:03+00:00\",\"mainEntityOfPage\":{\"@id\":\"https:\/\/blog.holyart.it\/it\/articoli-religiosi\/san-simone-e-san-giuda-taddeo-gli-apostoli-martiri-festeggiati-insieme\/\"},\"wordCount\":1099,\"publisher\":{\"@id\":\"https:\/\/blog.holyart.it\/it\/#organization\"},\"image\":{\"@id\":\"https:\/\/blog.holyart.it\/it\/articoli-religiosi\/san-simone-e-san-giuda-taddeo-gli-apostoli-martiri-festeggiati-insieme\/#primaryimage\"},\"thumbnailUrl\":\"https:\/\/blog.holyart.it\/it\/wp-content\/uploads\/sites\/17\/2023\/09\/san-simone-e-san-giuda-taddeo.jpg\",\"articleSection\":[\"Religione\",\"Santi e beati\"],\"inLanguage\":\"it-IT\"},{\"@type\":\"WebPage\",\"@id\":\"https:\/\/blog.holyart.it\/it\/articoli-religiosi\/san-simone-e-san-giuda-taddeo-gli-apostoli-martiri-festeggiati-insieme\/\",\"url\":\"https:\/\/blog.holyart.it\/it\/articoli-religiosi\/san-simone-e-san-giuda-taddeo-gli-apostoli-martiri-festeggiati-insieme\/\",\"name\":\"San Simone e San Giuda Taddeo: gli apostoli martiri festeggiati insieme - Holyblog\",\"isPartOf\":{\"@id\":\"https:\/\/blog.holyart.it\/it\/#website\"},\"primaryImageOfPage\":{\"@id\":\"https:\/\/blog.holyart.it\/it\/articoli-religiosi\/san-simone-e-san-giuda-taddeo-gli-apostoli-martiri-festeggiati-insieme\/#primaryimage\"},\"image\":{\"@id\":\"https:\/\/blog.holyart.it\/it\/articoli-religiosi\/san-simone-e-san-giuda-taddeo-gli-apostoli-martiri-festeggiati-insieme\/#primaryimage\"},\"thumbnailUrl\":\"https:\/\/blog.holyart.it\/it\/wp-content\/uploads\/sites\/17\/2023\/09\/san-simone-e-san-giuda-taddeo.jpg\",\"datePublished\":\"2023-10-23T08:00:03+00:00\",\"description\":\"San Simone e San Giuda Taddeo furono apostoli e amici di Cristo. Insieme si impegnarono a evangelizzare e per questo conobbero il martirio\",\"breadcrumb\":{\"@id\":\"https:\/\/blog.holyart.it\/it\/articoli-religiosi\/san-simone-e-san-giuda-taddeo-gli-apostoli-martiri-festeggiati-insieme\/#breadcrumb\"},\"inLanguage\":\"it-IT\",\"potentialAction\":[{\"@type\":\"ReadAction\",\"target\":[\"https:\/\/blog.holyart.it\/it\/articoli-religiosi\/san-simone-e-san-giuda-taddeo-gli-apostoli-martiri-festeggiati-insieme\/\"]}]},{\"@type\":\"ImageObject\",\"inLanguage\":\"it-IT\",\"@id\":\"https:\/\/blog.holyart.it\/it\/articoli-religiosi\/san-simone-e-san-giuda-taddeo-gli-apostoli-martiri-festeggiati-insieme\/#primaryimage\",\"url\":\"https:\/\/blog.holyart.it\/it\/wp-content\/uploads\/sites\/17\/2023\/09\/san-simone-e-san-giuda-taddeo.jpg\",\"contentUrl\":\"https:\/\/blog.holyart.it\/it\/wp-content\/uploads\/sites\/17\/2023\/09\/san-simone-e-san-giuda-taddeo.jpg\",\"width\":1000,\"height\":666,\"caption\":\"san simone e san giuda taddeo\"},{\"@type\":\"BreadcrumbList\",\"@id\":\"https:\/\/blog.holyart.it\/it\/articoli-religiosi\/san-simone-e-san-giuda-taddeo-gli-apostoli-martiri-festeggiati-insieme\/#breadcrumb\",\"itemListElement\":[{\"@type\":\"ListItem\",\"position\":1,\"name\":\"Homepage\",\"item\":\"https:\/\/blog.holyart.it\/it\/\"},{\"@type\":\"ListItem\",\"position\":2,\"name\":\"Religione\",\"item\":\"https:\/\/blog.holyart.it\/it\/articoli-religiosi\/\"},{\"@type\":\"ListItem\",\"position\":3,\"name\":\"San Simone e San Giuda Taddeo: gli apostoli martiri festeggiati insieme\"}]},{\"@type\":\"WebSite\",\"@id\":\"https:\/\/blog.holyart.it\/it\/#website\",\"url\":\"https:\/\/blog.holyart.it\/it\/\",\"name\":\"Holyblog\",\"description\":\"Il Blog di Holyart.it\",\"publisher\":{\"@id\":\"https:\/\/blog.holyart.it\/it\/#organization\"},\"potentialAction\":[{\"@type\":\"SearchAction\",\"target\":{\"@type\":\"EntryPoint\",\"urlTemplate\":\"https:\/\/blog.holyart.it\/it\/?s={search_term_string}\"},\"query-input\":{\"@type\":\"PropertyValueSpecification\",\"valueRequired\":true,\"valueName\":\"search_term_string\"}}],\"inLanguage\":\"it-IT\"},{\"@type\":\"Organization\",\"@id\":\"https:\/\/blog.holyart.it\/it\/#organization\",\"name\":\"Holyblog\",\"url\":\"https:\/\/blog.holyart.it\/it\/\",\"logo\":{\"@type\":\"ImageObject\",\"inLanguage\":\"it-IT\",\"@id\":\"https:\/\/blog.holyart.it\/it\/#\/schema\/logo\/image\/\",\"url\":\"https:\/\/blog.holyart.it\/it\/wp-content\/uploads\/sites\/17\/2022\/12\/Holyart_Blog_Logo.jpg\",\"contentUrl\":\"https:\/\/blog.holyart.it\/it\/wp-content\/uploads\/sites\/17\/2022\/12\/Holyart_Blog_Logo.jpg\",\"width\":300,\"height\":50,\"caption\":\"Holyblog\"},\"image\":{\"@id\":\"https:\/\/blog.holyart.it\/it\/#\/schema\/logo\/image\/\"}},{\"@type\":\"Person\",\"@id\":\"https:\/\/blog.holyart.it\/it\/#\/schema\/person\/0a7b686e5af0f856ec1e390dd0baecda\",\"name\":\"Redazione\"}]}<\/script>\n<!-- \/ Yoast SEO plugin. -->","yoast_head_json":{"title":"San Simone e San Giuda Taddeo: gli apostoli martiri festeggiati insieme - Holyblog","description":"San Simone e San Giuda Taddeo furono apostoli e amici di Cristo. Insieme si impegnarono a evangelizzare e per questo conobbero il martirio","robots":{"index":"index","follow":"follow","max-snippet":"max-snippet:-1","max-image-preview":"max-image-preview:large","max-video-preview":"max-video-preview:-1"},"canonical":"https:\/\/blog.holyart.it\/it\/articoli-religiosi\/san-simone-e-san-giuda-taddeo-gli-apostoli-martiri-festeggiati-insieme\/","og_locale":"it_IT","og_type":"article","og_title":"San Simone e San Giuda Taddeo: gli apostoli martiri festeggiati insieme - Holyblog","og_description":"San Simone e San Giuda Taddeo furono apostoli e amici di Cristo. Insieme si impegnarono a evangelizzare e per questo conobbero il martirio","og_url":"https:\/\/blog.holyart.it\/it\/articoli-religiosi\/san-simone-e-san-giuda-taddeo-gli-apostoli-martiri-festeggiati-insieme\/","og_site_name":"Holyblog","article_published_time":"2023-10-23T08:00:03+00:00","og_image":[{"width":1000,"height":666,"url":"https:\/\/blog.holyart.it\/it\/wp-content\/uploads\/sites\/17\/2023\/09\/san-simone-e-san-giuda-taddeo.jpg","type":"image\/jpeg"}],"author":"Redazione","twitter_card":"summary_large_image","twitter_misc":{"Scritto da":"Redazione","Tempo di lettura stimato":"8 minuti"},"schema":{"@context":"https:\/\/schema.org","@graph":[{"@type":"Article","@id":"https:\/\/blog.holyart.it\/it\/articoli-religiosi\/san-simone-e-san-giuda-taddeo-gli-apostoli-martiri-festeggiati-insieme\/#article","isPartOf":{"@id":"https:\/\/blog.holyart.it\/it\/articoli-religiosi\/san-simone-e-san-giuda-taddeo-gli-apostoli-martiri-festeggiati-insieme\/"},"author":{"name":"Redazione","@id":"https:\/\/blog.holyart.it\/it\/#\/schema\/person\/0a7b686e5af0f856ec1e390dd0baecda"},"headline":"San Simone e San Giuda Taddeo: gli apostoli martiri festeggiati insieme","datePublished":"2023-10-23T08:00:03+00:00","mainEntityOfPage":{"@id":"https:\/\/blog.holyart.it\/it\/articoli-religiosi\/san-simone-e-san-giuda-taddeo-gli-apostoli-martiri-festeggiati-insieme\/"},"wordCount":1099,"publisher":{"@id":"https:\/\/blog.holyart.it\/it\/#organization"},"image":{"@id":"https:\/\/blog.holyart.it\/it\/articoli-religiosi\/san-simone-e-san-giuda-taddeo-gli-apostoli-martiri-festeggiati-insieme\/#primaryimage"},"thumbnailUrl":"https:\/\/blog.holyart.it\/it\/wp-content\/uploads\/sites\/17\/2023\/09\/san-simone-e-san-giuda-taddeo.jpg","articleSection":["Religione","Santi e beati"],"inLanguage":"it-IT"},{"@type":"WebPage","@id":"https:\/\/blog.holyart.it\/it\/articoli-religiosi\/san-simone-e-san-giuda-taddeo-gli-apostoli-martiri-festeggiati-insieme\/","url":"https:\/\/blog.holyart.it\/it\/articoli-religiosi\/san-simone-e-san-giuda-taddeo-gli-apostoli-martiri-festeggiati-insieme\/","name":"San Simone e San Giuda Taddeo: gli apostoli martiri festeggiati insieme - Holyblog","isPartOf":{"@id":"https:\/\/blog.holyart.it\/it\/#website"},"primaryImageOfPage":{"@id":"https:\/\/blog.holyart.it\/it\/articoli-religiosi\/san-simone-e-san-giuda-taddeo-gli-apostoli-martiri-festeggiati-insieme\/#primaryimage"},"image":{"@id":"https:\/\/blog.holyart.it\/it\/articoli-religiosi\/san-simone-e-san-giuda-taddeo-gli-apostoli-martiri-festeggiati-insieme\/#primaryimage"},"thumbnailUrl":"https:\/\/blog.holyart.it\/it\/wp-content\/uploads\/sites\/17\/2023\/09\/san-simone-e-san-giuda-taddeo.jpg","datePublished":"2023-10-23T08:00:03+00:00","description":"San Simone e San Giuda Taddeo furono apostoli e amici di Cristo. Insieme si impegnarono a evangelizzare e per questo conobbero il martirio","breadcrumb":{"@id":"https:\/\/blog.holyart.it\/it\/articoli-religiosi\/san-simone-e-san-giuda-taddeo-gli-apostoli-martiri-festeggiati-insieme\/#breadcrumb"},"inLanguage":"it-IT","potentialAction":[{"@type":"ReadAction","target":["https:\/\/blog.holyart.it\/it\/articoli-religiosi\/san-simone-e-san-giuda-taddeo-gli-apostoli-martiri-festeggiati-insieme\/"]}]},{"@type":"ImageObject","inLanguage":"it-IT","@id":"https:\/\/blog.holyart.it\/it\/articoli-religiosi\/san-simone-e-san-giuda-taddeo-gli-apostoli-martiri-festeggiati-insieme\/#primaryimage","url":"https:\/\/blog.holyart.it\/it\/wp-content\/uploads\/sites\/17\/2023\/09\/san-simone-e-san-giuda-taddeo.jpg","contentUrl":"https:\/\/blog.holyart.it\/it\/wp-content\/uploads\/sites\/17\/2023\/09\/san-simone-e-san-giuda-taddeo.jpg","width":1000,"height":666,"caption":"san simone e san giuda taddeo"},{"@type":"BreadcrumbList","@id":"https:\/\/blog.holyart.it\/it\/articoli-religiosi\/san-simone-e-san-giuda-taddeo-gli-apostoli-martiri-festeggiati-insieme\/#breadcrumb","itemListElement":[{"@type":"ListItem","position":1,"name":"Homepage","item":"https:\/\/blog.holyart.it\/it\/"},{"@type":"ListItem","position":2,"name":"Religione","item":"https:\/\/blog.holyart.it\/it\/articoli-religiosi\/"},{"@type":"ListItem","position":3,"name":"San Simone e San Giuda Taddeo: gli apostoli martiri festeggiati insieme"}]},{"@type":"WebSite","@id":"https:\/\/blog.holyart.it\/it\/#website","url":"https:\/\/blog.holyart.it\/it\/","name":"Holyblog","description":"Il Blog di Holyart.it","publisher":{"@id":"https:\/\/blog.holyart.it\/it\/#organization"},"potentialAction":[{"@type":"SearchAction","target":{"@type":"EntryPoint","urlTemplate":"https:\/\/blog.holyart.it\/it\/?s={search_term_string}"},"query-input":{"@type":"PropertyValueSpecification","valueRequired":true,"valueName":"search_term_string"}}],"inLanguage":"it-IT"},{"@type":"Organization","@id":"https:\/\/blog.holyart.it\/it\/#organization","name":"Holyblog","url":"https:\/\/blog.holyart.it\/it\/","logo":{"@type":"ImageObject","inLanguage":"it-IT","@id":"https:\/\/blog.holyart.it\/it\/#\/schema\/logo\/image\/","url":"https:\/\/blog.holyart.it\/it\/wp-content\/uploads\/sites\/17\/2022\/12\/Holyart_Blog_Logo.jpg","contentUrl":"https:\/\/blog.holyart.it\/it\/wp-content\/uploads\/sites\/17\/2022\/12\/Holyart_Blog_Logo.jpg","width":300,"height":50,"caption":"Holyblog"},"image":{"@id":"https:\/\/blog.holyart.it\/it\/#\/schema\/logo\/image\/"}},{"@type":"Person","@id":"https:\/\/blog.holyart.it\/it\/#\/schema\/person\/0a7b686e5af0f856ec1e390dd0baecda","name":"Redazione"}]}},"_links":{"self":[{"href":"https:\/\/blog.holyart.it\/it\/wp-json\/wp\/v2\/posts\/18505","targetHints":{"allow":["GET"]}}],"collection":[{"href":"https:\/\/blog.holyart.it\/it\/wp-json\/wp\/v2\/posts"}],"about":[{"href":"https:\/\/blog.holyart.it\/it\/wp-json\/wp\/v2\/types\/post"}],"author":[{"embeddable":true,"href":"https:\/\/blog.holyart.it\/it\/wp-json\/wp\/v2\/users\/1"}],"replies":[{"embeddable":true,"href":"https:\/\/blog.holyart.it\/it\/wp-json\/wp\/v2\/comments?post=18505"}],"version-history":[{"count":6,"href":"https:\/\/blog.holyart.it\/it\/wp-json\/wp\/v2\/posts\/18505\/revisions"}],"predecessor-version":[{"id":18540,"href":"https:\/\/blog.holyart.it\/it\/wp-json\/wp\/v2\/posts\/18505\/revisions\/18540"}],"wp:featuredmedia":[{"embeddable":true,"href":"https:\/\/blog.holyart.it\/it\/wp-json\/wp\/v2\/media\/18509"}],"wp:attachment":[{"href":"https:\/\/blog.holyart.it\/it\/wp-json\/wp\/v2\/media?parent=18505"}],"wp:term":[{"taxonomy":"category","embeddable":true,"href":"https:\/\/blog.holyart.it\/it\/wp-json\/wp\/v2\/categories?post=18505"},{"taxonomy":"post_tag","embeddable":true,"href":"https:\/\/blog.holyart.it\/it\/wp-json\/wp\/v2\/tags?post=18505"}],"curies":[{"name":"wp","href":"https:\/\/api.w.org\/{rel}","templated":true}]}}