{"id":18497,"date":"2023-10-04T10:00:53","date_gmt":"2023-10-04T08:00:53","guid":{"rendered":"https:\/\/blog.holyart.it\/it\/?p=18497"},"modified":"2024-09-27T14:44:03","modified_gmt":"2024-09-27T12:44:03","slug":"papa-francesco-e-lambiente-ecco-cosa-lo-accomuna-al-santo-da-cui-ha-preso-il-nome","status":"publish","type":"post","link":"https:\/\/blog.holyart.it\/it\/articoli-religiosi\/papa-francesco-e-lambiente-ecco-cosa-lo-accomuna-al-santo-da-cui-ha-preso-il-nome\/","title":{"rendered":"Papa Francesco e l&#8217;ambiente: ecco cosa lo accomuna al santo da cui ha preso il nome"},"content":{"rendered":"<h4>In occasione della Giornata mondiale di preghiera per la cura del creato e del Tempo del Creato, emerge il rapporto di Papa Francesco e l\u2019ambiente e il suo legame con San Francesco d&#8217;Assisi<\/h4>\n\n<p>Il <strong>4 ottobre, <a href=\"https:\/\/www.holyart.it\/blog\/articoli-religiosi\/la-serie-di-celebrazioni-per-lottavo-centenario-della-morte-di-san-francesco-dassisi\/\">Festa di San Francesco d&#8217;Assisi<\/a><\/strong>, la Chiesa celebra la conclusione del cosiddetto <strong>Tempo del Creato<\/strong>, un periodo dedicato al recuperare del rapporto tra l&#8217;umanit\u00e0 e il mondo che Dio ha creato per tutti noi. In questo periodo ci si dedica alla preghiera, ma anche alla discussione ad azioni pratiche volte a proteggere e tutelare l&#8217;ambiente, la &#8220;casa comune&#8221; per noi e per chi verr\u00e0. Ogni anno viene scelto un tema. Per il 2023 \u00e8 <em>&#8220;Che la Giustizia e la Pace scorra&#8221;<\/em>. Come \u00e8 prevedibile, nell&#8217;ambito di questa iniziativa un ruolo fondamentale viene giocato dal pontefice, guida e ispirazione per l&#8217;intera comunit\u00e0. Il rapporto tra <strong><a href=\"https:\/\/www.holyart.it\/it\/occasioni-speciali\/papa-francesco\">Papa Francesco<\/a> e l\u2019ambiente<\/strong>, l&#8217;attenzione che il Santo Padre rivolge al mondo in cui viviamo, trascende tuttavia da questo singolo periodo. Forse \u00e8 stato il nome stesso scelto da Papa Bergoglio, <strong>Francesco<\/strong>, a ispirarlo e a spingerlo a prestare tanta <strong>attenzione al rapporto tra uomo e natura<\/strong>. Infatti nel 1979 San Francesco d\u2019Assisi \u00e8 stato proclamato da Giovanni Paolo II il <strong>santo patrono dell\u2019ecologia.<\/strong><\/p>\n<div class=\"link-article\">\n<p><img loading=\"lazy\" decoding=\"async\" class=\"size-full wp-image-18517 alignleft\" src=\"https:\/\/blog.holyart.it\/it\/wp-content\/uploads\/sites\/17\/2023\/09\/san-francesco-copertina-2.jpg\" alt=\"san francesco copertina\" width=\"150\" height=\"99\" data-kale-share-title=\"Papa Francesco e l\u2019ambiente: ecco cosa lo accomuna al santo da cui ha preso il nome\" data-kale-share-url=\"https:\/\/blog.holyart.it\/it\/?p=18497\" \/><\/p>\n<div class=\"leggi-anche\">Leggi anche:<\/div>\n<p><strong><a href=\"https:\/\/www.holyart.it\/blog\/articoli-religiosi\/la-serie-di-celebrazioni-per-lottavo-centenario-della-morte-di-san-francesco-dassisi\/\">La serie di celebrazioni per l&#8217;ottavo centenario della morte di San Francesco d&#8217;Assisi<\/a><\/strong><br \/>\nNel 2026 cadr\u00e0 l&#8217;ottavo centenario della morte di San Francesco d&#8217;Assisi&#8230;<\/p>\n<\/div>\n<p>Il Tempo del Creato si apre il 1\u00b0 settembre con la <strong>Giornata mondiale di preghiera per la cura del creato.<\/strong> In quell&#8217;occasione Papa Francesco ha riportato l&#8217;attenzione sull&#8217;<strong>Enciclica <a href=\"https:\/\/www.holyart.it\/blog\/articoli-religiosi\/il-cantico-delle-creature-di-san-francesco\/\">Laudato Si&#8217;<\/a><\/strong>, da lui pubblicata il 24 maggio 2015, e dedicata proprio alla cura della casa comune, annunciando la sua intenzione di pubblicare un&#8217;esortazione apostolica in occasione della chiusura del Tempo del Creato del 2023 e della Festa di San Francesco, che di quell&#8217;enciclica ripropone i temi, resi ancora pi\u00f9 urgenti dall\u2019<strong>uso irresponsabile e dell\u2019abuso dei beni<\/strong> che Dio ha creato, a opera di uomini e governi senza scrupoli.<\/p>\n<div class=\"link-product\">\n<div class=\"blocco-immagine\"><img loading=\"lazy\" decoding=\"async\" class=\"size-full wp-image-18518 alignleft\" src=\"https:\/\/blog.holyart.it\/it\/wp-content\/uploads\/sites\/17\/2023\/09\/rosario-legno-papa-francesco.jpg\" alt=\"rosario legno papa francesco\" width=\"100\" height=\"100\" data-kale-share-title=\"Papa Francesco e l\u2019ambiente: ecco cosa lo accomuna al santo da cui ha preso il nome\" data-kale-share-url=\"https:\/\/blog.holyart.it\/it\/?p=18497\" \/><\/div>\n<div class=\"blocco-contenuto\">\n<div class=\"blocco-acquista\">Acquista su Holyart:<\/div>\n<div class=\"blocco-titolo\"><a href=\"https:\/\/www.holyart.it\/it\/occasioni-speciali\/papa-francesco\">Papa Francesco<\/a><\/div>\n<div class=\"blocco-descrizione\">Categoria dedicata a Papa Jorge Mario Bergoglio.<\/div>\n<\/div>\n<\/div>\n<p>Il Papa parla di <strong>ingiustizie ambientali e climatiche<\/strong>, di una <strong>guerra insensata in atto contro la nostra casa comune<\/strong>, una guerra mondiale e terribile che deve essere fermata con l&#8217;impegno di tutti. Dalle parole del Papa emerge come la natura, il mondo che ci circonda, non sia qualcosa da sfruttare impietosamente e dissennatamente, ma una <strong>realt\u00e0<\/strong> <strong>sacra da custodire<\/strong>, in quanto dono del Creatore. Allo stesso modo il Papa, il cui impegno nei confronti dell&#8217;ecologia va di pari passo con la <strong>lotta contro le ingiustizie e diseguaglianze sociali<\/strong>, richiama l&#8217;attenzione sulla fragilit\u00e0 di quelle popolazioni la cui stessa esistenza \u00e8 schiacciata e minacciata da poteri forti senza scrupoli, come i molti, troppi <strong>migranti <\/strong>costretti a lasciare la propria terra devastata dai cambiamenti climatici, ma anche da guerre e miseria alimentati da interessi economici spregiudicati.<\/p>\n<div class=\"link-article\">\n<p><img loading=\"lazy\" decoding=\"async\" class=\"size-full wp-image-18519 alignleft\" src=\"https:\/\/blog.holyart.it\/it\/wp-content\/uploads\/sites\/17\/2023\/09\/san-francesco-1.jpg\" alt=\"san francesco\" width=\"150\" height=\"99\" data-kale-share-title=\"Papa Francesco e l\u2019ambiente: ecco cosa lo accomuna al santo da cui ha preso il nome\" data-kale-share-url=\"https:\/\/blog.holyart.it\/it\/?p=18497\" \/><\/p>\n<div class=\"leggi-anche\">Leggi anche:<\/div>\n<p><strong><a href=\"https:\/\/www.holyart.it\/blog\/articoli-religiosi\/il-cantico-delle-creature-di-san-francesco\/\">Il cantico delle creature di San Francesco<\/a><\/strong><br \/>\nSan Francesco d\u2019Assisi \u00e8 uno dei santi pi\u00f9 amati e venerati dalla Chiesa cattolica. Vicino ai poveri, fratello degli ultimi&#8230;<\/p>\n<\/div>\n<p>Un&#8217;<strong>invocazione alla giustizia<\/strong>, dunque, quella rivolta da Papa Francesco al mondo, e all&#8217;ascolto ai <strong>giovani, protagonisti del mondo di domani<\/strong>, pi\u00f9 che mai coinvolti in questi mutamenti che potrebbero mettere a repentaglio la loro sopravvivenza e il loro futuro, come quello di tutte le creature. Infine, il Papa invoca lo <strong>Spirito Santo come guida per l&#8217;umanit\u00e0<\/strong> nell&#8217;impegno di proteggere e <em>&#8220;rinnovare la faccia della terra&#8221;<\/em>.<\/p>\n<h2>San Francesco e il Papa<\/h2>\n<p>Cos\u00ec scriveva Papa Francesco gi\u00e0 nel 2015 nella sua Enciclica <em>Laudato Si&#8217;<\/em>, parlando di San Francesco d&#8217;Assisi:<\/p>\n<p><em>Ho preso il suo nome come guida e come ispirazione nel momento della mia elezione a Vescovo di Roma. Credo che Francesco sia l\u2019esempio per eccellenza della cura per ci\u00f2 che \u00e8 debole e di una ecologia integrale, vissuta con gioia e autenticit\u00e0. \u00c8 il santo patrono di tutti quelli che studiano e lavorano nel campo dell\u2019ecologia, amato anche da molti che non sono cristiani. Egli manifest\u00f2 un\u2019attenzione particolare verso la <strong>creazione di Dio <\/strong>e verso <strong>i pi\u00f9 poveri e abbandonati<\/strong>. Amava ed era amato per la sua gioia, la sua dedizione generosa, il suo <strong>cuore universale<\/strong>. Era un mistico e un pellegrino che viveva con semplicit\u00e0 e in una <strong>meravigliosa armonia con Dio, con gli altri, con la natura e con se stesso.<\/strong> In lui si riscontra fino a che punto sono<strong> inseparabili la preoccupazione per la natura, la giustizia verso i poveri, l\u2019impegno nella societ\u00e0 e la pace interiore.<\/strong><\/em><\/p>\n<p>Da queste parole emerge in modo chiaro la <strong>comunione di intenti tra Papa Francesco e <a href=\"https:\/\/www.holyart.it\/it\/articoli-religiosi\/statue\/statue-in-resina-e-pvc\/san-francesco-20-cm-resina-e-stoffa\">San Francesco<\/a><\/strong>, e come nella visione del pontefice la preoccupazione per il clima e l&#8217;ambiente vada in parallelo con quella per i pi\u00f9 fragili, le vittime degli sconvolgimenti climatici, ma anche delle profonde ingiustizie sociali e politiche che dominano il mondo in cui viviamo.<\/p>\n<div class=\"link-product\">\n<div class=\"blocco-immagine\"><img loading=\"lazy\" decoding=\"async\" class=\"size-full wp-image-18520 alignleft\" src=\"https:\/\/blog.holyart.it\/it\/wp-content\/uploads\/sites\/17\/2023\/09\/san-francesco-statua.jpg\" alt=\"san francesco statua\" width=\"100\" height=\"100\" data-kale-share-title=\"Papa Francesco e l\u2019ambiente: ecco cosa lo accomuna al santo da cui ha preso il nome\" data-kale-share-url=\"https:\/\/blog.holyart.it\/it\/?p=18497\" \/><\/div>\n<div class=\"blocco-contenuto\">\n<div class=\"blocco-acquista\">Acquista su Holyart:<\/div>\n<div class=\"blocco-titolo\"><a href=\"https:\/\/www.holyart.it\/it\/articoli-religiosi\/statue\/statue-in-resina-e-pvc\/san-francesco-20-cm-resina-e-stoffa\">San Francesco resina e stoffa <\/a><\/div>\n<div class=\"blocco-descrizione\">Il Santo indossa una veste di colore marrone in stoffa, statua dipinta interamente a mano.<\/div>\n<\/div>\n<\/div>\n<p>Sempre nell&#8217;enciclica di Papa Francesco leggiamo, riguardo al suo Santo omonimo:<\/p>\n<p><em>La sua testimonianza ci mostra anche che <strong>l\u2019ecologia integrale <\/strong>richiede apertura verso categorie che trascendono il linguaggio delle scienze esatte o della biologia e ci collegano con l\u2019essenza dell\u2019umano. Cos\u00ec come succede quando ci innamoriamo di una persona, ogni volta che Francesco guardava il sole, la luna, gli animali pi\u00f9 piccoli, la sua reazione era cantare, <strong>coinvolgendo nella sua lode tutte le altre creature<\/strong>. Egli <strong>entrava in comunicazione con tutto il creato<\/strong>, e predicava persino ai fiori e \u00abli invitava a lodare e amare Iddio, come esseri dotati di ragione\u00bb.[19] La sua reazione era molto pi\u00f9 che un apprezzamento intellettuale o un calcolo economico, perch\u00e9 per lui qualsiasi creatura era una sorella, unita a lui con vincoli di affetto. Per questo <strong>si sentiva chiamato a prendersi cura di tutto ci\u00f2 che esiste.<\/strong>\u00a0<\/em><\/p>\n<h2>L\u2019enciclica del Papa sull\u2019ambiente: Laudato Si\u2019<\/h2>\n<p>Continuando a parlare dell&#8217;Enciclica <em>Laudato S\u00ec <\/em>troviamo una frase che esprime perfettamente il messaggio di Papa Francesco, incarnato da San Francesco tanti secoli fa:<\/p>\n<p><strong><em>Se noi ci accostiamo alla natura e all\u2019ambiente senza questa<\/em><\/strong> [di San Francesco]<strong><em> apertura allo stupore e alla meraviglia, se non parliamo pi\u00f9 il linguaggio della fraternit\u00e0 e della bellezza nella nostra relazione con il mondo, i nostri atteggiamenti saranno quelli del dominatore, del consumatore o del mero sfruttatore delle risorse naturali, incapace di porre un limite ai suoi interessi immediati. Viceversa, se noi ci sentiamo intimamente uniti a tutto ci\u00f2 che esiste, la sobriet\u00e0 e la cura scaturiranno in maniera spontanea.\u00a0<\/em><\/strong><\/p>\n<h2>La Giornata mondiale di preghiera per la cura del Creato<\/h2>\n<p>Dal 2003 ogni anno la comunit\u00e0 cristiana mondiale celebra il Tempo del Creato, un periodo speciale durante il quale l&#8217;umanit\u00e0, guidata dalla Chiesa, ha l&#8217;opportunit\u00e0 di rinnovare il suo legame con Dio Creatore e con il mondo in cui viviamo.\u00a0Il Tempo del Creato inizia il 1\u00b0 settembre, quando viene celebrata la <strong>Giornata Mondiale di Preghiera per la Cura del Creato<\/strong>, e si conclude il 4 ottobre, festa di San Francesco d&#8217;Assisi, patrono dell&#8217;ecologia.<\/p>\n<p>Nel suo messaggio nella <strong>Giornata mondiale di preghiera per la cura del Creato 2023<\/strong>, Papa Francesco ha invitato tutti a compiere una <strong>profonda trasformazione nei cuori, nello stile di vita<\/strong> e nelle politiche pubbliche, nell&#8217;ottica di una <strong>conversione ecologica<\/strong> non pi\u00f9 solo auspicabile, ma necessaria, indispensabile, per la sopravvivenza del pianeta e dell&#8217;umanit\u00e0. In particolare il Pontefice mette in evidenza la necessit\u00e0 di <strong>rivedere e riformare le politiche pubbliche <\/strong>che influenzano la vita delle persone, in particolare dei giovani di oggi e di domani.<\/p>\n","protected":false},"excerpt":{"rendered":"<p>In occasione della Giornata mondiale di preghiera per la cura del creato e del Tempo del Creato, emerge il rapporto di Papa Francesco e l\u2019ambiente e il suo legame con San Francesco d&#8217;Assisi Il 4 ottobre, Festa di San Francesco d&#8217;Assisi, la Chiesa celebra la&hellip;<\/p>\n","protected":false},"author":1,"featured_media":18499,"comment_status":"closed","ping_status":"open","sticky":false,"template":"","format":"standard","meta":{"_acf_changed":false,"footnotes":""},"categories":[20,16],"tags":[],"class_list":["post-18497","post","type-post","status-publish","format-standard","has-post-thumbnail","hentry","category-occasioni-speciali","category-articoli-religiosi"],"acf":[],"yoast_head":"<!-- This site is optimized with the Yoast SEO plugin v26.6 - https:\/\/yoast.com\/wordpress\/plugins\/seo\/ -->\n<title>Papa Francesco e l&#039;ambiente: ecco cosa lo accomuna al santo da cui ha preso il nome - Holyblog<\/title>\n<meta name=\"description\" content=\"Papa Francesco e l\u2019ambiente: per la Giornata mondiale di preghiera per la cura del creato il Papa ha riproposto le tematiche di Laudato Si&#039;\" \/>\n<meta name=\"robots\" content=\"index, follow, max-snippet:-1, max-image-preview:large, max-video-preview:-1\" \/>\n<link rel=\"canonical\" href=\"https:\/\/blog.holyart.it\/it\/articoli-religiosi\/papa-francesco-e-lambiente-ecco-cosa-lo-accomuna-al-santo-da-cui-ha-preso-il-nome\/\" \/>\n<meta property=\"og:locale\" content=\"it_IT\" \/>\n<meta property=\"og:type\" content=\"article\" \/>\n<meta property=\"og:title\" content=\"Papa Francesco e l&#039;ambiente: ecco cosa lo accomuna al santo da cui ha preso il nome - Holyblog\" \/>\n<meta property=\"og:description\" content=\"Papa Francesco e l\u2019ambiente: per la Giornata mondiale di preghiera per la cura del creato il Papa ha riproposto le tematiche di Laudato Si&#039;\" \/>\n<meta property=\"og:url\" content=\"https:\/\/blog.holyart.it\/it\/articoli-religiosi\/papa-francesco-e-lambiente-ecco-cosa-lo-accomuna-al-santo-da-cui-ha-preso-il-nome\/\" \/>\n<meta property=\"og:site_name\" content=\"Holyblog\" \/>\n<meta property=\"article:published_time\" content=\"2023-10-04T08:00:53+00:00\" \/>\n<meta property=\"article:modified_time\" content=\"2024-09-27T12:44:03+00:00\" \/>\n<meta property=\"og:image\" content=\"https:\/\/blog.holyart.it\/it\/wp-content\/uploads\/sites\/17\/2023\/09\/papa-francesco-e-san-francesco.jpg\" \/>\n\t<meta property=\"og:image:width\" content=\"1000\" \/>\n\t<meta property=\"og:image:height\" content=\"666\" \/>\n\t<meta property=\"og:image:type\" content=\"image\/jpeg\" \/>\n<meta name=\"author\" content=\"Redazione\" \/>\n<meta name=\"twitter:card\" content=\"summary_large_image\" \/>\n<meta name=\"twitter:label1\" content=\"Scritto da\" \/>\n\t<meta name=\"twitter:data1\" content=\"Redazione\" \/>\n\t<meta name=\"twitter:label2\" content=\"Tempo di lettura stimato\" \/>\n\t<meta name=\"twitter:data2\" content=\"8 minuti\" \/>\n<script type=\"application\/ld+json\" class=\"yoast-schema-graph\">{\"@context\":\"https:\/\/schema.org\",\"@graph\":[{\"@type\":\"Article\",\"@id\":\"https:\/\/blog.holyart.it\/it\/articoli-religiosi\/papa-francesco-e-lambiente-ecco-cosa-lo-accomuna-al-santo-da-cui-ha-preso-il-nome\/#article\",\"isPartOf\":{\"@id\":\"https:\/\/blog.holyart.it\/it\/articoli-religiosi\/papa-francesco-e-lambiente-ecco-cosa-lo-accomuna-al-santo-da-cui-ha-preso-il-nome\/\"},\"author\":{\"name\":\"Redazione\",\"@id\":\"https:\/\/blog.holyart.it\/it\/#\/schema\/person\/0a7b686e5af0f856ec1e390dd0baecda\"},\"headline\":\"Papa Francesco e l&#8217;ambiente: ecco cosa lo accomuna al santo da cui ha preso il nome\",\"datePublished\":\"2023-10-04T08:00:53+00:00\",\"dateModified\":\"2024-09-27T12:44:03+00:00\",\"mainEntityOfPage\":{\"@id\":\"https:\/\/blog.holyart.it\/it\/articoli-religiosi\/papa-francesco-e-lambiente-ecco-cosa-lo-accomuna-al-santo-da-cui-ha-preso-il-nome\/\"},\"wordCount\":1258,\"publisher\":{\"@id\":\"https:\/\/blog.holyart.it\/it\/#organization\"},\"image\":{\"@id\":\"https:\/\/blog.holyart.it\/it\/articoli-religiosi\/papa-francesco-e-lambiente-ecco-cosa-lo-accomuna-al-santo-da-cui-ha-preso-il-nome\/#primaryimage\"},\"thumbnailUrl\":\"https:\/\/blog.holyart.it\/it\/wp-content\/uploads\/sites\/17\/2023\/09\/papa-francesco-e-san-francesco.jpg\",\"articleSection\":[\"Occasioni speciali\",\"Religione\"],\"inLanguage\":\"it-IT\"},{\"@type\":\"WebPage\",\"@id\":\"https:\/\/blog.holyart.it\/it\/articoli-religiosi\/papa-francesco-e-lambiente-ecco-cosa-lo-accomuna-al-santo-da-cui-ha-preso-il-nome\/\",\"url\":\"https:\/\/blog.holyart.it\/it\/articoli-religiosi\/papa-francesco-e-lambiente-ecco-cosa-lo-accomuna-al-santo-da-cui-ha-preso-il-nome\/\",\"name\":\"Papa Francesco e l'ambiente: ecco cosa lo accomuna al santo da cui ha preso il nome - Holyblog\",\"isPartOf\":{\"@id\":\"https:\/\/blog.holyart.it\/it\/#website\"},\"primaryImageOfPage\":{\"@id\":\"https:\/\/blog.holyart.it\/it\/articoli-religiosi\/papa-francesco-e-lambiente-ecco-cosa-lo-accomuna-al-santo-da-cui-ha-preso-il-nome\/#primaryimage\"},\"image\":{\"@id\":\"https:\/\/blog.holyart.it\/it\/articoli-religiosi\/papa-francesco-e-lambiente-ecco-cosa-lo-accomuna-al-santo-da-cui-ha-preso-il-nome\/#primaryimage\"},\"thumbnailUrl\":\"https:\/\/blog.holyart.it\/it\/wp-content\/uploads\/sites\/17\/2023\/09\/papa-francesco-e-san-francesco.jpg\",\"datePublished\":\"2023-10-04T08:00:53+00:00\",\"dateModified\":\"2024-09-27T12:44:03+00:00\",\"description\":\"Papa Francesco e l\u2019ambiente: per la Giornata mondiale di preghiera per la cura del creato il Papa ha riproposto le tematiche di Laudato Si'\",\"breadcrumb\":{\"@id\":\"https:\/\/blog.holyart.it\/it\/articoli-religiosi\/papa-francesco-e-lambiente-ecco-cosa-lo-accomuna-al-santo-da-cui-ha-preso-il-nome\/#breadcrumb\"},\"inLanguage\":\"it-IT\",\"potentialAction\":[{\"@type\":\"ReadAction\",\"target\":[\"https:\/\/blog.holyart.it\/it\/articoli-religiosi\/papa-francesco-e-lambiente-ecco-cosa-lo-accomuna-al-santo-da-cui-ha-preso-il-nome\/\"]}]},{\"@type\":\"ImageObject\",\"inLanguage\":\"it-IT\",\"@id\":\"https:\/\/blog.holyart.it\/it\/articoli-religiosi\/papa-francesco-e-lambiente-ecco-cosa-lo-accomuna-al-santo-da-cui-ha-preso-il-nome\/#primaryimage\",\"url\":\"https:\/\/blog.holyart.it\/it\/wp-content\/uploads\/sites\/17\/2023\/09\/papa-francesco-e-san-francesco.jpg\",\"contentUrl\":\"https:\/\/blog.holyart.it\/it\/wp-content\/uploads\/sites\/17\/2023\/09\/papa-francesco-e-san-francesco.jpg\",\"width\":1000,\"height\":666,\"caption\":\"papa francesco e san francesco\"},{\"@type\":\"BreadcrumbList\",\"@id\":\"https:\/\/blog.holyart.it\/it\/articoli-religiosi\/papa-francesco-e-lambiente-ecco-cosa-lo-accomuna-al-santo-da-cui-ha-preso-il-nome\/#breadcrumb\",\"itemListElement\":[{\"@type\":\"ListItem\",\"position\":1,\"name\":\"Homepage\",\"item\":\"https:\/\/blog.holyart.it\/it\/\"},{\"@type\":\"ListItem\",\"position\":2,\"name\":\"Religione\",\"item\":\"https:\/\/blog.holyart.it\/it\/articoli-religiosi\/\"},{\"@type\":\"ListItem\",\"position\":3,\"name\":\"Papa Francesco e l&#8217;ambiente: ecco cosa lo accomuna al santo da cui ha preso il nome\"}]},{\"@type\":\"WebSite\",\"@id\":\"https:\/\/blog.holyart.it\/it\/#website\",\"url\":\"https:\/\/blog.holyart.it\/it\/\",\"name\":\"Holyblog\",\"description\":\"Il Blog di Holyart.it\",\"publisher\":{\"@id\":\"https:\/\/blog.holyart.it\/it\/#organization\"},\"potentialAction\":[{\"@type\":\"SearchAction\",\"target\":{\"@type\":\"EntryPoint\",\"urlTemplate\":\"https:\/\/blog.holyart.it\/it\/?s={search_term_string}\"},\"query-input\":{\"@type\":\"PropertyValueSpecification\",\"valueRequired\":true,\"valueName\":\"search_term_string\"}}],\"inLanguage\":\"it-IT\"},{\"@type\":\"Organization\",\"@id\":\"https:\/\/blog.holyart.it\/it\/#organization\",\"name\":\"Holyblog\",\"url\":\"https:\/\/blog.holyart.it\/it\/\",\"logo\":{\"@type\":\"ImageObject\",\"inLanguage\":\"it-IT\",\"@id\":\"https:\/\/blog.holyart.it\/it\/#\/schema\/logo\/image\/\",\"url\":\"https:\/\/blog.holyart.it\/it\/wp-content\/uploads\/sites\/17\/2022\/12\/Holyart_Blog_Logo.jpg\",\"contentUrl\":\"https:\/\/blog.holyart.it\/it\/wp-content\/uploads\/sites\/17\/2022\/12\/Holyart_Blog_Logo.jpg\",\"width\":300,\"height\":50,\"caption\":\"Holyblog\"},\"image\":{\"@id\":\"https:\/\/blog.holyart.it\/it\/#\/schema\/logo\/image\/\"}},{\"@type\":\"Person\",\"@id\":\"https:\/\/blog.holyart.it\/it\/#\/schema\/person\/0a7b686e5af0f856ec1e390dd0baecda\",\"name\":\"Redazione\"}]}<\/script>\n<!-- \/ Yoast SEO plugin. -->","yoast_head_json":{"title":"Papa Francesco e l'ambiente: ecco cosa lo accomuna al santo da cui ha preso il nome - Holyblog","description":"Papa Francesco e l\u2019ambiente: per la Giornata mondiale di preghiera per la cura del creato il Papa ha riproposto le tematiche di Laudato Si'","robots":{"index":"index","follow":"follow","max-snippet":"max-snippet:-1","max-image-preview":"max-image-preview:large","max-video-preview":"max-video-preview:-1"},"canonical":"https:\/\/blog.holyart.it\/it\/articoli-religiosi\/papa-francesco-e-lambiente-ecco-cosa-lo-accomuna-al-santo-da-cui-ha-preso-il-nome\/","og_locale":"it_IT","og_type":"article","og_title":"Papa Francesco e l'ambiente: ecco cosa lo accomuna al santo da cui ha preso il nome - Holyblog","og_description":"Papa Francesco e l\u2019ambiente: per la Giornata mondiale di preghiera per la cura del creato il Papa ha riproposto le tematiche di Laudato Si'","og_url":"https:\/\/blog.holyart.it\/it\/articoli-religiosi\/papa-francesco-e-lambiente-ecco-cosa-lo-accomuna-al-santo-da-cui-ha-preso-il-nome\/","og_site_name":"Holyblog","article_published_time":"2023-10-04T08:00:53+00:00","article_modified_time":"2024-09-27T12:44:03+00:00","og_image":[{"width":1000,"height":666,"url":"https:\/\/blog.holyart.it\/it\/wp-content\/uploads\/sites\/17\/2023\/09\/papa-francesco-e-san-francesco.jpg","type":"image\/jpeg"}],"author":"Redazione","twitter_card":"summary_large_image","twitter_misc":{"Scritto da":"Redazione","Tempo di lettura stimato":"8 minuti"},"schema":{"@context":"https:\/\/schema.org","@graph":[{"@type":"Article","@id":"https:\/\/blog.holyart.it\/it\/articoli-religiosi\/papa-francesco-e-lambiente-ecco-cosa-lo-accomuna-al-santo-da-cui-ha-preso-il-nome\/#article","isPartOf":{"@id":"https:\/\/blog.holyart.it\/it\/articoli-religiosi\/papa-francesco-e-lambiente-ecco-cosa-lo-accomuna-al-santo-da-cui-ha-preso-il-nome\/"},"author":{"name":"Redazione","@id":"https:\/\/blog.holyart.it\/it\/#\/schema\/person\/0a7b686e5af0f856ec1e390dd0baecda"},"headline":"Papa Francesco e l&#8217;ambiente: ecco cosa lo accomuna al santo da cui ha preso il nome","datePublished":"2023-10-04T08:00:53+00:00","dateModified":"2024-09-27T12:44:03+00:00","mainEntityOfPage":{"@id":"https:\/\/blog.holyart.it\/it\/articoli-religiosi\/papa-francesco-e-lambiente-ecco-cosa-lo-accomuna-al-santo-da-cui-ha-preso-il-nome\/"},"wordCount":1258,"publisher":{"@id":"https:\/\/blog.holyart.it\/it\/#organization"},"image":{"@id":"https:\/\/blog.holyart.it\/it\/articoli-religiosi\/papa-francesco-e-lambiente-ecco-cosa-lo-accomuna-al-santo-da-cui-ha-preso-il-nome\/#primaryimage"},"thumbnailUrl":"https:\/\/blog.holyart.it\/it\/wp-content\/uploads\/sites\/17\/2023\/09\/papa-francesco-e-san-francesco.jpg","articleSection":["Occasioni speciali","Religione"],"inLanguage":"it-IT"},{"@type":"WebPage","@id":"https:\/\/blog.holyart.it\/it\/articoli-religiosi\/papa-francesco-e-lambiente-ecco-cosa-lo-accomuna-al-santo-da-cui-ha-preso-il-nome\/","url":"https:\/\/blog.holyart.it\/it\/articoli-religiosi\/papa-francesco-e-lambiente-ecco-cosa-lo-accomuna-al-santo-da-cui-ha-preso-il-nome\/","name":"Papa Francesco e l'ambiente: ecco cosa lo accomuna al santo da cui ha preso il nome - Holyblog","isPartOf":{"@id":"https:\/\/blog.holyart.it\/it\/#website"},"primaryImageOfPage":{"@id":"https:\/\/blog.holyart.it\/it\/articoli-religiosi\/papa-francesco-e-lambiente-ecco-cosa-lo-accomuna-al-santo-da-cui-ha-preso-il-nome\/#primaryimage"},"image":{"@id":"https:\/\/blog.holyart.it\/it\/articoli-religiosi\/papa-francesco-e-lambiente-ecco-cosa-lo-accomuna-al-santo-da-cui-ha-preso-il-nome\/#primaryimage"},"thumbnailUrl":"https:\/\/blog.holyart.it\/it\/wp-content\/uploads\/sites\/17\/2023\/09\/papa-francesco-e-san-francesco.jpg","datePublished":"2023-10-04T08:00:53+00:00","dateModified":"2024-09-27T12:44:03+00:00","description":"Papa Francesco e l\u2019ambiente: per la Giornata mondiale di preghiera per la cura del creato il Papa ha riproposto le tematiche di Laudato Si'","breadcrumb":{"@id":"https:\/\/blog.holyart.it\/it\/articoli-religiosi\/papa-francesco-e-lambiente-ecco-cosa-lo-accomuna-al-santo-da-cui-ha-preso-il-nome\/#breadcrumb"},"inLanguage":"it-IT","potentialAction":[{"@type":"ReadAction","target":["https:\/\/blog.holyart.it\/it\/articoli-religiosi\/papa-francesco-e-lambiente-ecco-cosa-lo-accomuna-al-santo-da-cui-ha-preso-il-nome\/"]}]},{"@type":"ImageObject","inLanguage":"it-IT","@id":"https:\/\/blog.holyart.it\/it\/articoli-religiosi\/papa-francesco-e-lambiente-ecco-cosa-lo-accomuna-al-santo-da-cui-ha-preso-il-nome\/#primaryimage","url":"https:\/\/blog.holyart.it\/it\/wp-content\/uploads\/sites\/17\/2023\/09\/papa-francesco-e-san-francesco.jpg","contentUrl":"https:\/\/blog.holyart.it\/it\/wp-content\/uploads\/sites\/17\/2023\/09\/papa-francesco-e-san-francesco.jpg","width":1000,"height":666,"caption":"papa francesco e san francesco"},{"@type":"BreadcrumbList","@id":"https:\/\/blog.holyart.it\/it\/articoli-religiosi\/papa-francesco-e-lambiente-ecco-cosa-lo-accomuna-al-santo-da-cui-ha-preso-il-nome\/#breadcrumb","itemListElement":[{"@type":"ListItem","position":1,"name":"Homepage","item":"https:\/\/blog.holyart.it\/it\/"},{"@type":"ListItem","position":2,"name":"Religione","item":"https:\/\/blog.holyart.it\/it\/articoli-religiosi\/"},{"@type":"ListItem","position":3,"name":"Papa Francesco e l&#8217;ambiente: ecco cosa lo accomuna al santo da cui ha preso il nome"}]},{"@type":"WebSite","@id":"https:\/\/blog.holyart.it\/it\/#website","url":"https:\/\/blog.holyart.it\/it\/","name":"Holyblog","description":"Il Blog di Holyart.it","publisher":{"@id":"https:\/\/blog.holyart.it\/it\/#organization"},"potentialAction":[{"@type":"SearchAction","target":{"@type":"EntryPoint","urlTemplate":"https:\/\/blog.holyart.it\/it\/?s={search_term_string}"},"query-input":{"@type":"PropertyValueSpecification","valueRequired":true,"valueName":"search_term_string"}}],"inLanguage":"it-IT"},{"@type":"Organization","@id":"https:\/\/blog.holyart.it\/it\/#organization","name":"Holyblog","url":"https:\/\/blog.holyart.it\/it\/","logo":{"@type":"ImageObject","inLanguage":"it-IT","@id":"https:\/\/blog.holyart.it\/it\/#\/schema\/logo\/image\/","url":"https:\/\/blog.holyart.it\/it\/wp-content\/uploads\/sites\/17\/2022\/12\/Holyart_Blog_Logo.jpg","contentUrl":"https:\/\/blog.holyart.it\/it\/wp-content\/uploads\/sites\/17\/2022\/12\/Holyart_Blog_Logo.jpg","width":300,"height":50,"caption":"Holyblog"},"image":{"@id":"https:\/\/blog.holyart.it\/it\/#\/schema\/logo\/image\/"}},{"@type":"Person","@id":"https:\/\/blog.holyart.it\/it\/#\/schema\/person\/0a7b686e5af0f856ec1e390dd0baecda","name":"Redazione"}]}},"_links":{"self":[{"href":"https:\/\/blog.holyart.it\/it\/wp-json\/wp\/v2\/posts\/18497","targetHints":{"allow":["GET"]}}],"collection":[{"href":"https:\/\/blog.holyart.it\/it\/wp-json\/wp\/v2\/posts"}],"about":[{"href":"https:\/\/blog.holyart.it\/it\/wp-json\/wp\/v2\/types\/post"}],"author":[{"embeddable":true,"href":"https:\/\/blog.holyart.it\/it\/wp-json\/wp\/v2\/users\/1"}],"replies":[{"embeddable":true,"href":"https:\/\/blog.holyart.it\/it\/wp-json\/wp\/v2\/comments?post=18497"}],"version-history":[{"count":4,"href":"https:\/\/blog.holyart.it\/it\/wp-json\/wp\/v2\/posts\/18497\/revisions"}],"predecessor-version":[{"id":18531,"href":"https:\/\/blog.holyart.it\/it\/wp-json\/wp\/v2\/posts\/18497\/revisions\/18531"}],"wp:featuredmedia":[{"embeddable":true,"href":"https:\/\/blog.holyart.it\/it\/wp-json\/wp\/v2\/media\/18499"}],"wp:attachment":[{"href":"https:\/\/blog.holyart.it\/it\/wp-json\/wp\/v2\/media?parent=18497"}],"wp:term":[{"taxonomy":"category","embeddable":true,"href":"https:\/\/blog.holyart.it\/it\/wp-json\/wp\/v2\/categories?post=18497"},{"taxonomy":"post_tag","embeddable":true,"href":"https:\/\/blog.holyart.it\/it\/wp-json\/wp\/v2\/tags?post=18497"}],"curies":[{"name":"wp","href":"https:\/\/api.w.org\/{rel}","templated":true}]}}