{"id":18434,"date":"2023-10-18T10:00:53","date_gmt":"2023-10-18T08:00:53","guid":{"rendered":"https:\/\/blog.holyart.it\/it\/?p=18434"},"modified":"2025-01-03T17:10:32","modified_gmt":"2025-01-03T16:10:32","slug":"la-preghiera-delle-5-dita-di-papa-francesco","status":"publish","type":"post","link":"https:\/\/blog.holyart.it\/it\/articoli-religiosi\/la-preghiera-delle-5-dita-di-papa-francesco\/","title":{"rendered":"La preghiera delle 5 dita di Papa Francesco"},"content":{"rendered":"<h4>La preghiera delle 5 dita \u00e8 un modo efficace suggerito da Papa Francesco per non dimenticare nessuno nelle nostre preghiere<\/h4>\n<p>Quando <a href=\"https:\/\/www.holyart.it\/it\/occasioni-speciali\/papa-francesco\"><strong>Papa Francesco<\/strong><\/a> era Vescovo di Buenos Aires, manifestava gi\u00e0 tutte quelle caratteristiche umane e di uomo di fede che ancora oggi noi tutti apprezziamo. Prima fra tutte il suo amore per la semplicit\u00e0, da non confondere con la banalit\u00e0 o la superficialit\u00e0. Parliamo della capacit\u00e0 di rendere concetti e azioni anche molto complessi, solenni e profondi facilmente comprensibili e fruibili per tutti. Come quando si cerca di spiegare qualcosa di complicato e di difficile comprensione a un bambino. La preghiera delle 5 dita rientra proprio in questo genere di messaggi e strumenti &#8216;facilitati&#8217;, creati dal Pontefice per abbracciare quanti pi\u00f9 fedeli possibili e aiutarli nel loro cammino di devozione e fede.<\/p>\n<div class=\"link-product\">\n<div class=\"blocco-immagine\"><img loading=\"lazy\" decoding=\"async\" class=\"size-full wp-image-18476 alignleft\" src=\"https:\/\/blog.holyart.it\/it\/wp-content\/uploads\/sites\/17\/2023\/09\/papa-francesco-1.jpg\" alt=\"papa francesco\" width=\"100\" height=\"100\" data-kale-share-title=\"La preghiera delle 5 dita di Papa Francesco\" data-kale-share-url=\"https:\/\/blog.holyart.it\/it\/?p=18434\" \/><\/div>\n<div class=\"blocco-contenuto\">\n<div class=\"blocco-acquista\">Acquista su Holyart:<\/div>\n<div class=\"blocco-titolo\"><a href=\"https:\/\/www.holyart.it\/it\/occasioni-speciali\/papa-francesco\">Papa Francesco<\/a><\/div>\n<div class=\"blocco-descrizione\">Categoria dedicata a Papa Jorge Mario Bergoglio.<\/div>\n<\/div>\n<\/div>\n<p>Papa Francesco scrisse questa preghiera pi\u00f9 di venti anni fa, e subito ne fece dono ai devoti argentini, che l&#8217;apprezzarono immensamente. La preghiera delle 5 dita non \u00e8 altro che un <strong>elenco di persone<\/strong> per le quali \u00e8 giusto e doveroso pregare ogni giorno, suddivise in gruppi &#8216;associati&#8217; alle dita di una mano, per stabilire una sorta di scala di priorit\u00e0. Il concetto di base \u00e8 solo uno: l&#8217;<strong>amore verso il prossimo<\/strong>.<br \/>\nAbbiamo visto, soffermandoci su figure di santi e beati, come <a href=\"https:\/\/www.holyart.it\/blog\/santi-e-beati\/madre-teresa-simbolo-di-carita\/\"><strong>Madre Teresa di Calcutta<\/strong><\/a>, come il concetto di carit\u00e0 sia importante e imprescindibile per un cristiano. La carit\u00e0 \u00e8 la virt\u00f9 in nome della quale l\u2019uomo ama Dio sopra ogni altra cosa, e il prossimo come se stesso. La base della carit\u00e0 \u00e8 <strong>amore<\/strong>. Ges\u00f9 ci ha lasciato un comandamento nuovo, per molti versi il pi\u00f9 importante, che dovrebbe essere alla base della nostra vita ogni giorno. <em>&#8220;Vi do un comandamento nuovo: che vi amiate gli uni gli altri. Come io ho amato voi, cos\u00ec amatevi anche voi gli uni gli altri.&#8221;\u00a0<\/em> (Gv 13,34)<\/p>\n<div class=\"link-article\">\n<p><img loading=\"lazy\" decoding=\"async\" class=\"size-full wp-image-18472 alignleft\" src=\"https:\/\/blog.holyart.it\/it\/wp-content\/uploads\/sites\/17\/2023\/09\/madre-teresa.png\" alt=\"madre teresa\" width=\"150\" height=\"99\" data-kale-share-title=\"La preghiera delle 5 dita di Papa Francesco\" data-kale-share-url=\"https:\/\/blog.holyart.it\/it\/?p=18434\" \/><\/p>\n<div class=\"leggi-anche\">Leggi anche:<\/div>\n<p><strong><a href=\"https:\/\/www.holyart.it\/blog\/santi-e-beati\/madre-teresa-simbolo-di-carita\/\">Madre Teresa simbolo di carit\u00e0<\/a><\/strong><br \/>\nUn nuovo anno \u00e8 iniziato. Tempo di bilanci e buoni propositi. E se il nostro proposito pi\u00f9 importante e sincero&#8230;<\/p>\n<\/div>\n<p>Amore deve essere essere la priorit\u00e0 per ciascuno di noi, non solo nell&#8217;aiuto verso il prossimo, che si pu\u00f2 manifestare con <strong><a href=\"https:\/\/www.holyart.it\/blog\/articoli-religiosi\/fare-lelemosina-e-carita\/\">opere di carit\u00e0 e misericordia<\/a><\/strong>, ma prima di tutto con l&#8217;amore per chi ci \u00e8 vicino. La preghiera di Papa Francesco si basa su:<\/p>\n<ul>\n<li>amore per la famiglia;<\/li>\n<li>dedizione al prossimo;<\/li>\n<li>accoglienza;<\/li>\n<li>misericordia;<\/li>\n<li>devozione a Dio.<\/li>\n<\/ul>\n<p>Durante <strong><a href=\"https:\/\/www.holyart.it\/blog\/articoli-religiosi\/ottobre-mese-del-santo-rosario\/\">ottobre mese del Rosario<\/a><\/strong> ricordiamoci dell&#8217;importanza dell&#8217;amore, di quanto sia prioritario nella nostra esistenza. Il <a href=\"https:\/\/www.holyart.it\/it\/articoli-religiosi\/rosari-e-portarosari\/rosari-profumati\/rosario-profumato-al-gelsomino-rosso-papa-francesco\"><strong>Rosario<\/strong><\/a> \u00e8 uno strumento di devozione ideale per veicolare questo amore, perch\u00e9 fra tutte le preghiere \u00e8 quella che ci avvicina maggiormente a Ges\u00f9, attraverso l&#8217;intercessione di Sua Madre e imitandone l&#8217;esempio.<\/p>\n<div class=\"link-product\">\n<div class=\"blocco-immagine\"><img loading=\"lazy\" decoding=\"async\" class=\"size-full wp-image-18473 alignleft\" src=\"https:\/\/blog.holyart.it\/it\/wp-content\/uploads\/sites\/17\/2023\/09\/rosario-profumato-papa-francesco.jpg\" alt=\"rosario profumato papa francesco\" width=\"100\" height=\"100\" data-kale-share-title=\"La preghiera delle 5 dita di Papa Francesco\" data-kale-share-url=\"https:\/\/blog.holyart.it\/it\/?p=18434\" \/><\/div>\n<div class=\"blocco-contenuto\">\n<div class=\"blocco-acquista\">Acquista su Holyart:<\/div>\n<div class=\"blocco-titolo\"><a href=\"https:\/\/www.holyart.it\/it\/articoli-religiosi\/rosari-e-portarosari\/rosari-profumati\/rosario-profumato-al-gelsomino-rosso-papa-francesco\">Rosario profumato al gelsomino Papa Francesco<\/a><\/div>\n<div class=\"blocco-descrizione\">Rosario con grani di 7 mm in pvc profumato, con croce del Buon Pastore di Papa Francesco.<\/div>\n<\/div>\n<\/div>\n<h2>Preghiera delle 5 dita di Papa Francesco<\/h2>\n<p><strong>Il pollice \u00e8 il dito a te pi\u00f9 vicino.<\/strong><br \/>\nComincia quindi col pregare per coloro che ti sono pi\u00f9 vicini. Sono le persone di cui ci ricordiamo pi\u00f9 facilmente. Pregare per i nostri cari \u00e8 \u201cun dolce obbligo\u201d.<\/p>\n<p><strong>Il dito successivo \u00e8 l\u2019indice.<\/strong><br \/>\nPrega per coloro che insegnano, educano e curano. Questa categoria comprende maestri, professori, medici e sacerdoti. Hanno bisogno di sostegno e saggezza per indicare agli altri la giusta direzione. Ricordali sempre nelle tue preghiere.<\/p>\n<p><strong>Il dito successivo \u00e8 il pi\u00f9 alto.<\/strong><br \/>\nCi ricorda i nostri governanti. Prega per il presidente, i parlamentari, gli imprenditori e i dirigenti. Sono le persone che gestiscono il destino della nostra patria e guidano l\u2019opinione pubblica\u2026 Hanno bisogno della guida di Dio.<\/p>\n<p><strong>Il quarto dito \u00e8 l\u2019anulare.<\/strong><br \/>\nLascer\u00e0 molti sorpresi, ma \u00e8 questo il nostro dito pi\u00f9 debole, come pu\u00f2 confermare qualsiasi insegnante di pianoforte. \u00c8 l\u00ec per ricordarci di pregare per i pi\u00f9 deboli, per chi ha sfide da affrontare, per i malati. Hanno bisogno delle tue preghiere di giorno e di notte. Le preghiere per loro non saranno mai troppe. Ed \u00e8 l\u00ec per invitarci a pregare anche per le coppie sposate.<\/p>\n<p><strong>E per ultimo arriva il nostro dito mignolo<\/strong><br \/>\nIl pi\u00f9 piccolo di tutti, come piccoli dobbiamo sentirci noi di fronte a Dio e al prossimo. Come dice la Bibbia, \u201cgli ultimi saranno i primi\u201d. Il dito mignolo ti ricorda di pregare per te stesso\u2026 Dopo che avrai pregato per tutti gli altri, sar\u00e0 allora che potrai capire meglio quali sono le tue necessit\u00e0 guardandole dalla giusta prospettiva.<\/p>\n","protected":false},"excerpt":{"rendered":"<p>La preghiera delle 5 dita \u00e8 un modo efficace suggerito da Papa Francesco per non dimenticare nessuno nelle nostre preghiere Quando Papa Francesco era Vescovo di Buenos Aires, manifestava gi\u00e0 tutte quelle caratteristiche umane e di uomo di fede che ancora oggi noi tutti apprezziamo.&hellip;<\/p>\n","protected":false},"author":1,"featured_media":18469,"comment_status":"closed","ping_status":"open","sticky":false,"template":"","format":"standard","meta":{"_acf_changed":false,"footnotes":""},"categories":[20,16],"tags":[],"class_list":["post-18434","post","type-post","status-publish","format-standard","has-post-thumbnail","hentry","category-occasioni-speciali","category-articoli-religiosi"],"acf":[],"yoast_head":"<!-- This site is optimized with the Yoast SEO plugin v26.6 - https:\/\/yoast.com\/wordpress\/plugins\/seo\/ -->\n<title>La preghiera delle 5 dita di Papa Francesco - Holyblog<\/title>\n<meta name=\"description\" content=\"La preghiera delle 5 dita di Papa Francesco ci guida nella preghiera quotidiana per non dimenticare nessuno di coloro che amiamo\" \/>\n<meta name=\"robots\" content=\"index, follow, max-snippet:-1, max-image-preview:large, max-video-preview:-1\" \/>\n<link rel=\"canonical\" href=\"https:\/\/blog.holyart.it\/it\/articoli-religiosi\/la-preghiera-delle-5-dita-di-papa-francesco\/\" \/>\n<meta property=\"og:locale\" content=\"it_IT\" \/>\n<meta property=\"og:type\" content=\"article\" \/>\n<meta property=\"og:title\" content=\"La preghiera delle 5 dita di Papa Francesco - Holyblog\" \/>\n<meta property=\"og:description\" content=\"La preghiera delle 5 dita di Papa Francesco ci guida nella preghiera quotidiana per non dimenticare nessuno di coloro che amiamo\" \/>\n<meta property=\"og:url\" content=\"https:\/\/blog.holyart.it\/it\/articoli-religiosi\/la-preghiera-delle-5-dita-di-papa-francesco\/\" \/>\n<meta property=\"og:site_name\" content=\"Holyblog\" \/>\n<meta property=\"article:published_time\" content=\"2023-10-18T08:00:53+00:00\" \/>\n<meta property=\"article:modified_time\" content=\"2025-01-03T16:10:32+00:00\" \/>\n<meta property=\"og:image\" content=\"https:\/\/blog.holyart.it\/it\/wp-content\/uploads\/sites\/17\/2023\/09\/preghiera-delle-5-dita.jpg\" \/>\n\t<meta property=\"og:image:width\" content=\"1000\" \/>\n\t<meta property=\"og:image:height\" content=\"666\" \/>\n\t<meta property=\"og:image:type\" content=\"image\/jpeg\" \/>\n<meta name=\"author\" content=\"Redazione\" \/>\n<meta name=\"twitter:card\" content=\"summary_large_image\" \/>\n<meta name=\"twitter:label1\" content=\"Scritto da\" \/>\n\t<meta name=\"twitter:data1\" content=\"Redazione\" \/>\n\t<meta name=\"twitter:label2\" content=\"Tempo di lettura stimato\" \/>\n\t<meta name=\"twitter:data2\" content=\"5 minuti\" \/>\n<script type=\"application\/ld+json\" class=\"yoast-schema-graph\">{\"@context\":\"https:\/\/schema.org\",\"@graph\":[{\"@type\":\"Article\",\"@id\":\"https:\/\/blog.holyart.it\/it\/articoli-religiosi\/la-preghiera-delle-5-dita-di-papa-francesco\/#article\",\"isPartOf\":{\"@id\":\"https:\/\/blog.holyart.it\/it\/articoli-religiosi\/la-preghiera-delle-5-dita-di-papa-francesco\/\"},\"author\":{\"name\":\"Redazione\",\"@id\":\"https:\/\/blog.holyart.it\/it\/#\/schema\/person\/0a7b686e5af0f856ec1e390dd0baecda\"},\"headline\":\"La preghiera delle 5 dita di Papa Francesco\",\"datePublished\":\"2023-10-18T08:00:53+00:00\",\"dateModified\":\"2025-01-03T16:10:32+00:00\",\"mainEntityOfPage\":{\"@id\":\"https:\/\/blog.holyart.it\/it\/articoli-religiosi\/la-preghiera-delle-5-dita-di-papa-francesco\/\"},\"wordCount\":731,\"publisher\":{\"@id\":\"https:\/\/blog.holyart.it\/it\/#organization\"},\"image\":{\"@id\":\"https:\/\/blog.holyart.it\/it\/articoli-religiosi\/la-preghiera-delle-5-dita-di-papa-francesco\/#primaryimage\"},\"thumbnailUrl\":\"https:\/\/blog.holyart.it\/it\/wp-content\/uploads\/sites\/17\/2023\/09\/preghiera-delle-5-dita.jpg\",\"articleSection\":[\"Occasioni speciali\",\"Religione\"],\"inLanguage\":\"it-IT\"},{\"@type\":\"WebPage\",\"@id\":\"https:\/\/blog.holyart.it\/it\/articoli-religiosi\/la-preghiera-delle-5-dita-di-papa-francesco\/\",\"url\":\"https:\/\/blog.holyart.it\/it\/articoli-religiosi\/la-preghiera-delle-5-dita-di-papa-francesco\/\",\"name\":\"La preghiera delle 5 dita di Papa Francesco - Holyblog\",\"isPartOf\":{\"@id\":\"https:\/\/blog.holyart.it\/it\/#website\"},\"primaryImageOfPage\":{\"@id\":\"https:\/\/blog.holyart.it\/it\/articoli-religiosi\/la-preghiera-delle-5-dita-di-papa-francesco\/#primaryimage\"},\"image\":{\"@id\":\"https:\/\/blog.holyart.it\/it\/articoli-religiosi\/la-preghiera-delle-5-dita-di-papa-francesco\/#primaryimage\"},\"thumbnailUrl\":\"https:\/\/blog.holyart.it\/it\/wp-content\/uploads\/sites\/17\/2023\/09\/preghiera-delle-5-dita.jpg\",\"datePublished\":\"2023-10-18T08:00:53+00:00\",\"dateModified\":\"2025-01-03T16:10:32+00:00\",\"description\":\"La preghiera delle 5 dita di Papa Francesco ci guida nella preghiera quotidiana per non dimenticare nessuno di coloro che amiamo\",\"breadcrumb\":{\"@id\":\"https:\/\/blog.holyart.it\/it\/articoli-religiosi\/la-preghiera-delle-5-dita-di-papa-francesco\/#breadcrumb\"},\"inLanguage\":\"it-IT\",\"potentialAction\":[{\"@type\":\"ReadAction\",\"target\":[\"https:\/\/blog.holyart.it\/it\/articoli-religiosi\/la-preghiera-delle-5-dita-di-papa-francesco\/\"]}]},{\"@type\":\"ImageObject\",\"inLanguage\":\"it-IT\",\"@id\":\"https:\/\/blog.holyart.it\/it\/articoli-religiosi\/la-preghiera-delle-5-dita-di-papa-francesco\/#primaryimage\",\"url\":\"https:\/\/blog.holyart.it\/it\/wp-content\/uploads\/sites\/17\/2023\/09\/preghiera-delle-5-dita.jpg\",\"contentUrl\":\"https:\/\/blog.holyart.it\/it\/wp-content\/uploads\/sites\/17\/2023\/09\/preghiera-delle-5-dita.jpg\",\"width\":1000,\"height\":666,\"caption\":\"preghiera delle 5 dita\"},{\"@type\":\"BreadcrumbList\",\"@id\":\"https:\/\/blog.holyart.it\/it\/articoli-religiosi\/la-preghiera-delle-5-dita-di-papa-francesco\/#breadcrumb\",\"itemListElement\":[{\"@type\":\"ListItem\",\"position\":1,\"name\":\"Homepage\",\"item\":\"https:\/\/blog.holyart.it\/it\/\"},{\"@type\":\"ListItem\",\"position\":2,\"name\":\"Religione\",\"item\":\"https:\/\/blog.holyart.it\/it\/articoli-religiosi\/\"},{\"@type\":\"ListItem\",\"position\":3,\"name\":\"La preghiera delle 5 dita di Papa Francesco\"}]},{\"@type\":\"WebSite\",\"@id\":\"https:\/\/blog.holyart.it\/it\/#website\",\"url\":\"https:\/\/blog.holyart.it\/it\/\",\"name\":\"Holyblog\",\"description\":\"Il Blog di Holyart.it\",\"publisher\":{\"@id\":\"https:\/\/blog.holyart.it\/it\/#organization\"},\"potentialAction\":[{\"@type\":\"SearchAction\",\"target\":{\"@type\":\"EntryPoint\",\"urlTemplate\":\"https:\/\/blog.holyart.it\/it\/?s={search_term_string}\"},\"query-input\":{\"@type\":\"PropertyValueSpecification\",\"valueRequired\":true,\"valueName\":\"search_term_string\"}}],\"inLanguage\":\"it-IT\"},{\"@type\":\"Organization\",\"@id\":\"https:\/\/blog.holyart.it\/it\/#organization\",\"name\":\"Holyblog\",\"url\":\"https:\/\/blog.holyart.it\/it\/\",\"logo\":{\"@type\":\"ImageObject\",\"inLanguage\":\"it-IT\",\"@id\":\"https:\/\/blog.holyart.it\/it\/#\/schema\/logo\/image\/\",\"url\":\"https:\/\/blog.holyart.it\/it\/wp-content\/uploads\/sites\/17\/2022\/12\/Holyart_Blog_Logo.jpg\",\"contentUrl\":\"https:\/\/blog.holyart.it\/it\/wp-content\/uploads\/sites\/17\/2022\/12\/Holyart_Blog_Logo.jpg\",\"width\":300,\"height\":50,\"caption\":\"Holyblog\"},\"image\":{\"@id\":\"https:\/\/blog.holyart.it\/it\/#\/schema\/logo\/image\/\"}},{\"@type\":\"Person\",\"@id\":\"https:\/\/blog.holyart.it\/it\/#\/schema\/person\/0a7b686e5af0f856ec1e390dd0baecda\",\"name\":\"Redazione\"}]}<\/script>\n<!-- \/ Yoast SEO plugin. -->","yoast_head_json":{"title":"La preghiera delle 5 dita di Papa Francesco - Holyblog","description":"La preghiera delle 5 dita di Papa Francesco ci guida nella preghiera quotidiana per non dimenticare nessuno di coloro che amiamo","robots":{"index":"index","follow":"follow","max-snippet":"max-snippet:-1","max-image-preview":"max-image-preview:large","max-video-preview":"max-video-preview:-1"},"canonical":"https:\/\/blog.holyart.it\/it\/articoli-religiosi\/la-preghiera-delle-5-dita-di-papa-francesco\/","og_locale":"it_IT","og_type":"article","og_title":"La preghiera delle 5 dita di Papa Francesco - Holyblog","og_description":"La preghiera delle 5 dita di Papa Francesco ci guida nella preghiera quotidiana per non dimenticare nessuno di coloro che amiamo","og_url":"https:\/\/blog.holyart.it\/it\/articoli-religiosi\/la-preghiera-delle-5-dita-di-papa-francesco\/","og_site_name":"Holyblog","article_published_time":"2023-10-18T08:00:53+00:00","article_modified_time":"2025-01-03T16:10:32+00:00","og_image":[{"width":1000,"height":666,"url":"https:\/\/blog.holyart.it\/it\/wp-content\/uploads\/sites\/17\/2023\/09\/preghiera-delle-5-dita.jpg","type":"image\/jpeg"}],"author":"Redazione","twitter_card":"summary_large_image","twitter_misc":{"Scritto da":"Redazione","Tempo di lettura stimato":"5 minuti"},"schema":{"@context":"https:\/\/schema.org","@graph":[{"@type":"Article","@id":"https:\/\/blog.holyart.it\/it\/articoli-religiosi\/la-preghiera-delle-5-dita-di-papa-francesco\/#article","isPartOf":{"@id":"https:\/\/blog.holyart.it\/it\/articoli-religiosi\/la-preghiera-delle-5-dita-di-papa-francesco\/"},"author":{"name":"Redazione","@id":"https:\/\/blog.holyart.it\/it\/#\/schema\/person\/0a7b686e5af0f856ec1e390dd0baecda"},"headline":"La preghiera delle 5 dita di Papa Francesco","datePublished":"2023-10-18T08:00:53+00:00","dateModified":"2025-01-03T16:10:32+00:00","mainEntityOfPage":{"@id":"https:\/\/blog.holyart.it\/it\/articoli-religiosi\/la-preghiera-delle-5-dita-di-papa-francesco\/"},"wordCount":731,"publisher":{"@id":"https:\/\/blog.holyart.it\/it\/#organization"},"image":{"@id":"https:\/\/blog.holyart.it\/it\/articoli-religiosi\/la-preghiera-delle-5-dita-di-papa-francesco\/#primaryimage"},"thumbnailUrl":"https:\/\/blog.holyart.it\/it\/wp-content\/uploads\/sites\/17\/2023\/09\/preghiera-delle-5-dita.jpg","articleSection":["Occasioni speciali","Religione"],"inLanguage":"it-IT"},{"@type":"WebPage","@id":"https:\/\/blog.holyart.it\/it\/articoli-religiosi\/la-preghiera-delle-5-dita-di-papa-francesco\/","url":"https:\/\/blog.holyart.it\/it\/articoli-religiosi\/la-preghiera-delle-5-dita-di-papa-francesco\/","name":"La preghiera delle 5 dita di Papa Francesco - Holyblog","isPartOf":{"@id":"https:\/\/blog.holyart.it\/it\/#website"},"primaryImageOfPage":{"@id":"https:\/\/blog.holyart.it\/it\/articoli-religiosi\/la-preghiera-delle-5-dita-di-papa-francesco\/#primaryimage"},"image":{"@id":"https:\/\/blog.holyart.it\/it\/articoli-religiosi\/la-preghiera-delle-5-dita-di-papa-francesco\/#primaryimage"},"thumbnailUrl":"https:\/\/blog.holyart.it\/it\/wp-content\/uploads\/sites\/17\/2023\/09\/preghiera-delle-5-dita.jpg","datePublished":"2023-10-18T08:00:53+00:00","dateModified":"2025-01-03T16:10:32+00:00","description":"La preghiera delle 5 dita di Papa Francesco ci guida nella preghiera quotidiana per non dimenticare nessuno di coloro che amiamo","breadcrumb":{"@id":"https:\/\/blog.holyart.it\/it\/articoli-religiosi\/la-preghiera-delle-5-dita-di-papa-francesco\/#breadcrumb"},"inLanguage":"it-IT","potentialAction":[{"@type":"ReadAction","target":["https:\/\/blog.holyart.it\/it\/articoli-religiosi\/la-preghiera-delle-5-dita-di-papa-francesco\/"]}]},{"@type":"ImageObject","inLanguage":"it-IT","@id":"https:\/\/blog.holyart.it\/it\/articoli-religiosi\/la-preghiera-delle-5-dita-di-papa-francesco\/#primaryimage","url":"https:\/\/blog.holyart.it\/it\/wp-content\/uploads\/sites\/17\/2023\/09\/preghiera-delle-5-dita.jpg","contentUrl":"https:\/\/blog.holyart.it\/it\/wp-content\/uploads\/sites\/17\/2023\/09\/preghiera-delle-5-dita.jpg","width":1000,"height":666,"caption":"preghiera delle 5 dita"},{"@type":"BreadcrumbList","@id":"https:\/\/blog.holyart.it\/it\/articoli-religiosi\/la-preghiera-delle-5-dita-di-papa-francesco\/#breadcrumb","itemListElement":[{"@type":"ListItem","position":1,"name":"Homepage","item":"https:\/\/blog.holyart.it\/it\/"},{"@type":"ListItem","position":2,"name":"Religione","item":"https:\/\/blog.holyart.it\/it\/articoli-religiosi\/"},{"@type":"ListItem","position":3,"name":"La preghiera delle 5 dita di Papa Francesco"}]},{"@type":"WebSite","@id":"https:\/\/blog.holyart.it\/it\/#website","url":"https:\/\/blog.holyart.it\/it\/","name":"Holyblog","description":"Il Blog di Holyart.it","publisher":{"@id":"https:\/\/blog.holyart.it\/it\/#organization"},"potentialAction":[{"@type":"SearchAction","target":{"@type":"EntryPoint","urlTemplate":"https:\/\/blog.holyart.it\/it\/?s={search_term_string}"},"query-input":{"@type":"PropertyValueSpecification","valueRequired":true,"valueName":"search_term_string"}}],"inLanguage":"it-IT"},{"@type":"Organization","@id":"https:\/\/blog.holyart.it\/it\/#organization","name":"Holyblog","url":"https:\/\/blog.holyart.it\/it\/","logo":{"@type":"ImageObject","inLanguage":"it-IT","@id":"https:\/\/blog.holyart.it\/it\/#\/schema\/logo\/image\/","url":"https:\/\/blog.holyart.it\/it\/wp-content\/uploads\/sites\/17\/2022\/12\/Holyart_Blog_Logo.jpg","contentUrl":"https:\/\/blog.holyart.it\/it\/wp-content\/uploads\/sites\/17\/2022\/12\/Holyart_Blog_Logo.jpg","width":300,"height":50,"caption":"Holyblog"},"image":{"@id":"https:\/\/blog.holyart.it\/it\/#\/schema\/logo\/image\/"}},{"@type":"Person","@id":"https:\/\/blog.holyart.it\/it\/#\/schema\/person\/0a7b686e5af0f856ec1e390dd0baecda","name":"Redazione"}]}},"_links":{"self":[{"href":"https:\/\/blog.holyart.it\/it\/wp-json\/wp\/v2\/posts\/18434","targetHints":{"allow":["GET"]}}],"collection":[{"href":"https:\/\/blog.holyart.it\/it\/wp-json\/wp\/v2\/posts"}],"about":[{"href":"https:\/\/blog.holyart.it\/it\/wp-json\/wp\/v2\/types\/post"}],"author":[{"embeddable":true,"href":"https:\/\/blog.holyart.it\/it\/wp-json\/wp\/v2\/users\/1"}],"replies":[{"embeddable":true,"href":"https:\/\/blog.holyart.it\/it\/wp-json\/wp\/v2\/comments?post=18434"}],"version-history":[{"count":5,"href":"https:\/\/blog.holyart.it\/it\/wp-json\/wp\/v2\/posts\/18434\/revisions"}],"predecessor-version":[{"id":18477,"href":"https:\/\/blog.holyart.it\/it\/wp-json\/wp\/v2\/posts\/18434\/revisions\/18477"}],"wp:featuredmedia":[{"embeddable":true,"href":"https:\/\/blog.holyart.it\/it\/wp-json\/wp\/v2\/media\/18469"}],"wp:attachment":[{"href":"https:\/\/blog.holyart.it\/it\/wp-json\/wp\/v2\/media?parent=18434"}],"wp:term":[{"taxonomy":"category","embeddable":true,"href":"https:\/\/blog.holyart.it\/it\/wp-json\/wp\/v2\/categories?post=18434"},{"taxonomy":"post_tag","embeddable":true,"href":"https:\/\/blog.holyart.it\/it\/wp-json\/wp\/v2\/tags?post=18434"}],"curies":[{"name":"wp","href":"https:\/\/api.w.org\/{rel}","templated":true}]}}