{"id":18432,"date":"2023-09-27T09:57:04","date_gmt":"2023-09-27T07:57:04","guid":{"rendered":"https:\/\/blog.holyart.it\/it\/?p=18432"},"modified":"2024-09-20T16:55:13","modified_gmt":"2024-09-20T14:55:13","slug":"la-serie-di-celebrazioni-per-lottavo-centenario-della-morte-di-san-francesco-dassisi","status":"publish","type":"post","link":"https:\/\/blog.holyart.it\/it\/articoli-religiosi\/la-serie-di-celebrazioni-per-lottavo-centenario-della-morte-di-san-francesco-dassisi\/","title":{"rendered":"La serie di celebrazioni per l&#8217;ottavo centenario della morte di San Francesco d&#8217;Assisi"},"content":{"rendered":"<h4>Nel 2026 cadr\u00e0 l&#8217;ottavo centenario della morte di San Francesco d&#8217;Assisi, ma sar\u00e0 anche il culmine di quattro anni di feste e celebrazioni dedicate al poverello d&#8217;Assisi<\/h4>\n\n<p>Nella notte fra il <strong>3 e il 4 ottobre dell&#8217;anno 1226<\/strong> moriva ad Assisi <strong><a href=\"https:\/\/www.holyart.it\/blog\/santi-e-beati\/san-francesco-dassisi\/\">San Francesco<\/a><\/strong>, uno dei santi pi\u00f9 amati e delle figure spirituali pi\u00f9 influenti della storia della Chiesa. Mor\u00ec nella Porziuncola, la chiesetta dove lui riconobbe la propria vocazione e presso la quale accolse <strong><a href=\"https:\/\/www.holyart.it\/blog\/santi-e-beati\/santa-chiara-la-santa-che-abbraccio-la-poverta-sulle-orme-di-san-francesco\/\">Santa Chiara<\/a><\/strong> e i primi seguaci. Oggi essa \u00e8 custodita all&#8217;interno della <strong><a href=\"https:\/\/www.holyart.it\/blog\/articoli-religiosi\/10-santuari-mariani-piu-famosi-in-italia\/#Basilica_di_Santa_Maria_degli_Angeli_ad_Assisi\">Basilica di Santa Maria degli Angeli<\/a> <\/strong>presso Assisi, uno dei luoghi sacri pi\u00f9 importanti della cristianit\u00e0. Dopo la morte di San Francesco il suo corpo venne trasportato attraverso Assisi fino a San Damiano, perch\u00e9 Chiara e le sue consorelle potessero piangerlo e porgergli l&#8217;ultimo saluto, e infine posto nella chiesa di San Giorgio.<\/p>\n<div class=\"link-article\">\n<p><img loading=\"lazy\" decoding=\"async\" class=\"size-full wp-image-18457 alignleft\" src=\"https:\/\/blog.holyart.it\/it\/wp-content\/uploads\/sites\/17\/2023\/09\/Santa-chiara-dAssisi.jpeg\" alt=\"Saint Clare of Assisi, bass relief in portico of church dei Santi XII Apostoli in Rome, Italy\" width=\"150\" height=\"99\" data-kale-share-title=\"La serie di celebrazioni per l\u2019ottavo centenario della morte di San Francesco d\u2019Assisi\" data-kale-share-url=\"https:\/\/blog.holyart.it\/it\/?p=18432\" \/><\/p>\n<div class=\"leggi-anche\">Leggi anche:<\/div>\n<p><strong><a href=\"https:\/\/www.holyart.it\/blog\/santi-e-beati\/santa-chiara-la-santa-che-abbraccio-la-poverta-sulle-orme-di-san-francesco\/\">Santa Chiara, la santa che abbracci\u00f2 la povert\u00e0 sulle orme di San Francesco<\/a><\/strong><br \/>\nSanta Chiara segu\u00ec l\u2019esempio di San Francesco, rinunciando a tutti&#8230;<\/p>\n<\/div>\n<p>Sulla vita di San Francesco d&#8217;Assisi, nato nel 1181, si \u00e8 gi\u00e0 raccontato molto. Dopo aver trascorso la giovinezza in cerca di avventura e successo militare, visse un profondo risveglio spirituale, che lo port\u00f2 a rinunciare a una vita di lusso per abbracciare <strong>la povert\u00e0, la preghiera e il servizio agli altri<\/strong>. Questa scelta lo port\u00f2 a fondare l&#8217;Ordine dei Frati Minori noti come <strong>Francescani<\/strong>, che hanno condiviso con lui i valori di umilt\u00e0, compassione e amore per tutte le creature viventi.<\/p>\n<p>Ma la morte di <a href=\"https:\/\/www.holyart.it\/it\/articoli-religiosi\/statue\/statue-in-resina-e-pvc\/san-francesco-20-cm-resina-e-stoffa\"><strong>San Francesco<\/strong><\/a> non ha rappresentato che l&#8217;inizio della sua profonda<strong> rivoluzione spirituale<\/strong>. La sua eredit\u00e0 e la sua influenza sulla cristianit\u00e0 avrebbero seguitato a stravolgere, in senso positivo, la storia della Chiesa. La forza dell&#8217;eredit\u00e0 di San Francesco d&#8217;Assisi \u00e8 evidente in molti aspetti della societ\u00e0 moderna. Il suo <strong>messaggio di pace e riconciliazione<\/strong> continua a ispirare chiunque si sforzi per risolvere i conflitti globali. La sua <strong>visione ecologica<\/strong>, molto prima che diventasse un argomento di attualit\u00e0, lo rende un modello per la cura della Terra e di tutte le sue creature. Il suo <strong>retaggio di umilt\u00e0 e amore<\/strong> continua a ispirare le generazioni presenti e future e per questo diventa cos\u00ec importante otto secoli dopo.<strong> Le celebrazioni per l&#8217;ottavo centenario della sua morte<\/strong> diventano cos\u00ec importanti.\u00a0San Francesco \u00e8 stato ed \u00e8 un faro di speranza e umanit\u00e0 in un mondo mai come oggi afflitto da divisioni e conflitti. Questo anniversario \u00e8 un&#8217;opportunit\u00e0 per riflettere sul suo retaggio duraturo e sull&#8217;ispirazione che ancora offre a milioni di persone in tutto il mondo.<\/p>\n<div class=\"link-product\">\n<div class=\"blocco-immagine\"><img loading=\"lazy\" decoding=\"async\" class=\"size-full wp-image-18458 alignleft\" src=\"https:\/\/blog.holyart.it\/it\/wp-content\/uploads\/sites\/17\/2023\/09\/san-francesco-resina.jpg\" alt=\"san francesco resina\" width=\"100\" height=\"100\" data-kale-share-title=\"La serie di celebrazioni per l\u2019ottavo centenario della morte di San Francesco d\u2019Assisi\" data-kale-share-url=\"https:\/\/blog.holyart.it\/it\/?p=18432\" \/><\/div>\n<div class=\"blocco-contenuto\">\n<div class=\"blocco-acquista\">Acquista su Holyart:<\/div>\n<div class=\"blocco-titolo\"><a href=\"https:\/\/www.holyart.it\/it\/articoli-religiosi\/statue\/statue-in-resina-e-pvc\/san-francesco-20-cm-resina-e-stoffa\">San Francesco resina e stoffa <\/a><\/div>\n<div class=\"blocco-descrizione\">Il Santo indossa una veste di colore marrone in stoffa, statua dipinta interamente a mano.<\/div>\n<\/div>\n<\/div>\n<p>Le celebrazioni per l&#8217;ottavo centenario della morte di San Francesco d\u2019Assisi sono un <strong>evento di portata mondiale<\/strong>. In molti paesi si sta gi\u00e0 onorando questo uomo straordinario attraverso una serie di eventi culturali, religiosi ed educativi. Tra il 2023 e il 2026 le occasioni di festa e riflessione per la comunit\u00e0 francescana e per tutti coloro che amano e sono devoti al poverello d&#8217;Assisi sono davvero tante e si intrecciano con i festeggiamenti del <a href=\"https:\/\/www.holyart.it\/it\/occasioni-speciali\/giubileo-2025-pellegrini-di-speranza\"><strong>Giubileo del 2025<\/strong><\/a>, un Anno Santo eccezionale che coinvolger\u00e0 l&#8217;intera cristianit\u00e0.<br \/>\nQuattro sono le tappe cruciali dell&#8217;esperienza secolare di San Francesco.<br \/>\nSi inizia nel 2023, con la celebrazione dell&#8217;<strong>ottocentenario della Regola Bollata<\/strong>, scritta da San Francesco per i suoi Frati Minori a Fonte Colombo, e del <strong><a href=\"https:\/\/www.holyart.it\/blog\/natale\/il-presepe-di-greccio-il-presepe-di-san-francesco\/\">primo Presepe a Greccio<\/a><\/strong>.<br \/>\nSi prosegue con l&#8217;ottocentesimo anniversario della <strong>stimmatizzazione a La Verna<\/strong> nel 2024 e con l&#8217;anniversario della <strong>stesura del Cantico delle creature di San Francesco<\/strong> nel 2025, che coincider\u00e0 con il <strong>Giubileo<\/strong>.<br \/>\nInfine, nel 2026 ricorderemo l&#8217;ottavo centenario della <strong>morte di San Francesco<\/strong>, il suo passaggio alla vita eterna, la fine della sua vita terrena e l&#8217;inizio di un&#8217;eredit\u00e0 duratura di fede, umanit\u00e0 e compassione.<\/p>\n<div class=\"link-article\">\n<p><img loading=\"lazy\" decoding=\"async\" class=\"size-full wp-image-18459 alignleft\" src=\"https:\/\/blog.holyart.it\/it\/wp-content\/uploads\/sites\/17\/2023\/09\/Il-presepe-di-Greccio.jpg\" alt=\"Il presepe di Greccio\" width=\"150\" height=\"97\" data-kale-share-title=\"La serie di celebrazioni per l\u2019ottavo centenario della morte di San Francesco d\u2019Assisi\" data-kale-share-url=\"https:\/\/blog.holyart.it\/it\/?p=18432\" \/><\/p>\n<div class=\"leggi-anche\">Leggi anche:<\/div>\n<p><strong><a href=\"https:\/\/www.holyart.it\/blog\/natale\/il-presepe-di-greccio-il-presepe-di-san-francesco\/\">Il presepe di Greccio: il presepe di San Francesco<\/a><\/strong><br \/>\nQual \u00e8 la storia del presepe? Da dove viene questa tradizione che ogni anno viviamo? Ecco la storia&#8230;<\/p>\n<\/div>\n<h2>2023: la Regola francescana compie 800 anni<\/h2>\n<p>Il 2023 segna l&#8217;<strong>ottavo centenario della Regola Francescana<\/strong>, un documento cruciale scritto da San Francesco per guidare i suoi seguaci nell&#8217;ideale di povert\u00e0, umilt\u00e0 e servizio da lui promosso. La <strong>Regola di San Francesco<\/strong> rappresenta un documento di importanza fondamentale per l&#8217;Ordine Francescano, una guida spirituale e pratica che ancora oggi guida e ispira frati e suore che hanno scelto di seguire i passi e gli insegnamenti di San Francesco d&#8217;Assisi, vivendo una vita di semplicit\u00e0, devozione e servizio agli altri.<br \/>\nDella Regola esistono <strong>diverse versioni<\/strong>: il <em>Propositum<\/em> o <strong>Prima Regola<\/strong>, il primo tentativo di San Francesco di delineare l&#8217;ideale di vita per i suoi seguaci; la <strong>Regola non Bollata<\/strong>, in cui \u00a0San Francesco cerc\u00f2 di definire in modo pi\u00f9 dettagliato gli aspetti pratici dell&#8217;Ordine francescano; la <strong>Regola Bollata<\/strong>, approvata dal Papa Onorio III il <strong>29 novembre 1223<\/strong>, che fissava i valori di povert\u00e0, umilt\u00e0 e servizio che i Frati Minori avrebbero dovuto seguire ed esprimeva chiaramente l&#8217;orientamento spirituale e l&#8217;identit\u00e0 dell&#8217;Ordine Francescano.<br \/>\nOltre a mostre d&#8217;arte ed eventi culturali, in occasione dell&#8217;ottavo centenario della Regola francescana \u00e8 stata resa pubblica anche la copia digitale della bolla di approvazione della Regola, il cui originale \u00e8 custodito nel Sacro Convento di Assisi.<\/p>\n<p>Il 2023 cade anche l&#8217;anniversario dell&#8217;indimenticabile <strong>Natale di Greccio<\/strong>, in cui nel Natale 1223 San Francesco cre\u00f2 il primo Presepe vivente, portando la storia della nascita di Ges\u00f9 in un contesto tangibile e accessibile a tutti. A Greccio, proprio nella grotta in cui san Francesco realizz\u00f2 il primo Presepe, <a href=\"https:\/\/www.holyart.it\/it\/occasioni-speciali\/papa-francesco\"><strong>Papa Francesco <\/strong><\/a>ha firmato nel 2019 la Lettera apostolica <em><b>Admirabile signum<\/b><\/em>, che tratta proprio del significato e del valore del Presepe come celebrazione della Nativit\u00e0 di Cristo. Dove venne posta la mangiatoia \u00e8 stato consacrato come altare, sopra al quale un affresco rappresenta il Natale di Betlemme e il Natale di Greccio posti in sequenza, e tutto intorno \u00e8 stata costruita una chiesa dedicata a San Francesco.<\/p>\n<div class=\"link-product\">\n<div class=\"blocco-immagine\"><img loading=\"lazy\" decoding=\"async\" class=\"size-full wp-image-18460 alignleft\" src=\"https:\/\/blog.holyart.it\/it\/wp-content\/uploads\/sites\/17\/2023\/09\/papa-francesco.jpg\" alt=\"papa francesco\" width=\"100\" height=\"100\" data-kale-share-title=\"La serie di celebrazioni per l\u2019ottavo centenario della morte di San Francesco d\u2019Assisi\" data-kale-share-url=\"https:\/\/blog.holyart.it\/it\/?p=18432\" \/><\/div>\n<div class=\"blocco-contenuto\">\n<div class=\"blocco-acquista\">Acquista su Holyart:<\/div>\n<div class=\"blocco-titolo\"><a href=\"https:\/\/www.holyart.it\/it\/occasioni-speciali\/papa-francesco\">Papa Francesco <\/a><\/div>\n<div class=\"blocco-descrizione\">Categoria dedicata a Papa Jorge Mario Bergoglio.<\/div>\n<\/div>\n<\/div>\n<h2>2024: ottavo centenario delle stimmate di\u00a0San Francesco<\/h2>\n<p>Il 2024 rappresenta un anno significativo per la spiritualit\u00e0 francescana in quanto segna l&#8217;<strong>ottavo centenario delle Stimmate di San Francesco d&#8217;Assisi<\/strong>, che la Chiesa celebra ogni anno il 17 settembre con la <strong>Festa delle Stimmate di San Francesco<\/strong>. Questo evento straordinario, avvenuto nel 1224, \u00e8 uno dei momenti pi\u00f9 emblematici della vita di San Francesco e della sua profonda <strong>unione con la Passione di Cristo<\/strong>. Mentre meditava e pregava sul Monte Verna, Francesco implor\u00f2 di poter provare almeno un po\u2019 dell\u2019amore e del dolore che Ges\u00f9 Cristo pat\u00ec durante la Passione e la morte. La sua supplica venne accolta e il 14 settembre, Festa dell&#8217;esaltazione della Croce, le piaghe della Crocifissione apparvero sul suo corpo.<\/p>\n<h2>2025: 800 anni del Cantico delle Creature<\/h2>\n<p>Francesco compose il suo <a href=\"https:\/\/www.holyart.it\/blog\/articoli-religiosi\/il-cantico-delle-creature-di-san-francesco\/\"><strong><span style=\"color: blue;\">Cantico delle creature<\/span><\/strong><\/a>, o\u00a0<strong>Cantico di Frate Sole<\/strong>, intorno al 1225. Si tratta di uno dei testi pi\u00f9 antichi della letteratura italiana, un poema che celebra la <strong>creazione e la natura come espressione della bellezza divina<\/strong> e dell&#8217;amore di Dio, ma anche una preghiera, che esprime <strong>l\u2019amore per il creato\u00a0come\u00a0amore per Dio, <\/strong>oltre al <strong>rispetto per la natura e per gli animali<\/strong>, idee assolutamente rivoluzionarie per l&#8217;epoca.<br \/>\nNel 2025, il Cantico di San Francesco festegger\u00e0 800 anni dalla sua creazione, un anniversario significativo per i fedeli di San Francesco e per coloro che apprezzano la poesia e la spiritualit\u00e0. Questo anniversario verr\u00e0 commemorato con eventi religiosi, conferenze, mostre d&#8217;arte, performance musicali, letture pubbliche del Cantico e molto altro.<br \/>\nSar\u00e0 un&#8217;opportunit\u00e0 per riflettere sul messaggio di San Francesco, sulla <strong>responsabilit\u00e0 dell&#8217;umanit\u00e0 verso la natura<\/strong> e sull&#8217;<strong>importanza di custodire e proteggere il creato<\/strong>. Inoltre, potrebbe essere un momento per <strong>promuovere l&#8217;ecologia<\/strong> e la <strong>sostenibilit\u00e0<\/strong>, temi centrali nel Cantico delle Creature, in un mondo alle prese con troppe sfide ambientali.<\/p>\n<div class=\"link-article\">\n<p><img loading=\"lazy\" decoding=\"async\" class=\"size-full wp-image-18461 alignleft\" src=\"https:\/\/blog.holyart.it\/it\/wp-content\/uploads\/sites\/17\/2023\/09\/san-francesco.jpg\" alt=\"san francesco\" width=\"150\" height=\"99\" data-kale-share-title=\"La serie di celebrazioni per l\u2019ottavo centenario della morte di San Francesco d\u2019Assisi\" data-kale-share-url=\"https:\/\/blog.holyart.it\/it\/?p=18432\" \/><\/p>\n<div class=\"leggi-anche\">Leggi anche:<\/div>\n<p><strong><a href=\"https:\/\/www.holyart.it\/blog\/articoli-religiosi\/il-cantico-delle-creature-di-san-francesco\/\">Il cantico delle creature di San Francesco<\/a><\/strong><br \/>\nSan Francesco d\u2019Assisi \u00e8 uno dei santi pi\u00f9 amati e venerati dalla Chiesa cattolica. Vicino ai poveri&#8230;<\/p>\n<\/div>\n<h2>2026: ottavo centenario della morte di San Francesco<\/h2>\n<p>Il 2026 concluder\u00e0 le celebrazioni in onore degli 800 anni di San Francesco d&#8217;Assisi con il<strong> ricordo della sua morte<\/strong>. Lo stile di vita umile di questo Santo cos\u00ec speciale, la sua dedizione alla povert\u00e0, il suo amore per la natura e il suo profondo legame con Dio si riconfermano nella profonda eredit\u00e0 spirituale e duratura attraverso i secoli.<\/p>\n<p>Come abbiamo ricordato, San Francesco mor\u00ec il 3 ottobre 1226. Cos\u00ec aveva scritto nel suo Cantico delle creature, riguardo la morte:<\/p>\n<p><em>Laudato sii, o mio Signore, per nostra sora Morte corporale, dalla quale nessun uomo vivente pu\u00f2 scampare. Guai a quelli che morranno nel peccato mortale. Beati quelli che si troveranno nella tua volont\u00e0 poich\u00e9 loro la morte non far\u00e0 alcun male.<\/em><\/p>\n<p>Le celebrazioni per l&#8217;ottavo centenario della morte di San Francesco includeranno eventi religiosi speciali, pellegrinaggi verso luoghi significativi legati alla sua vita, Assisi in primis, mostre storiche, conferenze, concerti e molte manifestazioni culturali. Sar\u00e0 anche un&#8217;opportunit\u00e0 per riflettere sulla sua eredit\u00e0 e su come il suo messaggio di amore, umilt\u00e0 e cura per la creazione sia ancora rilevante oggi, specialmente nell&#8217;ambito della conservazione dell&#8217;ambiente.<\/p>\n","protected":false},"excerpt":{"rendered":"<p>Nel 2026 cadr\u00e0 l&#8217;ottavo centenario della morte di San Francesco d&#8217;Assisi, ma sar\u00e0 anche il culmine di quattro anni di feste e celebrazioni dedicate al poverello d&#8217;Assisi Nella notte fra il 3 e il 4 ottobre dell&#8217;anno 1226 moriva ad Assisi San Francesco, uno dei&hellip;<\/p>\n","protected":false},"author":1,"featured_media":18465,"comment_status":"closed","ping_status":"open","sticky":false,"template":"","format":"standard","meta":{"_acf_changed":false,"footnotes":""},"categories":[16,15],"tags":[],"class_list":["post-18432","post","type-post","status-publish","format-standard","has-post-thumbnail","hentry","category-articoli-religiosi","category-santi-e-beati"],"acf":[],"yoast_head":"<!-- This site is optimized with the Yoast SEO plugin v26.6 - https:\/\/yoast.com\/wordpress\/plugins\/seo\/ -->\n<title>La serie di celebrazioni per l&#039;ottavo centenario della morte di San Francesco d&#039;Assisi - Holyblog<\/title>\n<meta name=\"description\" content=\"L&#039;ottavo centenario della morte di San Francesco d&#039;Assisi nel 2026 concluder\u00e0 quattro anni di celebrazioni a lui dedicate.\" \/>\n<meta name=\"robots\" content=\"index, follow, max-snippet:-1, max-image-preview:large, max-video-preview:-1\" \/>\n<link rel=\"canonical\" href=\"https:\/\/blog.holyart.it\/it\/articoli-religiosi\/la-serie-di-celebrazioni-per-lottavo-centenario-della-morte-di-san-francesco-dassisi\/\" \/>\n<meta property=\"og:locale\" content=\"it_IT\" \/>\n<meta property=\"og:type\" content=\"article\" \/>\n<meta property=\"og:title\" content=\"La serie di celebrazioni per l&#039;ottavo centenario della morte di San Francesco d&#039;Assisi - Holyblog\" \/>\n<meta property=\"og:description\" content=\"L&#039;ottavo centenario della morte di San Francesco d&#039;Assisi nel 2026 concluder\u00e0 quattro anni di celebrazioni a lui dedicate.\" \/>\n<meta property=\"og:url\" content=\"https:\/\/blog.holyart.it\/it\/articoli-religiosi\/la-serie-di-celebrazioni-per-lottavo-centenario-della-morte-di-san-francesco-dassisi\/\" \/>\n<meta property=\"og:site_name\" content=\"Holyblog\" \/>\n<meta property=\"article:published_time\" content=\"2023-09-27T07:57:04+00:00\" \/>\n<meta property=\"article:modified_time\" content=\"2024-09-20T14:55:13+00:00\" \/>\n<meta property=\"og:image\" content=\"https:\/\/blog.holyart.it\/it\/wp-content\/uploads\/sites\/17\/2023\/09\/san-francesco-copertina.jpg\" \/>\n\t<meta property=\"og:image:width\" content=\"1000\" \/>\n\t<meta property=\"og:image:height\" content=\"666\" \/>\n\t<meta property=\"og:image:type\" content=\"image\/jpeg\" \/>\n<meta name=\"author\" content=\"Redazione\" \/>\n<meta name=\"twitter:card\" content=\"summary_large_image\" \/>\n<meta name=\"twitter:label1\" content=\"Scritto da\" \/>\n\t<meta name=\"twitter:data1\" content=\"Redazione\" \/>\n\t<meta name=\"twitter:label2\" content=\"Tempo di lettura stimato\" \/>\n\t<meta name=\"twitter:data2\" content=\"10 minuti\" \/>\n<script type=\"application\/ld+json\" class=\"yoast-schema-graph\">{\"@context\":\"https:\/\/schema.org\",\"@graph\":[{\"@type\":\"Article\",\"@id\":\"https:\/\/blog.holyart.it\/it\/articoli-religiosi\/la-serie-di-celebrazioni-per-lottavo-centenario-della-morte-di-san-francesco-dassisi\/#article\",\"isPartOf\":{\"@id\":\"https:\/\/blog.holyart.it\/it\/articoli-religiosi\/la-serie-di-celebrazioni-per-lottavo-centenario-della-morte-di-san-francesco-dassisi\/\"},\"author\":{\"name\":\"Redazione\",\"@id\":\"https:\/\/blog.holyart.it\/it\/#\/schema\/person\/0a7b686e5af0f856ec1e390dd0baecda\"},\"headline\":\"La serie di celebrazioni per l&#8217;ottavo centenario della morte di San Francesco d&#8217;Assisi\",\"datePublished\":\"2023-09-27T07:57:04+00:00\",\"dateModified\":\"2024-09-20T14:55:13+00:00\",\"mainEntityOfPage\":{\"@id\":\"https:\/\/blog.holyart.it\/it\/articoli-religiosi\/la-serie-di-celebrazioni-per-lottavo-centenario-della-morte-di-san-francesco-dassisi\/\"},\"wordCount\":1492,\"publisher\":{\"@id\":\"https:\/\/blog.holyart.it\/it\/#organization\"},\"image\":{\"@id\":\"https:\/\/blog.holyart.it\/it\/articoli-religiosi\/la-serie-di-celebrazioni-per-lottavo-centenario-della-morte-di-san-francesco-dassisi\/#primaryimage\"},\"thumbnailUrl\":\"https:\/\/blog.holyart.it\/it\/wp-content\/uploads\/sites\/17\/2023\/09\/san-francesco-copertina.jpg\",\"articleSection\":[\"Religione\",\"Santi e beati\"],\"inLanguage\":\"it-IT\"},{\"@type\":\"WebPage\",\"@id\":\"https:\/\/blog.holyart.it\/it\/articoli-religiosi\/la-serie-di-celebrazioni-per-lottavo-centenario-della-morte-di-san-francesco-dassisi\/\",\"url\":\"https:\/\/blog.holyart.it\/it\/articoli-religiosi\/la-serie-di-celebrazioni-per-lottavo-centenario-della-morte-di-san-francesco-dassisi\/\",\"name\":\"La serie di celebrazioni per l'ottavo centenario della morte di San Francesco d'Assisi - Holyblog\",\"isPartOf\":{\"@id\":\"https:\/\/blog.holyart.it\/it\/#website\"},\"primaryImageOfPage\":{\"@id\":\"https:\/\/blog.holyart.it\/it\/articoli-religiosi\/la-serie-di-celebrazioni-per-lottavo-centenario-della-morte-di-san-francesco-dassisi\/#primaryimage\"},\"image\":{\"@id\":\"https:\/\/blog.holyart.it\/it\/articoli-religiosi\/la-serie-di-celebrazioni-per-lottavo-centenario-della-morte-di-san-francesco-dassisi\/#primaryimage\"},\"thumbnailUrl\":\"https:\/\/blog.holyart.it\/it\/wp-content\/uploads\/sites\/17\/2023\/09\/san-francesco-copertina.jpg\",\"datePublished\":\"2023-09-27T07:57:04+00:00\",\"dateModified\":\"2024-09-20T14:55:13+00:00\",\"description\":\"L'ottavo centenario della morte di San Francesco d'Assisi nel 2026 concluder\u00e0 quattro anni di celebrazioni a lui dedicate.\",\"breadcrumb\":{\"@id\":\"https:\/\/blog.holyart.it\/it\/articoli-religiosi\/la-serie-di-celebrazioni-per-lottavo-centenario-della-morte-di-san-francesco-dassisi\/#breadcrumb\"},\"inLanguage\":\"it-IT\",\"potentialAction\":[{\"@type\":\"ReadAction\",\"target\":[\"https:\/\/blog.holyart.it\/it\/articoli-religiosi\/la-serie-di-celebrazioni-per-lottavo-centenario-della-morte-di-san-francesco-dassisi\/\"]}]},{\"@type\":\"ImageObject\",\"inLanguage\":\"it-IT\",\"@id\":\"https:\/\/blog.holyart.it\/it\/articoli-religiosi\/la-serie-di-celebrazioni-per-lottavo-centenario-della-morte-di-san-francesco-dassisi\/#primaryimage\",\"url\":\"https:\/\/blog.holyart.it\/it\/wp-content\/uploads\/sites\/17\/2023\/09\/san-francesco-copertina.jpg\",\"contentUrl\":\"https:\/\/blog.holyart.it\/it\/wp-content\/uploads\/sites\/17\/2023\/09\/san-francesco-copertina.jpg\",\"width\":1000,\"height\":666,\"caption\":\"san francesco copertina\"},{\"@type\":\"BreadcrumbList\",\"@id\":\"https:\/\/blog.holyart.it\/it\/articoli-religiosi\/la-serie-di-celebrazioni-per-lottavo-centenario-della-morte-di-san-francesco-dassisi\/#breadcrumb\",\"itemListElement\":[{\"@type\":\"ListItem\",\"position\":1,\"name\":\"Homepage\",\"item\":\"https:\/\/blog.holyart.it\/it\/\"},{\"@type\":\"ListItem\",\"position\":2,\"name\":\"Religione\",\"item\":\"https:\/\/blog.holyart.it\/it\/articoli-religiosi\/\"},{\"@type\":\"ListItem\",\"position\":3,\"name\":\"La serie di celebrazioni per l&#8217;ottavo centenario della morte di San Francesco d&#8217;Assisi\"}]},{\"@type\":\"WebSite\",\"@id\":\"https:\/\/blog.holyart.it\/it\/#website\",\"url\":\"https:\/\/blog.holyart.it\/it\/\",\"name\":\"Holyblog\",\"description\":\"Il Blog di Holyart.it\",\"publisher\":{\"@id\":\"https:\/\/blog.holyart.it\/it\/#organization\"},\"potentialAction\":[{\"@type\":\"SearchAction\",\"target\":{\"@type\":\"EntryPoint\",\"urlTemplate\":\"https:\/\/blog.holyart.it\/it\/?s={search_term_string}\"},\"query-input\":{\"@type\":\"PropertyValueSpecification\",\"valueRequired\":true,\"valueName\":\"search_term_string\"}}],\"inLanguage\":\"it-IT\"},{\"@type\":\"Organization\",\"@id\":\"https:\/\/blog.holyart.it\/it\/#organization\",\"name\":\"Holyblog\",\"url\":\"https:\/\/blog.holyart.it\/it\/\",\"logo\":{\"@type\":\"ImageObject\",\"inLanguage\":\"it-IT\",\"@id\":\"https:\/\/blog.holyart.it\/it\/#\/schema\/logo\/image\/\",\"url\":\"https:\/\/blog.holyart.it\/it\/wp-content\/uploads\/sites\/17\/2022\/12\/Holyart_Blog_Logo.jpg\",\"contentUrl\":\"https:\/\/blog.holyart.it\/it\/wp-content\/uploads\/sites\/17\/2022\/12\/Holyart_Blog_Logo.jpg\",\"width\":300,\"height\":50,\"caption\":\"Holyblog\"},\"image\":{\"@id\":\"https:\/\/blog.holyart.it\/it\/#\/schema\/logo\/image\/\"}},{\"@type\":\"Person\",\"@id\":\"https:\/\/blog.holyart.it\/it\/#\/schema\/person\/0a7b686e5af0f856ec1e390dd0baecda\",\"name\":\"Redazione\"}]}<\/script>\n<!-- \/ Yoast SEO plugin. -->","yoast_head_json":{"title":"La serie di celebrazioni per l'ottavo centenario della morte di San Francesco d'Assisi - Holyblog","description":"L'ottavo centenario della morte di San Francesco d'Assisi nel 2026 concluder\u00e0 quattro anni di celebrazioni a lui dedicate.","robots":{"index":"index","follow":"follow","max-snippet":"max-snippet:-1","max-image-preview":"max-image-preview:large","max-video-preview":"max-video-preview:-1"},"canonical":"https:\/\/blog.holyart.it\/it\/articoli-religiosi\/la-serie-di-celebrazioni-per-lottavo-centenario-della-morte-di-san-francesco-dassisi\/","og_locale":"it_IT","og_type":"article","og_title":"La serie di celebrazioni per l'ottavo centenario della morte di San Francesco d'Assisi - Holyblog","og_description":"L'ottavo centenario della morte di San Francesco d'Assisi nel 2026 concluder\u00e0 quattro anni di celebrazioni a lui dedicate.","og_url":"https:\/\/blog.holyart.it\/it\/articoli-religiosi\/la-serie-di-celebrazioni-per-lottavo-centenario-della-morte-di-san-francesco-dassisi\/","og_site_name":"Holyblog","article_published_time":"2023-09-27T07:57:04+00:00","article_modified_time":"2024-09-20T14:55:13+00:00","og_image":[{"width":1000,"height":666,"url":"https:\/\/blog.holyart.it\/it\/wp-content\/uploads\/sites\/17\/2023\/09\/san-francesco-copertina.jpg","type":"image\/jpeg"}],"author":"Redazione","twitter_card":"summary_large_image","twitter_misc":{"Scritto da":"Redazione","Tempo di lettura stimato":"10 minuti"},"schema":{"@context":"https:\/\/schema.org","@graph":[{"@type":"Article","@id":"https:\/\/blog.holyart.it\/it\/articoli-religiosi\/la-serie-di-celebrazioni-per-lottavo-centenario-della-morte-di-san-francesco-dassisi\/#article","isPartOf":{"@id":"https:\/\/blog.holyart.it\/it\/articoli-religiosi\/la-serie-di-celebrazioni-per-lottavo-centenario-della-morte-di-san-francesco-dassisi\/"},"author":{"name":"Redazione","@id":"https:\/\/blog.holyart.it\/it\/#\/schema\/person\/0a7b686e5af0f856ec1e390dd0baecda"},"headline":"La serie di celebrazioni per l&#8217;ottavo centenario della morte di San Francesco d&#8217;Assisi","datePublished":"2023-09-27T07:57:04+00:00","dateModified":"2024-09-20T14:55:13+00:00","mainEntityOfPage":{"@id":"https:\/\/blog.holyart.it\/it\/articoli-religiosi\/la-serie-di-celebrazioni-per-lottavo-centenario-della-morte-di-san-francesco-dassisi\/"},"wordCount":1492,"publisher":{"@id":"https:\/\/blog.holyart.it\/it\/#organization"},"image":{"@id":"https:\/\/blog.holyart.it\/it\/articoli-religiosi\/la-serie-di-celebrazioni-per-lottavo-centenario-della-morte-di-san-francesco-dassisi\/#primaryimage"},"thumbnailUrl":"https:\/\/blog.holyart.it\/it\/wp-content\/uploads\/sites\/17\/2023\/09\/san-francesco-copertina.jpg","articleSection":["Religione","Santi e beati"],"inLanguage":"it-IT"},{"@type":"WebPage","@id":"https:\/\/blog.holyart.it\/it\/articoli-religiosi\/la-serie-di-celebrazioni-per-lottavo-centenario-della-morte-di-san-francesco-dassisi\/","url":"https:\/\/blog.holyart.it\/it\/articoli-religiosi\/la-serie-di-celebrazioni-per-lottavo-centenario-della-morte-di-san-francesco-dassisi\/","name":"La serie di celebrazioni per l'ottavo centenario della morte di San Francesco d'Assisi - Holyblog","isPartOf":{"@id":"https:\/\/blog.holyart.it\/it\/#website"},"primaryImageOfPage":{"@id":"https:\/\/blog.holyart.it\/it\/articoli-religiosi\/la-serie-di-celebrazioni-per-lottavo-centenario-della-morte-di-san-francesco-dassisi\/#primaryimage"},"image":{"@id":"https:\/\/blog.holyart.it\/it\/articoli-religiosi\/la-serie-di-celebrazioni-per-lottavo-centenario-della-morte-di-san-francesco-dassisi\/#primaryimage"},"thumbnailUrl":"https:\/\/blog.holyart.it\/it\/wp-content\/uploads\/sites\/17\/2023\/09\/san-francesco-copertina.jpg","datePublished":"2023-09-27T07:57:04+00:00","dateModified":"2024-09-20T14:55:13+00:00","description":"L'ottavo centenario della morte di San Francesco d'Assisi nel 2026 concluder\u00e0 quattro anni di celebrazioni a lui dedicate.","breadcrumb":{"@id":"https:\/\/blog.holyart.it\/it\/articoli-religiosi\/la-serie-di-celebrazioni-per-lottavo-centenario-della-morte-di-san-francesco-dassisi\/#breadcrumb"},"inLanguage":"it-IT","potentialAction":[{"@type":"ReadAction","target":["https:\/\/blog.holyart.it\/it\/articoli-religiosi\/la-serie-di-celebrazioni-per-lottavo-centenario-della-morte-di-san-francesco-dassisi\/"]}]},{"@type":"ImageObject","inLanguage":"it-IT","@id":"https:\/\/blog.holyart.it\/it\/articoli-religiosi\/la-serie-di-celebrazioni-per-lottavo-centenario-della-morte-di-san-francesco-dassisi\/#primaryimage","url":"https:\/\/blog.holyart.it\/it\/wp-content\/uploads\/sites\/17\/2023\/09\/san-francesco-copertina.jpg","contentUrl":"https:\/\/blog.holyart.it\/it\/wp-content\/uploads\/sites\/17\/2023\/09\/san-francesco-copertina.jpg","width":1000,"height":666,"caption":"san francesco copertina"},{"@type":"BreadcrumbList","@id":"https:\/\/blog.holyart.it\/it\/articoli-religiosi\/la-serie-di-celebrazioni-per-lottavo-centenario-della-morte-di-san-francesco-dassisi\/#breadcrumb","itemListElement":[{"@type":"ListItem","position":1,"name":"Homepage","item":"https:\/\/blog.holyart.it\/it\/"},{"@type":"ListItem","position":2,"name":"Religione","item":"https:\/\/blog.holyart.it\/it\/articoli-religiosi\/"},{"@type":"ListItem","position":3,"name":"La serie di celebrazioni per l&#8217;ottavo centenario della morte di San Francesco d&#8217;Assisi"}]},{"@type":"WebSite","@id":"https:\/\/blog.holyart.it\/it\/#website","url":"https:\/\/blog.holyart.it\/it\/","name":"Holyblog","description":"Il Blog di Holyart.it","publisher":{"@id":"https:\/\/blog.holyart.it\/it\/#organization"},"potentialAction":[{"@type":"SearchAction","target":{"@type":"EntryPoint","urlTemplate":"https:\/\/blog.holyart.it\/it\/?s={search_term_string}"},"query-input":{"@type":"PropertyValueSpecification","valueRequired":true,"valueName":"search_term_string"}}],"inLanguage":"it-IT"},{"@type":"Organization","@id":"https:\/\/blog.holyart.it\/it\/#organization","name":"Holyblog","url":"https:\/\/blog.holyart.it\/it\/","logo":{"@type":"ImageObject","inLanguage":"it-IT","@id":"https:\/\/blog.holyart.it\/it\/#\/schema\/logo\/image\/","url":"https:\/\/blog.holyart.it\/it\/wp-content\/uploads\/sites\/17\/2022\/12\/Holyart_Blog_Logo.jpg","contentUrl":"https:\/\/blog.holyart.it\/it\/wp-content\/uploads\/sites\/17\/2022\/12\/Holyart_Blog_Logo.jpg","width":300,"height":50,"caption":"Holyblog"},"image":{"@id":"https:\/\/blog.holyart.it\/it\/#\/schema\/logo\/image\/"}},{"@type":"Person","@id":"https:\/\/blog.holyart.it\/it\/#\/schema\/person\/0a7b686e5af0f856ec1e390dd0baecda","name":"Redazione"}]}},"_links":{"self":[{"href":"https:\/\/blog.holyart.it\/it\/wp-json\/wp\/v2\/posts\/18432","targetHints":{"allow":["GET"]}}],"collection":[{"href":"https:\/\/blog.holyart.it\/it\/wp-json\/wp\/v2\/posts"}],"about":[{"href":"https:\/\/blog.holyart.it\/it\/wp-json\/wp\/v2\/types\/post"}],"author":[{"embeddable":true,"href":"https:\/\/blog.holyart.it\/it\/wp-json\/wp\/v2\/users\/1"}],"replies":[{"embeddable":true,"href":"https:\/\/blog.holyart.it\/it\/wp-json\/wp\/v2\/comments?post=18432"}],"version-history":[{"count":5,"href":"https:\/\/blog.holyart.it\/it\/wp-json\/wp\/v2\/posts\/18432\/revisions"}],"predecessor-version":[{"id":18530,"href":"https:\/\/blog.holyart.it\/it\/wp-json\/wp\/v2\/posts\/18432\/revisions\/18530"}],"wp:featuredmedia":[{"embeddable":true,"href":"https:\/\/blog.holyart.it\/it\/wp-json\/wp\/v2\/media\/18465"}],"wp:attachment":[{"href":"https:\/\/blog.holyart.it\/it\/wp-json\/wp\/v2\/media?parent=18432"}],"wp:term":[{"taxonomy":"category","embeddable":true,"href":"https:\/\/blog.holyart.it\/it\/wp-json\/wp\/v2\/categories?post=18432"},{"taxonomy":"post_tag","embeddable":true,"href":"https:\/\/blog.holyart.it\/it\/wp-json\/wp\/v2\/tags?post=18432"}],"curies":[{"name":"wp","href":"https:\/\/api.w.org\/{rel}","templated":true}]}}