{"id":18376,"date":"2023-09-20T10:49:57","date_gmt":"2023-09-20T08:49:57","guid":{"rendered":"https:\/\/blog.holyart.it\/it\/?p=18376"},"modified":"2025-09-18T09:45:25","modified_gmt":"2025-09-18T07:45:25","slug":"la-storia-di-san-vincenzo-de-paoli-e-la-sua-opera-di-carita","status":"publish","type":"post","link":"https:\/\/blog.holyart.it\/it\/articoli-religiosi\/la-storia-di-san-vincenzo-de-paoli-e-la-sua-opera-di-carita\/","title":{"rendered":"La storia di San Vincenzo de Paoli e la sua opera di carit\u00e0"},"content":{"rendered":"<h4>San Vincenzo de Paoli fece della carit\u00e0 la sua missione, predicando il modello di Cristo, l&#8217;uguaglianza tra gli uomini e una maggior giustizia sociale. Oggi il suo modello \u00e8 pi\u00f9 attuale che mai<\/h4>\n\n<p>Nel panorama dei grandi santi e delle figure di ispirazione che hanno segnato la storia della Chiesa cattolica, San Vincenzo de Paoli si distingue per la sua profonda <a href=\"https:\/\/www.holyart.it\/blog\/articoli-religiosi\/fare-lelemosina-e-carita\/\"><strong>dedizione all&#8217;opera di carit\u00e0<\/strong> <\/a>e al <strong>servizio dei pi\u00f9 bisognosi<\/strong>. La sua vita e il suo lavoro hanno lasciato un&#8217;impronta indelebile nella storia della fede e nella pratica della solidariet\u00e0.<\/p>\n<p>Nato in Francia col nome di Vincent de Paul alla fine del 1500, in un periodo caratterizzato da profonde divisioni sociali, difficolt\u00e0 economiche e conflitti religiosi, Vincenzo svilupp\u00f2 fin da giovanissimo un profondo amore per i poveri e i bisognosi, ispirato dal Vangelo e dal suo desiderio di seguire <strong>l&#8217;esempio di Cristo nel servizio agli altri<\/strong>. Di famiglia modesta, riusc\u00ec a studiare grazie ai sacrifici dei genitori e all&#8217;aiuto di alcuni benefattori che seppero riconoscere i meriti di questo giovane intelligente e dalla precoce vocazione religiosa. Dopo aver ricevuto la tonsura a 16 anni, Vincenzo de Paoli, grazie all&#8217;appoggio di un influente avvocato della sua regione, complet\u00f2 gli studi di teologia a Tolosa. La sua dedizione e passione religiosa lo condussero a essere <a href=\"https:\/\/www.holyart.it\/blog\/articoli-religiosi\/ordinazione-presbiterale-sacerdoti\/\"><strong>ordinato sacerdote<\/strong><\/a> il 23 settembre 1600. Inizialmente intraprese questo cammino come sacerdote secolare, ma poi trov\u00f2 la sua strada nella <strong>Compagnia del Santissimo Sacramento<\/strong>, dove continu\u00f2 a crescere spiritualmente avvalendosi delle conoscenze illustri e le celebrit\u00e0 religiose che aderivano a questa societ\u00e0 segreta cattolica.<\/p>\n<div class=\"link-article\">\n<p><img loading=\"lazy\" decoding=\"async\" class=\"size-full wp-image-18418 alignleft\" src=\"https:\/\/blog.holyart.it\/it\/wp-content\/uploads\/sites\/17\/2023\/09\/ordinazione-presbiteriale.jpg\" alt=\"ordinazione presbiteriale\" width=\"150\" height=\"99\" data-kale-share-title=\"La storia di San Vincenzo de Paoli e la sua opera di carit\u00e0\" data-kale-share-url=\"https:\/\/blog.holyart.it\/it\/?p=18376\" \/><\/p>\n<div class=\"leggi-anche\">Leggi anche:<\/div>\n<p><strong><a href=\"https:\/\/www.holyart.it\/blog\/articoli-religiosi\/ordinazione-presbiterale-sacerdoti\/\">Ordinazione presbiterale: ecco come si diventa sacerdoti<\/a><\/strong><br \/>\nCon l\u2019Ordinazione Presbiterale un uomo diventa a tutti gli effetti un sacerdote. Ecco come si svolge il rito&#8230;<\/p>\n<\/div>\n<p>Tuttavia, la vita riservava nuove sfide e avversit\u00e0 a Vincenzo de Paoli. Nel 1605, mentre viaggiava su una nave da Marsiglia a Narbona, venne <strong>catturato da pirati turchi <\/strong>e trascorse due anni di schiavit\u00f9 a Tunisi. La prigionia mise a dura prova la sua fede e la sua resistenza, finch\u00e9 il suo padrone, convertitosi al Cristianesimo, decise di liberarlo.<br \/>\nUna volta riconquistata la sua libert\u00e0, <a href=\"https:\/\/www.holyart.it\/it\/articoli-religiosi\/statue\/statue-in-gesso\/statua-san-vincenzo-de-paoli-30-cm-gesso-dipinto-a-mano-barsanti\"><strong>Vincenzo de Paoli<\/strong><\/a> torn\u00f2 in Francia ed <strong>entr\u00f2 nella corte francese<\/strong> in qualit\u00e0 di cappellano ed elemosiniere di Margherita di Valois, un&#8217;opportunit\u00e0 che gli offr\u00ec uno sguardo privilegiato sulla societ\u00e0 dell&#8217;epoca, ma che gli permise anche di percepire le profonde differenze tra ricchi e poveri che saranno alla base della sua opera di misericordia. Nonostante la sua posizione privilegiata, infatti, Vincenzo non si lasci\u00f2 irretire dalle ambizioni materiali o di carriera, ma decise di ritirarsi a Clichy, come semplice curato, per dedicarsi anima e corpo all&#8217;<strong>insegnamento del catechismo<\/strong> e, ancor pi\u00f9 importante, all&#8217;<strong>aiuto diretto agli infermi e ai poveri<\/strong>.<\/p>\n<div class=\"link-product\">\n<div class=\"blocco-immagine\"><img loading=\"lazy\" decoding=\"async\" class=\"size-full wp-image-18419 alignleft\" src=\"https:\/\/blog.holyart.it\/it\/wp-content\/uploads\/sites\/17\/2023\/09\/statua-san-vincenzo-de-paoli.jpg\" alt=\"statua san vincenzo de paoli\" width=\"100\" height=\"100\" data-kale-share-title=\"La storia di San Vincenzo de Paoli e la sua opera di carit\u00e0\" data-kale-share-url=\"https:\/\/blog.holyart.it\/it\/?p=18376\" \/><\/div>\n<div class=\"blocco-contenuto\">\n<div class=\"blocco-acquista\">Acquista su Holyart:<\/div>\n<div class=\"blocco-titolo\"><a href=\"https:\/\/www.holyart.it\/it\/articoli-religiosi\/statue\/statue-in-gesso\/statua-san-vincenzo-de-paoli-30-cm-gesso-dipinto-a-mano-barsanti\">Statua San Vincenzo de Paoli <\/a><\/div>\n<div class=\"blocco-descrizione\">La statua \u00e8 dipinta a mano dagli artigiani di un&#8217;azienda italiana che vanta pi\u00f9 di cento anni di storia, Arte Barsanti.<\/div>\n<\/div>\n<\/div>\n<p>Questo periodo della sua vita \u00e8 ispirato soprattutto dalla recente conoscenza con\u00a0<a href=\"https:\/\/www.holyart.it\/blog\/santi-e-beati\/san-francesco-di-sales-il-santo-patrono-dei-giornalisti\/\"><strong>Francesco di Sales<\/strong><\/a>, vescovo, teologo, predicatore e fondatore dell\u2019Ordine della Visitazione di Santa Maria che seppe fare dell\u2019amore per Dio e della dolcezza nell\u2019espressione del proprio credo la sua arma pi\u00f9 potente. Questo incontro indirizz\u00f2 in modo ancora pi\u00f9 significativo la vita e l&#8217;opera di Vincenzo in una prospettiva di carit\u00e0 e servizio agli altri e gett\u00f2 le basi per la fondazione delle <strong>Figlie della Carit\u00e0<\/strong> e delle <strong>Confraternite della Carit\u00e0<\/strong>, la vera eredit\u00e0 di amore e compassione verso il prossimo lasciata da San Vincenzo de Paoli.<\/p>\n<p>Vincenzo seguit\u00f2 a perseguire i propri obiettivi, sia come sacerdote, sia collaborando con molte famiglie nobili dell&#8217;epoca per ottenere i finanziamenti necessari e gli aiuti per promuovere le sue opere di carit\u00e0. Come precettore al servizio dei <strong>marchesi di Gondi<\/strong> prest\u00f2 aiuto pratico a bambini orfani e diseredati. Cre\u00f2 anche gruppi di sacerdoti istruiti per evangelizzare i contadini nelle zone rurali pi\u00f9 povere. Nacque cos\u00ec nel 1625 il primo nucleo della <strong>Congregazione della missione<\/strong> (<em>Congregatio Missionis<\/em>), una societ\u00e0 clericale di vita apostolica di diritto pontificio, i cui membri saranno in seguito comunemente chiamati <em>lazzaristi<\/em> o <em>vincenziani<\/em>.<\/p>\n<div class=\"link-article\">\n<p><img loading=\"lazy\" decoding=\"async\" class=\"size-full wp-image-18420 alignleft\" src=\"https:\/\/blog.holyart.it\/it\/wp-content\/uploads\/sites\/17\/2023\/09\/chiesa-francesco-di-sales.jpg\" alt=\"chiesa francesco di sales\" width=\"150\" height=\"99\" data-kale-share-title=\"La storia di San Vincenzo de Paoli e la sua opera di carit\u00e0\" data-kale-share-url=\"https:\/\/blog.holyart.it\/it\/?p=18376\" \/><\/p>\n<div class=\"leggi-anche\">Leggi anche:<\/div>\n<p><strong><a href=\"https:\/\/www.holyart.it\/blog\/santi-e-beati\/san-francesco-di-sales-il-santo-patrono-dei-giornalisti\/\">San Francesco di Sales, il santo patrono dei giornalisti<\/a><\/strong><br \/>\nSan Francesco di Sales fece dell\u2019amore per Dio e della dolcezza nell\u2019espressione del proprio credo&#8230;<\/p>\n<\/div>\n<p>Le sue tante iniziative umanitarie, portate avanti anche con l&#8217;aiuto dei suoi Missionari e delle Figlie della carit\u00e0, si rivolgono ai poveri, agli ammalati (entreranno anche nell&#8217;Ospedale degli innocenti di Parigi), agli orfani, agli anziani, e perfino alle vittime delle Guerre di religione tra cattolici e protestanti che avevano funestato il paese in quegli ultimi decenni.<br \/>\n<strong>Re Luigi XIII<\/strong> chiam\u00f2 Vincenzo a corte come consigliere, anche se per breve tempo, ma poi lo volle al proprio capezzale in punto di morte.<\/p>\n<p>San Vincenzo de Paoli <strong>mor\u00ec il 27 settembre 1660<\/strong>. I suoi resti oggi sono sepolti nella Cappella di Saint-Vincent-de-Paul, sempre a Parigi. Il 27 settembre la Chiesa celebra la memoria liturgica di San Vincenzo de&#8217; Paoli (per la messa tridentina si festeggia invece il 19 luglio).<\/p>\n<p>L&#8217;eredit\u00e0 di San Vincenzo de Paoli perdura ancora oggi attraverso l&#8217;opera delle Figlie della Carit\u00e0 e delle Confraternite della Carit\u00e0, che continuano a servire i poveri e i bisognosi in tutto il mondo. La sua vita e il suo impegno sono stati riconosciuti con la sua <strong>canonizzazione nel 1737<\/strong> da Papa Clemente XII.<\/p>\n<h2>San Vincenzo De Paoli e la lotta al divario fra ricchi e poveri<\/h2>\n<p>La visione di San Vincenzo de Paoli sulla <strong>carit\u00e0 come missione centrale della Chiesa e della vita cristiana<\/strong> lo port\u00f2 a costruire un legame profondo con i poveri e i derelitti. La sua compassione e il suo impegno gli hanno guadagnato il titolo di <a href=\"https:\/\/www.holyart.it\/it\/articoli-religiosi\/statue\/statue-in-gesso\/san-vincenzo-de-paoli-25-cm-statua-gesso-dipinta-a-mano-arte-barsanti\"><em><strong>Apostolo della Carit\u00e0<\/strong><\/em><\/a> e la sua lotta instancabile contro il divario tra ricchi e poveri ha lasciato un&#8217;impronta indelebile nella storia. La sua vita e il suo lavoro sono stati interamente dedicati a servire i pi\u00f9 bisognosi, alleviando le sofferenze delle persone emarginate dalla societ\u00e0 e <strong>promuovendo l&#8217;uguaglianza tra tutti gli esseri umani<\/strong>.<\/p>\n<p>San Vincenzo de Paoli ha riconosciuto che la povert\u00e0 non riguardava solo la mancanza di risorse finanziarie, ma anche <strong>l&#8217;assenza di opportunit\u00e0 e di accesso all&#8217;istruzione<\/strong>. In questo senso, ha cercato di garantire che i poveri potessero ottenere le competenze necessarie per migliorare le loro vite e trovare modi dignitosi per sostenersi.<\/p>\n<div class=\"link-product\">\n<div class=\"blocco-immagine\"><img loading=\"lazy\" decoding=\"async\" class=\"size-full wp-image-18421 alignleft\" src=\"https:\/\/blog.holyart.it\/it\/wp-content\/uploads\/sites\/17\/2023\/09\/san-vincenzo-de-paoli.jpg\" alt=\"san vincenzo de paoli\" width=\"100\" height=\"100\" data-kale-share-title=\"La storia di San Vincenzo de Paoli e la sua opera di carit\u00e0\" data-kale-share-url=\"https:\/\/blog.holyart.it\/it\/?p=18376\" \/><\/div>\n<div class=\"blocco-contenuto\">\n<div class=\"blocco-acquista\">Acquista su Holyart:<\/div>\n<div class=\"blocco-titolo\"><a href=\"https:\/\/www.holyart.it\/it\/articoli-religiosi\/statue\/statue-in-gesso\/san-vincenzo-de-paoli-25-cm-statua-gesso-dipinta-a-mano-arte-barsanti\">San Vincenzo de Paoli <\/a><\/div>\n<div class=\"blocco-descrizione\">La statua \u00e8 realizzata in gesso ed \u00e8 dipinta a mano in Italia presso un&#8217;azienda, Arte Barsanti.<\/div>\n<\/div>\n<\/div>\n<p>Un altro aspetto importante della lotta di San Vincenzo contro il divario tra ricchi e poveri \u00e8 stata la sua <strong>opera di sensibilizzazione<\/strong>. Attraverso il suo esempio e la sua predicazione, ha cercato di <strong>ispirare gli altri<\/strong>, specialmente coloro che avevano privilegi e risorse, a condividere con i meno fortunati e a comprendere la loro situazione. Ha sfidato le strutture di potere e le ingiustizie sociali del suo tempo, esortando i ricchi a riconoscere la loro responsabilit\u00e0 nei confronti dei pi\u00f9 vulnerabili.<\/p>\n<p>In un&#8217;epoca &#8211; la nostra &#8211; in cui il divario tra ricchi e poveri continua a essere una sfida rilevante, l&#8217;esempio di San Vincenzo de Paoli ci invita a riflettere sul nostro impegno per <strong>ridurre le disparit\u00e0 sociali<\/strong>. La sua dedizione e il suo spirito altruistico sono un richiamo a <strong>promuovere la giustizia sociale<\/strong>, a lavorare per l&#8217;uguaglianza e a estendere una mano di aiuto a coloro che ne hanno pi\u00f9 bisogno.<\/p>\n<h2>Le Figlie della Carit\u00e0<\/h2>\n<p>Uno dei contributi pi\u00f9 significativi di San Vincenzo de Paoli all&#8217;opera di carit\u00e0 fu proprio la fondazione delle <strong>Figlie della Carit\u00e0 <\/strong>insieme a Santa Luisa de Marillac e Marguerite Naseau e col sostegno della Chiesa. Questa congregazione religiosa femminile si \u00e8 dedicata fin da subito all&#8217;<strong>assistenza ai poveri<\/strong>, ai <strong>malati<\/strong> e agli <strong>emarginati.<\/strong><\/p>\n<p>La storia delle Figlie della Carit\u00e0 trova la sua origine nelle <strong><a href=\"https:\/\/www.holyart.it\/it\/articoli-religiosi\/medaglioni-per-confraternite\">Confraternite<\/a> di dame della Carit\u00e0<\/strong>, istituite a partire dal 1617 dallo stesso Vincenzo de Paoli. Queste confraternite avevano lo scopo di fornire <strong>assistenza domiciliare ai bisognosi e ai malati<\/strong>. Diffuse inizialmente nelle zone rurali della Francia, le confraternite arrivarono anche a Parigi, dove nel 1630 Vincenzo affid\u00f2 la guida di queste dame a <strong>Luisa di Marillac<\/strong> (1591-1660). Poich\u00e9 la disponibilit\u00e0 delle donne non era sufficiente a sopperire ai reali bisogni dei tanti poveri e disperati di Parigi, Vicenzo propose alle prime quattro ragazze che avevano risposto alla sua chiamata ed erano state educate da Luisa di Marillac a vivere <strong>una vita in comunit\u00e0<\/strong>. Nacque cos\u00ec la prima compagnia di donne in abito secolare dedite all&#8217;assistenza. Successivamente Luisa e le sue compagne pronunciarono i voti di <strong>povert\u00e0, obbedienza e castit\u00e0<\/strong>, oltre a un quarto voto specifico: <strong>servire i poveri<\/strong>.<\/p>\n<div class=\"link-product\">\n<div class=\"blocco-immagine\"><img loading=\"lazy\" decoding=\"async\" class=\"size-full wp-image-18422 alignleft\" src=\"https:\/\/blog.holyart.it\/it\/wp-content\/uploads\/sites\/17\/2023\/09\/medaglione-per-confraternita-madonna-carmine.jpg\" alt=\"medaglione per confraternita madonna carmine\" width=\"100\" height=\"100\" data-kale-share-title=\"La storia di San Vincenzo de Paoli e la sua opera di carit\u00e0\" data-kale-share-url=\"https:\/\/blog.holyart.it\/it\/?p=18376\" \/><\/div>\n<div class=\"blocco-contenuto\">\n<div class=\"blocco-acquista\">Acquista su Holyart:<\/div>\n<div class=\"blocco-titolo\"><a href=\"https:\/\/www.holyart.it\/it\/articoli-religiosi\/medaglioni-per-confraternite\">Medaglioni per confraternite<\/a><\/div>\n<div class=\"blocco-descrizione\">Medaglioni per confraternite in metallo realizzati da artigiani italiani.<\/div>\n<\/div>\n<\/div>\n<p>L&#8217;arcivescovo di Parigi, Giovanni Francesco di Gondi approv\u00f2 ufficialmente la compagnia, chiamata <strong>Compagnia delle<\/strong> <strong>Serve dei poveri della Carit\u00e0<\/strong>, e nel 1668 giunse anche il riconoscimento pontificio. Da allora la compagnia non ha mai smesso la sua opera di carit\u00e0 e misericordia, dedicandosi all&#8217;assistenza di orfani, malati negli ospedali, anziani nelle case di riposo, disabili, ma anche all&#8217;istruzione nelle scuole e all&#8217;aiuto per donne e bambini.<\/p>\n<p>L<strong><a href=\"https:\/\/www.holyart.it\/it\/accessori-per-la-liturgia\/abbigliamento-clero\/abbigliamento-suore\">&#8216;abito<\/a><\/strong> delle Figlie della Carit\u00e0 ha subito cambiamenti nel corso del tempo, da abiti secolari all&#8217;uso del costume delle ragazze del popolo dell&#8217;\u00cele-de-France, caratterizzato dalla<em> cornetta<\/em>, un copricapo dalle larghe tese. Dopo il Concilio Vaticano II, l&#8217;abito \u00e8 stato semplificato e modificato.<\/p>\n<p>Oggi, le Figlie della Carit\u00e0 sono presenti in 91 paesi e costituiscono la pi\u00f9 numerosa societ\u00e0 femminile all&#8217;interno della Chiesa. La loro opera continua a riflettere l&#8217;amore e la dedizione di Vincenzo de&#8217; Paoli e Luisa di Marillac nel servire i pi\u00f9 bisognosi, portando avanti un&#8217;eredit\u00e0 di compassione e solidariet\u00e0.<\/p>\n<h2>Le<em> regulae<\/em> di San Vincenzo<\/h2>\n<p>Vincenzo de&#8217; Paoli non ha lasciato opere scritte, ma la sua eredit\u00e0 pi\u00f9 grande \u00e8 proprio <strong>l&#8217;insegnamento della Carit\u00e0<\/strong>. Una carit\u00e0 fatta soprattutto di azioni, di fatti concreti, alimentata dall&#8217;amore per Dio e per il prossimo senza distinzione alcuna. Preghiera e azione, evangelizzazione e lotta contro le diseguaglianze e l&#8217;ingiustizia sociale, in nome di un miglioramento del mondo per tutti gli uomini, anche i meno fortunati.<br \/>\nQueste sono le <em><strong>Regulae<\/strong><\/em> da lui lasciate ai suoi seguaci: semplicit\u00e0, umilt\u00e0, mansuetudine, mortificazione, ma soprattutto un&#8217;inesausta volont\u00e0 di fare bene, nel corpo e nello spirito, al prossimo.<\/p>\n","protected":false},"excerpt":{"rendered":"<p>San Vincenzo de Paoli fece della carit\u00e0 la sua missione, predicando il modello di Cristo, l&#8217;uguaglianza tra gli uomini e una maggior giustizia sociale. Oggi il suo modello \u00e8 pi\u00f9 attuale che mai Nel panorama dei grandi santi e delle figure di ispirazione che hanno&hellip;<\/p>\n","protected":false},"author":1,"featured_media":18426,"comment_status":"closed","ping_status":"open","sticky":false,"template":"","format":"standard","meta":{"_acf_changed":false,"footnotes":""},"categories":[16,15],"tags":[],"class_list":["post-18376","post","type-post","status-publish","format-standard","has-post-thumbnail","hentry","category-articoli-religiosi","category-santi-e-beati"],"acf":[],"yoast_head":"<!-- This site is optimized with the Yoast SEO plugin v26.6 - https:\/\/yoast.com\/wordpress\/plugins\/seo\/ -->\n<title>La storia di San Vincenzo de Paoli e la sua opera di carit\u00e0 - Holyblog<\/title>\n<meta name=\"description\" content=\"San Vincenzo de Paoli fond\u00f2 le Figlie della Carit\u00e0 come strumento della sua opera di carit\u00e0 e misericordia.\" \/>\n<meta name=\"robots\" content=\"index, follow, max-snippet:-1, max-image-preview:large, max-video-preview:-1\" \/>\n<link rel=\"canonical\" href=\"https:\/\/blog.holyart.it\/it\/articoli-religiosi\/la-storia-di-san-vincenzo-de-paoli-e-la-sua-opera-di-carita\/\" \/>\n<meta property=\"og:locale\" content=\"it_IT\" \/>\n<meta property=\"og:type\" content=\"article\" \/>\n<meta property=\"og:title\" content=\"La storia di San Vincenzo de Paoli e la sua opera di carit\u00e0 - Holyblog\" \/>\n<meta property=\"og:description\" content=\"San Vincenzo de Paoli fond\u00f2 le Figlie della Carit\u00e0 come strumento della sua opera di carit\u00e0 e misericordia.\" \/>\n<meta property=\"og:url\" content=\"https:\/\/blog.holyart.it\/it\/articoli-religiosi\/la-storia-di-san-vincenzo-de-paoli-e-la-sua-opera-di-carita\/\" \/>\n<meta property=\"og:site_name\" content=\"Holyblog\" \/>\n<meta property=\"article:published_time\" content=\"2023-09-20T08:49:57+00:00\" \/>\n<meta property=\"article:modified_time\" content=\"2025-09-18T07:45:25+00:00\" \/>\n<meta property=\"og:image\" content=\"https:\/\/blog.holyart.it\/it\/wp-content\/uploads\/sites\/17\/2023\/09\/carita-san-vincenzo-de-paoli.jpg\" \/>\n\t<meta property=\"og:image:width\" content=\"1000\" \/>\n\t<meta property=\"og:image:height\" content=\"666\" \/>\n\t<meta property=\"og:image:type\" content=\"image\/jpeg\" \/>\n<meta name=\"author\" content=\"Redazione\" \/>\n<meta name=\"twitter:card\" content=\"summary_large_image\" \/>\n<meta name=\"twitter:label1\" content=\"Scritto da\" \/>\n\t<meta name=\"twitter:data1\" content=\"Redazione\" \/>\n\t<meta name=\"twitter:label2\" content=\"Tempo di lettura stimato\" \/>\n\t<meta name=\"twitter:data2\" content=\"11 minuti\" \/>\n<script type=\"application\/ld+json\" class=\"yoast-schema-graph\">{\"@context\":\"https:\/\/schema.org\",\"@graph\":[{\"@type\":\"Article\",\"@id\":\"https:\/\/blog.holyart.it\/it\/articoli-religiosi\/la-storia-di-san-vincenzo-de-paoli-e-la-sua-opera-di-carita\/#article\",\"isPartOf\":{\"@id\":\"https:\/\/blog.holyart.it\/it\/articoli-religiosi\/la-storia-di-san-vincenzo-de-paoli-e-la-sua-opera-di-carita\/\"},\"author\":{\"name\":\"Redazione\",\"@id\":\"https:\/\/blog.holyart.it\/it\/#\/schema\/person\/0a7b686e5af0f856ec1e390dd0baecda\"},\"headline\":\"La storia di San Vincenzo de Paoli e la sua opera di carit\u00e0\",\"datePublished\":\"2023-09-20T08:49:57+00:00\",\"dateModified\":\"2025-09-18T07:45:25+00:00\",\"mainEntityOfPage\":{\"@id\":\"https:\/\/blog.holyart.it\/it\/articoli-religiosi\/la-storia-di-san-vincenzo-de-paoli-e-la-sua-opera-di-carita\/\"},\"wordCount\":1695,\"publisher\":{\"@id\":\"https:\/\/blog.holyart.it\/it\/#organization\"},\"image\":{\"@id\":\"https:\/\/blog.holyart.it\/it\/articoli-religiosi\/la-storia-di-san-vincenzo-de-paoli-e-la-sua-opera-di-carita\/#primaryimage\"},\"thumbnailUrl\":\"https:\/\/blog.holyart.it\/it\/wp-content\/uploads\/sites\/17\/2023\/09\/carita-san-vincenzo-de-paoli.jpg\",\"articleSection\":[\"Religione\",\"Santi e beati\"],\"inLanguage\":\"it-IT\"},{\"@type\":\"WebPage\",\"@id\":\"https:\/\/blog.holyart.it\/it\/articoli-religiosi\/la-storia-di-san-vincenzo-de-paoli-e-la-sua-opera-di-carita\/\",\"url\":\"https:\/\/blog.holyart.it\/it\/articoli-religiosi\/la-storia-di-san-vincenzo-de-paoli-e-la-sua-opera-di-carita\/\",\"name\":\"La storia di San Vincenzo de Paoli e la sua opera di carit\u00e0 - Holyblog\",\"isPartOf\":{\"@id\":\"https:\/\/blog.holyart.it\/it\/#website\"},\"primaryImageOfPage\":{\"@id\":\"https:\/\/blog.holyart.it\/it\/articoli-religiosi\/la-storia-di-san-vincenzo-de-paoli-e-la-sua-opera-di-carita\/#primaryimage\"},\"image\":{\"@id\":\"https:\/\/blog.holyart.it\/it\/articoli-religiosi\/la-storia-di-san-vincenzo-de-paoli-e-la-sua-opera-di-carita\/#primaryimage\"},\"thumbnailUrl\":\"https:\/\/blog.holyart.it\/it\/wp-content\/uploads\/sites\/17\/2023\/09\/carita-san-vincenzo-de-paoli.jpg\",\"datePublished\":\"2023-09-20T08:49:57+00:00\",\"dateModified\":\"2025-09-18T07:45:25+00:00\",\"description\":\"San Vincenzo de Paoli fond\u00f2 le Figlie della Carit\u00e0 come strumento della sua opera di carit\u00e0 e misericordia.\",\"breadcrumb\":{\"@id\":\"https:\/\/blog.holyart.it\/it\/articoli-religiosi\/la-storia-di-san-vincenzo-de-paoli-e-la-sua-opera-di-carita\/#breadcrumb\"},\"inLanguage\":\"it-IT\",\"potentialAction\":[{\"@type\":\"ReadAction\",\"target\":[\"https:\/\/blog.holyart.it\/it\/articoli-religiosi\/la-storia-di-san-vincenzo-de-paoli-e-la-sua-opera-di-carita\/\"]}]},{\"@type\":\"ImageObject\",\"inLanguage\":\"it-IT\",\"@id\":\"https:\/\/blog.holyart.it\/it\/articoli-religiosi\/la-storia-di-san-vincenzo-de-paoli-e-la-sua-opera-di-carita\/#primaryimage\",\"url\":\"https:\/\/blog.holyart.it\/it\/wp-content\/uploads\/sites\/17\/2023\/09\/carita-san-vincenzo-de-paoli.jpg\",\"contentUrl\":\"https:\/\/blog.holyart.it\/it\/wp-content\/uploads\/sites\/17\/2023\/09\/carita-san-vincenzo-de-paoli.jpg\",\"width\":1000,\"height\":666,\"caption\":\"gesto di carit\u00e0\"},{\"@type\":\"BreadcrumbList\",\"@id\":\"https:\/\/blog.holyart.it\/it\/articoli-religiosi\/la-storia-di-san-vincenzo-de-paoli-e-la-sua-opera-di-carita\/#breadcrumb\",\"itemListElement\":[{\"@type\":\"ListItem\",\"position\":1,\"name\":\"Homepage\",\"item\":\"https:\/\/blog.holyart.it\/it\/\"},{\"@type\":\"ListItem\",\"position\":2,\"name\":\"Religione\",\"item\":\"https:\/\/blog.holyart.it\/it\/articoli-religiosi\/\"},{\"@type\":\"ListItem\",\"position\":3,\"name\":\"La storia di San Vincenzo de Paoli e la sua opera di carit\u00e0\"}]},{\"@type\":\"WebSite\",\"@id\":\"https:\/\/blog.holyart.it\/it\/#website\",\"url\":\"https:\/\/blog.holyart.it\/it\/\",\"name\":\"Holyblog\",\"description\":\"Il Blog di Holyart.it\",\"publisher\":{\"@id\":\"https:\/\/blog.holyart.it\/it\/#organization\"},\"potentialAction\":[{\"@type\":\"SearchAction\",\"target\":{\"@type\":\"EntryPoint\",\"urlTemplate\":\"https:\/\/blog.holyart.it\/it\/?s={search_term_string}\"},\"query-input\":{\"@type\":\"PropertyValueSpecification\",\"valueRequired\":true,\"valueName\":\"search_term_string\"}}],\"inLanguage\":\"it-IT\"},{\"@type\":\"Organization\",\"@id\":\"https:\/\/blog.holyart.it\/it\/#organization\",\"name\":\"Holyblog\",\"url\":\"https:\/\/blog.holyart.it\/it\/\",\"logo\":{\"@type\":\"ImageObject\",\"inLanguage\":\"it-IT\",\"@id\":\"https:\/\/blog.holyart.it\/it\/#\/schema\/logo\/image\/\",\"url\":\"https:\/\/blog.holyart.it\/it\/wp-content\/uploads\/sites\/17\/2022\/12\/Holyart_Blog_Logo.jpg\",\"contentUrl\":\"https:\/\/blog.holyart.it\/it\/wp-content\/uploads\/sites\/17\/2022\/12\/Holyart_Blog_Logo.jpg\",\"width\":300,\"height\":50,\"caption\":\"Holyblog\"},\"image\":{\"@id\":\"https:\/\/blog.holyart.it\/it\/#\/schema\/logo\/image\/\"}},{\"@type\":\"Person\",\"@id\":\"https:\/\/blog.holyart.it\/it\/#\/schema\/person\/0a7b686e5af0f856ec1e390dd0baecda\",\"name\":\"Redazione\"}]}<\/script>\n<!-- \/ Yoast SEO plugin. -->","yoast_head_json":{"title":"La storia di San Vincenzo de Paoli e la sua opera di carit\u00e0 - Holyblog","description":"San Vincenzo de Paoli fond\u00f2 le Figlie della Carit\u00e0 come strumento della sua opera di carit\u00e0 e misericordia.","robots":{"index":"index","follow":"follow","max-snippet":"max-snippet:-1","max-image-preview":"max-image-preview:large","max-video-preview":"max-video-preview:-1"},"canonical":"https:\/\/blog.holyart.it\/it\/articoli-religiosi\/la-storia-di-san-vincenzo-de-paoli-e-la-sua-opera-di-carita\/","og_locale":"it_IT","og_type":"article","og_title":"La storia di San Vincenzo de Paoli e la sua opera di carit\u00e0 - Holyblog","og_description":"San Vincenzo de Paoli fond\u00f2 le Figlie della Carit\u00e0 come strumento della sua opera di carit\u00e0 e misericordia.","og_url":"https:\/\/blog.holyart.it\/it\/articoli-religiosi\/la-storia-di-san-vincenzo-de-paoli-e-la-sua-opera-di-carita\/","og_site_name":"Holyblog","article_published_time":"2023-09-20T08:49:57+00:00","article_modified_time":"2025-09-18T07:45:25+00:00","og_image":[{"width":1000,"height":666,"url":"https:\/\/blog.holyart.it\/it\/wp-content\/uploads\/sites\/17\/2023\/09\/carita-san-vincenzo-de-paoli.jpg","type":"image\/jpeg"}],"author":"Redazione","twitter_card":"summary_large_image","twitter_misc":{"Scritto da":"Redazione","Tempo di lettura stimato":"11 minuti"},"schema":{"@context":"https:\/\/schema.org","@graph":[{"@type":"Article","@id":"https:\/\/blog.holyart.it\/it\/articoli-religiosi\/la-storia-di-san-vincenzo-de-paoli-e-la-sua-opera-di-carita\/#article","isPartOf":{"@id":"https:\/\/blog.holyart.it\/it\/articoli-religiosi\/la-storia-di-san-vincenzo-de-paoli-e-la-sua-opera-di-carita\/"},"author":{"name":"Redazione","@id":"https:\/\/blog.holyart.it\/it\/#\/schema\/person\/0a7b686e5af0f856ec1e390dd0baecda"},"headline":"La storia di San Vincenzo de Paoli e la sua opera di carit\u00e0","datePublished":"2023-09-20T08:49:57+00:00","dateModified":"2025-09-18T07:45:25+00:00","mainEntityOfPage":{"@id":"https:\/\/blog.holyart.it\/it\/articoli-religiosi\/la-storia-di-san-vincenzo-de-paoli-e-la-sua-opera-di-carita\/"},"wordCount":1695,"publisher":{"@id":"https:\/\/blog.holyart.it\/it\/#organization"},"image":{"@id":"https:\/\/blog.holyart.it\/it\/articoli-religiosi\/la-storia-di-san-vincenzo-de-paoli-e-la-sua-opera-di-carita\/#primaryimage"},"thumbnailUrl":"https:\/\/blog.holyart.it\/it\/wp-content\/uploads\/sites\/17\/2023\/09\/carita-san-vincenzo-de-paoli.jpg","articleSection":["Religione","Santi e beati"],"inLanguage":"it-IT"},{"@type":"WebPage","@id":"https:\/\/blog.holyart.it\/it\/articoli-religiosi\/la-storia-di-san-vincenzo-de-paoli-e-la-sua-opera-di-carita\/","url":"https:\/\/blog.holyart.it\/it\/articoli-religiosi\/la-storia-di-san-vincenzo-de-paoli-e-la-sua-opera-di-carita\/","name":"La storia di San Vincenzo de Paoli e la sua opera di carit\u00e0 - Holyblog","isPartOf":{"@id":"https:\/\/blog.holyart.it\/it\/#website"},"primaryImageOfPage":{"@id":"https:\/\/blog.holyart.it\/it\/articoli-religiosi\/la-storia-di-san-vincenzo-de-paoli-e-la-sua-opera-di-carita\/#primaryimage"},"image":{"@id":"https:\/\/blog.holyart.it\/it\/articoli-religiosi\/la-storia-di-san-vincenzo-de-paoli-e-la-sua-opera-di-carita\/#primaryimage"},"thumbnailUrl":"https:\/\/blog.holyart.it\/it\/wp-content\/uploads\/sites\/17\/2023\/09\/carita-san-vincenzo-de-paoli.jpg","datePublished":"2023-09-20T08:49:57+00:00","dateModified":"2025-09-18T07:45:25+00:00","description":"San Vincenzo de Paoli fond\u00f2 le Figlie della Carit\u00e0 come strumento della sua opera di carit\u00e0 e misericordia.","breadcrumb":{"@id":"https:\/\/blog.holyart.it\/it\/articoli-religiosi\/la-storia-di-san-vincenzo-de-paoli-e-la-sua-opera-di-carita\/#breadcrumb"},"inLanguage":"it-IT","potentialAction":[{"@type":"ReadAction","target":["https:\/\/blog.holyart.it\/it\/articoli-religiosi\/la-storia-di-san-vincenzo-de-paoli-e-la-sua-opera-di-carita\/"]}]},{"@type":"ImageObject","inLanguage":"it-IT","@id":"https:\/\/blog.holyart.it\/it\/articoli-religiosi\/la-storia-di-san-vincenzo-de-paoli-e-la-sua-opera-di-carita\/#primaryimage","url":"https:\/\/blog.holyart.it\/it\/wp-content\/uploads\/sites\/17\/2023\/09\/carita-san-vincenzo-de-paoli.jpg","contentUrl":"https:\/\/blog.holyart.it\/it\/wp-content\/uploads\/sites\/17\/2023\/09\/carita-san-vincenzo-de-paoli.jpg","width":1000,"height":666,"caption":"gesto di carit\u00e0"},{"@type":"BreadcrumbList","@id":"https:\/\/blog.holyart.it\/it\/articoli-religiosi\/la-storia-di-san-vincenzo-de-paoli-e-la-sua-opera-di-carita\/#breadcrumb","itemListElement":[{"@type":"ListItem","position":1,"name":"Homepage","item":"https:\/\/blog.holyart.it\/it\/"},{"@type":"ListItem","position":2,"name":"Religione","item":"https:\/\/blog.holyart.it\/it\/articoli-religiosi\/"},{"@type":"ListItem","position":3,"name":"La storia di San Vincenzo de Paoli e la sua opera di carit\u00e0"}]},{"@type":"WebSite","@id":"https:\/\/blog.holyart.it\/it\/#website","url":"https:\/\/blog.holyart.it\/it\/","name":"Holyblog","description":"Il Blog di Holyart.it","publisher":{"@id":"https:\/\/blog.holyart.it\/it\/#organization"},"potentialAction":[{"@type":"SearchAction","target":{"@type":"EntryPoint","urlTemplate":"https:\/\/blog.holyart.it\/it\/?s={search_term_string}"},"query-input":{"@type":"PropertyValueSpecification","valueRequired":true,"valueName":"search_term_string"}}],"inLanguage":"it-IT"},{"@type":"Organization","@id":"https:\/\/blog.holyart.it\/it\/#organization","name":"Holyblog","url":"https:\/\/blog.holyart.it\/it\/","logo":{"@type":"ImageObject","inLanguage":"it-IT","@id":"https:\/\/blog.holyart.it\/it\/#\/schema\/logo\/image\/","url":"https:\/\/blog.holyart.it\/it\/wp-content\/uploads\/sites\/17\/2022\/12\/Holyart_Blog_Logo.jpg","contentUrl":"https:\/\/blog.holyart.it\/it\/wp-content\/uploads\/sites\/17\/2022\/12\/Holyart_Blog_Logo.jpg","width":300,"height":50,"caption":"Holyblog"},"image":{"@id":"https:\/\/blog.holyart.it\/it\/#\/schema\/logo\/image\/"}},{"@type":"Person","@id":"https:\/\/blog.holyart.it\/it\/#\/schema\/person\/0a7b686e5af0f856ec1e390dd0baecda","name":"Redazione"}]}},"_links":{"self":[{"href":"https:\/\/blog.holyart.it\/it\/wp-json\/wp\/v2\/posts\/18376","targetHints":{"allow":["GET"]}}],"collection":[{"href":"https:\/\/blog.holyart.it\/it\/wp-json\/wp\/v2\/posts"}],"about":[{"href":"https:\/\/blog.holyart.it\/it\/wp-json\/wp\/v2\/types\/post"}],"author":[{"embeddable":true,"href":"https:\/\/blog.holyart.it\/it\/wp-json\/wp\/v2\/users\/1"}],"replies":[{"embeddable":true,"href":"https:\/\/blog.holyart.it\/it\/wp-json\/wp\/v2\/comments?post=18376"}],"version-history":[{"count":3,"href":"https:\/\/blog.holyart.it\/it\/wp-json\/wp\/v2\/posts\/18376\/revisions"}],"predecessor-version":[{"id":18423,"href":"https:\/\/blog.holyart.it\/it\/wp-json\/wp\/v2\/posts\/18376\/revisions\/18423"}],"wp:featuredmedia":[{"embeddable":true,"href":"https:\/\/blog.holyart.it\/it\/wp-json\/wp\/v2\/media\/18426"}],"wp:attachment":[{"href":"https:\/\/blog.holyart.it\/it\/wp-json\/wp\/v2\/media?parent=18376"}],"wp:term":[{"taxonomy":"category","embeddable":true,"href":"https:\/\/blog.holyart.it\/it\/wp-json\/wp\/v2\/categories?post=18376"},{"taxonomy":"post_tag","embeddable":true,"href":"https:\/\/blog.holyart.it\/it\/wp-json\/wp\/v2\/tags?post=18376"}],"curies":[{"name":"wp","href":"https:\/\/api.w.org\/{rel}","templated":true}]}}