{"id":18213,"date":"2023-08-14T10:00:28","date_gmt":"2023-08-14T08:00:28","guid":{"rendered":"https:\/\/blog.holyart.it\/it\/?p=18213"},"modified":"2025-07-09T14:03:01","modified_gmt":"2025-07-09T12:03:01","slug":"la-faradda-di-li-candareri-una-delle-processioni-piu-famose-della-sardegna","status":"publish","type":"post","link":"https:\/\/blog.holyart.it\/it\/articoli-religiosi\/la-faradda-di-li-candareri-una-delle-processioni-piu-famose-della-sardegna\/","title":{"rendered":"La Faradda di li Candareri: una delle processioni pi\u00f9 famose della Sardegna"},"content":{"rendered":"<h4>La <em>faradda di li candareri<\/em>, la Discesa dei Candelieri a Sassari unisce devozione religiosa, storia e tradizione popolare. Ecco come si svolge ogni anno il 14 agosto<\/h4>\n\n<p>Come molte <strong><a href=\"https:\/\/www.holyart.it\/blog\/articoli-religiosi\/le-feste-patronali-piu-belle-del-sud-italia\/\">feste patronali del Sud Italia<\/a><\/strong>, anche la<strong><em> Faradda di li candareri<\/em><\/strong>, o <strong>Discesa dei Candelieri di Sassari<\/strong> \u00e8 un evento che si dipana da secoli tra tradizione, religione e spettacolo. Del resto la citt\u00e0 che la ospita, Sassari, appunto, ha radici storiche profonde e una ricca tradizione religiosa e culturale. La Discesa dei Candelieri \u00e8 una delle manifestazioni pi\u00f9 suggestive e attese dell&#8217;anno. Si svolge il <strong>14 agosto<\/strong> in onore <strong>dell&#8217;<a href=\"https:\/\/www.holyart.it\/it\/search?params=%7B%22search%22%3A%22assunzione%20di%20maria%22%7D&amp;search=assunzione+di+maria\">Assunzione di Maria Vergine<\/a><\/strong>.\u00a0Questa manifestazione secolare unisce fede, devozione e spettacolo in un mix unico di colori, musica e fervore religioso.<\/p>\n<div class=\"link-article\">\n<p><img loading=\"lazy\" decoding=\"async\" class=\"size-full wp-image-18226 alignleft\" src=\"https:\/\/blog.holyart.it\/it\/wp-content\/uploads\/sites\/17\/2023\/07\/feste-patronali.jpg\" alt=\"feste patronali\" width=\"150\" height=\"99\" data-kale-share-title=\"La Faradda di li Candareri: una delle processioni pi\u00f9 famose della Sardegna\" data-kale-share-url=\"https:\/\/blog.holyart.it\/it\/?p=18213\" \/><\/p>\n<div class=\"leggi-anche\">Leggi anche:<\/div>\n<p><strong><a href=\"https:\/\/www.holyart.it\/blog\/articoli-religiosi\/le-feste-patronali-piu-belle-del-sud-italia\/\">Le feste patronali pi\u00f9 belle del Sud Italia<\/a><\/strong><br \/>\nLe feste patronali sono una tradizione molto radicata e importante nel nostro paese, soprattutto nel Sud. Scopriamo insieme questa&#8230;<\/p>\n<\/div>\n<p>La Discesa dei Candelieri ha origini antiche e affonda le sue radici in un passato lontano. Risale probabilmente al <strong>Medioevo<\/strong> e trae ispirazione dall&#8217;usanza dell\u2019offerta dei candeli alla Madonna di Mezz\u2019agosto che le corporazioni di arti e mestieri di Pisa onoravano ogni anno. Conosciuta anche come &#8220;<strong><em>Faradda di li Candareri<\/em><\/strong>&#8221; in dialetto sardo, le prime tracce di questa celebrazione risalgono almeno al XVII secolo, quando i <em>gremi<\/em>, le corporazioni di lavoratori e degli artigiani sassaresi, decisero di onorare un voto fatto alla Madonna Assunta per aver salvato la citt\u00e0 dalla peste del 1652. Lo fecero costruendo maestose macchine di legno, ricoperte di cera e decorate con sculture che raffiguravano santi ed episodi biblici. Ogni macchina era diversa dall&#8217;altra, solitamente aveva la forma di un <a href=\"https:\/\/www.holyart.it\/it\/accessori-per-la-liturgia\/arredi-sacri\/tabernacoli\"><strong>grande tabernacolo<\/strong><\/a>, e veniva trasportata dai fedeli fino alla cattedrale, tra musica solenne e canti.<\/p>\n<div class=\"link-product\">\n<div class=\"blocco-immagine\"><img loading=\"lazy\" decoding=\"async\" class=\"size-full wp-image-18227 alignleft\" src=\"https:\/\/blog.holyart.it\/it\/wp-content\/uploads\/sites\/17\/2023\/07\/assunzione-maria-angeli-statua-resina-18x12x6-cm.jpg\" alt=\"assunzione maria angeli statua resina 18x12x6 cm\" width=\"100\" height=\"100\" data-kale-share-title=\"La Faradda di li Candareri: una delle processioni pi\u00f9 famose della Sardegna\" data-kale-share-url=\"https:\/\/blog.holyart.it\/it\/?p=18213\" \/><\/div>\n<div class=\"blocco-contenuto\">\n<div class=\"blocco-acquista\">Acquista su Holyart:<\/div>\n<div class=\"blocco-titolo\"><a href=\"https:\/\/www.holyart.it\/it\/search?params=%7B%22search%22%3A%22assunzione%20di%20maria%22%7D&amp;search=assunzione+di+maria\">Assunzione di Maria<\/a><\/div>\n<div class=\"blocco-descrizione\">Qui puoi trovare una selezione di prodotti per l&#8217;Assunzione di Maria.<\/div>\n<\/div>\n<\/div>\n<p>Questa tradizione si radic\u00f2 nel cuore degli abitanti di Sassari e venne portata avanti anche durante il Regno di Sardegna, nonostante i ripetuti tentativi dei dominatori spagnoli di abolirla. Nel tempo i <em>gremi<\/em>, consapevoli delle ingenti spese richieste dalla costruzione delle macchine e soprattutto dalla cera che le copriva, stabilirono di trasformare i veri ceri in <a href=\"https:\/\/www.holyart.it\/it\/accessori-per-la-liturgia\/portacandele-portaceri-candelabri\/candelieri-olivo-legno\/portacero-in-legno-di-noce\"><strong>candelieri di legno<\/strong><\/a>, uguali per tutti. Questo passaggio ebbe luogo tra il XVII e il XVIII secolo, e da allora i Candelieri hanno assunto la forma che conosciamo oggi: grandiose strutture in legno, alte fino a diciotto metri, adornate con decorazioni elaborate, nastri e ghirlande.\u00a0Ogni macchina di legno \u00e8 un vero e proprio capolavoro artistico, realizzata con dettagli straordinari, ogni scultura racconta una storia, esprime la fede della comunit\u00e0. Le raffigurazioni sacre che rappresentano momenti significativi della vita dei santi li rendono opere d&#8217;arte portatili ed esprimono al meglio la storia e le tradizioni delle antiche corporazioni. Ancora oggi ogni <em>Gremio <\/em>si dedica alla realizzazione del proprio candeliere con orgoglio e dedizione.<\/p>\n<div class=\"link-product\">\n<div class=\"blocco-immagine\"><img loading=\"lazy\" decoding=\"async\" class=\"size-full wp-image-18228 alignleft\" src=\"https:\/\/blog.holyart.it\/it\/wp-content\/uploads\/sites\/17\/2023\/07\/portacero-in-legno-di-noce.jpg\" alt=\"portacero in legno di noce\" width=\"100\" height=\"100\" data-kale-share-title=\"La Faradda di li Candareri: una delle processioni pi\u00f9 famose della Sardegna\" data-kale-share-url=\"https:\/\/blog.holyart.it\/it\/?p=18213\" \/><\/div>\n<div class=\"blocco-contenuto\">\n<div class=\"blocco-acquista\">Acquista su Holyart:<\/div>\n<div class=\"blocco-titolo\"><a href=\"https:\/\/www.holyart.it\/it\/accessori-per-la-liturgia\/portacandele-portaceri-candelabri\/candelieri-olivo-legno\/portacero-in-legno-di-noce\">Portacero in legno di noce<\/a><\/div>\n<div class=\"blocco-descrizione\">L&#8217;articolo \u00e8 realizzato interamente in legno, da artigiani italiani.<\/div>\n<\/div>\n<\/div>\n<p>La Faradda di li Candareri di Sassari \u00e8 molto pi\u00f9 di una semplice celebrazione religiosa: \u00e8 un&#8217;esperienza che coinvolge i cuori e le menti di tutti coloro che vi partecipano. Questo straordinario evento continua a incarnare l&#8217;identit\u00e0 di Sassari, portando avanti le sue radici storiche e trasmettendo un messaggio di unit\u00e0 e appartenenza per le generazioni future. Nel 2005, consapevoli dell&#8217;importanza e del valore culturale della festa dei Candelieri di Sassari e delle altre manifestazioni simili in diverse citt\u00e0 italiane, si \u00e8 costituita la <strong>Rete delle Grandi Macchine a Spalla Italiane<\/strong>. Questa rete comprende alcune delle festivit\u00e0 pi\u00f9 significative e tradizionali del paese, tra cui quella dei <a href=\"https:\/\/www.holyart.it\/blog\/articoli-religiosi\/festa-dei-gigli-la-devozione-della-citta-di-nola-a-san-paolino\/\"><strong>Gigli di Nola<\/strong>.<\/a> Questa iniziativa nasce dalla volont\u00e0 di preservare, tutelare e promuovere queste preziose tradizioni, riconoscendone il valore storico, artistico e religioso. La Rete delle Grandi Macchine a Spalla Italiane si impegna a custodire il patrimonio culturale del nostro paese, tramandandolo alle generazioni future e mantenendo un legame vivo tra il passato e il presente.<\/p>\n<div class=\"link-article\">\n<p><img loading=\"lazy\" decoding=\"async\" class=\"size-full wp-image-18230 alignleft\" src=\"https:\/\/blog.holyart.it\/it\/wp-content\/uploads\/sites\/17\/2023\/07\/festa-dei-gigli-1.jpg\" alt=\"festa dei gigli\" width=\"150\" height=\"99\" data-kale-share-title=\"La Faradda di li Candareri: una delle processioni pi\u00f9 famose della Sardegna\" data-kale-share-url=\"https:\/\/blog.holyart.it\/it\/?p=18213\" \/><\/p>\n<div class=\"leggi-anche\">Leggi anche:<\/div>\n<p><strong><a href=\"https:\/\/www.holyart.it\/blog\/articoli-religiosi\/festa-dei-gigli-la-devozione-della-citta-di-nola-a-san-paolino\/\">Festa dei Gigli: la devozione della citt\u00e0 di Nola a San Paolino<\/a><\/strong><br \/>\nCon le imponenti macchine a forma di Gigli portate in spalla dai devoti, la Festa dei Gigli di Nola \u00e8 un\u2019entusiasmante esplosione di&#8230;<\/p>\n<\/div>\n<h2>La Vestizione dei Candelieri<\/h2>\n<p>In occasione della festa la cittadinanza \u00e8 coinvolta sin dalle prime ore del mattino, quando inizia il rito della <strong>Vestizione<\/strong>. Questo momento di preparazione \u00e8 un&#8217;occasione speciale per gli appartenenti al <em>Gremio<\/em>, che indossano gli abiti tradizionali e si riuniscono in spirito di unit\u00e0 e fratellanza. L&#8217;atmosfera \u00e8 carica di emozioni e di attesa per il grande evento che sta per svolgersi. Il Candeliere viene prelevato dalla <strong>cappella patronale<\/strong> del <em>Gremio<\/em>: la Chiesa di San Pietro in Silki per i Massai, Sant&#8217;Agostino per i Viandanti, Sant&#8217;Antonio Abate per i Macellai, il Duomo di San Nicola per Fabbri e Calzolai, San Giuseppe per i Braccianti. Gli altri sette Candelieri sono custoditi in altrettante cappelle nella Chiesa di Santa Maria. Dalla cappella il Candeliere viene portato fino alla sede o all&#8217;abitazione dell&#8217;<strong><em>Obriere di Candeliere<\/em><\/strong>, il &#8216;custode&#8217; insignito, per essere addobbato con ghirlande di carta, fiori, ed elementi caratteristici diversi per ogni <em>Gremio<\/em>. Sulla sommit\u00e0 del Candeliere viene fissato il <em>cappelletto<\/em>, che riporta i nomi di tutti gli Obrieri ricamati nel damasco e al centro l&#8217;emblema dell&#8217;Obriere di Candeliere in carica.<\/p>\n<h2>La \u201cFaradda\u201d di li Candareri<\/h2>\n<p>Il banditore annuncia l&#8217;imminente Discesa, che in dialetto sassarese prende il nome di <strong><em>Faradda<\/em><\/strong>, dando il via a una serie di eventi che coinvolgeranno tutta la comunit\u00e0. Il <strong>Gremio dei Massai<\/strong>, uno dei protagonisti principali dell&#8217;evento, si incontra con il sindaco a <strong>Palazzo Ducale<\/strong>, dove si stabilisce il punto di partenza della celebrazione della Faradda di li Candareri. Da qui, insieme, si dirigono verso Palazzo di Citt\u00e0, dove la bandiera del Gremio verr\u00e0 esposta in segno di devozione e appartenenza.<\/p>\n<p>Nel pomeriggio, in un&#8217;atmosfera di fervore e attesa, i tredici Candelieri vengono trasportati a spalle dalla piazza della cattedrale fino alla suggestiva <strong>piazza Castello<\/strong>. Qui, dopo una breve sosta di ringraziamento alla Vergine nella vicina <strong>chiesa del Rosario<\/strong>, ha inizio la processione danzante, aperta dalla banda musicale, che avanza per le vie della citt\u00e0, annunciando l&#8217;arrivo dei Candelieri. I maestosi manufatti in legno seguono in ordine di ammissione, esibendosi in numerose evoluzioni, con una danza affascinante e coinvolgente: Braccianti, Autoferrotranvieri, Macellai, Fabbri, Piccapietre, Viandanti, Contadini, Falegnami, Ortolani, Calzolai, Sarti, Muratori e Massai.<br \/>\nI Candelieri oscillano tra la folla, al suono dei tamburi, mentre quello dei Viandanti viene accompagnato dal piffero, volteggiando e facendo girare i\u00a0<em>betti<\/em>, i lunghi nastri che scendono dalla sommit\u00e0.<\/p>\n<p>La processione attraversa il corso Vittorio Emanuele fino al <strong>Teatro Civico<\/strong>, dove, alla presenza del Sindaco e della Giunta, si svolge la <strong><em>cerimonia dell&#8217;Intregu<\/em><\/strong>. Avviene l&#8217;investitura del nuovo Obriere maggiore del Gremio dei Massai e ha luogo il tradizionale brindisi <em>&#8220;A zent\u2019anni&#8221; <\/em>(Cent&#8217;anni!), per augurare una lunga e prospera vita al Gremio e a tutta la comunit\u00e0 di Sassari.<\/p>\n<p>La <em>Faradda<\/em> si protrae fino a notte inoltrata e raggiunge il suo culmine quando i Candelieri entrano nella <strong>chiesa di Santa <a href=\"https:\/\/www.holyart.it\/it\/articoli-religiosi\/statue\/statue-in-pietra\/nostra-signora-di-lourdes-pietra-bethleem\">Maria di Betlem<\/a><\/strong>. Qui ottengono la benedizione finale, in un gesto di profonda fede e devozione.\u00a0Secondo quanto stabilito dalle antiche regole risalenti al 1531, dopo l&#8217;ingresso dei Massai e delle autorit\u00e0 nella chiesa, i Candelieri entrano nella chiesa in ordine inverso rispetto alla sfilata precedente. Quando il cero dei Viandanti si prepara ad entrare, i gremianti danno l&#8217;ordine di spezzare la croce con la bandiera dell&#8217;obriere che si trova in cima al capitello, come segno di buona sorte. Si svolge poi la solenne cerimonia finale con la partecipazione del Padre Guardiano del convento e dell&#8217;Arcivescovo Metropolita di Sassari. Questi importanti momenti rappresentano l&#8217;atto conclusivo della celebrazione e il momento in cui il voto legato alla festa si considera sciolto fino all&#8217;anno successivo.<\/p>\n<div class=\"link-product\">\n<div class=\"blocco-immagine\"><img loading=\"lazy\" decoding=\"async\" class=\"size-full wp-image-18245 alignleft\" src=\"https:\/\/blog.holyart.it\/it\/wp-content\/uploads\/sites\/17\/2023\/07\/nostra-signora-di-lourdes-pietra-bethleem.jpg\" alt=\"nostra signora di lourdes pietra bethleem\" width=\"100\" height=\"100\" data-kale-share-title=\"La Faradda di li Candareri: una delle processioni pi\u00f9 famose della Sardegna\" data-kale-share-url=\"https:\/\/blog.holyart.it\/it\/?p=18213\" \/><\/div>\n<div class=\"blocco-contenuto\">\n<div class=\"blocco-acquista\">Acquista su Holyart:<\/div>\n<div class=\"blocco-titolo\"><a href=\"https:\/\/www.holyart.it\/it\/articoli-religiosi\/statue\/statue-in-pietra\/nostra-signora-di-lourdes-pietra-bethleem\">Nostra Signora di Lourdes pietra Bethl\u00e9em<\/a><\/div>\n<div class=\"blocco-descrizione\">Statua realizzata dalle suore del monastero di Bethleem.<\/div>\n<\/div>\n<\/div>\n<h2>La Discesa dei Candelieri e l\u2019Assunzione di Maria<\/h2>\n<p>La data della Discesa dei Candelieri, il 14 agosto, \u00e8 strettamente legata alla celebrazione dell&#8217;<a href=\"https:\/\/www.holyart.it\/blog\/occasioni-speciali\/lassunzione-di-maria-e-le-celebrazioni-piu-caratteristiche\/\"><strong>Assunzione della Beata Vergine Maria<\/strong><\/a>, uno dei momenti pi\u00f9 importanti del calendario liturgico cattolico. Questo evento religioso commemora la salita al cielo dell&#8217;anima e del corpo della Vergine Maria dopo la sua morte, alla fine della sua vita terrena. Come molte altre feste dedicate a questo evento, anche la Faradda di li Candareri di Sassari \u00e8 una testimonianza di fede e devozione verso la Madre di Ges\u00f9 e rappresenta un momento di comunione e riflessione per l&#8217;intera comunit\u00e0 cattolica sassarese.<br \/>\nIl 15 agosto, data effettiva della celebrazione della Assunzione di Maria, si tiene una messa solenne presieduta dall&#8217;Arcivescovo presso la Chiesa di Santa Maria, alla quale partecipano tutti i <em>Gremi <\/em>in veste ufficiale. In serata una processione che parte dalla Cattedrale di San Nicola porta lungo le vie della citt\u00e0 la Vergine Dormiente. I Candelieri vengono posti poi intorno al catafalco della Vergine e vengono riportati nelle rispettive cappelle patronali il 22 agosto quando si celebra l&#8217;<em>ottava della festa<\/em>.<\/p>\n<div class=\"link-article\">\n<p><img loading=\"lazy\" decoding=\"async\" class=\"size-full wp-image-18249 alignleft\" src=\"https:\/\/blog.holyart.it\/it\/wp-content\/uploads\/sites\/17\/2023\/07\/Asunzione-della-vergine-maria.jpg\" alt=\"Assunzione della vergine maria\" width=\"150\" height=\"99\" data-kale-share-title=\"La Faradda di li Candareri: una delle processioni pi\u00f9 famose della Sardegna\" data-kale-share-url=\"https:\/\/blog.holyart.it\/it\/?p=18213\" \/><\/p>\n<div class=\"leggi-anche\">Leggi anche:<\/div>\n<p><strong><a href=\"https:\/\/www.holyart.it\/blog\/occasioni-speciali\/lassunzione-di-maria-e-le-celebrazioni-piu-caratteristiche\/\">L\u2019Assunzione di Maria e le celebrazioni pi\u00f9 caratteristiche<\/a><\/strong><br \/>\nIl 15 agosto non \u00e8 solo un\u2019occasione di festa e gite fuori porta. Si ricorda infatti l\u2019Assunzione di Maria al cielo. Scopriamo le celebrazioni&#8230;<\/p>\n<\/div>\n","protected":false},"excerpt":{"rendered":"<p>La faradda di li candareri, la Discesa dei Candelieri a Sassari unisce devozione religiosa, storia e tradizione popolare. Ecco come si svolge ogni anno il 14 agosto Come molte feste patronali del Sud Italia, anche la Faradda di li candareri, o Discesa dei Candelieri di&hellip;<\/p>\n","protected":false},"author":1,"featured_media":18256,"comment_status":"closed","ping_status":"open","sticky":false,"template":"","format":"standard","meta":{"_acf_changed":false,"footnotes":""},"categories":[20,16],"tags":[],"class_list":["post-18213","post","type-post","status-publish","format-standard","has-post-thumbnail","hentry","category-occasioni-speciali","category-articoli-religiosi"],"acf":[],"yoast_head":"<!-- This site is optimized with the Yoast SEO plugin v26.6 - https:\/\/yoast.com\/wordpress\/plugins\/seo\/ -->\n<title>La Faradda di li Candareri: una delle processioni pi\u00f9 famose della Sardegna - Holyblog<\/title>\n<meta name=\"description\" content=\"La faradda di li candareri \u00e8 una delle feste patronali pi\u00f9 famose e caratteristiche della Sardegna e dell&#039;Italia intera: scopriamola\" \/>\n<meta name=\"robots\" content=\"index, follow, max-snippet:-1, max-image-preview:large, max-video-preview:-1\" \/>\n<link rel=\"canonical\" href=\"https:\/\/blog.holyart.it\/it\/articoli-religiosi\/la-faradda-di-li-candareri-una-delle-processioni-piu-famose-della-sardegna\/\" \/>\n<meta property=\"og:locale\" content=\"it_IT\" \/>\n<meta property=\"og:type\" content=\"article\" \/>\n<meta property=\"og:title\" content=\"La Faradda di li Candareri: una delle processioni pi\u00f9 famose della Sardegna - Holyblog\" \/>\n<meta property=\"og:description\" content=\"La faradda di li candareri \u00e8 una delle feste patronali pi\u00f9 famose e caratteristiche della Sardegna e dell&#039;Italia intera: scopriamola\" \/>\n<meta property=\"og:url\" content=\"https:\/\/blog.holyart.it\/it\/articoli-religiosi\/la-faradda-di-li-candareri-una-delle-processioni-piu-famose-della-sardegna\/\" \/>\n<meta property=\"og:site_name\" content=\"Holyblog\" \/>\n<meta property=\"article:published_time\" content=\"2023-08-14T08:00:28+00:00\" \/>\n<meta property=\"article:modified_time\" content=\"2025-07-09T12:03:01+00:00\" \/>\n<meta property=\"og:image\" content=\"https:\/\/blog.holyart.it\/it\/wp-content\/uploads\/sites\/17\/2023\/07\/faradda-di-li-candareri.jpg\" \/>\n\t<meta property=\"og:image:width\" content=\"1000\" \/>\n\t<meta property=\"og:image:height\" content=\"666\" \/>\n\t<meta property=\"og:image:type\" content=\"image\/jpeg\" \/>\n<meta name=\"author\" content=\"Redazione\" \/>\n<meta name=\"twitter:card\" content=\"summary_large_image\" \/>\n<meta name=\"twitter:label1\" content=\"Scritto da\" \/>\n\t<meta name=\"twitter:data1\" content=\"Redazione\" \/>\n\t<meta name=\"twitter:label2\" content=\"Tempo di lettura stimato\" \/>\n\t<meta name=\"twitter:data2\" content=\"10 minuti\" \/>\n<script type=\"application\/ld+json\" class=\"yoast-schema-graph\">{\"@context\":\"https:\/\/schema.org\",\"@graph\":[{\"@type\":\"Article\",\"@id\":\"https:\/\/blog.holyart.it\/it\/articoli-religiosi\/la-faradda-di-li-candareri-una-delle-processioni-piu-famose-della-sardegna\/#article\",\"isPartOf\":{\"@id\":\"https:\/\/blog.holyart.it\/it\/articoli-religiosi\/la-faradda-di-li-candareri-una-delle-processioni-piu-famose-della-sardegna\/\"},\"author\":{\"name\":\"Redazione\",\"@id\":\"https:\/\/blog.holyart.it\/it\/#\/schema\/person\/0a7b686e5af0f856ec1e390dd0baecda\"},\"headline\":\"La Faradda di li Candareri: una delle processioni pi\u00f9 famose della Sardegna\",\"datePublished\":\"2023-08-14T08:00:28+00:00\",\"dateModified\":\"2025-07-09T12:03:01+00:00\",\"mainEntityOfPage\":{\"@id\":\"https:\/\/blog.holyart.it\/it\/articoli-religiosi\/la-faradda-di-li-candareri-una-delle-processioni-piu-famose-della-sardegna\/\"},\"wordCount\":1518,\"publisher\":{\"@id\":\"https:\/\/blog.holyart.it\/it\/#organization\"},\"image\":{\"@id\":\"https:\/\/blog.holyart.it\/it\/articoli-religiosi\/la-faradda-di-li-candareri-una-delle-processioni-piu-famose-della-sardegna\/#primaryimage\"},\"thumbnailUrl\":\"https:\/\/blog.holyart.it\/it\/wp-content\/uploads\/sites\/17\/2023\/07\/faradda-di-li-candareri.jpg\",\"articleSection\":[\"Occasioni speciali\",\"Religione\"],\"inLanguage\":\"it-IT\"},{\"@type\":\"WebPage\",\"@id\":\"https:\/\/blog.holyart.it\/it\/articoli-religiosi\/la-faradda-di-li-candareri-una-delle-processioni-piu-famose-della-sardegna\/\",\"url\":\"https:\/\/blog.holyart.it\/it\/articoli-religiosi\/la-faradda-di-li-candareri-una-delle-processioni-piu-famose-della-sardegna\/\",\"name\":\"La Faradda di li Candareri: una delle processioni pi\u00f9 famose della Sardegna - Holyblog\",\"isPartOf\":{\"@id\":\"https:\/\/blog.holyart.it\/it\/#website\"},\"primaryImageOfPage\":{\"@id\":\"https:\/\/blog.holyart.it\/it\/articoli-religiosi\/la-faradda-di-li-candareri-una-delle-processioni-piu-famose-della-sardegna\/#primaryimage\"},\"image\":{\"@id\":\"https:\/\/blog.holyart.it\/it\/articoli-religiosi\/la-faradda-di-li-candareri-una-delle-processioni-piu-famose-della-sardegna\/#primaryimage\"},\"thumbnailUrl\":\"https:\/\/blog.holyart.it\/it\/wp-content\/uploads\/sites\/17\/2023\/07\/faradda-di-li-candareri.jpg\",\"datePublished\":\"2023-08-14T08:00:28+00:00\",\"dateModified\":\"2025-07-09T12:03:01+00:00\",\"description\":\"La faradda di li candareri \u00e8 una delle feste patronali pi\u00f9 famose e caratteristiche della Sardegna e dell'Italia intera: scopriamola\",\"breadcrumb\":{\"@id\":\"https:\/\/blog.holyart.it\/it\/articoli-religiosi\/la-faradda-di-li-candareri-una-delle-processioni-piu-famose-della-sardegna\/#breadcrumb\"},\"inLanguage\":\"it-IT\",\"potentialAction\":[{\"@type\":\"ReadAction\",\"target\":[\"https:\/\/blog.holyart.it\/it\/articoli-religiosi\/la-faradda-di-li-candareri-una-delle-processioni-piu-famose-della-sardegna\/\"]}]},{\"@type\":\"ImageObject\",\"inLanguage\":\"it-IT\",\"@id\":\"https:\/\/blog.holyart.it\/it\/articoli-religiosi\/la-faradda-di-li-candareri-una-delle-processioni-piu-famose-della-sardegna\/#primaryimage\",\"url\":\"https:\/\/blog.holyart.it\/it\/wp-content\/uploads\/sites\/17\/2023\/07\/faradda-di-li-candareri.jpg\",\"contentUrl\":\"https:\/\/blog.holyart.it\/it\/wp-content\/uploads\/sites\/17\/2023\/07\/faradda-di-li-candareri.jpg\",\"width\":1000,\"height\":666,\"caption\":\"faradda di li candareri\"},{\"@type\":\"BreadcrumbList\",\"@id\":\"https:\/\/blog.holyart.it\/it\/articoli-religiosi\/la-faradda-di-li-candareri-una-delle-processioni-piu-famose-della-sardegna\/#breadcrumb\",\"itemListElement\":[{\"@type\":\"ListItem\",\"position\":1,\"name\":\"Homepage\",\"item\":\"https:\/\/blog.holyart.it\/it\/\"},{\"@type\":\"ListItem\",\"position\":2,\"name\":\"Religione\",\"item\":\"https:\/\/blog.holyart.it\/it\/articoli-religiosi\/\"},{\"@type\":\"ListItem\",\"position\":3,\"name\":\"La Faradda di li Candareri: una delle processioni pi\u00f9 famose della Sardegna\"}]},{\"@type\":\"WebSite\",\"@id\":\"https:\/\/blog.holyart.it\/it\/#website\",\"url\":\"https:\/\/blog.holyart.it\/it\/\",\"name\":\"Holyblog\",\"description\":\"Il Blog di Holyart.it\",\"publisher\":{\"@id\":\"https:\/\/blog.holyart.it\/it\/#organization\"},\"potentialAction\":[{\"@type\":\"SearchAction\",\"target\":{\"@type\":\"EntryPoint\",\"urlTemplate\":\"https:\/\/blog.holyart.it\/it\/?s={search_term_string}\"},\"query-input\":{\"@type\":\"PropertyValueSpecification\",\"valueRequired\":true,\"valueName\":\"search_term_string\"}}],\"inLanguage\":\"it-IT\"},{\"@type\":\"Organization\",\"@id\":\"https:\/\/blog.holyart.it\/it\/#organization\",\"name\":\"Holyblog\",\"url\":\"https:\/\/blog.holyart.it\/it\/\",\"logo\":{\"@type\":\"ImageObject\",\"inLanguage\":\"it-IT\",\"@id\":\"https:\/\/blog.holyart.it\/it\/#\/schema\/logo\/image\/\",\"url\":\"https:\/\/blog.holyart.it\/it\/wp-content\/uploads\/sites\/17\/2022\/12\/Holyart_Blog_Logo.jpg\",\"contentUrl\":\"https:\/\/blog.holyart.it\/it\/wp-content\/uploads\/sites\/17\/2022\/12\/Holyart_Blog_Logo.jpg\",\"width\":300,\"height\":50,\"caption\":\"Holyblog\"},\"image\":{\"@id\":\"https:\/\/blog.holyart.it\/it\/#\/schema\/logo\/image\/\"}},{\"@type\":\"Person\",\"@id\":\"https:\/\/blog.holyart.it\/it\/#\/schema\/person\/0a7b686e5af0f856ec1e390dd0baecda\",\"name\":\"Redazione\"}]}<\/script>\n<!-- \/ Yoast SEO plugin. -->","yoast_head_json":{"title":"La Faradda di li Candareri: una delle processioni pi\u00f9 famose della Sardegna - Holyblog","description":"La faradda di li candareri \u00e8 una delle feste patronali pi\u00f9 famose e caratteristiche della Sardegna e dell'Italia intera: scopriamola","robots":{"index":"index","follow":"follow","max-snippet":"max-snippet:-1","max-image-preview":"max-image-preview:large","max-video-preview":"max-video-preview:-1"},"canonical":"https:\/\/blog.holyart.it\/it\/articoli-religiosi\/la-faradda-di-li-candareri-una-delle-processioni-piu-famose-della-sardegna\/","og_locale":"it_IT","og_type":"article","og_title":"La Faradda di li Candareri: una delle processioni pi\u00f9 famose della Sardegna - Holyblog","og_description":"La faradda di li candareri \u00e8 una delle feste patronali pi\u00f9 famose e caratteristiche della Sardegna e dell'Italia intera: scopriamola","og_url":"https:\/\/blog.holyart.it\/it\/articoli-religiosi\/la-faradda-di-li-candareri-una-delle-processioni-piu-famose-della-sardegna\/","og_site_name":"Holyblog","article_published_time":"2023-08-14T08:00:28+00:00","article_modified_time":"2025-07-09T12:03:01+00:00","og_image":[{"width":1000,"height":666,"url":"https:\/\/blog.holyart.it\/it\/wp-content\/uploads\/sites\/17\/2023\/07\/faradda-di-li-candareri.jpg","type":"image\/jpeg"}],"author":"Redazione","twitter_card":"summary_large_image","twitter_misc":{"Scritto da":"Redazione","Tempo di lettura stimato":"10 minuti"},"schema":{"@context":"https:\/\/schema.org","@graph":[{"@type":"Article","@id":"https:\/\/blog.holyart.it\/it\/articoli-religiosi\/la-faradda-di-li-candareri-una-delle-processioni-piu-famose-della-sardegna\/#article","isPartOf":{"@id":"https:\/\/blog.holyart.it\/it\/articoli-religiosi\/la-faradda-di-li-candareri-una-delle-processioni-piu-famose-della-sardegna\/"},"author":{"name":"Redazione","@id":"https:\/\/blog.holyart.it\/it\/#\/schema\/person\/0a7b686e5af0f856ec1e390dd0baecda"},"headline":"La Faradda di li Candareri: una delle processioni pi\u00f9 famose della Sardegna","datePublished":"2023-08-14T08:00:28+00:00","dateModified":"2025-07-09T12:03:01+00:00","mainEntityOfPage":{"@id":"https:\/\/blog.holyart.it\/it\/articoli-religiosi\/la-faradda-di-li-candareri-una-delle-processioni-piu-famose-della-sardegna\/"},"wordCount":1518,"publisher":{"@id":"https:\/\/blog.holyart.it\/it\/#organization"},"image":{"@id":"https:\/\/blog.holyart.it\/it\/articoli-religiosi\/la-faradda-di-li-candareri-una-delle-processioni-piu-famose-della-sardegna\/#primaryimage"},"thumbnailUrl":"https:\/\/blog.holyart.it\/it\/wp-content\/uploads\/sites\/17\/2023\/07\/faradda-di-li-candareri.jpg","articleSection":["Occasioni speciali","Religione"],"inLanguage":"it-IT"},{"@type":"WebPage","@id":"https:\/\/blog.holyart.it\/it\/articoli-religiosi\/la-faradda-di-li-candareri-una-delle-processioni-piu-famose-della-sardegna\/","url":"https:\/\/blog.holyart.it\/it\/articoli-religiosi\/la-faradda-di-li-candareri-una-delle-processioni-piu-famose-della-sardegna\/","name":"La Faradda di li Candareri: una delle processioni pi\u00f9 famose della Sardegna - Holyblog","isPartOf":{"@id":"https:\/\/blog.holyart.it\/it\/#website"},"primaryImageOfPage":{"@id":"https:\/\/blog.holyart.it\/it\/articoli-religiosi\/la-faradda-di-li-candareri-una-delle-processioni-piu-famose-della-sardegna\/#primaryimage"},"image":{"@id":"https:\/\/blog.holyart.it\/it\/articoli-religiosi\/la-faradda-di-li-candareri-una-delle-processioni-piu-famose-della-sardegna\/#primaryimage"},"thumbnailUrl":"https:\/\/blog.holyart.it\/it\/wp-content\/uploads\/sites\/17\/2023\/07\/faradda-di-li-candareri.jpg","datePublished":"2023-08-14T08:00:28+00:00","dateModified":"2025-07-09T12:03:01+00:00","description":"La faradda di li candareri \u00e8 una delle feste patronali pi\u00f9 famose e caratteristiche della Sardegna e dell'Italia intera: scopriamola","breadcrumb":{"@id":"https:\/\/blog.holyart.it\/it\/articoli-religiosi\/la-faradda-di-li-candareri-una-delle-processioni-piu-famose-della-sardegna\/#breadcrumb"},"inLanguage":"it-IT","potentialAction":[{"@type":"ReadAction","target":["https:\/\/blog.holyart.it\/it\/articoli-religiosi\/la-faradda-di-li-candareri-una-delle-processioni-piu-famose-della-sardegna\/"]}]},{"@type":"ImageObject","inLanguage":"it-IT","@id":"https:\/\/blog.holyart.it\/it\/articoli-religiosi\/la-faradda-di-li-candareri-una-delle-processioni-piu-famose-della-sardegna\/#primaryimage","url":"https:\/\/blog.holyart.it\/it\/wp-content\/uploads\/sites\/17\/2023\/07\/faradda-di-li-candareri.jpg","contentUrl":"https:\/\/blog.holyart.it\/it\/wp-content\/uploads\/sites\/17\/2023\/07\/faradda-di-li-candareri.jpg","width":1000,"height":666,"caption":"faradda di li candareri"},{"@type":"BreadcrumbList","@id":"https:\/\/blog.holyart.it\/it\/articoli-religiosi\/la-faradda-di-li-candareri-una-delle-processioni-piu-famose-della-sardegna\/#breadcrumb","itemListElement":[{"@type":"ListItem","position":1,"name":"Homepage","item":"https:\/\/blog.holyart.it\/it\/"},{"@type":"ListItem","position":2,"name":"Religione","item":"https:\/\/blog.holyart.it\/it\/articoli-religiosi\/"},{"@type":"ListItem","position":3,"name":"La Faradda di li Candareri: una delle processioni pi\u00f9 famose della Sardegna"}]},{"@type":"WebSite","@id":"https:\/\/blog.holyart.it\/it\/#website","url":"https:\/\/blog.holyart.it\/it\/","name":"Holyblog","description":"Il Blog di Holyart.it","publisher":{"@id":"https:\/\/blog.holyart.it\/it\/#organization"},"potentialAction":[{"@type":"SearchAction","target":{"@type":"EntryPoint","urlTemplate":"https:\/\/blog.holyart.it\/it\/?s={search_term_string}"},"query-input":{"@type":"PropertyValueSpecification","valueRequired":true,"valueName":"search_term_string"}}],"inLanguage":"it-IT"},{"@type":"Organization","@id":"https:\/\/blog.holyart.it\/it\/#organization","name":"Holyblog","url":"https:\/\/blog.holyart.it\/it\/","logo":{"@type":"ImageObject","inLanguage":"it-IT","@id":"https:\/\/blog.holyart.it\/it\/#\/schema\/logo\/image\/","url":"https:\/\/blog.holyart.it\/it\/wp-content\/uploads\/sites\/17\/2022\/12\/Holyart_Blog_Logo.jpg","contentUrl":"https:\/\/blog.holyart.it\/it\/wp-content\/uploads\/sites\/17\/2022\/12\/Holyart_Blog_Logo.jpg","width":300,"height":50,"caption":"Holyblog"},"image":{"@id":"https:\/\/blog.holyart.it\/it\/#\/schema\/logo\/image\/"}},{"@type":"Person","@id":"https:\/\/blog.holyart.it\/it\/#\/schema\/person\/0a7b686e5af0f856ec1e390dd0baecda","name":"Redazione"}]}},"_links":{"self":[{"href":"https:\/\/blog.holyart.it\/it\/wp-json\/wp\/v2\/posts\/18213","targetHints":{"allow":["GET"]}}],"collection":[{"href":"https:\/\/blog.holyart.it\/it\/wp-json\/wp\/v2\/posts"}],"about":[{"href":"https:\/\/blog.holyart.it\/it\/wp-json\/wp\/v2\/types\/post"}],"author":[{"embeddable":true,"href":"https:\/\/blog.holyart.it\/it\/wp-json\/wp\/v2\/users\/1"}],"replies":[{"embeddable":true,"href":"https:\/\/blog.holyart.it\/it\/wp-json\/wp\/v2\/comments?post=18213"}],"version-history":[{"count":5,"href":"https:\/\/blog.holyart.it\/it\/wp-json\/wp\/v2\/posts\/18213\/revisions"}],"predecessor-version":[{"id":18258,"href":"https:\/\/blog.holyart.it\/it\/wp-json\/wp\/v2\/posts\/18213\/revisions\/18258"}],"wp:featuredmedia":[{"embeddable":true,"href":"https:\/\/blog.holyart.it\/it\/wp-json\/wp\/v2\/media\/18256"}],"wp:attachment":[{"href":"https:\/\/blog.holyart.it\/it\/wp-json\/wp\/v2\/media?parent=18213"}],"wp:term":[{"taxonomy":"category","embeddable":true,"href":"https:\/\/blog.holyart.it\/it\/wp-json\/wp\/v2\/categories?post=18213"},{"taxonomy":"post_tag","embeddable":true,"href":"https:\/\/blog.holyart.it\/it\/wp-json\/wp\/v2\/tags?post=18213"}],"curies":[{"name":"wp","href":"https:\/\/api.w.org\/{rel}","templated":true}]}}