{"id":18158,"date":"2023-07-31T10:32:28","date_gmt":"2023-07-31T08:32:28","guid":{"rendered":"https:\/\/blog.holyart.it\/it\/?p=18158"},"modified":"2023-07-26T16:33:22","modified_gmt":"2023-07-26T14:33:22","slug":"gmg-lisbona-2023-papa-francesco-incontra-i-giovani","status":"publish","type":"post","link":"https:\/\/blog.holyart.it\/it\/occasioni-speciali\/gmg-lisbona-2023-papa-francesco-incontra-i-giovani\/","title":{"rendered":"GMG Lisbona 2023: Papa Francesco incontra i giovani"},"content":{"rendered":"<h4>Dal 1 al 6 agosto 2023 si terr\u00e0 a Lisbona la Giornata Mondiale della Giovent\u00f9. Scopriamo di pi\u00f9 su questo evento straordinario<\/h4>\n\n<p>La Sala Stampa della Santa Sede ha recentemente reso noto il <strong>calendario degli incontri del Papa<\/strong> per la 37\u00aa edizione della <strong>Giornata Mondiale della Giovent\u00f9<\/strong>, che si terr\u00e0 a <strong>Lisbona, in Portogallo, dal 1 al 6 agosto<\/strong>. Uno dei momenti pi\u00f9 attesi sar\u00e0 la <strong>Veglia con i giovani<\/strong>, programmata per sabato 5 agosto presso il suggestivo <strong>Parco Tejo<\/strong>. Durante queste giornate, i giovani avranno l&#8217;opportunit\u00e0 di condividere momenti di <strong>preghiera, riflessione e testimonianze di fede<\/strong>, in un ambiente di intensa spiritualit\u00e0 e comunione. Ma Papa Francesco ha deciso di dare un&#8217;impronta ancora pi\u00f9 Mariana a questa particolare GMG e di ampliare il programma della sua\u00a0visita in Portogallo recandosi al <a href=\"https:\/\/www.holyart.it\/blog\/occasioni-speciali\/madonna-di-fatima-penitenza-e-preghiera-sono-la-salvezza\/#Santuario_di_Fatima\"><strong>Santuario di Fatima<\/strong><\/a>, uno dei luoghi di maggior significato spirituale per i cattolici di tutto il mondo. A Fatima, il Santo Padre pregher\u00e0 insieme ai giovani ammalati, offrendo loro conforto, speranza e sostegno spirituale.<\/p>\n<div class=\"link-article\">\n<p><img loading=\"lazy\" decoding=\"async\" class=\"size-full wp-image-18160 alignleft\" src=\"https:\/\/blog.holyart.it\/it\/wp-content\/uploads\/sites\/17\/2023\/07\/statue-pastorelli.jpg\" alt=\"statue pastorelli\" width=\"150\" height=\"99\" data-kale-share-title=\"GMG Lisbona 2023: Papa Francesco incontra i giovani\" data-kale-share-url=\"https:\/\/blog.holyart.it\/it\/?p=18158\" \/><\/p>\n<div class=\"leggi-anche\">Leggi anche:<\/div>\n<p><strong><a href=\"https:\/\/www.holyart.it\/blog\/occasioni-speciali\/madonna-di-fatima-penitenza-e-preghiera-sono-la-salvezza\/#Santuario_di_Fatima\">Madonna di Fatima: penitenza e preghiera sono la salvezza<\/a><\/strong><br \/>\nIl 13 Maggio si festeggia la Madonna di Fatima. Il suo invito alla penitenza e alla preghiera come strumenti di salvezza oggi \u00e8 pi\u00f9 attuale che mai&#8230;<\/p>\n<\/div>\n<p>La presenza del Papa in Portogallo per la <a href=\"https:\/\/www.holyart.it\/blog\/articoli-religiosi\/giornata-mondiale-della-gioventu-il-papa-riunisce-i-giovani-di-tutto-il-mondo\/\"><strong>Giornata Mondiale della Giovent\u00f9<\/strong><\/a> \u00e8 un momento di grande importanza per i giovani cattolici e per la Chiesa nel suo insieme. Questo evento offre ai giovani l&#8217;opportunit\u00e0 di <strong>incontrare il Santo Padre<\/strong>, ricevere la sua benedizione e vivere un&#8217;esperienza di fede e comunione con giovani provenienti da tutto il mondo. Infatti, al di l\u00e0 dell&#8217;importanza dei discorsi ufficiali e delle iniziative che coinvolgeranno le istituzioni locali, la presenza del Pontefice alla GMG Lisbona 2023 \u00e8 proprio <strong>un atto d&#8217;amore verso i giovani<\/strong>, quei giovani protagonisti della Giornata Mondiale della Giovent\u00f9 fin dalla sua prima edizione.<br \/>\nLa Giornata Mondiale della Giovent\u00f9 in Portogallo sar\u00e0 un&#8217;occasione unica per i giovani di vivere una profonda esperienza di fede, di condivisione fraterna e di crescita spirituale. Sar\u00e0 un momento di incontro, di preghiera e di celebrazione della giovent\u00f9 cattolica, ma non solo, perch\u00e9 questo evento, oltre ad essere un laboratorio di fede, \u00e8 anche un momento di <strong>scambio culturale e interreligioso <\/strong>che si rinnova ogni anno, unendo i giovani, tutti i giovani, cattolici e non, in una comunit\u00e0 globale.<\/p>\n<div class=\"link-article\">\n<p><img loading=\"lazy\" decoding=\"async\" class=\"size-full wp-image-18159 alignleft\" src=\"https:\/\/blog.holyart.it\/it\/wp-content\/uploads\/sites\/17\/2023\/07\/giornata-mondiale-della-gioventu-1.jpg\" alt=\"giornata mondiale della giovent\u00f9\" width=\"150\" height=\"99\" data-kale-share-title=\"GMG Lisbona 2023: Papa Francesco incontra i giovani\" data-kale-share-url=\"https:\/\/blog.holyart.it\/it\/?p=18158\" \/><\/p>\n<div class=\"leggi-anche\">Leggi anche:<\/div>\n<p><strong><a href=\"https:\/\/www.holyart.it\/blog\/articoli-religiosi\/giornata-mondiale-della-gioventu-il-papa-riunisce-i-giovani-di-tutto-il-mondo\/\">Giornata Mondiale della Giovent\u00f9: il Papa riunisce i giovani di tutto il mondo<\/a><\/strong><br \/>\nLa Giornata Mondiale della Giovent\u00f9 rappresenta un evento senza&#8230;<\/p>\n<\/div>\n<h2>Cos\u2019\u00e8 la Giornata Mondiale della Giovent\u00f9<\/h2>\n<p>La Giornata Mondiale della Giovent\u00f9 (GMG) rappresenta un evento di straordinaria rilevanza per la Chiesa cattolica e in particolare per i giovani cattolici. Laboratorio di fede, offre ai giovani un&#8217;occasione unica di condividere la propria spiritualit\u00e0 e di sentirsi parte di una comunit\u00e0 pi\u00f9 ampia. Attraverso i tanti momenti di raccoglimento e riflessione, le occasioni di preghiera comune, la catechesi, le celebrazioni liturgiche e naturalmente l&#8217;incontro con il Papa, il momento pi\u00f9 atteso di ogni edizione, i giovani rafforzano la propria fede e consolidano il rapporto personale con Ges\u00f9, in un&#8217;esperienza di crescita non solo religiosa, ma civile e umana. Molti giovani in occasione della GMG scoprono la propria vocazione, e decidono di cambiare completamente direzione, di intraprendere un percorso di vita nuovo e inaspettato.<\/p>\n<p>Fu <a href=\"https:\/\/www.holyart.it\/it\/occasioni-speciali\/giovanni-paolo-ii\"><strong>Papa Giovanni Paolo II<\/strong><\/a> a ideare questo evento, quando, per celebrare il Giubileo dei giovani dell&#8217;Anno Santo della Redenzione 1983-1984, in occasione della <a href=\"https:\/\/www.holyart.it\/blog\/articoli-religiosi\/domenica-delle-palme-storia-e-significato-della-festa\/\"><strong>Domenica delle Palme<\/strong><\/a> invit\u00f2 a Roma giovani da tutto il mondo. La risposta fu straordinaria e pi\u00f9 di duecentocinquantamila giovani provenienti da diverse nazioni accorsero alla chiamata del Pontefice. Dal 1986 la Giornata Mondiale della Giovent\u00f9 \u00e8 un&#8217;istituzione ufficiale della chiesa cattolica.<\/p>\n<div class=\"link-product\">\n<div class=\"blocco-immagine\"><img loading=\"lazy\" decoding=\"async\" class=\"size-full wp-image-18161 alignleft\" src=\"https:\/\/blog.holyart.it\/it\/wp-content\/uploads\/sites\/17\/2023\/07\/arazzo-papa-giovanni-paolo-ii-con-stemma-40x30-cm.jpg\" alt=\"arazzo papa giovanni paolo ii con stemma 40x30 cm\" width=\"100\" height=\"100\" data-kale-share-title=\"GMG Lisbona 2023: Papa Francesco incontra i giovani\" data-kale-share-url=\"https:\/\/blog.holyart.it\/it\/?p=18158\" \/><\/div>\n<div class=\"blocco-contenuto\">\n<div class=\"blocco-acquista\">Acquista su Holyart:<\/div>\n<div class=\"blocco-titolo\"><a href=\"https:\/\/www.holyart.it\/it\/occasioni-speciali\/giovanni-paolo-ii\">Giovanni Paolo II<\/a><\/div>\n<div class=\"blocco-descrizione\">Tantissimi articoli con l&#8217;immagine del Beato o con i simboli che si legano alla sua vita, come la croce pastorale.<\/div>\n<\/div>\n<\/div>\n<h2>La Giornata Mondiale della Giovent\u00f9: Lisbona 2023<\/h2>\n<p>Il <strong>programma della GMG di Lisbona<\/strong> prevede l&#8217;arrivo dei giovani pellegrini a partire da luned\u00ec <strong>31 luglio <\/strong>2023. L&#8217;<strong>apertura ufficiale della GMG<\/strong> avverr\u00e0 Marted\u00ec <strong>1 agosto<\/strong> 2023 con la Messa di apertura nella <em>Colina do Encontro<\/em>\u00a0presieduta dal Cardinale Patriarca di Lisbona, D. Manuel Clemente.<br \/>\nSeguiranno giorni intensi, con il <strong>Festival della Giovent\u00f9<\/strong>, che prevede eventi culturali, religiosi, sportivi e artistici in diversi punti di Lisbona, e la <strong>Citt\u00e0 della gioia<\/strong> nel parco Vasco da Gama, una vera e propria fiera vocazionale nell&#8217;ambito della quale i giovani potranno confessarsi e ascoltare preziose testimonianze di fede. Oltre a questi due appuntamenti quotidiani, si susseguiranno momenti di <strong>Catechesi<\/strong> in diverse lingue, tutti seguiti dalla Santa Messa.<\/p>\n<p>Il tema scelto da <a href=\"https:\/\/www.holyart.it\/it\/occasioni-speciali\/papa-francesco\"><strong>Papa Francesco<\/strong><\/a> per la prossima edizione della Giornata Mondiale della Giovent\u00f9 \u00e8: <strong>&#8220;Maria si alz\u00f2 e and\u00f2 in fretta&#8221;<\/strong>, tratto dal Vangelo di Luca, capitolo 1, versetto 39. Il Santo Padre ha voluto racchiudere in questo versetto la necessit\u00e0 di essere sempre pronti a seguire la volont\u00e0 di Dio, senza per\u00f2 cadere nell&#8217;ansia o nell&#8217;agitazione. \u00c8 importante, soprattutto per i giovani, <strong>mettersi in movimento<\/strong>, per intraprendere un cammino di discernimento e di rispondere prontamente alla chiamata di Dio. <strong>Maria diventa un modello di riferimento<\/strong>, lei che, dopo aver ricevuto <strong><a href=\"https:\/\/www.holyart.it\/it\/occasioni-speciali\/presepe-pasquale\/annunciazione-angelo-a-maria-statue-9-cm\">l&#8217;annuncio dell&#8217;angelo<\/a><\/strong>, si \u00e8 alzata e si \u00e8 messa in cammino in fretta per recarsi da sua cugina Elisabetta.<br \/>\nPi\u00f9 che mai dunque questa edizione della GMG sar\u00e0 un invito ai giovani a riflettere sulla propria vocazione e a considerare il proprio impegno nel mondo come un cammino di fede e miglioramento personale.<\/p>\n<div class=\"link-product\">\n<div class=\"blocco-immagine\"><img loading=\"lazy\" decoding=\"async\" class=\"size-full wp-image-18162 alignleft\" src=\"https:\/\/blog.holyart.it\/it\/wp-content\/uploads\/sites\/17\/2023\/07\/annunciazione-angelo-a-maria-statue-9-cm.jpg\" alt=\"annunciazione angelo a maria statue 9 cm\" width=\"100\" height=\"100\" data-kale-share-title=\"GMG Lisbona 2023: Papa Francesco incontra i giovani\" data-kale-share-url=\"https:\/\/blog.holyart.it\/it\/?p=18158\" \/><\/div>\n<div class=\"blocco-contenuto\">\n<div class=\"blocco-acquista\">Acquista su Holyart:<\/div>\n<div class=\"blocco-titolo\"><a href=\"https:\/\/www.holyart.it\/it\/occasioni-speciali\/presepe-pasquale\/annunciazione-angelo-a-maria-statue-9-cm\">Annunciazione Angelo a Maria statue 9 cm<\/a><\/div>\n<div class=\"blocco-descrizione\">Scena dell&#8217;annunciazione Maria con Arcangelo Gabriele.<\/div>\n<\/div>\n<\/div>\n<p>L&#8217;<strong>inno ufficiale<\/strong> della Giornata Mondiale della Giovent\u00f9 si intitola <em>Ha Pressa no Ar<\/em>, &#8220;C&#8217;\u00e8 fretta nell&#8217;aria&#8221;, ed \u00e8 gi\u00e0 evidente il richiamo al tema ufficiale di quest&#8217;anno, Maria e la sua fretta di mettersi in cammino per fare la volont\u00e0 di Dio. Il testo dell&#8217;inno \u00e8 stato scritto da P. Jo\u00e3o Paulo Vaz e la musica composta da Pedro Ferreira, entrambi della diocesi di Coimbra. L&#8217;inno diventer\u00e0 una fonte di ispirazione e unit\u00e0 per tutti i giovani partecipanti, accrescendo i legami emotivi e spirituali che si verranno a creare durante la Giornata Mondiale della Giovent\u00f9.<\/p>\n<h2>Papa Francesco alla GMG Lisbona 2023<\/h2>\n<p>Il <a href=\"https:\/\/www.holyart.it\/it\/articoli-religiosi\/rosari-e-portarosari\/rosari-profumati\/rosario-profumato-al-gelsomino-rosso-papa-francesco\"><strong>Papa<\/strong><\/a> arriver\u00e0 a Lisbona il <strong>2 agosto<\/strong>, accolto dal presidente della Repubblica Marcelo Rebelo de Sousa nel Palazzo Nazionale di Bel\u00e8m. Dopo vari incontri con le principali istituzioni del paese, alle 17.30 il Pontefice celebrer\u00e0 i <strong>Vespri<\/strong> nel monastero dos Jer\u00f2nimos alla presenza degli esponenti del clero di ogni grado.<\/p>\n<div class=\"link-product\">\n<div class=\"blocco-immagine\"><img loading=\"lazy\" decoding=\"async\" class=\"size-full wp-image-18163 alignleft\" src=\"https:\/\/blog.holyart.it\/it\/wp-content\/uploads\/sites\/17\/2023\/07\/rosario-profumato-al-gelsomino-rosso-papa-francesco.jpg\" alt=\"rosario profumato al gelsomino rosso papa francesco\" width=\"100\" height=\"100\" data-kale-share-title=\"GMG Lisbona 2023: Papa Francesco incontra i giovani\" data-kale-share-url=\"https:\/\/blog.holyart.it\/it\/?p=18158\" \/><\/div>\n<div class=\"blocco-contenuto\">\n<div class=\"blocco-acquista\">Acquista su Holyart:<\/div>\n<div class=\"blocco-titolo\"><a href=\"https:\/\/www.holyart.it\/it\/articoli-religiosi\/rosari-e-portarosari\/rosari-profumati\/rosario-profumato-al-gelsomino-rosso-papa-francesco\">Rosario profumato al gelsomino rosso Papa Francesco<\/a><\/div>\n<div class=\"blocco-descrizione\">Rosario profumato con croce del Buon Pastore.<\/div>\n<\/div>\n<\/div>\n<p>Gioved\u00ec <strong>3 agosto<\/strong> Papa Francesco incontrer\u00e0 gli studenti nella sede dell\u2019Universidade Cat\u00f2lica Portuguesa e i giovani di Scholas Occurentes per poi presiedere la <strong>cerimonia ufficiale di apertura della GMG <\/strong>nel parco Edoardo VII.<br \/>\nVenerd\u00ec <strong>4 agosto <\/strong>dopo una serie di altri incontri che vedranno il Pontefice spostarsi in diversi centri di assistenza e carit\u00e0, avr\u00e0 luogo la <a href=\"https:\/\/www.holyart.it\/it\/accessori-per-la-liturgia\/arredi-sacri\/via-crucis\"><strong>Via Crucis<\/strong><\/a>, uno dei momenti pi\u00f9 emozionanti e attesi della GMG, sempre nel parco Edoardo VII, a partire dalle 18.00.<br \/>\nLa profonda vocazione Mariana di questa Giornata Mondiale della Giovent\u00f9, gi\u00e0 espressa nel tema scelto da Papa Francesco, verr\u00e0 ribadita la mattina di sabato <strong>5 agosto<\/strong> con la <strong>visita al Santuario di Fatima<\/strong>, dove il Papa\u00a0reciter\u00e0 la preghiera del Santo Rosario con i giovani ammalati. La sera, a partire dalle 20.45, inizier\u00e0 la <strong>Veglia di preghiera <\/strong>con i giovani nel Parco Tejo, un altro dei momenti pi\u00f9 importanti di queste giornate.<br \/>\nL&#8217;esperienza in Portogallo di Papa Francesco si concluder\u00e0 domenica<strong> 6 agosto <\/strong>con la celebrazione della <strong>Santa Messa <\/strong>al parco Teho, gli ultimi incontri con pellegrini e volontari, e il congedo ufficiale prima di tornare a Roma.<\/p>\n<div class=\"link-product\">\n<div class=\"blocco-immagine\"><img loading=\"lazy\" decoding=\"async\" class=\"size-full wp-image-18164 alignleft\" src=\"https:\/\/blog.holyart.it\/it\/wp-content\/uploads\/sites\/17\/2023\/07\/quadro-via-crucis-con-crocifissione.jpg\" alt=\"quadro via crucis con crocifissione\" width=\"100\" height=\"100\" data-kale-share-title=\"GMG Lisbona 2023: Papa Francesco incontra i giovani\" data-kale-share-url=\"https:\/\/blog.holyart.it\/it\/?p=18158\" \/><\/div>\n<div class=\"blocco-contenuto\">\n<div class=\"blocco-acquista\">Acquista su Holyart:<\/div>\n<div class=\"blocco-titolo\"><a href=\"https:\/\/www.holyart.it\/it\/accessori-per-la-liturgia\/arredi-sacri\/via-crucis\">Via Crucis<\/a><\/div>\n<div class=\"blocco-descrizione\">Categoria dedicata agli articoli rappresentanti la Via Crucis e le 15 stazioni.<\/div>\n<\/div>\n<\/div>\n","protected":false},"excerpt":{"rendered":"<p>Dal 1 al 6 agosto 2023 si terr\u00e0 a Lisbona la Giornata Mondiale della Giovent\u00f9. Scopriamo di pi\u00f9 su questo evento straordinario La Sala Stampa della Santa Sede ha recentemente reso noto il calendario degli incontri del Papa per la 37\u00aa edizione della Giornata Mondiale&hellip;<\/p>\n","protected":false},"author":1,"featured_media":18168,"comment_status":"closed","ping_status":"open","sticky":false,"template":"","format":"standard","meta":{"_acf_changed":false,"footnotes":""},"categories":[20],"tags":[],"class_list":["post-18158","post","type-post","status-publish","format-standard","has-post-thumbnail","hentry","category-occasioni-speciali"],"acf":[],"yoast_head":"<!-- This site is optimized with the Yoast SEO plugin v26.6 - https:\/\/yoast.com\/wordpress\/plugins\/seo\/ -->\n<title>GMG Lisbona 2023: Papa Francesco incontra i giovani - Holyblog<\/title>\n<meta name=\"description\" content=\"La GMG 2023 si terr\u00e0 a Lisbona. Ecco il tema scelto, il programma, e tutti gli appuntamenti del Papa con i giovani pellegrini\" \/>\n<meta name=\"robots\" content=\"index, follow, max-snippet:-1, max-image-preview:large, max-video-preview:-1\" \/>\n<link rel=\"canonical\" href=\"https:\/\/blog.holyart.it\/it\/occasioni-speciali\/gmg-lisbona-2023-papa-francesco-incontra-i-giovani\/\" \/>\n<meta property=\"og:locale\" content=\"it_IT\" \/>\n<meta property=\"og:type\" content=\"article\" \/>\n<meta property=\"og:title\" content=\"GMG Lisbona 2023: Papa Francesco incontra i giovani - Holyblog\" \/>\n<meta property=\"og:description\" content=\"La GMG 2023 si terr\u00e0 a Lisbona. Ecco il tema scelto, il programma, e tutti gli appuntamenti del Papa con i giovani pellegrini\" \/>\n<meta property=\"og:url\" content=\"https:\/\/blog.holyart.it\/it\/occasioni-speciali\/gmg-lisbona-2023-papa-francesco-incontra-i-giovani\/\" \/>\n<meta property=\"og:site_name\" content=\"Holyblog\" \/>\n<meta property=\"article:published_time\" content=\"2023-07-31T08:32:28+00:00\" \/>\n<meta property=\"og:image\" content=\"https:\/\/blog.holyart.it\/it\/wp-content\/uploads\/sites\/17\/2023\/07\/gmg-lisbona-2023.jpg\" \/>\n\t<meta property=\"og:image:width\" content=\"1000\" \/>\n\t<meta property=\"og:image:height\" content=\"666\" \/>\n\t<meta property=\"og:image:type\" content=\"image\/jpeg\" \/>\n<meta name=\"author\" content=\"Redazione\" \/>\n<meta name=\"twitter:card\" content=\"summary_large_image\" \/>\n<meta name=\"twitter:label1\" content=\"Scritto da\" \/>\n\t<meta name=\"twitter:data1\" content=\"Redazione\" \/>\n\t<meta name=\"twitter:label2\" content=\"Tempo di lettura stimato\" \/>\n\t<meta name=\"twitter:data2\" content=\"9 minuti\" \/>\n<script type=\"application\/ld+json\" class=\"yoast-schema-graph\">{\"@context\":\"https:\/\/schema.org\",\"@graph\":[{\"@type\":\"Article\",\"@id\":\"https:\/\/blog.holyart.it\/it\/occasioni-speciali\/gmg-lisbona-2023-papa-francesco-incontra-i-giovani\/#article\",\"isPartOf\":{\"@id\":\"https:\/\/blog.holyart.it\/it\/occasioni-speciali\/gmg-lisbona-2023-papa-francesco-incontra-i-giovani\/\"},\"author\":{\"name\":\"Redazione\",\"@id\":\"https:\/\/blog.holyart.it\/it\/#\/schema\/person\/0a7b686e5af0f856ec1e390dd0baecda\"},\"headline\":\"GMG Lisbona 2023: Papa Francesco incontra i giovani\",\"datePublished\":\"2023-07-31T08:32:28+00:00\",\"mainEntityOfPage\":{\"@id\":\"https:\/\/blog.holyart.it\/it\/occasioni-speciali\/gmg-lisbona-2023-papa-francesco-incontra-i-giovani\/\"},\"wordCount\":1262,\"publisher\":{\"@id\":\"https:\/\/blog.holyart.it\/it\/#organization\"},\"image\":{\"@id\":\"https:\/\/blog.holyart.it\/it\/occasioni-speciali\/gmg-lisbona-2023-papa-francesco-incontra-i-giovani\/#primaryimage\"},\"thumbnailUrl\":\"https:\/\/blog.holyart.it\/it\/wp-content\/uploads\/sites\/17\/2023\/07\/gmg-lisbona-2023.jpg\",\"articleSection\":[\"Occasioni speciali\"],\"inLanguage\":\"it-IT\"},{\"@type\":\"WebPage\",\"@id\":\"https:\/\/blog.holyart.it\/it\/occasioni-speciali\/gmg-lisbona-2023-papa-francesco-incontra-i-giovani\/\",\"url\":\"https:\/\/blog.holyart.it\/it\/occasioni-speciali\/gmg-lisbona-2023-papa-francesco-incontra-i-giovani\/\",\"name\":\"GMG Lisbona 2023: Papa Francesco incontra i giovani - Holyblog\",\"isPartOf\":{\"@id\":\"https:\/\/blog.holyart.it\/it\/#website\"},\"primaryImageOfPage\":{\"@id\":\"https:\/\/blog.holyart.it\/it\/occasioni-speciali\/gmg-lisbona-2023-papa-francesco-incontra-i-giovani\/#primaryimage\"},\"image\":{\"@id\":\"https:\/\/blog.holyart.it\/it\/occasioni-speciali\/gmg-lisbona-2023-papa-francesco-incontra-i-giovani\/#primaryimage\"},\"thumbnailUrl\":\"https:\/\/blog.holyart.it\/it\/wp-content\/uploads\/sites\/17\/2023\/07\/gmg-lisbona-2023.jpg\",\"datePublished\":\"2023-07-31T08:32:28+00:00\",\"description\":\"La GMG 2023 si terr\u00e0 a Lisbona. Ecco il tema scelto, il programma, e tutti gli appuntamenti del Papa con i giovani pellegrini\",\"breadcrumb\":{\"@id\":\"https:\/\/blog.holyart.it\/it\/occasioni-speciali\/gmg-lisbona-2023-papa-francesco-incontra-i-giovani\/#breadcrumb\"},\"inLanguage\":\"it-IT\",\"potentialAction\":[{\"@type\":\"ReadAction\",\"target\":[\"https:\/\/blog.holyart.it\/it\/occasioni-speciali\/gmg-lisbona-2023-papa-francesco-incontra-i-giovani\/\"]}]},{\"@type\":\"ImageObject\",\"inLanguage\":\"it-IT\",\"@id\":\"https:\/\/blog.holyart.it\/it\/occasioni-speciali\/gmg-lisbona-2023-papa-francesco-incontra-i-giovani\/#primaryimage\",\"url\":\"https:\/\/blog.holyart.it\/it\/wp-content\/uploads\/sites\/17\/2023\/07\/gmg-lisbona-2023.jpg\",\"contentUrl\":\"https:\/\/blog.holyart.it\/it\/wp-content\/uploads\/sites\/17\/2023\/07\/gmg-lisbona-2023.jpg\",\"width\":1000,\"height\":666,\"caption\":\"gmg lisbona 2023\"},{\"@type\":\"BreadcrumbList\",\"@id\":\"https:\/\/blog.holyart.it\/it\/occasioni-speciali\/gmg-lisbona-2023-papa-francesco-incontra-i-giovani\/#breadcrumb\",\"itemListElement\":[{\"@type\":\"ListItem\",\"position\":1,\"name\":\"Homepage\",\"item\":\"https:\/\/blog.holyart.it\/it\/\"},{\"@type\":\"ListItem\",\"position\":2,\"name\":\"Occasioni speciali\",\"item\":\"https:\/\/blog.holyart.it\/it\/occasioni-speciali\/\"},{\"@type\":\"ListItem\",\"position\":3,\"name\":\"GMG Lisbona 2023: Papa Francesco incontra i giovani\"}]},{\"@type\":\"WebSite\",\"@id\":\"https:\/\/blog.holyart.it\/it\/#website\",\"url\":\"https:\/\/blog.holyart.it\/it\/\",\"name\":\"Holyblog\",\"description\":\"Il Blog di Holyart.it\",\"publisher\":{\"@id\":\"https:\/\/blog.holyart.it\/it\/#organization\"},\"potentialAction\":[{\"@type\":\"SearchAction\",\"target\":{\"@type\":\"EntryPoint\",\"urlTemplate\":\"https:\/\/blog.holyart.it\/it\/?s={search_term_string}\"},\"query-input\":{\"@type\":\"PropertyValueSpecification\",\"valueRequired\":true,\"valueName\":\"search_term_string\"}}],\"inLanguage\":\"it-IT\"},{\"@type\":\"Organization\",\"@id\":\"https:\/\/blog.holyart.it\/it\/#organization\",\"name\":\"Holyblog\",\"url\":\"https:\/\/blog.holyart.it\/it\/\",\"logo\":{\"@type\":\"ImageObject\",\"inLanguage\":\"it-IT\",\"@id\":\"https:\/\/blog.holyart.it\/it\/#\/schema\/logo\/image\/\",\"url\":\"https:\/\/blog.holyart.it\/it\/wp-content\/uploads\/sites\/17\/2022\/12\/Holyart_Blog_Logo.jpg\",\"contentUrl\":\"https:\/\/blog.holyart.it\/it\/wp-content\/uploads\/sites\/17\/2022\/12\/Holyart_Blog_Logo.jpg\",\"width\":300,\"height\":50,\"caption\":\"Holyblog\"},\"image\":{\"@id\":\"https:\/\/blog.holyart.it\/it\/#\/schema\/logo\/image\/\"}},{\"@type\":\"Person\",\"@id\":\"https:\/\/blog.holyart.it\/it\/#\/schema\/person\/0a7b686e5af0f856ec1e390dd0baecda\",\"name\":\"Redazione\"}]}<\/script>\n<!-- \/ Yoast SEO plugin. -->","yoast_head_json":{"title":"GMG Lisbona 2023: Papa Francesco incontra i giovani - Holyblog","description":"La GMG 2023 si terr\u00e0 a Lisbona. Ecco il tema scelto, il programma, e tutti gli appuntamenti del Papa con i giovani pellegrini","robots":{"index":"index","follow":"follow","max-snippet":"max-snippet:-1","max-image-preview":"max-image-preview:large","max-video-preview":"max-video-preview:-1"},"canonical":"https:\/\/blog.holyart.it\/it\/occasioni-speciali\/gmg-lisbona-2023-papa-francesco-incontra-i-giovani\/","og_locale":"it_IT","og_type":"article","og_title":"GMG Lisbona 2023: Papa Francesco incontra i giovani - Holyblog","og_description":"La GMG 2023 si terr\u00e0 a Lisbona. Ecco il tema scelto, il programma, e tutti gli appuntamenti del Papa con i giovani pellegrini","og_url":"https:\/\/blog.holyart.it\/it\/occasioni-speciali\/gmg-lisbona-2023-papa-francesco-incontra-i-giovani\/","og_site_name":"Holyblog","article_published_time":"2023-07-31T08:32:28+00:00","og_image":[{"width":1000,"height":666,"url":"https:\/\/blog.holyart.it\/it\/wp-content\/uploads\/sites\/17\/2023\/07\/gmg-lisbona-2023.jpg","type":"image\/jpeg"}],"author":"Redazione","twitter_card":"summary_large_image","twitter_misc":{"Scritto da":"Redazione","Tempo di lettura stimato":"9 minuti"},"schema":{"@context":"https:\/\/schema.org","@graph":[{"@type":"Article","@id":"https:\/\/blog.holyart.it\/it\/occasioni-speciali\/gmg-lisbona-2023-papa-francesco-incontra-i-giovani\/#article","isPartOf":{"@id":"https:\/\/blog.holyart.it\/it\/occasioni-speciali\/gmg-lisbona-2023-papa-francesco-incontra-i-giovani\/"},"author":{"name":"Redazione","@id":"https:\/\/blog.holyart.it\/it\/#\/schema\/person\/0a7b686e5af0f856ec1e390dd0baecda"},"headline":"GMG Lisbona 2023: Papa Francesco incontra i giovani","datePublished":"2023-07-31T08:32:28+00:00","mainEntityOfPage":{"@id":"https:\/\/blog.holyart.it\/it\/occasioni-speciali\/gmg-lisbona-2023-papa-francesco-incontra-i-giovani\/"},"wordCount":1262,"publisher":{"@id":"https:\/\/blog.holyart.it\/it\/#organization"},"image":{"@id":"https:\/\/blog.holyart.it\/it\/occasioni-speciali\/gmg-lisbona-2023-papa-francesco-incontra-i-giovani\/#primaryimage"},"thumbnailUrl":"https:\/\/blog.holyart.it\/it\/wp-content\/uploads\/sites\/17\/2023\/07\/gmg-lisbona-2023.jpg","articleSection":["Occasioni speciali"],"inLanguage":"it-IT"},{"@type":"WebPage","@id":"https:\/\/blog.holyart.it\/it\/occasioni-speciali\/gmg-lisbona-2023-papa-francesco-incontra-i-giovani\/","url":"https:\/\/blog.holyart.it\/it\/occasioni-speciali\/gmg-lisbona-2023-papa-francesco-incontra-i-giovani\/","name":"GMG Lisbona 2023: Papa Francesco incontra i giovani - Holyblog","isPartOf":{"@id":"https:\/\/blog.holyart.it\/it\/#website"},"primaryImageOfPage":{"@id":"https:\/\/blog.holyart.it\/it\/occasioni-speciali\/gmg-lisbona-2023-papa-francesco-incontra-i-giovani\/#primaryimage"},"image":{"@id":"https:\/\/blog.holyart.it\/it\/occasioni-speciali\/gmg-lisbona-2023-papa-francesco-incontra-i-giovani\/#primaryimage"},"thumbnailUrl":"https:\/\/blog.holyart.it\/it\/wp-content\/uploads\/sites\/17\/2023\/07\/gmg-lisbona-2023.jpg","datePublished":"2023-07-31T08:32:28+00:00","description":"La GMG 2023 si terr\u00e0 a Lisbona. Ecco il tema scelto, il programma, e tutti gli appuntamenti del Papa con i giovani pellegrini","breadcrumb":{"@id":"https:\/\/blog.holyart.it\/it\/occasioni-speciali\/gmg-lisbona-2023-papa-francesco-incontra-i-giovani\/#breadcrumb"},"inLanguage":"it-IT","potentialAction":[{"@type":"ReadAction","target":["https:\/\/blog.holyart.it\/it\/occasioni-speciali\/gmg-lisbona-2023-papa-francesco-incontra-i-giovani\/"]}]},{"@type":"ImageObject","inLanguage":"it-IT","@id":"https:\/\/blog.holyart.it\/it\/occasioni-speciali\/gmg-lisbona-2023-papa-francesco-incontra-i-giovani\/#primaryimage","url":"https:\/\/blog.holyart.it\/it\/wp-content\/uploads\/sites\/17\/2023\/07\/gmg-lisbona-2023.jpg","contentUrl":"https:\/\/blog.holyart.it\/it\/wp-content\/uploads\/sites\/17\/2023\/07\/gmg-lisbona-2023.jpg","width":1000,"height":666,"caption":"gmg lisbona 2023"},{"@type":"BreadcrumbList","@id":"https:\/\/blog.holyart.it\/it\/occasioni-speciali\/gmg-lisbona-2023-papa-francesco-incontra-i-giovani\/#breadcrumb","itemListElement":[{"@type":"ListItem","position":1,"name":"Homepage","item":"https:\/\/blog.holyart.it\/it\/"},{"@type":"ListItem","position":2,"name":"Occasioni speciali","item":"https:\/\/blog.holyart.it\/it\/occasioni-speciali\/"},{"@type":"ListItem","position":3,"name":"GMG Lisbona 2023: Papa Francesco incontra i giovani"}]},{"@type":"WebSite","@id":"https:\/\/blog.holyart.it\/it\/#website","url":"https:\/\/blog.holyart.it\/it\/","name":"Holyblog","description":"Il Blog di Holyart.it","publisher":{"@id":"https:\/\/blog.holyart.it\/it\/#organization"},"potentialAction":[{"@type":"SearchAction","target":{"@type":"EntryPoint","urlTemplate":"https:\/\/blog.holyart.it\/it\/?s={search_term_string}"},"query-input":{"@type":"PropertyValueSpecification","valueRequired":true,"valueName":"search_term_string"}}],"inLanguage":"it-IT"},{"@type":"Organization","@id":"https:\/\/blog.holyart.it\/it\/#organization","name":"Holyblog","url":"https:\/\/blog.holyart.it\/it\/","logo":{"@type":"ImageObject","inLanguage":"it-IT","@id":"https:\/\/blog.holyart.it\/it\/#\/schema\/logo\/image\/","url":"https:\/\/blog.holyart.it\/it\/wp-content\/uploads\/sites\/17\/2022\/12\/Holyart_Blog_Logo.jpg","contentUrl":"https:\/\/blog.holyart.it\/it\/wp-content\/uploads\/sites\/17\/2022\/12\/Holyart_Blog_Logo.jpg","width":300,"height":50,"caption":"Holyblog"},"image":{"@id":"https:\/\/blog.holyart.it\/it\/#\/schema\/logo\/image\/"}},{"@type":"Person","@id":"https:\/\/blog.holyart.it\/it\/#\/schema\/person\/0a7b686e5af0f856ec1e390dd0baecda","name":"Redazione"}]}},"_links":{"self":[{"href":"https:\/\/blog.holyart.it\/it\/wp-json\/wp\/v2\/posts\/18158","targetHints":{"allow":["GET"]}}],"collection":[{"href":"https:\/\/blog.holyart.it\/it\/wp-json\/wp\/v2\/posts"}],"about":[{"href":"https:\/\/blog.holyart.it\/it\/wp-json\/wp\/v2\/types\/post"}],"author":[{"embeddable":true,"href":"https:\/\/blog.holyart.it\/it\/wp-json\/wp\/v2\/users\/1"}],"replies":[{"embeddable":true,"href":"https:\/\/blog.holyart.it\/it\/wp-json\/wp\/v2\/comments?post=18158"}],"version-history":[{"count":3,"href":"https:\/\/blog.holyart.it\/it\/wp-json\/wp\/v2\/posts\/18158\/revisions"}],"predecessor-version":[{"id":18167,"href":"https:\/\/blog.holyart.it\/it\/wp-json\/wp\/v2\/posts\/18158\/revisions\/18167"}],"wp:featuredmedia":[{"embeddable":true,"href":"https:\/\/blog.holyart.it\/it\/wp-json\/wp\/v2\/media\/18168"}],"wp:attachment":[{"href":"https:\/\/blog.holyart.it\/it\/wp-json\/wp\/v2\/media?parent=18158"}],"wp:term":[{"taxonomy":"category","embeddable":true,"href":"https:\/\/blog.holyart.it\/it\/wp-json\/wp\/v2\/categories?post=18158"},{"taxonomy":"post_tag","embeddable":true,"href":"https:\/\/blog.holyart.it\/it\/wp-json\/wp\/v2\/tags?post=18158"}],"curies":[{"name":"wp","href":"https:\/\/api.w.org\/{rel}","templated":true}]}}