{"id":18139,"date":"2023-07-19T14:22:26","date_gmt":"2023-07-19T12:22:26","guid":{"rendered":"https:\/\/blog.holyart.it\/it\/?p=18139"},"modified":"2023-07-20T14:23:48","modified_gmt":"2023-07-20T12:23:48","slug":"san-charbel-i-miracoli-che-lo-hanno-reso-beato","status":"publish","type":"post","link":"https:\/\/blog.holyart.it\/it\/santi-e-beati\/san-charbel-i-miracoli-che-lo-hanno-reso-beato\/","title":{"rendered":"San Charbel: i miracoli che lo hanno reso beato"},"content":{"rendered":"<h4>Esempio di umilt\u00e0 e totale devozione a Dio, San Charbel ha molti punti in comune col nostro Padre Pio. Ecco la storia del Santo guaritore libanese<\/h4>\n\n<p><a href=\"https:\/\/www.holyart.it\/it\/articoli-religiosi\/statue\/statue-in-legno-dipinto\/statua-san-charbel-legno-dipinto-val-gardena\"><strong>San Charbel Makhlouf<\/strong><\/a>, noto anche come Padre Charbel, \u00e8 una figura venerata nel mondo cattolico per i numerosi miracoli attribuiti alla sua intercessione. La sua vita semplice e umile, dedicata alla preghiera e alla santit\u00e0, continua a ispirare milioni di persone in tutto il mondo.<\/p>\n<p>Nato nel<strong> 1828 in un piccolo villaggio<\/strong> nel nord del <strong>Libano<\/strong>, Youssef Antoun era figlio di contadini. Fin da bambino dimostr\u00f2 grande propensione per la spiritualit\u00e0 e la vita contemplativa, e queste sue tendenze si accentuarono quando la madre, rimasta vedova, si rispos\u00f2 con un uomo pio, che in seguito divenne sacerdote. Cos\u00ec il piccolo Youssef Antoun pot\u00e9 vivere in prima persona l&#8217;esperienza del patrigno e quella dei due zii eremiti, tutti devoti a Dio, tutti impegnati a adorarlo e pregarlo. Anche il bambino, crescendo, decise di dedicare la propria vita alla preghiera e alla penitenza, e perfino quando venne mandato a lavorare come pastore trascorreva ogni momento possibile immerso nella preghiera in una grotta oggi <a href=\"https:\/\/www.holyart.it\/blog\/articoli-religiosi\/5-luoghi-di-pellegrinaggio-dove-andare-almeno-una-volta-nella-vita\/\"><strong>meta di pellegrinaggi<\/strong><\/a> da parte dei suoi devoti. La grotta \u00e8 conosciuta come<em> Grotta del Santo<\/em>.<\/p>\n<div class=\"link-product\">\n<div class=\"blocco-immagine\"><img loading=\"lazy\" decoding=\"async\" class=\"size-full wp-image-818 alignleft\" src=\"https:\/\/blog.holyart.it\/it\/wp-content\/uploads\/sites\/17\/2023\/07\/statua-san-charbel.jpg\" alt=\"statua san charbel\" width=\"100\" height=\"100\" \/><\/div>\n<div class=\"blocco-contenuto\">\n<div class=\"blocco-acquista\">Acquista su Holyart:<\/div>\n<div class=\"blocco-titolo\"><a href=\"https:\/\/www.holyart.it\/it\/articoli-religiosi\/statue\/statue-in-legno-dipinto\/statua-san-charbel-legno-dipinto-val-gardena\">Statua San Charbel legno dipinto Val Gardena <\/a><\/div>\n<div class=\"blocco-descrizione\">La statua di San Charbel viene prodotta in Val Gardena, utilizzando legno accuratamente selezionato.<\/div>\n<\/div>\n<\/div>\n<p>Solo una volta cresciuto Youssef ottenne dalla famiglia il permesso di abbracciare la vita religiosa, la sola che avesse mai desiderato. A ventitr\u00e9 anni entr\u00f2 nel monastero della Madonna di Mayfouq. Cambi\u00f2 anche nome, da Youssef a <strong>Charbel<\/strong>, che significa &#8220;racconto di Dio&#8221;. Presi i voti ed entrato come sacerdote nell\u2019Ordine Libanese Maronita, visse per quindici anni tra il monastero di San Marone ad Annaya e quello di San Cipriano di Kfifen, servendo Dio e l&#8217;Ordine, dedicandosi ai compiti che gli venivano imposti e al servizio del prossimo, anelando tuttavia sempre alla vita da eremita. Finalmente ottenne il permesso di ritirarsi nell\u2019eremo dei <strong><a href=\"https:\/\/www.holyart.it\/blog\/santi-e-beati\/san-pietro-e-paolo-perche-vengono-festeggiati-insieme\/\">SS. Pietro e Paolo<\/a><\/strong>, non lontano da Annaya, in totale solitudine, dedicandosi alla preghiera, alla meditazione e alla penitenza. In quel ritiro quasi assoluto, San Charbel pot\u00e9 approfondire la sua unione con Dio.<\/p>\n<div class=\"link-article\">\n<p><img loading=\"lazy\" decoding=\"async\" class=\"size-full wp-image-819 alignleft\" src=\"https:\/\/blog.holyart.it\/it\/wp-content\/uploads\/sites\/17\/2023\/07\/santi-pietro-e-paolo.jpg\" alt=\"santi pietro e paolo\" width=\"150\" height=\"99\" \/><\/p>\n<div class=\"leggi-anche\">Leggi anche:<\/div>\n<p><strong><a href=\"https:\/\/www.holyart.it\/blog\/santi-e-beati\/san-pietro-e-paolo-perche-vengono-festeggiati-insieme\/\">San Pietro e Paolo, perch\u00e9 vengono festeggiati insieme?<\/a><\/strong><br \/>\nIl 29 giugno si festeggiano San Pietro e Paolo. Due apostoli, due uomini diversissimi tra loro&#8230;<\/p>\n<\/div>\n<p>San Charbel si sent\u00ec male durante la messa, mentre alzava l&#8217;Eucarestia al cielo, e mor\u00ec la notte della vigilia di Natale del 1898, dopo un&#8217;agonia di otto giorni trascorsi in preghiera. Dopo qualche mese dalla sua morte i monaci dell&#8217;eremo iniziarono ad assistere a eventi prodigiosi.<\/p>\n<p>Nella sua semplicit\u00e0, umilt\u00e0 e totale dedizione a Dio, San Charbel Makhlouf ci ricorda l&#8217;importanza di una vita di <strong>preghiera fervente e assoluta fiducia<\/strong>. Fin dalla sua morte \u00e8 diventato un faro di speranza per molte persone che affrontano <a href=\"https:\/\/www.holyart.it\/blog\/articoli-religiosi\/preghiera-per-i-malati-pregare-per-una-persona-cara-o-per-se-stessi\/\"><strong>malattie e difficolt\u00e0<\/strong><\/a>. I suoi miracoli e le sue preghiere miracolose continuano a ispirare i fedeli in tutto il mondo, offrendo conforto, guarigione e rinnovamento spirituale. Per molti devoti, il pellegrinaggio al Libano per visitare la tomba di San Charbel \u00e8 un&#8217;esperienza spirituale significativa.<\/p>\n<p><strong>Paolo VI lo proclam\u00f2 santo nel 1977<\/strong> e la sua memoria liturgica \u00e8 fissata per il <strong>24 luglio<\/strong>, ma ad Annaya, lo ricordano il 24 Dicembre, data della sua morte.<\/p>\n<div class=\"link-article\">\n<p><img loading=\"lazy\" decoding=\"async\" class=\"size-full wp-image-18153 alignleft\" src=\"https:\/\/blog.holyart.it\/it\/wp-content\/uploads\/sites\/17\/2023\/07\/preghiera-per-i-malati.jpg\" alt=\"preghiera per i malati\" width=\"150\" height=\"99\" data-kale-share-title=\"San Charbel: i miracoli che lo hanno reso beato\" data-kale-share-url=\"https:\/\/blog.holyart.it\/it\/?p=18139\" \/><\/p>\n<div class=\"leggi-anche\">Leggi anche:<\/div>\n<p><strong><a href=\"https:\/\/www.holyart.it\/blog\/articoli-religiosi\/preghiera-per-i-malati-pregare-per-una-persona-cara-o-per-se-stessi\/\">Preghiera per i malati: pregare per una persona cara o per se stessi<\/a><\/strong><br \/>\nEcco la preghiera per i malati da rivolgere a Ges\u00f9 o alla Madonna&#8230;<\/p>\n<\/div>\n<h2>I miracoli di San Charbel<\/h2>\n<p>I monaci compagni di <strong>San Charbel<\/strong> furono i primi a constatare gli eventi straordinari legati alla sua morte. Molti giurarono di aver visto la sua tomba risplendere di luci innaturali, la notte, e quelle chiacchiere divennero cos\u00ec insistenti che si decise di aprirla, pochi mesi dopo la sua morte. Davanti agli occhi meravigliati e timorosi dei compagni monaci, il corpo di San Chabrel venne ritrovato intatto e caldo come quello di un uomo vivo. Successivamente, la tomba venne aperta di nuovo, e il corpo <strong>trasudava un misto di sangue e acqua<\/strong>. Contemporaneamente, molte <a href=\"https:\/\/www.holyart.it\/blog\/articoli-religiosi\/i-miracoli-cosa-sono-e-come-vengono-classificati\/\"><strong>guarigioni istantanee e inspiegabili<\/strong><\/a> iniziarono a coinvolgere chi aveva assistito all&#8217;apertura della tomba, e in seguito chi aveva iniziato a rivolgere le proprie preghiere all&#8217;umile monaco, per cercare il suo aiuto e la sua intercessione nelle tribolazioni.<\/p>\n<div class=\"link-article\">\n<p><img loading=\"lazy\" decoding=\"async\" class=\"size-full wp-image-18154 alignleft\" src=\"https:\/\/blog.holyart.it\/it\/wp-content\/uploads\/sites\/17\/2023\/07\/miracoli.jpg\" alt=\"miracoli\" width=\"150\" height=\"99\" data-kale-share-title=\"San Charbel: i miracoli che lo hanno reso beato\" data-kale-share-url=\"https:\/\/blog.holyart.it\/it\/?p=18139\" \/><\/p>\n<div class=\"leggi-anche\">Leggi anche:<\/div>\n<p><strong><a href=\"https:\/\/www.holyart.it\/blog\/articoli-religiosi\/i-miracoli-cosa-sono-e-come-vengono-classificati\/\">I miracoli: cosa sono e come vengono classificati<\/a><\/strong><br \/>\nGuarigioni ed esorcismi, apparizioni, dominio sulla natura, fino alla resurrezione dei morti. Ges\u00f9 e i suoi miracoli, un retaggio di storia&#8230;<\/p>\n<\/div>\n<p>Tra i <strong>miracoli<\/strong> pi\u00f9 famosi e presi in considerazione per la causa di beatificazione di San Charbel Makhluf, noto anche come <em>San Charbel il guaritore<\/em>, uno ebbe come protagonista <strong>Nohad El Shami<\/strong>, una donna affetta da emiplegia e con una doppia occlusione della carotide, che raccont\u00f2 di aver sognato due monaci maroniti e che uno di essi le aveva posato le mani sul collo, come per operarla. Al risveglio aveva due ferite sul collo, una su ogni lato, ed era guarita. In seguito riconobbe in Charbel Makhlouf il monaco che l&#8217;aveva operata.<br \/>\n<strong>Dafn\u00e9 Gutierrez<\/strong>, un&#8217;altra donna divenuta cieca, si era recata presso la <strong>chiesa maronita di San Giuseppe<\/strong>, dove era esposta una <a href=\"https:\/\/www.holyart.it\/it\/accessori-per-la-liturgia\/ostensori-teche-reliquiari-tronetti\"><strong>reliquia<\/strong><\/a> di San Charbel. Il parroco della chiesa le aveva posato una mano sulla testa e una sugli occhi, pregando San Charbel per la sua guarigione. La donna sent\u00ec un intenso prurito e i suoi occhi ricominciarono a vedere.<\/p>\n<div class=\"link-product\">\n<div class=\"blocco-immagine\"><img loading=\"lazy\" decoding=\"async\" class=\"size-full wp-image-820 alignleft\" src=\"https:\/\/blog.holyart.it\/it\/wp-content\/uploads\/sites\/17\/2023\/07\/portareliquia-ottone-dorato.jpg\" alt=\"portareliquia ottone dorato\" width=\"100\" height=\"100\" \/><\/div>\n<div class=\"blocco-contenuto\">\n<div class=\"blocco-acquista\">Acquista su Holyart:<\/div>\n<div class=\"blocco-titolo\"><a href=\"https:\/\/www.holyart.it\/it\/accessori-per-la-liturgia\/ostensori-teche-reliquiari-tronetti\">Ostensori, Teche, Reliquiari, Tronetti<\/a><\/div>\n<div class=\"blocco-descrizione\">Ostensori, teche, reliquari e tronetti di diversa fattura: oggetti preziosi realizzati a mano da artigiani italiani.<\/div>\n<\/div>\n<\/div>\n<h2>Olio di San Charbel<\/h2>\n<p>Oltre alle preghiere, ci sono anche <strong>oggetti devozionali<\/strong> associati a San Charbel. L&#8217;<strong>olio di San Charbel<\/strong>, che viene benedetto presso la sua tomba e distribuito durante le celebrazioni speciali, viene spesso utilizzato <a href=\"https:\/\/www.holyart.it\/blog\/articoli-religiosi\/unzione-degli-infermi-che-cose-e-come-si-svolge\/\"><strong>per ungere i malati<\/strong><\/a> o per pregare per la guarigione. \u00c8 considerato un oggetto sacro e pu\u00f2 essere richiesto dai <strong>Monasteri Maroniti<\/strong> in tutto il mondo, anche tramite posta. All&#8217;olio di San Chabrel sono attribuiti numerosi prodigi. L&#8217;olio richiamerebbe il liquido miracoloso trasudato dal corpo intatto del Santo poco dopo la morte.<\/p>\n<p>Nel 2007 una bimba gravemente malata venne unta per giorni con l&#8217;olio di San Charbel e in qualche tempo guar\u00ec perfettamente. Il racconto di questo miracolo menziona spesso il profumo particolare che la mamma della piccola avvertiva intorno al lettino, profumo scaturito dall&#8217;olio stesso. In questo, come in altri dettagli, San Charbel ricorda il nostro <strong><a href=\"https:\/\/www.holyart.it\/blog\/santi-e-beati\/padre-pio-e-la-sua-preghiera-preferita\/\">Padre Pio da Pietralcina<\/a><\/strong>, e i <a href=\"https:\/\/www.holyart.it\/blog\/santi-e-beati\/profumi-di-padre-pio\/\"><strong>profumi miracolosi<\/strong> <\/a>a lui legati.<\/p>\n<div class=\"link-article\">\n<p><img loading=\"lazy\" decoding=\"async\" class=\"size-full wp-image-821 alignleft\" src=\"https:\/\/blog.holyart.it\/it\/wp-content\/uploads\/sites\/17\/2023\/07\/profumi-di-padre-pio.jpg\" alt=\"profumi di padre pio\" width=\"150\" height=\"99\" \/><\/p>\n<div class=\"leggi-anche\">Leggi anche:<\/div>\n<p><strong><a href=\"https:\/\/www.holyart.it\/blog\/santi-e-beati\/profumi-di-padre-pio\/\">I profumi di Padre Pio tra fede e suggestione<\/a><\/strong><br \/>\nI profumi di Padre Pio rappresentano solo uno degli aspetti pi\u00f9 suggestivi della venerazione&#8230;<\/p>\n<\/div>\n<h2>Coroncina di San Charbel<\/h2>\n<p>La <a href=\"https:\/\/www.holyart.it\/it\/articoli-religiosi\/rosari-e-portarosari\/rosari-metallo\/rosario-san-charbel-metallo-grani-rossi-azzurri-trasparenti-vetro-5-mm\"><strong>Coroncina di San Charbel<\/strong><\/a> \u00e8 un&#8217;altra pratica devozionale molto potente, usata dai fedeli del Santo libanese per onorarlo e chiedere la sua intercessione. Si tratta di uno speciale Rosario composto da 3 grani, che si ripetono 5 volte. Nelle prime 3 ripetizioni i grani sono <strong>rossi<\/strong>, nella quarta <strong>bianchi<\/strong> o trasparenti, nell\u2019ultima <strong>azzurri<\/strong>, simbolo della venerazione del santo verso la Madonna. Tra un gruppo e l&#8217;altro c&#8217;\u00e8 un grano nero, mentre un grano bianco segna l&#8217;inizio delle ripetizioni. La Coroncina si apre con la preghiera recitata da San Charbel durante la sua ultima Messa:<\/p>\n<p><em>Nel Nome del Padre, del Figlio e dello Spirito Santo. Amen.<\/em><br \/>\nSul grano bianco iniziale, si recita:<br \/>\n<em>O Padre della verit\u00e0, ecco il tuo Figlio, vittima a te gradita. Accettalo, o Padre, perch\u00e9 \u00e8 morto per me.<\/em><br \/>\n<em>Ecco, il suo Sangue versato sul Golgota intercede per la mia salvezza. Per i suoi meriti, accetta la mia offerta. Se ho peccato molto, tanto pi\u00f9 grande \u00e8 la tua Misericordia.<\/em><\/p>\n<div class=\"link-product\">\n<div class=\"blocco-immagine\"><img loading=\"lazy\" decoding=\"async\" class=\"size-full wp-image-822 alignleft\" src=\"https:\/\/blog.holyart.it\/it\/wp-content\/uploads\/sites\/17\/2023\/07\/rosario-san-charbel.jpg\" alt=\"rosario san charbel\" width=\"100\" height=\"100\" \/><\/div>\n<div class=\"blocco-contenuto\">\n<div class=\"blocco-acquista\">Acquista su Holyart:<\/div>\n<div class=\"blocco-titolo\"><a href=\"https:\/\/www.holyart.it\/it\/articoli-religiosi\/rosari-e-portarosari\/rosari-metallo\/rosario-san-charbel-metallo-grani-rossi-azzurri-trasparenti-vetro-5-mm\">Rosario San Charbel metallo<\/a><\/div>\n<div class=\"blocco-descrizione\">Il rosario \u00e8 composto da un ciondolo che rappresenta San Charbel e una medaglietta raffigurante il Sacro Cuore di Ges\u00f9.<\/div>\n<\/div>\n<\/div>\n<p>Si alternano poi Padre Nostro sui grani neri e Ave Maria sui grani rossi e bianchi, in onore della fedelt\u00e0 di San Charbel ai voti di povert\u00e0,\u00a0castit\u00e0 e obbedienza e per la sua devozione alla Santa Eucaristia. Sui grani azzurri si prega in onore della devozione di San Charbel alla <strong>Madonna, Madre di Dio<\/strong>.<\/p>\n<h2>Novena a San Charbel<\/h2>\n<p>La <strong>Novena a San Charbel<\/strong> viene recitata dai suoi devoti nei nove giorni che precedono il 24 luglio, giorno della sua memoria liturgica. I fedeli si rivolgono a San Charbel con umilt\u00e0 e fiducia, chiedendo la sua intercessione in situazioni difficili e chiedendo grazie particolari. Molti credono che la preghiera fervente e perseverante a San Charbel possa portare a miracoli e guarigioni.<\/p>\n<p>Il primo giorno della Novena si apre cos\u00ec:<\/p>\n<p><em>Nel nome del Padre e del Figlio e dello Spirito Santo.<br \/>\n<\/em><em>Amen.<\/em><i><br \/>\n<em>O Dio, vieni a salvarmi. Signore vieni presto in mio aiuto.<\/em><br \/>\n<em>O San Charbel, specchio di virt\u00f9, vieni in mio aiuto e chiedi a Dio la grazia di cui ho bisogno (chiedere la grazia), per la gloria del Suo nome e la salvezza dell\u2019anima mia. Amen.<\/em><br \/>\n<em>San Charbel, intercedi per me.<br \/>\nAmen.<\/em><br \/>\n<em>O Signore Ges\u00f9 che hai dato a san Charbel il dono della fede, ti prego di concedermi per sua intercessione la grazia che Ti chiedo, per vivere secondo i Tuoi comandamenti e il Tuo santo vangelo.<br \/>\nA Te la gloria nei secoli.<br \/>\nAmen.<\/em><\/i><\/p>\n","protected":false},"excerpt":{"rendered":"<p>Esempio di umilt\u00e0 e totale devozione a Dio, San Charbel ha molti punti in comune col nostro Padre Pio. Ecco la storia del Santo guaritore libanese San Charbel Makhlouf, noto anche come Padre Charbel, \u00e8 una figura venerata nel mondo cattolico per i numerosi miracoli&hellip;<\/p>\n","protected":false},"author":1,"featured_media":18151,"comment_status":"closed","ping_status":"open","sticky":false,"template":"","format":"standard","meta":{"_acf_changed":false,"footnotes":""},"categories":[15],"tags":[],"class_list":["post-18139","post","type-post","status-publish","format-standard","has-post-thumbnail","hentry","category-santi-e-beati"],"acf":[],"yoast_head":"<!-- This site is optimized with the Yoast SEO plugin v26.6 - https:\/\/yoast.com\/wordpress\/plugins\/seo\/ -->\n<title>San Charbel: i miracoli che lo hanno reso beato - Holyblog<\/title>\n<meta name=\"description\" content=\"San Charbel \u00e8 un santo libanese molto venerato per i suoi miracoli di guarigione. Visse da eremita, tra preghiera e contemplazione\" \/>\n<meta name=\"robots\" content=\"index, follow, max-snippet:-1, max-image-preview:large, max-video-preview:-1\" \/>\n<link rel=\"canonical\" href=\"https:\/\/blog.holyart.it\/it\/santi-e-beati\/san-charbel-i-miracoli-che-lo-hanno-reso-beato\/\" \/>\n<meta property=\"og:locale\" content=\"it_IT\" \/>\n<meta property=\"og:type\" content=\"article\" \/>\n<meta property=\"og:title\" content=\"San Charbel: i miracoli che lo hanno reso beato - Holyblog\" \/>\n<meta property=\"og:description\" content=\"San Charbel \u00e8 un santo libanese molto venerato per i suoi miracoli di guarigione. Visse da eremita, tra preghiera e contemplazione\" \/>\n<meta property=\"og:url\" content=\"https:\/\/blog.holyart.it\/it\/santi-e-beati\/san-charbel-i-miracoli-che-lo-hanno-reso-beato\/\" \/>\n<meta property=\"og:site_name\" content=\"Holyblog\" \/>\n<meta property=\"article:published_time\" content=\"2023-07-19T12:22:26+00:00\" \/>\n<meta property=\"article:modified_time\" content=\"2023-07-20T12:23:48+00:00\" \/>\n<meta property=\"og:image\" content=\"https:\/\/blog.holyart.it\/it\/wp-content\/uploads\/sites\/17\/2023\/07\/San-Charbel.jpg\" \/>\n\t<meta property=\"og:image:width\" content=\"1000\" \/>\n\t<meta property=\"og:image:height\" content=\"666\" \/>\n\t<meta property=\"og:image:type\" content=\"image\/jpeg\" \/>\n<meta name=\"author\" content=\"Redazione\" \/>\n<meta name=\"twitter:card\" content=\"summary_large_image\" \/>\n<meta name=\"twitter:label1\" content=\"Scritto da\" \/>\n\t<meta name=\"twitter:data1\" content=\"Redazione\" \/>\n\t<meta name=\"twitter:label2\" content=\"Tempo di lettura stimato\" \/>\n\t<meta name=\"twitter:data2\" content=\"10 minuti\" \/>\n<script type=\"application\/ld+json\" class=\"yoast-schema-graph\">{\"@context\":\"https:\/\/schema.org\",\"@graph\":[{\"@type\":\"Article\",\"@id\":\"https:\/\/blog.holyart.it\/it\/santi-e-beati\/san-charbel-i-miracoli-che-lo-hanno-reso-beato\/#article\",\"isPartOf\":{\"@id\":\"https:\/\/blog.holyart.it\/it\/santi-e-beati\/san-charbel-i-miracoli-che-lo-hanno-reso-beato\/\"},\"author\":{\"name\":\"Redazione\",\"@id\":\"https:\/\/blog.holyart.it\/it\/#\/schema\/person\/0a7b686e5af0f856ec1e390dd0baecda\"},\"headline\":\"San Charbel: i miracoli che lo hanno reso beato\",\"datePublished\":\"2023-07-19T12:22:26+00:00\",\"dateModified\":\"2023-07-20T12:23:48+00:00\",\"mainEntityOfPage\":{\"@id\":\"https:\/\/blog.holyart.it\/it\/santi-e-beati\/san-charbel-i-miracoli-che-lo-hanno-reso-beato\/\"},\"wordCount\":1518,\"publisher\":{\"@id\":\"https:\/\/blog.holyart.it\/it\/#organization\"},\"image\":{\"@id\":\"https:\/\/blog.holyart.it\/it\/santi-e-beati\/san-charbel-i-miracoli-che-lo-hanno-reso-beato\/#primaryimage\"},\"thumbnailUrl\":\"https:\/\/blog.holyart.it\/it\/wp-content\/uploads\/sites\/17\/2023\/07\/San-Charbel.jpg\",\"articleSection\":[\"Santi e beati\"],\"inLanguage\":\"it-IT\"},{\"@type\":\"WebPage\",\"@id\":\"https:\/\/blog.holyart.it\/it\/santi-e-beati\/san-charbel-i-miracoli-che-lo-hanno-reso-beato\/\",\"url\":\"https:\/\/blog.holyart.it\/it\/santi-e-beati\/san-charbel-i-miracoli-che-lo-hanno-reso-beato\/\",\"name\":\"San Charbel: i miracoli che lo hanno reso beato - Holyblog\",\"isPartOf\":{\"@id\":\"https:\/\/blog.holyart.it\/it\/#website\"},\"primaryImageOfPage\":{\"@id\":\"https:\/\/blog.holyart.it\/it\/santi-e-beati\/san-charbel-i-miracoli-che-lo-hanno-reso-beato\/#primaryimage\"},\"image\":{\"@id\":\"https:\/\/blog.holyart.it\/it\/santi-e-beati\/san-charbel-i-miracoli-che-lo-hanno-reso-beato\/#primaryimage\"},\"thumbnailUrl\":\"https:\/\/blog.holyart.it\/it\/wp-content\/uploads\/sites\/17\/2023\/07\/San-Charbel.jpg\",\"datePublished\":\"2023-07-19T12:22:26+00:00\",\"dateModified\":\"2023-07-20T12:23:48+00:00\",\"description\":\"San Charbel \u00e8 un santo libanese molto venerato per i suoi miracoli di guarigione. Visse da eremita, tra preghiera e contemplazione\",\"breadcrumb\":{\"@id\":\"https:\/\/blog.holyart.it\/it\/santi-e-beati\/san-charbel-i-miracoli-che-lo-hanno-reso-beato\/#breadcrumb\"},\"inLanguage\":\"it-IT\",\"potentialAction\":[{\"@type\":\"ReadAction\",\"target\":[\"https:\/\/blog.holyart.it\/it\/santi-e-beati\/san-charbel-i-miracoli-che-lo-hanno-reso-beato\/\"]}]},{\"@type\":\"ImageObject\",\"inLanguage\":\"it-IT\",\"@id\":\"https:\/\/blog.holyart.it\/it\/santi-e-beati\/san-charbel-i-miracoli-che-lo-hanno-reso-beato\/#primaryimage\",\"url\":\"https:\/\/blog.holyart.it\/it\/wp-content\/uploads\/sites\/17\/2023\/07\/San-Charbel.jpg\",\"contentUrl\":\"https:\/\/blog.holyart.it\/it\/wp-content\/uploads\/sites\/17\/2023\/07\/San-Charbel.jpg\",\"width\":1000,\"height\":666,\"caption\":\"San Charbel\"},{\"@type\":\"BreadcrumbList\",\"@id\":\"https:\/\/blog.holyart.it\/it\/santi-e-beati\/san-charbel-i-miracoli-che-lo-hanno-reso-beato\/#breadcrumb\",\"itemListElement\":[{\"@type\":\"ListItem\",\"position\":1,\"name\":\"Homepage\",\"item\":\"https:\/\/blog.holyart.it\/it\/\"},{\"@type\":\"ListItem\",\"position\":2,\"name\":\"Santi e beati\",\"item\":\"https:\/\/blog.holyart.it\/it\/santi-e-beati\/\"},{\"@type\":\"ListItem\",\"position\":3,\"name\":\"San Charbel: i miracoli che lo hanno reso beato\"}]},{\"@type\":\"WebSite\",\"@id\":\"https:\/\/blog.holyart.it\/it\/#website\",\"url\":\"https:\/\/blog.holyart.it\/it\/\",\"name\":\"Holyblog\",\"description\":\"Il Blog di Holyart.it\",\"publisher\":{\"@id\":\"https:\/\/blog.holyart.it\/it\/#organization\"},\"potentialAction\":[{\"@type\":\"SearchAction\",\"target\":{\"@type\":\"EntryPoint\",\"urlTemplate\":\"https:\/\/blog.holyart.it\/it\/?s={search_term_string}\"},\"query-input\":{\"@type\":\"PropertyValueSpecification\",\"valueRequired\":true,\"valueName\":\"search_term_string\"}}],\"inLanguage\":\"it-IT\"},{\"@type\":\"Organization\",\"@id\":\"https:\/\/blog.holyart.it\/it\/#organization\",\"name\":\"Holyblog\",\"url\":\"https:\/\/blog.holyart.it\/it\/\",\"logo\":{\"@type\":\"ImageObject\",\"inLanguage\":\"it-IT\",\"@id\":\"https:\/\/blog.holyart.it\/it\/#\/schema\/logo\/image\/\",\"url\":\"https:\/\/blog.holyart.it\/it\/wp-content\/uploads\/sites\/17\/2022\/12\/Holyart_Blog_Logo.jpg\",\"contentUrl\":\"https:\/\/blog.holyart.it\/it\/wp-content\/uploads\/sites\/17\/2022\/12\/Holyart_Blog_Logo.jpg\",\"width\":300,\"height\":50,\"caption\":\"Holyblog\"},\"image\":{\"@id\":\"https:\/\/blog.holyart.it\/it\/#\/schema\/logo\/image\/\"}},{\"@type\":\"Person\",\"@id\":\"https:\/\/blog.holyart.it\/it\/#\/schema\/person\/0a7b686e5af0f856ec1e390dd0baecda\",\"name\":\"Redazione\"}]}<\/script>\n<!-- \/ Yoast SEO plugin. -->","yoast_head_json":{"title":"San Charbel: i miracoli che lo hanno reso beato - Holyblog","description":"San Charbel \u00e8 un santo libanese molto venerato per i suoi miracoli di guarigione. Visse da eremita, tra preghiera e contemplazione","robots":{"index":"index","follow":"follow","max-snippet":"max-snippet:-1","max-image-preview":"max-image-preview:large","max-video-preview":"max-video-preview:-1"},"canonical":"https:\/\/blog.holyart.it\/it\/santi-e-beati\/san-charbel-i-miracoli-che-lo-hanno-reso-beato\/","og_locale":"it_IT","og_type":"article","og_title":"San Charbel: i miracoli che lo hanno reso beato - Holyblog","og_description":"San Charbel \u00e8 un santo libanese molto venerato per i suoi miracoli di guarigione. Visse da eremita, tra preghiera e contemplazione","og_url":"https:\/\/blog.holyart.it\/it\/santi-e-beati\/san-charbel-i-miracoli-che-lo-hanno-reso-beato\/","og_site_name":"Holyblog","article_published_time":"2023-07-19T12:22:26+00:00","article_modified_time":"2023-07-20T12:23:48+00:00","og_image":[{"width":1000,"height":666,"url":"https:\/\/blog.holyart.it\/it\/wp-content\/uploads\/sites\/17\/2023\/07\/San-Charbel.jpg","type":"image\/jpeg"}],"author":"Redazione","twitter_card":"summary_large_image","twitter_misc":{"Scritto da":"Redazione","Tempo di lettura stimato":"10 minuti"},"schema":{"@context":"https:\/\/schema.org","@graph":[{"@type":"Article","@id":"https:\/\/blog.holyart.it\/it\/santi-e-beati\/san-charbel-i-miracoli-che-lo-hanno-reso-beato\/#article","isPartOf":{"@id":"https:\/\/blog.holyart.it\/it\/santi-e-beati\/san-charbel-i-miracoli-che-lo-hanno-reso-beato\/"},"author":{"name":"Redazione","@id":"https:\/\/blog.holyart.it\/it\/#\/schema\/person\/0a7b686e5af0f856ec1e390dd0baecda"},"headline":"San Charbel: i miracoli che lo hanno reso beato","datePublished":"2023-07-19T12:22:26+00:00","dateModified":"2023-07-20T12:23:48+00:00","mainEntityOfPage":{"@id":"https:\/\/blog.holyart.it\/it\/santi-e-beati\/san-charbel-i-miracoli-che-lo-hanno-reso-beato\/"},"wordCount":1518,"publisher":{"@id":"https:\/\/blog.holyart.it\/it\/#organization"},"image":{"@id":"https:\/\/blog.holyart.it\/it\/santi-e-beati\/san-charbel-i-miracoli-che-lo-hanno-reso-beato\/#primaryimage"},"thumbnailUrl":"https:\/\/blog.holyart.it\/it\/wp-content\/uploads\/sites\/17\/2023\/07\/San-Charbel.jpg","articleSection":["Santi e beati"],"inLanguage":"it-IT"},{"@type":"WebPage","@id":"https:\/\/blog.holyart.it\/it\/santi-e-beati\/san-charbel-i-miracoli-che-lo-hanno-reso-beato\/","url":"https:\/\/blog.holyart.it\/it\/santi-e-beati\/san-charbel-i-miracoli-che-lo-hanno-reso-beato\/","name":"San Charbel: i miracoli che lo hanno reso beato - Holyblog","isPartOf":{"@id":"https:\/\/blog.holyart.it\/it\/#website"},"primaryImageOfPage":{"@id":"https:\/\/blog.holyart.it\/it\/santi-e-beati\/san-charbel-i-miracoli-che-lo-hanno-reso-beato\/#primaryimage"},"image":{"@id":"https:\/\/blog.holyart.it\/it\/santi-e-beati\/san-charbel-i-miracoli-che-lo-hanno-reso-beato\/#primaryimage"},"thumbnailUrl":"https:\/\/blog.holyart.it\/it\/wp-content\/uploads\/sites\/17\/2023\/07\/San-Charbel.jpg","datePublished":"2023-07-19T12:22:26+00:00","dateModified":"2023-07-20T12:23:48+00:00","description":"San Charbel \u00e8 un santo libanese molto venerato per i suoi miracoli di guarigione. Visse da eremita, tra preghiera e contemplazione","breadcrumb":{"@id":"https:\/\/blog.holyart.it\/it\/santi-e-beati\/san-charbel-i-miracoli-che-lo-hanno-reso-beato\/#breadcrumb"},"inLanguage":"it-IT","potentialAction":[{"@type":"ReadAction","target":["https:\/\/blog.holyart.it\/it\/santi-e-beati\/san-charbel-i-miracoli-che-lo-hanno-reso-beato\/"]}]},{"@type":"ImageObject","inLanguage":"it-IT","@id":"https:\/\/blog.holyart.it\/it\/santi-e-beati\/san-charbel-i-miracoli-che-lo-hanno-reso-beato\/#primaryimage","url":"https:\/\/blog.holyart.it\/it\/wp-content\/uploads\/sites\/17\/2023\/07\/San-Charbel.jpg","contentUrl":"https:\/\/blog.holyart.it\/it\/wp-content\/uploads\/sites\/17\/2023\/07\/San-Charbel.jpg","width":1000,"height":666,"caption":"San Charbel"},{"@type":"BreadcrumbList","@id":"https:\/\/blog.holyart.it\/it\/santi-e-beati\/san-charbel-i-miracoli-che-lo-hanno-reso-beato\/#breadcrumb","itemListElement":[{"@type":"ListItem","position":1,"name":"Homepage","item":"https:\/\/blog.holyart.it\/it\/"},{"@type":"ListItem","position":2,"name":"Santi e beati","item":"https:\/\/blog.holyart.it\/it\/santi-e-beati\/"},{"@type":"ListItem","position":3,"name":"San Charbel: i miracoli che lo hanno reso beato"}]},{"@type":"WebSite","@id":"https:\/\/blog.holyart.it\/it\/#website","url":"https:\/\/blog.holyart.it\/it\/","name":"Holyblog","description":"Il Blog di Holyart.it","publisher":{"@id":"https:\/\/blog.holyart.it\/it\/#organization"},"potentialAction":[{"@type":"SearchAction","target":{"@type":"EntryPoint","urlTemplate":"https:\/\/blog.holyart.it\/it\/?s={search_term_string}"},"query-input":{"@type":"PropertyValueSpecification","valueRequired":true,"valueName":"search_term_string"}}],"inLanguage":"it-IT"},{"@type":"Organization","@id":"https:\/\/blog.holyart.it\/it\/#organization","name":"Holyblog","url":"https:\/\/blog.holyart.it\/it\/","logo":{"@type":"ImageObject","inLanguage":"it-IT","@id":"https:\/\/blog.holyart.it\/it\/#\/schema\/logo\/image\/","url":"https:\/\/blog.holyart.it\/it\/wp-content\/uploads\/sites\/17\/2022\/12\/Holyart_Blog_Logo.jpg","contentUrl":"https:\/\/blog.holyart.it\/it\/wp-content\/uploads\/sites\/17\/2022\/12\/Holyart_Blog_Logo.jpg","width":300,"height":50,"caption":"Holyblog"},"image":{"@id":"https:\/\/blog.holyart.it\/it\/#\/schema\/logo\/image\/"}},{"@type":"Person","@id":"https:\/\/blog.holyart.it\/it\/#\/schema\/person\/0a7b686e5af0f856ec1e390dd0baecda","name":"Redazione"}]}},"_links":{"self":[{"href":"https:\/\/blog.holyart.it\/it\/wp-json\/wp\/v2\/posts\/18139","targetHints":{"allow":["GET"]}}],"collection":[{"href":"https:\/\/blog.holyart.it\/it\/wp-json\/wp\/v2\/posts"}],"about":[{"href":"https:\/\/blog.holyart.it\/it\/wp-json\/wp\/v2\/types\/post"}],"author":[{"embeddable":true,"href":"https:\/\/blog.holyart.it\/it\/wp-json\/wp\/v2\/users\/1"}],"replies":[{"embeddable":true,"href":"https:\/\/blog.holyart.it\/it\/wp-json\/wp\/v2\/comments?post=18139"}],"version-history":[{"count":7,"href":"https:\/\/blog.holyart.it\/it\/wp-json\/wp\/v2\/posts\/18139\/revisions"}],"predecessor-version":[{"id":18156,"href":"https:\/\/blog.holyart.it\/it\/wp-json\/wp\/v2\/posts\/18139\/revisions\/18156"}],"wp:featuredmedia":[{"embeddable":true,"href":"https:\/\/blog.holyart.it\/it\/wp-json\/wp\/v2\/media\/18151"}],"wp:attachment":[{"href":"https:\/\/blog.holyart.it\/it\/wp-json\/wp\/v2\/media?parent=18139"}],"wp:term":[{"taxonomy":"category","embeddable":true,"href":"https:\/\/blog.holyart.it\/it\/wp-json\/wp\/v2\/categories?post=18139"},{"taxonomy":"post_tag","embeddable":true,"href":"https:\/\/blog.holyart.it\/it\/wp-json\/wp\/v2\/tags?post=18139"}],"curies":[{"name":"wp","href":"https:\/\/api.w.org\/{rel}","templated":true}]}}