{"id":18063,"date":"2023-07-12T12:01:40","date_gmt":"2023-07-12T10:01:40","guid":{"rendered":"https:\/\/blog.holyart.it\/it\/?p=18063"},"modified":"2024-08-02T09:58:21","modified_gmt":"2024-08-02T07:58:21","slug":"giornata-mondiale-della-gioventu-il-papa-riunisce-i-giovani-di-tutto-il-mondo","status":"publish","type":"post","link":"https:\/\/blog.holyart.it\/it\/articoli-religiosi\/giornata-mondiale-della-gioventu-il-papa-riunisce-i-giovani-di-tutto-il-mondo\/","title":{"rendered":"Giornata Mondiale della Giovent\u00f9: il Papa riunisce i giovani di tutto il mondo"},"content":{"rendered":"<h4>La Giornata Mondiale della Giovent\u00f9 rappresenta un evento senza paragoni per i giovani cattolici, un&#8217;esperienza di fede e condivisione che spesso li porta ad abbracciare la propria vocazione pi\u00f9 autentica. Ecco come \u00e8 nata e quando si svolge<\/h4>\n\n<p>La <strong>Giornata Mondiale della Giovent\u00f9<\/strong> (<strong>GMG<\/strong>) \u00e8 un evento di grande importanza per la Chiesa cattolica e soprattutto per i giovani cattolici. Sin dalla sua prima edizione a <strong>Roma il 23 marzo 1986<\/strong>, la GMG ha dimostrato di essere un vero e proprio laboratorio di fede, un&#8217;occasione unica per condividere la propria spiritualit\u00e0 e sentirsi parte di una comunit\u00e0 pi\u00f9 ampia.\u00a0Oltre ad avere l&#8217;opportunit\u00e0 di <strong>incontrare il Papa<\/strong>, i giovani che aderiscono alle GMG possono partecipare a <a href=\"https:\/\/www.holyart.it\/blog\/articoli-religiosi\/la-preghiera-del-buonumore-la-preferita-di-papa-francesco\/\"><strong>momenti di preghiera<\/strong><\/a>, <strong>catechesi<\/strong>, <strong>celebrazioni liturgiche<\/strong> e ascoltare preziose <strong>testimonianze di fede<\/strong>. Attraverso i momenti di preghiera e riflessione, i giovani vengono incoraggiati a rafforzare la propria fede e a sviluppare una relazione pi\u00f9 profonda con il Signore. Infatti l&#8217;obiettivo principale della GMG \u00e8 quello di <strong>favorire l&#8217;incontro personale con Ges\u00f9 Cristo<\/strong>. Non solo. La Giornata Mondiale della Giovent\u00f9 si rivela per molti un&#8217;occasione per <strong>seguire la propria vocazione<\/strong>, li porti al <a href=\"https:\/\/www.holyart.it\/blog\/articoli-religiosi\/curiosita-sul-matrimonio-come-si-festeggiano-i-matrimoni-nel-mondo\/\"><strong>matrimonio<\/strong><\/a> o alla <a href=\"https:\/\/www.holyart.it\/blog\/articoli-religiosi\/ordinazione-presbiterale-sacerdoti\/\"><strong>vita consacrata<\/strong><\/a>.<\/p>\n<div class=\"link-article\">\n<p><img loading=\"lazy\" decoding=\"async\" class=\"size-full wp-image-18065 alignleft\" src=\"https:\/\/blog.holyart.it\/it\/wp-content\/uploads\/sites\/17\/2023\/07\/papa-francesco.jpg\" alt=\"papa francesco\" width=\"150\" height=\"99\" data-kale-share-title=\"Giornata Mondiale della Giovent\u00f9: il papa riunisce i giovani di tutto il mondo\" data-kale-share-url=\"https:\/\/blog.holyart.it\/it\/?p=18063\" \/><\/p>\n<div class=\"leggi-anche\">Leggi anche:<\/div>\n<p><strong><a href=\"https:\/\/www.holyart.it\/blog\/articoli-religiosi\/la-preghiera-del-buonumore-la-preferita-di-papa-francesco\/\">La preghiera del buonumore: la preferita di Papa Francesco<\/a><\/strong><br \/>\nOttobre \u00e8 uno dei mesi dedicati al Santo Rosario, ma ci sono altri modi per rivolgersi a Dio ogni giorno. Ecco la preghiera del buonumore&#8230;<\/p>\n<\/div>\n<p>La Giornata Mondiale della Giovent\u00f9 non \u00e8 importante solo in ambito religioso. A tutti gli effetti pu\u00f2 essere considerata la giornata mondiale dei giovani. Anche i giovani che non appartengono alla chiesa cattolica possono viverla come una grande occasione sociale e culturale, e anzi \u00e8 proprio la sua dimensione di <strong>dialogo interreligioso<\/strong> e di <strong>scambio culturale<\/strong> a farne uno strumento prezioso per promuovere e favorire l&#8217;unit\u00e0 e la fraternit\u00e0, la pace e l&#8217;amore tra i popoli di tutto il mondo.<\/p>\n<h2>Quando \u00e8 nata la GMG<\/h2>\n<p>La Giornata Mondiale della Giovent\u00f9 venne istituita ufficialmente il 20 dicembre del 1985, con un&#8217;Esortazione Apostolica scritta da <a href=\"https:\/\/www.holyart.it\/it\/occasioni-speciali\/giovanni-paolo-ii\"><strong>Papa Giovanni Paolo II<\/strong><\/a> e rivolta ai giovani di tutto il mondo. \u00c8 stato questo Papa a ideare e promuovere la prima Giornata Mondiale della Giovent\u00f9. Gi\u00e0 nel <strong>1984<\/strong>, l&#8217;allora Pontefice aveva deciso di organizzare un incontro per la <a href=\"https:\/\/www.holyart.it\/blog\/articoli-religiosi\/domenica-delle-palme-storia-e-significato-della-festa\/\"><strong>Domenica delle Palme<\/strong><\/a> a Roma, per celebrare il <strong>Giubileo dei giovani<\/strong> dell&#8217;Anno Santo della Redenzione 1983-1984. L&#8217;obiettivo iniziale era quello di accogliere sessantamila pellegrini, ma l&#8217;evento super\u00f2 ogni aspettativa: duecentocinquantamila giovani provenienti da diverse nazioni del mondo accorsero alla chiamata del Papa. Il Santo Padre decise di ripetere la celebrazione anche l&#8217;anno successivo, e questa volta furono trecentomila i giovani pellegrini che giunsero a Roma e si riunirono nelle sue chiese e luoghi di culto per momenti di preghiera e catechesi. Tutti si riversarono poi in Piazza San Pietro, per la celebrazione con il Papa. Fu una festa indimenticabile.<\/p>\n<div class=\"link-product\">\n<div class=\"blocco-immagine\"><img loading=\"lazy\" decoding=\"async\" class=\"size-full wp-image-18066 alignleft\" src=\"https:\/\/blog.holyart.it\/it\/wp-content\/uploads\/sites\/17\/2023\/07\/arazzo-papa-giovanni-paolo-ii-con-pastorale-40x30-cm.jpg\" alt=\"arazzo papa giovanni paolo ii con pastorale 40x30 cm\" width=\"100\" height=\"100\" data-kale-share-title=\"Giornata Mondiale della Giovent\u00f9: il papa riunisce i giovani di tutto il mondo\" data-kale-share-url=\"https:\/\/blog.holyart.it\/it\/?p=18063\" \/><\/div>\n<div class=\"blocco-contenuto\">\n<div class=\"blocco-acquista\">Acquista su Holyart:<\/div>\n<div class=\"blocco-titolo\"><a href=\"https:\/\/www.holyart.it\/it\/occasioni-speciali\/giovanni-paolo-ii\">Giovanni Paolo II<\/a><\/div>\n<div class=\"blocco-descrizione\">Tantissimi articoli con l&#8217;immagine del Beato o con i simboli che si legano alla sua vita, come la croce pastorale.<\/div>\n<\/div>\n<\/div>\n<p>Da quel momento in poi, la Giornata Mondiale della Giovent\u00f9 ha continuato a crescere ed evolversi, diventando un evento che coinvolge centinaia di migliaia di giovani provenienti da tutto il mondo.<\/p>\n<h2>Quando si celebra la GMG<\/h2>\n<p>A livello diocesano, dal 2021 la GMG viene celebrata annualmente durante la <strong>Domenica di <a href=\"https:\/\/www.holyart.it\/it\/articoli-religiosi\/statue\/statue-in-legno-dipinto\/statua-cristo-re-in-legno-dipinto-della-val-gardena\">Cristo Re<\/a><\/strong>, e non pi\u00f9 la Domenica delle Palme, come stabilito inizialmente. Oltre all&#8217;evento organizzato in Piazza San Pietro, ogni due o tre anni viene organizzata una Giornata Mondiale della Giovent\u00f9 in una citt\u00e0 diversa del mondo, scelta dal Papa per motivi spesso simbolici. Per esempio nel 1987 si festeggi\u00f2 in Argentina, a Buenos Aires, proprio mentre il paese stava uscendo dalla dittatura. Quest&#8217;anno la XXXVII Giornata Mondiale della Giovent\u00f9 si terr\u00e0 a <strong>Lisbona dal 1 al 6 agosto<\/strong>.<\/p>\n<div class=\"link-product\">\n<div class=\"blocco-immagine\"><img loading=\"lazy\" decoding=\"async\" class=\"size-full wp-image-18067 alignleft\" src=\"https:\/\/blog.holyart.it\/it\/wp-content\/uploads\/sites\/17\/2023\/07\/statua-cristo-re-in-legno-dipinto-della-val-gardena.jpg\" alt=\"statua cristo re in legno dipinto della val gardena\" width=\"100\" height=\"100\" data-kale-share-title=\"Giornata Mondiale della Giovent\u00f9: il papa riunisce i giovani di tutto il mondo\" data-kale-share-url=\"https:\/\/blog.holyart.it\/it\/?p=18063\" \/><\/div>\n<div class=\"blocco-contenuto\">\n<div class=\"blocco-acquista\">Acquista su Holyart:<\/div>\n<div class=\"blocco-titolo\"><a href=\"https:\/\/www.holyart.it\/it\/articoli-religiosi\/statue\/statue-in-legno-dipinto\/statua-cristo-re-in-legno-dipinto-della-val-gardena\">Statua Cristo Re in legno dipinto della Val Gardena<\/a><\/div>\n<div class=\"blocco-descrizione\">Realizzata in legno d&#8217;acero fino ai 40 cm, mentre dai 60 cm in poi la statua \u00e8 fatta di legno di tiglio.<\/div>\n<\/div>\n<\/div>\n<h2>Il programma della GMG<\/h2>\n<p>Il programma esatto pu\u00f2 variare di volta in volta, ma generalmente il programma di una Giornata Mondiale della Giovent\u00f9 internazionale \u00e8 molto ricco e coinvolge una serie di attivit\u00e0 che si svolgono durante diversi giorni. Il tipico programma di una GMG internazionale prevede:<\/p>\n<ol>\n<li><strong> Arrivo dei partecipanti:<\/strong> I giovani provenienti da tutto il mondo giungono nella citt\u00e0 ospitante della GMG. Solitamente vengono organizzati punti di accoglienza e di registrazione per garantire un&#8217;adeguata sistemazione e una buona logistica durante l&#8217;evento.<\/li>\n<li><strong> Giornate di catechesi e testimonianze:<\/strong> Durante i primi giorni dell&#8217;evento, i partecipanti hanno l&#8217;opportunit\u00e0 di partecipare a catechesi, incontri di formazione e testimonianze di fede. Vengono organizzati diversi seminari, conferenze e laboratori che affrontano temi rilevanti per i giovani e la loro vita spirituale.<\/li>\n<li><strong> Eventi culturali e sociali:<\/strong> Oltre agli aspetti spirituali, la GMG offre anche momenti di celebrazione culturale e sociale. Vengono organizzati concerti, spettacoli, mostre d&#8217;arte e altre attivit\u00e0 per promuovere l&#8217;interculturalit\u00e0 e l&#8217;interazione tra i partecipanti provenienti da diverse nazioni.<\/li>\n<li><strong><a href=\"https:\/\/www.holyart.it\/it\/accessori-per-la-liturgia\/arredi-sacri\/via-crucis\"> Via Crucis<\/a>:<\/strong> Uno degli eventi tradizionali della GMG \u00e8 la Via Crucis, che si svolge di solito il <a href=\"https:\/\/www.holyart.it\/blog\/occasioni-speciali\/le-celebrazioni-del-venerdi-santo-tutti-i-momenti-piu-importanti\/\"><strong>Venerd\u00ec Santo<\/strong><\/a>. I giovani seguono le tappe della Via Crucis, riflettendo sulla passione e morte di Ges\u00f9 Cristo. Questo momento di preghiera e meditazione \u00e8 particolarmente significativo e toccante.<\/li>\n<li><strong> Veglia di preghiera:<\/strong> Durante la GMG, si tiene una Veglia di preghiera notturna che coinvolge tutti i partecipanti. \u00c8 un momento di adorazione, canti, testimonianze e preghiera collettiva guidata dal Papa. La Veglia di preghiera crea un&#8217;atmosfera di spiritualit\u00e0 profonda e di comunione tra i giovani presenti.<\/li>\n<li><strong> Celebrazione eucaristica finale:<\/strong> La GMG culmina con una grande <a href=\"https:\/\/www.holyart.it\/blog\/articoli-religiosi\/adorazione-eucaristica-cose-e-quando-si-pratica\/\"><strong>Celebrazione eucaristica<\/strong><\/a> presieduta dal Papa. \u00c8 il momento pi\u00f9 atteso dell&#8217;evento, in cui migliaia di giovani si riuniscono per partecipare alla Messa con il Santo Padre. Questa celebrazione rappresenta un momento di comunione e di gioia per i giovani cattolici di tutto il mondo.<\/li>\n<\/ol>\n<div class=\"link-product\">\n<div class=\"blocco-immagine\"><img loading=\"lazy\" decoding=\"async\" class=\"size-full wp-image-18068 alignleft\" src=\"https:\/\/blog.holyart.it\/it\/wp-content\/uploads\/sites\/17\/2023\/07\/via-crucis-tavole-ogivali-legno-15-stazioni.jpg\" alt=\"via crucis tavole ogivali legno 15 stazioni\" width=\"100\" height=\"100\" data-kale-share-title=\"Giornata Mondiale della Giovent\u00f9: il papa riunisce i giovani di tutto il mondo\" data-kale-share-url=\"https:\/\/blog.holyart.it\/it\/?p=18063\" \/><\/div>\n<div class=\"blocco-contenuto\">\n<div class=\"blocco-acquista\">Acquista su Holyart:<\/div>\n<div class=\"blocco-titolo\"><a href=\"https:\/\/www.holyart.it\/it\/accessori-per-la-liturgia\/arredi-sacri\/via-crucis\">Via Crucis<\/a><\/div>\n<div class=\"blocco-descrizione\">Categoria dedicata agli articoli rappresentanti la Via Crucis e le 15 stazioni.<\/div>\n<\/div>\n<\/div>\n<p>Oltre a queste attivit\u00e0 principali, ci possono essere anche altre iniziative, come <strong>visite a luoghi di interesse religioso o culturali<\/strong> della citt\u00e0 ospitante, momenti di servizio alla comunit\u00e0 locale e opportunit\u00e0 per i giovani di incontrarsi e condividere le loro esperienze di fede.<\/p>\n<p>Ecco il programma della Giornata della Giovent\u00f9 che si terr\u00e0 a Lisbona nell&#8217;agosto 2023, organizzata da <a href=\"https:\/\/www.holyart.it\/it\/occasioni-speciali\/papa-francesco\"><strong>Papa Francesco<\/strong><\/a>:<\/p>\n<p><strong>Luned\u00ec, 31 luglio 2023<\/strong><br \/>\nArrivo e sistemazione dei pellegrini.<\/p>\n<p><strong>Marted\u00ec, 1 agosto 2023<\/strong><\/p>\n<ul>\n<li>Messa di apertura nella \u201cColina do Encontro\u201d presieduta dal Cardinale Patriarca di Lisbona, D. Manuel Clemente;<\/li>\n<li>Eventi culturali, religiosi, sportivi e artistici nell&#8217;ambito del Festival della Giovent\u00f9 in diversi punti di Lisbona;<\/li>\n<li>Citt\u00e0 della gioia nel parco Vasco da Gama: fiera vocazionale e parco della riconciliazione per confessarsi.<\/li>\n<\/ul>\n<p>Il <strong>Festival della Giovent\u00f9 <\/strong>e la <strong>Citt\u00e0 della gioia<\/strong> si ripeteranno ogni giorno.<\/p>\n<p><strong>Mercoled\u00ec, 2 agosto 2023<\/strong><\/p>\n<ul>\n<li>Catechesi sul tema della Giornata Mondiale della Giovent\u00f9, in diverse lingue. Tutte le catechesi si concludono con la S. Messa;<\/li>\n<li>Festa degli italiani al Passeio Mar\u00edtimo di Alg\u00e9s, con i Vescovi italiani presenti a Lisbona;<\/li>\n<\/ul>\n<p><strong>Gioved\u00ec, 3 agosto 2023<\/strong><\/p>\n<ul>\n<li>Catechesi;<\/li>\n<li>Ore 17.45: Cerimonia di accoglienza di Papa Francesco nella \u201cColina do Encontro\u201d;<\/li>\n<\/ul>\n<p><strong>Venerd\u00ec, 4 agosto 2023<\/strong><\/p>\n<ul>\n<li>Catechesi;<\/li>\n<li>Ore 18.00: Via Crucis con il Papa nella \u201cColina do Encontro\u201d;<\/li>\n<\/ul>\n<p><strong>Sabato, 5 agosto 2023<\/strong><\/p>\n<ul>\n<li>Pellegrinaggio verso il \u201cCampo da Gra\u00e7a\u201d;<\/li>\n<li>Ore 20.45: Veglia serale con il Papa nel \u201cCampo da Gra\u00e7a\u201d.<\/li>\n<\/ul>\n<p><strong>Domenica, 6 agosto 2023<\/strong><\/p>\n<ul>\n<li>Ore 9.00: Messa di mandato presieduta dal Papa nel \u201cCampo da Gra\u00e7a\u201d (Parque Tejo \u2013 Parco del Tago);<\/li>\n<li>Incontro del Papa con i volontari.<\/li>\n<\/ul>\n<h2>Le giornate nelle diocesi<\/h2>\n<p>I<strong> Giorni nelle Diocesi <\/strong>o <strong>DID<\/strong> (<em>Days in the Dioceses<\/em>) sono una parte integrante della preparazione e dell&#8217;esperienza complessiva della Giornata Mondiale della Giovent\u00f9. Durante i DID, i partecipanti all&#8217;evento principale vengono<strong> ospitati all&#8217;interno delle diverse Diocesi<\/strong> che circondano la citt\u00e0 ospitante.<\/p>\n<p>L&#8217;obiettivo principale dei Giorni nelle Diocesi \u00e8 offrire ai giovani l&#8217;opportunit\u00e0 di <strong>entrare in contatto con la realt\u00e0 ecclesiale locale<\/strong> e di vivere un&#8217;esperienza pi\u00f9 profonda di fede, di condivisione culturale e di fraternit\u00e0. Ai partecipanti viene data la possibilit\u00e0 di sperimentare la vita quotidiana delle comunit\u00e0 diocesane e di entrare in contatto con i giovani e i membri della Chiesa locale.<\/p>\n<p>Durante i Giorni nelle Diocesi, vengono organizzati <strong>diversi eventi e attivit\u00e0 <\/strong>che coinvolgono i giovani ospiti. Questi possono includere <strong>momenti di preghiera, catechesi, incontri di formazione, celebrazioni liturgiche, visite a luoghi di interesse religioso o culturale, attivit\u00e0 di servizio alla comunit\u00e0 e scambi culturali.\u00a0<\/strong>Questa interazione crea legami di amicizia, di fraternit\u00e0 e di solidariet\u00e0, promuovendo un&#8217;autentica esperienza di comunione e di condivisione.<\/p>\n<p>I Giorni nelle Diocesi rappresentano un momento di preparazione intensa, che permette ai partecipanti di entrare gradualmente nello spirito dell&#8217;evento principale della GMG. Questa iniziativa \u00e8 stata introdotta ufficialmente durante l&#8217;evento di Parigi nel 1997 e rappresenta un&#8217;importante fase preparatoria dell&#8217;evento.<\/p>\n","protected":false},"excerpt":{"rendered":"<p>La Giornata Mondiale della Giovent\u00f9 rappresenta un evento senza paragoni per i giovani cattolici, un&#8217;esperienza di fede e condivisione che spesso li porta ad abbracciare la propria vocazione pi\u00f9 autentica. Ecco come \u00e8 nata e quando si svolge La Giornata Mondiale della Giovent\u00f9 (GMG) \u00e8&hellip;<\/p>\n","protected":false},"author":1,"featured_media":18070,"comment_status":"closed","ping_status":"open","sticky":false,"template":"","format":"standard","meta":{"_acf_changed":false,"footnotes":""},"categories":[16],"tags":[],"class_list":["post-18063","post","type-post","status-publish","format-standard","has-post-thumbnail","hentry","category-articoli-religiosi"],"acf":[],"yoast_head":"<!-- This site is optimized with the Yoast SEO plugin v26.6 - https:\/\/yoast.com\/wordpress\/plugins\/seo\/ -->\n<title>Giornata Mondiale della Giovent\u00f9: il Papa riunisce i giovani di tutto il mondo<\/title>\n<meta name=\"description\" content=\"Quest&#039;anno la Giornata Mondiale della Giovent\u00f9 si terr\u00e0 a Lisbona. Scopriamo il programma e la storia di questo evento cos\u00ec importante.\" \/>\n<meta name=\"robots\" content=\"index, follow, max-snippet:-1, max-image-preview:large, max-video-preview:-1\" \/>\n<link rel=\"canonical\" href=\"https:\/\/blog.holyart.it\/it\/articoli-religiosi\/giornata-mondiale-della-gioventu-il-papa-riunisce-i-giovani-di-tutto-il-mondo\/\" \/>\n<meta property=\"og:locale\" content=\"it_IT\" \/>\n<meta property=\"og:type\" content=\"article\" \/>\n<meta property=\"og:title\" content=\"Giornata Mondiale della Giovent\u00f9: il Papa riunisce i giovani di tutto il mondo\" \/>\n<meta property=\"og:description\" content=\"Quest&#039;anno la Giornata Mondiale della Giovent\u00f9 si terr\u00e0 a Lisbona. Scopriamo il programma e la storia di questo evento cos\u00ec importante.\" \/>\n<meta property=\"og:url\" content=\"https:\/\/blog.holyart.it\/it\/articoli-religiosi\/giornata-mondiale-della-gioventu-il-papa-riunisce-i-giovani-di-tutto-il-mondo\/\" \/>\n<meta property=\"og:site_name\" content=\"Holyblog\" \/>\n<meta property=\"article:published_time\" content=\"2023-07-12T10:01:40+00:00\" \/>\n<meta property=\"article:modified_time\" content=\"2024-08-02T07:58:21+00:00\" \/>\n<meta property=\"og:image\" content=\"https:\/\/blog.holyart.it\/it\/wp-content\/uploads\/sites\/17\/2023\/07\/giornata-mondiale-della-gioventu.jpg\" \/>\n\t<meta property=\"og:image:width\" content=\"1000\" \/>\n\t<meta property=\"og:image:height\" content=\"666\" \/>\n\t<meta property=\"og:image:type\" content=\"image\/jpeg\" \/>\n<meta name=\"author\" content=\"Redazione\" \/>\n<meta name=\"twitter:card\" content=\"summary_large_image\" \/>\n<meta name=\"twitter:label1\" content=\"Scritto da\" \/>\n\t<meta name=\"twitter:data1\" content=\"Redazione\" \/>\n\t<meta name=\"twitter:label2\" content=\"Tempo di lettura stimato\" \/>\n\t<meta name=\"twitter:data2\" content=\"9 minuti\" \/>\n<script type=\"application\/ld+json\" class=\"yoast-schema-graph\">{\"@context\":\"https:\/\/schema.org\",\"@graph\":[{\"@type\":\"Article\",\"@id\":\"https:\/\/blog.holyart.it\/it\/articoli-religiosi\/giornata-mondiale-della-gioventu-il-papa-riunisce-i-giovani-di-tutto-il-mondo\/#article\",\"isPartOf\":{\"@id\":\"https:\/\/blog.holyart.it\/it\/articoli-religiosi\/giornata-mondiale-della-gioventu-il-papa-riunisce-i-giovani-di-tutto-il-mondo\/\"},\"author\":{\"name\":\"Redazione\",\"@id\":\"https:\/\/blog.holyart.it\/it\/#\/schema\/person\/0a7b686e5af0f856ec1e390dd0baecda\"},\"headline\":\"Giornata Mondiale della Giovent\u00f9: il Papa riunisce i giovani di tutto il mondo\",\"datePublished\":\"2023-07-12T10:01:40+00:00\",\"dateModified\":\"2024-08-02T07:58:21+00:00\",\"mainEntityOfPage\":{\"@id\":\"https:\/\/blog.holyart.it\/it\/articoli-religiosi\/giornata-mondiale-della-gioventu-il-papa-riunisce-i-giovani-di-tutto-il-mondo\/\"},\"wordCount\":1426,\"publisher\":{\"@id\":\"https:\/\/blog.holyart.it\/it\/#organization\"},\"image\":{\"@id\":\"https:\/\/blog.holyart.it\/it\/articoli-religiosi\/giornata-mondiale-della-gioventu-il-papa-riunisce-i-giovani-di-tutto-il-mondo\/#primaryimage\"},\"thumbnailUrl\":\"https:\/\/blog.holyart.it\/it\/wp-content\/uploads\/sites\/17\/2023\/07\/giornata-mondiale-della-gioventu.jpg\",\"articleSection\":[\"Religione\"],\"inLanguage\":\"it-IT\"},{\"@type\":\"WebPage\",\"@id\":\"https:\/\/blog.holyart.it\/it\/articoli-religiosi\/giornata-mondiale-della-gioventu-il-papa-riunisce-i-giovani-di-tutto-il-mondo\/\",\"url\":\"https:\/\/blog.holyart.it\/it\/articoli-religiosi\/giornata-mondiale-della-gioventu-il-papa-riunisce-i-giovani-di-tutto-il-mondo\/\",\"name\":\"Giornata Mondiale della Giovent\u00f9: il Papa riunisce i giovani di tutto il mondo\",\"isPartOf\":{\"@id\":\"https:\/\/blog.holyart.it\/it\/#website\"},\"primaryImageOfPage\":{\"@id\":\"https:\/\/blog.holyart.it\/it\/articoli-religiosi\/giornata-mondiale-della-gioventu-il-papa-riunisce-i-giovani-di-tutto-il-mondo\/#primaryimage\"},\"image\":{\"@id\":\"https:\/\/blog.holyart.it\/it\/articoli-religiosi\/giornata-mondiale-della-gioventu-il-papa-riunisce-i-giovani-di-tutto-il-mondo\/#primaryimage\"},\"thumbnailUrl\":\"https:\/\/blog.holyart.it\/it\/wp-content\/uploads\/sites\/17\/2023\/07\/giornata-mondiale-della-gioventu.jpg\",\"datePublished\":\"2023-07-12T10:01:40+00:00\",\"dateModified\":\"2024-08-02T07:58:21+00:00\",\"description\":\"Quest'anno la Giornata Mondiale della Giovent\u00f9 si terr\u00e0 a Lisbona. Scopriamo il programma e la storia di questo evento cos\u00ec importante.\",\"breadcrumb\":{\"@id\":\"https:\/\/blog.holyart.it\/it\/articoli-religiosi\/giornata-mondiale-della-gioventu-il-papa-riunisce-i-giovani-di-tutto-il-mondo\/#breadcrumb\"},\"inLanguage\":\"it-IT\",\"potentialAction\":[{\"@type\":\"ReadAction\",\"target\":[\"https:\/\/blog.holyart.it\/it\/articoli-religiosi\/giornata-mondiale-della-gioventu-il-papa-riunisce-i-giovani-di-tutto-il-mondo\/\"]}]},{\"@type\":\"ImageObject\",\"inLanguage\":\"it-IT\",\"@id\":\"https:\/\/blog.holyart.it\/it\/articoli-religiosi\/giornata-mondiale-della-gioventu-il-papa-riunisce-i-giovani-di-tutto-il-mondo\/#primaryimage\",\"url\":\"https:\/\/blog.holyart.it\/it\/wp-content\/uploads\/sites\/17\/2023\/07\/giornata-mondiale-della-gioventu.jpg\",\"contentUrl\":\"https:\/\/blog.holyart.it\/it\/wp-content\/uploads\/sites\/17\/2023\/07\/giornata-mondiale-della-gioventu.jpg\",\"width\":1000,\"height\":666,\"caption\":\"giornata mondiale della giovent\u00f9\"},{\"@type\":\"BreadcrumbList\",\"@id\":\"https:\/\/blog.holyart.it\/it\/articoli-religiosi\/giornata-mondiale-della-gioventu-il-papa-riunisce-i-giovani-di-tutto-il-mondo\/#breadcrumb\",\"itemListElement\":[{\"@type\":\"ListItem\",\"position\":1,\"name\":\"Homepage\",\"item\":\"https:\/\/blog.holyart.it\/it\/\"},{\"@type\":\"ListItem\",\"position\":2,\"name\":\"Religione\",\"item\":\"https:\/\/blog.holyart.it\/it\/articoli-religiosi\/\"},{\"@type\":\"ListItem\",\"position\":3,\"name\":\"Giornata Mondiale della Giovent\u00f9: il Papa riunisce i giovani di tutto il mondo\"}]},{\"@type\":\"WebSite\",\"@id\":\"https:\/\/blog.holyart.it\/it\/#website\",\"url\":\"https:\/\/blog.holyart.it\/it\/\",\"name\":\"Holyblog\",\"description\":\"Il Blog di Holyart.it\",\"publisher\":{\"@id\":\"https:\/\/blog.holyart.it\/it\/#organization\"},\"potentialAction\":[{\"@type\":\"SearchAction\",\"target\":{\"@type\":\"EntryPoint\",\"urlTemplate\":\"https:\/\/blog.holyart.it\/it\/?s={search_term_string}\"},\"query-input\":{\"@type\":\"PropertyValueSpecification\",\"valueRequired\":true,\"valueName\":\"search_term_string\"}}],\"inLanguage\":\"it-IT\"},{\"@type\":\"Organization\",\"@id\":\"https:\/\/blog.holyart.it\/it\/#organization\",\"name\":\"Holyblog\",\"url\":\"https:\/\/blog.holyart.it\/it\/\",\"logo\":{\"@type\":\"ImageObject\",\"inLanguage\":\"it-IT\",\"@id\":\"https:\/\/blog.holyart.it\/it\/#\/schema\/logo\/image\/\",\"url\":\"https:\/\/blog.holyart.it\/it\/wp-content\/uploads\/sites\/17\/2022\/12\/Holyart_Blog_Logo.jpg\",\"contentUrl\":\"https:\/\/blog.holyart.it\/it\/wp-content\/uploads\/sites\/17\/2022\/12\/Holyart_Blog_Logo.jpg\",\"width\":300,\"height\":50,\"caption\":\"Holyblog\"},\"image\":{\"@id\":\"https:\/\/blog.holyart.it\/it\/#\/schema\/logo\/image\/\"}},{\"@type\":\"Person\",\"@id\":\"https:\/\/blog.holyart.it\/it\/#\/schema\/person\/0a7b686e5af0f856ec1e390dd0baecda\",\"name\":\"Redazione\"}]}<\/script>\n<!-- \/ Yoast SEO plugin. -->","yoast_head_json":{"title":"Giornata Mondiale della Giovent\u00f9: il Papa riunisce i giovani di tutto il mondo","description":"Quest'anno la Giornata Mondiale della Giovent\u00f9 si terr\u00e0 a Lisbona. Scopriamo il programma e la storia di questo evento cos\u00ec importante.","robots":{"index":"index","follow":"follow","max-snippet":"max-snippet:-1","max-image-preview":"max-image-preview:large","max-video-preview":"max-video-preview:-1"},"canonical":"https:\/\/blog.holyart.it\/it\/articoli-religiosi\/giornata-mondiale-della-gioventu-il-papa-riunisce-i-giovani-di-tutto-il-mondo\/","og_locale":"it_IT","og_type":"article","og_title":"Giornata Mondiale della Giovent\u00f9: il Papa riunisce i giovani di tutto il mondo","og_description":"Quest'anno la Giornata Mondiale della Giovent\u00f9 si terr\u00e0 a Lisbona. Scopriamo il programma e la storia di questo evento cos\u00ec importante.","og_url":"https:\/\/blog.holyart.it\/it\/articoli-religiosi\/giornata-mondiale-della-gioventu-il-papa-riunisce-i-giovani-di-tutto-il-mondo\/","og_site_name":"Holyblog","article_published_time":"2023-07-12T10:01:40+00:00","article_modified_time":"2024-08-02T07:58:21+00:00","og_image":[{"width":1000,"height":666,"url":"https:\/\/blog.holyart.it\/it\/wp-content\/uploads\/sites\/17\/2023\/07\/giornata-mondiale-della-gioventu.jpg","type":"image\/jpeg"}],"author":"Redazione","twitter_card":"summary_large_image","twitter_misc":{"Scritto da":"Redazione","Tempo di lettura stimato":"9 minuti"},"schema":{"@context":"https:\/\/schema.org","@graph":[{"@type":"Article","@id":"https:\/\/blog.holyart.it\/it\/articoli-religiosi\/giornata-mondiale-della-gioventu-il-papa-riunisce-i-giovani-di-tutto-il-mondo\/#article","isPartOf":{"@id":"https:\/\/blog.holyart.it\/it\/articoli-religiosi\/giornata-mondiale-della-gioventu-il-papa-riunisce-i-giovani-di-tutto-il-mondo\/"},"author":{"name":"Redazione","@id":"https:\/\/blog.holyart.it\/it\/#\/schema\/person\/0a7b686e5af0f856ec1e390dd0baecda"},"headline":"Giornata Mondiale della Giovent\u00f9: il Papa riunisce i giovani di tutto il mondo","datePublished":"2023-07-12T10:01:40+00:00","dateModified":"2024-08-02T07:58:21+00:00","mainEntityOfPage":{"@id":"https:\/\/blog.holyart.it\/it\/articoli-religiosi\/giornata-mondiale-della-gioventu-il-papa-riunisce-i-giovani-di-tutto-il-mondo\/"},"wordCount":1426,"publisher":{"@id":"https:\/\/blog.holyart.it\/it\/#organization"},"image":{"@id":"https:\/\/blog.holyart.it\/it\/articoli-religiosi\/giornata-mondiale-della-gioventu-il-papa-riunisce-i-giovani-di-tutto-il-mondo\/#primaryimage"},"thumbnailUrl":"https:\/\/blog.holyart.it\/it\/wp-content\/uploads\/sites\/17\/2023\/07\/giornata-mondiale-della-gioventu.jpg","articleSection":["Religione"],"inLanguage":"it-IT"},{"@type":"WebPage","@id":"https:\/\/blog.holyart.it\/it\/articoli-religiosi\/giornata-mondiale-della-gioventu-il-papa-riunisce-i-giovani-di-tutto-il-mondo\/","url":"https:\/\/blog.holyart.it\/it\/articoli-religiosi\/giornata-mondiale-della-gioventu-il-papa-riunisce-i-giovani-di-tutto-il-mondo\/","name":"Giornata Mondiale della Giovent\u00f9: il Papa riunisce i giovani di tutto il mondo","isPartOf":{"@id":"https:\/\/blog.holyart.it\/it\/#website"},"primaryImageOfPage":{"@id":"https:\/\/blog.holyart.it\/it\/articoli-religiosi\/giornata-mondiale-della-gioventu-il-papa-riunisce-i-giovani-di-tutto-il-mondo\/#primaryimage"},"image":{"@id":"https:\/\/blog.holyart.it\/it\/articoli-religiosi\/giornata-mondiale-della-gioventu-il-papa-riunisce-i-giovani-di-tutto-il-mondo\/#primaryimage"},"thumbnailUrl":"https:\/\/blog.holyart.it\/it\/wp-content\/uploads\/sites\/17\/2023\/07\/giornata-mondiale-della-gioventu.jpg","datePublished":"2023-07-12T10:01:40+00:00","dateModified":"2024-08-02T07:58:21+00:00","description":"Quest'anno la Giornata Mondiale della Giovent\u00f9 si terr\u00e0 a Lisbona. Scopriamo il programma e la storia di questo evento cos\u00ec importante.","breadcrumb":{"@id":"https:\/\/blog.holyart.it\/it\/articoli-religiosi\/giornata-mondiale-della-gioventu-il-papa-riunisce-i-giovani-di-tutto-il-mondo\/#breadcrumb"},"inLanguage":"it-IT","potentialAction":[{"@type":"ReadAction","target":["https:\/\/blog.holyart.it\/it\/articoli-religiosi\/giornata-mondiale-della-gioventu-il-papa-riunisce-i-giovani-di-tutto-il-mondo\/"]}]},{"@type":"ImageObject","inLanguage":"it-IT","@id":"https:\/\/blog.holyart.it\/it\/articoli-religiosi\/giornata-mondiale-della-gioventu-il-papa-riunisce-i-giovani-di-tutto-il-mondo\/#primaryimage","url":"https:\/\/blog.holyart.it\/it\/wp-content\/uploads\/sites\/17\/2023\/07\/giornata-mondiale-della-gioventu.jpg","contentUrl":"https:\/\/blog.holyart.it\/it\/wp-content\/uploads\/sites\/17\/2023\/07\/giornata-mondiale-della-gioventu.jpg","width":1000,"height":666,"caption":"giornata mondiale della giovent\u00f9"},{"@type":"BreadcrumbList","@id":"https:\/\/blog.holyart.it\/it\/articoli-religiosi\/giornata-mondiale-della-gioventu-il-papa-riunisce-i-giovani-di-tutto-il-mondo\/#breadcrumb","itemListElement":[{"@type":"ListItem","position":1,"name":"Homepage","item":"https:\/\/blog.holyart.it\/it\/"},{"@type":"ListItem","position":2,"name":"Religione","item":"https:\/\/blog.holyart.it\/it\/articoli-religiosi\/"},{"@type":"ListItem","position":3,"name":"Giornata Mondiale della Giovent\u00f9: il Papa riunisce i giovani di tutto il mondo"}]},{"@type":"WebSite","@id":"https:\/\/blog.holyart.it\/it\/#website","url":"https:\/\/blog.holyart.it\/it\/","name":"Holyblog","description":"Il Blog di Holyart.it","publisher":{"@id":"https:\/\/blog.holyart.it\/it\/#organization"},"potentialAction":[{"@type":"SearchAction","target":{"@type":"EntryPoint","urlTemplate":"https:\/\/blog.holyart.it\/it\/?s={search_term_string}"},"query-input":{"@type":"PropertyValueSpecification","valueRequired":true,"valueName":"search_term_string"}}],"inLanguage":"it-IT"},{"@type":"Organization","@id":"https:\/\/blog.holyart.it\/it\/#organization","name":"Holyblog","url":"https:\/\/blog.holyart.it\/it\/","logo":{"@type":"ImageObject","inLanguage":"it-IT","@id":"https:\/\/blog.holyart.it\/it\/#\/schema\/logo\/image\/","url":"https:\/\/blog.holyart.it\/it\/wp-content\/uploads\/sites\/17\/2022\/12\/Holyart_Blog_Logo.jpg","contentUrl":"https:\/\/blog.holyart.it\/it\/wp-content\/uploads\/sites\/17\/2022\/12\/Holyart_Blog_Logo.jpg","width":300,"height":50,"caption":"Holyblog"},"image":{"@id":"https:\/\/blog.holyart.it\/it\/#\/schema\/logo\/image\/"}},{"@type":"Person","@id":"https:\/\/blog.holyart.it\/it\/#\/schema\/person\/0a7b686e5af0f856ec1e390dd0baecda","name":"Redazione"}]}},"_links":{"self":[{"href":"https:\/\/blog.holyart.it\/it\/wp-json\/wp\/v2\/posts\/18063","targetHints":{"allow":["GET"]}}],"collection":[{"href":"https:\/\/blog.holyart.it\/it\/wp-json\/wp\/v2\/posts"}],"about":[{"href":"https:\/\/blog.holyart.it\/it\/wp-json\/wp\/v2\/types\/post"}],"author":[{"embeddable":true,"href":"https:\/\/blog.holyart.it\/it\/wp-json\/wp\/v2\/users\/1"}],"replies":[{"embeddable":true,"href":"https:\/\/blog.holyart.it\/it\/wp-json\/wp\/v2\/comments?post=18063"}],"version-history":[{"count":3,"href":"https:\/\/blog.holyart.it\/it\/wp-json\/wp\/v2\/posts\/18063\/revisions"}],"predecessor-version":[{"id":18071,"href":"https:\/\/blog.holyart.it\/it\/wp-json\/wp\/v2\/posts\/18063\/revisions\/18071"}],"wp:featuredmedia":[{"embeddable":true,"href":"https:\/\/blog.holyart.it\/it\/wp-json\/wp\/v2\/media\/18070"}],"wp:attachment":[{"href":"https:\/\/blog.holyart.it\/it\/wp-json\/wp\/v2\/media?parent=18063"}],"wp:term":[{"taxonomy":"category","embeddable":true,"href":"https:\/\/blog.holyart.it\/it\/wp-json\/wp\/v2\/categories?post=18063"},{"taxonomy":"post_tag","embeddable":true,"href":"https:\/\/blog.holyart.it\/it\/wp-json\/wp\/v2\/tags?post=18063"}],"curies":[{"name":"wp","href":"https:\/\/api.w.org\/{rel}","templated":true}]}}