{"id":17997,"date":"2023-06-26T10:37:06","date_gmt":"2023-06-26T08:37:06","guid":{"rendered":"https:\/\/blog.holyart.it\/it\/?p=17997"},"modified":"2025-05-20T17:04:22","modified_gmt":"2025-05-20T15:04:22","slug":"santandrea-apostolo-la-storia-del-santo-e-il-suo-legame-con-la-citta-di-amalfi","status":"publish","type":"post","link":"https:\/\/blog.holyart.it\/it\/articoli-religiosi\/santandrea-apostolo-la-storia-del-santo-e-il-suo-legame-con-la-citta-di-amalfi\/","title":{"rendered":"Sant&#8217;Andrea apostolo: la storia del santo e il suo legame con la citt\u00e0 di Amalfi"},"content":{"rendered":"<h4>Sant&#8217;Andrea fu uno degli apostoli di Ges\u00f9. Fratello di Pietro, port\u00f2 la Parola di Dio in terre lontane e mor\u00ec martire a Patrasso. Oggi \u00e8 venerato e amato in tutto il mondo<\/h4>\n\n<p>Il <strong>30 novembre<\/strong>, in molte parti del mondo, si celebra<strong> Sant&#8217;Andrea<\/strong>, <a href=\"https:\/\/www.holyart.it\/blog\/santi-e-beati\/chi-erano-i-12-apostoli-e-scopri-la-differenza-tra-apostoli-e-discepoli\/\"><strong>uno dei dodici apostoli<\/strong><\/a> di Ges\u00f9 Cristo. Andrea, noto anche come <strong>Protocleto<\/strong> o il <strong>Primo chiamato<\/strong> secondo la tradizione ortodossa, era nato a Betsaida, in Galilea, ed era il <strong>fratello di Pietro<\/strong>. La sua vita e la sua opera sono state oggetto di venerazione da parte della Chiesa cattolica e della Chiesa ortodossa, e viene considerato un santo <strong>miroblita<\/strong>, ovvero uno dei santi il cui corpo emana fragranze gradevoli, come <strong><a href=\"https:\/\/www.holyart.it\/blog\/santi-e-beati\/profumi-di-padre-pio\/\">Padre Pio di Pietralcina<\/a><\/strong>.<\/p>\n<div class=\"link-article\">\n<p><img loading=\"lazy\" decoding=\"async\" class=\"size-full wp-image-17998 alignleft\" src=\"https:\/\/blog.holyart.it\/it\/wp-content\/uploads\/sites\/17\/2023\/06\/i-12-apostoli.jpeg\" alt=\"i 12 apostoli\" width=\"150\" height=\"99\" data-kale-share-title=\"Sant\u2019Andrea apostolo: la storia del santo e il suo legame con la citt\u00e0 di Amalfi\" data-kale-share-url=\"https:\/\/blog.holyart.it\/it\/?p=17997\" \/><\/p>\n<div class=\"leggi-anche\">Leggi anche:<\/div>\n<p><strong><a href=\"https:\/\/www.holyart.it\/blog\/santi-e-beati\/chi-erano-i-12-apostoli-e-scopri-la-differenza-tra-apostoli-e-discepoli\/\">Chi erano i 12 apostoli e scopri la differenza tra apostoli e discepoli<\/a><\/strong><br \/>\nChi erano i 12 apostoli, compagni di Ges\u00f9 nel breve arco della sua&#8230;<\/p>\n<\/div>\n<p>Andrea \u00e8 associato a diversi <strong>miracoli e leggende<\/strong>. Si narra che abbia compiuto numerosi prodigi, tra cui molte guarigioni di malati grazie alla <strong>manna<\/strong> che sgorga dalla sua tomba, ed ebbe un ruolo importante nella<a href=\"https:\/\/www.holyart.it\/blog\/articoli-religiosi\/i-miracoli-di-gesu-nei-quattro-vangeli\/#La_moltiplicazione_dei_pani_e_dei_pesci\"><strong> moltiplicazione dei pani e dei pesci<\/strong><\/a>. Infatti fu lui a condurre da Ges\u00f9 il ragazzetto che aveva con s\u00e9 i cinque pani e i due pesci che permisero il miracolo.<\/p>\n<p>Per la sua devozione a Ges\u00f9 e il suo contributo nella diffusione del cristianesimo Sant&#8217;Andrea \u00e8 diventato un modello di fede e di impegno per i fedeli di tutte le epoche, e la sua figura continua ad essere venerata nella Chiesa cattolica e ortodossa come un esempio di fedelt\u00e0 a Ges\u00f9 e di servizio al Regno di Dio.<\/p>\n<div class=\"link-article\">\n<p><img loading=\"lazy\" decoding=\"async\" class=\"alignleft wp-image-17999 size-full\" src=\"https:\/\/blog.holyart.it\/it\/wp-content\/uploads\/sites\/17\/2023\/06\/miracoli-di-gesu.jpeg\" alt=\"miracoli\" width=\"150\" height=\"99\" data-kale-share-title=\"Sant\u2019Andrea apostolo: la storia del santo e il suo legame con la citt\u00e0 di Amalfi\" data-kale-share-url=\"https:\/\/blog.holyart.it\/it\/?p=17997\" \/><\/p>\n<div class=\"leggi-anche\">Leggi anche:<\/div>\n<p><strong><a href=\"https:\/\/www.holyart.it\/blog\/articoli-religiosi\/i-miracoli-di-gesu-nei-quattro-vangeli\/#La_moltiplicazione_dei_pani_e_dei_pesci\">I miracoli di Ges\u00f9 nei quattro Vangeli<\/a><\/strong><br \/>\nI miracoli di Ges\u00f9 citati nei Vangeli Canonici sono ritenuti fatti storici, anche se raccontati da un punto di vista teologico&#8230;<\/p>\n<\/div>\n<h2>La storia di Sant\u2019Andrea<\/h2>\n<p>Nato a Betsaida, in Galilea, Andrea fu discepolo di <a href=\"https:\/\/www.holyart.it\/it\/articoli-religiosi\/statue\/statue-in-legno-dipinto\/statua-legno-san-giovanni-battista-dipinta-val-gardena\"><strong>Giovanni Battista<\/strong><\/a>, prima di seguire Ges\u00f9, e fu proprio il Battista a indicargli quest&#8217;ultimo che passava con le parole:<em> &#8220;Ecco l&#8217;Agnello di Dio.&#8221;<\/em> Era un pescatore, come suo fratello Simon Pietro, e come lui venne chiamato da Ges\u00f9 perch\u00e9 divenisse un <em>pescatore di uomini<\/em> o <em>pescatore di anime<\/em>. Anzi, fu lui il primo a riconoscere in Ges\u00f9 il Messia e lo fece conoscere al fratello. Menzionato sovente nei Vangeli, poco negli Atti degli Apostoli, Andrea fu presente in molte importanti occasioni dell&#8217;esperienza terrena di Ges\u00f9, come uno dei discepoli a lui pi\u00f9 vicini.<\/p>\n<div class=\"link-product\">\n<div class=\"blocco-immagine\"><img loading=\"lazy\" decoding=\"async\" class=\"size-full wp-image-18000 alignleft\" src=\"https:\/\/blog.holyart.it\/it\/wp-content\/uploads\/sites\/17\/2023\/06\/statua-legno-san-giovanni-battista-dipinta-val-gardena.jpg\" alt=\"statua legno san giovanni battista dipinta val gardena\" width=\"100\" height=\"100\" data-kale-share-title=\"Sant\u2019Andrea apostolo: la storia del santo e il suo legame con la citt\u00e0 di Amalfi\" data-kale-share-url=\"https:\/\/blog.holyart.it\/it\/?p=17997\" \/><\/div>\n<div class=\"blocco-contenuto\">\n<div class=\"blocco-acquista\">Acquista su Holyart:<\/div>\n<div class=\"blocco-titolo\"><a href=\"https:\/\/www.holyart.it\/it\/articoli-religiosi\/statue\/statue-in-legno-dipinto\/statua-legno-san-giovanni-battista-dipinta-val-gardena\">Statua legno San Giovanni Battista dipinta Val Gardena<\/a><\/div>\n<div class=\"blocco-descrizione\">Statua in legno di acero della Val Gardena.<\/div>\n<\/div>\n<\/div>\n<p><strong>Dopo la morte del Maestro<\/strong> si mise in viaggio, dedicandosi alla diffusione del Vangelo e alla guida delle persone verso la salvezza. La figura di Andrea \u00e8 particolarmente venerata in <strong>Grecia e in Russia<\/strong>, dove \u00e8 considerato il patrono nazionale. Si dice infatti che egli abbia compiuto diversi viaggi e missioni nell&#8217;Asia Minore e nelle regioni lungo il Mar Nero, in Asia Minore e in Scozia, fino alle regioni del Volga e del Dnepr. Secondo una tradizione accademica avrebbe trascorso circa 20 anni nelle terre dei Daco-Romani, vivendo in una caverna vicino al villaggio di Ion Corvin, nell&#8217;attuale Romania. Ma Sant&#8217;Andrea \u00e8 venerato e festeggiato in molti altri luoghi del mondo. In <strong>Scozia<\/strong> \u00e8 il santo patrono nazionale.<\/p>\n<p>Secondo la tradizione, Sant&#8217;Andrea \u00e8 anche considerato il fondatore della <strong>sede episcopale di Bisanzio<\/strong>, citt\u00e0 di cui fu anche Vescovo.<\/p>\n<p>Sant&#8217;Andrea <strong>mor\u00ec per crocifissione<\/strong> a <strong>Patrasso<\/strong> in Acaia, Grecia, durante il regno di Nerone, probabilmente nel 60 d.C. Per sua stessa volont\u00e0 venne crocifisso su una croce a forma di X, come scelta di assoluta umilt\u00e0, non volendo eguagliare neppure nel martirio Cristo. Da allora questa particolare croce \u00e8 conosciuta come <a href=\"https:\/\/www.holyart.it\/it\/articoli-religiosi\/statue\/statue-in-pietra\/saint-andre-72-cm-pietra-bethleem\"><strong>Croce di Sant&#8217;Andrea<\/strong><\/a>. Di Patrasso egli divenne poi <strong>patrono<\/strong>, e nella citt\u00e0 ancora oggi sono custodite parte delle sue reliquie.<\/p>\n<div class=\"link-product\">\n<div class=\"blocco-immagine\"><img loading=\"lazy\" decoding=\"async\" class=\"size-full wp-image-18001 alignleft\" src=\"https:\/\/blog.holyart.it\/it\/wp-content\/uploads\/sites\/17\/2023\/06\/saint-andre-72-cm-pietra-bethleem.jpg\" alt=\"saint andre 72 cm pietra bethleem\" width=\"100\" height=\"100\" data-kale-share-title=\"Sant\u2019Andrea apostolo: la storia del santo e il suo legame con la citt\u00e0 di Amalfi\" data-kale-share-url=\"https:\/\/blog.holyart.it\/it\/?p=17997\" \/><\/div>\n<div class=\"blocco-contenuto\">\n<div class=\"blocco-acquista\">Acquista su Holyart:<\/div>\n<div class=\"blocco-titolo\"><a href=\"https:\/\/www.holyart.it\/it\/articoli-religiosi\/statue\/statue-in-pietra\/saint-andre-72-cm-pietra-bethleem\">Saint Andr\u00e9 72 cm pietra Bethl\u00e9em<\/a><\/div>\n<div class=\"blocco-descrizione\">Statua di Saint Andr\u00e8 in Pietra dei Pirenei e resina, dipinta a mano.<\/div>\n<\/div>\n<\/div>\n<h2>Il miracolo della manna<\/h2>\n<p>Tra i miracoli attribuiti a Sant&#8217;Andrea, uno dei pi\u00f9 noti \u00e8 il <strong>Miracolo della Manna,<\/strong> che scaturirebbe dalle sue reliquie e dal suo <strong>sepolcro ad Amalfi<\/strong>. L&#8217;evento straordinario pu\u00f2 ricordare in parte la <strong><a href=\"https:\/\/www.holyart.it\/blog\/articoli-religiosi\/il-sangue-di-san-gennaro-come-e-quando-avviene-il-miracolo\/\">liquefazione del sangue di San Gennaro<\/a><\/strong> a Napoli. Dalla tomba in cui \u00e8 conservato il corpo di Sant&#8217;Andrea, nella cripta del Duomo di Amalfi, emerge una sostanza oleosa e miracolosa, che ricorderebbe quella inviata da Dio nel deserto per sfamare gli israeliti durante l&#8217;Esodo. La prima volta il miracolo avvenne il 29 novembre del 1304, un secolo dopo la traslazione del corpo di Sant&#8217;Andrea. Mentre nella cripta veniva celebrata la messa, un anziano pellegrino si avvicin\u00f2 al cancelletto situato sotto l&#8217;altare e fece notare al celebrante che qualcosa di strano stava accadendo. Venne cos\u00ec scoperto un liquido misterioso che fuoriusciva dalla pietra che in passato era stata posta sull&#8217;urna d&#8217;argento contenente le sacre reliquie. La manna venne distribuita ai presenti e un uomo cieco da sette anni riacquist\u00f2 la vista quando gli fu spalmata sugli occhi. Molti altri miracoli vennero in seguito attribuiti alla manna, tanto che si dice che il grande Torquato Tasso guar\u00ec da una grave malattia grazie ad essa.<\/p>\n<div class=\"link-article\">\n<p><img loading=\"lazy\" decoding=\"async\" class=\"size-full wp-image-18002 alignleft\" src=\"https:\/\/blog.holyart.it\/it\/wp-content\/uploads\/sites\/17\/2023\/06\/san-gennaro-copertina.jpg\" alt=\"san gennaro copertina\" width=\"150\" height=\"99\" data-kale-share-title=\"Sant\u2019Andrea apostolo: la storia del santo e il suo legame con la citt\u00e0 di Amalfi\" data-kale-share-url=\"https:\/\/blog.holyart.it\/it\/?p=17997\" \/><\/p>\n<div class=\"leggi-anche\">Leggi anche:<\/div>\n<p><strong><a href=\"https:\/\/www.holyart.it\/blog\/articoli-religiosi\/il-sangue-di-san-gennaro-come-e-quando-avviene-il-miracolo\/\">Il sangue di San Gennaro: come e quando avviene il miracolo<\/a><\/strong><br \/>\nTre volte all\u2019anno il sangue di San Gennaro martire, Patrono di Napoli, si liquef\u00e0 miracolosamente&#8230;<\/p>\n<\/div>\n<p>La manna viene raccolta <strong>sette volte l&#8217;anno<\/strong>, in diverse ricorrenze: il 28 gennaio, il 26 giugno, il primo, il 21 e il 29 novembre, il 7 e il 24 dicembre. La sua presenza viene letta come segno di gioia e benevolenza da parte di Sant&#8217;Andrea, la sua assenza come presagio di sventura.<\/p>\n<h2>La festa di Sant\u2019Andrea ad Amalfi<\/h2>\n<p>Sebbene la festa di Sant&#8217;Andrea nelle Chiese d&#8217;Oriente e d&#8217;Occidente sia celebrata il 30 novembre, il 27 giugno, la citt\u00e0 di <strong>Amalfi<\/strong> lo celebra come suo Santo Patrono.\u00a0Nella pittoresca citt\u00e0 si trova la Cattedrale di Sant&#8217;Andrea, conosciuta anche come <strong>Duomo di Amalfi o Duomo di Sant&#8217;Andrea<\/strong>. Questo imponente edificio sacro \u00e8 uno dei principali luoghi di venerazione dedicati al santo apostolo. La cattedrale \u00e8 caratterizzata da una magnifica scalinata e da un maestoso campanile che si innalza verso il cielo.<\/p>\n<p>La grande festa estiva di Sant&#8217;Andrea ad Amalfi mescola profonda devozione, tradizioni locali e storia della citt\u00e0, salvata da un miracolo compiuto dal Santo. Nel giugno del 1544, mentre la citt\u00e0 era tenuta sotto assedio dal <strong>pirata saraceno Kair-Ad-Din<\/strong>, il Santo Apostolo scaten\u00f2 una tempesta che distrusse completamente la flotta dei mori.<\/p>\n<p>Ogni anno il 27 giugno la statua d&#8217;argento di Sant&#8217;Andrea viene portata in <a href=\"https:\/\/www.holyart.it\/it\/accessori-per-la-liturgia\/paramenti-liturgici-servizi-altare-coprileggii\/baldacchini-processionali\/baldacchino-processionale-130x160-ihs-fiori-e-spighe\"><strong>processione<\/strong><\/a> lungo le strade della citt\u00e0, seguita dai fedeli che pregano e cantano. Celebre la tradizionale <strong>corsa sulle scale del complesso del Duomo<\/strong>: i portatori vestiti di rosso riportano la statua del Santo nella Cattedrale salendo di corsa le imponenti scale, incitati dalla folla di fedeli.<\/p>\n<div class=\"link-product\">\n<div class=\"blocco-immagine\"><img loading=\"lazy\" decoding=\"async\" class=\"size-full wp-image-18003 alignleft\" src=\"https:\/\/blog.holyart.it\/it\/wp-content\/uploads\/sites\/17\/2023\/06\/baldacchino-processionale-130x160-ihs-fiori-e-spighe.jpg\" alt=\"baldacchino processionale 130x160 ihs fiori e spighe\" width=\"100\" height=\"100\" data-kale-share-title=\"Sant\u2019Andrea apostolo: la storia del santo e il suo legame con la citt\u00e0 di Amalfi\" data-kale-share-url=\"https:\/\/blog.holyart.it\/it\/?p=17997\" \/><\/div>\n<div class=\"blocco-contenuto\">\n<div class=\"blocco-acquista\">Acquista su Holyart:<\/div>\n<div class=\"blocco-titolo\"><a href=\"https:\/\/www.holyart.it\/it\/accessori-per-la-liturgia\/paramenti-liturgici-servizi-altare-coprileggii\/baldacchini-processionali\/baldacchino-processionale-130x160-ihs-fiori-e-spighe\">Baldacchino processionale 130&#215;160 IHS fiori e spighe<\/a><\/div>\n<div class=\"blocco-descrizione\">Il tessuto \u00e8 impermeabile e molto resistente a intemperie ed eventuali strappi.<\/div>\n<\/div>\n<\/div>\n<p>La festa di Sant&#8217;Andrea \u00e8 un momento di grande gioia e spiritualit\u00e0 per gli amalfitani, un&#8217;occasione per rinnovare la loro devozione al Santo, ma il culto di Sant&#8217;Andrea \u00e8 radicato anche in altre zone d&#8217;Italia. Anche a <strong>Pescara<\/strong> l&#8217;ultima domenica di luglio il Santo viene festeggiato con una messa solenne nella parrocchia a lui dedicata, e dalla quale \u00e8 tratta la statua che lo rappresenta. La statua viene accompagnata in processione fino al porto, caricata sulla barca ammiraglia scelta per l&#8217;occasione e condotta per mare lungo la spiaggia fino all&#8217;altezza di Montesilvano.<\/p>\n","protected":false},"excerpt":{"rendered":"<p>Sant&#8217;Andrea fu uno degli apostoli di Ges\u00f9. Fratello di Pietro, port\u00f2 la Parola di Dio in terre lontane e mor\u00ec martire a Patrasso. Oggi \u00e8 venerato e amato in tutto il mondo Il 30 novembre, in molte parti del mondo, si celebra Sant&#8217;Andrea, uno dei&hellip;<\/p>\n","protected":false},"author":1,"featured_media":18006,"comment_status":"closed","ping_status":"open","sticky":false,"template":"","format":"standard","meta":{"_acf_changed":false,"footnotes":""},"categories":[16,15],"tags":[],"class_list":["post-17997","post","type-post","status-publish","format-standard","has-post-thumbnail","hentry","category-articoli-religiosi","category-santi-e-beati"],"acf":[],"yoast_head":"<!-- This site is optimized with the Yoast SEO plugin v26.6 - https:\/\/yoast.com\/wordpress\/plugins\/seo\/ -->\n<title>Sant&#039;Andrea apostolo: la storia del santo e il suo legame con la citt\u00e0 di Amalfi - Holyblog<\/title>\n<meta name=\"description\" content=\"Sant&#039;Andrea Apostolo \u00e8 molto amato ad Amalfi, citt\u00e0 che gli dedica ogni anno una grande festa estiva, ma anche in Russia, Romania e Scozia.\" \/>\n<meta name=\"robots\" content=\"index, follow, max-snippet:-1, max-image-preview:large, max-video-preview:-1\" \/>\n<link rel=\"canonical\" href=\"https:\/\/blog.holyart.it\/it\/articoli-religiosi\/santandrea-apostolo-la-storia-del-santo-e-il-suo-legame-con-la-citta-di-amalfi\/\" \/>\n<meta property=\"og:locale\" content=\"it_IT\" \/>\n<meta property=\"og:type\" content=\"article\" \/>\n<meta property=\"og:title\" content=\"Sant&#039;Andrea apostolo: la storia del santo e il suo legame con la citt\u00e0 di Amalfi - Holyblog\" \/>\n<meta property=\"og:description\" content=\"Sant&#039;Andrea Apostolo \u00e8 molto amato ad Amalfi, citt\u00e0 che gli dedica ogni anno una grande festa estiva, ma anche in Russia, Romania e Scozia.\" \/>\n<meta property=\"og:url\" content=\"https:\/\/blog.holyart.it\/it\/articoli-religiosi\/santandrea-apostolo-la-storia-del-santo-e-il-suo-legame-con-la-citta-di-amalfi\/\" \/>\n<meta property=\"og:site_name\" content=\"Holyblog\" \/>\n<meta property=\"article:published_time\" content=\"2023-06-26T08:37:06+00:00\" \/>\n<meta property=\"article:modified_time\" content=\"2025-05-20T15:04:22+00:00\" \/>\n<meta property=\"og:image\" content=\"https:\/\/blog.holyart.it\/it\/wp-content\/uploads\/sites\/17\/2023\/06\/duomo-santandrea-amalfi.jpg\" \/>\n\t<meta property=\"og:image:width\" content=\"1000\" \/>\n\t<meta property=\"og:image:height\" content=\"666\" \/>\n\t<meta property=\"og:image:type\" content=\"image\/jpeg\" \/>\n<meta name=\"author\" content=\"Redazione\" \/>\n<meta name=\"twitter:card\" content=\"summary_large_image\" \/>\n<meta name=\"twitter:label1\" content=\"Scritto da\" \/>\n\t<meta name=\"twitter:data1\" content=\"Redazione\" \/>\n\t<meta name=\"twitter:label2\" content=\"Tempo di lettura stimato\" \/>\n\t<meta name=\"twitter:data2\" content=\"9 minuti\" \/>\n<script type=\"application\/ld+json\" class=\"yoast-schema-graph\">{\"@context\":\"https:\/\/schema.org\",\"@graph\":[{\"@type\":\"Article\",\"@id\":\"https:\/\/blog.holyart.it\/it\/articoli-religiosi\/santandrea-apostolo-la-storia-del-santo-e-il-suo-legame-con-la-citta-di-amalfi\/#article\",\"isPartOf\":{\"@id\":\"https:\/\/blog.holyart.it\/it\/articoli-religiosi\/santandrea-apostolo-la-storia-del-santo-e-il-suo-legame-con-la-citta-di-amalfi\/\"},\"author\":{\"name\":\"Redazione\",\"@id\":\"https:\/\/blog.holyart.it\/it\/#\/schema\/person\/0a7b686e5af0f856ec1e390dd0baecda\"},\"headline\":\"Sant&#8217;Andrea apostolo: la storia del santo e il suo legame con la citt\u00e0 di Amalfi\",\"datePublished\":\"2023-06-26T08:37:06+00:00\",\"dateModified\":\"2025-05-20T15:04:22+00:00\",\"mainEntityOfPage\":{\"@id\":\"https:\/\/blog.holyart.it\/it\/articoli-religiosi\/santandrea-apostolo-la-storia-del-santo-e-il-suo-legame-con-la-citta-di-amalfi\/\"},\"wordCount\":1231,\"publisher\":{\"@id\":\"https:\/\/blog.holyart.it\/it\/#organization\"},\"image\":{\"@id\":\"https:\/\/blog.holyart.it\/it\/articoli-religiosi\/santandrea-apostolo-la-storia-del-santo-e-il-suo-legame-con-la-citta-di-amalfi\/#primaryimage\"},\"thumbnailUrl\":\"https:\/\/blog.holyart.it\/it\/wp-content\/uploads\/sites\/17\/2023\/06\/duomo-santandrea-amalfi.jpg\",\"articleSection\":[\"Religione\",\"Santi e beati\"],\"inLanguage\":\"it-IT\"},{\"@type\":\"WebPage\",\"@id\":\"https:\/\/blog.holyart.it\/it\/articoli-religiosi\/santandrea-apostolo-la-storia-del-santo-e-il-suo-legame-con-la-citta-di-amalfi\/\",\"url\":\"https:\/\/blog.holyart.it\/it\/articoli-religiosi\/santandrea-apostolo-la-storia-del-santo-e-il-suo-legame-con-la-citta-di-amalfi\/\",\"name\":\"Sant'Andrea apostolo: la storia del santo e il suo legame con la citt\u00e0 di Amalfi - Holyblog\",\"isPartOf\":{\"@id\":\"https:\/\/blog.holyart.it\/it\/#website\"},\"primaryImageOfPage\":{\"@id\":\"https:\/\/blog.holyart.it\/it\/articoli-religiosi\/santandrea-apostolo-la-storia-del-santo-e-il-suo-legame-con-la-citta-di-amalfi\/#primaryimage\"},\"image\":{\"@id\":\"https:\/\/blog.holyart.it\/it\/articoli-religiosi\/santandrea-apostolo-la-storia-del-santo-e-il-suo-legame-con-la-citta-di-amalfi\/#primaryimage\"},\"thumbnailUrl\":\"https:\/\/blog.holyart.it\/it\/wp-content\/uploads\/sites\/17\/2023\/06\/duomo-santandrea-amalfi.jpg\",\"datePublished\":\"2023-06-26T08:37:06+00:00\",\"dateModified\":\"2025-05-20T15:04:22+00:00\",\"description\":\"Sant'Andrea Apostolo \u00e8 molto amato ad Amalfi, citt\u00e0 che gli dedica ogni anno una grande festa estiva, ma anche in Russia, Romania e Scozia.\",\"breadcrumb\":{\"@id\":\"https:\/\/blog.holyart.it\/it\/articoli-religiosi\/santandrea-apostolo-la-storia-del-santo-e-il-suo-legame-con-la-citta-di-amalfi\/#breadcrumb\"},\"inLanguage\":\"it-IT\",\"potentialAction\":[{\"@type\":\"ReadAction\",\"target\":[\"https:\/\/blog.holyart.it\/it\/articoli-religiosi\/santandrea-apostolo-la-storia-del-santo-e-il-suo-legame-con-la-citta-di-amalfi\/\"]}]},{\"@type\":\"ImageObject\",\"inLanguage\":\"it-IT\",\"@id\":\"https:\/\/blog.holyart.it\/it\/articoli-religiosi\/santandrea-apostolo-la-storia-del-santo-e-il-suo-legame-con-la-citta-di-amalfi\/#primaryimage\",\"url\":\"https:\/\/blog.holyart.it\/it\/wp-content\/uploads\/sites\/17\/2023\/06\/duomo-santandrea-amalfi.jpg\",\"contentUrl\":\"https:\/\/blog.holyart.it\/it\/wp-content\/uploads\/sites\/17\/2023\/06\/duomo-santandrea-amalfi.jpg\",\"width\":1000,\"height\":666,\"caption\":\"duomo sant'andrea amalfi\"},{\"@type\":\"BreadcrumbList\",\"@id\":\"https:\/\/blog.holyart.it\/it\/articoli-religiosi\/santandrea-apostolo-la-storia-del-santo-e-il-suo-legame-con-la-citta-di-amalfi\/#breadcrumb\",\"itemListElement\":[{\"@type\":\"ListItem\",\"position\":1,\"name\":\"Homepage\",\"item\":\"https:\/\/blog.holyart.it\/it\/\"},{\"@type\":\"ListItem\",\"position\":2,\"name\":\"Religione\",\"item\":\"https:\/\/blog.holyart.it\/it\/articoli-religiosi\/\"},{\"@type\":\"ListItem\",\"position\":3,\"name\":\"Sant&#8217;Andrea apostolo: la storia del santo e il suo legame con la citt\u00e0 di Amalfi\"}]},{\"@type\":\"WebSite\",\"@id\":\"https:\/\/blog.holyart.it\/it\/#website\",\"url\":\"https:\/\/blog.holyart.it\/it\/\",\"name\":\"Holyblog\",\"description\":\"Il Blog di Holyart.it\",\"publisher\":{\"@id\":\"https:\/\/blog.holyart.it\/it\/#organization\"},\"potentialAction\":[{\"@type\":\"SearchAction\",\"target\":{\"@type\":\"EntryPoint\",\"urlTemplate\":\"https:\/\/blog.holyart.it\/it\/?s={search_term_string}\"},\"query-input\":{\"@type\":\"PropertyValueSpecification\",\"valueRequired\":true,\"valueName\":\"search_term_string\"}}],\"inLanguage\":\"it-IT\"},{\"@type\":\"Organization\",\"@id\":\"https:\/\/blog.holyart.it\/it\/#organization\",\"name\":\"Holyblog\",\"url\":\"https:\/\/blog.holyart.it\/it\/\",\"logo\":{\"@type\":\"ImageObject\",\"inLanguage\":\"it-IT\",\"@id\":\"https:\/\/blog.holyart.it\/it\/#\/schema\/logo\/image\/\",\"url\":\"https:\/\/blog.holyart.it\/it\/wp-content\/uploads\/sites\/17\/2022\/12\/Holyart_Blog_Logo.jpg\",\"contentUrl\":\"https:\/\/blog.holyart.it\/it\/wp-content\/uploads\/sites\/17\/2022\/12\/Holyart_Blog_Logo.jpg\",\"width\":300,\"height\":50,\"caption\":\"Holyblog\"},\"image\":{\"@id\":\"https:\/\/blog.holyart.it\/it\/#\/schema\/logo\/image\/\"}},{\"@type\":\"Person\",\"@id\":\"https:\/\/blog.holyart.it\/it\/#\/schema\/person\/0a7b686e5af0f856ec1e390dd0baecda\",\"name\":\"Redazione\"}]}<\/script>\n<!-- \/ Yoast SEO plugin. -->","yoast_head_json":{"title":"Sant'Andrea apostolo: la storia del santo e il suo legame con la citt\u00e0 di Amalfi - Holyblog","description":"Sant'Andrea Apostolo \u00e8 molto amato ad Amalfi, citt\u00e0 che gli dedica ogni anno una grande festa estiva, ma anche in Russia, Romania e Scozia.","robots":{"index":"index","follow":"follow","max-snippet":"max-snippet:-1","max-image-preview":"max-image-preview:large","max-video-preview":"max-video-preview:-1"},"canonical":"https:\/\/blog.holyart.it\/it\/articoli-religiosi\/santandrea-apostolo-la-storia-del-santo-e-il-suo-legame-con-la-citta-di-amalfi\/","og_locale":"it_IT","og_type":"article","og_title":"Sant'Andrea apostolo: la storia del santo e il suo legame con la citt\u00e0 di Amalfi - Holyblog","og_description":"Sant'Andrea Apostolo \u00e8 molto amato ad Amalfi, citt\u00e0 che gli dedica ogni anno una grande festa estiva, ma anche in Russia, Romania e Scozia.","og_url":"https:\/\/blog.holyart.it\/it\/articoli-religiosi\/santandrea-apostolo-la-storia-del-santo-e-il-suo-legame-con-la-citta-di-amalfi\/","og_site_name":"Holyblog","article_published_time":"2023-06-26T08:37:06+00:00","article_modified_time":"2025-05-20T15:04:22+00:00","og_image":[{"width":1000,"height":666,"url":"https:\/\/blog.holyart.it\/it\/wp-content\/uploads\/sites\/17\/2023\/06\/duomo-santandrea-amalfi.jpg","type":"image\/jpeg"}],"author":"Redazione","twitter_card":"summary_large_image","twitter_misc":{"Scritto da":"Redazione","Tempo di lettura stimato":"9 minuti"},"schema":{"@context":"https:\/\/schema.org","@graph":[{"@type":"Article","@id":"https:\/\/blog.holyart.it\/it\/articoli-religiosi\/santandrea-apostolo-la-storia-del-santo-e-il-suo-legame-con-la-citta-di-amalfi\/#article","isPartOf":{"@id":"https:\/\/blog.holyart.it\/it\/articoli-religiosi\/santandrea-apostolo-la-storia-del-santo-e-il-suo-legame-con-la-citta-di-amalfi\/"},"author":{"name":"Redazione","@id":"https:\/\/blog.holyart.it\/it\/#\/schema\/person\/0a7b686e5af0f856ec1e390dd0baecda"},"headline":"Sant&#8217;Andrea apostolo: la storia del santo e il suo legame con la citt\u00e0 di Amalfi","datePublished":"2023-06-26T08:37:06+00:00","dateModified":"2025-05-20T15:04:22+00:00","mainEntityOfPage":{"@id":"https:\/\/blog.holyart.it\/it\/articoli-religiosi\/santandrea-apostolo-la-storia-del-santo-e-il-suo-legame-con-la-citta-di-amalfi\/"},"wordCount":1231,"publisher":{"@id":"https:\/\/blog.holyart.it\/it\/#organization"},"image":{"@id":"https:\/\/blog.holyart.it\/it\/articoli-religiosi\/santandrea-apostolo-la-storia-del-santo-e-il-suo-legame-con-la-citta-di-amalfi\/#primaryimage"},"thumbnailUrl":"https:\/\/blog.holyart.it\/it\/wp-content\/uploads\/sites\/17\/2023\/06\/duomo-santandrea-amalfi.jpg","articleSection":["Religione","Santi e beati"],"inLanguage":"it-IT"},{"@type":"WebPage","@id":"https:\/\/blog.holyart.it\/it\/articoli-religiosi\/santandrea-apostolo-la-storia-del-santo-e-il-suo-legame-con-la-citta-di-amalfi\/","url":"https:\/\/blog.holyart.it\/it\/articoli-religiosi\/santandrea-apostolo-la-storia-del-santo-e-il-suo-legame-con-la-citta-di-amalfi\/","name":"Sant'Andrea apostolo: la storia del santo e il suo legame con la citt\u00e0 di Amalfi - Holyblog","isPartOf":{"@id":"https:\/\/blog.holyart.it\/it\/#website"},"primaryImageOfPage":{"@id":"https:\/\/blog.holyart.it\/it\/articoli-religiosi\/santandrea-apostolo-la-storia-del-santo-e-il-suo-legame-con-la-citta-di-amalfi\/#primaryimage"},"image":{"@id":"https:\/\/blog.holyart.it\/it\/articoli-religiosi\/santandrea-apostolo-la-storia-del-santo-e-il-suo-legame-con-la-citta-di-amalfi\/#primaryimage"},"thumbnailUrl":"https:\/\/blog.holyart.it\/it\/wp-content\/uploads\/sites\/17\/2023\/06\/duomo-santandrea-amalfi.jpg","datePublished":"2023-06-26T08:37:06+00:00","dateModified":"2025-05-20T15:04:22+00:00","description":"Sant'Andrea Apostolo \u00e8 molto amato ad Amalfi, citt\u00e0 che gli dedica ogni anno una grande festa estiva, ma anche in Russia, Romania e Scozia.","breadcrumb":{"@id":"https:\/\/blog.holyart.it\/it\/articoli-religiosi\/santandrea-apostolo-la-storia-del-santo-e-il-suo-legame-con-la-citta-di-amalfi\/#breadcrumb"},"inLanguage":"it-IT","potentialAction":[{"@type":"ReadAction","target":["https:\/\/blog.holyart.it\/it\/articoli-religiosi\/santandrea-apostolo-la-storia-del-santo-e-il-suo-legame-con-la-citta-di-amalfi\/"]}]},{"@type":"ImageObject","inLanguage":"it-IT","@id":"https:\/\/blog.holyart.it\/it\/articoli-religiosi\/santandrea-apostolo-la-storia-del-santo-e-il-suo-legame-con-la-citta-di-amalfi\/#primaryimage","url":"https:\/\/blog.holyart.it\/it\/wp-content\/uploads\/sites\/17\/2023\/06\/duomo-santandrea-amalfi.jpg","contentUrl":"https:\/\/blog.holyart.it\/it\/wp-content\/uploads\/sites\/17\/2023\/06\/duomo-santandrea-amalfi.jpg","width":1000,"height":666,"caption":"duomo sant'andrea amalfi"},{"@type":"BreadcrumbList","@id":"https:\/\/blog.holyart.it\/it\/articoli-religiosi\/santandrea-apostolo-la-storia-del-santo-e-il-suo-legame-con-la-citta-di-amalfi\/#breadcrumb","itemListElement":[{"@type":"ListItem","position":1,"name":"Homepage","item":"https:\/\/blog.holyart.it\/it\/"},{"@type":"ListItem","position":2,"name":"Religione","item":"https:\/\/blog.holyart.it\/it\/articoli-religiosi\/"},{"@type":"ListItem","position":3,"name":"Sant&#8217;Andrea apostolo: la storia del santo e il suo legame con la citt\u00e0 di Amalfi"}]},{"@type":"WebSite","@id":"https:\/\/blog.holyart.it\/it\/#website","url":"https:\/\/blog.holyart.it\/it\/","name":"Holyblog","description":"Il Blog di Holyart.it","publisher":{"@id":"https:\/\/blog.holyart.it\/it\/#organization"},"potentialAction":[{"@type":"SearchAction","target":{"@type":"EntryPoint","urlTemplate":"https:\/\/blog.holyart.it\/it\/?s={search_term_string}"},"query-input":{"@type":"PropertyValueSpecification","valueRequired":true,"valueName":"search_term_string"}}],"inLanguage":"it-IT"},{"@type":"Organization","@id":"https:\/\/blog.holyart.it\/it\/#organization","name":"Holyblog","url":"https:\/\/blog.holyart.it\/it\/","logo":{"@type":"ImageObject","inLanguage":"it-IT","@id":"https:\/\/blog.holyart.it\/it\/#\/schema\/logo\/image\/","url":"https:\/\/blog.holyart.it\/it\/wp-content\/uploads\/sites\/17\/2022\/12\/Holyart_Blog_Logo.jpg","contentUrl":"https:\/\/blog.holyart.it\/it\/wp-content\/uploads\/sites\/17\/2022\/12\/Holyart_Blog_Logo.jpg","width":300,"height":50,"caption":"Holyblog"},"image":{"@id":"https:\/\/blog.holyart.it\/it\/#\/schema\/logo\/image\/"}},{"@type":"Person","@id":"https:\/\/blog.holyart.it\/it\/#\/schema\/person\/0a7b686e5af0f856ec1e390dd0baecda","name":"Redazione"}]}},"_links":{"self":[{"href":"https:\/\/blog.holyart.it\/it\/wp-json\/wp\/v2\/posts\/17997","targetHints":{"allow":["GET"]}}],"collection":[{"href":"https:\/\/blog.holyart.it\/it\/wp-json\/wp\/v2\/posts"}],"about":[{"href":"https:\/\/blog.holyart.it\/it\/wp-json\/wp\/v2\/types\/post"}],"author":[{"embeddable":true,"href":"https:\/\/blog.holyart.it\/it\/wp-json\/wp\/v2\/users\/1"}],"replies":[{"embeddable":true,"href":"https:\/\/blog.holyart.it\/it\/wp-json\/wp\/v2\/comments?post=17997"}],"version-history":[{"count":2,"href":"https:\/\/blog.holyart.it\/it\/wp-json\/wp\/v2\/posts\/17997\/revisions"}],"predecessor-version":[{"id":18005,"href":"https:\/\/blog.holyart.it\/it\/wp-json\/wp\/v2\/posts\/17997\/revisions\/18005"}],"wp:featuredmedia":[{"embeddable":true,"href":"https:\/\/blog.holyart.it\/it\/wp-json\/wp\/v2\/media\/18006"}],"wp:attachment":[{"href":"https:\/\/blog.holyart.it\/it\/wp-json\/wp\/v2\/media?parent=17997"}],"wp:term":[{"taxonomy":"category","embeddable":true,"href":"https:\/\/blog.holyart.it\/it\/wp-json\/wp\/v2\/categories?post=17997"},{"taxonomy":"post_tag","embeddable":true,"href":"https:\/\/blog.holyart.it\/it\/wp-json\/wp\/v2\/tags?post=17997"}],"curies":[{"name":"wp","href":"https:\/\/api.w.org\/{rel}","templated":true}]}}