{"id":17973,"date":"2023-06-19T10:00:40","date_gmt":"2023-06-19T08:00:40","guid":{"rendered":"https:\/\/blog.holyart.it\/it\/?p=17973"},"modified":"2025-05-06T17:41:31","modified_gmt":"2025-05-06T15:41:31","slug":"festa-dei-gigli-la-devozione-della-citta-di-nola-a-san-paolino","status":"publish","type":"post","link":"https:\/\/blog.holyart.it\/it\/articoli-religiosi\/festa-dei-gigli-la-devozione-della-citta-di-nola-a-san-paolino\/","title":{"rendered":"Festa dei Gigli: la devozione della citt\u00e0 di Nola a San Paolino"},"content":{"rendered":"<h4>Con le imponenti macchine a forma di Gigli portate in spalla dai devoti, la Festa dei Gigli di Nola \u00e8 un&#8217;entusiasmante esplosione di tradizione e devozione<\/h4>\n\n<p>Che cosa \u00e8 e quando si festeggia la <strong>Festa dei Gigli<\/strong>? Ogni anno, il <strong>22 giugno<\/strong> se \u00e8 domenica o la domenica successiva al 22 giugno, <strong>Nola <\/strong>celebra il suo santo patrono, <strong>San Paolino<\/strong>, con questa magnifica celebrazione, inclusa dal dicembre del 2013 nel <strong>Patrimonio orale e immateriale dell&#8217;umanit\u00e0 dell&#8217;UNESCO<\/strong>. La Festa dei Gigli di Nola \u00e8 un&#8217;esplosione di tradizione, devozione e gioia popolare che si svolge ogni anno nella pittoresca citt\u00e0 campana. Questa festa, con le sue<strong> imponenti strutture a forma di gigli<\/strong> portate in spalla dai devoti, \u00e8 un vero spettacolo di fede e orgoglio comunitario.<\/p>\n<p>Non \u00e8 l&#8217;unica <a href=\"https:\/\/www.holyart.it\/blog\/articoli-religiosi\/le-feste-patronali-piu-belle-del-sud-italia\"><strong>festa patronale<\/strong><\/a> che il Sud Italia offre, soprattutto nei mesi estivi. Tra <strong><a href=\"https:\/\/www.holyart.it\/blog\/articoli-religiosi\/5-feste-dei-santi-piu-famose-sud-italia\/\">le cinque feste patronali pi\u00f9 famose<\/a><\/strong>, spiccano la festa di <strong><a href=\"https:\/\/www.holyart.it\/blog\/santi-e-beati\/la-storia-di-san-gennaro-il-santo-patrono-di-napoli\/\">San Gennaro<\/a><\/strong> a Napoli, quella di San Nicola a Bari, di <strong><a href=\"https:\/\/www.holyart.it\/blog\/santi-e-beati\/festa-di-santagata-a-catania-tra-fede-tradizione-e-folklore\/\">Sant&#8217;Agata<\/a><\/strong> a Catania, di San Giovanni a Salerno e di San Biagio a Ragusa. Ma \u00e8 soprattutto l&#8217;<strong>estate in Sicilia<\/strong> che offre un&#8217;ampia selezione di feste patronali, con le sue <strong><a href=\"https:\/\/www.holyart.it\/blog\/santi-e-beati\/feste-patronali-in-sicilia-le-10-piu-importanti-dellestate\/\">dieci celebrazioni patronali pi\u00f9 importanti<\/a><\/strong> che illuminano le citt\u00e0 con processioni, fuochi d&#8217;artificio e momenti di grande allegria. Tra queste, si annoverano la festa di <strong><a href=\"https:\/\/www.holyart.it\/blog\/articoli-religiosi\/la-storia-di-santa-rosalia-patrona-di-palermo\/\">Santa Rosalia<\/a><\/strong>, patrona di Palermo, di San Giuseppe a Cefal\u00f9, di San Vito a Mazara del Vallo e molte altre che rappresentano appieno l&#8217;anima festosa e colorata dell&#8217;estate siciliana. Queste feste incantano i visitatori, offrendo loro l&#8217;opportunit\u00e0 di immergersi nelle tradizioni locali e di sperimentare l&#8217;ospitalit\u00e0 e la gioia che permeano il Sud del nostro paese.<\/p>\n<div class=\"link-article\">\n<p><img loading=\"lazy\" decoding=\"async\" class=\"size-full wp-image-17979 alignleft\" src=\"https:\/\/blog.holyart.it\/it\/wp-content\/uploads\/sites\/17\/2023\/06\/feste-dei-santi.jpg\" alt=\"feste dei santi\" width=\"150\" height=\"99\" data-kale-share-title=\"Festa dei Gigli: la devozione della citt\u00e0 di Nola a San Paolino\" data-kale-share-url=\"https:\/\/blog.holyart.it\/it\/?p=17973\" \/><\/p>\n<div class=\"leggi-anche\">Leggi anche:<\/div>\n<p><strong><a href=\"https:\/\/www.holyart.it\/blog\/articoli-religiosi\/5-feste-dei-santi-piu-famose-sud-italia\/\">Le 5 feste dei santi pi\u00f9 famose nel sud Italia<\/a><\/strong><br \/>\nTra processioni tra terra e mare, fuochi d\u2019artificio e specialit\u00e0 gastronomiche, scopriamo le feste&#8230;<\/p>\n<\/div>\n<p>Tornando a Nola e alla Festa dei Gigli, essa prende il nome dai <strong>Gigli<\/strong>, le macchine da <a href=\"https:\/\/www.holyart.it\/it\/accessori-per-la-liturgia\/paramenti-liturgici-servizi-altare-coprileggii\/baldacchini-processionali\"><strong>processione<\/strong><\/a>, testimonianza di un&#8217;arte antica e straordinaria, noti appunto come i Gigli di Nola. Si tratta di imponenti <strong>obelischi danzanti<\/strong> di legno, argilla e cartapesta colorata, che superano i venti metri, e vengono sostenuti da gruppi di <strong>cullatori<\/strong>. Questi ultimi, con forza e abilit\u00e0 sorprendenti, trasportano gli obelischi lungo le strade della citt\u00e0, dando vita a uno spettacolo senza precedenti.<\/p>\n<div class=\"link-product\">\n<div class=\"blocco-immagine\"><img loading=\"lazy\" decoding=\"async\" class=\"size-full wp-image-17980 alignleft\" src=\"https:\/\/blog.holyart.it\/it\/wp-content\/uploads\/sites\/17\/2023\/06\/baldacchino-processionale.jpg\" alt=\"baldacchino processionale\" width=\"100\" height=\"100\" data-kale-share-title=\"Festa dei Gigli: la devozione della citt\u00e0 di Nola a San Paolino\" data-kale-share-url=\"https:\/\/blog.holyart.it\/it\/?p=17973\" \/><\/div>\n<div class=\"blocco-contenuto\">\n<div class=\"blocco-acquista\">Acquista su Holyart:<\/div>\n<div class=\"blocco-titolo\"><a href=\"https:\/\/www.holyart.it\/it\/accessori-per-la-liturgia\/paramenti-liturgici-servizi-altare-coprileggii\/baldacchini-processionali\">BALDACCHINI PROCESSIONALI<\/a><\/div>\n<div class=\"blocco-descrizione\">Una selezione di baldacchini processionali di diverse tipologie e modelli.<\/div>\n<\/div>\n<\/div>\n<p>La Festa dei Gigli a Nola \u00e8 una manifestazione di devozione religiosa che affonda le sue radici nella storia millenaria della citt\u00e0. I Gigli di Nola rappresentano un <strong>simbolo di fede e di unit\u00e0<\/strong> per la comunit\u00e0 locale, che partecipa con entusiasmo alla costruzione dei Gigli e all&#8217;organizzazione della festa. Questa tradizione unica e affascinante continua ad attirare visitatori da tutto il mondo, affascinati dalla sua bellezza e profonda spiritualit\u00e0.<\/p>\n<h2>Quando \u00e8 nata la festa dei Gigli di Nola?<\/h2>\n<p>La Festa dei Gigli di Nola \u00e8 una celebrazione tradizionale che affonda le sue radici nella storia antica. Sembra che i Gigli prendano origine dal <em>majo-albero<\/em>, il <strong>grande albero simbolo di fertilit\u00e0<\/strong> utilizzato negli antichi riti pagani prima dell&#8217;avvento del Cristianesimo.<\/p>\n<p>La Festa dei Gigli, come la conosciamo oggi, \u00e8 molto sentita e profondamente radicata nella cultura della citt\u00e0 di Nola. Le sue origini risalgono al 410 d.C., quando Nola fu invasa dai Vandali. La citt\u00e0 fu saccheggiata e molti dei suoi abitanti furono catturati e deportati come schiavi. Tra di loro c&#8217;era anche l&#8217;allora vescovo di Nola, <strong>Ponzio Meropio Anicio Paolino<\/strong>. Con la Festa dei Gigli Nola celebra la sua liberazione, ricordando il santo e portando in processione i Gigli creati in suo onore. Nasce cos\u00ec la Festa del Giglio, o dei Gigli.<\/p>\n<h2>Cosa sono i Gigli di Nola?<\/h2>\n<p>I Gigli di Nola sono delle enormi strutture in legno che rappresentano torri a forma di giglio. Sono costruite con cura e abilit\u00e0 da artigiani locali, che dedicano mesi interi alla loro preparazione. Ogni Giglio \u00e8 alto circa 25 metri e pesa diverse tonnellate. Realizzati in cartapesta e argilla, sono costruiti intorno alla \u201cborda\u201d, un\u2019asse centrale che sorregge tutti gli elementi strutturali garantendo la massima stabilit\u00e0. La struttura \u00e8 composta da un robusto telaio di legno, e la cartapesta viene colorata e decorata con fiori, nastri e simboli religiosi.<\/p>\n<p>I Gigli di Nola <strong>sono 8 <\/strong>e prendono il nome dalle <strong>antiche corporazioni delle arti e mestieri<\/strong>: Ortolano, Salumiere, Bettoliere, Panettiere, Barca, Beccaio, Calzolaio, Fabbro, Sarto.\u00a0La costruzione dei Gigli di Nola coinvolge l&#8217;intera comunit\u00e0. Ogni quartiere della citt\u00e0 ha il suo Giglio e i residenti si riuniscono per lavorare insieme alla sua preparazione. \u00c8 un momento di grande unione e condivisione, in cui le competenze artistiche e manuali vengono tramandate di generazione in generazione.<\/p>\n<p>La Festa dei Gigli inizia con una <a href=\"https:\/\/www.holyart.it\/it\/articoli-religiosi\/statue\/statue-in-vetroresina\"><strong>solenne processione<\/strong><\/a> per le strade di Nola, guidata dal Giglio principale, dedicato a San Paolino.<br \/>\nLa torre di legno viene portata a spalla dai portatori, i <strong>&#8220;cullatori&#8221;<\/strong>, per il movimento oscillante che producono avanzando, simile all&#8217;atto del cullare. L&#8217;insieme dei cullatori che si alternano per sorreggere la torre durante tutto il percorso prende il nome di <strong>&#8220;paranza&#8221;<\/strong>, ognuna composta da 128 &#8220;paranzari&#8221; che devono dimostrare grande abilit\u00e0 e forza nel sostenere il Giglio. I cullatori sollevano e manovrano i gigli tramite <strong>le varre e i varretielli<\/strong>, assi speciali.<\/p>\n<div class=\"link-product\">\n<div class=\"blocco-immagine\"><img loading=\"lazy\" decoding=\"async\" class=\"size-full wp-image-17981 alignleft\" src=\"https:\/\/blog.holyart.it\/it\/wp-content\/uploads\/sites\/17\/2023\/06\/statua-madonna-miracolosa.jpg\" alt=\"statua madonna miracolosa\" width=\"100\" height=\"100\" data-kale-share-title=\"Festa dei Gigli: la devozione della citt\u00e0 di Nola a San Paolino\" data-kale-share-url=\"https:\/\/blog.holyart.it\/it\/?p=17973\" \/><\/div>\n<div class=\"blocco-contenuto\">\n<div class=\"blocco-acquista\">Acquista su Holyart:<\/div>\n<div class=\"blocco-titolo\"><a href=\"https:\/\/www.holyart.it\/it\/articoli-religiosi\/statue\/statue-in-vetroresina\">STATUE IN VETRORESINA<\/a><\/div>\n<div class=\"blocco-descrizione\">Statue realizzate in fiberglass e dipinte a mano con vernici a olio; tutte finemente lavorate.<\/div>\n<\/div>\n<\/div>\n<p>La processione \u00e8 accompagnata da una <strong>banda musicale e da canti tradizionali<\/strong>. Le strade di Nola si riempiono di spettatori e fedeli che assistono alla maestosit\u00e0 dei Gigli e partecipano alla devozione religiosa. La festa continua per tutta la giornata, tra preghiere, celebrazioni e momenti conviviali.<\/p>\n<p>Oltre agli 8 gigli, durante la festa viene portata in processione anche la <strong>Barca<\/strong>, un&#8217;altra magnifica struttura scenica che ricorda il ritorno di San Paolino a Nola via mare.<\/p>\n<h2>La storia di San Paolino di Nola<\/h2>\n<p>San Paolino di Nola, al secolo Meropio, nacque a Bordeaux, in Francia, nel IV secolo. Fu un vescovo e santo cristiano, noto per la sua grande generosit\u00e0 e dedizione verso i pi\u00f9 bisognosi. Non solo don\u00f2 tutti i suoi beni per riscattare gli abitanti di Nola fatti prigionieri dai barbari e sostenere le famiglie cadute in disgrazia, ma <strong>offr\u00ec se stesso come prigioniero <\/strong>per liberare il figlio di una vedova che era stato mandato in Africa come schiavo alla corte del re. Qui Paolino si finse giardiniere e riusc\u00ec a farsi benvolere da tutti, perfino dal re, grazie al suo buon cuore e al suo potere divinatorio. Quando il re scopr\u00ec che il suo giardiniere era in realt\u00e0 un Vescovo lo liber\u00f2 all&#8217;istante, e con lui tutti i prigionieri di Nola. Gli abitanti della citt\u00e0 accolsero il Vescovo e i compatrioti liberati con giubilo e donarono a Paolino un <strong>giglio<\/strong>, simbolo della loro gioia. Per questo ogni anno, la citt\u00e0 di Nola rinnova la sua devozione a San Paolino attraverso la Festa dei Gigli, testimoniando la profonda fede e il legame indissolubile tra il popolo di Nola e il santo patrono.<\/p>\n","protected":false},"excerpt":{"rendered":"<p>Con le imponenti macchine a forma di Gigli portate in spalla dai devoti, la Festa dei Gigli di Nola \u00e8 un&#8217;entusiasmante esplosione di tradizione e devozione Che cosa \u00e8 e quando si festeggia la Festa dei Gigli? Ogni anno, il 22 giugno se \u00e8 domenica&hellip;<\/p>\n","protected":false},"author":1,"featured_media":17990,"comment_status":"closed","ping_status":"open","sticky":false,"template":"","format":"standard","meta":{"_acf_changed":false,"footnotes":""},"categories":[16,15],"tags":[],"class_list":["post-17973","post","type-post","status-publish","format-standard","has-post-thumbnail","hentry","category-articoli-religiosi","category-santi-e-beati"],"acf":[],"yoast_head":"<!-- This site is optimized with the Yoast SEO plugin v26.6 - https:\/\/yoast.com\/wordpress\/plugins\/seo\/ -->\n<title>Festa dei Gigli: la devozione della citt\u00e0 di Nola a San Paolino<\/title>\n<meta name=\"description\" content=\"Ogni anno la citt\u00e0 di Nola rinnova il suo legame profondo col proprio Santo Patrono Paolino con la Festa dei Gigli.\" \/>\n<meta name=\"robots\" content=\"index, follow, max-snippet:-1, max-image-preview:large, max-video-preview:-1\" \/>\n<link rel=\"canonical\" href=\"https:\/\/blog.holyart.it\/it\/articoli-religiosi\/festa-dei-gigli-la-devozione-della-citta-di-nola-a-san-paolino\/\" \/>\n<meta property=\"og:locale\" content=\"it_IT\" \/>\n<meta property=\"og:type\" content=\"article\" \/>\n<meta property=\"og:title\" content=\"Festa dei Gigli: la devozione della citt\u00e0 di Nola a San Paolino\" \/>\n<meta property=\"og:description\" content=\"Ogni anno la citt\u00e0 di Nola rinnova il suo legame profondo col proprio Santo Patrono Paolino con la Festa dei Gigli.\" \/>\n<meta property=\"og:url\" content=\"https:\/\/blog.holyart.it\/it\/articoli-religiosi\/festa-dei-gigli-la-devozione-della-citta-di-nola-a-san-paolino\/\" \/>\n<meta property=\"og:site_name\" content=\"Holyblog\" \/>\n<meta property=\"article:published_time\" content=\"2023-06-19T08:00:40+00:00\" \/>\n<meta property=\"article:modified_time\" content=\"2025-05-06T15:41:31+00:00\" \/>\n<meta property=\"og:image\" content=\"https:\/\/blog.holyart.it\/it\/wp-content\/uploads\/sites\/17\/2023\/06\/festa-dei-gigli.jpg\" \/>\n\t<meta property=\"og:image:width\" content=\"1000\" \/>\n\t<meta property=\"og:image:height\" content=\"666\" \/>\n\t<meta property=\"og:image:type\" content=\"image\/jpeg\" \/>\n<meta name=\"author\" content=\"Redazione\" \/>\n<meta name=\"twitter:card\" content=\"summary_large_image\" \/>\n<meta name=\"twitter:label1\" content=\"Scritto da\" \/>\n\t<meta name=\"twitter:data1\" content=\"Redazione\" \/>\n\t<meta name=\"twitter:label2\" content=\"Tempo di lettura stimato\" \/>\n\t<meta name=\"twitter:data2\" content=\"7 minuti\" \/>\n<script type=\"application\/ld+json\" class=\"yoast-schema-graph\">{\"@context\":\"https:\/\/schema.org\",\"@graph\":[{\"@type\":\"Article\",\"@id\":\"https:\/\/blog.holyart.it\/it\/articoli-religiosi\/festa-dei-gigli-la-devozione-della-citta-di-nola-a-san-paolino\/#article\",\"isPartOf\":{\"@id\":\"https:\/\/blog.holyart.it\/it\/articoli-religiosi\/festa-dei-gigli-la-devozione-della-citta-di-nola-a-san-paolino\/\"},\"author\":{\"name\":\"Redazione\",\"@id\":\"https:\/\/blog.holyart.it\/it\/#\/schema\/person\/0a7b686e5af0f856ec1e390dd0baecda\"},\"headline\":\"Festa dei Gigli: la devozione della citt\u00e0 di Nola a San Paolino\",\"datePublished\":\"2023-06-19T08:00:40+00:00\",\"dateModified\":\"2025-05-06T15:41:31+00:00\",\"mainEntityOfPage\":{\"@id\":\"https:\/\/blog.holyart.it\/it\/articoli-religiosi\/festa-dei-gigli-la-devozione-della-citta-di-nola-a-san-paolino\/\"},\"wordCount\":1153,\"publisher\":{\"@id\":\"https:\/\/blog.holyart.it\/it\/#organization\"},\"image\":{\"@id\":\"https:\/\/blog.holyart.it\/it\/articoli-religiosi\/festa-dei-gigli-la-devozione-della-citta-di-nola-a-san-paolino\/#primaryimage\"},\"thumbnailUrl\":\"https:\/\/blog.holyart.it\/it\/wp-content\/uploads\/sites\/17\/2023\/06\/festa-dei-gigli.jpg\",\"articleSection\":[\"Religione\",\"Santi e beati\"],\"inLanguage\":\"it-IT\"},{\"@type\":\"WebPage\",\"@id\":\"https:\/\/blog.holyart.it\/it\/articoli-religiosi\/festa-dei-gigli-la-devozione-della-citta-di-nola-a-san-paolino\/\",\"url\":\"https:\/\/blog.holyart.it\/it\/articoli-religiosi\/festa-dei-gigli-la-devozione-della-citta-di-nola-a-san-paolino\/\",\"name\":\"Festa dei Gigli: la devozione della citt\u00e0 di Nola a San Paolino\",\"isPartOf\":{\"@id\":\"https:\/\/blog.holyart.it\/it\/#website\"},\"primaryImageOfPage\":{\"@id\":\"https:\/\/blog.holyart.it\/it\/articoli-religiosi\/festa-dei-gigli-la-devozione-della-citta-di-nola-a-san-paolino\/#primaryimage\"},\"image\":{\"@id\":\"https:\/\/blog.holyart.it\/it\/articoli-religiosi\/festa-dei-gigli-la-devozione-della-citta-di-nola-a-san-paolino\/#primaryimage\"},\"thumbnailUrl\":\"https:\/\/blog.holyart.it\/it\/wp-content\/uploads\/sites\/17\/2023\/06\/festa-dei-gigli.jpg\",\"datePublished\":\"2023-06-19T08:00:40+00:00\",\"dateModified\":\"2025-05-06T15:41:31+00:00\",\"description\":\"Ogni anno la citt\u00e0 di Nola rinnova il suo legame profondo col proprio Santo Patrono Paolino con la Festa dei Gigli.\",\"breadcrumb\":{\"@id\":\"https:\/\/blog.holyart.it\/it\/articoli-religiosi\/festa-dei-gigli-la-devozione-della-citta-di-nola-a-san-paolino\/#breadcrumb\"},\"inLanguage\":\"it-IT\",\"potentialAction\":[{\"@type\":\"ReadAction\",\"target\":[\"https:\/\/blog.holyart.it\/it\/articoli-religiosi\/festa-dei-gigli-la-devozione-della-citta-di-nola-a-san-paolino\/\"]}]},{\"@type\":\"ImageObject\",\"inLanguage\":\"it-IT\",\"@id\":\"https:\/\/blog.holyart.it\/it\/articoli-religiosi\/festa-dei-gigli-la-devozione-della-citta-di-nola-a-san-paolino\/#primaryimage\",\"url\":\"https:\/\/blog.holyart.it\/it\/wp-content\/uploads\/sites\/17\/2023\/06\/festa-dei-gigli.jpg\",\"contentUrl\":\"https:\/\/blog.holyart.it\/it\/wp-content\/uploads\/sites\/17\/2023\/06\/festa-dei-gigli.jpg\",\"width\":1000,\"height\":666,\"caption\":\"festa dei gigli\"},{\"@type\":\"BreadcrumbList\",\"@id\":\"https:\/\/blog.holyart.it\/it\/articoli-religiosi\/festa-dei-gigli-la-devozione-della-citta-di-nola-a-san-paolino\/#breadcrumb\",\"itemListElement\":[{\"@type\":\"ListItem\",\"position\":1,\"name\":\"Homepage\",\"item\":\"https:\/\/blog.holyart.it\/it\/\"},{\"@type\":\"ListItem\",\"position\":2,\"name\":\"Religione\",\"item\":\"https:\/\/blog.holyart.it\/it\/articoli-religiosi\/\"},{\"@type\":\"ListItem\",\"position\":3,\"name\":\"Festa dei Gigli: la devozione della citt\u00e0 di Nola a San Paolino\"}]},{\"@type\":\"WebSite\",\"@id\":\"https:\/\/blog.holyart.it\/it\/#website\",\"url\":\"https:\/\/blog.holyart.it\/it\/\",\"name\":\"Holyblog\",\"description\":\"Il Blog di Holyart.it\",\"publisher\":{\"@id\":\"https:\/\/blog.holyart.it\/it\/#organization\"},\"potentialAction\":[{\"@type\":\"SearchAction\",\"target\":{\"@type\":\"EntryPoint\",\"urlTemplate\":\"https:\/\/blog.holyart.it\/it\/?s={search_term_string}\"},\"query-input\":{\"@type\":\"PropertyValueSpecification\",\"valueRequired\":true,\"valueName\":\"search_term_string\"}}],\"inLanguage\":\"it-IT\"},{\"@type\":\"Organization\",\"@id\":\"https:\/\/blog.holyart.it\/it\/#organization\",\"name\":\"Holyblog\",\"url\":\"https:\/\/blog.holyart.it\/it\/\",\"logo\":{\"@type\":\"ImageObject\",\"inLanguage\":\"it-IT\",\"@id\":\"https:\/\/blog.holyart.it\/it\/#\/schema\/logo\/image\/\",\"url\":\"https:\/\/blog.holyart.it\/it\/wp-content\/uploads\/sites\/17\/2022\/12\/Holyart_Blog_Logo.jpg\",\"contentUrl\":\"https:\/\/blog.holyart.it\/it\/wp-content\/uploads\/sites\/17\/2022\/12\/Holyart_Blog_Logo.jpg\",\"width\":300,\"height\":50,\"caption\":\"Holyblog\"},\"image\":{\"@id\":\"https:\/\/blog.holyart.it\/it\/#\/schema\/logo\/image\/\"}},{\"@type\":\"Person\",\"@id\":\"https:\/\/blog.holyart.it\/it\/#\/schema\/person\/0a7b686e5af0f856ec1e390dd0baecda\",\"name\":\"Redazione\"}]}<\/script>\n<!-- \/ Yoast SEO plugin. -->","yoast_head_json":{"title":"Festa dei Gigli: la devozione della citt\u00e0 di Nola a San Paolino","description":"Ogni anno la citt\u00e0 di Nola rinnova il suo legame profondo col proprio Santo Patrono Paolino con la Festa dei Gigli.","robots":{"index":"index","follow":"follow","max-snippet":"max-snippet:-1","max-image-preview":"max-image-preview:large","max-video-preview":"max-video-preview:-1"},"canonical":"https:\/\/blog.holyart.it\/it\/articoli-religiosi\/festa-dei-gigli-la-devozione-della-citta-di-nola-a-san-paolino\/","og_locale":"it_IT","og_type":"article","og_title":"Festa dei Gigli: la devozione della citt\u00e0 di Nola a San Paolino","og_description":"Ogni anno la citt\u00e0 di Nola rinnova il suo legame profondo col proprio Santo Patrono Paolino con la Festa dei Gigli.","og_url":"https:\/\/blog.holyart.it\/it\/articoli-religiosi\/festa-dei-gigli-la-devozione-della-citta-di-nola-a-san-paolino\/","og_site_name":"Holyblog","article_published_time":"2023-06-19T08:00:40+00:00","article_modified_time":"2025-05-06T15:41:31+00:00","og_image":[{"width":1000,"height":666,"url":"https:\/\/blog.holyart.it\/it\/wp-content\/uploads\/sites\/17\/2023\/06\/festa-dei-gigli.jpg","type":"image\/jpeg"}],"author":"Redazione","twitter_card":"summary_large_image","twitter_misc":{"Scritto da":"Redazione","Tempo di lettura stimato":"7 minuti"},"schema":{"@context":"https:\/\/schema.org","@graph":[{"@type":"Article","@id":"https:\/\/blog.holyart.it\/it\/articoli-religiosi\/festa-dei-gigli-la-devozione-della-citta-di-nola-a-san-paolino\/#article","isPartOf":{"@id":"https:\/\/blog.holyart.it\/it\/articoli-religiosi\/festa-dei-gigli-la-devozione-della-citta-di-nola-a-san-paolino\/"},"author":{"name":"Redazione","@id":"https:\/\/blog.holyart.it\/it\/#\/schema\/person\/0a7b686e5af0f856ec1e390dd0baecda"},"headline":"Festa dei Gigli: la devozione della citt\u00e0 di Nola a San Paolino","datePublished":"2023-06-19T08:00:40+00:00","dateModified":"2025-05-06T15:41:31+00:00","mainEntityOfPage":{"@id":"https:\/\/blog.holyart.it\/it\/articoli-religiosi\/festa-dei-gigli-la-devozione-della-citta-di-nola-a-san-paolino\/"},"wordCount":1153,"publisher":{"@id":"https:\/\/blog.holyart.it\/it\/#organization"},"image":{"@id":"https:\/\/blog.holyart.it\/it\/articoli-religiosi\/festa-dei-gigli-la-devozione-della-citta-di-nola-a-san-paolino\/#primaryimage"},"thumbnailUrl":"https:\/\/blog.holyart.it\/it\/wp-content\/uploads\/sites\/17\/2023\/06\/festa-dei-gigli.jpg","articleSection":["Religione","Santi e beati"],"inLanguage":"it-IT"},{"@type":"WebPage","@id":"https:\/\/blog.holyart.it\/it\/articoli-religiosi\/festa-dei-gigli-la-devozione-della-citta-di-nola-a-san-paolino\/","url":"https:\/\/blog.holyart.it\/it\/articoli-religiosi\/festa-dei-gigli-la-devozione-della-citta-di-nola-a-san-paolino\/","name":"Festa dei Gigli: la devozione della citt\u00e0 di Nola a San Paolino","isPartOf":{"@id":"https:\/\/blog.holyart.it\/it\/#website"},"primaryImageOfPage":{"@id":"https:\/\/blog.holyart.it\/it\/articoli-religiosi\/festa-dei-gigli-la-devozione-della-citta-di-nola-a-san-paolino\/#primaryimage"},"image":{"@id":"https:\/\/blog.holyart.it\/it\/articoli-religiosi\/festa-dei-gigli-la-devozione-della-citta-di-nola-a-san-paolino\/#primaryimage"},"thumbnailUrl":"https:\/\/blog.holyart.it\/it\/wp-content\/uploads\/sites\/17\/2023\/06\/festa-dei-gigli.jpg","datePublished":"2023-06-19T08:00:40+00:00","dateModified":"2025-05-06T15:41:31+00:00","description":"Ogni anno la citt\u00e0 di Nola rinnova il suo legame profondo col proprio Santo Patrono Paolino con la Festa dei Gigli.","breadcrumb":{"@id":"https:\/\/blog.holyart.it\/it\/articoli-religiosi\/festa-dei-gigli-la-devozione-della-citta-di-nola-a-san-paolino\/#breadcrumb"},"inLanguage":"it-IT","potentialAction":[{"@type":"ReadAction","target":["https:\/\/blog.holyart.it\/it\/articoli-religiosi\/festa-dei-gigli-la-devozione-della-citta-di-nola-a-san-paolino\/"]}]},{"@type":"ImageObject","inLanguage":"it-IT","@id":"https:\/\/blog.holyart.it\/it\/articoli-religiosi\/festa-dei-gigli-la-devozione-della-citta-di-nola-a-san-paolino\/#primaryimage","url":"https:\/\/blog.holyart.it\/it\/wp-content\/uploads\/sites\/17\/2023\/06\/festa-dei-gigli.jpg","contentUrl":"https:\/\/blog.holyart.it\/it\/wp-content\/uploads\/sites\/17\/2023\/06\/festa-dei-gigli.jpg","width":1000,"height":666,"caption":"festa dei gigli"},{"@type":"BreadcrumbList","@id":"https:\/\/blog.holyart.it\/it\/articoli-religiosi\/festa-dei-gigli-la-devozione-della-citta-di-nola-a-san-paolino\/#breadcrumb","itemListElement":[{"@type":"ListItem","position":1,"name":"Homepage","item":"https:\/\/blog.holyart.it\/it\/"},{"@type":"ListItem","position":2,"name":"Religione","item":"https:\/\/blog.holyart.it\/it\/articoli-religiosi\/"},{"@type":"ListItem","position":3,"name":"Festa dei Gigli: la devozione della citt\u00e0 di Nola a San Paolino"}]},{"@type":"WebSite","@id":"https:\/\/blog.holyart.it\/it\/#website","url":"https:\/\/blog.holyart.it\/it\/","name":"Holyblog","description":"Il Blog di Holyart.it","publisher":{"@id":"https:\/\/blog.holyart.it\/it\/#organization"},"potentialAction":[{"@type":"SearchAction","target":{"@type":"EntryPoint","urlTemplate":"https:\/\/blog.holyart.it\/it\/?s={search_term_string}"},"query-input":{"@type":"PropertyValueSpecification","valueRequired":true,"valueName":"search_term_string"}}],"inLanguage":"it-IT"},{"@type":"Organization","@id":"https:\/\/blog.holyart.it\/it\/#organization","name":"Holyblog","url":"https:\/\/blog.holyart.it\/it\/","logo":{"@type":"ImageObject","inLanguage":"it-IT","@id":"https:\/\/blog.holyart.it\/it\/#\/schema\/logo\/image\/","url":"https:\/\/blog.holyart.it\/it\/wp-content\/uploads\/sites\/17\/2022\/12\/Holyart_Blog_Logo.jpg","contentUrl":"https:\/\/blog.holyart.it\/it\/wp-content\/uploads\/sites\/17\/2022\/12\/Holyart_Blog_Logo.jpg","width":300,"height":50,"caption":"Holyblog"},"image":{"@id":"https:\/\/blog.holyart.it\/it\/#\/schema\/logo\/image\/"}},{"@type":"Person","@id":"https:\/\/blog.holyart.it\/it\/#\/schema\/person\/0a7b686e5af0f856ec1e390dd0baecda","name":"Redazione"}]}},"_links":{"self":[{"href":"https:\/\/blog.holyart.it\/it\/wp-json\/wp\/v2\/posts\/17973","targetHints":{"allow":["GET"]}}],"collection":[{"href":"https:\/\/blog.holyart.it\/it\/wp-json\/wp\/v2\/posts"}],"about":[{"href":"https:\/\/blog.holyart.it\/it\/wp-json\/wp\/v2\/types\/post"}],"author":[{"embeddable":true,"href":"https:\/\/blog.holyart.it\/it\/wp-json\/wp\/v2\/users\/1"}],"replies":[{"embeddable":true,"href":"https:\/\/blog.holyart.it\/it\/wp-json\/wp\/v2\/comments?post=17973"}],"version-history":[{"count":3,"href":"https:\/\/blog.holyart.it\/it\/wp-json\/wp\/v2\/posts\/17973\/revisions"}],"predecessor-version":[{"id":17982,"href":"https:\/\/blog.holyart.it\/it\/wp-json\/wp\/v2\/posts\/17973\/revisions\/17982"}],"wp:featuredmedia":[{"embeddable":true,"href":"https:\/\/blog.holyart.it\/it\/wp-json\/wp\/v2\/media\/17990"}],"wp:attachment":[{"href":"https:\/\/blog.holyart.it\/it\/wp-json\/wp\/v2\/media?parent=17973"}],"wp:term":[{"taxonomy":"category","embeddable":true,"href":"https:\/\/blog.holyart.it\/it\/wp-json\/wp\/v2\/categories?post=17973"},{"taxonomy":"post_tag","embeddable":true,"href":"https:\/\/blog.holyart.it\/it\/wp-json\/wp\/v2\/tags?post=17973"}],"curies":[{"name":"wp","href":"https:\/\/api.w.org\/{rel}","templated":true}]}}