{"id":17936,"date":"2023-06-14T10:16:42","date_gmt":"2023-06-14T08:16:42","guid":{"rendered":"https:\/\/blog.holyart.it\/it\/?p=17936"},"modified":"2025-06-05T16:13:02","modified_gmt":"2025-06-05T14:13:02","slug":"anello-episcopale-con-ametista-qual-e-il-suo-significato","status":"publish","type":"post","link":"https:\/\/blog.holyart.it\/it\/articoli-religiosi\/anello-episcopale-con-ametista-qual-e-il-suo-significato\/","title":{"rendered":"Anello episcopale con ametista: qual \u00e8 il suo significato"},"content":{"rendered":"<h4>Pietra Ametista per i Vescovi, topazio giallo per gli Arcivescovi, zaffiro o rubino per i cardinali. L&#8217;anello episcopale, tra simbolismo e spiritualit\u00e0<\/h4>\n\n<p>Come ogni altro aspetto della religione, anche i gioielli indossati da alti prelati, come Vescovi, Arcivescovi e Cardinali, non sono semplici ornamenti o orpelli, ma sono investiti di una <strong>forte valenza simbolica<\/strong>. In particolare <a href=\"https:\/\/www.holyart.it\/it\/accessori-per-la-liturgia\/articoli-vescovili?page=1&amp;params=%7B%22offset%22:0,%22limit%22:60,%22filters%22:%5B%5D,%22sorter%22:%22YEAR_BEST_SELLERS%22,%22categoryIds%22:%5B108338%5D,%22filtersByIds%22:%5B%7B%22key%22:39,%22values%22:%5B1600%5D%7D%5D%7D\"><strong>l&#8217;anello episcopale<\/strong><\/a> che i Vescovi ostentano nelle celebrazioni pi\u00f9 solenni simboleggia la loro totale dedizione alla Chiesa, la loro scelta di <strong>obbedienza e servizio<\/strong>.<\/p>\n<p>Ma il valore simbolico dell&#8217;anello vescovile, cos\u00ec come di tutti gli anelli sacri, non si limita al senso ad esso attribuito nel corso dei secoli. L&#8217;anello, per la sua stessa <strong>forma<\/strong>, \u00e8 sempre stato investito di un significato profondo e universale, che la Chiesa cattolica ha fatto proprio. I primi anelli risalirebbero all\u2019Et\u00e0 del Bronzo e gi\u00e0 presso le antiche civilt\u00e0, come gli egizi, venivano utilizzati come segni distintivi per personalit\u00e0 eminenti, o come sigilli per preziosi documenti. Dipende dalla forma del cerchio, <strong>simbolo di perfezione, infinito ed eternit\u00e0<\/strong>,\u00a0che per la Chiesa si \u00e8 tradotto anche in <strong>santit\u00e0<\/strong>. Basta pensare alle <a href=\"https:\/\/www.holyart.it\/it\/articoli-religiosi\/stellari-e-corone-per-statue\"><strong>aureole<\/strong> <\/a>che cingono il capo della Madonna, di Cristo e dei Santi, e che sono quasi sempre rotonde, o all&#8217;usanza di <strong><a href=\"https:\/\/www.holyart.it\/blog\/occasioni-speciali\/come-prendere-le-misure-per-gli-anelli-la-nostra-mini-guida\/\">scambiarsi gli anelli<\/a> <\/strong>nel <strong>Sacramento del Matrimonio<\/strong>, a significare il completamento reciproco che nasce dall\u2019unione tra due individui.<\/p>\n<div class=\"link-product\">\n<div class=\"blocco-immagine\"><img loading=\"lazy\" decoding=\"async\" class=\"size-full wp-image-17947 alignleft\" src=\"https:\/\/blog.holyart.it\/it\/wp-content\/uploads\/sites\/17\/2023\/06\/anello-per-vescovi-argento.jpg\" alt=\"anello per vescovi argento\" width=\"100\" height=\"100\" data-kale-share-title=\"Anello episcopale con ametista: qual \u00e8 il suo significato\" data-kale-share-url=\"https:\/\/blog.holyart.it\/it\/?p=17936\" \/><\/div>\n<div class=\"blocco-contenuto\">\n<div class=\"blocco-acquista\">Acquista su Holyart:<\/div>\n<div class=\"blocco-titolo\"><a href=\"https:\/\/www.holyart.it\/it\/accessori-per-la-liturgia\/articoli-vescovili?page=1&amp;params=%7B%22offset%22:0,%22limit%22:60,%22filters%22:%5B%5D,%22sorter%22:%22YEAR_BEST_SELLERS%22,%22categoryIds%22:%5B108338%5D,%22filtersByIds%22:%5B%7B%22key%22:39,%22values%22:%5B1600%5D%7D%5D%7D\">ARTICOLI VESCOVILI<\/a><\/div>\n<div class=\"blocco-descrizione\">Articoli vescovili: anelli, bastoni pastorali con asta, croci episcopali.<\/div>\n<\/div>\n<\/div>\n<p>Tornando all&#8217;evoluzione dell&#8217;anello come ornamento <strong>simbolo del potere temporale e religioso<\/strong>, nell&#8217;<strong>antica Roma<\/strong> i sacerdoti di alto rango indossavano anelli prima di ferro, poi d\u2019oro, ed era usanza che chi si rivolgeva loro baciasse questi anelli in segno di deferenza, usanza poi passata a re, imperatori e, con l&#8217;avvento del Cristianesimo, agli eminenti religiosi. Ma gi\u00e0 nelle <strong>Catacombe<\/strong> sono stati rinvenuti anelli decorati con incisioni simboliche, segno che i primi cristiani adottarono fin da subito questo simbolo.<\/p>\n<p>E non dimentichiamo l&#8217;<a href=\"https:\/\/holyart.it\/blog\/articoli-religiosi\/lanello-del-pescatore-e-il-rito-che-sancisce-linizio-del-pontificato\/\"><b>anello del Pescatore<\/b><\/a>, una delle tradizioni pi\u00f9 antiche legate all\u2019elezione papale, nonch\u00e9 uno degli oggetti legati alla religione e al cattolicesimo pi\u00f9 investiti di valenza simbolica.<\/p>\n<p>Anche le <strong>pietre preziose<\/strong> che ornano gli anelli indossati da Vescovi (ametista), Arcivescovi (topazio giallo) e Cardinali (zaffiro o rubino) non si limitano a definire la <strong>gerarchia sacerdotale<\/strong>, ma hanno anche un preciso significato simbolico.<\/p>\n<div class=\"link-article\">\n<p><img loading=\"lazy\" decoding=\"async\" class=\"size-full wp-image-17948 alignleft\" src=\"https:\/\/blog.holyart.it\/it\/wp-content\/uploads\/sites\/17\/2023\/06\/elezione-papa.jpg\" alt=\"elezione papa\" width=\"150\" height=\"99\" data-kale-share-title=\"Anello episcopale con ametista: qual \u00e8 il suo significato\" data-kale-share-url=\"https:\/\/blog.holyart.it\/it\/?p=17936\" \/><\/p>\n<div class=\"leggi-anche\">Leggi anche:<\/div>\n<p><strong><a href=\"https:\/\/holyart.it\/blog\/articoli-religiosi\/lanello-del-pescatore-e-il-rito-che-sancisce-linizio-del-pontificato\/\">L\u2019anello del pescatore e il rito che sancisce l\u2019inizio del pontificato<\/a><\/strong><br \/>\nL\u2019anello del Pescatore, una delle pi\u00f9 antiche tradizioni legate&#8230;<\/p>\n<\/div>\n<h2>Il significato dell\u2019ametista sull\u2019anello episcopale<\/h2>\n<p>La scelta della <a href=\"https:\/\/www.holyart.it\/it\/accessori-per-la-liturgia\/articoli-vescovili\/anello-vescovile-regolabile-argento-dorato-925-con-ametista\"><strong>pietra di ametista<\/strong> <\/a>come gemma per decorare l&#8217;anello del Vescovo non \u00e8 casuale.<span style=\"font-family: georgia, palatino, serif;\"> Questa pietra viene citata gi\u00e0 nella <strong>Bibbia<\/strong> tra i paramenti cerimoniali per Aronne che Dio aveva ordinato a Mos\u00e8: <\/span><em>&#8220;<b>10<\/b>\u00a0E vi incastonarono quattro file di pietre; nella prima fila c\u2019era un sardonio, un topazio e uno smeraldo;\u00a0<b>11<\/b>\u00a0nella seconda fila, un rubino, uno zaffiro e un calcedonio;\u00a0<b>12<\/b>\u00a0nella terza fila, un opale, un\u2019agata e un\u2019<b>ametista<\/b>;\u00a0<b>13<\/b>\u00a0nella quarta fila, un crisolito, un \u00f2nice e un diaspro. Queste pietre erano incastonate nelle loro montature d\u2019oro.\u00a0<b>14<\/b> Le pietre corrispondevano ai nomi dei figli d\u2019Israele, ed erano dodici, secondo i loro nomi; erano incise come dei sigilli; ciascuna con il nome di una delle dodici trib\u00f9&#8221;<\/em> (Esodo28, 10-14).<\/p>\n<div class=\"link-product\">\n<div class=\"blocco-immagine\"><img loading=\"lazy\" decoding=\"async\" class=\"size-full wp-image-17949 alignleft\" src=\"https:\/\/blog.holyart.it\/it\/wp-content\/uploads\/sites\/17\/2023\/06\/anello-vescovile-regolabile.jpg\" alt=\"anello vescovile regolabile\" width=\"100\" height=\"100\" data-kale-share-title=\"Anello episcopale con ametista: qual \u00e8 il suo significato\" data-kale-share-url=\"https:\/\/blog.holyart.it\/it\/?p=17936\" \/><\/div>\n<div class=\"blocco-contenuto\">\n<div class=\"blocco-acquista\">Acquista su Holyart:<\/div>\n<div class=\"blocco-titolo\"><a href=\"https:\/\/www.holyart.it\/it\/accessori-per-la-liturgia\/articoli-vescovili\/anello-vescovile-regolabile-argento-dorato-925-con-ametista\">Anello vescovile regolabile argento dorato<\/a><\/div>\n<div class=\"blocco-descrizione\">Anello vescovile con ametista incastonata. L&#8217;anello pesa 9,9 grammi ed \u00e8 stato fabbricato a mano in Italia.<\/div>\n<\/div>\n<\/div>\n<p>Il valore simbolico attribuito a questa bellissima pietra viola e di conseguenza all&#8217;anello episcopale con ametista affonda le sue origini ancora pi\u00f9 indietro nel tempo, negli antichi <strong>miti greci<\/strong>, secondo i quali Ametista era una ninfa che la dea Artemide trasform\u00f2 in un splendido cristallo per proteggerla da Dioniso, dio dell&#8217;ebbrezza. Pentito per averla insidiata e condannata a quella metamorfosi, quest&#8217;ultimo avrebbe versato del vino sul cristallo, che da limpido qual era assunse il colore caratteristico che tutti conosciamo. Forse per questo legame mitico con Dioniso all&#8217;ametista venne attribuito fin dall&#8217;antichit\u00e0 il potere di proteggere dall\u2019ubriachezza, tanto che la parola greca <em><b>am\u00e9thystos<\/b><\/em> significa \u201cnon ubriaco\u201d. Nell&#8217;antica Roma si realizzavano coppe di ametista usate durante i banchetti dei patrizi.<\/p>\n<p>Secondo la cristalloterapia l&#8217;ametista \u00e8 una pietra che porta equilibrio e autocontrollo, alimenta l&#8217;autostima, porta bei sogni e allontana gli incubi.<\/p>\n<p>La scelta di questa pietra per l&#8217;anello del Vescovo \u00e8 legata al suo colore, il viola, un<strong> colore sacro<\/strong> che richiama la penitenza, l&#8217;attesa e il lutto, ma anche le nozze mistiche tra Ges\u00f9 e la sua Chiesa. Viene utilizzato in particolare durante <strong><a href=\"https:\/\/www.holyart.it\/blog\/accessori-liturgia\/lanno-e-tempi-liturgici-facciamo-chiarezza\/#Avvento\">l&#8217;Avvento e la Quaresima<\/a><\/strong>.<\/p>\n<div class=\"link-article\">\n<p><img loading=\"lazy\" decoding=\"async\" class=\"size-full wp-image-17950 alignleft\" src=\"https:\/\/blog.holyart.it\/it\/wp-content\/uploads\/sites\/17\/2023\/06\/calendario-liturgico.jpg\" alt=\"calendario liturgico\" width=\"150\" height=\"99\" data-kale-share-title=\"Anello episcopale con ametista: qual \u00e8 il suo significato\" data-kale-share-url=\"https:\/\/blog.holyart.it\/it\/?p=17936\" \/><\/p>\n<div class=\"leggi-anche\">Leggi anche:<\/div>\n<p><strong><a href=\"https:\/\/www.holyart.it\/blog\/accessori-liturgia\/lanno-e-tempi-liturgici-facciamo-chiarezza\/#Avvento\">L\u2019anno e tempi liturgici: facciamo chiarezza<\/a><\/strong><br \/>\nI tempi liturgici della chiesa cattolica sono le stagioni in cui \u00e8 suddiviso l\u2019anno liturgico&#8230;<\/p>\n<\/div>\n<p>I primi cristiani trovarono subito un <strong>legame tra l&#8217;ametista e Cristo<\/strong>, riconoscendo nel cristallo la purezza dello spirito e nelle sfumature violacee e rossastre i segni e le ferite della Passione. Nel tempo l&#8217;ametista \u00e8 diventata simbolo degli umili che come Cristo scelgono di sacrificarsi per gli altri, senza smettere di pregare per chi li perseguita. \u00c8 anche simbolo di fiducia, piet\u00e0, umilt\u00e0, sincerit\u00e0 e saggezza spirituale, e per questo \u00e8 stata scelta come pietra dei Vescovi, pastori di anime, custodi della Chiesa.<\/p>\n<h2>L\u2019anello del Vescovo<\/h2>\n<p>\u00c8 con il IV <strong>Concilio di Toledo nel 633 d.C.<\/strong> che viene definito che al momento dell&#8217;ordinazione, il vescovo deve ricevere oltre alla <strong>stola<\/strong>, o <em>orarium<\/em>, e al <a href=\"https:\/\/www.holyart.it\/it\/accessori-per-la-liturgia\/articoli-vescovili\/pastorale-asta-ottone-evangelisti\"><strong>baculo pastorale<\/strong><\/a> (il bastone) anche l&#8217;anello, o <em>anulum<\/em>,\u00a0<strong>emblema della dignit\u00e0 pastorale<\/strong>, che porter\u00e0 all&#8217;<strong>anulare destro<\/strong>. San Carlo Borromeo alla fine del XVI secolo stabilir\u00e0 che l&#8217;anello episcopale deve essere<strong> d&#8217;oro<\/strong>, sebbene ci siano stati nel corso dei secoli vescovi che hanno preferito materiali pi\u00f9 umili, con incastonata un&#8217;<strong>ametista.\u00a0<\/strong><\/p>\n<p>Oggi i Vescovi ricevono il Vangelo, simbolo del loro compito di diffusione della Parola; la mitra, che simboleggia la Santit\u00e0; il pastorale, per la sua missione di pastore di anime; l\u2019anello con l&#8217;ametista, simbolo della fedelt\u00e0 alla Chiesa.<\/p>\n<div class=\"link-product\">\n<div class=\"blocco-immagine\"><img loading=\"lazy\" decoding=\"async\" class=\"size-full wp-image-17951 alignleft\" src=\"https:\/\/blog.holyart.it\/it\/wp-content\/uploads\/sites\/17\/2023\/06\/pastorale-asta-ottone-evangelisti.jpg\" alt=\"pastorale asta ottone evangelisti\" width=\"100\" height=\"100\" data-kale-share-title=\"Anello episcopale con ametista: qual \u00e8 il suo significato\" data-kale-share-url=\"https:\/\/blog.holyart.it\/it\/?p=17936\" \/><\/div>\n<div class=\"blocco-contenuto\">\n<div class=\"blocco-acquista\">Acquista su Holyart:<\/div>\n<div class=\"blocco-titolo\"><a href=\"https:\/\/www.holyart.it\/it\/accessori-per-la-liturgia\/articoli-vescovili\/pastorale-asta-ottone-evangelisti\">Pastorale asta ottone evangelisti <\/a><\/div>\n<div class=\"blocco-descrizione\">Sul nodo sono rappresentati in rilievo i 4 evangelisti. Sull&#8217;estremit\u00e0 \u00e8 riposta una croce decorata.<\/div>\n<\/div>\n<\/div>\n<h2>L&#8217;anello dell\u2019Arcivescovo<\/h2>\n<p>Anche il <a href=\"https:\/\/www.holyart.it\/it\/accessori-per-la-liturgia\/articoli-vescovili\/anello-episcopale-con-colomba-argento-925-dorato\"><strong>topazio<\/strong><\/a>, la meravigliosa pietra dai riflessi d&#8217;oro che orna l&#8217;anello degli Arcivescovi, \u00e8 menzionato nella Bibbia tra le gemme sacre che dovevano ornare la corazza dei Gran sacerdoti, associate alle dodici trib\u00f9 dell&#8217;Israele, ma anche ai dodici angeli che Custodiscono l&#8217;arca dell&#8217;Alleanza e presiedono alla porta del Paradiso. Per gli egiziani il topazio era la pietra di Ra, il Dio di Sole. Il suo nome in sanscrito antico significa &#8216;il fuoco&#8217;. Il suo colore marrone e oro rimanda al sole, alla terra, alla fertilit\u00e0 e alla vita. Secondo i greci conferiva forza fisica e mentale.<\/p>\n<div class=\"link-product\">\n<div class=\"blocco-immagine\"><img loading=\"lazy\" decoding=\"async\" class=\"size-full wp-image-17952 alignleft\" src=\"https:\/\/blog.holyart.it\/it\/wp-content\/uploads\/sites\/17\/2023\/06\/anello-episcopale.jpg\" alt=\"anello episcopale\" width=\"100\" height=\"100\" data-kale-share-title=\"Anello episcopale con ametista: qual \u00e8 il suo significato\" data-kale-share-url=\"https:\/\/blog.holyart.it\/it\/?p=17936\" \/><\/div>\n<div class=\"blocco-contenuto\">\n<div class=\"blocco-acquista\">Acquista su Holyart:<\/div>\n<div class=\"blocco-titolo\"><a href=\"https:\/\/www.holyart.it\/it\/accessori-per-la-liturgia\/articoli-vescovili\/anello-episcopale-con-colomba-argento-925-dorato\">Anello episcopale con Colomba<\/a><\/div>\n<div class=\"blocco-descrizione\">Anello episcopale con Colomba in argento 925 finitura dorata con topazio sintetico, prodotto in Italia.<\/div>\n<\/div>\n<\/div>\n<h2>L\u2019anello del Cardinale<\/h2>\n<p>I <strong>cardinali<\/strong> hanno un loro anello, gi\u00e0 documentato nel XII secolo, che viene consegnato loro dal Papa durante il concistoro segreto, come <strong>simbolo della loro dignit\u00e0 e di alleanza con la Chiesa<\/strong>. L&#8217;anello del Cardinale \u00e8 ornato da <strong>uno zaffiro o da un rubino <\/strong>e si differenzia dagli altri <a href=\"https:\/\/www.holyart.it\/it\/accessori-per-la-liturgia\/articoli-vescovili\/anello-vescovile-argento-925-pietra-rossa-corniola\"><strong>anelli pastorali<\/strong><\/a> perch\u00e9 reca incise sull&#8217;anello stesso o sul verso della pietra le insegne del Papa che lo ha donato al Cardinale. \u00c8 anche un po&#8217; pi\u00f9 largo perch\u00e9 deve poter essere indossato sopra i guanti pontificali.<\/p>\n<div class=\"link-product\">\n<div class=\"blocco-immagine\"><img loading=\"lazy\" decoding=\"async\" class=\"size-full wp-image-17953 alignleft\" src=\"https:\/\/blog.holyart.it\/it\/wp-content\/uploads\/sites\/17\/2023\/06\/anello-vescovile-argento.jpg\" alt=\"anello vescovile argento\" width=\"100\" height=\"100\" data-kale-share-title=\"Anello episcopale con ametista: qual \u00e8 il suo significato\" data-kale-share-url=\"https:\/\/blog.holyart.it\/it\/?p=17936\" \/><\/div>\n<div class=\"blocco-contenuto\">\n<div class=\"blocco-acquista\">Acquista su Holyart:<\/div>\n<div class=\"blocco-titolo\"><a href=\"https:\/\/www.holyart.it\/it\/accessori-per-la-liturgia\/articoli-vescovili\/anello-vescovile-argento-925-pietra-rossa-corniola\">Anello vescovile argento 925<\/a><\/div>\n<div class=\"blocco-descrizione\">Anello per vescovi realizzato artigianalmente in Italia, da artigiani esperti e competenti nella lavorazione dell&#8217;argento.<\/div>\n<\/div>\n<\/div>\n<p>Lo <strong>zaffiro<\/strong> \u00e8 sempre stato associato al <strong>concetto di divino<\/strong>, in ogni cultura. Il sigillo di Salomone era di fatto uno zaffiro; gli antichi persiani lo consideravano la pietra sacra per eccellenza e credevano che gli zaffiri determinassero il blu del cielo. Un&#8217;antica tradizione sostiene che le tavole dei Dieci Comandamenti fossero fatte di zaffiro. Nell&#8217;antico Egitto era la pietra della verit\u00e0 e alla giustizia, per Carlo Magno, che indossava sempre un amuleto con uno zaffiro incastonato, una dimostrazione di amore per Dio. Fu Papa Innocenzo III nel XIII secolo a decidere che i cardinali indossassero l&#8217;anello con lo zaffiro nella mano destra.<\/p>\n<p>Considerato il re delle pietre preziose, il <strong>rubino<\/strong> un tempo era anche l\u2019anello nuziale per eccellenza. Rappresenta l\u2019entusiasmo e gioia di vivere, amore, libert\u00e0, ma anche forza e salute, e passione. Protegge dal male fisico e da quello dell&#8217;anima, rende invincibili e coraggiosi.<\/p>\n","protected":false},"excerpt":{"rendered":"<p>Pietra Ametista per i Vescovi, topazio giallo per gli Arcivescovi, zaffiro o rubino per i cardinali. L&#8217;anello episcopale, tra simbolismo e spiritualit\u00e0 Come ogni altro aspetto della religione, anche i gioielli indossati da alti prelati, come Vescovi, Arcivescovi e Cardinali, non sono semplici ornamenti o&hellip;<\/p>\n","protected":false},"author":1,"featured_media":17960,"comment_status":"closed","ping_status":"open","sticky":false,"template":"","format":"standard","meta":{"_acf_changed":false,"footnotes":""},"categories":[14,16],"tags":[],"class_list":["post-17936","post","type-post","status-publish","format-standard","has-post-thumbnail","hentry","category-accessori-liturgia","category-articoli-religiosi"],"acf":[],"yoast_head":"<!-- This site is optimized with the Yoast SEO plugin v26.6 - https:\/\/yoast.com\/wordpress\/plugins\/seo\/ -->\n<title>Anello episcopale con ametista: qual \u00e8 il suo significato - Holyblog<\/title>\n<meta name=\"description\" content=\"L&#039;anello episcopale dei Vescovi porta incastonata un&#039;ametista. Ecco come nasce la tradizione e cosa significa questo monile.\" \/>\n<meta name=\"robots\" content=\"index, follow, max-snippet:-1, max-image-preview:large, max-video-preview:-1\" \/>\n<link rel=\"canonical\" href=\"https:\/\/blog.holyart.it\/it\/articoli-religiosi\/anello-episcopale-con-ametista-qual-e-il-suo-significato\/\" \/>\n<meta property=\"og:locale\" content=\"it_IT\" \/>\n<meta property=\"og:type\" content=\"article\" \/>\n<meta property=\"og:title\" content=\"Anello episcopale con ametista: qual \u00e8 il suo significato - Holyblog\" \/>\n<meta property=\"og:description\" content=\"L&#039;anello episcopale dei Vescovi porta incastonata un&#039;ametista. Ecco come nasce la tradizione e cosa significa questo monile.\" \/>\n<meta property=\"og:url\" content=\"https:\/\/blog.holyart.it\/it\/articoli-religiosi\/anello-episcopale-con-ametista-qual-e-il-suo-significato\/\" \/>\n<meta property=\"og:site_name\" content=\"Holyblog\" \/>\n<meta property=\"article:published_time\" content=\"2023-06-14T08:16:42+00:00\" \/>\n<meta property=\"article:modified_time\" content=\"2025-06-05T14:13:02+00:00\" \/>\n<meta property=\"og:image\" content=\"https:\/\/blog.holyart.it\/it\/wp-content\/uploads\/sites\/17\/2023\/06\/anello-vescovo.jpg\" \/>\n\t<meta property=\"og:image:width\" content=\"1000\" \/>\n\t<meta property=\"og:image:height\" content=\"666\" \/>\n\t<meta property=\"og:image:type\" content=\"image\/jpeg\" \/>\n<meta name=\"author\" content=\"Redazione\" \/>\n<meta name=\"twitter:card\" content=\"summary_large_image\" \/>\n<meta name=\"twitter:label1\" content=\"Scritto da\" \/>\n\t<meta name=\"twitter:data1\" content=\"Redazione\" \/>\n\t<meta name=\"twitter:label2\" content=\"Tempo di lettura stimato\" \/>\n\t<meta name=\"twitter:data2\" content=\"9 minuti\" \/>\n<script type=\"application\/ld+json\" class=\"yoast-schema-graph\">{\"@context\":\"https:\/\/schema.org\",\"@graph\":[{\"@type\":\"Article\",\"@id\":\"https:\/\/blog.holyart.it\/it\/articoli-religiosi\/anello-episcopale-con-ametista-qual-e-il-suo-significato\/#article\",\"isPartOf\":{\"@id\":\"https:\/\/blog.holyart.it\/it\/articoli-religiosi\/anello-episcopale-con-ametista-qual-e-il-suo-significato\/\"},\"author\":{\"name\":\"Redazione\",\"@id\":\"https:\/\/blog.holyart.it\/it\/#\/schema\/person\/0a7b686e5af0f856ec1e390dd0baecda\"},\"headline\":\"Anello episcopale con ametista: qual \u00e8 il suo significato\",\"datePublished\":\"2023-06-14T08:16:42+00:00\",\"dateModified\":\"2025-06-05T14:13:02+00:00\",\"mainEntityOfPage\":{\"@id\":\"https:\/\/blog.holyart.it\/it\/articoli-religiosi\/anello-episcopale-con-ametista-qual-e-il-suo-significato\/\"},\"wordCount\":1372,\"publisher\":{\"@id\":\"https:\/\/blog.holyart.it\/it\/#organization\"},\"image\":{\"@id\":\"https:\/\/blog.holyart.it\/it\/articoli-religiosi\/anello-episcopale-con-ametista-qual-e-il-suo-significato\/#primaryimage\"},\"thumbnailUrl\":\"https:\/\/blog.holyart.it\/it\/wp-content\/uploads\/sites\/17\/2023\/06\/anello-vescovo.jpg\",\"articleSection\":[\"Liturgia\",\"Religione\"],\"inLanguage\":\"it-IT\"},{\"@type\":\"WebPage\",\"@id\":\"https:\/\/blog.holyart.it\/it\/articoli-religiosi\/anello-episcopale-con-ametista-qual-e-il-suo-significato\/\",\"url\":\"https:\/\/blog.holyart.it\/it\/articoli-religiosi\/anello-episcopale-con-ametista-qual-e-il-suo-significato\/\",\"name\":\"Anello episcopale con ametista: qual \u00e8 il suo significato - Holyblog\",\"isPartOf\":{\"@id\":\"https:\/\/blog.holyart.it\/it\/#website\"},\"primaryImageOfPage\":{\"@id\":\"https:\/\/blog.holyart.it\/it\/articoli-religiosi\/anello-episcopale-con-ametista-qual-e-il-suo-significato\/#primaryimage\"},\"image\":{\"@id\":\"https:\/\/blog.holyart.it\/it\/articoli-religiosi\/anello-episcopale-con-ametista-qual-e-il-suo-significato\/#primaryimage\"},\"thumbnailUrl\":\"https:\/\/blog.holyart.it\/it\/wp-content\/uploads\/sites\/17\/2023\/06\/anello-vescovo.jpg\",\"datePublished\":\"2023-06-14T08:16:42+00:00\",\"dateModified\":\"2025-06-05T14:13:02+00:00\",\"description\":\"L'anello episcopale dei Vescovi porta incastonata un'ametista. Ecco come nasce la tradizione e cosa significa questo monile.\",\"breadcrumb\":{\"@id\":\"https:\/\/blog.holyart.it\/it\/articoli-religiosi\/anello-episcopale-con-ametista-qual-e-il-suo-significato\/#breadcrumb\"},\"inLanguage\":\"it-IT\",\"potentialAction\":[{\"@type\":\"ReadAction\",\"target\":[\"https:\/\/blog.holyart.it\/it\/articoli-religiosi\/anello-episcopale-con-ametista-qual-e-il-suo-significato\/\"]}]},{\"@type\":\"ImageObject\",\"inLanguage\":\"it-IT\",\"@id\":\"https:\/\/blog.holyart.it\/it\/articoli-religiosi\/anello-episcopale-con-ametista-qual-e-il-suo-significato\/#primaryimage\",\"url\":\"https:\/\/blog.holyart.it\/it\/wp-content\/uploads\/sites\/17\/2023\/06\/anello-vescovo.jpg\",\"contentUrl\":\"https:\/\/blog.holyart.it\/it\/wp-content\/uploads\/sites\/17\/2023\/06\/anello-vescovo.jpg\",\"width\":1000,\"height\":666,\"caption\":\"anello episcopale\"},{\"@type\":\"BreadcrumbList\",\"@id\":\"https:\/\/blog.holyart.it\/it\/articoli-religiosi\/anello-episcopale-con-ametista-qual-e-il-suo-significato\/#breadcrumb\",\"itemListElement\":[{\"@type\":\"ListItem\",\"position\":1,\"name\":\"Homepage\",\"item\":\"https:\/\/blog.holyart.it\/it\/\"},{\"@type\":\"ListItem\",\"position\":2,\"name\":\"Religione\",\"item\":\"https:\/\/blog.holyart.it\/it\/articoli-religiosi\/\"},{\"@type\":\"ListItem\",\"position\":3,\"name\":\"Anello episcopale con ametista: qual \u00e8 il suo significato\"}]},{\"@type\":\"WebSite\",\"@id\":\"https:\/\/blog.holyart.it\/it\/#website\",\"url\":\"https:\/\/blog.holyart.it\/it\/\",\"name\":\"Holyblog\",\"description\":\"Il Blog di Holyart.it\",\"publisher\":{\"@id\":\"https:\/\/blog.holyart.it\/it\/#organization\"},\"potentialAction\":[{\"@type\":\"SearchAction\",\"target\":{\"@type\":\"EntryPoint\",\"urlTemplate\":\"https:\/\/blog.holyart.it\/it\/?s={search_term_string}\"},\"query-input\":{\"@type\":\"PropertyValueSpecification\",\"valueRequired\":true,\"valueName\":\"search_term_string\"}}],\"inLanguage\":\"it-IT\"},{\"@type\":\"Organization\",\"@id\":\"https:\/\/blog.holyart.it\/it\/#organization\",\"name\":\"Holyblog\",\"url\":\"https:\/\/blog.holyart.it\/it\/\",\"logo\":{\"@type\":\"ImageObject\",\"inLanguage\":\"it-IT\",\"@id\":\"https:\/\/blog.holyart.it\/it\/#\/schema\/logo\/image\/\",\"url\":\"https:\/\/blog.holyart.it\/it\/wp-content\/uploads\/sites\/17\/2022\/12\/Holyart_Blog_Logo.jpg\",\"contentUrl\":\"https:\/\/blog.holyart.it\/it\/wp-content\/uploads\/sites\/17\/2022\/12\/Holyart_Blog_Logo.jpg\",\"width\":300,\"height\":50,\"caption\":\"Holyblog\"},\"image\":{\"@id\":\"https:\/\/blog.holyart.it\/it\/#\/schema\/logo\/image\/\"}},{\"@type\":\"Person\",\"@id\":\"https:\/\/blog.holyart.it\/it\/#\/schema\/person\/0a7b686e5af0f856ec1e390dd0baecda\",\"name\":\"Redazione\"}]}<\/script>\n<!-- \/ Yoast SEO plugin. -->","yoast_head_json":{"title":"Anello episcopale con ametista: qual \u00e8 il suo significato - Holyblog","description":"L'anello episcopale dei Vescovi porta incastonata un'ametista. Ecco come nasce la tradizione e cosa significa questo monile.","robots":{"index":"index","follow":"follow","max-snippet":"max-snippet:-1","max-image-preview":"max-image-preview:large","max-video-preview":"max-video-preview:-1"},"canonical":"https:\/\/blog.holyart.it\/it\/articoli-religiosi\/anello-episcopale-con-ametista-qual-e-il-suo-significato\/","og_locale":"it_IT","og_type":"article","og_title":"Anello episcopale con ametista: qual \u00e8 il suo significato - Holyblog","og_description":"L'anello episcopale dei Vescovi porta incastonata un'ametista. Ecco come nasce la tradizione e cosa significa questo monile.","og_url":"https:\/\/blog.holyart.it\/it\/articoli-religiosi\/anello-episcopale-con-ametista-qual-e-il-suo-significato\/","og_site_name":"Holyblog","article_published_time":"2023-06-14T08:16:42+00:00","article_modified_time":"2025-06-05T14:13:02+00:00","og_image":[{"width":1000,"height":666,"url":"https:\/\/blog.holyart.it\/it\/wp-content\/uploads\/sites\/17\/2023\/06\/anello-vescovo.jpg","type":"image\/jpeg"}],"author":"Redazione","twitter_card":"summary_large_image","twitter_misc":{"Scritto da":"Redazione","Tempo di lettura stimato":"9 minuti"},"schema":{"@context":"https:\/\/schema.org","@graph":[{"@type":"Article","@id":"https:\/\/blog.holyart.it\/it\/articoli-religiosi\/anello-episcopale-con-ametista-qual-e-il-suo-significato\/#article","isPartOf":{"@id":"https:\/\/blog.holyart.it\/it\/articoli-religiosi\/anello-episcopale-con-ametista-qual-e-il-suo-significato\/"},"author":{"name":"Redazione","@id":"https:\/\/blog.holyart.it\/it\/#\/schema\/person\/0a7b686e5af0f856ec1e390dd0baecda"},"headline":"Anello episcopale con ametista: qual \u00e8 il suo significato","datePublished":"2023-06-14T08:16:42+00:00","dateModified":"2025-06-05T14:13:02+00:00","mainEntityOfPage":{"@id":"https:\/\/blog.holyart.it\/it\/articoli-religiosi\/anello-episcopale-con-ametista-qual-e-il-suo-significato\/"},"wordCount":1372,"publisher":{"@id":"https:\/\/blog.holyart.it\/it\/#organization"},"image":{"@id":"https:\/\/blog.holyart.it\/it\/articoli-religiosi\/anello-episcopale-con-ametista-qual-e-il-suo-significato\/#primaryimage"},"thumbnailUrl":"https:\/\/blog.holyart.it\/it\/wp-content\/uploads\/sites\/17\/2023\/06\/anello-vescovo.jpg","articleSection":["Liturgia","Religione"],"inLanguage":"it-IT"},{"@type":"WebPage","@id":"https:\/\/blog.holyart.it\/it\/articoli-religiosi\/anello-episcopale-con-ametista-qual-e-il-suo-significato\/","url":"https:\/\/blog.holyart.it\/it\/articoli-religiosi\/anello-episcopale-con-ametista-qual-e-il-suo-significato\/","name":"Anello episcopale con ametista: qual \u00e8 il suo significato - Holyblog","isPartOf":{"@id":"https:\/\/blog.holyart.it\/it\/#website"},"primaryImageOfPage":{"@id":"https:\/\/blog.holyart.it\/it\/articoli-religiosi\/anello-episcopale-con-ametista-qual-e-il-suo-significato\/#primaryimage"},"image":{"@id":"https:\/\/blog.holyart.it\/it\/articoli-religiosi\/anello-episcopale-con-ametista-qual-e-il-suo-significato\/#primaryimage"},"thumbnailUrl":"https:\/\/blog.holyart.it\/it\/wp-content\/uploads\/sites\/17\/2023\/06\/anello-vescovo.jpg","datePublished":"2023-06-14T08:16:42+00:00","dateModified":"2025-06-05T14:13:02+00:00","description":"L'anello episcopale dei Vescovi porta incastonata un'ametista. Ecco come nasce la tradizione e cosa significa questo monile.","breadcrumb":{"@id":"https:\/\/blog.holyart.it\/it\/articoli-religiosi\/anello-episcopale-con-ametista-qual-e-il-suo-significato\/#breadcrumb"},"inLanguage":"it-IT","potentialAction":[{"@type":"ReadAction","target":["https:\/\/blog.holyart.it\/it\/articoli-religiosi\/anello-episcopale-con-ametista-qual-e-il-suo-significato\/"]}]},{"@type":"ImageObject","inLanguage":"it-IT","@id":"https:\/\/blog.holyart.it\/it\/articoli-religiosi\/anello-episcopale-con-ametista-qual-e-il-suo-significato\/#primaryimage","url":"https:\/\/blog.holyart.it\/it\/wp-content\/uploads\/sites\/17\/2023\/06\/anello-vescovo.jpg","contentUrl":"https:\/\/blog.holyart.it\/it\/wp-content\/uploads\/sites\/17\/2023\/06\/anello-vescovo.jpg","width":1000,"height":666,"caption":"anello episcopale"},{"@type":"BreadcrumbList","@id":"https:\/\/blog.holyart.it\/it\/articoli-religiosi\/anello-episcopale-con-ametista-qual-e-il-suo-significato\/#breadcrumb","itemListElement":[{"@type":"ListItem","position":1,"name":"Homepage","item":"https:\/\/blog.holyart.it\/it\/"},{"@type":"ListItem","position":2,"name":"Religione","item":"https:\/\/blog.holyart.it\/it\/articoli-religiosi\/"},{"@type":"ListItem","position":3,"name":"Anello episcopale con ametista: qual \u00e8 il suo significato"}]},{"@type":"WebSite","@id":"https:\/\/blog.holyart.it\/it\/#website","url":"https:\/\/blog.holyart.it\/it\/","name":"Holyblog","description":"Il Blog di Holyart.it","publisher":{"@id":"https:\/\/blog.holyart.it\/it\/#organization"},"potentialAction":[{"@type":"SearchAction","target":{"@type":"EntryPoint","urlTemplate":"https:\/\/blog.holyart.it\/it\/?s={search_term_string}"},"query-input":{"@type":"PropertyValueSpecification","valueRequired":true,"valueName":"search_term_string"}}],"inLanguage":"it-IT"},{"@type":"Organization","@id":"https:\/\/blog.holyart.it\/it\/#organization","name":"Holyblog","url":"https:\/\/blog.holyart.it\/it\/","logo":{"@type":"ImageObject","inLanguage":"it-IT","@id":"https:\/\/blog.holyart.it\/it\/#\/schema\/logo\/image\/","url":"https:\/\/blog.holyart.it\/it\/wp-content\/uploads\/sites\/17\/2022\/12\/Holyart_Blog_Logo.jpg","contentUrl":"https:\/\/blog.holyart.it\/it\/wp-content\/uploads\/sites\/17\/2022\/12\/Holyart_Blog_Logo.jpg","width":300,"height":50,"caption":"Holyblog"},"image":{"@id":"https:\/\/blog.holyart.it\/it\/#\/schema\/logo\/image\/"}},{"@type":"Person","@id":"https:\/\/blog.holyart.it\/it\/#\/schema\/person\/0a7b686e5af0f856ec1e390dd0baecda","name":"Redazione"}]}},"_links":{"self":[{"href":"https:\/\/blog.holyart.it\/it\/wp-json\/wp\/v2\/posts\/17936","targetHints":{"allow":["GET"]}}],"collection":[{"href":"https:\/\/blog.holyart.it\/it\/wp-json\/wp\/v2\/posts"}],"about":[{"href":"https:\/\/blog.holyart.it\/it\/wp-json\/wp\/v2\/types\/post"}],"author":[{"embeddable":true,"href":"https:\/\/blog.holyart.it\/it\/wp-json\/wp\/v2\/users\/1"}],"replies":[{"embeddable":true,"href":"https:\/\/blog.holyart.it\/it\/wp-json\/wp\/v2\/comments?post=17936"}],"version-history":[{"count":7,"href":"https:\/\/blog.holyart.it\/it\/wp-json\/wp\/v2\/posts\/17936\/revisions"}],"predecessor-version":[{"id":18031,"href":"https:\/\/blog.holyart.it\/it\/wp-json\/wp\/v2\/posts\/17936\/revisions\/18031"}],"wp:featuredmedia":[{"embeddable":true,"href":"https:\/\/blog.holyart.it\/it\/wp-json\/wp\/v2\/media\/17960"}],"wp:attachment":[{"href":"https:\/\/blog.holyart.it\/it\/wp-json\/wp\/v2\/media?parent=17936"}],"wp:term":[{"taxonomy":"category","embeddable":true,"href":"https:\/\/blog.holyart.it\/it\/wp-json\/wp\/v2\/categories?post=17936"},{"taxonomy":"post_tag","embeddable":true,"href":"https:\/\/blog.holyart.it\/it\/wp-json\/wp\/v2\/tags?post=17936"}],"curies":[{"name":"wp","href":"https:\/\/api.w.org\/{rel}","templated":true}]}}