{"id":17933,"date":"2023-06-12T10:04:24","date_gmt":"2023-06-12T08:04:24","guid":{"rendered":"https:\/\/blog.holyart.it\/it\/?p=17933"},"modified":"2026-04-23T09:19:54","modified_gmt":"2026-04-23T07:19:54","slug":"la-tomba-di-adamo-ecco-il-luogo-dove-e-sepolto-il-primo-uomo","status":"publish","type":"post","link":"https:\/\/blog.holyart.it\/it\/articoli-religiosi\/la-tomba-di-adamo-ecco-il-luogo-dove-e-sepolto-il-primo-uomo\/","title":{"rendered":"La tomba di Adamo: ecco il luogo dove \u00e8 sepolto il primo uomo"},"content":{"rendered":"<h4>Alcune tradizioni situano la tomba di Adamo sotto il monte Calvario. Che legame c&#8217;\u00e8 tra il primo uomo e la crocifissione di Cristo?<\/h4>\n<p>Noi tutti conosciamo il <a href=\"https:\/\/www.holyart.it\/it\/occasioni-speciali\/presepe-pasquale\/ultima-cena-sepolcro-golgota-presepe-pasquale-9-cm-con-luci-40x60x40-cm\"><strong>monte Calvario, o il Golgota<\/strong><\/a>, per essere stato teatro degli ultimi, tragici istanti di<a href=\"https:\/\/www.holyart.it\/blog\/articoli-religiosi\/la-storia-di-gesu-gli-eventi-piu-importanti-della-sua-vita\/\"><strong> vita di Ges\u00f9<\/strong> <\/a>tra gli uomini. Tutti abbiamo ripercorso nelle nostre preghiere e meditazioni la <strong><a href=\"https:\/\/www.holyart.it\/blog\/articoli-religiosi\/via-dolorosa-le-14-installazioni-in-bronzo-raffiguranti-le-scene-della-passione\/#La_Via_Dolorosa_la_vera_Via_Crucis\">Via Dolorosa<\/a><\/strong>, posta all\u2019interno delle mura dell\u2019antica Gerusalemme, che parte dalla Chiesa della Flagellazione, poco lontano dall&#8217;ampia spianata in cui sorgeva il Tempio di Gerusalemme, e su, in salita, fino alla <strong><a href=\"https:\/\/www.holyart.it\/blog\/articoli-religiosi\/basilica-del-santo-sepolcro-a-gerusalemme\/\">Basilica del Santo Sepolcro<\/a><\/strong>. \u00c8 la <strong>Via Crucis<\/strong>, la <strong>Via della Croce<\/strong>, e la Croce \u00e8 quella che gravava sulle spalle straziate e frustate di Ges\u00f9, sorretta dalle Sue braccia rigate di rivoli scarlatti per le percosse subite. Le gocce di sangue cadute dalla fronte piagata dalla <strong><a href=\"https:\/\/www.holyart.it\/blog\/articoli-religiosi\/la-corona-di-spine-di-gesu-e-i-suoi-significati\/\">corona di spine<\/a><\/strong> hanno bagnato la polvere su cui si affacciano mura bianche di calce. Qui si \u00e8 piegato il ginocchio di <strong><a href=\"https:\/\/www.holyart.it\/blog\/articoli-religiosi\/simone-di-cirene-luomo-che-aiuto-gesu-a-portare-la-croce\/\">Simone di Cirene<\/a><\/strong>, che aiut\u00f2 il Redentore a raggiungere la cima del Calvario, il &#8220;luogo del Cranio&#8221;, cos\u00ec chiamato perch\u00e9, come luogo destinato alle condanne a morte, non era difficile imbattersi in resti umani, ossa e teschi, che biancheggiavano tra i cespugli e le rocce. Conosciamo la storia grazie ai Vangeli. Ma esiste anche un&#8217;altra tradizione che conferisce a questa definizione un significato molto pi\u00f9 sacrale e misterioso. Il Calvario, il \u201cluogo del Cranio\u201d, posto fuori dalle mura di Gerusalemme, tra cave di pietra e patiboli abbandonati, cimitero dei poveri e dei criminali, ospiterebbe fin dalla notte dei tempi la <strong>tomba di Adamo<\/strong>.<\/p>\n<div class=\"link-article\">\n<p><img loading=\"lazy\" decoding=\"async\" class=\"size-full wp-image-17941 alignleft\" src=\"https:\/\/blog.holyart.it\/it\/wp-content\/uploads\/sites\/17\/2023\/06\/storia-di-gesu-ultima-cena.jpg\" alt=\"storia di gesu ultima cena\" width=\"150\" height=\"99\" data-kale-share-title=\"La tomba di Adamo: ecco il luogo dove \u00e8 sepolto il primo uomo\" data-kale-share-url=\"https:\/\/blog.holyart.it\/it\/?p=17933\" \/><\/p>\n<div class=\"leggi-anche\">Leggi anche:<\/div>\n<p><strong><a href=\"https:\/\/www.holyart.it\/blog\/articoli-religiosi\/la-storia-di-gesu-gli-eventi-piu-importanti-della-sua-vita\/\">La storia di Ges\u00f9: gli eventi pi\u00f9 importanti della Sua vita<\/a><\/strong><br \/>\nLa storia di Ges\u00f9, tra racconto evangelico, realt\u00e0 storica e leggenda devozionale&#8230;<\/p>\n<\/div>\n<h2>Golgota o Calvario<\/h2>\n<p>\u00c8 pur vero che il <a href=\"https:\/\/www.holyart.it\/it\/occasioni-speciali\/presepe-pasquale\/crocifissione-di-gesu-scena-3-pz-resina-dipinta-a-mano-10-cm\"><strong>monte della crocifissione<\/strong><\/a> aveva anche una forma che ricordava quella di un cranio, tondeggiante e glabra. Utilizzato anticamente come cava di roccia, in seguito era stato ricoperto di orti e giardini, ma anche di sepolture. Era anche il luogo deputato alle crocifissioni. Secondo la tradizione all&#8217;epoca di Ges\u00f9 era appena fuori Gerusalemme. Era infatti proibito eseguire condanne capitali e seppellire i morti entro le mura cittadine. In seguito, intorno al 40 d.C., il monte Golgota venne compreso entro le nuove mura della citt\u00e0. Gi\u00e0 anticamente non era molto alto, e col passare dei secoli si \u00e8 livellato, fino a scomparire quasi completamente. Oggi si pu\u00f2 vedere una parte della roccia del Calvario racchiusa all&#8217;interno della basilica del Santo Sepolcro. La roccia \u00e8 visibile attraverso un vetro e, infilando la mano in un apposito foro, \u00e8 possibile toccare il punto in cui sorgeva la Croce di Ges\u00f9.<\/p>\n<div class=\"link-product\">\n<div class=\"blocco-immagine\"><img loading=\"lazy\" decoding=\"async\" class=\"size-full wp-image-17942 alignleft\" src=\"https:\/\/blog.holyart.it\/it\/wp-content\/uploads\/sites\/17\/2023\/06\/crocifissione-di-gesu-scena.jpg\" alt=\"crocifissione di gesu\" width=\"100\" height=\"100\" data-kale-share-title=\"La tomba di Adamo: ecco il luogo dove \u00e8 sepolto il primo uomo\" data-kale-share-url=\"https:\/\/blog.holyart.it\/it\/?p=17933\" \/><\/div>\n<div class=\"blocco-contenuto\">\n<div class=\"blocco-acquista\">Acquista su Holyart:<\/div>\n<div class=\"blocco-titolo\"><a href=\"https:\/\/www.holyart.it\/it\/occasioni-speciali\/presepe-pasquale\/crocifissione-di-gesu-scena-3-pz-resina-dipinta-a-mano-10-cm\">Crocifissione di Ges\u00f9 scena 3 pz<\/a><\/div>\n<div class=\"blocco-descrizione\">Set composto da tre statuine in resina dipinta a mano con altezza massima 12,5 cm e larghezza massima 8,5 cm.<\/div>\n<\/div>\n<\/div>\n<h2>La teoria di Origene<\/h2>\n<p>Fu <strong>Or\u00ecgene<\/strong>, o Origene di Alessandria, teologo e filosofo greco vissuto tra il II e il III secolo d.C., a identificare nel Golgota il luogo della sepoltura di Adamo, il primo uomo. \u00c8 evidente <strong>l&#8217;intento simbolico<\/strong> di una simile affermazione: <strong><a href=\"https:\/\/www.holyart.it\/blog\/articoli-religiosi\/la-storia-adamo-ed-eva\/\">Adamo ed Eva<\/a><\/strong> con il loro peccato di disobbedienza, avevano infranto la <strong>prima Alleanza tra Dio e gli uomini<\/strong>, meritando la cacciata dal Paradiso Terrestre. <strong>Ges\u00f9, Figlio di Dio<\/strong>, \u00e8 sceso sulla terra per sanare quella ferita, per <strong>ripristinare l&#8217;antica alleanza e rinnovarla con il Suo sacrificio<\/strong>. Il <strong>sangue del Nuovo Adamo<\/strong> versato sul terreno roccioso del Golgota, bagna i resti del Primo Uomo, sepolti nella terra fredda, e nel farlo sancisce la Salvezza per tutti. Cos\u00ec scrive San Paolo nella prima lettere ai Corinzi:\u00a0<em>&#8220;Poich\u00e9 se a causa di un uomo venne la morte, a causa di un uomo verr\u00e0 anche la risurrezione dei morti; e come tutti muoiono in Adamo, cos\u00ec tutti riceveranno la vita in Cristo&#8221; <\/em>(1Corinzi 15,21-22). Questa \u00e8 anche la ragione per cui nelle raffigurazioni di Ges\u00f9 in croce sul Calvario appare quasi sempre un <a href=\"https:\/\/www.holyart.it\/it\/articoli-religiosi\/icone-sacre\/icone-romania-dipinte\/icona-la-crocifissione-bizantina-romania-50x40-cm-dipinta-a-mano\"><strong>teschio posto proprio ai piedi della Croce<\/strong><\/a>: \u00e8 il teschio di Adamo. Cos\u00ec idealmente dai suoi resti nasce il legno che condanna Ges\u00f9 e salva noi tutti.<\/p>\n<div class=\"link-product\">\n<div class=\"blocco-immagine\"><img loading=\"lazy\" decoding=\"async\" class=\"size-full wp-image-17943 alignleft\" src=\"https:\/\/blog.holyart.it\/it\/wp-content\/uploads\/sites\/17\/2023\/06\/icona-la-crocifissione-bizantina-romania.jpg\" alt=\"icona la crocifissione bizantina romania\" width=\"100\" height=\"100\" data-kale-share-title=\"La tomba di Adamo: ecco il luogo dove \u00e8 sepolto il primo uomo\" data-kale-share-url=\"https:\/\/blog.holyart.it\/it\/?p=17933\" \/><\/div>\n<div class=\"blocco-contenuto\">\n<div class=\"blocco-acquista\">Acquista su Holyart:<\/div>\n<div class=\"blocco-titolo\"><a href=\"https:\/\/www.holyart.it\/it\/articoli-religiosi\/icone-sacre\/icone-romania-dipinte\/icona-la-crocifissione-bizantina-romania-50x40-cm-dipinta-a-mano\">Icona La Crocifissione bizantina Romania <\/a><\/div>\n<div class=\"blocco-descrizione\">Nell&#8217;icona \u00e8 rappresentato il corpo di cristo crocifisso che, bench\u00e9 morto, conserva la sua compostezza di Re di Gloria.<\/div>\n<\/div>\n<\/div>\n<h2>La crocifissione nell\u2019iconografia cristiana<\/h2>\n<p>Noi tutti conosciamo l&#8217;<strong><a href=\"https:\/\/www.holyart.it\/blog\/articoli-religiosi\/perche-gesu-in-croce-e-un-simbolo-cosi-importante-per-i-cattolici-2\/\">importanza della croce e della figura di Ges\u00f9 crocifisso per la religione cattolica<\/a><\/strong>. Sappiamo anche che i primi cristiani non raffiguravano mai Ges\u00f9 in croce, ma utilizzando un&#8217;iconografia diversa, <strong>simboli e lettere<\/strong> dell&#8217;alfabeto greco che pure richiamavano la forma della croce (il <em>tau<\/em>), o con animali, come<strong> il pesce o <a href=\"https:\/\/www.holyart.it\/blog\/occasioni-speciali\/il-simbolo-dellagnello-a-pasqua\/\">l&#8217;agnello<\/a><\/strong>. Questo accadeva in buona parte perch\u00e9 le prime comunit\u00e0 cristiane dovevano nascondersi dalle persecuzioni. Ma dopo il riconoscimento della religione cristiana la figura di <a href=\"https:\/\/www.holyart.it\/it\/articoli-religiosi\/crocefissi\"><strong>Ges\u00f9 crocifisso<\/strong><\/a> inizia subito a diffondersi, con diverse valenze e con innumerevoli declinazioni. Gi\u00e0 nel <strong>IV secolo<\/strong> il simbolo della croce era ricorrente nell&#8217;arte sacra, ma<strong> si trattava solo dei due bracci della croce<\/strong>, senza la figura di Ges\u00f9. Successivamente il Crocifisso inizia ad apparire sempre pi\u00f9 spesso e in poco tempo diventa il <strong>simbolo della religione cristiana<\/strong>, cos\u00ec come il <em>Signum Crucis<\/em>, il segno della croce, \u00e8 il segno di appartenenza a questa professione per ogni fedele. Le prime rappresentazioni di Ges\u00f9 lo mostravano con <strong>gli occhi aperti e il capo eretto<\/strong>, come se gi\u00e0 si preparasse a risorgere (<em>Christus Triumphans)<\/em>.<\/p>\n<div class=\"link-product\">\n<div class=\"blocco-immagine\"><img loading=\"lazy\" decoding=\"async\" class=\"size-full wp-image-17944 alignleft\" src=\"https:\/\/blog.holyart.it\/it\/wp-content\/uploads\/sites\/17\/2023\/06\/crocifisso-per-sacerdoti.jpg\" alt=\"crocifisso per sacerdoti\" width=\"100\" height=\"100\" data-kale-share-title=\"La tomba di Adamo: ecco il luogo dove \u00e8 sepolto il primo uomo\" data-kale-share-url=\"https:\/\/blog.holyart.it\/it\/?p=17933\" \/><\/div>\n<div class=\"blocco-contenuto\">\n<div class=\"blocco-acquista\">Acquista su Holyart:<\/div>\n<div class=\"blocco-titolo\"><a href=\"https:\/\/www.holyart.it\/it\/articoli-religiosi\/crocefissi\">Crocefissi<\/a><\/div>\n<div class=\"blocco-descrizione\">Crocefissi, croci: crocifissi di San Benedetto, croci in legno, crocifissi in legno, croci tau, crocifissi da tavolo e altro.<\/div>\n<\/div>\n<\/div>\n<p>Con il <strong>VII secolo<\/strong> e il Concilio Quininsesto o Trullano II promosso dall&#8217;Imperatore Giustiniano si inizia a propendere per una <a href=\"https:\/\/www.holyart.it\/it\/articoli-religiosi\/crocefissi\/crocifissi-in-legno\/crocifisso-legno-leonardo-dipinta-val-gardena\"><strong>rappresentazione pi\u00f9 realistica del Cristo<\/strong><\/a>. Restava da definire come rappresentare Cristo in Croce, se bello, come era giusto raffigurare il Figlio di Dio, o stravolto dalla sofferenza che gli uomini gli avevano inflitto. Studiosi, teologi e uomini di chiesa si confrontarono e discussero a lungo, e alla fine prevalse la corrente che invocava un&#8217;iconografia della crocifissione con un Cristo che portasse sul volto e sulle membra <strong>tutti i segni del male che Gli era stato fatto <\/strong>(<em>Christus Patiens)<\/em>.\u00a0A cavallo dell&#8217;<strong>anno 1000 <\/strong>predominano figure di <a href=\"https:\/\/www.holyart.it\/it\/articoli-religiosi\/crocefissi\/crocifissi-in-legno\/crocifisso-fontanini-croce-legno-18x11-5-corpo-pvc\"><strong>Cristo sofferente e morente<\/strong><\/a>, con il capo reclinato, gli occhi chiusi, il corpo straziato, con l&#8217;eccezione di qualche <em>\u201cChristus Triumphans\u201d<\/em>, nelle prime <a href=\"https:\/\/www.holyart.it\/it\/articoli-religiosi\/crocefissi\/crocifissi-da-tavolo\/crocefisso-colorato-cristo-siena-croce-con-base\"><strong>croci dipinte<\/strong><\/a>.\u00a0Il \u201c<em>Christus Patiens\u201d <\/em>definitivo \u00e8 probabilmente quello dipinto da Giotto nella Chiesa di S. Maria Novella a Firenze, con la sua drammaticit\u00e0 immortale.<\/p>\n<div class=\"link-product\">\n<div class=\"blocco-immagine\"><img loading=\"lazy\" decoding=\"async\" class=\"size-full wp-image-17945 alignleft\" src=\"https:\/\/blog.holyart.it\/it\/wp-content\/uploads\/sites\/17\/2023\/06\/crocifisso-legno-leonardo.jpg\" alt=\"crocifisso legno leonardo\" width=\"100\" height=\"100\" data-kale-share-title=\"La tomba di Adamo: ecco il luogo dove \u00e8 sepolto il primo uomo\" data-kale-share-url=\"https:\/\/blog.holyart.it\/it\/?p=17933\" \/><\/div>\n<div class=\"blocco-contenuto\">\n<div class=\"blocco-acquista\">Acquista su Holyart:<\/div>\n<div class=\"blocco-titolo\"><a href=\"https:\/\/www.holyart.it\/it\/articoli-religiosi\/crocefissi\/crocifissi-in-legno\/crocifisso-legno-leonardo-dipinta-val-gardena\">Crocifisso legno Leonardo dipinta <\/a><\/div>\n<div class=\"blocco-descrizione\">Crocifisso realizzato dagli artigiani sudtirolesi in legno d&#8217;acero della Val Gardena.<\/div>\n<\/div>\n<\/div>\n<p>All&#8217;inizio del <strong>XV secolo<\/strong> e poi con il <strong>Concilio di Trento<\/strong> (1545-1563) l\u2019arte sacra figurativa in generale e l&#8217;iconografia della crocifissione in particolare iniziano a mostrare un <strong>maggior equilibrio compositivo<\/strong>. Il corpo di Cristo ritrova <strong>bellezza e armonia anatomiche<\/strong>, nelle opere dei grandi maestri del <strong>Rinascimento<\/strong>, senza per questo perdere l&#8217;intensit\u00e0 del Suo simbolismo.<\/p>\n<p>La crocifissione nell&#8217;arte esprime l<strong>&#8216;immensit\u00e0 dell&#8217;amore di Dio per tutti gli uomini<\/strong>, il sacrificio del Suo unico Figlio come olocausto offerto per mondare i peccati di coloro che voleva salvare, quegli uomini che avevano gi\u00e0 dimostrato di non meritare la Sua misericordia, Adamo ed Eva per primi, e poi coloro i quali avevano reso necessario il castigo del Diluvio. Cos\u00ec un&#8217;immagine di assoluta sofferenza, che nel tempo si \u00e8 evoluta sempre di pi\u00f9, arricchendosi dei dettagli desunti dal racconto evangelico, \u00e8 diventata <strong>un&#8217;immagine di gioia e speranza<\/strong> per tutti gli uomini.<\/p>\n","protected":false},"excerpt":{"rendered":"<p>Alcune tradizioni situano la tomba di Adamo sotto il monte Calvario. Che legame c&#8217;\u00e8 tra il primo uomo e la crocifissione di Cristo? Noi tutti conosciamo il monte Calvario, o il Golgota, per essere stato teatro degli ultimi, tragici istanti di vita di Ges\u00f9 tra&hellip;<\/p>\n","protected":false},"author":1,"featured_media":17958,"comment_status":"closed","ping_status":"open","sticky":false,"template":"","format":"standard","meta":{"_acf_changed":false,"footnotes":""},"categories":[16],"tags":[],"class_list":["post-17933","post","type-post","status-publish","format-standard","has-post-thumbnail","hentry","category-articoli-religiosi"],"acf":[],"yoast_head":"<!-- This site is optimized with the Yoast SEO plugin v26.6 - https:\/\/yoast.com\/wordpress\/plugins\/seo\/ -->\n<title>La tomba di Adamo: ecco il luogo dove \u00e8 sepolto il primo uomo<\/title>\n<meta name=\"description\" content=\"Secondo una tradizione sotto la pietra del Golgota, il monte della Crocifissione, sorgerebbe la tomba di Adamo.\" \/>\n<meta name=\"robots\" content=\"index, follow, max-snippet:-1, max-image-preview:large, max-video-preview:-1\" \/>\n<link rel=\"canonical\" href=\"https:\/\/blog.holyart.it\/it\/articoli-religiosi\/la-tomba-di-adamo-ecco-il-luogo-dove-e-sepolto-il-primo-uomo\/\" \/>\n<meta property=\"og:locale\" content=\"it_IT\" \/>\n<meta property=\"og:type\" content=\"article\" \/>\n<meta property=\"og:title\" content=\"La tomba di Adamo: ecco il luogo dove \u00e8 sepolto il primo uomo\" \/>\n<meta property=\"og:description\" content=\"Secondo una tradizione sotto la pietra del Golgota, il monte della Crocifissione, sorgerebbe la tomba di Adamo.\" \/>\n<meta property=\"og:url\" content=\"https:\/\/blog.holyart.it\/it\/articoli-religiosi\/la-tomba-di-adamo-ecco-il-luogo-dove-e-sepolto-il-primo-uomo\/\" \/>\n<meta property=\"og:site_name\" content=\"Holyblog\" \/>\n<meta property=\"article:published_time\" content=\"2023-06-12T08:04:24+00:00\" \/>\n<meta property=\"article:modified_time\" content=\"2026-04-23T07:19:54+00:00\" \/>\n<meta property=\"og:image\" content=\"https:\/\/blog.holyart.it\/it\/wp-content\/uploads\/sites\/17\/2023\/06\/tomba-di-adamo.jpeg\" \/>\n\t<meta property=\"og:image:width\" content=\"1165\" \/>\n\t<meta property=\"og:image:height\" content=\"666\" \/>\n\t<meta property=\"og:image:type\" content=\"image\/jpeg\" \/>\n<meta name=\"author\" content=\"Redazione\" \/>\n<meta name=\"twitter:card\" content=\"summary_large_image\" \/>\n<meta name=\"twitter:label1\" content=\"Scritto da\" \/>\n\t<meta name=\"twitter:data1\" content=\"Redazione\" \/>\n\t<meta name=\"twitter:label2\" content=\"Tempo di lettura stimato\" \/>\n\t<meta name=\"twitter:data2\" content=\"8 minuti\" \/>\n<script type=\"application\/ld+json\" class=\"yoast-schema-graph\">{\"@context\":\"https:\/\/schema.org\",\"@graph\":[{\"@type\":\"Article\",\"@id\":\"https:\/\/blog.holyart.it\/it\/articoli-religiosi\/la-tomba-di-adamo-ecco-il-luogo-dove-e-sepolto-il-primo-uomo\/#article\",\"isPartOf\":{\"@id\":\"https:\/\/blog.holyart.it\/it\/articoli-religiosi\/la-tomba-di-adamo-ecco-il-luogo-dove-e-sepolto-il-primo-uomo\/\"},\"author\":{\"name\":\"Redazione\",\"@id\":\"https:\/\/blog.holyart.it\/it\/#\/schema\/person\/0a7b686e5af0f856ec1e390dd0baecda\"},\"headline\":\"La tomba di Adamo: ecco il luogo dove \u00e8 sepolto il primo uomo\",\"datePublished\":\"2023-06-12T08:04:24+00:00\",\"dateModified\":\"2026-04-23T07:19:54+00:00\",\"mainEntityOfPage\":{\"@id\":\"https:\/\/blog.holyart.it\/it\/articoli-religiosi\/la-tomba-di-adamo-ecco-il-luogo-dove-e-sepolto-il-primo-uomo\/\"},\"wordCount\":1226,\"publisher\":{\"@id\":\"https:\/\/blog.holyart.it\/it\/#organization\"},\"image\":{\"@id\":\"https:\/\/blog.holyart.it\/it\/articoli-religiosi\/la-tomba-di-adamo-ecco-il-luogo-dove-e-sepolto-il-primo-uomo\/#primaryimage\"},\"thumbnailUrl\":\"https:\/\/blog.holyart.it\/it\/wp-content\/uploads\/sites\/17\/2023\/06\/tomba-di-adamo.jpeg\",\"articleSection\":[\"Religione\"],\"inLanguage\":\"it-IT\"},{\"@type\":\"WebPage\",\"@id\":\"https:\/\/blog.holyart.it\/it\/articoli-religiosi\/la-tomba-di-adamo-ecco-il-luogo-dove-e-sepolto-il-primo-uomo\/\",\"url\":\"https:\/\/blog.holyart.it\/it\/articoli-religiosi\/la-tomba-di-adamo-ecco-il-luogo-dove-e-sepolto-il-primo-uomo\/\",\"name\":\"La tomba di Adamo: ecco il luogo dove \u00e8 sepolto il primo uomo\",\"isPartOf\":{\"@id\":\"https:\/\/blog.holyart.it\/it\/#website\"},\"primaryImageOfPage\":{\"@id\":\"https:\/\/blog.holyart.it\/it\/articoli-religiosi\/la-tomba-di-adamo-ecco-il-luogo-dove-e-sepolto-il-primo-uomo\/#primaryimage\"},\"image\":{\"@id\":\"https:\/\/blog.holyart.it\/it\/articoli-religiosi\/la-tomba-di-adamo-ecco-il-luogo-dove-e-sepolto-il-primo-uomo\/#primaryimage\"},\"thumbnailUrl\":\"https:\/\/blog.holyart.it\/it\/wp-content\/uploads\/sites\/17\/2023\/06\/tomba-di-adamo.jpeg\",\"datePublished\":\"2023-06-12T08:04:24+00:00\",\"dateModified\":\"2026-04-23T07:19:54+00:00\",\"description\":\"Secondo una tradizione sotto la pietra del Golgota, il monte della Crocifissione, sorgerebbe la tomba di Adamo.\",\"breadcrumb\":{\"@id\":\"https:\/\/blog.holyart.it\/it\/articoli-religiosi\/la-tomba-di-adamo-ecco-il-luogo-dove-e-sepolto-il-primo-uomo\/#breadcrumb\"},\"inLanguage\":\"it-IT\",\"potentialAction\":[{\"@type\":\"ReadAction\",\"target\":[\"https:\/\/blog.holyart.it\/it\/articoli-religiosi\/la-tomba-di-adamo-ecco-il-luogo-dove-e-sepolto-il-primo-uomo\/\"]}]},{\"@type\":\"ImageObject\",\"inLanguage\":\"it-IT\",\"@id\":\"https:\/\/blog.holyart.it\/it\/articoli-religiosi\/la-tomba-di-adamo-ecco-il-luogo-dove-e-sepolto-il-primo-uomo\/#primaryimage\",\"url\":\"https:\/\/blog.holyart.it\/it\/wp-content\/uploads\/sites\/17\/2023\/06\/tomba-di-adamo.jpeg\",\"contentUrl\":\"https:\/\/blog.holyart.it\/it\/wp-content\/uploads\/sites\/17\/2023\/06\/tomba-di-adamo.jpeg\",\"width\":1165,\"height\":666,\"caption\":\"tomba di adamo\"},{\"@type\":\"BreadcrumbList\",\"@id\":\"https:\/\/blog.holyart.it\/it\/articoli-religiosi\/la-tomba-di-adamo-ecco-il-luogo-dove-e-sepolto-il-primo-uomo\/#breadcrumb\",\"itemListElement\":[{\"@type\":\"ListItem\",\"position\":1,\"name\":\"Homepage\",\"item\":\"https:\/\/blog.holyart.it\/it\/\"},{\"@type\":\"ListItem\",\"position\":2,\"name\":\"Religione\",\"item\":\"https:\/\/blog.holyart.it\/it\/articoli-religiosi\/\"},{\"@type\":\"ListItem\",\"position\":3,\"name\":\"La tomba di Adamo: ecco il luogo dove \u00e8 sepolto il primo uomo\"}]},{\"@type\":\"WebSite\",\"@id\":\"https:\/\/blog.holyart.it\/it\/#website\",\"url\":\"https:\/\/blog.holyart.it\/it\/\",\"name\":\"Holyblog\",\"description\":\"Il Blog di Holyart.it\",\"publisher\":{\"@id\":\"https:\/\/blog.holyart.it\/it\/#organization\"},\"potentialAction\":[{\"@type\":\"SearchAction\",\"target\":{\"@type\":\"EntryPoint\",\"urlTemplate\":\"https:\/\/blog.holyart.it\/it\/?s={search_term_string}\"},\"query-input\":{\"@type\":\"PropertyValueSpecification\",\"valueRequired\":true,\"valueName\":\"search_term_string\"}}],\"inLanguage\":\"it-IT\"},{\"@type\":\"Organization\",\"@id\":\"https:\/\/blog.holyart.it\/it\/#organization\",\"name\":\"Holyblog\",\"url\":\"https:\/\/blog.holyart.it\/it\/\",\"logo\":{\"@type\":\"ImageObject\",\"inLanguage\":\"it-IT\",\"@id\":\"https:\/\/blog.holyart.it\/it\/#\/schema\/logo\/image\/\",\"url\":\"https:\/\/blog.holyart.it\/it\/wp-content\/uploads\/sites\/17\/2022\/12\/Holyart_Blog_Logo.jpg\",\"contentUrl\":\"https:\/\/blog.holyart.it\/it\/wp-content\/uploads\/sites\/17\/2022\/12\/Holyart_Blog_Logo.jpg\",\"width\":300,\"height\":50,\"caption\":\"Holyblog\"},\"image\":{\"@id\":\"https:\/\/blog.holyart.it\/it\/#\/schema\/logo\/image\/\"}},{\"@type\":\"Person\",\"@id\":\"https:\/\/blog.holyart.it\/it\/#\/schema\/person\/0a7b686e5af0f856ec1e390dd0baecda\",\"name\":\"Redazione\"}]}<\/script>\n<!-- \/ Yoast SEO plugin. -->","yoast_head_json":{"title":"La tomba di Adamo: ecco il luogo dove \u00e8 sepolto il primo uomo","description":"Secondo una tradizione sotto la pietra del Golgota, il monte della Crocifissione, sorgerebbe la tomba di Adamo.","robots":{"index":"index","follow":"follow","max-snippet":"max-snippet:-1","max-image-preview":"max-image-preview:large","max-video-preview":"max-video-preview:-1"},"canonical":"https:\/\/blog.holyart.it\/it\/articoli-religiosi\/la-tomba-di-adamo-ecco-il-luogo-dove-e-sepolto-il-primo-uomo\/","og_locale":"it_IT","og_type":"article","og_title":"La tomba di Adamo: ecco il luogo dove \u00e8 sepolto il primo uomo","og_description":"Secondo una tradizione sotto la pietra del Golgota, il monte della Crocifissione, sorgerebbe la tomba di Adamo.","og_url":"https:\/\/blog.holyart.it\/it\/articoli-religiosi\/la-tomba-di-adamo-ecco-il-luogo-dove-e-sepolto-il-primo-uomo\/","og_site_name":"Holyblog","article_published_time":"2023-06-12T08:04:24+00:00","article_modified_time":"2026-04-23T07:19:54+00:00","og_image":[{"width":1165,"height":666,"url":"https:\/\/blog.holyart.it\/it\/wp-content\/uploads\/sites\/17\/2023\/06\/tomba-di-adamo.jpeg","type":"image\/jpeg"}],"author":"Redazione","twitter_card":"summary_large_image","twitter_misc":{"Scritto da":"Redazione","Tempo di lettura stimato":"8 minuti"},"schema":{"@context":"https:\/\/schema.org","@graph":[{"@type":"Article","@id":"https:\/\/blog.holyart.it\/it\/articoli-religiosi\/la-tomba-di-adamo-ecco-il-luogo-dove-e-sepolto-il-primo-uomo\/#article","isPartOf":{"@id":"https:\/\/blog.holyart.it\/it\/articoli-religiosi\/la-tomba-di-adamo-ecco-il-luogo-dove-e-sepolto-il-primo-uomo\/"},"author":{"name":"Redazione","@id":"https:\/\/blog.holyart.it\/it\/#\/schema\/person\/0a7b686e5af0f856ec1e390dd0baecda"},"headline":"La tomba di Adamo: ecco il luogo dove \u00e8 sepolto il primo uomo","datePublished":"2023-06-12T08:04:24+00:00","dateModified":"2026-04-23T07:19:54+00:00","mainEntityOfPage":{"@id":"https:\/\/blog.holyart.it\/it\/articoli-religiosi\/la-tomba-di-adamo-ecco-il-luogo-dove-e-sepolto-il-primo-uomo\/"},"wordCount":1226,"publisher":{"@id":"https:\/\/blog.holyart.it\/it\/#organization"},"image":{"@id":"https:\/\/blog.holyart.it\/it\/articoli-religiosi\/la-tomba-di-adamo-ecco-il-luogo-dove-e-sepolto-il-primo-uomo\/#primaryimage"},"thumbnailUrl":"https:\/\/blog.holyart.it\/it\/wp-content\/uploads\/sites\/17\/2023\/06\/tomba-di-adamo.jpeg","articleSection":["Religione"],"inLanguage":"it-IT"},{"@type":"WebPage","@id":"https:\/\/blog.holyart.it\/it\/articoli-religiosi\/la-tomba-di-adamo-ecco-il-luogo-dove-e-sepolto-il-primo-uomo\/","url":"https:\/\/blog.holyart.it\/it\/articoli-religiosi\/la-tomba-di-adamo-ecco-il-luogo-dove-e-sepolto-il-primo-uomo\/","name":"La tomba di Adamo: ecco il luogo dove \u00e8 sepolto il primo uomo","isPartOf":{"@id":"https:\/\/blog.holyart.it\/it\/#website"},"primaryImageOfPage":{"@id":"https:\/\/blog.holyart.it\/it\/articoli-religiosi\/la-tomba-di-adamo-ecco-il-luogo-dove-e-sepolto-il-primo-uomo\/#primaryimage"},"image":{"@id":"https:\/\/blog.holyart.it\/it\/articoli-religiosi\/la-tomba-di-adamo-ecco-il-luogo-dove-e-sepolto-il-primo-uomo\/#primaryimage"},"thumbnailUrl":"https:\/\/blog.holyart.it\/it\/wp-content\/uploads\/sites\/17\/2023\/06\/tomba-di-adamo.jpeg","datePublished":"2023-06-12T08:04:24+00:00","dateModified":"2026-04-23T07:19:54+00:00","description":"Secondo una tradizione sotto la pietra del Golgota, il monte della Crocifissione, sorgerebbe la tomba di Adamo.","breadcrumb":{"@id":"https:\/\/blog.holyart.it\/it\/articoli-religiosi\/la-tomba-di-adamo-ecco-il-luogo-dove-e-sepolto-il-primo-uomo\/#breadcrumb"},"inLanguage":"it-IT","potentialAction":[{"@type":"ReadAction","target":["https:\/\/blog.holyart.it\/it\/articoli-religiosi\/la-tomba-di-adamo-ecco-il-luogo-dove-e-sepolto-il-primo-uomo\/"]}]},{"@type":"ImageObject","inLanguage":"it-IT","@id":"https:\/\/blog.holyart.it\/it\/articoli-religiosi\/la-tomba-di-adamo-ecco-il-luogo-dove-e-sepolto-il-primo-uomo\/#primaryimage","url":"https:\/\/blog.holyart.it\/it\/wp-content\/uploads\/sites\/17\/2023\/06\/tomba-di-adamo.jpeg","contentUrl":"https:\/\/blog.holyart.it\/it\/wp-content\/uploads\/sites\/17\/2023\/06\/tomba-di-adamo.jpeg","width":1165,"height":666,"caption":"tomba di adamo"},{"@type":"BreadcrumbList","@id":"https:\/\/blog.holyart.it\/it\/articoli-religiosi\/la-tomba-di-adamo-ecco-il-luogo-dove-e-sepolto-il-primo-uomo\/#breadcrumb","itemListElement":[{"@type":"ListItem","position":1,"name":"Homepage","item":"https:\/\/blog.holyart.it\/it\/"},{"@type":"ListItem","position":2,"name":"Religione","item":"https:\/\/blog.holyart.it\/it\/articoli-religiosi\/"},{"@type":"ListItem","position":3,"name":"La tomba di Adamo: ecco il luogo dove \u00e8 sepolto il primo uomo"}]},{"@type":"WebSite","@id":"https:\/\/blog.holyart.it\/it\/#website","url":"https:\/\/blog.holyart.it\/it\/","name":"Holyblog","description":"Il Blog di Holyart.it","publisher":{"@id":"https:\/\/blog.holyart.it\/it\/#organization"},"potentialAction":[{"@type":"SearchAction","target":{"@type":"EntryPoint","urlTemplate":"https:\/\/blog.holyart.it\/it\/?s={search_term_string}"},"query-input":{"@type":"PropertyValueSpecification","valueRequired":true,"valueName":"search_term_string"}}],"inLanguage":"it-IT"},{"@type":"Organization","@id":"https:\/\/blog.holyart.it\/it\/#organization","name":"Holyblog","url":"https:\/\/blog.holyart.it\/it\/","logo":{"@type":"ImageObject","inLanguage":"it-IT","@id":"https:\/\/blog.holyart.it\/it\/#\/schema\/logo\/image\/","url":"https:\/\/blog.holyart.it\/it\/wp-content\/uploads\/sites\/17\/2022\/12\/Holyart_Blog_Logo.jpg","contentUrl":"https:\/\/blog.holyart.it\/it\/wp-content\/uploads\/sites\/17\/2022\/12\/Holyart_Blog_Logo.jpg","width":300,"height":50,"caption":"Holyblog"},"image":{"@id":"https:\/\/blog.holyart.it\/it\/#\/schema\/logo\/image\/"}},{"@type":"Person","@id":"https:\/\/blog.holyart.it\/it\/#\/schema\/person\/0a7b686e5af0f856ec1e390dd0baecda","name":"Redazione"}]}},"_links":{"self":[{"href":"https:\/\/blog.holyart.it\/it\/wp-json\/wp\/v2\/posts\/17933","targetHints":{"allow":["GET"]}}],"collection":[{"href":"https:\/\/blog.holyart.it\/it\/wp-json\/wp\/v2\/posts"}],"about":[{"href":"https:\/\/blog.holyart.it\/it\/wp-json\/wp\/v2\/types\/post"}],"author":[{"embeddable":true,"href":"https:\/\/blog.holyart.it\/it\/wp-json\/wp\/v2\/users\/1"}],"replies":[{"embeddable":true,"href":"https:\/\/blog.holyart.it\/it\/wp-json\/wp\/v2\/comments?post=17933"}],"version-history":[{"count":5,"href":"https:\/\/blog.holyart.it\/it\/wp-json\/wp\/v2\/posts\/17933\/revisions"}],"predecessor-version":[{"id":17959,"href":"https:\/\/blog.holyart.it\/it\/wp-json\/wp\/v2\/posts\/17933\/revisions\/17959"}],"wp:featuredmedia":[{"embeddable":true,"href":"https:\/\/blog.holyart.it\/it\/wp-json\/wp\/v2\/media\/17958"}],"wp:attachment":[{"href":"https:\/\/blog.holyart.it\/it\/wp-json\/wp\/v2\/media?parent=17933"}],"wp:term":[{"taxonomy":"category","embeddable":true,"href":"https:\/\/blog.holyart.it\/it\/wp-json\/wp\/v2\/categories?post=17933"},{"taxonomy":"post_tag","embeddable":true,"href":"https:\/\/blog.holyart.it\/it\/wp-json\/wp\/v2\/tags?post=17933"}],"curies":[{"name":"wp","href":"https:\/\/api.w.org\/{rel}","templated":true}]}}