{"id":17841,"date":"2023-05-29T10:00:56","date_gmt":"2023-05-29T08:00:56","guid":{"rendered":"https:\/\/blog.holyart.it\/it\/?p=17841"},"modified":"2025-05-06T09:22:12","modified_gmt":"2025-05-06T07:22:12","slug":"31-maggio-festa-della-visitazione-della-beata-vergine-maria","status":"publish","type":"post","link":"https:\/\/blog.holyart.it\/it\/articoli-religiosi\/31-maggio-festa-della-visitazione-della-beata-vergine-maria\/","title":{"rendered":"31 maggio: festa della Visitazione della Beata Vergine Maria"},"content":{"rendered":"<h4>La Festa della Visitazione della Beata Vergine Maria ricorda un passaggio fondamentale nella storia della Salvezza. Nell&#8217;incontro tra Maria e la cugina Elisabetta inizia la diffusione del messaggio di Dio che si fa uomo<\/h4>\n\n<p>Il <strong>31 maggio<\/strong>, a conclusione di uno dei <strong><a href=\"https:\/\/www.holyart.it\/blog\/articoli-religiosi\/maggio-mese-della-madonna-come-celebrare-il-mese-mariano\/\">mesi mariani<\/a><\/strong> per antonomasia, si festeggia la <strong>Visitazione della Beata Vergine Maria<\/strong>. Questa celebrazione, che rientra tra le <strong><a href=\"https:\/\/www.holyart.it\/blog\/articoli-religiosi\/feste-mariane-dedicate-a-maria\/\">principali Feste mariane<\/a><\/strong> dedicate ogni anno alla Vergine, ricorda la visita di quest&#8217;ultima alla <strong>cugina Elisabetta<\/strong>. Maria aveva da poco ricevuto la <strong>visita dell&#8217;Arcangelo Gabriele <\/strong>che le annunciava la sua prossima maternit\u00e0, in quella che conosciamo anche come la <a href=\"https:\/\/www.holyart.it\/blog\/articoli-religiosi\/annunciazione-del-signore-perche-si-festeggia-il-25-marzo\/\"><strong>festa dell&#8217;Annunciazione del Signore<\/strong><\/a>, celebrata il <strong>25 marzo.<\/strong> Elisabetta, trovandosi davanti la cugina che le aveva rivelato quell&#8217;incontro miracoloso la salut\u00f2 come <strong>Madre del Signore<\/strong> e il bambino che portava in grembo, che sarebbe divenuto <a href=\"https:\/\/www.holyart.it\/it\/articoli-religiosi\/statue\/statue-in-resina-e-pvc\/statua-battesimo-gesu-san-giovanni-resina-13-cm\"><strong>Giovanni Battista<\/strong><\/a>, Precursore di Cristo, sussult\u00f2 di gioia.<\/p>\n<div class=\"link-article\">\n<p><img loading=\"lazy\" decoding=\"async\" class=\"size-full wp-image-17850 alignleft\" src=\"https:\/\/blog.holyart.it\/it\/wp-content\/uploads\/sites\/17\/2023\/05\/feste-mariane.jpg\" alt=\"feste mariane\" width=\"150\" height=\"99\" data-kale-share-title=\"31 maggio: festa della Visitazione della Beata Vergine Maria\" data-kale-share-url=\"https:\/\/blog.holyart.it\/it\/?p=17841\" \/><\/p>\n<div class=\"leggi-anche\">Leggi anche:<\/div>\n<p><strong><a href=\"https:\/\/www.holyart.it\/blog\/articoli-religiosi\/feste-mariane-dedicate-a-maria\/\">Feste Mariane: ecco tutte le ricorrenze dell\u2019anno dedicate a Maria<\/a><\/strong><br \/>\nFeste Mariane, tutti i volti della devozione a Maria Madre di Ges\u00f9&#8230;<\/p>\n<\/div>\n<p>La festa della Visitazione \u00e8 chiamata anche\u00a0<strong>Festa del <a href=\"https:\/\/www.holyart.it\/it\/articoli-religiosi\/rosari-e-portarosari\/rosari-ghirelli-collection\/magnificat-rosalet-ghirelli-argento-placcato-rose\">Magnificat<\/a><\/strong>, dal cantico riportato nel Vangelo di Luca dove si racconta l&#8217;episodio e Maria ringrazia Dio per averla scelta e per aver liberato Israele dalla schiavit\u00f9. Ecco l&#8217;<em>incipit<\/em>:<\/p>\n<p><em>L&#8217;anima mia magnifica il Signore<\/em><br \/>\n<em>e il mio spirito esulta in Dio, mio salvatore,<\/em><br \/>\n<em>perch\u00e9 ha guardato l&#8217;umilt\u00e0 della sua serva.<\/em><br \/>\n<em>D&#8217;ora in poi tutte le generazioni mi chiameranno beata.<\/em> (Luca 1,46-48)<\/p>\n<p>L&#8217;incontro tra Maria ed Elisabetta si presta a molte e diverse chiavi di lettura e rappresenta per volti versi un <strong>momento di passaggio<\/strong> tra il passato dominato dall&#8217;attesa del Messia, rappresentato da Elisabetta, e la consapevolezza che il nuovo tempo \u00e8 giunto, e presto il piano di Dio sar\u00e0 compiuto.<\/p>\n<div class=\"link-product\">\n<div class=\"blocco-immagine\"><img loading=\"lazy\" decoding=\"async\" class=\"size-full wp-image-17858 alignleft\" src=\"https:\/\/blog.holyart.it\/it\/wp-content\/uploads\/sites\/17\/2023\/05\/magnificat-rosalet-ghirelli-1.jpg\" alt=\"magnificat rosalet ghirelli\" width=\"100\" height=\"100\" data-kale-share-title=\"31 maggio: festa della Visitazione della Beata Vergine Maria\" data-kale-share-url=\"https:\/\/blog.holyart.it\/it\/?p=17841\" \/><\/div>\n<div class=\"blocco-contenuto\">\n<div class=\"blocco-acquista\">Acquista su Holyart:<\/div>\n<div class=\"blocco-titolo\"><a href=\"https:\/\/www.holyart.it\/it\/articoli-religiosi\/rosari-e-portarosari\/rosari-ghirelli-collection\/magnificat-rosalet-ghirelli-argento-placcato-rose\">Magnificat Rosalet Ghirelli argento placcato ros\u00e9<\/a><\/div>\n<div class=\"blocco-descrizione\">La preziosit\u00e0 dei materiali esprime a pieno il concetto di qualit\u00e0 del Made in Italy.<\/div>\n<\/div>\n<\/div>\n<h2>Elisabetta e Maria<\/h2>\n<p>\u00c8 l&#8217;<a href=\"https:\/\/www.holyart.it\/blog\/articoli-religiosi\/il-vangelo-secondo-luca-dalla-nascita-miracolosa-allascensione-al-cielo\/\"><strong>Evangelista Luca<\/strong><\/a> a raccontarci del viaggio di Maria alla volta della casa della cugina (Luca 1,39-55). Maria aveva ricevuto la visita dell&#8217;Angelo, che non solo le aveva annunciato la sua prossima maternit\u00e0, ma anche quella di Elisabetta, moglie di Zaccaria, sacerdote del Tempio di Gerusalemme e appartenente alla trib\u00f9 di Levi, anziana e creduta da tutti sterile. Cos\u00ec la giovane si era messa frettolosamente in cammino da Nazareth, in Galilea, aggregandosi forse ad una carovana di pellegrini diretti a Gerusalemme, per prestare aiuto alla parente. Maria corre, <strong>ansiosa di essere utile<\/strong>, ma anche desiderosa di <strong>condividere con la donna l&#8217;annuncio<\/strong> che le \u00e8 stato fatto. In questa &#8216;fretta&#8217; leggiamo dunque il <strong>senso di misericordia<\/strong> di Maria, ma anche il suo stupore, il suo essere <strong>pervasa dal mistero<\/strong> di cui \u00e8 stata resa protagonista e, nello stesso tempo, il <strong>desiderio di confrontarsi<\/strong> con un&#8217;altra donna a sua volta resa parte del piano di Dio, con una gravidanza tardiva a dir poco miracolosa.<\/p>\n<div class=\"link-article\">\n<p><img loading=\"lazy\" decoding=\"async\" class=\"size-full wp-image-17853 alignleft\" src=\"https:\/\/blog.holyart.it\/it\/wp-content\/uploads\/sites\/17\/2023\/05\/San-Luca-evangelista.jpg\" alt=\"San Luca evangelista\" width=\"150\" height=\"99\" data-kale-share-title=\"31 maggio: festa della Visitazione della Beata Vergine Maria\" data-kale-share-url=\"https:\/\/blog.holyart.it\/it\/?p=17841\" \/><\/p>\n<div class=\"leggi-anche\">Leggi anche:<\/div>\n<p><strong><a href=\"https:\/\/www.holyart.it\/blog\/articoli-religiosi\/il-vangelo-secondo-luca-dalla-nascita-miracolosa-allascensione-al-cielo\/\">Il Vangelo secondo Luca: dalla nascita miracolosa all\u2019ascensione al cielo<\/a><\/strong><br \/>\nIl Vangelo secondo Luca \u00e8 uno dei tre Vangeli sinottici&#8230;<\/p>\n<\/div>\n<p>Elisabetta viveva in <strong>Giudea<\/strong>, in una citt\u00e0 chiamata Ain-Karim pochi kilometri a occidente di Gerusalemme. Maria part\u00ec dunque, e giunse dalla cugina tre mesi prima della nascita di Giovanni. Vedendola, Elisabetta fu <strong>colma di Spirito Santo<\/strong>\u00a0e la <strong>lod\u00f2 per essere parte del progetto di Dio<\/strong>, salutandola cos\u00ec:<\/p>\n<p><em>&#8220;Benedetta tu fra le donne e benedetto il frutto del tuo grembo! <b>43<\/b>\u00a0A che debbo che la madre del mio Signore venga a me?\u00a0<b>44<\/b>\u00a0Ecco, appena la voce del tuo saluto \u00e8 giunta ai miei orecchi, il bambino ha esultato di gioia nel mio grembo.\u00a0<b>45<\/b> E beata colei che ha creduto nell&#8217;adempimento delle parole del Signore.&#8221;<\/em><\/p>\n<p><strong>Due madri speciali<\/strong> a confronto, due annunciazioni che si sfiorano, in un incontro apparentemente comune tra due parenti. Ma Maria porta in grembo il figlio di Dio, Salvatore del mondo, e <a href=\"https:\/\/www.holyart.it\/it\/articoli-religiosi\/statue\/statue-in-legno-dipinto\/santa-elisabetta-con-pane-dipinta-legno-acero-valgardena\"><strong>Elisabetta<\/strong> <\/a>il suo Precursore, colui che Lo battezzer\u00e0 e segner\u00e0 l&#8217;inizio della Sua missione sulla Terra. Un incontro segnato dalla <strong>gioia<\/strong>, ma anche intriso di una solennit\u00e0 spaventosa. \u00c8 il punto di non ritorno, <strong>l&#8217;inizio del Nuovo Mondo<\/strong>, e le due donne protagoniste possono solo intuirlo, percepirlo, senza conoscere appieno il destino che attende i due bambini che sono destinate a generare, e che cambieranno per sempre la storia dell&#8217;umanit\u00e0.<\/p>\n<div class=\"link-product\">\n<div class=\"blocco-immagine\"><img loading=\"lazy\" decoding=\"async\" class=\"size-full wp-image-17854 alignleft\" src=\"https:\/\/blog.holyart.it\/it\/wp-content\/uploads\/sites\/17\/2023\/05\/santa-elisabetta-con-pane.jpg\" alt=\"santa elisabetta con pane\" width=\"100\" height=\"100\" data-kale-share-title=\"31 maggio: festa della Visitazione della Beata Vergine Maria\" data-kale-share-url=\"https:\/\/blog.holyart.it\/it\/?p=17841\" \/><\/div>\n<div class=\"blocco-contenuto\">\n<div class=\"blocco-acquista\">Acquista su Holyart:<\/div>\n<div class=\"blocco-titolo\"><a href=\"https:\/\/www.holyart.it\/it\/articoli-religiosi\/statue\/statue-in-legno-dipinto\/santa-elisabetta-con-pane-dipinta-legno-acero-valgardena\">Santa Elisabetta con pane dipinta<\/a><\/div>\n<div class=\"blocco-descrizione\">La statua \u00e8 prodotta interamente in Italia, molto curata e rifinita nei minimi particolari.<\/div>\n<\/div>\n<\/div>\n<h2>Quando si festeggia la Visitazione della Beata Vergine Maria?<\/h2>\n<p>La festa venne istituita nel <strong>1389<\/strong> da papa Urbano VI, ma veniva gi\u00e0 <strong>celebrata dai frati francescani<\/strong> fin dal 1263. Urbano VI e in seguito Eugenio IV fecero della festa della Visitazione un argomento di dibattito contro coloro i quali parteggiavano per l&#8217;antipapa, nell&#8217;ambito del Grande Scisma. Con il <strong>sinodo di Basilea<\/strong> nel 1441 la festa venne confermata.<\/p>\n<p>I francescani celebravano la Visitazione di Maria il 2 luglio, ma dopo il Concilio Vaticano II, la festa venne spostata il <strong>31 maggio<\/strong>, a chiudere le celebrazioni di maggio mese mariano. La <strong>festa della Regalit\u00e0 di <a href=\"https:\/\/www.holyart.it\/it\/search?params=%7B%22search%22%3A%22maria%22%7D&amp;search=maria\">Maria Santissima<\/a><\/strong>, che riconosce e consacra la dignit\u00e0 regale della Vergine, venne invece spostata dal 31 maggio al 22 agosto, ottavo giorno dell\u2019Assunzione.<\/p>\n<div class=\"link-product\">\n<div class=\"blocco-immagine\"><img loading=\"lazy\" decoding=\"async\" class=\"size-full wp-image-17855 alignleft\" src=\"https:\/\/blog.holyart.it\/it\/wp-content\/uploads\/sites\/17\/2023\/05\/maria-immacolata-1.jpg\" alt=\"maria immacolata\" width=\"100\" height=\"100\" data-kale-share-title=\"31 maggio: festa della Visitazione della Beata Vergine Maria\" data-kale-share-url=\"https:\/\/blog.holyart.it\/it\/?p=17841\" \/><\/div>\n<div class=\"blocco-contenuto\">\n<div class=\"blocco-acquista\">Acquista su Holyart:<\/div>\n<div class=\"blocco-titolo\"><a href=\"https:\/\/www.holyart.it\/it\/search?params=%7B%22search%22%3A%22maria%22%7D&amp;search=maria\">Maria<\/a><\/div>\n<div class=\"blocco-descrizione\">Una collezione di tutti i nostri prodotti dedicati alla Vergine Maria.<\/div>\n<\/div>\n<\/div>\n<h2>Visitazione della Beata Vergine Maria preghiera<\/h2>\n<p>In occasione della Visitazione della Beata Vergine Maria Preghiera viene recitata una preghiera scritta dal beato\u00a0<strong>Charles Eug\u00e8ne de Foucauld<\/strong>, religioso francese che visse a cavallo tra la fine del XIX secolo e l&#8217;inizio del XX, e recentemente canonizzato. Per lui nella Visitazione di Maria a Elisabetta era racchiuso il forte messaggio di <strong><a href=\"https:\/\/www.holyart.it\/blog\/articoli-religiosi\/giornata-mondiale-missionaria-donare-se-stessi-agli-altri\/\">vocazione missionaria<\/a>, <\/strong>un invito a ogni battezzato di portare Ges\u00f9 agli altri, proprio come Maria lo port\u00f2 a Elisabetta, insieme allo straordinario annuncio dell&#8217;Angelo.<\/p>\n<p><em>Maria, Madre sollecita nella Visitazione,<\/em><br \/>\n<em>insegnaci l\u2019ascolto della Parola,<\/em><br \/>\n<em>un ascolto che ci fa sussultare e, in fretta,<\/em><br \/>\n<em>ci fa dirigere verso tutte le situazioni di povert\u00e0<\/em><br \/>\n<em>dove \u00e8 necessaria la presenza del Figlio tuo.<\/em><br \/>\n<em>Insegnaci a portare Ges\u00f9,<\/em><br \/>\n<em>silenziosamente e umilmente, come hai fatto Tu!<\/em><br \/>\n<em>Le nostre fraternit\u00e0 (famiglie) siano in mezzo<\/em><br \/>\n<em>a coloro che non lo conoscono<\/em><br \/>\n<em>per diffondere il Suo Vangelo<\/em><br \/>\n<em>testimoniandolo non con le parole ma con la vita;<\/em><br \/>\n<em>non annunciandolo ma vivendolo!<\/em><br \/>\n<em>Insegnaci a viaggiare semplicemente<\/em><br \/>\n<em>come hai fatto Tu,<\/em><br \/>\n<em>con lo sguardo sempre fisso su Ges\u00f9<\/em><br \/>\n<em>presente nel grembo tuo:<\/em><br \/>\n<em>contemplandolo, adorandolo e imitandolo.<\/em><br \/>\n<em>Maria, donna del Magnificat,<\/em><br \/>\n<em>insegnaci ad essere fedeli alla nostra missione:<\/em><br \/>\n<em>portare Ges\u00f9 alla gente!<\/em><br \/>\n<em>O Madre diletta, \u00e8 la tua stessa missione,<\/em><br \/>\n<em>la prima che Ges\u00f9 ti ha affidato<\/em><br \/>\n<em>e che ti sei degnata di condividere con noi.<\/em><br \/>\n<em>Soccorrici e intercedi per noi affinch\u00e9 facciamo<\/em><br \/>\n<em>quello che facesti tu nella casa di Zaccaria:<\/em><br \/>\n<em>glorificare Dio e santificare le persone in Ges\u00f9,<\/em><br \/>\n<em>grazie a Lui e per Lui! Amen!<\/em><\/p>\n<div class=\"link-article\">\n<p><img loading=\"lazy\" decoding=\"async\" class=\"size-full wp-image-17856 alignleft\" src=\"https:\/\/blog.holyart.it\/it\/wp-content\/uploads\/sites\/17\/2023\/05\/giornata-missionaria-mondiale.jpg\" alt=\"giornata missionaria mondiale\" width=\"150\" height=\"99\" data-kale-share-title=\"31 maggio: festa della Visitazione della Beata Vergine Maria\" data-kale-share-url=\"https:\/\/blog.holyart.it\/it\/?p=17841\" \/><\/p>\n<div class=\"leggi-anche\">Leggi anche:<\/div>\n<p><strong><a href=\"https:\/\/www.holyart.it\/blog\/articoli-religiosi\/giornata-mondiale-missionaria-donare-se-stessi-agli-altri\/\">Giornata missionaria mondiale: donare se stessi agli altri<\/a><\/strong><br \/>\nIl 24 ottobre si celebra la Giornata Missionaria Mondiale che consacra ottobre a mese missionario per eccellenza&#8230;<\/p>\n<\/div>\n","protected":false},"excerpt":{"rendered":"<p>La Festa della Visitazione della Beata Vergine Maria ricorda un passaggio fondamentale nella storia della Salvezza. Nell&#8217;incontro tra Maria e la cugina Elisabetta inizia la diffusione del messaggio di Dio che si fa uomo Il 31 maggio, a conclusione di uno dei mesi mariani per&hellip;<\/p>\n","protected":false},"author":1,"featured_media":17872,"comment_status":"closed","ping_status":"open","sticky":false,"template":"","format":"standard","meta":{"_acf_changed":false,"footnotes":""},"categories":[16],"tags":[],"class_list":["post-17841","post","type-post","status-publish","format-standard","has-post-thumbnail","hentry","category-articoli-religiosi"],"acf":[],"yoast_head":"<!-- This site is optimized with the Yoast SEO plugin v26.6 - https:\/\/yoast.com\/wordpress\/plugins\/seo\/ -->\n<title>31 maggio: festa della Visitazione della Beata Vergine Maria<\/title>\n<meta name=\"description\" content=\"La Festa della Visitazione della Beata Vergine Maria chiude maggio e celebra l&#039;incontro tra due madri destinate a mutare le sorti del mondo.\" \/>\n<meta name=\"robots\" content=\"index, follow, max-snippet:-1, max-image-preview:large, max-video-preview:-1\" \/>\n<link rel=\"canonical\" href=\"https:\/\/blog.holyart.it\/it\/articoli-religiosi\/31-maggio-festa-della-visitazione-della-beata-vergine-maria\/\" \/>\n<meta property=\"og:locale\" content=\"it_IT\" \/>\n<meta property=\"og:type\" content=\"article\" \/>\n<meta property=\"og:title\" content=\"31 maggio: festa della Visitazione della Beata Vergine Maria\" \/>\n<meta property=\"og:description\" content=\"La Festa della Visitazione della Beata Vergine Maria chiude maggio e celebra l&#039;incontro tra due madri destinate a mutare le sorti del mondo.\" \/>\n<meta property=\"og:url\" content=\"https:\/\/blog.holyart.it\/it\/articoli-religiosi\/31-maggio-festa-della-visitazione-della-beata-vergine-maria\/\" \/>\n<meta property=\"og:site_name\" content=\"Holyblog\" \/>\n<meta property=\"article:published_time\" content=\"2023-05-29T08:00:56+00:00\" \/>\n<meta property=\"article:modified_time\" content=\"2025-05-06T07:22:12+00:00\" \/>\n<meta property=\"og:image\" content=\"https:\/\/blog.holyart.it\/it\/wp-content\/uploads\/sites\/17\/2023\/05\/visitazione-della-beata-vergine-maria.jpg\" \/>\n\t<meta property=\"og:image:width\" content=\"1000\" \/>\n\t<meta property=\"og:image:height\" content=\"666\" \/>\n\t<meta property=\"og:image:type\" content=\"image\/jpeg\" \/>\n<meta name=\"author\" content=\"Redazione\" \/>\n<meta name=\"twitter:card\" content=\"summary_large_image\" \/>\n<meta name=\"twitter:label1\" content=\"Scritto da\" \/>\n\t<meta name=\"twitter:data1\" content=\"Redazione\" \/>\n\t<meta name=\"twitter:label2\" content=\"Tempo di lettura stimato\" \/>\n\t<meta name=\"twitter:data2\" content=\"8 minuti\" \/>\n<script type=\"application\/ld+json\" class=\"yoast-schema-graph\">{\"@context\":\"https:\/\/schema.org\",\"@graph\":[{\"@type\":\"Article\",\"@id\":\"https:\/\/blog.holyart.it\/it\/articoli-religiosi\/31-maggio-festa-della-visitazione-della-beata-vergine-maria\/#article\",\"isPartOf\":{\"@id\":\"https:\/\/blog.holyart.it\/it\/articoli-religiosi\/31-maggio-festa-della-visitazione-della-beata-vergine-maria\/\"},\"author\":{\"name\":\"Redazione\",\"@id\":\"https:\/\/blog.holyart.it\/it\/#\/schema\/person\/0a7b686e5af0f856ec1e390dd0baecda\"},\"headline\":\"31 maggio: festa della Visitazione della Beata Vergine Maria\",\"datePublished\":\"2023-05-29T08:00:56+00:00\",\"dateModified\":\"2025-05-06T07:22:12+00:00\",\"mainEntityOfPage\":{\"@id\":\"https:\/\/blog.holyart.it\/it\/articoli-religiosi\/31-maggio-festa-della-visitazione-della-beata-vergine-maria\/\"},\"wordCount\":1137,\"publisher\":{\"@id\":\"https:\/\/blog.holyart.it\/it\/#organization\"},\"image\":{\"@id\":\"https:\/\/blog.holyart.it\/it\/articoli-religiosi\/31-maggio-festa-della-visitazione-della-beata-vergine-maria\/#primaryimage\"},\"thumbnailUrl\":\"https:\/\/blog.holyart.it\/it\/wp-content\/uploads\/sites\/17\/2023\/05\/visitazione-della-beata-vergine-maria.jpg\",\"articleSection\":[\"Religione\"],\"inLanguage\":\"it-IT\"},{\"@type\":\"WebPage\",\"@id\":\"https:\/\/blog.holyart.it\/it\/articoli-religiosi\/31-maggio-festa-della-visitazione-della-beata-vergine-maria\/\",\"url\":\"https:\/\/blog.holyart.it\/it\/articoli-religiosi\/31-maggio-festa-della-visitazione-della-beata-vergine-maria\/\",\"name\":\"31 maggio: festa della Visitazione della Beata Vergine Maria\",\"isPartOf\":{\"@id\":\"https:\/\/blog.holyart.it\/it\/#website\"},\"primaryImageOfPage\":{\"@id\":\"https:\/\/blog.holyart.it\/it\/articoli-religiosi\/31-maggio-festa-della-visitazione-della-beata-vergine-maria\/#primaryimage\"},\"image\":{\"@id\":\"https:\/\/blog.holyart.it\/it\/articoli-religiosi\/31-maggio-festa-della-visitazione-della-beata-vergine-maria\/#primaryimage\"},\"thumbnailUrl\":\"https:\/\/blog.holyart.it\/it\/wp-content\/uploads\/sites\/17\/2023\/05\/visitazione-della-beata-vergine-maria.jpg\",\"datePublished\":\"2023-05-29T08:00:56+00:00\",\"dateModified\":\"2025-05-06T07:22:12+00:00\",\"description\":\"La Festa della Visitazione della Beata Vergine Maria chiude maggio e celebra l'incontro tra due madri destinate a mutare le sorti del mondo.\",\"breadcrumb\":{\"@id\":\"https:\/\/blog.holyart.it\/it\/articoli-religiosi\/31-maggio-festa-della-visitazione-della-beata-vergine-maria\/#breadcrumb\"},\"inLanguage\":\"it-IT\",\"potentialAction\":[{\"@type\":\"ReadAction\",\"target\":[\"https:\/\/blog.holyart.it\/it\/articoli-religiosi\/31-maggio-festa-della-visitazione-della-beata-vergine-maria\/\"]}]},{\"@type\":\"ImageObject\",\"inLanguage\":\"it-IT\",\"@id\":\"https:\/\/blog.holyart.it\/it\/articoli-religiosi\/31-maggio-festa-della-visitazione-della-beata-vergine-maria\/#primaryimage\",\"url\":\"https:\/\/blog.holyart.it\/it\/wp-content\/uploads\/sites\/17\/2023\/05\/visitazione-della-beata-vergine-maria.jpg\",\"contentUrl\":\"https:\/\/blog.holyart.it\/it\/wp-content\/uploads\/sites\/17\/2023\/05\/visitazione-della-beata-vergine-maria.jpg\",\"width\":1000,\"height\":666,\"caption\":\"visitazione della beata vergine maria\"},{\"@type\":\"BreadcrumbList\",\"@id\":\"https:\/\/blog.holyart.it\/it\/articoli-religiosi\/31-maggio-festa-della-visitazione-della-beata-vergine-maria\/#breadcrumb\",\"itemListElement\":[{\"@type\":\"ListItem\",\"position\":1,\"name\":\"Homepage\",\"item\":\"https:\/\/blog.holyart.it\/it\/\"},{\"@type\":\"ListItem\",\"position\":2,\"name\":\"Religione\",\"item\":\"https:\/\/blog.holyart.it\/it\/articoli-religiosi\/\"},{\"@type\":\"ListItem\",\"position\":3,\"name\":\"31 maggio: festa della Visitazione della Beata Vergine Maria\"}]},{\"@type\":\"WebSite\",\"@id\":\"https:\/\/blog.holyart.it\/it\/#website\",\"url\":\"https:\/\/blog.holyart.it\/it\/\",\"name\":\"Holyblog\",\"description\":\"Il Blog di Holyart.it\",\"publisher\":{\"@id\":\"https:\/\/blog.holyart.it\/it\/#organization\"},\"potentialAction\":[{\"@type\":\"SearchAction\",\"target\":{\"@type\":\"EntryPoint\",\"urlTemplate\":\"https:\/\/blog.holyart.it\/it\/?s={search_term_string}\"},\"query-input\":{\"@type\":\"PropertyValueSpecification\",\"valueRequired\":true,\"valueName\":\"search_term_string\"}}],\"inLanguage\":\"it-IT\"},{\"@type\":\"Organization\",\"@id\":\"https:\/\/blog.holyart.it\/it\/#organization\",\"name\":\"Holyblog\",\"url\":\"https:\/\/blog.holyart.it\/it\/\",\"logo\":{\"@type\":\"ImageObject\",\"inLanguage\":\"it-IT\",\"@id\":\"https:\/\/blog.holyart.it\/it\/#\/schema\/logo\/image\/\",\"url\":\"https:\/\/blog.holyart.it\/it\/wp-content\/uploads\/sites\/17\/2022\/12\/Holyart_Blog_Logo.jpg\",\"contentUrl\":\"https:\/\/blog.holyart.it\/it\/wp-content\/uploads\/sites\/17\/2022\/12\/Holyart_Blog_Logo.jpg\",\"width\":300,\"height\":50,\"caption\":\"Holyblog\"},\"image\":{\"@id\":\"https:\/\/blog.holyart.it\/it\/#\/schema\/logo\/image\/\"}},{\"@type\":\"Person\",\"@id\":\"https:\/\/blog.holyart.it\/it\/#\/schema\/person\/0a7b686e5af0f856ec1e390dd0baecda\",\"name\":\"Redazione\"}]}<\/script>\n<!-- \/ Yoast SEO plugin. -->","yoast_head_json":{"title":"31 maggio: festa della Visitazione della Beata Vergine Maria","description":"La Festa della Visitazione della Beata Vergine Maria chiude maggio e celebra l'incontro tra due madri destinate a mutare le sorti del mondo.","robots":{"index":"index","follow":"follow","max-snippet":"max-snippet:-1","max-image-preview":"max-image-preview:large","max-video-preview":"max-video-preview:-1"},"canonical":"https:\/\/blog.holyart.it\/it\/articoli-religiosi\/31-maggio-festa-della-visitazione-della-beata-vergine-maria\/","og_locale":"it_IT","og_type":"article","og_title":"31 maggio: festa della Visitazione della Beata Vergine Maria","og_description":"La Festa della Visitazione della Beata Vergine Maria chiude maggio e celebra l'incontro tra due madri destinate a mutare le sorti del mondo.","og_url":"https:\/\/blog.holyart.it\/it\/articoli-religiosi\/31-maggio-festa-della-visitazione-della-beata-vergine-maria\/","og_site_name":"Holyblog","article_published_time":"2023-05-29T08:00:56+00:00","article_modified_time":"2025-05-06T07:22:12+00:00","og_image":[{"width":1000,"height":666,"url":"https:\/\/blog.holyart.it\/it\/wp-content\/uploads\/sites\/17\/2023\/05\/visitazione-della-beata-vergine-maria.jpg","type":"image\/jpeg"}],"author":"Redazione","twitter_card":"summary_large_image","twitter_misc":{"Scritto da":"Redazione","Tempo di lettura stimato":"8 minuti"},"schema":{"@context":"https:\/\/schema.org","@graph":[{"@type":"Article","@id":"https:\/\/blog.holyart.it\/it\/articoli-religiosi\/31-maggio-festa-della-visitazione-della-beata-vergine-maria\/#article","isPartOf":{"@id":"https:\/\/blog.holyart.it\/it\/articoli-religiosi\/31-maggio-festa-della-visitazione-della-beata-vergine-maria\/"},"author":{"name":"Redazione","@id":"https:\/\/blog.holyart.it\/it\/#\/schema\/person\/0a7b686e5af0f856ec1e390dd0baecda"},"headline":"31 maggio: festa della Visitazione della Beata Vergine Maria","datePublished":"2023-05-29T08:00:56+00:00","dateModified":"2025-05-06T07:22:12+00:00","mainEntityOfPage":{"@id":"https:\/\/blog.holyart.it\/it\/articoli-religiosi\/31-maggio-festa-della-visitazione-della-beata-vergine-maria\/"},"wordCount":1137,"publisher":{"@id":"https:\/\/blog.holyart.it\/it\/#organization"},"image":{"@id":"https:\/\/blog.holyart.it\/it\/articoli-religiosi\/31-maggio-festa-della-visitazione-della-beata-vergine-maria\/#primaryimage"},"thumbnailUrl":"https:\/\/blog.holyart.it\/it\/wp-content\/uploads\/sites\/17\/2023\/05\/visitazione-della-beata-vergine-maria.jpg","articleSection":["Religione"],"inLanguage":"it-IT"},{"@type":"WebPage","@id":"https:\/\/blog.holyart.it\/it\/articoli-religiosi\/31-maggio-festa-della-visitazione-della-beata-vergine-maria\/","url":"https:\/\/blog.holyart.it\/it\/articoli-religiosi\/31-maggio-festa-della-visitazione-della-beata-vergine-maria\/","name":"31 maggio: festa della Visitazione della Beata Vergine Maria","isPartOf":{"@id":"https:\/\/blog.holyart.it\/it\/#website"},"primaryImageOfPage":{"@id":"https:\/\/blog.holyart.it\/it\/articoli-religiosi\/31-maggio-festa-della-visitazione-della-beata-vergine-maria\/#primaryimage"},"image":{"@id":"https:\/\/blog.holyart.it\/it\/articoli-religiosi\/31-maggio-festa-della-visitazione-della-beata-vergine-maria\/#primaryimage"},"thumbnailUrl":"https:\/\/blog.holyart.it\/it\/wp-content\/uploads\/sites\/17\/2023\/05\/visitazione-della-beata-vergine-maria.jpg","datePublished":"2023-05-29T08:00:56+00:00","dateModified":"2025-05-06T07:22:12+00:00","description":"La Festa della Visitazione della Beata Vergine Maria chiude maggio e celebra l'incontro tra due madri destinate a mutare le sorti del mondo.","breadcrumb":{"@id":"https:\/\/blog.holyart.it\/it\/articoli-religiosi\/31-maggio-festa-della-visitazione-della-beata-vergine-maria\/#breadcrumb"},"inLanguage":"it-IT","potentialAction":[{"@type":"ReadAction","target":["https:\/\/blog.holyart.it\/it\/articoli-religiosi\/31-maggio-festa-della-visitazione-della-beata-vergine-maria\/"]}]},{"@type":"ImageObject","inLanguage":"it-IT","@id":"https:\/\/blog.holyart.it\/it\/articoli-religiosi\/31-maggio-festa-della-visitazione-della-beata-vergine-maria\/#primaryimage","url":"https:\/\/blog.holyart.it\/it\/wp-content\/uploads\/sites\/17\/2023\/05\/visitazione-della-beata-vergine-maria.jpg","contentUrl":"https:\/\/blog.holyart.it\/it\/wp-content\/uploads\/sites\/17\/2023\/05\/visitazione-della-beata-vergine-maria.jpg","width":1000,"height":666,"caption":"visitazione della beata vergine maria"},{"@type":"BreadcrumbList","@id":"https:\/\/blog.holyart.it\/it\/articoli-religiosi\/31-maggio-festa-della-visitazione-della-beata-vergine-maria\/#breadcrumb","itemListElement":[{"@type":"ListItem","position":1,"name":"Homepage","item":"https:\/\/blog.holyart.it\/it\/"},{"@type":"ListItem","position":2,"name":"Religione","item":"https:\/\/blog.holyart.it\/it\/articoli-religiosi\/"},{"@type":"ListItem","position":3,"name":"31 maggio: festa della Visitazione della Beata Vergine Maria"}]},{"@type":"WebSite","@id":"https:\/\/blog.holyart.it\/it\/#website","url":"https:\/\/blog.holyart.it\/it\/","name":"Holyblog","description":"Il Blog di Holyart.it","publisher":{"@id":"https:\/\/blog.holyart.it\/it\/#organization"},"potentialAction":[{"@type":"SearchAction","target":{"@type":"EntryPoint","urlTemplate":"https:\/\/blog.holyart.it\/it\/?s={search_term_string}"},"query-input":{"@type":"PropertyValueSpecification","valueRequired":true,"valueName":"search_term_string"}}],"inLanguage":"it-IT"},{"@type":"Organization","@id":"https:\/\/blog.holyart.it\/it\/#organization","name":"Holyblog","url":"https:\/\/blog.holyart.it\/it\/","logo":{"@type":"ImageObject","inLanguage":"it-IT","@id":"https:\/\/blog.holyart.it\/it\/#\/schema\/logo\/image\/","url":"https:\/\/blog.holyart.it\/it\/wp-content\/uploads\/sites\/17\/2022\/12\/Holyart_Blog_Logo.jpg","contentUrl":"https:\/\/blog.holyart.it\/it\/wp-content\/uploads\/sites\/17\/2022\/12\/Holyart_Blog_Logo.jpg","width":300,"height":50,"caption":"Holyblog"},"image":{"@id":"https:\/\/blog.holyart.it\/it\/#\/schema\/logo\/image\/"}},{"@type":"Person","@id":"https:\/\/blog.holyart.it\/it\/#\/schema\/person\/0a7b686e5af0f856ec1e390dd0baecda","name":"Redazione"}]}},"_links":{"self":[{"href":"https:\/\/blog.holyart.it\/it\/wp-json\/wp\/v2\/posts\/17841","targetHints":{"allow":["GET"]}}],"collection":[{"href":"https:\/\/blog.holyart.it\/it\/wp-json\/wp\/v2\/posts"}],"about":[{"href":"https:\/\/blog.holyart.it\/it\/wp-json\/wp\/v2\/types\/post"}],"author":[{"embeddable":true,"href":"https:\/\/blog.holyart.it\/it\/wp-json\/wp\/v2\/users\/1"}],"replies":[{"embeddable":true,"href":"https:\/\/blog.holyart.it\/it\/wp-json\/wp\/v2\/comments?post=17841"}],"version-history":[{"count":7,"href":"https:\/\/blog.holyart.it\/it\/wp-json\/wp\/v2\/posts\/17841\/revisions"}],"predecessor-version":[{"id":17861,"href":"https:\/\/blog.holyart.it\/it\/wp-json\/wp\/v2\/posts\/17841\/revisions\/17861"}],"wp:featuredmedia":[{"embeddable":true,"href":"https:\/\/blog.holyart.it\/it\/wp-json\/wp\/v2\/media\/17872"}],"wp:attachment":[{"href":"https:\/\/blog.holyart.it\/it\/wp-json\/wp\/v2\/media?parent=17841"}],"wp:term":[{"taxonomy":"category","embeddable":true,"href":"https:\/\/blog.holyart.it\/it\/wp-json\/wp\/v2\/categories?post=17841"},{"taxonomy":"post_tag","embeddable":true,"href":"https:\/\/blog.holyart.it\/it\/wp-json\/wp\/v2\/tags?post=17841"}],"curies":[{"name":"wp","href":"https:\/\/api.w.org\/{rel}","templated":true}]}}