{"id":17756,"date":"2023-05-15T10:00:20","date_gmt":"2023-05-15T08:00:20","guid":{"rendered":"https:\/\/blog.holyart.it\/it\/?p=17756"},"modified":"2026-04-22T09:45:39","modified_gmt":"2026-04-22T07:45:39","slug":"ascensione-del-signore-il-significato-della-festa","status":"publish","type":"post","link":"https:\/\/blog.holyart.it\/it\/pasqua\/ascensione-del-signore-il-significato-della-festa\/","title":{"rendered":"Ascensione del Signore: il significato della festa"},"content":{"rendered":"<h4>L&#8217;Ascensione del Signore rappresenta il momento in cui Ges\u00f9 si stacca dalla Terra e dai suoi discepoli, lasciando la Sua forma umana per salire al Cielo. Ecco perch\u00e9 \u00e8 cos\u00ec importante<\/h4>\n\n<p>Quaranta giorni dopo il tempo di Pasqua la Chiesa cattolica celebra l&#8217;<strong><a href=\"https:\/\/www.holyart.it\/it\/search?params=%7B%22search%22%3A%22ascensione%22%7D&amp;search=ascensione\">Ascensione di Ges\u00f9 al Cielo<\/a>,<\/strong>\u00a0che ricorda appunto l&#8217;<strong>ascesa al Cielo di Cristo <\/strong>e la <strong>fine del Suo tempo nel mondo<\/strong>. Si tratta di una delle <strong>feste di precetto cattoliche<\/strong>, ovvero uno dei giorni in cui, secondo il Diritto Canonico, <em>&#8220;i fedeli sono tenuti all&#8217;obbligo di partecipare alla Messa; si astengano inoltre da quei lavori e da quegli affari che impediscono di rendere culto a Dio e turbano la letizia propria del giorno del Signore o il dovuto riposo della mente e del corpo.&#8221; <\/em>(Codice di diritto canonico, can. 1247)<\/p>\n<div class=\"link-product\">\n<div class=\"blocco-immagine\"><img loading=\"lazy\" decoding=\"async\" class=\"size-full wp-image-17764 alignleft\" src=\"https:\/\/blog.holyart.it\/it\/wp-content\/uploads\/sites\/17\/2023\/05\/icona-stampata-terracotta-pentecoste.jpg\" alt=\"icona stampata terracotta pentecoste\" width=\"100\" height=\"100\" data-kale-share-title=\"Ascensione del Signore: il significato della festa\" data-kale-share-url=\"https:\/\/blog.holyart.it\/it\/?p=17756\" \/><\/div>\n<div class=\"blocco-contenuto\">\n<div class=\"blocco-acquista\">Acquista su Holyart:<\/div>\n<div class=\"blocco-titolo\"><a href=\"https:\/\/www.holyart.it\/it\/search?params=%7B%22search%22%3A%22ascensione%22%7D&amp;search=ascensione\">Pentecoste<\/a><\/div>\n<div class=\"blocco-descrizione\">Puoi trovare tanti prodotti sulla Pentecoste su Holyart.it.<\/div>\n<\/div>\n<\/div>\n<p>Questa festa, che \u00e8 anche la <strong>penultima del <\/strong><a href=\"https:\/\/www.holyart.it\/blog\/accessori-liturgia\/lanno-e-tempi-liturgici-facciamo-chiarezza\/\"><b>tempo pasquale<\/b><\/a> (l&#8217;ultima sar\u00e0 la <strong><a href=\"https:\/\/www.holyart.it\/blog\/articoli-religiosi\/la-pentecoste-giorno-cui-si-celebra-lo-spirito-santo-la-nascita-della-chiesa\/\">Pentecoste<\/a><\/strong>, celebrata cinquanta giorni dopo la Pasqua) si chiama propriamente <strong>Ascensione del Signore<\/strong>, <em>Ascensio Domini nostri Jesu Christi<\/em>. Sebbene l&#8217;Ascensione sia collocata liturgicamente <strong>il gioved\u00ec dopo la quinta domenica dopo la Pasqua<\/strong>, la Chiesa cattolica consente di posticipare la celebrazione alla <strong>domenica successiva<\/strong>, anche perch\u00e9 fino al 1977 in Italia era anche festa civile.<\/p>\n<p>Nella sua lunga storia liturgica, l&#8217;Ascensione di Cristo ha visto mescolarsi alla sua solennit\u00e0 e al profondo significato religioso <strong>molte tradizioni devozionali popolari<\/strong>. L&#8217;Ascensione viene rievocata nella <em><b>Via Lucis<\/b><\/em>, il rito liturgico\u2013devozionale cattolico che ricorda e celebra gli eventi della vita di Cristo e della Chiesa nascente dalla Risurrezione di Ges\u00f9 alla Pentecoste e della quale l&#8217;Ascensione rappresenta la dodicesima stazione, e nei misteri gloriosi del <a href=\"https:\/\/www.holyart.it\/it\/articoli-religiosi\/rosari-e-portarosari\"><strong>Santo Rosario<\/strong><\/a>.<\/p>\n<div class=\"link-product\">\n<div class=\"blocco-immagine\"><img loading=\"lazy\" decoding=\"async\" class=\"size-full wp-image-17768 alignleft\" src=\"https:\/\/blog.holyart.it\/it\/wp-content\/uploads\/sites\/17\/2023\/05\/rosario-Ghirelli-santantonio.jpg\" alt=\"rosario Ghirelli santantonio\" width=\"100\" height=\"100\" data-kale-share-title=\"Ascensione del Signore: il significato della festa\" data-kale-share-url=\"https:\/\/blog.holyart.it\/it\/?p=17756\" \/><\/div>\n<div class=\"blocco-contenuto\">\n<div class=\"blocco-acquista\">Acquista su Holyart:<\/div>\n<div class=\"blocco-titolo\"><a href=\"https:\/\/www.holyart.it\/it\/articoli-religiosi\/rosari-e-portarosari\">Rosari e portarosari<\/a><\/div>\n<div class=\"blocco-descrizione\">Qui trovi un&#8217;ampissima gamma di rosari, ne abbiamo pi\u00f9 di 700!<\/div>\n<\/div>\n<\/div>\n<p>La <strong>liturgia<\/strong> della solennit\u00e0 dell&#8217;Ascensione del Signore si apre con l&#8217;introito <em><b>Viri Galilaei<\/b><\/em>, che ricorre a pi\u00f9 riprese nella celebrazione. \u00c8 concepita nel settimo modo, il <em>tetrardus authenticus<\/em> (il canto gregoriano ha una base tonale costituita da otto tonalit\u00e0, o modi ecclesiastici), definito <strong>angelico<\/strong>, e utilizzato per descrivere voli ed esplosioni di gioia.<\/p>\n<p><em>&#8220;Viri Galil\u00e6i,<\/em><br \/>\n<em>quid admir\u00e1mini aspici\u00e9ntes in c\u00e6lum?<\/em><br \/>\n<em>Quem\u00e1dmodum vid\u00edstis eum<\/em><br \/>\n<em>ascend\u00e9ntem in c\u00e6lum, ita v\u00e9niet,<\/em><br \/>\n<em>all\u00e9luia.&#8221;<\/em><\/p>\n<p>&#8220;Uomini di Galilea,<br \/>\nperch\u00e9 fissate nel cielo lo sguardo?<br \/>\nCome l&#8217;avete visto salire al cielo,<br \/>\ncos\u00ec il Signore ritorner\u00e0\u00bb.<br \/>\nAlleluia&#8221;<\/p>\n<p>(Act 1,11)<\/p>\n<p>Anche la <strong>Chiesa ortodossa <\/strong>celebra l&#8217;Ascensione, che \u00e8 una delle 12 grandi feste, mentre per la<strong> chiesa luterana<\/strong> \u00e8 una delle festivit\u00e0 principali del calendario dei santi.<\/p>\n<h2>Cosa vuol dire Ascensione del Signore?<\/h2>\n<p>L&#8217;<a href=\"https:\/\/www.holyart.it\/it\/articoli-religiosi\/bassorilievi\/bassorilievi-pietra\/ascensione-bassorilievo-pietra-bethleem\"><strong>Ascensione<\/strong><\/a> rappresenta un momento fondamentale per la religione Cristiana e per la figura di Ges\u00f9 Cristo in particolare. \u00c8 il momento in cui <strong>Egli cessa di essere Ges\u00f9 Uomo<\/strong>, predicatore, fautore di miracoli, amico degli Apostoli e loro compagno di vita. Nell&#8217;istante in cui Egli risorge e sale al Cielo, per occupare il posto che gli \u00e8 dovuto alla destra del Padre, continua a restare vicino ai propri discepoli e a tutti gli uomini, ma in un modo completamente nuovo. Ges\u00f9 non \u00e8 pi\u00f9 sulla Terra, non \u00e8 pi\u00f9 parte delle vicende umane, ma torner\u00e0 per il <strong>Giudizio Finale<\/strong>, la Sua Seconda venuta: la <em>Parus\u00eca<\/em>.<\/p>\n<div class=\"link-product\">\n<div class=\"blocco-immagine\"><img loading=\"lazy\" decoding=\"async\" class=\"size-full wp-image-17770 alignleft\" src=\"https:\/\/blog.holyart.it\/it\/wp-content\/uploads\/sites\/17\/2023\/05\/ascensione-bassorilievo-pietra-bethleem.jpg\" alt=\"ascensione bassorilievo pietra bethleem\" width=\"100\" height=\"100\" data-kale-share-title=\"Ascensione del Signore: il significato della festa\" data-kale-share-url=\"https:\/\/blog.holyart.it\/it\/?p=17756\" \/><\/div>\n<div class=\"blocco-contenuto\">\n<div class=\"blocco-acquista\">Acquista su Holyart:<\/div>\n<div class=\"blocco-titolo\"><a href=\"https:\/\/www.holyart.it\/it\/articoli-religiosi\/bassorilievi\/bassorilievi-pietra\/ascensione-bassorilievo-pietra-bethleem\">Ascensione bassorilievo pietra Bethl\u00e9em<\/a><\/div>\n<div class=\"blocco-descrizione\">Bassorilievo in pietra dei Pirenei, realizzato dalle suore dell&#8217;Atelier d&#8217;Art de Bethl\u00e9em, in Francia.<\/div>\n<\/div>\n<\/div>\n<p>Con l&#8217;Ascensione cessano anche le <strong>apparizioni di Ges\u00f9<\/strong>, avvenute dopo la Risurrezione, e viene proclamato il senso ultimo della Risurrezione stessa, che non \u00e8 solo della carne: chiunque sar\u00e0 salvato, alla fine dei tempi, salir\u00e0 al Cielo.<\/p>\n<h2>Le origini della festivit\u00e0 dell\u2019Ascensione<\/h2>\n<p>Le origini di questa festa sono antiche. Essa viene descritta nei <strong><a href=\"https:\/\/www.holyart.it\/it\/articoli-religiosi\/libri-e-testi-sacri\/vangeli\">Vangeli<\/a> di Marco <\/strong>e <strong>Luca e negli Atti degli Apostoli:<\/strong><\/p>\n<p><em>19 Il Signore Ges\u00f9 dunque, dopo aver loro parlato,<b> fu assunto nel cielo e sedette alla destra di Dio<\/b>. 20 E quelli se ne andarono a predicare dappertutto, mentre il Signore operava con loro e confermava la Parola con i segni che l&#8217;accompagnavano.<\/em> (Marco 16,19-20)<\/p>\n<p><em>In quel tempo, Ges\u00f9 disse ai suoi discepoli: \u00abCos\u00ec sta scritto: il Cristo patir\u00e0 e risorger\u00e0 dai morti il terzo giorno, e nel suo nome saranno predicati a tutti i popoli la conversione e il perdono dei peccati, cominciando da Gerusalemme. Di questo voi siete testimoni. Ed ecco, io mando su di voi colui che il Padre mio ha promesso; ma voi restate in citt\u00e0, finch\u00e9 non siate rivestiti di potenza dall\u2019alto\u00bb. Poi li condusse fuori verso Bet\u00e0nia e, alzate le mani, li benedisse. Mentre li benediceva, <b>si stacc\u00f2 da loro e veniva portato su, in cielo.<\/b> Ed essi si prostrarono davanti a lui; poi tornarono a Gerusalemme con grande gioia e stavano sempre nel tempio lodando Dio<\/em> (Luca 24,46-53)<\/p>\n<p><em>6 Cos\u00ec venutisi a trovare insieme gli domandarono: \u00abSignore, \u00e8 questo il tempo in cui ricostituirai il regno di Israele?\u00bb. 7 Ma egli rispose: \u00abNon spetta a voi conoscere i tempi e i momenti che il Padre ha riservato alla sua scelta, 8 ma avrete forza dallo Spirito Santo che scender\u00e0 su di voi e mi sarete testimoni a Gerusalemme, in tutta la Giudea e la Samaria e fino agli estremi confini della terra\u00bb.9 Detto questo, <b>fu elevato in alto sotto i loro occhi e una nube lo sottrasse al loro sguardo. <\/b>10 E poich\u00e9 essi stavano fissando il cielo mentre egli se n&#8217;andava, ecco due uomini in bianche vesti si presentarono a loro e dissero: 11 \u00abUomini di Galilea, perch\u00e9 state a guardare il cielo? <b>Questo Ges\u00f9, che \u00e8 stato tra voi assunto fino al cielo, torner\u00e0 un giorno allo stesso modo in cui l&#8217;avete visto andare in cielo<\/b>\u00bb.<\/em> (Atti 1,6-11)<\/p>\n<p><a href=\"https:\/\/www.holyart.it\/blog\/santi-e-beati\/le-confessioni-di-sant-agostino-come-cambiare-la-propria-vita\/\"><strong>Sant&#8217;Agostino<\/strong><\/a> parlava della <em>Ascensio Domini in coelum<\/em> come di una pratica istituita addirittura dagli Apostoli o poco pi\u00f9 tardi, e ai suoi tempi gi\u00e0 diffusa <em>&#8220;Toto terrarum orbe&#8221;<\/em>, in tutto il mondo conosciuto.<\/p>\n<p>\u00c8 probabile che in passato questa festa coincidesse con quella di Pentecoste, e che i due eventi venissero commemorati insieme.<br \/>\nLa prima testimonianza della celebrazione dell&#8217;Ascensione a <strong>Roma<\/strong> quaranta giorni dopo la Pasqua risale a <strong>Papa Leone Magno<\/strong> (440-461 d.C.).<br \/>\nFu invece<strong>\u00a0Pio V <\/strong>(1566) a fissare in questa occasione la rimozione del <a href=\"https:\/\/www.holyart.it\/it\/prodotti-consumabili\/candele-ceri-ceretti?page=1&amp;params=%7B%22offset%22:0,%22limit%22:60,%22filters%22:%5B%5D,%22sorter%22:%22YEAR_BEST_SELLERS%22,%22categoryIds%22:%5B105073%5D,%22filtersByIds%22:%5B%7B%22key%22:99,%22values%22:%5B2593%5D%7D%5D%7D\"><strong>cero pasquale<\/strong><\/a> acceso all&#8217;inizio della solenne Veglia pasquale, che in passato veniva spento la<strong><a href=\"https:\/\/www.holyart.it\/blog\/articoli-religiosi\/domenica-in-albis-significato-religioso\/\"><em> Domenica in albis<\/em><\/a><\/strong>, la domenica che chiude l&#8217;Ottava di Pasqua. Oggi il cero pasquale resta invece acceso vicino all&#8217;ambone fino a Pentecoste.<\/p>\n<div class=\"link-article\">\n<p><img loading=\"lazy\" decoding=\"async\" class=\"size-full wp-image-17772 alignleft\" src=\"https:\/\/blog.holyart.it\/it\/wp-content\/uploads\/sites\/17\/2023\/05\/domenica-in-albis.jpg\" alt=\"domenica in albis\" width=\"150\" height=\"99\" data-kale-share-title=\"Ascensione del Signore: il significato della festa\" data-kale-share-url=\"https:\/\/blog.holyart.it\/it\/?p=17756\" \/><\/p>\n<div class=\"leggi-anche\">Leggi anche:<\/div>\n<p><strong><a href=\"https:\/\/www.holyart.it\/blog\/articoli-religiosi\/domenica-in-albis-significato-religioso\/\">Domenica in Albis: cosa si ricorda e qual \u00e8 il significato religioso di questa giornata<\/a><\/strong><br \/>\nLa celebrazione della Domenica in albis unisce riti antichissimi&#8230;<\/p>\n<\/div>\n<h2>La differenza tra Ascensione e Pentecoste<\/h2>\n<p>Ascensione e Pentecoste rappresentano dunque la fine del Tempo pasquale, sia sul piano temporale-cronologico, sia su quello simbolico. Per i discepoli di Ges\u00f9 esse rappresentano un<em> continuum<\/em> di preparazione: a partire dall&#8217;Ascensione essi iniziano a prepararsi per la missione che Cristo affider\u00e0 loro tramite lo <a href=\"https:\/\/www.holyart.it\/it\/articoli-religiosi\/bomboniere-sacre-e-ricordini\/spirito-santo-con-raggiera-5-5-cm-legno-valgardena-con-astuccio\"><strong>Spirito Santo<\/strong><\/a> a Pentecoste.<\/p>\n<div class=\"link-product\">\n<div class=\"blocco-immagine\"><img loading=\"lazy\" decoding=\"async\" class=\"size-full wp-image-17774 alignleft\" src=\"https:\/\/blog.holyart.it\/it\/wp-content\/uploads\/sites\/17\/2023\/05\/spirito-santo-con-raggiera.jpg\" alt=\"spirito santo con raggiera\" width=\"100\" height=\"100\" data-kale-share-title=\"Ascensione del Signore: il significato della festa\" data-kale-share-url=\"https:\/\/blog.holyart.it\/it\/?p=17756\" \/><\/div>\n<div class=\"blocco-contenuto\">\n<div class=\"blocco-acquista\">Acquista su Holyart:<\/div>\n<div class=\"blocco-titolo\"><a href=\"https:\/\/www.holyart.it\/it\/articoli-religiosi\/bomboniere-sacre-e-ricordini\/spirito-santo-con-raggiera-5-5-cm-legno-valgardena-con-astuccio\">Spirito Santo con raggiera 5,5 cm legno Valgardena<\/a><\/div>\n<div class=\"blocco-descrizione\">Scultura realizzata e dipinta a mano dagli artigiani della Valgardena.<\/div>\n<\/div>\n<\/div>\n<p>Abbiamo visto come l&#8217;<strong>Ascensione<\/strong> venga celebrata ovunque fin dal IV secolo, quaranta giorni dopo la Pasqua.<br \/>\n<a href=\"https:\/\/www.holyart.it\/blog\/accessori-liturgia\/in-occasione-della-pentecoste-prega-maria-che-scioglie-i-nodi\/\"><strong>Pentecoste<\/strong> <\/a>invece celebra la <strong>discesa dello Spirito Santo<\/strong>, terza persona della Santissima Trinit\u00e0, avvenuta dopo la Resurrezione di Ges\u00f9 e in un certo senso<strong> rappresenta la nascita stessa della Chiesa<\/strong>. All&#8217;inizio una festa <strong>solo orientale<\/strong> solenne, in onore dello Spirito Santo, e comprendeva il periodo di cinquanta giorni dopo la Pasqua. Durava otto giorni, nel corso dei quali veniva impartito il Battesimo. Solo tra l&#8217;VIII e il IX secolo si inizi\u00f2 a festeggiare anche in <strong>Occidente<\/strong>.\u00a0Fino al 1969 si continu\u00f2 a festeggiare Pentecoste per otto giorni, anche se i giorni festivi vennero progressivamente ridotti. Il luned\u00ec venne eliminato all&#8217;inizio del XX secolo.<\/p>\n<div class=\"link-article\">\n<p><img loading=\"lazy\" decoding=\"async\" class=\"size-full wp-image-17775 alignleft\" src=\"https:\/\/blog.holyart.it\/it\/wp-content\/uploads\/sites\/17\/2023\/05\/Pentecoste-spirito-santo.jpg\" alt=\"Pentecoste spirito santo\" width=\"150\" height=\"99\" data-kale-share-title=\"Ascensione del Signore: il significato della festa\" data-kale-share-url=\"https:\/\/blog.holyart.it\/it\/?p=17756\" \/><\/p>\n<div class=\"leggi-anche\">Leggi anche:<\/div>\n<p><strong><a href=\"https:\/\/www.holyart.it\/blog\/accessori-liturgia\/in-occasione-della-pentecoste-prega-maria-che-scioglie-i-nodi\/\">In occasione della Pentecoste prega Maria che scioglie i nodi<\/a><\/strong><br \/>\n50 giorni dopo la Pasqua si festeggia la Pentecoste, che ricorda la discesa dello Spirito Santo tra i discepoli&#8230;<\/p>\n<\/div>\n","protected":false},"excerpt":{"rendered":"<p>L&#8217;Ascensione del Signore rappresenta il momento in cui Ges\u00f9 si stacca dalla Terra e dai suoi discepoli, lasciando la Sua forma umana per salire al Cielo. Ecco perch\u00e9 \u00e8 cos\u00ec importante Quaranta giorni dopo il tempo di Pasqua la Chiesa cattolica celebra l&#8217;Ascensione di Ges\u00f9&hellip;<\/p>\n","protected":false},"author":1,"featured_media":17792,"comment_status":"closed","ping_status":"open","sticky":false,"template":"","format":"standard","meta":{"_acf_changed":false,"footnotes":""},"categories":[26,16],"tags":[],"class_list":["post-17756","post","type-post","status-publish","format-standard","has-post-thumbnail","hentry","category-pasqua","category-articoli-religiosi"],"acf":[],"yoast_head":"<!-- This site is optimized with the Yoast SEO plugin v26.6 - https:\/\/yoast.com\/wordpress\/plugins\/seo\/ -->\n<title>Ascensione del Signore: il significato della festa - Holyblog<\/title>\n<meta name=\"description\" content=\"L&#039;Ascensione del Signore \u00e8 l&#039;ultima tappa della missione di Ges\u00f9 sulla terra e il preludio alla nascita della Sua Chiesa\" \/>\n<meta name=\"robots\" content=\"index, follow, max-snippet:-1, max-image-preview:large, max-video-preview:-1\" \/>\n<link rel=\"canonical\" href=\"https:\/\/blog.holyart.it\/it\/pasqua\/ascensione-del-signore-il-significato-della-festa\/\" \/>\n<meta property=\"og:locale\" content=\"it_IT\" \/>\n<meta property=\"og:type\" content=\"article\" \/>\n<meta property=\"og:title\" content=\"Ascensione del Signore: il significato della festa - Holyblog\" \/>\n<meta property=\"og:description\" content=\"L&#039;Ascensione del Signore \u00e8 l&#039;ultima tappa della missione di Ges\u00f9 sulla terra e il preludio alla nascita della Sua Chiesa\" \/>\n<meta property=\"og:url\" content=\"https:\/\/blog.holyart.it\/it\/pasqua\/ascensione-del-signore-il-significato-della-festa\/\" \/>\n<meta property=\"og:site_name\" content=\"Holyblog\" \/>\n<meta property=\"article:published_time\" content=\"2023-05-15T08:00:20+00:00\" \/>\n<meta property=\"article:modified_time\" content=\"2026-04-22T07:45:39+00:00\" \/>\n<meta property=\"og:image\" content=\"https:\/\/blog.holyart.it\/it\/wp-content\/uploads\/sites\/17\/2023\/05\/ascensione-del-signore.jpg\" \/>\n\t<meta property=\"og:image:width\" content=\"1000\" \/>\n\t<meta property=\"og:image:height\" content=\"666\" \/>\n\t<meta property=\"og:image:type\" content=\"image\/jpeg\" \/>\n<meta name=\"author\" content=\"Redazione\" \/>\n<meta name=\"twitter:card\" content=\"summary_large_image\" \/>\n<meta name=\"twitter:label1\" content=\"Scritto da\" \/>\n\t<meta name=\"twitter:data1\" content=\"Redazione\" \/>\n\t<meta name=\"twitter:label2\" content=\"Tempo di lettura stimato\" \/>\n\t<meta name=\"twitter:data2\" content=\"9 minuti\" \/>\n<script type=\"application\/ld+json\" class=\"yoast-schema-graph\">{\"@context\":\"https:\/\/schema.org\",\"@graph\":[{\"@type\":\"Article\",\"@id\":\"https:\/\/blog.holyart.it\/it\/pasqua\/ascensione-del-signore-il-significato-della-festa\/#article\",\"isPartOf\":{\"@id\":\"https:\/\/blog.holyart.it\/it\/pasqua\/ascensione-del-signore-il-significato-della-festa\/\"},\"author\":{\"name\":\"Redazione\",\"@id\":\"https:\/\/blog.holyart.it\/it\/#\/schema\/person\/0a7b686e5af0f856ec1e390dd0baecda\"},\"headline\":\"Ascensione del Signore: il significato della festa\",\"datePublished\":\"2023-05-15T08:00:20+00:00\",\"dateModified\":\"2026-04-22T07:45:39+00:00\",\"mainEntityOfPage\":{\"@id\":\"https:\/\/blog.holyart.it\/it\/pasqua\/ascensione-del-signore-il-significato-della-festa\/\"},\"wordCount\":1299,\"publisher\":{\"@id\":\"https:\/\/blog.holyart.it\/it\/#organization\"},\"image\":{\"@id\":\"https:\/\/blog.holyart.it\/it\/pasqua\/ascensione-del-signore-il-significato-della-festa\/#primaryimage\"},\"thumbnailUrl\":\"https:\/\/blog.holyart.it\/it\/wp-content\/uploads\/sites\/17\/2023\/05\/ascensione-del-signore.jpg\",\"articleSection\":[\"Pasqua\",\"Religione\"],\"inLanguage\":\"it-IT\"},{\"@type\":\"WebPage\",\"@id\":\"https:\/\/blog.holyart.it\/it\/pasqua\/ascensione-del-signore-il-significato-della-festa\/\",\"url\":\"https:\/\/blog.holyart.it\/it\/pasqua\/ascensione-del-signore-il-significato-della-festa\/\",\"name\":\"Ascensione del Signore: il significato della festa - Holyblog\",\"isPartOf\":{\"@id\":\"https:\/\/blog.holyart.it\/it\/#website\"},\"primaryImageOfPage\":{\"@id\":\"https:\/\/blog.holyart.it\/it\/pasqua\/ascensione-del-signore-il-significato-della-festa\/#primaryimage\"},\"image\":{\"@id\":\"https:\/\/blog.holyart.it\/it\/pasqua\/ascensione-del-signore-il-significato-della-festa\/#primaryimage\"},\"thumbnailUrl\":\"https:\/\/blog.holyart.it\/it\/wp-content\/uploads\/sites\/17\/2023\/05\/ascensione-del-signore.jpg\",\"datePublished\":\"2023-05-15T08:00:20+00:00\",\"dateModified\":\"2026-04-22T07:45:39+00:00\",\"description\":\"L'Ascensione del Signore \u00e8 l'ultima tappa della missione di Ges\u00f9 sulla terra e il preludio alla nascita della Sua Chiesa\",\"breadcrumb\":{\"@id\":\"https:\/\/blog.holyart.it\/it\/pasqua\/ascensione-del-signore-il-significato-della-festa\/#breadcrumb\"},\"inLanguage\":\"it-IT\",\"potentialAction\":[{\"@type\":\"ReadAction\",\"target\":[\"https:\/\/blog.holyart.it\/it\/pasqua\/ascensione-del-signore-il-significato-della-festa\/\"]}]},{\"@type\":\"ImageObject\",\"inLanguage\":\"it-IT\",\"@id\":\"https:\/\/blog.holyart.it\/it\/pasqua\/ascensione-del-signore-il-significato-della-festa\/#primaryimage\",\"url\":\"https:\/\/blog.holyart.it\/it\/wp-content\/uploads\/sites\/17\/2023\/05\/ascensione-del-signore.jpg\",\"contentUrl\":\"https:\/\/blog.holyart.it\/it\/wp-content\/uploads\/sites\/17\/2023\/05\/ascensione-del-signore.jpg\",\"width\":1000,\"height\":666,\"caption\":\"ascensione del signore\"},{\"@type\":\"BreadcrumbList\",\"@id\":\"https:\/\/blog.holyart.it\/it\/pasqua\/ascensione-del-signore-il-significato-della-festa\/#breadcrumb\",\"itemListElement\":[{\"@type\":\"ListItem\",\"position\":1,\"name\":\"Homepage\",\"item\":\"https:\/\/blog.holyart.it\/it\/\"},{\"@type\":\"ListItem\",\"position\":2,\"name\":\"Pasqua\",\"item\":\"https:\/\/blog.holyart.it\/it\/pasqua\/\"},{\"@type\":\"ListItem\",\"position\":3,\"name\":\"Ascensione del Signore: il significato della festa\"}]},{\"@type\":\"WebSite\",\"@id\":\"https:\/\/blog.holyart.it\/it\/#website\",\"url\":\"https:\/\/blog.holyart.it\/it\/\",\"name\":\"Holyblog\",\"description\":\"Il Blog di Holyart.it\",\"publisher\":{\"@id\":\"https:\/\/blog.holyart.it\/it\/#organization\"},\"potentialAction\":[{\"@type\":\"SearchAction\",\"target\":{\"@type\":\"EntryPoint\",\"urlTemplate\":\"https:\/\/blog.holyart.it\/it\/?s={search_term_string}\"},\"query-input\":{\"@type\":\"PropertyValueSpecification\",\"valueRequired\":true,\"valueName\":\"search_term_string\"}}],\"inLanguage\":\"it-IT\"},{\"@type\":\"Organization\",\"@id\":\"https:\/\/blog.holyart.it\/it\/#organization\",\"name\":\"Holyblog\",\"url\":\"https:\/\/blog.holyart.it\/it\/\",\"logo\":{\"@type\":\"ImageObject\",\"inLanguage\":\"it-IT\",\"@id\":\"https:\/\/blog.holyart.it\/it\/#\/schema\/logo\/image\/\",\"url\":\"https:\/\/blog.holyart.it\/it\/wp-content\/uploads\/sites\/17\/2022\/12\/Holyart_Blog_Logo.jpg\",\"contentUrl\":\"https:\/\/blog.holyart.it\/it\/wp-content\/uploads\/sites\/17\/2022\/12\/Holyart_Blog_Logo.jpg\",\"width\":300,\"height\":50,\"caption\":\"Holyblog\"},\"image\":{\"@id\":\"https:\/\/blog.holyart.it\/it\/#\/schema\/logo\/image\/\"}},{\"@type\":\"Person\",\"@id\":\"https:\/\/blog.holyart.it\/it\/#\/schema\/person\/0a7b686e5af0f856ec1e390dd0baecda\",\"name\":\"Redazione\"}]}<\/script>\n<!-- \/ Yoast SEO plugin. -->","yoast_head_json":{"title":"Ascensione del Signore: il significato della festa - Holyblog","description":"L'Ascensione del Signore \u00e8 l'ultima tappa della missione di Ges\u00f9 sulla terra e il preludio alla nascita della Sua Chiesa","robots":{"index":"index","follow":"follow","max-snippet":"max-snippet:-1","max-image-preview":"max-image-preview:large","max-video-preview":"max-video-preview:-1"},"canonical":"https:\/\/blog.holyart.it\/it\/pasqua\/ascensione-del-signore-il-significato-della-festa\/","og_locale":"it_IT","og_type":"article","og_title":"Ascensione del Signore: il significato della festa - Holyblog","og_description":"L'Ascensione del Signore \u00e8 l'ultima tappa della missione di Ges\u00f9 sulla terra e il preludio alla nascita della Sua Chiesa","og_url":"https:\/\/blog.holyart.it\/it\/pasqua\/ascensione-del-signore-il-significato-della-festa\/","og_site_name":"Holyblog","article_published_time":"2023-05-15T08:00:20+00:00","article_modified_time":"2026-04-22T07:45:39+00:00","og_image":[{"width":1000,"height":666,"url":"https:\/\/blog.holyart.it\/it\/wp-content\/uploads\/sites\/17\/2023\/05\/ascensione-del-signore.jpg","type":"image\/jpeg"}],"author":"Redazione","twitter_card":"summary_large_image","twitter_misc":{"Scritto da":"Redazione","Tempo di lettura stimato":"9 minuti"},"schema":{"@context":"https:\/\/schema.org","@graph":[{"@type":"Article","@id":"https:\/\/blog.holyart.it\/it\/pasqua\/ascensione-del-signore-il-significato-della-festa\/#article","isPartOf":{"@id":"https:\/\/blog.holyart.it\/it\/pasqua\/ascensione-del-signore-il-significato-della-festa\/"},"author":{"name":"Redazione","@id":"https:\/\/blog.holyart.it\/it\/#\/schema\/person\/0a7b686e5af0f856ec1e390dd0baecda"},"headline":"Ascensione del Signore: il significato della festa","datePublished":"2023-05-15T08:00:20+00:00","dateModified":"2026-04-22T07:45:39+00:00","mainEntityOfPage":{"@id":"https:\/\/blog.holyart.it\/it\/pasqua\/ascensione-del-signore-il-significato-della-festa\/"},"wordCount":1299,"publisher":{"@id":"https:\/\/blog.holyart.it\/it\/#organization"},"image":{"@id":"https:\/\/blog.holyart.it\/it\/pasqua\/ascensione-del-signore-il-significato-della-festa\/#primaryimage"},"thumbnailUrl":"https:\/\/blog.holyart.it\/it\/wp-content\/uploads\/sites\/17\/2023\/05\/ascensione-del-signore.jpg","articleSection":["Pasqua","Religione"],"inLanguage":"it-IT"},{"@type":"WebPage","@id":"https:\/\/blog.holyart.it\/it\/pasqua\/ascensione-del-signore-il-significato-della-festa\/","url":"https:\/\/blog.holyart.it\/it\/pasqua\/ascensione-del-signore-il-significato-della-festa\/","name":"Ascensione del Signore: il significato della festa - Holyblog","isPartOf":{"@id":"https:\/\/blog.holyart.it\/it\/#website"},"primaryImageOfPage":{"@id":"https:\/\/blog.holyart.it\/it\/pasqua\/ascensione-del-signore-il-significato-della-festa\/#primaryimage"},"image":{"@id":"https:\/\/blog.holyart.it\/it\/pasqua\/ascensione-del-signore-il-significato-della-festa\/#primaryimage"},"thumbnailUrl":"https:\/\/blog.holyart.it\/it\/wp-content\/uploads\/sites\/17\/2023\/05\/ascensione-del-signore.jpg","datePublished":"2023-05-15T08:00:20+00:00","dateModified":"2026-04-22T07:45:39+00:00","description":"L'Ascensione del Signore \u00e8 l'ultima tappa della missione di Ges\u00f9 sulla terra e il preludio alla nascita della Sua Chiesa","breadcrumb":{"@id":"https:\/\/blog.holyart.it\/it\/pasqua\/ascensione-del-signore-il-significato-della-festa\/#breadcrumb"},"inLanguage":"it-IT","potentialAction":[{"@type":"ReadAction","target":["https:\/\/blog.holyart.it\/it\/pasqua\/ascensione-del-signore-il-significato-della-festa\/"]}]},{"@type":"ImageObject","inLanguage":"it-IT","@id":"https:\/\/blog.holyart.it\/it\/pasqua\/ascensione-del-signore-il-significato-della-festa\/#primaryimage","url":"https:\/\/blog.holyart.it\/it\/wp-content\/uploads\/sites\/17\/2023\/05\/ascensione-del-signore.jpg","contentUrl":"https:\/\/blog.holyart.it\/it\/wp-content\/uploads\/sites\/17\/2023\/05\/ascensione-del-signore.jpg","width":1000,"height":666,"caption":"ascensione del signore"},{"@type":"BreadcrumbList","@id":"https:\/\/blog.holyart.it\/it\/pasqua\/ascensione-del-signore-il-significato-della-festa\/#breadcrumb","itemListElement":[{"@type":"ListItem","position":1,"name":"Homepage","item":"https:\/\/blog.holyart.it\/it\/"},{"@type":"ListItem","position":2,"name":"Pasqua","item":"https:\/\/blog.holyart.it\/it\/pasqua\/"},{"@type":"ListItem","position":3,"name":"Ascensione del Signore: il significato della festa"}]},{"@type":"WebSite","@id":"https:\/\/blog.holyart.it\/it\/#website","url":"https:\/\/blog.holyart.it\/it\/","name":"Holyblog","description":"Il Blog di Holyart.it","publisher":{"@id":"https:\/\/blog.holyart.it\/it\/#organization"},"potentialAction":[{"@type":"SearchAction","target":{"@type":"EntryPoint","urlTemplate":"https:\/\/blog.holyart.it\/it\/?s={search_term_string}"},"query-input":{"@type":"PropertyValueSpecification","valueRequired":true,"valueName":"search_term_string"}}],"inLanguage":"it-IT"},{"@type":"Organization","@id":"https:\/\/blog.holyart.it\/it\/#organization","name":"Holyblog","url":"https:\/\/blog.holyart.it\/it\/","logo":{"@type":"ImageObject","inLanguage":"it-IT","@id":"https:\/\/blog.holyart.it\/it\/#\/schema\/logo\/image\/","url":"https:\/\/blog.holyart.it\/it\/wp-content\/uploads\/sites\/17\/2022\/12\/Holyart_Blog_Logo.jpg","contentUrl":"https:\/\/blog.holyart.it\/it\/wp-content\/uploads\/sites\/17\/2022\/12\/Holyart_Blog_Logo.jpg","width":300,"height":50,"caption":"Holyblog"},"image":{"@id":"https:\/\/blog.holyart.it\/it\/#\/schema\/logo\/image\/"}},{"@type":"Person","@id":"https:\/\/blog.holyart.it\/it\/#\/schema\/person\/0a7b686e5af0f856ec1e390dd0baecda","name":"Redazione"}]}},"_links":{"self":[{"href":"https:\/\/blog.holyart.it\/it\/wp-json\/wp\/v2\/posts\/17756","targetHints":{"allow":["GET"]}}],"collection":[{"href":"https:\/\/blog.holyart.it\/it\/wp-json\/wp\/v2\/posts"}],"about":[{"href":"https:\/\/blog.holyart.it\/it\/wp-json\/wp\/v2\/types\/post"}],"author":[{"embeddable":true,"href":"https:\/\/blog.holyart.it\/it\/wp-json\/wp\/v2\/users\/1"}],"replies":[{"embeddable":true,"href":"https:\/\/blog.holyart.it\/it\/wp-json\/wp\/v2\/comments?post=17756"}],"version-history":[{"count":9,"href":"https:\/\/blog.holyart.it\/it\/wp-json\/wp\/v2\/posts\/17756\/revisions"}],"predecessor-version":[{"id":21336,"href":"https:\/\/blog.holyart.it\/it\/wp-json\/wp\/v2\/posts\/17756\/revisions\/21336"}],"wp:featuredmedia":[{"embeddable":true,"href":"https:\/\/blog.holyart.it\/it\/wp-json\/wp\/v2\/media\/17792"}],"wp:attachment":[{"href":"https:\/\/blog.holyart.it\/it\/wp-json\/wp\/v2\/media?parent=17756"}],"wp:term":[{"taxonomy":"category","embeddable":true,"href":"https:\/\/blog.holyart.it\/it\/wp-json\/wp\/v2\/categories?post=17756"},{"taxonomy":"post_tag","embeddable":true,"href":"https:\/\/blog.holyart.it\/it\/wp-json\/wp\/v2\/tags?post=17756"}],"curies":[{"name":"wp","href":"https:\/\/api.w.org\/{rel}","templated":true}]}}