{"id":17615,"date":"2023-04-26T17:03:16","date_gmt":"2023-04-26T15:03:16","guid":{"rendered":"https:\/\/blog.holyart.it\/it\/?p=17615"},"modified":"2025-04-18T17:46:17","modified_gmt":"2025-04-18T15:46:17","slug":"il-volto-di-gesu-ricostruiamo-le-sue-vere-sembianze","status":"publish","type":"post","link":"https:\/\/blog.holyart.it\/it\/articoli-religiosi\/il-volto-di-gesu-ricostruiamo-le-sue-vere-sembianze\/","title":{"rendered":"Il volto di Ges\u00f9: ricostruiamo le sue vere sembianze"},"content":{"rendered":"<h4>Qual era il vero volto di Ges\u00f9? A quale etnia apparteneva? Un interrogativo che affascina e divide studiosi e teologi da duemila anni<\/h4>\n<p>Se dovessimo chiedere a un bambino che aspetto aveva Ges\u00f9, non avrebbe la minima esitazione: Ges\u00f9 era alto e magro, con la pelle chiara, il volto sorridente, lunghi capelli castani che gli scendevano ai lati del viso e gli occhi azzurri. Questo naturalmente se lo chiedessimo a un bambino europeo. Se rivolgessimo la stessa domanda a un bambino africano o cinese, ci ritroveremmo probabilmente con <strong>un&#8217;idea del volto di Ges\u00f9 molto diversa<\/strong>, con la pelle nera o gli occhi a mandorla. Questo perch\u00e9 l&#8217;aspetto fisico di Ges\u00f9, i suoi tratti somatici, non sono documentati da nessuna testimonianza certa. In parole povere, nessuno degli evangelisti, uomini che lo hanno conosciuto di persona, <strong>si \u00e8 preoccupato di descrivere che aspetto avesse<\/strong>. In tutto il <a href=\"https:\/\/www.holyart.it\/it\/articoli-religiosi\/libri-e-testi-sacri\/vangeli\"><strong>Nuovo Testamento<\/strong><\/a> non c&#8217;\u00e8 nessuna descrizione dell&#8217;aspetto fisico di Ges\u00f9, e tantomeno indicazioni riguardo le Sue origini etniche.<\/p>\n<p>Per questo l&#8217;iconografia di Cristo ha conosciuto innumerevoli evoluzioni, nel corso dei secoli, dettate per lo pi\u00f9 da interpretazioni soggettive, stereotipi culturali e dalla volont\u00e0 di uniformare l&#8217;aspetto del Figlio di Dio con un ideale estetico che rispecchiasse quello pi\u00f9 apprezzato in un determinato tempo storico e in una determinata cultura.\u00a0 Proprio come gli ipotetici bambini interrogati riguardo al volto di Ges\u00f9, per tutti noi le sembianze di Ges\u00f9 sono frutto di un&#8217;immagine mentale che deriva dal perpetrarsi di <strong>suggestioni artistiche<\/strong>, nell&#8217;arco della nostra vita, illustrazioni, <strong><a href=\"https:\/\/www.holyart.it\/it\/articoli-religiosi\/statue\/statue-in-resina-e-pvc?page=1&amp;params=%7B%22offset%22:0,%22limit%22:60,%22filters%22:%5B%5D,%22sorter%22:%22YEAR_BEST_SELLERS%22,%22categoryIds%22:%5B108438%5D,%22filtersByIds%22:%5B%7B%22key%22:41,%22values%22:%5B1272%5D%7D%5D%7D\">statue<\/a><\/strong>, <strong><a href=\"https:\/\/www.holyart.it\/it\/articoli-religiosi\/quadri-stampe-codici-miniati?page=1&amp;params=%7B%22offset%22:0,%22limit%22:60,%22filters%22:%5B%5D,%22sorter%22:%22YEAR_BEST_SELLERS%22,%22categoryIds%22:%5B106%5D,%22filtersByIds%22:%5B%7B%22key%22:22,%22values%22:%5B1160%5D%7D%5D%7D\">quadri<\/a><\/strong>, ma anche interpretazioni cinematografiche, determinate da stereotipi che non hanno nulla a che vedere con il Ges\u00f9 storico.<\/p>\n<div class=\"link-product\">\n<div class=\"blocco-immagine\"><img loading=\"lazy\" decoding=\"async\" class=\"size-full wp-image-17617 alignleft\" src=\"https:\/\/blog.holyart.it\/it\/wp-content\/uploads\/sites\/17\/2023\/04\/quadro-su-tela-pittorica-sacro-cuore-di-gesu.jpg\" alt=\"quadro sacro cuore di gesu\" width=\"100\" height=\"100\" data-kale-share-title=\"Il volto di Ges\u00f9: ricostruiamo le sue vere sembianze\" data-kale-share-url=\"https:\/\/blog.holyart.it\/it\/?p=17615\" \/><\/div>\n<div class=\"blocco-contenuto\">\n<div class=\"blocco-acquista\">Acquista su Holyart:<\/div>\n<div class=\"blocco-titolo\"><a href=\"https:\/\/www.holyart.it\/it\/articoli-religiosi\/quadri-stampe-codici-miniati?page=1&amp;params=%7B%22offset%22:0,%22limit%22:60,%22filters%22:%5B%5D,%22sorter%22:%22YEAR_BEST_SELLERS%22,%22categoryIds%22:%5B106%5D,%22filtersByIds%22:%5B%7B%22key%22:22,%22values%22:%5B1160%5D%7D%5D%7D\">Quadri, stampe, codici miniati<\/a><\/div>\n<div class=\"blocco-descrizione\">Quadri, stampe fiorentine, stampe su legno, codici miniati, poster raffiguranti Ges\u00f9 Cristo.<\/div>\n<\/div>\n<\/div>\n<h2>L\u2019iconografia di Ges\u00f9<\/h2>\n<p>\u00c8 affascinante studiare l&#8217;evoluzione dell&#8217;iconografia di Ges\u00f9 nella storia dell&#8217;arte sacra, non tanto per cercare di indagare su quale fosse il vero aspetto del Messia, quanto per comprendere come il Cristianesimo sia cresciuto e si sia trasformato parallelamente alla figura del suo ispiratore.<\/p>\n<p>Nei Vangeli, come dicevamo, non si fa menzione dell&#8217;aspetto di Ges\u00f9, anche se si tende a dare per scontato che Egli fosse ebreo, cos\u00ec come i suoi discepoli. E agli ebrei era proibito raffigurare il volto di Dio. I primi cristiani a sentire il bisogno di raffigurare Ges\u00f9 furono probabilmente gli stessi costretti a nascondersi nelle Catacombe per manifestare la propria fede. Per questo motivo, oltre che per l&#8217;effettiva mancanza di descrizioni a cui ispirarsi, Cristo veniva da loro raffigurato tramite <strong>simboli e immagini allegoriche<\/strong>, senza alcuna pretesa di somiglianza.<br \/>\nSolo quando il Cristianesimo divenne la <strong>religione ufficiale dell&#8217;Impero romano<\/strong> ci si inizi\u00f2 a preoccupare di come raffigurare il Cristo. \u00c8 interessante notare come, secondo i <strong>padri della Chiesa<\/strong> greci, Ges\u00f9 dovesse essere <strong>brutto<\/strong>, e la sua bellezza dovesse essere esclusivamente divina, mentre per i latini, come San Girolamo e <strong><a href=\"https:\/\/www.holyart.it\/blog\/santi-e-beati\/le-confessioni-di-sant-agostino-come-cambiare-la-propria-vita\/\">Agostino d&#8217;Ippona<\/a><\/strong> aveva un<strong> bell&#8217;aspetto<\/strong>, che rispecchiava la sua perfezione interiore e spirituale.<\/p>\n<div class=\"link-article\">\n<p><img loading=\"lazy\" decoding=\"async\" class=\"size-full wp-image-17619 alignleft\" src=\"https:\/\/blog.holyart.it\/it\/wp-content\/uploads\/sites\/17\/2023\/04\/santagostino-da-ippona.jpeg\" alt=\"santagostino da ippona\" width=\"150\" height=\"100\" data-kale-share-title=\"Il volto di Ges\u00f9: ricostruiamo le sue vere sembianze\" data-kale-share-url=\"https:\/\/blog.holyart.it\/it\/?p=17615\" \/><\/p>\n<div class=\"leggi-anche\">Leggi anche:<\/div>\n<p><strong><a href=\"https:\/\/www.holyart.it\/blog\/santi-e-beati\/le-confessioni-di-sant-agostino-come-cambiare-la-propria-vita\/\">Le confessioni di sant\u2019Agostino: come cambiare la propria vita<\/a><\/strong><br \/>\nLe Confessioni di Sant\u2019Agostino sono la testimonianza di un cammino di fede e di presa di coscienza di s\u00e9 senza tempo&#8230;<\/p>\n<\/div>\n<p>Col passare del tempo iniziarono ad aumentare descrizioni\u00a0che avevano pretesa di verit\u00e0, o perch\u00e9 ispirate da <strong>visioni<\/strong> in cui Ges\u00f9 si sarebbe palesato con un aspetto piuttosto che un altro, o avvalorate dal ritrovamento di <strong>immagini non realizzate da mano umana<\/strong> (<em>acheropita<\/em>), come il <strong>Mandylion<\/strong>, o immagine di Edessa, adorato dai cristiani d&#8217;Oriente, o di<a href=\"https:\/\/www.holyart.it\/it\/accessori-per-la-liturgia\/ostensori-teche-reliquiari-tronetti\/ostensori-teche-reliquiari-metallo\"><strong> reliquie<\/strong> <\/a>come il <a href=\"https:\/\/www.holyart.it\/blog\/articoli-religiosi\/il-mistero-del-velo-della-veronica-il-telo-con-limpronta-del-volto-di-gesu\/\"><strong>velo di Veronica<\/strong><\/a>, sul quale si diceva fosse impresso il vero volto di Ges\u00f9. Da questo genere di testimonianze deriva l&#8217;affermarsi della raffigurazione di <strong>Ges\u00f9 con la barba e i capelli lunghi<\/strong>, perch\u00e9 fino al IV secolo d.C., Egli veniva rappresentato solitamente <strong>giovane e imberbe<\/strong>. Interessante notare che, secondo San Paolo, Ges\u00f9 non poteva portare i <strong>capelli lunghi<\/strong>, in quanto ai suoi tempi era considerato indecoroso.<\/p>\n<div class=\"link-article\">\n<p><img loading=\"lazy\" decoding=\"async\" class=\"size-full wp-image-17621 alignleft\" src=\"https:\/\/blog.holyart.it\/it\/wp-content\/uploads\/sites\/17\/2023\/04\/velo-della-veronica.jpg\" alt=\"velo della veronica\" width=\"150\" height=\"99\" data-kale-share-title=\"Il volto di Ges\u00f9: ricostruiamo le sue vere sembianze\" data-kale-share-url=\"https:\/\/blog.holyart.it\/it\/?p=17615\" \/><\/p>\n<div class=\"leggi-anche\">Leggi anche:<\/div>\n<p><strong><a href=\"https:\/\/www.holyart.it\/blog\/articoli-religiosi\/il-mistero-del-velo-della-veronica-il-telo-con-limpronta-del-volto-di-gesu\/\">Il mistero del Velo della Veronica, il telo con l\u2019impronta del volto di Ges\u00f9<\/a><\/strong><br \/>\nIl Velo della Veronica \u00e8 una delle reliquie pi\u00f9 misteriose e affascinanti&#8230;<\/p>\n<\/div>\n<p>In <strong>epoca bizantina<\/strong> Ges\u00f9 viene solitamente raffigurato in <strong>gloria e trionfo<\/strong> come Cristo Pantocratore. Molto diffusa, soprattutto sulle icone, anche l&#8217;iconografia della <strong>Trasfigurazione di Ges\u00f9<\/strong>. La <strong>furia iconoclasta <\/strong>che condannava la rappresentazione di Cristo port\u00f2 alla distruzione di molte immagini sacre in Oriente tra l&#8217;VIII e il IX secolo. In occidente, invece, la figura di Ges\u00f9 non \u00e8 rappresentata come un sovrano severo e giudicante, ma, grazie all&#8217;<strong>influenza dei francescani<\/strong>, nella Sua <strong>umanit\u00e0 e umilt\u00e0<\/strong>, <a href=\"https:\/\/www.holyart.it\/blog\/articoli-religiosi\/la-storia-di-gesu-gli-eventi-piu-importanti-della-sua-vita\/\"><strong>dalla Nativit\u00e0 alla Crocifissione<\/strong><\/a>. Gli artisti occidentali sono proiettati a un <strong>maggior realismo<\/strong>, con <strong>Giotto<\/strong> e, in seguito, con i grandi maestri del <strong>Rinascimento<\/strong>.<\/p>\n<div class=\"link-article\">\n<p><img loading=\"lazy\" decoding=\"async\" class=\"size-full wp-image-17624 alignleft\" src=\"https:\/\/blog.holyart.it\/it\/wp-content\/uploads\/sites\/17\/2023\/04\/storia-di-gesu-ultima-cena.jpg\" alt=\"storia di gesu ultima cena\" width=\"150\" height=\"99\" data-kale-share-title=\"Il volto di Ges\u00f9: ricostruiamo le sue vere sembianze\" data-kale-share-url=\"https:\/\/blog.holyart.it\/it\/?p=17615\" \/><\/p>\n<div class=\"leggi-anche\">Leggi anche:<\/div>\n<p><strong><a href=\"https:\/\/www.holyart.it\/blog\/articoli-religiosi\/la-storia-di-gesu-gli-eventi-piu-importanti-della-sua-vita\/\">La storia di Ges\u00f9: gli eventi pi\u00f9 importanti della Sua vita<\/a><\/strong><br \/>\nLa storia di Ges\u00f9, tra racconto evangelico, realt\u00e0 storica e leggenda devozionale&#8230;<\/p>\n<\/div>\n<p>Iniziano a definirsi modelli di <strong>raffigurazione canonica<\/strong>, sia per Ges\u00f9 Bambino, tra le braccia della Madonna, sia per Ges\u00f9 adulto, con capelli lunghi sciolti, la tunica e il mantello, e durante la Passione, solo uno straccio a coprirgli i fianchi. Un&#8217;iconografia che attraversa la storia dell&#8217;arte occidentale e la permea per secoli.<\/p>\n<h2>Il vero nome di Ges\u00f9<\/h2>\n<p>Un altro elemento affatto scontato, che ha diviso gli studiosi e i teologi nel corso dei secoli, \u00e8 il<a href=\"https:\/\/www.holyart.it\/blog\/articoli-religiosi\/la-venerazione-del-santissimo-nome-di-gesu\/\"> <strong>vero nome di Ges\u00f9<\/strong><\/a>. Questo perch\u00e9, nella Sacre Scritture, oltre al nome che tutti conosciamo Egli viene spesso definito con<strong> titoli e appellativi<\/strong>.<\/p>\n<p>Il pi\u00f9 usato nel Nuovo Testamento e considerato il <strong>vero nome di Ges\u00f9<\/strong> rimane \u1f38\u03b7\u03c3\u03bf\u1fe6\u03c2, che in latino diviene Iesus e in italiano <strong>Ges\u00f9<\/strong>. Deriva dalla\u00a0traslitterazione dell&#8217;aramaico Y\u0113\u0161\u016ba&#8217;, che a sua volta deriva dall&#8217;ebraico Y\u0115ho\u0161\u016ba&#8217;, che significa &#8220;Dio-YAH (\u00e8) salvezza&#8221;.<\/p>\n<div class=\"link-article\">\n<p><img loading=\"lazy\" decoding=\"async\" class=\"size-full wp-image-17626 alignleft\" src=\"https:\/\/blog.holyart.it\/it\/wp-content\/uploads\/sites\/17\/2023\/04\/santissimo-nome-di-gesu-1.jpg\" alt=\"santissimo nome di gesu\" width=\"150\" height=\"99\" data-kale-share-title=\"Il volto di Ges\u00f9: ricostruiamo le sue vere sembianze\" data-kale-share-url=\"https:\/\/blog.holyart.it\/it\/?p=17615\" \/><\/p>\n<div class=\"leggi-anche\">Leggi anche:<\/div>\n<p><strong><a href=\"https:\/\/www.holyart.it\/blog\/articoli-religiosi\/la-venerazione-del-santissimo-nome-di-gesu\/\">La venerazione del Santissimo Nome di Ges\u00f9<\/a><\/strong><br \/>\nIl Santissimo Nome di Ges\u00f9, tra culto, significato simbolico, professione di fede&#8230;<\/p>\n<\/div>\n<p>Anche l&#8217;appellativo <strong>Cristo <\/strong>(X\u03c1\u03b9\u03c3\u03c4\u03cc\u03c2, Christ\u00f2s) compare molto spesso nelle Scritture, come titolo onorifico di Ges\u00f9. Deriva dal greco, significa &#8220;unto&#8221;, e si rif\u00e0 alla tradizione che voleva i Re di Israele consacrati con oli sacri aromatici. Con questo appellativo Ges\u00f9 viene riconosciuto come &#8220;eletto&#8221;, &#8220;consacrato&#8221;, il Messia tanto atteso dal popolo ebraico.<\/p>\n<p>La definizione onorifica di Ges\u00f9 come <strong>Signore<\/strong>\u00a0risale anch&#8217;essa al Nuovo Testamento: la parola greca, dall&#8217;aramaico &#8220;mara&#8221;, da cui deriva il titolo completo &#8220;nostro Signore Ges\u00f9 Cristo&#8221;.<\/p>\n<p><strong>Nazoreo<\/strong> e <strong>Nazareno<\/strong> indicano entrambi la provenienza di Ges\u00f9 dalla citt\u00e0 di Nazareth, anche se il primo appellativo forse fa riferimento a un voto di consacrazione pronunciato dai <em>nazirei<\/em>, che portavano i capelli lunghi. Questo giustificherebbe l&#8217;iconografia di Ges\u00f9 sempre ritratto coi capelli fluenti, quando ai suoi tempi era considerato disonorevole portarli cos\u00ec.<\/p>\n<p>Citiamo infine, tra i tanti nomi e appellativi di Ges\u00f9, <strong>Re dei Giudei<\/strong>, riportato anche sul <em>titulus crucis<\/em> fatto apporre sulla croce da Ponzio Pilato. Gli Ebrei attendevano un Messia, erede del trono di Re Davide, e gli evangelisti Matteo e Luca hanno riportato una genealogia che voleva confermare questa discendenza e rivendicare il diritto regale di Ges\u00f9.<\/p>\n","protected":false},"excerpt":{"rendered":"<p>Qual era il vero volto di Ges\u00f9? A quale etnia apparteneva? Un interrogativo che affascina e divide studiosi e teologi da duemila anni Se dovessimo chiedere a un bambino che aspetto aveva Ges\u00f9, non avrebbe la minima esitazione: Ges\u00f9 era alto e magro, con la&hellip;<\/p>\n","protected":false},"author":1,"featured_media":17675,"comment_status":"closed","ping_status":"open","sticky":false,"template":"","format":"standard","meta":{"_acf_changed":false,"footnotes":""},"categories":[16],"tags":[],"class_list":["post-17615","post","type-post","status-publish","format-standard","has-post-thumbnail","hentry","category-articoli-religiosi"],"acf":[],"yoast_head":"<!-- This site is optimized with the Yoast SEO plugin v26.6 - https:\/\/yoast.com\/wordpress\/plugins\/seo\/ -->\n<title>Il volto di Ges\u00f9: ricostruiamo le sue vere sembianze - Holyblog<\/title>\n<meta name=\"description\" content=\"Che aspetto aveva Ges\u00f9? A quale etnia apparteneva? Ecco come \u00e8 cambiato il volto di Ges\u00f9 nella storia e dell&#039;arte.\" \/>\n<meta name=\"robots\" content=\"index, follow, max-snippet:-1, max-image-preview:large, max-video-preview:-1\" \/>\n<link rel=\"canonical\" href=\"https:\/\/blog.holyart.it\/it\/articoli-religiosi\/il-volto-di-gesu-ricostruiamo-le-sue-vere-sembianze\/\" \/>\n<meta property=\"og:locale\" content=\"it_IT\" \/>\n<meta property=\"og:type\" content=\"article\" \/>\n<meta property=\"og:title\" content=\"Il volto di Ges\u00f9: ricostruiamo le sue vere sembianze - Holyblog\" \/>\n<meta property=\"og:description\" content=\"Che aspetto aveva Ges\u00f9? A quale etnia apparteneva? Ecco come \u00e8 cambiato il volto di Ges\u00f9 nella storia e dell&#039;arte.\" \/>\n<meta property=\"og:url\" content=\"https:\/\/blog.holyart.it\/it\/articoli-religiosi\/il-volto-di-gesu-ricostruiamo-le-sue-vere-sembianze\/\" \/>\n<meta property=\"og:site_name\" content=\"Holyblog\" \/>\n<meta property=\"article:published_time\" content=\"2023-04-26T15:03:16+00:00\" \/>\n<meta property=\"article:modified_time\" content=\"2025-04-18T15:46:17+00:00\" \/>\n<meta property=\"og:image\" content=\"https:\/\/blog.holyart.it\/it\/wp-content\/uploads\/sites\/17\/2023\/04\/volto-di-gesu.jpeg\" \/>\n\t<meta property=\"og:image:width\" content=\"1188\" \/>\n\t<meta property=\"og:image:height\" content=\"666\" \/>\n\t<meta property=\"og:image:type\" content=\"image\/jpeg\" \/>\n<meta name=\"author\" content=\"Redazione\" \/>\n<meta name=\"twitter:card\" content=\"summary_large_image\" \/>\n<meta name=\"twitter:label1\" content=\"Scritto da\" \/>\n\t<meta name=\"twitter:data1\" content=\"Redazione\" \/>\n\t<meta name=\"twitter:label2\" content=\"Tempo di lettura stimato\" \/>\n\t<meta name=\"twitter:data2\" content=\"8 minuti\" \/>\n<script type=\"application\/ld+json\" class=\"yoast-schema-graph\">{\"@context\":\"https:\/\/schema.org\",\"@graph\":[{\"@type\":\"Article\",\"@id\":\"https:\/\/blog.holyart.it\/it\/articoli-religiosi\/il-volto-di-gesu-ricostruiamo-le-sue-vere-sembianze\/#article\",\"isPartOf\":{\"@id\":\"https:\/\/blog.holyart.it\/it\/articoli-religiosi\/il-volto-di-gesu-ricostruiamo-le-sue-vere-sembianze\/\"},\"author\":{\"name\":\"Redazione\",\"@id\":\"https:\/\/blog.holyart.it\/it\/#\/schema\/person\/0a7b686e5af0f856ec1e390dd0baecda\"},\"headline\":\"Il volto di Ges\u00f9: ricostruiamo le sue vere sembianze\",\"datePublished\":\"2023-04-26T15:03:16+00:00\",\"dateModified\":\"2025-04-18T15:46:17+00:00\",\"mainEntityOfPage\":{\"@id\":\"https:\/\/blog.holyart.it\/it\/articoli-religiosi\/il-volto-di-gesu-ricostruiamo-le-sue-vere-sembianze\/\"},\"wordCount\":1157,\"publisher\":{\"@id\":\"https:\/\/blog.holyart.it\/it\/#organization\"},\"image\":{\"@id\":\"https:\/\/blog.holyart.it\/it\/articoli-religiosi\/il-volto-di-gesu-ricostruiamo-le-sue-vere-sembianze\/#primaryimage\"},\"thumbnailUrl\":\"https:\/\/blog.holyart.it\/it\/wp-content\/uploads\/sites\/17\/2023\/04\/volto-di-gesu.jpeg\",\"articleSection\":[\"Religione\"],\"inLanguage\":\"it-IT\"},{\"@type\":\"WebPage\",\"@id\":\"https:\/\/blog.holyart.it\/it\/articoli-religiosi\/il-volto-di-gesu-ricostruiamo-le-sue-vere-sembianze\/\",\"url\":\"https:\/\/blog.holyart.it\/it\/articoli-religiosi\/il-volto-di-gesu-ricostruiamo-le-sue-vere-sembianze\/\",\"name\":\"Il volto di Ges\u00f9: ricostruiamo le sue vere sembianze - Holyblog\",\"isPartOf\":{\"@id\":\"https:\/\/blog.holyart.it\/it\/#website\"},\"primaryImageOfPage\":{\"@id\":\"https:\/\/blog.holyart.it\/it\/articoli-religiosi\/il-volto-di-gesu-ricostruiamo-le-sue-vere-sembianze\/#primaryimage\"},\"image\":{\"@id\":\"https:\/\/blog.holyart.it\/it\/articoli-religiosi\/il-volto-di-gesu-ricostruiamo-le-sue-vere-sembianze\/#primaryimage\"},\"thumbnailUrl\":\"https:\/\/blog.holyart.it\/it\/wp-content\/uploads\/sites\/17\/2023\/04\/volto-di-gesu.jpeg\",\"datePublished\":\"2023-04-26T15:03:16+00:00\",\"dateModified\":\"2025-04-18T15:46:17+00:00\",\"description\":\"Che aspetto aveva Ges\u00f9? A quale etnia apparteneva? Ecco come \u00e8 cambiato il volto di Ges\u00f9 nella storia e dell'arte.\",\"breadcrumb\":{\"@id\":\"https:\/\/blog.holyart.it\/it\/articoli-religiosi\/il-volto-di-gesu-ricostruiamo-le-sue-vere-sembianze\/#breadcrumb\"},\"inLanguage\":\"it-IT\",\"potentialAction\":[{\"@type\":\"ReadAction\",\"target\":[\"https:\/\/blog.holyart.it\/it\/articoli-religiosi\/il-volto-di-gesu-ricostruiamo-le-sue-vere-sembianze\/\"]}]},{\"@type\":\"ImageObject\",\"inLanguage\":\"it-IT\",\"@id\":\"https:\/\/blog.holyart.it\/it\/articoli-religiosi\/il-volto-di-gesu-ricostruiamo-le-sue-vere-sembianze\/#primaryimage\",\"url\":\"https:\/\/blog.holyart.it\/it\/wp-content\/uploads\/sites\/17\/2023\/04\/volto-di-gesu.jpeg\",\"contentUrl\":\"https:\/\/blog.holyart.it\/it\/wp-content\/uploads\/sites\/17\/2023\/04\/volto-di-gesu.jpeg\",\"width\":1188,\"height\":666,\"caption\":\"volto di ges\u00f9\"},{\"@type\":\"BreadcrumbList\",\"@id\":\"https:\/\/blog.holyart.it\/it\/articoli-religiosi\/il-volto-di-gesu-ricostruiamo-le-sue-vere-sembianze\/#breadcrumb\",\"itemListElement\":[{\"@type\":\"ListItem\",\"position\":1,\"name\":\"Homepage\",\"item\":\"https:\/\/blog.holyart.it\/it\/\"},{\"@type\":\"ListItem\",\"position\":2,\"name\":\"Religione\",\"item\":\"https:\/\/blog.holyart.it\/it\/articoli-religiosi\/\"},{\"@type\":\"ListItem\",\"position\":3,\"name\":\"Il volto di Ges\u00f9: ricostruiamo le sue vere sembianze\"}]},{\"@type\":\"WebSite\",\"@id\":\"https:\/\/blog.holyart.it\/it\/#website\",\"url\":\"https:\/\/blog.holyart.it\/it\/\",\"name\":\"Holyblog\",\"description\":\"Il Blog di Holyart.it\",\"publisher\":{\"@id\":\"https:\/\/blog.holyart.it\/it\/#organization\"},\"potentialAction\":[{\"@type\":\"SearchAction\",\"target\":{\"@type\":\"EntryPoint\",\"urlTemplate\":\"https:\/\/blog.holyart.it\/it\/?s={search_term_string}\"},\"query-input\":{\"@type\":\"PropertyValueSpecification\",\"valueRequired\":true,\"valueName\":\"search_term_string\"}}],\"inLanguage\":\"it-IT\"},{\"@type\":\"Organization\",\"@id\":\"https:\/\/blog.holyart.it\/it\/#organization\",\"name\":\"Holyblog\",\"url\":\"https:\/\/blog.holyart.it\/it\/\",\"logo\":{\"@type\":\"ImageObject\",\"inLanguage\":\"it-IT\",\"@id\":\"https:\/\/blog.holyart.it\/it\/#\/schema\/logo\/image\/\",\"url\":\"https:\/\/blog.holyart.it\/it\/wp-content\/uploads\/sites\/17\/2022\/12\/Holyart_Blog_Logo.jpg\",\"contentUrl\":\"https:\/\/blog.holyart.it\/it\/wp-content\/uploads\/sites\/17\/2022\/12\/Holyart_Blog_Logo.jpg\",\"width\":300,\"height\":50,\"caption\":\"Holyblog\"},\"image\":{\"@id\":\"https:\/\/blog.holyart.it\/it\/#\/schema\/logo\/image\/\"}},{\"@type\":\"Person\",\"@id\":\"https:\/\/blog.holyart.it\/it\/#\/schema\/person\/0a7b686e5af0f856ec1e390dd0baecda\",\"name\":\"Redazione\"}]}<\/script>\n<!-- \/ Yoast SEO plugin. -->","yoast_head_json":{"title":"Il volto di Ges\u00f9: ricostruiamo le sue vere sembianze - Holyblog","description":"Che aspetto aveva Ges\u00f9? A quale etnia apparteneva? Ecco come \u00e8 cambiato il volto di Ges\u00f9 nella storia e dell'arte.","robots":{"index":"index","follow":"follow","max-snippet":"max-snippet:-1","max-image-preview":"max-image-preview:large","max-video-preview":"max-video-preview:-1"},"canonical":"https:\/\/blog.holyart.it\/it\/articoli-religiosi\/il-volto-di-gesu-ricostruiamo-le-sue-vere-sembianze\/","og_locale":"it_IT","og_type":"article","og_title":"Il volto di Ges\u00f9: ricostruiamo le sue vere sembianze - Holyblog","og_description":"Che aspetto aveva Ges\u00f9? A quale etnia apparteneva? Ecco come \u00e8 cambiato il volto di Ges\u00f9 nella storia e dell'arte.","og_url":"https:\/\/blog.holyart.it\/it\/articoli-religiosi\/il-volto-di-gesu-ricostruiamo-le-sue-vere-sembianze\/","og_site_name":"Holyblog","article_published_time":"2023-04-26T15:03:16+00:00","article_modified_time":"2025-04-18T15:46:17+00:00","og_image":[{"width":1188,"height":666,"url":"https:\/\/blog.holyart.it\/it\/wp-content\/uploads\/sites\/17\/2023\/04\/volto-di-gesu.jpeg","type":"image\/jpeg"}],"author":"Redazione","twitter_card":"summary_large_image","twitter_misc":{"Scritto da":"Redazione","Tempo di lettura stimato":"8 minuti"},"schema":{"@context":"https:\/\/schema.org","@graph":[{"@type":"Article","@id":"https:\/\/blog.holyart.it\/it\/articoli-religiosi\/il-volto-di-gesu-ricostruiamo-le-sue-vere-sembianze\/#article","isPartOf":{"@id":"https:\/\/blog.holyart.it\/it\/articoli-religiosi\/il-volto-di-gesu-ricostruiamo-le-sue-vere-sembianze\/"},"author":{"name":"Redazione","@id":"https:\/\/blog.holyart.it\/it\/#\/schema\/person\/0a7b686e5af0f856ec1e390dd0baecda"},"headline":"Il volto di Ges\u00f9: ricostruiamo le sue vere sembianze","datePublished":"2023-04-26T15:03:16+00:00","dateModified":"2025-04-18T15:46:17+00:00","mainEntityOfPage":{"@id":"https:\/\/blog.holyart.it\/it\/articoli-religiosi\/il-volto-di-gesu-ricostruiamo-le-sue-vere-sembianze\/"},"wordCount":1157,"publisher":{"@id":"https:\/\/blog.holyart.it\/it\/#organization"},"image":{"@id":"https:\/\/blog.holyart.it\/it\/articoli-religiosi\/il-volto-di-gesu-ricostruiamo-le-sue-vere-sembianze\/#primaryimage"},"thumbnailUrl":"https:\/\/blog.holyart.it\/it\/wp-content\/uploads\/sites\/17\/2023\/04\/volto-di-gesu.jpeg","articleSection":["Religione"],"inLanguage":"it-IT"},{"@type":"WebPage","@id":"https:\/\/blog.holyart.it\/it\/articoli-religiosi\/il-volto-di-gesu-ricostruiamo-le-sue-vere-sembianze\/","url":"https:\/\/blog.holyart.it\/it\/articoli-religiosi\/il-volto-di-gesu-ricostruiamo-le-sue-vere-sembianze\/","name":"Il volto di Ges\u00f9: ricostruiamo le sue vere sembianze - Holyblog","isPartOf":{"@id":"https:\/\/blog.holyart.it\/it\/#website"},"primaryImageOfPage":{"@id":"https:\/\/blog.holyart.it\/it\/articoli-religiosi\/il-volto-di-gesu-ricostruiamo-le-sue-vere-sembianze\/#primaryimage"},"image":{"@id":"https:\/\/blog.holyart.it\/it\/articoli-religiosi\/il-volto-di-gesu-ricostruiamo-le-sue-vere-sembianze\/#primaryimage"},"thumbnailUrl":"https:\/\/blog.holyart.it\/it\/wp-content\/uploads\/sites\/17\/2023\/04\/volto-di-gesu.jpeg","datePublished":"2023-04-26T15:03:16+00:00","dateModified":"2025-04-18T15:46:17+00:00","description":"Che aspetto aveva Ges\u00f9? A quale etnia apparteneva? Ecco come \u00e8 cambiato il volto di Ges\u00f9 nella storia e dell'arte.","breadcrumb":{"@id":"https:\/\/blog.holyart.it\/it\/articoli-religiosi\/il-volto-di-gesu-ricostruiamo-le-sue-vere-sembianze\/#breadcrumb"},"inLanguage":"it-IT","potentialAction":[{"@type":"ReadAction","target":["https:\/\/blog.holyart.it\/it\/articoli-religiosi\/il-volto-di-gesu-ricostruiamo-le-sue-vere-sembianze\/"]}]},{"@type":"ImageObject","inLanguage":"it-IT","@id":"https:\/\/blog.holyart.it\/it\/articoli-religiosi\/il-volto-di-gesu-ricostruiamo-le-sue-vere-sembianze\/#primaryimage","url":"https:\/\/blog.holyart.it\/it\/wp-content\/uploads\/sites\/17\/2023\/04\/volto-di-gesu.jpeg","contentUrl":"https:\/\/blog.holyart.it\/it\/wp-content\/uploads\/sites\/17\/2023\/04\/volto-di-gesu.jpeg","width":1188,"height":666,"caption":"volto di ges\u00f9"},{"@type":"BreadcrumbList","@id":"https:\/\/blog.holyart.it\/it\/articoli-religiosi\/il-volto-di-gesu-ricostruiamo-le-sue-vere-sembianze\/#breadcrumb","itemListElement":[{"@type":"ListItem","position":1,"name":"Homepage","item":"https:\/\/blog.holyart.it\/it\/"},{"@type":"ListItem","position":2,"name":"Religione","item":"https:\/\/blog.holyart.it\/it\/articoli-religiosi\/"},{"@type":"ListItem","position":3,"name":"Il volto di Ges\u00f9: ricostruiamo le sue vere sembianze"}]},{"@type":"WebSite","@id":"https:\/\/blog.holyart.it\/it\/#website","url":"https:\/\/blog.holyart.it\/it\/","name":"Holyblog","description":"Il Blog di Holyart.it","publisher":{"@id":"https:\/\/blog.holyart.it\/it\/#organization"},"potentialAction":[{"@type":"SearchAction","target":{"@type":"EntryPoint","urlTemplate":"https:\/\/blog.holyart.it\/it\/?s={search_term_string}"},"query-input":{"@type":"PropertyValueSpecification","valueRequired":true,"valueName":"search_term_string"}}],"inLanguage":"it-IT"},{"@type":"Organization","@id":"https:\/\/blog.holyart.it\/it\/#organization","name":"Holyblog","url":"https:\/\/blog.holyart.it\/it\/","logo":{"@type":"ImageObject","inLanguage":"it-IT","@id":"https:\/\/blog.holyart.it\/it\/#\/schema\/logo\/image\/","url":"https:\/\/blog.holyart.it\/it\/wp-content\/uploads\/sites\/17\/2022\/12\/Holyart_Blog_Logo.jpg","contentUrl":"https:\/\/blog.holyart.it\/it\/wp-content\/uploads\/sites\/17\/2022\/12\/Holyart_Blog_Logo.jpg","width":300,"height":50,"caption":"Holyblog"},"image":{"@id":"https:\/\/blog.holyart.it\/it\/#\/schema\/logo\/image\/"}},{"@type":"Person","@id":"https:\/\/blog.holyart.it\/it\/#\/schema\/person\/0a7b686e5af0f856ec1e390dd0baecda","name":"Redazione"}]}},"_links":{"self":[{"href":"https:\/\/blog.holyart.it\/it\/wp-json\/wp\/v2\/posts\/17615","targetHints":{"allow":["GET"]}}],"collection":[{"href":"https:\/\/blog.holyart.it\/it\/wp-json\/wp\/v2\/posts"}],"about":[{"href":"https:\/\/blog.holyart.it\/it\/wp-json\/wp\/v2\/types\/post"}],"author":[{"embeddable":true,"href":"https:\/\/blog.holyart.it\/it\/wp-json\/wp\/v2\/users\/1"}],"replies":[{"embeddable":true,"href":"https:\/\/blog.holyart.it\/it\/wp-json\/wp\/v2\/comments?post=17615"}],"version-history":[{"count":8,"href":"https:\/\/blog.holyart.it\/it\/wp-json\/wp\/v2\/posts\/17615\/revisions"}],"predecessor-version":[{"id":21799,"href":"https:\/\/blog.holyart.it\/it\/wp-json\/wp\/v2\/posts\/17615\/revisions\/21799"}],"wp:featuredmedia":[{"embeddable":true,"href":"https:\/\/blog.holyart.it\/it\/wp-json\/wp\/v2\/media\/17675"}],"wp:attachment":[{"href":"https:\/\/blog.holyart.it\/it\/wp-json\/wp\/v2\/media?parent=17615"}],"wp:term":[{"taxonomy":"category","embeddable":true,"href":"https:\/\/blog.holyart.it\/it\/wp-json\/wp\/v2\/categories?post=17615"},{"taxonomy":"post_tag","embeddable":true,"href":"https:\/\/blog.holyart.it\/it\/wp-json\/wp\/v2\/tags?post=17615"}],"curies":[{"name":"wp","href":"https:\/\/api.w.org\/{rel}","templated":true}]}}