{"id":17551,"date":"2023-04-12T12:15:19","date_gmt":"2023-04-12T10:15:19","guid":{"rendered":"https:\/\/blog.holyart.it\/it\/?p=17551"},"modified":"2025-03-06T17:59:47","modified_gmt":"2025-03-06T16:59:47","slug":"domenica-in-albis-significato-religioso","status":"publish","type":"post","link":"https:\/\/blog.holyart.it\/it\/pasqua\/domenica-in-albis-significato-religioso\/","title":{"rendered":"Domenica in Albis: cosa si ricorda e qual \u00e8 il significato religioso di questa giornata"},"content":{"rendered":"<h4>La celebrazione della Domenica in albis unisce riti antichissimi e tradizioni popolari. Ecco come nascono le devozioni della seconda domenica di Pasqua<\/h4>\n\n<p>Tutti conosciamo il valore della <strong>Settimana Santa,<\/strong> la <strong><a href=\"https:\/\/www.holyart.it\/blog\/accessori-liturgia\/i-riti-della-settimana-santa\/\">settimana di Pasqua<\/a>,<\/strong> e in particolare del <a href=\"https:\/\/www.holyart.it\/blog\/accessori-liturgia\/lanno-e-tempi-liturgici-facciamo-chiarezza\"><strong>Triduo Pasquale<\/strong><\/a>, gli ultimi giorni di questo straordinario tempo liturgico, che culminano con la <strong>Domenica di Pasqua<\/strong>. Ma quest&#8217;ultima ricorrenza non \u00e8 la fine del tempo pasquale, bens\u00ec il suo inizio. \u00c8 infatti con la Domenica di Pasqua che inizia l&#8217;<strong>Ottava di Pasqua<\/strong>, solennit\u00e0 del Signore, che di conclude la domenica successiva, la <strong>Domenica in albis<\/strong>.<\/p>\n<div class=\"link-article\">\n<p><img loading=\"lazy\" decoding=\"async\" class=\"size-full wp-image-17590 alignleft\" src=\"https:\/\/blog.holyart.it\/it\/wp-content\/uploads\/sites\/17\/2023\/04\/riti-settimana-santa.jpg\" alt=\"riti settimana santa\" width=\"150\" height=\"99\" data-kale-share-title=\"Domenica in Albis: cosa si ricorda e qual \u00e8 il significato religioso di questa giornata\" data-kale-share-url=\"https:\/\/blog.holyart.it\/it\/?p=17551\" \/><\/p>\n<div class=\"leggi-anche\">Leggi anche:<\/div>\n<p><strong><a href=\"https:\/\/www.holyart.it\/blog\/accessori-liturgia\/i-riti-della-settimana-santa\/\">I riti della Settimana Santa<\/a><\/strong><br \/>\nLa Pasqua \u00e8 la festa pi\u00f9 importante per i cristiani e viene celebrata in tutto il mondo. I riti che la contraddistinguono sono distribuiti&#8230;<\/p>\n<\/div>\n<p>Anche la <a href=\"https:\/\/www.holyart.it\/blog\/occasioni-speciali\/come-si-calcola-la-pasqua-cristiana-ebraica-e-ortodossa\/\"><strong>Pasqua ebraica<\/strong><\/a>, <em>P\u00e8sach<\/em> o <em>Pesah<\/em>, non rappresentava la conclusione della solennit\u00e0 che ricordava la fuga del Popolo eletto dall&#8217;Egitto. Gli ebrei festeggiavano la cena di Pasqua la notte fra il 14 e il 15 del mese di<em> Nisan<\/em>, e da l\u00ec iniziavano i sette giorni della <strong>Festa dei Pani non lievitati<\/strong>, o Festa dei <a href=\"https:\/\/www.holyart.it\/blog\/articoli-religiosi\/pane-azzimo-alla-scoperta-di-tradizioni-e-ricette-antiche\/\"><strong>Pani Azzimi,<\/strong><\/a> un&#8217;antica festa propiziatoria per il raccolto in occasione della quale si cucinavano focacce di farina d&#8217;orzo senza lievito.<\/p>\n<p>Per i <strong>cristiani <\/strong>l&#8217;importanza dei giorni successivi alla <a href=\"https:\/\/www.holyart.it\/it\/occasioni-speciali\/pasqua-e-quaresima\"><strong>Pasqua,<\/strong><\/a> l&#8217;Ottava di Pasqua, nasce invece <a href=\"https:\/\/www.holyart.it\/it\/occasioni-speciali\/presepe-pasquale\/ambientazione-crocifissione-resurrezione-presepe-pasquale-9-cm-35x50x40-cm-modulo-6\"><strong>dall&#8217;apparizione di Ges\u00f9 otto giorni dopo la Risurrezione<\/strong><\/a> come raccontato nel Vangelo di Giovanni 20,26-29:<\/p>\n<p><em>&#8220;26 Otto giorni dopo, i suoi discepoli erano di nuovo in casa e Tommaso era con loro. Ges\u00f9 venne, a porte chiuse, si present\u00f2 in mezzo a loro e disse: \u201cPace a voi!\u201d. 27 Poi disse a Tommaso: \u201cPorgi qua il dito e guarda le mie mani; porgi la mano e mettila nel mio costato; e non essere incredulo, ma credente\u201d. 28 Tommaso gli rispose e disse: \u201cSignore mio e Dio mio!\u201d. 29 Ges\u00f9 gli disse: \u201cPerch\u00e9 mi hai visto, tu hai creduto; beati quelli che non hanno visto e hanno creduto!\u201d<\/em><\/p>\n<p>Comprendiamo cos\u00ec perch\u00e9 secondo la tradizione la Domenica in albis \u00e8 conosciuta anche come <strong>Domenica di Tommaso<\/strong>, con riferimento all&#8217;<strong><a href=\"https:\/\/www.holyart.it\/blog\/santi-e-beati\/san-tommaso-lapostolo-incredulo\/\">apostolo incredulo<\/a>.<\/strong><\/p>\n<div class=\"link-article\">\n<p><img loading=\"lazy\" decoding=\"async\" class=\"size-full wp-image-17552 alignleft\" src=\"https:\/\/blog.holyart.it\/it\/wp-content\/uploads\/sites\/17\/2023\/03\/san-tommaso.jpg\" alt=\"san tommaso\" width=\"150\" height=\"99\" data-kale-share-title=\"Domenica in Albis: cosa si ricorda e qual \u00e8 il significato religioso di questa giornata\" data-kale-share-url=\"https:\/\/blog.holyart.it\/it\/?p=17551\" \/><\/p>\n<div class=\"leggi-anche\">Leggi anche:<\/div>\n<p><strong><a href=\"https:\/\/www.holyart.it\/blog\/santi-e-beati\/san-tommaso-lapostolo-incredulo\/\">San Tommaso, l\u2019apostolo incredulo<\/a><\/strong><br \/>\nParliamo di San Tommaso, l\u2019apostolo incredulo, fedelissimo di Ges\u00f9, grande evangelizzatore, ricordato pi\u00f9 per&#8230;<\/p>\n<\/div>\n<h2>Che cosa vuol dire Domenica in albis?<\/h2>\n<p>La Domenica in albis \u00e8 conosciuta anche come <strong>seconda Domenica di Pasqua,<\/strong>\u00a0<strong>Domenica Quasimodo<\/strong>, o dei Quasimodogeniti (nella Chiesa luterana) dall&#8217;inizio dell&#8217;Antifona che apre il servizio religioso (<em>Quasi modo g\u00e9niti inf\u00e1ntes, ration\u00e1bile, sine dolo lac concup\u00edscite, ut in eo cresc\u00e1tis in sal\u00fatem, allel\u00faia.<\/em> &#8220;Come bambini appena nati desiderate il genuino latte spirituale: vi far\u00e0 crescere verso la salvezza. Alleluia&#8221;); <strong>Domenica <em>Antipascha<\/em><\/strong> (nelle Chiese orientali); <strong><em>Dominica<\/em> <em>de Thomas<\/em><\/strong> o di Tommaso.<br \/>\nDomenica in albis, o Domenica bianca, \u00e8 la definizione per noi pi\u00f9 &#8220;ufficiale&#8221;, dal latino <em>Dominica in albis<\/em>.<\/p>\n<p>Il nome dato alla Domenica in albis deriva dalla consuetudine della chiesa cristiana dei primi secoli di amministrare il <strong><a href=\"https:\/\/www.holyart.it\/it\/occasioni-speciali\/presepe-pasquale\/ambientazione-battesimo-nozze-di-cana-presepe-pasquale-9-cm-35x60x40-cm-modulo-2\">Battesimo<\/a><\/strong> ai nuovi fedeli la notte di Pasqua, nel corso della <strong>Veglia Pasquale<\/strong>. La formula intera sarebbe infatti <em>Domenica in albis vestibus depositis<\/em>, la domenica in cui le bianche vesti vengono deposte, con riferimento alle tuniche bianche indossate dai nuovi battezzati per tutta la settimana successiva alla Pasqua, e tolte, appunto, la domenica dopo Pasqua.<\/p>\n<div class=\"link-product\">\n<div class=\"blocco-immagine\"><img loading=\"lazy\" decoding=\"async\" class=\"size-full wp-image-17591 alignleft\" src=\"https:\/\/blog.holyart.it\/it\/wp-content\/uploads\/sites\/17\/2023\/04\/ambientazione-battesimo-nozze-di-cana-presepe-pasquale-9-cm-35x60x40-cm-modulo-2.jpg\" alt=\"ambientazione battesimo nozze di cana presepe pasquale 9 cm 35x60x40 cm\" width=\"100\" height=\"100\" data-kale-share-title=\"Domenica in Albis: cosa si ricorda e qual \u00e8 il significato religioso di questa giornata\" data-kale-share-url=\"https:\/\/blog.holyart.it\/it\/?p=17551\" \/><\/div>\n<div class=\"blocco-contenuto\">\n<div class=\"blocco-acquista\">Acquista su Holyart:<\/div>\n<div class=\"blocco-titolo\"><a href=\"https:\/\/www.holyart.it\/it\/occasioni-speciali\/presepe-pasquale\/ambientazione-battesimo-nozze-di-cana-presepe-pasquale-9-cm-35x60x40-cm-modulo-2\">Ambientazione Battesimo Nozze di Cana presepe pasquale 9 cm 35x60x40 cm MODULO 2<\/a><\/div>\n<div class=\"blocco-descrizione\">\u00a0Realizzata in Italia in legno e sughero, da esperti presepisti.<\/div>\n<\/div>\n<\/div>\n<h2>La Domenica in albis o la Domenica della Divina Misericordia?<\/h2>\n<p>La <em>Domenica in albis <\/em>\u00e8 detta anche <a href=\"https:\/\/www.holyart.it\/it\/search?params=%7B%22search%22%3A%22divina%20misericordia%22%7D&amp;search=divina+misericordia\"><strong>Domenica della Divina Misericordia<\/strong><\/a>, ma questa denominazione \u00e8 molto recente, rispetto alle altre. \u00c8 stato infatti <a href=\"https:\/\/www.holyart.it\/it\/occasioni-speciali\/giovanni-paolo-ii\"><strong>papa Giovanni Paolo II<\/strong><\/a> a darle questo titolo solo nel 2000, in occasione della <strong>canonizzazione di <a href=\"https:\/\/www.holyart.it\/it\/articoli-religiosi\/santini-e-biglietti-augurali\/santini\/santino-suor-faustina-kowalska-10x5-cm-ita\">santa Faustina Kowalska<\/a><\/strong>, consacrando questo giorno al <strong><a href=\"https:\/\/www.holyart.it\/blog\/articoli-religiosi\/culto-della-divina-misericordia\/\">culto della Divina Misericordia. <\/a><\/strong>Con questa nuova definizione il papa ha anche concesso in questa data speciali indulgenze. In una delle sue visioni Suor Faustina vide <a href=\"https:\/\/www.holyart.it\/it\/articoli-religiosi\/statue\/statue-in-resina-e-pvc\/statua-gesu-misericordioso-30-5-cm-resina-colorata\"><strong>Ges\u00f9 vestito di bianco<\/strong><\/a>, con una mano alzata in benedizione e l\u2019altra posata sul petto, a indicare una ferita dalla quale fuoriuscivano due raggi di luce splendente, uno bianco, l&#8217;altro rosso, che rappresentavano rispettivamente l\u2019Acqua che giustifica le anime e il Suo Sangue, che \u00e8 vita. Fu Ges\u00f9 a chiedere alla Santa di far realizzare una Sua immagine in questa forma e di diffonderne il culto con una celebrazione che avrebbe avuto luogo la prima domenica dopo la Pasqua, quando l\u2019immagine avrebbe dovuto essere benedetta dal papa. Nacque cos\u00ec la Festa della Divina Misericordia.<\/p>\n<div class=\"link-product\">\n<div class=\"blocco-immagine\"><img loading=\"lazy\" decoding=\"async\" class=\"size-full wp-image-17592 alignleft\" src=\"https:\/\/blog.holyart.it\/it\/wp-content\/uploads\/sites\/17\/2023\/04\/statua-gesu-misericordioso-30-5-cm-resina-colorata.jpg\" alt=\"statua gesu misericordioso 30 5 cm resina colorata\" width=\"100\" height=\"100\" data-kale-share-title=\"Domenica in Albis: cosa si ricorda e qual \u00e8 il significato religioso di questa giornata\" data-kale-share-url=\"https:\/\/blog.holyart.it\/it\/?p=17551\" \/><\/div>\n<div class=\"blocco-contenuto\">\n<div class=\"blocco-acquista\">Acquista su Holyart:<\/div>\n<div class=\"blocco-titolo\"><a href=\"https:\/\/www.holyart.it\/it\/articoli-religiosi\/statue\/statue-in-resina-e-pvc\/statua-gesu-misericordioso-30-5-cm-resina-colorata\">Statua Ges\u00f9 Misericordioso 30,5 cm resina colorata<\/a><\/div>\n<div class=\"blocco-descrizione\">Statua del Ges\u00f9 Misericordioso realizzata in resina colorata.<\/div>\n<\/div>\n<\/div>\n<h2>Cosa vuol dire Luned\u00ec in albis?<\/h2>\n<p>Per quanto riguarda la definizione <strong>Luned\u00ec in Albis<\/strong> attribuita a volte al giorno di <strong>Pasquetta<\/strong>, nasce invece da una serie di <strong>errori di interpretazione<\/strong> che si sono stati portati avanti nel corso dei secoli, fino ad oggi.<br \/>\nIl luned\u00ec successivo alla Pasqua, o <strong><a href=\"https:\/\/www.holyart.it\/blog\/articoli-religiosi\/pasquetta-o-lunedi-dellangelo-scopriamo-perche-vengono-chiamate-cosi\/\">Luned\u00ec dell&#8217;Angelo<\/a><\/strong>, evoca il ricordo della visita di <strong><a href=\"https:\/\/www.holyart.it\/it\/articoli\/statue-madonna.php\">Maria, madre di Ges\u00f9,<\/a><\/strong> e di Maria Maddalena al sepolcro di Ges\u00f9. Le due donne lo trovarono aperto e vuoto, e incontrarono un <a href=\"https:\/\/www.holyart.it\/it\/articoli-religiosi\/angeli\"><strong>Angelo<\/strong><\/a> che disse loro che Ges\u00f9 era salito al cielo e che avrebbero dovuto informare gli Apostoli. Questo avveniva il giorno dopo Pasqua, ma non la Pasqua che noi festeggiamo di domenica, bens\u00ec la Pasqua ebraica, che cadeva di sabato. Dunque l&#8217;incontro delle due pie donne con l&#8217;Angelo sarebbe avvenuto di domenica, non di luned\u00ec, e questo il primo errore.<\/p>\n<div class=\"link-article\">\n<p><img loading=\"lazy\" decoding=\"async\" class=\"size-full wp-image-17593 alignleft\" src=\"https:\/\/blog.holyart.it\/it\/wp-content\/uploads\/sites\/17\/2023\/04\/angelo-che-annuncia-alle-donne.jpg\" alt=\"angelo che annuncia alle donne\" width=\"150\" height=\"99\" data-kale-share-title=\"Domenica in Albis: cosa si ricorda e qual \u00e8 il significato religioso di questa giornata\" data-kale-share-url=\"https:\/\/blog.holyart.it\/it\/?p=17551\" \/><\/p>\n<div class=\"leggi-anche\">Leggi anche:<\/div>\n<p><strong><a href=\"https:\/\/www.holyart.it\/blog\/articoli-religiosi\/pasquetta-o-lunedi-dellangelo-scopriamo-perche-vengono-chiamate-cosi\/\">Pasquetta o Luned\u00ec dell\u2019Angelo? Scopriamo perch\u00e9 vengono chiamate cos\u00ec<\/a><\/strong><br \/>\nPerch\u00e9 il luned\u00ec dopo Pasqua viene chiamato Luned\u00ec dell\u2019Angelo&#8230;<\/p>\n<\/div>\n<p>Inoltre abbiamo visto come la Domenica in albis prende il proprio nome dalle vesti bianche indossate dai nuovi battezzati nella settimana successiva alla Pasqua, come simbolo della purezza dal peccato ritrovata dopo il <a href=\"https:\/\/www.holyart.it\/it\/occasioni-speciali\/presepe-pasquale\/scena-battesimo-di-gesu-nel-giordano-9-cm\"><strong>Battesimo<\/strong><\/a>. In nessun testo sacro di parla invece di Luned\u00ec in albis, ma \u00e8 probabile che la tradizione popolare abbia voluto definire Luned\u00ec in albis il primo giorno in cui le vesti bianche veniva indossate.<\/p>\n<p>In ogni caso, il <strong>luned\u00ec di Pasqua<\/strong> non rientra nelle feste di precetto, ma \u00e8 un giorno festivo nel calendario civile, una sorta di prolungamento della Pasqua, occasione per grigliate, gite e feste popolari.<\/p>\n<div class=\"link-product\">\n<div class=\"blocco-immagine\"><img loading=\"lazy\" decoding=\"async\" class=\"size-full wp-image-17594 alignleft\" src=\"https:\/\/blog.holyart.it\/it\/wp-content\/uploads\/sites\/17\/2023\/04\/scena-battesimo-di-gesu-nel-giordano-9-cm.jpg\" alt=\"scena battesimo di gesu nel giordano 9 cm\" width=\"100\" height=\"100\" data-kale-share-title=\"Domenica in Albis: cosa si ricorda e qual \u00e8 il significato religioso di questa giornata\" data-kale-share-url=\"https:\/\/blog.holyart.it\/it\/?p=17551\" \/><\/div>\n<div class=\"blocco-contenuto\">\n<div class=\"blocco-acquista\">Acquista su Holyart:<\/div>\n<div class=\"blocco-titolo\"><a href=\"https:\/\/www.holyart.it\/it\/occasioni-speciali\/presepe-pasquale\/scena-battesimo-di-gesu-nel-giordano-9-cm\">Scena Battesimo di Ges\u00f9 nel Giordano 9 cm<\/a><\/div>\n<div class=\"blocco-descrizione\">Le statuine riproducono la scena della vita di Ges\u00f9 in cui questi riceve il battesimo da parte di Giovanni Battista.<\/div>\n<\/div>\n<\/div>\n","protected":false},"excerpt":{"rendered":"<p>La celebrazione della Domenica in albis unisce riti antichissimi e tradizioni popolari. Ecco come nascono le devozioni della seconda domenica di Pasqua Tutti conosciamo il valore della Settimana Santa, la settimana di Pasqua, e in particolare del Triduo Pasquale, gli ultimi giorni di questo straordinario&hellip;<\/p>\n","protected":false},"author":1,"featured_media":17589,"comment_status":"closed","ping_status":"open","sticky":false,"template":"","format":"standard","meta":{"_acf_changed":false,"footnotes":""},"categories":[14,26,16],"tags":[],"class_list":["post-17551","post","type-post","status-publish","format-standard","has-post-thumbnail","hentry","category-accessori-liturgia","category-pasqua","category-articoli-religiosi"],"acf":[],"yoast_head":"<!-- This site is optimized with the Yoast SEO plugin v26.6 - https:\/\/yoast.com\/wordpress\/plugins\/seo\/ -->\n<title>Domenica in Albis: cosa si ricorda e qual \u00e8 il significato religioso di questa giornata<\/title>\n<meta name=\"description\" content=\"La Domenica in albis \u00e8 la seconda domenica di Pasqua. Ecco come nasce la definizione e come viene celebrata dalle diverse Chiese.\" \/>\n<meta name=\"robots\" content=\"index, follow, max-snippet:-1, max-image-preview:large, max-video-preview:-1\" \/>\n<link rel=\"canonical\" href=\"https:\/\/blog.holyart.it\/it\/pasqua\/domenica-in-albis-significato-religioso\/\" \/>\n<meta property=\"og:locale\" content=\"it_IT\" \/>\n<meta property=\"og:type\" content=\"article\" \/>\n<meta property=\"og:title\" content=\"Domenica in Albis: cosa si ricorda e qual \u00e8 il significato religioso di questa giornata\" \/>\n<meta property=\"og:description\" content=\"La Domenica in albis \u00e8 la seconda domenica di Pasqua. Ecco come nasce la definizione e come viene celebrata dalle diverse Chiese.\" \/>\n<meta property=\"og:url\" content=\"https:\/\/blog.holyart.it\/it\/pasqua\/domenica-in-albis-significato-religioso\/\" \/>\n<meta property=\"og:site_name\" content=\"Holyblog\" \/>\n<meta property=\"article:published_time\" content=\"2023-04-12T10:15:19+00:00\" \/>\n<meta property=\"article:modified_time\" content=\"2025-03-06T16:59:47+00:00\" \/>\n<meta property=\"og:image\" content=\"https:\/\/blog.holyart.it\/it\/wp-content\/uploads\/sites\/17\/2023\/03\/domenica-in-albis.jpg\" \/>\n\t<meta property=\"og:image:width\" content=\"1000\" \/>\n\t<meta property=\"og:image:height\" content=\"666\" \/>\n\t<meta property=\"og:image:type\" content=\"image\/jpeg\" \/>\n<meta name=\"author\" content=\"Redazione\" \/>\n<meta name=\"twitter:card\" content=\"summary_large_image\" \/>\n<meta name=\"twitter:label1\" content=\"Scritto da\" \/>\n\t<meta name=\"twitter:data1\" content=\"Redazione\" \/>\n\t<meta name=\"twitter:label2\" content=\"Tempo di lettura stimato\" \/>\n\t<meta name=\"twitter:data2\" content=\"7 minuti\" \/>\n<script type=\"application\/ld+json\" class=\"yoast-schema-graph\">{\"@context\":\"https:\/\/schema.org\",\"@graph\":[{\"@type\":\"Article\",\"@id\":\"https:\/\/blog.holyart.it\/it\/pasqua\/domenica-in-albis-significato-religioso\/#article\",\"isPartOf\":{\"@id\":\"https:\/\/blog.holyart.it\/it\/pasqua\/domenica-in-albis-significato-religioso\/\"},\"author\":{\"name\":\"Redazione\",\"@id\":\"https:\/\/blog.holyart.it\/it\/#\/schema\/person\/0a7b686e5af0f856ec1e390dd0baecda\"},\"headline\":\"Domenica in Albis: cosa si ricorda e qual \u00e8 il significato religioso di questa giornata\",\"datePublished\":\"2023-04-12T10:15:19+00:00\",\"dateModified\":\"2025-03-06T16:59:47+00:00\",\"mainEntityOfPage\":{\"@id\":\"https:\/\/blog.holyart.it\/it\/pasqua\/domenica-in-albis-significato-religioso\/\"},\"wordCount\":1053,\"publisher\":{\"@id\":\"https:\/\/blog.holyart.it\/it\/#organization\"},\"image\":{\"@id\":\"https:\/\/blog.holyart.it\/it\/pasqua\/domenica-in-albis-significato-religioso\/#primaryimage\"},\"thumbnailUrl\":\"https:\/\/blog.holyart.it\/it\/wp-content\/uploads\/sites\/17\/2023\/03\/domenica-in-albis.jpg\",\"articleSection\":[\"Liturgia\",\"Pasqua\",\"Religione\"],\"inLanguage\":\"it-IT\"},{\"@type\":\"WebPage\",\"@id\":\"https:\/\/blog.holyart.it\/it\/pasqua\/domenica-in-albis-significato-religioso\/\",\"url\":\"https:\/\/blog.holyart.it\/it\/pasqua\/domenica-in-albis-significato-religioso\/\",\"name\":\"Domenica in Albis: cosa si ricorda e qual \u00e8 il significato religioso di questa giornata\",\"isPartOf\":{\"@id\":\"https:\/\/blog.holyart.it\/it\/#website\"},\"primaryImageOfPage\":{\"@id\":\"https:\/\/blog.holyart.it\/it\/pasqua\/domenica-in-albis-significato-religioso\/#primaryimage\"},\"image\":{\"@id\":\"https:\/\/blog.holyart.it\/it\/pasqua\/domenica-in-albis-significato-religioso\/#primaryimage\"},\"thumbnailUrl\":\"https:\/\/blog.holyart.it\/it\/wp-content\/uploads\/sites\/17\/2023\/03\/domenica-in-albis.jpg\",\"datePublished\":\"2023-04-12T10:15:19+00:00\",\"dateModified\":\"2025-03-06T16:59:47+00:00\",\"description\":\"La Domenica in albis \u00e8 la seconda domenica di Pasqua. Ecco come nasce la definizione e come viene celebrata dalle diverse Chiese.\",\"breadcrumb\":{\"@id\":\"https:\/\/blog.holyart.it\/it\/pasqua\/domenica-in-albis-significato-religioso\/#breadcrumb\"},\"inLanguage\":\"it-IT\",\"potentialAction\":[{\"@type\":\"ReadAction\",\"target\":[\"https:\/\/blog.holyart.it\/it\/pasqua\/domenica-in-albis-significato-religioso\/\"]}]},{\"@type\":\"ImageObject\",\"inLanguage\":\"it-IT\",\"@id\":\"https:\/\/blog.holyart.it\/it\/pasqua\/domenica-in-albis-significato-religioso\/#primaryimage\",\"url\":\"https:\/\/blog.holyart.it\/it\/wp-content\/uploads\/sites\/17\/2023\/03\/domenica-in-albis.jpg\",\"contentUrl\":\"https:\/\/blog.holyart.it\/it\/wp-content\/uploads\/sites\/17\/2023\/03\/domenica-in-albis.jpg\",\"width\":1000,\"height\":666,\"caption\":\"domenica in albis\"},{\"@type\":\"BreadcrumbList\",\"@id\":\"https:\/\/blog.holyart.it\/it\/pasqua\/domenica-in-albis-significato-religioso\/#breadcrumb\",\"itemListElement\":[{\"@type\":\"ListItem\",\"position\":1,\"name\":\"Homepage\",\"item\":\"https:\/\/blog.holyart.it\/it\/\"},{\"@type\":\"ListItem\",\"position\":2,\"name\":\"Pasqua\",\"item\":\"https:\/\/blog.holyart.it\/it\/pasqua\/\"},{\"@type\":\"ListItem\",\"position\":3,\"name\":\"Domenica in Albis: cosa si ricorda e qual \u00e8 il significato religioso di questa giornata\"}]},{\"@type\":\"WebSite\",\"@id\":\"https:\/\/blog.holyart.it\/it\/#website\",\"url\":\"https:\/\/blog.holyart.it\/it\/\",\"name\":\"Holyblog\",\"description\":\"Il Blog di Holyart.it\",\"publisher\":{\"@id\":\"https:\/\/blog.holyart.it\/it\/#organization\"},\"potentialAction\":[{\"@type\":\"SearchAction\",\"target\":{\"@type\":\"EntryPoint\",\"urlTemplate\":\"https:\/\/blog.holyart.it\/it\/?s={search_term_string}\"},\"query-input\":{\"@type\":\"PropertyValueSpecification\",\"valueRequired\":true,\"valueName\":\"search_term_string\"}}],\"inLanguage\":\"it-IT\"},{\"@type\":\"Organization\",\"@id\":\"https:\/\/blog.holyart.it\/it\/#organization\",\"name\":\"Holyblog\",\"url\":\"https:\/\/blog.holyart.it\/it\/\",\"logo\":{\"@type\":\"ImageObject\",\"inLanguage\":\"it-IT\",\"@id\":\"https:\/\/blog.holyart.it\/it\/#\/schema\/logo\/image\/\",\"url\":\"https:\/\/blog.holyart.it\/it\/wp-content\/uploads\/sites\/17\/2022\/12\/Holyart_Blog_Logo.jpg\",\"contentUrl\":\"https:\/\/blog.holyart.it\/it\/wp-content\/uploads\/sites\/17\/2022\/12\/Holyart_Blog_Logo.jpg\",\"width\":300,\"height\":50,\"caption\":\"Holyblog\"},\"image\":{\"@id\":\"https:\/\/blog.holyart.it\/it\/#\/schema\/logo\/image\/\"}},{\"@type\":\"Person\",\"@id\":\"https:\/\/blog.holyart.it\/it\/#\/schema\/person\/0a7b686e5af0f856ec1e390dd0baecda\",\"name\":\"Redazione\"}]}<\/script>\n<!-- \/ Yoast SEO plugin. -->","yoast_head_json":{"title":"Domenica in Albis: cosa si ricorda e qual \u00e8 il significato religioso di questa giornata","description":"La Domenica in albis \u00e8 la seconda domenica di Pasqua. Ecco come nasce la definizione e come viene celebrata dalle diverse Chiese.","robots":{"index":"index","follow":"follow","max-snippet":"max-snippet:-1","max-image-preview":"max-image-preview:large","max-video-preview":"max-video-preview:-1"},"canonical":"https:\/\/blog.holyart.it\/it\/pasqua\/domenica-in-albis-significato-religioso\/","og_locale":"it_IT","og_type":"article","og_title":"Domenica in Albis: cosa si ricorda e qual \u00e8 il significato religioso di questa giornata","og_description":"La Domenica in albis \u00e8 la seconda domenica di Pasqua. Ecco come nasce la definizione e come viene celebrata dalle diverse Chiese.","og_url":"https:\/\/blog.holyart.it\/it\/pasqua\/domenica-in-albis-significato-religioso\/","og_site_name":"Holyblog","article_published_time":"2023-04-12T10:15:19+00:00","article_modified_time":"2025-03-06T16:59:47+00:00","og_image":[{"width":1000,"height":666,"url":"https:\/\/blog.holyart.it\/it\/wp-content\/uploads\/sites\/17\/2023\/03\/domenica-in-albis.jpg","type":"image\/jpeg"}],"author":"Redazione","twitter_card":"summary_large_image","twitter_misc":{"Scritto da":"Redazione","Tempo di lettura stimato":"7 minuti"},"schema":{"@context":"https:\/\/schema.org","@graph":[{"@type":"Article","@id":"https:\/\/blog.holyart.it\/it\/pasqua\/domenica-in-albis-significato-religioso\/#article","isPartOf":{"@id":"https:\/\/blog.holyart.it\/it\/pasqua\/domenica-in-albis-significato-religioso\/"},"author":{"name":"Redazione","@id":"https:\/\/blog.holyart.it\/it\/#\/schema\/person\/0a7b686e5af0f856ec1e390dd0baecda"},"headline":"Domenica in Albis: cosa si ricorda e qual \u00e8 il significato religioso di questa giornata","datePublished":"2023-04-12T10:15:19+00:00","dateModified":"2025-03-06T16:59:47+00:00","mainEntityOfPage":{"@id":"https:\/\/blog.holyart.it\/it\/pasqua\/domenica-in-albis-significato-religioso\/"},"wordCount":1053,"publisher":{"@id":"https:\/\/blog.holyart.it\/it\/#organization"},"image":{"@id":"https:\/\/blog.holyart.it\/it\/pasqua\/domenica-in-albis-significato-religioso\/#primaryimage"},"thumbnailUrl":"https:\/\/blog.holyart.it\/it\/wp-content\/uploads\/sites\/17\/2023\/03\/domenica-in-albis.jpg","articleSection":["Liturgia","Pasqua","Religione"],"inLanguage":"it-IT"},{"@type":"WebPage","@id":"https:\/\/blog.holyart.it\/it\/pasqua\/domenica-in-albis-significato-religioso\/","url":"https:\/\/blog.holyart.it\/it\/pasqua\/domenica-in-albis-significato-religioso\/","name":"Domenica in Albis: cosa si ricorda e qual \u00e8 il significato religioso di questa giornata","isPartOf":{"@id":"https:\/\/blog.holyart.it\/it\/#website"},"primaryImageOfPage":{"@id":"https:\/\/blog.holyart.it\/it\/pasqua\/domenica-in-albis-significato-religioso\/#primaryimage"},"image":{"@id":"https:\/\/blog.holyart.it\/it\/pasqua\/domenica-in-albis-significato-religioso\/#primaryimage"},"thumbnailUrl":"https:\/\/blog.holyart.it\/it\/wp-content\/uploads\/sites\/17\/2023\/03\/domenica-in-albis.jpg","datePublished":"2023-04-12T10:15:19+00:00","dateModified":"2025-03-06T16:59:47+00:00","description":"La Domenica in albis \u00e8 la seconda domenica di Pasqua. Ecco come nasce la definizione e come viene celebrata dalle diverse Chiese.","breadcrumb":{"@id":"https:\/\/blog.holyart.it\/it\/pasqua\/domenica-in-albis-significato-religioso\/#breadcrumb"},"inLanguage":"it-IT","potentialAction":[{"@type":"ReadAction","target":["https:\/\/blog.holyart.it\/it\/pasqua\/domenica-in-albis-significato-religioso\/"]}]},{"@type":"ImageObject","inLanguage":"it-IT","@id":"https:\/\/blog.holyart.it\/it\/pasqua\/domenica-in-albis-significato-religioso\/#primaryimage","url":"https:\/\/blog.holyart.it\/it\/wp-content\/uploads\/sites\/17\/2023\/03\/domenica-in-albis.jpg","contentUrl":"https:\/\/blog.holyart.it\/it\/wp-content\/uploads\/sites\/17\/2023\/03\/domenica-in-albis.jpg","width":1000,"height":666,"caption":"domenica in albis"},{"@type":"BreadcrumbList","@id":"https:\/\/blog.holyart.it\/it\/pasqua\/domenica-in-albis-significato-religioso\/#breadcrumb","itemListElement":[{"@type":"ListItem","position":1,"name":"Homepage","item":"https:\/\/blog.holyart.it\/it\/"},{"@type":"ListItem","position":2,"name":"Pasqua","item":"https:\/\/blog.holyart.it\/it\/pasqua\/"},{"@type":"ListItem","position":3,"name":"Domenica in Albis: cosa si ricorda e qual \u00e8 il significato religioso di questa giornata"}]},{"@type":"WebSite","@id":"https:\/\/blog.holyart.it\/it\/#website","url":"https:\/\/blog.holyart.it\/it\/","name":"Holyblog","description":"Il Blog di Holyart.it","publisher":{"@id":"https:\/\/blog.holyart.it\/it\/#organization"},"potentialAction":[{"@type":"SearchAction","target":{"@type":"EntryPoint","urlTemplate":"https:\/\/blog.holyart.it\/it\/?s={search_term_string}"},"query-input":{"@type":"PropertyValueSpecification","valueRequired":true,"valueName":"search_term_string"}}],"inLanguage":"it-IT"},{"@type":"Organization","@id":"https:\/\/blog.holyart.it\/it\/#organization","name":"Holyblog","url":"https:\/\/blog.holyart.it\/it\/","logo":{"@type":"ImageObject","inLanguage":"it-IT","@id":"https:\/\/blog.holyart.it\/it\/#\/schema\/logo\/image\/","url":"https:\/\/blog.holyart.it\/it\/wp-content\/uploads\/sites\/17\/2022\/12\/Holyart_Blog_Logo.jpg","contentUrl":"https:\/\/blog.holyart.it\/it\/wp-content\/uploads\/sites\/17\/2022\/12\/Holyart_Blog_Logo.jpg","width":300,"height":50,"caption":"Holyblog"},"image":{"@id":"https:\/\/blog.holyart.it\/it\/#\/schema\/logo\/image\/"}},{"@type":"Person","@id":"https:\/\/blog.holyart.it\/it\/#\/schema\/person\/0a7b686e5af0f856ec1e390dd0baecda","name":"Redazione"}]}},"_links":{"self":[{"href":"https:\/\/blog.holyart.it\/it\/wp-json\/wp\/v2\/posts\/17551","targetHints":{"allow":["GET"]}}],"collection":[{"href":"https:\/\/blog.holyart.it\/it\/wp-json\/wp\/v2\/posts"}],"about":[{"href":"https:\/\/blog.holyart.it\/it\/wp-json\/wp\/v2\/types\/post"}],"author":[{"embeddable":true,"href":"https:\/\/blog.holyart.it\/it\/wp-json\/wp\/v2\/users\/1"}],"replies":[{"embeddable":true,"href":"https:\/\/blog.holyart.it\/it\/wp-json\/wp\/v2\/comments?post=17551"}],"version-history":[{"count":5,"href":"https:\/\/blog.holyart.it\/it\/wp-json\/wp\/v2\/posts\/17551\/revisions"}],"predecessor-version":[{"id":17598,"href":"https:\/\/blog.holyart.it\/it\/wp-json\/wp\/v2\/posts\/17551\/revisions\/17598"}],"wp:featuredmedia":[{"embeddable":true,"href":"https:\/\/blog.holyart.it\/it\/wp-json\/wp\/v2\/media\/17589"}],"wp:attachment":[{"href":"https:\/\/blog.holyart.it\/it\/wp-json\/wp\/v2\/media?parent=17551"}],"wp:term":[{"taxonomy":"category","embeddable":true,"href":"https:\/\/blog.holyart.it\/it\/wp-json\/wp\/v2\/categories?post=17551"},{"taxonomy":"post_tag","embeddable":true,"href":"https:\/\/blog.holyart.it\/it\/wp-json\/wp\/v2\/tags?post=17551"}],"curies":[{"name":"wp","href":"https:\/\/api.w.org\/{rel}","templated":true}]}}