{"id":17533,"date":"2023-04-05T12:30:29","date_gmt":"2023-04-05T10:30:29","guid":{"rendered":"https:\/\/blog.holyart.it\/it\/?p=17533"},"modified":"2026-03-23T09:43:23","modified_gmt":"2026-03-23T08:43:23","slug":"messa-del-crisma-e-la-benedizione-degli-oli-santi","status":"publish","type":"post","link":"https:\/\/blog.holyart.it\/it\/pasqua\/messa-del-crisma-e-la-benedizione-degli-oli-santi\/","title":{"rendered":"Messa del Crisma e la benedizione degli oli santi"},"content":{"rendered":"<h4>La messa del crisma celebra il mistero della chiesa, la sua unit\u00e0 e comunione, in attesa della Pasqua. \u00c8 anche l&#8217;occasione in cui vengono consacrati gli oli sacri<\/h4>\n\n<p>La messa del crisma viene celebrata il mattino del <strong>Gioved\u00ec santo<\/strong> o il pomeriggio del <strong>Mercoled\u00ec santo<\/strong>. Solitamente ha luogo nella cattedrale, ed \u00e8 presieduta dal <strong>Vescovo<\/strong>, che pronuncia una speciale omelia al termine della quale i sacerdoti della Diocesi rinnovano la promessa da loro sancita il giorno dell&#8217;<a href=\"https:\/\/www.holyart.it\/blog\/articoli-religiosi\/ordinazione-presbiterale-sacerdoti\/\"><strong>Ordinazione religiosa<\/strong>.<\/a> In questo senso la messa del crisma rappresenta una sorta di riunione solenne, che coinvolge Vescovo, presbiteri e tutta l&#8217;assemblea dei fedeli, esprimendo un&#8217;unit\u00e0 di fede e intenti che travalica le differenze di et\u00e0, ceto sociale, colore della pelle, storia personale. Anzi, \u00e8 proprio in questa variet\u00e0 che alberga la ricchezza della chiesa, composta da religiosi e da laici, tutti diversi tra loro, eppure uniti nella fede e nell&#8217;amore per Dio.<\/p>\n<div class=\"link-article\">\n<p><img loading=\"lazy\" decoding=\"async\" class=\"size-full wp-image-17536 alignleft\" src=\"https:\/\/blog.holyart.it\/it\/wp-content\/uploads\/sites\/17\/2023\/03\/ordinazione-presbiteriale.jpg\" alt=\"ordinazione presbiteriale\" width=\"150\" height=\"99\" data-kale-share-title=\"Messa del Crisma e la benedizione degli oli santi\" data-kale-share-url=\"https:\/\/blog.holyart.it\/it\/?p=17533\" \/><\/p>\n<div class=\"leggi-anche\">Leggi anche:<\/div>\n<p><strong><a href=\"https:\/\/www.holyart.it\/blog\/articoli-religiosi\/ordinazione-presbiterale-sacerdoti\/\">Ordinazione presbiterale: ecco come si diventa sacerdoti<\/a><\/strong><br \/>\nCon l\u2019Ordinazione Presbiterale un uomo diventa a tutti gli effetti un sacerdote.<\/p>\n<\/div>\n<h2>La benedizione degli oli santi<\/h2>\n<p>Un altro aspetto molto importante della messa del crisma \u00e8 che durante la celebrazione eucaristica il vescovo consacra <a href=\"https:\/\/www.holyart.it\/it\/accessori-per-la-liturgia\/oli-santi-e-servizi-battesimo\"><strong>gli oli santi<\/strong>,<\/a> destinati ai Sacramenti del prossimo Anno liturgico. Questi olii verranno poi distribuiti nelle varie parrocchie e custoditi in appositi <strong>vasi sacri<\/strong>. Si tratta del <strong>crisma<\/strong>, usato per i battesimi, <strong><a href=\"https:\/\/www.holyart.it\/blog\/articoli-religiosi\/senza-cresima-si-cristiani-meta\/\">la cresima<\/a><\/strong> e l&#8217;ordinazione dei sacerdoti e dei vescovi; dell&#8217;<strong>olio dei catecumeni<\/strong> utilizzato nel battesimo; dell&#8217;olio destinato all&#8217;<a href=\"https:\/\/www.holyart.it\/blog\/articoli-religiosi\/unzione-degli-infermi-che-cose-e-come-si-svolge\/\"><strong>unzione degli infermi<\/strong><\/a>.<\/p>\n<p>Il<strong> crisma<\/strong> in particolare, \u00e8 <strong>l&#8217;<a href=\"https:\/\/www.holyart.it\/blog\/articoli-religiosi\/olio-doliva-uneccellenza-preservare\/#Ulivo_nella_religione_cristiana_simbologia_e_significato\">olio d&#8217;oliva <\/a><\/strong>profumato con balsamo e benedetto, che durante il battesimo consacra il battezzando e sancisce il suo ingresso nella grande famiglia della Chiesa e viene usato per ungere il capo. Nella Cresima invece il sacerdote intinge il dito nel crisma e lo usa per tracciare una croce sulla fronte del cresimando, imprimendo su di essa il simbolo dello Spirito Santo che discende su di lui per infondergli la forza di essere un \u2018soldato\u2019 di Cristo. Infine durante l&#8217;Ordinazione sacerdotale i palmi delle mani dei presbiteri e le fronti dei vescovi vengono bagnate col crisma.<\/p>\n<p>L\u2019<strong>olio dei catecumeni <\/strong>invece dichiara che il battezzando \u00e8 diventato un combattente della fede, di paladino della cristianit\u00e0, come simbolo di forza e fermezza contro le tentazioni e il peccato. Anticamente si usava l&#8217;olio per ungere le membra degli atleti e dei combattenti. Con l&#8217;olio dei catecumeni il sacerdote traccia una croce sul petto e un\u2019altra fra le scapole di chi viene battezzato.<\/p>\n<p>L&#8217;<strong>olio degli infermi<\/strong> infine viene utilizzato per impartire l&#8217;estrema unzione o per <strong>ungere gli infermi,<\/strong> appunto, per alleviarne la sofferenza fisica e spirituale.<\/p>\n<p>Nell&#8217;ambito della messa del crisma l\u2019olio versato diventa simbolo di <strong>chiamata alla fede<\/strong> e <strong>vocazione religiosa<\/strong>, per i sacerdoti come per i semplici fedeli. L&#8217;olio diviene grazia santificante, che discende su tutti unificandoli, ma si fa anche portatore di carit\u00e0, di un messaggio universale di apertura verso il prossimo, di amore elargito con generosit\u00e0 e senza risparmio. Il fatto che l&#8217;olio sia profumato inneggia alla <strong>bellezza della vita <\/strong>e dei tanti e incommensurabili doni che ci vengono elargiti, dei quali siamo chiamati a godere insieme a chi con noi li condivide.<\/p>\n<div class=\"link-product\">\n<div class=\"blocco-immagine\"><img loading=\"lazy\" decoding=\"async\" class=\"size-full wp-image-17538 alignleft\" src=\"https:\/\/blog.holyart.it\/it\/wp-content\/uploads\/sites\/17\/2023\/03\/oli-santi-astuccio-con-vasetti-dorati.jpg\" alt=\"oli santi astuccio con vasetti dorati\" width=\"100\" height=\"100\" data-kale-share-title=\"Messa del Crisma e la benedizione degli oli santi\" data-kale-share-url=\"https:\/\/blog.holyart.it\/it\/?p=17533\" \/><\/div>\n<div class=\"blocco-contenuto\">\n<div class=\"blocco-acquista\">Acquista su Holyart:<\/div>\n<div class=\"blocco-titolo\"><a href=\"https:\/\/www.holyart.it\/it\/accessori-per-la-liturgia\/oli-santi-e-servizi-battesimo\">Oli santi e servizi battesimo<\/a><\/div>\n<div class=\"blocco-descrizione\">Oli santi in vasetti e servizi per battesimo.<\/div>\n<\/div>\n<\/div>\n<h2>La messa del crisma e la Pentecoste<\/h2>\n<p>La messa del crisma ha origini molto antiche, risalenti almeno al VII secolo d.C. e si ricollega al mistero Pasquale, al <strong>senso di unit\u00e0 e comunione<\/strong> che la <a href=\"https:\/\/www.holyart.it\/blog\/articoli-religiosi\/gli-avvenimenti-della-passione-di-gesu-dallultima-cena-alla-sua-crocifissione\/\"><strong>Passione,<\/strong><\/a> la morte e la Resurrezione di Ges\u00f9 simboleggiano per tutti i cristiani. Soprattutto queste cerimonia celebra la <strong>comunione intima e profonda <\/strong>che lega tutti coloro che della chiesa fanno parte, semplici fedeli, diaconi, presbiteri, fino al vescovo, tutti i battezzati, i cresimati, tutti gli &#8216;unti&#8217; dallo Spirito Santo mediante i Sacramenti. In questo momento di fratellanza e comunione si rinnova il mistero della <strong><a href=\"https:\/\/www.holyart.it\/blog\/accessori-liturgia\/in-occasione-della-pentecoste-prega-maria-che-scioglie-i-nodi\/\">Pentecoste<\/a>,<\/strong> con la celebrazione della discesa dello Spirito Santo, e la nascita stessa della Chiesa. 50 giorni dopo la resurrezione di Ges\u00f9, in occasione dello <em>Shavuot<\/em> ebraico, festa legata alla terra e al raccolto, Maria, gli apostoli e tutti i discepoli di Ges\u00f9 si erano riuniti per pregare insieme, e fu allora che lo Spirito Santo discese su di loro in forma di lingue di fiamma, donando agli apostoli la facolt\u00e0 di portare la Parola in tutto il mondo. Quella folla raccolta in nome del ricordo di Ges\u00f9 e dell&#8217;amore per Lui fu il primo nucleo della Chiesa cattolica, benedetto dallo Spirito Santo. Allo stesso modo i sacerdoti e i fedeli raccolti in occasione della messa del crisma rinnovano quel momento di comunione e investitura di fede.<\/p>\n<div class=\"link-article\">\n<p><img loading=\"lazy\" decoding=\"async\" class=\"size-full wp-image-17539 alignleft\" src=\"https:\/\/blog.holyart.it\/it\/wp-content\/uploads\/sites\/17\/2023\/03\/passione-di-gesu-2.jpg\" alt=\"passione di gesu\" width=\"150\" height=\"99\" data-kale-share-title=\"Messa del Crisma e la benedizione degli oli santi\" data-kale-share-url=\"https:\/\/blog.holyart.it\/it\/?p=17533\" \/><\/p>\n<div class=\"leggi-anche\">Leggi anche:<\/div>\n<p><strong><a href=\"https:\/\/www.holyart.it\/blog\/articoli-religiosi\/gli-avvenimenti-della-passione-di-gesu-dallultima-cena-alla-sua-crocifissione\/\">Gli avvenimenti della Passione di Ges\u00f9: dall\u2019Ultima Cena alla Sua crocifissione<\/a><\/strong><br \/>\nLa Passione di Ges\u00f9 \u00e8 il momento pi\u00f9 alto e terribile della Sua parabola&#8230;<\/p>\n<\/div>\n","protected":false},"excerpt":{"rendered":"<p>La messa del crisma celebra il mistero della chiesa, la sua unit\u00e0 e comunione, in attesa della Pasqua. \u00c8 anche l&#8217;occasione in cui vengono consacrati gli oli sacri La messa del crisma viene celebrata il mattino del Gioved\u00ec santo o il pomeriggio del Mercoled\u00ec santo.&hellip;<\/p>\n","protected":false},"author":1,"featured_media":17577,"comment_status":"closed","ping_status":"open","sticky":false,"template":"","format":"standard","meta":{"_acf_changed":false,"footnotes":""},"categories":[14,26,16],"tags":[],"class_list":["post-17533","post","type-post","status-publish","format-standard","has-post-thumbnail","hentry","category-accessori-liturgia","category-pasqua","category-articoli-religiosi"],"acf":[],"yoast_head":"<!-- This site is optimized with the Yoast SEO plugin v26.6 - https:\/\/yoast.com\/wordpress\/plugins\/seo\/ -->\n<title>Messa del Crisma e la benedizione degli oli santi - Holyblog<\/title>\n<meta name=\"description\" content=\"La messa del crisma \u00e8 un momento di profonda comunione per tutti i cristiani e culmina con la consacrazione degli oli sacri\" \/>\n<meta name=\"robots\" content=\"index, follow, max-snippet:-1, max-image-preview:large, max-video-preview:-1\" \/>\n<link rel=\"canonical\" href=\"https:\/\/blog.holyart.it\/it\/pasqua\/messa-del-crisma-e-la-benedizione-degli-oli-santi\/\" \/>\n<meta property=\"og:locale\" content=\"it_IT\" \/>\n<meta property=\"og:type\" content=\"article\" \/>\n<meta property=\"og:title\" content=\"Messa del Crisma e la benedizione degli oli santi - Holyblog\" \/>\n<meta property=\"og:description\" content=\"La messa del crisma \u00e8 un momento di profonda comunione per tutti i cristiani e culmina con la consacrazione degli oli sacri\" \/>\n<meta property=\"og:url\" content=\"https:\/\/blog.holyart.it\/it\/pasqua\/messa-del-crisma-e-la-benedizione-degli-oli-santi\/\" \/>\n<meta property=\"og:site_name\" content=\"Holyblog\" \/>\n<meta property=\"article:published_time\" content=\"2023-04-05T10:30:29+00:00\" \/>\n<meta property=\"article:modified_time\" content=\"2026-03-23T08:43:23+00:00\" \/>\n<meta property=\"og:image\" content=\"https:\/\/blog.holyart.it\/it\/wp-content\/uploads\/sites\/17\/2023\/03\/messa-del-crisma.jpg\" \/>\n\t<meta property=\"og:image:width\" content=\"1000\" \/>\n\t<meta property=\"og:image:height\" content=\"666\" \/>\n\t<meta property=\"og:image:type\" content=\"image\/jpeg\" \/>\n<meta name=\"author\" content=\"Redazione\" \/>\n<meta name=\"twitter:card\" content=\"summary_large_image\" \/>\n<meta name=\"twitter:label1\" content=\"Scritto da\" \/>\n\t<meta name=\"twitter:data1\" content=\"Redazione\" \/>\n\t<meta name=\"twitter:label2\" content=\"Tempo di lettura stimato\" \/>\n\t<meta name=\"twitter:data2\" content=\"6 minuti\" \/>\n<script type=\"application\/ld+json\" class=\"yoast-schema-graph\">{\"@context\":\"https:\/\/schema.org\",\"@graph\":[{\"@type\":\"Article\",\"@id\":\"https:\/\/blog.holyart.it\/it\/pasqua\/messa-del-crisma-e-la-benedizione-degli-oli-santi\/#article\",\"isPartOf\":{\"@id\":\"https:\/\/blog.holyart.it\/it\/pasqua\/messa-del-crisma-e-la-benedizione-degli-oli-santi\/\"},\"author\":{\"name\":\"Redazione\",\"@id\":\"https:\/\/blog.holyart.it\/it\/#\/schema\/person\/0a7b686e5af0f856ec1e390dd0baecda\"},\"headline\":\"Messa del Crisma e la benedizione degli oli santi\",\"datePublished\":\"2023-04-05T10:30:29+00:00\",\"dateModified\":\"2026-03-23T08:43:23+00:00\",\"mainEntityOfPage\":{\"@id\":\"https:\/\/blog.holyart.it\/it\/pasqua\/messa-del-crisma-e-la-benedizione-degli-oli-santi\/\"},\"wordCount\":801,\"publisher\":{\"@id\":\"https:\/\/blog.holyart.it\/it\/#organization\"},\"image\":{\"@id\":\"https:\/\/blog.holyart.it\/it\/pasqua\/messa-del-crisma-e-la-benedizione-degli-oli-santi\/#primaryimage\"},\"thumbnailUrl\":\"https:\/\/blog.holyart.it\/it\/wp-content\/uploads\/sites\/17\/2023\/03\/messa-del-crisma.jpg\",\"articleSection\":[\"Liturgia\",\"Pasqua\",\"Religione\"],\"inLanguage\":\"it-IT\"},{\"@type\":\"WebPage\",\"@id\":\"https:\/\/blog.holyart.it\/it\/pasqua\/messa-del-crisma-e-la-benedizione-degli-oli-santi\/\",\"url\":\"https:\/\/blog.holyart.it\/it\/pasqua\/messa-del-crisma-e-la-benedizione-degli-oli-santi\/\",\"name\":\"Messa del Crisma e la benedizione degli oli santi - Holyblog\",\"isPartOf\":{\"@id\":\"https:\/\/blog.holyart.it\/it\/#website\"},\"primaryImageOfPage\":{\"@id\":\"https:\/\/blog.holyart.it\/it\/pasqua\/messa-del-crisma-e-la-benedizione-degli-oli-santi\/#primaryimage\"},\"image\":{\"@id\":\"https:\/\/blog.holyart.it\/it\/pasqua\/messa-del-crisma-e-la-benedizione-degli-oli-santi\/#primaryimage\"},\"thumbnailUrl\":\"https:\/\/blog.holyart.it\/it\/wp-content\/uploads\/sites\/17\/2023\/03\/messa-del-crisma.jpg\",\"datePublished\":\"2023-04-05T10:30:29+00:00\",\"dateModified\":\"2026-03-23T08:43:23+00:00\",\"description\":\"La messa del crisma \u00e8 un momento di profonda comunione per tutti i cristiani e culmina con la consacrazione degli oli sacri\",\"breadcrumb\":{\"@id\":\"https:\/\/blog.holyart.it\/it\/pasqua\/messa-del-crisma-e-la-benedizione-degli-oli-santi\/#breadcrumb\"},\"inLanguage\":\"it-IT\",\"potentialAction\":[{\"@type\":\"ReadAction\",\"target\":[\"https:\/\/blog.holyart.it\/it\/pasqua\/messa-del-crisma-e-la-benedizione-degli-oli-santi\/\"]}]},{\"@type\":\"ImageObject\",\"inLanguage\":\"it-IT\",\"@id\":\"https:\/\/blog.holyart.it\/it\/pasqua\/messa-del-crisma-e-la-benedizione-degli-oli-santi\/#primaryimage\",\"url\":\"https:\/\/blog.holyart.it\/it\/wp-content\/uploads\/sites\/17\/2023\/03\/messa-del-crisma.jpg\",\"contentUrl\":\"https:\/\/blog.holyart.it\/it\/wp-content\/uploads\/sites\/17\/2023\/03\/messa-del-crisma.jpg\",\"width\":1000,\"height\":666,\"caption\":\"messa del crisma\"},{\"@type\":\"BreadcrumbList\",\"@id\":\"https:\/\/blog.holyart.it\/it\/pasqua\/messa-del-crisma-e-la-benedizione-degli-oli-santi\/#breadcrumb\",\"itemListElement\":[{\"@type\":\"ListItem\",\"position\":1,\"name\":\"Homepage\",\"item\":\"https:\/\/blog.holyart.it\/it\/\"},{\"@type\":\"ListItem\",\"position\":2,\"name\":\"Pasqua\",\"item\":\"https:\/\/blog.holyart.it\/it\/pasqua\/\"},{\"@type\":\"ListItem\",\"position\":3,\"name\":\"Messa del Crisma e la benedizione degli oli santi\"}]},{\"@type\":\"WebSite\",\"@id\":\"https:\/\/blog.holyart.it\/it\/#website\",\"url\":\"https:\/\/blog.holyart.it\/it\/\",\"name\":\"Holyblog\",\"description\":\"Il Blog di Holyart.it\",\"publisher\":{\"@id\":\"https:\/\/blog.holyart.it\/it\/#organization\"},\"potentialAction\":[{\"@type\":\"SearchAction\",\"target\":{\"@type\":\"EntryPoint\",\"urlTemplate\":\"https:\/\/blog.holyart.it\/it\/?s={search_term_string}\"},\"query-input\":{\"@type\":\"PropertyValueSpecification\",\"valueRequired\":true,\"valueName\":\"search_term_string\"}}],\"inLanguage\":\"it-IT\"},{\"@type\":\"Organization\",\"@id\":\"https:\/\/blog.holyart.it\/it\/#organization\",\"name\":\"Holyblog\",\"url\":\"https:\/\/blog.holyart.it\/it\/\",\"logo\":{\"@type\":\"ImageObject\",\"inLanguage\":\"it-IT\",\"@id\":\"https:\/\/blog.holyart.it\/it\/#\/schema\/logo\/image\/\",\"url\":\"https:\/\/blog.holyart.it\/it\/wp-content\/uploads\/sites\/17\/2022\/12\/Holyart_Blog_Logo.jpg\",\"contentUrl\":\"https:\/\/blog.holyart.it\/it\/wp-content\/uploads\/sites\/17\/2022\/12\/Holyart_Blog_Logo.jpg\",\"width\":300,\"height\":50,\"caption\":\"Holyblog\"},\"image\":{\"@id\":\"https:\/\/blog.holyart.it\/it\/#\/schema\/logo\/image\/\"}},{\"@type\":\"Person\",\"@id\":\"https:\/\/blog.holyart.it\/it\/#\/schema\/person\/0a7b686e5af0f856ec1e390dd0baecda\",\"name\":\"Redazione\"}]}<\/script>\n<!-- \/ Yoast SEO plugin. -->","yoast_head_json":{"title":"Messa del Crisma e la benedizione degli oli santi - Holyblog","description":"La messa del crisma \u00e8 un momento di profonda comunione per tutti i cristiani e culmina con la consacrazione degli oli sacri","robots":{"index":"index","follow":"follow","max-snippet":"max-snippet:-1","max-image-preview":"max-image-preview:large","max-video-preview":"max-video-preview:-1"},"canonical":"https:\/\/blog.holyart.it\/it\/pasqua\/messa-del-crisma-e-la-benedizione-degli-oli-santi\/","og_locale":"it_IT","og_type":"article","og_title":"Messa del Crisma e la benedizione degli oli santi - Holyblog","og_description":"La messa del crisma \u00e8 un momento di profonda comunione per tutti i cristiani e culmina con la consacrazione degli oli sacri","og_url":"https:\/\/blog.holyart.it\/it\/pasqua\/messa-del-crisma-e-la-benedizione-degli-oli-santi\/","og_site_name":"Holyblog","article_published_time":"2023-04-05T10:30:29+00:00","article_modified_time":"2026-03-23T08:43:23+00:00","og_image":[{"width":1000,"height":666,"url":"https:\/\/blog.holyart.it\/it\/wp-content\/uploads\/sites\/17\/2023\/03\/messa-del-crisma.jpg","type":"image\/jpeg"}],"author":"Redazione","twitter_card":"summary_large_image","twitter_misc":{"Scritto da":"Redazione","Tempo di lettura stimato":"6 minuti"},"schema":{"@context":"https:\/\/schema.org","@graph":[{"@type":"Article","@id":"https:\/\/blog.holyart.it\/it\/pasqua\/messa-del-crisma-e-la-benedizione-degli-oli-santi\/#article","isPartOf":{"@id":"https:\/\/blog.holyart.it\/it\/pasqua\/messa-del-crisma-e-la-benedizione-degli-oli-santi\/"},"author":{"name":"Redazione","@id":"https:\/\/blog.holyart.it\/it\/#\/schema\/person\/0a7b686e5af0f856ec1e390dd0baecda"},"headline":"Messa del Crisma e la benedizione degli oli santi","datePublished":"2023-04-05T10:30:29+00:00","dateModified":"2026-03-23T08:43:23+00:00","mainEntityOfPage":{"@id":"https:\/\/blog.holyart.it\/it\/pasqua\/messa-del-crisma-e-la-benedizione-degli-oli-santi\/"},"wordCount":801,"publisher":{"@id":"https:\/\/blog.holyart.it\/it\/#organization"},"image":{"@id":"https:\/\/blog.holyart.it\/it\/pasqua\/messa-del-crisma-e-la-benedizione-degli-oli-santi\/#primaryimage"},"thumbnailUrl":"https:\/\/blog.holyart.it\/it\/wp-content\/uploads\/sites\/17\/2023\/03\/messa-del-crisma.jpg","articleSection":["Liturgia","Pasqua","Religione"],"inLanguage":"it-IT"},{"@type":"WebPage","@id":"https:\/\/blog.holyart.it\/it\/pasqua\/messa-del-crisma-e-la-benedizione-degli-oli-santi\/","url":"https:\/\/blog.holyart.it\/it\/pasqua\/messa-del-crisma-e-la-benedizione-degli-oli-santi\/","name":"Messa del Crisma e la benedizione degli oli santi - Holyblog","isPartOf":{"@id":"https:\/\/blog.holyart.it\/it\/#website"},"primaryImageOfPage":{"@id":"https:\/\/blog.holyart.it\/it\/pasqua\/messa-del-crisma-e-la-benedizione-degli-oli-santi\/#primaryimage"},"image":{"@id":"https:\/\/blog.holyart.it\/it\/pasqua\/messa-del-crisma-e-la-benedizione-degli-oli-santi\/#primaryimage"},"thumbnailUrl":"https:\/\/blog.holyart.it\/it\/wp-content\/uploads\/sites\/17\/2023\/03\/messa-del-crisma.jpg","datePublished":"2023-04-05T10:30:29+00:00","dateModified":"2026-03-23T08:43:23+00:00","description":"La messa del crisma \u00e8 un momento di profonda comunione per tutti i cristiani e culmina con la consacrazione degli oli sacri","breadcrumb":{"@id":"https:\/\/blog.holyart.it\/it\/pasqua\/messa-del-crisma-e-la-benedizione-degli-oli-santi\/#breadcrumb"},"inLanguage":"it-IT","potentialAction":[{"@type":"ReadAction","target":["https:\/\/blog.holyart.it\/it\/pasqua\/messa-del-crisma-e-la-benedizione-degli-oli-santi\/"]}]},{"@type":"ImageObject","inLanguage":"it-IT","@id":"https:\/\/blog.holyart.it\/it\/pasqua\/messa-del-crisma-e-la-benedizione-degli-oli-santi\/#primaryimage","url":"https:\/\/blog.holyart.it\/it\/wp-content\/uploads\/sites\/17\/2023\/03\/messa-del-crisma.jpg","contentUrl":"https:\/\/blog.holyart.it\/it\/wp-content\/uploads\/sites\/17\/2023\/03\/messa-del-crisma.jpg","width":1000,"height":666,"caption":"messa del crisma"},{"@type":"BreadcrumbList","@id":"https:\/\/blog.holyart.it\/it\/pasqua\/messa-del-crisma-e-la-benedizione-degli-oli-santi\/#breadcrumb","itemListElement":[{"@type":"ListItem","position":1,"name":"Homepage","item":"https:\/\/blog.holyart.it\/it\/"},{"@type":"ListItem","position":2,"name":"Pasqua","item":"https:\/\/blog.holyart.it\/it\/pasqua\/"},{"@type":"ListItem","position":3,"name":"Messa del Crisma e la benedizione degli oli santi"}]},{"@type":"WebSite","@id":"https:\/\/blog.holyart.it\/it\/#website","url":"https:\/\/blog.holyart.it\/it\/","name":"Holyblog","description":"Il Blog di Holyart.it","publisher":{"@id":"https:\/\/blog.holyart.it\/it\/#organization"},"potentialAction":[{"@type":"SearchAction","target":{"@type":"EntryPoint","urlTemplate":"https:\/\/blog.holyart.it\/it\/?s={search_term_string}"},"query-input":{"@type":"PropertyValueSpecification","valueRequired":true,"valueName":"search_term_string"}}],"inLanguage":"it-IT"},{"@type":"Organization","@id":"https:\/\/blog.holyart.it\/it\/#organization","name":"Holyblog","url":"https:\/\/blog.holyart.it\/it\/","logo":{"@type":"ImageObject","inLanguage":"it-IT","@id":"https:\/\/blog.holyart.it\/it\/#\/schema\/logo\/image\/","url":"https:\/\/blog.holyart.it\/it\/wp-content\/uploads\/sites\/17\/2022\/12\/Holyart_Blog_Logo.jpg","contentUrl":"https:\/\/blog.holyart.it\/it\/wp-content\/uploads\/sites\/17\/2022\/12\/Holyart_Blog_Logo.jpg","width":300,"height":50,"caption":"Holyblog"},"image":{"@id":"https:\/\/blog.holyart.it\/it\/#\/schema\/logo\/image\/"}},{"@type":"Person","@id":"https:\/\/blog.holyart.it\/it\/#\/schema\/person\/0a7b686e5af0f856ec1e390dd0baecda","name":"Redazione"}]}},"_links":{"self":[{"href":"https:\/\/blog.holyart.it\/it\/wp-json\/wp\/v2\/posts\/17533","targetHints":{"allow":["GET"]}}],"collection":[{"href":"https:\/\/blog.holyart.it\/it\/wp-json\/wp\/v2\/posts"}],"about":[{"href":"https:\/\/blog.holyart.it\/it\/wp-json\/wp\/v2\/types\/post"}],"author":[{"embeddable":true,"href":"https:\/\/blog.holyart.it\/it\/wp-json\/wp\/v2\/users\/1"}],"replies":[{"embeddable":true,"href":"https:\/\/blog.holyart.it\/it\/wp-json\/wp\/v2\/comments?post=17533"}],"version-history":[{"count":4,"href":"https:\/\/blog.holyart.it\/it\/wp-json\/wp\/v2\/posts\/17533\/revisions"}],"predecessor-version":[{"id":17541,"href":"https:\/\/blog.holyart.it\/it\/wp-json\/wp\/v2\/posts\/17533\/revisions\/17541"}],"wp:featuredmedia":[{"embeddable":true,"href":"https:\/\/blog.holyart.it\/it\/wp-json\/wp\/v2\/media\/17577"}],"wp:attachment":[{"href":"https:\/\/blog.holyart.it\/it\/wp-json\/wp\/v2\/media?parent=17533"}],"wp:term":[{"taxonomy":"category","embeddable":true,"href":"https:\/\/blog.holyart.it\/it\/wp-json\/wp\/v2\/categories?post=17533"},{"taxonomy":"post_tag","embeddable":true,"href":"https:\/\/blog.holyart.it\/it\/wp-json\/wp\/v2\/tags?post=17533"}],"curies":[{"name":"wp","href":"https:\/\/api.w.org\/{rel}","templated":true}]}}