{"id":17497,"date":"2023-03-29T14:55:05","date_gmt":"2023-03-29T12:55:05","guid":{"rendered":"https:\/\/blog.holyart.it\/it\/?p=17497"},"modified":"2025-03-06T12:25:36","modified_gmt":"2025-03-06T11:25:36","slug":"le-celebrazioni-del-venerdi-santo-tutti-i-momenti-piu-importanti","status":"publish","type":"post","link":"https:\/\/blog.holyart.it\/it\/pasqua\/le-celebrazioni-del-venerdi-santo-tutti-i-momenti-piu-importanti\/","title":{"rendered":"Le celebrazioni del Venerd\u00ec Santo: tutti i momenti pi\u00f9 importanti"},"content":{"rendered":"<h4>Con il Venerd\u00ec Santo si contempla la Passione e la morte di Ges\u00f9, in attesa del miracolo pasquale. Ecco i momenti pi\u00f9 importanti di questo giorno solenne<\/h4>\n\n<p>Il <strong>Venerd\u00ec Santo<\/strong> precede la <strong>Domenica di Pasqua<\/strong> e segna l&#8217;inizio della fine della <strong><a href=\"https:\/\/www.holyart.it\/blog\/accessori-liturgia\/i-riti-della-settimana-santa\/\">Settimana Santa<\/a>.<\/strong> Nel pomeriggio del Venerd\u00ec Santo la Chiesa cattolica rievoca il ricordo della <a href=\"https:\/\/www.holyart.it\/blog\/articoli-religiosi\/via-dolorosa-le-14-installazioni-in-bronzo-raffiguranti-le-scene-della-passione\/\"><strong>Passione di Ges\u00f9 e della Sua morte in croce<\/strong>.<\/a> La scelta di celebrare la Liturgia del Venerd\u00ec Santo nel <strong>pomeriggio<\/strong> nasce dalla tradizione evangelica per cui Ges\u00f9 avrebbe esalato l&#8217;ultimo respiro in un orario corrispondente alle 15.00 del pomeriggio, appunto.<\/p>\n<p>Secondo giorno del Triduo Pasquale, cuore dell<a href=\"https:\/\/www.holyart.it\/blog\/accessori-liturgia\/lanno-e-tempi-liturgici-facciamo-chiarezza\/\">\u2019<strong>anno liturgico<\/strong><\/a><strong>,<\/strong> \u00e8 caratterizzato dall&#8217;<strong>assenza della celebrazione eucaristica<\/strong>, dal digiuno e dall&#8217;astinenza dalla carne. La data del Venerd\u00ec Santo \u00e8 <strong>mobile<\/strong> e non \u00e8 considerata giorno festivo.<\/p>\n<p>Un altro elemento importante nei riti del Venerd\u00ec Santo \u00e8 il <strong>silenzio<\/strong>. Cos\u00ec come la celebrazione del Gioved\u00ec Santo si conclude con un momento di silenzio, allo stesso modo inizia quella del pomeriggio del Venerd\u00ec Santo. \u00c8 in questi giorni che l&#8217;attesa della Pasqua diventa pi\u00f9 solenne, in una sospensione quasi tangibile, tra dolore e speranza. Si tace, per rispetto, per lasciare spazio ai pensieri, alle meditazioni, alle preghiere. Anche le campane restano immobili, mute, quasi attonite nella contemplazione dell&#8217;evento che si sta consumando, nella memoria dei credenti. Gli ultimi terribili giorni di Cristo, dal Suo arresto alla Sua morte, passando per <a href=\"https:\/\/www.holyart.it\/blog\/articoli-religiosi\/gli-avvenimenti-della-passione-di-gesu-dallultima-cena-alla-sua-crocifissione\/\"><strong>la sofferenza della Passione,<\/strong><\/a> tappe obbligate del Suo miracolo pi\u00f9 grande, del compiersi della Sua missione nel mondo.<\/p>\n<p>Ricordiamo anche <strong>perch\u00e9 non si mangia carne il Venerd\u00ec Santo<\/strong>, in rispetto alle<strong><a href=\"https:\/\/www.holyart.it\/blog\/occasioni-speciali\/digiuno-quaresimale-cosa-si-intende-e-come-metterlo-in-pratica\/\"> regole del diguno quaresimale<\/a>,<\/strong> come previsto dal canone 1251 del Codice di Diritto canonico.\u00a0La regola dell\u2019<strong>astinenza dalla carne in senso stretto\u00a0<\/strong>comprende il <a href=\"https:\/\/www.holyart.it\/blog\/articoli-religiosi\/mercoledi-delle-ceneri-che-cose\/\"><strong>Mercoled\u00ec delle Ceneri,<\/strong><\/a> i venerd\u00ec del periodo quaresimale, e in particolare il Venerd\u00ec Santo.<\/p>\n<p>Vediamo dunque i momenti pi\u00f9 significativi della Liturgia del Venerd\u00ec Santo, dalle Letture e l&#8217;omelia, all&#8217;Adorazione della Croce.<\/p>\n<div class=\"link-article\">\n<p><img loading=\"lazy\" decoding=\"async\" class=\"size-full wp-image-17500 alignleft\" src=\"https:\/\/blog.holyart.it\/it\/wp-content\/uploads\/sites\/17\/2023\/03\/riti-settimana-santa.jpg\" alt=\"riti settimana santa\" width=\"150\" height=\"99\" data-kale-share-title=\"Le celebrazioni del Venerd\u00ec Santo: tutti i momenti pi\u00f9 importanti\" data-kale-share-url=\"https:\/\/blog.holyart.it\/it\/?p=17497\" \/><\/p>\n<div class=\"leggi-anche\">Leggi anche:<\/div>\n<p><strong><a href=\"https:\/\/www.holyart.it\/blog\/accessori-liturgia\/i-riti-della-settimana-santa\/\">I riti della Settimana Santa<\/a><\/strong><br \/>\nLa Pasqua \u00e8 la festa pi\u00f9 importante per i cristiani e viene celebrata in tutto il mondo.<\/p>\n<\/div>\n<h2>La liturgia del Venerd\u00ec Santo<\/h2>\n<p>Cuore della Liturgia del Venerd\u00ec Santo \u00e8 la cosiddetta <strong>Azione liturgica della Passione del Signore<\/strong>, o <em>In Passione Domini<\/em>, un antichissimo rito di origine bizantina che risale al VII secolo d.C. L&#8217;Azione liturgica si articola in <strong>tre momenti.<\/strong><\/p>\n<h2>Liturgia della Parola<\/h2>\n<p>Si eseguono le letture di <strong>Isaia 52,13-53,12<\/strong> (<em>Quarto Canto del Servo del Signore<\/em>, dove il Servo di cui parla il Profeta si identifica in Cristo); <strong>Ebrei 4,14-16;5,7-9<\/strong> (meditazione sulla sofferenza e la morte di Ges\u00f9 che, pur essendo Figlio di Dio, si \u00e8 lasciato uccidere per la salvezza di tutti); <a href=\"https:\/\/www.holyart.it\/it\/articoli-religiosi\/libri-e-testi-sacri\/vangeli\"><strong>Passione secondo Giovanni<\/strong><\/a> (Gv 18,1-19,42).<br \/>\nAl termine delle letture viene recitata la <strong>Preghiera Universale<\/strong>, composta da dieci intenzioni in preghiera recitate da un diacono e intervallate dall&#8217;orazione del sacerdote.<\/p>\n<h2>L&#8217;Adorazione della Santa Croce<\/h2>\n<p>Il sacerdote celebrante, i ministri e i fedeli riuniti sfilano in <strong>processione davanti alla Croce<\/strong>, inginocchiandosi davanti ad essa e, in alcuni casi, baciandola.<\/p>\n<p>La <a href=\"https:\/\/www.holyart.it\/blog\/articoli-religiosi\/pasqua-10-curiosita-sui-simboli-della-passione-di-cristo\/\"><strong>Croce coperta da un velo<\/strong><\/a> viene portata sull&#8217;altare maggiore affiancata da due ministranti che portano in mano delle candele accese. Il celebrante scopre il braccio sinistro della Croce e la solleva mostrandola ai devoti e pronunciando o cantando la formula: <em>&#8220;Ecce lignum Crucis&#8221;<\/em>. I fedeli rispondono: <em>&#8220;Venite, adoremus.&#8221;<\/em><br \/>\nTutti adorano la Croce in silenzio, restando inginocchiati. Il celebrante scopre anche il braccio destro della Croce e la solleva di nuovo, ripetendo l&#8217;invito. Alla terza elevazione la Croce \u00e8 del tutto scoperta e viene deposta dove tutti possono accostarsi ad essa e adorarla.<br \/>\nIn una forma alternativa il sacerdote si avvicina alla <strong>porta della chiesa <\/strong>e riceve la Croce scoperta, che porta in processione attraverso la navata fino all&#8217;altare, seguito dagli altri ministri che portano i candelieri accesi. Lungo il tragitto si ferma tre volte, e a ogni sosta invitai fedeli all&#8217;adorazione.<\/p>\n<p>Durante la processione davanti alla Croce si canta l&#8217;antifona <em>Adoriamo la tua Croce<\/em>, e altri inni e canti. Al termine dell&#8217;adorazione la Croce viene rimessa al suo posto, le candele e i candelieri vengono messi sotto di essa o sull&#8217;altare.<\/p>\n<div class=\"link-article\">\n<p><img loading=\"lazy\" decoding=\"async\" class=\"size-full wp-image-17502 alignleft\" src=\"https:\/\/blog.holyart.it\/it\/wp-content\/uploads\/sites\/17\/2023\/03\/simboli-della-passione-di-cristo.jpg\" alt=\"simboli della passione di cristo\" width=\"150\" height=\"99\" data-kale-share-title=\"Le celebrazioni del Venerd\u00ec Santo: tutti i momenti pi\u00f9 importanti\" data-kale-share-url=\"https:\/\/blog.holyart.it\/it\/?p=17497\" \/><\/p>\n<div class=\"leggi-anche\">Leggi anche:<\/div>\n<p><strong><a href=\"https:\/\/www.holyart.it\/blog\/articoli-religiosi\/pasqua-10-curiosita-sui-simboli-della-passione-di-cristo\/\">Pasqua: 10 curiosit\u00e0 sui simboli della Passione di Cristo<\/a><\/strong><br \/>\nI simboli della Passione di Cristo sono parte integrante della solennit\u00e0 della Pasqua cristiana.<\/p>\n<\/div>\n<h2>La Santa Comunione con i Presantificati<\/h2>\n<p>Sebbene nella messa del Venerd\u00ec Santo non sia contemplata la celebrazione eucaristica, tuttavia i fedeli possono ricevere la <strong>comunione con i Presantificati<\/strong>. I Presantificati sono specie eucaristiche che sono state santificate la sera del Gioved\u00ec Santo, e che vengono distribuite ai presenti in sostituzione dell&#8217;Eucarestia.<\/p>\n<p>Alla fine della messa non viene fatta alcuna benedizione, e il celebrante e i ministri, dopo essersi genuflessi davanti alla croce, fanno ritorno in sacrestia in silenzio, senza canti o musica.<\/p>\n<h2>Rito ambrosiano<\/h2>\n<p>La celebrazione del Venerd\u00ec Santo e della Passione del Signore \u00e8 leggermente diversa nel rito ambrosiano.<\/p>\n<p>Si articola in due momenti liturgici: la celebrazione della <strong>Passione del Signore<\/strong>, al pomeriggio, e la celebrazione nella <a href=\"https:\/\/www.holyart.it\/it\/occasioni-speciali\/presepe-pasquale\/deposizione-gesu-angelo-statue-9-cm\"><strong>Deposizione del Signore<\/strong>,<\/a> la sera. La celebrazione pomeridiana si apre con l&#8217;<strong>annuncio della Morte del Signore<\/strong>, con la lettura della <em>Passione secondo Matteo<\/em> (Mt 27,1-56), e prosegue con l&#8217;<strong>adorazione della Croce <\/strong>e la<strong> preghiera universale<\/strong><br \/>\nNella celebrazione vespertina si ricorda la <a href=\"https:\/\/www.holyart.it\/it\/occasioni-speciali\/presepe-pasquale\/deposizione-cristo-dalla-croce-resina-9-cm\"><strong>deposizione di Cristo dalla Croce<\/strong>,<\/a> la preparazione del Suo corpo da parte di Giuseppe d&#8217;Arimatea e <a href=\"https:\/\/www.holyart.it\/it\/occasioni-speciali\/presepe-pasquale\/ambientazione-presepe-pasquale-9-cm-sepolcro-crocifissione-20x55x40-cm\"><strong>la sepoltura,<\/strong><\/a> come descritto in Matteo 27,57-61.<\/p>\n<p>Anche nella tradizione ambrosiana, il Venerd\u00ec Santo e in tutti i venerd\u00ec di Quaresima, non viene distribuita l&#8217;Eucarestia.<\/p>\n<div class=\"link-product\">\n<div class=\"blocco-immagine\"><img loading=\"lazy\" decoding=\"async\" class=\"size-full wp-image-17503 alignleft\" src=\"https:\/\/blog.holyart.it\/it\/wp-content\/uploads\/sites\/17\/2023\/03\/deposizione-cristo-dalla-croce.jpg\" alt=\"deposizione cristo dalla croce\" width=\"100\" height=\"100\" data-kale-share-title=\"Le celebrazioni del Venerd\u00ec Santo: tutti i momenti pi\u00f9 importanti\" data-kale-share-url=\"https:\/\/blog.holyart.it\/it\/?p=17497\" \/><\/div>\n<div class=\"blocco-contenuto\">\n<div class=\"blocco-acquista\">Acquista su Holyart:<\/div>\n<div class=\"blocco-titolo\"><a href=\"https:\/\/www.holyart.it\/it\/occasioni-speciali\/presepe-pasquale\/deposizione-cristo-dalla-croce-resina-9-cm\">Deposizione Cristo dalla croce resina 9 cm<\/a><\/div>\n<div class=\"blocco-descrizione\">La statuina in resina rappresenta una tra le immagini pi\u00f9 conosciute della morte di Ges\u00f9.<\/div>\n<\/div>\n<\/div>\n<h2>La Via Crucis<\/h2>\n<p>Un&#8217;altra delle tradizioni del Venerd\u00ec Santo che solitamente ha luogo la sera \u00e8 la <a href=\"https:\/\/www.holyart.it\/blog\/accessori-liturgia\/percorso-cristo-via-crucis\/\"><strong>Via Crucis<\/strong><\/a>. La pi\u00f9 importante si tiene a Roma, al Colosseo, dove venne celebrata per la prima volta nel 1750 da Benedetto XIV, papa Lambertini, che dedic\u00f2 il Colosseo alla Passione di Cristo e ai Martiri e fece erigere le <a href=\"https:\/\/www.holyart.it\/blog\/articoli-religiosi\/via-dolorosa-le-14-installazioni-in-bronzo-raffiguranti-le-scene-della-passione\/\"><strong>14 stazioni<\/strong>\u00a0<\/a> e una grande Croce.\u00a0Tra alterne vicende l&#8217;usanza della Via Crucis al Colosseo venne portata avanti, abbandonata a poi recuperata a seconda del periodo storico. Nel 1965 venne ripresa da Paolo VI e trasmessa per la prima volta in diretta eurovisione della Rai. Dal 1977 la trasmissione divenne in mondovisione e a colori. Giovanni Paolo II volle che a scrivere le meditazioni legate alle varie stazioni non fossero solo religiosi, ma anche laici.<\/p>\n<p>Percorrere la Via Crucis in silenzio e preghiera \u00e8 un modo per <strong>sentirsi pi\u00f9 vicini a Cristo<\/strong>, per seguire i Suoi passi verso il Calvario e la morte, un cammino tracciato dallo Spirito Santo, che discende su coloro i quali scelgono di seguire quello stesso percorso.<\/p>\n<div class=\"link-article\">\n<p><img loading=\"lazy\" decoding=\"async\" class=\"size-full wp-image-17506 alignleft\" src=\"https:\/\/blog.holyart.it\/it\/wp-content\/uploads\/sites\/17\/2023\/03\/via-dolorosa-le-14-installazioni-in-bronzo-raffiguranti-le-scene-della-passione.jpg\" alt=\"via dolorosa le 14 installazioni in bronzo raffiguranti le scene della passione\" width=\"150\" height=\"99\" data-kale-share-title=\"Le celebrazioni del Venerd\u00ec Santo: tutti i momenti pi\u00f9 importanti\" data-kale-share-url=\"https:\/\/blog.holyart.it\/it\/?p=17497\" \/><\/p>\n<div class=\"leggi-anche\">Leggi anche:<\/div>\n<p><strong><a href=\"https:\/\/www.holyart.it\/blog\/articoli-religiosi\/via-dolorosa-le-14-installazioni-in-bronzo-raffiguranti-le-scene-della-passione\/\">Via Dolorosa: le 14 installazioni in bronzo raffiguranti le scene della Passione<\/a><\/strong><br \/>\nLa Via Dolorosa ripercorre le tappe della Passione di Ges\u00f9.<\/p>\n<\/div>\n<p>Ecco le 14 stazioni:<\/p>\n<ol>\n<li>Ges\u00f9 \u00e8 condannato a morte<\/li>\n<li>Ges\u00f9 riceve sulle spalle la croce<\/li>\n<li>Ges\u00f9 cade per la prima volta<\/li>\n<li>Ges\u00f9 incontra sua madre<\/li>\n<li>Simone di Cirene porta la croce di Ges\u00f9<\/li>\n<li>La Veronica asciuga il volto a Ges\u00f9<\/li>\n<li>Ges\u00f9 cade per la seconda volta<\/li>\n<li>Le donne di Gerusalemme piangono su Ges\u00f9<\/li>\n<li>Ges\u00f9 cade per la terza volta<\/li>\n<li>Ges\u00f9 \u00e8 spogliato delle sue vesti<\/li>\n<li>Ges\u00f9 \u00e8 inchiodato sulla croce<\/li>\n<li>Ges\u00f9 muore in croce<\/li>\n<li>Ges\u00f9 \u00e8 deposto dalla croce<\/li>\n<li>Ges\u00f9 viene sepolto.<\/li>\n<\/ol>\n","protected":false},"excerpt":{"rendered":"<p>Con il Venerd\u00ec Santo si contempla la Passione e la morte di Ges\u00f9, in attesa del miracolo pasquale. Ecco i momenti pi\u00f9 importanti di questo giorno solenne Il Venerd\u00ec Santo precede la Domenica di Pasqua e segna l&#8217;inizio della fine della Settimana Santa. Nel pomeriggio&hellip;<\/p>\n","protected":false},"author":1,"featured_media":17554,"comment_status":"closed","ping_status":"open","sticky":false,"template":"","format":"standard","meta":{"_acf_changed":false,"footnotes":""},"categories":[20,26],"tags":[],"class_list":["post-17497","post","type-post","status-publish","format-standard","has-post-thumbnail","hentry","category-occasioni-speciali","category-pasqua"],"acf":[],"yoast_head":"<!-- This site is optimized with the Yoast SEO plugin v26.6 - https:\/\/yoast.com\/wordpress\/plugins\/seo\/ -->\n<title>Le celebrazioni del Venerd\u00ec Santo: tutti i momenti pi\u00f9 importanti<\/title>\n<meta name=\"description\" content=\"Con il Venerd\u00ec Santo si contempla la Passione e la morte di Ges\u00f9, in attesa del miracolo pasquale: ecco i momenti pi\u00f9 importanti.\" \/>\n<meta name=\"robots\" content=\"index, follow, max-snippet:-1, max-image-preview:large, max-video-preview:-1\" \/>\n<link rel=\"canonical\" href=\"https:\/\/blog.holyart.it\/it\/pasqua\/le-celebrazioni-del-venerdi-santo-tutti-i-momenti-piu-importanti\/\" \/>\n<meta property=\"og:locale\" content=\"it_IT\" \/>\n<meta property=\"og:type\" content=\"article\" \/>\n<meta property=\"og:title\" content=\"Le celebrazioni del Venerd\u00ec Santo: tutti i momenti pi\u00f9 importanti\" \/>\n<meta property=\"og:description\" content=\"Con il Venerd\u00ec Santo si contempla la Passione e la morte di Ges\u00f9, in attesa del miracolo pasquale: ecco i momenti pi\u00f9 importanti.\" \/>\n<meta property=\"og:url\" content=\"https:\/\/blog.holyart.it\/it\/pasqua\/le-celebrazioni-del-venerdi-santo-tutti-i-momenti-piu-importanti\/\" \/>\n<meta property=\"og:site_name\" content=\"Holyblog\" \/>\n<meta property=\"article:published_time\" content=\"2023-03-29T12:55:05+00:00\" \/>\n<meta property=\"article:modified_time\" content=\"2025-03-06T11:25:36+00:00\" \/>\n<meta property=\"og:image\" content=\"https:\/\/blog.holyart.it\/it\/wp-content\/uploads\/sites\/17\/2023\/03\/aaa-venerdi-santo.jpg\" \/>\n\t<meta property=\"og:image:width\" content=\"1000\" \/>\n\t<meta property=\"og:image:height\" content=\"666\" \/>\n\t<meta property=\"og:image:type\" content=\"image\/jpeg\" \/>\n<meta name=\"author\" content=\"Redazione\" \/>\n<meta name=\"twitter:card\" content=\"summary_large_image\" \/>\n<meta name=\"twitter:label1\" content=\"Scritto da\" \/>\n\t<meta name=\"twitter:data1\" content=\"Redazione\" \/>\n\t<meta name=\"twitter:label2\" content=\"Tempo di lettura stimato\" \/>\n\t<meta name=\"twitter:data2\" content=\"8 minuti\" \/>\n<script type=\"application\/ld+json\" class=\"yoast-schema-graph\">{\"@context\":\"https:\/\/schema.org\",\"@graph\":[{\"@type\":\"Article\",\"@id\":\"https:\/\/blog.holyart.it\/it\/pasqua\/le-celebrazioni-del-venerdi-santo-tutti-i-momenti-piu-importanti\/#article\",\"isPartOf\":{\"@id\":\"https:\/\/blog.holyart.it\/it\/pasqua\/le-celebrazioni-del-venerdi-santo-tutti-i-momenti-piu-importanti\/\"},\"author\":{\"name\":\"Redazione\",\"@id\":\"https:\/\/blog.holyart.it\/it\/#\/schema\/person\/0a7b686e5af0f856ec1e390dd0baecda\"},\"headline\":\"Le celebrazioni del Venerd\u00ec Santo: tutti i momenti pi\u00f9 importanti\",\"datePublished\":\"2023-03-29T12:55:05+00:00\",\"dateModified\":\"2025-03-06T11:25:36+00:00\",\"mainEntityOfPage\":{\"@id\":\"https:\/\/blog.holyart.it\/it\/pasqua\/le-celebrazioni-del-venerdi-santo-tutti-i-momenti-piu-importanti\/\"},\"wordCount\":1199,\"publisher\":{\"@id\":\"https:\/\/blog.holyart.it\/it\/#organization\"},\"image\":{\"@id\":\"https:\/\/blog.holyart.it\/it\/pasqua\/le-celebrazioni-del-venerdi-santo-tutti-i-momenti-piu-importanti\/#primaryimage\"},\"thumbnailUrl\":\"https:\/\/blog.holyart.it\/it\/wp-content\/uploads\/sites\/17\/2023\/03\/aaa-venerdi-santo.jpg\",\"articleSection\":[\"Occasioni speciali\",\"Pasqua\"],\"inLanguage\":\"it-IT\"},{\"@type\":\"WebPage\",\"@id\":\"https:\/\/blog.holyart.it\/it\/pasqua\/le-celebrazioni-del-venerdi-santo-tutti-i-momenti-piu-importanti\/\",\"url\":\"https:\/\/blog.holyart.it\/it\/pasqua\/le-celebrazioni-del-venerdi-santo-tutti-i-momenti-piu-importanti\/\",\"name\":\"Le celebrazioni del Venerd\u00ec Santo: tutti i momenti pi\u00f9 importanti\",\"isPartOf\":{\"@id\":\"https:\/\/blog.holyart.it\/it\/#website\"},\"primaryImageOfPage\":{\"@id\":\"https:\/\/blog.holyart.it\/it\/pasqua\/le-celebrazioni-del-venerdi-santo-tutti-i-momenti-piu-importanti\/#primaryimage\"},\"image\":{\"@id\":\"https:\/\/blog.holyart.it\/it\/pasqua\/le-celebrazioni-del-venerdi-santo-tutti-i-momenti-piu-importanti\/#primaryimage\"},\"thumbnailUrl\":\"https:\/\/blog.holyart.it\/it\/wp-content\/uploads\/sites\/17\/2023\/03\/aaa-venerdi-santo.jpg\",\"datePublished\":\"2023-03-29T12:55:05+00:00\",\"dateModified\":\"2025-03-06T11:25:36+00:00\",\"description\":\"Con il Venerd\u00ec Santo si contempla la Passione e la morte di Ges\u00f9, in attesa del miracolo pasquale: ecco i momenti pi\u00f9 importanti.\",\"breadcrumb\":{\"@id\":\"https:\/\/blog.holyart.it\/it\/pasqua\/le-celebrazioni-del-venerdi-santo-tutti-i-momenti-piu-importanti\/#breadcrumb\"},\"inLanguage\":\"it-IT\",\"potentialAction\":[{\"@type\":\"ReadAction\",\"target\":[\"https:\/\/blog.holyart.it\/it\/pasqua\/le-celebrazioni-del-venerdi-santo-tutti-i-momenti-piu-importanti\/\"]}]},{\"@type\":\"ImageObject\",\"inLanguage\":\"it-IT\",\"@id\":\"https:\/\/blog.holyart.it\/it\/pasqua\/le-celebrazioni-del-venerdi-santo-tutti-i-momenti-piu-importanti\/#primaryimage\",\"url\":\"https:\/\/blog.holyart.it\/it\/wp-content\/uploads\/sites\/17\/2023\/03\/aaa-venerdi-santo.jpg\",\"contentUrl\":\"https:\/\/blog.holyart.it\/it\/wp-content\/uploads\/sites\/17\/2023\/03\/aaa-venerdi-santo.jpg\",\"width\":1000,\"height\":666},{\"@type\":\"BreadcrumbList\",\"@id\":\"https:\/\/blog.holyart.it\/it\/pasqua\/le-celebrazioni-del-venerdi-santo-tutti-i-momenti-piu-importanti\/#breadcrumb\",\"itemListElement\":[{\"@type\":\"ListItem\",\"position\":1,\"name\":\"Homepage\",\"item\":\"https:\/\/blog.holyart.it\/it\/\"},{\"@type\":\"ListItem\",\"position\":2,\"name\":\"Pasqua\",\"item\":\"https:\/\/blog.holyart.it\/it\/pasqua\/\"},{\"@type\":\"ListItem\",\"position\":3,\"name\":\"Le celebrazioni del Venerd\u00ec Santo: tutti i momenti pi\u00f9 importanti\"}]},{\"@type\":\"WebSite\",\"@id\":\"https:\/\/blog.holyart.it\/it\/#website\",\"url\":\"https:\/\/blog.holyart.it\/it\/\",\"name\":\"Holyblog\",\"description\":\"Il Blog di Holyart.it\",\"publisher\":{\"@id\":\"https:\/\/blog.holyart.it\/it\/#organization\"},\"potentialAction\":[{\"@type\":\"SearchAction\",\"target\":{\"@type\":\"EntryPoint\",\"urlTemplate\":\"https:\/\/blog.holyart.it\/it\/?s={search_term_string}\"},\"query-input\":{\"@type\":\"PropertyValueSpecification\",\"valueRequired\":true,\"valueName\":\"search_term_string\"}}],\"inLanguage\":\"it-IT\"},{\"@type\":\"Organization\",\"@id\":\"https:\/\/blog.holyart.it\/it\/#organization\",\"name\":\"Holyblog\",\"url\":\"https:\/\/blog.holyart.it\/it\/\",\"logo\":{\"@type\":\"ImageObject\",\"inLanguage\":\"it-IT\",\"@id\":\"https:\/\/blog.holyart.it\/it\/#\/schema\/logo\/image\/\",\"url\":\"https:\/\/blog.holyart.it\/it\/wp-content\/uploads\/sites\/17\/2022\/12\/Holyart_Blog_Logo.jpg\",\"contentUrl\":\"https:\/\/blog.holyart.it\/it\/wp-content\/uploads\/sites\/17\/2022\/12\/Holyart_Blog_Logo.jpg\",\"width\":300,\"height\":50,\"caption\":\"Holyblog\"},\"image\":{\"@id\":\"https:\/\/blog.holyart.it\/it\/#\/schema\/logo\/image\/\"}},{\"@type\":\"Person\",\"@id\":\"https:\/\/blog.holyart.it\/it\/#\/schema\/person\/0a7b686e5af0f856ec1e390dd0baecda\",\"name\":\"Redazione\"}]}<\/script>\n<!-- \/ Yoast SEO plugin. -->","yoast_head_json":{"title":"Le celebrazioni del Venerd\u00ec Santo: tutti i momenti pi\u00f9 importanti","description":"Con il Venerd\u00ec Santo si contempla la Passione e la morte di Ges\u00f9, in attesa del miracolo pasquale: ecco i momenti pi\u00f9 importanti.","robots":{"index":"index","follow":"follow","max-snippet":"max-snippet:-1","max-image-preview":"max-image-preview:large","max-video-preview":"max-video-preview:-1"},"canonical":"https:\/\/blog.holyart.it\/it\/pasqua\/le-celebrazioni-del-venerdi-santo-tutti-i-momenti-piu-importanti\/","og_locale":"it_IT","og_type":"article","og_title":"Le celebrazioni del Venerd\u00ec Santo: tutti i momenti pi\u00f9 importanti","og_description":"Con il Venerd\u00ec Santo si contempla la Passione e la morte di Ges\u00f9, in attesa del miracolo pasquale: ecco i momenti pi\u00f9 importanti.","og_url":"https:\/\/blog.holyart.it\/it\/pasqua\/le-celebrazioni-del-venerdi-santo-tutti-i-momenti-piu-importanti\/","og_site_name":"Holyblog","article_published_time":"2023-03-29T12:55:05+00:00","article_modified_time":"2025-03-06T11:25:36+00:00","og_image":[{"width":1000,"height":666,"url":"https:\/\/blog.holyart.it\/it\/wp-content\/uploads\/sites\/17\/2023\/03\/aaa-venerdi-santo.jpg","type":"image\/jpeg"}],"author":"Redazione","twitter_card":"summary_large_image","twitter_misc":{"Scritto da":"Redazione","Tempo di lettura stimato":"8 minuti"},"schema":{"@context":"https:\/\/schema.org","@graph":[{"@type":"Article","@id":"https:\/\/blog.holyart.it\/it\/pasqua\/le-celebrazioni-del-venerdi-santo-tutti-i-momenti-piu-importanti\/#article","isPartOf":{"@id":"https:\/\/blog.holyart.it\/it\/pasqua\/le-celebrazioni-del-venerdi-santo-tutti-i-momenti-piu-importanti\/"},"author":{"name":"Redazione","@id":"https:\/\/blog.holyart.it\/it\/#\/schema\/person\/0a7b686e5af0f856ec1e390dd0baecda"},"headline":"Le celebrazioni del Venerd\u00ec Santo: tutti i momenti pi\u00f9 importanti","datePublished":"2023-03-29T12:55:05+00:00","dateModified":"2025-03-06T11:25:36+00:00","mainEntityOfPage":{"@id":"https:\/\/blog.holyart.it\/it\/pasqua\/le-celebrazioni-del-venerdi-santo-tutti-i-momenti-piu-importanti\/"},"wordCount":1199,"publisher":{"@id":"https:\/\/blog.holyart.it\/it\/#organization"},"image":{"@id":"https:\/\/blog.holyart.it\/it\/pasqua\/le-celebrazioni-del-venerdi-santo-tutti-i-momenti-piu-importanti\/#primaryimage"},"thumbnailUrl":"https:\/\/blog.holyart.it\/it\/wp-content\/uploads\/sites\/17\/2023\/03\/aaa-venerdi-santo.jpg","articleSection":["Occasioni speciali","Pasqua"],"inLanguage":"it-IT"},{"@type":"WebPage","@id":"https:\/\/blog.holyart.it\/it\/pasqua\/le-celebrazioni-del-venerdi-santo-tutti-i-momenti-piu-importanti\/","url":"https:\/\/blog.holyart.it\/it\/pasqua\/le-celebrazioni-del-venerdi-santo-tutti-i-momenti-piu-importanti\/","name":"Le celebrazioni del Venerd\u00ec Santo: tutti i momenti pi\u00f9 importanti","isPartOf":{"@id":"https:\/\/blog.holyart.it\/it\/#website"},"primaryImageOfPage":{"@id":"https:\/\/blog.holyart.it\/it\/pasqua\/le-celebrazioni-del-venerdi-santo-tutti-i-momenti-piu-importanti\/#primaryimage"},"image":{"@id":"https:\/\/blog.holyart.it\/it\/pasqua\/le-celebrazioni-del-venerdi-santo-tutti-i-momenti-piu-importanti\/#primaryimage"},"thumbnailUrl":"https:\/\/blog.holyart.it\/it\/wp-content\/uploads\/sites\/17\/2023\/03\/aaa-venerdi-santo.jpg","datePublished":"2023-03-29T12:55:05+00:00","dateModified":"2025-03-06T11:25:36+00:00","description":"Con il Venerd\u00ec Santo si contempla la Passione e la morte di Ges\u00f9, in attesa del miracolo pasquale: ecco i momenti pi\u00f9 importanti.","breadcrumb":{"@id":"https:\/\/blog.holyart.it\/it\/pasqua\/le-celebrazioni-del-venerdi-santo-tutti-i-momenti-piu-importanti\/#breadcrumb"},"inLanguage":"it-IT","potentialAction":[{"@type":"ReadAction","target":["https:\/\/blog.holyart.it\/it\/pasqua\/le-celebrazioni-del-venerdi-santo-tutti-i-momenti-piu-importanti\/"]}]},{"@type":"ImageObject","inLanguage":"it-IT","@id":"https:\/\/blog.holyart.it\/it\/pasqua\/le-celebrazioni-del-venerdi-santo-tutti-i-momenti-piu-importanti\/#primaryimage","url":"https:\/\/blog.holyart.it\/it\/wp-content\/uploads\/sites\/17\/2023\/03\/aaa-venerdi-santo.jpg","contentUrl":"https:\/\/blog.holyart.it\/it\/wp-content\/uploads\/sites\/17\/2023\/03\/aaa-venerdi-santo.jpg","width":1000,"height":666},{"@type":"BreadcrumbList","@id":"https:\/\/blog.holyart.it\/it\/pasqua\/le-celebrazioni-del-venerdi-santo-tutti-i-momenti-piu-importanti\/#breadcrumb","itemListElement":[{"@type":"ListItem","position":1,"name":"Homepage","item":"https:\/\/blog.holyart.it\/it\/"},{"@type":"ListItem","position":2,"name":"Pasqua","item":"https:\/\/blog.holyart.it\/it\/pasqua\/"},{"@type":"ListItem","position":3,"name":"Le celebrazioni del Venerd\u00ec Santo: tutti i momenti pi\u00f9 importanti"}]},{"@type":"WebSite","@id":"https:\/\/blog.holyart.it\/it\/#website","url":"https:\/\/blog.holyart.it\/it\/","name":"Holyblog","description":"Il Blog di Holyart.it","publisher":{"@id":"https:\/\/blog.holyart.it\/it\/#organization"},"potentialAction":[{"@type":"SearchAction","target":{"@type":"EntryPoint","urlTemplate":"https:\/\/blog.holyart.it\/it\/?s={search_term_string}"},"query-input":{"@type":"PropertyValueSpecification","valueRequired":true,"valueName":"search_term_string"}}],"inLanguage":"it-IT"},{"@type":"Organization","@id":"https:\/\/blog.holyart.it\/it\/#organization","name":"Holyblog","url":"https:\/\/blog.holyart.it\/it\/","logo":{"@type":"ImageObject","inLanguage":"it-IT","@id":"https:\/\/blog.holyart.it\/it\/#\/schema\/logo\/image\/","url":"https:\/\/blog.holyart.it\/it\/wp-content\/uploads\/sites\/17\/2022\/12\/Holyart_Blog_Logo.jpg","contentUrl":"https:\/\/blog.holyart.it\/it\/wp-content\/uploads\/sites\/17\/2022\/12\/Holyart_Blog_Logo.jpg","width":300,"height":50,"caption":"Holyblog"},"image":{"@id":"https:\/\/blog.holyart.it\/it\/#\/schema\/logo\/image\/"}},{"@type":"Person","@id":"https:\/\/blog.holyart.it\/it\/#\/schema\/person\/0a7b686e5af0f856ec1e390dd0baecda","name":"Redazione"}]}},"_links":{"self":[{"href":"https:\/\/blog.holyart.it\/it\/wp-json\/wp\/v2\/posts\/17497","targetHints":{"allow":["GET"]}}],"collection":[{"href":"https:\/\/blog.holyart.it\/it\/wp-json\/wp\/v2\/posts"}],"about":[{"href":"https:\/\/blog.holyart.it\/it\/wp-json\/wp\/v2\/types\/post"}],"author":[{"embeddable":true,"href":"https:\/\/blog.holyart.it\/it\/wp-json\/wp\/v2\/users\/1"}],"replies":[{"embeddable":true,"href":"https:\/\/blog.holyart.it\/it\/wp-json\/wp\/v2\/comments?post=17497"}],"version-history":[{"count":7,"href":"https:\/\/blog.holyart.it\/it\/wp-json\/wp\/v2\/posts\/17497\/revisions"}],"predecessor-version":[{"id":17512,"href":"https:\/\/blog.holyart.it\/it\/wp-json\/wp\/v2\/posts\/17497\/revisions\/17512"}],"wp:featuredmedia":[{"embeddable":true,"href":"https:\/\/blog.holyart.it\/it\/wp-json\/wp\/v2\/media\/17554"}],"wp:attachment":[{"href":"https:\/\/blog.holyart.it\/it\/wp-json\/wp\/v2\/media?parent=17497"}],"wp:term":[{"taxonomy":"category","embeddable":true,"href":"https:\/\/blog.holyart.it\/it\/wp-json\/wp\/v2\/categories?post=17497"},{"taxonomy":"post_tag","embeddable":true,"href":"https:\/\/blog.holyart.it\/it\/wp-json\/wp\/v2\/tags?post=17497"}],"curies":[{"name":"wp","href":"https:\/\/api.w.org\/{rel}","templated":true}]}}