{"id":17482,"date":"2023-03-27T09:49:20","date_gmt":"2023-03-27T07:49:20","guid":{"rendered":"https:\/\/blog.holyart.it\/it\/?p=17482"},"modified":"2025-02-13T09:56:51","modified_gmt":"2025-02-13T08:56:51","slug":"la-storia-di-ponzio-pilato-e-il-suo-coinvolgimento-nella-condanna-di-gesu","status":"publish","type":"post","link":"https:\/\/blog.holyart.it\/it\/articoli-religiosi\/la-storia-di-ponzio-pilato-e-il-suo-coinvolgimento-nella-condanna-di-gesu\/","title":{"rendered":"La storia di Ponzio Pilato e il suo coinvolgimento nella condanna di Ges\u00f9"},"content":{"rendered":"<h4>Figura controversa e tragica, Ponzio Pilato \u00e8 passato alla storia come l&#8217;uomo che ha condannato a morte Ges\u00f9. Ma chi era davvero? Scopriamolo, tra realt\u00e0 storica e racconto evangelico<\/h4>\n\n<p>Sono tanti i personaggi che compaiono nella <strong>storia della Passione e della Morte di Cristo<\/strong>. Pensiamo a <strong><a href=\"https:\/\/www.holyart.it\/blog\/articoli-religiosi\/simone-di-cirene-luomo-che-aiuto-gesu-a-portare-la-croce\/\">Simone di Cirene<\/a>,<\/strong> l&#8217;uomo che aiut\u00f2 Ges\u00f9 a portare la Croce fino alla cima del Golgota, a <strong><a href=\"https:\/\/www.holyart.it\/blog\/santi-e-beati\/san-disma-il-buon-ladrone-andato-in-paradiso\/\">Disma<\/a>,<\/strong> uno dei due ladroni, perdonato in punto di morte e accolto in Paradiso, alle <strong><a href=\"https:\/\/www.holyart.it\/blog\/santi-e-beati\/pie-donne-le-tre-marie-presenti-sotto-la-croce-di-gesu\/\">tre pie donne<\/a><\/strong> raccolte a piangere ai piedi della Croce. Altri personaggi sono citati nei <a href=\"https:\/\/www.holyart.it\/it\/articoli-religiosi\/libri-e-testi-sacri\/vangeli\"><strong>Vangeli,<\/strong><\/a> alcuni in modo pi\u00f9 o meno approfondito, ma uno in particolare ha subito nel corso dei secoli un destino davvero tragico. Parliamo di <strong>Ponzio Pilato<\/strong>, il prefetto romano in Giudea, colui che secondo il Vangelo di Matteo, <a href=\"https:\/\/www.holyart.it\/blog\/articoli-religiosi\/perche-gesu-in-croce-e-un-simbolo-cosi-importante-per-i-cattolici-2\/\"><strong>condann\u00f2 a morte Ges\u00f9.<\/strong><\/a><\/p>\n<p>La tragicit\u00e0 di Ponzio Pilato risiede proprio nella sua apparente inconsapevolezza, nella leggerezza con cui prefer\u00ec lasciare il destino di quell&#8217;uomo, a suo avviso colpevole solo di farneticazioni senza senso, al Sinedrio, l&#8217;organo di giustizia ebraico, per il quale Ges\u00f9 andava condannato per blasfemia.<\/p>\n<div class=\"link-article\">\n<p><img loading=\"lazy\" decoding=\"async\" class=\"size-full wp-image-17489 alignnone\" src=\"https:\/\/blog.holyart.it\/it\/wp-content\/uploads\/sites\/17\/2023\/03\/pie-donne.jpeg\" alt=\"pie donne\" width=\"150\" height=\"100\" data-kale-share-title=\"La storia di Ponzio Pilato e il suo coinvolgimento nella condanna di Ges\u00f9\" data-kale-share-url=\"https:\/\/blog.holyart.it\/it\/?p=17482\" \/><\/p>\n<div class=\"leggi-anche\">Leggi anche:<\/div>\n<p><strong><a href=\"https:\/\/www.holyart.it\/blog\/santi-e-beati\/pie-donne-le-tre-marie-presenti-sotto-la-croce-di-gesu\/\">Pie donne: le tre Marie presenti sotto la croce di Ges\u00f9<\/a><\/strong><br \/>\nMaria Vergine, Maria di Cleofa e Maria Maddalena: ecco chi erano le pie donne che assistettero alla morte di Ges\u00f9 in Croce<\/p>\n<\/div>\n<p>Come spesso accade nel racconto evangelico, tuttavia, dobbiamo considerare che alcuni aspetti del racconto del processo a Ges\u00f9 non sono verosimilmente storici, ma hanno un carattere simbolico e didascalico. Per esempio \u00e8 molto teatrale, ma quasi sicuramente inventato, il famoso gesto di<strong> Pilato che si lava le mani<\/strong>, dichiarando la sua volont\u00e0 di non avere parte in quella condanna, come scrive l&#8217;evangelista Matteo: <em>&#8220;Pilato, visto che non otteneva nulla, anzi che il tumulto aumentava, prese dell\u2019acqua e si lav\u00f2 le mani davanti alla folla, dicendo: \u00abNon sono responsabile di questo sangue. Pensateci voi!\u00bb&#8221;<\/em> (Matteo 27,24). Questo gesto peraltro non apparteneva in alcun modo alla cultura romana, ed \u00e8 quasi certo che non accadde cos\u00ec, ma questo gesto si ricollega al passo successivo del Vangelo, in cui l&#8217;evangelista fa dire al popolo riunito ad assistere al processo:<em> &#8220;E tutto il popolo rispose: \u00abIl suo sangue ricada su di noi e sui nostri figli\u00bb&#8221;<\/em> (Matteo 27,25).<\/p>\n<p>Una drammatizzazione, dunque, di un evento di per s\u00e9 gi\u00e0 molto drammatico, come poteva essere <a href=\"https:\/\/www.holyart.it\/it\/occasioni-speciali\/presepe-pasquale\/scena-crocifissione-soldato-maria-statue-9-cm\"><strong>il processo e la condanna di un uomo,<\/strong><\/a> in un&#8217;epoca in cui tuttavia, tali condanne erano all&#8217;ordine del giorno, soprattutto in un paese occupato, come la Giudea sotto il dominio romano. Eppure a rendere ancora pi\u00f9 tragica la vicenda \u00e8 proprio la figura di Ponzio Pilato, un uomo estraneo alla cultura e alla religione ebraica, di cui Ges\u00f9 faceva parta e dalla quale era condannato, uno straniero in terra straniera, circondato dall&#8217;ostilit\u00e0 di tutti, lontano dalla propria citt\u00e0, dal proprio stile di vita.<\/p>\n<div class=\"link-article\">\n<p><img loading=\"lazy\" decoding=\"async\" class=\"size-full wp-image-17488 alignleft\" src=\"https:\/\/blog.holyart.it\/it\/wp-content\/uploads\/sites\/17\/2023\/03\/gesu-in-croce.jpg\" alt=\"gesu in croce\" width=\"150\" height=\"99\" data-kale-share-title=\"La storia di Ponzio Pilato e il suo coinvolgimento nella condanna di Ges\u00f9\" data-kale-share-url=\"https:\/\/blog.holyart.it\/it\/?p=17482\" \/><\/p>\n<div class=\"leggi-anche\">Leggi anche:<\/div>\n<p><strong><a href=\"https:\/\/www.holyart.it\/blog\/articoli-religiosi\/perche-gesu-in-croce-e-un-simbolo-cosi-importante-per-i-cattolici-2\/\">Perch\u00e8 Ges\u00f9 in croce \u00e8 un simbolo cos\u00ec importante per i cattolici?<\/a><\/strong><br \/>\nLa figura di Ges\u00f9 in croce rappresenta per ogni cristiano il simbolo&#8230;<\/p>\n<\/div>\n<h2>Ma chi era Ponzio Pilato?<\/h2>\n<p>Di lui sappiamo molto poco, solo quello che leggiamo nei <a href=\"https:\/\/www.holyart.it\/it\/articoli-religiosi\/libri-e-testi-sacri\/vangeli\"><strong>Vangeli<\/strong><\/a> e nei documenti religiosi apocrifi, ma anche nei testi storici e filosofici di Filone di Alessandria, Giuseppe Flavio, Cornelio Tacito.<br \/>\nSappiamo che aveva una <strong>moglie<\/strong>, Claudia, che lo aveva seguito a Gerusalemme, e che secondo una certa tradizione lo avrebbe convinto molti anni dopo a <strong>convertirsi al Cristianesimo<\/strong> e a vivere come un penitente per espiare la sua colpa nei confronti di Ges\u00f9. Secondo la Chiesa ortodossa etiope sarebbe addirittura morto <strong>martire<\/strong>, tanto che lo si venera come santo e se ne celebra la ricorrenza il 25 giugno.<br \/>\nSappiamo che non nutriva molta simpatia per <strong>Erode Antipa<\/strong>, il tetrarca a cui tuttavia mando Ges\u00f9, perch\u00e9 fosse lui a giudicarlo.<br \/>\nPrima di tutto sappiamo che venne scelto dall&#8217;<strong>imperatore Tiberio<\/strong> in persona per la sua <strong>severit\u00e0 e durezza<\/strong>, perch\u00e9 governasse con pugno di ferro quella terra cos\u00ec difficile e dalla posizione strategica.<\/p>\n<div class=\"link-product\">\n<div class=\"blocco-immagine\"><img loading=\"lazy\" decoding=\"async\" class=\"size-full wp-image-17495 alignleft\" src=\"https:\/\/blog.holyart.it\/it\/wp-content\/uploads\/sites\/17\/2023\/03\/vangelo-e-atti-degli-apostoli.jpg\" alt=\"vangelo e atti degli apostoli\" width=\"100\" height=\"100\" data-kale-share-title=\"La storia di Ponzio Pilato e il suo coinvolgimento nella condanna di Ges\u00f9\" data-kale-share-url=\"https:\/\/blog.holyart.it\/it\/?p=17482\" \/><\/div>\n<div class=\"blocco-contenuto\">\n<div class=\"blocco-acquista\">Acquista su Holyart:<\/div>\n<div class=\"blocco-titolo\"><a href=\"https:\/\/www.holyart.it\/it\/articoli-religiosi\/libri-e-testi-sacri\/vangeli\/vangelo-e-atti-degli-apostoli-nuova-versione-ufficiale-cei\">Vangelo e atti degli apostoli nuova versione ufficiale CEI<\/a><\/div>\n<div class=\"blocco-descrizione\">Vangelo e atti degli apostoli nuova versione ufficiale della CEI.<\/div>\n<\/div>\n<\/div>\n<p>Nato in Abbruzzo, o forse in Campania, era membro dell&#8217;<em>ordo equestris<\/em> e aveva prestato servizio nell&#8217;esercito.\u00a0Inviato in Giudea nel 26 d.C. ne fu <strong>governatore per dieci anni<\/strong>. Un governatore intransigente, a detta di molti, perfino spietato e per nulla attento alle tradizioni locali, alla religione dei sudditi, alla cultura ebraica, cos\u00ec complessa e retta da regole ferree. Molto spesso la popolazione ebraica sarebbe insorta contro di lui, rivendicando un maggior rispetto delle proprie tradizioni.<br \/>\nCiononostante fece anche opere meritevoli, come costruire un acquedotto per risolvere il problema della siccit\u00e0 cronica che tormentava gli abitanti di Gerusalemme. Ma il fatto che per farlo confisc\u00f2 parte del tesoro del Tempio port\u00f2 una nuova ondata di malcontento.<br \/>\nQuesto ritratto di uomo duro fino alla crudelt\u00e0 <strong>cozza con quanto scritto nei Vangeli<\/strong>, riguardo la sua riluttanza a <strong><a href=\"https:\/\/www.holyart.it\/it\/occasioni-speciali\/presepe-pasquale\/scena-condanna-a-morte-orto-ulivi-presepe-pasquale-9-cm-35x60x40-cm-modulo-4\">condannare a morte Ges\u00f9 Cristo.<\/a><\/strong><br \/>\nChe cosa avvenne davvero dopo l&#8217;ingresso di Ges\u00f9 a Gerusalemme?<\/p>\n<div class=\"link-product\">\n<div class=\"blocco-immagine\"><img loading=\"lazy\" decoding=\"async\" class=\"size-full wp-image-17486 alignleft\" src=\"https:\/\/blog.holyart.it\/it\/wp-content\/uploads\/sites\/17\/2023\/03\/scena-condanna-a-morte-orto-ulivi-presepe-pasquale.jpg\" alt=\"scena condanna a morte orto ulivi presepe pasquale\" width=\"100\" height=\"100\" data-kale-share-title=\"La storia di Ponzio Pilato e il suo coinvolgimento nella condanna di Ges\u00f9\" data-kale-share-url=\"https:\/\/blog.holyart.it\/it\/?p=17482\" \/><\/div>\n<div class=\"blocco-contenuto\">\n<div class=\"blocco-acquista\">Acquista su Holyart:<\/div>\n<div class=\"blocco-titolo\"><a href=\"https:\/\/www.holyart.it\/it\/occasioni-speciali\/presepe-pasquale\/scena-condanna-a-morte-orto-ulivi-presepe-pasquale-9-cm-35x60x40-cm-modulo-4\">Scena condanna a morte orto ulivi presepe pasquale 9 cm 35x60x40 cm MODULO 4<\/a><\/div>\n<div class=\"blocco-descrizione\">Questa ambientazione per presepe pasquale \u00e8 ideata&#8230;<\/div>\n<\/div>\n<\/div>\n<h2>Ingresso di Ges\u00f9 a Gerusalemme<\/h2>\n<p><a href=\"https:\/\/www.holyart.it\/it\/occasioni-speciali\/presepe-pasquale\/ingresso-gesu-gerusalemme-scena-4-pz-resina-dipinta-mano-15-cm\"><strong>Quando Ges\u00f9 entr\u00f2 a Gerusalemme,<\/strong><\/a> i sacerdoti avevano gi\u00e0 in mente di eliminarlo. Ma la Sua celebrit\u00e0, l&#8217;amore che il popolo gli dimostrava e il numero crescente di seguaci che lo seguivano ovunque li spingeva ad agire con cautela. Avrebbero potuto farlo assassinare, ma avrebbero rischiato una sommossa popolare. Occorreva trovare il modo di portarlo davanti a Pilato, che come Prefetto aveva la facolt\u00e0 di condannarlo a morte. Secondo l&#8217;evangelista Luca, poi, lo stesso Pilato vedeva nelle predicazioni di Ges\u00f9 un pericoloso invito alla ribellione contro l&#8217;egida romana, dal momento che aveva esortato i suoi fedeli a non versare i tributi all&#8217;Imperatore. C&#8217;\u00e8 anche da dire che molti, come gli zeloti, vedevano in Lui un possibile leader militare, che li guidasse armi in pugno contro gli invasori.<\/p>\n<div class=\"link-product\">\n<div class=\"blocco-immagine\"><img loading=\"lazy\" decoding=\"async\" class=\"size-full wp-image-17485 alignleft\" src=\"https:\/\/blog.holyart.it\/it\/wp-content\/uploads\/sites\/17\/2023\/03\/ingresso-gesu-gerusalemme-scena.jpg\" alt=\"ingresso gesu gerusalemme scena\" width=\"100\" height=\"100\" data-kale-share-title=\"La storia di Ponzio Pilato e il suo coinvolgimento nella condanna di Ges\u00f9\" data-kale-share-url=\"https:\/\/blog.holyart.it\/it\/?p=17482\" \/><\/div>\n<div class=\"blocco-contenuto\">\n<div class=\"blocco-acquista\">Acquista su Holyart:<\/div>\n<div class=\"blocco-titolo\"><a href=\"https:\/\/www.holyart.it\/it\/occasioni-speciali\/presepe-pasquale\/ingresso-gesu-gerusalemme-scena-4-pz-resina-dipinta-mano-15-cm\">Ingresso Ges\u00f9 Gerusalemme scena 4 pz resina dipinta mano 15 cm<\/a><\/div>\n<div class=\"blocco-descrizione\">Ges\u00f9, accolto come Messia, entra nella citt\u00e0 santa&#8230;<\/div>\n<\/div>\n<\/div>\n<h2>Il processo di Ges\u00f9<\/h2>\n<p>Arrestato con <a href=\"https:\/\/www.holyart.it\/blog\/articoli-religiosi\/la-vera-storia-di-giuda-iscariota-conosciuto-per-aver-tradito-il-messia\/\"><strong>la complicit\u00e0 di Giuda,<\/strong><\/a> secondo i Vangeli Ges\u00f9 venne condotto nella casa di Caifa, Gran Sacerdote. Secondo la tradizione avrebbe subito un primo processo o quanto meno un interrogatorio di fronte al Sinedrio, forse quella stessa sera, forse il mattino dopo presso il tempio. Gli evangelisti sono in disaccordo a riguardo, mentre molti storici sono concordi nell&#8217;affermare che <strong>fu Pilato stesso a ordinare l&#8217;arresto di Ges\u00f9<\/strong>.<\/p>\n<p>In ogni caso l&#8217;indomani Ges\u00f9 venne condotto in catene davanti al Prefetto, nel Pretorio, e accusato davanti a lui dai membri del Sinedrio di <strong>sedizione, autoproclamazione a re e Messia e istigazione a non pagare i tributi a Roma.<\/strong> In realt\u00e0 il Sinedrio considerava prima di tutto Ges\u00f9 colpevole di <strong>blasfemia<\/strong>, per essersi equiparato a Dio, ma questa accusa non sarebbe stata sufficiente agli occhi di Ponzio Pilato per invocare la pena capitale.<br \/>\nPilato, dopo aver interrogato Ges\u00f9, avrebbe stabilito che le accuse non erano cos\u00ec gravi da giustificare la condanna e avrebbe esortato i membri del Sinedrio a lasciarlo andare. <strong>Questa mitezza contrasta oper\u00f2 con la figura storica di Pilato <\/strong>tratteggiata dagli studiosi, con la sua fermezza e severit\u00e0 nel perseguitare chiunque andasse conto i dettami imposti da Roma. \u00c8 possibile, secondo alcuni studiosi, che la riluttanza di Ponzio Pilato, cos\u00ec come il famoso\u00a0episodio in cui Ponzio Pilato si lava le mani abbandonando Ges\u00f9 al suo destino, sarebbero un tentativo postumo voluto da Roma gi\u00e0 cristiana per dichiararsi innocente riguardo alla Sua morte. Pi\u00f9 realisticamente Ponzio Pilato condann\u00f2 Ges\u00f9 a morte subito, come pericoloso rivoltoso.<\/p>\n<p>Seguendo invece il racconto evangelico, il Prefetto mand\u00f2 Ges\u00f9 dal<strong> tetrarca Erode Antipa<\/strong>, che regnava sulla provincia di Galilea, da cui Ges\u00f9 proveniva, ma nemmeno lui trov\u00f2 argomenti abbastanza convincenti per condannarlo, e lo rimand\u00f2 a Pilato.<\/p>\n<div class=\"link-article\">\n<p><img loading=\"lazy\" decoding=\"async\" class=\"size-full wp-image-17484 alignleft\" src=\"https:\/\/blog.holyart.it\/it\/wp-content\/uploads\/sites\/17\/2023\/03\/bacio-di-giuda.jpeg\" alt=\"bacio di giuda\" width=\"150\" height=\"100\" data-kale-share-title=\"La storia di Ponzio Pilato e il suo coinvolgimento nella condanna di Ges\u00f9\" data-kale-share-url=\"https:\/\/blog.holyart.it\/it\/?p=17482\" \/><\/p>\n<div class=\"leggi-anche\">Leggi anche:<\/div>\n<p><strong><a href=\"https:\/\/www.holyart.it\/blog\/articoli-religiosi\/la-vera-storia-di-giuda-iscariota-conosciuto-per-aver-tradito-il-messia\/\">La vera storia di Giuda Iscariota: conosciuto per aver tradito il Messia<\/a><\/strong><br \/>\nIl nome di Giuda \u00e8 legato alla triste storia dell\u2019apostolo che trad\u00ec Ges\u00f9.<\/p>\n<\/div>\n<h2>Ponzio Pilato se ne lava le mani<\/h2>\n<p>Sempre secondo i Vangeli\u00a0Pilato, vedendo Ges\u00f9 tornare dopo l&#8217;incontro con Erode, avrebbe tentato ancora di salvarlo, prima invocando per lui l&#8217;<strong>amnistia pasquale<\/strong>, secondo la quale poteva essere concessa la libert\u00e0 a un prigioniero in occasione della Pasqua (Gv 18,39), poi proponendo una <strong>condanna per fustigazione<\/strong> e la liberazione. Come ben sappiamo, la folla sobillata dai sacerdoti volle <strong>Barabba libero<\/strong>, anzich\u00e9 Ges\u00f9.<br \/>\nA questo punto, secondo la tradizione, <strong>Ponzio Pilato se ne lava le mani<\/strong> e fa flagellare Ges\u00f9, solo per proporre ancora una volta alla folla di lasciar andare quell&#8217;uomo ferito, spezzato nel corpo, umiliato e deriso. Ma ancora la gente invoca la <a href=\"https:\/\/www.holyart.it\/it\/occasioni-speciali\/presepe-pasquale\/ambientazione-crocifissione-resurrezione-presepe-pasquale-9-cm-35x50x40-cm-modulo-6\"><strong>crocifissione,<\/strong><\/a> e, a questo punto, per evitare disordini, Pilato cede e <strong>lo condanna in quanto reo di blasfemia<\/strong>.<br \/>\nFu lo stesso Prefetto a ordinare che sul <em>Titulus crucis<\/em>,\u00a0l&#8217;iscrizione che veniva posta sulla croce, con il motivo della condanna, fosse scritto in ebraico, latino e greco: <em>&#8220;Ges\u00f9 il Nazareno, il re dei Giudei&#8221;<\/em>.<\/p>\n<div class=\"link-product\">\n<div class=\"blocco-immagine\"><img loading=\"lazy\" decoding=\"async\" class=\"size-full wp-image-17483 alignleft\" src=\"https:\/\/blog.holyart.it\/it\/wp-content\/uploads\/sites\/17\/2023\/03\/ambientazione-crocifissione-resurrezione-presepe-pasquale.jpg\" alt=\"ambientazione crocifissione resurrezione presepe pasquale\" width=\"100\" height=\"100\" data-kale-share-title=\"La storia di Ponzio Pilato e il suo coinvolgimento nella condanna di Ges\u00f9\" data-kale-share-url=\"https:\/\/blog.holyart.it\/it\/?p=17482\" \/><\/div>\n<div class=\"blocco-contenuto\">\n<div class=\"blocco-acquista\">Acquista su Holyart:<\/div>\n<div class=\"blocco-titolo\"><a href=\"https:\/\/www.holyart.it\/it\/occasioni-speciali\/presepe-pasquale\/ambientazione-crocifissione-resurrezione-presepe-pasquale-9-cm-35x50x40-cm-modulo-6\">Ambientazione Crocifissione Resurrezione presepe pasquale 9 cm 35x50x40 cm MODULO 6<\/a><\/div>\n<div class=\"blocco-descrizione\">Ambientazione per presepe pasquale, pensata in particolar&#8230;<\/div>\n<\/div>\n<\/div>\n<h2>L&#8217;esilio e il suicidio<\/h2>\n<p>Che cosa accadde in seguito a Ponzio Pilato? Dopo la condanna di Ges\u00f9, egli continu\u00f2\u00a0a governare la Galilea con inflessibilit\u00e0 e durezza, osteggiando i dissensi e reprimendo rivolte in modo sempre pi\u00f9 sanguinoso, finch\u00e9 i Giudei non mandarono una delegazione a Roma chiedendo e ottenendo la sua destituzione all&#8217;Imperatore in persona. Quando Pilato torn\u00f2 a Roma era diventato Imperatore Caligola, che lo mand\u00f2 in esilio nella Gallia Viennense. Qui l&#8217;ex Prefetto, caduto in disgrazia, si sarebbe suicidato.<\/p>\n","protected":false},"excerpt":{"rendered":"<p>Figura controversa e tragica, Ponzio Pilato \u00e8 passato alla storia come l&#8217;uomo che ha condannato a morte Ges\u00f9. Ma chi era davvero? Scopriamolo, tra realt\u00e0 storica e racconto evangelico Sono tanti i personaggi che compaiono nella storia della Passione e della Morte di Cristo. Pensiamo&hellip;<\/p>\n","protected":false},"author":1,"featured_media":17510,"comment_status":"closed","ping_status":"open","sticky":false,"template":"","format":"standard","meta":{"_acf_changed":false,"footnotes":""},"categories":[26,16],"tags":[],"class_list":["post-17482","post","type-post","status-publish","format-standard","has-post-thumbnail","hentry","category-pasqua","category-articoli-religiosi"],"acf":[],"yoast_head":"<!-- This site is optimized with the Yoast SEO plugin v26.6 - https:\/\/yoast.com\/wordpress\/plugins\/seo\/ -->\n<title>La storia di Ponzio Pilato e il suo coinvolgimento nella condanna di Ges\u00f9<\/title>\n<meta name=\"description\" content=\"Figura controversa a tragica, Ponzio Pilato \u00e8 passato alla storia come l&#039;uomo che ha condannato a morte Ges\u00f9. Ma chi era davvero?\" \/>\n<meta name=\"robots\" content=\"index, follow, max-snippet:-1, max-image-preview:large, max-video-preview:-1\" \/>\n<link rel=\"canonical\" href=\"https:\/\/blog.holyart.it\/it\/articoli-religiosi\/la-storia-di-ponzio-pilato-e-il-suo-coinvolgimento-nella-condanna-di-gesu\/\" \/>\n<meta property=\"og:locale\" content=\"it_IT\" \/>\n<meta property=\"og:type\" content=\"article\" \/>\n<meta property=\"og:title\" content=\"La storia di Ponzio Pilato e il suo coinvolgimento nella condanna di Ges\u00f9\" \/>\n<meta property=\"og:description\" content=\"Figura controversa a tragica, Ponzio Pilato \u00e8 passato alla storia come l&#039;uomo che ha condannato a morte Ges\u00f9. Ma chi era davvero?\" \/>\n<meta property=\"og:url\" content=\"https:\/\/blog.holyart.it\/it\/articoli-religiosi\/la-storia-di-ponzio-pilato-e-il-suo-coinvolgimento-nella-condanna-di-gesu\/\" \/>\n<meta property=\"og:site_name\" content=\"Holyblog\" \/>\n<meta property=\"article:published_time\" content=\"2023-03-27T07:49:20+00:00\" \/>\n<meta property=\"article:modified_time\" content=\"2025-02-13T08:56:51+00:00\" \/>\n<meta property=\"og:image\" content=\"https:\/\/blog.holyart.it\/it\/wp-content\/uploads\/sites\/17\/2023\/03\/ponzio-pilato.jpg\" \/>\n\t<meta property=\"og:image:width\" content=\"1000\" \/>\n\t<meta property=\"og:image:height\" content=\"666\" \/>\n\t<meta property=\"og:image:type\" content=\"image\/jpeg\" \/>\n<meta name=\"author\" content=\"Redazione\" \/>\n<meta name=\"twitter:card\" content=\"summary_large_image\" \/>\n<meta name=\"twitter:label1\" content=\"Scritto da\" \/>\n\t<meta name=\"twitter:data1\" content=\"Redazione\" \/>\n\t<meta name=\"twitter:label2\" content=\"Tempo di lettura stimato\" \/>\n\t<meta name=\"twitter:data2\" content=\"11 minuti\" \/>\n<script type=\"application\/ld+json\" class=\"yoast-schema-graph\">{\"@context\":\"https:\/\/schema.org\",\"@graph\":[{\"@type\":\"Article\",\"@id\":\"https:\/\/blog.holyart.it\/it\/articoli-religiosi\/la-storia-di-ponzio-pilato-e-il-suo-coinvolgimento-nella-condanna-di-gesu\/#article\",\"isPartOf\":{\"@id\":\"https:\/\/blog.holyart.it\/it\/articoli-religiosi\/la-storia-di-ponzio-pilato-e-il-suo-coinvolgimento-nella-condanna-di-gesu\/\"},\"author\":{\"name\":\"Redazione\",\"@id\":\"https:\/\/blog.holyart.it\/it\/#\/schema\/person\/0a7b686e5af0f856ec1e390dd0baecda\"},\"headline\":\"La storia di Ponzio Pilato e il suo coinvolgimento nella condanna di Ges\u00f9\",\"datePublished\":\"2023-03-27T07:49:20+00:00\",\"dateModified\":\"2025-02-13T08:56:51+00:00\",\"mainEntityOfPage\":{\"@id\":\"https:\/\/blog.holyart.it\/it\/articoli-religiosi\/la-storia-di-ponzio-pilato-e-il-suo-coinvolgimento-nella-condanna-di-gesu\/\"},\"wordCount\":1587,\"publisher\":{\"@id\":\"https:\/\/blog.holyart.it\/it\/#organization\"},\"image\":{\"@id\":\"https:\/\/blog.holyart.it\/it\/articoli-religiosi\/la-storia-di-ponzio-pilato-e-il-suo-coinvolgimento-nella-condanna-di-gesu\/#primaryimage\"},\"thumbnailUrl\":\"https:\/\/blog.holyart.it\/it\/wp-content\/uploads\/sites\/17\/2023\/03\/ponzio-pilato.jpg\",\"articleSection\":[\"Pasqua\",\"Religione\"],\"inLanguage\":\"it-IT\"},{\"@type\":\"WebPage\",\"@id\":\"https:\/\/blog.holyart.it\/it\/articoli-religiosi\/la-storia-di-ponzio-pilato-e-il-suo-coinvolgimento-nella-condanna-di-gesu\/\",\"url\":\"https:\/\/blog.holyart.it\/it\/articoli-religiosi\/la-storia-di-ponzio-pilato-e-il-suo-coinvolgimento-nella-condanna-di-gesu\/\",\"name\":\"La storia di Ponzio Pilato e il suo coinvolgimento nella condanna di Ges\u00f9\",\"isPartOf\":{\"@id\":\"https:\/\/blog.holyart.it\/it\/#website\"},\"primaryImageOfPage\":{\"@id\":\"https:\/\/blog.holyart.it\/it\/articoli-religiosi\/la-storia-di-ponzio-pilato-e-il-suo-coinvolgimento-nella-condanna-di-gesu\/#primaryimage\"},\"image\":{\"@id\":\"https:\/\/blog.holyart.it\/it\/articoli-religiosi\/la-storia-di-ponzio-pilato-e-il-suo-coinvolgimento-nella-condanna-di-gesu\/#primaryimage\"},\"thumbnailUrl\":\"https:\/\/blog.holyart.it\/it\/wp-content\/uploads\/sites\/17\/2023\/03\/ponzio-pilato.jpg\",\"datePublished\":\"2023-03-27T07:49:20+00:00\",\"dateModified\":\"2025-02-13T08:56:51+00:00\",\"description\":\"Figura controversa a tragica, Ponzio Pilato \u00e8 passato alla storia come l'uomo che ha condannato a morte Ges\u00f9. Ma chi era davvero?\",\"breadcrumb\":{\"@id\":\"https:\/\/blog.holyart.it\/it\/articoli-religiosi\/la-storia-di-ponzio-pilato-e-il-suo-coinvolgimento-nella-condanna-di-gesu\/#breadcrumb\"},\"inLanguage\":\"it-IT\",\"potentialAction\":[{\"@type\":\"ReadAction\",\"target\":[\"https:\/\/blog.holyart.it\/it\/articoli-religiosi\/la-storia-di-ponzio-pilato-e-il-suo-coinvolgimento-nella-condanna-di-gesu\/\"]}]},{\"@type\":\"ImageObject\",\"inLanguage\":\"it-IT\",\"@id\":\"https:\/\/blog.holyart.it\/it\/articoli-religiosi\/la-storia-di-ponzio-pilato-e-il-suo-coinvolgimento-nella-condanna-di-gesu\/#primaryimage\",\"url\":\"https:\/\/blog.holyart.it\/it\/wp-content\/uploads\/sites\/17\/2023\/03\/ponzio-pilato.jpg\",\"contentUrl\":\"https:\/\/blog.holyart.it\/it\/wp-content\/uploads\/sites\/17\/2023\/03\/ponzio-pilato.jpg\",\"width\":1000,\"height\":666,\"caption\":\"ponzio pilato\"},{\"@type\":\"BreadcrumbList\",\"@id\":\"https:\/\/blog.holyart.it\/it\/articoli-religiosi\/la-storia-di-ponzio-pilato-e-il-suo-coinvolgimento-nella-condanna-di-gesu\/#breadcrumb\",\"itemListElement\":[{\"@type\":\"ListItem\",\"position\":1,\"name\":\"Homepage\",\"item\":\"https:\/\/blog.holyart.it\/it\/\"},{\"@type\":\"ListItem\",\"position\":2,\"name\":\"Religione\",\"item\":\"https:\/\/blog.holyart.it\/it\/articoli-religiosi\/\"},{\"@type\":\"ListItem\",\"position\":3,\"name\":\"La storia di Ponzio Pilato e il suo coinvolgimento nella condanna di Ges\u00f9\"}]},{\"@type\":\"WebSite\",\"@id\":\"https:\/\/blog.holyart.it\/it\/#website\",\"url\":\"https:\/\/blog.holyart.it\/it\/\",\"name\":\"Holyblog\",\"description\":\"Il Blog di Holyart.it\",\"publisher\":{\"@id\":\"https:\/\/blog.holyart.it\/it\/#organization\"},\"potentialAction\":[{\"@type\":\"SearchAction\",\"target\":{\"@type\":\"EntryPoint\",\"urlTemplate\":\"https:\/\/blog.holyart.it\/it\/?s={search_term_string}\"},\"query-input\":{\"@type\":\"PropertyValueSpecification\",\"valueRequired\":true,\"valueName\":\"search_term_string\"}}],\"inLanguage\":\"it-IT\"},{\"@type\":\"Organization\",\"@id\":\"https:\/\/blog.holyart.it\/it\/#organization\",\"name\":\"Holyblog\",\"url\":\"https:\/\/blog.holyart.it\/it\/\",\"logo\":{\"@type\":\"ImageObject\",\"inLanguage\":\"it-IT\",\"@id\":\"https:\/\/blog.holyart.it\/it\/#\/schema\/logo\/image\/\",\"url\":\"https:\/\/blog.holyart.it\/it\/wp-content\/uploads\/sites\/17\/2022\/12\/Holyart_Blog_Logo.jpg\",\"contentUrl\":\"https:\/\/blog.holyart.it\/it\/wp-content\/uploads\/sites\/17\/2022\/12\/Holyart_Blog_Logo.jpg\",\"width\":300,\"height\":50,\"caption\":\"Holyblog\"},\"image\":{\"@id\":\"https:\/\/blog.holyart.it\/it\/#\/schema\/logo\/image\/\"}},{\"@type\":\"Person\",\"@id\":\"https:\/\/blog.holyart.it\/it\/#\/schema\/person\/0a7b686e5af0f856ec1e390dd0baecda\",\"name\":\"Redazione\"}]}<\/script>\n<!-- \/ Yoast SEO plugin. -->","yoast_head_json":{"title":"La storia di Ponzio Pilato e il suo coinvolgimento nella condanna di Ges\u00f9","description":"Figura controversa a tragica, Ponzio Pilato \u00e8 passato alla storia come l'uomo che ha condannato a morte Ges\u00f9. Ma chi era davvero?","robots":{"index":"index","follow":"follow","max-snippet":"max-snippet:-1","max-image-preview":"max-image-preview:large","max-video-preview":"max-video-preview:-1"},"canonical":"https:\/\/blog.holyart.it\/it\/articoli-religiosi\/la-storia-di-ponzio-pilato-e-il-suo-coinvolgimento-nella-condanna-di-gesu\/","og_locale":"it_IT","og_type":"article","og_title":"La storia di Ponzio Pilato e il suo coinvolgimento nella condanna di Ges\u00f9","og_description":"Figura controversa a tragica, Ponzio Pilato \u00e8 passato alla storia come l'uomo che ha condannato a morte Ges\u00f9. Ma chi era davvero?","og_url":"https:\/\/blog.holyart.it\/it\/articoli-religiosi\/la-storia-di-ponzio-pilato-e-il-suo-coinvolgimento-nella-condanna-di-gesu\/","og_site_name":"Holyblog","article_published_time":"2023-03-27T07:49:20+00:00","article_modified_time":"2025-02-13T08:56:51+00:00","og_image":[{"width":1000,"height":666,"url":"https:\/\/blog.holyart.it\/it\/wp-content\/uploads\/sites\/17\/2023\/03\/ponzio-pilato.jpg","type":"image\/jpeg"}],"author":"Redazione","twitter_card":"summary_large_image","twitter_misc":{"Scritto da":"Redazione","Tempo di lettura stimato":"11 minuti"},"schema":{"@context":"https:\/\/schema.org","@graph":[{"@type":"Article","@id":"https:\/\/blog.holyart.it\/it\/articoli-religiosi\/la-storia-di-ponzio-pilato-e-il-suo-coinvolgimento-nella-condanna-di-gesu\/#article","isPartOf":{"@id":"https:\/\/blog.holyart.it\/it\/articoli-religiosi\/la-storia-di-ponzio-pilato-e-il-suo-coinvolgimento-nella-condanna-di-gesu\/"},"author":{"name":"Redazione","@id":"https:\/\/blog.holyart.it\/it\/#\/schema\/person\/0a7b686e5af0f856ec1e390dd0baecda"},"headline":"La storia di Ponzio Pilato e il suo coinvolgimento nella condanna di Ges\u00f9","datePublished":"2023-03-27T07:49:20+00:00","dateModified":"2025-02-13T08:56:51+00:00","mainEntityOfPage":{"@id":"https:\/\/blog.holyart.it\/it\/articoli-religiosi\/la-storia-di-ponzio-pilato-e-il-suo-coinvolgimento-nella-condanna-di-gesu\/"},"wordCount":1587,"publisher":{"@id":"https:\/\/blog.holyart.it\/it\/#organization"},"image":{"@id":"https:\/\/blog.holyart.it\/it\/articoli-religiosi\/la-storia-di-ponzio-pilato-e-il-suo-coinvolgimento-nella-condanna-di-gesu\/#primaryimage"},"thumbnailUrl":"https:\/\/blog.holyart.it\/it\/wp-content\/uploads\/sites\/17\/2023\/03\/ponzio-pilato.jpg","articleSection":["Pasqua","Religione"],"inLanguage":"it-IT"},{"@type":"WebPage","@id":"https:\/\/blog.holyart.it\/it\/articoli-religiosi\/la-storia-di-ponzio-pilato-e-il-suo-coinvolgimento-nella-condanna-di-gesu\/","url":"https:\/\/blog.holyart.it\/it\/articoli-religiosi\/la-storia-di-ponzio-pilato-e-il-suo-coinvolgimento-nella-condanna-di-gesu\/","name":"La storia di Ponzio Pilato e il suo coinvolgimento nella condanna di Ges\u00f9","isPartOf":{"@id":"https:\/\/blog.holyart.it\/it\/#website"},"primaryImageOfPage":{"@id":"https:\/\/blog.holyart.it\/it\/articoli-religiosi\/la-storia-di-ponzio-pilato-e-il-suo-coinvolgimento-nella-condanna-di-gesu\/#primaryimage"},"image":{"@id":"https:\/\/blog.holyart.it\/it\/articoli-religiosi\/la-storia-di-ponzio-pilato-e-il-suo-coinvolgimento-nella-condanna-di-gesu\/#primaryimage"},"thumbnailUrl":"https:\/\/blog.holyart.it\/it\/wp-content\/uploads\/sites\/17\/2023\/03\/ponzio-pilato.jpg","datePublished":"2023-03-27T07:49:20+00:00","dateModified":"2025-02-13T08:56:51+00:00","description":"Figura controversa a tragica, Ponzio Pilato \u00e8 passato alla storia come l'uomo che ha condannato a morte Ges\u00f9. Ma chi era davvero?","breadcrumb":{"@id":"https:\/\/blog.holyart.it\/it\/articoli-religiosi\/la-storia-di-ponzio-pilato-e-il-suo-coinvolgimento-nella-condanna-di-gesu\/#breadcrumb"},"inLanguage":"it-IT","potentialAction":[{"@type":"ReadAction","target":["https:\/\/blog.holyart.it\/it\/articoli-religiosi\/la-storia-di-ponzio-pilato-e-il-suo-coinvolgimento-nella-condanna-di-gesu\/"]}]},{"@type":"ImageObject","inLanguage":"it-IT","@id":"https:\/\/blog.holyart.it\/it\/articoli-religiosi\/la-storia-di-ponzio-pilato-e-il-suo-coinvolgimento-nella-condanna-di-gesu\/#primaryimage","url":"https:\/\/blog.holyart.it\/it\/wp-content\/uploads\/sites\/17\/2023\/03\/ponzio-pilato.jpg","contentUrl":"https:\/\/blog.holyart.it\/it\/wp-content\/uploads\/sites\/17\/2023\/03\/ponzio-pilato.jpg","width":1000,"height":666,"caption":"ponzio pilato"},{"@type":"BreadcrumbList","@id":"https:\/\/blog.holyart.it\/it\/articoli-religiosi\/la-storia-di-ponzio-pilato-e-il-suo-coinvolgimento-nella-condanna-di-gesu\/#breadcrumb","itemListElement":[{"@type":"ListItem","position":1,"name":"Homepage","item":"https:\/\/blog.holyart.it\/it\/"},{"@type":"ListItem","position":2,"name":"Religione","item":"https:\/\/blog.holyart.it\/it\/articoli-religiosi\/"},{"@type":"ListItem","position":3,"name":"La storia di Ponzio Pilato e il suo coinvolgimento nella condanna di Ges\u00f9"}]},{"@type":"WebSite","@id":"https:\/\/blog.holyart.it\/it\/#website","url":"https:\/\/blog.holyart.it\/it\/","name":"Holyblog","description":"Il Blog di Holyart.it","publisher":{"@id":"https:\/\/blog.holyart.it\/it\/#organization"},"potentialAction":[{"@type":"SearchAction","target":{"@type":"EntryPoint","urlTemplate":"https:\/\/blog.holyart.it\/it\/?s={search_term_string}"},"query-input":{"@type":"PropertyValueSpecification","valueRequired":true,"valueName":"search_term_string"}}],"inLanguage":"it-IT"},{"@type":"Organization","@id":"https:\/\/blog.holyart.it\/it\/#organization","name":"Holyblog","url":"https:\/\/blog.holyart.it\/it\/","logo":{"@type":"ImageObject","inLanguage":"it-IT","@id":"https:\/\/blog.holyart.it\/it\/#\/schema\/logo\/image\/","url":"https:\/\/blog.holyart.it\/it\/wp-content\/uploads\/sites\/17\/2022\/12\/Holyart_Blog_Logo.jpg","contentUrl":"https:\/\/blog.holyart.it\/it\/wp-content\/uploads\/sites\/17\/2022\/12\/Holyart_Blog_Logo.jpg","width":300,"height":50,"caption":"Holyblog"},"image":{"@id":"https:\/\/blog.holyart.it\/it\/#\/schema\/logo\/image\/"}},{"@type":"Person","@id":"https:\/\/blog.holyart.it\/it\/#\/schema\/person\/0a7b686e5af0f856ec1e390dd0baecda","name":"Redazione"}]}},"_links":{"self":[{"href":"https:\/\/blog.holyart.it\/it\/wp-json\/wp\/v2\/posts\/17482","targetHints":{"allow":["GET"]}}],"collection":[{"href":"https:\/\/blog.holyart.it\/it\/wp-json\/wp\/v2\/posts"}],"about":[{"href":"https:\/\/blog.holyart.it\/it\/wp-json\/wp\/v2\/types\/post"}],"author":[{"embeddable":true,"href":"https:\/\/blog.holyart.it\/it\/wp-json\/wp\/v2\/users\/1"}],"replies":[{"embeddable":true,"href":"https:\/\/blog.holyart.it\/it\/wp-json\/wp\/v2\/comments?post=17482"}],"version-history":[{"count":7,"href":"https:\/\/blog.holyart.it\/it\/wp-json\/wp\/v2\/posts\/17482\/revisions"}],"predecessor-version":[{"id":17511,"href":"https:\/\/blog.holyart.it\/it\/wp-json\/wp\/v2\/posts\/17482\/revisions\/17511"}],"wp:featuredmedia":[{"embeddable":true,"href":"https:\/\/blog.holyart.it\/it\/wp-json\/wp\/v2\/media\/17510"}],"wp:attachment":[{"href":"https:\/\/blog.holyart.it\/it\/wp-json\/wp\/v2\/media?parent=17482"}],"wp:term":[{"taxonomy":"category","embeddable":true,"href":"https:\/\/blog.holyart.it\/it\/wp-json\/wp\/v2\/categories?post=17482"},{"taxonomy":"post_tag","embeddable":true,"href":"https:\/\/blog.holyart.it\/it\/wp-json\/wp\/v2\/tags?post=17482"}],"curies":[{"name":"wp","href":"https:\/\/api.w.org\/{rel}","templated":true}]}}