{"id":17443,"date":"2023-03-20T17:20:26","date_gmt":"2023-03-20T16:20:26","guid":{"rendered":"https:\/\/blog.holyart.it\/it\/?p=17443"},"modified":"2025-03-19T17:56:47","modified_gmt":"2025-03-19T16:56:47","slug":"il-monte-degli-ulivi-tra-i-luoghi-piu-cari-a-gesu","status":"publish","type":"post","link":"https:\/\/blog.holyart.it\/it\/pasqua\/il-monte-degli-ulivi-tra-i-luoghi-piu-cari-a-gesu\/","title":{"rendered":"Il monte degli Ulivi, tra i luoghi pi\u00f9 cari a Ges\u00f9"},"content":{"rendered":"<h4>Il Monte degli Ulivi \u00e8 fin da tempi remoti un luogo di misteri, teatro di grandi eventi biblici. Qui comincia la Passione di Ges\u00f9<\/h4>\n\n<p>Le Sacre Scritture non parlano solo di personaggi e avvenimenti legati alla storia della Fede. Abbiamo visto come ci siano riferimenti ad <strong><a href=\"https:\/\/www.holyart.it\/blog\/natale\/alberi-piante-nella-tradizione-cristiana\/\">alberi e fiori<\/a><\/strong> che rivestono vari significati simbolici, cos\u00ec come animali che divengono emblemi e incarnazioni di concetti spirituali e misteri. Ma nella Bibbia si parla anche di <strong>luoghi speciali<\/strong>, che sono stati teatro di eventi fondamentali per i cristiani, e che di quegli eventi conservano l&#8217;essenza e il senso pi\u00f9 profondo ancora oggi. Uno di quei luoghi \u00e8 il <strong>Monte degli Ulivi<\/strong>.<br \/>\nSi tratta di un&#8217;altura che sorge ancora oggi a est di Gerusalemme, e che un tempo era ammantata di ulivi, appunto, dai quali ha preso il nome. Gli arabi la chiamano invece <em>Jabal at-Tur<\/em>, &#8220;monte della Sommit\u00e0&#8221;, ma anche &#8220;monte per eccellenza&#8221;, &#8220;monte santo&#8221;. Qui, ai piedi del Monte, un tempo sorgeva il <strong>Getsemani<\/strong>, meglio noto come <a href=\"https:\/\/www.holyart.it\/it\/occasioni-speciali\/presepe-pasquale\/agonia-gesu-orto-degli-ulivi-statue-9-cm\"><strong>Orto degli Ulivi<\/strong><\/a>, un piccolo appezzamento di terra nel quale Ges\u00f9 si ritir\u00f2 in preghiera e dialogo con Dio dopo l&#8217;<strong><a href=\"https:\/\/www.holyart.it\/it\/search?params=%7B%22search%22%3A%22ultima%20cena%22%7D&amp;search=ultima+cena\">Ultima Cena<\/a><\/strong>, poco prima di andare incontro al Suo destino.<\/p>\n<p>Ma pi\u00f9 in generale il Monte degli Ulivi \u00e8 citato nelle Scritture come lo scenario di vicende importanti per la storia della cristianit\u00e0. Vediamo quali.<\/p>\n<div class=\"link-article\">\n<p><img loading=\"lazy\" decoding=\"async\" class=\"size-full wp-image-17445 alignleft\" src=\"https:\/\/blog.holyart.it\/it\/wp-content\/uploads\/sites\/17\/2023\/03\/ulivo-significato-religioso.jpg\" alt=\"ulivo significato religioso\" width=\"150\" height=\"99\" data-kale-share-title=\"Il monte degli Ulivi, tra i luoghi pi\u00f9 cari a Ges\u00f9\" data-kale-share-url=\"https:\/\/blog.holyart.it\/it\/?p=17443\" \/><\/p>\n<div class=\"leggi-anche\">Leggi anche:<\/div>\n<p><strong><a href=\"https:\/\/www.holyart.it\/blog\/natale\/alberi-piante-nella-tradizione-cristiana\/\">Alberi e piante nella tradizione cristiana<\/a><\/strong><br \/>\nNell\u2019antichit\u00e0 il rapporto tra uomo e natura era molto pi\u00f9 stretto rispetto a oggi.<\/p>\n<\/div>\n<h2>Gli episodi biblici accaduti sul monte degli ulivi<\/h2>\n<p>Il profeta <strong>Zaccaria <\/strong>\u00e8 il primo a citare il Monte degli Ulivi. Se le sue profezie sono corrette, sar\u00e0 dal Monte degli Ulivi che inizieranno a <strong>risorgere tutti i morti<\/strong> alla fine dei tempi, per accogliere il ritorno di Ges\u00f9: <em>&#8220;In quel giorno i suoi piedi si poseranno sopra il monte degli Ulivi che sta di fronte a Gerusalemme verso oriente, e il monte degli Ulivi si fender\u00e0 in due, da oriente a occidente, formando una valle molto profonda; una met\u00e0 del monte si ritirer\u00e0 verso settentrione e l\u2019altra verso mezzogiorno&#8221;<\/em> (Zc 14,4). Questa \u00e8 la ragione per cui gli ebrei hanno iniziato a usare il monte come <strong>luogo di sepoltura<\/strong> fin da tempi remoti, e ancora oggi sono disposti a pagare cifre notevoli per poter riposare l\u00ec. Il cimitero ebraico infatti si estende ancora sul pendio del Monte degli Ulivi. Ha pi\u00f9 di tremila anni ed \u00e8 il cimitero pi\u00f9 antico del mondo. \u00c8 possibile visitarlo e camminare tra le oltre 150.000 tombe, alcune recenti, altre antichissime e quasi del tutto cancellate dalla lenta e implacabile erosione del tempo.<\/p>\n<p>Il Monte degli Ulivi era anche teatro del <strong>sacrificio della giovenca rossa<\/strong>, un rituale di espiazione sancito da Mos\u00e8 (Numeri 19,1-10): una giovenca rossa che non doveva mai aver portato il giogo veniva condotta sul Monte, uccisa, fatta a pezzi e bruciata con legno di cedro, issopo (una pianta aromatica). Sul rogo veniva posato anche del tessuto di lana tinto di rosso. Alla fine le ceneri venivano raccolte e versate in un contenitore pieno di acqua pura, destinata a essere spruzzata su chi necessitava di essere purificato.<\/p>\n<div class=\"link-article\">\n<p><img loading=\"lazy\" decoding=\"async\" class=\"size-full wp-image-17446 alignleft\" src=\"https:\/\/blog.holyart.it\/it\/wp-content\/uploads\/sites\/17\/2023\/03\/marta-maria-lazzaro.jpg\" alt=\"marta maria lazzaro\" width=\"150\" height=\"99\" data-kale-share-title=\"Il monte degli Ulivi, tra i luoghi pi\u00f9 cari a Ges\u00f9\" data-kale-share-url=\"https:\/\/blog.holyart.it\/it\/?p=17443\" \/><\/p>\n<div class=\"leggi-anche\">Leggi anche:<\/div>\n<p><strong><a href=\"https:\/\/www.holyart.it\/blog\/santi-e-beati\/marta-maria-e-lazzaro-gli-amici-di-gesu\/\">Marta, Maria e Lazzaro: gli amici di Ges\u00f9<\/a><\/strong><br \/>\nIl 29 luglio si celebra la memoria di Marta, Maria e Lazzaro di Betania. Ecco perch\u00e9 questi santi erano tra i pi\u00f9 cari amici di Ges\u00f9.<\/p>\n<\/div>\n<p>Quando Assalonne usurp\u00f2 il trono del padre, Re Davide, questi si rifugi\u00f2 nella <strong>Valle del Cedro<\/strong>, al confine fra il Monte degli Ulivi e Gerusalemme. Ges\u00f9 avrebbe percorso lo stesso tragitto in direzione opposta mille anni dopo, tornando da Gerico sull&#8217;asinello che lo avrebbe condotto a Gerusalemme, in lacrime alla vista dei resti della Citt\u00e0 Santa (Luca 19).<\/p>\n<p>Anche la cittadina di Betania, da dove provenivano <strong>Lazzaro, Marta e Maria<\/strong>, gli <strong><a href=\"https:\/\/www.holyart.it\/blog\/santi-e-beati\/marta-maria-e-lazzaro-gli-amici-di-gesu\/\">amici di Ges\u00f9<\/a>,<\/strong> e Simone, il lebbroso da Lui guarito, sorgeva alle pendici orientali del Monte degli Ulivi.<\/p>\n<p>Il Monte degli Ulivi sarebbe stato anche dove ha avuto luogo l&#8217;<strong>Ascensione di Ges\u00f9 al Cielo<\/strong>. Ne parla Luca nel suo Vangelo, raccontando dell&#8217;incontro con i discepoli lungo la strada tra Betania di Giudea e Gerusalemme (Luca 24,51) e negli Atti degli Apostoli leggiamo: <em>&#8220;E poich\u00e9 essi stavano fissando il cielo mentre egli se n&#8217;andava, ecco due uomini in bianche vesti si presentarono a loro e dissero: \u00abUomini di Galilea, perch\u00e9 state a guardare il cielo? Questo Ges\u00f9, che \u00e8 stato di tra voi assunto fino al cielo, torner\u00e0 un giorno allo stesso modo in cui l&#8217;avete visto andare in cielo\u00bb. Allora ritornarono a Gerusalemme dal <strong>monte detto degli Ulivi<\/strong>, che \u00e8 vicino a Gerusalemme quanto il cammino permesso in un sabato&#8221;<\/em> (Atti 1:10-12).<br \/>\nPer questa ragione il Monte degli Ulivi \u00e8 chiamato anche<strong> Monte dell&#8217;Ascensione<\/strong>.<\/p>\n<p>C&#8217;\u00e8 anche una caverna in cui secondo la tradizione evangelica Ges\u00f9 ha insegnato ai discepoli la preghiera del <strong>Padre Nostro<\/strong>.<\/p>\n<p>Durante l&#8217;<a href=\"https:\/\/www.holyart.it\/it\/articoli-religiosi\/bassorilievi\/bassorilievi-pietra\/ascensione-bassorilievo-pietra-bethleem\"><strong>assedio di Gerusalemme<\/strong><\/a> del 70 d.C., che vide la distruzione del secondo Tempio, i soldati romani si accamparono sul Monte.<\/p>\n<div class=\"link-product\">\n<div class=\"blocco-immagine\"><img loading=\"lazy\" decoding=\"async\" class=\"size-full wp-image-17447 alignleft\" src=\"https:\/\/blog.holyart.it\/it\/wp-content\/uploads\/sites\/17\/2023\/03\/ascensione-bassorilievo-pietra-bethleem.jpg\" alt=\"ascensione bassorilievo pietra bethleem\" width=\"100\" height=\"100\" data-kale-share-title=\"Il monte degli Ulivi, tra i luoghi pi\u00f9 cari a Ges\u00f9\" data-kale-share-url=\"https:\/\/blog.holyart.it\/it\/?p=17443\" \/><\/div>\n<div class=\"blocco-contenuto\">\n<div class=\"blocco-acquista\">Acquista su Holyart:<\/div>\n<div class=\"blocco-titolo\"><a href=\"https:\/\/www.holyart.it\/it\/articoli-religiosi\/bassorilievi\/bassorilievi-pietra\/ascensione-bassorilievo-pietra-bethleem\">Ascensione bassorilievo pietra Bethl\u00e9em<\/a><\/div>\n<div class=\"blocco-descrizione\">Ascensione bassorilievo in pietra dei Pirenei. Bassorilievo in pietra dei Pirenei, realizzato dalle suore dell&#8217;Atelier d&#8217;Art&#8230;<\/div>\n<\/div>\n<\/div>\n<h2>Il Getsemani o Orto degli ulivi<\/h2>\n<p>Abbiamo accennato a Ges\u00f9 nell&#8217;Orto degli Ulivi. Ecco come <a href=\"https:\/\/www.holyart.it\/it\/articoli-religiosi\/libri-e-testi-sacri\/vangeli\"><strong>i Vangeli<\/strong><\/a> raccontano quell&#8217;ultima sera che segna <a href=\"https:\/\/www.holyart.it\/blog\/articoli-religiosi\/gli-avvenimenti-della-passione-di-gesu-dallultima-cena-alla-sua-crocifissione\/\"><strong>l&#8217;inizio della Passione di Ges\u00f9:<\/strong><\/a> <em>&#8220;Allora Ges\u00f9 and\u00f2 con loro in un podere, chiamato Gets\u00e8mani, e disse ai discepoli: Sedetevi qui, mentre io vado l\u00e0 a pregare&#8221;<\/em> (Matteo 26:36).\u00a0 Rimasto solo, Ges\u00f9 si rivolge a Dio Padre. \u00c8 stanco, colto da dubbi che prima non aveva, e chiede a Dio se il suo sacrificio sia davvero necessario: <em>&#8220;E, andato un po&#8217; pi\u00f9 avanti, si gett\u00f2 con la faccia a terra, pregando, e dicendo: \u00abPadre mio, se \u00e8 possibile, passi oltre da me questo calice! Ma pure, non come voglio io, ma come tu vuoi\u00bb&#8221;<\/em> (Matteo 26:39). Alla fine tuttavia accetta il Proprio destino e si prepara ad affrontare la Passione e la morte.<br \/>\n<em>&#8220;Ecco arrivare Giuda, uno dei Dodici, e con lui una gran folla con spade e bastoni, mandata dai sommi sacerdoti e dagli anziani del popolo. Il traditore aveva dato loro questo segnale dicendo: Quello che bacer\u00f2, \u00e8 lui; arrestatelo!&#8221;<\/em> (Matteo 26,47-48)<\/p>\n<div class=\"link-article\">\n<p><img loading=\"lazy\" decoding=\"async\" class=\"size-full wp-image-17448 alignleft\" src=\"https:\/\/blog.holyart.it\/it\/wp-content\/uploads\/sites\/17\/2023\/03\/passione-di-gesu-1.jpg\" alt=\"passione di gesu\" width=\"150\" height=\"99\" data-kale-share-title=\"Il monte degli Ulivi, tra i luoghi pi\u00f9 cari a Ges\u00f9\" data-kale-share-url=\"https:\/\/blog.holyart.it\/it\/?p=17443\" \/><\/p>\n<div class=\"leggi-anche\">Leggi anche:<\/div>\n<p><strong><a href=\"https:\/\/www.holyart.it\/blog\/articoli-religiosi\/gli-avvenimenti-della-passione-di-gesu-dallultima-cena-alla-sua-crocifissione\/\">Gli avvenimenti della Passione di Ges\u00f9: dall\u2019Ultima Cena alla Sua crocifissione<\/a><\/strong><br \/>\nLa Passione di Ges\u00f9 \u00e8 il momento pi\u00f9 alto della Sua parabola&#8230;<\/p>\n<\/div>\n<h2>L\u2019agonia di Ges\u00f9 nel Vangelo di Luca<\/h2>\n<p>Sebbene l&#8217;episodio dell&#8217;Orto degli Ulivi sia presente in tutti i Vangeli tranne quello di <a href=\"https:\/\/www.holyart.it\/it\/articoli-religiosi\/statue\/statue-in-resina-e-pvc\/san-giovanni-evangelista-30-cm-statua-resina\"><strong>Giovanni,<\/strong><\/a> \u00e8 il Vangelo di <a href=\"https:\/\/www.holyart.it\/it\/articoli-religiosi\/statue\/statue-in-resina-e-pvc\/san-luca-evangelista-30-cm-statua-in-resina\"><strong>Luca<\/strong><\/a> che racconta in modo pi\u00f9 toccante <strong>l&#8217;agonia di Ges\u00f9 nel Getsemani<\/strong>, primo e irrimediabile passo verso la Passione. <em>&#8220;Allora gli apparve un angelo dal cielo per rafforzarlo. Ed essendo in agonia, egli pregava ancor pi\u00f9 intensamente; e il suo sudore divent\u00f2 come grosse gocce di sangue che cadevano in terra&#8221;<\/em> (Luca 22,43-44). La sofferenza di Cristo \u00e8 quasi palpabile, la Sua lotta interiore diviene reale in quel sangue che trasuda dal Suo corpo, quasi una profezia del dolore e della sofferenza che verranno. Solo, abbandonato dagli amici che dormono, smarrito di fronte a Dio Padre che non gli risponde, davvero la Sua agonia \u00e8 uno dei momenti pi\u00f9 alti e significativi della Sua missione nel mondo.<\/p>\n<p>Ancora oggi i <strong>francescani<\/strong> custodiscono questi luoghi, dove, a memoria delle sofferenze patite da Ges\u00f9, sorge la <strong>Basilica dell\u2019Agonia<\/strong>, o <strong>Chiesa di Tutte le Nazioni<\/strong>. Da un piccolo uliveto di piante secolari i frati producono ancora oggi un olio prezioso.<\/p>\n<div class=\"link-product\">\n<div class=\"blocco-immagine\"><img loading=\"lazy\" decoding=\"async\" class=\"size-full wp-image-17449 alignleft\" src=\"https:\/\/blog.holyart.it\/it\/wp-content\/uploads\/sites\/17\/2023\/03\/san-luca-evangelista-30-cm-statua-in-resina.jpg\" alt=\"san luca evangelista\" width=\"100\" height=\"100\" data-kale-share-title=\"Il monte degli Ulivi, tra i luoghi pi\u00f9 cari a Ges\u00f9\" data-kale-share-url=\"https:\/\/blog.holyart.it\/it\/?p=17443\" \/><\/div>\n<div class=\"blocco-contenuto\">\n<div class=\"blocco-acquista\">Acquista su Holyart:<\/div>\n<div class=\"blocco-titolo\"><a href=\"https:\/\/www.holyart.it\/it\/articoli-religiosi\/statue\/statue-in-resina-e-pvc\/san-luca-evangelista-30-cm-statua-in-resina\">San Luca Evangelista 30 cm statua in resina<\/a><\/div>\n<div class=\"blocco-descrizione\">Statua in resina raffigurante San Luca protettore degli artisti, chirurghi, medici notaio, pittori e scultori.<\/div>\n<\/div>\n<\/div>\n","protected":false},"excerpt":{"rendered":"<p>Il Monte degli Ulivi \u00e8 fin da tempi remoti un luogo di misteri, teatro di grandi eventi biblici. Qui comincia la Passione di Ges\u00f9 Le Sacre Scritture non parlano solo di personaggi e avvenimenti legati alla storia della Fede. Abbiamo visto come ci siano riferimenti&hellip;<\/p>\n","protected":false},"author":1,"featured_media":17457,"comment_status":"closed","ping_status":"open","sticky":false,"template":"","format":"standard","meta":{"_acf_changed":false,"footnotes":""},"categories":[20,26,16],"tags":[],"class_list":["post-17443","post","type-post","status-publish","format-standard","has-post-thumbnail","hentry","category-occasioni-speciali","category-pasqua","category-articoli-religiosi"],"acf":[],"yoast_head":"<!-- This site is optimized with the Yoast SEO plugin v26.6 - https:\/\/yoast.com\/wordpress\/plugins\/seo\/ -->\n<title>Il monte degli Ulivi, tra i luoghi pi\u00f9 cari a Ges\u00f9 - Holyblog<\/title>\n<meta name=\"description\" content=\"Il Monte degli Ulivi \u00e8 fin da tempi remoti un luogo di misteri, teatro di grandi eventi biblici. Qui comincia la Passione di Ges\u00f9\" \/>\n<meta name=\"robots\" content=\"index, follow, max-snippet:-1, max-image-preview:large, max-video-preview:-1\" \/>\n<link rel=\"canonical\" href=\"https:\/\/blog.holyart.it\/it\/pasqua\/il-monte-degli-ulivi-tra-i-luoghi-piu-cari-a-gesu\/\" \/>\n<meta property=\"og:locale\" content=\"it_IT\" \/>\n<meta property=\"og:type\" content=\"article\" \/>\n<meta property=\"og:title\" content=\"Il monte degli Ulivi, tra i luoghi pi\u00f9 cari a Ges\u00f9 - Holyblog\" \/>\n<meta property=\"og:description\" content=\"Il Monte degli Ulivi \u00e8 fin da tempi remoti un luogo di misteri, teatro di grandi eventi biblici. Qui comincia la Passione di Ges\u00f9\" \/>\n<meta property=\"og:url\" content=\"https:\/\/blog.holyart.it\/it\/pasqua\/il-monte-degli-ulivi-tra-i-luoghi-piu-cari-a-gesu\/\" \/>\n<meta property=\"og:site_name\" content=\"Holyblog\" \/>\n<meta property=\"article:published_time\" content=\"2023-03-20T16:20:26+00:00\" \/>\n<meta property=\"article:modified_time\" content=\"2025-03-19T16:56:47+00:00\" \/>\n<meta property=\"og:image\" content=\"https:\/\/blog.holyart.it\/it\/wp-content\/uploads\/sites\/17\/2023\/03\/Orto-ulivo-blog.jpg\" \/>\n\t<meta property=\"og:image:width\" content=\"1000\" \/>\n\t<meta property=\"og:image:height\" content=\"666\" \/>\n\t<meta property=\"og:image:type\" content=\"image\/jpeg\" \/>\n<meta name=\"author\" content=\"Redazione\" \/>\n<meta name=\"twitter:card\" content=\"summary_large_image\" \/>\n<meta name=\"twitter:label1\" content=\"Scritto da\" \/>\n\t<meta name=\"twitter:data1\" content=\"Redazione\" \/>\n\t<meta name=\"twitter:label2\" content=\"Tempo di lettura stimato\" \/>\n\t<meta name=\"twitter:data2\" content=\"8 minuti\" \/>\n<script type=\"application\/ld+json\" class=\"yoast-schema-graph\">{\"@context\":\"https:\/\/schema.org\",\"@graph\":[{\"@type\":\"Article\",\"@id\":\"https:\/\/blog.holyart.it\/it\/pasqua\/il-monte-degli-ulivi-tra-i-luoghi-piu-cari-a-gesu\/#article\",\"isPartOf\":{\"@id\":\"https:\/\/blog.holyart.it\/it\/pasqua\/il-monte-degli-ulivi-tra-i-luoghi-piu-cari-a-gesu\/\"},\"author\":{\"name\":\"Redazione\",\"@id\":\"https:\/\/blog.holyart.it\/it\/#\/schema\/person\/0a7b686e5af0f856ec1e390dd0baecda\"},\"headline\":\"Il monte degli Ulivi, tra i luoghi pi\u00f9 cari a Ges\u00f9\",\"datePublished\":\"2023-03-20T16:20:26+00:00\",\"dateModified\":\"2025-03-19T16:56:47+00:00\",\"mainEntityOfPage\":{\"@id\":\"https:\/\/blog.holyart.it\/it\/pasqua\/il-monte-degli-ulivi-tra-i-luoghi-piu-cari-a-gesu\/\"},\"wordCount\":1249,\"publisher\":{\"@id\":\"https:\/\/blog.holyart.it\/it\/#organization\"},\"image\":{\"@id\":\"https:\/\/blog.holyart.it\/it\/pasqua\/il-monte-degli-ulivi-tra-i-luoghi-piu-cari-a-gesu\/#primaryimage\"},\"thumbnailUrl\":\"https:\/\/blog.holyart.it\/it\/wp-content\/uploads\/sites\/17\/2023\/03\/Orto-ulivo-blog.jpg\",\"articleSection\":[\"Occasioni speciali\",\"Pasqua\",\"Religione\"],\"inLanguage\":\"it-IT\"},{\"@type\":\"WebPage\",\"@id\":\"https:\/\/blog.holyart.it\/it\/pasqua\/il-monte-degli-ulivi-tra-i-luoghi-piu-cari-a-gesu\/\",\"url\":\"https:\/\/blog.holyart.it\/it\/pasqua\/il-monte-degli-ulivi-tra-i-luoghi-piu-cari-a-gesu\/\",\"name\":\"Il monte degli Ulivi, tra i luoghi pi\u00f9 cari a Ges\u00f9 - Holyblog\",\"isPartOf\":{\"@id\":\"https:\/\/blog.holyart.it\/it\/#website\"},\"primaryImageOfPage\":{\"@id\":\"https:\/\/blog.holyart.it\/it\/pasqua\/il-monte-degli-ulivi-tra-i-luoghi-piu-cari-a-gesu\/#primaryimage\"},\"image\":{\"@id\":\"https:\/\/blog.holyart.it\/it\/pasqua\/il-monte-degli-ulivi-tra-i-luoghi-piu-cari-a-gesu\/#primaryimage\"},\"thumbnailUrl\":\"https:\/\/blog.holyart.it\/it\/wp-content\/uploads\/sites\/17\/2023\/03\/Orto-ulivo-blog.jpg\",\"datePublished\":\"2023-03-20T16:20:26+00:00\",\"dateModified\":\"2025-03-19T16:56:47+00:00\",\"description\":\"Il Monte degli Ulivi \u00e8 fin da tempi remoti un luogo di misteri, teatro di grandi eventi biblici. Qui comincia la Passione di Ges\u00f9\",\"breadcrumb\":{\"@id\":\"https:\/\/blog.holyart.it\/it\/pasqua\/il-monte-degli-ulivi-tra-i-luoghi-piu-cari-a-gesu\/#breadcrumb\"},\"inLanguage\":\"it-IT\",\"potentialAction\":[{\"@type\":\"ReadAction\",\"target\":[\"https:\/\/blog.holyart.it\/it\/pasqua\/il-monte-degli-ulivi-tra-i-luoghi-piu-cari-a-gesu\/\"]}]},{\"@type\":\"ImageObject\",\"inLanguage\":\"it-IT\",\"@id\":\"https:\/\/blog.holyart.it\/it\/pasqua\/il-monte-degli-ulivi-tra-i-luoghi-piu-cari-a-gesu\/#primaryimage\",\"url\":\"https:\/\/blog.holyart.it\/it\/wp-content\/uploads\/sites\/17\/2023\/03\/Orto-ulivo-blog.jpg\",\"contentUrl\":\"https:\/\/blog.holyart.it\/it\/wp-content\/uploads\/sites\/17\/2023\/03\/Orto-ulivo-blog.jpg\",\"width\":1000,\"height\":666,\"caption\":\"Orto ulivo blog\"},{\"@type\":\"BreadcrumbList\",\"@id\":\"https:\/\/blog.holyart.it\/it\/pasqua\/il-monte-degli-ulivi-tra-i-luoghi-piu-cari-a-gesu\/#breadcrumb\",\"itemListElement\":[{\"@type\":\"ListItem\",\"position\":1,\"name\":\"Homepage\",\"item\":\"https:\/\/blog.holyart.it\/it\/\"},{\"@type\":\"ListItem\",\"position\":2,\"name\":\"Pasqua\",\"item\":\"https:\/\/blog.holyart.it\/it\/pasqua\/\"},{\"@type\":\"ListItem\",\"position\":3,\"name\":\"Il monte degli Ulivi, tra i luoghi pi\u00f9 cari a Ges\u00f9\"}]},{\"@type\":\"WebSite\",\"@id\":\"https:\/\/blog.holyart.it\/it\/#website\",\"url\":\"https:\/\/blog.holyart.it\/it\/\",\"name\":\"Holyblog\",\"description\":\"Il Blog di Holyart.it\",\"publisher\":{\"@id\":\"https:\/\/blog.holyart.it\/it\/#organization\"},\"potentialAction\":[{\"@type\":\"SearchAction\",\"target\":{\"@type\":\"EntryPoint\",\"urlTemplate\":\"https:\/\/blog.holyart.it\/it\/?s={search_term_string}\"},\"query-input\":{\"@type\":\"PropertyValueSpecification\",\"valueRequired\":true,\"valueName\":\"search_term_string\"}}],\"inLanguage\":\"it-IT\"},{\"@type\":\"Organization\",\"@id\":\"https:\/\/blog.holyart.it\/it\/#organization\",\"name\":\"Holyblog\",\"url\":\"https:\/\/blog.holyart.it\/it\/\",\"logo\":{\"@type\":\"ImageObject\",\"inLanguage\":\"it-IT\",\"@id\":\"https:\/\/blog.holyart.it\/it\/#\/schema\/logo\/image\/\",\"url\":\"https:\/\/blog.holyart.it\/it\/wp-content\/uploads\/sites\/17\/2022\/12\/Holyart_Blog_Logo.jpg\",\"contentUrl\":\"https:\/\/blog.holyart.it\/it\/wp-content\/uploads\/sites\/17\/2022\/12\/Holyart_Blog_Logo.jpg\",\"width\":300,\"height\":50,\"caption\":\"Holyblog\"},\"image\":{\"@id\":\"https:\/\/blog.holyart.it\/it\/#\/schema\/logo\/image\/\"}},{\"@type\":\"Person\",\"@id\":\"https:\/\/blog.holyart.it\/it\/#\/schema\/person\/0a7b686e5af0f856ec1e390dd0baecda\",\"name\":\"Redazione\"}]}<\/script>\n<!-- \/ Yoast SEO plugin. -->","yoast_head_json":{"title":"Il monte degli Ulivi, tra i luoghi pi\u00f9 cari a Ges\u00f9 - Holyblog","description":"Il Monte degli Ulivi \u00e8 fin da tempi remoti un luogo di misteri, teatro di grandi eventi biblici. Qui comincia la Passione di Ges\u00f9","robots":{"index":"index","follow":"follow","max-snippet":"max-snippet:-1","max-image-preview":"max-image-preview:large","max-video-preview":"max-video-preview:-1"},"canonical":"https:\/\/blog.holyart.it\/it\/pasqua\/il-monte-degli-ulivi-tra-i-luoghi-piu-cari-a-gesu\/","og_locale":"it_IT","og_type":"article","og_title":"Il monte degli Ulivi, tra i luoghi pi\u00f9 cari a Ges\u00f9 - Holyblog","og_description":"Il Monte degli Ulivi \u00e8 fin da tempi remoti un luogo di misteri, teatro di grandi eventi biblici. Qui comincia la Passione di Ges\u00f9","og_url":"https:\/\/blog.holyart.it\/it\/pasqua\/il-monte-degli-ulivi-tra-i-luoghi-piu-cari-a-gesu\/","og_site_name":"Holyblog","article_published_time":"2023-03-20T16:20:26+00:00","article_modified_time":"2025-03-19T16:56:47+00:00","og_image":[{"width":1000,"height":666,"url":"https:\/\/blog.holyart.it\/it\/wp-content\/uploads\/sites\/17\/2023\/03\/Orto-ulivo-blog.jpg","type":"image\/jpeg"}],"author":"Redazione","twitter_card":"summary_large_image","twitter_misc":{"Scritto da":"Redazione","Tempo di lettura stimato":"8 minuti"},"schema":{"@context":"https:\/\/schema.org","@graph":[{"@type":"Article","@id":"https:\/\/blog.holyart.it\/it\/pasqua\/il-monte-degli-ulivi-tra-i-luoghi-piu-cari-a-gesu\/#article","isPartOf":{"@id":"https:\/\/blog.holyart.it\/it\/pasqua\/il-monte-degli-ulivi-tra-i-luoghi-piu-cari-a-gesu\/"},"author":{"name":"Redazione","@id":"https:\/\/blog.holyart.it\/it\/#\/schema\/person\/0a7b686e5af0f856ec1e390dd0baecda"},"headline":"Il monte degli Ulivi, tra i luoghi pi\u00f9 cari a Ges\u00f9","datePublished":"2023-03-20T16:20:26+00:00","dateModified":"2025-03-19T16:56:47+00:00","mainEntityOfPage":{"@id":"https:\/\/blog.holyart.it\/it\/pasqua\/il-monte-degli-ulivi-tra-i-luoghi-piu-cari-a-gesu\/"},"wordCount":1249,"publisher":{"@id":"https:\/\/blog.holyart.it\/it\/#organization"},"image":{"@id":"https:\/\/blog.holyart.it\/it\/pasqua\/il-monte-degli-ulivi-tra-i-luoghi-piu-cari-a-gesu\/#primaryimage"},"thumbnailUrl":"https:\/\/blog.holyart.it\/it\/wp-content\/uploads\/sites\/17\/2023\/03\/Orto-ulivo-blog.jpg","articleSection":["Occasioni speciali","Pasqua","Religione"],"inLanguage":"it-IT"},{"@type":"WebPage","@id":"https:\/\/blog.holyart.it\/it\/pasqua\/il-monte-degli-ulivi-tra-i-luoghi-piu-cari-a-gesu\/","url":"https:\/\/blog.holyart.it\/it\/pasqua\/il-monte-degli-ulivi-tra-i-luoghi-piu-cari-a-gesu\/","name":"Il monte degli Ulivi, tra i luoghi pi\u00f9 cari a Ges\u00f9 - Holyblog","isPartOf":{"@id":"https:\/\/blog.holyart.it\/it\/#website"},"primaryImageOfPage":{"@id":"https:\/\/blog.holyart.it\/it\/pasqua\/il-monte-degli-ulivi-tra-i-luoghi-piu-cari-a-gesu\/#primaryimage"},"image":{"@id":"https:\/\/blog.holyart.it\/it\/pasqua\/il-monte-degli-ulivi-tra-i-luoghi-piu-cari-a-gesu\/#primaryimage"},"thumbnailUrl":"https:\/\/blog.holyart.it\/it\/wp-content\/uploads\/sites\/17\/2023\/03\/Orto-ulivo-blog.jpg","datePublished":"2023-03-20T16:20:26+00:00","dateModified":"2025-03-19T16:56:47+00:00","description":"Il Monte degli Ulivi \u00e8 fin da tempi remoti un luogo di misteri, teatro di grandi eventi biblici. Qui comincia la Passione di Ges\u00f9","breadcrumb":{"@id":"https:\/\/blog.holyart.it\/it\/pasqua\/il-monte-degli-ulivi-tra-i-luoghi-piu-cari-a-gesu\/#breadcrumb"},"inLanguage":"it-IT","potentialAction":[{"@type":"ReadAction","target":["https:\/\/blog.holyart.it\/it\/pasqua\/il-monte-degli-ulivi-tra-i-luoghi-piu-cari-a-gesu\/"]}]},{"@type":"ImageObject","inLanguage":"it-IT","@id":"https:\/\/blog.holyart.it\/it\/pasqua\/il-monte-degli-ulivi-tra-i-luoghi-piu-cari-a-gesu\/#primaryimage","url":"https:\/\/blog.holyart.it\/it\/wp-content\/uploads\/sites\/17\/2023\/03\/Orto-ulivo-blog.jpg","contentUrl":"https:\/\/blog.holyart.it\/it\/wp-content\/uploads\/sites\/17\/2023\/03\/Orto-ulivo-blog.jpg","width":1000,"height":666,"caption":"Orto ulivo blog"},{"@type":"BreadcrumbList","@id":"https:\/\/blog.holyart.it\/it\/pasqua\/il-monte-degli-ulivi-tra-i-luoghi-piu-cari-a-gesu\/#breadcrumb","itemListElement":[{"@type":"ListItem","position":1,"name":"Homepage","item":"https:\/\/blog.holyart.it\/it\/"},{"@type":"ListItem","position":2,"name":"Pasqua","item":"https:\/\/blog.holyart.it\/it\/pasqua\/"},{"@type":"ListItem","position":3,"name":"Il monte degli Ulivi, tra i luoghi pi\u00f9 cari a Ges\u00f9"}]},{"@type":"WebSite","@id":"https:\/\/blog.holyart.it\/it\/#website","url":"https:\/\/blog.holyart.it\/it\/","name":"Holyblog","description":"Il Blog di Holyart.it","publisher":{"@id":"https:\/\/blog.holyart.it\/it\/#organization"},"potentialAction":[{"@type":"SearchAction","target":{"@type":"EntryPoint","urlTemplate":"https:\/\/blog.holyart.it\/it\/?s={search_term_string}"},"query-input":{"@type":"PropertyValueSpecification","valueRequired":true,"valueName":"search_term_string"}}],"inLanguage":"it-IT"},{"@type":"Organization","@id":"https:\/\/blog.holyart.it\/it\/#organization","name":"Holyblog","url":"https:\/\/blog.holyart.it\/it\/","logo":{"@type":"ImageObject","inLanguage":"it-IT","@id":"https:\/\/blog.holyart.it\/it\/#\/schema\/logo\/image\/","url":"https:\/\/blog.holyart.it\/it\/wp-content\/uploads\/sites\/17\/2022\/12\/Holyart_Blog_Logo.jpg","contentUrl":"https:\/\/blog.holyart.it\/it\/wp-content\/uploads\/sites\/17\/2022\/12\/Holyart_Blog_Logo.jpg","width":300,"height":50,"caption":"Holyblog"},"image":{"@id":"https:\/\/blog.holyart.it\/it\/#\/schema\/logo\/image\/"}},{"@type":"Person","@id":"https:\/\/blog.holyart.it\/it\/#\/schema\/person\/0a7b686e5af0f856ec1e390dd0baecda","name":"Redazione"}]}},"_links":{"self":[{"href":"https:\/\/blog.holyart.it\/it\/wp-json\/wp\/v2\/posts\/17443","targetHints":{"allow":["GET"]}}],"collection":[{"href":"https:\/\/blog.holyart.it\/it\/wp-json\/wp\/v2\/posts"}],"about":[{"href":"https:\/\/blog.holyart.it\/it\/wp-json\/wp\/v2\/types\/post"}],"author":[{"embeddable":true,"href":"https:\/\/blog.holyart.it\/it\/wp-json\/wp\/v2\/users\/1"}],"replies":[{"embeddable":true,"href":"https:\/\/blog.holyart.it\/it\/wp-json\/wp\/v2\/comments?post=17443"}],"version-history":[{"count":8,"href":"https:\/\/blog.holyart.it\/it\/wp-json\/wp\/v2\/posts\/17443\/revisions"}],"predecessor-version":[{"id":17459,"href":"https:\/\/blog.holyart.it\/it\/wp-json\/wp\/v2\/posts\/17443\/revisions\/17459"}],"wp:featuredmedia":[{"embeddable":true,"href":"https:\/\/blog.holyart.it\/it\/wp-json\/wp\/v2\/media\/17457"}],"wp:attachment":[{"href":"https:\/\/blog.holyart.it\/it\/wp-json\/wp\/v2\/media?parent=17443"}],"wp:term":[{"taxonomy":"category","embeddable":true,"href":"https:\/\/blog.holyart.it\/it\/wp-json\/wp\/v2\/categories?post=17443"},{"taxonomy":"post_tag","embeddable":true,"href":"https:\/\/blog.holyart.it\/it\/wp-json\/wp\/v2\/tags?post=17443"}],"curies":[{"name":"wp","href":"https:\/\/api.w.org\/{rel}","templated":true}]}}