{"id":17426,"date":"2023-03-15T16:58:30","date_gmt":"2023-03-15T15:58:30","guid":{"rendered":"https:\/\/blog.holyart.it\/it\/?p=17426"},"modified":"2026-03-02T15:20:16","modified_gmt":"2026-03-02T14:20:16","slug":"domenica-laetare-e-gaudete-le-domeniche-della-gioia","status":"publish","type":"post","link":"https:\/\/blog.holyart.it\/it\/pasqua\/domenica-laetare-e-gaudete-le-domeniche-della-gioia\/","title":{"rendered":"Domenica Laetare e Gaudete: le domeniche della gioia"},"content":{"rendered":"<h4>Poste un due periodi di penitenza e attesa dell&#8217;anno liturgico, la Domenica Gaudete e la Domenica Laetare celebrano la gioia della fede e l&#8217;attesa speranzosa di chi crede<\/h4>\n\n<p>Chi ha detto che la religione cattolica non conosce momenti di gioia, ma solo di austerit\u00e0 e pentimento, non la conosce affatto. Tralasciando che la vita stessa di un cristiano, consapevole del proprio legame con Dio, in dialogo aperto e vivificante con Ges\u00f9, \u00e8 gi\u00e0 di per s\u00e9 un&#8217;esperienza quotidiana di gioia, ci sono anche dei riti e delle giornate all&#8217;interno del calendario liturgico dedicate proprio a questo stato dell&#8217;anima. Stiamo parlando della <strong>Domenica Gaudete<\/strong> e della <strong>Domenica Laetare<\/strong>.<br \/>\nBasta soffermarsi sugli aggettivi che caratterizzano queste due occasioni per capire che il cuore stesso delle celebrazioni che si festeggiano in queste due giornate \u00e8 di <strong>natura gioiosa, felice<\/strong>. Infatti <strong><em>Gaudete<\/em><\/strong> e <strong><em>Laetare<\/em><\/strong> sono l&#8217;imperativo presente passivo rispettivamente dei verbi latini <em>gaudere<\/em> e <em>laetere<\/em>, che significano entrambi rallegrarsi.<br \/>\nUn&#8217;esortazione dunque hai cristiani per <strong>abbracciare con gioia la loro fede<\/strong>, e non \u00e8 un caso se queste due domeniche cadono in due periodi che sono caratterizzati <strong>dalla sospensione, dall&#8217;attesa, perfino dalla penitenza<\/strong> in vista di una grande, grandissima <strong>gioia<\/strong>. Infatti la Domenica Gaudete \u00e8 la <strong>terza domenica dell&#8217;Avvento<\/strong>, mentre la Domenica Laetare \u00e8 la <strong>quarta domenica di Quaresima<\/strong>.<\/p>\n<p>Queste due giornate del calendario liturgico dedicate alla gioia sono caratterizzate da alcuni elementi in comune, come i <a href=\"https:\/\/www.holyart.it\/it\/accessori-per-la-liturgia\/paramenti-liturgici-servizi-altare-coprileggii\"><strong>paramenti sacri<\/strong><\/a> indossati dai sacerdoti, che sono <a href=\"https:\/\/www.holyart.it\/it\/accessori-per-la-liturgia\/paramenti-liturgici-servizi-altare-coprileggii\/casule?page=1&amp;params=%7B%22offset%22:0,%22limit%22:60,%22filters%22:%5B%5D,%22sorter%22:%22HIGHER_DISCOUNT%22,%22categoryIds%22:%5B108372%5D,%22filtersByIds%22:%5B%7B%22key%22:12,%22values%22:%5B78%5D%7D%5D%7D\"><strong>color rosaceo,<\/strong><\/a> ma anche dalla possibilit\u00e0 di suonare l&#8217;organo durante le funzioni e dagli addobbi floreali utilizzati per decorare la chiesa in occasione della messa.<\/p>\n<p>Vediamo nel dettaglio che cosa si celebra nella Domenica Laetare e nella Domenica Gaudete.<\/p>\n<div class=\"link-product\">\n<div class=\"blocco-immagine\"><img loading=\"lazy\" decoding=\"async\" class=\"size-full wp-image-17427 alignleft\" src=\"https:\/\/blog.holyart.it\/it\/wp-content\/uploads\/sites\/17\/2023\/03\/casula-poliestere.jpg\" alt=\"casula poliestere\" width=\"100\" height=\"100\" data-kale-share-title=\"Domenica Laetare e Gaudete: le domeniche della gioia\" data-kale-share-url=\"https:\/\/blog.holyart.it\/it\/?p=17426\" \/><\/div>\n<div class=\"blocco-contenuto\">\n<div class=\"blocco-acquista\">Acquista su Holyart:<\/div>\n<div class=\"blocco-titolo\"><a href=\"https:\/\/www.holyart.it\/it\/accessori-per-la-liturgia\/paramenti-liturgici-servizi-altare-coprileggii\">Paramenti liturgici, servizi altare, coprileggii<\/a><\/div>\n<div class=\"blocco-descrizione\">Paramenti liturgici: casule e stole, servizi da altare, piviali, pianete, tovaglie da altare, camici liturgici, coprileggii.<\/div>\n<\/div>\n<\/div>\n<h2>Che significa Domenica Laetare?<\/h2>\n<p>Dopo la riforma liturgica promossa dal Concilio Vaticano II il passaggio dalla lingua latina a quella comune per la celebrazione della messa ha fatto dimenticare in parte l&#8217;origine di alcuni nomi e definizioni date a feste e celebrazioni liturgiche particolari.<\/p>\n<p>L&#8217;introito, ovvero l\u2019antifona d\u2019ingresso intonata all\u2019inizio della Messa della quarta domenica di Quaresima recita cos\u00ec.<\/p>\n<p><strong><em>Laetare <\/em><\/strong><em>Jerusalem: et Conventum facite omnes qui diligitis eam: Gaudete cum L\u00e6titia, qui in tristitia fuistis: ut exsultetis, et ab satiemini uberibus consolationis vestrae.Salmo: Laetatus somma nella sua quae sunt mihi dicta: in domum Domini ibimus.<\/em><\/p>\n<p>Tradotto in italiano:<br \/>\n<strong><em>Rallegrati<\/em><\/strong><em>, Gerusalemme, e voi tutti che l\u2019amate, riunitevi. Esultate e gioite, voi che eravate nella tristezza: saziatevi dell\u2019abbondanza della vostra consolazione Salmo: Quale gioia, quando mi dissero: \u00abAndremo alla casa del Signore\u00bb.<\/em><\/p>\n<p>Ecco da dove viene il nome dato a questa particolare domenica.<\/p>\n<p>In epoca medievale la terza domenica di Quaresima coincideva con la festa bizantina in onore del <a href=\"https:\/\/www.holyart.it\/it\/articoli-religiosi\/crocefissi\/crocifissi-in-legno\"><strong>Santo Legno della Croce<\/strong><\/a>, che a sua volta affondava probabilmente le sue origini in una pi\u00f9 antica festa romana in cui si celebrava la vittoria della primavera sull&#8217;inverno addobbando la citt\u00e0 di fiori, e nella benedizione della Rosa d&#8217;oro che il Papa effettuava in questa data nella basilica di Santa Croce in Gerusalemme. Da qui gli addobbi floreali e, come vedremo, la scelta del colore liturgico della veste del celebrante.<\/p>\n<div class=\"link-product\">\n<div class=\"blocco-immagine\"><img loading=\"lazy\" decoding=\"async\" class=\"size-full wp-image-17428 alignleft\" src=\"https:\/\/blog.holyart.it\/it\/wp-content\/uploads\/sites\/17\/2023\/03\/casula-rosa-lana-decorazioni-dorate.jpg\" alt=\"casula rosa lana decorazioni dorate\" width=\"100\" height=\"100\" data-kale-share-title=\"Domenica Laetare e Gaudete: le domeniche della gioia\" data-kale-share-url=\"https:\/\/blog.holyart.it\/it\/?p=17426\" \/><\/div>\n<div class=\"blocco-contenuto\">\n<div class=\"blocco-acquista\">Acquista su Holyart:<\/div>\n<div class=\"blocco-titolo\"><a href=\"https:\/\/www.holyart.it\/it\/accessori-per-la-liturgia\/paramenti-liturgici-servizi-altare-coprileggii\/casule?page=1&amp;params=%7B%22offset%22:0,%22limit%22:60,%22filters%22:%5B%5D,%22sorter%22:%22HIGHER_DISCOUNT%22,%22categoryIds%22:%5B108372%5D,%22filtersByIds%22:%5B%7B%22key%22:12,%22values%22:%5B78%5D%7D%5D%7D\">Casule<\/a><\/div>\n<div class=\"blocco-descrizione\">Casule sacerdotali per la celebrazione. In questo reparto sono presenti un particolare tipo di paramento liturgico<\/div>\n<\/div>\n<\/div>\n<h2>Cos&#8217;\u00e8 la Domenica Gaudete<\/h2>\n<p>Anche la Domenica Gaudete (<em>Dominica Gaudete<\/em>) prende il suo nome dall&#8217;antifona d&#8217;ingresso della messa che ci celebra in questo giorno, terza domenica dell&#8217;<strong><a href=\"https:\/\/www.holyart.it\/it\/natale\/avvento\">Avvento<\/a><\/strong>. La frase \u00e8 presa dalla Lettera ai Filippesi 4,4-5:<\/p>\n<p><strong><em>Gaudete <\/em><\/strong><em>in Domino semper: iterum dico, gaudete. Dominus enim prope est<\/em><\/p>\n<p>Tradotto in italiano:<br \/>\n<strong><em>Rallegratevi<\/em><\/strong><em> sempre nel Signore, ve lo ripeto: rallegratevi. Il Signore \u00e8 vicino.<\/em><\/p>\n<div class=\"link-article\">\n<p><img loading=\"lazy\" decoding=\"async\" class=\"size-full wp-image-17429 alignleft\" src=\"https:\/\/blog.holyart.it\/it\/wp-content\/uploads\/sites\/17\/2023\/03\/I-colori-liturgici.jpg\" alt=\"I colori liturgici\" width=\"150\" height=\"100\" data-kale-share-title=\"Domenica Laetare e Gaudete: le domeniche della gioia\" data-kale-share-url=\"https:\/\/blog.holyart.it\/it\/?p=17426\" \/><\/p>\n<div class=\"leggi-anche\">Leggi anche:<\/div>\n<p><strong><a href=\"https:\/\/www.holyart.it\/blog\/accessori-liturgia\/colori-nella-liturgia-cattolica-significato\/\">I colori nella liturgia cattolica e il loro significato<\/a><\/strong><br \/>\nI paramenti liturgici dei sacerdoti cattolici durante le celebrazioni religiose e i numerosi paramenti sacri da loro utilizzati&#8230;<\/p>\n<\/div>\n<h2>Casula rosa: qual \u00e8 il suo significato<\/h2>\n<p>Se ci soffermiamo sui <strong><a href=\"https:\/\/www.holyart.it\/blog\/accessori-liturgia\/colori-nella-liturgia-cattolica-significato\">colori della liturgia cattolica <\/a><\/strong>usati per i paramenti liturgici dei sacerdoti durante le celebrazioni e in occasioni speciali, ci rendiamo conto di come anch&#8217;essi abbiano un <strong>significato simbolico preciso<\/strong>.<br \/>\nI colori principali, codificati nel Rito romano nel 1969, sono: bianco, verde, rosso e viola. Ma ci sono occasioni particolari in cui per i paramenti sacri e gli arredi liturgici vengono usati altri colori. La Domenica Gaudete e la Domenica Laetare ne sono un esempio. Infatti in questa occasione il sacerdote che celebra la messa indossa una <strong><a href=\"https:\/\/www.holyart.it\/blog\/accessori-liturgia\/scegliere-la-casula-sacerdotale\/\">casula, o pianeta<\/a>,<\/strong> ovvero la veste utilizzata per la celebrazione dell&#8217;Eucaristia, di colore rosa, anzi <strong>rosaceo<\/strong>.<\/p>\n<p>Ecco dunque la spiegazione della casula rosa indossata dal celebrante. Abbiamo visto come la Domenica Gaudete e la Domenica Laetere cadono rispettivamente durante l&#8217;Avvento e durante il tempo di Quaresima. Tanto l&#8217;Avvento quanto la Quaresima sono<strong> periodi di preparazione<\/strong>, rispettivamente <strong><a href=\"https:\/\/www.holyart.it\/it\/natale\">al Natale<\/a> e <a href=\"https:\/\/www.holyart.it\/it\/occasioni-speciali\/pasqua-e-quaresima\">alla Pasqua<\/a><\/strong><a href=\"https:\/\/www.holyart.it\/it\/occasioni-speciali\/pasqua-e-quaresima\">.<\/a> Per questo sono caratterizzati da <a href=\"https:\/\/www.holyart.it\/blog\/articoli-religiosi\/fioretti-quaresimali-5-idee-su-delle-piccole-rinunce-o-cose-da-fare\/\"><strong>penitenze, digiuni, meditazione e preghiera<\/strong>,<\/a> tutte attivit\u00e0 necessarie per potersi predisporre nel migliore dei modi alle due principali festivit\u00e0 della chiesa cattolica: il Natale, ovvero la nascita di Ges\u00f9, e la Pasqua, la festa della Sua gloriosa Resurrezione. Questo ci fa comprendere la scelta del colore rosaceo, colore <strong>gioioso e vitale<\/strong>, che viene utilizzato solo e unicamente in questi due giorni, situati all&#8217;incirca a met\u00e0 dei suddetti periodi di attesa e preparazione. Quasi un invito, un&#8217;esortazione per i fedeli a impegnarsi ancora un po&#8217;, e a gioire perch\u00e9 presto l&#8217;attesa sar\u00e0 finita e la<strong> grande festa <\/strong>che stanno aspettando arriver\u00e0.<\/p>\n<table class=\"widefat sliders-list\">\n<tbody>\n<tr class=\"slider-row\">\n<td><div class=\"sp-styles-warning\" style=\"width: 450px; background-color: #FFF; color: #F00; border: 1px solid #F00; padding: 10px; font-size: 14px;\">\n\t\t\t<span style=\"font-weight: bold;\">Warning: The stylesheets were not loaded!<\/span> \n\t\t\tYou will need to change the <i>Load stylesheets<\/i> setting from <i>Automatically<\/i> to <i>On homepage<\/i> or <i>On all pages<\/i>. \n\t\t\tYou can set that <a style=\"text-decoration: underline; color: #F00;\" href=\"https:\/\/blog.holyart.it\/it\/wp-admin\/admin.php?page=sliderpro-settings\">here<\/a>.\n\t\t\t<\/div>\r\n<div id=\"slider-pro-172\" class=\"slider-pro sp-no-js\" style=\"width: 500px; height: 500px;\">\r\n\t<div class=\"sp-slides\">\r\n\t\t\r\n\t\t<div class=\"sp-slide\">\r\n\t\t\t<img loading=\"lazy\" decoding=\"async\" class=\"sp-image\" src=\"https:\/\/blog.holyart.it\/it\/wp-content\/uploads\/sites\/17\/2023\/03\/casula-rosa-poliestere-inserti-tessuto-croce-ricamata.jpg\" alt=\"casula rosa poliestere inserti tessuto croce ricamata\" width=\"500\" height=\"500\" \/>\r\n\t\t\t<img decoding=\"async\" class=\"sp-thumbnail\" src=\"https:\/\/blog.holyart.it\/it\/wp-content\/uploads\/sites\/17\/2023\/03\/casula-rosa-poliestere-inserti-tessuto-croce-ricamata-150x150.jpg\" \/>\r\n\t\t\t<div class=\"sp-caption\">Casula rosa 100% poliestere con inserti in tessuto e croce ricamata a macchina, rifiniture del colle e del mantello in tessuto.\n<br \/><strong><a href=\"https:\/\/www.holyart.it\/it\/accessori-per-la-liturgia\/paramenti-liturgici-servizi-altare-coprileggii\/casule\/casula-rosa-100-poliestere-inserti-tessuto-croce-ricamata\">Acquista su Holyart<\/a><\/strong><\/div>\r\n\t\t<\/div>\r\n\t\t<div class=\"sp-slide\">\r\n\t\t\t<img loading=\"lazy\" decoding=\"async\" class=\"sp-image\" src=\"https:\/\/blog.holyart.it\/it\/wp-content\/uploads\/sites\/17\/2023\/03\/casula-rosa-lana-decorazioni-doratee.jpg\" alt=\"casula rosa lana decorazioni doratee\" width=\"500\" height=\"500\" \/>\r\n\t\t\t<img decoding=\"async\" class=\"sp-thumbnail\" src=\"https:\/\/blog.holyart.it\/it\/wp-content\/uploads\/sites\/17\/2023\/03\/casula-rosa-lana-decorazioni-doratee-150x150.jpg\" \/>\r\n\t\t\t<div class=\"sp-caption\">Casula rosa 100% lana decorazioni dorate.\nLa casula \u00e8 prodotta in Italia artigianalmente per esaltarne qualit\u00e0, tradizione e bellezza.\n<br \/><strong><a href=\"https:\/\/www.holyart.it\/it\/accessori-per-la-liturgia\/paramenti-liturgici-servizi-altare-coprileggii\/casule\/casula-rosa-100-lana-decorazioni-dorate\">Acquista su Holyart<\/a><\/strong><\/div>\r\n\t\t<\/div>\r\n\t\t<div class=\"sp-slide\">\r\n\t\t\t<img loading=\"lazy\" decoding=\"async\" class=\"sp-image\" src=\"https:\/\/blog.holyart.it\/it\/wp-content\/uploads\/sites\/17\/2023\/03\/casula-sacerdotale-rosa-poliestere-uva-spighe.jpg\" alt=\"casula sacerdotale rosa poliestere uva spighe\" width=\"500\" height=\"500\" \/>\r\n\t\t\t<img decoding=\"async\" class=\"sp-thumbnail\" src=\"https:\/\/blog.holyart.it\/it\/wp-content\/uploads\/sites\/17\/2023\/03\/casula-sacerdotale-rosa-poliestere-uva-spighe-150x150.jpg\" \/>\r\n\t\t\t<div class=\"sp-caption\">Casula sacerdotale rosa 100% poliestere XP uva spighe. La casula \u00e8 prodotta interamente in Italia da un laboratorio artigianale con un'esperienza consolidata negli anni, garantendoti un prodotto di qualit\u00e0, tradizione e bellezza.\n<br \/><strong><a href=\"https:\/\/www.holyart.it\/it\/accessori-per-la-liturgia\/paramenti-liturgici-servizi-altare-coprileggii\/casule\/casula-sacerdotale-rosa-100-poliestere-xp-uva-spighe\">Acquista su Holyart<\/a><\/strong><\/div>\r\n\t\t<\/div>\r\n\t\t<div class=\"sp-slide\">\r\n\t\t\t<img loading=\"lazy\" decoding=\"async\" class=\"sp-image\" src=\"https:\/\/blog.holyart.it\/it\/wp-content\/uploads\/sites\/17\/2023\/03\/casula-sacerdotale-rosa-poliestere-croce-gigli.jpg\" alt=\"casula sacerdotale rosa poliestere croce gigli\" width=\"500\" height=\"500\" \/>\r\n\t\t\t<img decoding=\"async\" class=\"sp-thumbnail\" src=\"https:\/\/blog.holyart.it\/it\/wp-content\/uploads\/sites\/17\/2023\/03\/casula-sacerdotale-rosa-poliestere-croce-gigli-150x150.jpg\" \/>\r\n\t\t\t<div class=\"sp-caption\">Casula sacerdotale rosa 100% poliestere croce gigli<br \/><strong><a href=\"https:\/\/www.holyart.it\/it\/accessori-per-la-liturgia\/paramenti-liturgici-servizi-altare-coprileggii\/casule\/casula-sacerdotale-rosa-100-poliestere-croce-gigli\">Acquista su Holyart<\/a><\/strong><\/div>\r\n\t\t<\/div>\r\n\t<\/div>\r\n<\/div><\/td>\n<\/tr>\n<\/tbody>\n<\/table>\n","protected":false},"excerpt":{"rendered":"<p>Poste un due periodi di penitenza e attesa dell&#8217;anno liturgico, la Domenica Gaudete e la Domenica Laetare celebrano la gioia della fede e l&#8217;attesa speranzosa di chi crede Chi ha detto che la religione cattolica non conosce momenti di gioia, ma solo di austerit\u00e0 e&hellip;<\/p>\n","protected":false},"author":1,"featured_media":17441,"comment_status":"closed","ping_status":"open","sticky":false,"template":"","format":"standard","meta":{"_acf_changed":false,"footnotes":""},"categories":[20,26,16],"tags":[],"class_list":["post-17426","post","type-post","status-publish","format-standard","has-post-thumbnail","hentry","category-occasioni-speciali","category-pasqua","category-articoli-religiosi"],"acf":[],"yoast_head":"<!-- This site is optimized with the Yoast SEO plugin v26.6 - https:\/\/yoast.com\/wordpress\/plugins\/seo\/ -->\n<title>Domenica Laetare e Gaudete: le domeniche della gioia - Holyblog<\/title>\n<meta name=\"description\" content=\"La Domenica Gaudete e la Domenica Laetare celebrano la gioia della fede e l&#039;attesa speranzosa di chi crede.\" \/>\n<meta name=\"robots\" content=\"index, follow, max-snippet:-1, max-image-preview:large, max-video-preview:-1\" \/>\n<link rel=\"canonical\" href=\"https:\/\/blog.holyart.it\/it\/pasqua\/domenica-laetare-e-gaudete-le-domeniche-della-gioia\/\" \/>\n<meta property=\"og:locale\" content=\"it_IT\" \/>\n<meta property=\"og:type\" content=\"article\" \/>\n<meta property=\"og:title\" content=\"Domenica Laetare e Gaudete: le domeniche della gioia - Holyblog\" \/>\n<meta property=\"og:description\" content=\"La Domenica Gaudete e la Domenica Laetare celebrano la gioia della fede e l&#039;attesa speranzosa di chi crede.\" \/>\n<meta property=\"og:url\" content=\"https:\/\/blog.holyart.it\/it\/pasqua\/domenica-laetare-e-gaudete-le-domeniche-della-gioia\/\" \/>\n<meta property=\"og:site_name\" content=\"Holyblog\" \/>\n<meta property=\"article:published_time\" content=\"2023-03-15T15:58:30+00:00\" \/>\n<meta property=\"article:modified_time\" content=\"2026-03-02T14:20:16+00:00\" \/>\n<meta property=\"og:image\" content=\"https:\/\/blog.holyart.it\/it\/wp-content\/uploads\/sites\/17\/2023\/03\/casule-rosa.jpg\" \/>\n\t<meta property=\"og:image:width\" content=\"1000\" \/>\n\t<meta property=\"og:image:height\" content=\"667\" \/>\n\t<meta property=\"og:image:type\" content=\"image\/jpeg\" \/>\n<meta name=\"author\" content=\"Redazione\" \/>\n<meta name=\"twitter:card\" content=\"summary_large_image\" \/>\n<meta name=\"twitter:label1\" content=\"Scritto da\" \/>\n\t<meta name=\"twitter:data1\" content=\"Redazione\" \/>\n\t<meta name=\"twitter:label2\" content=\"Tempo di lettura stimato\" \/>\n\t<meta name=\"twitter:data2\" content=\"6 minuti\" \/>\n<script type=\"application\/ld+json\" class=\"yoast-schema-graph\">{\"@context\":\"https:\/\/schema.org\",\"@graph\":[{\"@type\":\"Article\",\"@id\":\"https:\/\/blog.holyart.it\/it\/pasqua\/domenica-laetare-e-gaudete-le-domeniche-della-gioia\/#article\",\"isPartOf\":{\"@id\":\"https:\/\/blog.holyart.it\/it\/pasqua\/domenica-laetare-e-gaudete-le-domeniche-della-gioia\/\"},\"author\":{\"name\":\"Redazione\",\"@id\":\"https:\/\/blog.holyart.it\/it\/#\/schema\/person\/0a7b686e5af0f856ec1e390dd0baecda\"},\"headline\":\"Domenica Laetare e Gaudete: le domeniche della gioia\",\"datePublished\":\"2023-03-15T15:58:30+00:00\",\"dateModified\":\"2026-03-02T14:20:16+00:00\",\"mainEntityOfPage\":{\"@id\":\"https:\/\/blog.holyart.it\/it\/pasqua\/domenica-laetare-e-gaudete-le-domeniche-della-gioia\/\"},\"wordCount\":913,\"publisher\":{\"@id\":\"https:\/\/blog.holyart.it\/it\/#organization\"},\"image\":{\"@id\":\"https:\/\/blog.holyart.it\/it\/pasqua\/domenica-laetare-e-gaudete-le-domeniche-della-gioia\/#primaryimage\"},\"thumbnailUrl\":\"https:\/\/blog.holyart.it\/it\/wp-content\/uploads\/sites\/17\/2023\/03\/casule-rosa.jpg\",\"articleSection\":[\"Occasioni speciali\",\"Pasqua\",\"Religione\"],\"inLanguage\":\"it-IT\"},{\"@type\":\"WebPage\",\"@id\":\"https:\/\/blog.holyart.it\/it\/pasqua\/domenica-laetare-e-gaudete-le-domeniche-della-gioia\/\",\"url\":\"https:\/\/blog.holyart.it\/it\/pasqua\/domenica-laetare-e-gaudete-le-domeniche-della-gioia\/\",\"name\":\"Domenica Laetare e Gaudete: le domeniche della gioia - Holyblog\",\"isPartOf\":{\"@id\":\"https:\/\/blog.holyart.it\/it\/#website\"},\"primaryImageOfPage\":{\"@id\":\"https:\/\/blog.holyart.it\/it\/pasqua\/domenica-laetare-e-gaudete-le-domeniche-della-gioia\/#primaryimage\"},\"image\":{\"@id\":\"https:\/\/blog.holyart.it\/it\/pasqua\/domenica-laetare-e-gaudete-le-domeniche-della-gioia\/#primaryimage\"},\"thumbnailUrl\":\"https:\/\/blog.holyart.it\/it\/wp-content\/uploads\/sites\/17\/2023\/03\/casule-rosa.jpg\",\"datePublished\":\"2023-03-15T15:58:30+00:00\",\"dateModified\":\"2026-03-02T14:20:16+00:00\",\"description\":\"La Domenica Gaudete e la Domenica Laetare celebrano la gioia della fede e l'attesa speranzosa di chi crede.\",\"breadcrumb\":{\"@id\":\"https:\/\/blog.holyart.it\/it\/pasqua\/domenica-laetare-e-gaudete-le-domeniche-della-gioia\/#breadcrumb\"},\"inLanguage\":\"it-IT\",\"potentialAction\":[{\"@type\":\"ReadAction\",\"target\":[\"https:\/\/blog.holyart.it\/it\/pasqua\/domenica-laetare-e-gaudete-le-domeniche-della-gioia\/\"]}]},{\"@type\":\"ImageObject\",\"inLanguage\":\"it-IT\",\"@id\":\"https:\/\/blog.holyart.it\/it\/pasqua\/domenica-laetare-e-gaudete-le-domeniche-della-gioia\/#primaryimage\",\"url\":\"https:\/\/blog.holyart.it\/it\/wp-content\/uploads\/sites\/17\/2023\/03\/casule-rosa.jpg\",\"contentUrl\":\"https:\/\/blog.holyart.it\/it\/wp-content\/uploads\/sites\/17\/2023\/03\/casule-rosa.jpg\",\"width\":1000,\"height\":667,\"caption\":\"casule rosa\"},{\"@type\":\"BreadcrumbList\",\"@id\":\"https:\/\/blog.holyart.it\/it\/pasqua\/domenica-laetare-e-gaudete-le-domeniche-della-gioia\/#breadcrumb\",\"itemListElement\":[{\"@type\":\"ListItem\",\"position\":1,\"name\":\"Homepage\",\"item\":\"https:\/\/blog.holyart.it\/it\/\"},{\"@type\":\"ListItem\",\"position\":2,\"name\":\"Pasqua\",\"item\":\"https:\/\/blog.holyart.it\/it\/pasqua\/\"},{\"@type\":\"ListItem\",\"position\":3,\"name\":\"Domenica Laetare e Gaudete: le domeniche della gioia\"}]},{\"@type\":\"WebSite\",\"@id\":\"https:\/\/blog.holyart.it\/it\/#website\",\"url\":\"https:\/\/blog.holyart.it\/it\/\",\"name\":\"Holyblog\",\"description\":\"Il Blog di Holyart.it\",\"publisher\":{\"@id\":\"https:\/\/blog.holyart.it\/it\/#organization\"},\"potentialAction\":[{\"@type\":\"SearchAction\",\"target\":{\"@type\":\"EntryPoint\",\"urlTemplate\":\"https:\/\/blog.holyart.it\/it\/?s={search_term_string}\"},\"query-input\":{\"@type\":\"PropertyValueSpecification\",\"valueRequired\":true,\"valueName\":\"search_term_string\"}}],\"inLanguage\":\"it-IT\"},{\"@type\":\"Organization\",\"@id\":\"https:\/\/blog.holyart.it\/it\/#organization\",\"name\":\"Holyblog\",\"url\":\"https:\/\/blog.holyart.it\/it\/\",\"logo\":{\"@type\":\"ImageObject\",\"inLanguage\":\"it-IT\",\"@id\":\"https:\/\/blog.holyart.it\/it\/#\/schema\/logo\/image\/\",\"url\":\"https:\/\/blog.holyart.it\/it\/wp-content\/uploads\/sites\/17\/2022\/12\/Holyart_Blog_Logo.jpg\",\"contentUrl\":\"https:\/\/blog.holyart.it\/it\/wp-content\/uploads\/sites\/17\/2022\/12\/Holyart_Blog_Logo.jpg\",\"width\":300,\"height\":50,\"caption\":\"Holyblog\"},\"image\":{\"@id\":\"https:\/\/blog.holyart.it\/it\/#\/schema\/logo\/image\/\"}},{\"@type\":\"Person\",\"@id\":\"https:\/\/blog.holyart.it\/it\/#\/schema\/person\/0a7b686e5af0f856ec1e390dd0baecda\",\"name\":\"Redazione\"}]}<\/script>\n<!-- \/ Yoast SEO plugin. -->","yoast_head_json":{"title":"Domenica Laetare e Gaudete: le domeniche della gioia - Holyblog","description":"La Domenica Gaudete e la Domenica Laetare celebrano la gioia della fede e l'attesa speranzosa di chi crede.","robots":{"index":"index","follow":"follow","max-snippet":"max-snippet:-1","max-image-preview":"max-image-preview:large","max-video-preview":"max-video-preview:-1"},"canonical":"https:\/\/blog.holyart.it\/it\/pasqua\/domenica-laetare-e-gaudete-le-domeniche-della-gioia\/","og_locale":"it_IT","og_type":"article","og_title":"Domenica Laetare e Gaudete: le domeniche della gioia - Holyblog","og_description":"La Domenica Gaudete e la Domenica Laetare celebrano la gioia della fede e l'attesa speranzosa di chi crede.","og_url":"https:\/\/blog.holyart.it\/it\/pasqua\/domenica-laetare-e-gaudete-le-domeniche-della-gioia\/","og_site_name":"Holyblog","article_published_time":"2023-03-15T15:58:30+00:00","article_modified_time":"2026-03-02T14:20:16+00:00","og_image":[{"width":1000,"height":667,"url":"https:\/\/blog.holyart.it\/it\/wp-content\/uploads\/sites\/17\/2023\/03\/casule-rosa.jpg","type":"image\/jpeg"}],"author":"Redazione","twitter_card":"summary_large_image","twitter_misc":{"Scritto da":"Redazione","Tempo di lettura stimato":"6 minuti"},"schema":{"@context":"https:\/\/schema.org","@graph":[{"@type":"Article","@id":"https:\/\/blog.holyart.it\/it\/pasqua\/domenica-laetare-e-gaudete-le-domeniche-della-gioia\/#article","isPartOf":{"@id":"https:\/\/blog.holyart.it\/it\/pasqua\/domenica-laetare-e-gaudete-le-domeniche-della-gioia\/"},"author":{"name":"Redazione","@id":"https:\/\/blog.holyart.it\/it\/#\/schema\/person\/0a7b686e5af0f856ec1e390dd0baecda"},"headline":"Domenica Laetare e Gaudete: le domeniche della gioia","datePublished":"2023-03-15T15:58:30+00:00","dateModified":"2026-03-02T14:20:16+00:00","mainEntityOfPage":{"@id":"https:\/\/blog.holyart.it\/it\/pasqua\/domenica-laetare-e-gaudete-le-domeniche-della-gioia\/"},"wordCount":913,"publisher":{"@id":"https:\/\/blog.holyart.it\/it\/#organization"},"image":{"@id":"https:\/\/blog.holyart.it\/it\/pasqua\/domenica-laetare-e-gaudete-le-domeniche-della-gioia\/#primaryimage"},"thumbnailUrl":"https:\/\/blog.holyart.it\/it\/wp-content\/uploads\/sites\/17\/2023\/03\/casule-rosa.jpg","articleSection":["Occasioni speciali","Pasqua","Religione"],"inLanguage":"it-IT"},{"@type":"WebPage","@id":"https:\/\/blog.holyart.it\/it\/pasqua\/domenica-laetare-e-gaudete-le-domeniche-della-gioia\/","url":"https:\/\/blog.holyart.it\/it\/pasqua\/domenica-laetare-e-gaudete-le-domeniche-della-gioia\/","name":"Domenica Laetare e Gaudete: le domeniche della gioia - Holyblog","isPartOf":{"@id":"https:\/\/blog.holyart.it\/it\/#website"},"primaryImageOfPage":{"@id":"https:\/\/blog.holyart.it\/it\/pasqua\/domenica-laetare-e-gaudete-le-domeniche-della-gioia\/#primaryimage"},"image":{"@id":"https:\/\/blog.holyart.it\/it\/pasqua\/domenica-laetare-e-gaudete-le-domeniche-della-gioia\/#primaryimage"},"thumbnailUrl":"https:\/\/blog.holyart.it\/it\/wp-content\/uploads\/sites\/17\/2023\/03\/casule-rosa.jpg","datePublished":"2023-03-15T15:58:30+00:00","dateModified":"2026-03-02T14:20:16+00:00","description":"La Domenica Gaudete e la Domenica Laetare celebrano la gioia della fede e l'attesa speranzosa di chi crede.","breadcrumb":{"@id":"https:\/\/blog.holyart.it\/it\/pasqua\/domenica-laetare-e-gaudete-le-domeniche-della-gioia\/#breadcrumb"},"inLanguage":"it-IT","potentialAction":[{"@type":"ReadAction","target":["https:\/\/blog.holyart.it\/it\/pasqua\/domenica-laetare-e-gaudete-le-domeniche-della-gioia\/"]}]},{"@type":"ImageObject","inLanguage":"it-IT","@id":"https:\/\/blog.holyart.it\/it\/pasqua\/domenica-laetare-e-gaudete-le-domeniche-della-gioia\/#primaryimage","url":"https:\/\/blog.holyart.it\/it\/wp-content\/uploads\/sites\/17\/2023\/03\/casule-rosa.jpg","contentUrl":"https:\/\/blog.holyart.it\/it\/wp-content\/uploads\/sites\/17\/2023\/03\/casule-rosa.jpg","width":1000,"height":667,"caption":"casule rosa"},{"@type":"BreadcrumbList","@id":"https:\/\/blog.holyart.it\/it\/pasqua\/domenica-laetare-e-gaudete-le-domeniche-della-gioia\/#breadcrumb","itemListElement":[{"@type":"ListItem","position":1,"name":"Homepage","item":"https:\/\/blog.holyart.it\/it\/"},{"@type":"ListItem","position":2,"name":"Pasqua","item":"https:\/\/blog.holyart.it\/it\/pasqua\/"},{"@type":"ListItem","position":3,"name":"Domenica Laetare e Gaudete: le domeniche della gioia"}]},{"@type":"WebSite","@id":"https:\/\/blog.holyart.it\/it\/#website","url":"https:\/\/blog.holyart.it\/it\/","name":"Holyblog","description":"Il Blog di Holyart.it","publisher":{"@id":"https:\/\/blog.holyart.it\/it\/#organization"},"potentialAction":[{"@type":"SearchAction","target":{"@type":"EntryPoint","urlTemplate":"https:\/\/blog.holyart.it\/it\/?s={search_term_string}"},"query-input":{"@type":"PropertyValueSpecification","valueRequired":true,"valueName":"search_term_string"}}],"inLanguage":"it-IT"},{"@type":"Organization","@id":"https:\/\/blog.holyart.it\/it\/#organization","name":"Holyblog","url":"https:\/\/blog.holyart.it\/it\/","logo":{"@type":"ImageObject","inLanguage":"it-IT","@id":"https:\/\/blog.holyart.it\/it\/#\/schema\/logo\/image\/","url":"https:\/\/blog.holyart.it\/it\/wp-content\/uploads\/sites\/17\/2022\/12\/Holyart_Blog_Logo.jpg","contentUrl":"https:\/\/blog.holyart.it\/it\/wp-content\/uploads\/sites\/17\/2022\/12\/Holyart_Blog_Logo.jpg","width":300,"height":50,"caption":"Holyblog"},"image":{"@id":"https:\/\/blog.holyart.it\/it\/#\/schema\/logo\/image\/"}},{"@type":"Person","@id":"https:\/\/blog.holyart.it\/it\/#\/schema\/person\/0a7b686e5af0f856ec1e390dd0baecda","name":"Redazione"}]}},"_links":{"self":[{"href":"https:\/\/blog.holyart.it\/it\/wp-json\/wp\/v2\/posts\/17426","targetHints":{"allow":["GET"]}}],"collection":[{"href":"https:\/\/blog.holyart.it\/it\/wp-json\/wp\/v2\/posts"}],"about":[{"href":"https:\/\/blog.holyart.it\/it\/wp-json\/wp\/v2\/types\/post"}],"author":[{"embeddable":true,"href":"https:\/\/blog.holyart.it\/it\/wp-json\/wp\/v2\/users\/1"}],"replies":[{"embeddable":true,"href":"https:\/\/blog.holyart.it\/it\/wp-json\/wp\/v2\/comments?post=17426"}],"version-history":[{"count":6,"href":"https:\/\/blog.holyart.it\/it\/wp-json\/wp\/v2\/posts\/17426\/revisions"}],"predecessor-version":[{"id":17439,"href":"https:\/\/blog.holyart.it\/it\/wp-json\/wp\/v2\/posts\/17426\/revisions\/17439"}],"wp:featuredmedia":[{"embeddable":true,"href":"https:\/\/blog.holyart.it\/it\/wp-json\/wp\/v2\/media\/17441"}],"wp:attachment":[{"href":"https:\/\/blog.holyart.it\/it\/wp-json\/wp\/v2\/media?parent=17426"}],"wp:term":[{"taxonomy":"category","embeddable":true,"href":"https:\/\/blog.holyart.it\/it\/wp-json\/wp\/v2\/categories?post=17426"},{"taxonomy":"post_tag","embeddable":true,"href":"https:\/\/blog.holyart.it\/it\/wp-json\/wp\/v2\/tags?post=17426"}],"curies":[{"name":"wp","href":"https:\/\/api.w.org\/{rel}","templated":true}]}}