{"id":17219,"date":"2023-02-06T15:27:01","date_gmt":"2023-02-06T14:27:01","guid":{"rendered":"https:\/\/blog.holyart.it\/it\/?p=17219"},"modified":"2024-09-10T12:20:22","modified_gmt":"2024-09-10T10:20:22","slug":"porta-santa-cose-e-cosa-rappresenta-la-sua-apertura","status":"publish","type":"post","link":"https:\/\/blog.holyart.it\/it\/articoli-religiosi\/porta-santa-cose-e-cosa-rappresenta-la-sua-apertura\/","title":{"rendered":"Porta Santa: cos&#8217;\u00e8 e cosa rappresenta la sua apertura"},"content":{"rendered":"<h4>L&#8217;apertura della Porta Santa segno l&#8217;inizio del Giubileo, ma rappresenta anche per i cristiani un simbolo spirituale di grande suggestione. Ecco quale<\/h4>\n\n<p>La <strong>porta<\/strong> \u00e8 sempre stata investita di un&#8217;importanza fondamentale nella storia dell&#8217;umanit\u00e0. Elemento di <strong>protezione e difesa<\/strong> per villaggi, citt\u00e0 e palazzi, ha assunto nel mondo greco e poi in quello romano anche una <strong>forte simbologia spirituale<\/strong>, come <strong>varco tra i mondi, punto di passaggio, confine tra la vita e la morte<\/strong>. Questo forte valenza spirituale \u00e8 confermata anche in ambito cristiano con la cosiddetta <strong>Porta Santa<\/strong>.<\/p>\n<p>Di cosa si tratta, che significato ha? E perch\u00e9 si chiama Porta Santa?<\/p>\n<p>Da un punto di vista squisitamente materiale possiamo definire Porta Santa <strong>la porta di una chiesa o una basilica cristiana che il <a href=\"https:\/\/www.holyart.it\/blog\/articoli-religiosi\/benedetto-xvi-la-storia-del-papa-emerito\/\">Papa<\/a> ha proclamato tale<\/strong>. Questa porta viene tenuta murata e viene aperta unicamente in occasione di un <strong><a href=\"https:\/\/www.holyart.it\/blog\/articoli-religiosi\/logo-del-giubileo-della-misericordia-cose-lo-disegno\/\">Giubileo,<\/a><\/strong> quando pu\u00f2 essere attraversata per ottenere <a href=\"https:\/\/www.holyart.it\/blog\/articoli-religiosi\/indulgenza-plenaria-significato-origini-e-come-ottenerla\/\"><strong>l&#8217;indulgenza plenaria da tutti i peccati.<\/strong><\/a> Ricordiamo infatti che il <a href=\"https:\/\/www.holyart.it\/it\/articoli\/stole-del-giubileo.php\"><strong>Giubileo<\/strong> <\/a>\u00e8 un periodo che dura un anno durante il quale la Chiesa concede particolari indulgenze <strong><a href=\"https:\/\/www.holyart.it\/blog\/articoli-religiosi\/5-luoghi-di-pellegrinaggio-dove-andare-almeno-una-volta-nella-vita\/\">a chi compie pellegrinaggi,<\/a><\/strong> si impegna in opere di carit\u00e0, si dedica alla preghiera e alla penitenza o, in questo caso, attraversa una delle Porte Sante proclamate dal Papa.<\/p>\n<p>Per quanto riguarda il <strong>significato simbolico della Porta Santa<\/strong>, troviamo la porta gi\u00e0 citata in Ezechiele, come varco attraverso il quale la <strong>gloria di Dio entra nella casa<\/strong>, ma anche nell&#8217;anima: &#8220;<em>Poi mi condusse alla porta, alla porta che guardava a oriente. Ecco, la gloria del Dio d\u2019Israele veniva dal lato orientale. La sua voce era come il rumore di grandi acque e la terra risplendeva della sua gloria[a]. La visione che io ebbi era simile a quella che io ebbi quando venni per distruggere la citt\u00e0; queste visioni erano simili a quella che avevo avuta presso il fiume Chebar; e io caddi sulla mia faccia. La gloria del Signore entr\u00f2 nella casa per la via della porta che guardava a oriente.<\/em>&#8220;(Ezechiele 43:1-4).<\/p>\n<div class=\"link-article\">\n<p><img loading=\"lazy\" decoding=\"async\" class=\"size-full wp-image-17222 alignleft\" src=\"https:\/\/blog.holyart.it\/it\/wp-content\/uploads\/sites\/17\/2023\/02\/indulgenza-plenaria.jpeg\" alt=\"indulgenza plenaria\" width=\"150\" height=\"99\" data-kale-share-title=\"Porta Santa: cos\u2019\u00e8 e cosa rappresenta la sua apertura\" data-kale-share-url=\"https:\/\/blog.holyart.it\/it\/?p=17219\" \/><\/p>\n<div class=\"leggi-anche\">Leggi anche:<\/div>\n<p><strong><a href=\"https:\/\/www.holyart.it\/blog\/articoli-religiosi\/indulgenza-plenaria-significato-origini-e-come-ottenerla\/\">Indulgenza plenaria: significato, origini e come ottenerla<\/a><\/strong><br \/>\nCos\u2019\u00e8 l\u2019indulgenza plenaria? Ecco perch\u00e9 Papa Francesco l\u2019ha concessa a chi partecipa all\u2019Anno di San Giuseppe.<\/p>\n<\/div>\n<p>Possiamo per\u00f2 comprendere meglio la valenza della Porta Santa nel <a href=\"https:\/\/www.holyart.it\/it\/articoli-religiosi\/statue\/statue-in-resina-e-pvc\/san-giovanni-evangelista-30-cm-statua-resina\"><strong>Vangelo di Giovanni<\/strong>,<\/a> dove si legge: &#8220;<em>Allora Ges\u00f9 disse loro di nuovo: \u00abIn verit\u00e0, in verit\u00e0 vi dico: io sono la porta delle pecore. Tutti coloro che sono venuti prima di me, sono ladri e briganti; ma le pecore non li hanno ascoltati. Io sono la porta: se uno entra attraverso di me, sar\u00e0 salvo; entrer\u00e0 e uscir\u00e0 e trover\u00e0 pascolo<\/em>&#8221; (Giovanni 10, 7). Ecco, <strong>Ges\u00f9 parla di se stesso come di una porta<\/strong>, e cos\u00ec la Porta Santa diventa il <strong>passaggio obbligato<\/strong> per chi vuole seguirLo, trovando in Lui la redenzione da ogni peccato e la salvezza.<\/p>\n<p>La tradizione della Porta Santa \u00e8 antica. Il primo a proclamarne una fu Papa Celestino V, che nel 1294 dichiar\u00f2 Santa la <strong>porta della Basilica di Santa Maria di Collemaggio <\/strong>a L&#8217;Aquila, ancora oggi sede del <strong>Giubileo annuale<\/strong> voluto da Celestino stesso tramite la <em>Bolla del Perdono<\/em> del 29 settembre 1294, conosciuto come <strong>Perdonanza Celestiniana<\/strong> e classificato dall&#8217;Unesco come patrimonio orale e immateriale dell&#8217;umanit\u00e0.<\/p>\n<p><strong>Oggi sono molte le porte del Giubileo<\/strong>, tra le quali, oltre a quella di <a href=\"https:\/\/www.holyart.it\/it\/articoli-religiosi\/statue\/statue-in-resina-e-pvc\/san-pietro-resina-30-cm-statua\"><strong>San Pietro<\/strong><\/a> e alla Porta Santa in <strong><a href=\"https:\/\/www.holyart.it\/it\/articoli-religiosi\/statue\/statue-in-resina-e-pvc\/san-giovanni-evangelista-30-cm-statua-resina\">San Giovanni<\/a><\/strong> in Laterano a Roma possiamo, ricordare quella della cattedrale di <a href=\"https:\/\/www.holyart.it\/blog\/articoli-religiosi\/cammino-di-santiago-storia-e-curiosita\/\"><strong>Santiago di Compostela,<\/strong><\/a> la cattedrale di Atri e la basilica-cattedrale di Notre-Dame de Qu\u00e9bec. La cattedrale del <a href=\"https:\/\/www.holyart.it\/blog\/articoli-religiosi\/ss-cuore-gesu\/\"><strong>Sacro Cuore<\/strong><\/a> a Nuova Delhi, in India, ha aperto la sua Porta Santa il 12 dicembre 2015 nell&#8217;occasione dell&#8217;inizio del Giubileo della Misericordia.<\/p>\n<div class=\"link-article\">\n<p><img loading=\"lazy\" decoding=\"async\" class=\"size-full wp-image-17223 alignleft\" src=\"https:\/\/blog.holyart.it\/it\/wp-content\/uploads\/sites\/17\/2023\/02\/cammino-di-santiago.jpeg\" alt=\"cammino di santiago\" width=\"150\" height=\"100\" data-kale-share-title=\"Porta Santa: cos\u2019\u00e8 e cosa rappresenta la sua apertura\" data-kale-share-url=\"https:\/\/blog.holyart.it\/it\/?p=17219\" \/><\/p>\n<div class=\"leggi-anche\">Leggi anche:<\/div>\n<p><strong><a href=\"https:\/\/www.holyart.it\/blog\/articoli-religiosi\/cammino-di-santiago-storia-e-curiosita\/\">Il Cammino di Santiago: storia e curiosit\u00e0 di uno dei pi\u00f9 famosi itinerari religiosi<\/a><\/strong><br \/>\nDa secoli il Cammino di Santiago rappresenta uno dei pellegrinaggi&#8230;<\/p>\n<\/div>\n<h2>La Porta Santa di San Pietro<\/h2>\n<p>I primi riferimenti alla <strong>Porta Santa nella basilica di San Pietro a Roma<\/strong> risalgono al pontificato di Papa Alessandro VI Borgia.<\/p>\n<p>\u00c8 una delle cinque porte della Basilica di <a href=\"https:\/\/www.holyart.it\/blog\/articoli-religiosi\/san-pietro-in-vaticano-chiesa-simbolo-di-tutto-il-mondo-cristiano\/\"><strong>San Pietro<\/strong><\/a> e si trova all&#8217;estremit\u00e0 destra dell&#8217;atrio. Rimasta <strong>chiusa sino al 1950<\/strong>, \u00e8 circondata da una cornice di marmo scolpito realizzata per volere di Papa Gregorio XIII in occasione del Giubileo del 1575. I <strong>battenti originali in bronzo<\/strong> sono stati donati nel 1949 dal vescovo svizzero Francesco Von Streng, come ex voto per aver preservato la Svizzera dalla guerra. L&#8217;attuale porta \u00e8 stata realizzata per il <strong>Giubileo del 1950 <\/strong>da Vico Consorti, il <em>&#8220;maestro degli usci&#8221;<\/em>. La Porta Santa di San Pietro \u00e8 formata da 16 formelle rettangolari che raccontano la storia umana dall\u2019alba ai giorni nostri, poste su 4 ordini, tra i quali sono posti 36 stemmi. Alla base delle due ante, tra le varie incisioni, c&#8217;\u00e8 scritto: <em>&#8220;Da qui scaturiscano abbondanti le sorgenti della Grazia divina, e purifichino gli animi di tutti coloro che entrano, li ristorino con una santa pace, li adornino di virt\u00f9 Cristiana. Anno Santo 1950&#8221;.<\/em><\/p>\n<div class=\"link-article\">\n<p><img loading=\"lazy\" decoding=\"async\" class=\"size-full wp-image-17224 alignleft\" src=\"https:\/\/blog.holyart.it\/it\/wp-content\/uploads\/sites\/17\/2023\/02\/san-pietro-basilica.jpeg\" alt=\"san pietro basilica\" width=\"150\" height=\"100\" data-kale-share-title=\"Porta Santa: cos\u2019\u00e8 e cosa rappresenta la sua apertura\" data-kale-share-url=\"https:\/\/blog.holyart.it\/it\/?p=17219\" \/><\/p>\n<div class=\"leggi-anche\">Leggi anche:<\/div>\n<p><strong><a href=\"https:\/\/www.holyart.it\/blog\/articoli-religiosi\/san-pietro-in-vaticano-chiesa-simbolo-di-tutto-il-mondo-cristiano\/\">San Pietro in Vaticano: Chiesa simbolo di tutto il mondo cristiano<\/a><\/strong><br \/>\nSan Pietro in Vaticano \u00e8 una basilica piena di significati&#8230;<\/p>\n<\/div>\n<h2>Apertura della Porta Santa<\/h2>\n<p>Il Giubileo inizia con <strong>l\u2019apertura della Porta Santa di San Pietro\u00a0<\/strong>e si conclude con la sua chiusura.<\/p>\n<p>Il rito dell&#8217;apertura della Porta Santa richiama il simbolismo di cui gi\u00e0 abbiamo parlato, della <strong>porta come passaggio obbligato per la salvezza<\/strong>. L&#8217;apertura della Porta Santa della basilica di San Pietro in particolare sancisce l&#8217;inizio del Giubileo. Nei giorni successivi le porte delle altre basiliche del Giubileo verranno aperte in tutto il mondo.<\/p>\n<p>Tradizionalmente si cominciava a smurare la Porta Santa in vista del Giubileo. Era compito del Papa spezzare simbolicamente l&#8217;ultimo diaframma con un martello, per poi lasciare che i muratori portassero a termine l&#8217;opera.\u00a0La tradizione di murare la Porta Santa di San Pietro e aprirla solo in occasione del Giubileo \u00e8 rimasta in auge fino al 1975. Successivamente, nel <strong>2000<\/strong>, <a href=\"https:\/\/www.holyart.it\/it\/occasioni-speciali\/giovanni-paolo-ii\"><strong>Papa Giovanni Paolo II,<\/strong><\/a> che rischi\u00f2 di essere colpito dai calcinacci mentre procedeva al rito, decise cos\u00ec di cambiare l&#8217;usanza, e da allora la Porta Santa viene semplicemente chiusa alla fine del Giubileo e riaperta per il Giubileo successivo.<\/p>\n<div class=\"link-product\">\n<div class=\"blocco-immagine\"><img loading=\"lazy\" decoding=\"async\" class=\"size-full wp-image-17225 alignleft\" src=\"https:\/\/blog.holyart.it\/it\/wp-content\/uploads\/sites\/17\/2023\/02\/papa-giovanni-paolo-II.jpg\" alt=\"papa giovanni paolo II\" width=\"100\" height=\"100\" data-kale-share-title=\"Porta Santa: cos\u2019\u00e8 e cosa rappresenta la sua apertura\" data-kale-share-url=\"https:\/\/blog.holyart.it\/it\/?p=17219\" \/><\/div>\n<div class=\"blocco-contenuto\">\n<div class=\"blocco-acquista\">Acquista su Holyart:<\/div>\n<div class=\"blocco-titolo\"><a href=\"https:\/\/www.holyart.it\/it\/occasioni-speciali\/giovanni-paolo-ii\">Giovanni Paolo II<\/a><\/div>\n<div class=\"blocco-descrizione\">Giovanni Paolo II: in occasione della sua beatificazione abbiamo creato un reparto.<\/div>\n<\/div>\n<\/div>\n<h2>Quante sono le porte sante<\/h2>\n<p>Il Papa ha dunque la facolt\u00e0 di proclamare Porta Santa qualsiasi porta di chiesa del mondo. A Roma, oltre che a <a href=\"https:\/\/www.holyart.it\/it\/articoli-religiosi\/arazzi\/arazzo-piazza-san-pietro-35x60-cm\"><strong>San Pietro,<\/strong> <\/a>c&#8217;\u00e8 una Porta Santa nelle basiliche di <a href=\"https:\/\/www.holyart.it\/it\/articoli-religiosi\/statue\/statue-in-resina-e-pvc\/san-giovanni-battista-37-cm-resina-dipinta\"><strong>San Giovanni<\/strong><\/a> in Laterano, <a href=\"https:\/\/www.holyart.it\/it\/articoli-religiosi\/statue\/statue-in-legno-dipinto\/san-paolo\"><strong>San Paolo<\/strong><\/a> fuori le Mura e Santa Maria Maggiore. In occasione del\u00a0<a href=\"https:\/\/www.holyart.it\/it\/occasioni-speciali\/giubileo-della-misericordia\"><strong>Giubileo Straordinario della Misericordia<\/strong><\/a> (8 dicembre 2015-20 novembre 2016), <a href=\"https:\/\/www.holyart.it\/it\/occasioni-speciali\/papa-francesco\"><strong>Papa Francesco<\/strong><\/a> ha chiesto la collaborazione dei vescovi per individuare i luoghi pi\u00f9 significativi per i fedeli, e ha concesso l&#8217;apertura della Porta Santa anche nelle chiese cattedrali, oltre che nelle basiliche. Cos\u00ec molte chiese m\u00e8ta abituale di pellegrinaggi hanno avuto la loro Porta Santa per concessione del Papa e hanno potuto concedere l&#8217;indulgenza plenaria ai loro fedeli.<\/p>\n<div class=\"link-product\">\n<div class=\"blocco-immagine\"><img loading=\"lazy\" decoding=\"async\" class=\"size-full wp-image-17228 alignleft\" src=\"https:\/\/blog.holyart.it\/it\/wp-content\/uploads\/sites\/17\/2023\/02\/statua-papa-francesco.jpg\" alt=\"statua papa francesco\" width=\"100\" height=\"100\" data-kale-share-title=\"Porta Santa: cos\u2019\u00e8 e cosa rappresenta la sua apertura\" data-kale-share-url=\"https:\/\/blog.holyart.it\/it\/?p=17219\" \/><\/div>\n<div class=\"blocco-contenuto\">\n<div class=\"blocco-acquista\">Acquista su Holyart:<\/div>\n<div class=\"blocco-titolo\"><a href=\"https:\/\/www.holyart.it\/it\/occasioni-speciali\/papa-francesco?page=1\">Papa Francesco<\/a><\/div>\n<div class=\"blocco-descrizione\">Papa Francesco: categoria dedicata a Papa Jorge Mario Bergoglio.<\/div>\n<\/div>\n<\/div>\n","protected":false},"excerpt":{"rendered":"<p>L&#8217;apertura della Porta Santa segno l&#8217;inizio del Giubileo, ma rappresenta anche per i cristiani un simbolo spirituale di grande suggestione. Ecco quale La porta \u00e8 sempre stata investita di un&#8217;importanza fondamentale nella storia dell&#8217;umanit\u00e0. Elemento di protezione e difesa per villaggi, citt\u00e0 e palazzi, ha&hellip;<\/p>\n","protected":false},"author":1,"featured_media":17227,"comment_status":"closed","ping_status":"open","sticky":false,"template":"","format":"standard","meta":{"_acf_changed":false,"footnotes":""},"categories":[25,16],"tags":[],"class_list":["post-17219","post","type-post","status-publish","format-standard","has-post-thumbnail","hentry","category-giubileo-2025","category-articoli-religiosi"],"acf":[],"yoast_head":"<!-- This site is optimized with the Yoast SEO plugin v26.6 - https:\/\/yoast.com\/wordpress\/plugins\/seo\/ -->\n<title>Porta Santa: cos&#039;\u00e8 e cosa rappresenta la sua apertura - Holyblog<\/title>\n<meta name=\"description\" content=\"L&#039;apertura della Porta Santa segno l&#039;inizio del Giubileo, ma rappresenta anche per i cristiani un simbolo spirituale di grande suggestione.\" \/>\n<meta name=\"robots\" content=\"index, follow, max-snippet:-1, max-image-preview:large, max-video-preview:-1\" \/>\n<link rel=\"canonical\" href=\"https:\/\/blog.holyart.it\/it\/articoli-religiosi\/porta-santa-cose-e-cosa-rappresenta-la-sua-apertura\/\" \/>\n<meta property=\"og:locale\" content=\"it_IT\" \/>\n<meta property=\"og:type\" content=\"article\" \/>\n<meta property=\"og:title\" content=\"Porta Santa: cos&#039;\u00e8 e cosa rappresenta la sua apertura - Holyblog\" \/>\n<meta property=\"og:description\" content=\"L&#039;apertura della Porta Santa segno l&#039;inizio del Giubileo, ma rappresenta anche per i cristiani un simbolo spirituale di grande suggestione.\" \/>\n<meta property=\"og:url\" content=\"https:\/\/blog.holyart.it\/it\/articoli-religiosi\/porta-santa-cose-e-cosa-rappresenta-la-sua-apertura\/\" \/>\n<meta property=\"og:site_name\" content=\"Holyblog\" \/>\n<meta property=\"article:published_time\" content=\"2023-02-06T14:27:01+00:00\" \/>\n<meta property=\"article:modified_time\" content=\"2024-09-10T10:20:22+00:00\" \/>\n<meta property=\"og:image\" content=\"https:\/\/blog.holyart.it\/it\/wp-content\/uploads\/sites\/17\/2023\/02\/porta-santa.jpeg\" \/>\n\t<meta property=\"og:image:width\" content=\"1000\" \/>\n\t<meta property=\"og:image:height\" content=\"696\" \/>\n\t<meta property=\"og:image:type\" content=\"image\/jpeg\" \/>\n<meta name=\"author\" content=\"Redazione\" \/>\n<meta name=\"twitter:card\" content=\"summary_large_image\" \/>\n<meta name=\"twitter:label1\" content=\"Scritto da\" \/>\n\t<meta name=\"twitter:data1\" content=\"Redazione\" \/>\n\t<meta name=\"twitter:label2\" content=\"Tempo di lettura stimato\" \/>\n\t<meta name=\"twitter:data2\" content=\"8 minuti\" \/>\n<script type=\"application\/ld+json\" class=\"yoast-schema-graph\">{\"@context\":\"https:\/\/schema.org\",\"@graph\":[{\"@type\":\"Article\",\"@id\":\"https:\/\/blog.holyart.it\/it\/articoli-religiosi\/porta-santa-cose-e-cosa-rappresenta-la-sua-apertura\/#article\",\"isPartOf\":{\"@id\":\"https:\/\/blog.holyart.it\/it\/articoli-religiosi\/porta-santa-cose-e-cosa-rappresenta-la-sua-apertura\/\"},\"author\":{\"name\":\"Redazione\",\"@id\":\"https:\/\/blog.holyart.it\/it\/#\/schema\/person\/0a7b686e5af0f856ec1e390dd0baecda\"},\"headline\":\"Porta Santa: cos&#8217;\u00e8 e cosa rappresenta la sua apertura\",\"datePublished\":\"2023-02-06T14:27:01+00:00\",\"dateModified\":\"2024-09-10T10:20:22+00:00\",\"mainEntityOfPage\":{\"@id\":\"https:\/\/blog.holyart.it\/it\/articoli-religiosi\/porta-santa-cose-e-cosa-rappresenta-la-sua-apertura\/\"},\"wordCount\":1147,\"publisher\":{\"@id\":\"https:\/\/blog.holyart.it\/it\/#organization\"},\"image\":{\"@id\":\"https:\/\/blog.holyart.it\/it\/articoli-religiosi\/porta-santa-cose-e-cosa-rappresenta-la-sua-apertura\/#primaryimage\"},\"thumbnailUrl\":\"https:\/\/blog.holyart.it\/it\/wp-content\/uploads\/sites\/17\/2023\/02\/porta-santa.jpeg\",\"articleSection\":[\"Giubileo 2025\",\"Religione\"],\"inLanguage\":\"it-IT\"},{\"@type\":\"WebPage\",\"@id\":\"https:\/\/blog.holyart.it\/it\/articoli-religiosi\/porta-santa-cose-e-cosa-rappresenta-la-sua-apertura\/\",\"url\":\"https:\/\/blog.holyart.it\/it\/articoli-religiosi\/porta-santa-cose-e-cosa-rappresenta-la-sua-apertura\/\",\"name\":\"Porta Santa: cos'\u00e8 e cosa rappresenta la sua apertura - Holyblog\",\"isPartOf\":{\"@id\":\"https:\/\/blog.holyart.it\/it\/#website\"},\"primaryImageOfPage\":{\"@id\":\"https:\/\/blog.holyart.it\/it\/articoli-religiosi\/porta-santa-cose-e-cosa-rappresenta-la-sua-apertura\/#primaryimage\"},\"image\":{\"@id\":\"https:\/\/blog.holyart.it\/it\/articoli-religiosi\/porta-santa-cose-e-cosa-rappresenta-la-sua-apertura\/#primaryimage\"},\"thumbnailUrl\":\"https:\/\/blog.holyart.it\/it\/wp-content\/uploads\/sites\/17\/2023\/02\/porta-santa.jpeg\",\"datePublished\":\"2023-02-06T14:27:01+00:00\",\"dateModified\":\"2024-09-10T10:20:22+00:00\",\"description\":\"L'apertura della Porta Santa segno l'inizio del Giubileo, ma rappresenta anche per i cristiani un simbolo spirituale di grande suggestione.\",\"breadcrumb\":{\"@id\":\"https:\/\/blog.holyart.it\/it\/articoli-religiosi\/porta-santa-cose-e-cosa-rappresenta-la-sua-apertura\/#breadcrumb\"},\"inLanguage\":\"it-IT\",\"potentialAction\":[{\"@type\":\"ReadAction\",\"target\":[\"https:\/\/blog.holyart.it\/it\/articoli-religiosi\/porta-santa-cose-e-cosa-rappresenta-la-sua-apertura\/\"]}]},{\"@type\":\"ImageObject\",\"inLanguage\":\"it-IT\",\"@id\":\"https:\/\/blog.holyart.it\/it\/articoli-religiosi\/porta-santa-cose-e-cosa-rappresenta-la-sua-apertura\/#primaryimage\",\"url\":\"https:\/\/blog.holyart.it\/it\/wp-content\/uploads\/sites\/17\/2023\/02\/porta-santa.jpeg\",\"contentUrl\":\"https:\/\/blog.holyart.it\/it\/wp-content\/uploads\/sites\/17\/2023\/02\/porta-santa.jpeg\",\"width\":1000,\"height\":696,\"caption\":\"porta santa\"},{\"@type\":\"BreadcrumbList\",\"@id\":\"https:\/\/blog.holyart.it\/it\/articoli-religiosi\/porta-santa-cose-e-cosa-rappresenta-la-sua-apertura\/#breadcrumb\",\"itemListElement\":[{\"@type\":\"ListItem\",\"position\":1,\"name\":\"Homepage\",\"item\":\"https:\/\/blog.holyart.it\/it\/\"},{\"@type\":\"ListItem\",\"position\":2,\"name\":\"Religione\",\"item\":\"https:\/\/blog.holyart.it\/it\/articoli-religiosi\/\"},{\"@type\":\"ListItem\",\"position\":3,\"name\":\"Porta Santa: cos&#8217;\u00e8 e cosa rappresenta la sua apertura\"}]},{\"@type\":\"WebSite\",\"@id\":\"https:\/\/blog.holyart.it\/it\/#website\",\"url\":\"https:\/\/blog.holyart.it\/it\/\",\"name\":\"Holyblog\",\"description\":\"Il Blog di Holyart.it\",\"publisher\":{\"@id\":\"https:\/\/blog.holyart.it\/it\/#organization\"},\"potentialAction\":[{\"@type\":\"SearchAction\",\"target\":{\"@type\":\"EntryPoint\",\"urlTemplate\":\"https:\/\/blog.holyart.it\/it\/?s={search_term_string}\"},\"query-input\":{\"@type\":\"PropertyValueSpecification\",\"valueRequired\":true,\"valueName\":\"search_term_string\"}}],\"inLanguage\":\"it-IT\"},{\"@type\":\"Organization\",\"@id\":\"https:\/\/blog.holyart.it\/it\/#organization\",\"name\":\"Holyblog\",\"url\":\"https:\/\/blog.holyart.it\/it\/\",\"logo\":{\"@type\":\"ImageObject\",\"inLanguage\":\"it-IT\",\"@id\":\"https:\/\/blog.holyart.it\/it\/#\/schema\/logo\/image\/\",\"url\":\"https:\/\/blog.holyart.it\/it\/wp-content\/uploads\/sites\/17\/2022\/12\/Holyart_Blog_Logo.jpg\",\"contentUrl\":\"https:\/\/blog.holyart.it\/it\/wp-content\/uploads\/sites\/17\/2022\/12\/Holyart_Blog_Logo.jpg\",\"width\":300,\"height\":50,\"caption\":\"Holyblog\"},\"image\":{\"@id\":\"https:\/\/blog.holyart.it\/it\/#\/schema\/logo\/image\/\"}},{\"@type\":\"Person\",\"@id\":\"https:\/\/blog.holyart.it\/it\/#\/schema\/person\/0a7b686e5af0f856ec1e390dd0baecda\",\"name\":\"Redazione\"}]}<\/script>\n<!-- \/ Yoast SEO plugin. -->","yoast_head_json":{"title":"Porta Santa: cos'\u00e8 e cosa rappresenta la sua apertura - Holyblog","description":"L'apertura della Porta Santa segno l'inizio del Giubileo, ma rappresenta anche per i cristiani un simbolo spirituale di grande suggestione.","robots":{"index":"index","follow":"follow","max-snippet":"max-snippet:-1","max-image-preview":"max-image-preview:large","max-video-preview":"max-video-preview:-1"},"canonical":"https:\/\/blog.holyart.it\/it\/articoli-religiosi\/porta-santa-cose-e-cosa-rappresenta-la-sua-apertura\/","og_locale":"it_IT","og_type":"article","og_title":"Porta Santa: cos'\u00e8 e cosa rappresenta la sua apertura - Holyblog","og_description":"L'apertura della Porta Santa segno l'inizio del Giubileo, ma rappresenta anche per i cristiani un simbolo spirituale di grande suggestione.","og_url":"https:\/\/blog.holyart.it\/it\/articoli-religiosi\/porta-santa-cose-e-cosa-rappresenta-la-sua-apertura\/","og_site_name":"Holyblog","article_published_time":"2023-02-06T14:27:01+00:00","article_modified_time":"2024-09-10T10:20:22+00:00","og_image":[{"width":1000,"height":696,"url":"https:\/\/blog.holyart.it\/it\/wp-content\/uploads\/sites\/17\/2023\/02\/porta-santa.jpeg","type":"image\/jpeg"}],"author":"Redazione","twitter_card":"summary_large_image","twitter_misc":{"Scritto da":"Redazione","Tempo di lettura stimato":"8 minuti"},"schema":{"@context":"https:\/\/schema.org","@graph":[{"@type":"Article","@id":"https:\/\/blog.holyart.it\/it\/articoli-religiosi\/porta-santa-cose-e-cosa-rappresenta-la-sua-apertura\/#article","isPartOf":{"@id":"https:\/\/blog.holyart.it\/it\/articoli-religiosi\/porta-santa-cose-e-cosa-rappresenta-la-sua-apertura\/"},"author":{"name":"Redazione","@id":"https:\/\/blog.holyart.it\/it\/#\/schema\/person\/0a7b686e5af0f856ec1e390dd0baecda"},"headline":"Porta Santa: cos&#8217;\u00e8 e cosa rappresenta la sua apertura","datePublished":"2023-02-06T14:27:01+00:00","dateModified":"2024-09-10T10:20:22+00:00","mainEntityOfPage":{"@id":"https:\/\/blog.holyart.it\/it\/articoli-religiosi\/porta-santa-cose-e-cosa-rappresenta-la-sua-apertura\/"},"wordCount":1147,"publisher":{"@id":"https:\/\/blog.holyart.it\/it\/#organization"},"image":{"@id":"https:\/\/blog.holyart.it\/it\/articoli-religiosi\/porta-santa-cose-e-cosa-rappresenta-la-sua-apertura\/#primaryimage"},"thumbnailUrl":"https:\/\/blog.holyart.it\/it\/wp-content\/uploads\/sites\/17\/2023\/02\/porta-santa.jpeg","articleSection":["Giubileo 2025","Religione"],"inLanguage":"it-IT"},{"@type":"WebPage","@id":"https:\/\/blog.holyart.it\/it\/articoli-religiosi\/porta-santa-cose-e-cosa-rappresenta-la-sua-apertura\/","url":"https:\/\/blog.holyart.it\/it\/articoli-religiosi\/porta-santa-cose-e-cosa-rappresenta-la-sua-apertura\/","name":"Porta Santa: cos'\u00e8 e cosa rappresenta la sua apertura - Holyblog","isPartOf":{"@id":"https:\/\/blog.holyart.it\/it\/#website"},"primaryImageOfPage":{"@id":"https:\/\/blog.holyart.it\/it\/articoli-religiosi\/porta-santa-cose-e-cosa-rappresenta-la-sua-apertura\/#primaryimage"},"image":{"@id":"https:\/\/blog.holyart.it\/it\/articoli-religiosi\/porta-santa-cose-e-cosa-rappresenta-la-sua-apertura\/#primaryimage"},"thumbnailUrl":"https:\/\/blog.holyart.it\/it\/wp-content\/uploads\/sites\/17\/2023\/02\/porta-santa.jpeg","datePublished":"2023-02-06T14:27:01+00:00","dateModified":"2024-09-10T10:20:22+00:00","description":"L'apertura della Porta Santa segno l'inizio del Giubileo, ma rappresenta anche per i cristiani un simbolo spirituale di grande suggestione.","breadcrumb":{"@id":"https:\/\/blog.holyart.it\/it\/articoli-religiosi\/porta-santa-cose-e-cosa-rappresenta-la-sua-apertura\/#breadcrumb"},"inLanguage":"it-IT","potentialAction":[{"@type":"ReadAction","target":["https:\/\/blog.holyart.it\/it\/articoli-religiosi\/porta-santa-cose-e-cosa-rappresenta-la-sua-apertura\/"]}]},{"@type":"ImageObject","inLanguage":"it-IT","@id":"https:\/\/blog.holyart.it\/it\/articoli-religiosi\/porta-santa-cose-e-cosa-rappresenta-la-sua-apertura\/#primaryimage","url":"https:\/\/blog.holyart.it\/it\/wp-content\/uploads\/sites\/17\/2023\/02\/porta-santa.jpeg","contentUrl":"https:\/\/blog.holyart.it\/it\/wp-content\/uploads\/sites\/17\/2023\/02\/porta-santa.jpeg","width":1000,"height":696,"caption":"porta santa"},{"@type":"BreadcrumbList","@id":"https:\/\/blog.holyart.it\/it\/articoli-religiosi\/porta-santa-cose-e-cosa-rappresenta-la-sua-apertura\/#breadcrumb","itemListElement":[{"@type":"ListItem","position":1,"name":"Homepage","item":"https:\/\/blog.holyart.it\/it\/"},{"@type":"ListItem","position":2,"name":"Religione","item":"https:\/\/blog.holyart.it\/it\/articoli-religiosi\/"},{"@type":"ListItem","position":3,"name":"Porta Santa: cos&#8217;\u00e8 e cosa rappresenta la sua apertura"}]},{"@type":"WebSite","@id":"https:\/\/blog.holyart.it\/it\/#website","url":"https:\/\/blog.holyart.it\/it\/","name":"Holyblog","description":"Il Blog di Holyart.it","publisher":{"@id":"https:\/\/blog.holyart.it\/it\/#organization"},"potentialAction":[{"@type":"SearchAction","target":{"@type":"EntryPoint","urlTemplate":"https:\/\/blog.holyart.it\/it\/?s={search_term_string}"},"query-input":{"@type":"PropertyValueSpecification","valueRequired":true,"valueName":"search_term_string"}}],"inLanguage":"it-IT"},{"@type":"Organization","@id":"https:\/\/blog.holyart.it\/it\/#organization","name":"Holyblog","url":"https:\/\/blog.holyart.it\/it\/","logo":{"@type":"ImageObject","inLanguage":"it-IT","@id":"https:\/\/blog.holyart.it\/it\/#\/schema\/logo\/image\/","url":"https:\/\/blog.holyart.it\/it\/wp-content\/uploads\/sites\/17\/2022\/12\/Holyart_Blog_Logo.jpg","contentUrl":"https:\/\/blog.holyart.it\/it\/wp-content\/uploads\/sites\/17\/2022\/12\/Holyart_Blog_Logo.jpg","width":300,"height":50,"caption":"Holyblog"},"image":{"@id":"https:\/\/blog.holyart.it\/it\/#\/schema\/logo\/image\/"}},{"@type":"Person","@id":"https:\/\/blog.holyart.it\/it\/#\/schema\/person\/0a7b686e5af0f856ec1e390dd0baecda","name":"Redazione"}]}},"_links":{"self":[{"href":"https:\/\/blog.holyart.it\/it\/wp-json\/wp\/v2\/posts\/17219","targetHints":{"allow":["GET"]}}],"collection":[{"href":"https:\/\/blog.holyart.it\/it\/wp-json\/wp\/v2\/posts"}],"about":[{"href":"https:\/\/blog.holyart.it\/it\/wp-json\/wp\/v2\/types\/post"}],"author":[{"embeddable":true,"href":"https:\/\/blog.holyart.it\/it\/wp-json\/wp\/v2\/users\/1"}],"replies":[{"embeddable":true,"href":"https:\/\/blog.holyart.it\/it\/wp-json\/wp\/v2\/comments?post=17219"}],"version-history":[{"count":10,"href":"https:\/\/blog.holyart.it\/it\/wp-json\/wp\/v2\/posts\/17219\/revisions"}],"predecessor-version":[{"id":20528,"href":"https:\/\/blog.holyart.it\/it\/wp-json\/wp\/v2\/posts\/17219\/revisions\/20528"}],"wp:featuredmedia":[{"embeddable":true,"href":"https:\/\/blog.holyart.it\/it\/wp-json\/wp\/v2\/media\/17227"}],"wp:attachment":[{"href":"https:\/\/blog.holyart.it\/it\/wp-json\/wp\/v2\/media?parent=17219"}],"wp:term":[{"taxonomy":"category","embeddable":true,"href":"https:\/\/blog.holyart.it\/it\/wp-json\/wp\/v2\/categories?post=17219"},{"taxonomy":"post_tag","embeddable":true,"href":"https:\/\/blog.holyart.it\/it\/wp-json\/wp\/v2\/tags?post=17219"}],"curies":[{"name":"wp","href":"https:\/\/api.w.org\/{rel}","templated":true}]}}