{"id":17209,"date":"2023-02-01T17:48:47","date_gmt":"2023-02-01T16:48:47","guid":{"rendered":"https:\/\/blog.holyart.it\/it\/?p=17209"},"modified":"2025-04-18T09:37:48","modified_gmt":"2025-04-18T07:37:48","slug":"proverbi-sulla-candelora-le-tradizioni-legate-alla-festivita","status":"publish","type":"post","link":"https:\/\/blog.holyart.it\/it\/articoli-religiosi\/proverbi-sulla-candelora-le-tradizioni-legate-alla-festivita\/","title":{"rendered":"Proverbi sulla Candelora le tradizioni legate alla festivit\u00e0"},"content":{"rendered":"<h4>I proverbi sulla Candelora appartengono al patrimonio folkloristico del nostro paese, ma attingono anche dalle origini stesse di questa festa, tra religione e paganesimo<\/h4>\n\n<p>Sono noti a tutti i proverbi sulla Candelora. Meno nota, forse, origine di questa festa, che cade il <strong>2 febbraio<\/strong>, quaranta giorni dopo <strong>Natale<\/strong>, e celebra la purificazione di Maria dopo il parto e soprattutto la <a href=\"https:\/\/www.holyart.it\/blog\/articoli-religiosi\/presentazione-di-gesu-al-tempio-fino-alla-festa-della-candelora\/\"><strong>Presentazione di Ges\u00f9 al Tempio<\/strong><\/a> di Gerusalemme (Lc 2,22-39), com&#8217;era prescritto dalla Legge ebraica per tutti i primogeniti maschi.<\/p>\n<p>Come molte altre feste religiose, la Candelora \u00e8 stata mutuata da un&#8217;antecedente feste pagana, i <strong>Lupercali<\/strong>. Fu Papa Gelasio I intorno all&#8217;anno 474 d.C. a decretare l&#8217;abolizione dei Lupercali, antica festa romana che si celebrava a met\u00e0 di febbraio, e che prevedeva l&#8217;utilizzo di fiaccole, candele e riti di purificazione.<\/p>\n<p>La <a href=\"https:\/\/www.holyart.it\/it\/prodotti-consumabili\/candele-ceri-ceretti\"><strong>luce<\/strong><\/a> riveste un ruolo molto importante anche nella Candelora, che dalle candele\u00a0che vengono benedette in questa ricorrenza prende il suo nome.\u00a0 Le candele e la loro luce simboleggiano <strong>Ges\u00f9 Cristo<\/strong>, che proprio in occasione della sua visita al Tempio venne definito dal vecchio Simeone<em> &#8220;luce per illuminare le genti&#8221;<\/em> (Luca 2:32).<\/p>\n<div class=\"link-article\">\n<p><img loading=\"lazy\" decoding=\"async\" class=\"size-full wp-image-17210 alignleft\" src=\"https:\/\/blog.holyart.it\/it\/wp-content\/uploads\/sites\/17\/2023\/02\/presentazione-di-Gesu-al-tempio.jpg\" alt=\"presentazione di Gesu al tempio\" width=\"150\" height=\"99\" data-kale-share-title=\"Proverbi sulla Candelora le tradizioni legate alla festivit\u00e0\" data-kale-share-url=\"https:\/\/blog.holyart.it\/it\/?p=17209\" \/><\/p>\n<div class=\"leggi-anche\">Leggi anche:<\/div>\n<p><strong><a href=\"https:\/\/www.holyart.it\/blog\/articoli-religiosi\/presentazione-di-gesu-al-tempio-fino-alla-festa-della-candelora\/\">Presentazione di Ges\u00f9 al tempio fino alla festa della Candelora<\/a><\/strong><br \/>\nIl 2 febbraio si festeggia la presentazione di Ges\u00f9 al tempio. Conosciuta anche come festa della purificazione di Maria, o Candelora.<\/p>\n<\/div>\n<p>Un&#8217;altra delle tradizioni religiose alle origini della Candelora \u00e8 l&#8217;antico<strong> rito giornaliero del Lucernario<\/strong>, che nella chiesa primitiva prevedeva, in occasione delle preghiere della sera, l&#8217;accensione di una lampada al tramonto. La luce della lampada sfidava le tenebre incipienti, e simboleggiava Cristo che aveva sconfitto la morte il peccato.<\/p>\n<p>Sempre la luce era protagonista delle <strong>antiche feste pagane<\/strong> che celebravano la fine dell&#8217;inverno, il ritorno della luce e del calore dopo il freddo buio invernale, la speranza di una primavera ancora distante, ma che si sapeva sarebbe arrivata presto. Per i Celti questa ricorrenza prendeva il nome di<strong> Imbolc <\/strong>o <em>Imbolic <\/em>e <em>Oimelc<\/em>, e cadeva il 1\u00ba febbraio, punto mediano tra il solstizio d&#8217;inverno e l&#8217;equinozio di primavera.<\/p>\n<p>Questa variet\u00e0 di suggestioni alle origini della festa ci fa comprendere perch\u00e9 i proverbi sulla Candelora siano cos\u00ec numerosi. La commistione tra religione e paganesimo, tra sacro e profano, la forte influenza esercitata dalla tradizione popolare, soprattutto del mondo contadino, che allo scorrere delle stagioni era cos\u00ec indissolubilmente legato, ha creato una serie di modi di dire suggestivi e dalla storia affascinante, diversi di regione in regione.<\/p>\n<div class=\"link-product\">\n<div class=\"blocco-immagine\"><img loading=\"lazy\" decoding=\"async\" class=\"size-full wp-image-17214 alignleft\" src=\"https:\/\/blog.holyart.it\/it\/wp-content\/uploads\/sites\/17\/2023\/02\/cerone-per-santissimo-plastiking.jpg\" alt=\"cerone per santissimo plastiking\" width=\"100\" height=\"100\" data-kale-share-title=\"Proverbi sulla Candelora le tradizioni legate alla festivit\u00e0\" data-kale-share-url=\"https:\/\/blog.holyart.it\/it\/?p=17209\" \/><\/div>\n<div class=\"blocco-contenuto\">\n<div class=\"blocco-acquista\">Acquista su Holyart:<\/div>\n<div class=\"blocco-titolo\"><a href=\"https:\/\/www.holyart.it\/it\/prodotti-consumabili\/candele-ceri-ceretti\">Candele, ceri, ceretti<\/a><\/div>\n<div class=\"blocco-descrizione\">Candele, ceri, ceri pasquali, ceretti, candele da altare.<\/div>\n<\/div>\n<\/div>\n<h2>L\u2019infanzia di Ges\u00f9<\/h2>\n<p>Poco sappiamo dai Vangeli canonici dell&#8217;<strong>infanzia di Ges\u00f9<\/strong>, di quegli<strong><a href=\"https:\/\/www.holyart.it\/blog\/articoli-religiosi\/gli-anni-perduti-della-vita-di-gesu\/\"> anni perduti<\/a> <\/strong>(cos\u00ec vengono definiti) che intercorrono tra la Sua nascita miracolosa e l&#8217;inizio della Sua predicazione in Palestina.<\/p>\n<p>Alla Nascita a Betlemme, citata nei Vangeli di Matteo e Luca, segue l&#8217;Epifania, ovvero la visita dei Re Magi\u00a0(Matteo 2,1), accompagnata dal tragico evento della Strage degli innocenti, ordinata da re Erode per eliminare il piccolo Ges\u00f9. La Sacra Famiglia dovette rimettersi subito in cammino e <strong><a href=\"https:\/\/www.holyart.it\/blog\/natale\/fuga-in-egitto-il-viaggio-della-sacra-famiglia-per-scampare-al-re-erode\/\">fuggire in Egitto<\/a>.\u00a0<\/strong><\/p>\n<div class=\"link-article\">\n<p><img loading=\"lazy\" decoding=\"async\" class=\"size-full wp-image-17211 alignleft\" src=\"https:\/\/blog.holyart.it\/it\/wp-content\/uploads\/sites\/17\/2023\/02\/gli-anni-perduti-della-vita-di-gesu.jpg\" alt=\"gli anni perduti della vita di gesu\" width=\"150\" height=\"99\" data-kale-share-title=\"Proverbi sulla Candelora le tradizioni legate alla festivit\u00e0\" data-kale-share-url=\"https:\/\/blog.holyart.it\/it\/?p=17209\" \/><\/p>\n<div class=\"leggi-anche\">Leggi anche:<\/div>\n<p><strong><a href=\"https:\/\/www.holyart.it\/blog\/articoli-religiosi\/gli-anni-perduti-della-vita-di-gesu\/\">Gli anni perduti della vita di Ges\u00f9<\/a><\/strong><br \/>\nIndaghiamo sugli anni perduti della vita di Ges\u00f9. Che cosa faceva prima di iniziare a predicare? Si \u00e8 mai allontanato dalla Palestina?<\/p>\n<\/div>\n<p>Dopo questo viaggio terribile, perdiamo le tracce della Sacra Famiglia e di Ges\u00f9. Sappiamo dall&#8217;evangelista Luca che essi fecero ritorno a Nazareth, e che <em>\u201cil bambino cresceva e si fortificava; era pieno di sapienza e la grazia di Dio era su di lui.\u201d\u00a0<\/em>(Luca 2,39-40).<br \/>\nOltre alla gi\u00e0 citata presentazione di Ges\u00f9 al Tempio, un altro episodio dell&#8217;infanzia di Ges\u00f9 raccontato nel Vangelo di Luca \u00e8 quello dello\u00a0<strong>smarrimento e ritrovamento di Ges\u00f9 al Tempio <\/strong>(Luca 2,42-43), in occasione del Suo <em>bar mitzvah.<\/em> Secondo la tradizione ebraica quando un bambino giungeva al dodicesimo anno di vita entrava nell&#8217;et\u00e0 adulta e doveva essere portato al Tempio dai genitori.<\/p>\n<div class=\"link-article\">\n<p><img loading=\"lazy\" decoding=\"async\" class=\"size-full wp-image-17212 alignleft\" src=\"https:\/\/blog.holyart.it\/it\/wp-content\/uploads\/sites\/17\/2023\/02\/fuga-in-egitto.jpg\" alt=\"fuga in egitto\" width=\"150\" height=\"99\" data-kale-share-title=\"Proverbi sulla Candelora le tradizioni legate alla festivit\u00e0\" data-kale-share-url=\"https:\/\/blog.holyart.it\/it\/?p=17209\" \/><\/p>\n<div class=\"leggi-anche\">Leggi anche:<\/div>\n<p><strong><a href=\"https:\/\/www.holyart.it\/blog\/natale\/fuga-in-egitto-il-viaggio-della-sacra-famiglia-per-scampare-al-re-erode\/\">Fuga in Egitto: il viaggio della Sacra Famiglia per scampare al re Erode<\/a><\/strong><br \/>\nLa fuga in Egitto \u00e8 un episodio dell\u2019infanzia di Ges\u00f9.<\/p>\n<\/div>\n<h2>Giorno della Candelora<\/h2>\n<p>Abbiamo dunque visto come il giorno della Candelora, il 2 febbraio, coincida con la festa della presentazione di Ges\u00f9 al Tempio e celebri in generale il<strong>\u00a0trionfo della luce sulle tenebre<\/strong>, ma anche la fine simbolica delle festivit\u00e0 natalizie e l\u2019inizio del <a href=\"https:\/\/www.holyart.it\/it\/occasioni-speciali\/pasqua-e-quaresima\"><strong>cammino pasquale<\/strong><\/a>.<\/p>\n<p>Sebbene col Concilio Vaticano II la celebrazione sia stata associata prevalentemente alla Presentazione di Ges\u00f9 al Tempio, nel calendario liturgico tridentino, istituito da Papa Pio V in applicazione del decreto del Concilio di Trento, era ricordata anche come la festa della <strong>Purificazione della Beata Vergine Maria<\/strong>.\u00a0Ricordiamo che per la legge ebraica una donna era considerata impura per 40 giorni dopo la nascita di un figlio maschio e, superato quel periodo, doveva recarsi al Tempio per essere purificata.<\/p>\n<div class=\"link-product\">\n<div class=\"blocco-immagine\"><img loading=\"lazy\" decoding=\"async\" class=\"size-full wp-image-17215 alignleft\" src=\"https:\/\/blog.holyart.it\/it\/wp-content\/uploads\/sites\/17\/2023\/02\/uovo-russia-sacra-famiglia.jpg\" alt=\"uovo russia sacra famiglia\" width=\"100\" height=\"100\" data-kale-share-title=\"Proverbi sulla Candelora le tradizioni legate alla festivit\u00e0\" data-kale-share-url=\"https:\/\/blog.holyart.it\/it\/?p=17209\" \/><\/div>\n<div class=\"blocco-contenuto\">\n<div class=\"blocco-acquista\">Acquista su Holyart:<\/div>\n<div class=\"blocco-titolo\"><a href=\"https:\/\/www.holyart.it\/it\/occasioni-speciali\/pasqua-e-quaresima\">Pasqua e Quaresima<\/a><\/div>\n<div class=\"blocco-descrizione\">Pasqua e Quaresima: in occasione della Quaresima e della Santa Pasqua<\/div>\n<\/div>\n<\/div>\n<p>Usanza comune dei cristiani in questa occasione, a prescindere dalle professioni religiose, \u00e8 quella di portare le candele in chiesa per farle benedire.<\/p>\n<p>Anche negli Stati Uniti e nel Canada il 2 febbraio ha una valenza particolare e consentirebbe di prevedere la fine dell&#8217;inverno. Ma gli americani si affidano alle previsioni di una marmotta! Infatti dal 1887 in queste nazioni il 2 febbraio si celebra il<strong> Giorno della marmotta<\/strong> (Groundhog Day): se la marmotta Punxsutawney Phil, mascotte del Giorno della Marmotta nella cittadina di Punxsutawney esce dal suo rifugio invernale e non riesce a vedere la propria ombra perch\u00e9 il cielo \u00e8 nuvoloso, significa che l&#8217;inverno finir\u00e0 presto. Ma se c&#8217;\u00e8 il sole e l&#8217;animaletto vede la propria ombra l&#8217;inverno continuer\u00e0 per altre sei settimane.<\/p>\n<h2>Proverbi della candelora<\/h2>\n<p>La maggior parte dei proverbi sulla Candelora riguardano le <a href=\"https:\/\/www.holyart.it\/blog\/articoli-religiosi\/santi-di-ghiaccio-il-fenomeno\/\"><strong>condizioni atmosferiche<\/strong><\/a> presenti e dell&#8217;immediato futuro. Secondo la saggezza popolare, se il giorno della Candelora, il 2 febbraio, piove o nevica o tira vento, questo determiner\u00e0 l&#8217;arrivo precoce o meno della primavera. \u00c8 affascinante come i modi di dire cambino da regione a regione, arrivando a contraddirsi apertamente.<\/p>\n<p>In <strong>Veneto, in Lombardia e a Trieste<\/strong>, per esempio, si crede che se a Candelora c\u2019\u00e8 il sole, l\u2019inverno sia quasi finito, mentre se piove o tira il vento debba durare ancora per un po\u2019:\u00a0<em>&#8220;<\/em>S<em>e ce sole a candelora del inverno semo f\u00f2ra, se piove e tira vento del inverno semo dentro&#8221;.<\/em><\/p>\n<p>Anche in <strong>Sicilia<\/strong>, dove la festa \u00e8 nota come <em>A Cannilora<\/em>, si dice: &#8220;<em>Pp\u00e0 Cannalora a mmirnata ie fora ma se fora un i\u00e8, n\u2019atri quaranta jorna cci n\u2019\u00e8&#8221;<\/em> (Per la Candelora l&#8217;inverno \u00e8 fuori, ma se fuori non \u00e8 per altri 40 giorni ce n&#8217;\u00e8). Sempre in Sicilia si dice anche. <em>&#8220;Si nun chiovi pi la cannalora di l&#8217;invernu semu fora&#8221;<\/em> (Se non piove per la candelora l&#8217;inverno si pu\u00f2 ritenere passato).<\/p>\n<div class=\"link-article\">\n<p><img loading=\"lazy\" decoding=\"async\" class=\"size-full wp-image-17213 alignleft\" src=\"https:\/\/blog.holyart.it\/it\/wp-content\/uploads\/sites\/17\/2023\/02\/santi-di-ghiaccio.jpg\" alt=\"santi di ghiaccio\" width=\"150\" height=\"99\" data-kale-share-title=\"Proverbi sulla Candelora le tradizioni legate alla festivit\u00e0\" data-kale-share-url=\"https:\/\/blog.holyart.it\/it\/?p=17209\" \/><\/p>\n<div class=\"leggi-anche\">Leggi anche:<\/div>\n<p><strong><a href=\"https:\/\/www.holyart.it\/blog\/articoli-religiosi\/santi-di-ghiaccio-il-fenomeno\/\">Santi di ghiaccio: il fenomeno che porta l\u2019inverno in primavera<\/a><\/strong><br \/>\nChi sono i santi del ghiaccio, che nel pieno della primavera ci riportano per pochi giorni nel cuore dell\u2019inverno?<\/p>\n<\/div>\n<p>In<strong> Piemonte<\/strong> e <strong>Valle d&#8217;Aosta<\/strong> c&#8217;\u00e8 un proverbio che rimanda un po&#8217;al citato Giorno della Marmotta americano:<em> &#8220;Se l&#8217;ors a la Siriola la paia a f\u00e0 so\u00e9 a&#8217;nt l&#8217;invern tornoma a intr\u00e9&#8221;\u00a0<\/em><br \/>\n(Se l&#8217;orso alla Candelora fa asciugare la paglia si rientra nell&#8217;inverno). Secondo la tradizione popolare l&#8217;orso lunare uscirebbe dalla propria tana nella notte del 1\u00ba febbraio e osservando la posizione della luna sa se la primavera sta arrivano. Per questo in certe localit\u00e0 la Candelora \u00e8 conosciuta anche come <strong>Giorno dell&#8217;orso<\/strong>.<\/p>\n<p>Un altro proverbio sulla Candelora legato al mondo degli animali \u00e8 quello citato a <strong>Calitri<\/strong> (in provincia di Avellino): \u201c<em>A maronna r\u2019 a Cann\u2019lora, meglij a br\u00e9 u lup\u2019 ca u sol\u2019<\/em>&#8221; (Alla madonna della Candelora, \u00e8 meglio vedere un lupo che il sole). Per intendere che se il giorno della Candelora c&#8217;\u00e8 il sole, l&#8217;inverno andr\u00e0 avanti ancora un pezzo, quindi meglio vedere un lupo!<\/p>\n<p>Altri proverbi sulla Candelora sono legati ad <strong>attivit\u00e0 popolari e contadine<\/strong>. Cos\u00ec <em>&#8220;Se per la Candelora il tempo \u00e8 bello molto pi\u00f9 vino avremo che vinello&#8221;<\/em> significa che se in questo giorno il tempo \u00e8 buono, il vino avr\u00e0 una robusta gradazione alcolica e sar\u00e0 migliore.<\/p>\n<p>Ancora, <em>&#8220;Pi la Cannillora figghia a vecchia e figghia a nova&#8221;<\/em> (gallina vecchia e giovane fanno le uova) rievoca memorie di una vita semplice, a contatto con gli animali e la natura.<\/p>\n","protected":false},"excerpt":{"rendered":"<p>I proverbi sulla Candelora appartengono al patrimonio folkloristico del nostro paese, ma attingono anche dalle origini stesse di questa festa, tra religione e paganesimo Sono noti a tutti i proverbi sulla Candelora. Meno nota, forse, origine di questa festa, che cade il 2 febbraio, quaranta&hellip;<\/p>\n","protected":false},"author":1,"featured_media":17218,"comment_status":"closed","ping_status":"open","sticky":false,"template":"","format":"standard","meta":{"_acf_changed":false,"footnotes":""},"categories":[16],"tags":[],"class_list":["post-17209","post","type-post","status-publish","format-standard","has-post-thumbnail","hentry","category-articoli-religiosi"],"acf":[],"yoast_head":"<!-- This site is optimized with the Yoast SEO plugin v26.6 - https:\/\/yoast.com\/wordpress\/plugins\/seo\/ -->\n<title>Proverbi sulla Candelora le tradizioni legate alla festivit\u00e0 - Holyblog<\/title>\n<meta name=\"description\" content=\"I proverbi sulla Candelora appartengono al patrimonio folkloristico del nostro paese, ma attingono anche dalle origini stesse di questa festa.\" \/>\n<meta name=\"robots\" content=\"index, follow, max-snippet:-1, max-image-preview:large, max-video-preview:-1\" \/>\n<link rel=\"canonical\" href=\"https:\/\/blog.holyart.it\/it\/articoli-religiosi\/proverbi-sulla-candelora-le-tradizioni-legate-alla-festivita\/\" \/>\n<meta property=\"og:locale\" content=\"it_IT\" \/>\n<meta property=\"og:type\" content=\"article\" \/>\n<meta property=\"og:title\" content=\"Proverbi sulla Candelora le tradizioni legate alla festivit\u00e0 - Holyblog\" \/>\n<meta property=\"og:description\" content=\"I proverbi sulla Candelora appartengono al patrimonio folkloristico del nostro paese, ma attingono anche dalle origini stesse di questa festa.\" \/>\n<meta property=\"og:url\" content=\"https:\/\/blog.holyart.it\/it\/articoli-religiosi\/proverbi-sulla-candelora-le-tradizioni-legate-alla-festivita\/\" \/>\n<meta property=\"og:site_name\" content=\"Holyblog\" \/>\n<meta property=\"article:published_time\" content=\"2023-02-01T16:48:47+00:00\" \/>\n<meta property=\"article:modified_time\" content=\"2025-04-18T07:37:48+00:00\" \/>\n<meta property=\"og:image\" content=\"https:\/\/blog.holyart.it\/it\/wp-content\/uploads\/sites\/17\/2023\/02\/candelora.jpeg\" \/>\n\t<meta property=\"og:image:width\" content=\"1000\" \/>\n\t<meta property=\"og:image:height\" content=\"667\" \/>\n\t<meta property=\"og:image:type\" content=\"image\/jpeg\" \/>\n<meta name=\"author\" content=\"Redazione\" \/>\n<meta name=\"twitter:card\" content=\"summary_large_image\" \/>\n<meta name=\"twitter:label1\" content=\"Scritto da\" \/>\n\t<meta name=\"twitter:data1\" content=\"Redazione\" \/>\n\t<meta name=\"twitter:label2\" content=\"Tempo di lettura stimato\" \/>\n\t<meta name=\"twitter:data2\" content=\"9 minuti\" \/>\n<script type=\"application\/ld+json\" class=\"yoast-schema-graph\">{\"@context\":\"https:\/\/schema.org\",\"@graph\":[{\"@type\":\"Article\",\"@id\":\"https:\/\/blog.holyart.it\/it\/articoli-religiosi\/proverbi-sulla-candelora-le-tradizioni-legate-alla-festivita\/#article\",\"isPartOf\":{\"@id\":\"https:\/\/blog.holyart.it\/it\/articoli-religiosi\/proverbi-sulla-candelora-le-tradizioni-legate-alla-festivita\/\"},\"author\":{\"name\":\"Redazione\",\"@id\":\"https:\/\/blog.holyart.it\/it\/#\/schema\/person\/0a7b686e5af0f856ec1e390dd0baecda\"},\"headline\":\"Proverbi sulla Candelora le tradizioni legate alla festivit\u00e0\",\"datePublished\":\"2023-02-01T16:48:47+00:00\",\"dateModified\":\"2025-04-18T07:37:48+00:00\",\"mainEntityOfPage\":{\"@id\":\"https:\/\/blog.holyart.it\/it\/articoli-religiosi\/proverbi-sulla-candelora-le-tradizioni-legate-alla-festivita\/\"},\"wordCount\":1359,\"publisher\":{\"@id\":\"https:\/\/blog.holyart.it\/it\/#organization\"},\"image\":{\"@id\":\"https:\/\/blog.holyart.it\/it\/articoli-religiosi\/proverbi-sulla-candelora-le-tradizioni-legate-alla-festivita\/#primaryimage\"},\"thumbnailUrl\":\"https:\/\/blog.holyart.it\/it\/wp-content\/uploads\/sites\/17\/2023\/02\/candelora.jpeg\",\"articleSection\":[\"Religione\"],\"inLanguage\":\"it-IT\"},{\"@type\":\"WebPage\",\"@id\":\"https:\/\/blog.holyart.it\/it\/articoli-religiosi\/proverbi-sulla-candelora-le-tradizioni-legate-alla-festivita\/\",\"url\":\"https:\/\/blog.holyart.it\/it\/articoli-religiosi\/proverbi-sulla-candelora-le-tradizioni-legate-alla-festivita\/\",\"name\":\"Proverbi sulla Candelora le tradizioni legate alla festivit\u00e0 - Holyblog\",\"isPartOf\":{\"@id\":\"https:\/\/blog.holyart.it\/it\/#website\"},\"primaryImageOfPage\":{\"@id\":\"https:\/\/blog.holyart.it\/it\/articoli-religiosi\/proverbi-sulla-candelora-le-tradizioni-legate-alla-festivita\/#primaryimage\"},\"image\":{\"@id\":\"https:\/\/blog.holyart.it\/it\/articoli-religiosi\/proverbi-sulla-candelora-le-tradizioni-legate-alla-festivita\/#primaryimage\"},\"thumbnailUrl\":\"https:\/\/blog.holyart.it\/it\/wp-content\/uploads\/sites\/17\/2023\/02\/candelora.jpeg\",\"datePublished\":\"2023-02-01T16:48:47+00:00\",\"dateModified\":\"2025-04-18T07:37:48+00:00\",\"description\":\"I proverbi sulla Candelora appartengono al patrimonio folkloristico del nostro paese, ma attingono anche dalle origini stesse di questa festa.\",\"breadcrumb\":{\"@id\":\"https:\/\/blog.holyart.it\/it\/articoli-religiosi\/proverbi-sulla-candelora-le-tradizioni-legate-alla-festivita\/#breadcrumb\"},\"inLanguage\":\"it-IT\",\"potentialAction\":[{\"@type\":\"ReadAction\",\"target\":[\"https:\/\/blog.holyart.it\/it\/articoli-religiosi\/proverbi-sulla-candelora-le-tradizioni-legate-alla-festivita\/\"]}]},{\"@type\":\"ImageObject\",\"inLanguage\":\"it-IT\",\"@id\":\"https:\/\/blog.holyart.it\/it\/articoli-religiosi\/proverbi-sulla-candelora-le-tradizioni-legate-alla-festivita\/#primaryimage\",\"url\":\"https:\/\/blog.holyart.it\/it\/wp-content\/uploads\/sites\/17\/2023\/02\/candelora.jpeg\",\"contentUrl\":\"https:\/\/blog.holyart.it\/it\/wp-content\/uploads\/sites\/17\/2023\/02\/candelora.jpeg\",\"width\":1000,\"height\":667,\"caption\":\"candelora\"},{\"@type\":\"BreadcrumbList\",\"@id\":\"https:\/\/blog.holyart.it\/it\/articoli-religiosi\/proverbi-sulla-candelora-le-tradizioni-legate-alla-festivita\/#breadcrumb\",\"itemListElement\":[{\"@type\":\"ListItem\",\"position\":1,\"name\":\"Homepage\",\"item\":\"https:\/\/blog.holyart.it\/it\/\"},{\"@type\":\"ListItem\",\"position\":2,\"name\":\"Religione\",\"item\":\"https:\/\/blog.holyart.it\/it\/articoli-religiosi\/\"},{\"@type\":\"ListItem\",\"position\":3,\"name\":\"Proverbi sulla Candelora le tradizioni legate alla festivit\u00e0\"}]},{\"@type\":\"WebSite\",\"@id\":\"https:\/\/blog.holyart.it\/it\/#website\",\"url\":\"https:\/\/blog.holyart.it\/it\/\",\"name\":\"Holyblog\",\"description\":\"Il Blog di Holyart.it\",\"publisher\":{\"@id\":\"https:\/\/blog.holyart.it\/it\/#organization\"},\"potentialAction\":[{\"@type\":\"SearchAction\",\"target\":{\"@type\":\"EntryPoint\",\"urlTemplate\":\"https:\/\/blog.holyart.it\/it\/?s={search_term_string}\"},\"query-input\":{\"@type\":\"PropertyValueSpecification\",\"valueRequired\":true,\"valueName\":\"search_term_string\"}}],\"inLanguage\":\"it-IT\"},{\"@type\":\"Organization\",\"@id\":\"https:\/\/blog.holyart.it\/it\/#organization\",\"name\":\"Holyblog\",\"url\":\"https:\/\/blog.holyart.it\/it\/\",\"logo\":{\"@type\":\"ImageObject\",\"inLanguage\":\"it-IT\",\"@id\":\"https:\/\/blog.holyart.it\/it\/#\/schema\/logo\/image\/\",\"url\":\"https:\/\/blog.holyart.it\/it\/wp-content\/uploads\/sites\/17\/2022\/12\/Holyart_Blog_Logo.jpg\",\"contentUrl\":\"https:\/\/blog.holyart.it\/it\/wp-content\/uploads\/sites\/17\/2022\/12\/Holyart_Blog_Logo.jpg\",\"width\":300,\"height\":50,\"caption\":\"Holyblog\"},\"image\":{\"@id\":\"https:\/\/blog.holyart.it\/it\/#\/schema\/logo\/image\/\"}},{\"@type\":\"Person\",\"@id\":\"https:\/\/blog.holyart.it\/it\/#\/schema\/person\/0a7b686e5af0f856ec1e390dd0baecda\",\"name\":\"Redazione\"}]}<\/script>\n<!-- \/ Yoast SEO plugin. -->","yoast_head_json":{"title":"Proverbi sulla Candelora le tradizioni legate alla festivit\u00e0 - Holyblog","description":"I proverbi sulla Candelora appartengono al patrimonio folkloristico del nostro paese, ma attingono anche dalle origini stesse di questa festa.","robots":{"index":"index","follow":"follow","max-snippet":"max-snippet:-1","max-image-preview":"max-image-preview:large","max-video-preview":"max-video-preview:-1"},"canonical":"https:\/\/blog.holyart.it\/it\/articoli-religiosi\/proverbi-sulla-candelora-le-tradizioni-legate-alla-festivita\/","og_locale":"it_IT","og_type":"article","og_title":"Proverbi sulla Candelora le tradizioni legate alla festivit\u00e0 - Holyblog","og_description":"I proverbi sulla Candelora appartengono al patrimonio folkloristico del nostro paese, ma attingono anche dalle origini stesse di questa festa.","og_url":"https:\/\/blog.holyart.it\/it\/articoli-religiosi\/proverbi-sulla-candelora-le-tradizioni-legate-alla-festivita\/","og_site_name":"Holyblog","article_published_time":"2023-02-01T16:48:47+00:00","article_modified_time":"2025-04-18T07:37:48+00:00","og_image":[{"width":1000,"height":667,"url":"https:\/\/blog.holyart.it\/it\/wp-content\/uploads\/sites\/17\/2023\/02\/candelora.jpeg","type":"image\/jpeg"}],"author":"Redazione","twitter_card":"summary_large_image","twitter_misc":{"Scritto da":"Redazione","Tempo di lettura stimato":"9 minuti"},"schema":{"@context":"https:\/\/schema.org","@graph":[{"@type":"Article","@id":"https:\/\/blog.holyart.it\/it\/articoli-religiosi\/proverbi-sulla-candelora-le-tradizioni-legate-alla-festivita\/#article","isPartOf":{"@id":"https:\/\/blog.holyart.it\/it\/articoli-religiosi\/proverbi-sulla-candelora-le-tradizioni-legate-alla-festivita\/"},"author":{"name":"Redazione","@id":"https:\/\/blog.holyart.it\/it\/#\/schema\/person\/0a7b686e5af0f856ec1e390dd0baecda"},"headline":"Proverbi sulla Candelora le tradizioni legate alla festivit\u00e0","datePublished":"2023-02-01T16:48:47+00:00","dateModified":"2025-04-18T07:37:48+00:00","mainEntityOfPage":{"@id":"https:\/\/blog.holyart.it\/it\/articoli-religiosi\/proverbi-sulla-candelora-le-tradizioni-legate-alla-festivita\/"},"wordCount":1359,"publisher":{"@id":"https:\/\/blog.holyart.it\/it\/#organization"},"image":{"@id":"https:\/\/blog.holyart.it\/it\/articoli-religiosi\/proverbi-sulla-candelora-le-tradizioni-legate-alla-festivita\/#primaryimage"},"thumbnailUrl":"https:\/\/blog.holyart.it\/it\/wp-content\/uploads\/sites\/17\/2023\/02\/candelora.jpeg","articleSection":["Religione"],"inLanguage":"it-IT"},{"@type":"WebPage","@id":"https:\/\/blog.holyart.it\/it\/articoli-religiosi\/proverbi-sulla-candelora-le-tradizioni-legate-alla-festivita\/","url":"https:\/\/blog.holyart.it\/it\/articoli-religiosi\/proverbi-sulla-candelora-le-tradizioni-legate-alla-festivita\/","name":"Proverbi sulla Candelora le tradizioni legate alla festivit\u00e0 - Holyblog","isPartOf":{"@id":"https:\/\/blog.holyart.it\/it\/#website"},"primaryImageOfPage":{"@id":"https:\/\/blog.holyart.it\/it\/articoli-religiosi\/proverbi-sulla-candelora-le-tradizioni-legate-alla-festivita\/#primaryimage"},"image":{"@id":"https:\/\/blog.holyart.it\/it\/articoli-religiosi\/proverbi-sulla-candelora-le-tradizioni-legate-alla-festivita\/#primaryimage"},"thumbnailUrl":"https:\/\/blog.holyart.it\/it\/wp-content\/uploads\/sites\/17\/2023\/02\/candelora.jpeg","datePublished":"2023-02-01T16:48:47+00:00","dateModified":"2025-04-18T07:37:48+00:00","description":"I proverbi sulla Candelora appartengono al patrimonio folkloristico del nostro paese, ma attingono anche dalle origini stesse di questa festa.","breadcrumb":{"@id":"https:\/\/blog.holyart.it\/it\/articoli-religiosi\/proverbi-sulla-candelora-le-tradizioni-legate-alla-festivita\/#breadcrumb"},"inLanguage":"it-IT","potentialAction":[{"@type":"ReadAction","target":["https:\/\/blog.holyart.it\/it\/articoli-religiosi\/proverbi-sulla-candelora-le-tradizioni-legate-alla-festivita\/"]}]},{"@type":"ImageObject","inLanguage":"it-IT","@id":"https:\/\/blog.holyart.it\/it\/articoli-religiosi\/proverbi-sulla-candelora-le-tradizioni-legate-alla-festivita\/#primaryimage","url":"https:\/\/blog.holyart.it\/it\/wp-content\/uploads\/sites\/17\/2023\/02\/candelora.jpeg","contentUrl":"https:\/\/blog.holyart.it\/it\/wp-content\/uploads\/sites\/17\/2023\/02\/candelora.jpeg","width":1000,"height":667,"caption":"candelora"},{"@type":"BreadcrumbList","@id":"https:\/\/blog.holyart.it\/it\/articoli-religiosi\/proverbi-sulla-candelora-le-tradizioni-legate-alla-festivita\/#breadcrumb","itemListElement":[{"@type":"ListItem","position":1,"name":"Homepage","item":"https:\/\/blog.holyart.it\/it\/"},{"@type":"ListItem","position":2,"name":"Religione","item":"https:\/\/blog.holyart.it\/it\/articoli-religiosi\/"},{"@type":"ListItem","position":3,"name":"Proverbi sulla Candelora le tradizioni legate alla festivit\u00e0"}]},{"@type":"WebSite","@id":"https:\/\/blog.holyart.it\/it\/#website","url":"https:\/\/blog.holyart.it\/it\/","name":"Holyblog","description":"Il Blog di Holyart.it","publisher":{"@id":"https:\/\/blog.holyart.it\/it\/#organization"},"potentialAction":[{"@type":"SearchAction","target":{"@type":"EntryPoint","urlTemplate":"https:\/\/blog.holyart.it\/it\/?s={search_term_string}"},"query-input":{"@type":"PropertyValueSpecification","valueRequired":true,"valueName":"search_term_string"}}],"inLanguage":"it-IT"},{"@type":"Organization","@id":"https:\/\/blog.holyart.it\/it\/#organization","name":"Holyblog","url":"https:\/\/blog.holyart.it\/it\/","logo":{"@type":"ImageObject","inLanguage":"it-IT","@id":"https:\/\/blog.holyart.it\/it\/#\/schema\/logo\/image\/","url":"https:\/\/blog.holyart.it\/it\/wp-content\/uploads\/sites\/17\/2022\/12\/Holyart_Blog_Logo.jpg","contentUrl":"https:\/\/blog.holyart.it\/it\/wp-content\/uploads\/sites\/17\/2022\/12\/Holyart_Blog_Logo.jpg","width":300,"height":50,"caption":"Holyblog"},"image":{"@id":"https:\/\/blog.holyart.it\/it\/#\/schema\/logo\/image\/"}},{"@type":"Person","@id":"https:\/\/blog.holyart.it\/it\/#\/schema\/person\/0a7b686e5af0f856ec1e390dd0baecda","name":"Redazione"}]}},"_links":{"self":[{"href":"https:\/\/blog.holyart.it\/it\/wp-json\/wp\/v2\/posts\/17209","targetHints":{"allow":["GET"]}}],"collection":[{"href":"https:\/\/blog.holyart.it\/it\/wp-json\/wp\/v2\/posts"}],"about":[{"href":"https:\/\/blog.holyart.it\/it\/wp-json\/wp\/v2\/types\/post"}],"author":[{"embeddable":true,"href":"https:\/\/blog.holyart.it\/it\/wp-json\/wp\/v2\/users\/1"}],"replies":[{"embeddable":true,"href":"https:\/\/blog.holyart.it\/it\/wp-json\/wp\/v2\/comments?post=17209"}],"version-history":[{"count":3,"href":"https:\/\/blog.holyart.it\/it\/wp-json\/wp\/v2\/posts\/17209\/revisions"}],"predecessor-version":[{"id":21779,"href":"https:\/\/blog.holyart.it\/it\/wp-json\/wp\/v2\/posts\/17209\/revisions\/21779"}],"wp:featuredmedia":[{"embeddable":true,"href":"https:\/\/blog.holyart.it\/it\/wp-json\/wp\/v2\/media\/17218"}],"wp:attachment":[{"href":"https:\/\/blog.holyart.it\/it\/wp-json\/wp\/v2\/media?parent=17209"}],"wp:term":[{"taxonomy":"category","embeddable":true,"href":"https:\/\/blog.holyart.it\/it\/wp-json\/wp\/v2\/categories?post=17209"},{"taxonomy":"post_tag","embeddable":true,"href":"https:\/\/blog.holyart.it\/it\/wp-json\/wp\/v2\/tags?post=17209"}],"curies":[{"name":"wp","href":"https:\/\/api.w.org\/{rel}","templated":true}]}}