{"id":17160,"date":"2023-01-23T12:54:32","date_gmt":"2023-01-23T11:54:32","guid":{"rendered":"https:\/\/blog.holyart.it\/it\/?p=17160"},"modified":"2026-01-26T12:32:23","modified_gmt":"2026-01-26T11:32:23","slug":"san-francesco-di-sales-il-santo-patrono-dei-giornalisti","status":"publish","type":"post","link":"https:\/\/blog.holyart.it\/it\/santi-e-beati\/san-francesco-di-sales-il-santo-patrono-dei-giornalisti\/","title":{"rendered":"San Francesco di Sales, il santo patrono dei giornalisti"},"content":{"rendered":"<h4>San Francesco di Sales fece dell&#8217;amore per Dio e della dolcezza nell&#8217;espressione del proprio credo l&#8217;arma pi\u00f9 potente della sua predicazione. Patrono dei giornalisti e degli scrittori cattolici, \u00e8 Santo e Dottore della Chiesa<\/h4>\n\n<p>Il\u00a0<strong>24 gennaio<\/strong>\u00a0ricorre la memoria liturgica di\u00a0<strong>Francesco di Sales<\/strong>, vescovo francese vissuto a cavallo del XVI e XVII secolo, <a href=\"https:\/\/www.holyart.it\/blog\/santi-e-beati\/i-dottori-della-chiesa-chi-sono-e-i-requisiti-per-avere-questo-titolo\/\"><strong>Dottore della Chiesa<\/strong><\/a> e Santo cattolico. Sebbene l&#8217;anniversario della sua morte sia il 28 dicembre, la vicinanza di questa data al <strong><a href=\"https:\/\/www.holyart.it\/it\/natale\">Natale<\/a><\/strong> ha fatto s\u00ec che si preferisse far coincidere la sua memoria con la data di\u00a0<a href=\"https:\/\/www.holyart.it\/blog\/santi-e-beati\/reliquie-dei-santi-10-piu-suggestive\/\"><strong>traslazione delle sue reliquie<\/strong><\/a>\u00a0da Lione, dove il santo mor\u00ec l&#8217;11 dicembre 1622 ad Annecy. Il suo cuore si trova tuttora a Treviso, nel Monastero della Visitazione.<\/p>\n<p>Fran\u00e7ois de Sales, italianizzato in Francesco di Sales, era di\u00a0<strong>origine nobile<\/strong>. Destinato dal padre alla carriera giuridica, venne mandato all&#8217;Universit\u00e0 di Padova, ma qui, conseguita la laurea, decise di prendere i voti e di dedicare la propria esistenza e la propria mente brillante a Dio e agli uomini. Proprio la sua\u00a0<strong>abilit\u00e0 come predicatore<\/strong>\u00a0fece s\u00ec che venisse <a href=\"https:\/\/www.holyart.it\/blog\/santi-e-beati\/i-santi-patroni-deuropa-ogni-paese-ha-un-santo-protettore\/\"><strong>proclamato Santo<\/strong><\/a> nel 1665, pochi decenni dopo la sua morte.<\/p>\n<div class=\"link-article\">\n<p><img loading=\"lazy\" decoding=\"async\" class=\"size-full wp-image-17162 alignleft\" src=\"https:\/\/blog.holyart.it\/it\/wp-content\/uploads\/sites\/17\/2023\/01\/reliquie-santi.jpeg\" alt=\"reliquie santi\" width=\"150\" height=\"99\" data-kale-share-title=\"San Francesco di Sales, il santo patrono dei giornalisti\" data-kale-share-url=\"https:\/\/blog.holyart.it\/it\/?p=17160\" \/><\/p>\n<div class=\"leggi-anche\">Leggi anche:<\/div>\n<p><strong><a href=\"https:\/\/www.holyart.it\/blog\/santi-e-beati\/reliquie-dei-santi-10-piu-suggestive\/\">Reliquie dei santi: la lista delle 10 pi\u00f9 suggestive<\/a><\/strong><br \/>\nLe reliquie dei santi attraversano la storia della cristianit\u00e0 come testimonianze di amore, devozione e Fede<\/p>\n<\/div>\n<p>Come\u00a0<strong>Vescovo di Ginevra<\/strong>,\u00a0<strong>predicatore<\/strong>\u00a0e\u00a0<strong>fondatore dell\u2019Ordine della Visitazione di santa Maria<\/strong>, insieme alla baronessa Giovanna Francesca Fremyot de Chantal, Francesco di Sales dimostr\u00f2 sempre grande impegno,\u00a0semplicit\u00e0 e una dolcezza che non mancava di conquistargli le simpatie di tutti.<\/p>\n<p>Quella stessa\u00a0<strong>dolcezza e amore<\/strong>\u00a0li ritroviamo nelle sue opere letterarie, <a href=\"https:\/\/www.holyart.it\/it\/articoli-religiosi\/rosari-e-portarosari\"><strong>nelle sue preghiere,<\/strong><\/a> e nelle regole richieste alle monache che vogliano entrare nel suo Ordine, che non dovevano sottoporsi a un&#8217;eccessiva austerit\u00e0 corporale, ma esercitare l&#8217;ascesi del cuore con umilt\u00e0, dolcezza e pazienza, oltre alla preghiera e alla contemplazione. Il compito delle suore non \u00e8 solo rivolgersi a Dio, ma anche e soprattutto agli uomini, con opere di\u00a0<strong>carit\u00e0 e <a href=\"https:\/\/www.holyart.it\/blog\/articoli-religiosi\/culto-della-divina-misericordia\/\">misericordia<\/a><\/strong><a href=\"https:\/\/www.holyart.it\/blog\/articoli-religiosi\/culto-della-divina-misericordia\/\">.<\/a><\/p>\n<p>Dal 1923 \u00e8 anche\u00a0<strong>patrono dei giornalisti e degli scrittori cattolici<\/strong>, per volont\u00e0 di Papa Pio XI. Questa attribuzione deriva dalla missione di Francesco di Sales nella regione del Chablais, dove il santo si dedic\u00f2 alla<strong>\u00a0lotta al Calvinismo<\/strong>\u00a0non con la violenza e un atteggiamento polemico, ma usando l&#8217;arte della\u00a0<strong>predicazione<\/strong>, nella quale eccelleva, e del\u00a0<strong>dialogo<\/strong>. Proprio per poter coinvolger il maggior numero di persone nella sua campagna di evangelizzazione escogit\u00f2 il sistema dei\u00a0<strong>manifesti<\/strong>, articoli scritti in forma agile e facilmente fruibile che Francesco si preoccupava di far affiggere nei luoghi pubblici, dove potessero essere letti dal maggior numero possibile di persone. Per questo egli venne proclamato patrono dei giornalisti e scrittori cattolici.<\/p>\n<div class=\"link-product\">\n<div class=\"blocco-immagine\"><img loading=\"lazy\" decoding=\"async\" class=\"size-full wp-image-17163 alignleft\" src=\"https:\/\/blog.holyart.it\/it\/wp-content\/uploads\/sites\/17\/2023\/01\/rosario-del-vangelo-grani-vetro.jpg\" alt=\"rosario del vangelo grani vetro\" width=\"100\" height=\"100\" data-kale-share-title=\"San Francesco di Sales, il santo patrono dei giornalisti\" data-kale-share-url=\"https:\/\/blog.holyart.it\/it\/?p=17160\" \/><\/div>\n<div class=\"blocco-contenuto\">\n<div class=\"blocco-acquista\">Acquista su Holyart:<\/div>\n<div class=\"blocco-titolo\"><a href=\"https:\/\/www.holyart.it\/it\/articoli-religiosi\/rosari-e-portarosari\">Rosari e portarosari<\/a><\/div>\n<div class=\"blocco-descrizione\">\u201cCorona di Rose\u201d \u00e8 il significato della parola \u201cRosario\u201d.<\/div>\n<\/div>\n<\/div>\n<h2>San Francesco di Sales, vescovo e dottore della chiesa<\/h2>\n<p>Ci siamo gi\u00e0 occupati della\u00a0vita di <a href=\"https:\/\/www.holyart.it\/it\/articoli-religiosi\/medaglioni-per-confraternite\/medaglione-per-confraternite-san-francesco-di-sales\"><strong>Francesco di Sales,<\/strong><\/a> del suo essere un grande uomo, prima che un maestro di spiritualit\u00e0. Importante anche il suo\u00a0<strong>contributo letterario e teologico<\/strong>\u00a0alla storia della cristianit\u00e0, con opere di dottrina, come<strong><em>\u00a0Introduzione alla vita devota (Filotea)<\/em><\/strong>, solo per citare una delle pi\u00f9 importanti. Se la sua canonizzazione fu motivata, com&#8217;\u00e8 usuale, da due <a href=\"https:\/\/www.holyart.it\/blog\/articoli-religiosi\/i-miracoli-cosa-sono-e-come-vengono-classificati\/\"><strong>miracoli,<\/strong><\/a> la sua dottrina e le sue doti come predicatore furono i requisiti che determinarono la sua\u00a0elezione a Dottore della Chiesa. Ricordiamo infatti che, oltre a rettitudine nella condotta e una vita virtuosa, i requisiti necessari per la proclamazione di un Dottore della Chiesa, sono:<\/p>\n<ul>\n<li>eminente dottrina;<\/li>\n<li>santit\u00e0 di vita;<\/li>\n<li>elezione da parte del Sommo Pontefice o del Concilio Generale.<\/li>\n<\/ul>\n<div class=\"link-product\">\n<div class=\"blocco-immagine\"><img loading=\"lazy\" decoding=\"async\" class=\"size-full wp-image-17164 alignleft\" src=\"https:\/\/blog.holyart.it\/it\/wp-content\/uploads\/sites\/17\/2023\/01\/medaglione-per-confraternite-san-francesco-di-sales.jpg\" alt=\"medaglione per confraternite san francesco di sales\" width=\"100\" height=\"100\" data-kale-share-title=\"San Francesco di Sales, il santo patrono dei giornalisti\" data-kale-share-url=\"https:\/\/blog.holyart.it\/it\/?p=17160\" \/><\/div>\n<div class=\"blocco-contenuto\">\n<div class=\"blocco-acquista\">Acquista su Holyart:<\/div>\n<div class=\"blocco-titolo\"><a href=\"https:\/\/www.holyart.it\/it\/articoli-religiosi\/medaglioni-per-confraternite\/medaglione-per-confraternite-san-francesco-di-sales\">Medaglione per confraternite San Francesco di Sales <\/a><\/div>\n<div class=\"blocco-descrizione\">Medaglione per confraternite di San Francesco di Sales (dimensioni 14&#215;12 cm).<\/div>\n<\/div>\n<\/div>\n<h2>Filotea, l\u2019opera di San Francesco di Sales<\/h2>\n<p>Abbiamo accennato a\u00a0<strong>Filotea o Introduzione alla vita devota<\/strong>, opera ascetica scritta da <a href=\"https:\/\/www.holyart.it\/it\/articoli-religiosi\/medaglioni-per-confraternite\/medaglione-per-confraternita-san-francesco-di-sales-in-preghiera\"><strong>Francesco di Sales<\/strong><\/a> nel 1609. Il nome<em>\u00a0Filotea<\/em> \u00e8 di origine greca e significa &#8220;Amico di Dio&#8221;. Quest&#8217;opera eccezionale rappresenta un prontuario esauriente e completo per chi voglia condurre una vita cristiana, perch\u00e9 analizza ogni aspetto della vita secondo la Parola di Dio, con numerosi consigli pratici e norme di comportamento che il cristiano deve tenere in ogni circostanza.<\/p>\n<p>Un&#8217;altra sua opera importante fu il Teotimo o Trattato dell\u2019amor di Dio (1616), dove il Santo defin\u00ec <a href=\"https:\/\/www.holyart.it\/blog\/santi-e-beati\/qual-la-differenza-venerazione-devozione-adorazione\/\"><strong>la vera devozione religiosa<\/strong><\/a> non come una manifestazione esterna, fatta solo di regole e di pratiche devozionali meccaniche, ma come un lavoro di perfezionamento su se stessi, alimentato dall&#8217;amore per Dio e dalla pratica costante <a href=\"https:\/\/www.holyart.it\/blog\/articoli-religiosi\/fede-speranza-e-carita-virtu-teologali\/\"><strong>delle virt\u00f9 teologali.<\/strong><\/a><\/p>\n<p><a href=\"https:\/\/www.holyart.it\/blog\/articoli-religiosi\/fare-lelemosina-e-carita\/\"><strong>La carit\u00e0,<\/strong><\/a> <a href=\"https:\/\/www.holyart.it\/blog\/articoli-religiosi\/la-lavanda-dei-piedi-il-gesto-simbolo-dellamore-di-dio\/\"><strong>l&#8217;amore per Dio e in Dio<\/strong><\/a> sono gli argomenti pi\u00f9 ricorrenti nelle opere di San Francesco di Sales, in un&#8217;epoca, quella delle guerre di religioni, in cui troppo spesso si ricorreva alla polemica, ma anche alla violenza e alla prevaricazione per costringere chi professava una fede diversa a rientrare in seno al cattolicesimo. La dolcezza e la grazia con cui Francesco esponeva le proprie idee gli valsero la conversione di molti protestanti.<\/p>\n<div class=\"link-article\">\n<p><img loading=\"lazy\" decoding=\"async\" class=\"size-full wp-image-17165 alignleft\" src=\"https:\/\/blog.holyart.it\/it\/wp-content\/uploads\/sites\/17\/2023\/01\/lavanda-dei-piedi.jpg\" alt=\"lavanda dei piedi\" width=\"150\" height=\"99\" data-kale-share-title=\"San Francesco di Sales, il santo patrono dei giornalisti\" data-kale-share-url=\"https:\/\/blog.holyart.it\/it\/?p=17160\" \/><\/p>\n<div class=\"leggi-anche\">Leggi anche:<\/div>\n<p><strong><a href=\"https:\/\/www.holyart.it\/blog\/articoli-religiosi\/la-lavanda-dei-piedi-il-gesto-simbolo-dellamore-di-dio\/\">La lavanda dei piedi, il gesto simbolo dell\u2019amore di Dio<\/a><\/strong><br \/>\nLa lavanda dei piedi \u00e8 uno dei massimi gesti d\u2019amore di Dio. Ecco come avvenne e come si ripete ogni anno tra i riti del Gioved\u00ec Santo<\/p>\n<\/div>\n<h2>Preghiera a San Francesco di Sales<\/h2>\n<p>La dolcezza di San Francesco di Sales emerge anche nelle preghiere per la famiglia da lui stesso scritte, e nelle tante preghiere a lui dedicate dai suoi devoti.<\/p>\n<p>Particolarmente rappresentativa questa, dedicata alla <strong>Vergine Maria,<\/strong> dal Santo definita come una Madre amorevole e potente, pronta ad ascoltare le suppliche dei suoi figli, anche i pi\u00f9 immeritevoli, per amore:<\/p>\n<p><em>Ricordati e rammentati, o dolcissima Vergine,<\/em><br \/>\n<em>che Tu sei mia Madre e che io sono Tuo figlio;<\/em><br \/>\n<em>che Tu sei potente<\/em><br \/>\n<em>e che io sono poverissimo, timido e debole.<\/em><br \/>\n<em>Io Ti supplico, dolcissima Madre,<\/em><br \/>\n<em>di guidarmi in tutte le mie vie,<\/em><br \/>\n<em>in tutte le mie azioni.<\/em><br \/>\n<em>Non dirmi, Madre stupenda, che Tu non puoi,<\/em><br \/>\n<em>poich\u00e9 il Tuo amatissimo Figlio<\/em><br \/>\n<em>Ti ha dato ogni potere, sia in cielo che in terra.<\/em><br \/>\n<em>Non dirmi che Tu non sei tenuta a farlo,\u00a0<\/em><br \/>\n<em>poich\u00e9 Tu sei la Mamma di tutti gli uomini<\/em><br \/>\n<em>e, particolarmente, la mia Mamma. Se Tu non potessi ascoltare,<\/em><br \/>\n<em>io Ti scuserei dicendo :<\/em><br \/>\n<em>\u201c\u00e8 vero che \u00e8 mia Mamma e che mi ama come Suo figlio,<\/em><br \/>\n<em>ma non ha mezzi e possibilit\u00e0 per aiutarmi\u201d.<\/em><br \/>\n<em>Se Tu non fossi la mia Mamma,<\/em><br \/>\n<em>io avrei pazienza e direi :<\/em><br \/>\n<em>\u201cha tutte le possibilit\u00e0 di aiutarmi,<\/em><br \/>\n<em>ma, ahim\u00e9, non \u00e8 mia Madre\u00a0<\/em><br \/>\n<em>e, quindi, non mi ama\u201d.<\/em><br \/>\n<em>Ma invece no, o dolcissima Vergine,<\/em><br \/>\n<em>Tu sei la mia Mamma<\/em><br \/>\n<em>e per di pi\u00f9 sei potentissima.<\/em><br \/>\n<em>Come potrei scusarti se Tu non mi aiutassi<\/em><br \/>\n<em>e non mi porgessi soccorso e assistenza?<\/em><br \/>\n<em>Vedi bene, o Mamma,<\/em><br \/>\n<em>che sei costretta ad ascoltare<\/em><br \/>\n<em>tutte le mie richieste.<\/em><br \/>\n<em>Per l\u2019onore e per la gloria del Tuo Ges\u00f9,<\/em><br \/>\n<em>accettami come Tuo bimbo<\/em><br \/>\n<em>senza badare alle mie miserie\u00a0<\/em><br \/>\n<em>e ai miei peccati.<\/em><\/p>\n<p><em>Libera la mia anima e il mio corpo<\/em><br \/>\n<em>da ogni male e dammi tutte le Tue virt\u00f9,\u00a0<\/em><br \/>\n<em>soprattutto l\u2019umilt\u00e0.<\/em><\/p>\n<p><em>Fammi regalo di tutti i doni, di tutti i beni e\u00a0<\/em><br \/>\n<em>di tutte le grazie che piacciono\u00a0<\/em><br \/>\n<em>alla SS. Trinit\u00e0, Padre, Figlio e Spirito Santo.<\/em><\/p>\n<div class=\"link-product\">\n<div class=\"blocco-immagine\"><img loading=\"lazy\" decoding=\"async\" class=\"size-full wp-image-17166 alignleft\" src=\"https:\/\/blog.holyart.it\/it\/wp-content\/uploads\/sites\/17\/2023\/01\/madonna-di-medjugorje-vesti-grigie-polvere-di-marmo.jpg\" alt=\"madonna di medjugorje vesti grigie polvere di marmo\" width=\"100\" height=\"100\" data-kale-share-title=\"San Francesco di Sales, il santo patrono dei giornalisti\" data-kale-share-url=\"https:\/\/blog.holyart.it\/it\/?p=17160\" \/><\/div>\n<div class=\"blocco-contenuto\">\n<div class=\"blocco-acquista\">Acquista su Holyart:<\/div>\n<div class=\"blocco-titolo\"><a href=\"https:\/\/www.holyart.it\/it\/occasioni-speciali\/madonna-di-medjugorje\/statue-madonna-di-medjugorje-e-immagini\/madonna-di-medjugorje-vesti-grigie-polvere-di-marmo-40-cm-esterno\">Madonna di Medjugorje vesti grigie polvere di marmo 40 cm ESTERNO<\/a><\/div>\n<div class=\"blocco-descrizione\">Madonna di Medjugorje polvere di marmo 42 cm.<\/div>\n<\/div>\n<\/div>\n","protected":false},"excerpt":{"rendered":"<p>San Francesco di Sales fece dell&#8217;amore per Dio e della dolcezza nell&#8217;espressione del proprio credo l&#8217;arma pi\u00f9 potente della sua predicazione. Patrono dei giornalisti e degli scrittori cattolici, \u00e8 Santo e Dottore della Chiesa Il\u00a024 gennaio\u00a0ricorre la memoria liturgica di\u00a0Francesco di Sales, vescovo francese vissuto&hellip;<\/p>\n","protected":false},"author":1,"featured_media":17168,"comment_status":"closed","ping_status":"open","sticky":false,"template":"","format":"standard","meta":{"_acf_changed":false,"footnotes":""},"categories":[16,15],"tags":[],"class_list":["post-17160","post","type-post","status-publish","format-standard","has-post-thumbnail","hentry","category-articoli-religiosi","category-santi-e-beati"],"acf":[],"yoast_head":"<!-- This site is optimized with the Yoast SEO plugin v26.6 - https:\/\/yoast.com\/wordpress\/plugins\/seo\/ -->\n<title>San Francesco di Sales, il santo patrono dei giornalisti - Holyblog<\/title>\n<meta name=\"description\" content=\"San Francesco di Sales fece dell&#039;amore per Dio e della dolcezza nell&#039;espressione del proprio credo l&#039;arma pi\u00f9 potente della sua predicazione.\" \/>\n<meta name=\"robots\" content=\"index, follow, max-snippet:-1, max-image-preview:large, max-video-preview:-1\" \/>\n<link rel=\"canonical\" href=\"https:\/\/blog.holyart.it\/it\/santi-e-beati\/san-francesco-di-sales-il-santo-patrono-dei-giornalisti\/\" \/>\n<meta property=\"og:locale\" content=\"it_IT\" \/>\n<meta property=\"og:type\" content=\"article\" \/>\n<meta property=\"og:title\" content=\"San Francesco di Sales, il santo patrono dei giornalisti - Holyblog\" \/>\n<meta property=\"og:description\" content=\"San Francesco di Sales fece dell&#039;amore per Dio e della dolcezza nell&#039;espressione del proprio credo l&#039;arma pi\u00f9 potente della sua predicazione.\" \/>\n<meta property=\"og:url\" content=\"https:\/\/blog.holyart.it\/it\/santi-e-beati\/san-francesco-di-sales-il-santo-patrono-dei-giornalisti\/\" \/>\n<meta property=\"og:site_name\" content=\"Holyblog\" \/>\n<meta property=\"article:published_time\" content=\"2023-01-23T11:54:32+00:00\" \/>\n<meta property=\"article:modified_time\" content=\"2026-01-26T11:32:23+00:00\" \/>\n<meta property=\"og:image\" content=\"https:\/\/blog.holyart.it\/it\/wp-content\/uploads\/sites\/17\/2023\/01\/chiesa-francesco-di-sales.jpg\" \/>\n\t<meta property=\"og:image:width\" content=\"1000\" \/>\n\t<meta property=\"og:image:height\" content=\"666\" \/>\n\t<meta property=\"og:image:type\" content=\"image\/jpeg\" \/>\n<meta name=\"author\" content=\"Redazione\" \/>\n<meta name=\"twitter:card\" content=\"summary_large_image\" \/>\n<meta name=\"twitter:label1\" content=\"Scritto da\" \/>\n\t<meta name=\"twitter:data1\" content=\"Redazione\" \/>\n\t<meta name=\"twitter:label2\" content=\"Tempo di lettura stimato\" \/>\n\t<meta name=\"twitter:data2\" content=\"8 minuti\" \/>\n<script type=\"application\/ld+json\" class=\"yoast-schema-graph\">{\"@context\":\"https:\/\/schema.org\",\"@graph\":[{\"@type\":\"Article\",\"@id\":\"https:\/\/blog.holyart.it\/it\/santi-e-beati\/san-francesco-di-sales-il-santo-patrono-dei-giornalisti\/#article\",\"isPartOf\":{\"@id\":\"https:\/\/blog.holyart.it\/it\/santi-e-beati\/san-francesco-di-sales-il-santo-patrono-dei-giornalisti\/\"},\"author\":{\"name\":\"Redazione\",\"@id\":\"https:\/\/blog.holyart.it\/it\/#\/schema\/person\/0a7b686e5af0f856ec1e390dd0baecda\"},\"headline\":\"San Francesco di Sales, il santo patrono dei giornalisti\",\"datePublished\":\"2023-01-23T11:54:32+00:00\",\"dateModified\":\"2026-01-26T11:32:23+00:00\",\"mainEntityOfPage\":{\"@id\":\"https:\/\/blog.holyart.it\/it\/santi-e-beati\/san-francesco-di-sales-il-santo-patrono-dei-giornalisti\/\"},\"wordCount\":1206,\"publisher\":{\"@id\":\"https:\/\/blog.holyart.it\/it\/#organization\"},\"image\":{\"@id\":\"https:\/\/blog.holyart.it\/it\/santi-e-beati\/san-francesco-di-sales-il-santo-patrono-dei-giornalisti\/#primaryimage\"},\"thumbnailUrl\":\"https:\/\/blog.holyart.it\/it\/wp-content\/uploads\/sites\/17\/2023\/01\/chiesa-francesco-di-sales.jpg\",\"articleSection\":[\"Religione\",\"Santi e beati\"],\"inLanguage\":\"it-IT\"},{\"@type\":\"WebPage\",\"@id\":\"https:\/\/blog.holyart.it\/it\/santi-e-beati\/san-francesco-di-sales-il-santo-patrono-dei-giornalisti\/\",\"url\":\"https:\/\/blog.holyart.it\/it\/santi-e-beati\/san-francesco-di-sales-il-santo-patrono-dei-giornalisti\/\",\"name\":\"San Francesco di Sales, il santo patrono dei giornalisti - Holyblog\",\"isPartOf\":{\"@id\":\"https:\/\/blog.holyart.it\/it\/#website\"},\"primaryImageOfPage\":{\"@id\":\"https:\/\/blog.holyart.it\/it\/santi-e-beati\/san-francesco-di-sales-il-santo-patrono-dei-giornalisti\/#primaryimage\"},\"image\":{\"@id\":\"https:\/\/blog.holyart.it\/it\/santi-e-beati\/san-francesco-di-sales-il-santo-patrono-dei-giornalisti\/#primaryimage\"},\"thumbnailUrl\":\"https:\/\/blog.holyart.it\/it\/wp-content\/uploads\/sites\/17\/2023\/01\/chiesa-francesco-di-sales.jpg\",\"datePublished\":\"2023-01-23T11:54:32+00:00\",\"dateModified\":\"2026-01-26T11:32:23+00:00\",\"description\":\"San Francesco di Sales fece dell'amore per Dio e della dolcezza nell'espressione del proprio credo l'arma pi\u00f9 potente della sua predicazione.\",\"breadcrumb\":{\"@id\":\"https:\/\/blog.holyart.it\/it\/santi-e-beati\/san-francesco-di-sales-il-santo-patrono-dei-giornalisti\/#breadcrumb\"},\"inLanguage\":\"it-IT\",\"potentialAction\":[{\"@type\":\"ReadAction\",\"target\":[\"https:\/\/blog.holyart.it\/it\/santi-e-beati\/san-francesco-di-sales-il-santo-patrono-dei-giornalisti\/\"]}]},{\"@type\":\"ImageObject\",\"inLanguage\":\"it-IT\",\"@id\":\"https:\/\/blog.holyart.it\/it\/santi-e-beati\/san-francesco-di-sales-il-santo-patrono-dei-giornalisti\/#primaryimage\",\"url\":\"https:\/\/blog.holyart.it\/it\/wp-content\/uploads\/sites\/17\/2023\/01\/chiesa-francesco-di-sales.jpg\",\"contentUrl\":\"https:\/\/blog.holyart.it\/it\/wp-content\/uploads\/sites\/17\/2023\/01\/chiesa-francesco-di-sales.jpg\",\"width\":1000,\"height\":666,\"caption\":\"chiesa francesco di sales\"},{\"@type\":\"BreadcrumbList\",\"@id\":\"https:\/\/blog.holyart.it\/it\/santi-e-beati\/san-francesco-di-sales-il-santo-patrono-dei-giornalisti\/#breadcrumb\",\"itemListElement\":[{\"@type\":\"ListItem\",\"position\":1,\"name\":\"Homepage\",\"item\":\"https:\/\/blog.holyart.it\/it\/\"},{\"@type\":\"ListItem\",\"position\":2,\"name\":\"Santi e beati\",\"item\":\"https:\/\/blog.holyart.it\/it\/santi-e-beati\/\"},{\"@type\":\"ListItem\",\"position\":3,\"name\":\"San Francesco di Sales, il santo patrono dei giornalisti\"}]},{\"@type\":\"WebSite\",\"@id\":\"https:\/\/blog.holyart.it\/it\/#website\",\"url\":\"https:\/\/blog.holyart.it\/it\/\",\"name\":\"Holyblog\",\"description\":\"Il Blog di Holyart.it\",\"publisher\":{\"@id\":\"https:\/\/blog.holyart.it\/it\/#organization\"},\"potentialAction\":[{\"@type\":\"SearchAction\",\"target\":{\"@type\":\"EntryPoint\",\"urlTemplate\":\"https:\/\/blog.holyart.it\/it\/?s={search_term_string}\"},\"query-input\":{\"@type\":\"PropertyValueSpecification\",\"valueRequired\":true,\"valueName\":\"search_term_string\"}}],\"inLanguage\":\"it-IT\"},{\"@type\":\"Organization\",\"@id\":\"https:\/\/blog.holyart.it\/it\/#organization\",\"name\":\"Holyblog\",\"url\":\"https:\/\/blog.holyart.it\/it\/\",\"logo\":{\"@type\":\"ImageObject\",\"inLanguage\":\"it-IT\",\"@id\":\"https:\/\/blog.holyart.it\/it\/#\/schema\/logo\/image\/\",\"url\":\"https:\/\/blog.holyart.it\/it\/wp-content\/uploads\/sites\/17\/2022\/12\/Holyart_Blog_Logo.jpg\",\"contentUrl\":\"https:\/\/blog.holyart.it\/it\/wp-content\/uploads\/sites\/17\/2022\/12\/Holyart_Blog_Logo.jpg\",\"width\":300,\"height\":50,\"caption\":\"Holyblog\"},\"image\":{\"@id\":\"https:\/\/blog.holyart.it\/it\/#\/schema\/logo\/image\/\"}},{\"@type\":\"Person\",\"@id\":\"https:\/\/blog.holyart.it\/it\/#\/schema\/person\/0a7b686e5af0f856ec1e390dd0baecda\",\"name\":\"Redazione\"}]}<\/script>\n<!-- \/ Yoast SEO plugin. -->","yoast_head_json":{"title":"San Francesco di Sales, il santo patrono dei giornalisti - Holyblog","description":"San Francesco di Sales fece dell'amore per Dio e della dolcezza nell'espressione del proprio credo l'arma pi\u00f9 potente della sua predicazione.","robots":{"index":"index","follow":"follow","max-snippet":"max-snippet:-1","max-image-preview":"max-image-preview:large","max-video-preview":"max-video-preview:-1"},"canonical":"https:\/\/blog.holyart.it\/it\/santi-e-beati\/san-francesco-di-sales-il-santo-patrono-dei-giornalisti\/","og_locale":"it_IT","og_type":"article","og_title":"San Francesco di Sales, il santo patrono dei giornalisti - Holyblog","og_description":"San Francesco di Sales fece dell'amore per Dio e della dolcezza nell'espressione del proprio credo l'arma pi\u00f9 potente della sua predicazione.","og_url":"https:\/\/blog.holyart.it\/it\/santi-e-beati\/san-francesco-di-sales-il-santo-patrono-dei-giornalisti\/","og_site_name":"Holyblog","article_published_time":"2023-01-23T11:54:32+00:00","article_modified_time":"2026-01-26T11:32:23+00:00","og_image":[{"width":1000,"height":666,"url":"https:\/\/blog.holyart.it\/it\/wp-content\/uploads\/sites\/17\/2023\/01\/chiesa-francesco-di-sales.jpg","type":"image\/jpeg"}],"author":"Redazione","twitter_card":"summary_large_image","twitter_misc":{"Scritto da":"Redazione","Tempo di lettura stimato":"8 minuti"},"schema":{"@context":"https:\/\/schema.org","@graph":[{"@type":"Article","@id":"https:\/\/blog.holyart.it\/it\/santi-e-beati\/san-francesco-di-sales-il-santo-patrono-dei-giornalisti\/#article","isPartOf":{"@id":"https:\/\/blog.holyart.it\/it\/santi-e-beati\/san-francesco-di-sales-il-santo-patrono-dei-giornalisti\/"},"author":{"name":"Redazione","@id":"https:\/\/blog.holyart.it\/it\/#\/schema\/person\/0a7b686e5af0f856ec1e390dd0baecda"},"headline":"San Francesco di Sales, il santo patrono dei giornalisti","datePublished":"2023-01-23T11:54:32+00:00","dateModified":"2026-01-26T11:32:23+00:00","mainEntityOfPage":{"@id":"https:\/\/blog.holyart.it\/it\/santi-e-beati\/san-francesco-di-sales-il-santo-patrono-dei-giornalisti\/"},"wordCount":1206,"publisher":{"@id":"https:\/\/blog.holyart.it\/it\/#organization"},"image":{"@id":"https:\/\/blog.holyart.it\/it\/santi-e-beati\/san-francesco-di-sales-il-santo-patrono-dei-giornalisti\/#primaryimage"},"thumbnailUrl":"https:\/\/blog.holyart.it\/it\/wp-content\/uploads\/sites\/17\/2023\/01\/chiesa-francesco-di-sales.jpg","articleSection":["Religione","Santi e beati"],"inLanguage":"it-IT"},{"@type":"WebPage","@id":"https:\/\/blog.holyart.it\/it\/santi-e-beati\/san-francesco-di-sales-il-santo-patrono-dei-giornalisti\/","url":"https:\/\/blog.holyart.it\/it\/santi-e-beati\/san-francesco-di-sales-il-santo-patrono-dei-giornalisti\/","name":"San Francesco di Sales, il santo patrono dei giornalisti - Holyblog","isPartOf":{"@id":"https:\/\/blog.holyart.it\/it\/#website"},"primaryImageOfPage":{"@id":"https:\/\/blog.holyart.it\/it\/santi-e-beati\/san-francesco-di-sales-il-santo-patrono-dei-giornalisti\/#primaryimage"},"image":{"@id":"https:\/\/blog.holyart.it\/it\/santi-e-beati\/san-francesco-di-sales-il-santo-patrono-dei-giornalisti\/#primaryimage"},"thumbnailUrl":"https:\/\/blog.holyart.it\/it\/wp-content\/uploads\/sites\/17\/2023\/01\/chiesa-francesco-di-sales.jpg","datePublished":"2023-01-23T11:54:32+00:00","dateModified":"2026-01-26T11:32:23+00:00","description":"San Francesco di Sales fece dell'amore per Dio e della dolcezza nell'espressione del proprio credo l'arma pi\u00f9 potente della sua predicazione.","breadcrumb":{"@id":"https:\/\/blog.holyart.it\/it\/santi-e-beati\/san-francesco-di-sales-il-santo-patrono-dei-giornalisti\/#breadcrumb"},"inLanguage":"it-IT","potentialAction":[{"@type":"ReadAction","target":["https:\/\/blog.holyart.it\/it\/santi-e-beati\/san-francesco-di-sales-il-santo-patrono-dei-giornalisti\/"]}]},{"@type":"ImageObject","inLanguage":"it-IT","@id":"https:\/\/blog.holyart.it\/it\/santi-e-beati\/san-francesco-di-sales-il-santo-patrono-dei-giornalisti\/#primaryimage","url":"https:\/\/blog.holyart.it\/it\/wp-content\/uploads\/sites\/17\/2023\/01\/chiesa-francesco-di-sales.jpg","contentUrl":"https:\/\/blog.holyart.it\/it\/wp-content\/uploads\/sites\/17\/2023\/01\/chiesa-francesco-di-sales.jpg","width":1000,"height":666,"caption":"chiesa francesco di sales"},{"@type":"BreadcrumbList","@id":"https:\/\/blog.holyart.it\/it\/santi-e-beati\/san-francesco-di-sales-il-santo-patrono-dei-giornalisti\/#breadcrumb","itemListElement":[{"@type":"ListItem","position":1,"name":"Homepage","item":"https:\/\/blog.holyart.it\/it\/"},{"@type":"ListItem","position":2,"name":"Santi e beati","item":"https:\/\/blog.holyart.it\/it\/santi-e-beati\/"},{"@type":"ListItem","position":3,"name":"San Francesco di Sales, il santo patrono dei giornalisti"}]},{"@type":"WebSite","@id":"https:\/\/blog.holyart.it\/it\/#website","url":"https:\/\/blog.holyart.it\/it\/","name":"Holyblog","description":"Il Blog di Holyart.it","publisher":{"@id":"https:\/\/blog.holyart.it\/it\/#organization"},"potentialAction":[{"@type":"SearchAction","target":{"@type":"EntryPoint","urlTemplate":"https:\/\/blog.holyart.it\/it\/?s={search_term_string}"},"query-input":{"@type":"PropertyValueSpecification","valueRequired":true,"valueName":"search_term_string"}}],"inLanguage":"it-IT"},{"@type":"Organization","@id":"https:\/\/blog.holyart.it\/it\/#organization","name":"Holyblog","url":"https:\/\/blog.holyart.it\/it\/","logo":{"@type":"ImageObject","inLanguage":"it-IT","@id":"https:\/\/blog.holyart.it\/it\/#\/schema\/logo\/image\/","url":"https:\/\/blog.holyart.it\/it\/wp-content\/uploads\/sites\/17\/2022\/12\/Holyart_Blog_Logo.jpg","contentUrl":"https:\/\/blog.holyart.it\/it\/wp-content\/uploads\/sites\/17\/2022\/12\/Holyart_Blog_Logo.jpg","width":300,"height":50,"caption":"Holyblog"},"image":{"@id":"https:\/\/blog.holyart.it\/it\/#\/schema\/logo\/image\/"}},{"@type":"Person","@id":"https:\/\/blog.holyart.it\/it\/#\/schema\/person\/0a7b686e5af0f856ec1e390dd0baecda","name":"Redazione"}]}},"_links":{"self":[{"href":"https:\/\/blog.holyart.it\/it\/wp-json\/wp\/v2\/posts\/17160","targetHints":{"allow":["GET"]}}],"collection":[{"href":"https:\/\/blog.holyart.it\/it\/wp-json\/wp\/v2\/posts"}],"about":[{"href":"https:\/\/blog.holyart.it\/it\/wp-json\/wp\/v2\/types\/post"}],"author":[{"embeddable":true,"href":"https:\/\/blog.holyart.it\/it\/wp-json\/wp\/v2\/users\/1"}],"replies":[{"embeddable":true,"href":"https:\/\/blog.holyart.it\/it\/wp-json\/wp\/v2\/comments?post=17160"}],"version-history":[{"count":5,"href":"https:\/\/blog.holyart.it\/it\/wp-json\/wp\/v2\/posts\/17160\/revisions"}],"predecessor-version":[{"id":17171,"href":"https:\/\/blog.holyart.it\/it\/wp-json\/wp\/v2\/posts\/17160\/revisions\/17171"}],"wp:featuredmedia":[{"embeddable":true,"href":"https:\/\/blog.holyart.it\/it\/wp-json\/wp\/v2\/media\/17168"}],"wp:attachment":[{"href":"https:\/\/blog.holyart.it\/it\/wp-json\/wp\/v2\/media?parent=17160"}],"wp:term":[{"taxonomy":"category","embeddable":true,"href":"https:\/\/blog.holyart.it\/it\/wp-json\/wp\/v2\/categories?post=17160"},{"taxonomy":"post_tag","embeddable":true,"href":"https:\/\/blog.holyart.it\/it\/wp-json\/wp\/v2\/tags?post=17160"}],"curies":[{"name":"wp","href":"https:\/\/api.w.org\/{rel}","templated":true}]}}