{"id":17089,"date":"2023-01-11T12:30:20","date_gmt":"2023-01-11T11:30:20","guid":{"rendered":"https:\/\/blog.holyart.it\/it\/?p=17089"},"modified":"2026-01-21T11:12:17","modified_gmt":"2026-01-21T10:12:17","slug":"la-storia-del-bambino-gesu-di-praga","status":"publish","type":"post","link":"https:\/\/blog.holyart.it\/it\/articoli-religiosi\/la-storia-del-bambino-gesu-di-praga\/","title":{"rendered":"La storia del Bambino Ges\u00f9 di Praga"},"content":{"rendered":"<h4>La statua del Bambino Ges\u00f9 di Praga \u00e8 da sempre oggetto di grande devozione popolare e ha ispirato nei secoli il fervore spirituale di molti fedeli in tutti il mondo.<\/h4>\n\n<p>La <em>Kostel Panny Marie V\u00edt\u011bzn\u00e9, <\/em>&#8220;Chiesa della Vergine Maria della Vittoria&#8221; si trova in uno dei quartieri pi\u00f9 antichi e suggestivi di Praga, il quartiere di Mal\u00e1 Strana, il <em>piccolo quartiere<\/em>. Costruita all&#8217;inizio del XVII secolo per i luterani tedeschi, essa \u00e8 famosa perch\u00e9 custodisce il <strong>Bambino Ges\u00f9 di Praga, <a href=\"https:\/\/www.holyart.it\/it\/articoli-religiosi\/statue\/statue-in-legno-dipinto\/gesu-bambino-di-praga-legno-valgardena\">una statuetta di legno<\/a><\/strong> ricoperta di cera da sempre oggetto di grande devozione e oggi m\u00e8ta di pellegrinaggio da parte di milioni di fedeli.<\/p>\n<div class=\"link-product\">\n<div class=\"blocco-immagine\"><img loading=\"lazy\" decoding=\"async\" class=\"size-full wp-image-17092 alignleft\" src=\"https:\/\/blog.holyart.it\/it\/wp-content\/uploads\/sites\/17\/2023\/01\/gesu-bambino-di-praga-legno-valgardena.jpg\" alt=\"gesu-bambino-di-praga-legno-valgardena\" width=\"100\" height=\"100\" data-kale-share-title=\"La storia del Bambino Ges\u00f9 di Praga\" data-kale-share-url=\"https:\/\/blog.holyart.it\/it\/?p=17089\" \/><\/div>\n<div class=\"blocco-contenuto\">\n<div class=\"blocco-acquista\">Acquista su Holyart:<\/div>\n<div class=\"blocco-titolo\"><a href=\"https:\/\/www.holyart.it\/it\/articoli-religiosi\/statue\/statue-in-legno-dipinto\/gesu-bambino-di-praga-legno-valgardena\">Ges\u00f9 bambino di Praga legno Valgardena <\/a><\/div>\n<div class=\"blocco-descrizione\">Ges\u00f9 bambino di Praga in legno della Valgardena. La statua \u00e8 prodotta in Italia in Val Gardena scolpita in legno d&#8217;acero<\/div>\n<\/div>\n<\/div>\n<p>Il <em>Bambino dei miracoli<\/em>, o <em>Piccolo Re<\/em>, come viene affettuosamente chiamata la statua, \u00e8 alto appena 45 cm, e venne realizzato in Spagna da uno scultore sconosciuto, forse su richiesta di un religioso che venne visitato da Ges\u00f9 Bambino in una visione. In seguito Maria Manrique de Lara, una duchessa spagnola che aveva sposato un nobile boemo, port\u00f2 la statua a Praga e ne fece un dono di nozze a sua figlia Polyxena von Lobkowicz. Fu lei, rimasta vedova, a donare la statuetta ai <a href=\"https:\/\/www.holyart.it\/blog\/prodotti-monasteri\/lordine-delle-carmelitane-scalze\/\"><strong>Carmelitani scalzi<\/strong><\/a> che vivevano presso la chiesa di Maria Vergine Vittoriosa.<\/p>\n<p>Il culto di Ges\u00f9 Bambino, e in particolare di Ges\u00f9 Bambino vestito come un principe, era molto diffuso nell&#8217;epoca barocca. In particolare <a href=\"https:\/\/www.holyart.it\/blog\/santi-e-beati\/santa-teresa-davila-religiosa-mistica-spagnola\/\"><strong>Santa Teresa d&#8217;Avila<\/strong><\/a>, religiosa e mistica spagnola che proponeva un modello di fede basato sull\u2019amicizia tra uomo e Dio e su una dimensione profondamente umana di Ges\u00f9 Cristo, amava contemplare Ges\u00f9, oggetto del suo amore incondizionato e della sua devozione assoluta, in ogni momento della Sua vicenda umana, compresa l&#8217;infanzia, e portava spesso con s\u00e9 una statuina che raffigurava <a href=\"https:\/\/www.holyart.it\/it\/natale\/statue-gesu-bambino\"><strong>Ges\u00f9 Bambino<\/strong><\/a>, proprio come quella custodita a Praga. Anche <a href=\"https:\/\/www.holyart.it\/blog\/articoli-religiosi\/santa-teresa-di-lisieux-e-il-miracolo-delle-rose\/\"><strong>Santa Teresa di Ges\u00f9<\/strong><\/a>, nota anche come Santa Teresa del Bambin Ges\u00f9, la teologa della &#8220;piccola via&#8221;, amava la dimensione infantile di Ges\u00f9, proprio lei che promuoveva un atteggiamento di assoluto abbandono e fiducia tra le braccia di Dio Padre.<\/p>\n<div class=\"link-article\">\n<p><img loading=\"lazy\" decoding=\"async\" class=\"size-full wp-image-17093 alignleft\" src=\"https:\/\/blog.holyart.it\/it\/wp-content\/uploads\/sites\/17\/2023\/01\/santa-teresa-di-lisieux-novena-delle-rose.jpg\" alt=\"santa-teresa-di-lisieux-novena-delle-rose\" width=\"150\" height=\"99\" data-kale-share-title=\"La storia del Bambino Ges\u00f9 di Praga\" data-kale-share-url=\"https:\/\/blog.holyart.it\/it\/?p=17089\" \/><\/p>\n<div class=\"leggi-anche\">Leggi anche:<\/div>\n<p><strong><a href=\"https:\/\/www.holyart.it\/blog\/articoli-religiosi\/santa-teresa-di-lisieux-e-il-miracolo-delle-rose\/\">Santa Teresa di Lisieux e il miracolo delle rose<\/a><\/strong><br \/>\nSanta Teresa di Lisieux, morta a soli venticinque anni, dopo aver trascorso buona parte della sua vita in clausura.<\/p>\n<\/div>\n<p>Grande apostolo della devozione al Bambino Ges\u00f9 di Praga fu invece il <strong>Venerabile padre Cirillo della Madre di Dio<\/strong>, a cui secondo la leggenda apparve <a href=\"https:\/\/www.holyart.it\/it\/articoli-religiosi\/statue\/statue-in-legno-dipinto\/maria-immacolata-20-cm\"><strong>la Madonna<\/strong><\/a> per indicargli dove dovesse essere collocata la statua del Bambino all&#8217;interno chiesa carmelitana di Santa Maria della Vittoria, gi\u00e0 legata al Miracolo della Montagna bianca avvenuto pochi anni prima. Ges\u00f9 Bambino stesso poi gli apparve comunicandogli il messaggio: <em>\u201cQuanto pi\u00f9 voi mi onorerete, tanto pi\u00f9 io vi favorir\u00f2\u201d<\/em>.\u00a0 Questa frase si trova scritta ai piedi di tutte le riproduzioni della statua.<\/p>\n<div class=\"link-product\">\n<div class=\"blocco-immagine\"><img loading=\"lazy\" decoding=\"async\" class=\"size-full wp-image-17095 alignleft\" src=\"https:\/\/blog.holyart.it\/it\/wp-content\/uploads\/sites\/17\/2023\/01\/maria-immacolata-20-cm.jpg\" alt=\"maria-immacolata-20-cm\" width=\"100\" height=\"100\" data-kale-share-title=\"La storia del Bambino Ges\u00f9 di Praga\" data-kale-share-url=\"https:\/\/blog.holyart.it\/it\/?p=17089\" \/><\/div>\n<div class=\"blocco-contenuto\">\n<div class=\"blocco-acquista\">Acquista su Holyart:<\/div>\n<div class=\"blocco-titolo\"><a href=\"https:\/\/www.holyart.it\/it\/articoli-religiosi\/statue\/statue-in-legno-dipinto\/maria-immacolata-20-cm\">Maria Immacolata 20 cm <\/a><\/div>\n<div class=\"blocco-descrizione\">Statua di Maria Immacolata, scolpita artigianalmente col pantografo in legno, in legno di acero e dipinta a mano.<\/div>\n<\/div>\n<\/div>\n<p>Un particolare curioso: la statua del Ges\u00f9 Bambino di Praga possiede un<strong> intero corredo di abitini,<\/strong> proprio come una bambola! Nell&#8217;arco di un anno pu\u00f2 indossarne fino a sessanta diversi, e seguono i colori del tempo liturgico in corso. Cos\u00ec <a href=\"https:\/\/www.holyart.it\/blog\/articoli-religiosi\/la-storia-di-gesu-gli-eventi-piu-importanti-della-sua-vita\/\"><strong>a Pasqua il Bambino<\/strong><\/a> indosser\u00e0 una veste bianca, la domenica di Pasqua un abitino rosso, un mantello viola per l&#8217;Avvento. Molti di questi abitini sono stati donati da devoti pi\u00f9 o meno famosi nel corso dei secoli, e provengono da ogni parte del mondo. Alcuni sono decorati con perle e pietre preziose, oro e diamanti, ricamati a mano da artigiani al servizio di re e imperatori, e costituiscono un piccolo tesoro. Anche <a href=\"https:\/\/www.holyart.it\/blog\/articoli-religiosi\/benedetto-xvi-la-storia-del-papa-emerito\/\"><strong>papa Benedetto XVI<\/strong><\/a>, in occasione della visita apostolica nella Repubblica Ceca nel 2009, fece dono al Bambino di Praga di una delle coroncine d&#8217;oro che gli cingono il capo.<\/p>\n<div class=\"link-article\">\n<p><img loading=\"lazy\" decoding=\"async\" class=\"size-full wp-image-17094 alignleft\" src=\"https:\/\/blog.holyart.it\/it\/wp-content\/uploads\/sites\/17\/2023\/01\/papa-benedetto-xvi-1.jpg\" alt=\"papa-benedetto-xvi\" width=\"150\" height=\"99\" data-kale-share-title=\"La storia del Bambino Ges\u00f9 di Praga\" data-kale-share-url=\"https:\/\/blog.holyart.it\/it\/?p=17089\" \/><\/p>\n<div class=\"leggi-anche\">Leggi anche:<\/div>\n<p><strong><a href=\"https:\/\/www.holyart.it\/blog\/articoli-religiosi\/benedetto-xvi-la-storia-del-papa-emerito\/\">Benedetto XVI: la storia del papa emerito<\/a><\/strong><br \/>\nPapa Benedetto XVI, il Papa teologo, primo pontefice dell\u2019epoca digitale e Papa emerito per sua scelta<\/p>\n<\/div>\n<h2>Il Santuario di Arenzano<\/h2>\n<p>Il Santuario di Arenzano, vicino a Genova, \u00e8 uno dei maggiori centri di diffusione della devozione al Ges\u00f9 Bambino di Praga. Il culto dedicato alla piccola statue giunse qui nel 1900, quando i Carmelitani residenti nel paesino poser\u00f2 nella loro chiesa un quadro raffigurante Ges\u00f9 Bambino. Subito un grande afflusso di devoti si raccolse presso il santuario, accompagnato da grazie ed eventi miracolosi. Il quadro venne sostituito da una statua simile a quella di Praga e fu necessario erigere un Santuario dedicato al Ges\u00f9 Bambino di Praga per accogliere i pellegrini sempre pi\u00f9 numerosi. Intorno al Santuario nacquero centri di aggregazione religiosa e attivit\u00e0 che proseguono ancora oggi, cos\u00ec come i <a href=\"https:\/\/www.holyart.it\/blog\/articoli-religiosi\/santi-pellegrini-8-santi-protettori-dei-pellegrini-e-dei-viaggiatori\/\"><strong>pellegrinaggi da\u00a0tutta Italia e dall\u2019estero.<\/strong><\/a><\/p>\n<div class=\"link-article\">\n<p><img loading=\"lazy\" decoding=\"async\" class=\"size-full wp-image-17102 alignleft\" src=\"https:\/\/blog.holyart.it\/it\/wp-content\/uploads\/sites\/17\/2023\/01\/pellegrini.jpeg\" alt=\"pellegrini\" width=\"150\" height=\"100\" data-kale-share-title=\"La storia del Bambino Ges\u00f9 di Praga\" data-kale-share-url=\"https:\/\/blog.holyart.it\/it\/?p=17089\" \/><\/p>\n<div class=\"leggi-anche\">Leggi anche:<\/div>\n<p><strong><a href=\"https:\/\/www.holyart.it\/blog\/articoli-religiosi\/santi-pellegrini-8-santi-protettori-dei-pellegrini-e-dei-viaggiatori\/\">Santi pellegrini: 8 santi protettori dei pellegrini e dei viaggiatori<\/a><\/strong><br \/>\nI santi pellegrini sono santi per i quali l\u2019esperienza del pellegrinaggio&#8230;<\/p>\n<\/div>\n<h2>Preghiera a Ges\u00f9 Bambino di Praga<\/h2>\n<p>A padre Cirillo della Madre di Dio la Vergine rivel\u00f2 anche <strong>un&#8217;orazione da rivolgere al Ges\u00f9 <a href=\"https:\/\/www.holyart.it\/it\/articoli-religiosi\/statue\/statue-in-gesso\/bambino-di-praga-gesso-40-cm\">Bambino di Praga<\/a><\/strong><a href=\"https:\/\/www.holyart.it\/it\/articoli-religiosi\/statue\/statue-in-gesso\/bambino-di-praga-gesso-40-cm\">.<\/a> Ma ne sono state composte molte altre, nel corso dei secoli, e alla statua del Bambino viene rivolta anche una speciale Novena. Riportiamo solo una delle tante orazioni a Lui dedicate:<\/p>\n<p><em>O Santo Bambino Ges\u00f9,<\/em><br \/>\n<em>che diffondi le tue grazie su chi ti invoca,<\/em><br \/>\n<em>volgi i tuoi occhi a noi,<\/em><br \/>\n<em>prostrati innanzi alla tua santa immagine,<\/em><br \/>\n<em>e ascolta la nostra preghiera.<\/em><br \/>\n<em>Ti raccomandiamo tanti poveri bisognosi<\/em><br \/>\n<em>che confidano nel tuo divin Cuore.<\/em><br \/>\n<em>Stendi su di essi la tua mano onnipotente,<\/em><br \/>\n<em>e soccorri alle loro necessit\u00e0.<\/em><\/p>\n<p><em>Stendila sui bambini, per proteggerli;<\/em><br \/>\n<em>sulle famiglie, per custodirne l\u2019unit\u00e0 e l\u2019amore;<\/em><br \/>\n<em>sugli infermi, per guarirli e santificarne le pene;<\/em><br \/>\n<em>sugli afflitti, per consolarli;<\/em><br \/>\n<em>sui peccatori, per trarli alla luce della tua grazia;<\/em><br \/>\n<em>su quanti, stretti dal dolore e dalla miseria,<\/em><br \/>\n<em>invocano fiduciosi il tuo amoroso aiuto.<\/em><br \/>\n<em>Stendila ancora su di noi, per benedirci.<\/em><\/p>\n<p><em>Concedi, o piccolo Re,<\/em><br \/>\n<em>i tesori della tua misericordia e della tua pace<\/em><br \/>\n<em>al mondo intero,<\/em><br \/>\n<em>e conservaci ora e sempre<\/em><br \/>\n<em>nella grazia del tuo amore. Amen.<\/em><\/p>\n<div class=\"link-product\">\n<div class=\"blocco-immagine\"><img loading=\"lazy\" decoding=\"async\" class=\"size-full wp-image-17103 alignleft\" src=\"https:\/\/blog.holyart.it\/it\/wp-content\/uploads\/sites\/17\/2023\/01\/bambino-di-praga-gesso-40-cm.jpg\" alt=\"bambino-di-praga-gesso-40-cm\" width=\"100\" height=\"100\" data-kale-share-title=\"La storia del Bambino Ges\u00f9 di Praga\" data-kale-share-url=\"https:\/\/blog.holyart.it\/it\/?p=17089\" \/><\/div>\n<div class=\"blocco-contenuto\">\n<div class=\"blocco-acquista\">Acquista su Holyart:<\/div>\n<div class=\"blocco-titolo\"><a href=\"https:\/\/www.holyart.it\/it\/articoli-religiosi\/statue\/statue-in-gesso\/bambino-di-praga-gesso-40-cm\">Bambino di Praga gesso 40 cm <\/a><\/div>\n<div class=\"blocco-descrizione\">Statua in gesso dipinto raffigurante il Bambino di Praga di altezza 40 cm.<\/div>\n<\/div>\n<\/div>\n","protected":false},"excerpt":{"rendered":"<p>La statua del Bambino Ges\u00f9 di Praga \u00e8 da sempre oggetto di grande devozione popolare e ha ispirato nei secoli il fervore spirituale di molti fedeli in tutti il mondo. La Kostel Panny Marie V\u00edt\u011bzn\u00e9, &#8220;Chiesa della Vergine Maria della Vittoria&#8221; si trova in uno&hellip;<\/p>\n","protected":false},"author":1,"featured_media":17101,"comment_status":"closed","ping_status":"open","sticky":false,"template":"","format":"standard","meta":{"_acf_changed":false,"footnotes":""},"categories":[16],"tags":[],"class_list":["post-17089","post","type-post","status-publish","format-standard","has-post-thumbnail","hentry","category-articoli-religiosi"],"acf":[],"yoast_head":"<!-- This site is optimized with the Yoast SEO plugin v26.6 - https:\/\/yoast.com\/wordpress\/plugins\/seo\/ -->\n<title>La storia del Bambino Ges\u00f9 di Praga - Holyblog<\/title>\n<meta name=\"description\" content=\"La statua del Bambino Ges\u00f9\u00a0di Praga \u00e8 da sempre oggetto di grande devozione e ha ispirato nei secoli il fervore spirituale di molti fedeli.\" \/>\n<meta name=\"robots\" content=\"index, follow, max-snippet:-1, max-image-preview:large, max-video-preview:-1\" \/>\n<link rel=\"canonical\" href=\"https:\/\/blog.holyart.it\/it\/articoli-religiosi\/la-storia-del-bambino-gesu-di-praga\/\" \/>\n<meta property=\"og:locale\" content=\"it_IT\" \/>\n<meta property=\"og:type\" content=\"article\" \/>\n<meta property=\"og:title\" content=\"La storia del Bambino Ges\u00f9 di Praga - Holyblog\" \/>\n<meta property=\"og:description\" content=\"La statua del Bambino Ges\u00f9\u00a0di Praga \u00e8 da sempre oggetto di grande devozione e ha ispirato nei secoli il fervore spirituale di molti fedeli.\" \/>\n<meta property=\"og:url\" content=\"https:\/\/blog.holyart.it\/it\/articoli-religiosi\/la-storia-del-bambino-gesu-di-praga\/\" \/>\n<meta property=\"og:site_name\" content=\"Holyblog\" \/>\n<meta property=\"article:published_time\" content=\"2023-01-11T11:30:20+00:00\" \/>\n<meta property=\"article:modified_time\" content=\"2026-01-21T10:12:17+00:00\" \/>\n<meta property=\"og:image\" content=\"https:\/\/blog.holyart.it\/it\/wp-content\/uploads\/sites\/17\/2023\/01\/gesu-bambino-di-praga.jpeg\" \/>\n\t<meta property=\"og:image:width\" content=\"1000\" \/>\n\t<meta property=\"og:image:height\" content=\"674\" \/>\n\t<meta property=\"og:image:type\" content=\"image\/jpeg\" \/>\n<meta name=\"author\" content=\"Redazione\" \/>\n<meta name=\"twitter:card\" content=\"summary_large_image\" \/>\n<meta name=\"twitter:label1\" content=\"Scritto da\" \/>\n\t<meta name=\"twitter:data1\" content=\"Redazione\" \/>\n\t<meta name=\"twitter:label2\" content=\"Tempo di lettura stimato\" \/>\n\t<meta name=\"twitter:data2\" content=\"7 minuti\" \/>\n<script type=\"application\/ld+json\" class=\"yoast-schema-graph\">{\"@context\":\"https:\/\/schema.org\",\"@graph\":[{\"@type\":\"Article\",\"@id\":\"https:\/\/blog.holyart.it\/it\/articoli-religiosi\/la-storia-del-bambino-gesu-di-praga\/#article\",\"isPartOf\":{\"@id\":\"https:\/\/blog.holyart.it\/it\/articoli-religiosi\/la-storia-del-bambino-gesu-di-praga\/\"},\"author\":{\"name\":\"Redazione\",\"@id\":\"https:\/\/blog.holyart.it\/it\/#\/schema\/person\/0a7b686e5af0f856ec1e390dd0baecda\"},\"headline\":\"La storia del Bambino Ges\u00f9 di Praga\",\"datePublished\":\"2023-01-11T11:30:20+00:00\",\"dateModified\":\"2026-01-21T10:12:17+00:00\",\"mainEntityOfPage\":{\"@id\":\"https:\/\/blog.holyart.it\/it\/articoli-religiosi\/la-storia-del-bambino-gesu-di-praga\/\"},\"wordCount\":1030,\"publisher\":{\"@id\":\"https:\/\/blog.holyart.it\/it\/#organization\"},\"image\":{\"@id\":\"https:\/\/blog.holyart.it\/it\/articoli-religiosi\/la-storia-del-bambino-gesu-di-praga\/#primaryimage\"},\"thumbnailUrl\":\"https:\/\/blog.holyart.it\/it\/wp-content\/uploads\/sites\/17\/2023\/01\/gesu-bambino-di-praga.jpeg\",\"articleSection\":[\"Religione\"],\"inLanguage\":\"it-IT\"},{\"@type\":\"WebPage\",\"@id\":\"https:\/\/blog.holyart.it\/it\/articoli-religiosi\/la-storia-del-bambino-gesu-di-praga\/\",\"url\":\"https:\/\/blog.holyart.it\/it\/articoli-religiosi\/la-storia-del-bambino-gesu-di-praga\/\",\"name\":\"La storia del Bambino Ges\u00f9 di Praga - Holyblog\",\"isPartOf\":{\"@id\":\"https:\/\/blog.holyart.it\/it\/#website\"},\"primaryImageOfPage\":{\"@id\":\"https:\/\/blog.holyart.it\/it\/articoli-religiosi\/la-storia-del-bambino-gesu-di-praga\/#primaryimage\"},\"image\":{\"@id\":\"https:\/\/blog.holyart.it\/it\/articoli-religiosi\/la-storia-del-bambino-gesu-di-praga\/#primaryimage\"},\"thumbnailUrl\":\"https:\/\/blog.holyart.it\/it\/wp-content\/uploads\/sites\/17\/2023\/01\/gesu-bambino-di-praga.jpeg\",\"datePublished\":\"2023-01-11T11:30:20+00:00\",\"dateModified\":\"2026-01-21T10:12:17+00:00\",\"description\":\"La statua del Bambino Ges\u00f9\u00a0di Praga \u00e8 da sempre oggetto di grande devozione e ha ispirato nei secoli il fervore spirituale di molti fedeli.\",\"breadcrumb\":{\"@id\":\"https:\/\/blog.holyart.it\/it\/articoli-religiosi\/la-storia-del-bambino-gesu-di-praga\/#breadcrumb\"},\"inLanguage\":\"it-IT\",\"potentialAction\":[{\"@type\":\"ReadAction\",\"target\":[\"https:\/\/blog.holyart.it\/it\/articoli-religiosi\/la-storia-del-bambino-gesu-di-praga\/\"]}]},{\"@type\":\"ImageObject\",\"inLanguage\":\"it-IT\",\"@id\":\"https:\/\/blog.holyart.it\/it\/articoli-religiosi\/la-storia-del-bambino-gesu-di-praga\/#primaryimage\",\"url\":\"https:\/\/blog.holyart.it\/it\/wp-content\/uploads\/sites\/17\/2023\/01\/gesu-bambino-di-praga.jpeg\",\"contentUrl\":\"https:\/\/blog.holyart.it\/it\/wp-content\/uploads\/sites\/17\/2023\/01\/gesu-bambino-di-praga.jpeg\",\"width\":1000,\"height\":674,\"caption\":\"gesu bambino di praga\"},{\"@type\":\"BreadcrumbList\",\"@id\":\"https:\/\/blog.holyart.it\/it\/articoli-religiosi\/la-storia-del-bambino-gesu-di-praga\/#breadcrumb\",\"itemListElement\":[{\"@type\":\"ListItem\",\"position\":1,\"name\":\"Homepage\",\"item\":\"https:\/\/blog.holyart.it\/it\/\"},{\"@type\":\"ListItem\",\"position\":2,\"name\":\"Religione\",\"item\":\"https:\/\/blog.holyart.it\/it\/articoli-religiosi\/\"},{\"@type\":\"ListItem\",\"position\":3,\"name\":\"La storia del Bambino Ges\u00f9 di Praga\"}]},{\"@type\":\"WebSite\",\"@id\":\"https:\/\/blog.holyart.it\/it\/#website\",\"url\":\"https:\/\/blog.holyart.it\/it\/\",\"name\":\"Holyblog\",\"description\":\"Il Blog di Holyart.it\",\"publisher\":{\"@id\":\"https:\/\/blog.holyart.it\/it\/#organization\"},\"potentialAction\":[{\"@type\":\"SearchAction\",\"target\":{\"@type\":\"EntryPoint\",\"urlTemplate\":\"https:\/\/blog.holyart.it\/it\/?s={search_term_string}\"},\"query-input\":{\"@type\":\"PropertyValueSpecification\",\"valueRequired\":true,\"valueName\":\"search_term_string\"}}],\"inLanguage\":\"it-IT\"},{\"@type\":\"Organization\",\"@id\":\"https:\/\/blog.holyart.it\/it\/#organization\",\"name\":\"Holyblog\",\"url\":\"https:\/\/blog.holyart.it\/it\/\",\"logo\":{\"@type\":\"ImageObject\",\"inLanguage\":\"it-IT\",\"@id\":\"https:\/\/blog.holyart.it\/it\/#\/schema\/logo\/image\/\",\"url\":\"https:\/\/blog.holyart.it\/it\/wp-content\/uploads\/sites\/17\/2022\/12\/Holyart_Blog_Logo.jpg\",\"contentUrl\":\"https:\/\/blog.holyart.it\/it\/wp-content\/uploads\/sites\/17\/2022\/12\/Holyart_Blog_Logo.jpg\",\"width\":300,\"height\":50,\"caption\":\"Holyblog\"},\"image\":{\"@id\":\"https:\/\/blog.holyart.it\/it\/#\/schema\/logo\/image\/\"}},{\"@type\":\"Person\",\"@id\":\"https:\/\/blog.holyart.it\/it\/#\/schema\/person\/0a7b686e5af0f856ec1e390dd0baecda\",\"name\":\"Redazione\"}]}<\/script>\n<!-- \/ Yoast SEO plugin. -->","yoast_head_json":{"title":"La storia del Bambino Ges\u00f9 di Praga - Holyblog","description":"La statua del Bambino Ges\u00f9\u00a0di Praga \u00e8 da sempre oggetto di grande devozione e ha ispirato nei secoli il fervore spirituale di molti fedeli.","robots":{"index":"index","follow":"follow","max-snippet":"max-snippet:-1","max-image-preview":"max-image-preview:large","max-video-preview":"max-video-preview:-1"},"canonical":"https:\/\/blog.holyart.it\/it\/articoli-religiosi\/la-storia-del-bambino-gesu-di-praga\/","og_locale":"it_IT","og_type":"article","og_title":"La storia del Bambino Ges\u00f9 di Praga - Holyblog","og_description":"La statua del Bambino Ges\u00f9\u00a0di Praga \u00e8 da sempre oggetto di grande devozione e ha ispirato nei secoli il fervore spirituale di molti fedeli.","og_url":"https:\/\/blog.holyart.it\/it\/articoli-religiosi\/la-storia-del-bambino-gesu-di-praga\/","og_site_name":"Holyblog","article_published_time":"2023-01-11T11:30:20+00:00","article_modified_time":"2026-01-21T10:12:17+00:00","og_image":[{"width":1000,"height":674,"url":"https:\/\/blog.holyart.it\/it\/wp-content\/uploads\/sites\/17\/2023\/01\/gesu-bambino-di-praga.jpeg","type":"image\/jpeg"}],"author":"Redazione","twitter_card":"summary_large_image","twitter_misc":{"Scritto da":"Redazione","Tempo di lettura stimato":"7 minuti"},"schema":{"@context":"https:\/\/schema.org","@graph":[{"@type":"Article","@id":"https:\/\/blog.holyart.it\/it\/articoli-religiosi\/la-storia-del-bambino-gesu-di-praga\/#article","isPartOf":{"@id":"https:\/\/blog.holyart.it\/it\/articoli-religiosi\/la-storia-del-bambino-gesu-di-praga\/"},"author":{"name":"Redazione","@id":"https:\/\/blog.holyart.it\/it\/#\/schema\/person\/0a7b686e5af0f856ec1e390dd0baecda"},"headline":"La storia del Bambino Ges\u00f9 di Praga","datePublished":"2023-01-11T11:30:20+00:00","dateModified":"2026-01-21T10:12:17+00:00","mainEntityOfPage":{"@id":"https:\/\/blog.holyart.it\/it\/articoli-religiosi\/la-storia-del-bambino-gesu-di-praga\/"},"wordCount":1030,"publisher":{"@id":"https:\/\/blog.holyart.it\/it\/#organization"},"image":{"@id":"https:\/\/blog.holyart.it\/it\/articoli-religiosi\/la-storia-del-bambino-gesu-di-praga\/#primaryimage"},"thumbnailUrl":"https:\/\/blog.holyart.it\/it\/wp-content\/uploads\/sites\/17\/2023\/01\/gesu-bambino-di-praga.jpeg","articleSection":["Religione"],"inLanguage":"it-IT"},{"@type":"WebPage","@id":"https:\/\/blog.holyart.it\/it\/articoli-religiosi\/la-storia-del-bambino-gesu-di-praga\/","url":"https:\/\/blog.holyart.it\/it\/articoli-religiosi\/la-storia-del-bambino-gesu-di-praga\/","name":"La storia del Bambino Ges\u00f9 di Praga - Holyblog","isPartOf":{"@id":"https:\/\/blog.holyart.it\/it\/#website"},"primaryImageOfPage":{"@id":"https:\/\/blog.holyart.it\/it\/articoli-religiosi\/la-storia-del-bambino-gesu-di-praga\/#primaryimage"},"image":{"@id":"https:\/\/blog.holyart.it\/it\/articoli-religiosi\/la-storia-del-bambino-gesu-di-praga\/#primaryimage"},"thumbnailUrl":"https:\/\/blog.holyart.it\/it\/wp-content\/uploads\/sites\/17\/2023\/01\/gesu-bambino-di-praga.jpeg","datePublished":"2023-01-11T11:30:20+00:00","dateModified":"2026-01-21T10:12:17+00:00","description":"La statua del Bambino Ges\u00f9\u00a0di Praga \u00e8 da sempre oggetto di grande devozione e ha ispirato nei secoli il fervore spirituale di molti fedeli.","breadcrumb":{"@id":"https:\/\/blog.holyart.it\/it\/articoli-religiosi\/la-storia-del-bambino-gesu-di-praga\/#breadcrumb"},"inLanguage":"it-IT","potentialAction":[{"@type":"ReadAction","target":["https:\/\/blog.holyart.it\/it\/articoli-religiosi\/la-storia-del-bambino-gesu-di-praga\/"]}]},{"@type":"ImageObject","inLanguage":"it-IT","@id":"https:\/\/blog.holyart.it\/it\/articoli-religiosi\/la-storia-del-bambino-gesu-di-praga\/#primaryimage","url":"https:\/\/blog.holyart.it\/it\/wp-content\/uploads\/sites\/17\/2023\/01\/gesu-bambino-di-praga.jpeg","contentUrl":"https:\/\/blog.holyart.it\/it\/wp-content\/uploads\/sites\/17\/2023\/01\/gesu-bambino-di-praga.jpeg","width":1000,"height":674,"caption":"gesu bambino di praga"},{"@type":"BreadcrumbList","@id":"https:\/\/blog.holyart.it\/it\/articoli-religiosi\/la-storia-del-bambino-gesu-di-praga\/#breadcrumb","itemListElement":[{"@type":"ListItem","position":1,"name":"Homepage","item":"https:\/\/blog.holyart.it\/it\/"},{"@type":"ListItem","position":2,"name":"Religione","item":"https:\/\/blog.holyart.it\/it\/articoli-religiosi\/"},{"@type":"ListItem","position":3,"name":"La storia del Bambino Ges\u00f9 di Praga"}]},{"@type":"WebSite","@id":"https:\/\/blog.holyart.it\/it\/#website","url":"https:\/\/blog.holyart.it\/it\/","name":"Holyblog","description":"Il Blog di Holyart.it","publisher":{"@id":"https:\/\/blog.holyart.it\/it\/#organization"},"potentialAction":[{"@type":"SearchAction","target":{"@type":"EntryPoint","urlTemplate":"https:\/\/blog.holyart.it\/it\/?s={search_term_string}"},"query-input":{"@type":"PropertyValueSpecification","valueRequired":true,"valueName":"search_term_string"}}],"inLanguage":"it-IT"},{"@type":"Organization","@id":"https:\/\/blog.holyart.it\/it\/#organization","name":"Holyblog","url":"https:\/\/blog.holyart.it\/it\/","logo":{"@type":"ImageObject","inLanguage":"it-IT","@id":"https:\/\/blog.holyart.it\/it\/#\/schema\/logo\/image\/","url":"https:\/\/blog.holyart.it\/it\/wp-content\/uploads\/sites\/17\/2022\/12\/Holyart_Blog_Logo.jpg","contentUrl":"https:\/\/blog.holyart.it\/it\/wp-content\/uploads\/sites\/17\/2022\/12\/Holyart_Blog_Logo.jpg","width":300,"height":50,"caption":"Holyblog"},"image":{"@id":"https:\/\/blog.holyart.it\/it\/#\/schema\/logo\/image\/"}},{"@type":"Person","@id":"https:\/\/blog.holyart.it\/it\/#\/schema\/person\/0a7b686e5af0f856ec1e390dd0baecda","name":"Redazione"}]}},"_links":{"self":[{"href":"https:\/\/blog.holyart.it\/it\/wp-json\/wp\/v2\/posts\/17089","targetHints":{"allow":["GET"]}}],"collection":[{"href":"https:\/\/blog.holyart.it\/it\/wp-json\/wp\/v2\/posts"}],"about":[{"href":"https:\/\/blog.holyart.it\/it\/wp-json\/wp\/v2\/types\/post"}],"author":[{"embeddable":true,"href":"https:\/\/blog.holyart.it\/it\/wp-json\/wp\/v2\/users\/1"}],"replies":[{"embeddable":true,"href":"https:\/\/blog.holyart.it\/it\/wp-json\/wp\/v2\/comments?post=17089"}],"version-history":[{"count":7,"href":"https:\/\/blog.holyart.it\/it\/wp-json\/wp\/v2\/posts\/17089\/revisions"}],"predecessor-version":[{"id":17105,"href":"https:\/\/blog.holyart.it\/it\/wp-json\/wp\/v2\/posts\/17089\/revisions\/17105"}],"wp:featuredmedia":[{"embeddable":true,"href":"https:\/\/blog.holyart.it\/it\/wp-json\/wp\/v2\/media\/17101"}],"wp:attachment":[{"href":"https:\/\/blog.holyart.it\/it\/wp-json\/wp\/v2\/media?parent=17089"}],"wp:term":[{"taxonomy":"category","embeddable":true,"href":"https:\/\/blog.holyart.it\/it\/wp-json\/wp\/v2\/categories?post=17089"},{"taxonomy":"post_tag","embeddable":true,"href":"https:\/\/blog.holyart.it\/it\/wp-json\/wp\/v2\/tags?post=17089"}],"curies":[{"name":"wp","href":"https:\/\/api.w.org\/{rel}","templated":true}]}}