{"id":17068,"date":"2023-01-09T16:44:14","date_gmt":"2023-01-09T15:44:14","guid":{"rendered":"https:\/\/blog.holyart.it\/it\/?p=17068"},"modified":"2026-01-26T10:56:34","modified_gmt":"2026-01-26T09:56:34","slug":"blue-monday-come-affrontare-il-giorno-piu-triste-dellanno","status":"publish","type":"post","link":"https:\/\/blog.holyart.it\/it\/articoli-religiosi\/blue-monday-come-affrontare-il-giorno-piu-triste-dellanno\/","title":{"rendered":"Blue Monday: come affrontare il giorno pi\u00f9 triste dell&#8217;anno"},"content":{"rendered":"<h4>Perch\u00e9 Blue Monday? Che cosa rende il terzo luned\u00ec di gennaio il giorno pi\u00f9 triste dell&#8217;anno? E come lo si affronta?<\/h4>\n\n<p>Un vecchio proverbio popolare recita: <em>&#8220;Luned\u00ec \u00e8 San Musone!&#8221;<\/em>, per indicare come il primo giorno della settimana, con il ritorno al lavoro e la fine del riposo domenicale, sia caratterizzato da <strong>cattivo umore, tetraggine e tristezza <\/strong>generale. Ebbene, c&#8217;\u00e8 un luned\u00ec in particolare nell&#8217;arco dell&#8217;anno in cui questo proverbio acquista un valore ancora maggiore. Si tratta del cosiddetto <strong><em>Blue Monday<\/em><\/strong>, il giorno pi\u00f9 triste dell&#8217;anno.<\/p>\n<p>Il termine inglese <em><strong>Blue<\/strong><\/em> viene usato in genere per definire <strong>qualcosa di triste<\/strong>, e il <em>Blue Monday<\/em> \u00e8 esattamente questo, un &#8220;luned\u00ec triste&#8221;, anzi <strong>il luned\u00ec pi\u00f9 triste dell&#8217;anno<\/strong>.<\/p>\n<p>Ma cosa rende il <em>Blue Monday<\/em> tale? Facile. Si tratta del <strong>giorno che sancisce la fine delle <a href=\"https:\/\/www.holyart.it\/it\/natale\">Festivit\u00e0 natalizie<\/a><\/strong>. Se in passato si affermava che fosse l&#8217;<a href=\"https:\/\/www.holyart.it\/blog\/natale\/il-quarto-re-magio-che-fine-ha-fatto\/\"><strong>Epifania che <em>tutte le Feste porta via<\/em><\/strong><\/a>, nel mondo moderno questo ruolo viene attribuito al <strong>terzo luned\u00ec del mese di gennaio<\/strong>, quando la gente realizza che le festivit\u00e0 natalizie sono davvero concluse, che si torna alla vita di tutti i giorni, e inevitabilmente si scorre il calendario alla disperata ricerca del prossimo &#8216;ponte&#8217;, della prossima occasione di svago.<\/p>\n<div class=\"link-article\">\n<p><img loading=\"lazy\" decoding=\"async\" class=\"alignleft wp-image-17069 size-full\" src=\"https:\/\/blog.holyart.it\/it\/wp-content\/uploads\/sites\/17\/2023\/01\/il-quarto-magio.jpeg\" alt=\"il quarto re magio\" width=\"150\" height=\"87\" data-kale-share-title=\"Blue Monday: come affrontare il giorno pi\u00f9 triste dell\u2019anno\" data-kale-share-url=\"https:\/\/blog.holyart.it\/it\/?p=17068\" \/><\/p>\n<div class=\"leggi-anche\">Leggi anche:<\/div>\n<p><strong><a href=\"https:\/\/www.holyart.it\/blog\/natale\/il-quarto-re-magio-che-fine-ha-fatto\/\">Il quarto re magio che fine ha fatto?<\/a><\/strong><br \/>\nI Re Magi esercitano da sempre un grande fascino, sebbene di loro non si sappia nulla di certo. Oggi vogliamo raccontarvi&#8230;<\/p>\n<\/div>\n<p>Per questo si parla di <em>Blue Monday<\/em> giorno pi\u00f9 triste dell&#8217;anno.<\/p>\n<p>Fu <strong>Cliff Arnall<\/strong>, psicologo presso l&#8217;Universit\u00e0 di Cardiff, a definire la data e l&#8217;equazione che la spiega. Il suo lavoro era finalizzato a individuare una data propizia per le compagnie di viaggio che volevano proporre offerte vantaggiose ai loro clienti in un giorno in cui essi fossero pi\u00f9 propensi a prenotare un viaggio, ovvero quando erano di cattivo umore. Si bas\u00f2 su fattori come le condizioni meteorologiche, i debiti accumulati, la fine delle Feste di Natale, il fallimento dei <a href=\"https:\/\/www.holyart.it\/blog\/articoli-religiosi\/5-buoni-propositi-lanno\/\"><strong>buoni propositi<\/strong><\/a> dell&#8217;anno passato e l&#8217;ansia per quelli dell&#8217;anno nuovo, e cos\u00ec via. Da questi fattori elabor\u00f2 una vera e propria equazione.<\/p>\n<div class=\"link-article\">\n<p><img loading=\"lazy\" decoding=\"async\" class=\"alignleft wp-image-17070 size-full\" src=\"https:\/\/blog.holyart.it\/it\/wp-content\/uploads\/sites\/17\/2023\/01\/I-buoni-propositi-per-l-anno-nuovo.jpeg\" alt=\"buoni propositi per l'anno nuovo\" width=\"150\" height=\"99\" data-kale-share-title=\"Blue Monday: come affrontare il giorno pi\u00f9 triste dell\u2019anno\" data-kale-share-url=\"https:\/\/blog.holyart.it\/it\/?p=17068\" \/><\/p>\n<div class=\"leggi-anche\">Leggi anche:<\/div>\n<p><strong><a href=\"https:\/\/www.holyart.it\/blog\/articoli-religiosi\/5-buoni-propositi-lanno\/\">5 Buoni Propositi per l\u2019anno nuovo<\/a><\/strong><br \/>\nIl 2018 \u00e8 cominciato da un po\u2019. Quanti di voi stanno mettendo in pratica i buoni propositi per l\u2019anno nuovo&#8230;<\/p>\n<\/div>\n<p>Secondo alcuni esperti il <em>Blue Monday<\/em> \u00e8 anche il <strong><em>Divorce Monday<\/em><\/strong>, il giorno in cui viene intrapreso il maggior numero di <strong>procedimenti di divorzio<\/strong> in assoluto.<\/p>\n<p>Ma la &#8216;scienza&#8217; ha individuato anche il <strong>giorno pi\u00f9 felice dell&#8217;anno<\/strong>, l\u2019<em>Happiest Day of the Year. <\/em>\u00c8 il<strong> solstizio d\u2019estate<\/strong>, tra il 21 e il 24 giugno, e in questo caso la magica alchimia che lo rende speciale \u00e8 legata alla bella stagione, che permette di trascorrere tempo all\u2019aria aperta, nella natura e in compagnia di altre persone, il clima mite, l&#8217;anelito alle vacanze e anche a un passato dolce, fatto di ricordi di infanzia.<\/p>\n<h2>Perch\u00e9 si dice Blue Monday<\/h2>\n<p>Che il luned\u00ec non sia un giorno molto amato lo sappiamo gi\u00e0. \u00c8 pur sempre <em>San Musone<\/em>, o, come dicono in Spagna, il \u201cd\u00eda de baj\u00f3n\u201d, il <em>giorno del crollo<\/em>, o in Portogallo \u201cel dia cinzento\u201d, <em>giorno grigio<\/em>.<\/p>\n<p>Nei paesi anglosassoni hanno coniato il neologismo <strong><em>Smonday<\/em><\/strong>, che indica la depressione che prende gi\u00e0 di domenica in vista del luned\u00ec imminente (da Sunday= domenica e Monday= Luned\u00ec). Un po&#8217; quello che scriveva il nostro Giacomo Leopardi nella sua famosa poesia <em>Il sabato del villaggio,<\/em> paragonando in questo caso il giorno di <strong>sabato<\/strong> alla giovinezza, in cui si \u00e8 felici e pieni di aspettativa per la maturit\u00e0, e la <strong>domenica<\/strong> alla maturit\u00e0 stessa, tempo di disillusione in cui tutti i sogni si infrangono, lasciando solo noia e tristezza:<\/p>\n<p><em>Questo di sette \u00e8 il pi\u00f9 gradito giorno,<\/em><br \/>\n<em>pien di speme e di gioia:<\/em><br \/>\n<em>diman tristezza e noia \u00a0 \u00a0 \u00a0 \u00a0 \u00a0 \u00a0 \u00a0 \u00a0 \u00a0\u00a0<\/em><br \/>\n<em>recheran l&#8217;ore, ed al travaglio usato<\/em><br \/>\n<em>ciascuno in suo pensier far\u00e0 ritorno.<\/em><\/p>\n<div class=\"link-article\">\n<p><img loading=\"lazy\" decoding=\"async\" class=\"size-full wp-image-17074 alignleft\" src=\"https:\/\/blog.holyart.it\/it\/wp-content\/uploads\/sites\/17\/2023\/01\/palosanto.jpeg\" alt=\"palosanto\" width=\"150\" height=\"99\" data-kale-share-title=\"Blue Monday: come affrontare il giorno pi\u00f9 triste dell\u2019anno\" data-kale-share-url=\"https:\/\/blog.holyart.it\/it\/?p=17068\" \/><\/p>\n<div class=\"leggi-anche\">Leggi anche:<\/div>\n<p><strong><a href=\"https:\/\/www.holyart.it\/blog\/articoli-religiosi\/la-preghiera-contro-la-depressione-alla-madonna-del-sorriso\/\">Il palosanto: propriet\u00e0 e benefici del suo legno pregiato<\/a><\/strong><br \/>\nConosciamo il palosanto, preziosa pianta tropicale dal legno fortemente aromatico e dalle propriet\u00e0 preziose<\/p>\n<\/div>\n<p>In Turchia si parla di \u201cpazartesi sendromu\u201d, la <em>sindrome del luned\u00ec<\/em>, e in Germania si definiscono \u201cmontags-auto\u201d, <em>auto del luned\u00ec<\/em>, i prodotti difettosi delle case automobilistiche.<\/p>\n<p>Ma perch\u00e9 proprio il <strong>blu <\/strong>viene usato per definire qualcosa di triste? Il primo ad associare blu e tristezza \u00e8 stato <strong>Geoffrey Chaucer<\/strong>, famosissimo scrittore inglese del XIV secolo, che in uno dei suoi poemi pi\u00f9 celebri, <em>The Complaint of Mars<\/em>, scrisse: \u201cWith tears of blue and a wounded heart\u201d, <em>con lacrime blu e un cuore tormentato<\/em>. Da allora sono nate nella lingua inglese e non solo diverse espressioni che esprimono la tristezza e sono associata al colore blu, come \u201cfeeling blue\u201d, <em>sentirsi blu<\/em>, o in francese \u201cavoir le blues\u201d, <em>avere i blu<\/em>.<\/p>\n<p>La definizione <strong><em>Blue Monday<\/em><\/strong> \u00e8 stata usata per la prima volta in un comunicato stampa del canale televisivo britannico Sky Travel nel 2005, in cui si parlava dell&#8217;equazione di Arnall. In realt\u00e0 non c&#8217;\u00e8 nulla di scientifico, nella presa di coscienza che le Feste sono finite, ma \u00e8 innegabile che dopo giorni trascorsi in famiglia e con gli amici, immersi in un&#8217;atmosfera speciale che davvero poco ha a che fare con quella della quotidianit\u00e0, sia normale sentirsi un po&#8217; gi\u00f9 di corda.<\/p>\n<div class=\"link-article\">\n<p><img loading=\"lazy\" decoding=\"async\" class=\"size-full wp-image-17076 alignleft\" src=\"https:\/\/blog.holyart.it\/it\/wp-content\/uploads\/sites\/17\/2023\/01\/madonna-del-sorriso-1.jpg\" alt=\"madonna del sorriso\" width=\"150\" height=\"99\" data-kale-share-title=\"Blue Monday: come affrontare il giorno pi\u00f9 triste dell\u2019anno\" data-kale-share-url=\"https:\/\/blog.holyart.it\/it\/?p=17068\" \/><\/p>\n<div class=\"leggi-anche\">Leggi anche:<\/div>\n<p><strong><a href=\"https:\/\/www.holyart.it\/blog\/articoli-religiosi\/la-preghiera-contro-la-depressione-alla-madonna-del-sorriso\/\">La preghiera contro la depressione alla Madonna del Sorriso<\/a><\/strong><br \/>\nCom\u2019\u00e8 nata la preghiera contro la depressione e chi \u00e8 stato il primo a manifestare la propria devozione alla Madonna del Sorriso?<\/p>\n<\/div>\n<p>Inoltre spesso dopo le Feste ci sentiamo <strong>stanchi, appesantiti<\/strong> da qualche eccesso alimentare che ci siamo concessi, ma a cui non siamo abituati, mentre i buoni propositi per l&#8217;anno nuovo si mescolano ai rimpianti per l&#8217;anno passato, e fuori le giornate sono corte, la luce si spegne presto, il freddo penetra copro e anima. Non ci vuole poi tanto ad esser tristi, non \u00e8 cos\u00ec?<\/p>\n<h2>Come rimettersi in forma dopo le feste natalizie<\/h2>\n<p>Ma come ci si riprende dalla tristezza dopo le Feste? La <strong>preghiera <\/strong>aiuta, in questo come in molti altri casi, ma a volte serve anche un piccolo <strong>aiuto dalla natura<\/strong>, per rimettersi in forma dopo i piccoli grandi piaceri natalizi.<\/p>\n<p>Noi ci affidiamo come sempre ai <a href=\"https:\/\/www.holyart.it\/blog\/prodotti-monasteri\/integratori-naturali-e-tisane-per-tornare-in-forma-dopo-le-feste\/\">prodotti dei monasteri<\/a>, che offrono tanti <strong>integratori naturali e tisane<\/strong> efficaci per tornare in forma dopo le Feste, e se il Natale ci ha regalato qualche kilo in pi\u00f9 ci sono sempre i preziosi consigli di <a href=\"https:\/\/www.holyart.it\/blog\/santi-e-beati\/lalimentazione-di-santa-ildegarda-dimagrire-seguendo-questa-dieta\/\">Santa Ildegarda di Bingen<\/a>,\u00a0 famosa per la sua erudizione in molteplici ambiti ed esperta <em>ante litteram<\/em> di alimentazione sana.<\/p>\n<p>Nel nostro store on line trovate <strong>eccellenti tisane dagli effetti sorprendenti<\/strong>, che potranno aiutarvi per esempio a <strong>normalizzare i livelli di colesterolo<\/strong>, come la <a href=\"https:\/\/www.holyart.it\/it\/prodotti-dei-monasteri\/infusi-e-tisane\/tisana-per-colesterolo-erboristeria-finalpia\">Tisana CL9<\/a> a base di \u00a0tarassaco e veronica, piante dalle propriet\u00e0 antinfiammatorie, disintossicanti per il fegato e dagli effetti diuretici e depurativi, o a <strong>regolare le funzioni intestinali<\/strong>, come la <a href=\"https:\/\/www.holyart.it\/it\/prodotti-dei-monasteri\/infusi-e-tisane\/tisana-per-regolare-lintestino-erboristeria-finalpia\">\u00a0Tisana LS3<\/a> con malva e gramigna, che stimolano l&#8217;intestino pigro, e fragola che mantiene giovani e che aiuta a dimagrire.<\/p>\n<div class=\"link-article\">\n<p><img loading=\"lazy\" decoding=\"async\" class=\"size-full wp-image-17077 alignleft\" src=\"https:\/\/blog.holyart.it\/it\/wp-content\/uploads\/sites\/17\/2023\/01\/alimentazione-di-Santa-Ildegarda.jpg\" alt=\"alimentazione di Santa Ildegarda\" width=\"150\" height=\"99\" data-kale-share-title=\"Blue Monday: come affrontare il giorno pi\u00f9 triste dell\u2019anno\" data-kale-share-url=\"https:\/\/blog.holyart.it\/it\/?p=17068\" \/><\/p>\n<div class=\"leggi-anche\">Leggi anche:<\/div>\n<p><strong><a href=\"https:\/\/www.holyart.it\/blog\/santi-e-beati\/lalimentazione-di-santa-ildegarda-dimagrire-seguendo-questa-dieta\/\">L\u2019alimentazione di Santa Ildegarda: dimagrire seguendo questa dieta<\/a><\/strong><br \/>\nSanta Ildegarda di Bingen \u00e8 conosciuta per il contributo che ha dato.<\/p>\n<\/div>\n<p>Se le Festivit\u00e0 vi hanno lasciato <strong>bruciori e acidit\u00e0 di stomaco<\/strong> la <a href=\"https:\/\/www.holyart.it\/it\/prodotti-dei-monasteri\/infusi-e-tisane\/tisana-per-bruciore-e-acidita-erboristeria-finalpia\">Tisana DG4<\/a>, a base di achillea, una pianta da sempre utilizzata nei disturbi di digestione e per il mal di stomaco, vi offrir\u00e0 un rimedio naturale e gradevole.<\/p>\n<p>Sempre per <strong>depurare l&#8217;organismo e stimolare il metabolismo <\/strong>infiacchito da pranzi e aperitivi troppo ricchi, la <a href=\"https:\/\/www.holyart.it\/it\/prodotti-dei-monasteri\/infusi-e-tisane\/tisana-snella-70-gr-camaldoli\">Tisana Snella di Camaldoli<\/a> \u00e8 composta da una miscela di erbe officinali quali menta piperita, melissa, gramigna, semi di finocchio, malva, anice, camomilla, limone e liquirizia. Viene prodotta dall&#8217;Antica Farmacia dei Monaci Camaldolesi, secondo un&#8217;antica ricetta, cos\u00ec come la <a href=\"https:\/\/www.holyart.it\/it\/prodotti-dei-monasteri\/infusi-e-tisane\/tisana-dopo-pasto-70-gr-camaldoli\">Tisana Dopo Pasto<\/a>, dal gusto gradevolmente erbaceo che agevola e <strong>favorisce la digestione<\/strong> in modo naturale.<\/p>\n<p>Se invece volete c<strong>ombattere il malumore del luned\u00ec<\/strong>, che sia dopo le Feste o in generale, la <a href=\"https:\/\/www.holyart.it\/it\/prodotti-dei-monasteri\/infusi-e-tisane\/tisana-rilassante-ed-equilibrante-erboristeria-finalpia\">Tisana RL1 <\/a>\u00e8 un rimedio eccellente, prodotta con piante dagli effetti rilassanti che riequilibrano le funzioni del sistema nervoso, come il biancospino, la melissa e la passiflora, alleati preziosi contro ansia e stress.<\/p>\n<div class=\"sp-styles-warning\" style=\"width: 450px; background-color: #FFF; color: #F00; border: 1px solid #F00; padding: 10px; font-size: 14px;\">\n\t\t\t<span style=\"font-weight: bold;\">Warning: The stylesheets were not loaded!<\/span> \n\t\t\tYou will need to change the <i>Load stylesheets<\/i> setting from <i>Automatically<\/i> to <i>On homepage<\/i> or <i>On all pages<\/i>. \n\t\t\tYou can set that <a style=\"text-decoration: underline; color: #F00;\" href=\"https:\/\/blog.holyart.it\/it\/wp-admin\/admin.php?page=sliderpro-settings\">here<\/a>.\n\t\t\t<\/div>\r\n<div id=\"slider-pro-169\" class=\"slider-pro sp-no-js\" style=\"width: 500px; height: 500px;\">\r\n\t<div class=\"sp-slides\">\r\n\t\t\r\n\t\t<div class=\"sp-slide\">\r\n\t\t\t<img loading=\"lazy\" decoding=\"async\" class=\"sp-image\" src=\"https:\/\/blog.holyart.it\/it\/wp-content\/uploads\/sites\/17\/2023\/01\/tisana.jpg\" alt=\"tisana\" width=\"500\" height=\"500\" \/>\r\n\t\t\t<div class=\"sp-thumbnail\"><a class=\"\" href=\"https:\/\/www.holyart.it\/it\/prodotti-dei-monasteri\/infusi-e-tisane\/tisana-per-colesterolo-erboristeria-finalpia\">\r\n\t\t\t\t<img decoding=\"async\" src=\"https:\/\/blog.holyart.it\/it\/wp-content\/uploads\/sites\/17\/2023\/01\/tisana-per-colesterolo-erboristeria-finalpia.jpg\" alt=\"tisana-per-colesterolo-erboristeria-finalpia\" \/>\r\n\t\t\t<\/a>\r\n\t\t\t<\/div>\r\n\t\t\t<div class=\"sp-caption\">Tisana per colesterolo Erboristeria Finalpia<br \/><strong><a href=\"https:\/\/www.holyart.it\/it\/prodotti-dei-monasteri\/infusi-e-tisane\/tisana-per-colesterolo-erboristeria-finalpia\">Acquista su Holyart<\/a><\/strong><\/div>\r\n\t\t<\/div>\r\n\t\t<div class=\"sp-slide\">\r\n\t\t\t<img loading=\"lazy\" decoding=\"async\" class=\"sp-image\" src=\"https:\/\/blog.holyart.it\/it\/wp-content\/uploads\/sites\/17\/2023\/01\/tisana-per-regolare-lintestino-erboristeria-finalpia.jpg\" alt=\"tisana-per-regolare-lintestino-erboristeria-finalpia\" width=\"500\" height=\"500\" \/>\r\n\t\t\t<div class=\"sp-thumbnail\"><a class=\"\" href=\"https:\/\/www.holyart.it\/it\/prodotti-dei-monasteri\/infusi-e-tisane\/tisana-per-regolare-lintestino-erboristeria-finalpia\">\r\n\t\t\t\t<img decoding=\"async\" src=\"https:\/\/blog.holyart.it\/it\/wp-content\/uploads\/sites\/17\/2023\/01\/tisana-per-regolare-lintestino-erboristeria-finalpia-Copia.jpg\" alt=\"tisana-per-regolare-lintestino-erboristeria-finalpia - \" \/>\r\n\t\t\t<\/a>\r\n\t\t\t<\/div>\r\n\t\t\t<div class=\"sp-caption\">Tisana per regolare l'intestino Erboristeria Finalpia <br \/><strong><a href=\"https:\/\/www.holyart.it\/it\/prodotti-dei-monasteri\/infusi-e-tisane\/tisana-per-regolare-lintestino-erboristeria-finalpia\">Acquista su Holyart<\/a><\/strong><\/div>\r\n\t\t<\/div>\r\n\t\t<div class=\"sp-slide\">\r\n\t\t\t<img loading=\"lazy\" decoding=\"async\" class=\"sp-image\" src=\"https:\/\/blog.holyart.it\/it\/wp-content\/uploads\/sites\/17\/2023\/01\/tisana-per-bruciore-e-acidita-erboristeria-finalpia-1.jpg\" alt=\"tisana-per-bruciore-e-acidita-erboristeria-finalpia\" width=\"500\" height=\"500\" \/>\r\n\t\t\t<div class=\"sp-thumbnail\"><a class=\"\" href=\"https:\/\/www.holyart.it\/it\/prodotti-dei-monasteri\/infusi-e-tisane\/tisana-per-bruciore-e-acidita-erboristeria-finalpia\">\r\n\t\t\t\t<img decoding=\"async\" src=\"https:\/\/blog.holyart.it\/it\/wp-content\/uploads\/sites\/17\/2023\/01\/tisana-per-bruciore-e-acidita-erboristeria-finalpia-Copia.jpg\" alt=\"tisana-per-bruciore-e-acidita-erboristeria-finalpia\" \/>\r\n\t\t\t<\/a>\r\n\t\t\t<\/div>\r\n\t\t\t<div class=\"sp-caption\">Tisana per bruciore e acidit\u00e0 Erboristeria Finalpia<br \/><strong><a href=\"https:\/\/www.holyart.it\/it\/prodotti-dei-monasteri\/infusi-e-tisane\/tisana-per-bruciore-e-acidita-erboristeria-finalpia\">Acquista su Holyart<\/a><\/strong><\/div>\r\n\t\t<\/div>\r\n\t<\/div>\r\n<\/div>\n","protected":false},"excerpt":{"rendered":"<p>Perch\u00e9 Blue Monday? Che cosa rende il terzo luned\u00ec di gennaio il giorno pi\u00f9 triste dell&#8217;anno? E come lo si affronta? Un vecchio proverbio popolare recita: &#8220;Luned\u00ec \u00e8 San Musone!&#8221;, per indicare come il primo giorno della settimana, con il ritorno al lavoro e la&hellip;<\/p>\n","protected":false},"author":1,"featured_media":17084,"comment_status":"closed","ping_status":"open","sticky":false,"template":"","format":"standard","meta":{"_acf_changed":false,"footnotes":""},"categories":[16],"tags":[],"class_list":["post-17068","post","type-post","status-publish","format-standard","has-post-thumbnail","hentry","category-articoli-religiosi"],"acf":[],"yoast_head":"<!-- This site is optimized with the Yoast SEO plugin v26.6 - https:\/\/yoast.com\/wordpress\/plugins\/seo\/ -->\n<title>Blue Monday: come affrontare il giorno pi\u00f9 triste dell&#039;anno<\/title>\n<meta name=\"description\" content=\"Perch\u00e9 Blue Monday? Che cosa rende il terzo luned\u00ec di gennaio il giorno pi\u00f9 triste dell&#039;anno? E come lo si affronta?\" \/>\n<meta name=\"robots\" content=\"index, follow, max-snippet:-1, max-image-preview:large, max-video-preview:-1\" \/>\n<link rel=\"canonical\" href=\"https:\/\/blog.holyart.it\/it\/articoli-religiosi\/blue-monday-come-affrontare-il-giorno-piu-triste-dellanno\/\" \/>\n<meta property=\"og:locale\" content=\"it_IT\" \/>\n<meta property=\"og:type\" content=\"article\" \/>\n<meta property=\"og:title\" content=\"Blue Monday: come affrontare il giorno pi\u00f9 triste dell&#039;anno\" \/>\n<meta property=\"og:description\" content=\"Perch\u00e9 Blue Monday? Che cosa rende il terzo luned\u00ec di gennaio il giorno pi\u00f9 triste dell&#039;anno? E come lo si affronta?\" \/>\n<meta property=\"og:url\" content=\"https:\/\/blog.holyart.it\/it\/articoli-religiosi\/blue-monday-come-affrontare-il-giorno-piu-triste-dellanno\/\" \/>\n<meta property=\"og:site_name\" content=\"Holyblog\" \/>\n<meta property=\"article:published_time\" content=\"2023-01-09T15:44:14+00:00\" \/>\n<meta property=\"article:modified_time\" content=\"2026-01-26T09:56:34+00:00\" \/>\n<meta property=\"og:image\" content=\"https:\/\/blog.holyart.it\/it\/wp-content\/uploads\/sites\/17\/2023\/01\/blue-monday.jpg\" \/>\n\t<meta property=\"og:image:width\" content=\"1000\" \/>\n\t<meta property=\"og:image:height\" content=\"666\" \/>\n\t<meta property=\"og:image:type\" content=\"image\/jpeg\" \/>\n<meta name=\"author\" content=\"Redazione\" \/>\n<meta name=\"twitter:card\" content=\"summary_large_image\" \/>\n<meta name=\"twitter:label1\" content=\"Scritto da\" \/>\n\t<meta name=\"twitter:data1\" content=\"Redazione\" \/>\n\t<meta name=\"twitter:label2\" content=\"Tempo di lettura stimato\" \/>\n\t<meta name=\"twitter:data2\" content=\"9 minuti\" \/>\n<script type=\"application\/ld+json\" class=\"yoast-schema-graph\">{\"@context\":\"https:\/\/schema.org\",\"@graph\":[{\"@type\":\"Article\",\"@id\":\"https:\/\/blog.holyart.it\/it\/articoli-religiosi\/blue-monday-come-affrontare-il-giorno-piu-triste-dellanno\/#article\",\"isPartOf\":{\"@id\":\"https:\/\/blog.holyart.it\/it\/articoli-religiosi\/blue-monday-come-affrontare-il-giorno-piu-triste-dellanno\/\"},\"author\":{\"name\":\"Redazione\",\"@id\":\"https:\/\/blog.holyart.it\/it\/#\/schema\/person\/0a7b686e5af0f856ec1e390dd0baecda\"},\"headline\":\"Blue Monday: come affrontare il giorno pi\u00f9 triste dell&#8217;anno\",\"datePublished\":\"2023-01-09T15:44:14+00:00\",\"dateModified\":\"2026-01-26T09:56:34+00:00\",\"mainEntityOfPage\":{\"@id\":\"https:\/\/blog.holyart.it\/it\/articoli-religiosi\/blue-monday-come-affrontare-il-giorno-piu-triste-dellanno\/\"},\"wordCount\":1321,\"publisher\":{\"@id\":\"https:\/\/blog.holyart.it\/it\/#organization\"},\"image\":{\"@id\":\"https:\/\/blog.holyart.it\/it\/articoli-religiosi\/blue-monday-come-affrontare-il-giorno-piu-triste-dellanno\/#primaryimage\"},\"thumbnailUrl\":\"https:\/\/blog.holyart.it\/it\/wp-content\/uploads\/sites\/17\/2023\/01\/blue-monday.jpg\",\"articleSection\":[\"Religione\"],\"inLanguage\":\"it-IT\"},{\"@type\":\"WebPage\",\"@id\":\"https:\/\/blog.holyart.it\/it\/articoli-religiosi\/blue-monday-come-affrontare-il-giorno-piu-triste-dellanno\/\",\"url\":\"https:\/\/blog.holyart.it\/it\/articoli-religiosi\/blue-monday-come-affrontare-il-giorno-piu-triste-dellanno\/\",\"name\":\"Blue Monday: come affrontare il giorno pi\u00f9 triste dell'anno\",\"isPartOf\":{\"@id\":\"https:\/\/blog.holyart.it\/it\/#website\"},\"primaryImageOfPage\":{\"@id\":\"https:\/\/blog.holyart.it\/it\/articoli-religiosi\/blue-monday-come-affrontare-il-giorno-piu-triste-dellanno\/#primaryimage\"},\"image\":{\"@id\":\"https:\/\/blog.holyart.it\/it\/articoli-religiosi\/blue-monday-come-affrontare-il-giorno-piu-triste-dellanno\/#primaryimage\"},\"thumbnailUrl\":\"https:\/\/blog.holyart.it\/it\/wp-content\/uploads\/sites\/17\/2023\/01\/blue-monday.jpg\",\"datePublished\":\"2023-01-09T15:44:14+00:00\",\"dateModified\":\"2026-01-26T09:56:34+00:00\",\"description\":\"Perch\u00e9 Blue Monday? Che cosa rende il terzo luned\u00ec di gennaio il giorno pi\u00f9 triste dell'anno? E come lo si affronta?\",\"breadcrumb\":{\"@id\":\"https:\/\/blog.holyart.it\/it\/articoli-religiosi\/blue-monday-come-affrontare-il-giorno-piu-triste-dellanno\/#breadcrumb\"},\"inLanguage\":\"it-IT\",\"potentialAction\":[{\"@type\":\"ReadAction\",\"target\":[\"https:\/\/blog.holyart.it\/it\/articoli-religiosi\/blue-monday-come-affrontare-il-giorno-piu-triste-dellanno\/\"]}]},{\"@type\":\"ImageObject\",\"inLanguage\":\"it-IT\",\"@id\":\"https:\/\/blog.holyart.it\/it\/articoli-religiosi\/blue-monday-come-affrontare-il-giorno-piu-triste-dellanno\/#primaryimage\",\"url\":\"https:\/\/blog.holyart.it\/it\/wp-content\/uploads\/sites\/17\/2023\/01\/blue-monday.jpg\",\"contentUrl\":\"https:\/\/blog.holyart.it\/it\/wp-content\/uploads\/sites\/17\/2023\/01\/blue-monday.jpg\",\"width\":1000,\"height\":666,\"caption\":\"blue monday\"},{\"@type\":\"BreadcrumbList\",\"@id\":\"https:\/\/blog.holyart.it\/it\/articoli-religiosi\/blue-monday-come-affrontare-il-giorno-piu-triste-dellanno\/#breadcrumb\",\"itemListElement\":[{\"@type\":\"ListItem\",\"position\":1,\"name\":\"Homepage\",\"item\":\"https:\/\/blog.holyart.it\/it\/\"},{\"@type\":\"ListItem\",\"position\":2,\"name\":\"Religione\",\"item\":\"https:\/\/blog.holyart.it\/it\/articoli-religiosi\/\"},{\"@type\":\"ListItem\",\"position\":3,\"name\":\"Blue Monday: come affrontare il giorno pi\u00f9 triste dell&#8217;anno\"}]},{\"@type\":\"WebSite\",\"@id\":\"https:\/\/blog.holyart.it\/it\/#website\",\"url\":\"https:\/\/blog.holyart.it\/it\/\",\"name\":\"Holyblog\",\"description\":\"Il Blog di Holyart.it\",\"publisher\":{\"@id\":\"https:\/\/blog.holyart.it\/it\/#organization\"},\"potentialAction\":[{\"@type\":\"SearchAction\",\"target\":{\"@type\":\"EntryPoint\",\"urlTemplate\":\"https:\/\/blog.holyart.it\/it\/?s={search_term_string}\"},\"query-input\":{\"@type\":\"PropertyValueSpecification\",\"valueRequired\":true,\"valueName\":\"search_term_string\"}}],\"inLanguage\":\"it-IT\"},{\"@type\":\"Organization\",\"@id\":\"https:\/\/blog.holyart.it\/it\/#organization\",\"name\":\"Holyblog\",\"url\":\"https:\/\/blog.holyart.it\/it\/\",\"logo\":{\"@type\":\"ImageObject\",\"inLanguage\":\"it-IT\",\"@id\":\"https:\/\/blog.holyart.it\/it\/#\/schema\/logo\/image\/\",\"url\":\"https:\/\/blog.holyart.it\/it\/wp-content\/uploads\/sites\/17\/2022\/12\/Holyart_Blog_Logo.jpg\",\"contentUrl\":\"https:\/\/blog.holyart.it\/it\/wp-content\/uploads\/sites\/17\/2022\/12\/Holyart_Blog_Logo.jpg\",\"width\":300,\"height\":50,\"caption\":\"Holyblog\"},\"image\":{\"@id\":\"https:\/\/blog.holyart.it\/it\/#\/schema\/logo\/image\/\"}},{\"@type\":\"Person\",\"@id\":\"https:\/\/blog.holyart.it\/it\/#\/schema\/person\/0a7b686e5af0f856ec1e390dd0baecda\",\"name\":\"Redazione\"}]}<\/script>\n<!-- \/ Yoast SEO plugin. -->","yoast_head_json":{"title":"Blue Monday: come affrontare il giorno pi\u00f9 triste dell'anno","description":"Perch\u00e9 Blue Monday? Che cosa rende il terzo luned\u00ec di gennaio il giorno pi\u00f9 triste dell'anno? E come lo si affronta?","robots":{"index":"index","follow":"follow","max-snippet":"max-snippet:-1","max-image-preview":"max-image-preview:large","max-video-preview":"max-video-preview:-1"},"canonical":"https:\/\/blog.holyart.it\/it\/articoli-religiosi\/blue-monday-come-affrontare-il-giorno-piu-triste-dellanno\/","og_locale":"it_IT","og_type":"article","og_title":"Blue Monday: come affrontare il giorno pi\u00f9 triste dell'anno","og_description":"Perch\u00e9 Blue Monday? Che cosa rende il terzo luned\u00ec di gennaio il giorno pi\u00f9 triste dell'anno? E come lo si affronta?","og_url":"https:\/\/blog.holyart.it\/it\/articoli-religiosi\/blue-monday-come-affrontare-il-giorno-piu-triste-dellanno\/","og_site_name":"Holyblog","article_published_time":"2023-01-09T15:44:14+00:00","article_modified_time":"2026-01-26T09:56:34+00:00","og_image":[{"width":1000,"height":666,"url":"https:\/\/blog.holyart.it\/it\/wp-content\/uploads\/sites\/17\/2023\/01\/blue-monday.jpg","type":"image\/jpeg"}],"author":"Redazione","twitter_card":"summary_large_image","twitter_misc":{"Scritto da":"Redazione","Tempo di lettura stimato":"9 minuti"},"schema":{"@context":"https:\/\/schema.org","@graph":[{"@type":"Article","@id":"https:\/\/blog.holyart.it\/it\/articoli-religiosi\/blue-monday-come-affrontare-il-giorno-piu-triste-dellanno\/#article","isPartOf":{"@id":"https:\/\/blog.holyart.it\/it\/articoli-religiosi\/blue-monday-come-affrontare-il-giorno-piu-triste-dellanno\/"},"author":{"name":"Redazione","@id":"https:\/\/blog.holyart.it\/it\/#\/schema\/person\/0a7b686e5af0f856ec1e390dd0baecda"},"headline":"Blue Monday: come affrontare il giorno pi\u00f9 triste dell&#8217;anno","datePublished":"2023-01-09T15:44:14+00:00","dateModified":"2026-01-26T09:56:34+00:00","mainEntityOfPage":{"@id":"https:\/\/blog.holyart.it\/it\/articoli-religiosi\/blue-monday-come-affrontare-il-giorno-piu-triste-dellanno\/"},"wordCount":1321,"publisher":{"@id":"https:\/\/blog.holyart.it\/it\/#organization"},"image":{"@id":"https:\/\/blog.holyart.it\/it\/articoli-religiosi\/blue-monday-come-affrontare-il-giorno-piu-triste-dellanno\/#primaryimage"},"thumbnailUrl":"https:\/\/blog.holyart.it\/it\/wp-content\/uploads\/sites\/17\/2023\/01\/blue-monday.jpg","articleSection":["Religione"],"inLanguage":"it-IT"},{"@type":"WebPage","@id":"https:\/\/blog.holyart.it\/it\/articoli-religiosi\/blue-monday-come-affrontare-il-giorno-piu-triste-dellanno\/","url":"https:\/\/blog.holyart.it\/it\/articoli-religiosi\/blue-monday-come-affrontare-il-giorno-piu-triste-dellanno\/","name":"Blue Monday: come affrontare il giorno pi\u00f9 triste dell'anno","isPartOf":{"@id":"https:\/\/blog.holyart.it\/it\/#website"},"primaryImageOfPage":{"@id":"https:\/\/blog.holyart.it\/it\/articoli-religiosi\/blue-monday-come-affrontare-il-giorno-piu-triste-dellanno\/#primaryimage"},"image":{"@id":"https:\/\/blog.holyart.it\/it\/articoli-religiosi\/blue-monday-come-affrontare-il-giorno-piu-triste-dellanno\/#primaryimage"},"thumbnailUrl":"https:\/\/blog.holyart.it\/it\/wp-content\/uploads\/sites\/17\/2023\/01\/blue-monday.jpg","datePublished":"2023-01-09T15:44:14+00:00","dateModified":"2026-01-26T09:56:34+00:00","description":"Perch\u00e9 Blue Monday? Che cosa rende il terzo luned\u00ec di gennaio il giorno pi\u00f9 triste dell'anno? E come lo si affronta?","breadcrumb":{"@id":"https:\/\/blog.holyart.it\/it\/articoli-religiosi\/blue-monday-come-affrontare-il-giorno-piu-triste-dellanno\/#breadcrumb"},"inLanguage":"it-IT","potentialAction":[{"@type":"ReadAction","target":["https:\/\/blog.holyart.it\/it\/articoli-religiosi\/blue-monday-come-affrontare-il-giorno-piu-triste-dellanno\/"]}]},{"@type":"ImageObject","inLanguage":"it-IT","@id":"https:\/\/blog.holyart.it\/it\/articoli-religiosi\/blue-monday-come-affrontare-il-giorno-piu-triste-dellanno\/#primaryimage","url":"https:\/\/blog.holyart.it\/it\/wp-content\/uploads\/sites\/17\/2023\/01\/blue-monday.jpg","contentUrl":"https:\/\/blog.holyart.it\/it\/wp-content\/uploads\/sites\/17\/2023\/01\/blue-monday.jpg","width":1000,"height":666,"caption":"blue monday"},{"@type":"BreadcrumbList","@id":"https:\/\/blog.holyart.it\/it\/articoli-religiosi\/blue-monday-come-affrontare-il-giorno-piu-triste-dellanno\/#breadcrumb","itemListElement":[{"@type":"ListItem","position":1,"name":"Homepage","item":"https:\/\/blog.holyart.it\/it\/"},{"@type":"ListItem","position":2,"name":"Religione","item":"https:\/\/blog.holyart.it\/it\/articoli-religiosi\/"},{"@type":"ListItem","position":3,"name":"Blue Monday: come affrontare il giorno pi\u00f9 triste dell&#8217;anno"}]},{"@type":"WebSite","@id":"https:\/\/blog.holyart.it\/it\/#website","url":"https:\/\/blog.holyart.it\/it\/","name":"Holyblog","description":"Il Blog di Holyart.it","publisher":{"@id":"https:\/\/blog.holyart.it\/it\/#organization"},"potentialAction":[{"@type":"SearchAction","target":{"@type":"EntryPoint","urlTemplate":"https:\/\/blog.holyart.it\/it\/?s={search_term_string}"},"query-input":{"@type":"PropertyValueSpecification","valueRequired":true,"valueName":"search_term_string"}}],"inLanguage":"it-IT"},{"@type":"Organization","@id":"https:\/\/blog.holyart.it\/it\/#organization","name":"Holyblog","url":"https:\/\/blog.holyart.it\/it\/","logo":{"@type":"ImageObject","inLanguage":"it-IT","@id":"https:\/\/blog.holyart.it\/it\/#\/schema\/logo\/image\/","url":"https:\/\/blog.holyart.it\/it\/wp-content\/uploads\/sites\/17\/2022\/12\/Holyart_Blog_Logo.jpg","contentUrl":"https:\/\/blog.holyart.it\/it\/wp-content\/uploads\/sites\/17\/2022\/12\/Holyart_Blog_Logo.jpg","width":300,"height":50,"caption":"Holyblog"},"image":{"@id":"https:\/\/blog.holyart.it\/it\/#\/schema\/logo\/image\/"}},{"@type":"Person","@id":"https:\/\/blog.holyart.it\/it\/#\/schema\/person\/0a7b686e5af0f856ec1e390dd0baecda","name":"Redazione"}]}},"_links":{"self":[{"href":"https:\/\/blog.holyart.it\/it\/wp-json\/wp\/v2\/posts\/17068","targetHints":{"allow":["GET"]}}],"collection":[{"href":"https:\/\/blog.holyart.it\/it\/wp-json\/wp\/v2\/posts"}],"about":[{"href":"https:\/\/blog.holyart.it\/it\/wp-json\/wp\/v2\/types\/post"}],"author":[{"embeddable":true,"href":"https:\/\/blog.holyart.it\/it\/wp-json\/wp\/v2\/users\/1"}],"replies":[{"embeddable":true,"href":"https:\/\/blog.holyart.it\/it\/wp-json\/wp\/v2\/comments?post=17068"}],"version-history":[{"count":4,"href":"https:\/\/blog.holyart.it\/it\/wp-json\/wp\/v2\/posts\/17068\/revisions"}],"predecessor-version":[{"id":17088,"href":"https:\/\/blog.holyart.it\/it\/wp-json\/wp\/v2\/posts\/17068\/revisions\/17088"}],"wp:featuredmedia":[{"embeddable":true,"href":"https:\/\/blog.holyart.it\/it\/wp-json\/wp\/v2\/media\/17084"}],"wp:attachment":[{"href":"https:\/\/blog.holyart.it\/it\/wp-json\/wp\/v2\/media?parent=17068"}],"wp:term":[{"taxonomy":"category","embeddable":true,"href":"https:\/\/blog.holyart.it\/it\/wp-json\/wp\/v2\/categories?post=17068"},{"taxonomy":"post_tag","embeddable":true,"href":"https:\/\/blog.holyart.it\/it\/wp-json\/wp\/v2\/tags?post=17068"}],"curies":[{"name":"wp","href":"https:\/\/api.w.org\/{rel}","templated":true}]}}