{"id":17053,"date":"2023-01-05T11:16:17","date_gmt":"2023-01-05T10:16:17","guid":{"rendered":"https:\/\/blog.holyart.it\/it\/?p=17053"},"modified":"2023-12-27T12:40:38","modified_gmt":"2023-12-27T11:40:38","slug":"benedetto-xvi-la-storia-del-papa-emerito","status":"publish","type":"post","link":"https:\/\/blog.holyart.it\/it\/articoli-religiosi\/benedetto-xvi-la-storia-del-papa-emerito\/","title":{"rendered":"Benedetto XVI: la storia del papa emerito"},"content":{"rendered":"<h4>Papa Benedetto XVI, il Papa teologo, primo pontefice dell&#8217;epoca digitale e Papa emerito per sua scelta<\/h4>\n\n<p>Il 31 dicembre, ultimo giorno di un travagliato 2022, <strong>Joseph Aloisius Ratzinger,<\/strong> <a href=\"https:\/\/www.holyart.it\/it\/occasioni-speciali\/benedetto-xvi\"><strong>Papa Benedetto XVI<\/strong><\/a>, ha lasciato la vita terrena. <strong>Primo Papa emerito <\/strong>della storia della Chiesa, non \u00e8 stato tuttavia il primo a dare le dimissioni senza finire il proprio mandato, sebbene l&#8217;ultimo Pontefice ad averlo fatto prima di lui fosse stato Papa Gregorio XII nel 1415.<\/p>\n<p>Figlio di un commissario di gendarmeria apertamente <strong>antinazista<\/strong>, tanto che la famiglia fu costretta a trasferirsi molte volte durante gli anni in cui Hitler fu alla guida della Germania, e di una cuoca, e terzo di tre fratelli, Papa Ratzinger \u00e8 stato il primo in molte cose, nella sua lunga vita, sebbene, da uomo discreto qual era, non siano mai trapelate troppe informazioni su come abbia vissuto Joseph Ratzinger prima di diventare Papa.<\/p>\n<div class=\"link-product\">\n<div class=\"blocco-immagine\"><img loading=\"lazy\" decoding=\"async\" class=\"size-full wp-image-17055 alignleft\" src=\"https:\/\/blog.holyart.it\/it\/wp-content\/uploads\/sites\/17\/2023\/01\/santino-papa-benedetto-xvi.jpg\" alt=\"santino papa benedetto xvi\" width=\"100\" height=\"100\" data-kale-share-title=\"Papa Benedetto XVI: la storia del papa emerito\" data-kale-share-url=\"https:\/\/blog.holyart.it\/it\/?p=17053\" \/><\/div>\n<div class=\"blocco-contenuto\">\n<div class=\"blocco-acquista\">Acquista su Holyart:<\/div>\n<div class=\"blocco-titolo\"><a href=\"https:\/\/www.holyart.it\/it\/occasioni-speciali\/benedetto-xvi\">Papa Benedetto XVI<\/a><\/div>\n<div class=\"blocco-descrizione\">Categoria dedicata a papa Joseph Ratzinger, contenente oggetti devozionali a Papa Benedetto XVI.<\/div>\n<\/div>\n<\/div>\n<p>Conobbe in prima persona gli orrori e la ferocia del <strong>nazismo<\/strong>. Quando era solo un ragazzo, suo cugino affetto da Sindrome di Down venne strappato alla famiglia dalla spietata politica di epurazione della razza promossa del regime. Costretto ad arruolarsi durante la Seconda Guerra mondiale, conobbe la guerra e perfino la prigionia in un campo degli Alleati vicino a Ulma.<\/p>\n<p>Sappiamo di lui che<strong> amava la musica classica<\/strong>, e non solo come ascoltatore, tanto da pubblicare nel 2009 un album di musica classica contemporanea dedicato alla Vergine insieme alla Royal Philarmonica Orchestra. Amava anche i <strong>gatti<\/strong>, e nel 2007 venne pubblicato <em>Joseph and Chico: A Cat Recounts the Life of Pope Benedict XVI<\/em>, la sua vita raccontata attraverso gli occhi di Chico, il suo gatto.<\/p>\n<p>Uomo di <strong>grande cultura<\/strong>, Papa Ratzinger parlava sette lingue e prima del Pontificato intraprese una lunga carriera accademica nelle pi\u00f9 prestigiose Universit\u00e0 tedesche. <strong>Docente universitario di teologia<\/strong>, arcivescovo di Monaco e Frisinga, accompagn\u00f2 il suo predecessore <strong><a href=\"https:\/\/www.holyart.it\/it\/occasioni-speciali\/giovanni-paolo-ii\">Giovanni Paolo II<\/a><\/strong> per tutto il Pontificato, come uno dei suoi pi\u00f9 stretti collaboratori, e per sua volont\u00e0 guid\u00f2 la <strong>Congregazione per la dottrina della fede<\/strong>, l&#8217;organo della Santa Sede che si occupa di vigilare sulla correttezza della dottrina cattolica. Decano del collegio cardinalizio dal 2002, con il <strong>conclave del 2005<\/strong> succedette a Papa Giovanni Paolo II. Come giovane professore partecip\u00f2 anche al <strong>Concilio Vaticano II<\/strong>, dal 1962.<\/p>\n<div class=\"link-product\">\n<div class=\"blocco-immagine\"><img loading=\"lazy\" decoding=\"async\" class=\"size-full wp-image-17056 alignleft\" src=\"https:\/\/blog.holyart.it\/it\/wp-content\/uploads\/sites\/17\/2023\/01\/giovanni-paolo-ii-veste-bianca-50-cm-resina-fontanini.jpg\" alt=\"giovanni paolo ii veste bianca 50 cm resina fontanini\" width=\"100\" height=\"100\" data-kale-share-title=\"Papa Benedetto XVI: la storia del papa emerito\" data-kale-share-url=\"https:\/\/blog.holyart.it\/it\/?p=17053\" \/><\/div>\n<div class=\"blocco-contenuto\">\n<div class=\"blocco-acquista\">Acquista su Holyart:<\/div>\n<div class=\"blocco-titolo\"><a href=\"https:\/\/www.holyart.it\/it\/occasioni-speciali\/giovanni-paolo-ii\">Giovanni Paolo II<\/a><\/div>\n<div class=\"blocco-descrizione\">Reparto interamente dedicato a Giovanni Paolo II dove puoi trovare tantissimi articoli con l&#8217;immagine del Beato.<\/div>\n<\/div>\n<\/div>\n<p>\u00c8 stato anche il <strong>primo Papa dell&#8217;era digitale<\/strong>, protagonista di un mutamento rivoluzionario nelle comunicazioni, soprattutto per un uomo come lui, legato alle tradizioni. Eppure, intraprendente e pronto a mettersi in gioco, \u00e8 stato il primo Papa ad aprire un <strong>profilo social<\/strong>, su Twitter, adeguando il pontificato al contesto comunicativo globale e soprattutto aprendo la via a innumerevoli canali social dedicati alla Fede, alla preghiera, alla Parola di Dio.<br \/>\nNon solo: ha dialogato tramite Sms con i giovani della Giornata mondiale della giovent\u00f9 di Sydney nel 2008, con gli astronauti della Stazione spaziale internazionale, e si \u00e8 anche prestato a rispondere in alle domande dei fedeli durante la diretta TV del Venerd\u00ec Santo del 2011.\u00a0<strong>Amava anche viaggiare<\/strong> e conoscere le realt\u00e0 dei membri della sua Chiesa in tutto il mondo.<\/p>\n<p>Ricordiamo in breve il pontificato di Papa Ratzinger e le sue dimissioni.<\/p>\n<h2>Il Pontificato di Papa Ratzinger<\/h2>\n<p>Il <strong>19 aprile 2005<\/strong> il cardinale Ratzinger viene eletto Papa al quarto scrutinio. Nel suo primo discorso si defin\u00ec <em>&#8220;un semplice ed umile lavoratore nella vigna del Signore&#8221; <\/em>e rivolse un ricordo affettuoso al suo predecessore Giovanni Paolo II, a cui era molto legato.<\/p>\n<p>Sempre per sua ammissione, scelse il <strong>nome Benedetto XVI<\/strong> in onore di Benedetto XV, papa durante la Prima guerra mondiale, al quale si sentiva idealmente vicino, ma anche in onore di <a href=\"https:\/\/www.holyart.it\/blog\/santi-e-beati\/san-benedetto-il-santo-che-ha-ispirato-lartigianato-italiano\/\"><strong>San Benedetto da Norcia<\/strong><\/a>, padre del monachesimo occidentale. Una scelta che esprimeva gi\u00e0 una forte dichiarazione di intenti, sulla volont\u00e0 di recuperare le <strong>radici cristiane<\/strong> e i <strong>valori della Chiesa<\/strong>.<\/p>\n<div class=\"link-article\">\n<p><img loading=\"lazy\" decoding=\"async\" class=\"size-full wp-image-17057 alignleft\" src=\"https:\/\/blog.holyart.it\/it\/wp-content\/uploads\/sites\/17\/2023\/01\/croce-san-benedetto.jpg\" alt=\"croce san benedetto\" width=\"150\" height=\"99\" data-kale-share-title=\"Papa Benedetto XVI: la storia del papa emerito\" data-kale-share-url=\"https:\/\/blog.holyart.it\/it\/?p=17053\" \/><\/p>\n<div class=\"leggi-anche\">Leggi anche:<\/div>\n<p><strong><a href=\"https:\/\/www.holyart.it\/blog\/santi-e-beati\/san-benedetto-il-santo-che-ha-ispirato-lartigianato-italiano\/\">San Benedetto: il santo che ha ispirato l\u2019artigianato italiano<\/a><\/strong><br \/>\nSan Benedetto da Norcia, Patrono d\u2019Europa, per tutta la vita lott\u00f2 contro il demonio che scacciava nel nome della Croce&#8230;<\/p>\n<\/div>\n<p>Era anche un fautore del ritorno a una <strong>chiesa povera<\/strong>, in stile francescano, senza orpelli inutili. Sul suo <strong>stemma pontificio<\/strong> volle una <a href=\"https:\/\/www.holyart.it\/it\/accessori-per-la-liturgia\/articoli-vescovili\/mitra-ricamata-a-macchina-pura-lana\"><strong>mitra vescovile<\/strong><\/a> anzich\u00e9 l&#8217;usuale tiara papale, per dichiarare la sua vicinanza ai Vescovi. Il suo<strong> motto<\/strong> era<em> Cooperatores Veritatis<\/em>, dalla Terza lettera di Giovanni: &#8220;Nos ergo debemus sublevare huiusmodi, ut cooperatores simus veritatis&#8221;, <em>Noi dobbiamo perci\u00f2 accogliere tali persone per <strong>cooperare alla diffusione della verit\u00e0<\/strong>. <\/em><\/p>\n<div class=\"link-product\">\n<div class=\"blocco-immagine\"><img loading=\"lazy\" decoding=\"async\" class=\"size-full wp-image-17058 alignleft\" src=\"https:\/\/blog.holyart.it\/it\/wp-content\/uploads\/sites\/17\/2023\/01\/mitra-ricamata-a-macchina-pura-lana.jpg\" alt=\"mitra ricamata a macchina pura lana\" width=\"100\" height=\"100\" data-kale-share-title=\"Papa Benedetto XVI: la storia del papa emerito\" data-kale-share-url=\"https:\/\/blog.holyart.it\/it\/?p=17053\" \/><\/div>\n<div class=\"blocco-contenuto\">\n<div class=\"blocco-acquista\">Acquista su Holyart:<\/div>\n<div class=\"blocco-titolo\"><a href=\"https:\/\/www.holyart.it\/it\/accessori-per-la-liturgia\/articoli-vescovili\/mitra-ricamata-a-macchina-pura-lana\">Mitra ricamata a macchina pura lana<\/a><\/div>\n<div class=\"blocco-descrizione\">Mitria prodotta da una sartoria italiana, articolo di grande pregio e qualit\u00e0.<\/div>\n<\/div>\n<\/div>\n<p>Sempre nell&#8217;ottica di un ritorno all&#8217;austerit\u00e0 e al rigore, Papa Benedetto XVI ridimension\u00f2 la Curia romana e recuper\u00f2 molti aspetti della<strong> tradizione liturgica<\/strong>. Fu anche il primo pontefice a scusarsi pubblicamente con le <strong>vittime di abusi da parte di membri del clero<\/strong>, adoperandosi per stabilire punizioni e regole pi\u00f9 severe per i colpevoli.<\/p>\n<h2>Le dimissioni di Papa Benedetto<\/h2>\n<p>Papa Benedetto XVI non \u00e8 stato il primo papa a rinunciare al Soglio Pontificio. Sebbene non avvenisse da secoli, prima di lui altri sette Papi scelsero di dare le dimissioni: Clemente I, Ponziano, Silverio, Benedetto IX, Gregorio VI, Celestino V e Gregorio XII. \u00c8 stato per\u00f2 <strong>il primo Papa Emerito <\/strong>della storia della Chiesa.<\/p>\n<p>Fu lui stesso ad annunciare le proprie dimissioni l&#8217;<strong>11 febbraio 2013<\/strong>, con un discorso in latino pronunciato durante il Concistoro per la canonizzazione dei <a href=\"https:\/\/www.holyart.it\/blog\/santi-e-beati\/martiri-di-otranto-sacrificio-813-abitanti\/\"><strong>Martiri d&#8217;Otranto<\/strong>.<\/a> Il Papa addusse come causa della sua scelta <strong>l\u2019et\u00e0 avanzata e il progressivo venir meno delle proprie forze<\/strong>, che non gli permettevano pi\u00f9 di adempiere al meglio al proprio ministero.<\/p>\n<div class=\"link-article\">\n<p><img loading=\"lazy\" decoding=\"async\" class=\"size-full wp-image-17059 alignleft\" src=\"https:\/\/blog.holyart.it\/it\/wp-content\/uploads\/sites\/17\/2023\/01\/martiri-di-otranto.jpg\" alt=\"martiri di otranto\" width=\"150\" height=\"99\" data-kale-share-title=\"Papa Benedetto XVI: la storia del papa emerito\" data-kale-share-url=\"https:\/\/blog.holyart.it\/it\/?p=17053\" \/><\/p>\n<div class=\"leggi-anche\">Leggi anche:<\/div>\n<p><strong><a href=\"https:\/\/www.holyart.it\/blog\/santi-e-beati\/martiri-di-otranto-sacrificio-813-abitanti\/\">I martiri di Otranto: il sacrificio degli 813 abitanti in nome della fede<\/a><\/strong><br \/>\nPu\u00f2 un intero paese essere canonizzato? \u00c8 quello che \u00e8 successo ai&#8230;<\/p>\n<\/div>\n<p>Fu una decisione che sorprese il mondo intero, e tutti plaudirono al coraggio e all&#8217;umilt\u00e0 di questo Pontefice cos\u00ec compreso nel proprio ruolo da riconoscere quando fosse opportuno per lui farsi da parte. Tutti i potenti della Terra rivolsero parole di stima e rispetto al Papa dimissionario.<\/p>\n<h2>Il Papa emerito<\/h2>\n<p>Dopo le dimissioni, <a href=\"https:\/\/www.holyart.it\/it\/articoli-religiosi\/statue\/statue-in-legno-dipinto\/statua-papa-benedetto-xvi-legno-dipinto-val-gardena\"><strong>Papa Ratzinger<\/strong><\/a> divenne sommo <strong>Pontefice emerito<\/strong> o <strong>Papa emerito. <\/strong>Prima di lui il titolo non era previsto dal diritto canonico.<\/p>\n<div class=\"link-product\">\n<div class=\"blocco-immagine\"><img loading=\"lazy\" decoding=\"async\" class=\"size-full wp-image-17060 alignleft\" src=\"https:\/\/blog.holyart.it\/it\/wp-content\/uploads\/sites\/17\/2023\/01\/statua-papa-benedetto-xvi-legno-dipinto-val-gardena.jpg\" alt=\"statua papa benedetto xvi legno dipinto val gardena\" width=\"100\" height=\"100\" data-kale-share-title=\"Papa Benedetto XVI: la storia del papa emerito\" data-kale-share-url=\"https:\/\/blog.holyart.it\/it\/?p=17053\" \/><\/div>\n<div class=\"blocco-contenuto\">\n<div class=\"blocco-acquista\">Acquista su Holyart:<\/div>\n<div class=\"blocco-titolo\"><a href=\"https:\/\/www.holyart.it\/it\/articoli-religiosi\/statue\/statue-in-legno-dipinto\/statua-papa-benedetto-xvi-legno-dipinto-val-gardena\">Statua Papa Benedetto XVI legno dipinto Val Gardena<\/a><\/div>\n<div class=\"blocco-descrizione\">La statua, scolpita in Val Gardena, raffigura Papa Benedetto XVI che tiene il pastorale con il Cristo crocifisso.<\/div>\n<\/div>\n<\/div>\n<p>Anche dopo aver rinunciato al ministero petrino, Papa Ratzinger ha mantenuto le insegne e il trattamento, seppur con alcune modifiche: la veste talare bianca, ma priva di pellegrina e fascia; l&#8217;anello vescovile al posto dell&#8217;<a href=\"https:\/\/www.holyart.it\/blog\/articoli-religiosi\/lanello-del-pescatore-e-il-rito-che-sancisce-linizio-del-pontificato\/\"><strong>anello del pescatore<\/strong><\/a>, ecc. Ha mantenuto anche lo stemma, il nome pontificale e il titolo di Santo Padre o Santit\u00e0.<\/p>\n<div class=\"link-article\">\n<p><img loading=\"lazy\" decoding=\"async\" class=\"size-full wp-image-17061 alignleft\" src=\"https:\/\/blog.holyart.it\/it\/wp-content\/uploads\/sites\/17\/2023\/01\/elezione-papa.jpg\" alt=\"elezione papa\" width=\"150\" height=\"99\" data-kale-share-title=\"Papa Benedetto XVI: la storia del papa emerito\" data-kale-share-url=\"https:\/\/blog.holyart.it\/it\/?p=17053\" \/><\/p>\n<div class=\"leggi-anche\">Leggi anche:<\/div>\n<p><strong><a href=\"https:\/\/www.holyart.it\/blog\/articoli-religiosi\/lanello-del-pescatore-e-il-rito-che-sancisce-linizio-del-pontificato\/\">L\u2019anello del pescatore e il rito che sancisce l\u2019inizio del pontificato<\/a><\/strong><br \/>\nL\u2019anello del Pescatore, una delle pi\u00f9 antiche tradizioni legate&#8230;<\/p>\n<\/div>\n<p>Trasferitosi in un primo tempo a Castel Gandolfo, il Papa emerito and\u00f2 poi a vivere nel <strong>monastero Mater Ecclesiae<\/strong>, nei Giardini Vaticani, vicino alla Fontana dell&#8217;Aquilone, dove \u00e8 rimasto fino alla sua morte affiancato da Padre Georg G\u00e4nswein, suo segretario particolare. Ma non ha mai smesso di partecipare alla vita della Chiesa, affiancando il suo successore <strong><a href=\"https:\/\/www.holyart.it\/it\/occasioni-speciali\/papa-francesco\">Papa Francesco<\/a><\/strong> in molte occasioni ufficiali, finch\u00e9 le sue condizioni di salute glielo hanno permesso. Nel 2020 ha superato il primato di longevit\u00e0 per un papa, diventando il pontefice pi\u00f9 anziano della storia.<\/p>\n","protected":false},"excerpt":{"rendered":"<p>Papa Benedetto XVI, il Papa teologo, primo pontefice dell&#8217;epoca digitale e Papa emerito per sua scelta Il 31 dicembre, ultimo giorno di un travagliato 2022, Joseph Aloisius Ratzinger, Papa Benedetto XVI, ha lasciato la vita terrena. Primo Papa emerito della storia della Chiesa, non \u00e8&hellip;<\/p>\n","protected":false},"author":1,"featured_media":17054,"comment_status":"closed","ping_status":"open","sticky":false,"template":"","format":"standard","meta":{"_acf_changed":false,"footnotes":""},"categories":[16],"tags":[],"class_list":["post-17053","post","type-post","status-publish","format-standard","has-post-thumbnail","hentry","category-articoli-religiosi"],"acf":[],"yoast_head":"<!-- This site is optimized with the Yoast SEO plugin v26.6 - https:\/\/yoast.com\/wordpress\/plugins\/seo\/ -->\n<title>Benedetto XVI: la storia del papa emerito - Holyblog<\/title>\n<meta name=\"description\" content=\"In memoria di Papa Benedetto XVI, il Papa teologo, primo pontefice dell&#039;epoca digitale e Papa emerito per sua scelta.\" \/>\n<meta name=\"robots\" content=\"index, follow, max-snippet:-1, max-image-preview:large, max-video-preview:-1\" \/>\n<link rel=\"canonical\" href=\"https:\/\/blog.holyart.it\/it\/articoli-religiosi\/benedetto-xvi-la-storia-del-papa-emerito\/\" \/>\n<meta property=\"og:locale\" content=\"it_IT\" \/>\n<meta property=\"og:type\" content=\"article\" \/>\n<meta property=\"og:title\" content=\"Benedetto XVI: la storia del papa emerito - Holyblog\" \/>\n<meta property=\"og:description\" content=\"In memoria di Papa Benedetto XVI, il Papa teologo, primo pontefice dell&#039;epoca digitale e Papa emerito per sua scelta.\" \/>\n<meta property=\"og:url\" content=\"https:\/\/blog.holyart.it\/it\/articoli-religiosi\/benedetto-xvi-la-storia-del-papa-emerito\/\" \/>\n<meta property=\"og:site_name\" content=\"Holyblog\" \/>\n<meta property=\"article:published_time\" content=\"2023-01-05T10:16:17+00:00\" \/>\n<meta property=\"article:modified_time\" content=\"2023-12-27T11:40:38+00:00\" \/>\n<meta property=\"og:image\" content=\"https:\/\/blog.holyart.it\/it\/wp-content\/uploads\/sites\/17\/2023\/01\/papa-benedetto-xvi.jpg\" \/>\n\t<meta property=\"og:image:width\" content=\"1000\" \/>\n\t<meta property=\"og:image:height\" content=\"666\" \/>\n\t<meta property=\"og:image:type\" content=\"image\/jpeg\" \/>\n<meta name=\"author\" content=\"Redazione\" \/>\n<meta name=\"twitter:card\" content=\"summary_large_image\" \/>\n<meta name=\"twitter:label1\" content=\"Scritto da\" \/>\n\t<meta name=\"twitter:data1\" content=\"Redazione\" \/>\n\t<meta name=\"twitter:label2\" content=\"Tempo di lettura stimato\" \/>\n\t<meta name=\"twitter:data2\" content=\"9 minuti\" \/>\n<script type=\"application\/ld+json\" class=\"yoast-schema-graph\">{\"@context\":\"https:\/\/schema.org\",\"@graph\":[{\"@type\":\"Article\",\"@id\":\"https:\/\/blog.holyart.it\/it\/articoli-religiosi\/benedetto-xvi-la-storia-del-papa-emerito\/#article\",\"isPartOf\":{\"@id\":\"https:\/\/blog.holyart.it\/it\/articoli-religiosi\/benedetto-xvi-la-storia-del-papa-emerito\/\"},\"author\":{\"name\":\"Redazione\",\"@id\":\"https:\/\/blog.holyart.it\/it\/#\/schema\/person\/0a7b686e5af0f856ec1e390dd0baecda\"},\"headline\":\"Benedetto XVI: la storia del papa emerito\",\"datePublished\":\"2023-01-05T10:16:17+00:00\",\"dateModified\":\"2023-12-27T11:40:38+00:00\",\"mainEntityOfPage\":{\"@id\":\"https:\/\/blog.holyart.it\/it\/articoli-religiosi\/benedetto-xvi-la-storia-del-papa-emerito\/\"},\"wordCount\":1242,\"publisher\":{\"@id\":\"https:\/\/blog.holyart.it\/it\/#organization\"},\"image\":{\"@id\":\"https:\/\/blog.holyart.it\/it\/articoli-religiosi\/benedetto-xvi-la-storia-del-papa-emerito\/#primaryimage\"},\"thumbnailUrl\":\"https:\/\/blog.holyart.it\/it\/wp-content\/uploads\/sites\/17\/2023\/01\/papa-benedetto-xvi.jpg\",\"articleSection\":[\"Religione\"],\"inLanguage\":\"it-IT\"},{\"@type\":\"WebPage\",\"@id\":\"https:\/\/blog.holyart.it\/it\/articoli-religiosi\/benedetto-xvi-la-storia-del-papa-emerito\/\",\"url\":\"https:\/\/blog.holyart.it\/it\/articoli-religiosi\/benedetto-xvi-la-storia-del-papa-emerito\/\",\"name\":\"Benedetto XVI: la storia del papa emerito - Holyblog\",\"isPartOf\":{\"@id\":\"https:\/\/blog.holyart.it\/it\/#website\"},\"primaryImageOfPage\":{\"@id\":\"https:\/\/blog.holyart.it\/it\/articoli-religiosi\/benedetto-xvi-la-storia-del-papa-emerito\/#primaryimage\"},\"image\":{\"@id\":\"https:\/\/blog.holyart.it\/it\/articoli-religiosi\/benedetto-xvi-la-storia-del-papa-emerito\/#primaryimage\"},\"thumbnailUrl\":\"https:\/\/blog.holyart.it\/it\/wp-content\/uploads\/sites\/17\/2023\/01\/papa-benedetto-xvi.jpg\",\"datePublished\":\"2023-01-05T10:16:17+00:00\",\"dateModified\":\"2023-12-27T11:40:38+00:00\",\"description\":\"In memoria di Papa Benedetto XVI, il Papa teologo, primo pontefice dell'epoca digitale e Papa emerito per sua scelta.\",\"breadcrumb\":{\"@id\":\"https:\/\/blog.holyart.it\/it\/articoli-religiosi\/benedetto-xvi-la-storia-del-papa-emerito\/#breadcrumb\"},\"inLanguage\":\"it-IT\",\"potentialAction\":[{\"@type\":\"ReadAction\",\"target\":[\"https:\/\/blog.holyart.it\/it\/articoli-religiosi\/benedetto-xvi-la-storia-del-papa-emerito\/\"]}]},{\"@type\":\"ImageObject\",\"inLanguage\":\"it-IT\",\"@id\":\"https:\/\/blog.holyart.it\/it\/articoli-religiosi\/benedetto-xvi-la-storia-del-papa-emerito\/#primaryimage\",\"url\":\"https:\/\/blog.holyart.it\/it\/wp-content\/uploads\/sites\/17\/2023\/01\/papa-benedetto-xvi.jpg\",\"contentUrl\":\"https:\/\/blog.holyart.it\/it\/wp-content\/uploads\/sites\/17\/2023\/01\/papa-benedetto-xvi.jpg\",\"width\":1000,\"height\":666,\"caption\":\"papa benedetto xvi\"},{\"@type\":\"BreadcrumbList\",\"@id\":\"https:\/\/blog.holyart.it\/it\/articoli-religiosi\/benedetto-xvi-la-storia-del-papa-emerito\/#breadcrumb\",\"itemListElement\":[{\"@type\":\"ListItem\",\"position\":1,\"name\":\"Homepage\",\"item\":\"https:\/\/blog.holyart.it\/it\/\"},{\"@type\":\"ListItem\",\"position\":2,\"name\":\"Religione\",\"item\":\"https:\/\/blog.holyart.it\/it\/articoli-religiosi\/\"},{\"@type\":\"ListItem\",\"position\":3,\"name\":\"Benedetto XVI: la storia del papa emerito\"}]},{\"@type\":\"WebSite\",\"@id\":\"https:\/\/blog.holyart.it\/it\/#website\",\"url\":\"https:\/\/blog.holyart.it\/it\/\",\"name\":\"Holyblog\",\"description\":\"Il Blog di Holyart.it\",\"publisher\":{\"@id\":\"https:\/\/blog.holyart.it\/it\/#organization\"},\"potentialAction\":[{\"@type\":\"SearchAction\",\"target\":{\"@type\":\"EntryPoint\",\"urlTemplate\":\"https:\/\/blog.holyart.it\/it\/?s={search_term_string}\"},\"query-input\":{\"@type\":\"PropertyValueSpecification\",\"valueRequired\":true,\"valueName\":\"search_term_string\"}}],\"inLanguage\":\"it-IT\"},{\"@type\":\"Organization\",\"@id\":\"https:\/\/blog.holyart.it\/it\/#organization\",\"name\":\"Holyblog\",\"url\":\"https:\/\/blog.holyart.it\/it\/\",\"logo\":{\"@type\":\"ImageObject\",\"inLanguage\":\"it-IT\",\"@id\":\"https:\/\/blog.holyart.it\/it\/#\/schema\/logo\/image\/\",\"url\":\"https:\/\/blog.holyart.it\/it\/wp-content\/uploads\/sites\/17\/2022\/12\/Holyart_Blog_Logo.jpg\",\"contentUrl\":\"https:\/\/blog.holyart.it\/it\/wp-content\/uploads\/sites\/17\/2022\/12\/Holyart_Blog_Logo.jpg\",\"width\":300,\"height\":50,\"caption\":\"Holyblog\"},\"image\":{\"@id\":\"https:\/\/blog.holyart.it\/it\/#\/schema\/logo\/image\/\"}},{\"@type\":\"Person\",\"@id\":\"https:\/\/blog.holyart.it\/it\/#\/schema\/person\/0a7b686e5af0f856ec1e390dd0baecda\",\"name\":\"Redazione\"}]}<\/script>\n<!-- \/ Yoast SEO plugin. -->","yoast_head_json":{"title":"Benedetto XVI: la storia del papa emerito - Holyblog","description":"In memoria di Papa Benedetto XVI, il Papa teologo, primo pontefice dell'epoca digitale e Papa emerito per sua scelta.","robots":{"index":"index","follow":"follow","max-snippet":"max-snippet:-1","max-image-preview":"max-image-preview:large","max-video-preview":"max-video-preview:-1"},"canonical":"https:\/\/blog.holyart.it\/it\/articoli-religiosi\/benedetto-xvi-la-storia-del-papa-emerito\/","og_locale":"it_IT","og_type":"article","og_title":"Benedetto XVI: la storia del papa emerito - Holyblog","og_description":"In memoria di Papa Benedetto XVI, il Papa teologo, primo pontefice dell'epoca digitale e Papa emerito per sua scelta.","og_url":"https:\/\/blog.holyart.it\/it\/articoli-religiosi\/benedetto-xvi-la-storia-del-papa-emerito\/","og_site_name":"Holyblog","article_published_time":"2023-01-05T10:16:17+00:00","article_modified_time":"2023-12-27T11:40:38+00:00","og_image":[{"width":1000,"height":666,"url":"https:\/\/blog.holyart.it\/it\/wp-content\/uploads\/sites\/17\/2023\/01\/papa-benedetto-xvi.jpg","type":"image\/jpeg"}],"author":"Redazione","twitter_card":"summary_large_image","twitter_misc":{"Scritto da":"Redazione","Tempo di lettura stimato":"9 minuti"},"schema":{"@context":"https:\/\/schema.org","@graph":[{"@type":"Article","@id":"https:\/\/blog.holyart.it\/it\/articoli-religiosi\/benedetto-xvi-la-storia-del-papa-emerito\/#article","isPartOf":{"@id":"https:\/\/blog.holyart.it\/it\/articoli-religiosi\/benedetto-xvi-la-storia-del-papa-emerito\/"},"author":{"name":"Redazione","@id":"https:\/\/blog.holyart.it\/it\/#\/schema\/person\/0a7b686e5af0f856ec1e390dd0baecda"},"headline":"Benedetto XVI: la storia del papa emerito","datePublished":"2023-01-05T10:16:17+00:00","dateModified":"2023-12-27T11:40:38+00:00","mainEntityOfPage":{"@id":"https:\/\/blog.holyart.it\/it\/articoli-religiosi\/benedetto-xvi-la-storia-del-papa-emerito\/"},"wordCount":1242,"publisher":{"@id":"https:\/\/blog.holyart.it\/it\/#organization"},"image":{"@id":"https:\/\/blog.holyart.it\/it\/articoli-religiosi\/benedetto-xvi-la-storia-del-papa-emerito\/#primaryimage"},"thumbnailUrl":"https:\/\/blog.holyart.it\/it\/wp-content\/uploads\/sites\/17\/2023\/01\/papa-benedetto-xvi.jpg","articleSection":["Religione"],"inLanguage":"it-IT"},{"@type":"WebPage","@id":"https:\/\/blog.holyart.it\/it\/articoli-religiosi\/benedetto-xvi-la-storia-del-papa-emerito\/","url":"https:\/\/blog.holyart.it\/it\/articoli-religiosi\/benedetto-xvi-la-storia-del-papa-emerito\/","name":"Benedetto XVI: la storia del papa emerito - Holyblog","isPartOf":{"@id":"https:\/\/blog.holyart.it\/it\/#website"},"primaryImageOfPage":{"@id":"https:\/\/blog.holyart.it\/it\/articoli-religiosi\/benedetto-xvi-la-storia-del-papa-emerito\/#primaryimage"},"image":{"@id":"https:\/\/blog.holyart.it\/it\/articoli-religiosi\/benedetto-xvi-la-storia-del-papa-emerito\/#primaryimage"},"thumbnailUrl":"https:\/\/blog.holyart.it\/it\/wp-content\/uploads\/sites\/17\/2023\/01\/papa-benedetto-xvi.jpg","datePublished":"2023-01-05T10:16:17+00:00","dateModified":"2023-12-27T11:40:38+00:00","description":"In memoria di Papa Benedetto XVI, il Papa teologo, primo pontefice dell'epoca digitale e Papa emerito per sua scelta.","breadcrumb":{"@id":"https:\/\/blog.holyart.it\/it\/articoli-religiosi\/benedetto-xvi-la-storia-del-papa-emerito\/#breadcrumb"},"inLanguage":"it-IT","potentialAction":[{"@type":"ReadAction","target":["https:\/\/blog.holyart.it\/it\/articoli-religiosi\/benedetto-xvi-la-storia-del-papa-emerito\/"]}]},{"@type":"ImageObject","inLanguage":"it-IT","@id":"https:\/\/blog.holyart.it\/it\/articoli-religiosi\/benedetto-xvi-la-storia-del-papa-emerito\/#primaryimage","url":"https:\/\/blog.holyart.it\/it\/wp-content\/uploads\/sites\/17\/2023\/01\/papa-benedetto-xvi.jpg","contentUrl":"https:\/\/blog.holyart.it\/it\/wp-content\/uploads\/sites\/17\/2023\/01\/papa-benedetto-xvi.jpg","width":1000,"height":666,"caption":"papa benedetto xvi"},{"@type":"BreadcrumbList","@id":"https:\/\/blog.holyart.it\/it\/articoli-religiosi\/benedetto-xvi-la-storia-del-papa-emerito\/#breadcrumb","itemListElement":[{"@type":"ListItem","position":1,"name":"Homepage","item":"https:\/\/blog.holyart.it\/it\/"},{"@type":"ListItem","position":2,"name":"Religione","item":"https:\/\/blog.holyart.it\/it\/articoli-religiosi\/"},{"@type":"ListItem","position":3,"name":"Benedetto XVI: la storia del papa emerito"}]},{"@type":"WebSite","@id":"https:\/\/blog.holyart.it\/it\/#website","url":"https:\/\/blog.holyart.it\/it\/","name":"Holyblog","description":"Il Blog di Holyart.it","publisher":{"@id":"https:\/\/blog.holyart.it\/it\/#organization"},"potentialAction":[{"@type":"SearchAction","target":{"@type":"EntryPoint","urlTemplate":"https:\/\/blog.holyart.it\/it\/?s={search_term_string}"},"query-input":{"@type":"PropertyValueSpecification","valueRequired":true,"valueName":"search_term_string"}}],"inLanguage":"it-IT"},{"@type":"Organization","@id":"https:\/\/blog.holyart.it\/it\/#organization","name":"Holyblog","url":"https:\/\/blog.holyart.it\/it\/","logo":{"@type":"ImageObject","inLanguage":"it-IT","@id":"https:\/\/blog.holyart.it\/it\/#\/schema\/logo\/image\/","url":"https:\/\/blog.holyart.it\/it\/wp-content\/uploads\/sites\/17\/2022\/12\/Holyart_Blog_Logo.jpg","contentUrl":"https:\/\/blog.holyart.it\/it\/wp-content\/uploads\/sites\/17\/2022\/12\/Holyart_Blog_Logo.jpg","width":300,"height":50,"caption":"Holyblog"},"image":{"@id":"https:\/\/blog.holyart.it\/it\/#\/schema\/logo\/image\/"}},{"@type":"Person","@id":"https:\/\/blog.holyart.it\/it\/#\/schema\/person\/0a7b686e5af0f856ec1e390dd0baecda","name":"Redazione"}]}},"_links":{"self":[{"href":"https:\/\/blog.holyart.it\/it\/wp-json\/wp\/v2\/posts\/17053","targetHints":{"allow":["GET"]}}],"collection":[{"href":"https:\/\/blog.holyart.it\/it\/wp-json\/wp\/v2\/posts"}],"about":[{"href":"https:\/\/blog.holyart.it\/it\/wp-json\/wp\/v2\/types\/post"}],"author":[{"embeddable":true,"href":"https:\/\/blog.holyart.it\/it\/wp-json\/wp\/v2\/users\/1"}],"replies":[{"embeddable":true,"href":"https:\/\/blog.holyart.it\/it\/wp-json\/wp\/v2\/comments?post=17053"}],"version-history":[{"count":6,"href":"https:\/\/blog.holyart.it\/it\/wp-json\/wp\/v2\/posts\/17053\/revisions"}],"predecessor-version":[{"id":17067,"href":"https:\/\/blog.holyart.it\/it\/wp-json\/wp\/v2\/posts\/17053\/revisions\/17067"}],"wp:featuredmedia":[{"embeddable":true,"href":"https:\/\/blog.holyart.it\/it\/wp-json\/wp\/v2\/media\/17054"}],"wp:attachment":[{"href":"https:\/\/blog.holyart.it\/it\/wp-json\/wp\/v2\/media?parent=17053"}],"wp:term":[{"taxonomy":"category","embeddable":true,"href":"https:\/\/blog.holyart.it\/it\/wp-json\/wp\/v2\/categories?post=17053"},{"taxonomy":"post_tag","embeddable":true,"href":"https:\/\/blog.holyart.it\/it\/wp-json\/wp\/v2\/tags?post=17053"}],"curies":[{"name":"wp","href":"https:\/\/api.w.org\/{rel}","templated":true}]}}