{"id":17005,"date":"2022-12-28T11:04:52","date_gmt":"2022-12-28T10:04:52","guid":{"rendered":"https:\/\/blog.holyart.it\/it\/?p=17005"},"modified":"2024-10-16T15:17:55","modified_gmt":"2024-10-16T13:17:55","slug":"santi-moderni-le-canonizzazioni-di-papa-francesco","status":"publish","type":"post","link":"https:\/\/blog.holyart.it\/it\/santi-e-beati\/santi-moderni-le-canonizzazioni-di-papa-francesco\/","title":{"rendered":"Santi moderni: le canonizzazioni di Papa Francesco negli ultimi anni"},"content":{"rendered":"<h4>I santi beati sono protagonisti della storia della Chiesa cattolica. Ma anche al giorno d&#8217;oggi uomini e donne meritano di essere canonizzati. Ecco i santi moderni proclamati da Papa Francesco<\/h4>\n\n<p>La <strong>canonizzazione<\/strong> \u00e8 una pratica che la Chiesa cattolica porta avanti fin dalle sue origini e che condivide con le Chiese di rito orientale e la Chiesa ortodossa. Gli <strong><a href=\"https:\/\/www.holyart.it\/blog\/articoli-religiosi\/le-differenze-tra-la-chiesa-anglicana-e-quella-cattolica\/\">anglicani<\/a><\/strong> non la praticano, mentre i <strong><a href=\"https:\/\/www.holyart.it\/blog\/articoli-religiosi\/le-principali-differenze-tra-cattolici-e-protestanti\/\">protestanti<\/a><\/strong>, non riconoscendo il culto dei Santi, la rifiutano in toto. Di cosa si tratta? \u00c8 la <strong>proclamazione ufficiale della santit\u00e0 di un uomo o una donna<\/strong>, a cui non solo viene riconosciuto il ruolo di beato, ovvero un posto speciale in Paradiso, ma ne viene anche <strong>promossa la venerazione <\/strong>da parte dei fedeli. Per ottenerla occorre seguire <strong>una particolare procedura<\/strong> che pu\u00f2 durare molti anni. La <strong>prima canonizzazione<\/strong> documentata risale al 993 d.C., quando papa Giovanni XV proclam\u00f2 la santit\u00e0 di Sant&#8217;Ulrico, vescovo di Augusta. Ma da allora sono stati canonizzati migliaia di uomini e donne, 1.726 santi solo dal 1588. \u00c8 difficile stilare un censimento preciso di tutti i santi e beati, considerando anche i <a href=\"https:\/\/www.holyart.it\/blog\/santi-e-beati\/santi-martiri-sacrificare-la-propria-vita-in-nome-di-dio\/\"><strong>martiri<\/strong><\/a> e quei santi il culto dei quali \u00e8 stato abolito e ripristinato nel corso dei secoli. Alcuni Papi ne proclamarono a decine, altri nemmeno uno, e il processo canonico stesso si \u00e8 evoluto e trasformato nel corso dei secoli, fino ad arrivare a quello che conosciamo oggi.<\/p>\n<div class=\"link-article\">\n<p><img loading=\"lazy\" decoding=\"async\" class=\"size-full wp-image-17007 alignleft\" src=\"https:\/\/blog.holyart.it\/it\/wp-content\/uploads\/sites\/17\/2022\/12\/Santi-martiri.jpg\" alt=\"Santi martiri\" width=\"150\" height=\"99\" data-kale-share-title=\"Santi moderni: le canonizzazioni di Papa Francesco negli ultimi anni\" data-kale-share-url=\"https:\/\/blog.holyart.it\/it\/?p=17005\" \/><\/p>\n<div class=\"leggi-anche\">Leggi anche:<\/div>\n<p><strong><a href=\"https:\/\/www.holyart.it\/blog\/santi-e-beati\/santi-martiri-sacrificare-la-propria-vita-in-nome-di-dio\/\">Santi Martiri: sacrificare la propria vita in nome di Dio<\/a><\/strong><br \/>\nI Santi Martiri sono uomini e donne, spesso molto giovani, che hanno sacrificato la propria vita per amore di Dio&#8230;<\/p>\n<\/div>\n<p>Ma cosa occorre per essere proclamati santi moderni? Premesso che \u00e8 ancora il Papa a stabilire in ultima istanza chi debba essere proclamato santo e chi no, tutta la procedura passa per diverse fasi, sotto il rigido controllo della <strong>Congregazione per le cause dei santi<\/strong>, l&#8217;organismo della Chiesa che si occupa dei processi di beatificazione.<\/p>\n<p>Diamo un&#8217;occhiata ai Santi contemporanei, ovvero quelli canonizzati dal 2019 a oggi.<\/p>\n<h2>Canonizzazioni di Papa Francesco<\/h2>\n<p>Rispetto a molti suoi predecessori, <a href=\"https:\/\/www.holyart.it\/it\/occasioni-speciali\/papa-francesco\"><strong>Papa Francesco<\/strong><\/a> ha celebrato un numero di canonizzazioni davvero consistente, canonizzando 909 santi dal 2013 al 2022. 7 sono stati riconosciuti per equipollenza. Soffermiamoci un momento sulla differenza tra <strong>canonizzazione e beatificazione equipollente e beatificazioni e canonizzazioni formali.<\/strong>\u00a0In generale si parla di <strong>equipollenza <\/strong>nei casi di beatificazione e canonizzazione, quando tramite un decreto papale la Santa sede legittima e riconosce un culto spontaneo esistente da tempo, senza necessit\u00e0 di ulteriori indagini specifiche e senza attestare la presenza di uno o pi\u00f9 miracoli. La <strong>canonizzazione e beatificazione equipollente<\/strong> riguardano dunque gli <strong>\u201cantichi beati\u201d<\/strong>, che godono di un loro culto gi\u00e0 consolidato e praticato da anni. La <strong>beatificazione equipollente<\/strong> interviene quando la Sede Apostolica riconosce ufficialmente e solennemente il culto e la santit\u00e0 del beato, magari dopo che ne \u00e8 stato provato il martirio, e lo proclama santo a tutti gli effetti.<br \/>\nLa <strong>canonizzazione equipollente<\/strong>, invece, avviene con il riconoscimento di tre requisiti:<\/p>\n<ul>\n<li>antichit\u00e0 del culto;<\/li>\n<li>costante e comune attestazione di segni di fede, virt\u00f9, o prova del martirio;<\/li>\n<li>ininterrotta fama di prodigi attribuiti alla sua intercessione.<\/li>\n<\/ul>\n<p>Le <strong>beatificazioni e canonizzazioni formali<\/strong>, invece, prevedono un lungo e regolare processo di canonizzazione, con il riconoscimento di un <strong>miracolo<\/strong> (per la beatificazione), e di un secondo miracolo (per la canonizzazione).<\/p>\n<div class=\"link-product\">\n<div class=\"blocco-immagine\"><img loading=\"lazy\" decoding=\"async\" class=\"size-full wp-image-17009 alignleft\" src=\"https:\/\/blog.holyart.it\/it\/wp-content\/uploads\/sites\/17\/2022\/12\/calamita-resina-papa-francesco.jpg\" alt=\"calamita resina papa francesco\" width=\"100\" height=\"100\" data-kale-share-title=\"Santi moderni: le canonizzazioni di Papa Francesco negli ultimi anni\" data-kale-share-url=\"https:\/\/blog.holyart.it\/it\/?p=17005\" \/><\/div>\n<div class=\"blocco-contenuto\">\n<div class=\"blocco-acquista\">Acquista su Holyart:<\/div>\n<div class=\"blocco-titolo\"><a href=\"https:\/\/www.holyart.it\/it\/occasioni-speciali\/papa-francesco\">Papa Francesco<\/a><\/div>\n<div class=\"blocco-descrizione\">Categoria dedicata a Papa Jorge Mario Bergoglio.<\/div>\n<\/div>\n<\/div>\n<p>Vediamo le canonizzazioni proclamate da Papa Francesco negli ultimi quattro anni, considerando che gi\u00e0 negli anni precedenti il pontefice \u00e8 stato promotore di molte canonizzazioni illustri, tra le quali quella di <a href=\"https:\/\/www.holyart.it\/it\/occasioni-speciali\/giovanni-paolo-ii\"><strong>Giovanni Paolo II<\/strong><\/a>, beatificato nel 2011 dal suo successore papa Benedetto XVI, e proclamato santo da papa Francesco nel 2014.<\/p>\n<h2>Santi canonizzati nel 2019<\/h2>\n<p>Tra le canonizzazioni proclamate da Papa Francesco nel 2019 a Roma in Piazza San Pietro il 13 ottobre con la solenne messa di canonizzazione ci sono:<\/p>\n<ul>\n<li>il cardinale <strong>John Henry Newman<\/strong> (1801-1890), anglicano convertito al cattolicesimo che fu fondatore della congregazione dell&#8217;Oratorio di Birmingham. La Causa di beatificazione e canonizzazione del beato John Henry Newman era iniziata nel 1958 con le vecchie normative del <em>Codex Iuris Canonici. <\/em>Dopo il primo processo che stabil\u00ec la <strong>fama sanctitatis vitae<\/strong>, la fama di santit\u00e0 del Servo di Dio durante la sua vita e la <strong>virtutum atque miraculis<\/strong>, le virt\u00f9 in genere e i miracoli, dal 1984 al 1986 ebbe luogo il <strong>processo apostolico<\/strong>, finalizzato a dimostrare le <em>virt\u00f9 in specie<\/em>. Nel 2010 Papa Benedetto XVI ha proclamato Beato il Venerabile Newman il 19 settembre 2010. Papa Francesco ha successivamente autoriz\u00adzato la <em>Congregazione delle Cause dei Santi<\/em> a promulgare il decreto <em>super miraculo<\/em>, riconoscendo la guarigione miracolosa di una madre di famiglia di Chicago, che ne 2013 invoc\u00f2 il Cardinale mentre stava rischiando di morire per un&#8217;emorragia addominale che si ferm\u00f2 all&#8217;istante;<\/li>\n<li><strong>Madre Giuseppina Vannini <\/strong>(1859-1911). Fondatrice della Congregazione delle Figlie di S. Camillo per l\u2019assistenza ai malati. Riconosciuta come beata da Giovanni Paolo II nel 1992, col riconoscimento di un miracolo avvenuto a Buenos Aires (Argentina) nel 1958;<\/li>\n<li><strong>Mariam Thresia Chiramel Mankidyan<\/strong> (1876-1926). \u00c8 stata una religiosa dedita alla carit\u00e0, che segu\u00ec le orme di Cristo tra i pi\u00f9 poveri e i pi\u00f9 emarginati e fond\u00f2 la Congregazione delle Suore della Sacra Famiglia di Thrissur. La venerazione nacque intorno a lei mentre era ancora in vita, e venne proclamata Santa con Decreto <em>super Miraculo\u00a0<\/em>per il riconoscimento di guarigioni miracolose a lei attribuite;<\/li>\n<li><strong>Dulce Lopes Pontes<\/strong> (1914-1992), Suora professa della Congregazione delle Suore Missionarie dell\u2019Immacolata Concezione della Madre di Dio;<\/li>\n<li><strong>Santa Margherita Bays<\/strong> (1815-1879), Vergine,\u00a0laica, del Terz\u2019Ordine Secolare di S. Francesco,\u00a0che, esercitando in famiglia il mestiere di sarta, si adoper\u00f2 con tutta se stessa per i molteplici bisogni\u00a0del prossimo senza mai trascurare la preghiera.<\/li>\n<\/ul>\n<p>Con canonizzazione equipollente venne proclamato Santo <strong>Bartolomeo Fernandes dei Martiri<\/strong> (1514-1590), arcivescovo di Braga, uomo di grande integrit\u00e0 di vita, che si dedic\u00f2 con amore e carit\u00e0 al suo gregge e lascio molti scritti preziosi.<\/p>\n<h2>Beati canonizzati nel 2020<\/h2>\n<p>Nessuna canonizzazione nel 2020, ma alcune <strong>beatificazioni<\/strong> di uomini e donne destinati a diventare i nuovi santi e beati. Tra loro ricordiamo il giovanissimo <a href=\"https:\/\/www.holyart.it\/blog\/articoli-religiosi\/carlo-acutis-il-beato-dellera-digitale\/\"><strong>Carlo Acutis<\/strong><\/a>, il beato dell\u2019era digitale, morto a soli 15 anni per una leucemia fulminante, laico, ma molto legato alla devozione alla Vergine e all&#8217;Eucaristia. Suo il merito di aver realizzato progetti informatici sui temi della fede, oltre alla sua attivit\u00e0 di volontariato con i clochard e nelle mense dei poveri.<\/p>\n<div class=\"link-article\">\n<p><img loading=\"lazy\" decoding=\"async\" class=\"size-full wp-image-17010 alignleft\" src=\"https:\/\/blog.holyart.it\/it\/wp-content\/uploads\/sites\/17\/2022\/12\/carlo-acutis.jpg\" alt=\"carlo acutis\" width=\"150\" height=\"99\" data-kale-share-title=\"Santi moderni: le canonizzazioni di Papa Francesco negli ultimi anni\" data-kale-share-url=\"https:\/\/blog.holyart.it\/it\/?p=17005\" \/><\/p>\n<div class=\"leggi-anche\">Leggi anche:<\/div>\n<p><strong><a href=\"https:\/\/www.holyart.it\/blog\/articoli-religiosi\/carlo-acutis-il-beato-dellera-digitale\/\">Carlo Acutis: il beato dell\u2019era digitale<\/a><\/strong><br \/>\nCarlo Acutis, il santo millennial che ha dedicato la sua breve vita a Ges\u00f9 e all\u2019aiuto per i pi\u00f9 poveri&#8230;<\/p>\n<\/div>\n<p>Ricordiamo poi:<\/p>\n<ul>\n<li><strong>Beato Giovanni Tavelli da Tossignano <\/strong>(1386-1446), dell\u2019Ordine dei Gesuati, Vescovo di Ferrara;<\/li>\n<li><strong>Maria Luigia del Santissimo Sacramento<\/strong> (1826-1886). Fu fondatrice dell&#8217;istituto delle Suore Francescane Adoratrici della Santa Croce, per l&#8217;educazione e l&#8217;istruzione cristiana della giovent\u00f9, l&#8217;assistenza a malati, anziani e disabili;<\/li>\n<li><strong>Olinto Marella<\/strong> (1882-1969). \u00c8 stato un sacerdote diocesano, fondatore delle &#8220;Piccole operaie&#8221; dove ci si occupava del doposcuola e dell&#8217;avviamento al lavoro; \u201cPadre Marella\u201d, come era comunemente chiamato, seppe leggere, con intenso sguardo di fede, le esigenze del suo tempo, nel quale si avvertivano i rapidi cambiamenti della modernit\u00e0;<\/li>\n<li><strong>Michael McGivney<\/strong> (1852-1890), Sacerdote diocesano, Fondatore dell\u2019Ordine dei Cavalieri di Colombo, v.d. The Knights of Columbus, organizzazione presente in tutto il mondo con oltre un milione e mezzo di membri, impegnati nell\u2019evangelizzazione, nella carit\u00e0, nella promozione dell&#8217;integrazione razziale e nella difesa della libert\u00e0 religiosa;<\/li>\n<li><strong>Giovanni Roig y Diggle<\/strong> (1917-1936), Laico, martire, ucciso in <em>odium fidei<\/em> appena diciannovenne durante la Guerra Civile Spagnola.<\/li>\n<\/ul>\n<h2>Santi canonizzati nel 2021<\/h2>\n<p>Nel 2021 Papa Francesco proclam\u00f2 Santa con Canonizzazione Equipollente <strong>Margherita di Citt\u00e0 di Castello<\/strong> (1287 &#8211; 1320), mistica medievale dedita all\u2019assidua preghiera e a penitenze durissime: digiuno, veglie, cilicio, flagellazione.<\/p>\n<h2>Santi canonizzati nel 2022<\/h2>\n<p>Il 15 maggio 2022 in Piazza San Pietro Papa Francesco proclam\u00f2 santi:<\/p>\n<ul>\n<li><strong>Lazzaro Devasahayam Pillai<\/strong> (1712-1752). Laico indiano, padre di famiglia e martire beatificato da Papa Benedetto XVI. Ucciso durante la persecuzione contro i cristiani nel regno di Travancore, per aver abiurato l&#8217;induismo. Fu il primo laico indiano a diventare santo;<\/li>\n<li><strong>C\u00e9sar de Bus<\/strong> (1544-1607). \u00a0Sacerdote che, convertitosi dalla vita mondana, si dedic\u00f2 alla predicazione e alla catechesi e fond\u00f2 la Congregazione dei Padri della Dottrina Cristiana, a cui diede la finalit\u00e0 di rendere gloria a Dio attraverso la formazione dei fedeli;<\/li>\n<li><strong>Luigi Maria Palazzolo <\/strong>(1827 &#8211; 1886). Sacerdote di Bergamo che fond\u00f2 le Congregazioni delle Suore Poverelle e dei Fratelli della Santa Famiglia;<\/li>\n<li><strong>Giustino Maria Russolillo<\/strong> (1891-1955). Don Giustino Russolillo \u00e8 stato un sacerdote italiano, parroco del quartiere Pianura, a Napoli. Ha fondato la Societ\u00e0 delle Divine Vocazioni, per la cultura, ricerca e formazione delle vocazioni al sacerdozio e alla vita consacrata, tanto da essere considerato l&#8217;Apostolo delle Vocazioni. Si dedic\u00f2 per tutta la vita a suscitare nei giovani alla chiamata di Dio. Gli sono state attribuite alcune guarigioni miracolose considerate valide ai fini della beatificazione;<\/li>\n<li><strong>Maria Francesca di Ges\u00f9 <\/strong>(Anna Maria Rubatto) (1844-1904). Fondatrice della Suore Terziarie Cappuccine di Loano, visse tra l&#8217;Italia e l&#8217;America Latina, come missionaria tra gli indios. \u00c8 stata la prima santa dell\u2019Uruguay. Le \u00e8 stata attribuita la guarigione miracolosa di un bambino nel 1939;<\/li>\n<li><strong>Maria Domenica Mantovani<\/strong> (1862-1934). Ha fondato l\u2019Istituto delle Piccole Suore della Sacra Famiglia e ne \u00e8 stata la prima superiora. Ha dedicato la sua vita ai poveri, gli orfani e i malati;<\/li>\n<li><strong>Titus Brandsma <\/strong>(1881-1942). Di origine olandese, fu un presbitero dell\u2019Ordine dei Fratelli della Beata Maria Vergine del Monte Carmelo. Mor\u00ec martire nel campo di concentramento di campo di Dachau, dopo aver speso la sua vita in difesa della chiesa e della piet\u00e0 umana contro gli orrori del nazismo;<\/li>\n<li><strong>Marie Rivier<\/strong> (1768 &#8211; 1838) Religiosa vissuta durante la Rivoluzione francese, fond\u00f2 la Congregazione delle Suore della Presentazione di Maria per istruire il popolo cristiano nella fede. A lei sono state attribuite guarigioni miracolose;<\/li>\n<li><strong>Maria di Ges\u00f9 Santocanale<\/strong> (1852-1923). Fondatrice della Congregazione delle Suore Cappuccine dell\u2019Immacolata di Lourdes, abbandon\u00f2 gli ag\u00ec e le comodit\u00e0 per dedicare la vita ai poveri e ai pi\u00f9 deboli.<\/li>\n<\/ul>\n<p>Il <strong>9 ottobre 2022<\/strong> Papa Francesco presieder\u00e0 sul Sagrato della <a href=\"https:\/\/www.holyart.it\/blog\/articoli-religiosi\/san-pietro-in-vaticano-chiesa-simbolo-di-tutto-il-mondo-cristiano\/\"><strong>Basilica di San Pietro<\/strong><\/a>, la celebrazione eucaristica e il rito della canonizzazione dei beati <strong>Artemide Zatti <\/strong>e\u00a0<strong>Giovanni Battista Scalabrini<\/strong>. Il primo (1880 &#8211; 1951) apparteneva alla Societ\u00e0 di San Francesco di Sales, e ha dedicato la sua vita ai poveri, vivendo in Patagonia e sacrificando la sua vita per la cura dei bisognosi nell&#8217;ospedale di Viedma.<\/p>\n<div class=\"link-article\">\n<p><img loading=\"lazy\" decoding=\"async\" class=\"size-full wp-image-17011 alignleft\" src=\"https:\/\/blog.holyart.it\/it\/wp-content\/uploads\/sites\/17\/2022\/12\/san-pietro-basilica.jpeg\" alt=\"basilica di san pietro\" width=\"150\" height=\"100\" data-kale-share-title=\"Santi moderni: le canonizzazioni di Papa Francesco negli ultimi anni\" data-kale-share-url=\"https:\/\/blog.holyart.it\/it\/?p=17005\" \/><\/p>\n<div class=\"leggi-anche\">Leggi anche:<\/div>\n<p><strong><a href=\"https:\/\/www.holyart.it\/blog\/articoli-religiosi\/san-pietro-in-vaticano-chiesa-simbolo-di-tutto-il-mondo-cristiano\/\">San Pietro in Vaticano: Chiesa simbolo di tutto il mondo cristiano<\/a><\/strong><br \/>\nSan Pietro in Vaticano \u00e8 una basilica piena di significati, misteri e opere&#8230;<\/p>\n<\/div>\n<p>Giovanni Battista Scalabrini (1839 &#8211; 1905) \u00e8 stato Vescovo di Piacenza, Fondatore della Congregazione dei Missionari di San Carlo e della Congregazione delle Suore Missionarie di San Carlo Borromeo. Grande il suo contributo in aiuto dei contadini, degli operai e degli emigranti in America.<\/p>\n","protected":false},"excerpt":{"rendered":"<p>I santi beati sono protagonisti della storia della Chiesa cattolica. Ma anche al giorno d&#8217;oggi uomini e donne meritano di essere canonizzati. Ecco i santi moderni proclamati da Papa Francesco La canonizzazione \u00e8 una pratica che la Chiesa cattolica porta avanti fin dalle sue origini&hellip;<\/p>\n","protected":false},"author":1,"featured_media":17014,"comment_status":"closed","ping_status":"open","sticky":false,"template":"","format":"standard","meta":{"_acf_changed":false,"footnotes":""},"categories":[15],"tags":[],"class_list":["post-17005","post","type-post","status-publish","format-standard","has-post-thumbnail","hentry","category-santi-e-beati"],"acf":[],"yoast_head":"<!-- This site is optimized with the Yoast SEO plugin v26.6 - https:\/\/yoast.com\/wordpress\/plugins\/seo\/ -->\n<title>Santi moderni: le canonizzazioni di Papa Francesco negli ultimi anni<\/title>\n<meta name=\"description\" content=\"I Santi moderni ci ricordano che la santit\u00e0 non \u00e8 prerogativa di uomini vissuti centinaia di anni fa. Esempi da seguire e imitare nella strada della fede\" \/>\n<meta name=\"robots\" content=\"index, follow, max-snippet:-1, max-image-preview:large, max-video-preview:-1\" \/>\n<link rel=\"canonical\" href=\"https:\/\/blog.holyart.it\/it\/santi-e-beati\/santi-moderni-le-canonizzazioni-di-papa-francesco\/\" \/>\n<meta property=\"og:locale\" content=\"it_IT\" \/>\n<meta property=\"og:type\" content=\"article\" \/>\n<meta property=\"og:title\" content=\"Santi moderni: le canonizzazioni di Papa Francesco negli ultimi anni\" \/>\n<meta property=\"og:description\" content=\"I Santi moderni ci ricordano che la santit\u00e0 non \u00e8 prerogativa di uomini vissuti centinaia di anni fa. Esempi da seguire e imitare nella strada della fede\" \/>\n<meta property=\"og:url\" content=\"https:\/\/blog.holyart.it\/it\/santi-e-beati\/santi-moderni-le-canonizzazioni-di-papa-francesco\/\" \/>\n<meta property=\"og:site_name\" content=\"Holyblog\" \/>\n<meta property=\"article:published_time\" content=\"2022-12-28T10:04:52+00:00\" \/>\n<meta property=\"article:modified_time\" content=\"2024-10-16T13:17:55+00:00\" \/>\n<meta property=\"og:image\" content=\"https:\/\/blog.holyart.it\/it\/wp-content\/uploads\/sites\/17\/2022\/12\/santi-moderni.jpg\" \/>\n\t<meta property=\"og:image:width\" content=\"1000\" \/>\n\t<meta property=\"og:image:height\" content=\"666\" \/>\n\t<meta property=\"og:image:type\" content=\"image\/jpeg\" \/>\n<meta name=\"author\" content=\"Redazione\" \/>\n<meta name=\"twitter:card\" content=\"summary_large_image\" \/>\n<meta name=\"twitter:label1\" content=\"Scritto da\" \/>\n\t<meta name=\"twitter:data1\" content=\"Redazione\" \/>\n\t<meta name=\"twitter:label2\" content=\"Tempo di lettura stimato\" \/>\n\t<meta name=\"twitter:data2\" content=\"11 minuti\" \/>\n<script type=\"application\/ld+json\" class=\"yoast-schema-graph\">{\"@context\":\"https:\/\/schema.org\",\"@graph\":[{\"@type\":\"Article\",\"@id\":\"https:\/\/blog.holyart.it\/it\/santi-e-beati\/santi-moderni-le-canonizzazioni-di-papa-francesco\/#article\",\"isPartOf\":{\"@id\":\"https:\/\/blog.holyart.it\/it\/santi-e-beati\/santi-moderni-le-canonizzazioni-di-papa-francesco\/\"},\"author\":{\"name\":\"Redazione\",\"@id\":\"https:\/\/blog.holyart.it\/it\/#\/schema\/person\/0a7b686e5af0f856ec1e390dd0baecda\"},\"headline\":\"Santi moderni: le canonizzazioni di Papa Francesco negli ultimi anni\",\"datePublished\":\"2022-12-28T10:04:52+00:00\",\"dateModified\":\"2024-10-16T13:17:55+00:00\",\"mainEntityOfPage\":{\"@id\":\"https:\/\/blog.holyart.it\/it\/santi-e-beati\/santi-moderni-le-canonizzazioni-di-papa-francesco\/\"},\"wordCount\":1762,\"publisher\":{\"@id\":\"https:\/\/blog.holyart.it\/it\/#organization\"},\"image\":{\"@id\":\"https:\/\/blog.holyart.it\/it\/santi-e-beati\/santi-moderni-le-canonizzazioni-di-papa-francesco\/#primaryimage\"},\"thumbnailUrl\":\"https:\/\/blog.holyart.it\/it\/wp-content\/uploads\/sites\/17\/2022\/12\/santi-moderni.jpg\",\"articleSection\":[\"Santi e beati\"],\"inLanguage\":\"it-IT\"},{\"@type\":\"WebPage\",\"@id\":\"https:\/\/blog.holyart.it\/it\/santi-e-beati\/santi-moderni-le-canonizzazioni-di-papa-francesco\/\",\"url\":\"https:\/\/blog.holyart.it\/it\/santi-e-beati\/santi-moderni-le-canonizzazioni-di-papa-francesco\/\",\"name\":\"Santi moderni: le canonizzazioni di Papa Francesco negli ultimi anni\",\"isPartOf\":{\"@id\":\"https:\/\/blog.holyart.it\/it\/#website\"},\"primaryImageOfPage\":{\"@id\":\"https:\/\/blog.holyart.it\/it\/santi-e-beati\/santi-moderni-le-canonizzazioni-di-papa-francesco\/#primaryimage\"},\"image\":{\"@id\":\"https:\/\/blog.holyart.it\/it\/santi-e-beati\/santi-moderni-le-canonizzazioni-di-papa-francesco\/#primaryimage\"},\"thumbnailUrl\":\"https:\/\/blog.holyart.it\/it\/wp-content\/uploads\/sites\/17\/2022\/12\/santi-moderni.jpg\",\"datePublished\":\"2022-12-28T10:04:52+00:00\",\"dateModified\":\"2024-10-16T13:17:55+00:00\",\"description\":\"I Santi moderni ci ricordano che la santit\u00e0 non \u00e8 prerogativa di uomini vissuti centinaia di anni fa. Esempi da seguire e imitare nella strada della fede\",\"breadcrumb\":{\"@id\":\"https:\/\/blog.holyart.it\/it\/santi-e-beati\/santi-moderni-le-canonizzazioni-di-papa-francesco\/#breadcrumb\"},\"inLanguage\":\"it-IT\",\"potentialAction\":[{\"@type\":\"ReadAction\",\"target\":[\"https:\/\/blog.holyart.it\/it\/santi-e-beati\/santi-moderni-le-canonizzazioni-di-papa-francesco\/\"]}]},{\"@type\":\"ImageObject\",\"inLanguage\":\"it-IT\",\"@id\":\"https:\/\/blog.holyart.it\/it\/santi-e-beati\/santi-moderni-le-canonizzazioni-di-papa-francesco\/#primaryimage\",\"url\":\"https:\/\/blog.holyart.it\/it\/wp-content\/uploads\/sites\/17\/2022\/12\/santi-moderni.jpg\",\"contentUrl\":\"https:\/\/blog.holyart.it\/it\/wp-content\/uploads\/sites\/17\/2022\/12\/santi-moderni.jpg\",\"width\":1000,\"height\":666,\"caption\":\"santi moderni\"},{\"@type\":\"BreadcrumbList\",\"@id\":\"https:\/\/blog.holyart.it\/it\/santi-e-beati\/santi-moderni-le-canonizzazioni-di-papa-francesco\/#breadcrumb\",\"itemListElement\":[{\"@type\":\"ListItem\",\"position\":1,\"name\":\"Homepage\",\"item\":\"https:\/\/blog.holyart.it\/it\/\"},{\"@type\":\"ListItem\",\"position\":2,\"name\":\"Santi e beati\",\"item\":\"https:\/\/blog.holyart.it\/it\/santi-e-beati\/\"},{\"@type\":\"ListItem\",\"position\":3,\"name\":\"Santi moderni: le canonizzazioni di Papa Francesco negli ultimi anni\"}]},{\"@type\":\"WebSite\",\"@id\":\"https:\/\/blog.holyart.it\/it\/#website\",\"url\":\"https:\/\/blog.holyart.it\/it\/\",\"name\":\"Holyblog\",\"description\":\"Il Blog di Holyart.it\",\"publisher\":{\"@id\":\"https:\/\/blog.holyart.it\/it\/#organization\"},\"potentialAction\":[{\"@type\":\"SearchAction\",\"target\":{\"@type\":\"EntryPoint\",\"urlTemplate\":\"https:\/\/blog.holyart.it\/it\/?s={search_term_string}\"},\"query-input\":{\"@type\":\"PropertyValueSpecification\",\"valueRequired\":true,\"valueName\":\"search_term_string\"}}],\"inLanguage\":\"it-IT\"},{\"@type\":\"Organization\",\"@id\":\"https:\/\/blog.holyart.it\/it\/#organization\",\"name\":\"Holyblog\",\"url\":\"https:\/\/blog.holyart.it\/it\/\",\"logo\":{\"@type\":\"ImageObject\",\"inLanguage\":\"it-IT\",\"@id\":\"https:\/\/blog.holyart.it\/it\/#\/schema\/logo\/image\/\",\"url\":\"https:\/\/blog.holyart.it\/it\/wp-content\/uploads\/sites\/17\/2022\/12\/Holyart_Blog_Logo.jpg\",\"contentUrl\":\"https:\/\/blog.holyart.it\/it\/wp-content\/uploads\/sites\/17\/2022\/12\/Holyart_Blog_Logo.jpg\",\"width\":300,\"height\":50,\"caption\":\"Holyblog\"},\"image\":{\"@id\":\"https:\/\/blog.holyart.it\/it\/#\/schema\/logo\/image\/\"}},{\"@type\":\"Person\",\"@id\":\"https:\/\/blog.holyart.it\/it\/#\/schema\/person\/0a7b686e5af0f856ec1e390dd0baecda\",\"name\":\"Redazione\"}]}<\/script>\n<!-- \/ Yoast SEO plugin. -->","yoast_head_json":{"title":"Santi moderni: le canonizzazioni di Papa Francesco negli ultimi anni","description":"I Santi moderni ci ricordano che la santit\u00e0 non \u00e8 prerogativa di uomini vissuti centinaia di anni fa. Esempi da seguire e imitare nella strada della fede","robots":{"index":"index","follow":"follow","max-snippet":"max-snippet:-1","max-image-preview":"max-image-preview:large","max-video-preview":"max-video-preview:-1"},"canonical":"https:\/\/blog.holyart.it\/it\/santi-e-beati\/santi-moderni-le-canonizzazioni-di-papa-francesco\/","og_locale":"it_IT","og_type":"article","og_title":"Santi moderni: le canonizzazioni di Papa Francesco negli ultimi anni","og_description":"I Santi moderni ci ricordano che la santit\u00e0 non \u00e8 prerogativa di uomini vissuti centinaia di anni fa. Esempi da seguire e imitare nella strada della fede","og_url":"https:\/\/blog.holyart.it\/it\/santi-e-beati\/santi-moderni-le-canonizzazioni-di-papa-francesco\/","og_site_name":"Holyblog","article_published_time":"2022-12-28T10:04:52+00:00","article_modified_time":"2024-10-16T13:17:55+00:00","og_image":[{"width":1000,"height":666,"url":"https:\/\/blog.holyart.it\/it\/wp-content\/uploads\/sites\/17\/2022\/12\/santi-moderni.jpg","type":"image\/jpeg"}],"author":"Redazione","twitter_card":"summary_large_image","twitter_misc":{"Scritto da":"Redazione","Tempo di lettura stimato":"11 minuti"},"schema":{"@context":"https:\/\/schema.org","@graph":[{"@type":"Article","@id":"https:\/\/blog.holyart.it\/it\/santi-e-beati\/santi-moderni-le-canonizzazioni-di-papa-francesco\/#article","isPartOf":{"@id":"https:\/\/blog.holyart.it\/it\/santi-e-beati\/santi-moderni-le-canonizzazioni-di-papa-francesco\/"},"author":{"name":"Redazione","@id":"https:\/\/blog.holyart.it\/it\/#\/schema\/person\/0a7b686e5af0f856ec1e390dd0baecda"},"headline":"Santi moderni: le canonizzazioni di Papa Francesco negli ultimi anni","datePublished":"2022-12-28T10:04:52+00:00","dateModified":"2024-10-16T13:17:55+00:00","mainEntityOfPage":{"@id":"https:\/\/blog.holyart.it\/it\/santi-e-beati\/santi-moderni-le-canonizzazioni-di-papa-francesco\/"},"wordCount":1762,"publisher":{"@id":"https:\/\/blog.holyart.it\/it\/#organization"},"image":{"@id":"https:\/\/blog.holyart.it\/it\/santi-e-beati\/santi-moderni-le-canonizzazioni-di-papa-francesco\/#primaryimage"},"thumbnailUrl":"https:\/\/blog.holyart.it\/it\/wp-content\/uploads\/sites\/17\/2022\/12\/santi-moderni.jpg","articleSection":["Santi e beati"],"inLanguage":"it-IT"},{"@type":"WebPage","@id":"https:\/\/blog.holyart.it\/it\/santi-e-beati\/santi-moderni-le-canonizzazioni-di-papa-francesco\/","url":"https:\/\/blog.holyart.it\/it\/santi-e-beati\/santi-moderni-le-canonizzazioni-di-papa-francesco\/","name":"Santi moderni: le canonizzazioni di Papa Francesco negli ultimi anni","isPartOf":{"@id":"https:\/\/blog.holyart.it\/it\/#website"},"primaryImageOfPage":{"@id":"https:\/\/blog.holyart.it\/it\/santi-e-beati\/santi-moderni-le-canonizzazioni-di-papa-francesco\/#primaryimage"},"image":{"@id":"https:\/\/blog.holyart.it\/it\/santi-e-beati\/santi-moderni-le-canonizzazioni-di-papa-francesco\/#primaryimage"},"thumbnailUrl":"https:\/\/blog.holyart.it\/it\/wp-content\/uploads\/sites\/17\/2022\/12\/santi-moderni.jpg","datePublished":"2022-12-28T10:04:52+00:00","dateModified":"2024-10-16T13:17:55+00:00","description":"I Santi moderni ci ricordano che la santit\u00e0 non \u00e8 prerogativa di uomini vissuti centinaia di anni fa. Esempi da seguire e imitare nella strada della fede","breadcrumb":{"@id":"https:\/\/blog.holyart.it\/it\/santi-e-beati\/santi-moderni-le-canonizzazioni-di-papa-francesco\/#breadcrumb"},"inLanguage":"it-IT","potentialAction":[{"@type":"ReadAction","target":["https:\/\/blog.holyart.it\/it\/santi-e-beati\/santi-moderni-le-canonizzazioni-di-papa-francesco\/"]}]},{"@type":"ImageObject","inLanguage":"it-IT","@id":"https:\/\/blog.holyart.it\/it\/santi-e-beati\/santi-moderni-le-canonizzazioni-di-papa-francesco\/#primaryimage","url":"https:\/\/blog.holyart.it\/it\/wp-content\/uploads\/sites\/17\/2022\/12\/santi-moderni.jpg","contentUrl":"https:\/\/blog.holyart.it\/it\/wp-content\/uploads\/sites\/17\/2022\/12\/santi-moderni.jpg","width":1000,"height":666,"caption":"santi moderni"},{"@type":"BreadcrumbList","@id":"https:\/\/blog.holyart.it\/it\/santi-e-beati\/santi-moderni-le-canonizzazioni-di-papa-francesco\/#breadcrumb","itemListElement":[{"@type":"ListItem","position":1,"name":"Homepage","item":"https:\/\/blog.holyart.it\/it\/"},{"@type":"ListItem","position":2,"name":"Santi e beati","item":"https:\/\/blog.holyart.it\/it\/santi-e-beati\/"},{"@type":"ListItem","position":3,"name":"Santi moderni: le canonizzazioni di Papa Francesco negli ultimi anni"}]},{"@type":"WebSite","@id":"https:\/\/blog.holyart.it\/it\/#website","url":"https:\/\/blog.holyart.it\/it\/","name":"Holyblog","description":"Il Blog di Holyart.it","publisher":{"@id":"https:\/\/blog.holyart.it\/it\/#organization"},"potentialAction":[{"@type":"SearchAction","target":{"@type":"EntryPoint","urlTemplate":"https:\/\/blog.holyart.it\/it\/?s={search_term_string}"},"query-input":{"@type":"PropertyValueSpecification","valueRequired":true,"valueName":"search_term_string"}}],"inLanguage":"it-IT"},{"@type":"Organization","@id":"https:\/\/blog.holyart.it\/it\/#organization","name":"Holyblog","url":"https:\/\/blog.holyart.it\/it\/","logo":{"@type":"ImageObject","inLanguage":"it-IT","@id":"https:\/\/blog.holyart.it\/it\/#\/schema\/logo\/image\/","url":"https:\/\/blog.holyart.it\/it\/wp-content\/uploads\/sites\/17\/2022\/12\/Holyart_Blog_Logo.jpg","contentUrl":"https:\/\/blog.holyart.it\/it\/wp-content\/uploads\/sites\/17\/2022\/12\/Holyart_Blog_Logo.jpg","width":300,"height":50,"caption":"Holyblog"},"image":{"@id":"https:\/\/blog.holyart.it\/it\/#\/schema\/logo\/image\/"}},{"@type":"Person","@id":"https:\/\/blog.holyart.it\/it\/#\/schema\/person\/0a7b686e5af0f856ec1e390dd0baecda","name":"Redazione"}]}},"_links":{"self":[{"href":"https:\/\/blog.holyart.it\/it\/wp-json\/wp\/v2\/posts\/17005","targetHints":{"allow":["GET"]}}],"collection":[{"href":"https:\/\/blog.holyart.it\/it\/wp-json\/wp\/v2\/posts"}],"about":[{"href":"https:\/\/blog.holyart.it\/it\/wp-json\/wp\/v2\/types\/post"}],"author":[{"embeddable":true,"href":"https:\/\/blog.holyart.it\/it\/wp-json\/wp\/v2\/users\/1"}],"replies":[{"embeddable":true,"href":"https:\/\/blog.holyart.it\/it\/wp-json\/wp\/v2\/comments?post=17005"}],"version-history":[{"count":1,"href":"https:\/\/blog.holyart.it\/it\/wp-json\/wp\/v2\/posts\/17005\/revisions"}],"predecessor-version":[{"id":19124,"href":"https:\/\/blog.holyart.it\/it\/wp-json\/wp\/v2\/posts\/17005\/revisions\/19124"}],"wp:featuredmedia":[{"embeddable":true,"href":"https:\/\/blog.holyart.it\/it\/wp-json\/wp\/v2\/media\/17014"}],"wp:attachment":[{"href":"https:\/\/blog.holyart.it\/it\/wp-json\/wp\/v2\/media?parent=17005"}],"wp:term":[{"taxonomy":"category","embeddable":true,"href":"https:\/\/blog.holyart.it\/it\/wp-json\/wp\/v2\/categories?post=17005"},{"taxonomy":"post_tag","embeddable":true,"href":"https:\/\/blog.holyart.it\/it\/wp-json\/wp\/v2\/tags?post=17005"}],"curies":[{"name":"wp","href":"https:\/\/api.w.org\/{rel}","templated":true}]}}