{"id":16710,"date":"2022-11-14T12:30:14","date_gmt":"2022-11-14T11:30:14","guid":{"rendered":"https:\/\/blog.holyart.it\/it\/?p=16710"},"modified":"2022-11-14T10:37:14","modified_gmt":"2022-11-14T09:37:14","slug":"tendenze-natale-2022-albero","status":"publish","type":"post","link":"https:\/\/blog.holyart.it\/it\/natale\/tendenze-natale-2022-albero\/","title":{"rendered":"Tendenze Natale 2022: qual \u00e8 il colore perfetto per il proprio albero"},"content":{"rendered":"<h4>Albero di Natale classico o trendy? Verde o bianco? L&#8217;importante \u00e8 seguire il vostro gusto, e magari i consigli degli esperti, per una casa natalizia che parli di voi<\/h4>\n\n<p><a href=\"https:\/\/www.holyart.it\/it\/natale\/decori-natalizi-per-la-casa\"><strong>Decorare la casa a Natale<\/strong><\/a> non \u00e8 solo una questione di tradizione e nostalgia, cos\u00ec come l&#8217;allestimento per le Feste non pu\u00f2 ridursi al semplice <a href=\"https:\/\/www.holyart.it\/it\/natale\/alberi-di-natale\"><strong>Albero di Natale<\/strong><\/a>. Ormai da molti anni ci siamo resi conto di come <strong>le decorazioni e l&#8217;arredamento d\u2019interni<\/strong> non possano prescindere da questa festivit\u00e0, che anche se solo per pochi giorni trasforma in modo cos\u00ec radicale e significativo le nostre case. Esiste una vera e propria <strong>ricerca dei trend<\/strong> pi\u00f9 quotati, delle tendenze che vanno per la maggiore, in merito a materiali, colori e di tutto quello che rende la nostra casa una casa natalizia. E questa ricerca comincia subito dopo le vacanze estive! Si parte dagli Alberi di Natale originali, per arrivare alle <a href=\"https:\/\/www.holyart.it\/it\/natale\/luci-di-natale\"><strong>luminarie<\/strong><\/a>, ma anche all&#8217;<a href=\"https:\/\/www.holyart.it\/blog\/natale\/apparecchiare-la-tavola-a-natale-tante-idee-anche-fai-da-te\/\"><strong>allestimento per la tavola delle Feste<\/strong><\/a>, e tutte quelle decorazioni, addobbi e idee per Natale che rendono l&#8217;ambiente in cui viviamo un luogo di fiaba e magia.<\/p>\n<div class=\"link-product\">\n<div class=\"blocco-immagine\"><img loading=\"lazy\" decoding=\"async\" class=\"size-full wp-image-16712 alignleft\" src=\"https:\/\/blog.holyart.it\/it\/wp-content\/uploads\/sites\/17\/2022\/11\/albero-di-natale-180-cm-poly-verde-princetown-1.jpg\" alt=\"albero di natale 180 cm poly verde princetown\" width=\"100\" height=\"100\" data-kale-share-title=\"Tendenze Natale 2022: qual \u00e8 il colore perfetto per il proprio albero\" data-kale-share-url=\"https:\/\/blog.holyart.it\/it\/?p=16710\" \/><\/div>\n<div class=\"blocco-contenuto\">\n<div class=\"blocco-acquista\">Acquista su Holyart:<\/div>\n<div class=\"blocco-titolo\"><a href=\"https:\/\/www.holyart.it\/it\/natale\/alberi-di-natale\">Alberi di Natale<\/a><\/div>\n<div class=\"blocco-descrizione\">Alberi di Natale artificiali delle migliori marche.<\/div>\n<\/div>\n<\/div>\n<p>Vediamo dunque quali saranno le<strong> tendenze Natale 2022.<\/strong><\/p>\n<h2>Albero di Natale trendy<\/h2>\n<p>I <strong>colori di tendenza<\/strong> per il Natale 2022 saranno gli intramontabili<strong> rosso, verde e oro<\/strong>. Ma la casa natalizia potr\u00e0 anche trasformarsi in una grotta fatta di neve e ghiaccio col trionfo del bianco, magari con un Albero di Natale innevato, <strong><em>total white<\/em><\/strong>, arricchito da <strong>argento e oro<\/strong> metallizzati.<\/p>\n<p>Come vedremo pi\u00f9 avanti il Pantone dell&#8217;anno \u00e8 il <em>Very Peri<\/em>, un blu tenue che vira al viola, romantico, vivace, allegro, per un Natale all&#8217;insegna della rinascita e della creativit\u00e0.<\/p>\n<p>Se invece prediligete uno stile elegante, <strong>il grigio, il sabbia o il color cioccolato<\/strong> renderanno il vostro arredamento natalizio unico e raffinato.<\/p>\n<p>Per quanto riguarda le <strong>decorazioni<\/strong>, le pi\u00f9 trendy per il Natale 2022 vedono il trionfo di <strong>materiali naturali<\/strong>, come legno, foglie, frutta, bacche, ma anche <strong>riciclati e rinnovabili<\/strong>, che trovano una nuova vita in addobbi romantici e artistici.<\/p>\n<p>Il <strong>verde natalizio<\/strong> si declina in sfumature tenui, insolite, nelle nostre delicatissime <strong><a href=\"https:\/\/www.holyart.it\/it\/natale\/addobbi-natalizi-per-lalbero\/palline-di-natale\/palla-vetro-verde-metallizzato-e-argento-100-mm\">palline per Albero in vetro verde metallizzato<\/a><\/strong> con decori argento, anche in un <strong><a href=\"https:\/\/www.holyart.it\/it\/natale\/addobbi-natalizi-per-lalbero\/palline-di-natale\/pallina-vetro-verde-metallizzato-e-argento-80-mm\">tono appena pi\u00f9 scuro<\/a><\/strong>, o di un <strong><a href=\"https:\/\/www.holyart.it\/it\/natale\/addobbi-natalizi-per-lalbero\/palline-di-natale\/palline-albero-natale-6-pz-vetro-soffiato-verde-decori-dorati-80-mm\">bel verde bosco con decori dorati<\/a><\/strong>, magari abbinate col <strong>trionfante rosso<\/strong> delle <strong><a href=\"https:\/\/www.holyart.it\/it\/natale\/addobbi-natalizi-per-lalbero\/palline-di-natale\/pallina-natale-in-vetro-bordeaux-argento-80-mm\">palline di Natale in vetro bordeaux<\/a><\/strong> e argento, decorate con gocce di cristallo scintillante. Tutti questi addobbi in vetro sono soffiati, dipinti e decorati a mano in Polonia da artigiani specializzati.<\/p>\n<p>Questi decori sono trendy, ma anche classici, e possono essere abbinati con decorazioni particolari, sempre in vetro soffiato, uniche e originali, come la bellissima <strong><a href=\"https:\/\/www.holyart.it\/it\/natale\/addobbi-natalizi-per-lalbero\/decorazioni-vetro-soffiato-per-albero\/corona-inglese-decorazioni-albero-natale-vetro-soffiato\">corona inglese in vetro soffiato<\/a><\/strong> che fa parte della collezione <a href=\"https:\/\/www.holyart.it\/it\/natale\/addobbi-natalizi-per-lalbero\/decorazioni-vetro-soffiato-per-albero?page=1&amp;params=%7B%22offset%22:0,%22limit%22:60,%22filters%22:%5B%5D,%22sorter%22:%22YEAR_BEST_SELLERS%22,%22categoryIds%22:%5B108495%5D,%22filtersByIds%22:%5B%7B%22key%22:77,%22values%22:%5B2248%5D%7D%5D%7D\"><strong>Country Symbols<\/strong><\/a>, ideale per chi vuole personalizzare il proprio Albero di Natale con decori che rispecchiano le proprie passioni, soggetti e stili di vita. Sono decorazioni dai colori sgargianti, accesi e lucenti, curate nei minimi dettagli e rifinite a mano con glitter.<\/p>\n<div class=\"sp-styles-warning\" style=\"width: 450px; background-color: #FFF; color: #F00; border: 1px solid #F00; padding: 10px; font-size: 14px;\">\n\t\t\t<span style=\"font-weight: bold;\">Warning: The stylesheets were not loaded!<\/span> \n\t\t\tYou will need to change the <i>Load stylesheets<\/i> setting from <i>Automatically<\/i> to <i>On homepage<\/i> or <i>On all pages<\/i>. \n\t\t\tYou can set that <a style=\"text-decoration: underline; color: #F00;\" href=\"https:\/\/blog.holyart.it\/it\/wp-admin\/admin.php?page=sliderpro-settings\">here<\/a>.\n\t\t\t<\/div>\r\n<div id=\"slider-pro-150\" class=\"slider-pro sp-no-js\" style=\"width: 500px; height: 500px;\">\r\n\t<div class=\"sp-slides\">\r\n\t\t\r\n\t\t<div class=\"sp-slide\">\r\n\t\t\t<img loading=\"lazy\" decoding=\"async\" class=\"sp-image\" src=\"https:\/\/blog.holyart.it\/it\/wp-content\/uploads\/sites\/17\/2022\/11\/corona-inglese-decorazioni-albero-natale-vetro-soffiato-500x500.jpg\" alt=\"corona inglese decorazioni albero natale vetro soffiato\" width=\"500\" height=\"500\" \/>\r\n\t\t\t<div class=\"sp-thumbnail\"><a class=\"\" href=\"https:\/\/www.holyart.it\/it\/natale\/addobbi-natalizi-per-lalbero\/decorazioni-vetro-soffiato-per-albero\/corona-inglese-decorazioni-albero-natale-vetro-soffiato\">\r\n\t\t\t\t<img decoding=\"async\" src=\"https:\/\/blog.holyart.it\/it\/wp-content\/uploads\/sites\/17\/2022\/11\/corona-inglese-decorazioni-albero-natale-vetro-soffiato.jpg\" alt=\"corona inglese decorazioni albero natale vetro soffiato\" \/>\r\n\t\t\t<\/a>\r\n\t\t\t<\/div>\r\n\t\t\t<div class=\"sp-caption\">Corona inglese decorazioni albero Natale in vetro soffiato altezza 8 cm.<br \/><strong><a href=\"https:\/\/www.holyart.it\/it\/natale\/addobbi-natalizi-per-lalbero\/decorazioni-vetro-soffiato-per-albero\/corona-inglese-decorazioni-albero-natale-vetro-soffiato\">Acquista su Holyart<\/a><\/strong><\/div>\r\n\t\t<\/div>\r\n\t\t<div class=\"sp-slide\">\r\n\t\t\t<img loading=\"lazy\" decoding=\"async\" class=\"sp-image\" src=\"https:\/\/blog.holyart.it\/it\/wp-content\/uploads\/sites\/17\/2022\/11\/palla-vetro-verde-metallizzato-e-argento-100-mm.jpg\" alt=\"palla vetro verde metallizzato e argento 100 mm\" width=\"500\" height=\"500\" \/>\r\n\t\t\t<div class=\"sp-thumbnail\"><a class=\"\" href=\"https:\/\/www.holyart.it\/it\/natale\/addobbi-natalizi-per-lalbero\/palline-di-natale\/palla-vetro-verde-metallizzato-e-argento-100-mm\">\r\n\t\t\t\t<img decoding=\"async\" src=\"https:\/\/blog.holyart.it\/it\/wp-content\/uploads\/sites\/17\/2022\/11\/palla-vetro-verde-metallizzato-e-argento-100-mm.jpg\" alt=\"palla vetro verde metallizzato e argento 100 mm\" \/>\r\n\t\t\t<\/a>\r\n\t\t\t<\/div>\r\n\t\t\t<div class=\"sp-caption\">Palla per Albero in vetro verde metallizzato e decori argento, 100 mm.<br \/><strong><a href=\"https:\/\/www.holyart.it\/it\/natale\/addobbi-natalizi-per-lalbero\/palline-di-natale\/palla-vetro-verde-metallizzato-e-argento-100-mm\">Acquista su Holyart<\/a><\/strong><\/div>\r\n\t\t<\/div>\r\n\t\t<div class=\"sp-slide\">\r\n\t\t\t<img loading=\"lazy\" decoding=\"async\" class=\"sp-image\" src=\"https:\/\/blog.holyart.it\/it\/wp-content\/uploads\/sites\/17\/2022\/11\/pallina-vetro-verde-metallizzato-e-argento-80-mm.jpg\" alt=\"pallina vetro verde metallizzato e argento 80 mm\" width=\"500\" height=\"500\" \/>\r\n\t\t\t<div class=\"sp-thumbnail\"><a class=\"\" href=\"https:\/\/www.holyart.it\/it\/natale\/addobbi-natalizi-per-lalbero\/palline-di-natale\/pallina-vetro-verde-metallizzato-e-argento-80-mm\">\r\n\t\t\t\t<img decoding=\"async\" src=\"https:\/\/blog.holyart.it\/it\/wp-content\/uploads\/sites\/17\/2022\/11\/pallina-vetro-verde-metallizzato-e-argento-80-mm.jpg\" alt=\"pallina vetro verde metallizzato e argento 80 mm\" \/>\r\n\t\t\t<\/a>\r\n\t\t\t<\/div>\r\n\t\t\t<div class=\"sp-caption\">Pallina in vetro verde metallizzato e decori argento, 80 mm.<br \/><strong><a href=\"https:\/\/www.holyart.it\/it\/natale\/addobbi-natalizi-per-lalbero\/palline-di-natale\/pallina-vetro-verde-metallizzato-e-argento-80-mm\">Acquista su Holyart<\/a><\/strong><\/div>\r\n\t\t<\/div>\r\n\t\t<div class=\"sp-slide\">\r\n\t\t\t<img loading=\"lazy\" decoding=\"async\" class=\"sp-image\" src=\"https:\/\/blog.holyart.it\/it\/wp-content\/uploads\/sites\/17\/2022\/11\/palline-albero-natale-6-pz-vetro-soffiato-verde-decori-dorati-80-mm-500x500.jpg\" alt=\"palline albero natale 6 pz vetro soffiato verde decori dorati 80 mm\" width=\"500\" height=\"500\" \/>\r\n\t\t\t<div class=\"sp-thumbnail\"><a class=\"\" href=\"https:\/\/www.holyart.it\/it\/natale\/addobbi-natalizi-per-lalbero\/palline-di-natale\/palline-albero-natale-6-pz-vetro-soffiato-verde-decori-dorati-80-mm\">\r\n\t\t\t\t<img decoding=\"async\" src=\"https:\/\/blog.holyart.it\/it\/wp-content\/uploads\/sites\/17\/2022\/11\/palline-albero-natale-6-pz-vetro-soffiato-verde-decori-dorati-80-mm.jpg\" alt=\"palline albero natale 6 pz vetro soffiato verde decori dorati 80 mm\" \/>\r\n\t\t\t<\/a>\r\n\t\t\t<\/div>\r\n\t\t\t<div class=\"sp-caption\">Palline albero Natale 6 pz vetro soffiato verde decori dorati 80 mm.<br \/><strong><a href=\"https:\/\/www.holyart.it\/it\/natale\/addobbi-natalizi-per-lalbero\/palline-di-natale\/palline-albero-natale-6-pz-vetro-soffiato-verde-decori-dorati-80-mm\">Acquista su Holyart<\/a><\/strong><\/div>\r\n\t\t<\/div>\r\n\t\t<div class=\"sp-slide\">\r\n\t\t\t<img loading=\"lazy\" decoding=\"async\" class=\"sp-image\" src=\"https:\/\/blog.holyart.it\/it\/wp-content\/uploads\/sites\/17\/2022\/11\/pallina-natale-in-vetro-bordeaux-argento-80-mm.jpg\" alt=\"pallina natale in vetro bordeaux argento 80 mm\" width=\"500\" height=\"500\" \/>\r\n\t\t\t<div class=\"sp-thumbnail\"><a class=\"\" href=\"https:\/\/www.holyart.it\/it\/natale\/addobbi-natalizi-per-lalbero\/palline-di-natale\/pallina-natale-in-vetro-bordeaux-argento-80-mm\">\r\n\t\t\t\t<img decoding=\"async\" src=\"https:\/\/blog.holyart.it\/it\/wp-content\/uploads\/sites\/17\/2022\/11\/pallina-natale-in-vetro-bordeaux-argento-80-mm.jpg\" alt=\"pallina natale in vetro bordeaux argento 80 mm\" \/>\r\n\t\t\t<\/a>\r\n\t\t\t<\/div>\r\n\t\t\t<div class=\"sp-caption\">Decoro Natalizio per l'albero o per la casa realizzato in vetro soffiato e dipinto a mano in Polonia.<br \/><strong><a href=\"https:\/\/www.holyart.it\/it\/natale\/addobbi-natalizi-per-lalbero\/palline-di-natale\/pallina-natale-in-vetro-bordeaux-argento-80-mm\">Acquista su Holyart<\/a><\/strong><\/div>\r\n\t\t<\/div>\r\n\t<\/div>\r\n<\/div>\n<h2>Albero di Natale Moderno<\/h2>\n<p>Come addobbare l\u2019Albero di Natale per renderlo pi\u00f9 moderno? Oltre alla gi\u00e0 accennata scelta di colori particolarmente eleganti, come grigio, nero, cioccolato e oro, possiamo optare per decorazioni con motivi stilizzati in bianco e nero combinando le tonalit\u00e0 per creare un tema sia tradizionale che moderno, magari da mettere su un Albero di Natale bianco e marrone.<\/p>\n<p>Nel nostro store trovate queste elegantissime <strong><a href=\"https:\/\/www.holyart.it\/it\/natale\/addobbi-natalizi-per-lalbero\/palline-di-natale\/pallina-natale-nero-rami-oro-vetro-soffiato-100-mm\">Palline di Natale nere decorate con rami e piume d&#8217;oro<\/a><\/strong>, dove la base geometrica per met\u00e0 nera viene interrotta dagli ornamenti dorati, o gli <strong><a href=\"https:\/\/www.holyart.it\/it\/natale\/addobbi-natalizi-per-lalbero\/palline-di-natale\/addobbo-palla-vetro-bianco-decoro-nero-80-mm\">Addobbi natalizi in vetro bianco<\/a><\/strong> decorati con rombi neri, o ancora le <strong><a href=\"https:\/\/www.holyart.it\/it\/natale\/addobbi-natalizi-per-lalbero\/palline-di-natale\/pallina-in-vetro-nero-e-glitter-80-mm\">Palline in vetro soffiato nere<\/a><\/strong> decorate con glitter, per un effetto moderno e di design.<\/p>\n<div class=\"sp-styles-warning\" style=\"width: 450px; background-color: #FFF; color: #F00; border: 1px solid #F00; padding: 10px; font-size: 14px;\">\n\t\t\t<span style=\"font-weight: bold;\">Warning: The stylesheets were not loaded!<\/span> \n\t\t\tYou will need to change the <i>Load stylesheets<\/i> setting from <i>Automatically<\/i> to <i>On homepage<\/i> or <i>On all pages<\/i>. \n\t\t\tYou can set that <a style=\"text-decoration: underline; color: #F00;\" href=\"https:\/\/blog.holyart.it\/it\/wp-admin\/admin.php?page=sliderpro-settings\">here<\/a>.\n\t\t\t<\/div>\r\n<div id=\"slider-pro-151\" class=\"slider-pro sp-no-js\" style=\"width: 500px; height: 500px;\">\r\n\t<div class=\"sp-slides\">\r\n\t\t\r\n\t\t<div class=\"sp-slide\">\r\n\t\t\t<img loading=\"lazy\" decoding=\"async\" class=\"sp-image\" src=\"https:\/\/blog.holyart.it\/it\/wp-content\/uploads\/sites\/17\/2022\/11\/pallina-natale-nero-rami-oro-vetro-soffiato-100-mm.jpg\" alt=\"pallina natale nero rami oro vetro soffiato 100 mm\" width=\"500\" height=\"500\" \/>\r\n\t\t\t<div class=\"sp-thumbnail\"><a class=\"\" href=\"https:\/\/www.holyart.it\/it\/natale\/addobbi-natalizi-per-lalbero\/palline-di-natale\/pallina-natale-nero-rami-oro-vetro-soffiato-100-mm\">\r\n\t\t\t\t<img decoding=\"async\" src=\"https:\/\/blog.holyart.it\/it\/wp-content\/uploads\/sites\/17\/2022\/11\/pallina-natale-nero-rami-oro-vetro-soffiato-100-mm-150x150-1.jpg\" alt=\"pallina natale nero rami oro vetro soffiato 100 mm\" \/>\r\n\t\t\t<\/a>\r\n\t\t\t<\/div>\r\n\t\t\t<div class=\"sp-caption\">Pallina Natale nero rami oro vetro soffiato 100 mm.<br \/><strong><a href=\"https:\/\/www.holyart.it\/it\/natale\/addobbi-natalizi-per-lalbero\/palline-di-natale\/pallina-natale-nero-rami-oro-vetro-soffiato-100-mm\">Acquista su Holyart<\/a><\/strong><\/div>\r\n\t\t<\/div>\r\n\t\t<div class=\"sp-slide\">\r\n\t\t\t<img loading=\"lazy\" decoding=\"async\" class=\"sp-image\" src=\"https:\/\/blog.holyart.it\/it\/wp-content\/uploads\/sites\/17\/2022\/11\/addobbo-palla-vetro-bianco-decoro-nero-80-mm.jpg\" alt=\"addobbo palla vetro bianco decoro nero 80 mm\" width=\"500\" height=\"500\" \/>\r\n\t\t\t<div class=\"sp-thumbnail\"><a class=\"\" href=\"https:\/\/www.holyart.it\/it\/natale\/addobbi-natalizi-per-lalbero\/palline-di-natale\/addobbo-palla-vetro-bianco-decoro-nero-80-mm\">\r\n\t\t\t\t<img decoding=\"async\" src=\"https:\/\/blog.holyart.it\/it\/wp-content\/uploads\/sites\/17\/2022\/11\/addobbo-palla-vetro-bianco-decoro-nero-80-mm.jpg\" alt=\"addobbo palla vetro bianco decoro nero 80 mm\" \/>\r\n\t\t\t<\/a>\r\n\t\t\t<\/div>\r\n\t\t\t<div class=\"sp-caption\">Addobbo natalizio: palla in vetro bianco decoro nero 80 mm.<br \/><strong><a href=\"https:\/\/www.holyart.it\/it\/natale\/addobbi-natalizi-per-lalbero\/palline-di-natale\/addobbo-palla-vetro-bianco-decoro-nero-80-mm\">Acquista su Holyart<\/a><\/strong><\/div>\r\n\t\t<\/div>\r\n\t\t<div class=\"sp-slide\">\r\n\t\t\t<img loading=\"lazy\" decoding=\"async\" class=\"sp-image\" src=\"https:\/\/blog.holyart.it\/it\/wp-content\/uploads\/sites\/17\/2022\/11\/pallina-in-vetro-nero-e-glitter-80-mm.jpg\" alt=\"pallina in vetro nero e glitter 80 mm\" width=\"500\" height=\"500\" \/>\r\n\t\t\t<div class=\"sp-thumbnail\"><a class=\"\" href=\"https:\/\/www.holyart.it\/it\/natale\/addobbi-natalizi-per-lalbero\/palline-di-natale\/pallina-in-vetro-nero-e-glitter-80-mm\">\r\n\t\t\t\t<img decoding=\"async\" src=\"https:\/\/blog.holyart.it\/it\/wp-content\/uploads\/sites\/17\/2022\/11\/pallina-in-vetro-nero-e-glitter-80-mm.jpg\" alt=\"pallina in vetro nero e glitter 80 mm\" \/>\r\n\t\t\t<\/a>\r\n\t\t\t<\/div>\r\n\t\t\t<div class=\"sp-caption\">Pallina in vetro soffiato colore nero con glitter, 80 mm.<br \/><strong><a href=\"https:\/\/www.holyart.it\/it\/natale\/addobbi-natalizi-per-lalbero\/palline-di-natale\/pallina-in-vetro-nero-e-glitter-80-mm\">Acquista su Holyart<\/a><\/strong><\/div>\r\n\t\t<\/div>\r\n\t<\/div>\r\n<\/div>\n<h2>Albero di Natale bianco<\/h2>\n<p>Il <strong><em>total white<\/em><\/strong> a Natale non sar\u00e0 nuovo, ma si conferma tra le tendenze pi\u00f9 apprezzate e ricercate negli ultimi anni. Moderno e raffinato allo stesso tempo, richiama un&#8217;idea di eleganza tutta invernale, richiamando il colore della neve, arricchita magari con <strong>elementi in oro e argento<\/strong>, per imitarne i riverberi luminosi. Estremamente eleganti, ma anche versatili e adatti a ogni casa, gli addobbi natalizi bianchi renderanno pi\u00f9 luminosi tutti gli ambienti. Nel nostro store troverete una ricca scelta di addobbi e decorazioni natalizie <em>total white<\/em>, come i\u00a0<a href=\"https:\/\/www.holyart.it\/it\/natale\/addobbi-natalizi-per-lalbero\/palline-di-natale\/decoro-natale-palla-vetro-soffiato-merletto-80-mm\"><strong>Decori Natalizi per la casa<\/strong><\/a> o le <strong><a href=\"https:\/\/www.holyart.it\/it\/natale\/addobbi-natalizi-per-lalbero\/palline-di-natale\/pallina-albero-natale-vetro-trasparente-bianco-100mm\">Palline per Albero di Natale<\/a><\/strong> in vetro soffiato trasparente decorate e dipinte a mano da artisti polacchi. Ogni decorazione \u00e8 unica, diversa dalle altre, e realizzata con una tecnica tradizionale. Sempre con base bianca le<strong>\u00a0<a href=\"https:\/\/www.holyart.it\/it\/natale\/addobbi-natalizi-per-lalbero\/palline-di-natale\/palline-bosco-innevato-uccellini-rossi-vetro-soffiato-80-mm-6-pz\">Palline che raffigurano un bosco innevato con uccellini rossi<\/a>\u00a0<\/strong>in vetro soffiato, con la parte inferiore dipinta di bianco a mimare un prato innevato, anch&#8217;esse soffiate, decorate e dipinte a mano da artigiani specializzati. Potrete abbinare le vostre decorazioni bianche con Addobbi Natalizi per l&#8217;Albero o per la casa in vetro argento lucido\/opaco, realizzati in vetro soffiato e dipinti a mano.<\/p>\n<p>Un&#8217;alternativa all&#8217;Albero bianco potr\u00e0 essere anche<strong> l\u2019Albero ghiacciato<\/strong>, decorato con addobbi dalle <a href=\"https:\/\/www.holyart.it\/it\/natale\/addobbi-natalizi-per-lalbero\/palline-di-natale?page=1&amp;params=%7B%22offset%22:0,%22limit%22:60,%22filters%22:%5B%5D,%22sorter%22:%22YEAR_BEST_SELLERS%22,%22categoryIds%22:%5B108492%5D,%22filtersByIds%22:%5B%7B%22key%22:12,%22values%22:%5B31,26%5D%7D%5D%7D\"><strong>sfumature blu e azzurro<\/strong><\/a>, ornati con glitter e cristalli per richiamare lo splendore del ghiaccio e della neve.<\/p>\n<div class=\"sp-styles-warning\" style=\"width: 450px; background-color: #FFF; color: #F00; border: 1px solid #F00; padding: 10px; font-size: 14px;\">\n\t\t\t<span style=\"font-weight: bold;\">Warning: The stylesheets were not loaded!<\/span> \n\t\t\tYou will need to change the <i>Load stylesheets<\/i> setting from <i>Automatically<\/i> to <i>On homepage<\/i> or <i>On all pages<\/i>. \n\t\t\tYou can set that <a style=\"text-decoration: underline; color: #F00;\" href=\"https:\/\/blog.holyart.it\/it\/wp-admin\/admin.php?page=sliderpro-settings\">here<\/a>.\n\t\t\t<\/div>\r\n<div id=\"slider-pro-152\" class=\"slider-pro sp-no-js\" style=\"width: 500px; height: 500px;\">\r\n\t<div class=\"sp-slides\">\r\n\t\t\r\n\t\t<div class=\"sp-slide\">\r\n\t\t\t<img loading=\"lazy\" decoding=\"async\" class=\"sp-image\" src=\"https:\/\/blog.holyart.it\/it\/wp-content\/uploads\/sites\/17\/2022\/11\/decoro-natale-palla-vetro-soffiato-merletto-80-mm.jpg\" alt=\"decoro natale palla vetro soffiato merletto 80 mm\" width=\"500\" height=\"500\" \/>\r\n\t\t\t<div class=\"sp-thumbnail\"><a class=\"\" href=\"https:\/\/www.holyart.it\/it\/natale\/addobbi-natalizi-per-lalbero\/palline-di-natale\/decoro-natale-palla-vetro-soffiato-merletto-80-mm\">\r\n\t\t\t\t<img decoding=\"async\" src=\"https:\/\/blog.holyart.it\/it\/wp-content\/uploads\/sites\/17\/2022\/11\/decoro-natale-palla-vetro-soffiato-merletto-80-mm.jpg\" alt=\"decoro natale palla vetro soffiato merletto 80 mm\" \/>\r\n\t\t\t<\/a>\r\n\t\t\t<\/div>\r\n\t\t\t<div class=\"sp-caption\">Decoro Natale palla vetro soffiato merletto 80 mm.<br \/><strong><a href=\"https:\/\/www.holyart.it\/it\/natale\/addobbi-natalizi-per-lalbero\/palline-di-natale\/decoro-natale-palla-vetro-soffiato-merletto-80-mm\">Acquista su Holyart<\/a><\/strong><\/div>\r\n\t\t<\/div>\r\n\t\t<div class=\"sp-slide\">\r\n\t\t\t<img loading=\"lazy\" decoding=\"async\" class=\"sp-image\" src=\"https:\/\/blog.holyart.it\/it\/wp-content\/uploads\/sites\/17\/2022\/11\/palla-albero-natale-celeste-60-mm.jpg\" alt=\"palla albero natale celeste 60 mm\" width=\"500\" height=\"500\" \/>\r\n\t\t\t<div class=\"sp-thumbnail\"><a class=\"\" href=\"https:\/\/www.holyart.it\/it\/natale\/addobbi-natalizi-per-lalbero\/palline-di-natale\/palle-albero-natale-3-pz-confezione-celeste-60-mm\">\r\n\t\t\t\t<img decoding=\"async\" src=\"https:\/\/blog.holyart.it\/it\/wp-content\/uploads\/sites\/17\/2022\/11\/palla-albero-natale-celeste-60-mm.jpg\" alt=\"palla albero natale celeste 60 mm\" \/>\r\n\t\t\t<\/a>\r\n\t\t\t<\/div>\r\n\t\t\t<div class=\"sp-caption\">Palline per albero di Natale 3 pz (confezione), color celeste lucido con decori in rilievo di diverse forme.<br \/><strong><a href=\"https:\/\/www.holyart.it\/it\/natale\/addobbi-natalizi-per-lalbero\/palline-di-natale\/palle-albero-natale-3-pz-confezione-celeste-60-mm\">Acquista su Holyart<\/a><\/strong><\/div>\r\n\t\t<\/div>\r\n\t\t<div class=\"sp-slide\">\r\n\t\t\t<img loading=\"lazy\" decoding=\"async\" class=\"sp-image\" src=\"https:\/\/blog.holyart.it\/it\/wp-content\/uploads\/sites\/17\/2022\/11\/pallina-albero-natale-vetro-trasparente-bianco-100mm.jpg\" alt=\"pallina albero natale vetro trasparente bianco 100mm\" width=\"500\" height=\"500\" \/>\r\n\t\t\t<div class=\"sp-thumbnail\"><a class=\"\" href=\"https:\/\/www.holyart.it\/it\/natale\/addobbi-natalizi-per-lalbero\/palline-di-natale\/pallina-albero-natale-vetro-trasparente-bianco-100mm\">\r\n\t\t\t\t<img decoding=\"async\" src=\"https:\/\/blog.holyart.it\/it\/wp-content\/uploads\/sites\/17\/2022\/11\/pallina-albero-natale-vetro-trasparente-bianco-100mm.jpg\" alt=\"pallina albero natale vetro trasparente bianco 100mm\" \/>\r\n\t\t\t<\/a>\r\n\t\t\t<\/div>\r\n\t\t\t<div class=\"sp-caption\">Pallina per Albero di Natale in vetro soffiato trasparente bianco, 100 mm.<br \/><strong><a href=\"https:\/\/www.holyart.it\/it\/natale\/addobbi-natalizi-per-lalbero\/palline-di-natale\/pallina-albero-natale-vetro-trasparente-bianco-100mm\">Acquista su Holyart<\/a><\/strong><\/div>\r\n\t\t<\/div>\r\n\t\t<div class=\"sp-slide\">\r\n\t\t\t<img loading=\"lazy\" decoding=\"async\" class=\"sp-image\" src=\"https:\/\/blog.holyart.it\/it\/wp-content\/uploads\/sites\/17\/2022\/11\/pallina-bosco-innevato-uccellini-rossi-vetro-soffiato-80-mm-6-pz.jpg\" alt=\"pallina bosco innevato uccellini rossi vetro soffiato 80 mm 6 pz\" width=\"500\" height=\"500\" \/>\r\n\t\t\t<div class=\"sp-thumbnail\"><a class=\"\" href=\"https:\/\/www.holyart.it\/it\/natale\/addobbi-natalizi-per-lalbero\/palline-di-natale\/palline-bosco-innevato-uccellini-rossi-vetro-soffiato-80-mm-6-pz\">\r\n\t\t\t\t<img decoding=\"async\" src=\"https:\/\/blog.holyart.it\/it\/wp-content\/uploads\/sites\/17\/2022\/11\/pallina-bosco-innevato-uccellini-rossi-vetro-soffiato-80-mm-6-pz.jpg\" alt=\"pallina bosco innevato uccellini rossi vetro soffiato 80 mm 6 pz\" \/>\r\n\t\t\t<\/a>\r\n\t\t\t<\/div>\r\n\t\t\t<div class=\"sp-caption\">Palline bosco innevato uccellini rossi vetro soffiato 80 mm (set 6 pz).<br \/><strong><a href=\"https:\/\/www.holyart.it\/it\/natale\/addobbi-natalizi-per-lalbero\/palline-di-natale\/palline-bosco-innevato-uccellini-rossi-vetro-soffiato-80-mm-6-pz\">Acquista su Holyart<\/a><\/strong><\/div>\r\n\t\t<\/div>\r\n\t<\/div>\r\n<\/div>\n<h2>Albero di Natale: il colore dell\u2019anno<\/h2>\n<p>Lo scorso anno, l&#8217;ha fatta da padrone il <strong>Pantone 2021<\/strong>, Color of the Year 2021. Si trattava di una combinazione di PANTONE 17-5104 Ultimate Gray e PANTONE 13-0647 Illuminating, due colori indipendenti, <strong>un grigio e un giallo<\/strong>, che pur essendo differenti si combinavano eccellentemente tra loro. \u00c8 stato dunque il trionfo delle <strong>decorazioni natalizie grigie e dorate<\/strong>, spesso allestite su <a href=\"https:\/\/www.holyart.it\/it\/natale\/alberi-di-natale?page=1&amp;params=%7B%22offset%22:0,%22limit%22:60,%22filters%22:%5B%5D,%22sorter%22:%22YEAR_BEST_SELLERS%22,%22categoryIds%22:%5B108494%5D,%22filtersByIds%22:%5B%7B%22key%22:35,%22values%22:%5B2273%5D%7D%5D%7D\"><strong>Alberi di Natale Slim<\/strong><\/a>, pi\u00f9 piccoli e affusolati.<\/p>\n<p><strong>Il Pantone 2022 \u00e8 invece il Very Peri<\/strong>, una calda sfumatura di <strong>blu<\/strong> che tende al violetto, creata per celebrare la gioia della ripresa dopo la pandemia, come invito alla rinascita, all&#8217;entusiasmo e alla gioia. Dunque via libera alla creativit\u00e0 e all&#8217;allegria anche per le decorazioni natalizie!<\/p>\n<p>Nel nostro store trovate delle splendide <strong><a href=\"https:\/\/www.holyart.it\/it\/natale\/addobbi-natalizi-per-lalbero\/palline-di-natale\/palline-di-natale-vetro-a-rombi-viola-fucsia-100-mm-4-pz\">Palline di Natale<\/a><\/strong> formate da rombi fucsia, rosa glitterato, argento e Pantone Very Peri, realizzate in vetro soffiato e abbellite manualmente da un&#8217;azienda polacca specializzata nelle decorazioni natalizie, secondo una\u00a0tecnica antichissima, che unita all&#8217;esperienza ed all&#8217;abilit\u00e0 di bravi maestri artigiani rende gli oggetti in vetro dei piccoli capolavori, unici nel loro genere.<\/p>\n<div class=\"link-product\">\n<div class=\"blocco-immagine\"><img loading=\"lazy\" decoding=\"async\" class=\"size-full wp-image-16731 alignleft\" src=\"https:\/\/blog.holyart.it\/it\/wp-content\/uploads\/sites\/17\/2022\/11\/palline-di-natale-vetro-a-rombi-viola-fucsia-100-mm-4-pz.jpg\" alt=\"palline di natale vetro a rombi viola fucsia 100 mm 4 pz\" width=\"100\" height=\"100\" data-kale-share-title=\"Tendenze Natale 2022: qual \u00e8 il colore perfetto per il proprio albero\" data-kale-share-url=\"https:\/\/blog.holyart.it\/it\/?p=16710\" \/><\/div>\n<div class=\"blocco-contenuto\">\n<div class=\"blocco-acquista\">Acquista su Holyart:<\/div>\n<div class=\"blocco-titolo\"><a href=\"https:\/\/www.holyart.it\/it\/natale\/addobbi-natalizi-per-lalbero\/palline-di-natale\/palline-di-natale-vetro-a-rombi-viola-fucsia-100-mm-4-pz\">Palline di Natale vetro a rombi viola fucsia 100 mm<\/a><\/div>\n<div class=\"blocco-descrizione\">Pallina raffinata per l&#8217;albero di Natale con un decoro a rombi dipinti color viola, fucsia, rosa glitterato e argento.<\/div>\n<\/div>\n<\/div>\n<h2>Albero di Natale tradizionale<\/h2>\n<p>Quando si parla di Alberi di Natale addobbati il pensiero vola immancabilmente ai classici colori natalizi: <strong>rosso, oro e verde abete<\/strong>. Colori che evocano subito il clima della Festa, il calore, l&#8217;intimit\u00e0, il desiderio di stare insieme a chi si ama.\u00a0 E con i colori anche le decorazioni tradizionali restano apprezzatissime, dall\u2019Albero di Natale carico di addobbi, magari tramandanti di Natale in Natale, da una famiglia all&#8217;altra, e poi i centritavola, <a href=\"https:\/\/www.holyart.it\/it\/natale\/decori-natalizi-per-la-casa\/ghirlande-natalizie-e-corone\"><strong>le ghirlande<\/strong><\/a>, i festoni, che insieme a luci colorate rendono la casa confortevole e piena di luce e calore.<\/p>\n<p>Vi proponiamo le pi\u00f9 classiche e intramontabili palline di Natale, in <strong><a href=\"https:\/\/www.holyart.it\/it\/natale\/addobbi-natalizi-per-lalbero\/palline-di-natale\/addobbo-palla-vetro-rosso-pietre-100-mm\">vetro rosso con pietre scintillanti <\/a><\/strong>e finiture in oro, ma anche la raffinata Palla per Albero di Natale in vetro rosso <a href=\"https:\/\/www.holyart.it\/it\/natale\/addobbi-natalizi-per-lalbero\/palline-di-natale\/palla-natale-vetro-rosso-case-e-alberi-100-mm\"><strong>decorata con case e alberi<\/strong>,<\/a> che ha tutto il sapore dei tempi andati, e per un tocco di luce in pi\u00f9 lo splendido <strong><a href=\"https:\/\/www.holyart.it\/it\/natale\/addobbi-natalizi-per-lalbero\/palline-di-natale\/addobbo-cuore-vetro-decoro-arabesco-100-mm\">Cuore d&#8217;oro<\/a>\u00a0<\/strong>decorato con un raffinato arabesco di glitter.<\/p>\n<div class=\"sp-styles-warning\" style=\"width: 450px; background-color: #FFF; color: #F00; border: 1px solid #F00; padding: 10px; font-size: 14px;\">\n\t\t\t<span style=\"font-weight: bold;\">Warning: The stylesheets were not loaded!<\/span> \n\t\t\tYou will need to change the <i>Load stylesheets<\/i> setting from <i>Automatically<\/i> to <i>On homepage<\/i> or <i>On all pages<\/i>. \n\t\t\tYou can set that <a style=\"text-decoration: underline; color: #F00;\" href=\"https:\/\/blog.holyart.it\/it\/wp-admin\/admin.php?page=sliderpro-settings\">here<\/a>.\n\t\t\t<\/div>\r\n<div id=\"slider-pro-153\" class=\"slider-pro sp-no-js\" style=\"width: 500px; height: 500px;\">\r\n\t<div class=\"sp-slides\">\r\n\t\t\r\n\t\t<div class=\"sp-slide\">\r\n\t\t\t<img loading=\"lazy\" decoding=\"async\" class=\"sp-image\" src=\"https:\/\/blog.holyart.it\/it\/wp-content\/uploads\/sites\/17\/2022\/11\/addobbo-palla-vetro-rosso-pietre-100-mm.jpg\" alt=\"addobbo palla vetro rosso pietre 100 mm\" width=\"500\" height=\"500\" \/>\r\n\t\t\t<div class=\"sp-thumbnail\"><a class=\"\" href=\"https:\/\/www.holyart.it\/it\/natale\/addobbi-natalizi-per-lalbero\/palline-di-natale\/addobbo-palla-vetro-rosso-pietre-100-mm\">\r\n\t\t\t\t<img decoding=\"async\" src=\"https:\/\/blog.holyart.it\/it\/wp-content\/uploads\/sites\/17\/2022\/11\/addobbo-palla-vetro-rosso-pietre-100-mm.jpg\" alt=\"addobbo palla vetro rosso pietre 100 mm\" \/>\r\n\t\t\t<\/a>\r\n\t\t\t<\/div>\r\n\t\t\t<div class=\"sp-caption\">Addobbo Natale: palla vetro rosso pietre 100 mm.<br \/><strong><a href=\"https:\/\/www.holyart.it\/it\/natale\/addobbi-natalizi-per-lalbero\/palline-di-natale\/addobbo-palla-vetro-rosso-pietre-100-mm\">Acquista su Holyart<\/a><\/strong><\/div>\r\n\t\t<\/div>\r\n\t\t<div class=\"sp-slide\">\r\n\t\t\t<img loading=\"lazy\" decoding=\"async\" class=\"sp-image\" src=\"https:\/\/blog.holyart.it\/it\/wp-content\/uploads\/sites\/17\/2022\/11\/addobbo-cuore-vetro-decoro-arabesco-100-mm.jpg\" alt=\"addobbo cuore vetro decoro arabesco 100 mm\" width=\"500\" height=\"500\" \/>\r\n\t\t\t<div class=\"sp-thumbnail\"><a class=\"\" href=\"https:\/\/www.holyart.it\/it\/natale\/addobbi-natalizi-per-lalbero\/palline-di-natale\/addobbo-cuore-vetro-decoro-arabesco-100-mm\">\r\n\t\t\t\t<img decoding=\"async\" src=\"https:\/\/blog.holyart.it\/it\/wp-content\/uploads\/sites\/17\/2022\/11\/addobbo-cuore-vetro-decoro-arabesco-100-mm.jpg\" alt=\"addobbo cuore vetro decoro arabesco 100 mm\" \/>\r\n\t\t\t<\/a>\r\n\t\t\t<\/div>\r\n\t\t\t<div class=\"sp-caption\">Addobbo Natale: cuore vetro decoro arabesco 100 mm.<br \/><strong><a href=\"https:\/\/www.holyart.it\/it\/natale\/addobbi-natalizi-per-lalbero\/palline-di-natale\/addobbo-cuore-vetro-decoro-arabesco-100-mm\">Acquista su Holyart<\/a><\/strong><\/div>\r\n\t\t<\/div>\r\n\t\t<div class=\"sp-slide\">\r\n\t\t\t<img loading=\"lazy\" decoding=\"async\" class=\"sp-image\" src=\"https:\/\/blog.holyart.it\/it\/wp-content\/uploads\/sites\/17\/2022\/11\/palla-natale-vetro-rosso-case-e-alberi-100-mm.jpg\" alt=\"palla natale vetro rosso case e alberi 100 mm\" width=\"500\" height=\"500\" \/>\r\n\t\t\t<div class=\"sp-thumbnail\"><a class=\"\" href=\"https:\/\/www.holyart.it\/it\/natale\/addobbi-natalizi-per-lalbero\/palline-di-natale\/palla-natale-vetro-rosso-case-e-alberi-100-mm\">\r\n\t\t\t\t<img decoding=\"async\" src=\"https:\/\/blog.holyart.it\/it\/wp-content\/uploads\/sites\/17\/2022\/11\/palla-natale-vetro-rosso-case-e-alberi-100-mm.jpg\" alt=\"palla natale vetro rosso case e alberi 100 mm\" \/>\r\n\t\t\t<\/a>\r\n\t\t\t<\/div>\r\n\t\t\t<div class=\"sp-caption\">Palla per Albero di Natale in vetro rosso decorata con case e alberi, diametro 100 mm.<br \/><strong><a href=\"https:\/\/www.holyart.it\/it\/natale\/addobbi-natalizi-per-lalbero\/palline-di-natale\/palla-natale-vetro-rosso-case-e-alberi-100-mm\">Acquista su Holyart<\/a><\/strong><\/div>\r\n\t\t<\/div>\r\n\t<\/div>\r\n<\/div>\n<h2>Albero di Natale con addobbi in legno<\/h2>\n<p>Abbiamo accennato alla preferenza per il Natale 2022 per <strong>materiali riciclati ed ecosostenibili<\/strong>. Il <strong>legno<\/strong>, per esempio, che si presta a moltissime declinazioni, dagli animali stilizzati, alle figure geometriche, ma anche piccoli intarsi, casette e miniature, che ci proietteranno subito nella magica bottega di Babbo Natale al Polo!<\/p>\n<p>Ma ci sono anche addobbi in legno che richiamano l&#8217;aspetto pi\u00f9 spirituale del Natale, come l&#8217;addobbo per l&#8217;Albero di Natale in olivo realizzato dagli artigiani della Terrasanta, che trovate nel nostro store, e che rappresenta un tronchetto con la scena della <strong><a href=\"https:\/\/www.holyart.it\/it\/natale\/addobbi-natalizi-per-lalbero\/decorazioni-albero-in-legno-e-pvc\/addobbo-albero-olivo-terrasanta-fuga-in-egitto\">Fuga in Egitto<\/a>\u00a0<\/strong>intagliata al centro, o la piccola <strong><a href=\"https:\/\/www.holyart.it\/it\/natale\/presepi\/presepe-mignon\/addobbo-albero-legno-ulivo-nativita-mini-6-cm\">Nativit\u00e0 intagliata nel legno d&#8217;ulivo<\/a><\/strong>, che mostra i profili della Sacra Famiglia e una palma, e che si caratterizza per il contrasto fra legno vivo e corteccia. Anche la stella cometa intagliata \u00e8 un decoro che non pu\u00f2 mancare sul nostro Albero di Natale, mentre il delizioso <strong><a href=\"https:\/\/www.holyart.it\/it\/natale\/addobbi-natalizi-per-lalbero\/decorazioni-albero-in-legno-e-pvc\/addobbo-natalizio-legno-sagomato-presepe-nativita\">Addobbo in legno sagomato<\/a><\/strong> a forma di tronchetto con stampata l&#8217;immagine della Nativit\u00e0 tratta dagli archivi della Fratelli Bonella pu\u00f2 essere sia un perfetto addobbo per l&#8217;Albero di Natale, sia un originale chiudi-pacco. E si pu\u00f2 anche optare per un Albero di Natale in legno, da appendere alla parete!<\/p>\n<div class=\"link-product\">\n<div class=\"blocco-immagine\"><img loading=\"lazy\" decoding=\"async\" class=\"size-full wp-image-16737 alignleft\" src=\"https:\/\/blog.holyart.it\/it\/wp-content\/uploads\/sites\/17\/2022\/11\/addobbo-albero-legno-ulivo-nativita-mini-6-cm.jpg\" alt=\"addobbo albero legno ulivo nativita mini 6 cm\" width=\"100\" height=\"100\" data-kale-share-title=\"Tendenze Natale 2022: qual \u00e8 il colore perfetto per il proprio albero\" data-kale-share-url=\"https:\/\/blog.holyart.it\/it\/?p=16710\" \/><\/div>\n<div class=\"blocco-contenuto\">\n<div class=\"blocco-acquista\">Acquista su Holyart:<\/div>\n<div class=\"blocco-titolo\"><a href=\"https:\/\/www.holyart.it\/it\/natale\/addobbi-natalizi-per-lalbero\/decorazioni-albero-in-legno-e-pvc\">Decorazioni albero in legno e pvc<\/a><\/div>\n<div class=\"blocco-descrizione\">Decorazioni per l&#8217;albero di Natale: addobbi natalizi in legno, olivo, pvc, resina e altri materiali.<\/div>\n<\/div>\n<\/div>\n<h2>Albero di Natale elegante<\/h2>\n<p>Parlando dei colori per le decorazioni della casa a Natale e per Alberi di Natale alternativi, il <strong>tema elegance<\/strong> predilige quest\u2019anno<strong> il grigio, il nero e il marrone, abbinati all&#8217;oro<\/strong> per un tocco di luce e calore in pi\u00f9. Colori che richiamano un&#8217;idea di lusso e glamour, che richiedono luci <strong>gialle<\/strong>, calde, per scintillare e trovare la giusta glorificazione. Originali, forse, e non adatti a ogni casa e tipo di arredamento, ma che sapranno infondere un tocco di raffinatezza in pi\u00f9 a ogni allestimento natalizio.<\/p>\n<p>Se cercate palline di Natale dai colori insoliti ed eleganti, ecco le Palline per l&#8217;Albero di Natale con <strong><a href=\"https:\/\/www.holyart.it\/it\/natale\/addobbi-natalizi-per-lalbero\/palline-di-natale\/pallina-di-natale-nero-oro-lucido-100-mm\">decori nero e oro lucido<\/a><\/strong>, fabbricate a mano da artigiani polacchi, il delicato Addobbo natalizio con palla in vetro decorata con <strong><a href=\"https:\/\/www.holyart.it\/it\/natale\/addobbi-natalizi-per-lalbero\/palline-di-natale\/addobbo-palla-vetro-fiori-oro-80-mm\">fiori di colore oro<\/a><\/strong> o un intero e pregiato <strong><a href=\"https:\/\/www.holyart.it\/it\/natale\/addobbi-natalizi-per-lalbero\/puntali-albero-di-natale\/set-16-palline-50-mm-albero-natale-oro-marrone-puntale-oro-vetro-soffiato\">set sui toni del mattone e dell&#8217;oro<\/a><\/strong>,\u00a0 costituito da un puntale di altezza 25 cm color oro lucido, 4 palline color oro lucido, 4 color oro opaco, 4 color marrone lucido e 4 color marrone opaco. Grazie a questo set \u00e8 possibile decorare tutto l&#8217;Albero in maniera coordinata.<\/p>\n<div class=\"sp-styles-warning\" style=\"width: 450px; background-color: #FFF; color: #F00; border: 1px solid #F00; padding: 10px; font-size: 14px;\">\n\t\t\t<span style=\"font-weight: bold;\">Warning: The stylesheets were not loaded!<\/span> \n\t\t\tYou will need to change the <i>Load stylesheets<\/i> setting from <i>Automatically<\/i> to <i>On homepage<\/i> or <i>On all pages<\/i>. \n\t\t\tYou can set that <a style=\"text-decoration: underline; color: #F00;\" href=\"https:\/\/blog.holyart.it\/it\/wp-admin\/admin.php?page=sliderpro-settings\">here<\/a>.\n\t\t\t<\/div>\r\n<div id=\"slider-pro-154\" class=\"slider-pro sp-no-js\" style=\"width: 500px; height: 500px;\">\r\n\t<div class=\"sp-slides\">\r\n\t\t\r\n\t\t<div class=\"sp-slide\">\r\n\t\t\t<img loading=\"lazy\" decoding=\"async\" class=\"sp-image\" src=\"https:\/\/blog.holyart.it\/it\/wp-content\/uploads\/sites\/17\/2022\/11\/pallina-di-natale-nero-oro-lucido-100-mm.jpg\" alt=\"pallina di natale nero oro lucido 100 mm\" width=\"500\" height=\"500\" \/>\r\n\t\t\t<div class=\"sp-thumbnail\"><a class=\"\" href=\"https:\/\/www.holyart.it\/it\/natale\/addobbi-natalizi-per-lalbero\/palline-di-natale\/pallina-di-natale-nero-oro-lucido-100-mm\">\r\n\t\t\t\t<img decoding=\"async\" src=\"https:\/\/blog.holyart.it\/it\/wp-content\/uploads\/sites\/17\/2022\/11\/pallina-di-natale-nero-oro-lucido-100-mm.jpg\" alt=\"pallina di natale nero oro lucido 100 mm\" \/>\r\n\t\t\t<\/a>\r\n\t\t\t<\/div>\r\n\t\t\t<div class=\"sp-caption\">Pallina Albero di Natale, decori nero e oro lucido, 100 mm.<br \/><strong><a href=\"https:\/\/www.holyart.it\/it\/natale\/addobbi-natalizi-per-lalbero\/palline-di-natale\/pallina-di-natale-nero-oro-lucido-100-mm\">Acquista su Holyart<\/a><\/strong><\/div>\r\n\t\t<\/div>\r\n\t\t<div class=\"sp-slide\">\r\n\t\t\t<img loading=\"lazy\" decoding=\"async\" class=\"sp-image\" src=\"https:\/\/blog.holyart.it\/it\/wp-content\/uploads\/sites\/17\/2022\/11\/addobbo-palla-vetro-fiori-oro-80-mm.jpg\" alt=\"addobbo palla vetro fiori oro 80 mm\" width=\"500\" height=\"500\" \/>\r\n\t\t\t<div class=\"sp-thumbnail\"><a class=\"\" href=\"https:\/\/www.holyart.it\/it\/natale\/addobbi-natalizi-per-lalbero\/palline-di-natale\/addobbo-palla-vetro-fiori-oro-80-mm\">\r\n\t\t\t\t<img decoding=\"async\" src=\"https:\/\/blog.holyart.it\/it\/wp-content\/uploads\/sites\/17\/2022\/11\/addobbo-palla-vetro-fiori-oro-80-mm.jpg\" alt=\"addobbo palla vetro fiori oro 80 mm\" \/>\r\n\t\t\t<\/a>\r\n\t\t\t<\/div>\r\n\t\t\t<div class=\"sp-caption\">Addobbo natalizio: palla in vetro con decoro di fiori colore oro 80 mm.<br \/><strong><a href=\"https:\/\/www.holyart.it\/it\/natale\/addobbi-natalizi-per-lalbero\/palline-di-natale\/addobbo-palla-vetro-fiori-oro-80-mm\">Acquista su Holyart<\/a><\/strong><\/div>\r\n\t\t<\/div>\r\n\t\t<div class=\"sp-slide\">\r\n\t\t\t<img loading=\"lazy\" decoding=\"async\" class=\"sp-image\" src=\"https:\/\/blog.holyart.it\/it\/wp-content\/uploads\/sites\/17\/2022\/11\/set-16-palline-50-mm-albero-natale-oro-marrone-puntale-oro-vetro-soffiato.jpg\" alt=\"set 16 palline 50 mm albero natale oro marrone puntale oro vetro soffiato\" width=\"500\" height=\"500\" \/>\r\n\t\t\t<div class=\"sp-thumbnail\"><a class=\"\" href=\"https:\/\/www.holyart.it\/it\/natale\/addobbi-natalizi-per-lalbero\/puntali-albero-di-natale\/set-16-palline-50-mm-albero-natale-oro-marrone-puntale-oro-vetro-soffiato\">\r\n\t\t\t\t<img decoding=\"async\" src=\"https:\/\/blog.holyart.it\/it\/wp-content\/uploads\/sites\/17\/2022\/11\/set-16-palline-50-mm-albero-natale-oro-marrone-puntale-oro-vetro-soffiato-150x150-1.jpg\" alt=\"set 16 palline 50 mm albero natale oro marrone puntale oro vetro soffiato\" \/>\r\n\t\t\t<\/a>\r\n\t\t\t<\/div>\r\n\t\t\t<div class=\"sp-caption\">Set 16 palline 50 mm albero Natale oro marrone puntale oro vetro soffiato.<br \/><strong><a href=\"https:\/\/www.holyart.it\/it\/natale\/addobbi-natalizi-per-lalbero\/puntali-albero-di-natale\/set-16-palline-50-mm-albero-natale-oro-marrone-puntale-oro-vetro-soffiato\">Acquista su Holyart<\/a><\/strong><\/div>\r\n\t\t<\/div>\r\n\t<\/div>\r\n<\/div>\n<h2>Albero di Natale minimal<\/h2>\n<p>Se preferite uno stile pi\u00f9 minimal, e magari avete una predilezione per gli alberi veri, la scelta migliore \u00e8 quella di <a href=\"https:\/\/www.holyart.it\/it\/natale\/luci-di-natale\"><strong>investire nelle luci<\/strong><\/a>. Fate risplendere il vostro Albero e la vostra casa con catene di luci led, cascate scintillanti, file di lucine palpitanti e colorate. La luce a Natale \u00e8 un trend che non tramonta mai!<\/p>\n<div class=\"link-product\">\n<div class=\"blocco-immagine\"><img loading=\"lazy\" decoding=\"async\" class=\"size-full wp-image-16740 alignleft\" src=\"https:\/\/blog.holyart.it\/it\/wp-content\/uploads\/sites\/17\/2022\/11\/luce-natale-catena-verde-1000-led-caldi-bianchi-esterni-interruttore-100-m.jpg\" alt=\"luce natale catena verde 1000 led caldi bianchi esterni interruttore 100 m\" width=\"100\" height=\"100\" data-kale-share-title=\"Tendenze Natale 2022: qual \u00e8 il colore perfetto per il proprio albero\" data-kale-share-url=\"https:\/\/blog.holyart.it\/it\/?p=16710\" \/><\/div>\n<div class=\"blocco-contenuto\">\n<div class=\"blocco-acquista\">Acquista su Holyart:<\/div>\n<div class=\"blocco-titolo\"><a href=\"https:\/\/www.holyart.it\/it\/natale\/luci-di-natale\">Luci di Natale<\/a><\/div>\n<div class=\"blocco-descrizione\">Luci di natale e illuminazioni per interno casa, e luci natalizie per esterni.<\/div>\n<\/div>\n<\/div>\n","protected":false},"excerpt":{"rendered":"<p>Albero di Natale classico o trendy? Verde o bianco? L&#8217;importante \u00e8 seguire il vostro gusto, e magari i consigli degli esperti, per una casa natalizia che parli di voi Decorare la casa a Natale non \u00e8 solo una questione di tradizione e nostalgia, cos\u00ec come&hellip;<\/p>\n","protected":false},"author":1,"featured_media":16747,"comment_status":"closed","ping_status":"open","sticky":false,"template":"","format":"standard","meta":{"_acf_changed":false,"footnotes":""},"categories":[18],"tags":[],"class_list":["post-16710","post","type-post","status-publish","format-standard","has-post-thumbnail","hentry","category-natale"],"acf":[],"yoast_head":"<!-- This site is optimized with the Yoast SEO plugin v26.6 - https:\/\/yoast.com\/wordpress\/plugins\/seo\/ -->\n<title>Tendenze Natale 2022: qual \u00e8 il colore perfetto per il proprio albero<\/title>\n<meta name=\"description\" content=\"Avete scelto come decorare l&#039;Albero di Natale? Ecco le tendenze Natale 2022, con un occhio alla tradizione e tanta voglia di rinnovarsi\" \/>\n<meta name=\"robots\" content=\"index, follow, max-snippet:-1, max-image-preview:large, max-video-preview:-1\" \/>\n<link rel=\"canonical\" href=\"https:\/\/blog.holyart.it\/it\/natale\/tendenze-natale-2022-albero\/\" \/>\n<meta property=\"og:locale\" content=\"it_IT\" \/>\n<meta property=\"og:type\" content=\"article\" \/>\n<meta property=\"og:title\" content=\"Tendenze Natale 2022: qual \u00e8 il colore perfetto per il proprio albero\" \/>\n<meta property=\"og:description\" content=\"Avete scelto come decorare l&#039;Albero di Natale? Ecco le tendenze Natale 2022, con un occhio alla tradizione e tanta voglia di rinnovarsi\" \/>\n<meta property=\"og:url\" content=\"https:\/\/blog.holyart.it\/it\/natale\/tendenze-natale-2022-albero\/\" \/>\n<meta property=\"og:site_name\" content=\"Holyblog\" \/>\n<meta property=\"article:published_time\" content=\"2022-11-14T11:30:14+00:00\" \/>\n<meta property=\"og:image\" content=\"https:\/\/blog.holyart.it\/it\/wp-content\/uploads\/sites\/17\/2022\/11\/tendenze-natale-2022.jpg\" \/>\n\t<meta property=\"og:image:width\" content=\"1000\" \/>\n\t<meta property=\"og:image:height\" content=\"666\" \/>\n\t<meta property=\"og:image:type\" content=\"image\/jpeg\" \/>\n<meta name=\"author\" content=\"Redazione\" \/>\n<meta name=\"twitter:card\" content=\"summary_large_image\" \/>\n<meta name=\"twitter:label1\" content=\"Scritto da\" \/>\n\t<meta name=\"twitter:data1\" content=\"Redazione\" \/>\n\t<meta name=\"twitter:label2\" content=\"Tempo di lettura stimato\" \/>\n\t<meta name=\"twitter:data2\" content=\"8 minuti\" \/>\n<script type=\"application\/ld+json\" class=\"yoast-schema-graph\">{\"@context\":\"https:\/\/schema.org\",\"@graph\":[{\"@type\":\"Article\",\"@id\":\"https:\/\/blog.holyart.it\/it\/natale\/tendenze-natale-2022-albero\/#article\",\"isPartOf\":{\"@id\":\"https:\/\/blog.holyart.it\/it\/natale\/tendenze-natale-2022-albero\/\"},\"author\":{\"name\":\"Redazione\",\"@id\":\"https:\/\/blog.holyart.it\/it\/#\/schema\/person\/0a7b686e5af0f856ec1e390dd0baecda\"},\"headline\":\"Tendenze Natale 2022: qual \u00e8 il colore perfetto per il proprio albero\",\"datePublished\":\"2022-11-14T11:30:14+00:00\",\"mainEntityOfPage\":{\"@id\":\"https:\/\/blog.holyart.it\/it\/natale\/tendenze-natale-2022-albero\/\"},\"wordCount\":1701,\"publisher\":{\"@id\":\"https:\/\/blog.holyart.it\/it\/#organization\"},\"image\":{\"@id\":\"https:\/\/blog.holyart.it\/it\/natale\/tendenze-natale-2022-albero\/#primaryimage\"},\"thumbnailUrl\":\"https:\/\/blog.holyart.it\/it\/wp-content\/uploads\/sites\/17\/2022\/11\/tendenze-natale-2022.jpg\",\"articleSection\":[\"Natale\"],\"inLanguage\":\"it-IT\"},{\"@type\":\"WebPage\",\"@id\":\"https:\/\/blog.holyart.it\/it\/natale\/tendenze-natale-2022-albero\/\",\"url\":\"https:\/\/blog.holyart.it\/it\/natale\/tendenze-natale-2022-albero\/\",\"name\":\"Tendenze Natale 2022: qual \u00e8 il colore perfetto per il proprio albero\",\"isPartOf\":{\"@id\":\"https:\/\/blog.holyart.it\/it\/#website\"},\"primaryImageOfPage\":{\"@id\":\"https:\/\/blog.holyart.it\/it\/natale\/tendenze-natale-2022-albero\/#primaryimage\"},\"image\":{\"@id\":\"https:\/\/blog.holyart.it\/it\/natale\/tendenze-natale-2022-albero\/#primaryimage\"},\"thumbnailUrl\":\"https:\/\/blog.holyart.it\/it\/wp-content\/uploads\/sites\/17\/2022\/11\/tendenze-natale-2022.jpg\",\"datePublished\":\"2022-11-14T11:30:14+00:00\",\"description\":\"Avete scelto come decorare l'Albero di Natale? Ecco le tendenze Natale 2022, con un occhio alla tradizione e tanta voglia di rinnovarsi\",\"breadcrumb\":{\"@id\":\"https:\/\/blog.holyart.it\/it\/natale\/tendenze-natale-2022-albero\/#breadcrumb\"},\"inLanguage\":\"it-IT\",\"potentialAction\":[{\"@type\":\"ReadAction\",\"target\":[\"https:\/\/blog.holyart.it\/it\/natale\/tendenze-natale-2022-albero\/\"]}]},{\"@type\":\"ImageObject\",\"inLanguage\":\"it-IT\",\"@id\":\"https:\/\/blog.holyart.it\/it\/natale\/tendenze-natale-2022-albero\/#primaryimage\",\"url\":\"https:\/\/blog.holyart.it\/it\/wp-content\/uploads\/sites\/17\/2022\/11\/tendenze-natale-2022.jpg\",\"contentUrl\":\"https:\/\/blog.holyart.it\/it\/wp-content\/uploads\/sites\/17\/2022\/11\/tendenze-natale-2022.jpg\",\"width\":1000,\"height\":666,\"caption\":\"tendenze natale 2022\"},{\"@type\":\"BreadcrumbList\",\"@id\":\"https:\/\/blog.holyart.it\/it\/natale\/tendenze-natale-2022-albero\/#breadcrumb\",\"itemListElement\":[{\"@type\":\"ListItem\",\"position\":1,\"name\":\"Homepage\",\"item\":\"https:\/\/blog.holyart.it\/it\/\"},{\"@type\":\"ListItem\",\"position\":2,\"name\":\"Natale\",\"item\":\"https:\/\/blog.holyart.it\/it\/natale\/\"},{\"@type\":\"ListItem\",\"position\":3,\"name\":\"Tendenze Natale 2022: qual \u00e8 il colore perfetto per il proprio albero\"}]},{\"@type\":\"WebSite\",\"@id\":\"https:\/\/blog.holyart.it\/it\/#website\",\"url\":\"https:\/\/blog.holyart.it\/it\/\",\"name\":\"Holyblog\",\"description\":\"Il Blog di Holyart.it\",\"publisher\":{\"@id\":\"https:\/\/blog.holyart.it\/it\/#organization\"},\"potentialAction\":[{\"@type\":\"SearchAction\",\"target\":{\"@type\":\"EntryPoint\",\"urlTemplate\":\"https:\/\/blog.holyart.it\/it\/?s={search_term_string}\"},\"query-input\":{\"@type\":\"PropertyValueSpecification\",\"valueRequired\":true,\"valueName\":\"search_term_string\"}}],\"inLanguage\":\"it-IT\"},{\"@type\":\"Organization\",\"@id\":\"https:\/\/blog.holyart.it\/it\/#organization\",\"name\":\"Holyblog\",\"url\":\"https:\/\/blog.holyart.it\/it\/\",\"logo\":{\"@type\":\"ImageObject\",\"inLanguage\":\"it-IT\",\"@id\":\"https:\/\/blog.holyart.it\/it\/#\/schema\/logo\/image\/\",\"url\":\"https:\/\/blog.holyart.it\/it\/wp-content\/uploads\/sites\/17\/2022\/12\/Holyart_Blog_Logo.jpg\",\"contentUrl\":\"https:\/\/blog.holyart.it\/it\/wp-content\/uploads\/sites\/17\/2022\/12\/Holyart_Blog_Logo.jpg\",\"width\":300,\"height\":50,\"caption\":\"Holyblog\"},\"image\":{\"@id\":\"https:\/\/blog.holyart.it\/it\/#\/schema\/logo\/image\/\"}},{\"@type\":\"Person\",\"@id\":\"https:\/\/blog.holyart.it\/it\/#\/schema\/person\/0a7b686e5af0f856ec1e390dd0baecda\",\"name\":\"Redazione\"}]}<\/script>\n<!-- \/ Yoast SEO plugin. -->","yoast_head_json":{"title":"Tendenze Natale 2022: qual \u00e8 il colore perfetto per il proprio albero","description":"Avete scelto come decorare l'Albero di Natale? Ecco le tendenze Natale 2022, con un occhio alla tradizione e tanta voglia di rinnovarsi","robots":{"index":"index","follow":"follow","max-snippet":"max-snippet:-1","max-image-preview":"max-image-preview:large","max-video-preview":"max-video-preview:-1"},"canonical":"https:\/\/blog.holyart.it\/it\/natale\/tendenze-natale-2022-albero\/","og_locale":"it_IT","og_type":"article","og_title":"Tendenze Natale 2022: qual \u00e8 il colore perfetto per il proprio albero","og_description":"Avete scelto come decorare l'Albero di Natale? Ecco le tendenze Natale 2022, con un occhio alla tradizione e tanta voglia di rinnovarsi","og_url":"https:\/\/blog.holyart.it\/it\/natale\/tendenze-natale-2022-albero\/","og_site_name":"Holyblog","article_published_time":"2022-11-14T11:30:14+00:00","og_image":[{"width":1000,"height":666,"url":"https:\/\/blog.holyart.it\/it\/wp-content\/uploads\/sites\/17\/2022\/11\/tendenze-natale-2022.jpg","type":"image\/jpeg"}],"author":"Redazione","twitter_card":"summary_large_image","twitter_misc":{"Scritto da":"Redazione","Tempo di lettura stimato":"8 minuti"},"schema":{"@context":"https:\/\/schema.org","@graph":[{"@type":"Article","@id":"https:\/\/blog.holyart.it\/it\/natale\/tendenze-natale-2022-albero\/#article","isPartOf":{"@id":"https:\/\/blog.holyart.it\/it\/natale\/tendenze-natale-2022-albero\/"},"author":{"name":"Redazione","@id":"https:\/\/blog.holyart.it\/it\/#\/schema\/person\/0a7b686e5af0f856ec1e390dd0baecda"},"headline":"Tendenze Natale 2022: qual \u00e8 il colore perfetto per il proprio albero","datePublished":"2022-11-14T11:30:14+00:00","mainEntityOfPage":{"@id":"https:\/\/blog.holyart.it\/it\/natale\/tendenze-natale-2022-albero\/"},"wordCount":1701,"publisher":{"@id":"https:\/\/blog.holyart.it\/it\/#organization"},"image":{"@id":"https:\/\/blog.holyart.it\/it\/natale\/tendenze-natale-2022-albero\/#primaryimage"},"thumbnailUrl":"https:\/\/blog.holyart.it\/it\/wp-content\/uploads\/sites\/17\/2022\/11\/tendenze-natale-2022.jpg","articleSection":["Natale"],"inLanguage":"it-IT"},{"@type":"WebPage","@id":"https:\/\/blog.holyart.it\/it\/natale\/tendenze-natale-2022-albero\/","url":"https:\/\/blog.holyart.it\/it\/natale\/tendenze-natale-2022-albero\/","name":"Tendenze Natale 2022: qual \u00e8 il colore perfetto per il proprio albero","isPartOf":{"@id":"https:\/\/blog.holyart.it\/it\/#website"},"primaryImageOfPage":{"@id":"https:\/\/blog.holyart.it\/it\/natale\/tendenze-natale-2022-albero\/#primaryimage"},"image":{"@id":"https:\/\/blog.holyart.it\/it\/natale\/tendenze-natale-2022-albero\/#primaryimage"},"thumbnailUrl":"https:\/\/blog.holyart.it\/it\/wp-content\/uploads\/sites\/17\/2022\/11\/tendenze-natale-2022.jpg","datePublished":"2022-11-14T11:30:14+00:00","description":"Avete scelto come decorare l'Albero di Natale? Ecco le tendenze Natale 2022, con un occhio alla tradizione e tanta voglia di rinnovarsi","breadcrumb":{"@id":"https:\/\/blog.holyart.it\/it\/natale\/tendenze-natale-2022-albero\/#breadcrumb"},"inLanguage":"it-IT","potentialAction":[{"@type":"ReadAction","target":["https:\/\/blog.holyart.it\/it\/natale\/tendenze-natale-2022-albero\/"]}]},{"@type":"ImageObject","inLanguage":"it-IT","@id":"https:\/\/blog.holyart.it\/it\/natale\/tendenze-natale-2022-albero\/#primaryimage","url":"https:\/\/blog.holyart.it\/it\/wp-content\/uploads\/sites\/17\/2022\/11\/tendenze-natale-2022.jpg","contentUrl":"https:\/\/blog.holyart.it\/it\/wp-content\/uploads\/sites\/17\/2022\/11\/tendenze-natale-2022.jpg","width":1000,"height":666,"caption":"tendenze natale 2022"},{"@type":"BreadcrumbList","@id":"https:\/\/blog.holyart.it\/it\/natale\/tendenze-natale-2022-albero\/#breadcrumb","itemListElement":[{"@type":"ListItem","position":1,"name":"Homepage","item":"https:\/\/blog.holyart.it\/it\/"},{"@type":"ListItem","position":2,"name":"Natale","item":"https:\/\/blog.holyart.it\/it\/natale\/"},{"@type":"ListItem","position":3,"name":"Tendenze Natale 2022: qual \u00e8 il colore perfetto per il proprio albero"}]},{"@type":"WebSite","@id":"https:\/\/blog.holyart.it\/it\/#website","url":"https:\/\/blog.holyart.it\/it\/","name":"Holyblog","description":"Il Blog di Holyart.it","publisher":{"@id":"https:\/\/blog.holyart.it\/it\/#organization"},"potentialAction":[{"@type":"SearchAction","target":{"@type":"EntryPoint","urlTemplate":"https:\/\/blog.holyart.it\/it\/?s={search_term_string}"},"query-input":{"@type":"PropertyValueSpecification","valueRequired":true,"valueName":"search_term_string"}}],"inLanguage":"it-IT"},{"@type":"Organization","@id":"https:\/\/blog.holyart.it\/it\/#organization","name":"Holyblog","url":"https:\/\/blog.holyart.it\/it\/","logo":{"@type":"ImageObject","inLanguage":"it-IT","@id":"https:\/\/blog.holyart.it\/it\/#\/schema\/logo\/image\/","url":"https:\/\/blog.holyart.it\/it\/wp-content\/uploads\/sites\/17\/2022\/12\/Holyart_Blog_Logo.jpg","contentUrl":"https:\/\/blog.holyart.it\/it\/wp-content\/uploads\/sites\/17\/2022\/12\/Holyart_Blog_Logo.jpg","width":300,"height":50,"caption":"Holyblog"},"image":{"@id":"https:\/\/blog.holyart.it\/it\/#\/schema\/logo\/image\/"}},{"@type":"Person","@id":"https:\/\/blog.holyart.it\/it\/#\/schema\/person\/0a7b686e5af0f856ec1e390dd0baecda","name":"Redazione"}]}},"_links":{"self":[{"href":"https:\/\/blog.holyart.it\/it\/wp-json\/wp\/v2\/posts\/16710","targetHints":{"allow":["GET"]}}],"collection":[{"href":"https:\/\/blog.holyart.it\/it\/wp-json\/wp\/v2\/posts"}],"about":[{"href":"https:\/\/blog.holyart.it\/it\/wp-json\/wp\/v2\/types\/post"}],"author":[{"embeddable":true,"href":"https:\/\/blog.holyart.it\/it\/wp-json\/wp\/v2\/users\/1"}],"replies":[{"embeddable":true,"href":"https:\/\/blog.holyart.it\/it\/wp-json\/wp\/v2\/comments?post=16710"}],"version-history":[{"count":0,"href":"https:\/\/blog.holyart.it\/it\/wp-json\/wp\/v2\/posts\/16710\/revisions"}],"wp:featuredmedia":[{"embeddable":true,"href":"https:\/\/blog.holyart.it\/it\/wp-json\/wp\/v2\/media\/16747"}],"wp:attachment":[{"href":"https:\/\/blog.holyart.it\/it\/wp-json\/wp\/v2\/media?parent=16710"}],"wp:term":[{"taxonomy":"category","embeddable":true,"href":"https:\/\/blog.holyart.it\/it\/wp-json\/wp\/v2\/categories?post=16710"},{"taxonomy":"post_tag","embeddable":true,"href":"https:\/\/blog.holyart.it\/it\/wp-json\/wp\/v2\/tags?post=16710"}],"curies":[{"name":"wp","href":"https:\/\/api.w.org\/{rel}","templated":true}]}}