{"id":16598,"date":"2022-10-26T12:30:32","date_gmt":"2022-10-26T10:30:32","guid":{"rendered":"https:\/\/blog.holyart.it\/it\/?p=16598"},"modified":"2025-10-28T14:42:35","modified_gmt":"2025-10-28T13:42:35","slug":"cremazione-e-religione-cattolica-e-concessa","status":"publish","type":"post","link":"https:\/\/blog.holyart.it\/it\/articoli-religiosi\/cremazione-e-religione-cattolica-e-concessa\/","title":{"rendered":"Cremazione e religione cattolica: \u00e8 concessa?"},"content":{"rendered":"<h4>Il rapporto tra cremazione e religione cattolica \u00e8 stato a lungo oggetto di equivoci e incomprensioni. Ecco che cosa si pu\u00f2 fare e cosa no quando si decide di bruciare il corpo di un caro estinto<\/h4>\n\n<p>Oggi parliamo di <strong>cremazione e religione cattolica<\/strong>. Mentre si avvicina il giorno della <strong>Commemorazione dei defunti<\/strong>, diventa prioritario per i cristiani riflettere su molti aspetti della Fede e della spiritualit\u00e0 cattolica. Il <strong>rapporto tra cremazione e Chiesa<\/strong> \u00e8 uno di quegli aspetti non del tutto chiari a molti. In questo periodo dedicato al raccoglimento e alla meditazione, oltre che alla preghiera in suffragio delle anime di chi non \u00e8 pi\u00f9 accanto a noi, non nella forma che eravamo abituati a conoscere, \u00e8 normale soffermarci su realt\u00e0 profonde, pratiche e simboli che appartengono alla nostra quotidianit\u00e0, al punto che spesso cessiamo di interrogarci riguardo alla loro origine, al perch\u00e9 siano cos\u00ec importanti per noi.<\/p>\n<h2>Significato della Croce prima del Cristianesimo<\/h2>\n<p>Uno degli esempi pi\u00f9 evidenti \u00e8 la <a href=\"https:\/\/www.holyart.it\/it\/articoli-religiosi\/crocefissi\/crocifissi-in-legno\/crocefisso-croce-dritta-mod.-corpus-valgardena-naturale-cerato\"><strong>Croce<\/strong><\/a>, simbolo cristiano per eccellenza, ma molto pi\u00f9 antico dell&#8217;origine del Cristianesimo, che non \u00e8 stato di certo la prima religione a utilizzarlo. Gi\u00e0 nell\u2019et\u00e0 della Pietra veniva utilizzata, ovviamente con una valenza completamente diversa, e molte religioni pre-cristiane l&#8217;hanno rivestita di significati solenni secoli prima che venisse associata alla morte di Ges\u00f9. Del resto, la facilit\u00e0 con cui pu\u00f2 essere riprodotta ci fa intuire perch\u00e9 sia <strong><a href=\"https:\/\/www.holyart.it\/blog\/articoli-religiosi\/tipi-di-croci-e-i-loro-significati\/\">uno dei simboli pi\u00f9 antichi dell\u2019umanit\u00e0<\/a><\/strong>.<\/p>\n<div class=\"link-product\">\n<div class=\"blocco-immagine\"><img loading=\"lazy\" decoding=\"async\" class=\"size-full wp-image-16600 alignleft\" src=\"https:\/\/blog.holyart.it\/it\/wp-content\/uploads\/sites\/17\/2022\/10\/crocefisso-croce-dritta-mod.-corpus-valgardena-naturale-cerato.jpg\" alt=\"crocefisso croce dritta mod. corpus valgardena naturale cerato\" width=\"100\" height=\"100\" data-kale-share-title=\"Cremazione e religione cattolica: \u00e8 concessa?\" data-kale-share-url=\"https:\/\/blog.holyart.it\/it\/?p=16598\" \/><\/div>\n<div class=\"blocco-contenuto\">\n<div class=\"blocco-acquista\">Acquista su Holyart:<\/div>\n<div class=\"blocco-titolo\"><a href=\"https:\/\/www.holyart.it\/it\/articoli-religiosi\/crocefissi\/crocifissi-in-legno\/crocefisso-croce-dritta-mod.-corpus-valgardena-naturale-cerato\">Crocefisso croce dritta mod. Corpus Valgardena naturale cerato<\/a><\/div>\n<div class=\"blocco-descrizione\">Finitura in legno naturale cerato.<\/div>\n<\/div>\n<\/div>\n<p>Nella <strong>mitologia vichinga<\/strong> Odino era simboleggiato da una croce racchiusa in un cerchio, ancora oggi nota come <strong>croce celtica<\/strong>, mentre per gli <strong>egiziani<\/strong> una croce con un cerchio nella parte superiore, l&#8217;<em>ankh<\/em>, era un simbolo di vita e fertilit\u00e0. Ma la croce precristiana era usata come simbolo religioso e come ornamento anche in Siria, Grecia, India, Africa e Messico. Se oggi la Croce \u00e8 considerata dai cristiani cattolici il <strong><a href=\"https:\/\/www.holyart.it\/blog\/articoli-religiosi\/perche-gesu-in-croce-e-un-simbolo-cosi-importante-per-i-cattolici-2\">simbolo dell&#8217;Amore di Dio<\/a><\/strong>, nel suo ricordare la morte di Ges\u00f9, che si \u00e8 immolato per noi tutti, anticamente non veniva apprezzata dai cristiani stessi, perch\u00e9 considerata un simbolo di biasimo, associata solo all&#8217;idea di supplizio. Poi, lentamente, inizi\u00f2 a essere utilizzata con il significato che le attribuiamo oggi.<\/p>\n<div class=\"link-article\">\n<p><img loading=\"lazy\" decoding=\"async\" class=\"size-full wp-image-16601 alignleft\" src=\"https:\/\/blog.holyart.it\/it\/wp-content\/uploads\/sites\/17\/2022\/10\/gesu-in-croce.jpg\" alt=\"ges\u00f9 in croce\" width=\"150\" height=\"99\" data-kale-share-title=\"Cremazione e religione cattolica: \u00e8 concessa?\" data-kale-share-url=\"https:\/\/blog.holyart.it\/it\/?p=16598\" \/><\/p>\n<div class=\"leggi-anche\">Leggi anche:<\/div>\n<p><strong><a href=\"https:\/\/www.holyart.it\/blog\/articoli-religiosi\/perche-gesu-in-croce-e-un-simbolo-cosi-importante-per-i-cattolici-2\/\">Perch\u00e8 Ges\u00f9 in croce \u00e8 un simbolo cos\u00ec importante per i cattolici?<\/a><\/strong><br \/>\nLa figura di Ges\u00f9 in croce rappresenta per ogni cristiano il simbolo&#8230;<\/p>\n<\/div>\n<h2>Cremazione e Cattolicesimo<\/h2>\n<p>Per quanto riguarda la <strong>cremazione<\/strong>, ovvero la pratica di ridurre in cenere i corpi dei defunti, come si pone la Chiesa? Ebbene, <strong>la cremazione \u00e8 ammessa dalla chiesa cattolica<\/strong>. Questo va chiarito, perch\u00e9 in passato ci sono stati periodi di aperta condanna. In realt\u00e0 non \u00e8 mai stata la pratica della cremazione in s\u00e9 ad essere condannata. Anche se in occidente <a href=\"https:\/\/www.holyart.it\/blog\/articoli-religiosi\/come-si-svolge-un-funerale-cattolico\/\"><strong>si \u00e8 sempre preferita la sepoltura<\/strong><\/a>, in molti periodi della storia dell&#8217;umanit\u00e0 non c&#8217;era altra scelta che non bruciare i cadaveri, soprattutto in caso di situazioni critiche dal punto di vista <strong>igienico-sanitario<\/strong>, come epidemie o guerre. Questa eventualit\u00e0 non metteva in alcun modo in discussione <strong>il diritto delle anime di ottenere l&#8217;immortalit\u00e0<\/strong>.<\/p>\n<div class=\"link-article\">\n<p><img loading=\"lazy\" decoding=\"async\" class=\"size-full wp-image-16602 alignleft\" src=\"https:\/\/blog.holyart.it\/it\/wp-content\/uploads\/sites\/17\/2022\/10\/come-si-svolge-un-funerale-cattolico.jpg\" alt=\"come si svolge un funerale cattolico\" width=\"150\" height=\"99\" data-kale-share-title=\"Cremazione e religione cattolica: \u00e8 concessa?\" data-kale-share-url=\"https:\/\/blog.holyart.it\/it\/?p=16598\" \/><\/p>\n<div class=\"leggi-anche\">Leggi anche:<\/div>\n<p><strong><a href=\"https:\/\/www.holyart.it\/blog\/articoli-religiosi\/come-si-svolge-un-funerale-cattolico\/\">Come si svolge un funerale cattolico<\/a><\/strong><br \/>\nLa morte per un cattolico rappresenta un incontro con Ges\u00f9 nella vita eterna. Ecco come si svolge un funerale cattolico&#8230;<\/p>\n<\/div>\n<p>\u00c8 vero tuttavia che in molti casi la cremazione era una pratica legata al paganesimo e a chi negava la vita dopo la morte e la Resurrezione. Nell&#8217;<strong>epoca dei Lumi<\/strong>, l\u2019ateismo imperante fece della cremazione uno dei suoi baluardi, un modo per irridere i credenti e la religione, e per questo motivo <strong>la Chiesa dovette per un certo periodo condannare la pratica della cremazione<\/strong>, per quello che era arrivata a simboleggiare per i nemici del Cristianesimo. Essa venne riabilitata dalla Santa Sede solo nel <strong>1963<\/strong>, con il documento<em> Piam et Constantem<\/em>, e da allora viene considerata una forma di cura dei defunti rispettosa quanto la sepoltura. Quando alla fine dei tempi tutti i credenti resusciteranno, non far\u00e0 differenza se di loro sar\u00e0 rimasta polvere o piuttosto cenere, purch\u00e9 si siano addormentati nella luce e nell&#8217;amore di Dio.<\/p>\n<h2>Come custodire le ceneri dei defunti<\/h2>\n<p>E dopo la cremazione cosa si pu\u00f2 fare con le ceneri? Se da un lato abbiamo visto che la Chiesa ammette la cremazione, tutt&#8217;altro atteggiamento \u00e8 tenuto verso la cremazione e dispersione ceneri. La <strong>Congregazione per la dottrina della Fede<\/strong> accetta la cremazione, ma <strong>proibisce la dispersione delle ceneri dei defunti<\/strong> in aria, acqua o terra, e anche la <strong>conservazione delle ceneri funerarie in casa<\/strong>. L&#8217;istruzione <em>Ad resurgendum cum Christo<\/em>, che nel 2016 \u00e8 stato approvato da Papa Francesco e ha aggiornato la precedente <em>Piam et Constantem conferma che \u201cla cremazione non \u00e8 vietata, a meno che questa non sia scelta per ragioni contrarie alla dottrina cristiana\u201d, a patto per\u00f2 che \u201cle ceneri del defunto siano conservate in un luogo sacro, cio\u00e8 in un cimitero o in una chiesa o in un\u2019area appositamente dedicata a tale scopo dalla competente autorit\u00e0 ecclesiastica\u201d. Inoltre la sepoltura \u00e8 sempre considerata la pratica preferenziale, a meno che &#8220;ragioni di tipo igienico, economico o sociale portino a scegliere la cremazione&#8221;. <\/em><\/p>\n<p>Se le <strong>leggi civili <\/strong>consentono dunque di conservare in casa dopo l&#8217;incinerazione le ceneri funerarie dei propri cari defunti, o di inserirle in oggetti commemorativi (gioielli, sculture), o ancora di disperderle secondo norme igienico sanitarie stabilite dal Comune, per la Chiesa una conservazione delle stesse che esuli dalle regole imposte prevede il legittimo <strong>rifiuto delle Esequie<\/strong>.<\/p>\n<p>Nel nostro store troverete <a href=\"https:\/\/www.holyart.it\/it\/articoli-religiosi\/articoli-funerari\"><strong>articoli funerari di ogni genere<\/strong><\/a>, urne funerarie e <a href=\"https:\/\/www.holyart.it\/it\/articoli-religiosi\/articoli-funerari?page=1&amp;params=%7B%22offset%22:0,%22limit%22:60,%22filters%22:%5B%5D,%22sorter%22:%22YEAR_BEST_SELLERS%22,%22categoryIds%22:%5B108447%5D,%22filtersByIds%22:%5B%7B%22key%22:39,%22values%22:%5B1758%5D%7D%5D%7D\"><strong>urne cinerarie<\/strong><\/a> per il contenimento delle ceneri realizzate a mano da artigiani italiani, targhe e applicazioni per le lapidi dei cimiteri, vasi portafiori e un vasto assortimento di candele votive, lumini, lampade in cera o elettriche per illuminare il luogo del riposo dei vostri cari.<\/p>\n<div class=\"link-product\">\n<div class=\"blocco-immagine\"><img loading=\"lazy\" decoding=\"async\" class=\"size-full wp-image-16604 alignleft\" src=\"https:\/\/blog.holyart.it\/it\/wp-content\/uploads\/sites\/17\/2022\/10\/urna-cineraria-george-h..jpg\" alt=\"urna cineraria george h.\" width=\"100\" height=\"100\" data-kale-share-title=\"Cremazione e religione cattolica: \u00e8 concessa?\" data-kale-share-url=\"https:\/\/blog.holyart.it\/it\/?p=16598\" \/><\/div>\n<div class=\"blocco-contenuto\">\n<div class=\"blocco-acquista\">Acquista su Holyart:<\/div>\n<div class=\"blocco-titolo\"><a href=\"https:\/\/www.holyart.it\/it\/articoli-religiosi\/articoli-funerari?page=1&amp;params=%7B%22offset%22:0,%22limit%22:60,%22filters%22:%5B%5D,%22sorter%22:%22YEAR_BEST_SELLERS%22,%22categoryIds%22:%5B108447%5D,%22filtersByIds%22:%5B%7B%22key%22:39,%22values%22:%5B1758%5D%7D%5D%7D\">Articoli funerari<\/a><\/div>\n<div class=\"blocco-descrizione\">Urne cinerarie realizzate a mano da artigiani italiani<\/div>\n<\/div>\n<\/div>\n<h2>Sepoltura o cremazione: cosa dice la Bibbia?<\/h2>\n<p>Abbiamo visto dunque la posizione della Chiesa cattolica e cremazione. Ma nella <a href=\"https:\/\/www.holyart.it\/it\/articoli-religiosi\/libri-e-testi-sacri\/bibbie\"><strong>Bibbia<\/strong><\/a> cosa c&#8217;\u00e8 scritto a riguardo? Per quanto riguarda la Bibbia, l&#8217;<strong>Antico Testamento non condanna la cremazione<\/strong>, n\u00e9 fornisce indicazioni contrarie o a favore di questa pratica. Gli ebrei seppellivano i loro morti in tombe e caverne, ma la Bibbia non indica mai la sepoltura come unico modo consentito per occuparsi di un cadavere.<\/p>\n","protected":false},"excerpt":{"rendered":"<p>Il rapporto tra cremazione e religione cattolica \u00e8 stato a lungo oggetto di equivoci e incomprensioni. Ecco che cosa si pu\u00f2 fare e cosa no quando si decide di bruciare il corpo di un caro estinto Oggi parliamo di cremazione e religione cattolica. Mentre si&hellip;<\/p>\n","protected":false},"author":1,"featured_media":16607,"comment_status":"closed","ping_status":"open","sticky":false,"template":"","format":"standard","meta":{"_acf_changed":false,"footnotes":""},"categories":[16],"tags":[],"class_list":["post-16598","post","type-post","status-publish","format-standard","has-post-thumbnail","hentry","category-articoli-religiosi"],"acf":[],"yoast_head":"<!-- This site is optimized with the Yoast SEO plugin v26.6 - https:\/\/yoast.com\/wordpress\/plugins\/seo\/ -->\n<title>Cremazione e religione cattolica: \u00e8 concessa? - Holyblog<\/title>\n<meta name=\"description\" content=\"Come si \u00e8 evoluto il rapporto tra cremazione e religione cattolica. Nessuna condanna alla pratica, ma regole precise riguardo la conservazione delle ceneri\" \/>\n<meta name=\"robots\" content=\"index, follow, max-snippet:-1, max-image-preview:large, max-video-preview:-1\" \/>\n<link rel=\"canonical\" href=\"https:\/\/blog.holyart.it\/it\/articoli-religiosi\/cremazione-e-religione-cattolica-e-concessa\/\" \/>\n<meta property=\"og:locale\" content=\"it_IT\" \/>\n<meta property=\"og:type\" content=\"article\" \/>\n<meta property=\"og:title\" content=\"Cremazione e religione cattolica: \u00e8 concessa? - Holyblog\" \/>\n<meta property=\"og:description\" content=\"Come si \u00e8 evoluto il rapporto tra cremazione e religione cattolica. Nessuna condanna alla pratica, ma regole precise riguardo la conservazione delle ceneri\" \/>\n<meta property=\"og:url\" content=\"https:\/\/blog.holyart.it\/it\/articoli-religiosi\/cremazione-e-religione-cattolica-e-concessa\/\" \/>\n<meta property=\"og:site_name\" content=\"Holyblog\" \/>\n<meta property=\"article:published_time\" content=\"2022-10-26T10:30:32+00:00\" \/>\n<meta property=\"article:modified_time\" content=\"2025-10-28T13:42:35+00:00\" \/>\n<meta property=\"og:image\" content=\"https:\/\/blog.holyart.it\/it\/wp-content\/uploads\/sites\/17\/2022\/10\/cremazione-e-religione-cattolica.jpeg\" \/>\n\t<meta property=\"og:image:width\" content=\"1000\" \/>\n\t<meta property=\"og:image:height\" content=\"666\" \/>\n\t<meta property=\"og:image:type\" content=\"image\/jpeg\" \/>\n<meta name=\"author\" content=\"Redazione\" \/>\n<meta name=\"twitter:card\" content=\"summary_large_image\" \/>\n<meta name=\"twitter:label1\" content=\"Scritto da\" \/>\n\t<meta name=\"twitter:data1\" content=\"Redazione\" \/>\n\t<meta name=\"twitter:label2\" content=\"Tempo di lettura stimato\" \/>\n\t<meta name=\"twitter:data2\" content=\"7 minuti\" \/>\n<script type=\"application\/ld+json\" class=\"yoast-schema-graph\">{\"@context\":\"https:\/\/schema.org\",\"@graph\":[{\"@type\":\"Article\",\"@id\":\"https:\/\/blog.holyart.it\/it\/articoli-religiosi\/cremazione-e-religione-cattolica-e-concessa\/#article\",\"isPartOf\":{\"@id\":\"https:\/\/blog.holyart.it\/it\/articoli-religiosi\/cremazione-e-religione-cattolica-e-concessa\/\"},\"author\":{\"name\":\"Redazione\",\"@id\":\"https:\/\/blog.holyart.it\/it\/#\/schema\/person\/0a7b686e5af0f856ec1e390dd0baecda\"},\"headline\":\"Cremazione e religione cattolica: \u00e8 concessa?\",\"datePublished\":\"2022-10-26T10:30:32+00:00\",\"dateModified\":\"2025-10-28T13:42:35+00:00\",\"mainEntityOfPage\":{\"@id\":\"https:\/\/blog.holyart.it\/it\/articoli-religiosi\/cremazione-e-religione-cattolica-e-concessa\/\"},\"wordCount\":1037,\"publisher\":{\"@id\":\"https:\/\/blog.holyart.it\/it\/#organization\"},\"image\":{\"@id\":\"https:\/\/blog.holyart.it\/it\/articoli-religiosi\/cremazione-e-religione-cattolica-e-concessa\/#primaryimage\"},\"thumbnailUrl\":\"https:\/\/blog.holyart.it\/it\/wp-content\/uploads\/sites\/17\/2022\/10\/cremazione-e-religione-cattolica.jpeg\",\"articleSection\":[\"Religione\"],\"inLanguage\":\"it-IT\"},{\"@type\":\"WebPage\",\"@id\":\"https:\/\/blog.holyart.it\/it\/articoli-religiosi\/cremazione-e-religione-cattolica-e-concessa\/\",\"url\":\"https:\/\/blog.holyart.it\/it\/articoli-religiosi\/cremazione-e-religione-cattolica-e-concessa\/\",\"name\":\"Cremazione e religione cattolica: \u00e8 concessa? - Holyblog\",\"isPartOf\":{\"@id\":\"https:\/\/blog.holyart.it\/it\/#website\"},\"primaryImageOfPage\":{\"@id\":\"https:\/\/blog.holyart.it\/it\/articoli-religiosi\/cremazione-e-religione-cattolica-e-concessa\/#primaryimage\"},\"image\":{\"@id\":\"https:\/\/blog.holyart.it\/it\/articoli-religiosi\/cremazione-e-religione-cattolica-e-concessa\/#primaryimage\"},\"thumbnailUrl\":\"https:\/\/blog.holyart.it\/it\/wp-content\/uploads\/sites\/17\/2022\/10\/cremazione-e-religione-cattolica.jpeg\",\"datePublished\":\"2022-10-26T10:30:32+00:00\",\"dateModified\":\"2025-10-28T13:42:35+00:00\",\"description\":\"Come si \u00e8 evoluto il rapporto tra cremazione e religione cattolica. Nessuna condanna alla pratica, ma regole precise riguardo la conservazione delle ceneri\",\"breadcrumb\":{\"@id\":\"https:\/\/blog.holyart.it\/it\/articoli-religiosi\/cremazione-e-religione-cattolica-e-concessa\/#breadcrumb\"},\"inLanguage\":\"it-IT\",\"potentialAction\":[{\"@type\":\"ReadAction\",\"target\":[\"https:\/\/blog.holyart.it\/it\/articoli-religiosi\/cremazione-e-religione-cattolica-e-concessa\/\"]}]},{\"@type\":\"ImageObject\",\"inLanguage\":\"it-IT\",\"@id\":\"https:\/\/blog.holyart.it\/it\/articoli-religiosi\/cremazione-e-religione-cattolica-e-concessa\/#primaryimage\",\"url\":\"https:\/\/blog.holyart.it\/it\/wp-content\/uploads\/sites\/17\/2022\/10\/cremazione-e-religione-cattolica.jpeg\",\"contentUrl\":\"https:\/\/blog.holyart.it\/it\/wp-content\/uploads\/sites\/17\/2022\/10\/cremazione-e-religione-cattolica.jpeg\",\"width\":1000,\"height\":666,\"caption\":\"cremazione e religione cattolica\"},{\"@type\":\"BreadcrumbList\",\"@id\":\"https:\/\/blog.holyart.it\/it\/articoli-religiosi\/cremazione-e-religione-cattolica-e-concessa\/#breadcrumb\",\"itemListElement\":[{\"@type\":\"ListItem\",\"position\":1,\"name\":\"Homepage\",\"item\":\"https:\/\/blog.holyart.it\/it\/\"},{\"@type\":\"ListItem\",\"position\":2,\"name\":\"Religione\",\"item\":\"https:\/\/blog.holyart.it\/it\/articoli-religiosi\/\"},{\"@type\":\"ListItem\",\"position\":3,\"name\":\"Cremazione e religione cattolica: \u00e8 concessa?\"}]},{\"@type\":\"WebSite\",\"@id\":\"https:\/\/blog.holyart.it\/it\/#website\",\"url\":\"https:\/\/blog.holyart.it\/it\/\",\"name\":\"Holyblog\",\"description\":\"Il Blog di Holyart.it\",\"publisher\":{\"@id\":\"https:\/\/blog.holyart.it\/it\/#organization\"},\"potentialAction\":[{\"@type\":\"SearchAction\",\"target\":{\"@type\":\"EntryPoint\",\"urlTemplate\":\"https:\/\/blog.holyart.it\/it\/?s={search_term_string}\"},\"query-input\":{\"@type\":\"PropertyValueSpecification\",\"valueRequired\":true,\"valueName\":\"search_term_string\"}}],\"inLanguage\":\"it-IT\"},{\"@type\":\"Organization\",\"@id\":\"https:\/\/blog.holyart.it\/it\/#organization\",\"name\":\"Holyblog\",\"url\":\"https:\/\/blog.holyart.it\/it\/\",\"logo\":{\"@type\":\"ImageObject\",\"inLanguage\":\"it-IT\",\"@id\":\"https:\/\/blog.holyart.it\/it\/#\/schema\/logo\/image\/\",\"url\":\"https:\/\/blog.holyart.it\/it\/wp-content\/uploads\/sites\/17\/2022\/12\/Holyart_Blog_Logo.jpg\",\"contentUrl\":\"https:\/\/blog.holyart.it\/it\/wp-content\/uploads\/sites\/17\/2022\/12\/Holyart_Blog_Logo.jpg\",\"width\":300,\"height\":50,\"caption\":\"Holyblog\"},\"image\":{\"@id\":\"https:\/\/blog.holyart.it\/it\/#\/schema\/logo\/image\/\"}},{\"@type\":\"Person\",\"@id\":\"https:\/\/blog.holyart.it\/it\/#\/schema\/person\/0a7b686e5af0f856ec1e390dd0baecda\",\"name\":\"Redazione\"}]}<\/script>\n<!-- \/ Yoast SEO plugin. -->","yoast_head_json":{"title":"Cremazione e religione cattolica: \u00e8 concessa? - Holyblog","description":"Come si \u00e8 evoluto il rapporto tra cremazione e religione cattolica. Nessuna condanna alla pratica, ma regole precise riguardo la conservazione delle ceneri","robots":{"index":"index","follow":"follow","max-snippet":"max-snippet:-1","max-image-preview":"max-image-preview:large","max-video-preview":"max-video-preview:-1"},"canonical":"https:\/\/blog.holyart.it\/it\/articoli-religiosi\/cremazione-e-religione-cattolica-e-concessa\/","og_locale":"it_IT","og_type":"article","og_title":"Cremazione e religione cattolica: \u00e8 concessa? - Holyblog","og_description":"Come si \u00e8 evoluto il rapporto tra cremazione e religione cattolica. Nessuna condanna alla pratica, ma regole precise riguardo la conservazione delle ceneri","og_url":"https:\/\/blog.holyart.it\/it\/articoli-religiosi\/cremazione-e-religione-cattolica-e-concessa\/","og_site_name":"Holyblog","article_published_time":"2022-10-26T10:30:32+00:00","article_modified_time":"2025-10-28T13:42:35+00:00","og_image":[{"width":1000,"height":666,"url":"https:\/\/blog.holyart.it\/it\/wp-content\/uploads\/sites\/17\/2022\/10\/cremazione-e-religione-cattolica.jpeg","type":"image\/jpeg"}],"author":"Redazione","twitter_card":"summary_large_image","twitter_misc":{"Scritto da":"Redazione","Tempo di lettura stimato":"7 minuti"},"schema":{"@context":"https:\/\/schema.org","@graph":[{"@type":"Article","@id":"https:\/\/blog.holyart.it\/it\/articoli-religiosi\/cremazione-e-religione-cattolica-e-concessa\/#article","isPartOf":{"@id":"https:\/\/blog.holyart.it\/it\/articoli-religiosi\/cremazione-e-religione-cattolica-e-concessa\/"},"author":{"name":"Redazione","@id":"https:\/\/blog.holyart.it\/it\/#\/schema\/person\/0a7b686e5af0f856ec1e390dd0baecda"},"headline":"Cremazione e religione cattolica: \u00e8 concessa?","datePublished":"2022-10-26T10:30:32+00:00","dateModified":"2025-10-28T13:42:35+00:00","mainEntityOfPage":{"@id":"https:\/\/blog.holyart.it\/it\/articoli-religiosi\/cremazione-e-religione-cattolica-e-concessa\/"},"wordCount":1037,"publisher":{"@id":"https:\/\/blog.holyart.it\/it\/#organization"},"image":{"@id":"https:\/\/blog.holyart.it\/it\/articoli-religiosi\/cremazione-e-religione-cattolica-e-concessa\/#primaryimage"},"thumbnailUrl":"https:\/\/blog.holyart.it\/it\/wp-content\/uploads\/sites\/17\/2022\/10\/cremazione-e-religione-cattolica.jpeg","articleSection":["Religione"],"inLanguage":"it-IT"},{"@type":"WebPage","@id":"https:\/\/blog.holyart.it\/it\/articoli-religiosi\/cremazione-e-religione-cattolica-e-concessa\/","url":"https:\/\/blog.holyart.it\/it\/articoli-religiosi\/cremazione-e-religione-cattolica-e-concessa\/","name":"Cremazione e religione cattolica: \u00e8 concessa? - Holyblog","isPartOf":{"@id":"https:\/\/blog.holyart.it\/it\/#website"},"primaryImageOfPage":{"@id":"https:\/\/blog.holyart.it\/it\/articoli-religiosi\/cremazione-e-religione-cattolica-e-concessa\/#primaryimage"},"image":{"@id":"https:\/\/blog.holyart.it\/it\/articoli-religiosi\/cremazione-e-religione-cattolica-e-concessa\/#primaryimage"},"thumbnailUrl":"https:\/\/blog.holyart.it\/it\/wp-content\/uploads\/sites\/17\/2022\/10\/cremazione-e-religione-cattolica.jpeg","datePublished":"2022-10-26T10:30:32+00:00","dateModified":"2025-10-28T13:42:35+00:00","description":"Come si \u00e8 evoluto il rapporto tra cremazione e religione cattolica. Nessuna condanna alla pratica, ma regole precise riguardo la conservazione delle ceneri","breadcrumb":{"@id":"https:\/\/blog.holyart.it\/it\/articoli-religiosi\/cremazione-e-religione-cattolica-e-concessa\/#breadcrumb"},"inLanguage":"it-IT","potentialAction":[{"@type":"ReadAction","target":["https:\/\/blog.holyart.it\/it\/articoli-religiosi\/cremazione-e-religione-cattolica-e-concessa\/"]}]},{"@type":"ImageObject","inLanguage":"it-IT","@id":"https:\/\/blog.holyart.it\/it\/articoli-religiosi\/cremazione-e-religione-cattolica-e-concessa\/#primaryimage","url":"https:\/\/blog.holyart.it\/it\/wp-content\/uploads\/sites\/17\/2022\/10\/cremazione-e-religione-cattolica.jpeg","contentUrl":"https:\/\/blog.holyart.it\/it\/wp-content\/uploads\/sites\/17\/2022\/10\/cremazione-e-religione-cattolica.jpeg","width":1000,"height":666,"caption":"cremazione e religione cattolica"},{"@type":"BreadcrumbList","@id":"https:\/\/blog.holyart.it\/it\/articoli-religiosi\/cremazione-e-religione-cattolica-e-concessa\/#breadcrumb","itemListElement":[{"@type":"ListItem","position":1,"name":"Homepage","item":"https:\/\/blog.holyart.it\/it\/"},{"@type":"ListItem","position":2,"name":"Religione","item":"https:\/\/blog.holyart.it\/it\/articoli-religiosi\/"},{"@type":"ListItem","position":3,"name":"Cremazione e religione cattolica: \u00e8 concessa?"}]},{"@type":"WebSite","@id":"https:\/\/blog.holyart.it\/it\/#website","url":"https:\/\/blog.holyart.it\/it\/","name":"Holyblog","description":"Il Blog di Holyart.it","publisher":{"@id":"https:\/\/blog.holyart.it\/it\/#organization"},"potentialAction":[{"@type":"SearchAction","target":{"@type":"EntryPoint","urlTemplate":"https:\/\/blog.holyart.it\/it\/?s={search_term_string}"},"query-input":{"@type":"PropertyValueSpecification","valueRequired":true,"valueName":"search_term_string"}}],"inLanguage":"it-IT"},{"@type":"Organization","@id":"https:\/\/blog.holyart.it\/it\/#organization","name":"Holyblog","url":"https:\/\/blog.holyart.it\/it\/","logo":{"@type":"ImageObject","inLanguage":"it-IT","@id":"https:\/\/blog.holyart.it\/it\/#\/schema\/logo\/image\/","url":"https:\/\/blog.holyart.it\/it\/wp-content\/uploads\/sites\/17\/2022\/12\/Holyart_Blog_Logo.jpg","contentUrl":"https:\/\/blog.holyart.it\/it\/wp-content\/uploads\/sites\/17\/2022\/12\/Holyart_Blog_Logo.jpg","width":300,"height":50,"caption":"Holyblog"},"image":{"@id":"https:\/\/blog.holyart.it\/it\/#\/schema\/logo\/image\/"}},{"@type":"Person","@id":"https:\/\/blog.holyart.it\/it\/#\/schema\/person\/0a7b686e5af0f856ec1e390dd0baecda","name":"Redazione"}]}},"_links":{"self":[{"href":"https:\/\/blog.holyart.it\/it\/wp-json\/wp\/v2\/posts\/16598","targetHints":{"allow":["GET"]}}],"collection":[{"href":"https:\/\/blog.holyart.it\/it\/wp-json\/wp\/v2\/posts"}],"about":[{"href":"https:\/\/blog.holyart.it\/it\/wp-json\/wp\/v2\/types\/post"}],"author":[{"embeddable":true,"href":"https:\/\/blog.holyart.it\/it\/wp-json\/wp\/v2\/users\/1"}],"replies":[{"embeddable":true,"href":"https:\/\/blog.holyart.it\/it\/wp-json\/wp\/v2\/comments?post=16598"}],"version-history":[{"count":1,"href":"https:\/\/blog.holyart.it\/it\/wp-json\/wp\/v2\/posts\/16598\/revisions"}],"predecessor-version":[{"id":18576,"href":"https:\/\/blog.holyart.it\/it\/wp-json\/wp\/v2\/posts\/16598\/revisions\/18576"}],"wp:featuredmedia":[{"embeddable":true,"href":"https:\/\/blog.holyart.it\/it\/wp-json\/wp\/v2\/media\/16607"}],"wp:attachment":[{"href":"https:\/\/blog.holyart.it\/it\/wp-json\/wp\/v2\/media?parent=16598"}],"wp:term":[{"taxonomy":"category","embeddable":true,"href":"https:\/\/blog.holyart.it\/it\/wp-json\/wp\/v2\/categories?post=16598"},{"taxonomy":"post_tag","embeddable":true,"href":"https:\/\/blog.holyart.it\/it\/wp-json\/wp\/v2\/tags?post=16598"}],"curies":[{"name":"wp","href":"https:\/\/api.w.org\/{rel}","templated":true}]}}