{"id":16494,"date":"2022-10-10T12:30:31","date_gmt":"2022-10-10T10:30:31","guid":{"rendered":"https:\/\/blog.holyart.it\/it\/?p=16494"},"modified":"2025-07-23T15:45:49","modified_gmt":"2025-07-23T13:45:49","slug":"carlo-acutis-il-beato-dellera-digitale","status":"publish","type":"post","link":"https:\/\/blog.holyart.it\/it\/articoli-religiosi\/carlo-acutis-il-beato-dellera-digitale\/","title":{"rendered":"Carlo Acutis: il beato dell\u2019era digitale"},"content":{"rendered":"<h4>Carlo Acutis, il santo millennial che ha dedicato la sua breve vita a Ges\u00f9 e all&#8217;aiuto per i pi\u00f9 poveri e bisognosi ci ricorda quanto abbiamo bisogno di santi nel mondo moderno<\/h4>\n\n<p>Quando parliamo di Santi siamo abituati a immaginarli tutti vissuti molto tempo prima della nostra nascita. Fin da bambini abbiamo presenti le immaginette che ce li raffigurano abbigliati con lunghi sai, tuniche, a volte armature, immortalati dai grandi maestri della pittura su tele e affreschi, scolpiti nel marmo e nel legno da eccellenti scultori e abili artigiani, o semplicemente consegnati alla devozione popolare su santini e raffigurazioni sacre da sconosciuti artisti morti da secoli. Ma ci sono anche <strong>santi moderni<\/strong>, come <strong>Carlo Acutis<\/strong>, il <em><strong><a href=\"https:\/\/www.holyart.it\/it\/articoli-religiosi\/arazzi\/arazzo-per-quandro-grande-50x40-cm-carlo-acutis\">Santo Millennial<\/a><\/strong>\u00a0<\/em>beatificato nell&#8217;ottobre del 2020, un ragazzo come tanti, appassionato di informatica (uno dei suoi attributi \u00e8 un personal computer&#8230;), attivo sui Social network, come tutti i suoi coetanei, ma animato da <strong>una vocazione e un fervore religioso rari<\/strong>.<\/p>\n<div class=\"link-product\">\n<div class=\"blocco-immagine\"><img loading=\"lazy\" decoding=\"async\" class=\"size-full wp-image-16499 alignleft\" src=\"https:\/\/blog.holyart.it\/it\/wp-content\/uploads\/sites\/17\/2022\/09\/arazzo-per-quadro-grande-50x40-cm-carlo-acutis.jpg\" alt=\"arazzo per quadro grande 50x40 cm carlo acutis\" width=\"100\" height=\"100\" data-kale-share-title=\"Carlo Acutis: il beato dell\u2019era digitale\" data-kale-share-url=\"https:\/\/blog.holyart.it\/it\/?p=16494\" \/><\/div>\n<div class=\"blocco-contenuto\">\n<div class=\"blocco-acquista\">Acquista su Holyart:<\/div>\n<div class=\"blocco-titolo\"><a href=\"https:\/\/www.holyart.it\/it\/articoli-religiosi\/arazzi\/arazzo-per-quandro-grande-50x40-cm-carlo-acutis\">Arazzo per quadro grande 50&#215;40 cm Carlo Acutis<\/a><\/div>\n<div class=\"blocco-descrizione\">Arazzo di produzione italiana, che rappresenta il beato Carlo Acutis.<\/div>\n<\/div>\n<\/div>\n<p>Carlo amava <strong>Ges\u00f9<\/strong>, vedeva nella Santa Eucarestia la sua <strong><em>Highway to Heaven<\/em><\/strong>, l&#8217;<em>autostrada verso il Cielo<\/em>, considerava la <strong>Madonna<\/strong> l'&#8221;<em>unica donna della mia vita&#8221;<\/em>. Un ragazzo che passava il suo tempo libero andando in giro per la citt\u00e0 per portare <strong>pasti caldi e conforto ai senza tetto<\/strong>, o prestando servizio alle <strong>mense dei poveri<\/strong>. E pregava Carlo, pregava moltissimo, recitava il <a href=\"https:\/\/www.holyart.it\/blog\/articoli-religiosi\/7-ottobre-festa-della-madonna-del-rosario\/\"><strong>Santo Rosario ogni giorno<\/strong><\/a>. Giovanissimo, mentre i suoi coetanei si dedicavano a interessi decisamente pi\u00f9 spensierati, organizz\u00f2 una mostra itinerante dedicata ai <strong>Miracoli eucaristici nel mondo<\/strong>, in collaborazione con l&#8217;Istituto San Clemente I Papa e Martire, che ha viaggiato e viaggia ancora in tutto il mondo come <em>La mostra dei miracoli eucaristici di Carlo Acutis<\/em>. Il beato Carlo Acutis \u00e8 morto troppo presto, troppo giovane, e possiamo solo chiederci cosa avrebbe fatto questo ragazzo eccezionale se solo avesse avuto pi\u00f9 tempo. \u00c8 stato proposto come <strong>Patrono della Rete<\/strong>, e anche in questo riconoscimento ci rendiamo conto di quanto il nostro mondo moderno abbia ancora bisogno di santi e sante, uomini e donne capaci di vivere la Fede e immergersi completamente nell&#8217;esperienza umana e spirituale, per s\u00e9 stessi e per tutti noi.<\/p>\n<div class=\"link-article\">\n<p><img loading=\"lazy\" decoding=\"async\" class=\"size-full wp-image-16495 alignleft\" src=\"https:\/\/blog.holyart.it\/it\/wp-content\/uploads\/sites\/17\/2022\/09\/madonna-del-rosario-1.jpg\" alt=\"madonna del rosario\" width=\"150\" height=\"99\" data-kale-share-title=\"Carlo Acutis: il beato dell\u2019era digitale\" data-kale-share-url=\"https:\/\/blog.holyart.it\/it\/?p=16494\" \/><\/p>\n<div class=\"leggi-anche\">Leggi anche:<\/div>\n<p><strong><a href=\"https:\/\/www.holyart.it\/blog\/articoli-religiosi\/7-ottobre-festa-della-madonna-del-rosario\/\">7 ottobre: festa della Madonna del Rosario<\/a><\/strong><br \/>\nLa Madonna del Rosario \u00e8 festeggiata il 7 ottobre. Nata dal ricordo di una vittoria militare cristiana, questa festa&#8230;<\/p>\n<\/div>\n<h2>La Storia di Carlo Acutis<\/h2>\n<p>La biografia di Carlo Acutis non richieder\u00e0 mai un libro molto corposo per essere raccolta. Eppure c&#8217;\u00e8 davvero tanto nella vita di questo ragazzo speciale, che nei pochi anni che gli \u00e8 stato dato vivere ha saputo lasciare un segno indelebile non solo nella vita di chi ha avuto la fortuna di conoscerlo, ma anche nelle migliaia di persone che hanno solo sentito parlare di lui. Nato a Londra da genitori appartenenti all&#8217;alta borghesia torinese, crebbe a Milano, dove frequent\u00f2 il Liceo Classico. Fin da piccolo ha manifestato un <strong>grande amore per Ges\u00f9<\/strong> e un&#8217;intensa spiritualit\u00e0, che lo ha portato a ottenere di ricevere la <strong>prima Comunione ad appena 7 anni<\/strong>.\u00a0 Mentre i suoi amichetti inneggiavano a boy band e calciatori, i suoi idoli erano i santi Francisco e Jacinta Marto, i pastorelli di Fatima, <strong><a href=\"https:\/\/www.holyart.it\/blog\/santi-e-beati\/san-domenico-savio-lallievo-di-don-bosco\/\">San Domenico Savio<\/a><\/strong>, il pi\u00f9 giovane santo cattolico non martire e allievo di Don Bosco, <strong><a href=\"https:\/\/www.holyart.it\/blog\/santi-e-beati\/san-luigi-gonzaga-santo-protettore-dei-giovani\/\">San Luigi Gonzaga<\/a><\/strong>, santo protettore dei giovani, e San Tarcisio, martire romano patrono dei chierichetti, ucciso ragazzino dai suoi coetanei pagani perch\u00e9 si era reso disponibile a portare l\u2019Eucarestia ai cristiani prigionieri.<\/p>\n<div class=\"link-article\">\n<p><img loading=\"lazy\" decoding=\"async\" class=\"size-full wp-image-16496 alignleft\" src=\"https:\/\/blog.holyart.it\/it\/wp-content\/uploads\/sites\/17\/2022\/09\/don-bosco-e-san-domenico-savio.jpg\" alt=\"don bosco e san domenico savio\" width=\"150\" height=\"99\" data-kale-share-title=\"Carlo Acutis: il beato dell\u2019era digitale\" data-kale-share-url=\"https:\/\/blog.holyart.it\/it\/?p=16494\" \/><\/p>\n<div class=\"leggi-anche\">Leggi anche:<\/div>\n<p><strong><a href=\"https:\/\/www.holyart.it\/blog\/santi-e-beati\/san-domenico-savio-lallievo-di-don-bosco\/\">San Domenico Savio, l\u2019allievo di Don Bosco<\/a><\/strong><br \/>\nProtettore dei bambini e delle gestanti, San Domenico Savio fu un esempio di virt\u00f9 e qualit\u00e0 irraggiungibili non solo&#8230;<\/p>\n<\/div>\n<p>La vita di Carlo Acutis era fatta delle stesse cose di cui \u00e8 fatta la vita di qualsiasi ragazzo: scuola, amici, affetti, passioni. E tra le sue passioni c&#8217;era prima di tutto Dio, che lui viveva con la freschezza della sua et\u00e0, ma anche con una consapevolezza impressionante, una maturit\u00e0 rara. Perfino quando nel 2006 si ammal\u00f2 di <strong>leucemia fulminante<\/strong> a soli 15 anni, offr\u00ec la propria sofferenza al Papa e alla Chiesa. Mor\u00ec in soli tre giorni, e venne sepolto nel cimitero di Assisi, per essere spostato un anno dopo nella chiesa di Santa Maria Maggiore, Santuario della Spogliazione, dove ad oggi riposa.<\/p>\n<div class=\"link-article\">\n<p><img loading=\"lazy\" decoding=\"async\" class=\"size-full wp-image-16497 alignleft\" src=\"https:\/\/blog.holyart.it\/it\/wp-content\/uploads\/sites\/17\/2022\/09\/San-Luigi-Gonzaga-mantova.jpg\" alt=\"San Luigi Gonzaga mantova\" width=\"150\" height=\"100\" data-kale-share-title=\"Carlo Acutis: il beato dell\u2019era digitale\" data-kale-share-url=\"https:\/\/blog.holyart.it\/it\/?p=16494\" \/><\/p>\n<div class=\"leggi-anche\">Leggi anche:<\/div>\n<p><strong><a href=\"https:\/\/www.holyart.it\/blog\/santi-e-beati\/san-luigi-gonzaga-santo-protettore-dei-giovani\/\">San Luigi Gonzaga, santo protettore dei giovani<\/a><\/strong><br \/>\nSan Luigi Gonzaga \u00e8 uno di quei giovani che, nella storia del Chiesa, hanno dedicato la propria breve vita a coltivare&#8230;<\/p>\n<\/div>\n<p>Il suo processo di beatificazione \u00e8 iniziato nel 2013 e il\u00a05 luglio 2018 Carlo \u00e8 stato dichiarato venerabile da <a href=\"https:\/\/www.holyart.it\/it\/occasioni-speciali\/papa-francesco\"><strong>Papa Francesco<\/strong><\/a>.<\/p>\n<h2>Il miracolo di Carlo Acutis<\/h2>\n<p>La <a href=\"https:\/\/www.holyart.it\/it\/articoli-religiosi\/gioielli\/pendenti-croci-spille-catenelle\/medaglia-argento-925-carlo-acutis\"><strong>santificazione di Carlo Acutis<\/strong><\/a> richiedeva <strong>un miracolo<\/strong>, e il miracolo \u00e8 stato riconosciuto. Si tratta della guarigione per intercessione del piccolo Matheus, un bambino brasiliano di sei anni. Il bambino, affetto da una grave malformazione del pancreas, ebbe modo di toccare un pezzo del\u00a0pigiama indossato da Carlo poco prima di morire e macchiato del suo sangue. Il piccolo preg\u00f2 Carlo perch\u00e9 lo aiutasse a stare meglio, e dagli esami successivi risult\u00f2 che il suo pancreas era tornato perfettamente sano. La Consulta Medica della Congregazione delle cause dei santi\u00a0ha <strong>riconosciuto il miracolo per intercessione<\/strong> e il 10 ottobre 2020 Carlo Acutis \u00e8 stato dichiarato Santo nella sua amata Assisi.<\/p>\n<div class=\"link-product\">\n<div class=\"blocco-immagine\"><img loading=\"lazy\" decoding=\"async\" class=\"size-full wp-image-16498 alignleft\" src=\"https:\/\/blog.holyart.it\/it\/wp-content\/uploads\/sites\/17\/2022\/09\/medaglia-argento-925-carlo-acutis.jpg\" alt=\"medaglia argento 925 carlo acutis\" width=\"100\" height=\"100\" data-kale-share-title=\"Carlo Acutis: il beato dell\u2019era digitale\" data-kale-share-url=\"https:\/\/blog.holyart.it\/it\/?p=16494\" \/><\/div>\n<div class=\"blocco-contenuto\">\n<div class=\"blocco-acquista\">Acquista su Holyart:<\/div>\n<div class=\"blocco-titolo\"><a href=\"https:\/\/www.holyart.it\/it\/articoli-religiosi\/gioielli\/pendenti-croci-spille-catenelle\/medaglia-argento-925-carlo-acutis\">Medaglia argento 925 Carlo Acutis<\/a><\/div>\n<div class=\"blocco-descrizione\">Medaglietta in argento 925 raffigurante il volto del beato Carlo Acutis.<\/div>\n<\/div>\n<\/div>\n<p>Anche noi possiamo chiedere l&#8217;intercessione del giovane Santo recitando per nove giorni la <strong>Novena al Venerabile Carlo Acutis<\/strong>:<\/p>\n<p><em>Santissima Trinit\u00e0, Padre, Figlio e Spirito Santo, io vi<\/em><br \/>\n<em>ringrazio per tutti i favori e le grazie di cui avete<\/em><br \/>\n<em>arricchito l\u2019anima del Beato Carlo Acutis durante<\/em><br \/>\n<em>i suoi quindici anni trascorsi su questa terra e, per<\/em><br \/>\n<em>i meriti di questo amato Angelo della Giovent\u00f9,<\/em><br \/>\n<em>concedetemi la grazia che ardentemente vi chiedo\u2026 <\/em>(segue richiesta)<\/p>\n<h2>Santi moderni<\/h2>\n<p>Abbiamo citato alcuni <strong>santi giovani<\/strong>, parlando di Carlo Acutis, e del bisogno che abbiamo ancora oggi di santi contemporanei, che rendano il mondo un posto migliore. Ebbene, oltre a Carlo ci sono altri Santi beatificati in tempi recenti, come il giovane <strong>Jos\u00e9 S\u00e1nchez del R\u00edo<\/strong>, un ragazzino ucciso da un ufficiale governativo\u00a0durante la <strong>guerra cristera<\/strong> che ebbe luogo in Messico tra il 1926 e il 1929 contro le politiche restrittive imposte sulla libert\u00e0 religiosa dal governo. Jos\u00e9 rifiut\u00f2 di rinnegare la sua fede cattolica e per questo mor\u00ec. \u00c8 stato beatificato da papa Benedetto XVI nel 2005, e canonizzato da papa Francesco nel\u00a02016. Anche <strong>Oscar Romero<\/strong>, arcivescovo cattolico salvadoregno \u00e8 stato ucciso dagli squadroni della morte per aver condannato le violenze del governo militare, ed \u00e8 stato proclamato santo da Papa Francesco nel 2018. <strong>Charles Eug\u00e8ne de Foucauld<\/strong>, religioso francese che dedic\u00f2 la propria vita allo studio della cultura\u00a0Tuareg e che mor\u00ec durante un attacco di predoni nel deserto, nel fortino da lui fatto costruire per difendere la popolazione inerme, fu proclamato beato da papa Benedetto XVI nel 2005 e canonizzato da Papa Francesco nel 2022.<\/p>\n","protected":false},"excerpt":{"rendered":"<p>Carlo Acutis, il santo millennial che ha dedicato la sua breve vita a Ges\u00f9 e all&#8217;aiuto per i pi\u00f9 poveri e bisognosi ci ricorda quanto abbiamo bisogno di santi nel mondo moderno Quando parliamo di Santi siamo abituati a immaginarli tutti vissuti molto tempo prima&hellip;<\/p>\n","protected":false},"author":1,"featured_media":16502,"comment_status":"closed","ping_status":"open","sticky":false,"template":"","format":"standard","meta":{"_acf_changed":false,"footnotes":""},"categories":[16,15],"tags":[],"class_list":["post-16494","post","type-post","status-publish","format-standard","has-post-thumbnail","hentry","category-articoli-religiosi","category-santi-e-beati"],"acf":[],"yoast_head":"<!-- This site is optimized with the Yoast SEO plugin v26.6 - https:\/\/yoast.com\/wordpress\/plugins\/seo\/ -->\n<title>Carlo Acutis: il beato dell\u2019era digitale - Holyblog<\/title>\n<meta name=\"description\" content=\"Forse diventer\u00e0 il patrono di internet. Di certo Carlo Acutis, il giovanissimo Santo canonizzato nel 2020 \u00e8 un modello di speranza per i giovani e tutti noi\" \/>\n<meta name=\"robots\" content=\"index, follow, max-snippet:-1, max-image-preview:large, max-video-preview:-1\" \/>\n<link rel=\"canonical\" href=\"https:\/\/blog.holyart.it\/it\/articoli-religiosi\/carlo-acutis-il-beato-dellera-digitale\/\" \/>\n<meta property=\"og:locale\" content=\"it_IT\" \/>\n<meta property=\"og:type\" content=\"article\" \/>\n<meta property=\"og:title\" content=\"Carlo Acutis: il beato dell\u2019era digitale - Holyblog\" \/>\n<meta property=\"og:description\" content=\"Forse diventer\u00e0 il patrono di internet. Di certo Carlo Acutis, il giovanissimo Santo canonizzato nel 2020 \u00e8 un modello di speranza per i giovani e tutti noi\" \/>\n<meta property=\"og:url\" content=\"https:\/\/blog.holyart.it\/it\/articoli-religiosi\/carlo-acutis-il-beato-dellera-digitale\/\" \/>\n<meta property=\"og:site_name\" content=\"Holyblog\" \/>\n<meta property=\"article:published_time\" content=\"2022-10-10T10:30:31+00:00\" \/>\n<meta property=\"article:modified_time\" content=\"2025-07-23T13:45:49+00:00\" \/>\n<meta property=\"og:image\" content=\"https:\/\/blog.holyart.it\/it\/wp-content\/uploads\/sites\/17\/2022\/09\/carlo-acutis.jpg\" \/>\n\t<meta property=\"og:image:width\" content=\"1000\" \/>\n\t<meta property=\"og:image:height\" content=\"666\" \/>\n\t<meta property=\"og:image:type\" content=\"image\/jpeg\" \/>\n<meta name=\"author\" content=\"Redazione\" \/>\n<meta name=\"twitter:card\" content=\"summary_large_image\" \/>\n<meta name=\"twitter:label1\" content=\"Scritto da\" \/>\n\t<meta name=\"twitter:data1\" content=\"Redazione\" \/>\n\t<meta name=\"twitter:label2\" content=\"Tempo di lettura stimato\" \/>\n\t<meta name=\"twitter:data2\" content=\"8 minuti\" \/>\n<script type=\"application\/ld+json\" class=\"yoast-schema-graph\">{\"@context\":\"https:\/\/schema.org\",\"@graph\":[{\"@type\":\"Article\",\"@id\":\"https:\/\/blog.holyart.it\/it\/articoli-religiosi\/carlo-acutis-il-beato-dellera-digitale\/#article\",\"isPartOf\":{\"@id\":\"https:\/\/blog.holyart.it\/it\/articoli-religiosi\/carlo-acutis-il-beato-dellera-digitale\/\"},\"author\":{\"name\":\"Redazione\",\"@id\":\"https:\/\/blog.holyart.it\/it\/#\/schema\/person\/0a7b686e5af0f856ec1e390dd0baecda\"},\"headline\":\"Carlo Acutis: il beato dell\u2019era digitale\",\"datePublished\":\"2022-10-10T10:30:31+00:00\",\"dateModified\":\"2025-07-23T13:45:49+00:00\",\"mainEntityOfPage\":{\"@id\":\"https:\/\/blog.holyart.it\/it\/articoli-religiosi\/carlo-acutis-il-beato-dellera-digitale\/\"},\"wordCount\":1147,\"publisher\":{\"@id\":\"https:\/\/blog.holyart.it\/it\/#organization\"},\"image\":{\"@id\":\"https:\/\/blog.holyart.it\/it\/articoli-religiosi\/carlo-acutis-il-beato-dellera-digitale\/#primaryimage\"},\"thumbnailUrl\":\"https:\/\/blog.holyart.it\/it\/wp-content\/uploads\/sites\/17\/2022\/09\/carlo-acutis.jpg\",\"articleSection\":[\"Religione\",\"Santi e beati\"],\"inLanguage\":\"it-IT\"},{\"@type\":\"WebPage\",\"@id\":\"https:\/\/blog.holyart.it\/it\/articoli-religiosi\/carlo-acutis-il-beato-dellera-digitale\/\",\"url\":\"https:\/\/blog.holyart.it\/it\/articoli-religiosi\/carlo-acutis-il-beato-dellera-digitale\/\",\"name\":\"Carlo Acutis: il beato dell\u2019era digitale - Holyblog\",\"isPartOf\":{\"@id\":\"https:\/\/blog.holyart.it\/it\/#website\"},\"primaryImageOfPage\":{\"@id\":\"https:\/\/blog.holyart.it\/it\/articoli-religiosi\/carlo-acutis-il-beato-dellera-digitale\/#primaryimage\"},\"image\":{\"@id\":\"https:\/\/blog.holyart.it\/it\/articoli-religiosi\/carlo-acutis-il-beato-dellera-digitale\/#primaryimage\"},\"thumbnailUrl\":\"https:\/\/blog.holyart.it\/it\/wp-content\/uploads\/sites\/17\/2022\/09\/carlo-acutis.jpg\",\"datePublished\":\"2022-10-10T10:30:31+00:00\",\"dateModified\":\"2025-07-23T13:45:49+00:00\",\"description\":\"Forse diventer\u00e0 il patrono di internet. Di certo Carlo Acutis, il giovanissimo Santo canonizzato nel 2020 \u00e8 un modello di speranza per i giovani e tutti noi\",\"breadcrumb\":{\"@id\":\"https:\/\/blog.holyart.it\/it\/articoli-religiosi\/carlo-acutis-il-beato-dellera-digitale\/#breadcrumb\"},\"inLanguage\":\"it-IT\",\"potentialAction\":[{\"@type\":\"ReadAction\",\"target\":[\"https:\/\/blog.holyart.it\/it\/articoli-religiosi\/carlo-acutis-il-beato-dellera-digitale\/\"]}]},{\"@type\":\"ImageObject\",\"inLanguage\":\"it-IT\",\"@id\":\"https:\/\/blog.holyart.it\/it\/articoli-religiosi\/carlo-acutis-il-beato-dellera-digitale\/#primaryimage\",\"url\":\"https:\/\/blog.holyart.it\/it\/wp-content\/uploads\/sites\/17\/2022\/09\/carlo-acutis.jpg\",\"contentUrl\":\"https:\/\/blog.holyart.it\/it\/wp-content\/uploads\/sites\/17\/2022\/09\/carlo-acutis.jpg\",\"width\":1000,\"height\":666,\"caption\":\"carlo acutis\"},{\"@type\":\"BreadcrumbList\",\"@id\":\"https:\/\/blog.holyart.it\/it\/articoli-religiosi\/carlo-acutis-il-beato-dellera-digitale\/#breadcrumb\",\"itemListElement\":[{\"@type\":\"ListItem\",\"position\":1,\"name\":\"Homepage\",\"item\":\"https:\/\/blog.holyart.it\/it\/\"},{\"@type\":\"ListItem\",\"position\":2,\"name\":\"Religione\",\"item\":\"https:\/\/blog.holyart.it\/it\/articoli-religiosi\/\"},{\"@type\":\"ListItem\",\"position\":3,\"name\":\"Carlo Acutis: il beato dell\u2019era digitale\"}]},{\"@type\":\"WebSite\",\"@id\":\"https:\/\/blog.holyart.it\/it\/#website\",\"url\":\"https:\/\/blog.holyart.it\/it\/\",\"name\":\"Holyblog\",\"description\":\"Il Blog di Holyart.it\",\"publisher\":{\"@id\":\"https:\/\/blog.holyart.it\/it\/#organization\"},\"potentialAction\":[{\"@type\":\"SearchAction\",\"target\":{\"@type\":\"EntryPoint\",\"urlTemplate\":\"https:\/\/blog.holyart.it\/it\/?s={search_term_string}\"},\"query-input\":{\"@type\":\"PropertyValueSpecification\",\"valueRequired\":true,\"valueName\":\"search_term_string\"}}],\"inLanguage\":\"it-IT\"},{\"@type\":\"Organization\",\"@id\":\"https:\/\/blog.holyart.it\/it\/#organization\",\"name\":\"Holyblog\",\"url\":\"https:\/\/blog.holyart.it\/it\/\",\"logo\":{\"@type\":\"ImageObject\",\"inLanguage\":\"it-IT\",\"@id\":\"https:\/\/blog.holyart.it\/it\/#\/schema\/logo\/image\/\",\"url\":\"https:\/\/blog.holyart.it\/it\/wp-content\/uploads\/sites\/17\/2022\/12\/Holyart_Blog_Logo.jpg\",\"contentUrl\":\"https:\/\/blog.holyart.it\/it\/wp-content\/uploads\/sites\/17\/2022\/12\/Holyart_Blog_Logo.jpg\",\"width\":300,\"height\":50,\"caption\":\"Holyblog\"},\"image\":{\"@id\":\"https:\/\/blog.holyart.it\/it\/#\/schema\/logo\/image\/\"}},{\"@type\":\"Person\",\"@id\":\"https:\/\/blog.holyart.it\/it\/#\/schema\/person\/0a7b686e5af0f856ec1e390dd0baecda\",\"name\":\"Redazione\"}]}<\/script>\n<!-- \/ Yoast SEO plugin. -->","yoast_head_json":{"title":"Carlo Acutis: il beato dell\u2019era digitale - Holyblog","description":"Forse diventer\u00e0 il patrono di internet. Di certo Carlo Acutis, il giovanissimo Santo canonizzato nel 2020 \u00e8 un modello di speranza per i giovani e tutti noi","robots":{"index":"index","follow":"follow","max-snippet":"max-snippet:-1","max-image-preview":"max-image-preview:large","max-video-preview":"max-video-preview:-1"},"canonical":"https:\/\/blog.holyart.it\/it\/articoli-religiosi\/carlo-acutis-il-beato-dellera-digitale\/","og_locale":"it_IT","og_type":"article","og_title":"Carlo Acutis: il beato dell\u2019era digitale - Holyblog","og_description":"Forse diventer\u00e0 il patrono di internet. Di certo Carlo Acutis, il giovanissimo Santo canonizzato nel 2020 \u00e8 un modello di speranza per i giovani e tutti noi","og_url":"https:\/\/blog.holyart.it\/it\/articoli-religiosi\/carlo-acutis-il-beato-dellera-digitale\/","og_site_name":"Holyblog","article_published_time":"2022-10-10T10:30:31+00:00","article_modified_time":"2025-07-23T13:45:49+00:00","og_image":[{"width":1000,"height":666,"url":"https:\/\/blog.holyart.it\/it\/wp-content\/uploads\/sites\/17\/2022\/09\/carlo-acutis.jpg","type":"image\/jpeg"}],"author":"Redazione","twitter_card":"summary_large_image","twitter_misc":{"Scritto da":"Redazione","Tempo di lettura stimato":"8 minuti"},"schema":{"@context":"https:\/\/schema.org","@graph":[{"@type":"Article","@id":"https:\/\/blog.holyart.it\/it\/articoli-religiosi\/carlo-acutis-il-beato-dellera-digitale\/#article","isPartOf":{"@id":"https:\/\/blog.holyart.it\/it\/articoli-religiosi\/carlo-acutis-il-beato-dellera-digitale\/"},"author":{"name":"Redazione","@id":"https:\/\/blog.holyart.it\/it\/#\/schema\/person\/0a7b686e5af0f856ec1e390dd0baecda"},"headline":"Carlo Acutis: il beato dell\u2019era digitale","datePublished":"2022-10-10T10:30:31+00:00","dateModified":"2025-07-23T13:45:49+00:00","mainEntityOfPage":{"@id":"https:\/\/blog.holyart.it\/it\/articoli-religiosi\/carlo-acutis-il-beato-dellera-digitale\/"},"wordCount":1147,"publisher":{"@id":"https:\/\/blog.holyart.it\/it\/#organization"},"image":{"@id":"https:\/\/blog.holyart.it\/it\/articoli-religiosi\/carlo-acutis-il-beato-dellera-digitale\/#primaryimage"},"thumbnailUrl":"https:\/\/blog.holyart.it\/it\/wp-content\/uploads\/sites\/17\/2022\/09\/carlo-acutis.jpg","articleSection":["Religione","Santi e beati"],"inLanguage":"it-IT"},{"@type":"WebPage","@id":"https:\/\/blog.holyart.it\/it\/articoli-religiosi\/carlo-acutis-il-beato-dellera-digitale\/","url":"https:\/\/blog.holyart.it\/it\/articoli-religiosi\/carlo-acutis-il-beato-dellera-digitale\/","name":"Carlo Acutis: il beato dell\u2019era digitale - Holyblog","isPartOf":{"@id":"https:\/\/blog.holyart.it\/it\/#website"},"primaryImageOfPage":{"@id":"https:\/\/blog.holyart.it\/it\/articoli-religiosi\/carlo-acutis-il-beato-dellera-digitale\/#primaryimage"},"image":{"@id":"https:\/\/blog.holyart.it\/it\/articoli-religiosi\/carlo-acutis-il-beato-dellera-digitale\/#primaryimage"},"thumbnailUrl":"https:\/\/blog.holyart.it\/it\/wp-content\/uploads\/sites\/17\/2022\/09\/carlo-acutis.jpg","datePublished":"2022-10-10T10:30:31+00:00","dateModified":"2025-07-23T13:45:49+00:00","description":"Forse diventer\u00e0 il patrono di internet. Di certo Carlo Acutis, il giovanissimo Santo canonizzato nel 2020 \u00e8 un modello di speranza per i giovani e tutti noi","breadcrumb":{"@id":"https:\/\/blog.holyart.it\/it\/articoli-religiosi\/carlo-acutis-il-beato-dellera-digitale\/#breadcrumb"},"inLanguage":"it-IT","potentialAction":[{"@type":"ReadAction","target":["https:\/\/blog.holyart.it\/it\/articoli-religiosi\/carlo-acutis-il-beato-dellera-digitale\/"]}]},{"@type":"ImageObject","inLanguage":"it-IT","@id":"https:\/\/blog.holyart.it\/it\/articoli-religiosi\/carlo-acutis-il-beato-dellera-digitale\/#primaryimage","url":"https:\/\/blog.holyart.it\/it\/wp-content\/uploads\/sites\/17\/2022\/09\/carlo-acutis.jpg","contentUrl":"https:\/\/blog.holyart.it\/it\/wp-content\/uploads\/sites\/17\/2022\/09\/carlo-acutis.jpg","width":1000,"height":666,"caption":"carlo acutis"},{"@type":"BreadcrumbList","@id":"https:\/\/blog.holyart.it\/it\/articoli-religiosi\/carlo-acutis-il-beato-dellera-digitale\/#breadcrumb","itemListElement":[{"@type":"ListItem","position":1,"name":"Homepage","item":"https:\/\/blog.holyart.it\/it\/"},{"@type":"ListItem","position":2,"name":"Religione","item":"https:\/\/blog.holyart.it\/it\/articoli-religiosi\/"},{"@type":"ListItem","position":3,"name":"Carlo Acutis: il beato dell\u2019era digitale"}]},{"@type":"WebSite","@id":"https:\/\/blog.holyart.it\/it\/#website","url":"https:\/\/blog.holyart.it\/it\/","name":"Holyblog","description":"Il Blog di Holyart.it","publisher":{"@id":"https:\/\/blog.holyart.it\/it\/#organization"},"potentialAction":[{"@type":"SearchAction","target":{"@type":"EntryPoint","urlTemplate":"https:\/\/blog.holyart.it\/it\/?s={search_term_string}"},"query-input":{"@type":"PropertyValueSpecification","valueRequired":true,"valueName":"search_term_string"}}],"inLanguage":"it-IT"},{"@type":"Organization","@id":"https:\/\/blog.holyart.it\/it\/#organization","name":"Holyblog","url":"https:\/\/blog.holyart.it\/it\/","logo":{"@type":"ImageObject","inLanguage":"it-IT","@id":"https:\/\/blog.holyart.it\/it\/#\/schema\/logo\/image\/","url":"https:\/\/blog.holyart.it\/it\/wp-content\/uploads\/sites\/17\/2022\/12\/Holyart_Blog_Logo.jpg","contentUrl":"https:\/\/blog.holyart.it\/it\/wp-content\/uploads\/sites\/17\/2022\/12\/Holyart_Blog_Logo.jpg","width":300,"height":50,"caption":"Holyblog"},"image":{"@id":"https:\/\/blog.holyart.it\/it\/#\/schema\/logo\/image\/"}},{"@type":"Person","@id":"https:\/\/blog.holyart.it\/it\/#\/schema\/person\/0a7b686e5af0f856ec1e390dd0baecda","name":"Redazione"}]}},"_links":{"self":[{"href":"https:\/\/blog.holyart.it\/it\/wp-json\/wp\/v2\/posts\/16494","targetHints":{"allow":["GET"]}}],"collection":[{"href":"https:\/\/blog.holyart.it\/it\/wp-json\/wp\/v2\/posts"}],"about":[{"href":"https:\/\/blog.holyart.it\/it\/wp-json\/wp\/v2\/types\/post"}],"author":[{"embeddable":true,"href":"https:\/\/blog.holyart.it\/it\/wp-json\/wp\/v2\/users\/1"}],"replies":[{"embeddable":true,"href":"https:\/\/blog.holyart.it\/it\/wp-json\/wp\/v2\/comments?post=16494"}],"version-history":[{"count":2,"href":"https:\/\/blog.holyart.it\/it\/wp-json\/wp\/v2\/posts\/16494\/revisions"}],"predecessor-version":[{"id":21607,"href":"https:\/\/blog.holyart.it\/it\/wp-json\/wp\/v2\/posts\/16494\/revisions\/21607"}],"wp:featuredmedia":[{"embeddable":true,"href":"https:\/\/blog.holyart.it\/it\/wp-json\/wp\/v2\/media\/16502"}],"wp:attachment":[{"href":"https:\/\/blog.holyart.it\/it\/wp-json\/wp\/v2\/media?parent=16494"}],"wp:term":[{"taxonomy":"category","embeddable":true,"href":"https:\/\/blog.holyart.it\/it\/wp-json\/wp\/v2\/categories?post=16494"},{"taxonomy":"post_tag","embeddable":true,"href":"https:\/\/blog.holyart.it\/it\/wp-json\/wp\/v2\/tags?post=16494"}],"curies":[{"name":"wp","href":"https:\/\/api.w.org\/{rel}","templated":true}]}}