{"id":16120,"date":"2022-08-15T12:30:48","date_gmt":"2022-08-15T10:30:48","guid":{"rendered":"https:\/\/blog.holyart.it\/it\/?p=16120"},"modified":"2025-08-29T10:07:24","modified_gmt":"2025-08-29T08:07:24","slug":"feste-mariane-dedicate-a-maria","status":"publish","type":"post","link":"https:\/\/blog.holyart.it\/it\/articoli-religiosi\/feste-mariane-dedicate-a-maria\/","title":{"rendered":"Feste Mariane: ecco tutte le ricorrenze dell\u2019anno dedicate a Maria"},"content":{"rendered":"<h4>Feste Mariane, tutti i volti della devozione a Maria Madre di Ges\u00f9<\/h4>\n\n<p>Non \u00e8 facile elencare tutte le feste dedicate a <a href=\"https:\/\/www.holyart.it\/it\/search?params=%7B%22search%22%3A%22maria%22%7D&amp;search=maria\"><strong>Maria, Madre di Ges\u00f9<\/strong><\/a>. La <strong>devozione <\/strong>a lei tributata dai fedeli si manifesta da sempre in molti modi differenti per la Chiesa cattolica. Le tante feste mariane che contraddistinguono il calendario dei cattolici sono momenti in cui gli atti devozionali, le preghiere, la recita del Rosario e tutti le manifestazioni di fede e affetto per la figura della Madre di Dio assumono una dimensione pi\u00f9 vasta e che abbraccia tutti i fedeli. Difficile capire se sia venuta prima la <strong>devozione popolare<\/strong> alla Vergine, la venerazione a lei portata dai suoi figli pi\u00f9 umili, che a lei si sono rivolti da sempre, supplici e piangenti, per cercare il conforto che solo una madre pu\u00f2 dare, o la <strong>teologia <\/strong>redatta su Maria dai grandi studiosi e Padri della Chiesa. Gi\u00e0 nel <strong>Vangelo di Luca <\/strong>Maria \u00e8 indicata dall&#8217;Arcangelo Gabriele come \u201c<em>destinataria del favore e della grazia<\/em>\u201d (Lc 1,28) divina, e viene chiarito fin da subito che \u201c<em>il Signore \u00e8 con lei<\/em>\u201d (Lc 1,28).<\/p>\n<div class=\"link-product\">\n<div class=\"blocco-immagine\"><img loading=\"lazy\" decoding=\"async\" class=\"size-full wp-image-16121 alignleft\" src=\"https:\/\/blog.holyart.it\/it\/wp-content\/uploads\/sites\/17\/2022\/08\/maria-immacolata-20-cm.jpg\" alt=\"maria immacolata 20 cm\" width=\"100\" height=\"100\" data-kale-share-title=\"Feste Mariane: ecco tutte le ricorrenze dell\u2019anno dedicate a Maria\" data-kale-share-url=\"https:\/\/blog.holyart.it\/it\/?p=16120\" \/><\/div>\n<div class=\"blocco-contenuto\">\n<div class=\"blocco-acquista\">Acquista su Holyart:<\/div>\n<div class=\"blocco-titolo\"><a href=\"https:\/\/www.holyart.it\/it\/articoli-religiosi\/statue\/statue-in-legno-dipinto\/maria-immacolata-20-cm\">Maria Immacolata 20 cm<\/a><\/div>\n<div class=\"blocco-descrizione\">Statua di Maria Immacolata, scolpita artigianalmente col pantografo in legno, in legno di acero e dipinta a mano.<\/div>\n<\/div>\n<\/div>\n<p>La Chiesa cattolica ha nobilitato ulteriormente la sua figura nei secoli, attribuendole i dogmi dell&#8217;<strong>Immacolata Concezione<\/strong>, al centro di controversie per secoli, e infine proclamato da papa Pio IX nel 1854 con la bolla <em>Ineffabilis Deue,<\/em> e dell&#8217;<strong>Assunzione<\/strong>, gi\u00e0 riconosciuto fin dal V secolo d.C. nella devozione popolare e proclamato nel 1950 da papa Pio XII con la costituzione apostolica <em>Munificentissimus Deus<\/em>. La venerazione a Maria, riconosciuta dal dogma come <strong>Madre di Dio<\/strong> fin dai tempi del Concilio di Efeso (431 d.C.), e definita <strong>madre della Chiesa<\/strong> nel Concilio Vaticano II (1962 &#8211; 1965) \u00e8 sempre stata grandemente incoraggiata. Di certo, non ha mai perduto il suo carattere di <strong>affetto e supplica<\/strong>, perch\u00e9 nessuna figura della storia del Cristianesimo ha saputo incarnare la misericordia e la volont\u00e0 di aiutare e proteggere gli uomini, soprattutto nei momenti di maggiori difficolt\u00e0, di Maria, Madre di Ges\u00f9 e Madre di tutta l&#8217;umanit\u00e0.<\/p>\n<p>In passato abbiamo viaggiato virtualmente tra i tanti <strong><a href=\"https:\/\/www.holyart.it\/blog\/articoli-religiosi\/10-santuari-mariani-piu-famosi-in-italia\/\">santuari dedicati alla Madonna<\/a><\/strong>, in Italia, veri fulcri pulsanti di questa devozione, ciascuno con le proprie caratteristiche, la propria storia, per le modalit\u00e0 di culto. Ci siamo soffermati sui <strong><a href=\"https:\/\/www.holyart.it\/blog\/santi-e-beati\/titoli-mariani-cosa-sono-e-quanti-sono-tutti-i-nomi-dedicati-a-maria\/\">titoli mariani<\/a><\/strong>, ovvero sui tanti nomi attribuiti alla Vergine nel corso dei secoli, e abbiamo inseguito le <strong><a href=\"https:\/\/www.holyart.it\/blog\/articoli-religiosi\/apparizioni-mariane-le-10-piu-importanti\/\">apparizioni della Vergine nel mondo<\/a><\/strong>, da Loreto a Czestochowa, da Fatima a Lourdes a Guadalupe. Mentre l&#8217;estate avanza e ci avviciniamo sempre di pi\u00f9 alla <strong><a href=\"https:\/\/www.holyart.it\/blog\/occasioni-speciali\/lassunzione-di-maria-e-le-celebrazioni-piu-caratteristiche\/\">Festa dell&#8217;Assunzione<\/a><\/strong> (15 agosto) e a quella dell&#8217;<strong><a href=\"https:\/\/www.holyart.it\/blog\/santi-e-beati\/incoronazione-della-vergine-regina-dei-cieli-e-della-terra\/\">Incoronazione di Maria<\/a><\/strong> (22 agosto), vogliamo soffermarci anche sulle principali <strong>Feste Mariane<\/strong>,\u00a0 i giorni speciali dedicati al culto della Vergine nel calendario. Abbiamo gi\u00e0 dedicato un articolo alla <strong><a href=\"https:\/\/www.holyart.it\/blog\/articoli-religiosi\/maria-madre-chiesa-festa-papa-francesco\/\">festa di Maria Madre della Chiesa<\/a><\/strong> istituita da Papa Francesco nel 2018. Vediamo quali altre feste e ricorrenze mariane pi\u00f9 importanti. Sebbene maggio sia considerato il <strong><a href=\"https:\/\/www.holyart.it\/blog\/articoli-religiosi\/maggio-mese-della-madonna-come-celebrare-il-mese-mariano\/\">mese mariano<\/a><\/strong> per eccellenza, cos\u00ec come ottobre quello del <strong><a href=\"https:\/\/www.holyart.it\/blog\/articoli-religiosi\/ottobre-mese-del-santo-rosario\/\">Santo Rosario<\/a><\/strong>, vedremo che le feste della Madonna attraversano tutto il calendario.<\/p>\n<div class=\"link-article\">\n<p><img loading=\"lazy\" decoding=\"async\" class=\"size-full wp-image-16122 alignleft\" src=\"https:\/\/blog.holyart.it\/it\/wp-content\/uploads\/sites\/17\/2022\/08\/titoli-mariani.jpeg\" alt=\"titoli mariani\" width=\"150\" height=\"99\" data-kale-share-title=\"Feste Mariane: ecco tutte le ricorrenze dell\u2019anno dedicate a Maria\" data-kale-share-url=\"https:\/\/blog.holyart.it\/it\/?p=16120\" \/><\/p>\n<div class=\"leggi-anche\">Leggi anche:<\/div>\n<p><strong><a href=\"https:\/\/www.holyart.it\/blog\/santi-e-beati\/titoli-mariani-cosa-sono-e-quanti-sono-tutti-i-nomi-dedicati-a-maria\/\">Titoli Mariani: cosa sono e quanti sono tutti i nomi dedicati a Maria<\/a><\/strong><br \/>\nTitoli Mariani: tutti gli appellativi con cui viene venerata Maria, madre&#8230;<\/p>\n<\/div>\n<h2>Feste dedicate a Maria nel calendario<\/h2>\n<h3>1 Gennaio: Maria Madre di Dio<\/h3>\n<p>Per tradizione il mese di gennaio \u00e8 dedicato a Ges\u00f9 Bambino e in particolare al Santissimo Nome di Ges\u00f9, ma il 1 gennaio si celebra <a href=\"https:\/\/www.holyart.it\/blog\/santi-e-beati\/1-gennaio-maria-santissima-madre-dio\/\"><strong>Maria Santissima Madre di Dio<\/strong><\/a>, ovvero la <strong>Divina Maternit\u00e0 di Maria<\/strong>, ricollegandosi al dogma di Maria <em>Theot\u00f3kos<\/em>, <em>madre di Dio. <\/em>Questo dogma venne proclamato dal Concilio di Efeso nel 431 d.C., nel corso del quale ci si trov\u00f2 a dibattere se la Madonna fosse solo <em>Christotokos<\/em>, Madre di Ges\u00f9-Uomo, o appunto anche <em>Theot\u00f3kos, <\/em>Madre di Dio. Fissata in un primo tempo a ottobre, la celebrazione di Maria Madre di Dio fu trasferita nel 1969 al 1\u00ba gennaio, data gi\u00e0 celebrata in passato come il <em>Natale Sanctae Mariae<\/em>, poi scomparso.<\/p>\n<div class=\"link-article\">\n<p><img loading=\"lazy\" decoding=\"async\" class=\"size-full wp-image-16123 alignleft\" src=\"https:\/\/blog.holyart.it\/it\/wp-content\/uploads\/sites\/17\/2022\/08\/maria-santissima-madre-di-dio.jpg\" alt=\"maria santissima madre di dio\" width=\"150\" height=\"99\" data-kale-share-title=\"Feste Mariane: ecco tutte le ricorrenze dell\u2019anno dedicate a Maria\" data-kale-share-url=\"https:\/\/blog.holyart.it\/it\/?p=16120\" \/><\/p>\n<div class=\"leggi-anche\">Leggi anche:<\/div>\n<p><strong><a href=\"https:\/\/www.holyart.it\/blog\/santi-e-beati\/1-gennaio-maria-santissima-madre-dio\/\">1 Gennaio Maria Santissima Madre di Dio<\/a><\/strong><br \/>\nIl 1\u00b0 gennaio \u00e8 stato il giorno dedicato a Maria Vergine, la Santissima Madre di Dio&#8230;<\/p>\n<\/div>\n<h3>11 Febbraio: Madonna di Lourdes<\/h3>\n<p>L&#8217;11 febbraio, anniversario della <strong><a href=\"https:\/\/www.holyart.it\/blog\/santi-e-beati\/giorno-cui-la-madonna-apparve-bernardetta-soubirous\/\">prima apparizione della Vergine a Bernardette Subirous<\/a><\/strong>, si festeggia la <a href=\"https:\/\/www.holyart.it\/it\/articoli-religiosi\/statue\/statue-in-pietra\/nostra-signora-di-lourdes-pietra-bethleem\"><strong>Madonna di Lourdes<\/strong><\/a>. Fu infatti l&#8217;11 febbraio 1858 che la ragazza disse di aver incontrato, nella grotta di Massabielle, la <em>&#8220;signora vestita di bianco&#8221;<\/em>, destinata a far nascere in quell&#8217;anonima localit\u00e0 tra i Pirenei francesi una delle forme devozionali mariane pi\u00f9 famose e sentite del mondo e a trasformare quella grotta in uno dei principali luoghi di pellegrinaggio per i cattolici.<\/p>\n<div class=\"link-product\">\n<div class=\"blocco-immagine\"><img loading=\"lazy\" decoding=\"async\" class=\"size-full wp-image-16124 alignleft\" src=\"https:\/\/blog.holyart.it\/it\/wp-content\/uploads\/sites\/17\/2022\/08\/nostra-signora-di-lourdes-pietra-bethleem.jpg\" alt=\"nostra signora di lourdes pietra bethleem\" width=\"100\" height=\"100\" data-kale-share-title=\"Feste Mariane: ecco tutte le ricorrenze dell\u2019anno dedicate a Maria\" data-kale-share-url=\"https:\/\/blog.holyart.it\/it\/?p=16120\" \/><\/div>\n<div class=\"blocco-contenuto\">\n<div class=\"blocco-acquista\">Acquista su Holyart:<\/div>\n<div class=\"blocco-titolo\"><a href=\"https:\/\/www.holyart.it\/it\/articoli-religiosi\/statue\/statue-in-pietra\/nostra-signora-di-lourdes-pietra-bethleem\">Nostra Signora di Lourdes pietra Bethl\u00e9em<\/a><\/div>\n<div class=\"blocco-descrizione\">E&#8217; una bella riproduzione della Santa Vergine di Lourdes, fedele alle testimonianze lasciate da Santa Bernadette.<\/div>\n<\/div>\n<\/div>\n<h3>25 Marzo: Annunciazione del Signore<\/h3>\n<p>Il 25 marzo si celebra l\u2019<strong><a href=\"https:\/\/www.holyart.it\/blog\/articoli-religiosi\/annunciazione-del-signore-perche-si-festeggia-il-25-marzo\/\">Annunciazione del Signore<\/a><\/strong>. Celebrata sia dalla Chiesa cattolica, sia da quella ortodossa, \u00e8 una delle Feste del Signore, e dunque dedicata a Ges\u00f9, ma in ugual misura a Sua madre Maria. Infatti si tratta della celebrazione del ricordo dell\u2019<strong>incontro tra Maria e l\u2019arcangelo Gabriele<\/strong>, quando l&#8217;angelo annunci\u00f2 alla Vergine la venuta del Messia ed ella accett\u00f2 il ruolo che Dio aveva scelto per lei negli eventi che sarebbero venuti.<\/p>\n<h3>13 Maggio: Madonna di Fatima<\/h3>\n<p>Come per la festa della Madonna di Lourdes, anche quella della <a href=\"https:\/\/www.holyart.it\/it\/articoli-religiosi\/statue\/statue-in-resina-e-pvc\/madonna-di-fatima-43-cm-statua-in-resina\"><strong>Madonna di Fatima<\/strong><\/a> si pone a ricordare la prima apparizione di quest&#8217;ultima, che ebbe luogo il <strong>13 maggio del 1917<\/strong>. Protagonisti dell&#8217;<strong><a href=\"https:\/\/www.holyart.it\/blog\/occasioni-speciali\/madonna-di-fatima-penitenza-e-preghiera-sono-la-salvezza\/\">incontro miracoloso<\/a><\/strong> furono questa volta tre pastorelli provenienti da Aljustrel. A questo seguirono altri incontri, il 13 di ogni mese, e dopo varie vicissitudini il <strong>culto della Madonna di Fatima<\/strong> venne riconosciuto e legittimato dalla Chiesa nel 1930. Ai tre pastorelli la Madonna rivel\u00f2 i cosiddetti tre segreti di Fatima, e in generale port\u00f2 un messaggio di pace e invito alla preghiera.<\/p>\n<div class=\"link-product\">\n<div class=\"blocco-immagine\"><img loading=\"lazy\" decoding=\"async\" class=\"size-full wp-image-16125 alignleft\" src=\"https:\/\/blog.holyart.it\/it\/wp-content\/uploads\/sites\/17\/2022\/08\/madonna-di-fatima-43-cm-statua-in-resina.jpg\" alt=\"madonna di fatima 43 cm statua in resina\" width=\"100\" height=\"100\" data-kale-share-title=\"Feste Mariane: ecco tutte le ricorrenze dell\u2019anno dedicate a Maria\" data-kale-share-url=\"https:\/\/blog.holyart.it\/it\/?p=16120\" \/><\/div>\n<div class=\"blocco-contenuto\">\n<div class=\"blocco-acquista\">Acquista su Holyart:<\/div>\n<div class=\"blocco-titolo\"><a href=\"https:\/\/www.holyart.it\/it\/articoli-religiosi\/statue\/statue-in-resina-e-pvc\/madonna-di-fatima-43-cm-statua-in-resina\">Madonna di Fatima 43 cm statua in resina<\/a><\/div>\n<div class=\"blocco-descrizione\">Statua prodotta in resina rappresentante Madonna di Fatima di altezza 43 cm.<\/div>\n<\/div>\n<\/div>\n<h3>20 Maggio: Maria Santissima Mater Domini<\/h3>\n<p>La Festa Patronale della Vergine Maria SS Mater Domini \u00e8 uno degli eventi pi\u00f9 importanti della citt\u00e0 di Laterza, in provincia di Taranto. Il 20 maggio la statua della Vergine Maria SS. Mater Domini, Maria madre di Dio, custodita nel Santuario di Laterza viene portata in processione fino alla Chiesa Madre di S. Lorenzo. Quest&#8217;antica Festa patronale \u00e8 molto sentita dagli abitanti di Laterza, ma attira pellegrini e curiosi anche da Campania, Basilicata e Lazio. La processione ha preso il nome di <em>Peregrinatio Mariae<\/em>, ed \u00e8 stata istituita per la prima volta nel 1985.<\/p>\n<h3>31 Maggio: Visitazione della Beata Vergine Maria<\/h3>\n<p>La festa liturgica della <a href=\"https:\/\/www.holyart.it\/it\/articoli-religiosi\/bassorilievi\/bassorilievi-pietra\/bassorilievo-visitazione\"><strong>Visitazione della Beata Vergine Maria<\/strong><\/a> si celebra il 31 maggio e celebra l&#8217;incontro tra Elisabetta e Maria Vergine come raccontato nel Vangelo di Luca. Maria aveva appena ricevuto l&#8217;annunciazione dall&#8217;Arcangelo Gabriele e si rec\u00f2 in Giudea per fare visita alla parente Elisabetta, rimasta incinta in et\u00e0 avanzata. Quando quest&#8217;ultima la vide, il bimbo che era nel suo grembo, e che sarebbe diventato Giovanni Battista, sussult\u00f2, ed Elisabetta salut\u00f2 Maria come futura madre del Salvatore. In quell&#8217;occasione la Madonna espresse anche la sua gratitudine a Dio con il cantico contenuto nel primo capitolo del Vangelo secondo Luca che conosciamo come <em>Magnificat.<\/em><\/p>\n<div class=\"link-product\">\n<div class=\"blocco-immagine\"><img loading=\"lazy\" decoding=\"async\" class=\"size-full wp-image-16126 alignleft\" src=\"https:\/\/blog.holyart.it\/it\/wp-content\/uploads\/sites\/17\/2022\/08\/bassorilievo-visitazione.jpg\" alt=\"bassorilievo visitazione\" width=\"100\" height=\"100\" data-kale-share-title=\"Feste Mariane: ecco tutte le ricorrenze dell\u2019anno dedicate a Maria\" data-kale-share-url=\"https:\/\/blog.holyart.it\/it\/?p=16120\" \/><\/div>\n<div class=\"blocco-contenuto\">\n<div class=\"blocco-acquista\">Acquista su Holyart:<\/div>\n<div class=\"blocco-titolo\"><a href=\"https:\/\/www.holyart.it\/it\/articoli-religiosi\/bassorilievi\/bassorilievi-pietra\/bassorilievo-visitazione\">Bassorilievo Visitazione<\/a><\/div>\n<div class=\"blocco-descrizione\">Bassorilievo in pietra dei Pirenei, fatto e dipinto a mano che raffigura la visitazione, il Magnificat.<\/div>\n<\/div>\n<\/div>\n<h3>Luned\u00ec dopo Pentecoste: Maria Madre della Chiesa<\/h3>\n<p>L&#8217;appellativo Mariano di Maria Madre della Chiesa, <em>Mater Ecclesiae<\/em>, \u00e8 stato a lungo al centro di discussioni e deliberazioni, ma solo nel marzo del 2018 Papa Francesco ha decretato l\u2019obbligo di festeggiare la memoria liturgica di Maria Madre della Chiesa il <strong>luned\u00ec dopo Pentecoste<\/strong>. Questa festa celebra il duplice ruolo di <strong><a href=\"https:\/\/www.holyart.it\/blog\/articoli-religiosi\/maria-madre-chiesa-festa-papa-francesco\/\">Maria Madre di Dio e Madre della Chiesa<\/a><\/strong>.<\/p>\n<div class=\"link-article\">\n<p><img loading=\"lazy\" decoding=\"async\" class=\"size-full wp-image-16127 alignleft\" src=\"https:\/\/blog.holyart.it\/it\/wp-content\/uploads\/sites\/17\/2022\/08\/maria-madre-della-chiesa.jpg\" alt=\"maria madre della chiesa\" width=\"150\" height=\"99\" data-kale-share-title=\"Feste Mariane: ecco tutte le ricorrenze dell\u2019anno dedicate a Maria\" data-kale-share-url=\"https:\/\/blog.holyart.it\/it\/?p=16120\" \/><\/p>\n<div class=\"leggi-anche\">Leggi anche:<\/div>\n<p><strong><a href=\"https:\/\/www.holyart.it\/blog\/articoli-religiosi\/maria-madre-chiesa-festa-papa-francesco\/\">Maria Madre della Chiesa: la festa istituita da Papa Francesco<\/a><\/strong><br \/>\nIl luned\u00ec dopo Pentecoste il rito romano celebra Maria Madre della Chiesa. Ecco come nasce questa festa&#8230;<\/p>\n<\/div>\n<h3>Sabato dopo il Sacro Cuore Di Ges\u00f9: Cuore Immacolato di Maria<\/h3>\n<p>La ricorrenza del <a href=\"https:\/\/www.holyart.it\/it\/articoli-religiosi\/statue\/statue-in-legno-dipinto\/statua-legno-sacro-cuore-di-maria-dipinta-val-gardena\"><strong>Sacro Cuore di Maria<\/strong><\/a> muta di anno in anno, ma cade sempre l&#8217;indomani della celebrazione del <strong>Sacro Cuore di<\/strong>\u00a0<strong>Ges\u00f9<\/strong>. La festa \u00e8 recente, in quanto fu Papa Pio XII a consacrare il mondo al Cuore Immacolato di Maria nel 1942, dopo le celebrazioni in onore delle Apparizioni di Fatima, e due anni dopo, nel 1944, istitu\u00ec la festa del Cuore Immacolato di Maria.<\/p>\n<div class=\"link-product\">\n<div class=\"blocco-immagine\"><img loading=\"lazy\" decoding=\"async\" class=\"size-full wp-image-16128 alignleft\" src=\"https:\/\/blog.holyart.it\/it\/wp-content\/uploads\/sites\/17\/2022\/08\/statua-legno-sacro-cuore-di-maria-dipinta-val-gardena.jpg\" alt=\"statua legno sacro cuore di maria dipinta val gardena\" width=\"100\" height=\"100\" data-kale-share-title=\"Feste Mariane: ecco tutte le ricorrenze dell\u2019anno dedicate a Maria\" data-kale-share-url=\"https:\/\/blog.holyart.it\/it\/?p=16120\" \/><\/div>\n<div class=\"blocco-contenuto\">\n<div class=\"blocco-acquista\">Acquista su Holyart:<\/div>\n<div class=\"blocco-titolo\"><a href=\"https:\/\/www.holyart.it\/it\/articoli-religiosi\/statue\/statue-in-legno-dipinto\/statua-legno-sacro-cuore-di-maria-dipinta-val-gardena\">Statua legno &#8220;Sacro Cuore di Maria&#8221; Val Gardena<\/a><\/div>\n<div class=\"blocco-descrizione\">Statua in legno di acero della Val Gardena lavorata e dipinta a mano dagli artigiani locali.<\/div>\n<\/div>\n<\/div>\n<h3>16 Luglio: Beata Vergine Maria del Monte Carmelo<\/h3>\n<p>Il 16 luglio si celebra l&#8217;<strong>apparizione della <a href=\"https:\/\/www.holyart.it\/blog\/santi-e-beati\/la-madonna-del-carmelo\/\">Madre di Ges\u00f9 sul Monte Carmelo<\/a><\/strong> a Simone Stock, allora priore generale dei Carmelitani. Era il 16 luglio del 1251, e la Vergine apparve all&#8217;uomo, consegnandogli uno <strong><a href=\"https:\/\/www.holyart.it\/blog\/articoli-religiosi\/cose-lo-scapolare\/\">scapolare<\/a><\/strong> e promettendo che chiunque fosse morto indossandolo avrebbe avuto la salvezza. Da questo episodio nacque la festa della Madonna del Carmelo e lo scapolare \u00e8 ancora oggi per i Carmelitani il simbolo della protezione materna di Maria.<\/p>\n<h3>5 Agosto: Dedicazione della Basilica di Santa Maria Maggiore<\/h3>\n<p>Il 5 agosto del 352 d.C. la Madonna apparve a papa Liberio e gli ordin\u00f2 di far erigere una chiesa nel punto in cui il mattino seguente avrebbe trovato la neve. Nacque cos\u00ec, dopo una miracolosa nevicata d&#8217;agosto, la <strong>Basilica di Santa Maria Maggiore<\/strong>, una delle quattro basiliche papali di Roma, situata sulla cima del colle Esquilino. \u00c8 anche il pi\u00f9 antico santuario mariano d&#8217;Occidente, ed \u00e8 dedicata a Maria Madre di Dio.<\/p>\n<h3>15 Agosto: Assunzione di Maria<\/h3>\n<p>15 agosto \u00e8 il giorno dell\u2019<a href=\"https:\/\/www.holyart.it\/it\/articoli-religiosi\/statue\/statue-in-resina-e-pvc\/assunzione-maria-angeli-statua-resina-18x12x6-cm\"><strong>Assunzione di Maria al Cielo<\/strong><\/a>. Sebbene il dogma dell\u2019Assunzione, secondo cui Maria sal\u00ec al cielo corpo e anima, sia stato proclamato solo da Papa Pio XII, grazie all\u2018<em>infallibilit\u00e0 papale<\/em>, esso ha un&#8217;origine molto antica ed \u00e8 da sempre legato alla tradizione popolare. \u00c8 una solennit\u00e0 celebrata da tutte le Chiese cristiane.<\/p>\n<div class=\"link-product\">\n<div class=\"blocco-immagine\"><img loading=\"lazy\" decoding=\"async\" class=\"size-full wp-image-16130 alignleft\" src=\"https:\/\/blog.holyart.it\/it\/wp-content\/uploads\/sites\/17\/2022\/08\/assunzione-maria-angeli-statua-resina-18x12x6-cm.jpg\" alt=\"assunzione maria angeli statua resina 18x12x6 cm\" width=\"100\" height=\"100\" data-kale-share-title=\"Feste Mariane: ecco tutte le ricorrenze dell\u2019anno dedicate a Maria\" data-kale-share-url=\"https:\/\/blog.holyart.it\/it\/?p=16120\" \/><\/div>\n<div class=\"blocco-contenuto\">\n<div class=\"blocco-acquista\">Acquista su Holyart:<\/div>\n<div class=\"blocco-titolo\"><a href=\"https:\/\/www.holyart.it\/it\/articoli-religiosi\/statue\/statue-in-resina-e-pvc\/assunzione-maria-angeli-statua-resina-18x12x6-cm\">Assunzione Maria angeli statua resina 18x12x6 cm<\/a><\/div>\n<div class=\"blocco-descrizione\">La Vergine \u00e8 ritratta con l&#8217;aureola e le braccia aperte, e la nuvola su cui posa \u00e8 sorretta da angioletti e fiori.<\/div>\n<\/div>\n<\/div>\n<h3>22 Agosto: Maria Regina<\/h3>\n<p>Istituita inizialmente il 31 maggio del 1954 da Pio XII, la <strong>festa della Regalit\u00e0 di Maria <\/strong>venne poi spostata al 22 agosto, ottavo giorno dell\u2019Assunzione, come riconoscimento e consacrazione della <strong>dignit\u00e0 regale della Vergine<\/strong>. Il fondamento di tale dignit\u00e0 regale di Maria ha origini antiche, e si trova tanto nei testi liturgici quanto nella tradizione popolare.<\/p>\n<h3>8 Settembre:\u00a0Nativit\u00e0 della Beata Vergine Maria<\/h3>\n<p>L&#8217;8 settembre la Chiesa cattolica e quella ortodossa festeggiano la <strong><a href=\"https:\/\/www.holyart.it\/blog\/articoli-religiosi\/la-nativita-di-maria-quando-e-perche-si-festeggia\/\">Nativit\u00e0 della Beata Vergine Maria<\/a><\/strong>. I genitori di Maria erano <a href=\"https:\/\/www.holyart.it\/blog\/articoli-religiosi\/la-storia-di-santanna-madre-di-maria\/\"><strong>Gioacchino e Anna<\/strong><\/a> e la tradizione che pone la nativit\u00e0 di Maria l\u20198 settembre \u00e8 legata alla costruzione della Basilica di Sant\u2019Anna a Gerusalemme, nel IV secolo d.C., eretta nel luogo in cui un tempo sorgeva la casa in cui i genitori di Maria vissero e dove la Madre di Ges\u00f9 sarebbe nata. Nel mondo agricolo la celebrazione della nascita di Maria coincide con il tempo del raccolto e la fine dell&#8217;estate.<\/p>\n<div class=\"link-article\">\n<p><img loading=\"lazy\" decoding=\"async\" class=\"size-full wp-image-17878 alignleft\" src=\"https:\/\/blog.holyart.it\/it\/wp-content\/uploads\/sites\/17\/2022\/08\/nativita-della-beata-vergine-maria.jpg\" alt=\"nativita della beata vergine maria\" width=\"150\" height=\"99\" data-kale-share-title=\"Feste Mariane: ecco tutte le ricorrenze dell\u2019anno dedicate a Maria\" data-kale-share-url=\"https:\/\/blog.holyart.it\/it\/santi-e-beati\/feste-mariane-dedicate-a-maria\/\" \/><\/p>\n<div class=\"leggi-anche\">Leggi anche:<\/div>\n<p><strong><a href=\"https:\/\/www.holyart.it\/blog\/articoli-religiosi\/la-nativita-di-maria-quando-e-perche-si-festeggia\/\">Nativit\u00e0 della Beata Vergine Maria, quando e perch\u00e8 si festeggia?<\/a><\/strong><br \/>\nL\u20198 settembre si festeggia la nativit\u00e0 di Maria, la madre per eccellenza&#8230;<\/p>\n<\/div>\n<h3>12 Settembre:\u00a0Nome di Maria<\/h3>\n<p>Fin dal XII secolo c&#8217;\u00e8 una forte devozione al <strong>nome di Maria<\/strong>, alimentata da molti papi che ne fecero il fulcro di varie indulgenze. Ne venne istituita una prima festa ufficiale, ma per qualche tempo rimase circoscritta solo alla Spagna. Fu papa Innocenzo XI Odescalchi che nel 1685 stabil\u00ec la data della <strong>festa del Santissimo Nome di Maria<\/strong> il 12 settembre per commemorare la liberazione di Vienna dall&#8217;assedio Turco (12 settembre 1683).<br \/>\nPapa Giovanni Paolo II conferm\u00f2 la festa come memoria facoltativa sempre il 12 settembre.<\/p>\n<h3>15 Settembre\u00a0Beata Vergine Maria Addolorata<\/h3>\n<p>Il 15 settembre, l\u2019indomani della celebrazione dell\u2019Esaltazione della Croce, si festeggia <strong><a href=\"https:\/\/www.holyart.it\/blog\/articoli-religiosi\/il-culto-della-madonna-addolorata\/\">Maria Addolorata<\/a><\/strong>, <em>Mater Dolorosa<\/em>. Fu papa Pio X (1904-1914) a stabilire questa data, dando spazio a un culto antico che risaliva alla fine dell\u2019XI secolo, quello della<strong> Madonna Addolorata e dei suoi Sette Dolori<\/strong>. I dolori di Maria sono legati a diversi momenti della sua vita raccontati nei vangeli o tramandati dalla devozione popolare, legati alla Passione e alla morte di Ges\u00f9, ma non solo. I dolori di Maria venivano gi\u00e0 allora rappresentati per mezzo di spade conficcate nel cuore.<\/p>\n<div class=\"link-product\">\n<div class=\"blocco-immagine\"><img loading=\"lazy\" decoding=\"async\" class=\"size-full wp-image-16134 alignleft\" src=\"https:\/\/blog.holyart.it\/it\/wp-content\/uploads\/sites\/17\/2022\/08\/statua-madonna-addolorata-mani-giunte-resina-30-cm.jpg\" alt=\"statua madonna addolorata mani giunte resina 30 cm\" width=\"100\" height=\"100\" data-kale-share-title=\"Feste Mariane: ecco tutte le ricorrenze dell\u2019anno dedicate a Maria\" data-kale-share-url=\"https:\/\/blog.holyart.it\/it\/?p=16120\" \/><\/div>\n<div class=\"blocco-contenuto\">\n<div class=\"blocco-acquista\">Acquista su Holyart:<\/div>\n<div class=\"blocco-titolo\"><a href=\"https:\/\/www.holyart.it\/it\/articoli-religiosi\/statue\/statue-in-resina-e-pvc\/statua-madonna-addolorata-mani-giunte-resina-30-cm\">Statua Madonna Addolorata resina 30 cm<\/a><\/div>\n<div class=\"blocco-descrizione\">Questa statua raffigura la Madonna Addolorata, dipinta con le mani giunte e l&#8217;espressione triste.<\/div>\n<\/div>\n<\/div>\n<h3>7 Ottobre\u00a0Beata Vergine Maria del Rosario<\/h3>\n<p>Per festeggiare la vittoria contro i Turchi a Lepanto il 7 ottobre del 1571 papa Pio V istitu\u00ec la festa della <strong>Madonna della Vittoria<\/strong>, che il suo successore, Gregorio XIII, rinomin\u00f2 <a href=\"https:\/\/www.holyart.it\/blog\/articoli-religiosi\/ottobre-mese-del-santo-rosario\/\"><strong>festa della Beata Vergine Maria del Rosario<\/strong><\/a>. Secondo la leggenda il papa, dopo aver raccomandato a tutte le forze armate cristiane di recitare il Rosario prima di iniziare lo scontro, era talmente sicuro dell\u2019intercessione della Madonna invocata tramite il Rosario per decidere l\u2019esito della battaglia, che diede l\u2019ordine di suonare le campane in segno di vittoria prima ancora che essa finisse, in modo che fino a Roma si sapesse che i cristiani avevano vinto.<\/p>\n<h3>21 Novembre\u00a0Presentazione di Maria al Tempio<\/h3>\n<p>Il 21 novembre viene celebrata la <strong>Presentazione della Beata Vergine Maria<\/strong>, memoria liturgica devozionale che ricorda la presentazione di Maria ai sacerdoti del Tempio di Gerusalemme per opera dei suoi genitori, Anna e Gioacchino. Lo stesso giorno nel 543 venne consacrata la\u00a0basilica di Santa Maria Nuova a Gerusalemme.<\/p>\n<h3>8 Dicembre Immacolata Concezione<\/h3>\n<p>La <strong><a href=\"https:\/\/www.holyart.it\/blog\/santi-e-beati\/limmacolata-concezione-della-vergine-maria\/\">devozione alla Madonna Immacolata<\/a><\/strong> \u00e8 una delle pi\u00f9 diffuse e amate nella tradizione popolare. Nasce dal dogma della Chiesa cattolica per cui Maria, bench\u00e9 concepita e nata da una coppia di mortali, nacque pura, <strong>mai toccata dal peccato originale<\/strong>, come accade invece a tutti gli altri uomini e donne. Maria sarebbe l\u2019unica creatura a cui venne riservato questo speciale privilegio, proprio in vista della sua missione, quella di diventare Madre di Ges\u00f9. L\u20198 dicembre del 1857, papa Pio IX riconobbe il dogma e defin\u00ec le modalit\u00e0 di festeggiamento e celebrazione. Egli benedisse a Roma un monumento posto in Piazza Mignanelli, vicino a Piazza di Spagna, dedicato a Maria Immacolata, e lo omaggi\u00f2 con un\u2019offerta di fiori. Da allora \u00e8 tradizione che in occasione dell\u20198 dicembre il Papa esca dal Vaticano e si rechi in prima persona in Piazza di Spagna, per portare fiori freschi in offerta alla Madonna Immacolata e guidare la preghiera popolare con la lettura di un brano della Sacra Scrittura e di un brano della Dottrina della Chiesa.<\/p>\n<div class=\"link-article\">\n<p><img loading=\"lazy\" decoding=\"async\" class=\"size-full wp-image-16135 alignleft\" src=\"https:\/\/blog.holyart.it\/it\/wp-content\/uploads\/sites\/17\/2022\/08\/Immacolata-concezione.jpg\" alt=\"Immacolata concezione\" width=\"150\" height=\"99\" data-kale-share-title=\"Feste Mariane: ecco tutte le ricorrenze dell\u2019anno dedicate a Maria\" data-kale-share-url=\"https:\/\/blog.holyart.it\/it\/?p=16120\" \/><\/p>\n<div class=\"leggi-anche\">Leggi anche:<\/div>\n<p><strong><a href=\"https:\/\/www.holyart.it\/blog\/santi-e-beati\/limmacolata-concezione-della-vergine-maria\/\">L\u2019immacolata concezione della Vergine Maria<\/a><\/strong><br \/>\nL\u2019Immacolata Concezione \u00e8 un dogma della Chiesa cattolica che sancisce come, bench\u00e9 concepita e nata da una coppia di mortali&#8230;<\/p>\n<\/div>\n<h3>10 Dicembre: Madonna di Loreto<\/h3>\n<p>Il 10 dicembre si celebra la festa liturgica della <strong>Madonna di Loreto<\/strong>, che ha origini antichissime. Da secoli questa festa \u00e8 caratterizzata dall\u2019accensione di fuochi che rischiarano la notte, per ricordare quelli che rischiararono il cammino degli angeli intenti a trasportare la <a href=\"https:\/\/www.holyart.it\/blog\/santi-e-beati\/la-madonna-di-loreto-storia-e-mito-della-casa-arrivata-a-loreto-dalla-palestina\/\"><strong>Sacra Casa di Maria da Nazareth a Loreto<\/strong><\/a>.<\/p>\n<div class=\"link-product\">\n<div class=\"blocco-immagine\"><img loading=\"lazy\" decoding=\"async\" class=\"size-full wp-image-16137 alignleft\" src=\"https:\/\/blog.holyart.it\/it\/wp-content\/uploads\/sites\/17\/2022\/08\/madonna-di-loreto-in-gesso-madreperlato-20-cm.jpg\" alt=\"madonna di loreto in gesso madreperlato 20 cm\" width=\"100\" height=\"100\" data-kale-share-title=\"Feste Mariane: ecco tutte le ricorrenze dell\u2019anno dedicate a Maria\" data-kale-share-url=\"https:\/\/blog.holyart.it\/it\/?p=16120\" \/><\/div>\n<div class=\"blocco-contenuto\">\n<div class=\"blocco-acquista\">Acquista su Holyart:<\/div>\n<div class=\"blocco-titolo\"><a href=\"https:\/\/www.holyart.it\/it\/articoli-religiosi\/statue\/statue-in-gesso\/madonna-di-loreto-in-gesso-madreperlato-20-cm\">Madonna di Loreto in gesso madreperlato 20 cm<\/a><\/div>\n<div class=\"blocco-descrizione\">La Madonna presenta una lunga veste bianca con particolari rifiniture blu e oro.<\/div>\n<\/div>\n<\/div>\n<h3>12 Dicembre:\u00a0Madonna di Guadalupe<\/h3>\n<p><a href=\"https:\/\/www.holyart.it\/it\/articoli\/statue-madonna-di-guadalupe.php\"><strong>Il 12 dicembre si festeggia la Vergine di Guadalupe<\/strong><\/a>, protettrice di tutti i popoli di lingua spagnola e patrona dell\u2019America. Secondo la tradizione tra il 9 e il 12 dicembre 1531 la Madonna apparve a Juan Diego Cuauhtlatoatzin, uno dei primi aztechi convertiti al cristianesimo, sulla collina del Tepeyac a nord di Citt\u00e0 del Messico. Nasce cos\u00ec il culto della Madonna di Guadalupe, <a href=\"https:\/\/www.holyart.it\/blog\/articoli-religiosi\/basilica-di-nostra-signora-di-guadalupe-a-citta-del-messico\/\"><strong>il Santuario della quale<\/strong><\/a>, sorto nel luogo in cui avvennero le apparizioni, \u00e8 uno dei luoghi di culto pi\u00f9 visitati al mondo, pi\u00f9 ancora di Lourdes e di Fatima, e il primo in America.<\/p>\n<div class=\"link-product\">\n<div class=\"blocco-immagine\"><img loading=\"lazy\" decoding=\"async\" class=\"size-full wp-image-16138 alignleft\" src=\"https:\/\/blog.holyart.it\/it\/wp-content\/uploads\/sites\/17\/2022\/08\/statua-madonna-di-guadalupe-legno-dipinto-val-gardena.jpg\" alt=\"statua madonna di guadalupe legno dipinto val gardena\" width=\"100\" height=\"100\" data-kale-share-title=\"Feste Mariane: ecco tutte le ricorrenze dell\u2019anno dedicate a Maria\" data-kale-share-url=\"https:\/\/blog.holyart.it\/it\/?p=16120\" \/><\/div>\n<div class=\"blocco-contenuto\">\n<div class=\"blocco-acquista\">Acquista su Holyart:<\/div>\n<div class=\"blocco-titolo\"><a href=\"https:\/\/www.holyart.it\/it\/articoli-religiosi\/statue\/statue-in-legno-dipinto\/statua-madonna-di-guadalupe-legno-dipinto-val-gardena\">Statua Madonna di Guadalupe Val Gardena<\/a><\/div>\n<div class=\"blocco-descrizione\">Statua raffigurante la Madonna di Guadalupe con attorno un fascio di luce.<\/div>\n<\/div>\n<\/div>\n","protected":false},"excerpt":{"rendered":"<p>Feste Mariane, tutti i volti della devozione a Maria Madre di Ges\u00f9 Non \u00e8 facile elencare tutte le feste dedicate a Maria, Madre di Ges\u00f9. La devozione a lei tributata dai fedeli si manifesta da sempre in molti modi differenti per la Chiesa cattolica. Le&hellip;<\/p>\n","protected":false},"author":1,"featured_media":16140,"comment_status":"closed","ping_status":"open","sticky":false,"template":"","format":"standard","meta":{"_acf_changed":false,"footnotes":""},"categories":[16,15],"tags":[],"class_list":["post-16120","post","type-post","status-publish","format-standard","has-post-thumbnail","hentry","category-articoli-religiosi","category-santi-e-beati"],"acf":[],"yoast_head":"<!-- This site is optimized with the Yoast SEO plugin v26.6 - https:\/\/yoast.com\/wordpress\/plugins\/seo\/ -->\n<title>Feste Mariane: ecco tutte le ricorrenze dell\u2019anno dedicate a Maria - Holyblog<\/title>\n<meta name=\"description\" content=\"Le Feste Mariane percorrono il calendario della chiesa cristiana, celebrando una devozione antica , ma inesausta verso la Madre di Dio. Scopriamo quali sono\" \/>\n<meta name=\"robots\" content=\"index, follow, max-snippet:-1, max-image-preview:large, max-video-preview:-1\" \/>\n<link rel=\"canonical\" href=\"https:\/\/blog.holyart.it\/it\/articoli-religiosi\/feste-mariane-dedicate-a-maria\/\" \/>\n<meta property=\"og:locale\" content=\"it_IT\" \/>\n<meta property=\"og:type\" content=\"article\" \/>\n<meta property=\"og:title\" content=\"Feste Mariane: ecco tutte le ricorrenze dell\u2019anno dedicate a Maria - Holyblog\" \/>\n<meta property=\"og:description\" content=\"Le Feste Mariane percorrono il calendario della chiesa cristiana, celebrando una devozione antica , ma inesausta verso la Madre di Dio. Scopriamo quali sono\" \/>\n<meta property=\"og:url\" content=\"https:\/\/blog.holyart.it\/it\/articoli-religiosi\/feste-mariane-dedicate-a-maria\/\" \/>\n<meta property=\"og:site_name\" content=\"Holyblog\" \/>\n<meta property=\"article:published_time\" content=\"2022-08-15T10:30:48+00:00\" \/>\n<meta property=\"article:modified_time\" content=\"2025-08-29T08:07:24+00:00\" \/>\n<meta property=\"og:image\" content=\"https:\/\/blog.holyart.it\/it\/wp-content\/uploads\/sites\/17\/2022\/08\/feste-mariane.jpg\" \/>\n\t<meta property=\"og:image:width\" content=\"1000\" \/>\n\t<meta property=\"og:image:height\" content=\"666\" \/>\n\t<meta property=\"og:image:type\" content=\"image\/jpeg\" \/>\n<meta name=\"author\" content=\"Redazione\" \/>\n<meta name=\"twitter:card\" content=\"summary_large_image\" \/>\n<meta name=\"twitter:label1\" content=\"Scritto da\" \/>\n\t<meta name=\"twitter:data1\" content=\"Redazione\" \/>\n\t<meta name=\"twitter:label2\" content=\"Tempo di lettura stimato\" \/>\n\t<meta name=\"twitter:data2\" content=\"18 minuti\" \/>\n<script type=\"application\/ld+json\" class=\"yoast-schema-graph\">{\"@context\":\"https:\/\/schema.org\",\"@graph\":[{\"@type\":\"Article\",\"@id\":\"https:\/\/blog.holyart.it\/it\/articoli-religiosi\/feste-mariane-dedicate-a-maria\/#article\",\"isPartOf\":{\"@id\":\"https:\/\/blog.holyart.it\/it\/articoli-religiosi\/feste-mariane-dedicate-a-maria\/\"},\"author\":{\"name\":\"Redazione\",\"@id\":\"https:\/\/blog.holyart.it\/it\/#\/schema\/person\/0a7b686e5af0f856ec1e390dd0baecda\"},\"headline\":\"Feste Mariane: ecco tutte le ricorrenze dell\u2019anno dedicate a Maria\",\"datePublished\":\"2022-08-15T10:30:48+00:00\",\"dateModified\":\"2025-08-29T08:07:24+00:00\",\"mainEntityOfPage\":{\"@id\":\"https:\/\/blog.holyart.it\/it\/articoli-religiosi\/feste-mariane-dedicate-a-maria\/\"},\"wordCount\":2597,\"publisher\":{\"@id\":\"https:\/\/blog.holyart.it\/it\/#organization\"},\"image\":{\"@id\":\"https:\/\/blog.holyart.it\/it\/articoli-religiosi\/feste-mariane-dedicate-a-maria\/#primaryimage\"},\"thumbnailUrl\":\"https:\/\/blog.holyart.it\/it\/wp-content\/uploads\/sites\/17\/2022\/08\/feste-mariane.jpg\",\"articleSection\":[\"Religione\",\"Santi e beati\"],\"inLanguage\":\"it-IT\"},{\"@type\":\"WebPage\",\"@id\":\"https:\/\/blog.holyart.it\/it\/articoli-religiosi\/feste-mariane-dedicate-a-maria\/\",\"url\":\"https:\/\/blog.holyart.it\/it\/articoli-religiosi\/feste-mariane-dedicate-a-maria\/\",\"name\":\"Feste Mariane: ecco tutte le ricorrenze dell\u2019anno dedicate a Maria - Holyblog\",\"isPartOf\":{\"@id\":\"https:\/\/blog.holyart.it\/it\/#website\"},\"primaryImageOfPage\":{\"@id\":\"https:\/\/blog.holyart.it\/it\/articoli-religiosi\/feste-mariane-dedicate-a-maria\/#primaryimage\"},\"image\":{\"@id\":\"https:\/\/blog.holyart.it\/it\/articoli-religiosi\/feste-mariane-dedicate-a-maria\/#primaryimage\"},\"thumbnailUrl\":\"https:\/\/blog.holyart.it\/it\/wp-content\/uploads\/sites\/17\/2022\/08\/feste-mariane.jpg\",\"datePublished\":\"2022-08-15T10:30:48+00:00\",\"dateModified\":\"2025-08-29T08:07:24+00:00\",\"description\":\"Le Feste Mariane percorrono il calendario della chiesa cristiana, celebrando una devozione antica , ma inesausta verso la Madre di Dio. Scopriamo quali sono\",\"breadcrumb\":{\"@id\":\"https:\/\/blog.holyart.it\/it\/articoli-religiosi\/feste-mariane-dedicate-a-maria\/#breadcrumb\"},\"inLanguage\":\"it-IT\",\"potentialAction\":[{\"@type\":\"ReadAction\",\"target\":[\"https:\/\/blog.holyart.it\/it\/articoli-religiosi\/feste-mariane-dedicate-a-maria\/\"]}]},{\"@type\":\"ImageObject\",\"inLanguage\":\"it-IT\",\"@id\":\"https:\/\/blog.holyart.it\/it\/articoli-religiosi\/feste-mariane-dedicate-a-maria\/#primaryimage\",\"url\":\"https:\/\/blog.holyart.it\/it\/wp-content\/uploads\/sites\/17\/2022\/08\/feste-mariane.jpg\",\"contentUrl\":\"https:\/\/blog.holyart.it\/it\/wp-content\/uploads\/sites\/17\/2022\/08\/feste-mariane.jpg\",\"width\":1000,\"height\":666,\"caption\":\"feste mariane\"},{\"@type\":\"BreadcrumbList\",\"@id\":\"https:\/\/blog.holyart.it\/it\/articoli-religiosi\/feste-mariane-dedicate-a-maria\/#breadcrumb\",\"itemListElement\":[{\"@type\":\"ListItem\",\"position\":1,\"name\":\"Homepage\",\"item\":\"https:\/\/blog.holyart.it\/it\/\"},{\"@type\":\"ListItem\",\"position\":2,\"name\":\"Religione\",\"item\":\"https:\/\/blog.holyart.it\/it\/articoli-religiosi\/\"},{\"@type\":\"ListItem\",\"position\":3,\"name\":\"Feste Mariane: ecco tutte le ricorrenze dell\u2019anno dedicate a Maria\"}]},{\"@type\":\"WebSite\",\"@id\":\"https:\/\/blog.holyart.it\/it\/#website\",\"url\":\"https:\/\/blog.holyart.it\/it\/\",\"name\":\"Holyblog\",\"description\":\"Il Blog di Holyart.it\",\"publisher\":{\"@id\":\"https:\/\/blog.holyart.it\/it\/#organization\"},\"potentialAction\":[{\"@type\":\"SearchAction\",\"target\":{\"@type\":\"EntryPoint\",\"urlTemplate\":\"https:\/\/blog.holyart.it\/it\/?s={search_term_string}\"},\"query-input\":{\"@type\":\"PropertyValueSpecification\",\"valueRequired\":true,\"valueName\":\"search_term_string\"}}],\"inLanguage\":\"it-IT\"},{\"@type\":\"Organization\",\"@id\":\"https:\/\/blog.holyart.it\/it\/#organization\",\"name\":\"Holyblog\",\"url\":\"https:\/\/blog.holyart.it\/it\/\",\"logo\":{\"@type\":\"ImageObject\",\"inLanguage\":\"it-IT\",\"@id\":\"https:\/\/blog.holyart.it\/it\/#\/schema\/logo\/image\/\",\"url\":\"https:\/\/blog.holyart.it\/it\/wp-content\/uploads\/sites\/17\/2022\/12\/Holyart_Blog_Logo.jpg\",\"contentUrl\":\"https:\/\/blog.holyart.it\/it\/wp-content\/uploads\/sites\/17\/2022\/12\/Holyart_Blog_Logo.jpg\",\"width\":300,\"height\":50,\"caption\":\"Holyblog\"},\"image\":{\"@id\":\"https:\/\/blog.holyart.it\/it\/#\/schema\/logo\/image\/\"}},{\"@type\":\"Person\",\"@id\":\"https:\/\/blog.holyart.it\/it\/#\/schema\/person\/0a7b686e5af0f856ec1e390dd0baecda\",\"name\":\"Redazione\"}]}<\/script>\n<!-- \/ Yoast SEO plugin. -->","yoast_head_json":{"title":"Feste Mariane: ecco tutte le ricorrenze dell\u2019anno dedicate a Maria - Holyblog","description":"Le Feste Mariane percorrono il calendario della chiesa cristiana, celebrando una devozione antica , ma inesausta verso la Madre di Dio. Scopriamo quali sono","robots":{"index":"index","follow":"follow","max-snippet":"max-snippet:-1","max-image-preview":"max-image-preview:large","max-video-preview":"max-video-preview:-1"},"canonical":"https:\/\/blog.holyart.it\/it\/articoli-religiosi\/feste-mariane-dedicate-a-maria\/","og_locale":"it_IT","og_type":"article","og_title":"Feste Mariane: ecco tutte le ricorrenze dell\u2019anno dedicate a Maria - Holyblog","og_description":"Le Feste Mariane percorrono il calendario della chiesa cristiana, celebrando una devozione antica , ma inesausta verso la Madre di Dio. Scopriamo quali sono","og_url":"https:\/\/blog.holyart.it\/it\/articoli-religiosi\/feste-mariane-dedicate-a-maria\/","og_site_name":"Holyblog","article_published_time":"2022-08-15T10:30:48+00:00","article_modified_time":"2025-08-29T08:07:24+00:00","og_image":[{"width":1000,"height":666,"url":"https:\/\/blog.holyart.it\/it\/wp-content\/uploads\/sites\/17\/2022\/08\/feste-mariane.jpg","type":"image\/jpeg"}],"author":"Redazione","twitter_card":"summary_large_image","twitter_misc":{"Scritto da":"Redazione","Tempo di lettura stimato":"18 minuti"},"schema":{"@context":"https:\/\/schema.org","@graph":[{"@type":"Article","@id":"https:\/\/blog.holyart.it\/it\/articoli-religiosi\/feste-mariane-dedicate-a-maria\/#article","isPartOf":{"@id":"https:\/\/blog.holyart.it\/it\/articoli-religiosi\/feste-mariane-dedicate-a-maria\/"},"author":{"name":"Redazione","@id":"https:\/\/blog.holyart.it\/it\/#\/schema\/person\/0a7b686e5af0f856ec1e390dd0baecda"},"headline":"Feste Mariane: ecco tutte le ricorrenze dell\u2019anno dedicate a Maria","datePublished":"2022-08-15T10:30:48+00:00","dateModified":"2025-08-29T08:07:24+00:00","mainEntityOfPage":{"@id":"https:\/\/blog.holyart.it\/it\/articoli-religiosi\/feste-mariane-dedicate-a-maria\/"},"wordCount":2597,"publisher":{"@id":"https:\/\/blog.holyart.it\/it\/#organization"},"image":{"@id":"https:\/\/blog.holyart.it\/it\/articoli-religiosi\/feste-mariane-dedicate-a-maria\/#primaryimage"},"thumbnailUrl":"https:\/\/blog.holyart.it\/it\/wp-content\/uploads\/sites\/17\/2022\/08\/feste-mariane.jpg","articleSection":["Religione","Santi e beati"],"inLanguage":"it-IT"},{"@type":"WebPage","@id":"https:\/\/blog.holyart.it\/it\/articoli-religiosi\/feste-mariane-dedicate-a-maria\/","url":"https:\/\/blog.holyart.it\/it\/articoli-religiosi\/feste-mariane-dedicate-a-maria\/","name":"Feste Mariane: ecco tutte le ricorrenze dell\u2019anno dedicate a Maria - Holyblog","isPartOf":{"@id":"https:\/\/blog.holyart.it\/it\/#website"},"primaryImageOfPage":{"@id":"https:\/\/blog.holyart.it\/it\/articoli-religiosi\/feste-mariane-dedicate-a-maria\/#primaryimage"},"image":{"@id":"https:\/\/blog.holyart.it\/it\/articoli-religiosi\/feste-mariane-dedicate-a-maria\/#primaryimage"},"thumbnailUrl":"https:\/\/blog.holyart.it\/it\/wp-content\/uploads\/sites\/17\/2022\/08\/feste-mariane.jpg","datePublished":"2022-08-15T10:30:48+00:00","dateModified":"2025-08-29T08:07:24+00:00","description":"Le Feste Mariane percorrono il calendario della chiesa cristiana, celebrando una devozione antica , ma inesausta verso la Madre di Dio. Scopriamo quali sono","breadcrumb":{"@id":"https:\/\/blog.holyart.it\/it\/articoli-religiosi\/feste-mariane-dedicate-a-maria\/#breadcrumb"},"inLanguage":"it-IT","potentialAction":[{"@type":"ReadAction","target":["https:\/\/blog.holyart.it\/it\/articoli-religiosi\/feste-mariane-dedicate-a-maria\/"]}]},{"@type":"ImageObject","inLanguage":"it-IT","@id":"https:\/\/blog.holyart.it\/it\/articoli-religiosi\/feste-mariane-dedicate-a-maria\/#primaryimage","url":"https:\/\/blog.holyart.it\/it\/wp-content\/uploads\/sites\/17\/2022\/08\/feste-mariane.jpg","contentUrl":"https:\/\/blog.holyart.it\/it\/wp-content\/uploads\/sites\/17\/2022\/08\/feste-mariane.jpg","width":1000,"height":666,"caption":"feste mariane"},{"@type":"BreadcrumbList","@id":"https:\/\/blog.holyart.it\/it\/articoli-religiosi\/feste-mariane-dedicate-a-maria\/#breadcrumb","itemListElement":[{"@type":"ListItem","position":1,"name":"Homepage","item":"https:\/\/blog.holyart.it\/it\/"},{"@type":"ListItem","position":2,"name":"Religione","item":"https:\/\/blog.holyart.it\/it\/articoli-religiosi\/"},{"@type":"ListItem","position":3,"name":"Feste Mariane: ecco tutte le ricorrenze dell\u2019anno dedicate a Maria"}]},{"@type":"WebSite","@id":"https:\/\/blog.holyart.it\/it\/#website","url":"https:\/\/blog.holyart.it\/it\/","name":"Holyblog","description":"Il Blog di Holyart.it","publisher":{"@id":"https:\/\/blog.holyart.it\/it\/#organization"},"potentialAction":[{"@type":"SearchAction","target":{"@type":"EntryPoint","urlTemplate":"https:\/\/blog.holyart.it\/it\/?s={search_term_string}"},"query-input":{"@type":"PropertyValueSpecification","valueRequired":true,"valueName":"search_term_string"}}],"inLanguage":"it-IT"},{"@type":"Organization","@id":"https:\/\/blog.holyart.it\/it\/#organization","name":"Holyblog","url":"https:\/\/blog.holyart.it\/it\/","logo":{"@type":"ImageObject","inLanguage":"it-IT","@id":"https:\/\/blog.holyart.it\/it\/#\/schema\/logo\/image\/","url":"https:\/\/blog.holyart.it\/it\/wp-content\/uploads\/sites\/17\/2022\/12\/Holyart_Blog_Logo.jpg","contentUrl":"https:\/\/blog.holyart.it\/it\/wp-content\/uploads\/sites\/17\/2022\/12\/Holyart_Blog_Logo.jpg","width":300,"height":50,"caption":"Holyblog"},"image":{"@id":"https:\/\/blog.holyart.it\/it\/#\/schema\/logo\/image\/"}},{"@type":"Person","@id":"https:\/\/blog.holyart.it\/it\/#\/schema\/person\/0a7b686e5af0f856ec1e390dd0baecda","name":"Redazione"}]}},"_links":{"self":[{"href":"https:\/\/blog.holyart.it\/it\/wp-json\/wp\/v2\/posts\/16120","targetHints":{"allow":["GET"]}}],"collection":[{"href":"https:\/\/blog.holyart.it\/it\/wp-json\/wp\/v2\/posts"}],"about":[{"href":"https:\/\/blog.holyart.it\/it\/wp-json\/wp\/v2\/types\/post"}],"author":[{"embeddable":true,"href":"https:\/\/blog.holyart.it\/it\/wp-json\/wp\/v2\/users\/1"}],"replies":[{"embeddable":true,"href":"https:\/\/blog.holyart.it\/it\/wp-json\/wp\/v2\/comments?post=16120"}],"version-history":[{"count":6,"href":"https:\/\/blog.holyart.it\/it\/wp-json\/wp\/v2\/posts\/16120\/revisions"}],"predecessor-version":[{"id":20523,"href":"https:\/\/blog.holyart.it\/it\/wp-json\/wp\/v2\/posts\/16120\/revisions\/20523"}],"wp:featuredmedia":[{"embeddable":true,"href":"https:\/\/blog.holyart.it\/it\/wp-json\/wp\/v2\/media\/16140"}],"wp:attachment":[{"href":"https:\/\/blog.holyart.it\/it\/wp-json\/wp\/v2\/media?parent=16120"}],"wp:term":[{"taxonomy":"category","embeddable":true,"href":"https:\/\/blog.holyart.it\/it\/wp-json\/wp\/v2\/categories?post=16120"},{"taxonomy":"post_tag","embeddable":true,"href":"https:\/\/blog.holyart.it\/it\/wp-json\/wp\/v2\/tags?post=16120"}],"curies":[{"name":"wp","href":"https:\/\/api.w.org\/{rel}","templated":true}]}}