{"id":16069,"date":"2022-08-01T12:30:21","date_gmt":"2022-08-01T10:30:21","guid":{"rendered":"https:\/\/blog.holyart.it\/it\/?p=16069"},"modified":"2023-07-17T10:40:32","modified_gmt":"2023-07-17T08:40:32","slug":"feste-patronali-in-sicilia-le-10-piu-importanti-dellestate","status":"publish","type":"post","link":"https:\/\/blog.holyart.it\/it\/santi-e-beati\/feste-patronali-in-sicilia-le-10-piu-importanti-dellestate\/","title":{"rendered":"Feste patronali in Sicilia: le 10 pi\u00f9 importanti dell\u2019estate"},"content":{"rendered":"<h4>Le Feste patronali in Sicilia rappresentano un patrimonio di tradizioni popolari, forme devozionali e memoria storica inestimabili. Vediamo a quali non potete non partecipare se visitate l&#8217;isola d&#8217;estate<\/h4>\n\n<p>Abbiamo dedicato un precedente articolo alle <strong><a href=\"https:\/\/www.holyart.it\/blog\/articoli-religiosi\/le-feste-patronali-piu-belle-del-sud-italia\/\">feste patronali pi\u00f9 belle del Sud Italia<\/a><\/strong>. Si tratta di tradizioni radicate e preziose nel nostro paese, che mescolano in molti casi devozione popolare, folklore, ma anche avvenimenti storici, riti e usanze pagane. Spesso organizzate da <strong>confraternite<\/strong> le cui origini si perdono nella notte dei tempi, le feste patronali nel meridione d&#8217;Italia costituiscono uno scrigno di\u00a0<strong>memorie storiche inestimabili<\/strong>. Il momento culmine \u00e8 solitamente costituito dalla <strong>processione<\/strong>, quando la statua della Madonna, o del Santo festeggiato viene portata attraverso la citt\u00e0, con lunghe file di fedeli che spesso arrivano fino al mare. Oggi vogliamo soffermarci sulle feste patronali della Sicilia, in modo che chi si trovasse a trascorrere le vacanze nella splendida isola possa valutare di prendere parte a una di questa indimenticabili celebrazioni, caratterizzate da sentitissime processioni e molte usanze pittoresche e uniche, spesso a met\u00e0 tra <strong>sacro e profano<\/strong>.<\/p>\n<div class=\"link-article\">\n<p><img loading=\"lazy\" decoding=\"async\" class=\"size-full wp-image-16070 alignleft\" src=\"https:\/\/blog.holyart.it\/it\/wp-content\/uploads\/sites\/17\/2022\/07\/feste-patronali.jpg\" alt=\"feste patronali\" width=\"150\" height=\"99\" data-kale-share-title=\"Feste patronali in Sicilia: le 10 pi\u00f9 importanti dell\u2019estate\" data-kale-share-url=\"https:\/\/blog.holyart.it\/it\/?p=16069\" \/><\/p>\n<div class=\"leggi-anche\">Leggi anche:<\/div>\n<p><strong><a href=\"https:\/\/www.holyart.it\/blog\/articoli-religiosi\/le-feste-patronali-piu-belle-del-sud-italia\/\">Le feste patronali pi\u00f9 belle del Sud Italia<\/a><\/strong><br \/>\nLe feste patronali sono una tradizione molto radicata e importante nel nostro paese, soprattutto nel Sud&#8230;<\/p>\n<\/div>\n<p>Ecco le 10 feste patronali siciliane dell&#8217;estate da non perdere.<\/p>\n<h2>Festa della Madonna della Neve<\/h2>\n<p><strong>Francofonte<\/strong> \u00e8 un piccolo comune nel siracusano. Qui ogni anno il <strong>5 agosto<\/strong>, data in cui secondo un&#8217;antica tradizione la Madonna ricopr\u00ec con una nevicata miracolosa il colle Esquilino, a Roma, si festeggia la <strong>Madonna della Neve<\/strong>. Ci\u00f2 avveniva nel IV secolo d.C., e nel luogo dove ebbe luogo la miracolosa nevicata venne poi eretta per volont\u00e0 di Papa Liberio la Basilica di Santa Maria Maggiore, <em>Santa Maria ad Nives.<\/em> Anche a Francofonte cadde molta neve in un giorno d&#8217;estate, quando vi giunse un <a href=\"https:\/\/www.holyart.it\/it\/articoli-religiosi\/quadri-stampe-codici-miniati\/stampa-madonna-della-tenerezza-primo-piano\"><strong>quadro della Madonna<\/strong><\/a> oggetto di una contesa. Infatti le origini della Festa della Madonna della Neve a Francofonte risalgono al XVI secolo, quando gli abitanti del paese si scontrarono con quelli del vicino comune di Vizzini per il possesso di un quadro della Madonna trovato in una contrada a met\u00e0 strada. Incapaci di stabilire a chi dovesse appartenere, i contendenti lo caricarono su un carro trainato da buoi e lasciarono gli animali liberi di dirigersi nella direzione che preferivano. I buoi scelsero Francofonte, dove il quadro giunse sotto una miracolosa nevicata estiva. Ancora oggi il quadro, una pittura su tavola plasmata di calce del XV secolo rivestita in argento \u00e8 oggetto di grande devozione e viene portato in processione a mezzogiorno del 5 agosto, accompagnato da un corteo in costumi settecenteschi, ma per diversi giorni il paese \u00e8 attraversato da spettacoli, canti e festeggiamenti vari.<\/p>\n<div class=\"link-product\">\n<div class=\"blocco-immagine\"><img loading=\"lazy\" decoding=\"async\" class=\"size-full wp-image-16071 alignleft\" src=\"https:\/\/blog.holyart.it\/it\/wp-content\/uploads\/sites\/17\/2022\/07\/stampa-madonna-della-tenerezza-primo-piano.jpg\" alt=\"stampa madonna della tenerezza primo piano\" width=\"100\" height=\"100\" data-kale-share-title=\"Feste patronali in Sicilia: le 10 pi\u00f9 importanti dell\u2019estate\" data-kale-share-url=\"https:\/\/blog.holyart.it\/it\/?p=16069\" \/><\/div>\n<div class=\"blocco-contenuto\">\n<div class=\"blocco-acquista\">Acquista su Holyart:<\/div>\n<div class=\"blocco-titolo\"><a href=\"https:\/\/www.holyart.it\/it\/articoli-religiosi\/quadri-stampe-codici-miniati\/stampa-madonna-della-tenerezza-primo-piano\">Stampa Madonna della Tenerezza primo piano<\/a><\/div>\n<div class=\"blocco-descrizione\">Stampa realizzata ad alta definizione da una litografia italiana.<\/div>\n<\/div>\n<\/div>\n<h2>Festa della Madonna Annunziata<\/h2>\n<p><strong>Maria Santissima Annunziata<\/strong> veglia da sempre su Bronte, comune vicino a Catania famoso per il pistacchio verde di Bronte, appunto. Nel 1763, nel 1832 e nel 1843 infatti salv\u00f2 la citt\u00e0 dalla <strong>lava dell&#8217;Etna <\/strong>che l&#8217;avrebbe altrimenti seppellita. La leggenda vuole che la statua sia frutto di uno scambio tra alcuni pastori brontesi e alcuni pirati greci, o che venne raccolta da pirati saraceni dopo un naufragio e consegnata ai cittadini in cambio di cibo. Venne portata in citt\u00e0 su un carro trainato da due grossi buoi molto aggressivi, che per\u00f2 si placarono ammansiti dalla Vergine e la portarono docili e tranquilli.\u00a0 Ogni tre anni, nella seconda domenica di agosto, ha luogo a Bronte la Festa della Madonna Annunziata, che di Bronte e la patrona. La festa inizia con la <strong>statua della Madonna<\/strong> che viene prelevata dal Santuario di Bronte e fatta scendere tramite un ponte scorrevole dall\u2019altare per essere trasferita nella contrada di Borgonovo con un\u00a0suggestivo <strong>trasferimento notturno<\/strong> seguito da migliaia di fedeli. L&#8217;indomani la statua entra a Bronte su un <strong>carro di bronzo trainato dai buoi<\/strong> e scortata fino all&#8217;arco trionfale eretto appositamente a corso Umberto dove riceve simbolicamente le <strong>chiavi della citt\u00e0<\/strong> dalle mani del sindaco, mentre la folla festeggia.\u00a0 La domenica avvengono le due <strong>volate dell\u2019Angelo <\/strong>in piazza Spedalieri: un bambino vestito da Arcangelo Gabriele vola sulla piazza grazie a un cavo d\u2019acciaio e scende davanti alla statua della Madonna, ripetendo la scena dell&#8217;Annunciazione. Il luned\u00ec una nuova processione solenne riporta la Madonna\u00a0nella nicchia sull\u2019altare maggiore del Santuario.<\/p>\n<div class=\"link-product\">\n<div class=\"blocco-immagine\"><img loading=\"lazy\" decoding=\"async\" class=\"size-full wp-image-16072 alignleft\" src=\"https:\/\/blog.holyart.it\/it\/wp-content\/uploads\/sites\/17\/2022\/07\/annunciazione-29-cm-pietra-dei-pirenei-monastero-bethleem.jpg\" alt=\"annunciazione 29 cm pietra dei pirenei monastero bethleem\" width=\"100\" height=\"100\" data-kale-share-title=\"Feste patronali in Sicilia: le 10 pi\u00f9 importanti dell\u2019estate\" data-kale-share-url=\"https:\/\/blog.holyart.it\/it\/?p=16069\" \/><\/div>\n<div class=\"blocco-contenuto\">\n<div class=\"blocco-acquista\">Acquista su Holyart:<\/div>\n<div class=\"blocco-titolo\"><a href=\"https:\/\/www.holyart.it\/it\/articoli-religiosi\/statue\/statue-in-pietra\/annunciazione-29-cm-pietra-dei-pirenei-monastero-bethleem\">Annunciazione 29 cm pietra dei Pirenei Bethl\u00e9em<\/a><\/div>\n<div class=\"blocco-descrizione\">Scena in pietra dei Pirenei prodotta nel Monastero di Bethl\u00e9em.<\/div>\n<\/div>\n<\/div>\n<h2>Festa di Sant\u2019Alberto e della Madonna di Trapani<\/h2>\n<p><strong>Sant&#8217;Alberto degli Abati<\/strong>, protettore dell&#8217;Ordine Carmelitano, \u00e8 patrono di Trapani insieme alla <strong>Madonna di Trapani<\/strong>. Il <strong>7 agosto<\/strong>, giorno della sua morte nel 1307, il suo busto viene tratto dalla Basilica dell\u2019Annunziata e portato in <strong>processione solenne<\/strong> attraverso la citt\u00e0 fino alla Cattedrale. Tra i miracoli a lui attribuiti c&#8217;\u00e8 la guarigione del figlio del re Pietro III d&#8217;Aragona, guarito da un sorso d&#8217;acqua contenente pezzetti della veste del Santo. Per questo alla vigilia della sua festa viene <strong>benedetta l&#8217;acqua<\/strong> ed estratta la bambagia che \u00e8 stata messa a contatto con il Cranio del Santo contenuto nella sua statua custodita nel Santuario della Madonna di Trapani. La statua stessa viene portata su un carro fino alla Cattedrale di San Lorenzo per la messa, non prima che il Sindaco gli abbia consegnato le chiavi della citt\u00e0.<\/p>\n<p>La <strong>Madonna di Trapani<\/strong> viene invece festeggiata il <strong>16 agosto<\/strong> con una grande festa che culmina con sontuosi <strong>fuochi d&#8217;artificio di mezzanotte alla &#8220;marina&#8221;.<\/strong> Le celebrazioni iniziano per\u00f2 qualche giorno prima, con una <strong>grande processione notturna<\/strong> il 13 agosto, quando giunge via mare una copia della statua di marmo della Madonna, poi il 15 il pellegrinaggio dalla Cattedrale, dove la statua \u00e8 stata posta, fino al Santuario e infine il 16 agosto la processione pi\u00f9 importante, con la statua caricata su un carro a ruote portato in spalla tra la folla esultante e orante.<\/p>\n<p>L&#8217;originale della statua della Madonna di Trapani risale al 1300 ed \u00e8 custodita nella Basilica dell\u2019Annunziata dai padri Carmelitani. Molte leggende sono legate al suo arrivo in Sicilia e al suo avventuroso viaggio dalla Terra Santa. Anche in questo caso, come per la Madonna della Neve, si parla di buoi guidati da una mano invisibile che decret\u00f2 che la statua, in procinto di partire per Livorno, dovesse restare a Trapani.<\/p>\n<h2>Santa Maria del Carmelo<\/h2>\n<p>A Leonforte vicino a Enna si celebra il <strong>16 agosto<\/strong> la <strong>Madonna del Carmelo<\/strong>, che salv\u00f2 la gente di Leonfonte dalla terribile <strong>epidemia di peste del XVII secolo<\/strong>. In ricordo di questa grazia la processione 16 agosto \u00e8 preceduta da <strong>9 giorni di preghiera<\/strong>.<br \/>\nLa devozione ruota intorno alla <strong>statua della Madonna<\/strong> insieme a Simone Stock, Priore generale dei Carmelitani, che ricevette dalla lei in persona il Carmelo. La statua montata su un fercolo d&#8217;argento riccamente decorato viene fatta scorrere su due binari poggiati fuori dalla chiesa e portata in processione tra la folla accompagnata dalla banda musicale.<\/p>\n<h2>Festa di San Bartolomeo<\/h2>\n<p><strong>San Bartolomeo Apostolo<\/strong> \u00e8 stato eletto patrono di Giarratana, in provincia di Ragusa e viene festeggiato il <strong>16 agosto<\/strong>. In quell&#8217;occasione la <em>vara<\/em> del santo, il grande carro trionfale barocco viene presa dall\u2019altare maggiore della Chiesa di San Bartolomeo di Giarratana e spostata nella navata centrale, dove rester\u00e0 per una settimana, oggetto di devozione e messe speciali, mentre fuori dalla chiesa si tengono eventi, spettacoli e la grande <strong>Fiera di San Bartolomeo<\/strong>. L&#8217;uscita del Santo dalla chiesa, la <em>sciuta<\/em>, \u00e8 accolta dallo scoppio di mortaretti e dal lancio degli <em>nzareddi<\/em>, le stelle filanti, che l&#8217;accompagnano lungo tutta la discesa, per i gradini e fino alla strada. Qui la statua \u00e8 sollevata e inizia la processione. Nel pomeriggio ha luogo la <em>cena<\/em>, la vendita all\u2019asta dei doni offerti al Patrono. La processione serale termina con la <em>Trasuta<\/em>, il rientro di corsa del simulacro nella chiesa.<\/p>\n<h2>Festa della Madonna di Costantinopoli<\/h2>\n<p>A <strong>Lercara Friddi<\/strong>, in provincia di Palermo, venne rinvenuta nel 1807 una lastra di pietra con inciso sopra <strong>un graffito che raffigurava la <a href=\"https:\/\/www.holyart.it\/it\/articoli-religiosi\/bassorilievi\/bassorilievi-vari\/madonna-con-bambino-rilievo-in-legno\">Madonna col Bambino in braccio<\/a><\/strong> e la dicitura <em>&#8220;la Madonna di Costantinopoli, Mercurio Ricotta 1734&#8221;.<\/em> Nasce da qui la devozione a Maria SS. Di Costantinopoli, che si celebra ogni <strong>20 agosto<\/strong> con una grande processione religiosa, spettacoli itineranti che ripercorrono la storia del ritrovamento, sagre e fiere che attirano fedeli, ma anche venditori ambulanti, artisti di strada e turisti. Il 21 agosto i <strong>fuochi d&#8217;artificio<\/strong> chiudono la festa.<\/p>\n<div class=\"link-product\">\n<div class=\"blocco-immagine\"><img loading=\"lazy\" decoding=\"async\" class=\"size-full wp-image-16073 alignleft\" src=\"https:\/\/blog.holyart.it\/it\/wp-content\/uploads\/sites\/17\/2022\/07\/madonna-con-bambino-rilievo-in-legno.jpg\" alt=\"madonna con bambino rilievo in legno\" width=\"100\" height=\"100\" data-kale-share-title=\"Feste patronali in Sicilia: le 10 pi\u00f9 importanti dell\u2019estate\" data-kale-share-url=\"https:\/\/blog.holyart.it\/it\/?p=16069\" \/><\/div>\n<div class=\"blocco-contenuto\">\n<div class=\"blocco-acquista\">Acquista su Holyart:<\/div>\n<div class=\"blocco-titolo\"><a href=\"https:\/\/www.holyart.it\/it\/articoli-religiosi\/bassorilievi\/bassorilievi-vari\/madonna-con-bambino-rilievo-in-legno\">Madonna con Bambino rilievo in legno<\/a><\/div>\n<div class=\"blocco-descrizione\">Rilievo di Madonna che abbraccia Ges\u00f9 Bambino avvolto al suo velo azzurro.<\/div>\n<\/div>\n<\/div>\n<h2>Festa di Sant\u2019Anastasia<\/h2>\n<p>Sant&#8217;Anastasia patrona di Motta Sant&#8217;Anastasia, in provincia di Catania, \u00e8 festeggiata <strong>dal 20 al 25 agosto<\/strong> ogni quattro, cinque anni. Nobile fanciulla di origine romana, Anastasia si convert\u00ec al Cristianesimo insieme alla madre. Data in sposa a un capitano romano, riusc\u00ec a restare vergine e sopravvisse al marito, che cerc\u00f2 di farla morire di stenti per punirla della sua fede. Vedova, and\u00f2 a Tessalonica, ma venne arrestata e bruciata sul rogo. Un frammento della sua gamba viene conservato nella Chiesa madre di Motta Sant&#8217;Anastasia e adorato come una reliquia. La festa del 22 agosto inizia con la <strong>processione dei cerei dei tre Rioni della citt\u00e0<\/strong>, grandi pilastri di legno riccamente decorati e portati sulle spalle dai portantini attraverso la citt\u00e0. Seguono canti e danze, le tradizionali \u201cballate\u201d, i fuochi d\u2019artificio. La sera in Piazza Umberto ha luogo <em>Calata del Partito<\/em>, l&#8217;ingresso dei cerei accompagnato da uno spettacolo organizzato dai tre rioni che racconta<strong> la vita della Santa<\/strong>. Il giorno dopo avviene l&#8217;<strong>offerta della cera: i cerei vengono portati in chiesa in un tripudio di fiori<\/strong>, e nel pomeriggio rievocazioni storiche in costume medievale, un grande corteo e la <strong>Discesa storica delle quartine, che ricorda la difesa di Ruggero d&#8217;Altavilla del castello normanno di Motta. <\/strong>La sera c&#8217;\u00e8 una <strong>solenne e silenziosa processione<\/strong>: le reliquie della Santa vengono condotte per la citt\u00e0, precedute dai rappresentanti dei Rioni in abiti devozionali e seguite da innumerevoli fedeli. Si arriva cos\u00ec al <strong>24 agosto<\/strong>, quando il simulacro di Santa Anastasia viene esposto sull&#8217;altare maggiore alla devozione dei fedeli, che possono pregare e raccogliersi in sua contemplazione. Nel pomeriggio la statua viene nuovamente spostata, caricata su un fercolo di legno, e portata in processione con i cerei e gli stendardi attraverso la citt\u00e0, accompagnata da canti, preghiere e celebrazioni. Il <strong>25 agosto<\/strong> suonano le campane e vengono fatti esplodere colpi di cannone. L\u2019Arcivescovo di Catania celebra una messa solenne, alla presenza di tutte le personalit\u00e0 della citt\u00e0 e dei rappresentanti dei Rioni. Segue una sfilata storico-folcloristica e un&#8217;ultima processione, prima che Sant&#8217;Anastasia torni nella Chiesa Madre e nella sua cameretta fino alla prossima festa.<\/p>\n<h2>Festa di San Giacomo, San Rocco e del Santissimo Crocifisso<\/h2>\n<p>La<strong> festa dei Tre Santi<\/strong> viene celebrata a Galati Mamertino, in provincia di Messina, <strong>dal 23 al 26 agosto<\/strong>. I tre santi sono <a href=\"https:\/\/www.holyart.it\/blog\/santi-e-beati\/san-rocco-e-il-cane-un-legame-giunto-a-noi-sin-dal-medioevo\/\"><strong>San Rocco<\/strong><\/a>, il Santissimo Crocifisso\u00a0e San Giacomo. Come molte feste patronali in Sicilia, anche la festa dei Tre Santi \u00e8 caratterizzata da un rimescolarsi di tradizioni folcloriche e cerimonie religiose, celebrazioni, feste, fiere e stand gastronomici con piatti tipici. I simulacri di San Rocco e San Giacomo vengono portati in <strong>processione<\/strong>, e cos\u00ec il Crocefisso, dentro una vara in equilibrio su due serie di <strong>lunghissimi cordoni tenuti dalle donne<\/strong>. Molti fedeli seguono la processione a piedi nudi.\u00a0Il 26 agosto, ultimo giorno dei festeggiamenti, una prima processione porta i tre simulacri dalla Chiesa Madre fuori dal paese, e in serata una seconda li riporta nelle rispettive chiese.<\/p>\n<div class=\"link-article\">\n<p><img loading=\"lazy\" decoding=\"async\" class=\"size-full wp-image-16074 alignleft\" src=\"https:\/\/blog.holyart.it\/it\/wp-content\/uploads\/sites\/17\/2022\/07\/san-rocco-e-il-cane.jpg\" alt=\"san rocco e il cane\" width=\"150\" height=\"99\" data-kale-share-title=\"Feste patronali in Sicilia: le 10 pi\u00f9 importanti dell\u2019estate\" data-kale-share-url=\"https:\/\/blog.holyart.it\/it\/?p=16069\" \/><\/p>\n<div class=\"leggi-anche\">Leggi anche:<\/div>\n<p><strong><a href=\"https:\/\/www.holyart.it\/blog\/santi-e-beati\/san-rocco-e-il-cane-un-legame-giunto-a-noi-sin-dal-medioevo\/\">San Rocco e il cane: un legame giunto a noi sin dal medioevo<\/a><\/strong><br \/>\nPerch\u00e9 san Rocco viene raffigurato con un cane al suo fianco? Leggi questo articolo per scoprire la storia di san Rocco e il cane&#8230;<\/p>\n<\/div>\n<h2>Festa di San Vito<\/h2>\n<p>A Mazara del Vallo nell&#8217;<strong>ultima settimana di agosto <\/strong>si festeggia <strong>San Vito, il Santo Patrono<\/strong>. La festa \u00e8 denominata <strong><em>Lu fistinu di Santu Vitu<\/em><\/strong>, ed \u00e8 caratterizzata da un imponente corteo che mostra <strong>scene della vita del Santo<\/strong> e da una <strong>processione del suo simulacro in mare<\/strong>, portata da marinai in costume tipico. San Vito era originario di Mazara del Vallo, e qui conobbe il martirio insieme ai Santi Crescenzia e Modesto. <em>Lu Fistinu di Santu Vitu<\/em> si tiene dal 1728, e prima aveva una valenza molto pi\u00f9 religiosa e cupa, con scene di tortura e tormenti. Adesso prevale l&#8217;aspetto gioioso e trionfale della devozione al Santo.<\/p>\n<h2>Festa di San Gregorio Magno<\/h2>\n<p>A Vizzini, in provincia di Catania, si tiene il <strong>3 settembre<\/strong> la <strong>Festa di <a href=\"https:\/\/www.holyart.it\/blog\/santi-e-beati\/san-gregorio-magno-papa-e-dottore-della-chiesa\/\">San Gregorio Magno<\/a>, <\/strong>Patrono della citt\u00e0. Suono di campane, processione lungo le strade, fuochi d&#8217;artificio caratterizzano questa festa, che coinvolge tutto il paese e attira.<\/p>\n<div class=\"link-article\">\n<p><img loading=\"lazy\" decoding=\"async\" class=\"size-full wp-image-16076 alignleft\" src=\"https:\/\/blog.holyart.it\/it\/wp-content\/uploads\/sites\/17\/2022\/07\/san-gregorio-magno.jpeg\" alt=\"san gregorio magno\" width=\"150\" height=\"99\" data-kale-share-title=\"Feste patronali in Sicilia: le 10 pi\u00f9 importanti dell\u2019estate\" data-kale-share-url=\"https:\/\/blog.holyart.it\/it\/?p=16069\" \/><\/p>\n<div class=\"leggi-anche\">Leggi anche:<\/div>\n<p><strong><a href=\"https:\/\/www.holyart.it\/blog\/santi-e-beati\/san-gregorio-magno-papa-e-dottore-della-chiesa\/\">San Gregorio Magno, papa e dottore della Chiesa<\/a><\/strong><br \/>\nSan Gregorio Magno, \u201cil console di Dio\u201d, venerato come santo e dottore della Chiesa&#8230;<\/p>\n<\/div>\n","protected":false},"excerpt":{"rendered":"<p>Le Feste patronali in Sicilia rappresentano un patrimonio di tradizioni popolari, forme devozionali e memoria storica inestimabili. Vediamo a quali non potete non partecipare se visitate l&#8217;isola d&#8217;estate Abbiamo dedicato un precedente articolo alle feste patronali pi\u00f9 belle del Sud Italia. Si tratta di tradizioni&hellip;<\/p>\n","protected":false},"author":1,"featured_media":16078,"comment_status":"closed","ping_status":"open","sticky":false,"template":"","format":"standard","meta":{"_acf_changed":false,"footnotes":""},"categories":[15],"tags":[],"class_list":["post-16069","post","type-post","status-publish","format-standard","has-post-thumbnail","hentry","category-santi-e-beati"],"acf":[],"yoast_head":"<!-- This site is optimized with the Yoast SEO plugin v26.6 - https:\/\/yoast.com\/wordpress\/plugins\/seo\/ -->\n<title>Feste patronali in Sicilia: le 10 pi\u00f9 importanti dell\u2019estate - Holyblog<\/title>\n<meta name=\"description\" content=\"Processioni notturne, tradizioni gastronomiche, canti, cortei storici, fuochi d&#039;artificio. Le feste patronali in Sicilia, tra devozione e folklore\" \/>\n<meta name=\"robots\" content=\"index, follow, max-snippet:-1, max-image-preview:large, max-video-preview:-1\" \/>\n<link rel=\"canonical\" href=\"https:\/\/blog.holyart.it\/it\/santi-e-beati\/feste-patronali-in-sicilia-le-10-piu-importanti-dellestate\/\" \/>\n<meta property=\"og:locale\" content=\"it_IT\" \/>\n<meta property=\"og:type\" content=\"article\" \/>\n<meta property=\"og:title\" content=\"Feste patronali in Sicilia: le 10 pi\u00f9 importanti dell\u2019estate - Holyblog\" \/>\n<meta property=\"og:description\" content=\"Processioni notturne, tradizioni gastronomiche, canti, cortei storici, fuochi d&#039;artificio. Le feste patronali in Sicilia, tra devozione e folklore\" \/>\n<meta property=\"og:url\" content=\"https:\/\/blog.holyart.it\/it\/santi-e-beati\/feste-patronali-in-sicilia-le-10-piu-importanti-dellestate\/\" \/>\n<meta property=\"og:site_name\" content=\"Holyblog\" \/>\n<meta property=\"article:published_time\" content=\"2022-08-01T10:30:21+00:00\" \/>\n<meta property=\"article:modified_time\" content=\"2023-07-17T08:40:32+00:00\" \/>\n<meta property=\"og:image\" content=\"https:\/\/blog.holyart.it\/it\/wp-content\/uploads\/sites\/17\/2022\/07\/feste-patronali-sicilia.jpg\" \/>\n\t<meta property=\"og:image:width\" content=\"1000\" \/>\n\t<meta property=\"og:image:height\" content=\"666\" \/>\n\t<meta property=\"og:image:type\" content=\"image\/jpeg\" \/>\n<meta name=\"author\" content=\"Redazione\" \/>\n<meta name=\"twitter:card\" content=\"summary_large_image\" \/>\n<meta name=\"twitter:label1\" content=\"Scritto da\" \/>\n\t<meta name=\"twitter:data1\" content=\"Redazione\" \/>\n\t<meta name=\"twitter:label2\" content=\"Tempo di lettura stimato\" \/>\n\t<meta name=\"twitter:data2\" content=\"13 minuti\" \/>\n<script type=\"application\/ld+json\" class=\"yoast-schema-graph\">{\"@context\":\"https:\/\/schema.org\",\"@graph\":[{\"@type\":\"Article\",\"@id\":\"https:\/\/blog.holyart.it\/it\/santi-e-beati\/feste-patronali-in-sicilia-le-10-piu-importanti-dellestate\/#article\",\"isPartOf\":{\"@id\":\"https:\/\/blog.holyart.it\/it\/santi-e-beati\/feste-patronali-in-sicilia-le-10-piu-importanti-dellestate\/\"},\"author\":{\"name\":\"Redazione\",\"@id\":\"https:\/\/blog.holyart.it\/it\/#\/schema\/person\/0a7b686e5af0f856ec1e390dd0baecda\"},\"headline\":\"Feste patronali in Sicilia: le 10 pi\u00f9 importanti dell\u2019estate\",\"datePublished\":\"2022-08-01T10:30:21+00:00\",\"dateModified\":\"2023-07-17T08:40:32+00:00\",\"mainEntityOfPage\":{\"@id\":\"https:\/\/blog.holyart.it\/it\/santi-e-beati\/feste-patronali-in-sicilia-le-10-piu-importanti-dellestate\/\"},\"wordCount\":2103,\"publisher\":{\"@id\":\"https:\/\/blog.holyart.it\/it\/#organization\"},\"image\":{\"@id\":\"https:\/\/blog.holyart.it\/it\/santi-e-beati\/feste-patronali-in-sicilia-le-10-piu-importanti-dellestate\/#primaryimage\"},\"thumbnailUrl\":\"https:\/\/blog.holyart.it\/it\/wp-content\/uploads\/sites\/17\/2022\/07\/feste-patronali-sicilia.jpg\",\"articleSection\":[\"Santi e beati\"],\"inLanguage\":\"it-IT\"},{\"@type\":\"WebPage\",\"@id\":\"https:\/\/blog.holyart.it\/it\/santi-e-beati\/feste-patronali-in-sicilia-le-10-piu-importanti-dellestate\/\",\"url\":\"https:\/\/blog.holyart.it\/it\/santi-e-beati\/feste-patronali-in-sicilia-le-10-piu-importanti-dellestate\/\",\"name\":\"Feste patronali in Sicilia: le 10 pi\u00f9 importanti dell\u2019estate - Holyblog\",\"isPartOf\":{\"@id\":\"https:\/\/blog.holyart.it\/it\/#website\"},\"primaryImageOfPage\":{\"@id\":\"https:\/\/blog.holyart.it\/it\/santi-e-beati\/feste-patronali-in-sicilia-le-10-piu-importanti-dellestate\/#primaryimage\"},\"image\":{\"@id\":\"https:\/\/blog.holyart.it\/it\/santi-e-beati\/feste-patronali-in-sicilia-le-10-piu-importanti-dellestate\/#primaryimage\"},\"thumbnailUrl\":\"https:\/\/blog.holyart.it\/it\/wp-content\/uploads\/sites\/17\/2022\/07\/feste-patronali-sicilia.jpg\",\"datePublished\":\"2022-08-01T10:30:21+00:00\",\"dateModified\":\"2023-07-17T08:40:32+00:00\",\"description\":\"Processioni notturne, tradizioni gastronomiche, canti, cortei storici, fuochi d'artificio. Le feste patronali in Sicilia, tra devozione e folklore\",\"breadcrumb\":{\"@id\":\"https:\/\/blog.holyart.it\/it\/santi-e-beati\/feste-patronali-in-sicilia-le-10-piu-importanti-dellestate\/#breadcrumb\"},\"inLanguage\":\"it-IT\",\"potentialAction\":[{\"@type\":\"ReadAction\",\"target\":[\"https:\/\/blog.holyart.it\/it\/santi-e-beati\/feste-patronali-in-sicilia-le-10-piu-importanti-dellestate\/\"]}]},{\"@type\":\"ImageObject\",\"inLanguage\":\"it-IT\",\"@id\":\"https:\/\/blog.holyart.it\/it\/santi-e-beati\/feste-patronali-in-sicilia-le-10-piu-importanti-dellestate\/#primaryimage\",\"url\":\"https:\/\/blog.holyart.it\/it\/wp-content\/uploads\/sites\/17\/2022\/07\/feste-patronali-sicilia.jpg\",\"contentUrl\":\"https:\/\/blog.holyart.it\/it\/wp-content\/uploads\/sites\/17\/2022\/07\/feste-patronali-sicilia.jpg\",\"width\":1000,\"height\":666,\"caption\":\"feste patronali sicilia\"},{\"@type\":\"BreadcrumbList\",\"@id\":\"https:\/\/blog.holyart.it\/it\/santi-e-beati\/feste-patronali-in-sicilia-le-10-piu-importanti-dellestate\/#breadcrumb\",\"itemListElement\":[{\"@type\":\"ListItem\",\"position\":1,\"name\":\"Homepage\",\"item\":\"https:\/\/blog.holyart.it\/it\/\"},{\"@type\":\"ListItem\",\"position\":2,\"name\":\"Santi e beati\",\"item\":\"https:\/\/blog.holyart.it\/it\/santi-e-beati\/\"},{\"@type\":\"ListItem\",\"position\":3,\"name\":\"Feste patronali in Sicilia: le 10 pi\u00f9 importanti dell\u2019estate\"}]},{\"@type\":\"WebSite\",\"@id\":\"https:\/\/blog.holyart.it\/it\/#website\",\"url\":\"https:\/\/blog.holyart.it\/it\/\",\"name\":\"Holyblog\",\"description\":\"Il Blog di Holyart.it\",\"publisher\":{\"@id\":\"https:\/\/blog.holyart.it\/it\/#organization\"},\"potentialAction\":[{\"@type\":\"SearchAction\",\"target\":{\"@type\":\"EntryPoint\",\"urlTemplate\":\"https:\/\/blog.holyart.it\/it\/?s={search_term_string}\"},\"query-input\":{\"@type\":\"PropertyValueSpecification\",\"valueRequired\":true,\"valueName\":\"search_term_string\"}}],\"inLanguage\":\"it-IT\"},{\"@type\":\"Organization\",\"@id\":\"https:\/\/blog.holyart.it\/it\/#organization\",\"name\":\"Holyblog\",\"url\":\"https:\/\/blog.holyart.it\/it\/\",\"logo\":{\"@type\":\"ImageObject\",\"inLanguage\":\"it-IT\",\"@id\":\"https:\/\/blog.holyart.it\/it\/#\/schema\/logo\/image\/\",\"url\":\"https:\/\/blog.holyart.it\/it\/wp-content\/uploads\/sites\/17\/2022\/12\/Holyart_Blog_Logo.jpg\",\"contentUrl\":\"https:\/\/blog.holyart.it\/it\/wp-content\/uploads\/sites\/17\/2022\/12\/Holyart_Blog_Logo.jpg\",\"width\":300,\"height\":50,\"caption\":\"Holyblog\"},\"image\":{\"@id\":\"https:\/\/blog.holyart.it\/it\/#\/schema\/logo\/image\/\"}},{\"@type\":\"Person\",\"@id\":\"https:\/\/blog.holyart.it\/it\/#\/schema\/person\/0a7b686e5af0f856ec1e390dd0baecda\",\"name\":\"Redazione\"}]}<\/script>\n<!-- \/ Yoast SEO plugin. -->","yoast_head_json":{"title":"Feste patronali in Sicilia: le 10 pi\u00f9 importanti dell\u2019estate - Holyblog","description":"Processioni notturne, tradizioni gastronomiche, canti, cortei storici, fuochi d'artificio. Le feste patronali in Sicilia, tra devozione e folklore","robots":{"index":"index","follow":"follow","max-snippet":"max-snippet:-1","max-image-preview":"max-image-preview:large","max-video-preview":"max-video-preview:-1"},"canonical":"https:\/\/blog.holyart.it\/it\/santi-e-beati\/feste-patronali-in-sicilia-le-10-piu-importanti-dellestate\/","og_locale":"it_IT","og_type":"article","og_title":"Feste patronali in Sicilia: le 10 pi\u00f9 importanti dell\u2019estate - Holyblog","og_description":"Processioni notturne, tradizioni gastronomiche, canti, cortei storici, fuochi d'artificio. Le feste patronali in Sicilia, tra devozione e folklore","og_url":"https:\/\/blog.holyart.it\/it\/santi-e-beati\/feste-patronali-in-sicilia-le-10-piu-importanti-dellestate\/","og_site_name":"Holyblog","article_published_time":"2022-08-01T10:30:21+00:00","article_modified_time":"2023-07-17T08:40:32+00:00","og_image":[{"width":1000,"height":666,"url":"https:\/\/blog.holyart.it\/it\/wp-content\/uploads\/sites\/17\/2022\/07\/feste-patronali-sicilia.jpg","type":"image\/jpeg"}],"author":"Redazione","twitter_card":"summary_large_image","twitter_misc":{"Scritto da":"Redazione","Tempo di lettura stimato":"13 minuti"},"schema":{"@context":"https:\/\/schema.org","@graph":[{"@type":"Article","@id":"https:\/\/blog.holyart.it\/it\/santi-e-beati\/feste-patronali-in-sicilia-le-10-piu-importanti-dellestate\/#article","isPartOf":{"@id":"https:\/\/blog.holyart.it\/it\/santi-e-beati\/feste-patronali-in-sicilia-le-10-piu-importanti-dellestate\/"},"author":{"name":"Redazione","@id":"https:\/\/blog.holyart.it\/it\/#\/schema\/person\/0a7b686e5af0f856ec1e390dd0baecda"},"headline":"Feste patronali in Sicilia: le 10 pi\u00f9 importanti dell\u2019estate","datePublished":"2022-08-01T10:30:21+00:00","dateModified":"2023-07-17T08:40:32+00:00","mainEntityOfPage":{"@id":"https:\/\/blog.holyart.it\/it\/santi-e-beati\/feste-patronali-in-sicilia-le-10-piu-importanti-dellestate\/"},"wordCount":2103,"publisher":{"@id":"https:\/\/blog.holyart.it\/it\/#organization"},"image":{"@id":"https:\/\/blog.holyart.it\/it\/santi-e-beati\/feste-patronali-in-sicilia-le-10-piu-importanti-dellestate\/#primaryimage"},"thumbnailUrl":"https:\/\/blog.holyart.it\/it\/wp-content\/uploads\/sites\/17\/2022\/07\/feste-patronali-sicilia.jpg","articleSection":["Santi e beati"],"inLanguage":"it-IT"},{"@type":"WebPage","@id":"https:\/\/blog.holyart.it\/it\/santi-e-beati\/feste-patronali-in-sicilia-le-10-piu-importanti-dellestate\/","url":"https:\/\/blog.holyart.it\/it\/santi-e-beati\/feste-patronali-in-sicilia-le-10-piu-importanti-dellestate\/","name":"Feste patronali in Sicilia: le 10 pi\u00f9 importanti dell\u2019estate - Holyblog","isPartOf":{"@id":"https:\/\/blog.holyart.it\/it\/#website"},"primaryImageOfPage":{"@id":"https:\/\/blog.holyart.it\/it\/santi-e-beati\/feste-patronali-in-sicilia-le-10-piu-importanti-dellestate\/#primaryimage"},"image":{"@id":"https:\/\/blog.holyart.it\/it\/santi-e-beati\/feste-patronali-in-sicilia-le-10-piu-importanti-dellestate\/#primaryimage"},"thumbnailUrl":"https:\/\/blog.holyart.it\/it\/wp-content\/uploads\/sites\/17\/2022\/07\/feste-patronali-sicilia.jpg","datePublished":"2022-08-01T10:30:21+00:00","dateModified":"2023-07-17T08:40:32+00:00","description":"Processioni notturne, tradizioni gastronomiche, canti, cortei storici, fuochi d'artificio. Le feste patronali in Sicilia, tra devozione e folklore","breadcrumb":{"@id":"https:\/\/blog.holyart.it\/it\/santi-e-beati\/feste-patronali-in-sicilia-le-10-piu-importanti-dellestate\/#breadcrumb"},"inLanguage":"it-IT","potentialAction":[{"@type":"ReadAction","target":["https:\/\/blog.holyart.it\/it\/santi-e-beati\/feste-patronali-in-sicilia-le-10-piu-importanti-dellestate\/"]}]},{"@type":"ImageObject","inLanguage":"it-IT","@id":"https:\/\/blog.holyart.it\/it\/santi-e-beati\/feste-patronali-in-sicilia-le-10-piu-importanti-dellestate\/#primaryimage","url":"https:\/\/blog.holyart.it\/it\/wp-content\/uploads\/sites\/17\/2022\/07\/feste-patronali-sicilia.jpg","contentUrl":"https:\/\/blog.holyart.it\/it\/wp-content\/uploads\/sites\/17\/2022\/07\/feste-patronali-sicilia.jpg","width":1000,"height":666,"caption":"feste patronali sicilia"},{"@type":"BreadcrumbList","@id":"https:\/\/blog.holyart.it\/it\/santi-e-beati\/feste-patronali-in-sicilia-le-10-piu-importanti-dellestate\/#breadcrumb","itemListElement":[{"@type":"ListItem","position":1,"name":"Homepage","item":"https:\/\/blog.holyart.it\/it\/"},{"@type":"ListItem","position":2,"name":"Santi e beati","item":"https:\/\/blog.holyart.it\/it\/santi-e-beati\/"},{"@type":"ListItem","position":3,"name":"Feste patronali in Sicilia: le 10 pi\u00f9 importanti dell\u2019estate"}]},{"@type":"WebSite","@id":"https:\/\/blog.holyart.it\/it\/#website","url":"https:\/\/blog.holyart.it\/it\/","name":"Holyblog","description":"Il Blog di Holyart.it","publisher":{"@id":"https:\/\/blog.holyart.it\/it\/#organization"},"potentialAction":[{"@type":"SearchAction","target":{"@type":"EntryPoint","urlTemplate":"https:\/\/blog.holyart.it\/it\/?s={search_term_string}"},"query-input":{"@type":"PropertyValueSpecification","valueRequired":true,"valueName":"search_term_string"}}],"inLanguage":"it-IT"},{"@type":"Organization","@id":"https:\/\/blog.holyart.it\/it\/#organization","name":"Holyblog","url":"https:\/\/blog.holyart.it\/it\/","logo":{"@type":"ImageObject","inLanguage":"it-IT","@id":"https:\/\/blog.holyart.it\/it\/#\/schema\/logo\/image\/","url":"https:\/\/blog.holyart.it\/it\/wp-content\/uploads\/sites\/17\/2022\/12\/Holyart_Blog_Logo.jpg","contentUrl":"https:\/\/blog.holyart.it\/it\/wp-content\/uploads\/sites\/17\/2022\/12\/Holyart_Blog_Logo.jpg","width":300,"height":50,"caption":"Holyblog"},"image":{"@id":"https:\/\/blog.holyart.it\/it\/#\/schema\/logo\/image\/"}},{"@type":"Person","@id":"https:\/\/blog.holyart.it\/it\/#\/schema\/person\/0a7b686e5af0f856ec1e390dd0baecda","name":"Redazione"}]}},"_links":{"self":[{"href":"https:\/\/blog.holyart.it\/it\/wp-json\/wp\/v2\/posts\/16069","targetHints":{"allow":["GET"]}}],"collection":[{"href":"https:\/\/blog.holyart.it\/it\/wp-json\/wp\/v2\/posts"}],"about":[{"href":"https:\/\/blog.holyart.it\/it\/wp-json\/wp\/v2\/types\/post"}],"author":[{"embeddable":true,"href":"https:\/\/blog.holyart.it\/it\/wp-json\/wp\/v2\/users\/1"}],"replies":[{"embeddable":true,"href":"https:\/\/blog.holyart.it\/it\/wp-json\/wp\/v2\/comments?post=16069"}],"version-history":[{"count":1,"href":"https:\/\/blog.holyart.it\/it\/wp-json\/wp\/v2\/posts\/16069\/revisions"}],"predecessor-version":[{"id":18099,"href":"https:\/\/blog.holyart.it\/it\/wp-json\/wp\/v2\/posts\/16069\/revisions\/18099"}],"wp:featuredmedia":[{"embeddable":true,"href":"https:\/\/blog.holyart.it\/it\/wp-json\/wp\/v2\/media\/16078"}],"wp:attachment":[{"href":"https:\/\/blog.holyart.it\/it\/wp-json\/wp\/v2\/media?parent=16069"}],"wp:term":[{"taxonomy":"category","embeddable":true,"href":"https:\/\/blog.holyart.it\/it\/wp-json\/wp\/v2\/categories?post=16069"},{"taxonomy":"post_tag","embeddable":true,"href":"https:\/\/blog.holyart.it\/it\/wp-json\/wp\/v2\/tags?post=16069"}],"curies":[{"name":"wp","href":"https:\/\/api.w.org\/{rel}","templated":true}]}}