{"id":16017,"date":"2022-08-03T12:30:31","date_gmt":"2022-08-03T10:30:31","guid":{"rendered":"https:\/\/blog.holyart.it\/it\/?p=16017"},"modified":"2025-09-04T12:03:21","modified_gmt":"2025-09-04T10:03:21","slug":"compleanno-della-madonna-5-agosto-8-settembre","status":"publish","type":"post","link":"https:\/\/blog.holyart.it\/it\/articoli-religiosi\/compleanno-della-madonna-5-agosto-8-settembre\/","title":{"rendered":"Compleanno della Madonna: \u00e8 nata il 5 agosto o l\u20198 settembre?"},"content":{"rendered":"<h4>Il compleanno della Madonna: 5 agosto o 8 settembre? Scopriamo quando e perch\u00e9 la Chiesa celebra la nativit\u00e0 di Maria Madre di Ges\u00f9<\/h4>\n\n<p>Non \u00e8 mai facile immaginare come pu\u00f2 essere stata la vita dei protagonisti della storia del Cristianesimo. Se pensiamo alle <a href=\"https:\/\/www.holyart.it\/blog\/santi-e-beati\/storie-di-fratelli-divenuti-santi\/\"><strong>vite dei Santi<\/strong><\/a>, possiamo avvalerci di numerosi documenti agiografici e storici, che divengono sempre pi\u00f9 numerosi ed esaurienti man mano che ci avviciniamo alla nostra epoca. Alcuni Santi, poi, come <a href=\"https:\/\/www.holyart.it\/blog\/santi-e-beati\/le-confessioni-di-sant-agostino-come-cambiare-la-propria-vita\/\"><strong>Sant&#8217;Agostino<\/strong><\/a>, solo per citarne uno, hanno raccontato la storia della propria parabola umana e spirituale direttamente nei loro testi pi\u00f9 famosi. Ma le cose diventano pi\u00f9 complicate quando ci soffermiamo sulla <a href=\"https:\/\/www.holyart.it\/blog\/articoli-religiosi\/la-storia-di-gesu-gli-eventi-piu-importanti-della-sua-vita\/\"><strong>storia di Ges\u00f9<\/strong><\/a>, della <strong>Madonna<\/strong> e di altri personaggi protagonisti dei Vangeli. Sebbene i Vangeli stessi ci forniscano informazioni preziose per ricostruire i fatti, \u00e8 pur vero che alcune parti della vita di questi personaggi vengono completamente tralasciate, o quasi. Pensiamo agli <strong><a href=\"https:\/\/www.holyart.it\/blog\/articoli-religiosi\/gli-anni-perduti-della-vita-di-gesu\/\">anni perduti di Ges\u00f9<\/a><\/strong>, ovvero gli anni della Sua infanzia e della giovinezza, prima che iniziasse a predicare.<\/p>\n<div class=\"link-article\">\n<p><img loading=\"lazy\" decoding=\"async\" class=\"size-full wp-image-16026 alignleft\" src=\"https:\/\/blog.holyart.it\/it\/wp-content\/uploads\/sites\/17\/2022\/07\/storia-di-ges\u00f9-ultima-cena.jpg\" alt=\"storia di ges\u00f9 ultima cena\" width=\"150\" height=\"99\" data-kale-share-title=\"Compleanno della Madonna: \u00e8 nata il 5 agosto o l\u20198 settembre?\" data-kale-share-url=\"https:\/\/blog.holyart.it\/it\/?p=16017\" \/><\/p>\n<div class=\"leggi-anche\">Leggi anche:<\/div>\n<p><strong><a href=\"https:\/\/www.holyart.it\/blog\/articoli-religiosi\/la-storia-di-gesu-gli-eventi-piu-importanti-della-sua-vita\/\">La storia di Ges\u00f9: gli eventi pi\u00f9 importanti della Sua vita<\/a><\/strong><br \/>\nLa storia di Ges\u00f9, tra racconto evangelico, realt\u00e0 storica e leggenda devozionale. In vista della Pasqua ricostruiamo&#8230;<\/p>\n<\/div>\n<p>Anche nel caso di Maria Vergine \u00e8 difficile ricostruire gli avvenimenti della sua vita dopo l&#8217;Annunciazione e la nascita di Ges\u00f9, fino ad arrivare poi a quel fatidico giorno ai piedi della Croce sul Calvario. Per esempio, vi siete mai chiesti <strong>quando sia il Compleanno della Madonna<\/strong>? Ci siamo soffermati in passato sulla figura di <strong><a href=\"https:\/\/www.holyart.it\/blog\/articoli-religiosi\/la-storia-di-santanna-madre-di-maria\/\">Sant&#8217;Anna, madre di Maria<\/a><\/strong>, e su San Gioacchino, suo padre, ma \u00e8 importante per i cristiani riflettere sulla <strong><a href=\"https:\/\/www.holyart.it\/blog\/articoli-religiosi\/la-nativita-di-maria-quando-e-perche-si-festeggia\/\">nativit\u00e0 della Madonna<\/a><\/strong> stessa, <strong>festeggiata l&#8217;8 settembre<\/strong>, per il suo essere stata e rimanere nel tempo il <strong>simbolo di una rinnovata alleanza tra Dio e gli uomini<\/strong>, una nuova Eva venuta per lavare via il Peccato originale e portare nel suo stesso grembo la Salvezza per tutti. <em>Benedetta tra le donne<\/em>, cos\u00ec come Eva venne maledetta da Dio per la sua disobbedienza.<\/p>\n<div class=\"link-article\">\n<p><img loading=\"lazy\" decoding=\"async\" class=\"size-full wp-image-16018 alignleft\" src=\"https:\/\/blog.holyart.it\/it\/wp-content\/uploads\/sites\/17\/2022\/07\/storia-di-santanna.jpeg\" alt=\"sant'anna\" width=\"150\" height=\"103\" data-kale-share-title=\"Compleanno della Madonna: \u00e8 nata il 5 agosto o l\u20198 settembre?\" data-kale-share-url=\"https:\/\/blog.holyart.it\/it\/?p=16017\" \/><\/p>\n<div class=\"leggi-anche\">Leggi anche:<\/div>\n<p><strong><a href=\"https:\/\/www.holyart.it\/blog\/articoli-religiosi\/la-storia-di-santanna-madre-di-maria\/\">La storia di Sant\u2019Anna madre di Maria<\/a><\/strong><br \/>\nIl 26 Luglio vengono festeggiati Sant\u2019Anna e San Gioacchino, i genitori di Maria Vergine. Lo stesso giorno si celebra&#8230;<\/p>\n<\/div>\n<p>Perch\u00e9 sentiamo definire a volte il <strong>5 agosto compleanno della Madonna<\/strong>? Come abbiamo scritto la Nativit\u00e0 della Vergine viene festeggiata il giorno 8 settembre, ma la scelta di questa data \u00e8 puramente convenzionale, dal momento che non esistono indicazioni precise riguardo alla data di nascita della Madonna. La ragione principale per cui si \u00e8 scelta questa data \u00e8 che coincide con la <strong>festa di dedicazione della Basilica di <a href=\"https:\/\/www.holyart.it\/it\/articoli-religiosi\/statue\/statue-in-resina-e-pvc\/santanna-e-maria-30-cm-resina\">Sant\u2019Anna<\/a> a Gerusalemme<\/strong>, costruita nel IV secolo d.C. nel luogo in cui un tempo sorgeva la casa dei genitori di Maria. Proprio qui ancora oggi ogni anno l&#8217;8 settembre i Francescani della <strong>Custodia di Terra Santa<\/strong>, l&#8217;Ordine francescano che dall\u2019inizio del secolo XIII si occupa della promozione e diffusione dei <a href=\"https:\/\/www.holyart.it\/blog\/articoli-religiosi\/5-luoghi-di-pellegrinaggio-dove-andare-almeno-una-volta-nella-vita\/\"><strong>pellegrinaggi ai Luoghi Santi<\/strong><\/a>, festeggiano la nascita della Beata Vergine Maria. Nata come festa solo in Oriente, quella per la Nativit\u00e0 di Maria venne poi introdotta anche in Occidente dal papa Sergio I nel VII secolo d.C.<\/p>\n<div class=\"link-product\">\n<div class=\"blocco-immagine\"><img loading=\"lazy\" decoding=\"async\" class=\"size-full wp-image-16019 alignleft\" src=\"https:\/\/blog.holyart.it\/it\/wp-content\/uploads\/sites\/17\/2022\/07\/santanna-e-maria-30-cm-resina.jpg\" alt=\"santanna e maria 30 cm resina\" width=\"100\" height=\"100\" data-kale-share-title=\"Compleanno della Madonna: \u00e8 nata il 5 agosto o l\u20198 settembre?\" data-kale-share-url=\"https:\/\/blog.holyart.it\/it\/?p=16017\" \/><\/div>\n<div class=\"blocco-contenuto\">\n<div class=\"blocco-acquista\">Acquista su Holyart:<\/div>\n<div class=\"blocco-titolo\"><a href=\"https:\/\/www.holyart.it\/it\/articoli-religiosi\/statue\/statue-in-resina-e-pvc\/santanna-e-maria-30-cm-resina\">Sant&#8217;Anna e Maria 30 cm resina<\/a><\/div>\n<div class=\"blocco-descrizione\">Statua rappresentante Sant&#8217;Anna e Maria prodotta in resina e dipinta a mano.<\/div>\n<\/div>\n<\/div>\n<p>Per\u00f2 esistono altre tradizioni, che fanno coincidere il compleanno della Madonna con date diverse. Per esempio il <strong>5 agosto<\/strong> si festeggia la <strong>Madonna della Neve<\/strong>, che apparve la notte del 4 agosto del 352 d.C. a un patrizio romano di nome Giovanni e a sua moglie e chiese loro di far erigere in suo nome una basilica nel luogo in cui l&#8217;indomani fosse nevicato. La neve cadde davvero, quell&#8217;agosto, sul colle Esquilino, e qui, fedeli alla promessa fatta, Giovanni e sua moglie fecero costruire quella che sarebbe divenuta la <strong>Basilica di Santa Maria Maggiore<\/strong>.<\/p>\n<h2>Compleanno della Madonna a Medjugorje<\/h2>\n<p>Sempre il 5 agosto si festeggia il <strong>Compleanno della <a href=\"https:\/\/www.holyart.it\/it\/occasioni-speciali\/madonna-di-medjugorje\/statue-madonna-di-medjugorje-e-immagini\/madonna-di-medjugorje-dipinta-20-cm-chiesa-san-giacomo-polvere-di-marmo\">Madonna di Medjugorje<\/a><\/strong>. Sarebbe stata la Vergine stessa a indicare ai veggenti questa data come sua nativit\u00e0, nell&#8217;apparizione del 1 agosto 1984, chiedendo che per l&#8217;occasione le venissero tributati tre giorni di preghiera e digiuno: <em>\u201cIl 5 agosto prossimo si celebri il secondo millennio della mia nascita. Per quel giorno Dio mi permette di donarvi grazie particolari e di dare al mondo una speciale benedizione. Vi chiedo di prepararvi intensamente con tre giorni da dedicare esclusivamente a me. In quei giorni non lavorate. Prendete la vostra corona del rosario e pregate. <strong>Digiunate a pane e acqua.<\/strong> Nel corso di tutti questi secoli io mi sono dedicata completamente a voi: \u00e8 troppo se adesso vi chiedo di dedicare almeno tre giorni a me?\u201d.<\/em><\/p>\n<p>La stessa data sarebbe stata indicata dalla Madonna ad altri uomini santi in occasione di diverse apparizioni.<\/p>\n<div class=\"link-product\">\n<div class=\"blocco-immagine\"><img loading=\"lazy\" decoding=\"async\" class=\"size-full wp-image-16020 alignleft\" src=\"https:\/\/blog.holyart.it\/it\/wp-content\/uploads\/sites\/17\/2022\/07\/madonna-di-medjugorje-dipinta-20-cm-chiesa-san-giacomo-polvere-di-marmo.jpg\" alt=\"madonna di medjugorje dipinta 20 cm chiesa san giacomo polvere di marmo\" width=\"100\" height=\"100\" data-kale-share-title=\"Compleanno della Madonna: \u00e8 nata il 5 agosto o l\u20198 settembre?\" data-kale-share-url=\"https:\/\/blog.holyart.it\/it\/?p=16017\" \/><\/div>\n<div class=\"blocco-contenuto\">\n<div class=\"blocco-acquista\">Acquista su Holyart:<\/div>\n<div class=\"blocco-titolo\"><a href=\"https:\/\/www.holyart.it\/it\/occasioni-speciali\/madonna-di-medjugorje\/statue-madonna-di-medjugorje-e-immagini\/madonna-di-medjugorje-dipinta-20-cm-chiesa-san-giacomo-polvere-di-marmo\">Madonna di Medjugorje dipinta 20 cm chiesa San Giacomo polvere di marmo<\/a><\/div>\n<div class=\"blocco-descrizione\"><\/div>\n<\/div>\n<\/div>\n<h2>La nativit\u00e0 della beata Vergine Maria secondo la chiesa<\/h2>\n<p>La Chiesa riconosce dunque come data convenzionale della Nativit\u00e0 di Maria l&#8217;8 settembre, e sebbene la <strong>devozione a <a href=\"https:\/\/www.holyart.it\/it\/articoli-religiosi\/statue\/statue-in-resina-e-pvc\/santissima-maria-bambina-studio-scritture-statua-resina-12-5-cm\">Maria Bambina<\/a>\u00a0<\/strong>esistesse da sempre, nel 1572 Carlo Borromeo consacr\u00f2 il <strong>Duomo di Milano<\/strong>, in fase di completamento, proprio a Maria Nascente.<\/p>\n<p>Sempre a Milano sarebbe nata nel 1720 la <strong>devozione a Maria Bambina<\/strong>, legata a un piccolo simulacro in cera che raffigurava la Madonna neonata protagonista di una guarigione miracolosa, donato dalla monaca francescana <strong>Suor Chiara Isabella Fornari <\/strong>alle suore Cappuccine di Santa Maria degli Angeli. \u00a0Ancora oggi le\u00a0<strong>sorelle della congregazione Suore di Carit\u00e0 di Lovere\u00a0<\/strong>a Milano, sono chiamate\u00a0<em>suore di Maria Bambina<\/em>.<\/p>\n<div class=\"link-product\">\n<div class=\"blocco-immagine\"><img loading=\"lazy\" decoding=\"async\" class=\"size-full wp-image-16021 alignleft\" src=\"https:\/\/blog.holyart.it\/it\/wp-content\/uploads\/sites\/17\/2022\/07\/santissima-maria-bambina-studio-scritture-statua-resina-12-5-cm.jpg\" alt=\"santissima maria bambina studio scritture statua resina 12 5 cm\" width=\"100\" height=\"100\" data-kale-share-title=\"Compleanno della Madonna: \u00e8 nata il 5 agosto o l\u20198 settembre?\" data-kale-share-url=\"https:\/\/blog.holyart.it\/it\/?p=16017\" \/><\/div>\n<div class=\"blocco-contenuto\">\n<div class=\"blocco-acquista\">Acquista su Holyart:<\/div>\n<div class=\"blocco-titolo\"><a href=\"https:\/\/www.holyart.it\/it\/articoli-religiosi\/statue\/statue-in-resina-e-pvc\/santissima-maria-bambina-studio-scritture-statua-resina-12-5-cm\">Santissima Maria bambina statua resina 12,5 cm<\/a><\/div>\n<div class=\"blocco-descrizione\">Questa dolce statua raffigura Maria da bambina, rappresentata con due trecce e intenta a studiare le Sacre Scritture.<\/div>\n<\/div>\n<\/div>\n<h2>Preghiera a Maria bambina<\/h2>\n<p>Riportiamo la Novena a Maria Bambina, che garantisce l&#8217;indulgenza parziale una volta al giorno a chi la reciti:<\/p>\n<p><em>Santa Bambina della regale stirpe di Davide, Regina degli Angeli, Madre della grazia e dell&#8217;amore, io Ti saluto con tutto l&#8217;affetto del cuore. Ottienimi dal Signore di amarlo con generosa fedelt\u00e0 in tutti i giorni della mia vita e ottienimi una tenerissima devozione verso di Te che sei la Primogenita dell&#8217;Amore divino.<\/em><br \/>\n<em>(Ave Maria,&#8230;)<\/em><\/p>\n<p><em>O celeste Pargoletta, che quale candida colomba sei venuta al mondo Immacolata e bella, l&#8217;anima mia esulta innanzi a Te, vero prodigio della sapienza e bont\u00e0 di Dio. Illibata e pura, aiutami a conservare gelosamente, a costo di qualunque sacrificio, l&#8217;angelica virt\u00f9 della santa purezza.<\/em><br \/>\n<em>(Ave Maria,&#8230;)<\/em><\/p>\n<p><em>Ave, graziosa e Santa Bambina, spiritualmente paradiso di delizie ove nel d\u00ec dell&#8217;incarnazione fu piantato il vero Albero della vita, il Salvatore del mondo. Poich\u00e9 tanto mi ami, aiutami a fuggire e detestare i frutti avvelenati delle vanit\u00e0 e dei piaceri del mondo. Ispira nell&#8217;anima mia i pensieri, gli affetti, le virt\u00f9 del Tuo Figlio divino, frutti soavissimi di vita immortale.<\/em><br \/>\n<em>(Ave Maria,&#8230;)<\/em><\/p>\n<p><em>Ave, o ammirabile Pargoletta, chiuso giardino, impenetrabile alle creature, aperto solo allo Sposo celeste che si diletta di riposare tra i fiori delle tue eccelse virt\u00f9. O giglio di Paradiso, meraviglioso esempio di vita umile e nascosta: fa&#8217; che lo Sposo celeste trovi la porta del mio cuore sempre aperta alle visite amorose delle sue grazie e delle sue ispirazioni.<\/em><br \/>\n<em>(Ave Maria,&#8230;)<\/em><\/p>\n<p><em>O Santa Bambina, mistica aurora, porta felice del Cielo, in Te l&#8217;anima mia si affida e spera. Com&#8217;\u00e8 profonda la mia tiepidezza nel servizio di Dio! Quanto \u00e8 grande il pericolo di dannarmi! O potente Avvocata, dalla tua piccola culla stendi benigna la mano, scuotimi dal penoso letargo, sorreggimi nel cammino della vita&#8230; Fa&#8217; che mi dedichi al servizio del Signore con fervore e costanza fino alla morte e raggiunga cos\u00ec l&#8217;eterna corona.\u00a0<\/em><br \/>\n<em>(Ave Maria,&#8230;)<\/em><\/p>\n<p>Ma sono molte le preghiere legate alla nativit\u00e0 di Maria, da recitare in occasione del compleanno della Madonna o quando se ne sente il bisogno:<\/p>\n<p><em>\u201cO Maria Santissima, eletta e destinata Madre dell\u2019unigenito Figlio del Padre, preannunciata dai Profeti, attesa dai Patriarchi e desiderata da tutte le genti, sacrario e vivo tempio dello Spirito Santo, sole senza macchia, perch\u00e9 concepita senza peccato, Signora del Cielo e della terra, Regina degli Angeli, umilmente prostrati ti veneriamo e ci rallegriamo dell\u2019annuale ricorrenza della tua felicissima nascita.<\/em><\/p>\n<p><em>Ti supplichiamo di venire spiritualmente a nascere nelle anime nostre, affinch\u00e9 queste, prese dalla tua amabilit\u00e0 e dolcezza, vivano sempre unite al tuo dolcissimo e amabilissimo Cuore\u201d.<\/em><\/p>\n<div class=\"link-product\">\n<div class=\"blocco-immagine\"><img loading=\"lazy\" decoding=\"async\" class=\"size-full wp-image-16022 alignleft\" src=\"https:\/\/blog.holyart.it\/it\/wp-content\/uploads\/sites\/17\/2022\/07\/maria-bambina-statua-terracotta-cm-18-in-campana-vetro.jpg\" alt=\"maria bambina statua terracotta cm 18 in campana vetro\" width=\"100\" height=\"100\" data-kale-share-title=\"Compleanno della Madonna: \u00e8 nata il 5 agosto o l\u20198 settembre?\" data-kale-share-url=\"https:\/\/blog.holyart.it\/it\/?p=16017\" \/><\/div>\n<div class=\"blocco-contenuto\">\n<div class=\"blocco-acquista\">Acquista su Holyart:<\/div>\n<div class=\"blocco-titolo\"><a href=\"https:\/\/www.holyart.it\/it\/articoli-religiosi\/statue\/statue-in-porcellana-e-argilla\/maria-bambina-statua-terracotta-cm-18-in-campana-vetro\">Maria bambina statua terracotta cm 18<\/a><\/div>\n<div class=\"blocco-descrizione\">La statua \u00e8 realizzata da artigiani spagnoli, inserita in una scenografia all&#8217;interno di una campana di vetro.<\/div>\n<\/div>\n<\/div>\n","protected":false},"excerpt":{"rendered":"<p>Il compleanno della Madonna: 5 agosto o 8 settembre? Scopriamo quando e perch\u00e9 la Chiesa celebra la nativit\u00e0 di Maria Madre di Ges\u00f9 Non \u00e8 mai facile immaginare come pu\u00f2 essere stata la vita dei protagonisti della storia del Cristianesimo. Se pensiamo alle vite dei&hellip;<\/p>\n","protected":false},"author":1,"featured_media":16028,"comment_status":"closed","ping_status":"open","sticky":false,"template":"","format":"standard","meta":{"_acf_changed":false,"footnotes":""},"categories":[16,15],"tags":[],"class_list":["post-16017","post","type-post","status-publish","format-standard","has-post-thumbnail","hentry","category-articoli-religiosi","category-santi-e-beati"],"acf":[],"yoast_head":"<!-- This site is optimized with the Yoast SEO plugin v26.6 - https:\/\/yoast.com\/wordpress\/plugins\/seo\/ -->\n<title>Compleanno della Madonna: \u00e8 nata il 5 agosto o l\u20198 settembre? - Holyblog<\/title>\n<meta name=\"description\" content=\"La nativit\u00e0 di Maria, un evento fondamentale per la chiesa. Ma quando si festeggia il compleanno della Madonna? Scopriamolo tra storia, leggenda e devozione\" \/>\n<meta name=\"robots\" content=\"index, follow, max-snippet:-1, max-image-preview:large, max-video-preview:-1\" \/>\n<link rel=\"canonical\" href=\"https:\/\/blog.holyart.it\/it\/articoli-religiosi\/compleanno-della-madonna-5-agosto-8-settembre\/\" \/>\n<meta property=\"og:locale\" content=\"it_IT\" \/>\n<meta property=\"og:type\" content=\"article\" \/>\n<meta property=\"og:title\" content=\"Compleanno della Madonna: \u00e8 nata il 5 agosto o l\u20198 settembre? - Holyblog\" \/>\n<meta property=\"og:description\" content=\"La nativit\u00e0 di Maria, un evento fondamentale per la chiesa. Ma quando si festeggia il compleanno della Madonna? Scopriamolo tra storia, leggenda e devozione\" \/>\n<meta property=\"og:url\" content=\"https:\/\/blog.holyart.it\/it\/articoli-religiosi\/compleanno-della-madonna-5-agosto-8-settembre\/\" \/>\n<meta property=\"og:site_name\" content=\"Holyblog\" \/>\n<meta property=\"article:published_time\" content=\"2022-08-03T10:30:31+00:00\" \/>\n<meta property=\"article:modified_time\" content=\"2025-09-04T10:03:21+00:00\" \/>\n<meta property=\"og:image\" content=\"https:\/\/blog.holyart.it\/it\/wp-content\/uploads\/sites\/17\/2022\/07\/compleanno-madonna-medjugorje.jpg\" \/>\n\t<meta property=\"og:image:width\" content=\"1000\" \/>\n\t<meta property=\"og:image:height\" content=\"666\" \/>\n\t<meta property=\"og:image:type\" content=\"image\/jpeg\" \/>\n<meta name=\"author\" content=\"Redazione\" \/>\n<meta name=\"twitter:card\" content=\"summary_large_image\" \/>\n<meta name=\"twitter:label1\" content=\"Scritto da\" \/>\n\t<meta name=\"twitter:data1\" content=\"Redazione\" \/>\n\t<meta name=\"twitter:label2\" content=\"Tempo di lettura stimato\" \/>\n\t<meta name=\"twitter:data2\" content=\"9 minuti\" \/>\n<script type=\"application\/ld+json\" class=\"yoast-schema-graph\">{\"@context\":\"https:\/\/schema.org\",\"@graph\":[{\"@type\":\"Article\",\"@id\":\"https:\/\/blog.holyart.it\/it\/articoli-religiosi\/compleanno-della-madonna-5-agosto-8-settembre\/#article\",\"isPartOf\":{\"@id\":\"https:\/\/blog.holyart.it\/it\/articoli-religiosi\/compleanno-della-madonna-5-agosto-8-settembre\/\"},\"author\":{\"name\":\"Redazione\",\"@id\":\"https:\/\/blog.holyart.it\/it\/#\/schema\/person\/0a7b686e5af0f856ec1e390dd0baecda\"},\"headline\":\"Compleanno della Madonna: \u00e8 nata il 5 agosto o l\u20198 settembre?\",\"datePublished\":\"2022-08-03T10:30:31+00:00\",\"dateModified\":\"2025-09-04T10:03:21+00:00\",\"mainEntityOfPage\":{\"@id\":\"https:\/\/blog.holyart.it\/it\/articoli-religiosi\/compleanno-della-madonna-5-agosto-8-settembre\/\"},\"wordCount\":1387,\"publisher\":{\"@id\":\"https:\/\/blog.holyart.it\/it\/#organization\"},\"image\":{\"@id\":\"https:\/\/blog.holyart.it\/it\/articoli-religiosi\/compleanno-della-madonna-5-agosto-8-settembre\/#primaryimage\"},\"thumbnailUrl\":\"https:\/\/blog.holyart.it\/it\/wp-content\/uploads\/sites\/17\/2022\/07\/compleanno-madonna-medjugorje.jpg\",\"articleSection\":[\"Religione\",\"Santi e beati\"],\"inLanguage\":\"it-IT\"},{\"@type\":\"WebPage\",\"@id\":\"https:\/\/blog.holyart.it\/it\/articoli-religiosi\/compleanno-della-madonna-5-agosto-8-settembre\/\",\"url\":\"https:\/\/blog.holyart.it\/it\/articoli-religiosi\/compleanno-della-madonna-5-agosto-8-settembre\/\",\"name\":\"Compleanno della Madonna: \u00e8 nata il 5 agosto o l\u20198 settembre? - Holyblog\",\"isPartOf\":{\"@id\":\"https:\/\/blog.holyart.it\/it\/#website\"},\"primaryImageOfPage\":{\"@id\":\"https:\/\/blog.holyart.it\/it\/articoli-religiosi\/compleanno-della-madonna-5-agosto-8-settembre\/#primaryimage\"},\"image\":{\"@id\":\"https:\/\/blog.holyart.it\/it\/articoli-religiosi\/compleanno-della-madonna-5-agosto-8-settembre\/#primaryimage\"},\"thumbnailUrl\":\"https:\/\/blog.holyart.it\/it\/wp-content\/uploads\/sites\/17\/2022\/07\/compleanno-madonna-medjugorje.jpg\",\"datePublished\":\"2022-08-03T10:30:31+00:00\",\"dateModified\":\"2025-09-04T10:03:21+00:00\",\"description\":\"La nativit\u00e0 di Maria, un evento fondamentale per la chiesa. Ma quando si festeggia il compleanno della Madonna? Scopriamolo tra storia, leggenda e devozione\",\"breadcrumb\":{\"@id\":\"https:\/\/blog.holyart.it\/it\/articoli-religiosi\/compleanno-della-madonna-5-agosto-8-settembre\/#breadcrumb\"},\"inLanguage\":\"it-IT\",\"potentialAction\":[{\"@type\":\"ReadAction\",\"target\":[\"https:\/\/blog.holyart.it\/it\/articoli-religiosi\/compleanno-della-madonna-5-agosto-8-settembre\/\"]}]},{\"@type\":\"ImageObject\",\"inLanguage\":\"it-IT\",\"@id\":\"https:\/\/blog.holyart.it\/it\/articoli-religiosi\/compleanno-della-madonna-5-agosto-8-settembre\/#primaryimage\",\"url\":\"https:\/\/blog.holyart.it\/it\/wp-content\/uploads\/sites\/17\/2022\/07\/compleanno-madonna-medjugorje.jpg\",\"contentUrl\":\"https:\/\/blog.holyart.it\/it\/wp-content\/uploads\/sites\/17\/2022\/07\/compleanno-madonna-medjugorje.jpg\",\"width\":1000,\"height\":666,\"caption\":\"compleanno madonna medjugorje\"},{\"@type\":\"BreadcrumbList\",\"@id\":\"https:\/\/blog.holyart.it\/it\/articoli-religiosi\/compleanno-della-madonna-5-agosto-8-settembre\/#breadcrumb\",\"itemListElement\":[{\"@type\":\"ListItem\",\"position\":1,\"name\":\"Homepage\",\"item\":\"https:\/\/blog.holyart.it\/it\/\"},{\"@type\":\"ListItem\",\"position\":2,\"name\":\"Religione\",\"item\":\"https:\/\/blog.holyart.it\/it\/articoli-religiosi\/\"},{\"@type\":\"ListItem\",\"position\":3,\"name\":\"Compleanno della Madonna: \u00e8 nata il 5 agosto o l\u20198 settembre?\"}]},{\"@type\":\"WebSite\",\"@id\":\"https:\/\/blog.holyart.it\/it\/#website\",\"url\":\"https:\/\/blog.holyart.it\/it\/\",\"name\":\"Holyblog\",\"description\":\"Il Blog di Holyart.it\",\"publisher\":{\"@id\":\"https:\/\/blog.holyart.it\/it\/#organization\"},\"potentialAction\":[{\"@type\":\"SearchAction\",\"target\":{\"@type\":\"EntryPoint\",\"urlTemplate\":\"https:\/\/blog.holyart.it\/it\/?s={search_term_string}\"},\"query-input\":{\"@type\":\"PropertyValueSpecification\",\"valueRequired\":true,\"valueName\":\"search_term_string\"}}],\"inLanguage\":\"it-IT\"},{\"@type\":\"Organization\",\"@id\":\"https:\/\/blog.holyart.it\/it\/#organization\",\"name\":\"Holyblog\",\"url\":\"https:\/\/blog.holyart.it\/it\/\",\"logo\":{\"@type\":\"ImageObject\",\"inLanguage\":\"it-IT\",\"@id\":\"https:\/\/blog.holyart.it\/it\/#\/schema\/logo\/image\/\",\"url\":\"https:\/\/blog.holyart.it\/it\/wp-content\/uploads\/sites\/17\/2022\/12\/Holyart_Blog_Logo.jpg\",\"contentUrl\":\"https:\/\/blog.holyart.it\/it\/wp-content\/uploads\/sites\/17\/2022\/12\/Holyart_Blog_Logo.jpg\",\"width\":300,\"height\":50,\"caption\":\"Holyblog\"},\"image\":{\"@id\":\"https:\/\/blog.holyart.it\/it\/#\/schema\/logo\/image\/\"}},{\"@type\":\"Person\",\"@id\":\"https:\/\/blog.holyart.it\/it\/#\/schema\/person\/0a7b686e5af0f856ec1e390dd0baecda\",\"name\":\"Redazione\"}]}<\/script>\n<!-- \/ Yoast SEO plugin. -->","yoast_head_json":{"title":"Compleanno della Madonna: \u00e8 nata il 5 agosto o l\u20198 settembre? - Holyblog","description":"La nativit\u00e0 di Maria, un evento fondamentale per la chiesa. Ma quando si festeggia il compleanno della Madonna? Scopriamolo tra storia, leggenda e devozione","robots":{"index":"index","follow":"follow","max-snippet":"max-snippet:-1","max-image-preview":"max-image-preview:large","max-video-preview":"max-video-preview:-1"},"canonical":"https:\/\/blog.holyart.it\/it\/articoli-religiosi\/compleanno-della-madonna-5-agosto-8-settembre\/","og_locale":"it_IT","og_type":"article","og_title":"Compleanno della Madonna: \u00e8 nata il 5 agosto o l\u20198 settembre? - Holyblog","og_description":"La nativit\u00e0 di Maria, un evento fondamentale per la chiesa. Ma quando si festeggia il compleanno della Madonna? Scopriamolo tra storia, leggenda e devozione","og_url":"https:\/\/blog.holyart.it\/it\/articoli-religiosi\/compleanno-della-madonna-5-agosto-8-settembre\/","og_site_name":"Holyblog","article_published_time":"2022-08-03T10:30:31+00:00","article_modified_time":"2025-09-04T10:03:21+00:00","og_image":[{"width":1000,"height":666,"url":"https:\/\/blog.holyart.it\/it\/wp-content\/uploads\/sites\/17\/2022\/07\/compleanno-madonna-medjugorje.jpg","type":"image\/jpeg"}],"author":"Redazione","twitter_card":"summary_large_image","twitter_misc":{"Scritto da":"Redazione","Tempo di lettura stimato":"9 minuti"},"schema":{"@context":"https:\/\/schema.org","@graph":[{"@type":"Article","@id":"https:\/\/blog.holyart.it\/it\/articoli-religiosi\/compleanno-della-madonna-5-agosto-8-settembre\/#article","isPartOf":{"@id":"https:\/\/blog.holyart.it\/it\/articoli-religiosi\/compleanno-della-madonna-5-agosto-8-settembre\/"},"author":{"name":"Redazione","@id":"https:\/\/blog.holyart.it\/it\/#\/schema\/person\/0a7b686e5af0f856ec1e390dd0baecda"},"headline":"Compleanno della Madonna: \u00e8 nata il 5 agosto o l\u20198 settembre?","datePublished":"2022-08-03T10:30:31+00:00","dateModified":"2025-09-04T10:03:21+00:00","mainEntityOfPage":{"@id":"https:\/\/blog.holyart.it\/it\/articoli-religiosi\/compleanno-della-madonna-5-agosto-8-settembre\/"},"wordCount":1387,"publisher":{"@id":"https:\/\/blog.holyart.it\/it\/#organization"},"image":{"@id":"https:\/\/blog.holyart.it\/it\/articoli-religiosi\/compleanno-della-madonna-5-agosto-8-settembre\/#primaryimage"},"thumbnailUrl":"https:\/\/blog.holyart.it\/it\/wp-content\/uploads\/sites\/17\/2022\/07\/compleanno-madonna-medjugorje.jpg","articleSection":["Religione","Santi e beati"],"inLanguage":"it-IT"},{"@type":"WebPage","@id":"https:\/\/blog.holyart.it\/it\/articoli-religiosi\/compleanno-della-madonna-5-agosto-8-settembre\/","url":"https:\/\/blog.holyart.it\/it\/articoli-religiosi\/compleanno-della-madonna-5-agosto-8-settembre\/","name":"Compleanno della Madonna: \u00e8 nata il 5 agosto o l\u20198 settembre? - Holyblog","isPartOf":{"@id":"https:\/\/blog.holyart.it\/it\/#website"},"primaryImageOfPage":{"@id":"https:\/\/blog.holyart.it\/it\/articoli-religiosi\/compleanno-della-madonna-5-agosto-8-settembre\/#primaryimage"},"image":{"@id":"https:\/\/blog.holyart.it\/it\/articoli-religiosi\/compleanno-della-madonna-5-agosto-8-settembre\/#primaryimage"},"thumbnailUrl":"https:\/\/blog.holyart.it\/it\/wp-content\/uploads\/sites\/17\/2022\/07\/compleanno-madonna-medjugorje.jpg","datePublished":"2022-08-03T10:30:31+00:00","dateModified":"2025-09-04T10:03:21+00:00","description":"La nativit\u00e0 di Maria, un evento fondamentale per la chiesa. Ma quando si festeggia il compleanno della Madonna? Scopriamolo tra storia, leggenda e devozione","breadcrumb":{"@id":"https:\/\/blog.holyart.it\/it\/articoli-religiosi\/compleanno-della-madonna-5-agosto-8-settembre\/#breadcrumb"},"inLanguage":"it-IT","potentialAction":[{"@type":"ReadAction","target":["https:\/\/blog.holyart.it\/it\/articoli-religiosi\/compleanno-della-madonna-5-agosto-8-settembre\/"]}]},{"@type":"ImageObject","inLanguage":"it-IT","@id":"https:\/\/blog.holyart.it\/it\/articoli-religiosi\/compleanno-della-madonna-5-agosto-8-settembre\/#primaryimage","url":"https:\/\/blog.holyart.it\/it\/wp-content\/uploads\/sites\/17\/2022\/07\/compleanno-madonna-medjugorje.jpg","contentUrl":"https:\/\/blog.holyart.it\/it\/wp-content\/uploads\/sites\/17\/2022\/07\/compleanno-madonna-medjugorje.jpg","width":1000,"height":666,"caption":"compleanno madonna medjugorje"},{"@type":"BreadcrumbList","@id":"https:\/\/blog.holyart.it\/it\/articoli-religiosi\/compleanno-della-madonna-5-agosto-8-settembre\/#breadcrumb","itemListElement":[{"@type":"ListItem","position":1,"name":"Homepage","item":"https:\/\/blog.holyart.it\/it\/"},{"@type":"ListItem","position":2,"name":"Religione","item":"https:\/\/blog.holyart.it\/it\/articoli-religiosi\/"},{"@type":"ListItem","position":3,"name":"Compleanno della Madonna: \u00e8 nata il 5 agosto o l\u20198 settembre?"}]},{"@type":"WebSite","@id":"https:\/\/blog.holyart.it\/it\/#website","url":"https:\/\/blog.holyart.it\/it\/","name":"Holyblog","description":"Il Blog di Holyart.it","publisher":{"@id":"https:\/\/blog.holyart.it\/it\/#organization"},"potentialAction":[{"@type":"SearchAction","target":{"@type":"EntryPoint","urlTemplate":"https:\/\/blog.holyart.it\/it\/?s={search_term_string}"},"query-input":{"@type":"PropertyValueSpecification","valueRequired":true,"valueName":"search_term_string"}}],"inLanguage":"it-IT"},{"@type":"Organization","@id":"https:\/\/blog.holyart.it\/it\/#organization","name":"Holyblog","url":"https:\/\/blog.holyart.it\/it\/","logo":{"@type":"ImageObject","inLanguage":"it-IT","@id":"https:\/\/blog.holyart.it\/it\/#\/schema\/logo\/image\/","url":"https:\/\/blog.holyart.it\/it\/wp-content\/uploads\/sites\/17\/2022\/12\/Holyart_Blog_Logo.jpg","contentUrl":"https:\/\/blog.holyart.it\/it\/wp-content\/uploads\/sites\/17\/2022\/12\/Holyart_Blog_Logo.jpg","width":300,"height":50,"caption":"Holyblog"},"image":{"@id":"https:\/\/blog.holyart.it\/it\/#\/schema\/logo\/image\/"}},{"@type":"Person","@id":"https:\/\/blog.holyart.it\/it\/#\/schema\/person\/0a7b686e5af0f856ec1e390dd0baecda","name":"Redazione"}]}},"_links":{"self":[{"href":"https:\/\/blog.holyart.it\/it\/wp-json\/wp\/v2\/posts\/16017","targetHints":{"allow":["GET"]}}],"collection":[{"href":"https:\/\/blog.holyart.it\/it\/wp-json\/wp\/v2\/posts"}],"about":[{"href":"https:\/\/blog.holyart.it\/it\/wp-json\/wp\/v2\/types\/post"}],"author":[{"embeddable":true,"href":"https:\/\/blog.holyart.it\/it\/wp-json\/wp\/v2\/users\/1"}],"replies":[{"embeddable":true,"href":"https:\/\/blog.holyart.it\/it\/wp-json\/wp\/v2\/comments?post=16017"}],"version-history":[{"count":1,"href":"https:\/\/blog.holyart.it\/it\/wp-json\/wp\/v2\/posts\/16017\/revisions"}],"predecessor-version":[{"id":18114,"href":"https:\/\/blog.holyart.it\/it\/wp-json\/wp\/v2\/posts\/16017\/revisions\/18114"}],"wp:featuredmedia":[{"embeddable":true,"href":"https:\/\/blog.holyart.it\/it\/wp-json\/wp\/v2\/media\/16028"}],"wp:attachment":[{"href":"https:\/\/blog.holyart.it\/it\/wp-json\/wp\/v2\/media?parent=16017"}],"wp:term":[{"taxonomy":"category","embeddable":true,"href":"https:\/\/blog.holyart.it\/it\/wp-json\/wp\/v2\/categories?post=16017"},{"taxonomy":"post_tag","embeddable":true,"href":"https:\/\/blog.holyart.it\/it\/wp-json\/wp\/v2\/tags?post=16017"}],"curies":[{"name":"wp","href":"https:\/\/api.w.org\/{rel}","templated":true}]}}